{"id":9610,"date":"2025-02-28T00:01:00","date_gmt":"2025-02-27T23:01:00","guid":{"rendered":"https:\/\/cinemahouse.cz\/?p=9610"},"modified":"2025-02-25T02:51:12","modified_gmt":"2025-02-25T01:51:12","slug":"kino-utajeno-zahaji-druhy-rocnik-na-rodne-pude","status":"publish","type":"post","link":"https:\/\/cinemahouse.cz\/index.php\/2025\/02\/28\/kino-utajeno-zahaji-druhy-rocnik-na-rodne-pude\/","title":{"rendered":"Kino Utajeno zah\u00e1j\u00ed druh\u00fd ro\u010dn\u00edk na rodn\u00e9 p\u016fd\u011b"},"content":{"rendered":"\n<div style=\"height:35px\" aria-hidden=\"true\" class=\"wp-block-spacer\"><\/div>\n\n\n\n<p class=\"has-medium-font-size\"><strong>Kino Utajeno zah\u00e1j\u00ed svou druhou sez\u00f3nu akcemi 18., 19. a 20. b\u0159ezna v prostor\u00e1ch Akademie m\u00fazick\u00fdch um\u011bn\u00ed v Praze (AMU). T\u011b\u0161it se m\u016f\u017eete na nov\u00e9 vizu\u00e1ln\u00ed pojet\u00ed loga projektu od um\u011blkyn\u011b Martiny Fridrichov\u00e9 a udr\u017eiteln\u011bj\u0161\u00ed p\u0159\u00edstup, v r\u00e1mci kter\u00e9ho p\u0159ich\u00e1z\u00edme s repr\u00edzami, ekologick\u00fdmi inovacemi a podporou od lok\u00e1ln\u00edch partner\u016f. <\/strong><\/p>\n\n\n\n<p class=\"has-medium-font-size\">Tradi\u010dn\u011b se m\u016f\u017eete t\u011b\u0161it i na participativn\u00ed performance na b\u011b\u017en\u011b nep\u0159\u00edstupn\u00fdch lokalit\u00e1ch, interaktivn\u00ed kv\u00edzy a na filmy, kter\u00e9 z\u016fstanou do posledn\u00edch okam\u017eik\u016f utajeny.<\/p>\n\n\n\n<div style=\"height:35px\" aria-hidden=\"true\" class=\"wp-block-spacer\"><\/div>\n\n\n<div class=\"wp-block-image\">\n<figure class=\"aligncenter size-large\"><img decoding=\"async\" loading=\"lazy\" width=\"1024\" height=\"681\" src=\"https:\/\/cinemahouse.cz\/wp-content\/uploads\/2025\/02\/Autorka_projektu_foto_Radka_Stankova-1024x681.jpg\" alt=\"Kino Utajeno zah\u00e1j\u00ed druh\u00fd ro\u010dn\u00edk na rodn\u00e9 p\u016fd\u011b\" class=\"wp-image-9616\" srcset=\"https:\/\/cinemahouse.cz\/wp-content\/uploads\/2025\/02\/Autorka_projektu_foto_Radka_Stankova-1024x681.jpg 1024w, https:\/\/cinemahouse.cz\/wp-content\/uploads\/2025\/02\/Autorka_projektu_foto_Radka_Stankova-300x200.jpg 300w, https:\/\/cinemahouse.cz\/wp-content\/uploads\/2025\/02\/Autorka_projektu_foto_Radka_Stankova-768x511.jpg 768w, https:\/\/cinemahouse.cz\/wp-content\/uploads\/2025\/02\/Autorka_projektu_foto_Radka_Stankova.jpg 1450w\" sizes=\"(max-width: 1024px) 100vw, 1024px\" \/><\/figure><\/div>\n\n\n<div style=\"height:35px\" aria-hidden=\"true\" class=\"wp-block-spacer\"><\/div>\n\n\n\n<h2 class=\"wp-block-heading\">Kde se rod\u00ed um\u011blkyn\u011b a um\u011blci<\/h2>\n\n\n\n<div style=\"height:35px\" aria-hidden=\"true\" class=\"wp-block-spacer\"><\/div>\n\n\n\n<p class=\"has-medium-font-size\">Hlavu vzh\u016fru! Na div\u00e1ctvo tentokr\u00e1t \u010dekaj\u00ed malovan\u00e9 stropy a lomen\u00e9 oblouky gotick\u00fdch oken. Prvn\u00ed akce nov\u00e9 sez\u00f3ny toti\u017e nem\u016f\u017ee prob\u011bhnout nikde jinde, ne\u017e v prostor\u00e1ch Akademie m\u00fazick\u00fdch um\u011bn\u00ed v Praze (AMU). Takov\u00e9 spojen\u00ed se p\u0159irozen\u011b nab\u00edz\u00ed, jeliko\u017e v\u00fdrazn\u00e1 \u010d\u00e1st t\u00fdmu tvo\u0159\u00ed studentstvo jej\u00ed Filmov\u00e9 a televizn\u00ed a Divadeln\u00ed fakulty. AMU ale nejsou jen u\u010debny. Div\u00e1ctvo se v r\u00e1mci performance pod\u00edv\u00e1 do Respiria a Gotick\u00e9 v\u011b\u017ee Lichten\u0161tejnsk\u00e9ho pal\u00e1ce.    Jeho z\u00e1klady sahaj\u00ed a\u017e do 15. stolet\u00ed a v pr\u016fb\u011bhu d\u011bjin byl nejprve p\u0159eveden do barokn\u00edho slohu, a pozd\u011bji byly p\u0159id\u00e1ny i klasicistn\u00ed prvky.                                        Za dobu sv\u00e9 existence slou\u017eil pal\u00e1c jako po\u0161tovn\u00ed nebo vojensk\u00e1 budova.               V \u0161edes\u00e1t\u00fdch letech byl dokonce monument\u00e1ln\u00ed klasicistn\u00ed s\u00e1l vyu\u017e\u00edv\u00e1n jako j\u00eddelna.<\/p>\n\n\n\n<div style=\"height:35px\" aria-hidden=\"true\" class=\"wp-block-spacer\"><\/div>\n\n\n<div class=\"wp-block-image\">\n<figure class=\"aligncenter size-large\"><img decoding=\"async\" loading=\"lazy\" width=\"1024\" height=\"681\" src=\"https:\/\/cinemahouse.cz\/wp-content\/uploads\/2025\/02\/Kinosal_3_foto_Radka_Stankova-1024x681.jpg\" alt=\"Kino Utajeno zah\u00e1j\u00ed druh\u00fd ro\u010dn\u00edk na rodn\u00e9 p\u016fd\u011b\" class=\"wp-image-9617\" srcset=\"https:\/\/cinemahouse.cz\/wp-content\/uploads\/2025\/02\/Kinosal_3_foto_Radka_Stankova-1024x681.jpg 1024w, https:\/\/cinemahouse.cz\/wp-content\/uploads\/2025\/02\/Kinosal_3_foto_Radka_Stankova-300x200.jpg 300w, https:\/\/cinemahouse.cz\/wp-content\/uploads\/2025\/02\/Kinosal_3_foto_Radka_Stankova-768x511.jpg 768w, https:\/\/cinemahouse.cz\/wp-content\/uploads\/2025\/02\/Kinosal_3_foto_Radka_Stankova.jpg 1450w\" sizes=\"(max-width: 1024px) 100vw, 1024px\" \/><\/figure><\/div>\n\n\n<div style=\"height:35px\" aria-hidden=\"true\" class=\"wp-block-spacer\"><\/div>\n\n\n\n<h2 class=\"wp-block-heading\">Kino mnoha tv\u00e1\u0159\u00ed<\/h2>\n\n\n\n<div style=\"height:35px\" aria-hidden=\"true\" class=\"wp-block-spacer\"><\/div>\n\n\n\n<p class=\"has-medium-font-size\">V minul\u00fdch letech Kino Utajeno spolupracovalo s talentovanou um\u011blkyn\u00ed Viktori\u00ed \u0160t\u011bp\u00e1novou, kter\u00e1 projektu vyrobila animovanou zn\u011blku a pod\u00edlela se na tvorb\u011b loga. I v p\u0159\u00ed\u0161t\u00edch sez\u00f3n\u00e1ch chceme pokra\u010dovat v podpo\u0159e mlad\u00e9ho um\u011blectva, tak\u017ee ka\u017ed\u00fd rok bude vizu\u00e1ln\u00ed identitu Kina Utajeno zpracov\u00e1vat n\u011bkdo jin\u00fd. Letos je j\u00ed Martina Fridrichov\u00e1. Martininu pr\u00e1ci si m\u016f\u017eete prohl\u00e9dnout na na\u0161em instagramu nebo facebooku.<\/p>\n\n\n\n<div style=\"height:35px\" aria-hidden=\"true\" class=\"wp-block-spacer\"><\/div>\n\n\n<div class=\"wp-block-image\">\n<figure class=\"aligncenter size-large\"><img decoding=\"async\" loading=\"lazy\" width=\"1024\" height=\"681\" src=\"https:\/\/cinemahouse.cz\/wp-content\/uploads\/2025\/02\/Divactvo_foto_Radka_Stankova-1024x681.jpg\" alt=\"Kino Utajeno zah\u00e1j\u00ed druh\u00fd ro\u010dn\u00edk na rodn\u00e9 p\u016fd\u011b\" class=\"wp-image-9615\" srcset=\"https:\/\/cinemahouse.cz\/wp-content\/uploads\/2025\/02\/Divactvo_foto_Radka_Stankova-1024x681.jpg 1024w, https:\/\/cinemahouse.cz\/wp-content\/uploads\/2025\/02\/Divactvo_foto_Radka_Stankova-300x200.jpg 300w, https:\/\/cinemahouse.cz\/wp-content\/uploads\/2025\/02\/Divactvo_foto_Radka_Stankova-768x511.jpg 768w, https:\/\/cinemahouse.cz\/wp-content\/uploads\/2025\/02\/Divactvo_foto_Radka_Stankova.jpg 1450w\" sizes=\"(max-width: 1024px) 100vw, 1024px\" \/><\/figure><\/div>\n\n\n<div style=\"height:35px\" aria-hidden=\"true\" class=\"wp-block-spacer\"><\/div>\n\n\n\n<h2 class=\"wp-block-heading\">Stejn\u00fd film, jin\u00fd z\u00e1\u017eitek<\/h2>\n\n\n\n<div style=\"height:35px\" aria-hidden=\"true\" class=\"wp-block-spacer\"><\/div>\n\n\n\n<p class=\"has-medium-font-size\">Kino Utajeno do nov\u00e9 sez\u00f3ny p\u0159in\u00e1\u0161\u00ed udr\u017eiteln\u011bj\u0161\u00ed kulturn\u00ed z\u00e1\u017eitky. Prvn\u00edm krokem jsou repr\u00edzy, d\u00edky kter\u00fdm bude vytvo\u0159en\u00e9 divadeln\u00ed prost\u0159ed\u00ed slou\u017eit opakovan\u011b. D\u00edky participativn\u00ed performance bude v\u0161ak atmosf\u00e9ra ka\u017ed\u00e9ho ve\u010dera v\u017edy naprosto jedine\u010dn\u00e1. Dal\u0161\u00ed inovac\u00ed je upu\u0161t\u011bn\u00ed od ti\u0161t\u011bn\u00e9 propagace. Krom\u011b toho si z minul\u00fdch let projekt do nov\u00e9 sez\u00f3ny p\u0159ivedl i sv\u00e9 partnery. T\u011bmi jsou \u010desk\u00e1 zna\u010dka F.H. Prager, kter\u00e1 se zam\u011b\u0159uje na v\u00fdrobu cider\u016f a kombuchy, vegansk\u00e9 Bis.tro a magaz\u00edn art2friends.<\/p>\n\n\n\n<div style=\"height:35px\" aria-hidden=\"true\" class=\"wp-block-spacer\"><\/div>\n\n\n<div class=\"wp-block-image\">\n<figure class=\"aligncenter size-large\"><img decoding=\"async\" loading=\"lazy\" width=\"1024\" height=\"681\" src=\"https:\/\/cinemahouse.cz\/wp-content\/uploads\/2025\/02\/Bis.tro_F.H.Prager_foto_Radka_Stankova-1024x681.jpg\" alt=\"Kino Utajeno zah\u00e1j\u00ed druh\u00fd ro\u010dn\u00edk na rodn\u00e9 p\u016fd\u011b\" class=\"wp-image-9619\" srcset=\"https:\/\/cinemahouse.cz\/wp-content\/uploads\/2025\/02\/Bis.tro_F.H.Prager_foto_Radka_Stankova-1024x681.jpg 1024w, https:\/\/cinemahouse.cz\/wp-content\/uploads\/2025\/02\/Bis.tro_F.H.Prager_foto_Radka_Stankova-300x200.jpg 300w, https:\/\/cinemahouse.cz\/wp-content\/uploads\/2025\/02\/Bis.tro_F.H.Prager_foto_Radka_Stankova-768x511.jpg 768w, https:\/\/cinemahouse.cz\/wp-content\/uploads\/2025\/02\/Bis.tro_F.H.Prager_foto_Radka_Stankova.jpg 1450w\" sizes=\"(max-width: 1024px) 100vw, 1024px\" \/><\/figure><\/div>\n\n\n<div style=\"height:35px\" aria-hidden=\"true\" class=\"wp-block-spacer\"><\/div>\n\n\n\n<h2 class=\"wp-block-heading\">Stoj\u00ed za n\u00e1mi<\/h2>\n\n\n\n<div style=\"height:35px\" aria-hidden=\"true\" class=\"wp-block-spacer\"><\/div>\n\n\n\n<p class=\"has-medium-font-size\">N\u00e1\u0161 t\u00fdm je slo\u017een\u00fd ze studentstva z vysok\u00fdch \u0161kol FAMU, DAMU, AVU a FF UK v Praze. Projekt je realizov\u00e1n s finan\u010dn\u00ed podporou St\u00e1tn\u00edho fondu audiovize a s podporou Akademie m\u00fazick\u00fdch um\u011bn\u00ed v Praze. Medi\u00e1ln\u00edm partnerem projektu je magaz\u00edn art2friends. Partne\u0159i doprovodn\u00e9ho programu jsou Bis.tro a jeho vegansk\u00e9 ob\u010derstven\u00ed a F.H. Prager se sv\u00fdmi kombuchami a cidery.<\/p>\n\n\n\n<div style=\"height:100px\" aria-hidden=\"true\" class=\"wp-block-spacer\"><\/div>\n\n\n\n<figure class=\"wp-block-gallery has-nested-images columns-2 is-cropped wp-block-gallery-1 is-layout-flex wp-block-gallery-is-layout-flex\">\n<figure class=\"wp-block-image size-large\"><img decoding=\"async\" loading=\"lazy\" width=\"1024\" height=\"681\" data-id=\"9616\" src=\"https:\/\/cinemahouse.cz\/wp-content\/uploads\/2025\/02\/Autorka_projektu_foto_Radka_Stankova-1024x681.jpg\" alt=\"Kino Utajeno zah\u00e1j\u00ed druh\u00fd ro\u010dn\u00edk na rodn\u00e9 p\u016fd\u011b\" class=\"wp-image-9616\" srcset=\"https:\/\/cinemahouse.cz\/wp-content\/uploads\/2025\/02\/Autorka_projektu_foto_Radka_Stankova-1024x681.jpg 1024w, https:\/\/cinemahouse.cz\/wp-content\/uploads\/2025\/02\/Autorka_projektu_foto_Radka_Stankova-300x200.jpg 300w, https:\/\/cinemahouse.cz\/wp-content\/uploads\/2025\/02\/Autorka_projektu_foto_Radka_Stankova-768x511.jpg 768w, https:\/\/cinemahouse.cz\/wp-content\/uploads\/2025\/02\/Autorka_projektu_foto_Radka_Stankova.jpg 1450w\" sizes=\"(max-width: 1024px) 100vw, 1024px\" \/><\/figure>\n\n\n\n<figure class=\"wp-block-image size-large\"><img decoding=\"async\" loading=\"lazy\" width=\"1024\" height=\"681\" data-id=\"9619\" src=\"https:\/\/cinemahouse.cz\/wp-content\/uploads\/2025\/02\/Bis.tro_F.H.Prager_foto_Radka_Stankova-1024x681.jpg\" alt=\"Kino Utajeno zah\u00e1j\u00ed druh\u00fd ro\u010dn\u00edk na rodn\u00e9 p\u016fd\u011b\" class=\"wp-image-9619\" srcset=\"https:\/\/cinemahouse.cz\/wp-content\/uploads\/2025\/02\/Bis.tro_F.H.Prager_foto_Radka_Stankova-1024x681.jpg 1024w, https:\/\/cinemahouse.cz\/wp-content\/uploads\/2025\/02\/Bis.tro_F.H.Prager_foto_Radka_Stankova-300x200.jpg 300w, https:\/\/cinemahouse.cz\/wp-content\/uploads\/2025\/02\/Bis.tro_F.H.Prager_foto_Radka_Stankova-768x511.jpg 768w, https:\/\/cinemahouse.cz\/wp-content\/uploads\/2025\/02\/Bis.tro_F.H.Prager_foto_Radka_Stankova.jpg 1450w\" sizes=\"(max-width: 1024px) 100vw, 1024px\" \/><\/figure>\n\n\n\n<figure class=\"wp-block-image size-large\"><img decoding=\"async\" loading=\"lazy\" width=\"1024\" height=\"681\" data-id=\"9621\" src=\"https:\/\/cinemahouse.cz\/wp-content\/uploads\/2025\/02\/divactvo_foto_Radka_Stankova-1-1024x681.jpg\" alt=\"Kino Utajeno zah\u00e1j\u00ed druh\u00fd ro\u010dn\u00edk na rodn\u00e9 p\u016fd\u011b\" class=\"wp-image-9621\" srcset=\"https:\/\/cinemahouse.cz\/wp-content\/uploads\/2025\/02\/divactvo_foto_Radka_Stankova-1-1024x681.jpg 1024w, https:\/\/cinemahouse.cz\/wp-content\/uploads\/2025\/02\/divactvo_foto_Radka_Stankova-1-300x200.jpg 300w, https:\/\/cinemahouse.cz\/wp-content\/uploads\/2025\/02\/divactvo_foto_Radka_Stankova-1-768x511.jpg 768w, https:\/\/cinemahouse.cz\/wp-content\/uploads\/2025\/02\/divactvo_foto_Radka_Stankova-1.jpg 1450w\" sizes=\"(max-width: 1024px) 100vw, 1024px\" \/><\/figure>\n\n\n\n<figure class=\"wp-block-image size-large\"><img decoding=\"async\" loading=\"lazy\" width=\"1024\" height=\"681\" data-id=\"9615\" src=\"https:\/\/cinemahouse.cz\/wp-content\/uploads\/2025\/02\/Divactvo_foto_Radka_Stankova-1024x681.jpg\" alt=\"Kino Utajeno zah\u00e1j\u00ed druh\u00fd ro\u010dn\u00edk na rodn\u00e9 p\u016fd\u011b\" class=\"wp-image-9615\" srcset=\"https:\/\/cinemahouse.cz\/wp-content\/uploads\/2025\/02\/Divactvo_foto_Radka_Stankova-1024x681.jpg 1024w, https:\/\/cinemahouse.cz\/wp-content\/uploads\/2025\/02\/Divactvo_foto_Radka_Stankova-300x200.jpg 300w, https:\/\/cinemahouse.cz\/wp-content\/uploads\/2025\/02\/Divactvo_foto_Radka_Stankova-768x511.jpg 768w, https:\/\/cinemahouse.cz\/wp-content\/uploads\/2025\/02\/Divactvo_foto_Radka_Stankova.jpg 1450w\" sizes=\"(max-width: 1024px) 100vw, 1024px\" \/><\/figure>\n\n\n\n<figure class=\"wp-block-image size-large\"><img decoding=\"async\" loading=\"lazy\" width=\"1024\" height=\"681\" data-id=\"9617\" src=\"https:\/\/cinemahouse.cz\/wp-content\/uploads\/2025\/02\/Kinosal_3_foto_Radka_Stankova-1024x681.jpg\" alt=\"Kino Utajeno zah\u00e1j\u00ed druh\u00fd ro\u010dn\u00edk na rodn\u00e9 p\u016fd\u011b\" class=\"wp-image-9617\" srcset=\"https:\/\/cinemahouse.cz\/wp-content\/uploads\/2025\/02\/Kinosal_3_foto_Radka_Stankova-1024x681.jpg 1024w, https:\/\/cinemahouse.cz\/wp-content\/uploads\/2025\/02\/Kinosal_3_foto_Radka_Stankova-300x200.jpg 300w, https:\/\/cinemahouse.cz\/wp-content\/uploads\/2025\/02\/Kinosal_3_foto_Radka_Stankova-768x511.jpg 768w, https:\/\/cinemahouse.cz\/wp-content\/uploads\/2025\/02\/Kinosal_3_foto_Radka_Stankova.jpg 1450w\" sizes=\"(max-width: 1024px) 100vw, 1024px\" \/><\/figure>\n\n\n\n<figure class=\"wp-block-image size-large\"><img decoding=\"async\" loading=\"lazy\" width=\"1024\" height=\"681\" data-id=\"9618\" src=\"https:\/\/cinemahouse.cz\/wp-content\/uploads\/2025\/02\/projekce_foto_Radka_Stankova-1024x681.jpg\" alt=\"Kino Utajeno zah\u00e1j\u00ed druh\u00fd ro\u010dn\u00edk na rodn\u00e9 p\u016fd\u011b\" class=\"wp-image-9618\" srcset=\"https:\/\/cinemahouse.cz\/wp-content\/uploads\/2025\/02\/projekce_foto_Radka_Stankova-1024x681.jpg 1024w, https:\/\/cinemahouse.cz\/wp-content\/uploads\/2025\/02\/projekce_foto_Radka_Stankova-300x200.jpg 300w, https:\/\/cinemahouse.cz\/wp-content\/uploads\/2025\/02\/projekce_foto_Radka_Stankova-768x511.jpg 768w, https:\/\/cinemahouse.cz\/wp-content\/uploads\/2025\/02\/projekce_foto_Radka_Stankova.jpg 1450w\" sizes=\"(max-width: 1024px) 100vw, 1024px\" \/><\/figure>\n\n\n\n<figure class=\"wp-block-image size-large\"><img decoding=\"async\" loading=\"lazy\" width=\"1024\" height=\"681\" data-id=\"9620\" src=\"https:\/\/cinemahouse.cz\/wp-content\/uploads\/2025\/02\/VilaP651_foto_Radka_Stankova-1024x681.jpg\" alt=\"Kino Utajeno zah\u00e1j\u00ed druh\u00fd ro\u010dn\u00edk na rodn\u00e9 p\u016fd\u011b\" class=\"wp-image-9620\" srcset=\"https:\/\/cinemahouse.cz\/wp-content\/uploads\/2025\/02\/VilaP651_foto_Radka_Stankova-1024x681.jpg 1024w, https:\/\/cinemahouse.cz\/wp-content\/uploads\/2025\/02\/VilaP651_foto_Radka_Stankova-300x200.jpg 300w, https:\/\/cinemahouse.cz\/wp-content\/uploads\/2025\/02\/VilaP651_foto_Radka_Stankova-768x511.jpg 768w, https:\/\/cinemahouse.cz\/wp-content\/uploads\/2025\/02\/VilaP651_foto_Radka_Stankova.jpg 1450w\" sizes=\"(max-width: 1024px) 100vw, 1024px\" \/><\/figure>\n<\/figure>\n\n\n\n<div style=\"height:35px\" aria-hidden=\"true\" class=\"wp-block-spacer\"><\/div>\n\n\n\n<p><b>Zdroj foto: <\/b>Kino Utajeno<\/p>\n\n\n\n<div style=\"height:65px\" aria-hidden=\"true\" class=\"wp-block-spacer\"><\/div>\n","protected":false},"excerpt":{"rendered":"<p>Kino Utajeno zah\u00e1j\u00ed svou druhou sez\u00f3nu akcemi 18., 19. a 20. b\u0159ezna v prostor\u00e1ch Akademie m\u00fazick\u00fdch um\u011bn\u00ed v Praze (AMU). T\u011b\u0161it se m\u016f\u017eete na nov\u00e9 vizu\u00e1ln\u00ed pojet\u00ed loga projektu od um\u011blkyn\u011b Martiny Fridrichov\u00e9 a&#46;&#46;&#46;<\/p>\n","protected":false},"author":11,"featured_media":9616,"comment_status":"closed","ping_status":"closed","sticky":false,"template":"","format":"standard","meta":{"_monsterinsights_skip_tracking":false,"_monsterinsights_sitenote_active":false,"_monsterinsights_sitenote_note":"","_monsterinsights_sitenote_category":0,"footnotes":""},"categories":[12,2,13],"tags":[],"yoast_head":"<!-- This site is optimized with the Yoast SEO plugin v21.4 - https:\/\/yoast.com\/wordpress\/plugins\/seo\/ -->\n<title>Kino Utajeno zah\u00e1j\u00ed druh\u00fd ro\u010dn\u00edk na rodn\u00e9 p\u016fd\u011b - CINEMAHOUSE.cz<\/title>\n<meta name=\"description\" content=\"Kino Utajeno zah\u00e1j\u00ed svou druhou sez\u00f3nu akcemi 18., 19. a 20. b\u0159ezna v prostor\u00e1ch Akademie m\u00fazick\u00fdch um\u011bn\u00ed v Praze (AMU).\" \/>\n<meta name=\"robots\" content=\"index, follow, max-snippet:-1, max-image-preview:large, max-video-preview:-1\" \/>\n<link rel=\"canonical\" href=\"https:\/\/cinemahouse.cz\/index.php\/2025\/02\/28\/kino-utajeno-zahaji-druhy-rocnik-na-rodne-pude\/\" \/>\n<meta property=\"og:locale\" content=\"cs_CZ\" \/>\n<meta property=\"og:type\" content=\"article\" \/>\n<meta property=\"og:title\" content=\"Kino Utajeno zah\u00e1j\u00ed druh\u00fd ro\u010dn\u00edk na rodn\u00e9 p\u016fd\u011b - CINEMAHOUSE.cz\" \/>\n<meta property=\"og:description\" content=\"Kino Utajeno zah\u00e1j\u00ed svou druhou sez\u00f3nu akcemi 18., 19. a 20. b\u0159ezna v prostor\u00e1ch Akademie m\u00fazick\u00fdch um\u011bn\u00ed v Praze (AMU).\" \/>\n<meta property=\"og:url\" content=\"https:\/\/cinemahouse.cz\/index.php\/2025\/02\/28\/kino-utajeno-zahaji-druhy-rocnik-na-rodne-pude\/\" \/>\n<meta property=\"og:site_name\" content=\"CINEMAHOUSE.cz\" \/>\n<meta property=\"article:published_time\" content=\"2025-02-27T23:01:00+00:00\" \/>\n<meta property=\"article:modified_time\" content=\"2025-02-25T01:51:12+00:00\" \/>\n<meta property=\"og:image\" content=\"https:\/\/cinemahouse.cz\/wp-content\/uploads\/2025\/02\/Autorka_projektu_foto_Radka_Stankova.jpg\" \/>\n\t<meta property=\"og:image:width\" content=\"1450\" \/>\n\t<meta property=\"og:image:height\" content=\"965\" \/>\n\t<meta property=\"og:image:type\" content=\"image\/jpeg\" \/>\n<meta name=\"author\" content=\"Helen Guardian\" \/>\n<meta name=\"twitter:card\" content=\"summary_large_image\" \/>\n<meta name=\"twitter:label1\" content=\"Napsal(a)\" \/>\n\t<meta name=\"twitter:data1\" content=\"Helen Guardian\" \/>\n\t<meta name=\"twitter:label2\" content=\"Odhadovan\u00e1 doba \u010dten\u00ed\" \/>\n\t<meta name=\"twitter:data2\" content=\"5 minut\" \/>\n<script type=\"application\/ld+json\" class=\"yoast-schema-graph\">{\"@context\":\"https:\/\/schema.org\",\"@graph\":[{\"@type\":\"Article\",\"@id\":\"https:\/\/cinemahouse.cz\/index.php\/2025\/02\/28\/kino-utajeno-zahaji-druhy-rocnik-na-rodne-pude\/#article\",\"isPartOf\":{\"@id\":\"https:\/\/cinemahouse.cz\/index.php\/2025\/02\/28\/kino-utajeno-zahaji-druhy-rocnik-na-rodne-pude\/\"},\"author\":{\"name\":\"Helen Guardian\",\"@id\":\"https:\/\/cinemahouse.cz\/#\/schema\/person\/3ac250f451e5a90b9dd65f9f77c6b3f7\"},\"headline\":\"Kino Utajeno zah\u00e1j\u00ed druh\u00fd ro\u010dn\u00edk na rodn\u00e9 p\u016fd\u011b\",\"datePublished\":\"2025-02-27T23:01:00+00:00\",\"dateModified\":\"2025-02-25T01:51:12+00:00\",\"mainEntityOfPage\":{\"@id\":\"https:\/\/cinemahouse.cz\/index.php\/2025\/02\/28\/kino-utajeno-zahaji-druhy-rocnik-na-rodne-pude\/\"},\"wordCount\":558,\"publisher\":{\"@id\":\"https:\/\/cinemahouse.cz\/#organization\"},\"articleSection\":[\"FILMY, SERI\u00c1LY a TV\",\"NEWS\",\"TIPY a TRENDY\"],\"inLanguage\":\"cs\"},{\"@type\":\"WebPage\",\"@id\":\"https:\/\/cinemahouse.cz\/index.php\/2025\/02\/28\/kino-utajeno-zahaji-druhy-rocnik-na-rodne-pude\/\",\"url\":\"https:\/\/cinemahouse.cz\/index.php\/2025\/02\/28\/kino-utajeno-zahaji-druhy-rocnik-na-rodne-pude\/\",\"name\":\"Kino Utajeno zah\u00e1j\u00ed druh\u00fd ro\u010dn\u00edk na rodn\u00e9 p\u016fd\u011b - CINEMAHOUSE.cz\",\"isPartOf\":{\"@id\":\"https:\/\/cinemahouse.cz\/#website\"},\"datePublished\":\"2025-02-27T23:01:00+00:00\",\"dateModified\":\"2025-02-25T01:51:12+00:00\",\"description\":\"Kino Utajeno zah\u00e1j\u00ed svou druhou sez\u00f3nu akcemi 18., 19. a 20. b\u0159ezna v prostor\u00e1ch Akademie m\u00fazick\u00fdch um\u011bn\u00ed v Praze (AMU).\",\"breadcrumb\":{\"@id\":\"https:\/\/cinemahouse.cz\/index.php\/2025\/02\/28\/kino-utajeno-zahaji-druhy-rocnik-na-rodne-pude\/#breadcrumb\"},\"inLanguage\":\"cs\",\"potentialAction\":[{\"@type\":\"ReadAction\",\"target\":[\"https:\/\/cinemahouse.cz\/index.php\/2025\/02\/28\/kino-utajeno-zahaji-druhy-rocnik-na-rodne-pude\/\"]}]},{\"@type\":\"BreadcrumbList\",\"@id\":\"https:\/\/cinemahouse.cz\/index.php\/2025\/02\/28\/kino-utajeno-zahaji-druhy-rocnik-na-rodne-pude\/#breadcrumb\",\"itemListElement\":[{\"@type\":\"ListItem\",\"position\":1,\"name\":\"Dom\u016f\",\"item\":\"https:\/\/cinemahouse.cz\/\"},{\"@type\":\"ListItem\",\"position\":2,\"name\":\"Kino Utajeno zah\u00e1j\u00ed druh\u00fd ro\u010dn\u00edk na rodn\u00e9 p\u016fd\u011b\"}]},{\"@type\":\"WebSite\",\"@id\":\"https:\/\/cinemahouse.cz\/#website\",\"url\":\"https:\/\/cinemahouse.cz\/\",\"name\":\"CINEMAHOUSE.cz\",\"description\":\"Port\u00e1l o filmov\u00fdch novink\u00e1ch\",\"publisher\":{\"@id\":\"https:\/\/cinemahouse.cz\/#organization\"},\"potentialAction\":[{\"@type\":\"SearchAction\",\"target\":{\"@type\":\"EntryPoint\",\"urlTemplate\":\"https:\/\/cinemahouse.cz\/?s={search_term_string}\"},\"query-input\":\"required name=search_term_string\"}],\"inLanguage\":\"cs\"},{\"@type\":\"Organization\",\"@id\":\"https:\/\/cinemahouse.cz\/#organization\",\"name\":\"CINEMAHOUSE.cz\",\"url\":\"https:\/\/cinemahouse.cz\/\",\"logo\":{\"@type\":\"ImageObject\",\"inLanguage\":\"cs\",\"@id\":\"https:\/\/cinemahouse.cz\/#\/schema\/logo\/image\/\",\"url\":\"https:\/\/cinemahouse.cz\/wp-content\/uploads\/2024\/12\/cropped-Logo_CinemaHouse.jpg\",\"contentUrl\":\"https:\/\/cinemahouse.cz\/wp-content\/uploads\/2024\/12\/cropped-Logo_CinemaHouse.jpg\",\"width\":926,\"height\":467,\"caption\":\"CINEMAHOUSE.cz\"},\"image\":{\"@id\":\"https:\/\/cinemahouse.cz\/#\/schema\/logo\/image\/\"}},{\"@type\":\"Person\",\"@id\":\"https:\/\/cinemahouse.cz\/#\/schema\/person\/3ac250f451e5a90b9dd65f9f77c6b3f7\",\"name\":\"Helen Guardian\",\"image\":{\"@type\":\"ImageObject\",\"inLanguage\":\"cs\",\"@id\":\"https:\/\/cinemahouse.cz\/#\/schema\/person\/image\/\",\"url\":\"https:\/\/secure.gravatar.com\/avatar\/f62c76287ccbbd3f899549a169c0e6aa?s=96&d=mm&r=g\",\"contentUrl\":\"https:\/\/secure.gravatar.com\/avatar\/f62c76287ccbbd3f899549a169c0e6aa?s=96&d=mm&r=g\",\"caption\":\"Helen Guardian\"},\"sameAs\":[\"http:\/\/CINEMAHOUSE.cz\"],\"url\":\"https:\/\/cinemahouse.cz\/index.php\/author\/helgu\/\"}]}<\/script>\n<!-- \/ Yoast SEO plugin. -->","yoast_head_json":{"title":"Kino Utajeno zah\u00e1j\u00ed druh\u00fd ro\u010dn\u00edk na rodn\u00e9 p\u016fd\u011b - CINEMAHOUSE.cz","description":"Kino Utajeno zah\u00e1j\u00ed svou druhou sez\u00f3nu akcemi 18., 19. a 20. b\u0159ezna v prostor\u00e1ch Akademie m\u00fazick\u00fdch um\u011bn\u00ed v Praze (AMU).","robots":{"index":"index","follow":"follow","max-snippet":"max-snippet:-1","max-image-preview":"max-image-preview:large","max-video-preview":"max-video-preview:-1"},"canonical":"https:\/\/cinemahouse.cz\/index.php\/2025\/02\/28\/kino-utajeno-zahaji-druhy-rocnik-na-rodne-pude\/","og_locale":"cs_CZ","og_type":"article","og_title":"Kino Utajeno zah\u00e1j\u00ed druh\u00fd ro\u010dn\u00edk na rodn\u00e9 p\u016fd\u011b - CINEMAHOUSE.cz","og_description":"Kino Utajeno zah\u00e1j\u00ed svou druhou sez\u00f3nu akcemi 18., 19. a 20. b\u0159ezna v prostor\u00e1ch Akademie m\u00fazick\u00fdch um\u011bn\u00ed v Praze (AMU).","og_url":"https:\/\/cinemahouse.cz\/index.php\/2025\/02\/28\/kino-utajeno-zahaji-druhy-rocnik-na-rodne-pude\/","og_site_name":"CINEMAHOUSE.cz","article_published_time":"2025-02-27T23:01:00+00:00","article_modified_time":"2025-02-25T01:51:12+00:00","og_image":[{"width":1450,"height":965,"url":"https:\/\/cinemahouse.cz\/wp-content\/uploads\/2025\/02\/Autorka_projektu_foto_Radka_Stankova.jpg","type":"image\/jpeg"}],"author":"Helen Guardian","twitter_card":"summary_large_image","twitter_misc":{"Napsal(a)":"Helen Guardian","Odhadovan\u00e1 doba \u010dten\u00ed":"5 minut"},"schema":{"@context":"https:\/\/schema.org","@graph":[{"@type":"Article","@id":"https:\/\/cinemahouse.cz\/index.php\/2025\/02\/28\/kino-utajeno-zahaji-druhy-rocnik-na-rodne-pude\/#article","isPartOf":{"@id":"https:\/\/cinemahouse.cz\/index.php\/2025\/02\/28\/kino-utajeno-zahaji-druhy-rocnik-na-rodne-pude\/"},"author":{"name":"Helen Guardian","@id":"https:\/\/cinemahouse.cz\/#\/schema\/person\/3ac250f451e5a90b9dd65f9f77c6b3f7"},"headline":"Kino Utajeno zah\u00e1j\u00ed druh\u00fd ro\u010dn\u00edk na rodn\u00e9 p\u016fd\u011b","datePublished":"2025-02-27T23:01:00+00:00","dateModified":"2025-02-25T01:51:12+00:00","mainEntityOfPage":{"@id":"https:\/\/cinemahouse.cz\/index.php\/2025\/02\/28\/kino-utajeno-zahaji-druhy-rocnik-na-rodne-pude\/"},"wordCount":558,"publisher":{"@id":"https:\/\/cinemahouse.cz\/#organization"},"articleSection":["FILMY, SERI\u00c1LY a TV","NEWS","TIPY a TRENDY"],"inLanguage":"cs"},{"@type":"WebPage","@id":"https:\/\/cinemahouse.cz\/index.php\/2025\/02\/28\/kino-utajeno-zahaji-druhy-rocnik-na-rodne-pude\/","url":"https:\/\/cinemahouse.cz\/index.php\/2025\/02\/28\/kino-utajeno-zahaji-druhy-rocnik-na-rodne-pude\/","name":"Kino Utajeno zah\u00e1j\u00ed druh\u00fd ro\u010dn\u00edk na rodn\u00e9 p\u016fd\u011b - CINEMAHOUSE.cz","isPartOf":{"@id":"https:\/\/cinemahouse.cz\/#website"},"datePublished":"2025-02-27T23:01:00+00:00","dateModified":"2025-02-25T01:51:12+00:00","description":"Kino Utajeno zah\u00e1j\u00ed svou druhou sez\u00f3nu akcemi 18., 19. a 20. b\u0159ezna v prostor\u00e1ch Akademie m\u00fazick\u00fdch um\u011bn\u00ed v Praze (AMU).","breadcrumb":{"@id":"https:\/\/cinemahouse.cz\/index.php\/2025\/02\/28\/kino-utajeno-zahaji-druhy-rocnik-na-rodne-pude\/#breadcrumb"},"inLanguage":"cs","potentialAction":[{"@type":"ReadAction","target":["https:\/\/cinemahouse.cz\/index.php\/2025\/02\/28\/kino-utajeno-zahaji-druhy-rocnik-na-rodne-pude\/"]}]},{"@type":"BreadcrumbList","@id":"https:\/\/cinemahouse.cz\/index.php\/2025\/02\/28\/kino-utajeno-zahaji-druhy-rocnik-na-rodne-pude\/#breadcrumb","itemListElement":[{"@type":"ListItem","position":1,"name":"Dom\u016f","item":"https:\/\/cinemahouse.cz\/"},{"@type":"ListItem","position":2,"name":"Kino Utajeno zah\u00e1j\u00ed druh\u00fd ro\u010dn\u00edk na rodn\u00e9 p\u016fd\u011b"}]},{"@type":"WebSite","@id":"https:\/\/cinemahouse.cz\/#website","url":"https:\/\/cinemahouse.cz\/","name":"CINEMAHOUSE.cz","description":"Port\u00e1l o filmov\u00fdch novink\u00e1ch","publisher":{"@id":"https:\/\/cinemahouse.cz\/#organization"},"potentialAction":[{"@type":"SearchAction","target":{"@type":"EntryPoint","urlTemplate":"https:\/\/cinemahouse.cz\/?s={search_term_string}"},"query-input":"required name=search_term_string"}],"inLanguage":"cs"},{"@type":"Organization","@id":"https:\/\/cinemahouse.cz\/#organization","name":"CINEMAHOUSE.cz","url":"https:\/\/cinemahouse.cz\/","logo":{"@type":"ImageObject","inLanguage":"cs","@id":"https:\/\/cinemahouse.cz\/#\/schema\/logo\/image\/","url":"https:\/\/cinemahouse.cz\/wp-content\/uploads\/2024\/12\/cropped-Logo_CinemaHouse.jpg","contentUrl":"https:\/\/cinemahouse.cz\/wp-content\/uploads\/2024\/12\/cropped-Logo_CinemaHouse.jpg","width":926,"height":467,"caption":"CINEMAHOUSE.cz"},"image":{"@id":"https:\/\/cinemahouse.cz\/#\/schema\/logo\/image\/"}},{"@type":"Person","@id":"https:\/\/cinemahouse.cz\/#\/schema\/person\/3ac250f451e5a90b9dd65f9f77c6b3f7","name":"Helen Guardian","image":{"@type":"ImageObject","inLanguage":"cs","@id":"https:\/\/cinemahouse.cz\/#\/schema\/person\/image\/","url":"https:\/\/secure.gravatar.com\/avatar\/f62c76287ccbbd3f899549a169c0e6aa?s=96&d=mm&r=g","contentUrl":"https:\/\/secure.gravatar.com\/avatar\/f62c76287ccbbd3f899549a169c0e6aa?s=96&d=mm&r=g","caption":"Helen Guardian"},"sameAs":["http:\/\/CINEMAHOUSE.cz"],"url":"https:\/\/cinemahouse.cz\/index.php\/author\/helgu\/"}]}},"_links":{"self":[{"href":"https:\/\/cinemahouse.cz\/index.php\/wp-json\/wp\/v2\/posts\/9610"}],"collection":[{"href":"https:\/\/cinemahouse.cz\/index.php\/wp-json\/wp\/v2\/posts"}],"about":[{"href":"https:\/\/cinemahouse.cz\/index.php\/wp-json\/wp\/v2\/types\/post"}],"author":[{"embeddable":true,"href":"https:\/\/cinemahouse.cz\/index.php\/wp-json\/wp\/v2\/users\/11"}],"replies":[{"embeddable":true,"href":"https:\/\/cinemahouse.cz\/index.php\/wp-json\/wp\/v2\/comments?post=9610"}],"version-history":[{"count":18,"href":"https:\/\/cinemahouse.cz\/index.php\/wp-json\/wp\/v2\/posts\/9610\/revisions"}],"predecessor-version":[{"id":9647,"href":"https:\/\/cinemahouse.cz\/index.php\/wp-json\/wp\/v2\/posts\/9610\/revisions\/9647"}],"wp:featuredmedia":[{"embeddable":true,"href":"https:\/\/cinemahouse.cz\/index.php\/wp-json\/wp\/v2\/media\/9616"}],"wp:attachment":[{"href":"https:\/\/cinemahouse.cz\/index.php\/wp-json\/wp\/v2\/media?parent=9610"}],"wp:term":[{"taxonomy":"category","embeddable":true,"href":"https:\/\/cinemahouse.cz\/index.php\/wp-json\/wp\/v2\/categories?post=9610"},{"taxonomy":"post_tag","embeddable":true,"href":"https:\/\/cinemahouse.cz\/index.php\/wp-json\/wp\/v2\/tags?post=9610"}],"curies":[{"name":"wp","href":"https:\/\/api.w.org\/{rel}","templated":true}]}}