{"id":951,"date":"2019-09-24T21:05:43","date_gmt":"2019-09-24T19:05:43","guid":{"rendered":"http:\/\/cinemahouse.cz\/?p=951"},"modified":"2019-09-24T21:05:45","modified_gmt":"2019-09-24T19:05:45","slug":"neobvykle-otevreny-a-unikatni-obraz-karla-gotta-v-celovecernim-dokumentarnim-filmu-olgy-spatove","status":"publish","type":"post","link":"https:\/\/cinemahouse.cz\/index.php\/2019\/09\/24\/neobvykle-otevreny-a-unikatni-obraz-karla-gotta-v-celovecernim-dokumentarnim-filmu-olgy-spatove\/","title":{"rendered":"Neobvykle otev\u0159en\u00fd a unik\u00e1tn\u00ed obraz Karla Gotta v celove\u010dern\u00edm dokument\u00e1rn\u00edm filmu Olgy \u0160p\u00e1tov\u00e9"},"content":{"rendered":"\n<p><strong>Film vstoup\u00ed do kin na ja\u0159e 2020.<\/strong><\/p>\n\n\n\n<figure class=\"wp-block-image\"><img decoding=\"async\" src=\"http:\/\/celebrityhouse.cz\/wp-content\/uploads\/2019\/09\/Karel-Gott-foto_Karel-Gott-Agency-1024x834.jpg\" alt=\"\" class=\"wp-image-1149\"\/><\/figure>\n\n\n\n<p>Re\u017eis\u00e9rka Olga Mal\u00ed\u0159ov\u00e1 \u0160p\u00e1tov\u00e1 pr\u00e1v\u011b dokon\u010duje celove\u010dern\u00ed dokument\u00e1rn\u00ed film o&nbsp;Karlu Gottovi. Sn\u00edmek p\u0159inese jedine\u010dn\u00fd, neobvykle osobn\u00ed a\u017e intimn\u00ed pohled na jeho \u017eivot, kter\u00fd se doposud \u0161irok\u00e9 ve\u0159ejnosti, ani jeho skaln\u00edm p\u0159\u00edznivc\u016fm, nenaskytl. Tento ojedin\u011bl\u00fd filmov\u00fd po\u010din z&nbsp;d\u00edlny Olgy \u0160p\u00e1tov\u00e9 bude m\u00edt v&nbsp;\u010desk\u00fdch kinech premi\u00e9ru na ja\u0159e p\u0159\u00ed\u0161t\u00edho roku.<\/p>\n\n\n\n<figure class=\"wp-block-image\"><img decoding=\"async\" src=\"http:\/\/celebrityhouse.cz\/wp-content\/uploads\/2019\/09\/Karel-Gott-a-kameraman-Jan-Malir-foto_Karel-Gott-Agency--1024x768.jpg\" alt=\"\" class=\"wp-image-1148\"\/><\/figure>\n\n\n\n<p>\u201e<em>V polovin\u011b z\u00e1\u0159\u00ed lo\u0148sk\u00e9ho roku mi volali Ivanka a&nbsp;Karel Gottovi, a oslovili m\u011b, zda bych po deseti letech op\u011bt nato\u010dila s&nbsp;Karlem dokument o jeho \u017eivot\u011b. Nev\u00e1hala jsem ani minutu! Nat\u00e1\u010det s&nbsp;\u010dlov\u011bkem, kter\u00fd vydr\u017eel v\u00edce ne\u017e p\u016fl stolet\u00ed na v\u00fdslun\u00ed \u010desk\u00e9 kultury d\u00edky sv\u00e9mu v\u00fdjime\u010dn\u00e9mu p\u011bveck\u00e9mu talentu, um\u011bleck\u00e9 poko\u0159e a nezm\u011brn\u00e9 pracovitosti, byla a je pro m\u011b velk\u00e1 \u010dest.&nbsp;<\/em><em>V\u00fdzvu, abych nato\u010dila celove\u010dern\u00ed dokument\u00e1rn\u00ed film o Karlu Gottovi, kter\u00fd&nbsp;<\/em><em>sv\u00fdm um\u011bn\u00edm p\u0159in\u00e1\u0161\u00ed radost u\u017e t\u0159em generac\u00edm poslucha\u010d\u016f,&nbsp;<\/em><em>jsem p\u0159ijala jako z\u00e1vazek v\u016f\u010di tomuto legend\u00e1rn\u00edmu zp\u011bv\u00e1kovi,\u201c&nbsp;<\/em>popisuje sv\u00e9 pocity re\u017eis\u00e9rka Olga \u0160p\u00e1tov\u00e1.<\/p>\n\n\n\n<p>Prvn\u00ed nat\u00e1\u010dec\u00ed den tak d\u00edky rychl\u00e9 domluv\u011b a dohod\u011b prob\u011bhl ji\u017e 22. \u0159\u00edjna lo\u0148sk\u00e9ho roku a posledn\u00ed z\u00e1b\u011bry s&nbsp;Karlem Gottem byly nato\u010deny p\u0159ed n\u011bkolika dny. C\u00edl byl a je naprosto jasn\u00fd \u2013 zachytit autenticky Karla Gotta jako fenomen\u00e1ln\u00edho zp\u011bv\u00e1ka, kter\u00fd se rozd\u00e1v\u00e1 sv\u00fdm p\u0159\u00edznivc\u016fm, jako mal\u00ed\u0159e, ale z\u00e1rove\u0148 miluj\u00edc\u00edho man\u017eela a otce sv\u00fdch d\u011bt\u00ed. Mu\u017ee, kter\u00fd \u0161edes\u00e1t let rozd\u00e1v\u00e1 sv\u00fdmi p\u00edsn\u011bmi radost n\u011bkolika generac\u00edm nejen u n\u00e1s, ale i v&nbsp;Evrop\u011b, a vlastn\u011b po cel\u00e9m sv\u011bt\u011b. Mu\u017ee, kter\u00fd se zapsal do srdc\u00ed a du\u0161\u00ed sv\u00fdch poslucha\u010d\u016f t\u00edm, \u017ee prost\u011b je\u2026<\/p>\n\n\n\n<figure class=\"wp-block-image\"><img decoding=\"async\" src=\"http:\/\/celebrityhouse.cz\/wp-content\/uploads\/2019\/09\/Nataceni-2-foto_Karel-Gott-Agency-1024x768.jpg\" alt=\"\" class=\"wp-image-1150\"\/><\/figure>\n\n\n\n<h4 class=\"wp-block-heading\"><strong>Ojedin\u011bl\u00fd pohled do soukrom\u00ed a du\u0161e Karla Gotta<\/strong><\/h4>\n\n\n\n<p>Film nem\u00e1 b\u00fdt p\u0159ehl\u00eddkou nesporn\u00e9 sl\u00e1vy Karla Gotta a jeho \u00fasp\u011bch\u016f.<\/p>\n\n\n\n<p>\u201e<em>Proto ani nen\u00ed mo\u017en\u00e9 srovn\u00e1vat m\u016fj p\u0159edchoz\u00ed film Fenom\u00e9n Gott s&nbsp;t\u00edmto nyn\u011bj\u0161\u00edm. Ka\u017ed\u00fd je jin\u00fd. Minim\u00e1ln\u011b t\u00edm, \u017ee jsme je nat\u00e1\u010deli v&nbsp;jin\u00e9 \u017eivotn\u00ed etap\u011b Karla Gotta, a to se velmi projev\u00ed v&nbsp;jeho osobn\u00ed, a\u017e intimn\u00ed zpov\u011bdi, kterou n\u00e1m poskytl a kter\u00e1 n\u00e1s v\u0161echny utvrdila v&nbsp;tom, s&nbsp;jakou legendou m\u00e1me mo\u017enost pracovat a tr\u00e1vit \u010das, kter\u00fd je vskutku nepopsateln\u00fd,\u201c<\/em>&nbsp;<strong>dod\u00e1v\u00e1 Olga \u0160p\u00e1tov\u00e1<\/strong>.<\/p>\n\n\n\n<p>Tv\u016frci zachytili Karla Gotta p\u0159i jeho vystoupen\u00edch, p\u0159i setk\u00e1n\u00edch s&nbsp;jeho fanou\u0161ky u n\u00e1s i v&nbsp;Hamburgu, ale zejm\u00e9na v&nbsp;jeho dom\u00e1c\u00edm prost\u0159ed\u00ed, a\u0165 u\u017e v&nbsp;Praze, na chalup\u011b v&nbsp;\u010cesk\u00e9m \u0160v\u00fdcarsku, na vsi, kde tr\u00e1vil d\u011btstv\u00ed, a na dal\u0161\u00edch m\u00edstech, kter\u00e1 sehr\u00e1la v&nbsp;jeho \u017eivot\u011b d\u016fle\u017eitou roli. Zp\u011bv\u00e1k se ve filmu vyd\u00e1 po stop\u00e1ch sv\u00e9ho \u017eivota, uk\u00e1\u017ee div\u00e1kovi mnohdy nezn\u00e1m\u00e9 z\u00e1kulis\u00ed koncert\u016f, i sv\u016fj \u017eivot s&nbsp;rodinou a soukrom\u00ed, kter\u00e9 si jinak sna\u017e\u00ed s&nbsp;pokorou a l\u00e1skou chr\u00e1nit. Film tak bude d\u00edky up\u0159\u00edmn\u00e9 otev\u0159enosti Karla Gotta zcela autentick\u00fd a jedine\u010dn\u00fd.<\/p>\n\n\n\n<p>\u201eN\u00e1\u0161 film nesm\u00ed b\u00fdt nuda,\u201c \u0159\u00edkal b\u011bhem nat\u00e1\u010den\u00ed Karel Gott re\u017eis\u00e9rce Olze \u0160p\u00e1tov\u00e9, kter\u00e1 vytv\u00e1\u0159\u00ed dokument\u00e1rn\u00ed, situa\u010dn\u00ed biografick\u00fd film, a to jak v pracovn\u00ed, tak osobn\u00ed rovin\u011b s&nbsp;vyu\u017eit\u00edm archivn\u00edch materi\u00e1l\u016f.<\/p>\n\n\n\n<p>\u201e<em>Olga m\u00e1 velk\u00fd dar nat\u00e1\u010det se sv\u00fdm \u00fazk\u00fdm t\u00fdmem tak, \u017ee jsme se \u010dastokr\u00e1t nechali un\u00e9st spont\u00e1nn\u00ed atmosf\u00e9rou a p\u0159irozen\u011b jsme ji vpustili do na\u0161eho soukrom\u00ed, d\u00edky \u010demu\u017e jsem se rozpov\u00eddal o t\u00e9matech pom\u011brn\u011b d\u016fv\u011brn\u00fdch. Se sv\u00fdm man\u017eelem, kameramanem Janem Mal\u00ed\u0159em, se tak vlastn\u011b stali sou\u010d\u00e1st\u00ed na\u0161\u00ed rodiny. P\u016fvodn\u011b jsme cht\u011bli film uv\u00e9st v&nbsp;roce 2019, kdy jsem oslavil sv\u00e9 \u017eivotn\u00ed jubileum. Ale proto\u017ee jsem s&nbsp;rodinou pro\u017eil je\u0161t\u011b kr\u00e1sn\u00e9 l\u00e9to, cht\u011bl jsem, abychom to\u010dili co nejd\u00e9le. No, a proto\u017ee m\u011b v&nbsp;roce 2019 bylo v\u0161ude hodn\u011b, m\u00fdm p\u0159\u00e1n\u00edm bylo, aby byl uveden do kin na ja\u0159e p\u0159\u00ed\u0161t\u00edho roku. Tento dokument\u00e1rn\u00ed film je pod\u011bkov\u00e1n\u00edm m\u00fdm p\u0159\u00edznivc\u016fm a v\u0161em, kte\u0159\u00ed m\u011b p\u0159i m\u00e9 profesi podporovali a prov\u00e1zeli,\u201c<\/em>&nbsp;<strong>\u0159\u00edk\u00e1 k&nbsp;filmu s\u00e1m Karel Gott<\/strong>.<\/p>\n\n\n\n<div class=\"wp-block-image\"><figure class=\"aligncenter is-resized\"><img decoding=\"async\" loading=\"lazy\" src=\"http:\/\/celebrityhouse.cz\/wp-content\/uploads\/2019\/09\/Nataceni-foto_Karel-Gott-Agency-768x1024.jpg\" alt=\"\" class=\"wp-image-1151\" width=\"423\" height=\"563\"\/><\/figure><\/div>\n\n\n\n<p>\u201e<em>Karla jsme sledovali p\u0159i pr\u00e1ci, ale i jako mu\u017ee sv\u00e9 \u017eeny a otce sv\u00fdch dcer. Filmu se v\u011bnoval s&nbsp;neoby\u010dejnou energi\u00ed a up\u0159\u00edmnost\u00ed, p\u0159in\u00e1\u0161el n\u00e1pady, p\u0159\u00e1l si, aby filmov\u00e1 interpretace jeho \u017eivota a tvorby byla autentick\u00e1 a pravdiv\u00e1. Chceme vytvo\u0159it otev\u0159en\u00fd film o \u010dlov\u011bku s&nbsp;v\u00fdjime\u010dn\u00fdm nad\u00e1n\u00edm, ale i neuv\u011b\u0159iteln\u011b skromnou, slu\u0161nou a laskavou povahou,\u201c<\/em>&nbsp;uv\u00e1d\u00ed k&nbsp;filmu jeho autorka Olga \u0160p\u00e1tov\u00e1.&nbsp;<em>\u201eV&nbsp;roce nat\u00e1\u010den\u00ed op\u011bt onemocn\u011bl. Mysl\u00edm, \u017ee pr\u00e1v\u011b to, \u017ee proch\u00e1z\u00ed t\u011b\u017ekou nemoc\u00ed je d\u016fvodem k&nbsp;tomu, \u017ee je dnes Karel ve sv\u00fdch n\u00e1zorech na \u017eivot otev\u0159en\u00fd a pokorn\u00fd,\u201c<\/em>&nbsp;<strong>dod\u00e1v\u00e1 \u0160p\u00e1tov\u00e1<\/strong>.<\/p>\n\n\n\n<p>Olga Mal\u00ed\u0159ov\u00e1 \u0160p\u00e1tov\u00e1 je v\u00fdraznou filma\u0159kou. Nato\u010dila t\u0159icet autorsk\u00fdch film\u016f, za kter\u00e9 z\u00edskala ceny na dom\u00e1c\u00edch a zahrani\u010dn\u00edch festivalech. Nap\u0159\u00edklad film\u00a0<strong>Dob\u0159e placen\u00e1 proch\u00e1zka \u00b407<\/strong>(2008), za n\u011bj\u017e z\u00edskala Grand Prix Vojt\u011bcha Jasn\u00e9ho.\u00a0<strong>Fenom\u00e9n Gott<\/strong>\u00a0(2009) se stal nejsledovan\u011bj\u0161\u00edm televizn\u00edm filmem roku,\u00a0<strong>Oko nad Prahou<\/strong>\u00a0(2010), kter\u00fd vyhr\u00e1l hlavn\u00ed cenu na Mezin\u00e1rodn\u00edm filmov\u00e9m festivalu ve Var\u0161av\u011b,\u00a0<strong>Nejv\u011bt\u0161\u00ed p\u0159\u00e1n\u00ed<\/strong>\u00a0(2012),\u00a0<strong>Daleko za sluncem<\/strong>\u00a0(2015), kter\u00fd vznikl v\u00a0produkci HBO, a byl nominovan\u00fd na \u010cesk\u00e9ho lva. Nato\u010dila dva klipy na p\u00edsn\u011b zp\u011bva\u010dky Anety Langerov\u00e9, oba z\u00edskaly cenu And\u011bl. Jako kameramanka pracovala na \u0161estn\u00e1cti filmech re\u017eis\u00e9rky Olgy Sommerov\u00e9.<\/p>\n\n\n\n<p><\/p>\n\n\n\n<ul class=\"wp-block-gallery columns-3 is-cropped wp-block-gallery-1 is-layout-flex wp-block-gallery-is-layout-flex\"><li class=\"blocks-gallery-item\"><figure><img decoding=\"async\" loading=\"lazy\" width=\"1024\" height=\"834\" src=\"http:\/\/cinemahouse.cz\/wp-content\/uploads\/2019\/09\/Karel-Gott-foto_Karel-Gott-Agency-1024x834.jpg\" alt=\"\" data-id=\"953\" data-link=\"http:\/\/cinemahouse.cz\/?attachment_id=953\" class=\"wp-image-953\" srcset=\"https:\/\/cinemahouse.cz\/wp-content\/uploads\/2019\/09\/Karel-Gott-foto_Karel-Gott-Agency-1024x834.jpg 1024w, https:\/\/cinemahouse.cz\/wp-content\/uploads\/2019\/09\/Karel-Gott-foto_Karel-Gott-Agency-300x244.jpg 300w, https:\/\/cinemahouse.cz\/wp-content\/uploads\/2019\/09\/Karel-Gott-foto_Karel-Gott-Agency-768x626.jpg 768w, https:\/\/cinemahouse.cz\/wp-content\/uploads\/2019\/09\/Karel-Gott-foto_Karel-Gott-Agency.jpg 1105w\" sizes=\"(max-width: 1024px) 100vw, 1024px\" \/><\/figure><\/li><li class=\"blocks-gallery-item\"><figure><img decoding=\"async\" loading=\"lazy\" width=\"1024\" height=\"768\" src=\"http:\/\/cinemahouse.cz\/wp-content\/uploads\/2019\/09\/Karel-Gott-a-kameraman-Jan-Malir-foto_Karel-Gott-Agency--1024x768.jpg\" alt=\"\" data-id=\"952\" data-link=\"http:\/\/cinemahouse.cz\/?attachment_id=952\" class=\"wp-image-952\" srcset=\"https:\/\/cinemahouse.cz\/wp-content\/uploads\/2019\/09\/Karel-Gott-a-kameraman-Jan-Malir-foto_Karel-Gott-Agency--1024x768.jpg 1024w, https:\/\/cinemahouse.cz\/wp-content\/uploads\/2019\/09\/Karel-Gott-a-kameraman-Jan-Malir-foto_Karel-Gott-Agency--300x225.jpg 300w, https:\/\/cinemahouse.cz\/wp-content\/uploads\/2019\/09\/Karel-Gott-a-kameraman-Jan-Malir-foto_Karel-Gott-Agency--768x576.jpg 768w, https:\/\/cinemahouse.cz\/wp-content\/uploads\/2019\/09\/Karel-Gott-a-kameraman-Jan-Malir-foto_Karel-Gott-Agency-.jpg 1600w\" sizes=\"(max-width: 1024px) 100vw, 1024px\" \/><\/figure><\/li><li class=\"blocks-gallery-item\"><figure><img decoding=\"async\" loading=\"lazy\" width=\"1024\" height=\"768\" src=\"http:\/\/cinemahouse.cz\/wp-content\/uploads\/2019\/09\/Nataceni-2-foto_Karel-Gott-Agency-1024x768.jpg\" alt=\"\" data-id=\"954\" data-link=\"http:\/\/cinemahouse.cz\/?attachment_id=954\" class=\"wp-image-954\" srcset=\"https:\/\/cinemahouse.cz\/wp-content\/uploads\/2019\/09\/Nataceni-2-foto_Karel-Gott-Agency-1024x768.jpg 1024w, https:\/\/cinemahouse.cz\/wp-content\/uploads\/2019\/09\/Nataceni-2-foto_Karel-Gott-Agency-300x225.jpg 300w, https:\/\/cinemahouse.cz\/wp-content\/uploads\/2019\/09\/Nataceni-2-foto_Karel-Gott-Agency-768x576.jpg 768w, https:\/\/cinemahouse.cz\/wp-content\/uploads\/2019\/09\/Nataceni-2-foto_Karel-Gott-Agency.jpg 1600w\" sizes=\"(max-width: 1024px) 100vw, 1024px\" \/><\/figure><\/li><li class=\"blocks-gallery-item\"><figure><img decoding=\"async\" loading=\"lazy\" width=\"768\" height=\"1024\" src=\"http:\/\/cinemahouse.cz\/wp-content\/uploads\/2019\/09\/Nataceni-foto_Karel-Gott-Agency-768x1024.jpg\" alt=\"\" data-id=\"955\" data-link=\"http:\/\/cinemahouse.cz\/?attachment_id=955\" class=\"wp-image-955\" srcset=\"https:\/\/cinemahouse.cz\/wp-content\/uploads\/2019\/09\/Nataceni-foto_Karel-Gott-Agency-768x1024.jpg 768w, https:\/\/cinemahouse.cz\/wp-content\/uploads\/2019\/09\/Nataceni-foto_Karel-Gott-Agency-225x300.jpg 225w, https:\/\/cinemahouse.cz\/wp-content\/uploads\/2019\/09\/Nataceni-foto_Karel-Gott-Agency.jpg 1200w\" sizes=\"(max-width: 768px) 100vw, 768px\" \/><\/figure><\/li><\/ul>\n","protected":false},"excerpt":{"rendered":"<p>Film vstoup\u00ed do kin na ja\u0159e 2020. Re\u017eis\u00e9rka Olga Mal\u00ed\u0159ov\u00e1 \u0160p\u00e1tov\u00e1 pr\u00e1v\u011b dokon\u010duje celove\u010dern\u00ed dokument\u00e1rn\u00ed film o&nbsp;Karlu Gottovi. Sn\u00edmek p\u0159inese jedine\u010dn\u00fd, neobvykle osobn\u00ed a\u017e intimn\u00ed pohled na jeho \u017eivot, kter\u00fd se doposud \u0161irok\u00e9 ve\u0159ejnosti,&#46;&#46;&#46;<\/p>\n","protected":false},"author":1,"featured_media":953,"comment_status":"closed","ping_status":"closed","sticky":false,"template":"","format":"standard","meta":{"_monsterinsights_skip_tracking":false,"_monsterinsights_sitenote_active":false,"_monsterinsights_sitenote_note":"","_monsterinsights_sitenote_category":0,"footnotes":""},"categories":[3,12,2],"tags":[],"yoast_head":"<!-- This site is optimized with the Yoast SEO plugin v21.4 - https:\/\/yoast.com\/wordpress\/plugins\/seo\/ -->\n<title>Neobvykle otev\u0159en\u00fd a unik\u00e1tn\u00ed obraz Karla Gotta v celove\u010dern\u00edm dokument\u00e1rn\u00edm filmu Olgy \u0160p\u00e1tov\u00e9 - CINEMAHOUSE.cz<\/title>\n<meta name=\"robots\" content=\"index, follow, max-snippet:-1, max-image-preview:large, max-video-preview:-1\" \/>\n<link rel=\"canonical\" href=\"https:\/\/cinemahouse.cz\/index.php\/2019\/09\/24\/neobvykle-otevreny-a-unikatni-obraz-karla-gotta-v-celovecernim-dokumentarnim-filmu-olgy-spatove\/\" \/>\n<meta property=\"og:locale\" content=\"cs_CZ\" \/>\n<meta property=\"og:type\" content=\"article\" \/>\n<meta property=\"og:title\" content=\"Neobvykle otev\u0159en\u00fd a unik\u00e1tn\u00ed obraz Karla Gotta v celove\u010dern\u00edm dokument\u00e1rn\u00edm filmu Olgy \u0160p\u00e1tov\u00e9 - CINEMAHOUSE.cz\" \/>\n<meta property=\"og:description\" content=\"Film vstoup\u00ed do kin na ja\u0159e 2020. Re\u017eis\u00e9rka Olga Mal\u00ed\u0159ov\u00e1 \u0160p\u00e1tov\u00e1 pr\u00e1v\u011b dokon\u010duje celove\u010dern\u00ed dokument\u00e1rn\u00ed film o&nbsp;Karlu Gottovi. Sn\u00edmek p\u0159inese jedine\u010dn\u00fd, neobvykle osobn\u00ed a\u017e intimn\u00ed pohled na jeho \u017eivot, kter\u00fd se doposud \u0161irok\u00e9 ve\u0159ejnosti,&#046;&#046;&#046;\" \/>\n<meta property=\"og:url\" content=\"https:\/\/cinemahouse.cz\/index.php\/2019\/09\/24\/neobvykle-otevreny-a-unikatni-obraz-karla-gotta-v-celovecernim-dokumentarnim-filmu-olgy-spatove\/\" \/>\n<meta property=\"og:site_name\" content=\"CINEMAHOUSE.cz\" \/>\n<meta property=\"article:published_time\" content=\"2019-09-24T19:05:43+00:00\" \/>\n<meta property=\"article:modified_time\" content=\"2019-09-24T19:05:45+00:00\" \/>\n<meta property=\"og:image\" content=\"https:\/\/cinemahouse.cz\/wp-content\/uploads\/2019\/09\/Karel-Gott-foto_Karel-Gott-Agency.jpg\" \/>\n\t<meta property=\"og:image:width\" content=\"1105\" \/>\n\t<meta property=\"og:image:height\" content=\"900\" \/>\n\t<meta property=\"og:image:type\" content=\"image\/jpeg\" \/>\n<meta name=\"author\" content=\"Mikol\u00e1\u0161ek (\u0161\u00e9fredaktor HMG)\" \/>\n<meta name=\"twitter:card\" content=\"summary_large_image\" \/>\n<meta name=\"twitter:label1\" content=\"Napsal(a)\" \/>\n\t<meta name=\"twitter:data1\" content=\"Mikol\u00e1\u0161ek (\u0161\u00e9fredaktor HMG)\" \/>\n\t<meta name=\"twitter:label2\" content=\"Odhadovan\u00e1 doba \u010dten\u00ed\" \/>\n\t<meta name=\"twitter:data2\" content=\"5 minut\" \/>\n<script type=\"application\/ld+json\" class=\"yoast-schema-graph\">{\"@context\":\"https:\/\/schema.org\",\"@graph\":[{\"@type\":\"Article\",\"@id\":\"https:\/\/cinemahouse.cz\/index.php\/2019\/09\/24\/neobvykle-otevreny-a-unikatni-obraz-karla-gotta-v-celovecernim-dokumentarnim-filmu-olgy-spatove\/#article\",\"isPartOf\":{\"@id\":\"https:\/\/cinemahouse.cz\/index.php\/2019\/09\/24\/neobvykle-otevreny-a-unikatni-obraz-karla-gotta-v-celovecernim-dokumentarnim-filmu-olgy-spatove\/\"},\"author\":{\"name\":\"Mikol\u00e1\u0161ek (\u0161\u00e9fredaktor HMG)\",\"@id\":\"https:\/\/cinemahouse.cz\/#\/schema\/person\/d472e7fa042ba68eef003047f550dfa0\"},\"headline\":\"Neobvykle otev\u0159en\u00fd a unik\u00e1tn\u00ed obraz Karla Gotta v celove\u010dern\u00edm dokument\u00e1rn\u00edm filmu Olgy \u0160p\u00e1tov\u00e9\",\"datePublished\":\"2019-09-24T19:05:43+00:00\",\"dateModified\":\"2019-09-24T19:05:45+00:00\",\"mainEntityOfPage\":{\"@id\":\"https:\/\/cinemahouse.cz\/index.php\/2019\/09\/24\/neobvykle-otevreny-a-unikatni-obraz-karla-gotta-v-celovecernim-dokumentarnim-filmu-olgy-spatove\/\"},\"wordCount\":1117,\"publisher\":{\"@id\":\"https:\/\/cinemahouse.cz\/#organization\"},\"articleSection\":[\"FILMOV\u00c9 NOVINKY\",\"FILMY, SERI\u00c1LY a TV\",\"NEWS\"],\"inLanguage\":\"cs\"},{\"@type\":\"WebPage\",\"@id\":\"https:\/\/cinemahouse.cz\/index.php\/2019\/09\/24\/neobvykle-otevreny-a-unikatni-obraz-karla-gotta-v-celovecernim-dokumentarnim-filmu-olgy-spatove\/\",\"url\":\"https:\/\/cinemahouse.cz\/index.php\/2019\/09\/24\/neobvykle-otevreny-a-unikatni-obraz-karla-gotta-v-celovecernim-dokumentarnim-filmu-olgy-spatove\/\",\"name\":\"Neobvykle otev\u0159en\u00fd a unik\u00e1tn\u00ed obraz Karla Gotta v celove\u010dern\u00edm dokument\u00e1rn\u00edm filmu Olgy \u0160p\u00e1tov\u00e9 - CINEMAHOUSE.cz\",\"isPartOf\":{\"@id\":\"https:\/\/cinemahouse.cz\/#website\"},\"datePublished\":\"2019-09-24T19:05:43+00:00\",\"dateModified\":\"2019-09-24T19:05:45+00:00\",\"breadcrumb\":{\"@id\":\"https:\/\/cinemahouse.cz\/index.php\/2019\/09\/24\/neobvykle-otevreny-a-unikatni-obraz-karla-gotta-v-celovecernim-dokumentarnim-filmu-olgy-spatove\/#breadcrumb\"},\"inLanguage\":\"cs\",\"potentialAction\":[{\"@type\":\"ReadAction\",\"target\":[\"https:\/\/cinemahouse.cz\/index.php\/2019\/09\/24\/neobvykle-otevreny-a-unikatni-obraz-karla-gotta-v-celovecernim-dokumentarnim-filmu-olgy-spatove\/\"]}]},{\"@type\":\"BreadcrumbList\",\"@id\":\"https:\/\/cinemahouse.cz\/index.php\/2019\/09\/24\/neobvykle-otevreny-a-unikatni-obraz-karla-gotta-v-celovecernim-dokumentarnim-filmu-olgy-spatove\/#breadcrumb\",\"itemListElement\":[{\"@type\":\"ListItem\",\"position\":1,\"name\":\"Dom\u016f\",\"item\":\"https:\/\/cinemahouse.cz\/\"},{\"@type\":\"ListItem\",\"position\":2,\"name\":\"Neobvykle otev\u0159en\u00fd a unik\u00e1tn\u00ed obraz Karla Gotta v celove\u010dern\u00edm dokument\u00e1rn\u00edm filmu Olgy \u0160p\u00e1tov\u00e9\"}]},{\"@type\":\"WebSite\",\"@id\":\"https:\/\/cinemahouse.cz\/#website\",\"url\":\"https:\/\/cinemahouse.cz\/\",\"name\":\"CINEMAHOUSE.cz\",\"description\":\"Port\u00e1l o filmov\u00fdch novink\u00e1ch\",\"publisher\":{\"@id\":\"https:\/\/cinemahouse.cz\/#organization\"},\"potentialAction\":[{\"@type\":\"SearchAction\",\"target\":{\"@type\":\"EntryPoint\",\"urlTemplate\":\"https:\/\/cinemahouse.cz\/?s={search_term_string}\"},\"query-input\":\"required name=search_term_string\"}],\"inLanguage\":\"cs\"},{\"@type\":\"Organization\",\"@id\":\"https:\/\/cinemahouse.cz\/#organization\",\"name\":\"CINEMAHOUSE.cz\",\"url\":\"https:\/\/cinemahouse.cz\/\",\"logo\":{\"@type\":\"ImageObject\",\"inLanguage\":\"cs\",\"@id\":\"https:\/\/cinemahouse.cz\/#\/schema\/logo\/image\/\",\"url\":\"https:\/\/cinemahouse.cz\/wp-content\/uploads\/2024\/12\/cropped-Logo_CinemaHouse.jpg\",\"contentUrl\":\"https:\/\/cinemahouse.cz\/wp-content\/uploads\/2024\/12\/cropped-Logo_CinemaHouse.jpg\",\"width\":926,\"height\":467,\"caption\":\"CINEMAHOUSE.cz\"},\"image\":{\"@id\":\"https:\/\/cinemahouse.cz\/#\/schema\/logo\/image\/\"}},{\"@type\":\"Person\",\"@id\":\"https:\/\/cinemahouse.cz\/#\/schema\/person\/d472e7fa042ba68eef003047f550dfa0\",\"name\":\"Mikol\u00e1\u0161ek (\u0161\u00e9fredaktor HMG)\",\"image\":{\"@type\":\"ImageObject\",\"inLanguage\":\"cs\",\"@id\":\"https:\/\/cinemahouse.cz\/#\/schema\/person\/image\/\",\"url\":\"https:\/\/secure.gravatar.com\/avatar\/1c8a35f186d8baabb0513b2bdd8e53cd?s=96&d=mm&r=g\",\"contentUrl\":\"https:\/\/secure.gravatar.com\/avatar\/1c8a35f186d8baabb0513b2bdd8e53cd?s=96&d=mm&r=g\",\"caption\":\"Mikol\u00e1\u0161ek (\u0161\u00e9fredaktor HMG)\"},\"url\":\"https:\/\/cinemahouse.cz\/index.php\/author\/ivomik\/\"}]}<\/script>\n<!-- \/ Yoast SEO plugin. -->","yoast_head_json":{"title":"Neobvykle otev\u0159en\u00fd a unik\u00e1tn\u00ed obraz Karla Gotta v celove\u010dern\u00edm dokument\u00e1rn\u00edm filmu Olgy \u0160p\u00e1tov\u00e9 - CINEMAHOUSE.cz","robots":{"index":"index","follow":"follow","max-snippet":"max-snippet:-1","max-image-preview":"max-image-preview:large","max-video-preview":"max-video-preview:-1"},"canonical":"https:\/\/cinemahouse.cz\/index.php\/2019\/09\/24\/neobvykle-otevreny-a-unikatni-obraz-karla-gotta-v-celovecernim-dokumentarnim-filmu-olgy-spatove\/","og_locale":"cs_CZ","og_type":"article","og_title":"Neobvykle otev\u0159en\u00fd a unik\u00e1tn\u00ed obraz Karla Gotta v celove\u010dern\u00edm dokument\u00e1rn\u00edm filmu Olgy \u0160p\u00e1tov\u00e9 - CINEMAHOUSE.cz","og_description":"Film vstoup\u00ed do kin na ja\u0159e 2020. Re\u017eis\u00e9rka Olga Mal\u00ed\u0159ov\u00e1 \u0160p\u00e1tov\u00e1 pr\u00e1v\u011b dokon\u010duje celove\u010dern\u00ed dokument\u00e1rn\u00ed film o&nbsp;Karlu Gottovi. Sn\u00edmek p\u0159inese jedine\u010dn\u00fd, neobvykle osobn\u00ed a\u017e intimn\u00ed pohled na jeho \u017eivot, kter\u00fd se doposud \u0161irok\u00e9 ve\u0159ejnosti,&#46;&#46;&#46;","og_url":"https:\/\/cinemahouse.cz\/index.php\/2019\/09\/24\/neobvykle-otevreny-a-unikatni-obraz-karla-gotta-v-celovecernim-dokumentarnim-filmu-olgy-spatove\/","og_site_name":"CINEMAHOUSE.cz","article_published_time":"2019-09-24T19:05:43+00:00","article_modified_time":"2019-09-24T19:05:45+00:00","og_image":[{"width":1105,"height":900,"url":"https:\/\/cinemahouse.cz\/wp-content\/uploads\/2019\/09\/Karel-Gott-foto_Karel-Gott-Agency.jpg","type":"image\/jpeg"}],"author":"Mikol\u00e1\u0161ek (\u0161\u00e9fredaktor HMG)","twitter_card":"summary_large_image","twitter_misc":{"Napsal(a)":"Mikol\u00e1\u0161ek (\u0161\u00e9fredaktor HMG)","Odhadovan\u00e1 doba \u010dten\u00ed":"5 minut"},"schema":{"@context":"https:\/\/schema.org","@graph":[{"@type":"Article","@id":"https:\/\/cinemahouse.cz\/index.php\/2019\/09\/24\/neobvykle-otevreny-a-unikatni-obraz-karla-gotta-v-celovecernim-dokumentarnim-filmu-olgy-spatove\/#article","isPartOf":{"@id":"https:\/\/cinemahouse.cz\/index.php\/2019\/09\/24\/neobvykle-otevreny-a-unikatni-obraz-karla-gotta-v-celovecernim-dokumentarnim-filmu-olgy-spatove\/"},"author":{"name":"Mikol\u00e1\u0161ek (\u0161\u00e9fredaktor HMG)","@id":"https:\/\/cinemahouse.cz\/#\/schema\/person\/d472e7fa042ba68eef003047f550dfa0"},"headline":"Neobvykle otev\u0159en\u00fd a unik\u00e1tn\u00ed obraz Karla Gotta v celove\u010dern\u00edm dokument\u00e1rn\u00edm filmu Olgy \u0160p\u00e1tov\u00e9","datePublished":"2019-09-24T19:05:43+00:00","dateModified":"2019-09-24T19:05:45+00:00","mainEntityOfPage":{"@id":"https:\/\/cinemahouse.cz\/index.php\/2019\/09\/24\/neobvykle-otevreny-a-unikatni-obraz-karla-gotta-v-celovecernim-dokumentarnim-filmu-olgy-spatove\/"},"wordCount":1117,"publisher":{"@id":"https:\/\/cinemahouse.cz\/#organization"},"articleSection":["FILMOV\u00c9 NOVINKY","FILMY, SERI\u00c1LY a TV","NEWS"],"inLanguage":"cs"},{"@type":"WebPage","@id":"https:\/\/cinemahouse.cz\/index.php\/2019\/09\/24\/neobvykle-otevreny-a-unikatni-obraz-karla-gotta-v-celovecernim-dokumentarnim-filmu-olgy-spatove\/","url":"https:\/\/cinemahouse.cz\/index.php\/2019\/09\/24\/neobvykle-otevreny-a-unikatni-obraz-karla-gotta-v-celovecernim-dokumentarnim-filmu-olgy-spatove\/","name":"Neobvykle otev\u0159en\u00fd a unik\u00e1tn\u00ed obraz Karla Gotta v celove\u010dern\u00edm dokument\u00e1rn\u00edm filmu Olgy \u0160p\u00e1tov\u00e9 - CINEMAHOUSE.cz","isPartOf":{"@id":"https:\/\/cinemahouse.cz\/#website"},"datePublished":"2019-09-24T19:05:43+00:00","dateModified":"2019-09-24T19:05:45+00:00","breadcrumb":{"@id":"https:\/\/cinemahouse.cz\/index.php\/2019\/09\/24\/neobvykle-otevreny-a-unikatni-obraz-karla-gotta-v-celovecernim-dokumentarnim-filmu-olgy-spatove\/#breadcrumb"},"inLanguage":"cs","potentialAction":[{"@type":"ReadAction","target":["https:\/\/cinemahouse.cz\/index.php\/2019\/09\/24\/neobvykle-otevreny-a-unikatni-obraz-karla-gotta-v-celovecernim-dokumentarnim-filmu-olgy-spatove\/"]}]},{"@type":"BreadcrumbList","@id":"https:\/\/cinemahouse.cz\/index.php\/2019\/09\/24\/neobvykle-otevreny-a-unikatni-obraz-karla-gotta-v-celovecernim-dokumentarnim-filmu-olgy-spatove\/#breadcrumb","itemListElement":[{"@type":"ListItem","position":1,"name":"Dom\u016f","item":"https:\/\/cinemahouse.cz\/"},{"@type":"ListItem","position":2,"name":"Neobvykle otev\u0159en\u00fd a unik\u00e1tn\u00ed obraz Karla Gotta v celove\u010dern\u00edm dokument\u00e1rn\u00edm filmu Olgy \u0160p\u00e1tov\u00e9"}]},{"@type":"WebSite","@id":"https:\/\/cinemahouse.cz\/#website","url":"https:\/\/cinemahouse.cz\/","name":"CINEMAHOUSE.cz","description":"Port\u00e1l o filmov\u00fdch novink\u00e1ch","publisher":{"@id":"https:\/\/cinemahouse.cz\/#organization"},"potentialAction":[{"@type":"SearchAction","target":{"@type":"EntryPoint","urlTemplate":"https:\/\/cinemahouse.cz\/?s={search_term_string}"},"query-input":"required name=search_term_string"}],"inLanguage":"cs"},{"@type":"Organization","@id":"https:\/\/cinemahouse.cz\/#organization","name":"CINEMAHOUSE.cz","url":"https:\/\/cinemahouse.cz\/","logo":{"@type":"ImageObject","inLanguage":"cs","@id":"https:\/\/cinemahouse.cz\/#\/schema\/logo\/image\/","url":"https:\/\/cinemahouse.cz\/wp-content\/uploads\/2024\/12\/cropped-Logo_CinemaHouse.jpg","contentUrl":"https:\/\/cinemahouse.cz\/wp-content\/uploads\/2024\/12\/cropped-Logo_CinemaHouse.jpg","width":926,"height":467,"caption":"CINEMAHOUSE.cz"},"image":{"@id":"https:\/\/cinemahouse.cz\/#\/schema\/logo\/image\/"}},{"@type":"Person","@id":"https:\/\/cinemahouse.cz\/#\/schema\/person\/d472e7fa042ba68eef003047f550dfa0","name":"Mikol\u00e1\u0161ek (\u0161\u00e9fredaktor HMG)","image":{"@type":"ImageObject","inLanguage":"cs","@id":"https:\/\/cinemahouse.cz\/#\/schema\/person\/image\/","url":"https:\/\/secure.gravatar.com\/avatar\/1c8a35f186d8baabb0513b2bdd8e53cd?s=96&d=mm&r=g","contentUrl":"https:\/\/secure.gravatar.com\/avatar\/1c8a35f186d8baabb0513b2bdd8e53cd?s=96&d=mm&r=g","caption":"Mikol\u00e1\u0161ek (\u0161\u00e9fredaktor HMG)"},"url":"https:\/\/cinemahouse.cz\/index.php\/author\/ivomik\/"}]}},"_links":{"self":[{"href":"https:\/\/cinemahouse.cz\/index.php\/wp-json\/wp\/v2\/posts\/951"}],"collection":[{"href":"https:\/\/cinemahouse.cz\/index.php\/wp-json\/wp\/v2\/posts"}],"about":[{"href":"https:\/\/cinemahouse.cz\/index.php\/wp-json\/wp\/v2\/types\/post"}],"author":[{"embeddable":true,"href":"https:\/\/cinemahouse.cz\/index.php\/wp-json\/wp\/v2\/users\/1"}],"replies":[{"embeddable":true,"href":"https:\/\/cinemahouse.cz\/index.php\/wp-json\/wp\/v2\/comments?post=951"}],"version-history":[{"count":1,"href":"https:\/\/cinemahouse.cz\/index.php\/wp-json\/wp\/v2\/posts\/951\/revisions"}],"predecessor-version":[{"id":956,"href":"https:\/\/cinemahouse.cz\/index.php\/wp-json\/wp\/v2\/posts\/951\/revisions\/956"}],"wp:featuredmedia":[{"embeddable":true,"href":"https:\/\/cinemahouse.cz\/index.php\/wp-json\/wp\/v2\/media\/953"}],"wp:attachment":[{"href":"https:\/\/cinemahouse.cz\/index.php\/wp-json\/wp\/v2\/media?parent=951"}],"wp:term":[{"taxonomy":"category","embeddable":true,"href":"https:\/\/cinemahouse.cz\/index.php\/wp-json\/wp\/v2\/categories?post=951"},{"taxonomy":"post_tag","embeddable":true,"href":"https:\/\/cinemahouse.cz\/index.php\/wp-json\/wp\/v2\/tags?post=951"}],"curies":[{"name":"wp","href":"https:\/\/api.w.org\/{rel}","templated":true}]}}