{"id":9450,"date":"2025-02-08T00:01:00","date_gmt":"2025-02-07T23:01:00","guid":{"rendered":"https:\/\/cinemahouse.cz\/?p=9450"},"modified":"2025-03-09T22:05:32","modified_gmt":"2025-03-09T21:05:32","slug":"mezinarodni-festival-a-filmteens-ukaze-od-12-unora-filmy-deti-a-teenageru","status":"publish","type":"post","link":"https:\/\/cinemahouse.cz\/index.php\/2025\/02\/08\/mezinarodni-festival-a-filmteens-ukaze-od-12-unora-filmy-deti-a-teenageru\/","title":{"rendered":"Mezin\u00e1rodn\u00ed festival A-FilmTeens uk\u00e1\u017ee od 12. \u00fanora\u00a0 filmy d\u011bt\u00ed a teenager\u016f"},"content":{"rendered":"\n<div style=\"height:45px\" aria-hidden=\"true\" class=\"wp-block-spacer\"><\/div>\n\n\n\n<p class=\"has-medium-font-size\"><strong>Sv\u011b\u017e\u00ed a neot\u0159el\u00e9 n\u00e1m\u011bty, up\u0159\u00edmnost a radost ve v\u0161ech podob\u00e1ch. To p\u0159edstavuje ji\u017e 4. ro\u010dn\u00edk mezin\u00e1rodn\u00edho festivalu filmov\u00e9 tvorby d\u011bt\u00ed a ml\u00e1de\u017ee A-FilmTeens 2025 (AFT). Od 12. do 23. \u00fanora nab\u00eddne div\u00e1k\u016fm 100 sout\u011b\u017en\u00edch film\u016f, kter\u00e9 vytvo\u0159ili mlad\u00ed filma\u0159i ve v\u011bku 6-20 let ze 35 zem\u00ed sv\u011bta. K t\u011bm tento rok nov\u011b p\u0159ibyly nap\u0159\u00edklad Ke\u0148a, Gruzie, Kyrgyzst\u00e1n, Braz\u00edlie, Srbsko a Nizozem\u00ed. \u201eFilm je jazykem, kter\u00fd spojuje a inspiruje,\u201c \u0159\u00edk\u00e1 zakladatelka festivalu a filmov\u00e1 producentka Zuzana Dra\u017eilov\u00e1. Ambasadorkou festivalu je letos here\u010dka Eli\u0161ka K\u0159enkov\u00e1, v mezin\u00e1rodn\u00ed porot\u011b bude \u010ceskou republiku zastupovat <\/strong><strong>herec Josef Trojan a <\/strong><strong>anim\u00e1torka Kristina Dufkov\u00e1.<\/strong><\/p>\n\n\n\n<div style=\"height:45px\" aria-hidden=\"true\" class=\"wp-block-spacer\"><\/div>\n\n\n<div class=\"wp-block-image\">\n<figure class=\"aligncenter size-large\"><img decoding=\"async\" loading=\"lazy\" width=\"1024\" height=\"683\" src=\"https:\/\/cinemahouse.cz\/wp-content\/uploads\/2025\/02\/7_Festival-uvadi-snimky-filmaru-ve-veku-od-sesti-do-dvaceti-let_foto-archiv-AFT-1-1024x683.jpg\" alt=\"Mezin\u00e1rodn\u00ed festival A-FilmTeens\" class=\"wp-image-9457\" srcset=\"https:\/\/cinemahouse.cz\/wp-content\/uploads\/2025\/02\/7_Festival-uvadi-snimky-filmaru-ve-veku-od-sesti-do-dvaceti-let_foto-archiv-AFT-1-1024x683.jpg 1024w, https:\/\/cinemahouse.cz\/wp-content\/uploads\/2025\/02\/7_Festival-uvadi-snimky-filmaru-ve-veku-od-sesti-do-dvaceti-let_foto-archiv-AFT-1-300x200.jpg 300w, https:\/\/cinemahouse.cz\/wp-content\/uploads\/2025\/02\/7_Festival-uvadi-snimky-filmaru-ve-veku-od-sesti-do-dvaceti-let_foto-archiv-AFT-1-768x512.jpg 768w, https:\/\/cinemahouse.cz\/wp-content\/uploads\/2025\/02\/7_Festival-uvadi-snimky-filmaru-ve-veku-od-sesti-do-dvaceti-let_foto-archiv-AFT-1-1536x1025.jpg 1536w, https:\/\/cinemahouse.cz\/wp-content\/uploads\/2025\/02\/7_Festival-uvadi-snimky-filmaru-ve-veku-od-sesti-do-dvaceti-let_foto-archiv-AFT-1.jpg 1715w\" sizes=\"(max-width: 1024px) 100vw, 1024px\" \/><\/figure><\/div>\n\n\n<div style=\"height:45px\" aria-hidden=\"true\" class=\"wp-block-spacer\"><\/div>\n\n\n\n<p class=\"has-medium-font-size\">Sou\u010d\u00e1st\u00ed festivalu je letos i region\u00e1ln\u00ed sout\u011b\u017e s hlavn\u00edm t\u00e9matem \u201eRadost z ka\u017ed\u00e9ho dne\u201c.&nbsp;AFT ji po\u0159\u00e1d\u00e1 ve spolupr\u00e1ci s Nada\u010dn\u00edm fondem \u0160koda Auto pro nejmlad\u0161\u00ed generaci tv\u016frc\u016f z Mladoboleslavska, Rychnovska a Vrchlabska. Mezin\u00e1rodn\u00ed festivalov\u00fd program v\u010detn\u011b vybran\u00fdch film\u016f z region\u00e1ln\u00ed sout\u011b\u017ee se bude prom\u00edtat v sedmi kinech v\u0161ech t\u0159\u00ed zm\u00edn\u011bn\u00fdch region\u016f. V\u0161echny sn\u00edmky budou u\u017e tradi\u010dn\u011b k vid\u011bn\u00ed i online na <a href=\"http:\/\/www.afilmteensfest.com\/\"><strong>www.afilmteensfest.com<\/strong><\/a>. Nejlep\u0161\u00ed z nich budou vyhl\u00e1\u0161eny 22. \u00fanora, kdy prob\u011bhne slavnostn\u00ed p\u0159ed\u00e1v\u00e1n\u00ed cen ve \u0160koda Muzeu v Mlad\u00e9 Boleslavi.<\/p>\n\n\n\n<div style=\"height:45px\" aria-hidden=\"true\" class=\"wp-block-spacer\"><\/div>\n\n\n<div class=\"wp-block-image\">\n<figure class=\"aligncenter size-large\"><img decoding=\"async\" loading=\"lazy\" width=\"1024\" height=\"683\" src=\"https:\/\/cinemahouse.cz\/wp-content\/uploads\/2025\/02\/4_Zuzana-Drazilova-poradfa-festival-A-filmTeens-uz-poctvrte_foto-Rene-Volfik-1024x683.jpg\" alt=\"Mezin\u00e1rodn\u00ed festival A-FilmTeens\" class=\"wp-image-9454\" srcset=\"https:\/\/cinemahouse.cz\/wp-content\/uploads\/2025\/02\/4_Zuzana-Drazilova-poradfa-festival-A-filmTeens-uz-poctvrte_foto-Rene-Volfik-1024x683.jpg 1024w, https:\/\/cinemahouse.cz\/wp-content\/uploads\/2025\/02\/4_Zuzana-Drazilova-poradfa-festival-A-filmTeens-uz-poctvrte_foto-Rene-Volfik-300x200.jpg 300w, https:\/\/cinemahouse.cz\/wp-content\/uploads\/2025\/02\/4_Zuzana-Drazilova-poradfa-festival-A-filmTeens-uz-poctvrte_foto-Rene-Volfik-768x512.jpg 768w, https:\/\/cinemahouse.cz\/wp-content\/uploads\/2025\/02\/4_Zuzana-Drazilova-poradfa-festival-A-filmTeens-uz-poctvrte_foto-Rene-Volfik-1536x1024.jpg 1536w, https:\/\/cinemahouse.cz\/wp-content\/uploads\/2025\/02\/4_Zuzana-Drazilova-poradfa-festival-A-filmTeens-uz-poctvrte_foto-Rene-Volfik.jpg 1600w\" sizes=\"(max-width: 1024px) 100vw, 1024px\" \/><\/figure><\/div>\n\n\n<div style=\"height:45px\" aria-hidden=\"true\" class=\"wp-block-spacer\"><\/div>\n\n\n\n<h2 class=\"wp-block-heading\">Radost i povzbuzen\u00ed<\/h2>\n\n\n\n<div style=\"height:21px\" aria-hidden=\"true\" class=\"wp-block-spacer\"><\/div>\n\n\n\n<p class=\"has-medium-font-size\">Festival klade d\u016fraz na sn\u00edmky, kter\u00e9 ukazuj\u00ed, jak mlad\u00ed lid\u00e9 pro\u017e\u00edvaj\u00ed dne\u0161n\u00ed sv\u011bt. \u201eV tomto ro\u010dn\u00edku zd\u016fraz\u0148ujeme t\u00e9ma \u00b4radosti z&nbsp;ka\u017ed\u00e9ho dne\u00b4, i kdy\u017e te\u010f \u017eijeme sp\u00ed\u0161 v neradostn\u00e9m sv\u011bt\u011b. Chceme podpo\u0159it d\u011bti, kter\u00e9 p\u0159em\u00fd\u0161lej\u00ed, d\u011blaj\u00ed n\u011bco smyslupln\u00e9ho a cht\u011bj\u00ed se rozv\u00edjet,\u201c \u0159\u00edk\u00e1 <strong>Zuzana Dra\u017eilov\u00e1<\/strong>, zakladatelka festivalu.<\/p>\n\n\n\n<p class=\"has-medium-font-size\">\u201eV\u0161echno, co d\u011btem a dosp\u00edvaj\u00edc\u00edm pom\u00e1h\u00e1 t\u0159\u00edbit jejich my\u0161lenky, vkus a vizu\u00e1ln\u00ed vn\u00edm\u00e1n\u00ed, je podle mne dobr\u00e9 &#8211; v\u010detn\u011b nat\u00e1\u010den\u00ed vlastn\u00edch film\u016f,\u201c uv\u00e1d\u00ed here\u010dka <strong>Eli\u0161ka K\u0159enkov\u00e1<\/strong>, ambasadorka leto\u0161n\u00edho ro\u010dn\u00edku. \u201eFilmov\u00e1n\u00ed je nav\u00edc kreativn\u00ed pr\u00e1ce, kter\u00e1 jim m\u016f\u017ee p\u0159in\u00e9st radost a z\u00e1bavu. A taky je povzbudit, aby si v\u00edc v\u011b\u0159ili a neb\u00e1li se vyj\u00edt s k\u016f\u017e\u00ed na trh! Co\u017e m\u016f\u017ee pomoct jak budouc\u00edm filma\u0159\u016fm, tak t\u011bm, kte\u0159\u00ed se jednou budou v\u011bnovat i \u00fapln\u011b jin\u00fdm profes\u00edm,\u201c m\u00edn\u00ed K\u0159enkov\u00e1.<\/p>\n\n\n\n<div style=\"height:45px\" aria-hidden=\"true\" class=\"wp-block-spacer\"><\/div>\n\n\n<div class=\"wp-block-image\">\n<figure class=\"aligncenter size-large\"><img decoding=\"async\" loading=\"lazy\" width=\"1024\" height=\"682\" src=\"https:\/\/cinemahouse.cz\/wp-content\/uploads\/2025\/02\/1_Zuzana-Drazilova-s-hereckou-Eliskou-Krenkovou-ambasadorkou-festivalu-A-FilmTeens_foto-Rene-Volfik-1-1024x682.jpg\" alt=\"Mezin\u00e1rodn\u00ed festival A-FilmTeens\" class=\"wp-image-9459\" srcset=\"https:\/\/cinemahouse.cz\/wp-content\/uploads\/2025\/02\/1_Zuzana-Drazilova-s-hereckou-Eliskou-Krenkovou-ambasadorkou-festivalu-A-FilmTeens_foto-Rene-Volfik-1-1024x682.jpg 1024w, https:\/\/cinemahouse.cz\/wp-content\/uploads\/2025\/02\/1_Zuzana-Drazilova-s-hereckou-Eliskou-Krenkovou-ambasadorkou-festivalu-A-FilmTeens_foto-Rene-Volfik-1-300x200.jpg 300w, https:\/\/cinemahouse.cz\/wp-content\/uploads\/2025\/02\/1_Zuzana-Drazilova-s-hereckou-Eliskou-Krenkovou-ambasadorkou-festivalu-A-FilmTeens_foto-Rene-Volfik-1-768x512.jpg 768w, https:\/\/cinemahouse.cz\/wp-content\/uploads\/2025\/02\/1_Zuzana-Drazilova-s-hereckou-Eliskou-Krenkovou-ambasadorkou-festivalu-A-FilmTeens_foto-Rene-Volfik-1-1536x1024.jpg 1536w, https:\/\/cinemahouse.cz\/wp-content\/uploads\/2025\/02\/1_Zuzana-Drazilova-s-hereckou-Eliskou-Krenkovou-ambasadorkou-festivalu-A-FilmTeens_foto-Rene-Volfik-1-2048x1365.jpg 2048w\" sizes=\"(max-width: 1024px) 100vw, 1024px\" \/><\/figure><\/div>\n\n\n<div style=\"height:45px\" aria-hidden=\"true\" class=\"wp-block-spacer\"><\/div>\n\n\n\n<h2 class=\"wp-block-heading\">\u0158eck\u00e1 retrospektiva, Okna do sv\u011bta i FAMU d\u011btem<\/h2>\n\n\n\n<div style=\"height:21px\" aria-hidden=\"true\" class=\"wp-block-spacer\"><\/div>\n\n\n\n<p class=\"has-medium-font-size\">Leto\u0161n\u00ed ro\u010dn\u00edk poprv\u00e9 p\u0159in\u00e1\u0161\u00ed mimosout\u011b\u017en\u00ed filmov\u00fd program. Div\u00e1ci tak uvid\u00ed i nov\u00e9 filmy na festivalu ji\u017e d\u0159\u00edve ocen\u011bn\u00fdch filma\u0159\u016f, kter\u00fdm je u\u017e v\u00edc ne\u017e 20 let. Nov\u011b p\u0159edstav\u00ed i unik\u00e1tn\u00ed retrospektivu film\u016f d\u011bt\u00ed a ml\u00e1de\u017ee z&nbsp;\u0159eck\u00e9ho festivalu Camera Zizanio. \u201eProm\u00edtneme tak\u00e9 v\u00edt\u011bzn\u00e9 sn\u00edmky z&nbsp;let 2024 a 2023 z ka\u017edoro\u010dn\u00ed sout\u011b\u017ee mezin\u00e1rodn\u00ed organizace Youth Cinema Network, kter\u00e1 sdru\u017euje festivaly tvorby d\u011bt\u00ed a ml\u00e1de\u017ee z&nbsp;cel\u00e9ho sv\u011bta. Za posledn\u00ed dva roky na n\u00ed z&nbsp;celkem osmi ocen\u011bn\u00fdch film\u016f zabodovaly i 3 sn\u00edmky z&nbsp;\u010ceska, co\u017e je skv\u011bl\u00fd v\u00fdsledek. Dal\u0161\u00ed nesout\u011b\u017en\u00ed sekci budou tvo\u0159it filmy student\u016f FAMU ur\u010den\u00e9 pro d\u011bti s&nbsp;n\u00e1zvem FAMU d\u011btem. Poprv\u00e9 se bude konat Master Class, tv\u016fr\u010d\u00ed d\u00edlna veden\u00e1 re\u017eis\u00e9rem V\u00e1clavem Kadrnkou,\u201c up\u0159es\u0148uje novinky Dra\u017eilov\u00e1.<\/p>\n\n\n\n<p class=\"has-medium-font-size\">Festival i tentokr\u00e1t nab\u00eddne filmy z projektu <strong>Okna do sv\u011bta<\/strong>&nbsp;\u2013 audiovizu\u00e1ln\u00ed workshopy pro d\u011bti z&nbsp;d\u011btsk\u00fdch domov\u016f. \u201eSn\u00edmky nato\u010den\u00e9 filma\u0159i z&nbsp;d\u011btsk\u00fdch domov\u016f budou i sou\u010d\u00e1st\u00ed programu: prom\u00edtneme tak nap\u0159\u00edklad film Ronaldova pou\u0165 do st\u0159edu Zem\u011b, kter\u00fd od zm\u00edn\u011bn\u00e9 Youth Cinema Network z\u00edskal letos 2. m\u00edsto v&nbsp;kategorii Filmy z&nbsp;workshop\u016f,\u201c uv\u00e1d\u00ed Zuzana Dra\u017eilov\u00e1.<\/p>\n\n\n\n<div style=\"height:45px\" aria-hidden=\"true\" class=\"wp-block-spacer\"><\/div>\n\n\n<div class=\"wp-block-image\">\n<figure class=\"aligncenter size-full\"><img decoding=\"async\" loading=\"lazy\" width=\"990\" height=\"742\" src=\"https:\/\/cinemahouse.cz\/wp-content\/uploads\/2025\/02\/9_Letosnim-tematem-regionalni-souteze-festivalu-AFT-je-Radost-z-kazdeho-dne_foto-archiv-AFT.jpg\" alt=\"Mezin\u00e1rodn\u00ed festival A-FilmTeens\" class=\"wp-image-9453\" srcset=\"https:\/\/cinemahouse.cz\/wp-content\/uploads\/2025\/02\/9_Letosnim-tematem-regionalni-souteze-festivalu-AFT-je-Radost-z-kazdeho-dne_foto-archiv-AFT.jpg 990w, https:\/\/cinemahouse.cz\/wp-content\/uploads\/2025\/02\/9_Letosnim-tematem-regionalni-souteze-festivalu-AFT-je-Radost-z-kazdeho-dne_foto-archiv-AFT-300x225.jpg 300w, https:\/\/cinemahouse.cz\/wp-content\/uploads\/2025\/02\/9_Letosnim-tematem-regionalni-souteze-festivalu-AFT-je-Radost-z-kazdeho-dne_foto-archiv-AFT-768x576.jpg 768w\" sizes=\"(max-width: 990px) 100vw, 990px\" \/><\/figure><\/div>\n\n\n<div style=\"height:45px\" aria-hidden=\"true\" class=\"wp-block-spacer\"><\/div>\n\n\n\n<h2 class=\"wp-block-heading\">Co zaj\u00edm\u00e1 mlad\u00e9 filma\u0159e? Vztahy a mytologie<\/h2>\n\n\n\n<div style=\"height:21px\" aria-hidden=\"true\" class=\"wp-block-spacer\"><\/div>\n\n\n\n<p class=\"has-medium-font-size\">Organiz\u00e1tory festivalu p\u0159ekvapil rostouc\u00ed po\u010det film\u016f o vztaz\u00edch v\u0161eho druhu \u2013 a\u0165 u\u017e mezi p\u0159\u00e1teli, v rodin\u011b, anebo o vztahu k sob\u011b sam\u00e9mu. \u201eTato t\u00e9mata mlad\u00ed tv\u016frci a tv\u016frkyn\u011b dob\u0159e znaj\u00ed a dok\u00e1\u017eou je zachytit jedine\u010dnou optikou. Zaznamenali jsme tak\u00e9 zv\u00fd\u0161en\u00fd v\u00fdskyt t\u00e9mat o sv\u011bt\u011b kolem n\u00e1s, fascinaci mytologi\u00ed a r\u016fzn\u00fdmi kulturami,\u201c \u0159\u00edk\u00e1 Dra\u017eilov\u00e1 a dopl\u0148uje, \u017ee na festivalu jsou zastoupeny v\u0161echny \u017e\u00e1nry \u2013 od film\u016f hran\u00fdch, p\u0159es dokument\u00e1rn\u00ed, animovan\u00e9 a\u017e po experimenty. \u201eB\u011bhem hlavn\u00ed doby festivalu uspo\u0159\u00e1d\u00e1me i minim\u00e1ln\u011b 20 projekc\u00ed pro vybran\u00e9 z\u00e1kladn\u00ed a st\u0159edn\u00ed \u0161koly. Budeme p\u0159i nich prom\u00edtat jak filmy z&nbsp;mezin\u00e1rodn\u00ed sout\u011b\u017ee, tak sn\u00edmky dom\u00e1c\u00ed, proto\u017ee n\u011bkte\u0159\u00ed jejich tv\u016frci \u2013 \u00fa\u010dastn\u00edci region\u00e1ln\u00ed filmov\u00e9 sout\u011b\u017ee \u2013 budou sed\u011bt p\u0159\u00edmo v&nbsp;s\u00e1lech,\u201c dod\u00e1v\u00e1 Dra\u017eilov\u00e1.<\/p>\n\n\n\n<div style=\"height:45px\" aria-hidden=\"true\" class=\"wp-block-spacer\"><\/div>\n\n\n<div class=\"wp-block-image\">\n<figure class=\"aligncenter size-large\"><img decoding=\"async\" loading=\"lazy\" width=\"1024\" height=\"683\" src=\"https:\/\/cinemahouse.cz\/wp-content\/uploads\/2025\/02\/3_Zuzana-Drazilova-s-hereckou-Eliskou-Krenkovou-ambasadorkou-letosniho-rocniku-festivalu-A-FilmTeens_foto-Rene-Volfik-1024x683.jpg\" alt=\"Mezin\u00e1rodn\u00ed festival A-FilmTeens\" class=\"wp-image-9456\" srcset=\"https:\/\/cinemahouse.cz\/wp-content\/uploads\/2025\/02\/3_Zuzana-Drazilova-s-hereckou-Eliskou-Krenkovou-ambasadorkou-letosniho-rocniku-festivalu-A-FilmTeens_foto-Rene-Volfik-1024x683.jpg 1024w, https:\/\/cinemahouse.cz\/wp-content\/uploads\/2025\/02\/3_Zuzana-Drazilova-s-hereckou-Eliskou-Krenkovou-ambasadorkou-letosniho-rocniku-festivalu-A-FilmTeens_foto-Rene-Volfik-300x200.jpg 300w, https:\/\/cinemahouse.cz\/wp-content\/uploads\/2025\/02\/3_Zuzana-Drazilova-s-hereckou-Eliskou-Krenkovou-ambasadorkou-letosniho-rocniku-festivalu-A-FilmTeens_foto-Rene-Volfik-768x512.jpg 768w, https:\/\/cinemahouse.cz\/wp-content\/uploads\/2025\/02\/3_Zuzana-Drazilova-s-hereckou-Eliskou-Krenkovou-ambasadorkou-letosniho-rocniku-festivalu-A-FilmTeens_foto-Rene-Volfik-1536x1024.jpg 1536w, https:\/\/cinemahouse.cz\/wp-content\/uploads\/2025\/02\/3_Zuzana-Drazilova-s-hereckou-Eliskou-Krenkovou-ambasadorkou-letosniho-rocniku-festivalu-A-FilmTeens_foto-Rene-Volfik.jpg 1600w\" sizes=\"(max-width: 1024px) 100vw, 1024px\" \/><\/figure><\/div>\n\n\n<div style=\"height:45px\" aria-hidden=\"true\" class=\"wp-block-spacer\"><\/div>\n\n\n\n<h2 class=\"wp-block-heading\">Rostouc\u00ed festival, mezin\u00e1rodn\u00ed porota a dal\u0161\u00ed novinky<\/h2>\n\n\n\n<div style=\"height:21px\" aria-hidden=\"true\" class=\"wp-block-spacer\"><\/div>\n\n\n\n<p class=\"has-medium-font-size\">Novinkou projektu je i 17 podp\u016frn\u00fdch filmov\u00fdch workshop\u016f ur\u010den\u00fdch pro \u017e\u00e1ky z\u00e1kladn\u00edch a pro studenty st\u0159edn\u00edch \u0161kol v regionech Mladoboleslavsko, Rychnovsko a Vrchlabsko. \u201eD\u00edky nim vznik\u00e1 v\u00edce filme\u010dk\u016f pro tuto region\u00e1ln\u00ed filmovou sout\u011b\u017e. D\u011bti a dosp\u00edvaj\u00edc\u00ed si p\u0159i nich zkusili nato\u010dit sv\u016fj prvn\u00ed hran\u00fd, dokument\u00e1rn\u00ed \u010di animovan\u00fd film. Workshopy propojuj\u00ed d\u011bti, teenagery a pedagogy, kte\u0159\u00ed maj\u00ed z\u00e1jem o audiovizu\u00e1ln\u00ed tvorbu a v\u00fdchovu. V reprezentativn\u00edch prostor\u00e1ch \u0160koda Muzea se d\u011bti setkaj\u00ed je\u0161t\u011b p\u0159ed p\u0159ed\u00e1v\u00e1n\u00edm cen. To je napl\u00e1nov\u00e1no na 22. \u00fanora,\u201c l\u00ed\u010d\u00ed Dra\u017eilov\u00e1.<\/p>\n\n\n\n<p class=\"has-medium-font-size\">Festival vyhodnocuje mezin\u00e1rodn\u00ed porota slo\u017een\u00e1 z odborn\u00edk\u016f z \u0158ecka, Keni, Kanady a Slovinska, za \u010ceskou republiku v&nbsp;n\u00ed zasedne nap\u0159\u00edklad producent Jan Lengyel. V\u00edt\u011bzov\u00e9 obdr\u017e\u00ed diplomy, ale tak\u00e9 hodnotn\u00e9 ceny jako jsou sklen\u011bn\u00e9 trofeje, elektronika, knihy nebo \u00fa\u010dast na filmov\u00e9m workshopu b\u011bhem letn\u00edch pr\u00e1zdnin.<\/p>\n\n\n\n<div style=\"height:45px\" aria-hidden=\"true\" class=\"wp-block-spacer\"><\/div>\n\n\n<div class=\"wp-block-image\">\n<figure class=\"aligncenter size-large\"><img decoding=\"async\" loading=\"lazy\" width=\"1024\" height=\"576\" src=\"https:\/\/cinemahouse.cz\/wp-content\/uploads\/2025\/02\/8_Stab-filmaru-z-detskeho-domova-v-Duchcove_foto-archiv-AFT-1024x576.jpg\" alt=\"Mezin\u00e1rodn\u00ed festival A-FilmTeens\" class=\"wp-image-9461\" srcset=\"https:\/\/cinemahouse.cz\/wp-content\/uploads\/2025\/02\/8_Stab-filmaru-z-detskeho-domova-v-Duchcove_foto-archiv-AFT-1024x576.jpg 1024w, https:\/\/cinemahouse.cz\/wp-content\/uploads\/2025\/02\/8_Stab-filmaru-z-detskeho-domova-v-Duchcove_foto-archiv-AFT-300x169.jpg 300w, https:\/\/cinemahouse.cz\/wp-content\/uploads\/2025\/02\/8_Stab-filmaru-z-detskeho-domova-v-Duchcove_foto-archiv-AFT-768x432.jpg 768w, https:\/\/cinemahouse.cz\/wp-content\/uploads\/2025\/02\/8_Stab-filmaru-z-detskeho-domova-v-Duchcove_foto-archiv-AFT-1536x865.jpg 1536w, https:\/\/cinemahouse.cz\/wp-content\/uploads\/2025\/02\/8_Stab-filmaru-z-detskeho-domova-v-Duchcove_foto-archiv-AFT.jpg 1622w\" sizes=\"(max-width: 1024px) 100vw, 1024px\" \/><\/figure><\/div>\n\n\n<div style=\"height:45px\" aria-hidden=\"true\" class=\"wp-block-spacer\"><\/div>\n\n\n\n<h2 class=\"wp-block-heading\">V\u00edte, \u017ee\u2026<\/h2>\n\n\n\n<div style=\"height:21px\" aria-hidden=\"true\" class=\"wp-block-spacer\"><\/div>\n\n\n\n<p class=\"has-medium-font-size\">\u2026po skon\u010den\u00ed filmov\u00e9 p\u0159ehl\u00eddky se uskute\u010dn\u00ed festivalov\u00e9 <strong>Ozv\u011bny festivalu?<\/strong> Od 24. 2. do 31. 3. 2025 je uvede celkem 7 kin v&nbsp;regionech Rychnovsko, Vrchlabsko a Mladoboleslavsko. \u201eV&nbsp;dob\u011b Ozv\u011bn chceme zapojit do projektu tak\u00e9 dal\u0161\u00ed \u0161koly a kina ze St\u0159edo\u010desk\u00e9ho a Kr\u00e1lov\u00e9hradeck\u00e9ho kraje a div\u00e1ky z domov\u016f pro seniory,\u201c pl\u00e1nuje Dra\u017eilov\u00e1.<\/p>\n\n\n\n<p class=\"has-medium-font-size\">\u2026\u010desk\u00e9 a zahrani\u010dn\u00ed filmy budou hodnoceny spole\u010dn\u011b v mezin\u00e1rodn\u00ed sout\u011b\u017ei v hlavn\u00edch kategori\u00edch podle v\u011bku. Jsou jimi Teens Under (do 11 let), Teens Juniors (12-15 let), Teens Seniors (16-20 let). V&nbsp;podkategori\u00edch se pak sn\u00edmky d\u011bl\u00ed podle \u017e\u00e1nru: 1. filmy hran\u00e9, 2. dokumenty, 3. animace, 4. experiment\u00e1ln\u00ed filmy a p\u0159\u00edpadn\u011b 5. ostatn\u00ed tvorba (zn\u011blky, report\u00e1\u017ee, klipy apod.).<\/p>\n\n\n\n<p class=\"has-medium-font-size\">\u2026festival existuje od roku 2019 a po\u0159\u00e1d\u00e1 se prozat\u00edm ka\u017ed\u00fd druh\u00fd rok? Minul\u00fd ro\u010dn\u00edk v&nbsp;roce 2022 sledovalo online p\u0159es 25 000 div\u00e1k\u016f \u2013 p\u0159edev\u0161\u00edm \u017e\u00e1k\u016f, student\u016f a pedagog\u016f. P\u0159es 2 300 jich vid\u011blo filmy v&nbsp;kinech a festival spolupracoval v&nbsp;\u010cR s celkem 398 \u0161kolami \u2013 online i v kinech.<\/p>\n\n\n\n<p class=\"has-medium-font-size\">\u2026 region\u00e1ln\u00ed sout\u011b\u017e s&nbsp;hlavn\u00edm t\u00e9matem \u201eRadost z&nbsp;ka\u017ed\u00e9ho dne\u201c byla vyhl\u00e1\u0161ena v z\u00e1\u0159\u00ed 2024 a jej\u00ed nejzaz\u0161\u00ed uz\u00e1v\u011brka bude 10. ledna 2025.<\/p>\n\n\n\n<div style=\"height:45px\" aria-hidden=\"true\" class=\"wp-block-spacer\"><\/div>\n\n\n\n<figure class=\"wp-block-gallery has-nested-images columns-2 is-cropped wp-block-gallery-1 is-layout-flex wp-block-gallery-is-layout-flex\">\n<figure class=\"wp-block-image size-large\"><img decoding=\"async\" loading=\"lazy\" width=\"1024\" height=\"682\" data-id=\"9459\" src=\"https:\/\/cinemahouse.cz\/wp-content\/uploads\/2025\/02\/1_Zuzana-Drazilova-s-hereckou-Eliskou-Krenkovou-ambasadorkou-festivalu-A-FilmTeens_foto-Rene-Volfik-1-1024x682.jpg\" alt=\"Mezin\u00e1rodn\u00ed festival A-FilmTeens\" class=\"wp-image-9459\" srcset=\"https:\/\/cinemahouse.cz\/wp-content\/uploads\/2025\/02\/1_Zuzana-Drazilova-s-hereckou-Eliskou-Krenkovou-ambasadorkou-festivalu-A-FilmTeens_foto-Rene-Volfik-1-1024x682.jpg 1024w, https:\/\/cinemahouse.cz\/wp-content\/uploads\/2025\/02\/1_Zuzana-Drazilova-s-hereckou-Eliskou-Krenkovou-ambasadorkou-festivalu-A-FilmTeens_foto-Rene-Volfik-1-300x200.jpg 300w, https:\/\/cinemahouse.cz\/wp-content\/uploads\/2025\/02\/1_Zuzana-Drazilova-s-hereckou-Eliskou-Krenkovou-ambasadorkou-festivalu-A-FilmTeens_foto-Rene-Volfik-1-768x512.jpg 768w, https:\/\/cinemahouse.cz\/wp-content\/uploads\/2025\/02\/1_Zuzana-Drazilova-s-hereckou-Eliskou-Krenkovou-ambasadorkou-festivalu-A-FilmTeens_foto-Rene-Volfik-1-1536x1024.jpg 1536w, https:\/\/cinemahouse.cz\/wp-content\/uploads\/2025\/02\/1_Zuzana-Drazilova-s-hereckou-Eliskou-Krenkovou-ambasadorkou-festivalu-A-FilmTeens_foto-Rene-Volfik-1-2048x1365.jpg 2048w\" sizes=\"(max-width: 1024px) 100vw, 1024px\" \/><\/figure>\n\n\n\n<figure class=\"wp-block-image size-large\"><img decoding=\"async\" loading=\"lazy\" width=\"1024\" height=\"683\" data-id=\"9455\" src=\"https:\/\/cinemahouse.cz\/wp-content\/uploads\/2025\/02\/2_Zuzana-Drazilova-zakladatelka-mezinarodniho-festivalu-A-FilmTeens_foto-Rene-Volfik-1024x683.jpg\" alt=\"Mezin\u00e1rodn\u00ed festival A-FilmTeens\" class=\"wp-image-9455\" srcset=\"https:\/\/cinemahouse.cz\/wp-content\/uploads\/2025\/02\/2_Zuzana-Drazilova-zakladatelka-mezinarodniho-festivalu-A-FilmTeens_foto-Rene-Volfik-1024x683.jpg 1024w, https:\/\/cinemahouse.cz\/wp-content\/uploads\/2025\/02\/2_Zuzana-Drazilova-zakladatelka-mezinarodniho-festivalu-A-FilmTeens_foto-Rene-Volfik-300x200.jpg 300w, https:\/\/cinemahouse.cz\/wp-content\/uploads\/2025\/02\/2_Zuzana-Drazilova-zakladatelka-mezinarodniho-festivalu-A-FilmTeens_foto-Rene-Volfik-768x512.jpg 768w, https:\/\/cinemahouse.cz\/wp-content\/uploads\/2025\/02\/2_Zuzana-Drazilova-zakladatelka-mezinarodniho-festivalu-A-FilmTeens_foto-Rene-Volfik-1536x1024.jpg 1536w, https:\/\/cinemahouse.cz\/wp-content\/uploads\/2025\/02\/2_Zuzana-Drazilova-zakladatelka-mezinarodniho-festivalu-A-FilmTeens_foto-Rene-Volfik.jpg 1600w\" sizes=\"(max-width: 1024px) 100vw, 1024px\" \/><\/figure>\n\n\n\n<figure class=\"wp-block-image size-large\"><img decoding=\"async\" loading=\"lazy\" width=\"1024\" height=\"683\" data-id=\"9456\" src=\"https:\/\/cinemahouse.cz\/wp-content\/uploads\/2025\/02\/3_Zuzana-Drazilova-s-hereckou-Eliskou-Krenkovou-ambasadorkou-letosniho-rocniku-festivalu-A-FilmTeens_foto-Rene-Volfik-1024x683.jpg\" alt=\"Mezin\u00e1rodn\u00ed festival A-FilmTeens\" class=\"wp-image-9456\" srcset=\"https:\/\/cinemahouse.cz\/wp-content\/uploads\/2025\/02\/3_Zuzana-Drazilova-s-hereckou-Eliskou-Krenkovou-ambasadorkou-letosniho-rocniku-festivalu-A-FilmTeens_foto-Rene-Volfik-1024x683.jpg 1024w, https:\/\/cinemahouse.cz\/wp-content\/uploads\/2025\/02\/3_Zuzana-Drazilova-s-hereckou-Eliskou-Krenkovou-ambasadorkou-letosniho-rocniku-festivalu-A-FilmTeens_foto-Rene-Volfik-300x200.jpg 300w, https:\/\/cinemahouse.cz\/wp-content\/uploads\/2025\/02\/3_Zuzana-Drazilova-s-hereckou-Eliskou-Krenkovou-ambasadorkou-letosniho-rocniku-festivalu-A-FilmTeens_foto-Rene-Volfik-768x512.jpg 768w, https:\/\/cinemahouse.cz\/wp-content\/uploads\/2025\/02\/3_Zuzana-Drazilova-s-hereckou-Eliskou-Krenkovou-ambasadorkou-letosniho-rocniku-festivalu-A-FilmTeens_foto-Rene-Volfik-1536x1024.jpg 1536w, https:\/\/cinemahouse.cz\/wp-content\/uploads\/2025\/02\/3_Zuzana-Drazilova-s-hereckou-Eliskou-Krenkovou-ambasadorkou-letosniho-rocniku-festivalu-A-FilmTeens_foto-Rene-Volfik.jpg 1600w\" sizes=\"(max-width: 1024px) 100vw, 1024px\" \/><\/figure>\n\n\n\n<figure class=\"wp-block-image size-large\"><img decoding=\"async\" loading=\"lazy\" width=\"1024\" height=\"683\" data-id=\"9454\" src=\"https:\/\/cinemahouse.cz\/wp-content\/uploads\/2025\/02\/4_Zuzana-Drazilova-poradfa-festival-A-filmTeens-uz-poctvrte_foto-Rene-Volfik-1024x683.jpg\" alt=\"Mezin\u00e1rodn\u00ed festival A-FilmTeens\" class=\"wp-image-9454\" srcset=\"https:\/\/cinemahouse.cz\/wp-content\/uploads\/2025\/02\/4_Zuzana-Drazilova-poradfa-festival-A-filmTeens-uz-poctvrte_foto-Rene-Volfik-1024x683.jpg 1024w, https:\/\/cinemahouse.cz\/wp-content\/uploads\/2025\/02\/4_Zuzana-Drazilova-poradfa-festival-A-filmTeens-uz-poctvrte_foto-Rene-Volfik-300x200.jpg 300w, https:\/\/cinemahouse.cz\/wp-content\/uploads\/2025\/02\/4_Zuzana-Drazilova-poradfa-festival-A-filmTeens-uz-poctvrte_foto-Rene-Volfik-768x512.jpg 768w, https:\/\/cinemahouse.cz\/wp-content\/uploads\/2025\/02\/4_Zuzana-Drazilova-poradfa-festival-A-filmTeens-uz-poctvrte_foto-Rene-Volfik-1536x1024.jpg 1536w, https:\/\/cinemahouse.cz\/wp-content\/uploads\/2025\/02\/4_Zuzana-Drazilova-poradfa-festival-A-filmTeens-uz-poctvrte_foto-Rene-Volfik.jpg 1600w\" sizes=\"(max-width: 1024px) 100vw, 1024px\" \/><\/figure>\n\n\n\n<figure class=\"wp-block-image size-large\"><img decoding=\"async\" loading=\"lazy\" width=\"1024\" height=\"683\" data-id=\"9458\" src=\"https:\/\/cinemahouse.cz\/wp-content\/uploads\/2025\/02\/5_Reditelka-mezinarodniho-festivalu-A-FilmTeens-s-jeho-letosni-ambasadorkou-hereckou-Eliskou-Krenkovou_foto-Rene-Volfik-1024x683.jpg\" alt=\"Mezin\u00e1rodn\u00ed festival A-FilmTeens\" class=\"wp-image-9458\" srcset=\"https:\/\/cinemahouse.cz\/wp-content\/uploads\/2025\/02\/5_Reditelka-mezinarodniho-festivalu-A-FilmTeens-s-jeho-letosni-ambasadorkou-hereckou-Eliskou-Krenkovou_foto-Rene-Volfik-1024x683.jpg 1024w, https:\/\/cinemahouse.cz\/wp-content\/uploads\/2025\/02\/5_Reditelka-mezinarodniho-festivalu-A-FilmTeens-s-jeho-letosni-ambasadorkou-hereckou-Eliskou-Krenkovou_foto-Rene-Volfik-300x200.jpg 300w, https:\/\/cinemahouse.cz\/wp-content\/uploads\/2025\/02\/5_Reditelka-mezinarodniho-festivalu-A-FilmTeens-s-jeho-letosni-ambasadorkou-hereckou-Eliskou-Krenkovou_foto-Rene-Volfik-768x512.jpg 768w, https:\/\/cinemahouse.cz\/wp-content\/uploads\/2025\/02\/5_Reditelka-mezinarodniho-festivalu-A-FilmTeens-s-jeho-letosni-ambasadorkou-hereckou-Eliskou-Krenkovou_foto-Rene-Volfik-1536x1024.jpg 1536w, https:\/\/cinemahouse.cz\/wp-content\/uploads\/2025\/02\/5_Reditelka-mezinarodniho-festivalu-A-FilmTeens-s-jeho-letosni-ambasadorkou-hereckou-Eliskou-Krenkovou_foto-Rene-Volfik.jpg 1600w\" sizes=\"(max-width: 1024px) 100vw, 1024px\" \/><\/figure>\n\n\n\n<figure class=\"wp-block-image size-large\"><img decoding=\"async\" loading=\"lazy\" width=\"1024\" height=\"683\" data-id=\"9457\" src=\"https:\/\/cinemahouse.cz\/wp-content\/uploads\/2025\/02\/7_Festival-uvadi-snimky-filmaru-ve-veku-od-sesti-do-dvaceti-let_foto-archiv-AFT-1-1024x683.jpg\" alt=\"Mezin\u00e1rodn\u00ed festival A-FilmTeens\" class=\"wp-image-9457\" srcset=\"https:\/\/cinemahouse.cz\/wp-content\/uploads\/2025\/02\/7_Festival-uvadi-snimky-filmaru-ve-veku-od-sesti-do-dvaceti-let_foto-archiv-AFT-1-1024x683.jpg 1024w, https:\/\/cinemahouse.cz\/wp-content\/uploads\/2025\/02\/7_Festival-uvadi-snimky-filmaru-ve-veku-od-sesti-do-dvaceti-let_foto-archiv-AFT-1-300x200.jpg 300w, https:\/\/cinemahouse.cz\/wp-content\/uploads\/2025\/02\/7_Festival-uvadi-snimky-filmaru-ve-veku-od-sesti-do-dvaceti-let_foto-archiv-AFT-1-768x512.jpg 768w, https:\/\/cinemahouse.cz\/wp-content\/uploads\/2025\/02\/7_Festival-uvadi-snimky-filmaru-ve-veku-od-sesti-do-dvaceti-let_foto-archiv-AFT-1-1536x1025.jpg 1536w, https:\/\/cinemahouse.cz\/wp-content\/uploads\/2025\/02\/7_Festival-uvadi-snimky-filmaru-ve-veku-od-sesti-do-dvaceti-let_foto-archiv-AFT-1.jpg 1715w\" sizes=\"(max-width: 1024px) 100vw, 1024px\" \/><\/figure>\n\n\n\n<figure class=\"wp-block-image size-large\"><img decoding=\"async\" loading=\"lazy\" width=\"682\" height=\"1024\" data-id=\"9452\" src=\"https:\/\/cinemahouse.cz\/wp-content\/uploads\/2025\/02\/6_Drive-distributorka-a-filmova-producentka-Zuzana-Drazilova-se-nyni-venuje-organizaci-festivalu-A-FilmTeens_foto-Rene-Volfik-682x1024.jpg\" alt=\"Mezin\u00e1rodn\u00ed festival A-FilmTeens\" class=\"wp-image-9452\" srcset=\"https:\/\/cinemahouse.cz\/wp-content\/uploads\/2025\/02\/6_Drive-distributorka-a-filmova-producentka-Zuzana-Drazilova-se-nyni-venuje-organizaci-festivalu-A-FilmTeens_foto-Rene-Volfik-682x1024.jpg 682w, https:\/\/cinemahouse.cz\/wp-content\/uploads\/2025\/02\/6_Drive-distributorka-a-filmova-producentka-Zuzana-Drazilova-se-nyni-venuje-organizaci-festivalu-A-FilmTeens_foto-Rene-Volfik-200x300.jpg 200w, https:\/\/cinemahouse.cz\/wp-content\/uploads\/2025\/02\/6_Drive-distributorka-a-filmova-producentka-Zuzana-Drazilova-se-nyni-venuje-organizaci-festivalu-A-FilmTeens_foto-Rene-Volfik-768x1153.jpg 768w, https:\/\/cinemahouse.cz\/wp-content\/uploads\/2025\/02\/6_Drive-distributorka-a-filmova-producentka-Zuzana-Drazilova-se-nyni-venuje-organizaci-festivalu-A-FilmTeens_foto-Rene-Volfik-1023x1536.jpg 1023w, https:\/\/cinemahouse.cz\/wp-content\/uploads\/2025\/02\/6_Drive-distributorka-a-filmova-producentka-Zuzana-Drazilova-se-nyni-venuje-organizaci-festivalu-A-FilmTeens_foto-Rene-Volfik.jpg 1066w\" sizes=\"(max-width: 682px) 100vw, 682px\" \/><\/figure>\n\n\n\n<figure class=\"wp-block-image size-large\"><img decoding=\"async\" loading=\"lazy\" width=\"682\" height=\"1024\" data-id=\"9460\" src=\"https:\/\/cinemahouse.cz\/wp-content\/uploads\/2025\/02\/11_Zuzana-Drazilova-reditelka-mezinarodniho-festivalu-A-FilmTeens-s-cenou-Zlata-hvezda-Evropske-komise_foto-Mediatraining-682x1024.jpg\" alt=\"Mezin\u00e1rodn\u00ed festival A-FilmTeens\" class=\"wp-image-9460\" srcset=\"https:\/\/cinemahouse.cz\/wp-content\/uploads\/2025\/02\/11_Zuzana-Drazilova-reditelka-mezinarodniho-festivalu-A-FilmTeens-s-cenou-Zlata-hvezda-Evropske-komise_foto-Mediatraining-682x1024.jpg 682w, https:\/\/cinemahouse.cz\/wp-content\/uploads\/2025\/02\/11_Zuzana-Drazilova-reditelka-mezinarodniho-festivalu-A-FilmTeens-s-cenou-Zlata-hvezda-Evropske-komise_foto-Mediatraining-200x300.jpg 200w, https:\/\/cinemahouse.cz\/wp-content\/uploads\/2025\/02\/11_Zuzana-Drazilova-reditelka-mezinarodniho-festivalu-A-FilmTeens-s-cenou-Zlata-hvezda-Evropske-komise_foto-Mediatraining-768x1152.jpg 768w, https:\/\/cinemahouse.cz\/wp-content\/uploads\/2025\/02\/11_Zuzana-Drazilova-reditelka-mezinarodniho-festivalu-A-FilmTeens-s-cenou-Zlata-hvezda-Evropske-komise_foto-Mediatraining-1024x1536.jpg 1024w, https:\/\/cinemahouse.cz\/wp-content\/uploads\/2025\/02\/11_Zuzana-Drazilova-reditelka-mezinarodniho-festivalu-A-FilmTeens-s-cenou-Zlata-hvezda-Evropske-komise_foto-Mediatraining.jpg 1133w\" sizes=\"(max-width: 682px) 100vw, 682px\" \/><\/figure>\n\n\n\n<figure class=\"wp-block-image size-large\"><img decoding=\"async\" loading=\"lazy\" width=\"1024\" height=\"576\" data-id=\"9461\" src=\"https:\/\/cinemahouse.cz\/wp-content\/uploads\/2025\/02\/8_Stab-filmaru-z-detskeho-domova-v-Duchcove_foto-archiv-AFT-1024x576.jpg\" alt=\"Mezin\u00e1rodn\u00ed festival A-FilmTeens\" class=\"wp-image-9461\" srcset=\"https:\/\/cinemahouse.cz\/wp-content\/uploads\/2025\/02\/8_Stab-filmaru-z-detskeho-domova-v-Duchcove_foto-archiv-AFT-1024x576.jpg 1024w, https:\/\/cinemahouse.cz\/wp-content\/uploads\/2025\/02\/8_Stab-filmaru-z-detskeho-domova-v-Duchcove_foto-archiv-AFT-300x169.jpg 300w, https:\/\/cinemahouse.cz\/wp-content\/uploads\/2025\/02\/8_Stab-filmaru-z-detskeho-domova-v-Duchcove_foto-archiv-AFT-768x432.jpg 768w, https:\/\/cinemahouse.cz\/wp-content\/uploads\/2025\/02\/8_Stab-filmaru-z-detskeho-domova-v-Duchcove_foto-archiv-AFT-1536x865.jpg 1536w, https:\/\/cinemahouse.cz\/wp-content\/uploads\/2025\/02\/8_Stab-filmaru-z-detskeho-domova-v-Duchcove_foto-archiv-AFT.jpg 1622w\" sizes=\"(max-width: 1024px) 100vw, 1024px\" \/><\/figure>\n\n\n\n<figure class=\"wp-block-image size-large\"><img decoding=\"async\" loading=\"lazy\" width=\"990\" height=\"742\" data-id=\"9453\" src=\"https:\/\/cinemahouse.cz\/wp-content\/uploads\/2025\/02\/9_Letosnim-tematem-regionalni-souteze-festivalu-AFT-je-Radost-z-kazdeho-dne_foto-archiv-AFT.jpg\" alt=\"Mezin\u00e1rodn\u00ed festival A-FilmTeens\" class=\"wp-image-9453\" srcset=\"https:\/\/cinemahouse.cz\/wp-content\/uploads\/2025\/02\/9_Letosnim-tematem-regionalni-souteze-festivalu-AFT-je-Radost-z-kazdeho-dne_foto-archiv-AFT.jpg 990w, https:\/\/cinemahouse.cz\/wp-content\/uploads\/2025\/02\/9_Letosnim-tematem-regionalni-souteze-festivalu-AFT-je-Radost-z-kazdeho-dne_foto-archiv-AFT-300x225.jpg 300w, https:\/\/cinemahouse.cz\/wp-content\/uploads\/2025\/02\/9_Letosnim-tematem-regionalni-souteze-festivalu-AFT-je-Radost-z-kazdeho-dne_foto-archiv-AFT-768x576.jpg 768w\" sizes=\"(max-width: 990px) 100vw, 990px\" \/><\/figure>\n<\/figure>\n\n\n\n<div style=\"height:45px\" aria-hidden=\"true\" class=\"wp-block-spacer\"><\/div>\n\n\n\n<p><strong>Zdroj foto: <\/strong>AFT<\/p>\n\n\n\n<div style=\"height:45px\" aria-hidden=\"true\" class=\"wp-block-spacer\"><\/div>\n","protected":false},"excerpt":{"rendered":"<p>Sv\u011b\u017e\u00ed a neot\u0159el\u00e9 n\u00e1m\u011bty, up\u0159\u00edmnost a radost ve v\u0161ech podob\u00e1ch. To p\u0159edstavuje ji\u017e 4. ro\u010dn\u00edk mezin\u00e1rodn\u00edho festivalu filmov\u00e9 tvorby d\u011bt\u00ed a ml\u00e1de\u017ee A-FilmTeens 2025 (AFT). Od 12. do 23. \u00fanora nab\u00eddne div\u00e1k\u016fm 100 sout\u011b\u017en\u00edch&#46;&#46;&#46;<\/p>\n","protected":false},"author":7,"featured_media":9459,"comment_status":"closed","ping_status":"closed","sticky":false,"template":"","format":"standard","meta":{"_monsterinsights_skip_tracking":false,"_monsterinsights_sitenote_active":false,"_monsterinsights_sitenote_note":"","_monsterinsights_sitenote_category":0,"footnotes":""},"categories":[3,12,2,9],"tags":[],"yoast_head":"<!-- This site is optimized with the Yoast SEO plugin v21.4 - https:\/\/yoast.com\/wordpress\/plugins\/seo\/ -->\n<title>Mezin\u00e1rodn\u00ed festival A-FilmTeens uk\u00e1\u017ee od 12. \u00fanora\u00a0 filmy d\u011bt\u00ed a teenager\u016f - CINEMAHOUSE.cz<\/title>\n<meta name=\"description\" content=\"Sv\u011b\u017e\u00ed a neot\u0159el\u00e9 n\u00e1m\u011bty, up\u0159\u00edmnost a radost, to p\u0159edstavuje ji\u017e 4. ro\u010dn\u00edk mezin\u00e1rodn\u00edho festivalu filmov\u00e9 tvorby A-FilmTeens 2025.\" \/>\n<meta name=\"robots\" content=\"index, follow, max-snippet:-1, max-image-preview:large, max-video-preview:-1\" \/>\n<link rel=\"canonical\" href=\"https:\/\/cinemahouse.cz\/index.php\/2025\/02\/08\/mezinarodni-festival-a-filmteens-ukaze-od-12-unora-filmy-deti-a-teenageru\/\" \/>\n<meta property=\"og:locale\" content=\"cs_CZ\" \/>\n<meta property=\"og:type\" content=\"article\" \/>\n<meta property=\"og:title\" content=\"Mezin\u00e1rodn\u00ed festival A-FilmTeens uk\u00e1\u017ee od 12. \u00fanora\u00a0 filmy d\u011bt\u00ed a teenager\u016f - CINEMAHOUSE.cz\" \/>\n<meta property=\"og:description\" content=\"Sv\u011b\u017e\u00ed a neot\u0159el\u00e9 n\u00e1m\u011bty, up\u0159\u00edmnost a radost, to p\u0159edstavuje ji\u017e 4. ro\u010dn\u00edk mezin\u00e1rodn\u00edho festivalu filmov\u00e9 tvorby A-FilmTeens 2025.\" \/>\n<meta property=\"og:url\" content=\"https:\/\/cinemahouse.cz\/index.php\/2025\/02\/08\/mezinarodni-festival-a-filmteens-ukaze-od-12-unora-filmy-deti-a-teenageru\/\" \/>\n<meta property=\"og:site_name\" content=\"CINEMAHOUSE.cz\" \/>\n<meta property=\"article:published_time\" content=\"2025-02-07T23:01:00+00:00\" \/>\n<meta property=\"article:modified_time\" content=\"2025-03-09T21:05:32+00:00\" \/>\n<meta property=\"og:image\" content=\"https:\/\/cinemahouse.cz\/wp-content\/uploads\/2025\/02\/1_Zuzana-Drazilova-s-hereckou-Eliskou-Krenkovou-ambasadorkou-festivalu-A-FilmTeens_foto-Rene-Volfik-1.jpg\" \/>\n\t<meta property=\"og:image:width\" content=\"2350\" \/>\n\t<meta property=\"og:image:height\" content=\"1566\" \/>\n\t<meta property=\"og:image:type\" content=\"image\/jpeg\" \/>\n<meta name=\"author\" content=\"Martina Pechov\u00e1\" \/>\n<meta name=\"twitter:card\" content=\"summary_large_image\" \/>\n<meta name=\"twitter:label1\" content=\"Napsal(a)\" \/>\n\t<meta name=\"twitter:data1\" content=\"Martina Pechov\u00e1\" \/>\n\t<meta name=\"twitter:label2\" content=\"Odhadovan\u00e1 doba \u010dten\u00ed\" \/>\n\t<meta name=\"twitter:data2\" content=\"9 minut\" \/>\n<script type=\"application\/ld+json\" class=\"yoast-schema-graph\">{\"@context\":\"https:\/\/schema.org\",\"@graph\":[{\"@type\":\"Article\",\"@id\":\"https:\/\/cinemahouse.cz\/index.php\/2025\/02\/08\/mezinarodni-festival-a-filmteens-ukaze-od-12-unora-filmy-deti-a-teenageru\/#article\",\"isPartOf\":{\"@id\":\"https:\/\/cinemahouse.cz\/index.php\/2025\/02\/08\/mezinarodni-festival-a-filmteens-ukaze-od-12-unora-filmy-deti-a-teenageru\/\"},\"author\":{\"name\":\"Martina Pechov\u00e1\",\"@id\":\"https:\/\/cinemahouse.cz\/#\/schema\/person\/8e894bed58c7bf0d7b179ae61a79027e\"},\"headline\":\"Mezin\u00e1rodn\u00ed festival A-FilmTeens uk\u00e1\u017ee od 12. \u00fanora\u00a0 filmy d\u011bt\u00ed a teenager\u016f\",\"datePublished\":\"2025-02-07T23:01:00+00:00\",\"dateModified\":\"2025-03-09T21:05:32+00:00\",\"mainEntityOfPage\":{\"@id\":\"https:\/\/cinemahouse.cz\/index.php\/2025\/02\/08\/mezinarodni-festival-a-filmteens-ukaze-od-12-unora-filmy-deti-a-teenageru\/\"},\"wordCount\":1277,\"publisher\":{\"@id\":\"https:\/\/cinemahouse.cz\/#organization\"},\"articleSection\":[\"FILMOV\u00c9 NOVINKY\",\"FILMY, SERI\u00c1LY a TV\",\"NEWS\",\"SOUT\u011a\u017dE\"],\"inLanguage\":\"cs\"},{\"@type\":\"WebPage\",\"@id\":\"https:\/\/cinemahouse.cz\/index.php\/2025\/02\/08\/mezinarodni-festival-a-filmteens-ukaze-od-12-unora-filmy-deti-a-teenageru\/\",\"url\":\"https:\/\/cinemahouse.cz\/index.php\/2025\/02\/08\/mezinarodni-festival-a-filmteens-ukaze-od-12-unora-filmy-deti-a-teenageru\/\",\"name\":\"Mezin\u00e1rodn\u00ed festival A-FilmTeens uk\u00e1\u017ee od 12. \u00fanora\u00a0 filmy d\u011bt\u00ed a teenager\u016f - CINEMAHOUSE.cz\",\"isPartOf\":{\"@id\":\"https:\/\/cinemahouse.cz\/#website\"},\"datePublished\":\"2025-02-07T23:01:00+00:00\",\"dateModified\":\"2025-03-09T21:05:32+00:00\",\"description\":\"Sv\u011b\u017e\u00ed a neot\u0159el\u00e9 n\u00e1m\u011bty, up\u0159\u00edmnost a radost, to p\u0159edstavuje ji\u017e 4. ro\u010dn\u00edk mezin\u00e1rodn\u00edho festivalu filmov\u00e9 tvorby A-FilmTeens 2025.\",\"breadcrumb\":{\"@id\":\"https:\/\/cinemahouse.cz\/index.php\/2025\/02\/08\/mezinarodni-festival-a-filmteens-ukaze-od-12-unora-filmy-deti-a-teenageru\/#breadcrumb\"},\"inLanguage\":\"cs\",\"potentialAction\":[{\"@type\":\"ReadAction\",\"target\":[\"https:\/\/cinemahouse.cz\/index.php\/2025\/02\/08\/mezinarodni-festival-a-filmteens-ukaze-od-12-unora-filmy-deti-a-teenageru\/\"]}]},{\"@type\":\"BreadcrumbList\",\"@id\":\"https:\/\/cinemahouse.cz\/index.php\/2025\/02\/08\/mezinarodni-festival-a-filmteens-ukaze-od-12-unora-filmy-deti-a-teenageru\/#breadcrumb\",\"itemListElement\":[{\"@type\":\"ListItem\",\"position\":1,\"name\":\"Dom\u016f\",\"item\":\"https:\/\/cinemahouse.cz\/\"},{\"@type\":\"ListItem\",\"position\":2,\"name\":\"Mezin\u00e1rodn\u00ed festival A-FilmTeens uk\u00e1\u017ee od 12. \u00fanora\u00a0 filmy d\u011bt\u00ed a teenager\u016f\"}]},{\"@type\":\"WebSite\",\"@id\":\"https:\/\/cinemahouse.cz\/#website\",\"url\":\"https:\/\/cinemahouse.cz\/\",\"name\":\"CINEMAHOUSE.cz\",\"description\":\"Port\u00e1l o filmov\u00fdch novink\u00e1ch\",\"publisher\":{\"@id\":\"https:\/\/cinemahouse.cz\/#organization\"},\"potentialAction\":[{\"@type\":\"SearchAction\",\"target\":{\"@type\":\"EntryPoint\",\"urlTemplate\":\"https:\/\/cinemahouse.cz\/?s={search_term_string}\"},\"query-input\":\"required name=search_term_string\"}],\"inLanguage\":\"cs\"},{\"@type\":\"Organization\",\"@id\":\"https:\/\/cinemahouse.cz\/#organization\",\"name\":\"CINEMAHOUSE.cz\",\"url\":\"https:\/\/cinemahouse.cz\/\",\"logo\":{\"@type\":\"ImageObject\",\"inLanguage\":\"cs\",\"@id\":\"https:\/\/cinemahouse.cz\/#\/schema\/logo\/image\/\",\"url\":\"https:\/\/cinemahouse.cz\/wp-content\/uploads\/2024\/12\/cropped-Logo_CinemaHouse.jpg\",\"contentUrl\":\"https:\/\/cinemahouse.cz\/wp-content\/uploads\/2024\/12\/cropped-Logo_CinemaHouse.jpg\",\"width\":926,\"height\":467,\"caption\":\"CINEMAHOUSE.cz\"},\"image\":{\"@id\":\"https:\/\/cinemahouse.cz\/#\/schema\/logo\/image\/\"}},{\"@type\":\"Person\",\"@id\":\"https:\/\/cinemahouse.cz\/#\/schema\/person\/8e894bed58c7bf0d7b179ae61a79027e\",\"name\":\"Martina Pechov\u00e1\",\"image\":{\"@type\":\"ImageObject\",\"inLanguage\":\"cs\",\"@id\":\"https:\/\/cinemahouse.cz\/#\/schema\/person\/image\/\",\"url\":\"https:\/\/secure.gravatar.com\/avatar\/d3ad7f43789eed68b221d01c6d7ac4e5?s=96&d=mm&r=g\",\"contentUrl\":\"https:\/\/secure.gravatar.com\/avatar\/d3ad7f43789eed68b221d01c6d7ac4e5?s=96&d=mm&r=g\",\"caption\":\"Martina Pechov\u00e1\"},\"sameAs\":[\"http:\/\/CINEMAHOUSE.cz\"],\"url\":\"https:\/\/cinemahouse.cz\/index.php\/author\/marpech\/\"}]}<\/script>\n<!-- \/ Yoast SEO plugin. -->","yoast_head_json":{"title":"Mezin\u00e1rodn\u00ed festival A-FilmTeens uk\u00e1\u017ee od 12. \u00fanora\u00a0 filmy d\u011bt\u00ed a teenager\u016f - CINEMAHOUSE.cz","description":"Sv\u011b\u017e\u00ed a neot\u0159el\u00e9 n\u00e1m\u011bty, up\u0159\u00edmnost a radost, to p\u0159edstavuje ji\u017e 4. ro\u010dn\u00edk mezin\u00e1rodn\u00edho festivalu filmov\u00e9 tvorby A-FilmTeens 2025.","robots":{"index":"index","follow":"follow","max-snippet":"max-snippet:-1","max-image-preview":"max-image-preview:large","max-video-preview":"max-video-preview:-1"},"canonical":"https:\/\/cinemahouse.cz\/index.php\/2025\/02\/08\/mezinarodni-festival-a-filmteens-ukaze-od-12-unora-filmy-deti-a-teenageru\/","og_locale":"cs_CZ","og_type":"article","og_title":"Mezin\u00e1rodn\u00ed festival A-FilmTeens uk\u00e1\u017ee od 12. \u00fanora\u00a0 filmy d\u011bt\u00ed a teenager\u016f - CINEMAHOUSE.cz","og_description":"Sv\u011b\u017e\u00ed a neot\u0159el\u00e9 n\u00e1m\u011bty, up\u0159\u00edmnost a radost, to p\u0159edstavuje ji\u017e 4. ro\u010dn\u00edk mezin\u00e1rodn\u00edho festivalu filmov\u00e9 tvorby A-FilmTeens 2025.","og_url":"https:\/\/cinemahouse.cz\/index.php\/2025\/02\/08\/mezinarodni-festival-a-filmteens-ukaze-od-12-unora-filmy-deti-a-teenageru\/","og_site_name":"CINEMAHOUSE.cz","article_published_time":"2025-02-07T23:01:00+00:00","article_modified_time":"2025-03-09T21:05:32+00:00","og_image":[{"width":2350,"height":1566,"url":"https:\/\/cinemahouse.cz\/wp-content\/uploads\/2025\/02\/1_Zuzana-Drazilova-s-hereckou-Eliskou-Krenkovou-ambasadorkou-festivalu-A-FilmTeens_foto-Rene-Volfik-1.jpg","type":"image\/jpeg"}],"author":"Martina Pechov\u00e1","twitter_card":"summary_large_image","twitter_misc":{"Napsal(a)":"Martina Pechov\u00e1","Odhadovan\u00e1 doba \u010dten\u00ed":"9 minut"},"schema":{"@context":"https:\/\/schema.org","@graph":[{"@type":"Article","@id":"https:\/\/cinemahouse.cz\/index.php\/2025\/02\/08\/mezinarodni-festival-a-filmteens-ukaze-od-12-unora-filmy-deti-a-teenageru\/#article","isPartOf":{"@id":"https:\/\/cinemahouse.cz\/index.php\/2025\/02\/08\/mezinarodni-festival-a-filmteens-ukaze-od-12-unora-filmy-deti-a-teenageru\/"},"author":{"name":"Martina Pechov\u00e1","@id":"https:\/\/cinemahouse.cz\/#\/schema\/person\/8e894bed58c7bf0d7b179ae61a79027e"},"headline":"Mezin\u00e1rodn\u00ed festival A-FilmTeens uk\u00e1\u017ee od 12. \u00fanora\u00a0 filmy d\u011bt\u00ed a teenager\u016f","datePublished":"2025-02-07T23:01:00+00:00","dateModified":"2025-03-09T21:05:32+00:00","mainEntityOfPage":{"@id":"https:\/\/cinemahouse.cz\/index.php\/2025\/02\/08\/mezinarodni-festival-a-filmteens-ukaze-od-12-unora-filmy-deti-a-teenageru\/"},"wordCount":1277,"publisher":{"@id":"https:\/\/cinemahouse.cz\/#organization"},"articleSection":["FILMOV\u00c9 NOVINKY","FILMY, SERI\u00c1LY a TV","NEWS","SOUT\u011a\u017dE"],"inLanguage":"cs"},{"@type":"WebPage","@id":"https:\/\/cinemahouse.cz\/index.php\/2025\/02\/08\/mezinarodni-festival-a-filmteens-ukaze-od-12-unora-filmy-deti-a-teenageru\/","url":"https:\/\/cinemahouse.cz\/index.php\/2025\/02\/08\/mezinarodni-festival-a-filmteens-ukaze-od-12-unora-filmy-deti-a-teenageru\/","name":"Mezin\u00e1rodn\u00ed festival A-FilmTeens uk\u00e1\u017ee od 12. \u00fanora\u00a0 filmy d\u011bt\u00ed a teenager\u016f - CINEMAHOUSE.cz","isPartOf":{"@id":"https:\/\/cinemahouse.cz\/#website"},"datePublished":"2025-02-07T23:01:00+00:00","dateModified":"2025-03-09T21:05:32+00:00","description":"Sv\u011b\u017e\u00ed a neot\u0159el\u00e9 n\u00e1m\u011bty, up\u0159\u00edmnost a radost, to p\u0159edstavuje ji\u017e 4. ro\u010dn\u00edk mezin\u00e1rodn\u00edho festivalu filmov\u00e9 tvorby A-FilmTeens 2025.","breadcrumb":{"@id":"https:\/\/cinemahouse.cz\/index.php\/2025\/02\/08\/mezinarodni-festival-a-filmteens-ukaze-od-12-unora-filmy-deti-a-teenageru\/#breadcrumb"},"inLanguage":"cs","potentialAction":[{"@type":"ReadAction","target":["https:\/\/cinemahouse.cz\/index.php\/2025\/02\/08\/mezinarodni-festival-a-filmteens-ukaze-od-12-unora-filmy-deti-a-teenageru\/"]}]},{"@type":"BreadcrumbList","@id":"https:\/\/cinemahouse.cz\/index.php\/2025\/02\/08\/mezinarodni-festival-a-filmteens-ukaze-od-12-unora-filmy-deti-a-teenageru\/#breadcrumb","itemListElement":[{"@type":"ListItem","position":1,"name":"Dom\u016f","item":"https:\/\/cinemahouse.cz\/"},{"@type":"ListItem","position":2,"name":"Mezin\u00e1rodn\u00ed festival A-FilmTeens uk\u00e1\u017ee od 12. \u00fanora\u00a0 filmy d\u011bt\u00ed a teenager\u016f"}]},{"@type":"WebSite","@id":"https:\/\/cinemahouse.cz\/#website","url":"https:\/\/cinemahouse.cz\/","name":"CINEMAHOUSE.cz","description":"Port\u00e1l o filmov\u00fdch novink\u00e1ch","publisher":{"@id":"https:\/\/cinemahouse.cz\/#organization"},"potentialAction":[{"@type":"SearchAction","target":{"@type":"EntryPoint","urlTemplate":"https:\/\/cinemahouse.cz\/?s={search_term_string}"},"query-input":"required name=search_term_string"}],"inLanguage":"cs"},{"@type":"Organization","@id":"https:\/\/cinemahouse.cz\/#organization","name":"CINEMAHOUSE.cz","url":"https:\/\/cinemahouse.cz\/","logo":{"@type":"ImageObject","inLanguage":"cs","@id":"https:\/\/cinemahouse.cz\/#\/schema\/logo\/image\/","url":"https:\/\/cinemahouse.cz\/wp-content\/uploads\/2024\/12\/cropped-Logo_CinemaHouse.jpg","contentUrl":"https:\/\/cinemahouse.cz\/wp-content\/uploads\/2024\/12\/cropped-Logo_CinemaHouse.jpg","width":926,"height":467,"caption":"CINEMAHOUSE.cz"},"image":{"@id":"https:\/\/cinemahouse.cz\/#\/schema\/logo\/image\/"}},{"@type":"Person","@id":"https:\/\/cinemahouse.cz\/#\/schema\/person\/8e894bed58c7bf0d7b179ae61a79027e","name":"Martina Pechov\u00e1","image":{"@type":"ImageObject","inLanguage":"cs","@id":"https:\/\/cinemahouse.cz\/#\/schema\/person\/image\/","url":"https:\/\/secure.gravatar.com\/avatar\/d3ad7f43789eed68b221d01c6d7ac4e5?s=96&d=mm&r=g","contentUrl":"https:\/\/secure.gravatar.com\/avatar\/d3ad7f43789eed68b221d01c6d7ac4e5?s=96&d=mm&r=g","caption":"Martina Pechov\u00e1"},"sameAs":["http:\/\/CINEMAHOUSE.cz"],"url":"https:\/\/cinemahouse.cz\/index.php\/author\/marpech\/"}]}},"_links":{"self":[{"href":"https:\/\/cinemahouse.cz\/index.php\/wp-json\/wp\/v2\/posts\/9450"}],"collection":[{"href":"https:\/\/cinemahouse.cz\/index.php\/wp-json\/wp\/v2\/posts"}],"about":[{"href":"https:\/\/cinemahouse.cz\/index.php\/wp-json\/wp\/v2\/types\/post"}],"author":[{"embeddable":true,"href":"https:\/\/cinemahouse.cz\/index.php\/wp-json\/wp\/v2\/users\/7"}],"replies":[{"embeddable":true,"href":"https:\/\/cinemahouse.cz\/index.php\/wp-json\/wp\/v2\/comments?post=9450"}],"version-history":[{"count":4,"href":"https:\/\/cinemahouse.cz\/index.php\/wp-json\/wp\/v2\/posts\/9450\/revisions"}],"predecessor-version":[{"id":9755,"href":"https:\/\/cinemahouse.cz\/index.php\/wp-json\/wp\/v2\/posts\/9450\/revisions\/9755"}],"wp:featuredmedia":[{"embeddable":true,"href":"https:\/\/cinemahouse.cz\/index.php\/wp-json\/wp\/v2\/media\/9459"}],"wp:attachment":[{"href":"https:\/\/cinemahouse.cz\/index.php\/wp-json\/wp\/v2\/media?parent=9450"}],"wp:term":[{"taxonomy":"category","embeddable":true,"href":"https:\/\/cinemahouse.cz\/index.php\/wp-json\/wp\/v2\/categories?post=9450"},{"taxonomy":"post_tag","embeddable":true,"href":"https:\/\/cinemahouse.cz\/index.php\/wp-json\/wp\/v2\/tags?post=9450"}],"curies":[{"name":"wp","href":"https:\/\/api.w.org\/{rel}","templated":true}]}}