{"id":8859,"date":"2024-11-20T00:01:00","date_gmt":"2024-11-19T23:01:00","guid":{"rendered":"https:\/\/cinemahouse.cz\/?p=8859"},"modified":"2024-11-19T21:58:09","modified_gmt":"2024-11-19T20:58:09","slug":"festival-francouzskeho-filmu-27-rocnik-nabidne-predpremiery-soutezni-sekci-kratke-filmy-a-mnoho-dalsiho","status":"publish","type":"post","link":"https:\/\/cinemahouse.cz\/index.php\/2024\/11\/20\/festival-francouzskeho-filmu-27-rocnik-nabidne-predpremiery-soutezni-sekci-kratke-filmy-a-mnoho-dalsiho\/","title":{"rendered":"Festival francouzsk\u00e9ho filmu: 27. ro\u010dn\u00edk nab\u00eddne p\u0159edpremi\u00e9ry, sout\u011b\u017en\u00ed sekci, kr\u00e1tk\u00e9 filmy a mnoho dal\u0161\u00edho"},"content":{"rendered":"\n<div style=\"height:39px\" aria-hidden=\"true\" class=\"wp-block-spacer\"><\/div>\n\n\n\n<p><strong>Festival bude slavnostn\u011b zah\u00e1jen <a href=\"https:\/\/vcentruprahy.cz\/\">v centru Prahy<\/a> ve \u010dtvrtek 21. 11. 2024 <a href=\"https:\/\/www.kinolucerna.cz\/\">v kin\u011b Lucerna<\/a> p\u0159edpremi\u00e9rou filmu Aznavour, kter\u00fd je inspirovan\u00fd \u017eivotem slavn\u00e9ho francouzsk\u00e9ho zp\u011bv\u00e1ka arm\u00e9nsk\u00e9ho p\u016fvodu Charlese Aznavoura.<\/strong><\/p>\n\n\n\n<div style=\"height:39px\" aria-hidden=\"true\" class=\"wp-block-spacer\"><\/div>\n\n\n<div class=\"wp-block-image\">\n<figure class=\"aligncenter size-large\"><img decoding=\"async\" loading=\"lazy\" width=\"1024\" height=\"534\" src=\"https:\/\/cinemahouse.cz\/wp-content\/uploads\/2024\/11\/a612bd142a74d2f880e40dc1db9a9521-1024x534.jpg\" alt=\"\" class=\"wp-image-8860\" srcset=\"https:\/\/cinemahouse.cz\/wp-content\/uploads\/2024\/11\/a612bd142a74d2f880e40dc1db9a9521-1024x534.jpg 1024w, https:\/\/cinemahouse.cz\/wp-content\/uploads\/2024\/11\/a612bd142a74d2f880e40dc1db9a9521-300x157.jpg 300w, https:\/\/cinemahouse.cz\/wp-content\/uploads\/2024\/11\/a612bd142a74d2f880e40dc1db9a9521-768x401.jpg 768w, https:\/\/cinemahouse.cz\/wp-content\/uploads\/2024\/11\/a612bd142a74d2f880e40dc1db9a9521.jpg 1150w\" sizes=\"(max-width: 1024px) 100vw, 1024px\" \/><\/figure><\/div>\n\n\n<div style=\"height:39px\" aria-hidden=\"true\" class=\"wp-block-spacer\"><\/div>\n\n\n\n<p>Festival francouzsk\u00e9ho filmu se tradi\u010dn\u011b odehr\u00e1v\u00e1 na sklonku listopadu a ani letos tomu nebude jinak. <strong><a href=\"https:\/\/prazskametropole.cz\/\">V Praze<\/a> si milovn\u00edci francouzsk\u00e9 kinematografie mohou u\u017e\u00edt filmov\u00e9 projekce od 21. do 27. listopadu,<\/strong> a to na n\u011bkolika obl\u00edben\u00fdch m\u00edstech, jako jsou Kino 35 ve Francouzsk\u00e9m institutu, <strong>Lucerna<\/strong>, Sv\u011btozor i Edison Filmhub. <\/p>\n\n\n\n<p>Festival zav\u00edt\u00e1 tak\u00e9 do dal\u0161\u00edch \u010desk\u00fdch m\u011bst \u2013 v \u010cesk\u00fdch Bud\u011bjovic\u00edch, Hradci Kr\u00e1lov\u00e9 a Ostrav se filmy prom\u00edtaj\u00ed od 21. do 24. listopadu. Brno bude hostit festivalov\u00e9 projekce od 25. do 27. listopadu, tak\u017ee i zde si div\u00e1ci budou moci vychutnat v\u00fdb\u011br toho nejlep\u0161\u00edho z francouzsk\u00e9ho filmu.<\/p>\n\n\n\n<div style=\"height:40px\" aria-hidden=\"true\" class=\"wp-block-spacer\"><\/div>\n\n\n\n<figure class=\"wp-block-embed is-type-video is-provider-youtube wp-block-embed-youtube wp-embed-aspect-16-9 wp-has-aspect-ratio\"><div class=\"wp-block-embed__wrapper\">\n<iframe loading=\"lazy\" title=\"Zn\u011blka 27. ro\u010dn\u00edku Festivalu francouzsk\u00e9ho filmu  \/ Bande-annonce du FFF 2024\" width=\"500\" height=\"281\" src=\"https:\/\/www.youtube.com\/embed\/kkbYKcFzCPY?feature=oembed&#038;wmode=opaque\" frameborder=\"0\" allow=\"accelerometer; autoplay; clipboard-write; encrypted-media; gyroscope; picture-in-picture; web-share\" referrerpolicy=\"strict-origin-when-cross-origin\" allowfullscreen><\/iframe>\n<\/div><\/figure>\n\n\n\n<div style=\"height:40px\" aria-hidden=\"true\" class=\"wp-block-spacer\"><\/div>\n\n\n\n<p>T\u00edmto filmem festival sou\u010dasn\u011b p\u0159ipom\u00edn\u00e1 100. v\u00fdro\u010d\u00ed zp\u011bv\u00e1kova narozen\u00ed a k Aznavourov\u011b osobnosti se odkazuje i vizu\u00e1l leto\u0161n\u00ed p\u0159ehl\u00eddky.<\/p>\n\n\n\n<div style=\"height:8px\" aria-hidden=\"true\" class=\"wp-block-spacer\"><\/div>\n\n\n\n<p><strong>Festival francouzsk\u00e9ho filmu uvede 47 film\u016f b\u011bhem 114 projekc\u00ed.<\/strong><\/p>\n\n\n\n<div style=\"height:33px\" aria-hidden=\"true\" class=\"wp-block-spacer\"><\/div>\n\n\n<div class=\"wp-block-image\">\n<figure class=\"aligncenter size-large\"><img decoding=\"async\" src=\"https:\/\/prazskeprikopy.cz\/wp-content\/uploads\/2024\/11\/festival-francouzskeho-filmu-2024-1024x792.jpg\" alt=\"Festival francouzsk\u00e9ho filmu: 27. ro\u010dn\u00edk bude slavnostn\u011b zah\u00e1jen 21.11. v kin\u011b Lucerna p\u0159edpremi\u00e9rou filmu Aznavour\" class=\"wp-image-10234\"\/><\/figure><\/div>\n\n\n<div style=\"height:33px\" aria-hidden=\"true\" class=\"wp-block-spacer\"><\/div>\n\n\n\n<p><strong>V\u0161echny filmy jsou uv\u00e1d\u011bny v p\u016fvodn\u00edm zn\u011bn\u00ed s \u010desk\u00fdmi titulky nebo s \u010desk\u00fdm dabingem.<\/strong><\/p>\n\n\n\n<div style=\"height:8px\" aria-hidden=\"true\" class=\"wp-block-spacer\"><\/div>\n\n\n\n<p><strong>Vstupn\u00e9 na festivalov\u00e9 projekce je 160 K\u010d.<\/strong><\/p>\n\n\n\n<div style=\"height:8px\" aria-hidden=\"true\" class=\"wp-block-spacer\"><\/div>\n\n\n\n<p><strong>Ofici\u00e1ln\u00ed internetov\u00e9 str\u00e1nky festivalu: <a href=\"http:\/\/www.festivalff.cz\">www.festivalff.cz<\/a><br>Facebookov\u00e9 str\u00e1nky festivalu: <a href=\"http:\/\/www.facebook.com\/festivalff\">www.facebook.com\/festivalff<\/a><br>Instagramov\u00fd profil festivalu: <a href=\"http:\/\/www.instagram.com\/festival_ff\/\">www.instagram.com\/festival_ff\/<\/a><\/strong><\/p>\n\n\n\n<div style=\"height:100px\" aria-hidden=\"true\" class=\"wp-block-spacer\"><\/div>\n\n\n\n<figure class=\"wp-block-gallery has-nested-images columns-default is-cropped wp-block-gallery-1 is-layout-flex wp-block-gallery-is-layout-flex\">\n<figure class=\"wp-block-image size-large\"><img decoding=\"async\" data-id=\"10235\" src=\"https:\/\/prazskeprikopy.cz\/wp-content\/uploads\/2024\/11\/a612bd142a74d2f880e40dc1db9a9521-1024x534.jpg\" alt=\"Festival francouzsk\u00e9ho filmu: 27. ro\u010dn\u00edk bude slavnostn\u011b zah\u00e1jen 21.11. v kin\u011b Lucerna p\u0159edpremi\u00e9rou filmu Aznavour\" class=\"wp-image-10235\"\/><\/figure>\n\n\n\n<figure class=\"wp-block-image size-large\"><img decoding=\"async\" data-id=\"10234\" src=\"https:\/\/prazskeprikopy.cz\/wp-content\/uploads\/2024\/11\/festival-francouzskeho-filmu-2024-1024x792.jpg\" alt=\"Festival francouzsk\u00e9ho filmu: 27. ro\u010dn\u00edk bude slavnostn\u011b zah\u00e1jen 21.11. v kin\u011b Lucerna p\u0159edpremi\u00e9rou filmu Aznavour\" class=\"wp-image-10234\"\/><\/figure>\n<\/figure>\n\n\n\n<div style=\"height:33px\" aria-hidden=\"true\" class=\"wp-block-spacer\"><\/div>\n\n\n\n<p><strong>Zdroj foto: <\/strong>Festival francouzsk\u00e9ho filmu<\/p>\n\n\n\n<div style=\"height:60px\" aria-hidden=\"true\" class=\"wp-block-spacer\"><\/div>\n","protected":false},"excerpt":{"rendered":"<p>Festival bude slavnostn\u011b zah\u00e1jen v centru Prahy ve \u010dtvrtek 21. 11. 2024 v kin\u011b Lucerna p\u0159edpremi\u00e9rou filmu Aznavour, kter\u00fd je inspirovan\u00fd \u017eivotem slavn\u00e9ho francouzsk\u00e9ho zp\u011bv\u00e1ka arm\u00e9nsk\u00e9ho p\u016fvodu Charlese Aznavoura. Festival francouzsk\u00e9ho filmu se tradi\u010dn\u011b&#46;&#46;&#46;<\/p>\n","protected":false},"author":10,"featured_media":8860,"comment_status":"closed","ping_status":"closed","sticky":false,"template":"","format":"standard","meta":{"_monsterinsights_skip_tracking":false,"_monsterinsights_sitenote_active":false,"_monsterinsights_sitenote_note":"","_monsterinsights_sitenote_category":0,"footnotes":""},"categories":[12,2,13],"tags":[],"yoast_head":"<!-- This site is optimized with the Yoast SEO plugin v21.4 - https:\/\/yoast.com\/wordpress\/plugins\/seo\/ -->\n<title>Festival francouzsk\u00e9ho filmu: 27. ro\u010dn\u00edk nab\u00eddne p\u0159edpremi\u00e9ry, sout\u011b\u017en\u00ed sekci, kr\u00e1tk\u00e9 filmy a mnoho dal\u0161\u00edho - CINEMAHOUSE.cz<\/title>\n<meta name=\"description\" content=\"Festival bude slavnostn\u011b zah\u00e1jen ve \u010dtvrtek 21. 11. 2024 v kin\u011b Lucerna p\u0159edpremi\u00e9rou filmu Aznavour, kter\u00fd je inspirovan\u00fd \u017eivotem zp\u011bv\u00e1ka.\" \/>\n<meta name=\"robots\" content=\"index, follow, max-snippet:-1, max-image-preview:large, max-video-preview:-1\" \/>\n<link rel=\"canonical\" href=\"https:\/\/cinemahouse.cz\/index.php\/2024\/11\/20\/festival-francouzskeho-filmu-27-rocnik-nabidne-predpremiery-soutezni-sekci-kratke-filmy-a-mnoho-dalsiho\/\" \/>\n<meta property=\"og:locale\" content=\"cs_CZ\" \/>\n<meta property=\"og:type\" content=\"article\" \/>\n<meta property=\"og:title\" content=\"Festival francouzsk\u00e9ho filmu: 27. ro\u010dn\u00edk nab\u00eddne p\u0159edpremi\u00e9ry, sout\u011b\u017en\u00ed sekci, kr\u00e1tk\u00e9 filmy a mnoho dal\u0161\u00edho - CINEMAHOUSE.cz\" \/>\n<meta property=\"og:description\" content=\"Festival bude slavnostn\u011b zah\u00e1jen ve \u010dtvrtek 21. 11. 2024 v kin\u011b Lucerna p\u0159edpremi\u00e9rou filmu Aznavour, kter\u00fd je inspirovan\u00fd \u017eivotem zp\u011bv\u00e1ka.\" \/>\n<meta property=\"og:url\" content=\"https:\/\/cinemahouse.cz\/index.php\/2024\/11\/20\/festival-francouzskeho-filmu-27-rocnik-nabidne-predpremiery-soutezni-sekci-kratke-filmy-a-mnoho-dalsiho\/\" \/>\n<meta property=\"og:site_name\" content=\"CINEMAHOUSE.cz\" \/>\n<meta property=\"article:published_time\" content=\"2024-11-19T23:01:00+00:00\" \/>\n<meta property=\"article:modified_time\" content=\"2024-11-19T20:58:09+00:00\" \/>\n<meta property=\"og:image\" content=\"https:\/\/cinemahouse.cz\/wp-content\/uploads\/2024\/11\/a612bd142a74d2f880e40dc1db9a9521.jpg\" \/>\n\t<meta property=\"og:image:width\" content=\"1150\" \/>\n\t<meta property=\"og:image:height\" content=\"600\" \/>\n\t<meta property=\"og:image:type\" content=\"image\/jpeg\" \/>\n<meta name=\"author\" content=\"Jan \u0160m\u00edd\" \/>\n<meta name=\"twitter:card\" content=\"summary_large_image\" \/>\n<meta name=\"twitter:label1\" content=\"Napsal(a)\" \/>\n\t<meta name=\"twitter:data1\" content=\"Jan \u0160m\u00edd\" \/>\n\t<meta name=\"twitter:label2\" content=\"Odhadovan\u00e1 doba \u010dten\u00ed\" \/>\n\t<meta name=\"twitter:data2\" content=\"2 minuty\" \/>\n<script type=\"application\/ld+json\" class=\"yoast-schema-graph\">{\"@context\":\"https:\/\/schema.org\",\"@graph\":[{\"@type\":\"Article\",\"@id\":\"https:\/\/cinemahouse.cz\/index.php\/2024\/11\/20\/festival-francouzskeho-filmu-27-rocnik-nabidne-predpremiery-soutezni-sekci-kratke-filmy-a-mnoho-dalsiho\/#article\",\"isPartOf\":{\"@id\":\"https:\/\/cinemahouse.cz\/index.php\/2024\/11\/20\/festival-francouzskeho-filmu-27-rocnik-nabidne-predpremiery-soutezni-sekci-kratke-filmy-a-mnoho-dalsiho\/\"},\"author\":{\"name\":\"Jan \u0160m\u00edd\",\"@id\":\"https:\/\/cinemahouse.cz\/#\/schema\/person\/05ac30059dd3ababa82156c9ee23f0eb\"},\"headline\":\"Festival francouzsk\u00e9ho filmu: 27. ro\u010dn\u00edk nab\u00eddne p\u0159edpremi\u00e9ry, sout\u011b\u017en\u00ed sekci, kr\u00e1tk\u00e9 filmy a mnoho dal\u0161\u00edho\",\"datePublished\":\"2024-11-19T23:01:00+00:00\",\"dateModified\":\"2024-11-19T20:58:09+00:00\",\"mainEntityOfPage\":{\"@id\":\"https:\/\/cinemahouse.cz\/index.php\/2024\/11\/20\/festival-francouzskeho-filmu-27-rocnik-nabidne-predpremiery-soutezni-sekci-kratke-filmy-a-mnoho-dalsiho\/\"},\"wordCount\":272,\"publisher\":{\"@id\":\"https:\/\/cinemahouse.cz\/#organization\"},\"articleSection\":[\"FILMY, SERI\u00c1LY a TV\",\"NEWS\",\"TIPY a TRENDY\"],\"inLanguage\":\"cs\"},{\"@type\":\"WebPage\",\"@id\":\"https:\/\/cinemahouse.cz\/index.php\/2024\/11\/20\/festival-francouzskeho-filmu-27-rocnik-nabidne-predpremiery-soutezni-sekci-kratke-filmy-a-mnoho-dalsiho\/\",\"url\":\"https:\/\/cinemahouse.cz\/index.php\/2024\/11\/20\/festival-francouzskeho-filmu-27-rocnik-nabidne-predpremiery-soutezni-sekci-kratke-filmy-a-mnoho-dalsiho\/\",\"name\":\"Festival francouzsk\u00e9ho filmu: 27. ro\u010dn\u00edk nab\u00eddne p\u0159edpremi\u00e9ry, sout\u011b\u017en\u00ed sekci, kr\u00e1tk\u00e9 filmy a mnoho dal\u0161\u00edho - CINEMAHOUSE.cz\",\"isPartOf\":{\"@id\":\"https:\/\/cinemahouse.cz\/#website\"},\"datePublished\":\"2024-11-19T23:01:00+00:00\",\"dateModified\":\"2024-11-19T20:58:09+00:00\",\"description\":\"Festival bude slavnostn\u011b zah\u00e1jen ve \u010dtvrtek 21. 11. 2024 v kin\u011b Lucerna p\u0159edpremi\u00e9rou filmu Aznavour, kter\u00fd je inspirovan\u00fd \u017eivotem zp\u011bv\u00e1ka.\",\"breadcrumb\":{\"@id\":\"https:\/\/cinemahouse.cz\/index.php\/2024\/11\/20\/festival-francouzskeho-filmu-27-rocnik-nabidne-predpremiery-soutezni-sekci-kratke-filmy-a-mnoho-dalsiho\/#breadcrumb\"},\"inLanguage\":\"cs\",\"potentialAction\":[{\"@type\":\"ReadAction\",\"target\":[\"https:\/\/cinemahouse.cz\/index.php\/2024\/11\/20\/festival-francouzskeho-filmu-27-rocnik-nabidne-predpremiery-soutezni-sekci-kratke-filmy-a-mnoho-dalsiho\/\"]}]},{\"@type\":\"BreadcrumbList\",\"@id\":\"https:\/\/cinemahouse.cz\/index.php\/2024\/11\/20\/festival-francouzskeho-filmu-27-rocnik-nabidne-predpremiery-soutezni-sekci-kratke-filmy-a-mnoho-dalsiho\/#breadcrumb\",\"itemListElement\":[{\"@type\":\"ListItem\",\"position\":1,\"name\":\"Dom\u016f\",\"item\":\"https:\/\/cinemahouse.cz\/\"},{\"@type\":\"ListItem\",\"position\":2,\"name\":\"Festival francouzsk\u00e9ho filmu: 27. ro\u010dn\u00edk nab\u00eddne p\u0159edpremi\u00e9ry, sout\u011b\u017en\u00ed sekci, kr\u00e1tk\u00e9 filmy a mnoho dal\u0161\u00edho\"}]},{\"@type\":\"WebSite\",\"@id\":\"https:\/\/cinemahouse.cz\/#website\",\"url\":\"https:\/\/cinemahouse.cz\/\",\"name\":\"CINEMAHOUSE.cz\",\"description\":\"Port\u00e1l o filmov\u00fdch novink\u00e1ch\",\"publisher\":{\"@id\":\"https:\/\/cinemahouse.cz\/#organization\"},\"potentialAction\":[{\"@type\":\"SearchAction\",\"target\":{\"@type\":\"EntryPoint\",\"urlTemplate\":\"https:\/\/cinemahouse.cz\/?s={search_term_string}\"},\"query-input\":\"required name=search_term_string\"}],\"inLanguage\":\"cs\"},{\"@type\":\"Organization\",\"@id\":\"https:\/\/cinemahouse.cz\/#organization\",\"name\":\"CINEMAHOUSE.cz\",\"url\":\"https:\/\/cinemahouse.cz\/\",\"logo\":{\"@type\":\"ImageObject\",\"inLanguage\":\"cs\",\"@id\":\"https:\/\/cinemahouse.cz\/#\/schema\/logo\/image\/\",\"url\":\"https:\/\/cinemahouse.cz\/wp-content\/uploads\/2024\/12\/cropped-Logo_CinemaHouse.jpg\",\"contentUrl\":\"https:\/\/cinemahouse.cz\/wp-content\/uploads\/2024\/12\/cropped-Logo_CinemaHouse.jpg\",\"width\":926,\"height\":467,\"caption\":\"CINEMAHOUSE.cz\"},\"image\":{\"@id\":\"https:\/\/cinemahouse.cz\/#\/schema\/logo\/image\/\"}},{\"@type\":\"Person\",\"@id\":\"https:\/\/cinemahouse.cz\/#\/schema\/person\/05ac30059dd3ababa82156c9ee23f0eb\",\"name\":\"Jan \u0160m\u00edd\",\"image\":{\"@type\":\"ImageObject\",\"inLanguage\":\"cs\",\"@id\":\"https:\/\/cinemahouse.cz\/#\/schema\/person\/image\/\",\"url\":\"https:\/\/secure.gravatar.com\/avatar\/70f8b575525c369952d0b7a7cdfa779b?s=96&d=mm&r=g\",\"contentUrl\":\"https:\/\/secure.gravatar.com\/avatar\/70f8b575525c369952d0b7a7cdfa779b?s=96&d=mm&r=g\",\"caption\":\"Jan \u0160m\u00edd\"},\"sameAs\":[\"http:\/\/CINEMAHOUSE.cz\"],\"url\":\"https:\/\/cinemahouse.cz\/index.php\/author\/sjan\/\"}]}<\/script>\n<!-- \/ Yoast SEO plugin. -->","yoast_head_json":{"title":"Festival francouzsk\u00e9ho filmu: 27. ro\u010dn\u00edk nab\u00eddne p\u0159edpremi\u00e9ry, sout\u011b\u017en\u00ed sekci, kr\u00e1tk\u00e9 filmy a mnoho dal\u0161\u00edho - CINEMAHOUSE.cz","description":"Festival bude slavnostn\u011b zah\u00e1jen ve \u010dtvrtek 21. 11. 2024 v kin\u011b Lucerna p\u0159edpremi\u00e9rou filmu Aznavour, kter\u00fd je inspirovan\u00fd \u017eivotem zp\u011bv\u00e1ka.","robots":{"index":"index","follow":"follow","max-snippet":"max-snippet:-1","max-image-preview":"max-image-preview:large","max-video-preview":"max-video-preview:-1"},"canonical":"https:\/\/cinemahouse.cz\/index.php\/2024\/11\/20\/festival-francouzskeho-filmu-27-rocnik-nabidne-predpremiery-soutezni-sekci-kratke-filmy-a-mnoho-dalsiho\/","og_locale":"cs_CZ","og_type":"article","og_title":"Festival francouzsk\u00e9ho filmu: 27. ro\u010dn\u00edk nab\u00eddne p\u0159edpremi\u00e9ry, sout\u011b\u017en\u00ed sekci, kr\u00e1tk\u00e9 filmy a mnoho dal\u0161\u00edho - CINEMAHOUSE.cz","og_description":"Festival bude slavnostn\u011b zah\u00e1jen ve \u010dtvrtek 21. 11. 2024 v kin\u011b Lucerna p\u0159edpremi\u00e9rou filmu Aznavour, kter\u00fd je inspirovan\u00fd \u017eivotem zp\u011bv\u00e1ka.","og_url":"https:\/\/cinemahouse.cz\/index.php\/2024\/11\/20\/festival-francouzskeho-filmu-27-rocnik-nabidne-predpremiery-soutezni-sekci-kratke-filmy-a-mnoho-dalsiho\/","og_site_name":"CINEMAHOUSE.cz","article_published_time":"2024-11-19T23:01:00+00:00","article_modified_time":"2024-11-19T20:58:09+00:00","og_image":[{"width":1150,"height":600,"url":"https:\/\/cinemahouse.cz\/wp-content\/uploads\/2024\/11\/a612bd142a74d2f880e40dc1db9a9521.jpg","type":"image\/jpeg"}],"author":"Jan \u0160m\u00edd","twitter_card":"summary_large_image","twitter_misc":{"Napsal(a)":"Jan \u0160m\u00edd","Odhadovan\u00e1 doba \u010dten\u00ed":"2 minuty"},"schema":{"@context":"https:\/\/schema.org","@graph":[{"@type":"Article","@id":"https:\/\/cinemahouse.cz\/index.php\/2024\/11\/20\/festival-francouzskeho-filmu-27-rocnik-nabidne-predpremiery-soutezni-sekci-kratke-filmy-a-mnoho-dalsiho\/#article","isPartOf":{"@id":"https:\/\/cinemahouse.cz\/index.php\/2024\/11\/20\/festival-francouzskeho-filmu-27-rocnik-nabidne-predpremiery-soutezni-sekci-kratke-filmy-a-mnoho-dalsiho\/"},"author":{"name":"Jan \u0160m\u00edd","@id":"https:\/\/cinemahouse.cz\/#\/schema\/person\/05ac30059dd3ababa82156c9ee23f0eb"},"headline":"Festival francouzsk\u00e9ho filmu: 27. ro\u010dn\u00edk nab\u00eddne p\u0159edpremi\u00e9ry, sout\u011b\u017en\u00ed sekci, kr\u00e1tk\u00e9 filmy a mnoho dal\u0161\u00edho","datePublished":"2024-11-19T23:01:00+00:00","dateModified":"2024-11-19T20:58:09+00:00","mainEntityOfPage":{"@id":"https:\/\/cinemahouse.cz\/index.php\/2024\/11\/20\/festival-francouzskeho-filmu-27-rocnik-nabidne-predpremiery-soutezni-sekci-kratke-filmy-a-mnoho-dalsiho\/"},"wordCount":272,"publisher":{"@id":"https:\/\/cinemahouse.cz\/#organization"},"articleSection":["FILMY, SERI\u00c1LY a TV","NEWS","TIPY a TRENDY"],"inLanguage":"cs"},{"@type":"WebPage","@id":"https:\/\/cinemahouse.cz\/index.php\/2024\/11\/20\/festival-francouzskeho-filmu-27-rocnik-nabidne-predpremiery-soutezni-sekci-kratke-filmy-a-mnoho-dalsiho\/","url":"https:\/\/cinemahouse.cz\/index.php\/2024\/11\/20\/festival-francouzskeho-filmu-27-rocnik-nabidne-predpremiery-soutezni-sekci-kratke-filmy-a-mnoho-dalsiho\/","name":"Festival francouzsk\u00e9ho filmu: 27. ro\u010dn\u00edk nab\u00eddne p\u0159edpremi\u00e9ry, sout\u011b\u017en\u00ed sekci, kr\u00e1tk\u00e9 filmy a mnoho dal\u0161\u00edho - CINEMAHOUSE.cz","isPartOf":{"@id":"https:\/\/cinemahouse.cz\/#website"},"datePublished":"2024-11-19T23:01:00+00:00","dateModified":"2024-11-19T20:58:09+00:00","description":"Festival bude slavnostn\u011b zah\u00e1jen ve \u010dtvrtek 21. 11. 2024 v kin\u011b Lucerna p\u0159edpremi\u00e9rou filmu Aznavour, kter\u00fd je inspirovan\u00fd \u017eivotem zp\u011bv\u00e1ka.","breadcrumb":{"@id":"https:\/\/cinemahouse.cz\/index.php\/2024\/11\/20\/festival-francouzskeho-filmu-27-rocnik-nabidne-predpremiery-soutezni-sekci-kratke-filmy-a-mnoho-dalsiho\/#breadcrumb"},"inLanguage":"cs","potentialAction":[{"@type":"ReadAction","target":["https:\/\/cinemahouse.cz\/index.php\/2024\/11\/20\/festival-francouzskeho-filmu-27-rocnik-nabidne-predpremiery-soutezni-sekci-kratke-filmy-a-mnoho-dalsiho\/"]}]},{"@type":"BreadcrumbList","@id":"https:\/\/cinemahouse.cz\/index.php\/2024\/11\/20\/festival-francouzskeho-filmu-27-rocnik-nabidne-predpremiery-soutezni-sekci-kratke-filmy-a-mnoho-dalsiho\/#breadcrumb","itemListElement":[{"@type":"ListItem","position":1,"name":"Dom\u016f","item":"https:\/\/cinemahouse.cz\/"},{"@type":"ListItem","position":2,"name":"Festival francouzsk\u00e9ho filmu: 27. ro\u010dn\u00edk nab\u00eddne p\u0159edpremi\u00e9ry, sout\u011b\u017en\u00ed sekci, kr\u00e1tk\u00e9 filmy a mnoho dal\u0161\u00edho"}]},{"@type":"WebSite","@id":"https:\/\/cinemahouse.cz\/#website","url":"https:\/\/cinemahouse.cz\/","name":"CINEMAHOUSE.cz","description":"Port\u00e1l o filmov\u00fdch novink\u00e1ch","publisher":{"@id":"https:\/\/cinemahouse.cz\/#organization"},"potentialAction":[{"@type":"SearchAction","target":{"@type":"EntryPoint","urlTemplate":"https:\/\/cinemahouse.cz\/?s={search_term_string}"},"query-input":"required name=search_term_string"}],"inLanguage":"cs"},{"@type":"Organization","@id":"https:\/\/cinemahouse.cz\/#organization","name":"CINEMAHOUSE.cz","url":"https:\/\/cinemahouse.cz\/","logo":{"@type":"ImageObject","inLanguage":"cs","@id":"https:\/\/cinemahouse.cz\/#\/schema\/logo\/image\/","url":"https:\/\/cinemahouse.cz\/wp-content\/uploads\/2024\/12\/cropped-Logo_CinemaHouse.jpg","contentUrl":"https:\/\/cinemahouse.cz\/wp-content\/uploads\/2024\/12\/cropped-Logo_CinemaHouse.jpg","width":926,"height":467,"caption":"CINEMAHOUSE.cz"},"image":{"@id":"https:\/\/cinemahouse.cz\/#\/schema\/logo\/image\/"}},{"@type":"Person","@id":"https:\/\/cinemahouse.cz\/#\/schema\/person\/05ac30059dd3ababa82156c9ee23f0eb","name":"Jan \u0160m\u00edd","image":{"@type":"ImageObject","inLanguage":"cs","@id":"https:\/\/cinemahouse.cz\/#\/schema\/person\/image\/","url":"https:\/\/secure.gravatar.com\/avatar\/70f8b575525c369952d0b7a7cdfa779b?s=96&d=mm&r=g","contentUrl":"https:\/\/secure.gravatar.com\/avatar\/70f8b575525c369952d0b7a7cdfa779b?s=96&d=mm&r=g","caption":"Jan \u0160m\u00edd"},"sameAs":["http:\/\/CINEMAHOUSE.cz"],"url":"https:\/\/cinemahouse.cz\/index.php\/author\/sjan\/"}]}},"_links":{"self":[{"href":"https:\/\/cinemahouse.cz\/index.php\/wp-json\/wp\/v2\/posts\/8859"}],"collection":[{"href":"https:\/\/cinemahouse.cz\/index.php\/wp-json\/wp\/v2\/posts"}],"about":[{"href":"https:\/\/cinemahouse.cz\/index.php\/wp-json\/wp\/v2\/types\/post"}],"author":[{"embeddable":true,"href":"https:\/\/cinemahouse.cz\/index.php\/wp-json\/wp\/v2\/users\/10"}],"replies":[{"embeddable":true,"href":"https:\/\/cinemahouse.cz\/index.php\/wp-json\/wp\/v2\/comments?post=8859"}],"version-history":[{"count":1,"href":"https:\/\/cinemahouse.cz\/index.php\/wp-json\/wp\/v2\/posts\/8859\/revisions"}],"predecessor-version":[{"id":8861,"href":"https:\/\/cinemahouse.cz\/index.php\/wp-json\/wp\/v2\/posts\/8859\/revisions\/8861"}],"wp:featuredmedia":[{"embeddable":true,"href":"https:\/\/cinemahouse.cz\/index.php\/wp-json\/wp\/v2\/media\/8860"}],"wp:attachment":[{"href":"https:\/\/cinemahouse.cz\/index.php\/wp-json\/wp\/v2\/media?parent=8859"}],"wp:term":[{"taxonomy":"category","embeddable":true,"href":"https:\/\/cinemahouse.cz\/index.php\/wp-json\/wp\/v2\/categories?post=8859"},{"taxonomy":"post_tag","embeddable":true,"href":"https:\/\/cinemahouse.cz\/index.php\/wp-json\/wp\/v2\/tags?post=8859"}],"curies":[{"name":"wp","href":"https:\/\/api.w.org\/{rel}","templated":true}]}}