{"id":884,"date":"2019-08-27T19:24:26","date_gmt":"2019-08-27T17:24:26","guid":{"rendered":"http:\/\/cinemahouse.cz\/?p=884"},"modified":"2019-08-28T19:29:59","modified_gmt":"2019-08-28T17:29:59","slug":"tomas-vorel-dotocil-po-roce-nataceni-svou-cestu-domu","status":"publish","type":"post","link":"https:\/\/cinemahouse.cz\/index.php\/2019\/08\/27\/tomas-vorel-dotocil-po-roce-nataceni-svou-cestu-domu\/","title":{"rendered":"Tom\u00e1\u0161 Vorel doto\u010dil po roce nat\u00e1\u010den\u00ed svou Cestu dom\u016f"},"content":{"rendered":"\n<p><strong>Cel\u00fd jeden rok trvalo nat\u00e1\u010den\u00ed nov\u00e9ho filmu Tom\u00e1\u0161e Vorla Cesta Dom\u016f, kter\u00fdm re\u017eis\u00e9r uzav\u00edr\u00e1 svou vesnickou trilogii s filmy Cesta z m\u011bsta a Cesta do lesa. Prvn\u00ed klapka padla na za\u010d\u00e1tku srpna 2018, ta posledn\u00ed v srpnu 2019. Premi\u00e9ra v kinech je pak v pl\u00e1nu na srpen 2020.  <\/strong><\/p>\n\n\n\n<figure class=\"wp-block-image\"><img decoding=\"async\" loading=\"lazy\" width=\"1024\" height=\"632\" src=\"http:\/\/cinemahouse.cz\/wp-content\/uploads\/2019\/08\/CestaDomu-HonzaSayen-Povozh-1024x632.jpg\" alt=\"\" class=\"wp-image-886\" srcset=\"https:\/\/cinemahouse.cz\/wp-content\/uploads\/2019\/08\/CestaDomu-HonzaSayen-Povozh.jpg 1024w, https:\/\/cinemahouse.cz\/wp-content\/uploads\/2019\/08\/CestaDomu-HonzaSayen-Povozh-300x185.jpg 300w, https:\/\/cinemahouse.cz\/wp-content\/uploads\/2019\/08\/CestaDomu-HonzaSayen-Povozh-768x474.jpg 768w\" sizes=\"(max-width: 1024px) 100vw, 1024px\" \/><\/figure>\n\n\n\n<p>\u201e<em>Pot\u0159ebovali jsme nato\u010dit \u017eivot i p\u0159\u00edrodu ve v\u0161ech ro\u010dn\u00edch obdob\u00edch. Proto jsme m\u011bli nat\u00e1\u010dec\u00ed bloky v\u00a0l\u00e9t\u011b, na podzim, v\u00a0zim\u011b, na ja\u0159e a zase v\u00a0l\u00e9t\u011b,\u201c<\/em> vysv\u011btluje Tom\u00e1\u0161 Vorel nezvykle dlouh\u00e9 nat\u00e1\u010den\u00ed. \u201e<em>A nemohli jsme p\u0159eskakovat, museli jsme to\u010dit chronologicky, proto\u017ee dvoulet\u00e1 Ema \u0160teflov\u00e1, kter\u00e1 hr\u00e1la hlavn\u00ed d\u011btskou roli, n\u00e1m vyr\u016fstala p\u0159ed o\u010dima&#8230;\u201c<\/em><\/p>\n\n\n\n<figure class=\"wp-block-image\"><img decoding=\"async\" loading=\"lazy\" width=\"1024\" height=\"540\" src=\"http:\/\/cinemahouse.cz\/wp-content\/uploads\/2019\/08\/CestaDomu-LudvaPaposPepa-1024x540.jpg\" alt=\"\" class=\"wp-image-888\" srcset=\"https:\/\/cinemahouse.cz\/wp-content\/uploads\/2019\/08\/CestaDomu-LudvaPaposPepa.jpg 1024w, https:\/\/cinemahouse.cz\/wp-content\/uploads\/2019\/08\/CestaDomu-LudvaPaposPepa-300x158.jpg 300w, https:\/\/cinemahouse.cz\/wp-content\/uploads\/2019\/08\/CestaDomu-LudvaPaposPepa-768x405.jpg 768w\" sizes=\"(max-width: 1024px) 100vw, 1024px\" \/><\/figure>\n\n\n\n<p>Cesta dom\u016f zakon\u010duje p\u0159\u00edb\u011bhy t\u0159\u00ed rodin z\u00a0p\u0159edchoz\u00edch filmov\u00fdch \u201ecest\u201c. Zem\u011bd\u011blskou rodinu Papo\u0161\u016f op\u011bt hraje Bolek Pol\u00edvka a Eva Holubov\u00e1. P\u0159ist\u011bhovatelskou rodinu Mar\u00e1k\u016f Tom\u00e1\u0161 Han\u00e1k a Barbora Nimcov\u00e1. Hlavn\u00ed roli rev\u00edrn\u00edka Ludvy ztv\u00e1rn\u00ed op\u011bt Tom\u00e1\u0161 Vorel jr,  jeho \u017eenu Lucie \u0160teflov\u00e1. Znovu se tak\u00e9 objev\u00ed Milan \u0160teindler jako p\u0159edseda myslivc\u016f nebo s\u00e1m re\u017eis\u00e9r Tom\u00e1\u0161 Vorel jako myslivec.   <\/p>\n\n\n\n<p>Osudy\npostav se zavr\u0161\u00ed dvacet let po uveden\u00ed Cesty z&nbsp;m\u011bsta. \n<\/p>\n\n\n\n<figure class=\"wp-block-image\"><img decoding=\"async\" loading=\"lazy\" width=\"1024\" height=\"606\" src=\"http:\/\/cinemahouse.cz\/wp-content\/uploads\/2019\/08\/CestaDomu-PaposVlastaPsenice-1024x606.jpg\" alt=\"\" class=\"wp-image-889\" srcset=\"https:\/\/cinemahouse.cz\/wp-content\/uploads\/2019\/08\/CestaDomu-PaposVlastaPsenice.jpg 1024w, https:\/\/cinemahouse.cz\/wp-content\/uploads\/2019\/08\/CestaDomu-PaposVlastaPsenice-300x178.jpg 300w, https:\/\/cinemahouse.cz\/wp-content\/uploads\/2019\/08\/CestaDomu-PaposVlastaPsenice-768x455.jpg 768w\" sizes=\"(max-width: 1024px) 100vw, 1024px\" \/><\/figure>\n\n\n\n<p>Tv\u016frci neskr\u00fdvaj\u00ed \u00famysl vzd\u00e1t hold \u017eivotu na vsi, vesnick\u00fdm tradic\u00edm a rodinn\u00e9mu sedla\u010den\u00ed, sou\u017eit\u00ed s\u00a0p\u0159\u00edrodou a krajinou a boji proti rozp\u00ednav\u00e9 civilizaci m\u011bst. Stejn\u011b jako p\u0159edchoz\u00ed dva filmy voln\u00e9 trilogie, i Cesta dom\u016f vznikala v\u00a0t\u00e9m\u011b\u0159 nedot\u010den\u00e9 oblasti v okol\u00ed Rab\u0161tejna nad St\u0159elou. Z\u00e1rove\u0148 odtud poch\u00e1z\u00ed i samotn\u00fd sc\u00e9n\u00e1\u0159 k filmu. \u201e<em>Sc\u00e9n\u00e1\u0159 jsem dal dohromady z\u00a0p\u0159\u00edb\u011bh\u016f a historek, kter\u00e9 jsem tady sly\u0161el nebo s\u00e1m za\u017eil.  P\u0159i psan\u00ed mi pom\u00e1hali m\u00edstn\u00ed sedl\u00e1ci, lesn\u00edci a myslivci&#8230;\u201c<\/em> \u0159\u00edk\u00e1 re\u017eis\u00e9r Vorel.<\/p>\n\n\n\n<p>Propojen\u00ed\ns&nbsp;p\u0159\u00edrodou dokl\u00e1d\u00e1 i situace u jednoho z&nbsp;posledn\u00edch\ndn\u00ed nat\u00e1\u010den\u00ed. Pr\u00e1ce v&nbsp;jednu chv\u00edli naru\u0161ila zmije, kter\u00e1\nse objevila v&nbsp;m\u00edstech, kde m\u011bla st\u00e1t Eva Holubov\u00e1\nv&nbsp;pantofl\u00edch. Here\u010dka ov\u0161em nezap\u0159ela, \u017ee \u017eije ve m\u011bst\u011b\na pro z\u00e1b\u011br vy\u017eadovala hol\u00ednky. \n<\/p>\n\n\n\n<figure class=\"wp-block-image\"><img decoding=\"async\" loading=\"lazy\" width=\"1024\" height=\"614\" src=\"http:\/\/cinemahouse.cz\/wp-content\/uploads\/2019\/08\/CestaDomu-VlastaMarketa-Potni-1024x614.jpg\" alt=\"\" class=\"wp-image-890\" srcset=\"https:\/\/cinemahouse.cz\/wp-content\/uploads\/2019\/08\/CestaDomu-VlastaMarketa-Potni.jpg 1024w, https:\/\/cinemahouse.cz\/wp-content\/uploads\/2019\/08\/CestaDomu-VlastaMarketa-Potni-300x180.jpg 300w, https:\/\/cinemahouse.cz\/wp-content\/uploads\/2019\/08\/CestaDomu-VlastaMarketa-Potni-768x461.jpg 768w\" sizes=\"(max-width: 1024px) 100vw, 1024px\" \/><\/figure>\n\n\n\n<p>Po skon\u010den\u00ed nat\u00e1\u010den\u00ed bude n\u00e1sledovat st\u0159ih, postprodukce a pr\u00e1ce na trikov\u00fdch sekvenc\u00edch. <em>\u201eSna\u017eili jsme se nat\u00e1\u010det v\u0161e autenticky, \u010dekali jsme a\u017e uzraje p\u0161enice, a\u017e vykvete \u0159epka, a\u017e napadne sn\u00edh. Poda\u0159ilo se n\u00e1m nato\u010dit srnce v p\u0161enici, jelena v \u0159\u00edji, kachny nad rybn\u00edkem. Ale n\u011bco se zachytit ned\u00e1. T\u0159eba let\u00edc\u00ed led\u0148\u00e1\u010dek nad \u0159ekou, nebo blesk, jak roz\u0161t\u00edpne strom&#8230;To se mus\u00ed dotvo\u0159it na po\u010d\u00edta\u010d\u00edch 3D animac\u00ed,\u201c <\/em>dod\u00e1v\u00e1 re\u017eis\u00e9r Vorel. <\/p>\n\n\n\n<ul class=\"wp-block-gallery columns-3 is-cropped wp-block-gallery-1 is-layout-flex wp-block-gallery-is-layout-flex\"><li class=\"blocks-gallery-item\"><figure><img decoding=\"async\" loading=\"lazy\" width=\"1024\" height=\"676\" src=\"http:\/\/cinemahouse.cz\/wp-content\/uploads\/2019\/08\/CestaDomu-AnynaHruska-1024x676.jpg\" alt=\"\" data-id=\"885\" data-link=\"http:\/\/cinemahouse.cz\/?attachment_id=885\" class=\"wp-image-885\" srcset=\"https:\/\/cinemahouse.cz\/wp-content\/uploads\/2019\/08\/CestaDomu-AnynaHruska.jpg 1024w, https:\/\/cinemahouse.cz\/wp-content\/uploads\/2019\/08\/CestaDomu-AnynaHruska-300x198.jpg 300w, https:\/\/cinemahouse.cz\/wp-content\/uploads\/2019\/08\/CestaDomu-AnynaHruska-768x507.jpg 768w\" sizes=\"(max-width: 1024px) 100vw, 1024px\" \/><\/figure><\/li><li class=\"blocks-gallery-item\"><figure><img decoding=\"async\" loading=\"lazy\" width=\"1024\" height=\"632\" src=\"http:\/\/cinemahouse.cz\/wp-content\/uploads\/2019\/08\/CestaDomu-HonzaSayen-Povozh-1024x632.jpg\" alt=\"\" data-id=\"886\" data-link=\"http:\/\/cinemahouse.cz\/?attachment_id=886\" class=\"wp-image-886\" srcset=\"https:\/\/cinemahouse.cz\/wp-content\/uploads\/2019\/08\/CestaDomu-HonzaSayen-Povozh.jpg 1024w, https:\/\/cinemahouse.cz\/wp-content\/uploads\/2019\/08\/CestaDomu-HonzaSayen-Povozh-300x185.jpg 300w, https:\/\/cinemahouse.cz\/wp-content\/uploads\/2019\/08\/CestaDomu-HonzaSayen-Povozh-768x474.jpg 768w\" sizes=\"(max-width: 1024px) 100vw, 1024px\" \/><\/figure><\/li><li class=\"blocks-gallery-item\"><figure><img decoding=\"async\" loading=\"lazy\" width=\"1024\" height=\"600\" src=\"http:\/\/cinemahouse.cz\/wp-content\/uploads\/2019\/08\/CestaDomu-LudvaHonza-Mikulas-1024x600.jpg\" alt=\"\" data-id=\"887\" data-link=\"http:\/\/cinemahouse.cz\/?attachment_id=887\" class=\"wp-image-887\" srcset=\"https:\/\/cinemahouse.cz\/wp-content\/uploads\/2019\/08\/CestaDomu-LudvaHonza-Mikulas.jpg 1024w, https:\/\/cinemahouse.cz\/wp-content\/uploads\/2019\/08\/CestaDomu-LudvaHonza-Mikulas-300x176.jpg 300w, https:\/\/cinemahouse.cz\/wp-content\/uploads\/2019\/08\/CestaDomu-LudvaHonza-Mikulas-768x450.jpg 768w\" sizes=\"(max-width: 1024px) 100vw, 1024px\" \/><\/figure><\/li><li class=\"blocks-gallery-item\"><figure><img decoding=\"async\" loading=\"lazy\" width=\"1024\" height=\"540\" src=\"http:\/\/cinemahouse.cz\/wp-content\/uploads\/2019\/08\/CestaDomu-LudvaPaposPepa-1024x540.jpg\" alt=\"\" data-id=\"888\" data-link=\"http:\/\/cinemahouse.cz\/?attachment_id=888\" class=\"wp-image-888\" srcset=\"https:\/\/cinemahouse.cz\/wp-content\/uploads\/2019\/08\/CestaDomu-LudvaPaposPepa.jpg 1024w, https:\/\/cinemahouse.cz\/wp-content\/uploads\/2019\/08\/CestaDomu-LudvaPaposPepa-300x158.jpg 300w, https:\/\/cinemahouse.cz\/wp-content\/uploads\/2019\/08\/CestaDomu-LudvaPaposPepa-768x405.jpg 768w\" sizes=\"(max-width: 1024px) 100vw, 1024px\" \/><\/figure><\/li><li class=\"blocks-gallery-item\"><figure><img decoding=\"async\" loading=\"lazy\" width=\"1024\" height=\"606\" src=\"http:\/\/cinemahouse.cz\/wp-content\/uploads\/2019\/08\/CestaDomu-PaposVlastaPsenice-1024x606.jpg\" alt=\"\" data-id=\"889\" data-link=\"http:\/\/cinemahouse.cz\/?attachment_id=889\" class=\"wp-image-889\" srcset=\"https:\/\/cinemahouse.cz\/wp-content\/uploads\/2019\/08\/CestaDomu-PaposVlastaPsenice.jpg 1024w, https:\/\/cinemahouse.cz\/wp-content\/uploads\/2019\/08\/CestaDomu-PaposVlastaPsenice-300x178.jpg 300w, https:\/\/cinemahouse.cz\/wp-content\/uploads\/2019\/08\/CestaDomu-PaposVlastaPsenice-768x455.jpg 768w\" sizes=\"(max-width: 1024px) 100vw, 1024px\" \/><\/figure><\/li><li class=\"blocks-gallery-item\"><figure><img decoding=\"async\" loading=\"lazy\" width=\"1024\" height=\"614\" src=\"http:\/\/cinemahouse.cz\/wp-content\/uploads\/2019\/08\/CestaDomu-VlastaMarketa-Potni-1024x614.jpg\" alt=\"\" data-id=\"890\" data-link=\"http:\/\/cinemahouse.cz\/?attachment_id=890\" class=\"wp-image-890\" srcset=\"https:\/\/cinemahouse.cz\/wp-content\/uploads\/2019\/08\/CestaDomu-VlastaMarketa-Potni.jpg 1024w, https:\/\/cinemahouse.cz\/wp-content\/uploads\/2019\/08\/CestaDomu-VlastaMarketa-Potni-300x180.jpg 300w, https:\/\/cinemahouse.cz\/wp-content\/uploads\/2019\/08\/CestaDomu-VlastaMarketa-Potni-768x461.jpg 768w\" sizes=\"(max-width: 1024px) 100vw, 1024px\" \/><\/figure><\/li><\/ul>\n","protected":false},"excerpt":{"rendered":"<p>Cel\u00fd jeden rok trvalo nat\u00e1\u010den\u00ed nov\u00e9ho filmu Tom\u00e1\u0161e Vorla Cesta Dom\u016f, kter\u00fdm re\u017eis\u00e9r uzav\u00edr\u00e1 svou vesnickou trilogii s filmy Cesta z m\u011bsta a Cesta do lesa. Prvn\u00ed klapka padla na za\u010d\u00e1tku srpna 2018, ta&#46;&#46;&#46;<\/p>\n","protected":false},"author":2,"featured_media":885,"comment_status":"closed","ping_status":"closed","sticky":false,"template":"","format":"standard","meta":{"_monsterinsights_skip_tracking":false,"_monsterinsights_sitenote_active":false,"_monsterinsights_sitenote_note":"","_monsterinsights_sitenote_category":0,"footnotes":""},"categories":[12,2],"tags":[],"yoast_head":"<!-- This site is optimized with the Yoast SEO plugin v21.4 - https:\/\/yoast.com\/wordpress\/plugins\/seo\/ -->\n<title>Tom\u00e1\u0161 Vorel doto\u010dil po roce nat\u00e1\u010den\u00ed svou Cestu dom\u016f - CINEMAHOUSE.cz<\/title>\n<meta name=\"robots\" content=\"index, follow, max-snippet:-1, max-image-preview:large, max-video-preview:-1\" \/>\n<link rel=\"canonical\" href=\"https:\/\/cinemahouse.cz\/index.php\/2019\/08\/27\/tomas-vorel-dotocil-po-roce-nataceni-svou-cestu-domu\/\" \/>\n<meta property=\"og:locale\" content=\"cs_CZ\" \/>\n<meta property=\"og:type\" content=\"article\" \/>\n<meta property=\"og:title\" content=\"Tom\u00e1\u0161 Vorel doto\u010dil po roce nat\u00e1\u010den\u00ed svou Cestu dom\u016f - CINEMAHOUSE.cz\" \/>\n<meta property=\"og:description\" content=\"Cel\u00fd jeden rok trvalo nat\u00e1\u010den\u00ed nov\u00e9ho filmu Tom\u00e1\u0161e Vorla Cesta Dom\u016f, kter\u00fdm re\u017eis\u00e9r uzav\u00edr\u00e1 svou vesnickou trilogii s filmy Cesta z m\u011bsta a Cesta do lesa. Prvn\u00ed klapka padla na za\u010d\u00e1tku srpna 2018, ta&#046;&#046;&#046;\" \/>\n<meta property=\"og:url\" content=\"https:\/\/cinemahouse.cz\/index.php\/2019\/08\/27\/tomas-vorel-dotocil-po-roce-nataceni-svou-cestu-domu\/\" \/>\n<meta property=\"og:site_name\" content=\"CINEMAHOUSE.cz\" \/>\n<meta property=\"article:published_time\" content=\"2019-08-27T17:24:26+00:00\" \/>\n<meta property=\"article:modified_time\" content=\"2019-08-28T17:29:59+00:00\" \/>\n<meta property=\"og:image\" content=\"https:\/\/cinemahouse.cz\/wp-content\/uploads\/2019\/08\/CestaDomu-AnynaHruska.jpg\" \/>\n\t<meta property=\"og:image:width\" content=\"1024\" \/>\n\t<meta property=\"og:image:height\" content=\"676\" \/>\n\t<meta property=\"og:image:type\" content=\"image\/jpeg\" \/>\n<meta name=\"author\" content=\"Miroslav Van\u011bk\" \/>\n<meta name=\"twitter:card\" content=\"summary_large_image\" \/>\n<meta name=\"twitter:label1\" content=\"Napsal(a)\" \/>\n\t<meta name=\"twitter:data1\" content=\"Miroslav Van\u011bk\" \/>\n\t<meta name=\"twitter:label2\" content=\"Odhadovan\u00e1 doba \u010dten\u00ed\" \/>\n\t<meta name=\"twitter:data2\" content=\"2 minuty\" \/>\n<script type=\"application\/ld+json\" class=\"yoast-schema-graph\">{\"@context\":\"https:\/\/schema.org\",\"@graph\":[{\"@type\":\"Article\",\"@id\":\"https:\/\/cinemahouse.cz\/index.php\/2019\/08\/27\/tomas-vorel-dotocil-po-roce-nataceni-svou-cestu-domu\/#article\",\"isPartOf\":{\"@id\":\"https:\/\/cinemahouse.cz\/index.php\/2019\/08\/27\/tomas-vorel-dotocil-po-roce-nataceni-svou-cestu-domu\/\"},\"author\":{\"name\":\"Miroslav Van\u011bk\",\"@id\":\"https:\/\/cinemahouse.cz\/#\/schema\/person\/b4b442f183df4da20f147173def615f2\"},\"headline\":\"Tom\u00e1\u0161 Vorel doto\u010dil po roce nat\u00e1\u010den\u00ed svou Cestu dom\u016f\",\"datePublished\":\"2019-08-27T17:24:26+00:00\",\"dateModified\":\"2019-08-28T17:29:59+00:00\",\"mainEntityOfPage\":{\"@id\":\"https:\/\/cinemahouse.cz\/index.php\/2019\/08\/27\/tomas-vorel-dotocil-po-roce-nataceni-svou-cestu-domu\/\"},\"wordCount\":510,\"publisher\":{\"@id\":\"https:\/\/cinemahouse.cz\/#organization\"},\"articleSection\":[\"FILMY, SERI\u00c1LY a TV\",\"NEWS\"],\"inLanguage\":\"cs\"},{\"@type\":\"WebPage\",\"@id\":\"https:\/\/cinemahouse.cz\/index.php\/2019\/08\/27\/tomas-vorel-dotocil-po-roce-nataceni-svou-cestu-domu\/\",\"url\":\"https:\/\/cinemahouse.cz\/index.php\/2019\/08\/27\/tomas-vorel-dotocil-po-roce-nataceni-svou-cestu-domu\/\",\"name\":\"Tom\u00e1\u0161 Vorel doto\u010dil po roce nat\u00e1\u010den\u00ed svou Cestu dom\u016f - CINEMAHOUSE.cz\",\"isPartOf\":{\"@id\":\"https:\/\/cinemahouse.cz\/#website\"},\"datePublished\":\"2019-08-27T17:24:26+00:00\",\"dateModified\":\"2019-08-28T17:29:59+00:00\",\"breadcrumb\":{\"@id\":\"https:\/\/cinemahouse.cz\/index.php\/2019\/08\/27\/tomas-vorel-dotocil-po-roce-nataceni-svou-cestu-domu\/#breadcrumb\"},\"inLanguage\":\"cs\",\"potentialAction\":[{\"@type\":\"ReadAction\",\"target\":[\"https:\/\/cinemahouse.cz\/index.php\/2019\/08\/27\/tomas-vorel-dotocil-po-roce-nataceni-svou-cestu-domu\/\"]}]},{\"@type\":\"BreadcrumbList\",\"@id\":\"https:\/\/cinemahouse.cz\/index.php\/2019\/08\/27\/tomas-vorel-dotocil-po-roce-nataceni-svou-cestu-domu\/#breadcrumb\",\"itemListElement\":[{\"@type\":\"ListItem\",\"position\":1,\"name\":\"Dom\u016f\",\"item\":\"https:\/\/cinemahouse.cz\/\"},{\"@type\":\"ListItem\",\"position\":2,\"name\":\"Tom\u00e1\u0161 Vorel doto\u010dil po roce nat\u00e1\u010den\u00ed svou Cestu dom\u016f\"}]},{\"@type\":\"WebSite\",\"@id\":\"https:\/\/cinemahouse.cz\/#website\",\"url\":\"https:\/\/cinemahouse.cz\/\",\"name\":\"CINEMAHOUSE.cz\",\"description\":\"Port\u00e1l o filmov\u00fdch novink\u00e1ch\",\"publisher\":{\"@id\":\"https:\/\/cinemahouse.cz\/#organization\"},\"potentialAction\":[{\"@type\":\"SearchAction\",\"target\":{\"@type\":\"EntryPoint\",\"urlTemplate\":\"https:\/\/cinemahouse.cz\/?s={search_term_string}\"},\"query-input\":\"required name=search_term_string\"}],\"inLanguage\":\"cs\"},{\"@type\":\"Organization\",\"@id\":\"https:\/\/cinemahouse.cz\/#organization\",\"name\":\"CINEMAHOUSE.cz\",\"url\":\"https:\/\/cinemahouse.cz\/\",\"logo\":{\"@type\":\"ImageObject\",\"inLanguage\":\"cs\",\"@id\":\"https:\/\/cinemahouse.cz\/#\/schema\/logo\/image\/\",\"url\":\"https:\/\/cinemahouse.cz\/wp-content\/uploads\/2024\/12\/cropped-Logo_CinemaHouse.jpg\",\"contentUrl\":\"https:\/\/cinemahouse.cz\/wp-content\/uploads\/2024\/12\/cropped-Logo_CinemaHouse.jpg\",\"width\":926,\"height\":467,\"caption\":\"CINEMAHOUSE.cz\"},\"image\":{\"@id\":\"https:\/\/cinemahouse.cz\/#\/schema\/logo\/image\/\"}},{\"@type\":\"Person\",\"@id\":\"https:\/\/cinemahouse.cz\/#\/schema\/person\/b4b442f183df4da20f147173def615f2\",\"name\":\"Miroslav Van\u011bk\",\"image\":{\"@type\":\"ImageObject\",\"inLanguage\":\"cs\",\"@id\":\"https:\/\/cinemahouse.cz\/#\/schema\/person\/image\/\",\"url\":\"https:\/\/secure.gravatar.com\/avatar\/cc93dbecbfc820d69a964ea4a1c72377?s=96&d=mm&r=g\",\"contentUrl\":\"https:\/\/secure.gravatar.com\/avatar\/cc93dbecbfc820d69a964ea4a1c72377?s=96&d=mm&r=g\",\"caption\":\"Miroslav Van\u011bk\"},\"sameAs\":[\"http:\/\/www.cinemahouse.cz\"],\"url\":\"https:\/\/cinemahouse.cz\/index.php\/author\/mirvan\/\"}]}<\/script>\n<!-- \/ Yoast SEO plugin. -->","yoast_head_json":{"title":"Tom\u00e1\u0161 Vorel doto\u010dil po roce nat\u00e1\u010den\u00ed svou Cestu dom\u016f - CINEMAHOUSE.cz","robots":{"index":"index","follow":"follow","max-snippet":"max-snippet:-1","max-image-preview":"max-image-preview:large","max-video-preview":"max-video-preview:-1"},"canonical":"https:\/\/cinemahouse.cz\/index.php\/2019\/08\/27\/tomas-vorel-dotocil-po-roce-nataceni-svou-cestu-domu\/","og_locale":"cs_CZ","og_type":"article","og_title":"Tom\u00e1\u0161 Vorel doto\u010dil po roce nat\u00e1\u010den\u00ed svou Cestu dom\u016f - CINEMAHOUSE.cz","og_description":"Cel\u00fd jeden rok trvalo nat\u00e1\u010den\u00ed nov\u00e9ho filmu Tom\u00e1\u0161e Vorla Cesta Dom\u016f, kter\u00fdm re\u017eis\u00e9r uzav\u00edr\u00e1 svou vesnickou trilogii s filmy Cesta z m\u011bsta a Cesta do lesa. Prvn\u00ed klapka padla na za\u010d\u00e1tku srpna 2018, ta&#46;&#46;&#46;","og_url":"https:\/\/cinemahouse.cz\/index.php\/2019\/08\/27\/tomas-vorel-dotocil-po-roce-nataceni-svou-cestu-domu\/","og_site_name":"CINEMAHOUSE.cz","article_published_time":"2019-08-27T17:24:26+00:00","article_modified_time":"2019-08-28T17:29:59+00:00","og_image":[{"width":1024,"height":676,"url":"https:\/\/cinemahouse.cz\/wp-content\/uploads\/2019\/08\/CestaDomu-AnynaHruska.jpg","type":"image\/jpeg"}],"author":"Miroslav Van\u011bk","twitter_card":"summary_large_image","twitter_misc":{"Napsal(a)":"Miroslav Van\u011bk","Odhadovan\u00e1 doba \u010dten\u00ed":"2 minuty"},"schema":{"@context":"https:\/\/schema.org","@graph":[{"@type":"Article","@id":"https:\/\/cinemahouse.cz\/index.php\/2019\/08\/27\/tomas-vorel-dotocil-po-roce-nataceni-svou-cestu-domu\/#article","isPartOf":{"@id":"https:\/\/cinemahouse.cz\/index.php\/2019\/08\/27\/tomas-vorel-dotocil-po-roce-nataceni-svou-cestu-domu\/"},"author":{"name":"Miroslav Van\u011bk","@id":"https:\/\/cinemahouse.cz\/#\/schema\/person\/b4b442f183df4da20f147173def615f2"},"headline":"Tom\u00e1\u0161 Vorel doto\u010dil po roce nat\u00e1\u010den\u00ed svou Cestu dom\u016f","datePublished":"2019-08-27T17:24:26+00:00","dateModified":"2019-08-28T17:29:59+00:00","mainEntityOfPage":{"@id":"https:\/\/cinemahouse.cz\/index.php\/2019\/08\/27\/tomas-vorel-dotocil-po-roce-nataceni-svou-cestu-domu\/"},"wordCount":510,"publisher":{"@id":"https:\/\/cinemahouse.cz\/#organization"},"articleSection":["FILMY, SERI\u00c1LY a TV","NEWS"],"inLanguage":"cs"},{"@type":"WebPage","@id":"https:\/\/cinemahouse.cz\/index.php\/2019\/08\/27\/tomas-vorel-dotocil-po-roce-nataceni-svou-cestu-domu\/","url":"https:\/\/cinemahouse.cz\/index.php\/2019\/08\/27\/tomas-vorel-dotocil-po-roce-nataceni-svou-cestu-domu\/","name":"Tom\u00e1\u0161 Vorel doto\u010dil po roce nat\u00e1\u010den\u00ed svou Cestu dom\u016f - CINEMAHOUSE.cz","isPartOf":{"@id":"https:\/\/cinemahouse.cz\/#website"},"datePublished":"2019-08-27T17:24:26+00:00","dateModified":"2019-08-28T17:29:59+00:00","breadcrumb":{"@id":"https:\/\/cinemahouse.cz\/index.php\/2019\/08\/27\/tomas-vorel-dotocil-po-roce-nataceni-svou-cestu-domu\/#breadcrumb"},"inLanguage":"cs","potentialAction":[{"@type":"ReadAction","target":["https:\/\/cinemahouse.cz\/index.php\/2019\/08\/27\/tomas-vorel-dotocil-po-roce-nataceni-svou-cestu-domu\/"]}]},{"@type":"BreadcrumbList","@id":"https:\/\/cinemahouse.cz\/index.php\/2019\/08\/27\/tomas-vorel-dotocil-po-roce-nataceni-svou-cestu-domu\/#breadcrumb","itemListElement":[{"@type":"ListItem","position":1,"name":"Dom\u016f","item":"https:\/\/cinemahouse.cz\/"},{"@type":"ListItem","position":2,"name":"Tom\u00e1\u0161 Vorel doto\u010dil po roce nat\u00e1\u010den\u00ed svou Cestu dom\u016f"}]},{"@type":"WebSite","@id":"https:\/\/cinemahouse.cz\/#website","url":"https:\/\/cinemahouse.cz\/","name":"CINEMAHOUSE.cz","description":"Port\u00e1l o filmov\u00fdch novink\u00e1ch","publisher":{"@id":"https:\/\/cinemahouse.cz\/#organization"},"potentialAction":[{"@type":"SearchAction","target":{"@type":"EntryPoint","urlTemplate":"https:\/\/cinemahouse.cz\/?s={search_term_string}"},"query-input":"required name=search_term_string"}],"inLanguage":"cs"},{"@type":"Organization","@id":"https:\/\/cinemahouse.cz\/#organization","name":"CINEMAHOUSE.cz","url":"https:\/\/cinemahouse.cz\/","logo":{"@type":"ImageObject","inLanguage":"cs","@id":"https:\/\/cinemahouse.cz\/#\/schema\/logo\/image\/","url":"https:\/\/cinemahouse.cz\/wp-content\/uploads\/2024\/12\/cropped-Logo_CinemaHouse.jpg","contentUrl":"https:\/\/cinemahouse.cz\/wp-content\/uploads\/2024\/12\/cropped-Logo_CinemaHouse.jpg","width":926,"height":467,"caption":"CINEMAHOUSE.cz"},"image":{"@id":"https:\/\/cinemahouse.cz\/#\/schema\/logo\/image\/"}},{"@type":"Person","@id":"https:\/\/cinemahouse.cz\/#\/schema\/person\/b4b442f183df4da20f147173def615f2","name":"Miroslav Van\u011bk","image":{"@type":"ImageObject","inLanguage":"cs","@id":"https:\/\/cinemahouse.cz\/#\/schema\/person\/image\/","url":"https:\/\/secure.gravatar.com\/avatar\/cc93dbecbfc820d69a964ea4a1c72377?s=96&d=mm&r=g","contentUrl":"https:\/\/secure.gravatar.com\/avatar\/cc93dbecbfc820d69a964ea4a1c72377?s=96&d=mm&r=g","caption":"Miroslav Van\u011bk"},"sameAs":["http:\/\/www.cinemahouse.cz"],"url":"https:\/\/cinemahouse.cz\/index.php\/author\/mirvan\/"}]}},"_links":{"self":[{"href":"https:\/\/cinemahouse.cz\/index.php\/wp-json\/wp\/v2\/posts\/884"}],"collection":[{"href":"https:\/\/cinemahouse.cz\/index.php\/wp-json\/wp\/v2\/posts"}],"about":[{"href":"https:\/\/cinemahouse.cz\/index.php\/wp-json\/wp\/v2\/types\/post"}],"author":[{"embeddable":true,"href":"https:\/\/cinemahouse.cz\/index.php\/wp-json\/wp\/v2\/users\/2"}],"replies":[{"embeddable":true,"href":"https:\/\/cinemahouse.cz\/index.php\/wp-json\/wp\/v2\/comments?post=884"}],"version-history":[{"count":1,"href":"https:\/\/cinemahouse.cz\/index.php\/wp-json\/wp\/v2\/posts\/884\/revisions"}],"predecessor-version":[{"id":891,"href":"https:\/\/cinemahouse.cz\/index.php\/wp-json\/wp\/v2\/posts\/884\/revisions\/891"}],"wp:featuredmedia":[{"embeddable":true,"href":"https:\/\/cinemahouse.cz\/index.php\/wp-json\/wp\/v2\/media\/885"}],"wp:attachment":[{"href":"https:\/\/cinemahouse.cz\/index.php\/wp-json\/wp\/v2\/media?parent=884"}],"wp:term":[{"taxonomy":"category","embeddable":true,"href":"https:\/\/cinemahouse.cz\/index.php\/wp-json\/wp\/v2\/categories?post=884"},{"taxonomy":"post_tag","embeddable":true,"href":"https:\/\/cinemahouse.cz\/index.php\/wp-json\/wp\/v2\/tags?post=884"}],"curies":[{"name":"wp","href":"https:\/\/api.w.org\/{rel}","templated":true}]}}