{"id":8253,"date":"2024-09-24T00:01:00","date_gmt":"2024-09-23T22:01:00","guid":{"rendered":"https:\/\/cinemahouse.cz\/?p=8253"},"modified":"2024-09-24T01:44:14","modified_gmt":"2024-09-23T23:44:14","slug":"zacal-se-natacet-rodinny-film-cukrkandl-v-hlavni-roli-s-terezou-ramba","status":"publish","type":"post","link":"https:\/\/cinemahouse.cz\/index.php\/2024\/09\/24\/zacal-se-natacet-rodinny-film-cukrkandl-v-hlavni-roli-s-terezou-ramba\/","title":{"rendered":"Za\u010dal se nat\u00e1\u010det rodinn\u00fd film Cukrkandl, v\u00a0hlavn\u00ed roli s Terezou Ramba"},"content":{"rendered":"\n<div style=\"height:45px\" aria-hidden=\"true\" class=\"wp-block-spacer\"><\/div>\n\n\n\n<p><strong>Na jihu Moravy se v&nbsp;t\u011bchto dnech za\u010dal nat\u00e1\u010det dobrodru\u017en\u00fd film pro celou rodinu s&nbsp;n\u00e1zvem Cukrkandl. V&nbsp;hlavn\u00edch rol\u00edch se p\u0159edstav\u00ed Tereza Ramba, Marek Adamczyk, Ji\u0159\u00ed L\u00e1bus, Jaroslav Plesl nebo Ji\u0159\u00ed Dvo\u0159\u00e1k. Re\u017eie mezigenera\u010dn\u00edho sn\u00edmku z&nbsp;po\u010d\u00e1tk\u016f stomatologie se ujal Pavel Jandourek, do kin by m\u011bl film p\u0159ij\u00edt p\u0159\u00ed\u0161t\u00ed rok.<\/strong><\/p>\n\n\n\n<div style=\"height:45px\" aria-hidden=\"true\" class=\"wp-block-spacer\"><\/div>\n\n\n<div class=\"wp-block-image\">\n<figure class=\"aligncenter size-large\"><img decoding=\"async\" loading=\"lazy\" width=\"1024\" height=\"682\" src=\"https:\/\/cinemahouse.cz\/wp-content\/uploads\/2024\/09\/CKK_1_ND-78_Tezera-Ramba-1024x682.jpg\" alt=\"Cukrkandl\" class=\"wp-image-8256\" srcset=\"https:\/\/cinemahouse.cz\/wp-content\/uploads\/2024\/09\/CKK_1_ND-78_Tezera-Ramba-1024x682.jpg 1024w, https:\/\/cinemahouse.cz\/wp-content\/uploads\/2024\/09\/CKK_1_ND-78_Tezera-Ramba-300x200.jpg 300w, https:\/\/cinemahouse.cz\/wp-content\/uploads\/2024\/09\/CKK_1_ND-78_Tezera-Ramba-768x512.jpg 768w, https:\/\/cinemahouse.cz\/wp-content\/uploads\/2024\/09\/CKK_1_ND-78_Tezera-Ramba.jpg 1280w\" sizes=\"(max-width: 1024px) 100vw, 1024px\" \/><\/figure><\/div>\n\n\n<div style=\"height:45px\" aria-hidden=\"true\" class=\"wp-block-spacer\"><\/div>\n\n\n\n<p>Jako hlavn\u00ed lokaci vyu\u017eili tv\u016frci historickou vilu Kancn\u00fd\u0159ka v&nbsp;Luha\u010dovic\u00edch, je\u017e p\u0159edstavuje d\u016fm se zuba\u0159skou ordinac\u00ed. Tu po sv\u00e9m str\u00fdci zd\u011bdila mlad\u00e1 l\u00e9ka\u0159ka Ani\u010dka Jesensk\u00e1, kter\u00e1 se rozhodne v&nbsp;Medov\u011b, vyhl\u00e1\u0161en\u00e9m v\u00fdrobou cukrkandlu, pomoct v\u0161em se zka\u017een\u00fdmi zuby. <em>\u201eDo hlavn\u00ed role jsme obsadili Terezu Ramba. Perfektn\u011b zapad\u00e1 do dobov\u00e9 poetiky sn\u00edmku, vyu\u017eije sv\u00e9 mimo\u0159\u00e1dn\u00e9 hereck\u00e9 schopnosti a rozehraje celou polohu hereck\u00fdch poloh: od d\u00edv\u010d\u00edho nad\u0161en\u00ed, spiklenectv\u00ed s&nbsp;partou d\u011bt\u00ed, p\u0159es motivy strachu, a\u017e po \u017eensk\u00e9 odhodl\u00e1n\u00ed se nevzd\u00e1vat,\u201c<\/em> vysv\u011btlil producent filmu <strong>Miloslav \u0160m\u00eddmajer<\/strong>.<\/p>\n\n\n\n<div style=\"height:45px\" aria-hidden=\"true\" class=\"wp-block-spacer\"><\/div>\n\n\n<div class=\"wp-block-image\">\n<figure class=\"aligncenter size-large\"><img decoding=\"async\" loading=\"lazy\" width=\"1024\" height=\"683\" src=\"https:\/\/cinemahouse.cz\/wp-content\/uploads\/2024\/09\/CKK_1_ND-45_Tezera-Ramba-1024x683.jpg\" alt=\"Cukrkandl\" class=\"wp-image-8265\" srcset=\"https:\/\/cinemahouse.cz\/wp-content\/uploads\/2024\/09\/CKK_1_ND-45_Tezera-Ramba-1024x683.jpg 1024w, https:\/\/cinemahouse.cz\/wp-content\/uploads\/2024\/09\/CKK_1_ND-45_Tezera-Ramba-300x200.jpg 300w, https:\/\/cinemahouse.cz\/wp-content\/uploads\/2024\/09\/CKK_1_ND-45_Tezera-Ramba-768x512.jpg 768w, https:\/\/cinemahouse.cz\/wp-content\/uploads\/2024\/09\/CKK_1_ND-45_Tezera-Ramba-1536x1024.jpg 1536w, https:\/\/cinemahouse.cz\/wp-content\/uploads\/2024\/09\/CKK_1_ND-45_Tezera-Ramba-2048x1365.jpg 2048w\" sizes=\"(max-width: 1024px) 100vw, 1024px\" \/><\/figure><\/div>\n\n\n<div style=\"height:45px\" aria-hidden=\"true\" class=\"wp-block-spacer\"><\/div>\n\n\n\n<p>Po boku <strong>Terezy Ramba<\/strong> se objev\u00ed tak\u00e9 nap\u0159\u00edklad <strong>Marek Adamczyk<\/strong> nebo <strong>Ji\u0159\u00ed L\u00e1bus<\/strong>. Tov\u00e1rn\u00edka vyr\u00e1b\u011bj\u00edc\u00edho cukrkandl ztv\u00e1rn\u00ed <strong>Ji\u0159\u00ed Dvo\u0159\u00e1k<\/strong>, starostu obce <strong>Pavel Zedn\u00ed\u010dek<\/strong>. Div\u00e1ci se mohou t\u011b\u0161it tak\u00e9 ale na <strong>Jaroslava Plesla<\/strong>, <strong>Martina My\u0161i\u010dku<\/strong>, <strong>Vicu Kerekes<\/strong> \u010di <strong>Maro\u0161e Kram\u00e1ra<\/strong>.<\/p>\n\n\n\n<div style=\"height:45px\" aria-hidden=\"true\" class=\"wp-block-spacer\"><\/div>\n\n\n<div class=\"wp-block-image\">\n<figure class=\"aligncenter size-large\"><img decoding=\"async\" loading=\"lazy\" width=\"1024\" height=\"683\" src=\"https:\/\/cinemahouse.cz\/wp-content\/uploads\/2024\/09\/CKK_1_ND-70_Jiri-Labus-1024x683.jpg\" alt=\"Cukrkandl\" class=\"wp-image-8260\" srcset=\"https:\/\/cinemahouse.cz\/wp-content\/uploads\/2024\/09\/CKK_1_ND-70_Jiri-Labus-1024x683.jpg 1024w, https:\/\/cinemahouse.cz\/wp-content\/uploads\/2024\/09\/CKK_1_ND-70_Jiri-Labus-300x200.jpg 300w, https:\/\/cinemahouse.cz\/wp-content\/uploads\/2024\/09\/CKK_1_ND-70_Jiri-Labus-768x512.jpg 768w, https:\/\/cinemahouse.cz\/wp-content\/uploads\/2024\/09\/CKK_1_ND-70_Jiri-Labus-1536x1024.jpg 1536w, https:\/\/cinemahouse.cz\/wp-content\/uploads\/2024\/09\/CKK_1_ND-70_Jiri-Labus-2048x1365.jpg 2048w\" sizes=\"(max-width: 1024px) 100vw, 1024px\" \/><\/figure><\/div>\n\n\n<div style=\"height:45px\" aria-hidden=\"true\" class=\"wp-block-spacer\"><\/div>\n\n\n\n<p>Po n\u011bkolika letech se ve filmu pro d\u011bti, pota\u017emo celou rodinu, objev\u00ed i obl\u00edben\u00fd herec <strong>Ji\u0159\u00ed L\u00e1bus<\/strong>. <em>\u201ePo dlouh\u00e9 dob\u011b se u n\u00e1s, b\u00fdval\u00e9 velmoci d\u011btsk\u00e9 kinematografie, objevil sc\u00e9n\u00e1\u0159 pro mal\u00e9ho i velk\u00e9ho div\u00e1ka s&nbsp;neb\u00fdvalou poetikou a humorem, kter\u00fd p\u0159ipom\u00edn\u00e1 d\u00edlo V\u011bry \u0160imkov\u00e9-Pl\u00edvov\u00e9. Mysl\u00edm, \u017ee tento druh film\u016f u n\u00e1s velmi chyb\u00ed a j\u00e1 se na n\u011bj up\u0159\u00edmn\u011b t\u011b\u0161\u00edm. D\u011btsk\u00fd film je toti\u017e kouzeln\u00fd \u017e\u00e1nr, kter\u00fd rozv\u00edj\u00ed nejen du\u0161i d\u00edt\u011bte, ale z\u00e1rove\u0148 i jeho mysl,\u201c<\/em> Ji\u0159\u00ed L\u00e1bus, p\u0159edstavitel zahradn\u00edka Franti\u0161ka Planty.<\/p>\n\n\n\n<div style=\"height:45px\" aria-hidden=\"true\" class=\"wp-block-spacer\"><\/div>\n\n\n<div class=\"wp-block-image\">\n<figure class=\"aligncenter size-large\"><img decoding=\"async\" loading=\"lazy\" width=\"1024\" height=\"682\" src=\"https:\/\/cinemahouse.cz\/wp-content\/uploads\/2024\/09\/CKK_1_ND-87_Jaroslav-Plesl-1024x682.jpg\" alt=\"Cukrkandl\" class=\"wp-image-8258\" srcset=\"https:\/\/cinemahouse.cz\/wp-content\/uploads\/2024\/09\/CKK_1_ND-87_Jaroslav-Plesl-1024x682.jpg 1024w, https:\/\/cinemahouse.cz\/wp-content\/uploads\/2024\/09\/CKK_1_ND-87_Jaroslav-Plesl-300x200.jpg 300w, https:\/\/cinemahouse.cz\/wp-content\/uploads\/2024\/09\/CKK_1_ND-87_Jaroslav-Plesl-768x512.jpg 768w, https:\/\/cinemahouse.cz\/wp-content\/uploads\/2024\/09\/CKK_1_ND-87_Jaroslav-Plesl.jpg 1280w\" sizes=\"(max-width: 1024px) 100vw, 1024px\" \/><\/figure><\/div>\n\n\n<div style=\"height:45px\" aria-hidden=\"true\" class=\"wp-block-spacer\"><\/div>\n\n\n\n<p>Film by m\u011bl b\u00fdt nato\u010den v&nbsp;pr\u016fb\u011bhu z\u00e1\u0159\u00ed a \u0159\u00edjna na lokac\u00edch v&nbsp;Luha\u010dovic\u00edch, Hodon\u00edn\u011b, \u00da\u0161t\u011bku, Zubrnic\u00edch, ale tak\u00e9 na n\u011bkolika m\u00edstech na Slovensku. Byl podpo\u0159en St\u00e1tn\u00edm fondem kinematografie (CZ), Audiovizu\u00e1lnym fondem (SK) a Zl\u00ednsk\u00fdm krajem. Do kin by m\u011bl Cukrkandl p\u0159ij\u00edt b\u011bhem roku 2025, distributorem je spole\u010dnost Bioscop.<\/p>\n\n\n\n<div style=\"height:45px\" aria-hidden=\"true\" class=\"wp-block-spacer\"><\/div>\n\n\n<div class=\"wp-block-image\">\n<figure class=\"aligncenter size-large\"><img decoding=\"async\" loading=\"lazy\" width=\"1024\" height=\"682\" src=\"https:\/\/cinemahouse.cz\/wp-content\/uploads\/2024\/09\/CKK_1_ND-57_Tezera-Ramba_Jiri-Labus-1024x682.jpg\" alt=\"Cukrkandl\" class=\"wp-image-8259\" srcset=\"https:\/\/cinemahouse.cz\/wp-content\/uploads\/2024\/09\/CKK_1_ND-57_Tezera-Ramba_Jiri-Labus-1024x682.jpg 1024w, https:\/\/cinemahouse.cz\/wp-content\/uploads\/2024\/09\/CKK_1_ND-57_Tezera-Ramba_Jiri-Labus-300x200.jpg 300w, https:\/\/cinemahouse.cz\/wp-content\/uploads\/2024\/09\/CKK_1_ND-57_Tezera-Ramba_Jiri-Labus-768x512.jpg 768w, https:\/\/cinemahouse.cz\/wp-content\/uploads\/2024\/09\/CKK_1_ND-57_Tezera-Ramba_Jiri-Labus.jpg 1280w\" sizes=\"(max-width: 1024px) 100vw, 1024px\" \/><\/figure><\/div>\n\n\n<div style=\"height:45px\" aria-hidden=\"true\" class=\"wp-block-spacer\"><\/div>\n\n\n\n<p>Ani\u010dka Jesensk\u00e1 zd\u011bd\u00ed po sv\u00e9m tajemn\u00e9m str\u00fdci d\u016fm a zuba\u0159skou ordinaci na Rakousko-Uhersk\u00e9m pomez\u00ed ve m\u011bst\u011b Medov. Proto\u017ee jej\u00ed maminka zem\u0159ela po z\u00e1kroku venkovsk\u00e9ho kov\u00e1\u0159e, kter\u00fd byl pova\u017eov\u00e1n za m\u00edstn\u00edho experta na l\u00e9\u010den\u00ed zub\u016f, chce sama jako vystudovan\u00e1 l\u00e9ka\u0159ka pom\u00e1hat zejm\u00e9na d\u011btem. K Ani\u010dce ale nikdo nechod\u00ed. V Medov\u011b je toti\u017e je\u0161t\u011b jeden zuba\u0159, kter\u00fd je sp\u0159a\u017een\u00fd s m\u00edstn\u00ed u\u010ditelkou a tov\u00e1rn\u00edkem \u0160torchem, velkov\u00fdrobcem cukrkandlu. Proto cel\u00e9 m\u011bsto trp\u00ed nadv\u00e1hou a zka\u017een\u00fdmi zuby. Ani\u010dka d\u00edky exotick\u00e9 peru\u00e1nsk\u00e9 bylin\u011b ze sklen\u00edku zjist\u00ed, \u017ee zuba\u0159sk\u00e9 z\u00e1kroky nemusej\u00ed bolet, a tak se pust\u00ed do boje s\u00a0m\u00edstn\u00edmi. Z\u00e1hy j\u00ed v tom za\u010dne pom\u00e1hat i parta d\u011bt\u00ed\u2026<\/p>\n\n\n\n<div style=\"height:45px\" aria-hidden=\"true\" class=\"wp-block-spacer\"><\/div>\n\n\n<div class=\"wp-block-image\">\n<figure class=\"aligncenter size-large\"><img decoding=\"async\" loading=\"lazy\" width=\"1024\" height=\"682\" src=\"https:\/\/cinemahouse.cz\/wp-content\/uploads\/2024\/09\/CKK_1_ND-97_Tezera-Ramba-1024x682.jpg\" alt=\"Cukrkandl\" class=\"wp-image-8257\" srcset=\"https:\/\/cinemahouse.cz\/wp-content\/uploads\/2024\/09\/CKK_1_ND-97_Tezera-Ramba-1024x682.jpg 1024w, https:\/\/cinemahouse.cz\/wp-content\/uploads\/2024\/09\/CKK_1_ND-97_Tezera-Ramba-300x200.jpg 300w, https:\/\/cinemahouse.cz\/wp-content\/uploads\/2024\/09\/CKK_1_ND-97_Tezera-Ramba-768x512.jpg 768w, https:\/\/cinemahouse.cz\/wp-content\/uploads\/2024\/09\/CKK_1_ND-97_Tezera-Ramba.jpg 1280w\" sizes=\"(max-width: 1024px) 100vw, 1024px\" \/><\/figure><\/div>\n\n\n<div style=\"height:45px\" aria-hidden=\"true\" class=\"wp-block-spacer\"><\/div>\n\n\n\n<h2 class=\"wp-block-heading\">Cukrkandl<\/h2>\n\n\n\n<div style=\"height:45px\" aria-hidden=\"true\" class=\"wp-block-spacer\"><\/div>\n\n\n\n<p><strong>Premi\u00e9ra:&nbsp;<\/strong>2025<\/p>\n\n\n\n<p><strong>Re\u017eie: <\/strong>Pavel Jandourek<\/p>\n\n\n\n<p><strong>N\u00e1m\u011bt: <\/strong>V\u00e1clav Kostohryz(skute\u010dn\u00fd zuba\u0159)<\/p>\n\n\n\n<p><strong>Sc\u00e9n\u00e1\u0159: <\/strong>Pavel Jandourek<strong>, <\/strong>Vladim\u00edr Holanec<\/p>\n\n\n\n<p><strong>Producent: <\/strong>Miloslav \u0160m\u00eddmajer (Bio Illusion), Lubom\u00edr Slivka (Attack film),<br>Vladim\u00edr Mr\u00e1z (QQ Studio Ostrava), Alena \u010cin\u010derov\u00e1 (Heart of Europe<strong>)<\/strong><\/p>\n\n\n\n<p><strong>Kamera: <\/strong>Peter Benczik<\/p>\n\n\n\n<p><strong>Architekt: <\/strong>Adam Pitra<\/p>\n\n\n\n<p><strong>Kost\u00fdmy: <\/strong>Sylva Zimula Han\u00e1kov\u00e1<\/p>\n\n\n\n<p><strong>Masky: <\/strong>Zuzana Peschlov\u00e1<\/p>\n\n\n\n<p><strong>St\u0159ih: <\/strong>Adam Dvo\u0159\u00e1k<\/p>\n\n\n\n<p><strong>Zvuk: <\/strong>Ond\u0159ej Mu\u0161ka<\/p>\n\n\n\n<p><strong>Hudba: <\/strong>Michal Novinski<strong>&nbsp;&nbsp;&nbsp;&nbsp;&nbsp;&nbsp;&nbsp;&nbsp;&nbsp;&nbsp;&nbsp;&nbsp;&nbsp;&nbsp;&nbsp;&nbsp;&nbsp;&nbsp;&nbsp;&nbsp;&nbsp;<\/strong><\/p>\n\n\n\n<p><strong>Hraj\u00ed:<\/strong>&nbsp;Tereza Ramba, Marek Adamczyk, Marek \u0164ap\u00e1k, Ji\u0159\u00ed Dvo\u0159\u00e1k, Pavel Zedn\u00ed\u010dek, Jaroslav Plesl, Vica Kerekes, Maro\u0161 Kram\u00e1r, Ji\u0159\u00ed L\u00e1bus, Miroslav Sojka, Theodor Schaefer, Ond\u0159ej S\u00fcss, Martin My\u0161i\u010dka<\/p>\n\n\n\n<div style=\"height:45px\" aria-hidden=\"true\" class=\"wp-block-spacer\"><\/div>\n\n\n\n<figure class=\"wp-block-gallery has-nested-images columns-2 is-cropped wp-block-gallery-1 is-layout-flex wp-block-gallery-is-layout-flex\">\n<figure class=\"wp-block-image size-large\"><img decoding=\"async\" loading=\"lazy\" width=\"1024\" height=\"682\" data-id=\"8256\" src=\"https:\/\/cinemahouse.cz\/wp-content\/uploads\/2024\/09\/CKK_1_ND-78_Tezera-Ramba-1024x682.jpg\" alt=\"Cukrkandl\" class=\"wp-image-8256\" srcset=\"https:\/\/cinemahouse.cz\/wp-content\/uploads\/2024\/09\/CKK_1_ND-78_Tezera-Ramba-1024x682.jpg 1024w, https:\/\/cinemahouse.cz\/wp-content\/uploads\/2024\/09\/CKK_1_ND-78_Tezera-Ramba-300x200.jpg 300w, https:\/\/cinemahouse.cz\/wp-content\/uploads\/2024\/09\/CKK_1_ND-78_Tezera-Ramba-768x512.jpg 768w, https:\/\/cinemahouse.cz\/wp-content\/uploads\/2024\/09\/CKK_1_ND-78_Tezera-Ramba.jpg 1280w\" sizes=\"(max-width: 1024px) 100vw, 1024px\" \/><\/figure>\n\n\n\n<figure class=\"wp-block-image size-large\"><img decoding=\"async\" loading=\"lazy\" width=\"1024\" height=\"683\" data-id=\"8265\" src=\"https:\/\/cinemahouse.cz\/wp-content\/uploads\/2024\/09\/CKK_1_ND-45_Tezera-Ramba-1024x683.jpg\" alt=\"Cukrkandl\" class=\"wp-image-8265\" srcset=\"https:\/\/cinemahouse.cz\/wp-content\/uploads\/2024\/09\/CKK_1_ND-45_Tezera-Ramba-1024x683.jpg 1024w, https:\/\/cinemahouse.cz\/wp-content\/uploads\/2024\/09\/CKK_1_ND-45_Tezera-Ramba-300x200.jpg 300w, https:\/\/cinemahouse.cz\/wp-content\/uploads\/2024\/09\/CKK_1_ND-45_Tezera-Ramba-768x512.jpg 768w, https:\/\/cinemahouse.cz\/wp-content\/uploads\/2024\/09\/CKK_1_ND-45_Tezera-Ramba-1536x1024.jpg 1536w, https:\/\/cinemahouse.cz\/wp-content\/uploads\/2024\/09\/CKK_1_ND-45_Tezera-Ramba-2048x1365.jpg 2048w\" sizes=\"(max-width: 1024px) 100vw, 1024px\" \/><\/figure>\n\n\n\n<figure class=\"wp-block-image size-large\"><img decoding=\"async\" loading=\"lazy\" width=\"1024\" height=\"683\" data-id=\"8260\" src=\"https:\/\/cinemahouse.cz\/wp-content\/uploads\/2024\/09\/CKK_1_ND-70_Jiri-Labus-1024x683.jpg\" alt=\"Cukrkandl\" class=\"wp-image-8260\" srcset=\"https:\/\/cinemahouse.cz\/wp-content\/uploads\/2024\/09\/CKK_1_ND-70_Jiri-Labus-1024x683.jpg 1024w, https:\/\/cinemahouse.cz\/wp-content\/uploads\/2024\/09\/CKK_1_ND-70_Jiri-Labus-300x200.jpg 300w, https:\/\/cinemahouse.cz\/wp-content\/uploads\/2024\/09\/CKK_1_ND-70_Jiri-Labus-768x512.jpg 768w, https:\/\/cinemahouse.cz\/wp-content\/uploads\/2024\/09\/CKK_1_ND-70_Jiri-Labus-1536x1024.jpg 1536w, https:\/\/cinemahouse.cz\/wp-content\/uploads\/2024\/09\/CKK_1_ND-70_Jiri-Labus-2048x1365.jpg 2048w\" sizes=\"(max-width: 1024px) 100vw, 1024px\" \/><\/figure>\n\n\n\n<figure class=\"wp-block-image size-large\"><img decoding=\"async\" loading=\"lazy\" width=\"1024\" height=\"682\" data-id=\"8258\" src=\"https:\/\/cinemahouse.cz\/wp-content\/uploads\/2024\/09\/CKK_1_ND-87_Jaroslav-Plesl-1024x682.jpg\" alt=\"Cukrkandl\" class=\"wp-image-8258\" srcset=\"https:\/\/cinemahouse.cz\/wp-content\/uploads\/2024\/09\/CKK_1_ND-87_Jaroslav-Plesl-1024x682.jpg 1024w, https:\/\/cinemahouse.cz\/wp-content\/uploads\/2024\/09\/CKK_1_ND-87_Jaroslav-Plesl-300x200.jpg 300w, https:\/\/cinemahouse.cz\/wp-content\/uploads\/2024\/09\/CKK_1_ND-87_Jaroslav-Plesl-768x512.jpg 768w, https:\/\/cinemahouse.cz\/wp-content\/uploads\/2024\/09\/CKK_1_ND-87_Jaroslav-Plesl.jpg 1280w\" sizes=\"(max-width: 1024px) 100vw, 1024px\" \/><\/figure>\n\n\n\n<figure class=\"wp-block-image size-large\"><img decoding=\"async\" loading=\"lazy\" width=\"1024\" height=\"682\" data-id=\"8259\" src=\"https:\/\/cinemahouse.cz\/wp-content\/uploads\/2024\/09\/CKK_1_ND-57_Tezera-Ramba_Jiri-Labus-1024x682.jpg\" alt=\"Cukrkandl\" class=\"wp-image-8259\" srcset=\"https:\/\/cinemahouse.cz\/wp-content\/uploads\/2024\/09\/CKK_1_ND-57_Tezera-Ramba_Jiri-Labus-1024x682.jpg 1024w, https:\/\/cinemahouse.cz\/wp-content\/uploads\/2024\/09\/CKK_1_ND-57_Tezera-Ramba_Jiri-Labus-300x200.jpg 300w, https:\/\/cinemahouse.cz\/wp-content\/uploads\/2024\/09\/CKK_1_ND-57_Tezera-Ramba_Jiri-Labus-768x512.jpg 768w, https:\/\/cinemahouse.cz\/wp-content\/uploads\/2024\/09\/CKK_1_ND-57_Tezera-Ramba_Jiri-Labus.jpg 1280w\" sizes=\"(max-width: 1024px) 100vw, 1024px\" \/><\/figure>\n\n\n\n<figure class=\"wp-block-image size-large\"><img decoding=\"async\" loading=\"lazy\" width=\"1024\" height=\"682\" data-id=\"8257\" src=\"https:\/\/cinemahouse.cz\/wp-content\/uploads\/2024\/09\/CKK_1_ND-97_Tezera-Ramba-1024x682.jpg\" alt=\"Cukrkandl\" class=\"wp-image-8257\" srcset=\"https:\/\/cinemahouse.cz\/wp-content\/uploads\/2024\/09\/CKK_1_ND-97_Tezera-Ramba-1024x682.jpg 1024w, https:\/\/cinemahouse.cz\/wp-content\/uploads\/2024\/09\/CKK_1_ND-97_Tezera-Ramba-300x200.jpg 300w, https:\/\/cinemahouse.cz\/wp-content\/uploads\/2024\/09\/CKK_1_ND-97_Tezera-Ramba-768x512.jpg 768w, https:\/\/cinemahouse.cz\/wp-content\/uploads\/2024\/09\/CKK_1_ND-97_Tezera-Ramba.jpg 1280w\" sizes=\"(max-width: 1024px) 100vw, 1024px\" \/><\/figure>\n\n\n\n<figure class=\"wp-block-image size-large\"><img decoding=\"async\" loading=\"lazy\" width=\"1024\" height=\"683\" data-id=\"8264\" src=\"https:\/\/cinemahouse.cz\/wp-content\/uploads\/2024\/09\/CKK_1_ND-18_Jiri-Labus-1024x683.jpg\" alt=\"Cukrkandl\" class=\"wp-image-8264\" srcset=\"https:\/\/cinemahouse.cz\/wp-content\/uploads\/2024\/09\/CKK_1_ND-18_Jiri-Labus-1024x683.jpg 1024w, https:\/\/cinemahouse.cz\/wp-content\/uploads\/2024\/09\/CKK_1_ND-18_Jiri-Labus-300x200.jpg 300w, https:\/\/cinemahouse.cz\/wp-content\/uploads\/2024\/09\/CKK_1_ND-18_Jiri-Labus-768x512.jpg 768w, https:\/\/cinemahouse.cz\/wp-content\/uploads\/2024\/09\/CKK_1_ND-18_Jiri-Labus-1536x1024.jpg 1536w, https:\/\/cinemahouse.cz\/wp-content\/uploads\/2024\/09\/CKK_1_ND-18_Jiri-Labus-2048x1365.jpg 2048w\" sizes=\"(max-width: 1024px) 100vw, 1024px\" \/><\/figure>\n\n\n\n<figure class=\"wp-block-image size-large\"><img decoding=\"async\" loading=\"lazy\" width=\"1024\" height=\"683\" data-id=\"8263\" src=\"https:\/\/cinemahouse.cz\/wp-content\/uploads\/2024\/09\/CKK_1_ND-95_Tezera-Ramba-1024x683.jpg\" alt=\"Cukrkandl\" class=\"wp-image-8263\" srcset=\"https:\/\/cinemahouse.cz\/wp-content\/uploads\/2024\/09\/CKK_1_ND-95_Tezera-Ramba-1024x683.jpg 1024w, https:\/\/cinemahouse.cz\/wp-content\/uploads\/2024\/09\/CKK_1_ND-95_Tezera-Ramba-300x200.jpg 300w, https:\/\/cinemahouse.cz\/wp-content\/uploads\/2024\/09\/CKK_1_ND-95_Tezera-Ramba-768x512.jpg 768w, https:\/\/cinemahouse.cz\/wp-content\/uploads\/2024\/09\/CKK_1_ND-95_Tezera-Ramba-1536x1024.jpg 1536w, https:\/\/cinemahouse.cz\/wp-content\/uploads\/2024\/09\/CKK_1_ND-95_Tezera-Ramba-2048x1365.jpg 2048w\" sizes=\"(max-width: 1024px) 100vw, 1024px\" \/><\/figure>\n\n\n\n<figure class=\"wp-block-image size-large\"><img decoding=\"async\" loading=\"lazy\" width=\"1024\" height=\"683\" data-id=\"8261\" src=\"https:\/\/cinemahouse.cz\/wp-content\/uploads\/2024\/09\/CKK_1_ND-41_Tezera-Ramba-1024x683.jpg\" alt=\"Cukrkandl\" class=\"wp-image-8261\" srcset=\"https:\/\/cinemahouse.cz\/wp-content\/uploads\/2024\/09\/CKK_1_ND-41_Tezera-Ramba-1024x683.jpg 1024w, https:\/\/cinemahouse.cz\/wp-content\/uploads\/2024\/09\/CKK_1_ND-41_Tezera-Ramba-300x200.jpg 300w, https:\/\/cinemahouse.cz\/wp-content\/uploads\/2024\/09\/CKK_1_ND-41_Tezera-Ramba-768x512.jpg 768w, https:\/\/cinemahouse.cz\/wp-content\/uploads\/2024\/09\/CKK_1_ND-41_Tezera-Ramba-1536x1024.jpg 1536w, https:\/\/cinemahouse.cz\/wp-content\/uploads\/2024\/09\/CKK_1_ND-41_Tezera-Ramba-2048x1365.jpg 2048w\" sizes=\"(max-width: 1024px) 100vw, 1024px\" \/><\/figure>\n\n\n\n<figure class=\"wp-block-image size-large\"><img decoding=\"async\" loading=\"lazy\" width=\"1024\" height=\"682\" data-id=\"8255\" src=\"https:\/\/cinemahouse.cz\/wp-content\/uploads\/2024\/09\/CKK_1_ND-19_Tereza-Ramba_Jiri-Labus-1024x682.jpg\" alt=\"Cukrkandl\" class=\"wp-image-8255\" srcset=\"https:\/\/cinemahouse.cz\/wp-content\/uploads\/2024\/09\/CKK_1_ND-19_Tereza-Ramba_Jiri-Labus-1024x682.jpg 1024w, https:\/\/cinemahouse.cz\/wp-content\/uploads\/2024\/09\/CKK_1_ND-19_Tereza-Ramba_Jiri-Labus-300x200.jpg 300w, https:\/\/cinemahouse.cz\/wp-content\/uploads\/2024\/09\/CKK_1_ND-19_Tereza-Ramba_Jiri-Labus-768x512.jpg 768w, https:\/\/cinemahouse.cz\/wp-content\/uploads\/2024\/09\/CKK_1_ND-19_Tereza-Ramba_Jiri-Labus.jpg 1280w\" sizes=\"(max-width: 1024px) 100vw, 1024px\" \/><\/figure>\n\n\n\n<figure class=\"wp-block-image size-large\"><img decoding=\"async\" loading=\"lazy\" width=\"1024\" height=\"683\" data-id=\"8262\" src=\"https:\/\/cinemahouse.cz\/wp-content\/uploads\/2024\/09\/CKK_1_ND-67_Tezera-Ramba-1024x683.jpg\" alt=\"Cukrkandl\" class=\"wp-image-8262\" srcset=\"https:\/\/cinemahouse.cz\/wp-content\/uploads\/2024\/09\/CKK_1_ND-67_Tezera-Ramba-1024x683.jpg 1024w, https:\/\/cinemahouse.cz\/wp-content\/uploads\/2024\/09\/CKK_1_ND-67_Tezera-Ramba-300x200.jpg 300w, https:\/\/cinemahouse.cz\/wp-content\/uploads\/2024\/09\/CKK_1_ND-67_Tezera-Ramba-768x512.jpg 768w, https:\/\/cinemahouse.cz\/wp-content\/uploads\/2024\/09\/CKK_1_ND-67_Tezera-Ramba-1536x1024.jpg 1536w, https:\/\/cinemahouse.cz\/wp-content\/uploads\/2024\/09\/CKK_1_ND-67_Tezera-Ramba-2048x1365.jpg 2048w\" sizes=\"(max-width: 1024px) 100vw, 1024px\" \/><\/figure>\n<\/figure>\n\n\n\n<div style=\"height:45px\" aria-hidden=\"true\" class=\"wp-block-spacer\"><\/div>\n\n\n\n<p><strong>Zdroj foto:<\/strong>&nbsp;Bioscop<\/p>\n\n\n\n<div style=\"height:45px\" aria-hidden=\"true\" class=\"wp-block-spacer\"><\/div>\n","protected":false},"excerpt":{"rendered":"<p>Na jihu Moravy se v&nbsp;t\u011bchto dnech za\u010dal nat\u00e1\u010det dobrodru\u017en\u00fd film pro celou rodinu s&nbsp;n\u00e1zvem Cukrkandl. V&nbsp;hlavn\u00edch rol\u00edch se p\u0159edstav\u00ed Tereza Ramba, Marek Adamczyk, Ji\u0159\u00ed L\u00e1bus, Jaroslav Plesl nebo Ji\u0159\u00ed Dvo\u0159\u00e1k. Re\u017eie mezigenera\u010dn\u00edho sn\u00edmku z&nbsp;po\u010d\u00e1tk\u016f&#46;&#46;&#46;<\/p>\n","protected":false},"author":7,"featured_media":8256,"comment_status":"closed","ping_status":"closed","sticky":false,"template":"","format":"standard","meta":{"_monsterinsights_skip_tracking":false,"_monsterinsights_sitenote_active":false,"_monsterinsights_sitenote_note":"","_monsterinsights_sitenote_category":0,"footnotes":""},"categories":[3,12,2],"tags":[],"yoast_head":"<!-- This site is optimized with the Yoast SEO plugin v21.4 - https:\/\/yoast.com\/wordpress\/plugins\/seo\/ -->\n<title>Za\u010dal se nat\u00e1\u010det rodinn\u00fd film Cukrkandl, v\u00a0hlavn\u00ed roli s Terezou Ramba - CINEMAHOUSE.cz<\/title>\n<meta name=\"description\" content=\"Na jihu Moravy se v\u00a0t\u011bchto dnech za\u010dal nat\u00e1\u010det dobrodru\u017en\u00fd film pro celou rodinu s\u00a0n\u00e1zvem Cukrkandl, v\u00a0hlavn\u00ed roli Tereza Ramba.\" \/>\n<meta name=\"robots\" content=\"index, follow, max-snippet:-1, max-image-preview:large, max-video-preview:-1\" \/>\n<link rel=\"canonical\" href=\"https:\/\/cinemahouse.cz\/index.php\/2024\/09\/24\/zacal-se-natacet-rodinny-film-cukrkandl-v-hlavni-roli-s-terezou-ramba\/\" \/>\n<meta property=\"og:locale\" content=\"cs_CZ\" \/>\n<meta property=\"og:type\" content=\"article\" \/>\n<meta property=\"og:title\" content=\"Za\u010dal se nat\u00e1\u010det rodinn\u00fd film Cukrkandl, v\u00a0hlavn\u00ed roli s Terezou Ramba - CINEMAHOUSE.cz\" \/>\n<meta property=\"og:description\" content=\"Na jihu Moravy se v\u00a0t\u011bchto dnech za\u010dal nat\u00e1\u010det dobrodru\u017en\u00fd film pro celou rodinu s\u00a0n\u00e1zvem Cukrkandl, v\u00a0hlavn\u00ed roli Tereza Ramba.\" \/>\n<meta property=\"og:url\" content=\"https:\/\/cinemahouse.cz\/index.php\/2024\/09\/24\/zacal-se-natacet-rodinny-film-cukrkandl-v-hlavni-roli-s-terezou-ramba\/\" \/>\n<meta property=\"og:site_name\" content=\"CINEMAHOUSE.cz\" \/>\n<meta property=\"article:published_time\" content=\"2024-09-23T22:01:00+00:00\" \/>\n<meta property=\"article:modified_time\" content=\"2024-09-23T23:44:14+00:00\" \/>\n<meta property=\"og:image\" content=\"https:\/\/cinemahouse.cz\/wp-content\/uploads\/2024\/09\/CKK_1_ND-78_Tezera-Ramba.jpg\" \/>\n\t<meta property=\"og:image:width\" content=\"1280\" \/>\n\t<meta property=\"og:image:height\" content=\"853\" \/>\n\t<meta property=\"og:image:type\" content=\"image\/jpeg\" \/>\n<meta name=\"author\" content=\"Martina Pechov\u00e1\" \/>\n<meta name=\"twitter:card\" content=\"summary_large_image\" \/>\n<meta name=\"twitter:label1\" content=\"Napsal(a)\" \/>\n\t<meta name=\"twitter:data1\" content=\"Martina Pechov\u00e1\" \/>\n\t<meta name=\"twitter:label2\" content=\"Odhadovan\u00e1 doba \u010dten\u00ed\" \/>\n\t<meta name=\"twitter:data2\" content=\"7 minut\" \/>\n<script type=\"application\/ld+json\" class=\"yoast-schema-graph\">{\"@context\":\"https:\/\/schema.org\",\"@graph\":[{\"@type\":\"Article\",\"@id\":\"https:\/\/cinemahouse.cz\/index.php\/2024\/09\/24\/zacal-se-natacet-rodinny-film-cukrkandl-v-hlavni-roli-s-terezou-ramba\/#article\",\"isPartOf\":{\"@id\":\"https:\/\/cinemahouse.cz\/index.php\/2024\/09\/24\/zacal-se-natacet-rodinny-film-cukrkandl-v-hlavni-roli-s-terezou-ramba\/\"},\"author\":{\"name\":\"Martina Pechov\u00e1\",\"@id\":\"https:\/\/cinemahouse.cz\/#\/schema\/person\/8e894bed58c7bf0d7b179ae61a79027e\"},\"headline\":\"Za\u010dal se nat\u00e1\u010det rodinn\u00fd film Cukrkandl, v\u00a0hlavn\u00ed roli s Terezou Ramba\",\"datePublished\":\"2024-09-23T22:01:00+00:00\",\"dateModified\":\"2024-09-23T23:44:14+00:00\",\"mainEntityOfPage\":{\"@id\":\"https:\/\/cinemahouse.cz\/index.php\/2024\/09\/24\/zacal-se-natacet-rodinny-film-cukrkandl-v-hlavni-roli-s-terezou-ramba\/\"},\"wordCount\":744,\"publisher\":{\"@id\":\"https:\/\/cinemahouse.cz\/#organization\"},\"articleSection\":[\"FILMOV\u00c9 NOVINKY\",\"FILMY, SERI\u00c1LY a TV\",\"NEWS\"],\"inLanguage\":\"cs\"},{\"@type\":\"WebPage\",\"@id\":\"https:\/\/cinemahouse.cz\/index.php\/2024\/09\/24\/zacal-se-natacet-rodinny-film-cukrkandl-v-hlavni-roli-s-terezou-ramba\/\",\"url\":\"https:\/\/cinemahouse.cz\/index.php\/2024\/09\/24\/zacal-se-natacet-rodinny-film-cukrkandl-v-hlavni-roli-s-terezou-ramba\/\",\"name\":\"Za\u010dal se nat\u00e1\u010det rodinn\u00fd film Cukrkandl, v\u00a0hlavn\u00ed roli s Terezou Ramba - CINEMAHOUSE.cz\",\"isPartOf\":{\"@id\":\"https:\/\/cinemahouse.cz\/#website\"},\"datePublished\":\"2024-09-23T22:01:00+00:00\",\"dateModified\":\"2024-09-23T23:44:14+00:00\",\"description\":\"Na jihu Moravy se v\u00a0t\u011bchto dnech za\u010dal nat\u00e1\u010det dobrodru\u017en\u00fd film pro celou rodinu s\u00a0n\u00e1zvem Cukrkandl, v\u00a0hlavn\u00ed roli Tereza Ramba.\",\"breadcrumb\":{\"@id\":\"https:\/\/cinemahouse.cz\/index.php\/2024\/09\/24\/zacal-se-natacet-rodinny-film-cukrkandl-v-hlavni-roli-s-terezou-ramba\/#breadcrumb\"},\"inLanguage\":\"cs\",\"potentialAction\":[{\"@type\":\"ReadAction\",\"target\":[\"https:\/\/cinemahouse.cz\/index.php\/2024\/09\/24\/zacal-se-natacet-rodinny-film-cukrkandl-v-hlavni-roli-s-terezou-ramba\/\"]}]},{\"@type\":\"BreadcrumbList\",\"@id\":\"https:\/\/cinemahouse.cz\/index.php\/2024\/09\/24\/zacal-se-natacet-rodinny-film-cukrkandl-v-hlavni-roli-s-terezou-ramba\/#breadcrumb\",\"itemListElement\":[{\"@type\":\"ListItem\",\"position\":1,\"name\":\"Dom\u016f\",\"item\":\"https:\/\/cinemahouse.cz\/\"},{\"@type\":\"ListItem\",\"position\":2,\"name\":\"Za\u010dal se nat\u00e1\u010det rodinn\u00fd film Cukrkandl, v\u00a0hlavn\u00ed roli s Terezou Ramba\"}]},{\"@type\":\"WebSite\",\"@id\":\"https:\/\/cinemahouse.cz\/#website\",\"url\":\"https:\/\/cinemahouse.cz\/\",\"name\":\"CINEMAHOUSE.cz\",\"description\":\"Port\u00e1l o filmov\u00fdch novink\u00e1ch\",\"publisher\":{\"@id\":\"https:\/\/cinemahouse.cz\/#organization\"},\"potentialAction\":[{\"@type\":\"SearchAction\",\"target\":{\"@type\":\"EntryPoint\",\"urlTemplate\":\"https:\/\/cinemahouse.cz\/?s={search_term_string}\"},\"query-input\":\"required name=search_term_string\"}],\"inLanguage\":\"cs\"},{\"@type\":\"Organization\",\"@id\":\"https:\/\/cinemahouse.cz\/#organization\",\"name\":\"CINEMAHOUSE.cz\",\"url\":\"https:\/\/cinemahouse.cz\/\",\"logo\":{\"@type\":\"ImageObject\",\"inLanguage\":\"cs\",\"@id\":\"https:\/\/cinemahouse.cz\/#\/schema\/logo\/image\/\",\"url\":\"https:\/\/cinemahouse.cz\/wp-content\/uploads\/2024\/12\/cropped-Logo_CinemaHouse.jpg\",\"contentUrl\":\"https:\/\/cinemahouse.cz\/wp-content\/uploads\/2024\/12\/cropped-Logo_CinemaHouse.jpg\",\"width\":926,\"height\":467,\"caption\":\"CINEMAHOUSE.cz\"},\"image\":{\"@id\":\"https:\/\/cinemahouse.cz\/#\/schema\/logo\/image\/\"}},{\"@type\":\"Person\",\"@id\":\"https:\/\/cinemahouse.cz\/#\/schema\/person\/8e894bed58c7bf0d7b179ae61a79027e\",\"name\":\"Martina Pechov\u00e1\",\"image\":{\"@type\":\"ImageObject\",\"inLanguage\":\"cs\",\"@id\":\"https:\/\/cinemahouse.cz\/#\/schema\/person\/image\/\",\"url\":\"https:\/\/secure.gravatar.com\/avatar\/d3ad7f43789eed68b221d01c6d7ac4e5?s=96&d=mm&r=g\",\"contentUrl\":\"https:\/\/secure.gravatar.com\/avatar\/d3ad7f43789eed68b221d01c6d7ac4e5?s=96&d=mm&r=g\",\"caption\":\"Martina Pechov\u00e1\"},\"sameAs\":[\"http:\/\/CINEMAHOUSE.cz\"],\"url\":\"https:\/\/cinemahouse.cz\/index.php\/author\/marpech\/\"}]}<\/script>\n<!-- \/ Yoast SEO plugin. -->","yoast_head_json":{"title":"Za\u010dal se nat\u00e1\u010det rodinn\u00fd film Cukrkandl, v\u00a0hlavn\u00ed roli s Terezou Ramba - CINEMAHOUSE.cz","description":"Na jihu Moravy se v\u00a0t\u011bchto dnech za\u010dal nat\u00e1\u010det dobrodru\u017en\u00fd film pro celou rodinu s\u00a0n\u00e1zvem Cukrkandl, v\u00a0hlavn\u00ed roli Tereza Ramba.","robots":{"index":"index","follow":"follow","max-snippet":"max-snippet:-1","max-image-preview":"max-image-preview:large","max-video-preview":"max-video-preview:-1"},"canonical":"https:\/\/cinemahouse.cz\/index.php\/2024\/09\/24\/zacal-se-natacet-rodinny-film-cukrkandl-v-hlavni-roli-s-terezou-ramba\/","og_locale":"cs_CZ","og_type":"article","og_title":"Za\u010dal se nat\u00e1\u010det rodinn\u00fd film Cukrkandl, v\u00a0hlavn\u00ed roli s Terezou Ramba - CINEMAHOUSE.cz","og_description":"Na jihu Moravy se v\u00a0t\u011bchto dnech za\u010dal nat\u00e1\u010det dobrodru\u017en\u00fd film pro celou rodinu s\u00a0n\u00e1zvem Cukrkandl, v\u00a0hlavn\u00ed roli Tereza Ramba.","og_url":"https:\/\/cinemahouse.cz\/index.php\/2024\/09\/24\/zacal-se-natacet-rodinny-film-cukrkandl-v-hlavni-roli-s-terezou-ramba\/","og_site_name":"CINEMAHOUSE.cz","article_published_time":"2024-09-23T22:01:00+00:00","article_modified_time":"2024-09-23T23:44:14+00:00","og_image":[{"width":1280,"height":853,"url":"https:\/\/cinemahouse.cz\/wp-content\/uploads\/2024\/09\/CKK_1_ND-78_Tezera-Ramba.jpg","type":"image\/jpeg"}],"author":"Martina Pechov\u00e1","twitter_card":"summary_large_image","twitter_misc":{"Napsal(a)":"Martina Pechov\u00e1","Odhadovan\u00e1 doba \u010dten\u00ed":"7 minut"},"schema":{"@context":"https:\/\/schema.org","@graph":[{"@type":"Article","@id":"https:\/\/cinemahouse.cz\/index.php\/2024\/09\/24\/zacal-se-natacet-rodinny-film-cukrkandl-v-hlavni-roli-s-terezou-ramba\/#article","isPartOf":{"@id":"https:\/\/cinemahouse.cz\/index.php\/2024\/09\/24\/zacal-se-natacet-rodinny-film-cukrkandl-v-hlavni-roli-s-terezou-ramba\/"},"author":{"name":"Martina Pechov\u00e1","@id":"https:\/\/cinemahouse.cz\/#\/schema\/person\/8e894bed58c7bf0d7b179ae61a79027e"},"headline":"Za\u010dal se nat\u00e1\u010det rodinn\u00fd film Cukrkandl, v\u00a0hlavn\u00ed roli s Terezou Ramba","datePublished":"2024-09-23T22:01:00+00:00","dateModified":"2024-09-23T23:44:14+00:00","mainEntityOfPage":{"@id":"https:\/\/cinemahouse.cz\/index.php\/2024\/09\/24\/zacal-se-natacet-rodinny-film-cukrkandl-v-hlavni-roli-s-terezou-ramba\/"},"wordCount":744,"publisher":{"@id":"https:\/\/cinemahouse.cz\/#organization"},"articleSection":["FILMOV\u00c9 NOVINKY","FILMY, SERI\u00c1LY a TV","NEWS"],"inLanguage":"cs"},{"@type":"WebPage","@id":"https:\/\/cinemahouse.cz\/index.php\/2024\/09\/24\/zacal-se-natacet-rodinny-film-cukrkandl-v-hlavni-roli-s-terezou-ramba\/","url":"https:\/\/cinemahouse.cz\/index.php\/2024\/09\/24\/zacal-se-natacet-rodinny-film-cukrkandl-v-hlavni-roli-s-terezou-ramba\/","name":"Za\u010dal se nat\u00e1\u010det rodinn\u00fd film Cukrkandl, v\u00a0hlavn\u00ed roli s Terezou Ramba - CINEMAHOUSE.cz","isPartOf":{"@id":"https:\/\/cinemahouse.cz\/#website"},"datePublished":"2024-09-23T22:01:00+00:00","dateModified":"2024-09-23T23:44:14+00:00","description":"Na jihu Moravy se v\u00a0t\u011bchto dnech za\u010dal nat\u00e1\u010det dobrodru\u017en\u00fd film pro celou rodinu s\u00a0n\u00e1zvem Cukrkandl, v\u00a0hlavn\u00ed roli Tereza Ramba.","breadcrumb":{"@id":"https:\/\/cinemahouse.cz\/index.php\/2024\/09\/24\/zacal-se-natacet-rodinny-film-cukrkandl-v-hlavni-roli-s-terezou-ramba\/#breadcrumb"},"inLanguage":"cs","potentialAction":[{"@type":"ReadAction","target":["https:\/\/cinemahouse.cz\/index.php\/2024\/09\/24\/zacal-se-natacet-rodinny-film-cukrkandl-v-hlavni-roli-s-terezou-ramba\/"]}]},{"@type":"BreadcrumbList","@id":"https:\/\/cinemahouse.cz\/index.php\/2024\/09\/24\/zacal-se-natacet-rodinny-film-cukrkandl-v-hlavni-roli-s-terezou-ramba\/#breadcrumb","itemListElement":[{"@type":"ListItem","position":1,"name":"Dom\u016f","item":"https:\/\/cinemahouse.cz\/"},{"@type":"ListItem","position":2,"name":"Za\u010dal se nat\u00e1\u010det rodinn\u00fd film Cukrkandl, v\u00a0hlavn\u00ed roli s Terezou Ramba"}]},{"@type":"WebSite","@id":"https:\/\/cinemahouse.cz\/#website","url":"https:\/\/cinemahouse.cz\/","name":"CINEMAHOUSE.cz","description":"Port\u00e1l o filmov\u00fdch novink\u00e1ch","publisher":{"@id":"https:\/\/cinemahouse.cz\/#organization"},"potentialAction":[{"@type":"SearchAction","target":{"@type":"EntryPoint","urlTemplate":"https:\/\/cinemahouse.cz\/?s={search_term_string}"},"query-input":"required name=search_term_string"}],"inLanguage":"cs"},{"@type":"Organization","@id":"https:\/\/cinemahouse.cz\/#organization","name":"CINEMAHOUSE.cz","url":"https:\/\/cinemahouse.cz\/","logo":{"@type":"ImageObject","inLanguage":"cs","@id":"https:\/\/cinemahouse.cz\/#\/schema\/logo\/image\/","url":"https:\/\/cinemahouse.cz\/wp-content\/uploads\/2024\/12\/cropped-Logo_CinemaHouse.jpg","contentUrl":"https:\/\/cinemahouse.cz\/wp-content\/uploads\/2024\/12\/cropped-Logo_CinemaHouse.jpg","width":926,"height":467,"caption":"CINEMAHOUSE.cz"},"image":{"@id":"https:\/\/cinemahouse.cz\/#\/schema\/logo\/image\/"}},{"@type":"Person","@id":"https:\/\/cinemahouse.cz\/#\/schema\/person\/8e894bed58c7bf0d7b179ae61a79027e","name":"Martina Pechov\u00e1","image":{"@type":"ImageObject","inLanguage":"cs","@id":"https:\/\/cinemahouse.cz\/#\/schema\/person\/image\/","url":"https:\/\/secure.gravatar.com\/avatar\/d3ad7f43789eed68b221d01c6d7ac4e5?s=96&d=mm&r=g","contentUrl":"https:\/\/secure.gravatar.com\/avatar\/d3ad7f43789eed68b221d01c6d7ac4e5?s=96&d=mm&r=g","caption":"Martina Pechov\u00e1"},"sameAs":["http:\/\/CINEMAHOUSE.cz"],"url":"https:\/\/cinemahouse.cz\/index.php\/author\/marpech\/"}]}},"_links":{"self":[{"href":"https:\/\/cinemahouse.cz\/index.php\/wp-json\/wp\/v2\/posts\/8253"}],"collection":[{"href":"https:\/\/cinemahouse.cz\/index.php\/wp-json\/wp\/v2\/posts"}],"about":[{"href":"https:\/\/cinemahouse.cz\/index.php\/wp-json\/wp\/v2\/types\/post"}],"author":[{"embeddable":true,"href":"https:\/\/cinemahouse.cz\/index.php\/wp-json\/wp\/v2\/users\/7"}],"replies":[{"embeddable":true,"href":"https:\/\/cinemahouse.cz\/index.php\/wp-json\/wp\/v2\/comments?post=8253"}],"version-history":[{"count":4,"href":"https:\/\/cinemahouse.cz\/index.php\/wp-json\/wp\/v2\/posts\/8253\/revisions"}],"predecessor-version":[{"id":8292,"href":"https:\/\/cinemahouse.cz\/index.php\/wp-json\/wp\/v2\/posts\/8253\/revisions\/8292"}],"wp:featuredmedia":[{"embeddable":true,"href":"https:\/\/cinemahouse.cz\/index.php\/wp-json\/wp\/v2\/media\/8256"}],"wp:attachment":[{"href":"https:\/\/cinemahouse.cz\/index.php\/wp-json\/wp\/v2\/media?parent=8253"}],"wp:term":[{"taxonomy":"category","embeddable":true,"href":"https:\/\/cinemahouse.cz\/index.php\/wp-json\/wp\/v2\/categories?post=8253"},{"taxonomy":"post_tag","embeddable":true,"href":"https:\/\/cinemahouse.cz\/index.php\/wp-json\/wp\/v2\/tags?post=8253"}],"curies":[{"name":"wp","href":"https:\/\/api.w.org\/{rel}","templated":true}]}}