{"id":7106,"date":"2024-03-14T02:33:52","date_gmt":"2024-03-14T01:33:52","guid":{"rendered":"https:\/\/cinemahouse.cz\/?p=7106"},"modified":"2024-03-14T02:41:11","modified_gmt":"2024-03-14T01:41:11","slug":"16-festival-bulharskych-filmu-14-17-3-2024-v-kine-lucerna","status":"publish","type":"post","link":"https:\/\/cinemahouse.cz\/index.php\/2024\/03\/14\/16-festival-bulharskych-filmu-14-17-3-2024-v-kine-lucerna\/","title":{"rendered":"16. Festival bulharsk\u00fdch film\u016f: 14.-17. 3. 2024 v kin\u011b Lucerna"},"content":{"rendered":"\n<div style=\"height:52px\" aria-hidden=\"true\" class=\"wp-block-spacer\"><\/div>\n\n\n\n<p><strong>Pr\u00e1v\u011b odstartoval 16. ro\u010dn\u00edk Festivalu bulharsk\u00fdch film\u016f. Prost\u0159ednictv\u00edm n\u011bkolika b\u0159eznov\u00fdch dn\u00ed se ka\u017edoro\u010dn\u011b sna\u017e\u00edme \u010desk\u00fdm div\u00e1k\u016fm p\u0159ibl\u00ed\u017eit sou\u010dasnou bulharskou kinematografii. Soust\u0159ed\u00edme se na filmy, kter\u00e9 sklidily \u00fasp\u011bch na filmov\u00fdch festivalech, ale i na filmy popul\u00e1rn\u00ed u bulharsk\u00fdch div\u00e1k\u016f a letos poprv\u00e9 za\u0159azujeme speci\u00e1ln\u00ed prom\u00edt\u00e1n\u00ed pro d\u011bti. Douf\u00e1me, \u017ee se n\u00e1m poda\u0159\u00ed ho zachovat a vychov\u00e1vat si nov\u00e9 div\u00e1ky.<\/strong><\/p>\n\n\n\n<div style=\"height:52px\" aria-hidden=\"true\" class=\"wp-block-spacer\"><\/div>\n\n\n<div class=\"wp-block-image\">\n<figure class=\"aligncenter size-full is-resized\"><img decoding=\"async\" loading=\"lazy\" src=\"https:\/\/cinemahouse.cz\/wp-content\/uploads\/2024\/03\/4f74e46c-beba-11ee-9bbd-9e966f951e90.jpg\" alt=\"16. Festival bulharsk\u00fdch film\u016f: 14.-17. 3. 2024 v kin\u011b Lucerna\" class=\"wp-image-7107\" style=\"width:806px;height:453px\" width=\"806\" height=\"453\" srcset=\"https:\/\/cinemahouse.cz\/wp-content\/uploads\/2024\/03\/4f74e46c-beba-11ee-9bbd-9e966f951e90.jpg 635w, https:\/\/cinemahouse.cz\/wp-content\/uploads\/2024\/03\/4f74e46c-beba-11ee-9bbd-9e966f951e90-300x169.jpg 300w\" sizes=\"(max-width: 806px) 100vw, 806px\" \/><\/figure><\/div>\n\n\n<div style=\"height:52px\" aria-hidden=\"true\" class=\"wp-block-spacer\"><\/div>\n\n\n\n<p>V\u00a0posledn\u00edch letech je z\u00a0bulharsk\u00fdch film\u016f c\u00edtit deziluze spole\u010dnosti a tematicky se obrac\u00ed i k\u00a0bulharsk\u00fdm imigrant\u016fm. Letos se t\u011bchto t\u00e9mat dot\u00fdkaj\u00ed v\u0161echny filmy s\u00a0v\u00fdjimkou d\u011btsk\u00e9ho filmu.<\/p>\n\n\n\n<div style=\"height:52px\" aria-hidden=\"true\" class=\"wp-block-spacer\"><\/div>\n\n\n\n<figure class=\"wp-block-gallery has-nested-images columns-default is-cropped wp-block-gallery-1 is-layout-flex wp-block-gallery-is-layout-flex\">\n<figure class=\"wp-block-image size-large\"><img decoding=\"async\" loading=\"lazy\" width=\"448\" height=\"640\" data-id=\"7110\" src=\"https:\/\/cinemahouse.cz\/wp-content\/uploads\/2024\/03\/c6a4deb7-bb9e-11ee-9bbd-9e966f951e90.jpg\" alt=\"16. Festival bulharsk\u00fdch film\u016f: 14.-17. 3. 2024 v kin\u011b Lucerna\" class=\"wp-image-7110\" srcset=\"https:\/\/cinemahouse.cz\/wp-content\/uploads\/2024\/03\/c6a4deb7-bb9e-11ee-9bbd-9e966f951e90.jpg 448w, https:\/\/cinemahouse.cz\/wp-content\/uploads\/2024\/03\/c6a4deb7-bb9e-11ee-9bbd-9e966f951e90-210x300.jpg 210w\" sizes=\"(max-width: 448px) 100vw, 448px\" \/><\/figure>\n\n\n\n<figure class=\"wp-block-image size-large\"><img decoding=\"async\" loading=\"lazy\" width=\"448\" height=\"640\" data-id=\"7108\" src=\"https:\/\/cinemahouse.cz\/wp-content\/uploads\/2024\/03\/634d32bd-bb9e-11ee-9bbd-9e966f951e90.jpg\" alt=\"16. Festival bulharsk\u00fdch film\u016f: 14.-17. 3. 2024 v kin\u011b Lucerna\" class=\"wp-image-7108\" srcset=\"https:\/\/cinemahouse.cz\/wp-content\/uploads\/2024\/03\/634d32bd-bb9e-11ee-9bbd-9e966f951e90.jpg 448w, https:\/\/cinemahouse.cz\/wp-content\/uploads\/2024\/03\/634d32bd-bb9e-11ee-9bbd-9e966f951e90-210x300.jpg 210w\" sizes=\"(max-width: 448px) 100vw, 448px\" \/><\/figure>\n\n\n\n<figure class=\"wp-block-image size-large\"><img decoding=\"async\" loading=\"lazy\" width=\"448\" height=\"640\" data-id=\"7109\" src=\"https:\/\/cinemahouse.cz\/wp-content\/uploads\/2024\/03\/81367ff3-bba1-11ee-9bbd-9e966f951e90.jpg\" alt=\"16. Festival bulharsk\u00fdch film\u016f: 14.-17. 3. 2024 v kin\u011b Lucerna\" class=\"wp-image-7109\" srcset=\"https:\/\/cinemahouse.cz\/wp-content\/uploads\/2024\/03\/81367ff3-bba1-11ee-9bbd-9e966f951e90.jpg 448w, https:\/\/cinemahouse.cz\/wp-content\/uploads\/2024\/03\/81367ff3-bba1-11ee-9bbd-9e966f951e90-210x300.jpg 210w\" sizes=\"(max-width: 448px) 100vw, 448px\" \/><\/figure>\n<\/figure>\n\n\n\n<div style=\"height:52px\" aria-hidden=\"true\" class=\"wp-block-spacer\"><\/div>\n\n\n\n<p><strong>Od 14. do 17. b\u0159ezna 2024 se m\u016f\u017eete t\u011b\u0161it na zaj\u00edmav\u00e9 hosty, kte\u0159\u00ed do Prahy p\u0159ijedou p\u0159edstavit sv\u00e9 filmy.<\/strong><\/p>\n\n\n\n<p>Ve velk\u00e9m i mal\u00e9m s\u00e1le kina Lucerna prom\u00edtneme sn\u00edmky v&nbsp;origin\u00e1ln\u00edm zn\u011bn\u00ed s&nbsp;anglick\u00fdmi a \u010desk\u00fdmi titulky.<\/p>\n\n\n\n<p>Festival organizuje Velvyslanectv\u00ed Bulharsk\u00e9 republiky v&nbsp;\u010cR a Bulharsk\u00fd kulturn\u00ed institut v&nbsp;Praze.<\/p>\n\n\n\n<div style=\"height:52px\" aria-hidden=\"true\" class=\"wp-block-spacer\"><\/div>\n\n\n\n<figure class=\"wp-block-gallery has-nested-images columns-default is-cropped wp-block-gallery-3 is-layout-flex wp-block-gallery-is-layout-flex\">\n<figure class=\"wp-block-image size-large\"><img decoding=\"async\" loading=\"lazy\" width=\"446\" height=\"640\" data-id=\"7111\" src=\"https:\/\/cinemahouse.cz\/wp-content\/uploads\/2024\/03\/d2de301e-bba1-11ee-9bbd-9e966f951e90.jpg\" alt=\"16. Festival bulharsk\u00fdch film\u016f: 14.-17. 3. 2024 v kin\u011b Lucerna\" class=\"wp-image-7111\" srcset=\"https:\/\/cinemahouse.cz\/wp-content\/uploads\/2024\/03\/d2de301e-bba1-11ee-9bbd-9e966f951e90.jpg 446w, https:\/\/cinemahouse.cz\/wp-content\/uploads\/2024\/03\/d2de301e-bba1-11ee-9bbd-9e966f951e90-209x300.jpg 209w\" sizes=\"(max-width: 446px) 100vw, 446px\" \/><\/figure>\n\n\n\n<figure class=\"wp-block-image size-large\"><img decoding=\"async\" loading=\"lazy\" width=\"446\" height=\"640\" data-id=\"7112\" src=\"https:\/\/cinemahouse.cz\/wp-content\/uploads\/2024\/03\/c0718ccc-bb9f-11ee-9bbd-9e966f951e90.jpg\" alt=\"16. Festival bulharsk\u00fdch film\u016f: 14.-17. 3. 2024 v kin\u011b Lucerna\" class=\"wp-image-7112\" srcset=\"https:\/\/cinemahouse.cz\/wp-content\/uploads\/2024\/03\/c0718ccc-bb9f-11ee-9bbd-9e966f951e90.jpg 446w, https:\/\/cinemahouse.cz\/wp-content\/uploads\/2024\/03\/c0718ccc-bb9f-11ee-9bbd-9e966f951e90-209x300.jpg 209w\" sizes=\"(max-width: 446px) 100vw, 446px\" \/><\/figure>\n<\/figure>\n\n\n\n<div style=\"height:52px\" aria-hidden=\"true\" class=\"wp-block-spacer\"><\/div>\n\n\n\n<p>Z\u00e1\u0161titu nad 16. ro\u010dn\u00edkem Festivalu bulharsk\u00fdch film\u016f p\u0159evzali Ministr kultury \u010cesk\u00e9 republiky pan Martin Baxa a Ministr kultury Bulharsk\u00e9 republiky pan Krastyo Krastev.<\/p>\n\n\n\n<div style=\"height:52px\" aria-hidden=\"true\" class=\"wp-block-spacer\"><\/div>\n\n\n\n<figure class=\"wp-block-embed is-type-video is-provider-youtube wp-block-embed-youtube wp-embed-aspect-16-9 wp-has-aspect-ratio\"><div class=\"wp-block-embed__wrapper\">\n<div class=\"video-container\"><iframe loading=\"lazy\" title=\"16th Bulgarian Film Festival\" width=\"500\" height=\"281\" src=\"https:\/\/www.youtube.com\/embed\/v4cZH-Nya_U?feature=oembed&#038;wmode=opaque\" frameborder=\"0\" allow=\"accelerometer; autoplay; clipboard-write; encrypted-media; gyroscope; picture-in-picture; web-share\" allowfullscreen><\/iframe><\/div>\n<\/div><\/figure>\n\n\n\n<div style=\"height:52px\" aria-hidden=\"true\" class=\"wp-block-spacer\"><\/div>\n\n\n\n<p><strong>Pro v\u00edce informac\u00ed sledujte\u00a0<a href=\"http:\/\/www.bki.cz\/\">www.bki.cz<\/a>\u00a0nebo na FB.<\/strong><\/p>\n\n\n\n<div style=\"height:52px\" aria-hidden=\"true\" class=\"wp-block-spacer\"><\/div>\n\n\n\n<p><strong>Dal\u0161\u00ed informace a kompletn\u00ed program naleznete <a href=\"https:\/\/www.kinolucerna.cz\/klient-263\/kino-68\/stranka-1224\/informacia-18051\">ZDE V ODKAZU<\/a>.<\/strong><\/p>\n\n\n\n<div style=\"height:100px\" aria-hidden=\"true\" class=\"wp-block-spacer\"><\/div>\n\n\n\n<figure class=\"wp-block-gallery has-nested-images columns-2 is-cropped wp-block-gallery-5 is-layout-flex wp-block-gallery-is-layout-flex\">\n<figure class=\"wp-block-image size-large\"><img decoding=\"async\" loading=\"lazy\" width=\"448\" height=\"640\" data-id=\"7108\" src=\"https:\/\/cinemahouse.cz\/wp-content\/uploads\/2024\/03\/634d32bd-bb9e-11ee-9bbd-9e966f951e90.jpg\" alt=\"16. Festival bulharsk\u00fdch film\u016f: 14.-17. 3. 2024 v kin\u011b Lucerna\" class=\"wp-image-7108\" srcset=\"https:\/\/cinemahouse.cz\/wp-content\/uploads\/2024\/03\/634d32bd-bb9e-11ee-9bbd-9e966f951e90.jpg 448w, https:\/\/cinemahouse.cz\/wp-content\/uploads\/2024\/03\/634d32bd-bb9e-11ee-9bbd-9e966f951e90-210x300.jpg 210w\" sizes=\"(max-width: 448px) 100vw, 448px\" \/><\/figure>\n\n\n\n<figure class=\"wp-block-image size-large\"><img decoding=\"async\" loading=\"lazy\" width=\"448\" height=\"640\" data-id=\"7109\" src=\"https:\/\/cinemahouse.cz\/wp-content\/uploads\/2024\/03\/81367ff3-bba1-11ee-9bbd-9e966f951e90.jpg\" alt=\"16. Festival bulharsk\u00fdch film\u016f: 14.-17. 3. 2024 v kin\u011b Lucerna\" class=\"wp-image-7109\" srcset=\"https:\/\/cinemahouse.cz\/wp-content\/uploads\/2024\/03\/81367ff3-bba1-11ee-9bbd-9e966f951e90.jpg 448w, https:\/\/cinemahouse.cz\/wp-content\/uploads\/2024\/03\/81367ff3-bba1-11ee-9bbd-9e966f951e90-210x300.jpg 210w\" sizes=\"(max-width: 448px) 100vw, 448px\" \/><\/figure>\n\n\n\n<figure class=\"wp-block-image size-large\"><img decoding=\"async\" loading=\"lazy\" width=\"448\" height=\"640\" data-id=\"7110\" src=\"https:\/\/cinemahouse.cz\/wp-content\/uploads\/2024\/03\/c6a4deb7-bb9e-11ee-9bbd-9e966f951e90.jpg\" alt=\"16. Festival bulharsk\u00fdch film\u016f: 14.-17. 3. 2024 v kin\u011b Lucerna\" class=\"wp-image-7110\" srcset=\"https:\/\/cinemahouse.cz\/wp-content\/uploads\/2024\/03\/c6a4deb7-bb9e-11ee-9bbd-9e966f951e90.jpg 448w, https:\/\/cinemahouse.cz\/wp-content\/uploads\/2024\/03\/c6a4deb7-bb9e-11ee-9bbd-9e966f951e90-210x300.jpg 210w\" sizes=\"(max-width: 448px) 100vw, 448px\" \/><\/figure>\n\n\n\n<figure class=\"wp-block-image size-large\"><img decoding=\"async\" loading=\"lazy\" width=\"446\" height=\"640\" data-id=\"7111\" src=\"https:\/\/cinemahouse.cz\/wp-content\/uploads\/2024\/03\/d2de301e-bba1-11ee-9bbd-9e966f951e90.jpg\" alt=\"16. Festival bulharsk\u00fdch film\u016f: 14.-17. 3. 2024 v kin\u011b Lucerna\" class=\"wp-image-7111\" srcset=\"https:\/\/cinemahouse.cz\/wp-content\/uploads\/2024\/03\/d2de301e-bba1-11ee-9bbd-9e966f951e90.jpg 446w, https:\/\/cinemahouse.cz\/wp-content\/uploads\/2024\/03\/d2de301e-bba1-11ee-9bbd-9e966f951e90-209x300.jpg 209w\" sizes=\"(max-width: 446px) 100vw, 446px\" \/><\/figure>\n\n\n\n<figure class=\"wp-block-image size-large\"><img decoding=\"async\" loading=\"lazy\" width=\"446\" height=\"640\" data-id=\"7112\" src=\"https:\/\/cinemahouse.cz\/wp-content\/uploads\/2024\/03\/c0718ccc-bb9f-11ee-9bbd-9e966f951e90.jpg\" alt=\"16. Festival bulharsk\u00fdch film\u016f: 14.-17. 3. 2024 v kin\u011b Lucerna\" class=\"wp-image-7112\" srcset=\"https:\/\/cinemahouse.cz\/wp-content\/uploads\/2024\/03\/c0718ccc-bb9f-11ee-9bbd-9e966f951e90.jpg 446w, https:\/\/cinemahouse.cz\/wp-content\/uploads\/2024\/03\/c0718ccc-bb9f-11ee-9bbd-9e966f951e90-209x300.jpg 209w\" sizes=\"(max-width: 446px) 100vw, 446px\" \/><\/figure>\n<\/figure>\n\n\n\n<div style=\"height:35px\" aria-hidden=\"true\" class=\"wp-block-spacer\"><\/div>\n\n\n\n<p><strong>Zdroj foto: <\/strong>Festival bulharsk\u00fdch film\u016f, Kino Lucerna<\/p>\n\n\n\n<div style=\"height:100px\" aria-hidden=\"true\" class=\"wp-block-spacer\"><\/div>\n","protected":false},"excerpt":{"rendered":"<p>Pr\u00e1v\u011b odstartoval 16. ro\u010dn\u00edk Festivalu bulharsk\u00fdch film\u016f. Prost\u0159ednictv\u00edm n\u011bkolika b\u0159eznov\u00fdch dn\u00ed se ka\u017edoro\u010dn\u011b sna\u017e\u00edme \u010desk\u00fdm div\u00e1k\u016fm p\u0159ibl\u00ed\u017eit sou\u010dasnou bulharskou kinematografii. Soust\u0159ed\u00edme se na filmy, kter\u00e9 sklidily \u00fasp\u011bch na filmov\u00fdch festivalech, ale i na filmy&#46;&#46;&#46;<\/p>\n","protected":false},"author":3,"featured_media":7107,"comment_status":"closed","ping_status":"closed","sticky":false,"template":"","format":"standard","meta":{"_monsterinsights_skip_tracking":false,"_monsterinsights_sitenote_active":false,"_monsterinsights_sitenote_note":"","_monsterinsights_sitenote_category":0,"footnotes":""},"categories":[12,2,13],"tags":[],"yoast_head":"<!-- This site is optimized with the Yoast SEO plugin v21.4 - https:\/\/yoast.com\/wordpress\/plugins\/seo\/ -->\n<title>16. Festival bulharsk\u00fdch film\u016f: 14.-17. 3. 2024 v kin\u011b Lucerna - CINEMAHOUSE.cz<\/title>\n<meta name=\"description\" content=\"Pr\u00e1v\u011b odstartoval 16. ro\u010dn\u00edk Festivalu bulharsk\u00fdch film\u016f. Prost\u0159ednictv\u00edm n\u011bkolika b\u0159eznov\u00fdch dn\u00ed se ka\u017edoro\u010dn\u011b sna\u017e\u00edme \u010desk\u00fdm div\u00e1k\u016fm p\u0159ibl\u00ed\u017eit sou\u010dasnou bulharskou kinematografii.\" \/>\n<meta name=\"robots\" content=\"index, follow, max-snippet:-1, max-image-preview:large, max-video-preview:-1\" \/>\n<link rel=\"canonical\" href=\"https:\/\/cinemahouse.cz\/index.php\/2024\/03\/14\/16-festival-bulharskych-filmu-14-17-3-2024-v-kine-lucerna\/\" \/>\n<meta property=\"og:locale\" content=\"cs_CZ\" \/>\n<meta property=\"og:type\" content=\"article\" \/>\n<meta property=\"og:title\" content=\"16. Festival bulharsk\u00fdch film\u016f: 14.-17. 3. 2024 v kin\u011b Lucerna - CINEMAHOUSE.cz\" \/>\n<meta property=\"og:description\" content=\"Pr\u00e1v\u011b odstartoval 16. ro\u010dn\u00edk Festivalu bulharsk\u00fdch film\u016f. Prost\u0159ednictv\u00edm n\u011bkolika b\u0159eznov\u00fdch dn\u00ed se ka\u017edoro\u010dn\u011b sna\u017e\u00edme \u010desk\u00fdm div\u00e1k\u016fm p\u0159ibl\u00ed\u017eit sou\u010dasnou bulharskou kinematografii.\" \/>\n<meta property=\"og:url\" content=\"https:\/\/cinemahouse.cz\/index.php\/2024\/03\/14\/16-festival-bulharskych-filmu-14-17-3-2024-v-kine-lucerna\/\" \/>\n<meta property=\"og:site_name\" content=\"CINEMAHOUSE.cz\" \/>\n<meta property=\"article:published_time\" content=\"2024-03-14T01:33:52+00:00\" \/>\n<meta property=\"article:modified_time\" content=\"2024-03-14T01:41:11+00:00\" \/>\n<meta property=\"og:image\" content=\"https:\/\/cinemahouse.cz\/wp-content\/uploads\/2024\/03\/4f74e46c-beba-11ee-9bbd-9e966f951e90.jpg\" \/>\n\t<meta property=\"og:image:width\" content=\"635\" \/>\n\t<meta property=\"og:image:height\" content=\"357\" \/>\n\t<meta property=\"og:image:type\" content=\"image\/jpeg\" \/>\n<meta name=\"author\" content=\"Jolana Hol\u00e1\u0148ov\u00e1\" \/>\n<meta name=\"twitter:card\" content=\"summary_large_image\" \/>\n<meta name=\"twitter:label1\" content=\"Napsal(a)\" \/>\n\t<meta name=\"twitter:data1\" content=\"Jolana Hol\u00e1\u0148ov\u00e1\" \/>\n\t<meta name=\"twitter:label2\" content=\"Odhadovan\u00e1 doba \u010dten\u00ed\" \/>\n\t<meta name=\"twitter:data2\" content=\"4 minuty\" \/>\n<script type=\"application\/ld+json\" class=\"yoast-schema-graph\">{\"@context\":\"https:\/\/schema.org\",\"@graph\":[{\"@type\":\"Article\",\"@id\":\"https:\/\/cinemahouse.cz\/index.php\/2024\/03\/14\/16-festival-bulharskych-filmu-14-17-3-2024-v-kine-lucerna\/#article\",\"isPartOf\":{\"@id\":\"https:\/\/cinemahouse.cz\/index.php\/2024\/03\/14\/16-festival-bulharskych-filmu-14-17-3-2024-v-kine-lucerna\/\"},\"author\":{\"name\":\"Jolana Hol\u00e1\u0148ov\u00e1\",\"@id\":\"https:\/\/cinemahouse.cz\/#\/schema\/person\/1ddc0bd12b9f599dd69c434ae0096313\"},\"headline\":\"16. Festival bulharsk\u00fdch film\u016f: 14.-17. 3. 2024 v kin\u011b Lucerna\",\"datePublished\":\"2024-03-14T01:33:52+00:00\",\"dateModified\":\"2024-03-14T01:41:11+00:00\",\"mainEntityOfPage\":{\"@id\":\"https:\/\/cinemahouse.cz\/index.php\/2024\/03\/14\/16-festival-bulharskych-filmu-14-17-3-2024-v-kine-lucerna\/\"},\"wordCount\":268,\"publisher\":{\"@id\":\"https:\/\/cinemahouse.cz\/#organization\"},\"articleSection\":[\"FILMY, SERI\u00c1LY a TV\",\"NEWS\",\"TIPY a TRENDY\"],\"inLanguage\":\"cs\"},{\"@type\":\"WebPage\",\"@id\":\"https:\/\/cinemahouse.cz\/index.php\/2024\/03\/14\/16-festival-bulharskych-filmu-14-17-3-2024-v-kine-lucerna\/\",\"url\":\"https:\/\/cinemahouse.cz\/index.php\/2024\/03\/14\/16-festival-bulharskych-filmu-14-17-3-2024-v-kine-lucerna\/\",\"name\":\"16. Festival bulharsk\u00fdch film\u016f: 14.-17. 3. 2024 v kin\u011b Lucerna - CINEMAHOUSE.cz\",\"isPartOf\":{\"@id\":\"https:\/\/cinemahouse.cz\/#website\"},\"datePublished\":\"2024-03-14T01:33:52+00:00\",\"dateModified\":\"2024-03-14T01:41:11+00:00\",\"description\":\"Pr\u00e1v\u011b odstartoval 16. ro\u010dn\u00edk Festivalu bulharsk\u00fdch film\u016f. Prost\u0159ednictv\u00edm n\u011bkolika b\u0159eznov\u00fdch dn\u00ed se ka\u017edoro\u010dn\u011b sna\u017e\u00edme \u010desk\u00fdm div\u00e1k\u016fm p\u0159ibl\u00ed\u017eit sou\u010dasnou bulharskou kinematografii.\",\"breadcrumb\":{\"@id\":\"https:\/\/cinemahouse.cz\/index.php\/2024\/03\/14\/16-festival-bulharskych-filmu-14-17-3-2024-v-kine-lucerna\/#breadcrumb\"},\"inLanguage\":\"cs\",\"potentialAction\":[{\"@type\":\"ReadAction\",\"target\":[\"https:\/\/cinemahouse.cz\/index.php\/2024\/03\/14\/16-festival-bulharskych-filmu-14-17-3-2024-v-kine-lucerna\/\"]}]},{\"@type\":\"BreadcrumbList\",\"@id\":\"https:\/\/cinemahouse.cz\/index.php\/2024\/03\/14\/16-festival-bulharskych-filmu-14-17-3-2024-v-kine-lucerna\/#breadcrumb\",\"itemListElement\":[{\"@type\":\"ListItem\",\"position\":1,\"name\":\"Dom\u016f\",\"item\":\"https:\/\/cinemahouse.cz\/\"},{\"@type\":\"ListItem\",\"position\":2,\"name\":\"16. Festival bulharsk\u00fdch film\u016f: 14.-17. 3. 2024 v kin\u011b Lucerna\"}]},{\"@type\":\"WebSite\",\"@id\":\"https:\/\/cinemahouse.cz\/#website\",\"url\":\"https:\/\/cinemahouse.cz\/\",\"name\":\"CINEMAHOUSE.cz\",\"description\":\"Port\u00e1l o filmov\u00fdch novink\u00e1ch\",\"publisher\":{\"@id\":\"https:\/\/cinemahouse.cz\/#organization\"},\"potentialAction\":[{\"@type\":\"SearchAction\",\"target\":{\"@type\":\"EntryPoint\",\"urlTemplate\":\"https:\/\/cinemahouse.cz\/?s={search_term_string}\"},\"query-input\":\"required name=search_term_string\"}],\"inLanguage\":\"cs\"},{\"@type\":\"Organization\",\"@id\":\"https:\/\/cinemahouse.cz\/#organization\",\"name\":\"CINEMAHOUSE.cz\",\"url\":\"https:\/\/cinemahouse.cz\/\",\"logo\":{\"@type\":\"ImageObject\",\"inLanguage\":\"cs\",\"@id\":\"https:\/\/cinemahouse.cz\/#\/schema\/logo\/image\/\",\"url\":\"https:\/\/cinemahouse.cz\/wp-content\/uploads\/2024\/12\/cropped-Logo_CinemaHouse.jpg\",\"contentUrl\":\"https:\/\/cinemahouse.cz\/wp-content\/uploads\/2024\/12\/cropped-Logo_CinemaHouse.jpg\",\"width\":926,\"height\":467,\"caption\":\"CINEMAHOUSE.cz\"},\"image\":{\"@id\":\"https:\/\/cinemahouse.cz\/#\/schema\/logo\/image\/\"}},{\"@type\":\"Person\",\"@id\":\"https:\/\/cinemahouse.cz\/#\/schema\/person\/1ddc0bd12b9f599dd69c434ae0096313\",\"name\":\"Jolana Hol\u00e1\u0148ov\u00e1\",\"image\":{\"@type\":\"ImageObject\",\"inLanguage\":\"cs\",\"@id\":\"https:\/\/cinemahouse.cz\/#\/schema\/person\/image\/\",\"url\":\"https:\/\/secure.gravatar.com\/avatar\/5863c504ed89cd419ff3a5e812c722ff?s=96&d=mm&r=g\",\"contentUrl\":\"https:\/\/secure.gravatar.com\/avatar\/5863c504ed89cd419ff3a5e812c722ff?s=96&d=mm&r=g\",\"caption\":\"Jolana Hol\u00e1\u0148ov\u00e1\"},\"sameAs\":[\"http:\/\/wwww.cinemahouse.cz\"],\"url\":\"https:\/\/cinemahouse.cz\/index.php\/author\/jolhol\/\"}]}<\/script>\n<!-- \/ Yoast SEO plugin. -->","yoast_head_json":{"title":"16. Festival bulharsk\u00fdch film\u016f: 14.-17. 3. 2024 v kin\u011b Lucerna - CINEMAHOUSE.cz","description":"Pr\u00e1v\u011b odstartoval 16. ro\u010dn\u00edk Festivalu bulharsk\u00fdch film\u016f. Prost\u0159ednictv\u00edm n\u011bkolika b\u0159eznov\u00fdch dn\u00ed se ka\u017edoro\u010dn\u011b sna\u017e\u00edme \u010desk\u00fdm div\u00e1k\u016fm p\u0159ibl\u00ed\u017eit sou\u010dasnou bulharskou kinematografii.","robots":{"index":"index","follow":"follow","max-snippet":"max-snippet:-1","max-image-preview":"max-image-preview:large","max-video-preview":"max-video-preview:-1"},"canonical":"https:\/\/cinemahouse.cz\/index.php\/2024\/03\/14\/16-festival-bulharskych-filmu-14-17-3-2024-v-kine-lucerna\/","og_locale":"cs_CZ","og_type":"article","og_title":"16. Festival bulharsk\u00fdch film\u016f: 14.-17. 3. 2024 v kin\u011b Lucerna - CINEMAHOUSE.cz","og_description":"Pr\u00e1v\u011b odstartoval 16. ro\u010dn\u00edk Festivalu bulharsk\u00fdch film\u016f. Prost\u0159ednictv\u00edm n\u011bkolika b\u0159eznov\u00fdch dn\u00ed se ka\u017edoro\u010dn\u011b sna\u017e\u00edme \u010desk\u00fdm div\u00e1k\u016fm p\u0159ibl\u00ed\u017eit sou\u010dasnou bulharskou kinematografii.","og_url":"https:\/\/cinemahouse.cz\/index.php\/2024\/03\/14\/16-festival-bulharskych-filmu-14-17-3-2024-v-kine-lucerna\/","og_site_name":"CINEMAHOUSE.cz","article_published_time":"2024-03-14T01:33:52+00:00","article_modified_time":"2024-03-14T01:41:11+00:00","og_image":[{"width":635,"height":357,"url":"https:\/\/cinemahouse.cz\/wp-content\/uploads\/2024\/03\/4f74e46c-beba-11ee-9bbd-9e966f951e90.jpg","type":"image\/jpeg"}],"author":"Jolana Hol\u00e1\u0148ov\u00e1","twitter_card":"summary_large_image","twitter_misc":{"Napsal(a)":"Jolana Hol\u00e1\u0148ov\u00e1","Odhadovan\u00e1 doba \u010dten\u00ed":"4 minuty"},"schema":{"@context":"https:\/\/schema.org","@graph":[{"@type":"Article","@id":"https:\/\/cinemahouse.cz\/index.php\/2024\/03\/14\/16-festival-bulharskych-filmu-14-17-3-2024-v-kine-lucerna\/#article","isPartOf":{"@id":"https:\/\/cinemahouse.cz\/index.php\/2024\/03\/14\/16-festival-bulharskych-filmu-14-17-3-2024-v-kine-lucerna\/"},"author":{"name":"Jolana Hol\u00e1\u0148ov\u00e1","@id":"https:\/\/cinemahouse.cz\/#\/schema\/person\/1ddc0bd12b9f599dd69c434ae0096313"},"headline":"16. Festival bulharsk\u00fdch film\u016f: 14.-17. 3. 2024 v kin\u011b Lucerna","datePublished":"2024-03-14T01:33:52+00:00","dateModified":"2024-03-14T01:41:11+00:00","mainEntityOfPage":{"@id":"https:\/\/cinemahouse.cz\/index.php\/2024\/03\/14\/16-festival-bulharskych-filmu-14-17-3-2024-v-kine-lucerna\/"},"wordCount":268,"publisher":{"@id":"https:\/\/cinemahouse.cz\/#organization"},"articleSection":["FILMY, SERI\u00c1LY a TV","NEWS","TIPY a TRENDY"],"inLanguage":"cs"},{"@type":"WebPage","@id":"https:\/\/cinemahouse.cz\/index.php\/2024\/03\/14\/16-festival-bulharskych-filmu-14-17-3-2024-v-kine-lucerna\/","url":"https:\/\/cinemahouse.cz\/index.php\/2024\/03\/14\/16-festival-bulharskych-filmu-14-17-3-2024-v-kine-lucerna\/","name":"16. Festival bulharsk\u00fdch film\u016f: 14.-17. 3. 2024 v kin\u011b Lucerna - CINEMAHOUSE.cz","isPartOf":{"@id":"https:\/\/cinemahouse.cz\/#website"},"datePublished":"2024-03-14T01:33:52+00:00","dateModified":"2024-03-14T01:41:11+00:00","description":"Pr\u00e1v\u011b odstartoval 16. ro\u010dn\u00edk Festivalu bulharsk\u00fdch film\u016f. Prost\u0159ednictv\u00edm n\u011bkolika b\u0159eznov\u00fdch dn\u00ed se ka\u017edoro\u010dn\u011b sna\u017e\u00edme \u010desk\u00fdm div\u00e1k\u016fm p\u0159ibl\u00ed\u017eit sou\u010dasnou bulharskou kinematografii.","breadcrumb":{"@id":"https:\/\/cinemahouse.cz\/index.php\/2024\/03\/14\/16-festival-bulharskych-filmu-14-17-3-2024-v-kine-lucerna\/#breadcrumb"},"inLanguage":"cs","potentialAction":[{"@type":"ReadAction","target":["https:\/\/cinemahouse.cz\/index.php\/2024\/03\/14\/16-festival-bulharskych-filmu-14-17-3-2024-v-kine-lucerna\/"]}]},{"@type":"BreadcrumbList","@id":"https:\/\/cinemahouse.cz\/index.php\/2024\/03\/14\/16-festival-bulharskych-filmu-14-17-3-2024-v-kine-lucerna\/#breadcrumb","itemListElement":[{"@type":"ListItem","position":1,"name":"Dom\u016f","item":"https:\/\/cinemahouse.cz\/"},{"@type":"ListItem","position":2,"name":"16. Festival bulharsk\u00fdch film\u016f: 14.-17. 3. 2024 v kin\u011b Lucerna"}]},{"@type":"WebSite","@id":"https:\/\/cinemahouse.cz\/#website","url":"https:\/\/cinemahouse.cz\/","name":"CINEMAHOUSE.cz","description":"Port\u00e1l o filmov\u00fdch novink\u00e1ch","publisher":{"@id":"https:\/\/cinemahouse.cz\/#organization"},"potentialAction":[{"@type":"SearchAction","target":{"@type":"EntryPoint","urlTemplate":"https:\/\/cinemahouse.cz\/?s={search_term_string}"},"query-input":"required name=search_term_string"}],"inLanguage":"cs"},{"@type":"Organization","@id":"https:\/\/cinemahouse.cz\/#organization","name":"CINEMAHOUSE.cz","url":"https:\/\/cinemahouse.cz\/","logo":{"@type":"ImageObject","inLanguage":"cs","@id":"https:\/\/cinemahouse.cz\/#\/schema\/logo\/image\/","url":"https:\/\/cinemahouse.cz\/wp-content\/uploads\/2024\/12\/cropped-Logo_CinemaHouse.jpg","contentUrl":"https:\/\/cinemahouse.cz\/wp-content\/uploads\/2024\/12\/cropped-Logo_CinemaHouse.jpg","width":926,"height":467,"caption":"CINEMAHOUSE.cz"},"image":{"@id":"https:\/\/cinemahouse.cz\/#\/schema\/logo\/image\/"}},{"@type":"Person","@id":"https:\/\/cinemahouse.cz\/#\/schema\/person\/1ddc0bd12b9f599dd69c434ae0096313","name":"Jolana Hol\u00e1\u0148ov\u00e1","image":{"@type":"ImageObject","inLanguage":"cs","@id":"https:\/\/cinemahouse.cz\/#\/schema\/person\/image\/","url":"https:\/\/secure.gravatar.com\/avatar\/5863c504ed89cd419ff3a5e812c722ff?s=96&d=mm&r=g","contentUrl":"https:\/\/secure.gravatar.com\/avatar\/5863c504ed89cd419ff3a5e812c722ff?s=96&d=mm&r=g","caption":"Jolana Hol\u00e1\u0148ov\u00e1"},"sameAs":["http:\/\/wwww.cinemahouse.cz"],"url":"https:\/\/cinemahouse.cz\/index.php\/author\/jolhol\/"}]}},"_links":{"self":[{"href":"https:\/\/cinemahouse.cz\/index.php\/wp-json\/wp\/v2\/posts\/7106"}],"collection":[{"href":"https:\/\/cinemahouse.cz\/index.php\/wp-json\/wp\/v2\/posts"}],"about":[{"href":"https:\/\/cinemahouse.cz\/index.php\/wp-json\/wp\/v2\/types\/post"}],"author":[{"embeddable":true,"href":"https:\/\/cinemahouse.cz\/index.php\/wp-json\/wp\/v2\/users\/3"}],"replies":[{"embeddable":true,"href":"https:\/\/cinemahouse.cz\/index.php\/wp-json\/wp\/v2\/comments?post=7106"}],"version-history":[{"count":1,"href":"https:\/\/cinemahouse.cz\/index.php\/wp-json\/wp\/v2\/posts\/7106\/revisions"}],"predecessor-version":[{"id":7113,"href":"https:\/\/cinemahouse.cz\/index.php\/wp-json\/wp\/v2\/posts\/7106\/revisions\/7113"}],"wp:featuredmedia":[{"embeddable":true,"href":"https:\/\/cinemahouse.cz\/index.php\/wp-json\/wp\/v2\/media\/7107"}],"wp:attachment":[{"href":"https:\/\/cinemahouse.cz\/index.php\/wp-json\/wp\/v2\/media?parent=7106"}],"wp:term":[{"taxonomy":"category","embeddable":true,"href":"https:\/\/cinemahouse.cz\/index.php\/wp-json\/wp\/v2\/categories?post=7106"},{"taxonomy":"post_tag","embeddable":true,"href":"https:\/\/cinemahouse.cz\/index.php\/wp-json\/wp\/v2\/tags?post=7106"}],"curies":[{"name":"wp","href":"https:\/\/api.w.org\/{rel}","templated":true}]}}