{"id":659,"date":"2019-07-04T02:52:23","date_gmt":"2019-07-04T00:52:23","guid":{"rendered":"http:\/\/cinemahouse.cz\/?p=659"},"modified":"2019-07-09T02:59:11","modified_gmt":"2019-07-09T00:59:11","slug":"thriller-amnestie-prinese-do-kin-nejvetsi-vezenskou-vzpouru-u-nas","status":"publish","type":"post","link":"https:\/\/cinemahouse.cz\/index.php\/2019\/07\/04\/thriller-amnestie-prinese-do-kin-nejvetsi-vezenskou-vzpouru-u-nas\/","title":{"rendered":"Thriller Amnestie p\u0159inese do kin nejv\u011bt\u0161\u00ed v\u011bze\u0148skou vzpouru u n\u00e1s"},"content":{"rendered":"\n<p><strong>V listopadu 2019 p\u0159ijde do kin drsn\u00fd thriller  Amnestie, kter\u00fd p\u0159inese na pl\u00e1tna nejv\u011bt\u0161\u00ed vzpouru ve v\u011bze\u0148sk\u00e9 historii  \u010ceskoslovenska. Film vznik\u00e1 jako p\u0159\u00edsp\u011bvek k v\u00fdro\u010d\u00ed Sametov\u00e9 revoluce,  na dobu plnou zm\u011bn se ale d\u00edv\u00e1 jinak, ne\u017e by mohli div\u00e1ci o\u010dek\u00e1vat.  <\/strong><\/p>\n\n\n\n<p>P\u0159\u00edb\u011bhem jednoho z v\u011bz\u0148\u016f z prost\u0159ed\u00ed v\u011bznice pro nejt\u011b\u017e\u0161\u00ed p\u0159\u00edpady v  Leopoldov\u011b. T\u011b\u017ek\u00fdch zlo\u010dinc\u016f v leopoldovsk\u00e9 v\u011bznici se toti\u017e  prezidentsk\u00e1 Amnestie z\u00a0roku 1990 net\u00fdkala. Celou v\u011bznici proto n\u00e1siln\u011b  obsadili. Vzpoura trvala t\u00e9m\u011b\u0159 dva t\u00fddny, ukon\u010dit ji musela a\u017e policie a  speci\u00e1ln\u00ed jednotky s vyu\u017eit\u00edm vojensk\u00e9 techniky. Nesmlouvav\u00fd z\u00e1sah \u010d\u00e1st  ve\u0159ejnosti ocenila, jin\u00e1 \u010d\u00e1st poukazovala na jeho p\u0159\u00edli\u0161nou brutalitu.<\/p>\n\n\n\n<p><strong>Ve filmu hraj\u00ed A\u0148a Geislerov\u00e1, Roman Lukn\u00e1r, J\u00e1n Jackuliak, Filip Ka\u0148kovsk\u00fd, Norbert Lich\u00fd nebo Marek Va\u0161ut. <\/strong><\/p>\n\n\n\n<figure><iframe loading=\"lazy\" width=\"720\" height=\"636\" src=\"https:\/\/www.youtube.com\/embed\/spVxDotk3Oc?list=PLMjX-mAaDj_nkTJy1xsayxPvPxShqKSmX\" allowfullscreen=\"\"><\/iframe><\/figure>\n\n\n\n<ul class=\"wp-block-gallery columns-3 is-cropped wp-block-gallery-1 is-layout-flex wp-block-gallery-is-layout-flex\"><li class=\"blocks-gallery-item\"><figure><img decoding=\"async\" loading=\"lazy\" width=\"1024\" height=\"480\" src=\"http:\/\/cinemahouse.cz\/wp-content\/uploads\/2019\/07\/Amnestie-foto-1-1-1024x480.jpg\" alt=\"\" data-id=\"662\" data-link=\"http:\/\/cinemahouse.cz\/?attachment_id=662\" class=\"wp-image-662\" srcset=\"https:\/\/cinemahouse.cz\/wp-content\/uploads\/2019\/07\/Amnestie-foto-1-1-1024x480.jpg 1024w, https:\/\/cinemahouse.cz\/wp-content\/uploads\/2019\/07\/Amnestie-foto-1-1-300x141.jpg 300w, https:\/\/cinemahouse.cz\/wp-content\/uploads\/2019\/07\/Amnestie-foto-1-1-768x360.jpg 768w, https:\/\/cinemahouse.cz\/wp-content\/uploads\/2019\/07\/Amnestie-foto-1-1-520x245.jpg 520w, https:\/\/cinemahouse.cz\/wp-content\/uploads\/2019\/07\/Amnestie-foto-1-1.jpg 1280w\" sizes=\"(max-width: 1024px) 100vw, 1024px\" \/><\/figure><\/li><li class=\"blocks-gallery-item\"><figure><img decoding=\"async\" loading=\"lazy\" width=\"1024\" height=\"475\" src=\"http:\/\/cinemahouse.cz\/wp-content\/uploads\/2019\/07\/Amnestie-foto-2-1024x475.jpg\" alt=\"\" data-id=\"663\" data-link=\"http:\/\/cinemahouse.cz\/?attachment_id=663\" class=\"wp-image-663\" srcset=\"https:\/\/cinemahouse.cz\/wp-content\/uploads\/2019\/07\/Amnestie-foto-2-1024x475.jpg 1024w, https:\/\/cinemahouse.cz\/wp-content\/uploads\/2019\/07\/Amnestie-foto-2-300x139.jpg 300w, https:\/\/cinemahouse.cz\/wp-content\/uploads\/2019\/07\/Amnestie-foto-2-768x356.jpg 768w, https:\/\/cinemahouse.cz\/wp-content\/uploads\/2019\/07\/Amnestie-foto-2.jpg 1280w\" sizes=\"(max-width: 1024px) 100vw, 1024px\" \/><\/figure><\/li><li class=\"blocks-gallery-item\"><figure><img decoding=\"async\" loading=\"lazy\" width=\"1024\" height=\"478\" src=\"http:\/\/cinemahouse.cz\/wp-content\/uploads\/2019\/07\/Amnestie-foto-3-1024x478.jpg\" alt=\"\" data-id=\"664\" data-link=\"http:\/\/cinemahouse.cz\/?attachment_id=664\" class=\"wp-image-664\" srcset=\"https:\/\/cinemahouse.cz\/wp-content\/uploads\/2019\/07\/Amnestie-foto-3-1024x478.jpg 1024w, https:\/\/cinemahouse.cz\/wp-content\/uploads\/2019\/07\/Amnestie-foto-3-300x140.jpg 300w, https:\/\/cinemahouse.cz\/wp-content\/uploads\/2019\/07\/Amnestie-foto-3-768x358.jpg 768w, https:\/\/cinemahouse.cz\/wp-content\/uploads\/2019\/07\/Amnestie-foto-3.jpg 1280w\" sizes=\"(max-width: 1024px) 100vw, 1024px\" \/><\/figure><\/li><\/ul>\n","protected":false},"excerpt":{"rendered":"<p>V listopadu 2019 p\u0159ijde do kin drsn\u00fd thriller Amnestie, kter\u00fd p\u0159inese na pl\u00e1tna nejv\u011bt\u0161\u00ed vzpouru ve v\u011bze\u0148sk\u00e9 historii \u010ceskoslovenska. Film vznik\u00e1 jako p\u0159\u00edsp\u011bvek k v\u00fdro\u010d\u00ed Sametov\u00e9 revoluce, na dobu plnou zm\u011bn se ale d\u00edv\u00e1&#46;&#46;&#46;<\/p>\n","protected":false},"author":2,"featured_media":661,"comment_status":"closed","ping_status":"closed","sticky":false,"template":"","format":"standard","meta":{"_monsterinsights_skip_tracking":false,"_monsterinsights_sitenote_active":false,"_monsterinsights_sitenote_note":"","_monsterinsights_sitenote_category":0,"footnotes":""},"categories":[2,5],"tags":[],"yoast_head":"<!-- This site is optimized with the Yoast SEO plugin v21.4 - https:\/\/yoast.com\/wordpress\/plugins\/seo\/ -->\n<title>Thriller Amnestie p\u0159inese do kin nejv\u011bt\u0161\u00ed v\u011bze\u0148skou vzpouru u n\u00e1s - CINEMAHOUSE.cz<\/title>\n<meta name=\"robots\" content=\"index, follow, max-snippet:-1, max-image-preview:large, max-video-preview:-1\" \/>\n<link rel=\"canonical\" href=\"https:\/\/cinemahouse.cz\/index.php\/2019\/07\/04\/thriller-amnestie-prinese-do-kin-nejvetsi-vezenskou-vzpouru-u-nas\/\" \/>\n<meta property=\"og:locale\" content=\"cs_CZ\" \/>\n<meta property=\"og:type\" content=\"article\" \/>\n<meta property=\"og:title\" content=\"Thriller Amnestie p\u0159inese do kin nejv\u011bt\u0161\u00ed v\u011bze\u0148skou vzpouru u n\u00e1s - CINEMAHOUSE.cz\" \/>\n<meta property=\"og:description\" content=\"V listopadu 2019 p\u0159ijde do kin drsn\u00fd thriller Amnestie, kter\u00fd p\u0159inese na pl\u00e1tna nejv\u011bt\u0161\u00ed vzpouru ve v\u011bze\u0148sk\u00e9 historii \u010ceskoslovenska. Film vznik\u00e1 jako p\u0159\u00edsp\u011bvek k v\u00fdro\u010d\u00ed Sametov\u00e9 revoluce, na dobu plnou zm\u011bn se ale d\u00edv\u00e1&#046;&#046;&#046;\" \/>\n<meta property=\"og:url\" content=\"https:\/\/cinemahouse.cz\/index.php\/2019\/07\/04\/thriller-amnestie-prinese-do-kin-nejvetsi-vezenskou-vzpouru-u-nas\/\" \/>\n<meta property=\"og:site_name\" content=\"CINEMAHOUSE.cz\" \/>\n<meta property=\"article:published_time\" content=\"2019-07-04T00:52:23+00:00\" \/>\n<meta property=\"article:modified_time\" content=\"2019-07-09T00:59:11+00:00\" \/>\n<meta property=\"og:image\" content=\"https:\/\/cinemahouse.cz\/wp-content\/uploads\/2019\/07\/Amnestie-foto-1.jpg\" \/>\n\t<meta property=\"og:image:width\" content=\"1280\" \/>\n\t<meta property=\"og:image:height\" content=\"600\" \/>\n\t<meta property=\"og:image:type\" content=\"image\/jpeg\" \/>\n<meta name=\"author\" content=\"Miroslav Van\u011bk\" \/>\n<meta name=\"twitter:card\" content=\"summary_large_image\" \/>\n<meta name=\"twitter:label1\" content=\"Napsal(a)\" \/>\n\t<meta name=\"twitter:data1\" content=\"Miroslav Van\u011bk\" \/>\n\t<meta name=\"twitter:label2\" content=\"Odhadovan\u00e1 doba \u010dten\u00ed\" \/>\n\t<meta name=\"twitter:data2\" content=\"1 minuta\" \/>\n<script type=\"application\/ld+json\" class=\"yoast-schema-graph\">{\"@context\":\"https:\/\/schema.org\",\"@graph\":[{\"@type\":\"Article\",\"@id\":\"https:\/\/cinemahouse.cz\/index.php\/2019\/07\/04\/thriller-amnestie-prinese-do-kin-nejvetsi-vezenskou-vzpouru-u-nas\/#article\",\"isPartOf\":{\"@id\":\"https:\/\/cinemahouse.cz\/index.php\/2019\/07\/04\/thriller-amnestie-prinese-do-kin-nejvetsi-vezenskou-vzpouru-u-nas\/\"},\"author\":{\"name\":\"Miroslav Van\u011bk\",\"@id\":\"https:\/\/cinemahouse.cz\/#\/schema\/person\/b4b442f183df4da20f147173def615f2\"},\"headline\":\"Thriller Amnestie p\u0159inese do kin nejv\u011bt\u0161\u00ed v\u011bze\u0148skou vzpouru u n\u00e1s\",\"datePublished\":\"2019-07-04T00:52:23+00:00\",\"dateModified\":\"2019-07-09T00:59:11+00:00\",\"mainEntityOfPage\":{\"@id\":\"https:\/\/cinemahouse.cz\/index.php\/2019\/07\/04\/thriller-amnestie-prinese-do-kin-nejvetsi-vezenskou-vzpouru-u-nas\/\"},\"wordCount\":170,\"publisher\":{\"@id\":\"https:\/\/cinemahouse.cz\/#organization\"},\"articleSection\":[\"NEWS\",\"TRAILERY\"],\"inLanguage\":\"cs\"},{\"@type\":\"WebPage\",\"@id\":\"https:\/\/cinemahouse.cz\/index.php\/2019\/07\/04\/thriller-amnestie-prinese-do-kin-nejvetsi-vezenskou-vzpouru-u-nas\/\",\"url\":\"https:\/\/cinemahouse.cz\/index.php\/2019\/07\/04\/thriller-amnestie-prinese-do-kin-nejvetsi-vezenskou-vzpouru-u-nas\/\",\"name\":\"Thriller Amnestie p\u0159inese do kin nejv\u011bt\u0161\u00ed v\u011bze\u0148skou vzpouru u n\u00e1s - CINEMAHOUSE.cz\",\"isPartOf\":{\"@id\":\"https:\/\/cinemahouse.cz\/#website\"},\"datePublished\":\"2019-07-04T00:52:23+00:00\",\"dateModified\":\"2019-07-09T00:59:11+00:00\",\"breadcrumb\":{\"@id\":\"https:\/\/cinemahouse.cz\/index.php\/2019\/07\/04\/thriller-amnestie-prinese-do-kin-nejvetsi-vezenskou-vzpouru-u-nas\/#breadcrumb\"},\"inLanguage\":\"cs\",\"potentialAction\":[{\"@type\":\"ReadAction\",\"target\":[\"https:\/\/cinemahouse.cz\/index.php\/2019\/07\/04\/thriller-amnestie-prinese-do-kin-nejvetsi-vezenskou-vzpouru-u-nas\/\"]}]},{\"@type\":\"BreadcrumbList\",\"@id\":\"https:\/\/cinemahouse.cz\/index.php\/2019\/07\/04\/thriller-amnestie-prinese-do-kin-nejvetsi-vezenskou-vzpouru-u-nas\/#breadcrumb\",\"itemListElement\":[{\"@type\":\"ListItem\",\"position\":1,\"name\":\"Dom\u016f\",\"item\":\"https:\/\/cinemahouse.cz\/\"},{\"@type\":\"ListItem\",\"position\":2,\"name\":\"Thriller Amnestie p\u0159inese do kin nejv\u011bt\u0161\u00ed v\u011bze\u0148skou vzpouru u n\u00e1s\"}]},{\"@type\":\"WebSite\",\"@id\":\"https:\/\/cinemahouse.cz\/#website\",\"url\":\"https:\/\/cinemahouse.cz\/\",\"name\":\"CINEMAHOUSE.cz\",\"description\":\"Port\u00e1l o filmov\u00fdch novink\u00e1ch\",\"publisher\":{\"@id\":\"https:\/\/cinemahouse.cz\/#organization\"},\"potentialAction\":[{\"@type\":\"SearchAction\",\"target\":{\"@type\":\"EntryPoint\",\"urlTemplate\":\"https:\/\/cinemahouse.cz\/?s={search_term_string}\"},\"query-input\":\"required name=search_term_string\"}],\"inLanguage\":\"cs\"},{\"@type\":\"Organization\",\"@id\":\"https:\/\/cinemahouse.cz\/#organization\",\"name\":\"CINEMAHOUSE.cz\",\"url\":\"https:\/\/cinemahouse.cz\/\",\"logo\":{\"@type\":\"ImageObject\",\"inLanguage\":\"cs\",\"@id\":\"https:\/\/cinemahouse.cz\/#\/schema\/logo\/image\/\",\"url\":\"https:\/\/cinemahouse.cz\/wp-content\/uploads\/2024\/12\/cropped-Logo_CinemaHouse.jpg\",\"contentUrl\":\"https:\/\/cinemahouse.cz\/wp-content\/uploads\/2024\/12\/cropped-Logo_CinemaHouse.jpg\",\"width\":926,\"height\":467,\"caption\":\"CINEMAHOUSE.cz\"},\"image\":{\"@id\":\"https:\/\/cinemahouse.cz\/#\/schema\/logo\/image\/\"}},{\"@type\":\"Person\",\"@id\":\"https:\/\/cinemahouse.cz\/#\/schema\/person\/b4b442f183df4da20f147173def615f2\",\"name\":\"Miroslav Van\u011bk\",\"image\":{\"@type\":\"ImageObject\",\"inLanguage\":\"cs\",\"@id\":\"https:\/\/cinemahouse.cz\/#\/schema\/person\/image\/\",\"url\":\"https:\/\/secure.gravatar.com\/avatar\/cc93dbecbfc820d69a964ea4a1c72377?s=96&d=mm&r=g\",\"contentUrl\":\"https:\/\/secure.gravatar.com\/avatar\/cc93dbecbfc820d69a964ea4a1c72377?s=96&d=mm&r=g\",\"caption\":\"Miroslav Van\u011bk\"},\"sameAs\":[\"http:\/\/www.cinemahouse.cz\"],\"url\":\"https:\/\/cinemahouse.cz\/index.php\/author\/mirvan\/\"}]}<\/script>\n<!-- \/ Yoast SEO plugin. -->","yoast_head_json":{"title":"Thriller Amnestie p\u0159inese do kin nejv\u011bt\u0161\u00ed v\u011bze\u0148skou vzpouru u n\u00e1s - CINEMAHOUSE.cz","robots":{"index":"index","follow":"follow","max-snippet":"max-snippet:-1","max-image-preview":"max-image-preview:large","max-video-preview":"max-video-preview:-1"},"canonical":"https:\/\/cinemahouse.cz\/index.php\/2019\/07\/04\/thriller-amnestie-prinese-do-kin-nejvetsi-vezenskou-vzpouru-u-nas\/","og_locale":"cs_CZ","og_type":"article","og_title":"Thriller Amnestie p\u0159inese do kin nejv\u011bt\u0161\u00ed v\u011bze\u0148skou vzpouru u n\u00e1s - CINEMAHOUSE.cz","og_description":"V listopadu 2019 p\u0159ijde do kin drsn\u00fd thriller Amnestie, kter\u00fd p\u0159inese na pl\u00e1tna nejv\u011bt\u0161\u00ed vzpouru ve v\u011bze\u0148sk\u00e9 historii \u010ceskoslovenska. Film vznik\u00e1 jako p\u0159\u00edsp\u011bvek k v\u00fdro\u010d\u00ed Sametov\u00e9 revoluce, na dobu plnou zm\u011bn se ale d\u00edv\u00e1&#46;&#46;&#46;","og_url":"https:\/\/cinemahouse.cz\/index.php\/2019\/07\/04\/thriller-amnestie-prinese-do-kin-nejvetsi-vezenskou-vzpouru-u-nas\/","og_site_name":"CINEMAHOUSE.cz","article_published_time":"2019-07-04T00:52:23+00:00","article_modified_time":"2019-07-09T00:59:11+00:00","og_image":[{"width":1280,"height":600,"url":"https:\/\/cinemahouse.cz\/wp-content\/uploads\/2019\/07\/Amnestie-foto-1.jpg","type":"image\/jpeg"}],"author":"Miroslav Van\u011bk","twitter_card":"summary_large_image","twitter_misc":{"Napsal(a)":"Miroslav Van\u011bk","Odhadovan\u00e1 doba \u010dten\u00ed":"1 minuta"},"schema":{"@context":"https:\/\/schema.org","@graph":[{"@type":"Article","@id":"https:\/\/cinemahouse.cz\/index.php\/2019\/07\/04\/thriller-amnestie-prinese-do-kin-nejvetsi-vezenskou-vzpouru-u-nas\/#article","isPartOf":{"@id":"https:\/\/cinemahouse.cz\/index.php\/2019\/07\/04\/thriller-amnestie-prinese-do-kin-nejvetsi-vezenskou-vzpouru-u-nas\/"},"author":{"name":"Miroslav Van\u011bk","@id":"https:\/\/cinemahouse.cz\/#\/schema\/person\/b4b442f183df4da20f147173def615f2"},"headline":"Thriller Amnestie p\u0159inese do kin nejv\u011bt\u0161\u00ed v\u011bze\u0148skou vzpouru u n\u00e1s","datePublished":"2019-07-04T00:52:23+00:00","dateModified":"2019-07-09T00:59:11+00:00","mainEntityOfPage":{"@id":"https:\/\/cinemahouse.cz\/index.php\/2019\/07\/04\/thriller-amnestie-prinese-do-kin-nejvetsi-vezenskou-vzpouru-u-nas\/"},"wordCount":170,"publisher":{"@id":"https:\/\/cinemahouse.cz\/#organization"},"articleSection":["NEWS","TRAILERY"],"inLanguage":"cs"},{"@type":"WebPage","@id":"https:\/\/cinemahouse.cz\/index.php\/2019\/07\/04\/thriller-amnestie-prinese-do-kin-nejvetsi-vezenskou-vzpouru-u-nas\/","url":"https:\/\/cinemahouse.cz\/index.php\/2019\/07\/04\/thriller-amnestie-prinese-do-kin-nejvetsi-vezenskou-vzpouru-u-nas\/","name":"Thriller Amnestie p\u0159inese do kin nejv\u011bt\u0161\u00ed v\u011bze\u0148skou vzpouru u n\u00e1s - CINEMAHOUSE.cz","isPartOf":{"@id":"https:\/\/cinemahouse.cz\/#website"},"datePublished":"2019-07-04T00:52:23+00:00","dateModified":"2019-07-09T00:59:11+00:00","breadcrumb":{"@id":"https:\/\/cinemahouse.cz\/index.php\/2019\/07\/04\/thriller-amnestie-prinese-do-kin-nejvetsi-vezenskou-vzpouru-u-nas\/#breadcrumb"},"inLanguage":"cs","potentialAction":[{"@type":"ReadAction","target":["https:\/\/cinemahouse.cz\/index.php\/2019\/07\/04\/thriller-amnestie-prinese-do-kin-nejvetsi-vezenskou-vzpouru-u-nas\/"]}]},{"@type":"BreadcrumbList","@id":"https:\/\/cinemahouse.cz\/index.php\/2019\/07\/04\/thriller-amnestie-prinese-do-kin-nejvetsi-vezenskou-vzpouru-u-nas\/#breadcrumb","itemListElement":[{"@type":"ListItem","position":1,"name":"Dom\u016f","item":"https:\/\/cinemahouse.cz\/"},{"@type":"ListItem","position":2,"name":"Thriller Amnestie p\u0159inese do kin nejv\u011bt\u0161\u00ed v\u011bze\u0148skou vzpouru u n\u00e1s"}]},{"@type":"WebSite","@id":"https:\/\/cinemahouse.cz\/#website","url":"https:\/\/cinemahouse.cz\/","name":"CINEMAHOUSE.cz","description":"Port\u00e1l o filmov\u00fdch novink\u00e1ch","publisher":{"@id":"https:\/\/cinemahouse.cz\/#organization"},"potentialAction":[{"@type":"SearchAction","target":{"@type":"EntryPoint","urlTemplate":"https:\/\/cinemahouse.cz\/?s={search_term_string}"},"query-input":"required name=search_term_string"}],"inLanguage":"cs"},{"@type":"Organization","@id":"https:\/\/cinemahouse.cz\/#organization","name":"CINEMAHOUSE.cz","url":"https:\/\/cinemahouse.cz\/","logo":{"@type":"ImageObject","inLanguage":"cs","@id":"https:\/\/cinemahouse.cz\/#\/schema\/logo\/image\/","url":"https:\/\/cinemahouse.cz\/wp-content\/uploads\/2024\/12\/cropped-Logo_CinemaHouse.jpg","contentUrl":"https:\/\/cinemahouse.cz\/wp-content\/uploads\/2024\/12\/cropped-Logo_CinemaHouse.jpg","width":926,"height":467,"caption":"CINEMAHOUSE.cz"},"image":{"@id":"https:\/\/cinemahouse.cz\/#\/schema\/logo\/image\/"}},{"@type":"Person","@id":"https:\/\/cinemahouse.cz\/#\/schema\/person\/b4b442f183df4da20f147173def615f2","name":"Miroslav Van\u011bk","image":{"@type":"ImageObject","inLanguage":"cs","@id":"https:\/\/cinemahouse.cz\/#\/schema\/person\/image\/","url":"https:\/\/secure.gravatar.com\/avatar\/cc93dbecbfc820d69a964ea4a1c72377?s=96&d=mm&r=g","contentUrl":"https:\/\/secure.gravatar.com\/avatar\/cc93dbecbfc820d69a964ea4a1c72377?s=96&d=mm&r=g","caption":"Miroslav Van\u011bk"},"sameAs":["http:\/\/www.cinemahouse.cz"],"url":"https:\/\/cinemahouse.cz\/index.php\/author\/mirvan\/"}]}},"_links":{"self":[{"href":"https:\/\/cinemahouse.cz\/index.php\/wp-json\/wp\/v2\/posts\/659"}],"collection":[{"href":"https:\/\/cinemahouse.cz\/index.php\/wp-json\/wp\/v2\/posts"}],"about":[{"href":"https:\/\/cinemahouse.cz\/index.php\/wp-json\/wp\/v2\/types\/post"}],"author":[{"embeddable":true,"href":"https:\/\/cinemahouse.cz\/index.php\/wp-json\/wp\/v2\/users\/2"}],"replies":[{"embeddable":true,"href":"https:\/\/cinemahouse.cz\/index.php\/wp-json\/wp\/v2\/comments?post=659"}],"version-history":[{"count":1,"href":"https:\/\/cinemahouse.cz\/index.php\/wp-json\/wp\/v2\/posts\/659\/revisions"}],"predecessor-version":[{"id":665,"href":"https:\/\/cinemahouse.cz\/index.php\/wp-json\/wp\/v2\/posts\/659\/revisions\/665"}],"wp:featuredmedia":[{"embeddable":true,"href":"https:\/\/cinemahouse.cz\/index.php\/wp-json\/wp\/v2\/media\/661"}],"wp:attachment":[{"href":"https:\/\/cinemahouse.cz\/index.php\/wp-json\/wp\/v2\/media?parent=659"}],"wp:term":[{"taxonomy":"category","embeddable":true,"href":"https:\/\/cinemahouse.cz\/index.php\/wp-json\/wp\/v2\/categories?post=659"},{"taxonomy":"post_tag","embeddable":true,"href":"https:\/\/cinemahouse.cz\/index.php\/wp-json\/wp\/v2\/tags?post=659"}],"curies":[{"name":"wp","href":"https:\/\/api.w.org\/{rel}","templated":true}]}}