{"id":6262,"date":"2023-12-22T00:01:00","date_gmt":"2023-12-21T23:01:00","guid":{"rendered":"https:\/\/cinemahouse.cz\/?p=6262"},"modified":"2023-12-21T19:02:47","modified_gmt":"2023-12-21T18:02:47","slug":"prazske-cinema-city-imax-uvedlo-snimek-aquaman-a-ztracene-kralovstvi-v-ramci-posledni-slavnostni-premiery-v-tomto-roce","status":"publish","type":"post","link":"https:\/\/cinemahouse.cz\/index.php\/2023\/12\/22\/prazske-cinema-city-imax-uvedlo-snimek-aquaman-a-ztracene-kralovstvi-v-ramci-posledni-slavnostni-premiery-v-tomto-roce\/","title":{"rendered":"Pra\u017esk\u00e9 Cinema City IMAX uvedlo sn\u00edmek Aquaman a ztracen\u00e9 kr\u00e1lovstv\u00ed v r\u00e1mci posledn\u00ed slavnostn\u00ed premi\u00e9ry v tomto roce"},"content":{"rendered":"\n<div style=\"height:42px\" aria-hidden=\"true\" class=\"wp-block-spacer\"><\/div>\n\n\n\n<p><strong>Tajemstv\u00ed nejhlub\u0161\u00edch oce\u00e1n\u016f a prastarou s\u00edlu, kter\u00e1 se v nich ukr\u00fdv\u00e1, p\u0159in\u00e1\u0161\u00ed na pl\u00e1tna kin nov\u00fd sn\u00edmek z d\u00edlny DC Comics. Aqumana v pod\u00e1n\u00ed Jasona Momoi se po p\u011bti letech op\u011bt vrac\u00ed na pl\u00e1tna kin a spolu s n\u00edm i nov\u00e9 ak\u010dn\u00ed podmo\u0159sk\u00e9 dobrodru\u017estv\u00ed. Pra\u017esk\u00e9 Cinema City IMAX uvedlo sn\u00edmek Aquaman a ztracen\u00e9 kr\u00e1lovstv\u00edv r\u00e1mci posledn\u00ed slavnostn\u00ed premi\u00e9ry v tomto roce. Kter\u00e9 celebrity si p\u0159i\u0161ly zp\u0159\u00edjemnit v\u00e1no\u010dn\u00ed shon n\u00e1v\u0161t\u011bvou kina?<\/strong><\/p>\n\n\n\n<div style=\"height:42px\" aria-hidden=\"true\" class=\"wp-block-spacer\"><\/div>\n\n\n<div class=\"wp-block-image\">\n<figure class=\"aligncenter size-large\"><img decoding=\"async\" loading=\"lazy\" width=\"1024\" height=\"683\" src=\"https:\/\/cinemahouse.cz\/wp-content\/uploads\/2023\/12\/Radek-Gabriel-1024x683.jpg\" alt=\"Pra\u017esk\u00e9 Cinema City IMAX uvedlo sn\u00edmek Aquaman a ztracen\u00e9 kr\u00e1lovstv\u00ed v r\u00e1mci posledn\u00ed slavnostn\u00ed premi\u00e9ry v tomto roce\" class=\"wp-image-6267\" srcset=\"https:\/\/cinemahouse.cz\/wp-content\/uploads\/2023\/12\/Radek-Gabriel-1024x683.jpg 1024w, https:\/\/cinemahouse.cz\/wp-content\/uploads\/2023\/12\/Radek-Gabriel-300x200.jpg 300w, https:\/\/cinemahouse.cz\/wp-content\/uploads\/2023\/12\/Radek-Gabriel-768x512.jpg 768w, https:\/\/cinemahouse.cz\/wp-content\/uploads\/2023\/12\/Radek-Gabriel.jpg 1066w\" sizes=\"(max-width: 1024px) 100vw, 1024px\" \/><\/figure><\/div>\n\n\n<div style=\"height:42px\" aria-hidden=\"true\" class=\"wp-block-spacer\"><\/div>\n\n\n\n<p>Jako prvn\u00ed se p\u0159i\u0159\u00edtil na \u010derven\u00fd koberec <strong>Jakub Koh\u00e1k<\/strong> se sv\u00fdm synem, kter\u00fd se naprosto bez rozmyslu chopil repliky slavn\u00e9ho trojzubce a zb\u011bsile s n\u00edm m\u00e1chal p\u0159ed fotoapar\u00e1ty. Sv\u00e9ho syna nevzal na premi\u00e9ru jen Jakub Koh\u00e1k, ale tak\u00e9 moder\u00e1tor <strong>Jan Tuna<\/strong>. Se sv\u00fdm italsk\u00fdm p\u0159\u00edtelem p\u0159i\u0161la zhl\u00e9dnout komiksov\u00fd film influencerka <strong>T\u00fdnu\u0161 T\u0159e\u0161ni\u010dkov\u00e1<\/strong>, kterou p\u0159ed lety postihlo ne\u0161t\u011bst\u00ed v podob\u011b t\u011b\u017ek\u00e9ho pop\u00e1len\u00ed dekoltu, ruk a obli\u010deje, kdy\u017e byla na dovolen\u00e9. \u00da\u010dastn\u00edk Love Islandu <strong>Radek Gabriel<\/strong> p\u0159i\u0161el na premi\u00e9ru se sv\u00fdm kamar\u00e1dem. \u00da\u010dastn\u00edk\u016f reality show Survivor bylo na gala ve\u010deru po\u017eehnan\u011b.<\/p>\n\n\n\n<div style=\"height:42px\" aria-hidden=\"true\" class=\"wp-block-spacer\"><\/div>\n\n\n<div class=\"wp-block-image\">\n<figure class=\"aligncenter size-large\"><img decoding=\"async\" loading=\"lazy\" width=\"1024\" height=\"683\" src=\"https:\/\/cinemahouse.cz\/wp-content\/uploads\/2023\/12\/Jakub-Kohak-2-1024x683.jpg\" alt=\"Pra\u017esk\u00e9 Cinema City IMAX uvedlo sn\u00edmek Aquaman a ztracen\u00e9 kr\u00e1lovstv\u00ed v r\u00e1mci posledn\u00ed slavnostn\u00ed premi\u00e9ry v tomto roce\" class=\"wp-image-6268\" srcset=\"https:\/\/cinemahouse.cz\/wp-content\/uploads\/2023\/12\/Jakub-Kohak-2-1024x683.jpg 1024w, https:\/\/cinemahouse.cz\/wp-content\/uploads\/2023\/12\/Jakub-Kohak-2-300x200.jpg 300w, https:\/\/cinemahouse.cz\/wp-content\/uploads\/2023\/12\/Jakub-Kohak-2-768x512.jpg 768w, https:\/\/cinemahouse.cz\/wp-content\/uploads\/2023\/12\/Jakub-Kohak-2.jpg 1066w\" sizes=\"(max-width: 1024px) 100vw, 1024px\" \/><\/figure><\/div>\n\n\n<div style=\"height:42px\" aria-hidden=\"true\" class=\"wp-block-spacer\"><\/div>\n\n\n\n<p>Dorazili oba v\u00edt\u011bzov\u00e9 \u0159ad Survivor \u010cesko &amp; Slovensko, kter\u00fdmi jsou <strong>Vladim\u00edr \u010capek<\/strong> a <strong>Tom\u00e1\u0161 Weimann<\/strong>. Vl\u00e1\u010fa dorazil se svou kr\u00e1snou p\u0159\u00edtelkyn\u00ed a Tom\u00e1\u0161 s kamar\u00e1dem. Nechyb\u011bli v\u0161ak ani jejich spoluhr\u00e1\u010di. Na premi\u00e9\u0159e se uk\u00e1zal tak\u00e9 <strong>Adam Raiter<\/strong>, kter\u00fd p\u0159i\u0161el se z\u00e1vodn\u00edkem ve Freestyle motokrosu <strong>Filipem Podmolem<\/strong>. Dal\u0161\u00ed kamar\u00e1dstv\u00ed, kter\u00e9 setrvalo i po ukon\u010den\u00ed sout\u011b\u017ee dr\u017e\u00ed <strong>Veronika P\u0159ikrylov\u00e1 <\/strong>a<strong> Aylin Saran<\/strong>, ty spolu na opu\u0161t\u011bn\u00e9m ostrov\u011b str\u00e1vily p\u011bknou \u0159\u00e1dku dn\u00ed. Ve sv\u00e9m neonov\u011b z\u00e1\u0159\u00edc\u00edm outfitu a po boku se sv\u00fdm man\u017eelem si nenechala film uj\u00edt ani <strong>Sharlota.<\/strong><\/p>\n\n\n\n<div style=\"height:42px\" aria-hidden=\"true\" class=\"wp-block-spacer\"><\/div>\n\n\n<div class=\"wp-block-image\">\n<figure class=\"aligncenter size-large\"><img decoding=\"async\" loading=\"lazy\" width=\"1024\" height=\"683\" src=\"https:\/\/cinemahouse.cz\/wp-content\/uploads\/2023\/12\/Vladimir-Capek-Adam-Raiter-Filip-Podmol-1024x683.jpg\" alt=\"Pra\u017esk\u00e9 Cinema City IMAX uvedlo sn\u00edmek Aquaman a ztracen\u00e9 kr\u00e1lovstv\u00ed v r\u00e1mci posledn\u00ed slavnostn\u00ed premi\u00e9ry v tomto roce\" class=\"wp-image-6264\" srcset=\"https:\/\/cinemahouse.cz\/wp-content\/uploads\/2023\/12\/Vladimir-Capek-Adam-Raiter-Filip-Podmol-1024x683.jpg 1024w, https:\/\/cinemahouse.cz\/wp-content\/uploads\/2023\/12\/Vladimir-Capek-Adam-Raiter-Filip-Podmol-300x200.jpg 300w, https:\/\/cinemahouse.cz\/wp-content\/uploads\/2023\/12\/Vladimir-Capek-Adam-Raiter-Filip-Podmol-768x512.jpg 768w, https:\/\/cinemahouse.cz\/wp-content\/uploads\/2023\/12\/Vladimir-Capek-Adam-Raiter-Filip-Podmol.jpg 1066w\" sizes=\"(max-width: 1024px) 100vw, 1024px\" \/><\/figure><\/div>\n\n\n<div style=\"height:42px\" aria-hidden=\"true\" class=\"wp-block-spacer\"><\/div>\n\n\n\n<p>Jason Momoa se coby Auqaman ji\u017e podruh\u00e9 vrac\u00ed na pl\u00e1tna kin, a to ve sn\u00edmku <strong>Aquaman a ztracen\u00e9 kr\u00e1lovstv\u00ed<\/strong>, kter\u00fd je pokra\u010dov\u00e1n\u00edm stejnojmenn\u00e9ho filmu <strong>Aquaman z<\/strong> roku 2018. Stejn\u011b jako v prvn\u00edm d\u00edle se proti sob\u011b postav\u00ed Aquaman a jeho \u00fahlavn\u00ed nep\u0159\u00edtel Black Manta, st\u00e1le poh\u00e1n\u011bn\u00fd pot\u0159ebou pomst\u00edt smrt sv\u00e9ho otce. Ten je nyn\u00ed odhodlan\u00fd Aqumana za jakoukoli cenu zni\u010dit, a to pomoc\u00ed mocn\u00e9ho trojzubce, kter\u00fd pohan\u00ed prastar\u00e1 s\u00edla. Re\u017eie se stejn\u011b jako u prvn\u00edho d\u00edlu chopil James Wan, kter\u00fd si z\u00edskal div\u00e1ky re\u017ei\u00ed film\u016f jako <strong>Rychle a zb\u011bsile 7, V zajet\u00ed d\u00e9mon\u016f<\/strong> nebo t\u0159eba <strong>Insidious<\/strong>.<\/p>\n\n\n\n<div style=\"height:42px\" aria-hidden=\"true\" class=\"wp-block-spacer\"><\/div>\n\n\n\n<figure class=\"wp-block-gallery has-nested-images columns-2 is-cropped wp-block-gallery-1 is-layout-flex wp-block-gallery-is-layout-flex\">\n<figure class=\"wp-block-image size-large\"><img decoding=\"async\" loading=\"lazy\" width=\"1024\" height=\"683\" data-id=\"6265\" src=\"https:\/\/cinemahouse.cz\/wp-content\/uploads\/2023\/12\/Tomas-Weimann-1024x683.jpg\" alt=\"Pra\u017esk\u00e9 Cinema City IMAX uvedlo sn\u00edmek Aquaman a ztracen\u00e9 kr\u00e1lovstv\u00ed v r\u00e1mci posledn\u00ed slavnostn\u00ed premi\u00e9ry v tomto roce\" class=\"wp-image-6265\" srcset=\"https:\/\/cinemahouse.cz\/wp-content\/uploads\/2023\/12\/Tomas-Weimann-1024x683.jpg 1024w, https:\/\/cinemahouse.cz\/wp-content\/uploads\/2023\/12\/Tomas-Weimann-300x200.jpg 300w, https:\/\/cinemahouse.cz\/wp-content\/uploads\/2023\/12\/Tomas-Weimann-768x512.jpg 768w, https:\/\/cinemahouse.cz\/wp-content\/uploads\/2023\/12\/Tomas-Weimann.jpg 1066w\" sizes=\"(max-width: 1024px) 100vw, 1024px\" \/><\/figure>\n\n\n\n<figure class=\"wp-block-image size-large\"><img decoding=\"async\" loading=\"lazy\" width=\"1024\" height=\"683\" data-id=\"6264\" src=\"https:\/\/cinemahouse.cz\/wp-content\/uploads\/2023\/12\/Vladimir-Capek-Adam-Raiter-Filip-Podmol-1024x683.jpg\" alt=\"Pra\u017esk\u00e9 Cinema City IMAX uvedlo sn\u00edmek Aquaman a ztracen\u00e9 kr\u00e1lovstv\u00ed v r\u00e1mci posledn\u00ed slavnostn\u00ed premi\u00e9ry v tomto roce\" class=\"wp-image-6264\" srcset=\"https:\/\/cinemahouse.cz\/wp-content\/uploads\/2023\/12\/Vladimir-Capek-Adam-Raiter-Filip-Podmol-1024x683.jpg 1024w, https:\/\/cinemahouse.cz\/wp-content\/uploads\/2023\/12\/Vladimir-Capek-Adam-Raiter-Filip-Podmol-300x200.jpg 300w, https:\/\/cinemahouse.cz\/wp-content\/uploads\/2023\/12\/Vladimir-Capek-Adam-Raiter-Filip-Podmol-768x512.jpg 768w, https:\/\/cinemahouse.cz\/wp-content\/uploads\/2023\/12\/Vladimir-Capek-Adam-Raiter-Filip-Podmol.jpg 1066w\" sizes=\"(max-width: 1024px) 100vw, 1024px\" \/><\/figure>\n\n\n\n<figure class=\"wp-block-image size-large\"><img decoding=\"async\" loading=\"lazy\" width=\"683\" height=\"1024\" data-id=\"6272\" src=\"https:\/\/cinemahouse.cz\/wp-content\/uploads\/2023\/12\/Jan-Tuna-683x1024.jpg\" alt=\"Pra\u017esk\u00e9 Cinema City IMAX uvedlo sn\u00edmek Aquaman a ztracen\u00e9 kr\u00e1lovstv\u00ed v r\u00e1mci posledn\u00ed slavnostn\u00ed premi\u00e9ry v tomto roce\" class=\"wp-image-6272\" srcset=\"https:\/\/cinemahouse.cz\/wp-content\/uploads\/2023\/12\/Jan-Tuna-683x1024.jpg 683w, https:\/\/cinemahouse.cz\/wp-content\/uploads\/2023\/12\/Jan-Tuna-200x300.jpg 200w, https:\/\/cinemahouse.cz\/wp-content\/uploads\/2023\/12\/Jan-Tuna-768x1152.jpg 768w, https:\/\/cinemahouse.cz\/wp-content\/uploads\/2023\/12\/Jan-Tuna.jpg 1000w\" sizes=\"(max-width: 683px) 100vw, 683px\" \/><\/figure>\n\n\n\n<figure class=\"wp-block-image size-large\"><img decoding=\"async\" loading=\"lazy\" width=\"683\" height=\"1024\" data-id=\"6273\" src=\"https:\/\/cinemahouse.cz\/wp-content\/uploads\/2023\/12\/Sharlota-683x1024.jpg\" alt=\"Pra\u017esk\u00e9 Cinema City IMAX uvedlo sn\u00edmek Aquaman a ztracen\u00e9 kr\u00e1lovstv\u00ed v r\u00e1mci posledn\u00ed slavnostn\u00ed premi\u00e9ry v tomto roce\" class=\"wp-image-6273\" srcset=\"https:\/\/cinemahouse.cz\/wp-content\/uploads\/2023\/12\/Sharlota-683x1024.jpg 683w, https:\/\/cinemahouse.cz\/wp-content\/uploads\/2023\/12\/Sharlota-200x300.jpg 200w, https:\/\/cinemahouse.cz\/wp-content\/uploads\/2023\/12\/Sharlota-768x1152.jpg 768w, https:\/\/cinemahouse.cz\/wp-content\/uploads\/2023\/12\/Sharlota.jpg 1000w\" sizes=\"(max-width: 683px) 100vw, 683px\" \/><\/figure>\n\n\n\n<figure class=\"wp-block-image size-large\"><img decoding=\"async\" loading=\"lazy\" width=\"683\" height=\"1024\" data-id=\"6271\" src=\"https:\/\/cinemahouse.cz\/wp-content\/uploads\/2023\/12\/Jakub-Kohak-683x1024.jpg\" alt=\"Pra\u017esk\u00e9 Cinema City IMAX uvedlo sn\u00edmek Aquaman a ztracen\u00e9 kr\u00e1lovstv\u00ed v r\u00e1mci posledn\u00ed slavnostn\u00ed premi\u00e9ry v tomto roce\" class=\"wp-image-6271\" srcset=\"https:\/\/cinemahouse.cz\/wp-content\/uploads\/2023\/12\/Jakub-Kohak-683x1024.jpg 683w, https:\/\/cinemahouse.cz\/wp-content\/uploads\/2023\/12\/Jakub-Kohak-200x300.jpg 200w, https:\/\/cinemahouse.cz\/wp-content\/uploads\/2023\/12\/Jakub-Kohak-768x1152.jpg 768w, https:\/\/cinemahouse.cz\/wp-content\/uploads\/2023\/12\/Jakub-Kohak.jpg 1000w\" sizes=\"(max-width: 683px) 100vw, 683px\" \/><\/figure>\n\n\n\n<figure class=\"wp-block-image size-large\"><img decoding=\"async\" loading=\"lazy\" width=\"683\" height=\"1024\" data-id=\"6270\" src=\"https:\/\/cinemahouse.cz\/wp-content\/uploads\/2023\/12\/Veve-a-Aylin-683x1024.jpg\" alt=\"Pra\u017esk\u00e9 Cinema City IMAX uvedlo sn\u00edmek Aquaman a ztracen\u00e9 kr\u00e1lovstv\u00ed v r\u00e1mci posledn\u00ed slavnostn\u00ed premi\u00e9ry v tomto roce\" class=\"wp-image-6270\" srcset=\"https:\/\/cinemahouse.cz\/wp-content\/uploads\/2023\/12\/Veve-a-Aylin-683x1024.jpg 683w, https:\/\/cinemahouse.cz\/wp-content\/uploads\/2023\/12\/Veve-a-Aylin-200x300.jpg 200w, https:\/\/cinemahouse.cz\/wp-content\/uploads\/2023\/12\/Veve-a-Aylin-768x1152.jpg 768w, https:\/\/cinemahouse.cz\/wp-content\/uploads\/2023\/12\/Veve-a-Aylin.jpg 1000w\" sizes=\"(max-width: 683px) 100vw, 683px\" \/><\/figure>\n\n\n\n<figure class=\"wp-block-image size-large\"><img decoding=\"async\" loading=\"lazy\" width=\"1024\" height=\"683\" data-id=\"6266\" src=\"https:\/\/cinemahouse.cz\/wp-content\/uploads\/2023\/12\/Jan-Tuna-2-1024x683.jpg\" alt=\"Pra\u017esk\u00e9 Cinema City IMAX uvedlo sn\u00edmek Aquaman a ztracen\u00e9 kr\u00e1lovstv\u00ed v r\u00e1mci posledn\u00ed slavnostn\u00ed premi\u00e9ry v tomto roce\" class=\"wp-image-6266\" srcset=\"https:\/\/cinemahouse.cz\/wp-content\/uploads\/2023\/12\/Jan-Tuna-2-1024x683.jpg 1024w, https:\/\/cinemahouse.cz\/wp-content\/uploads\/2023\/12\/Jan-Tuna-2-300x200.jpg 300w, https:\/\/cinemahouse.cz\/wp-content\/uploads\/2023\/12\/Jan-Tuna-2-768x512.jpg 768w, https:\/\/cinemahouse.cz\/wp-content\/uploads\/2023\/12\/Jan-Tuna-2.jpg 1066w\" sizes=\"(max-width: 1024px) 100vw, 1024px\" \/><\/figure>\n\n\n\n<figure class=\"wp-block-image size-large\"><img decoding=\"async\" loading=\"lazy\" width=\"1024\" height=\"683\" data-id=\"6268\" src=\"https:\/\/cinemahouse.cz\/wp-content\/uploads\/2023\/12\/Jakub-Kohak-2-1024x683.jpg\" alt=\"Pra\u017esk\u00e9 Cinema City IMAX uvedlo sn\u00edmek Aquaman a ztracen\u00e9 kr\u00e1lovstv\u00ed v r\u00e1mci posledn\u00ed slavnostn\u00ed premi\u00e9ry v tomto roce\" class=\"wp-image-6268\" srcset=\"https:\/\/cinemahouse.cz\/wp-content\/uploads\/2023\/12\/Jakub-Kohak-2-1024x683.jpg 1024w, https:\/\/cinemahouse.cz\/wp-content\/uploads\/2023\/12\/Jakub-Kohak-2-300x200.jpg 300w, https:\/\/cinemahouse.cz\/wp-content\/uploads\/2023\/12\/Jakub-Kohak-2-768x512.jpg 768w, https:\/\/cinemahouse.cz\/wp-content\/uploads\/2023\/12\/Jakub-Kohak-2.jpg 1066w\" sizes=\"(max-width: 1024px) 100vw, 1024px\" \/><\/figure>\n\n\n\n<figure class=\"wp-block-image size-large\"><img decoding=\"async\" loading=\"lazy\" width=\"683\" height=\"1024\" data-id=\"6269\" src=\"https:\/\/cinemahouse.cz\/wp-content\/uploads\/2023\/12\/Tynus-Tresnickova-2-683x1024.jpg\" alt=\"Pra\u017esk\u00e9 Cinema City IMAX uvedlo sn\u00edmek Aquaman a ztracen\u00e9 kr\u00e1lovstv\u00ed v r\u00e1mci posledn\u00ed slavnostn\u00ed premi\u00e9ry v tomto roce\" class=\"wp-image-6269\" srcset=\"https:\/\/cinemahouse.cz\/wp-content\/uploads\/2023\/12\/Tynus-Tresnickova-2-683x1024.jpg 683w, https:\/\/cinemahouse.cz\/wp-content\/uploads\/2023\/12\/Tynus-Tresnickova-2-200x300.jpg 200w, https:\/\/cinemahouse.cz\/wp-content\/uploads\/2023\/12\/Tynus-Tresnickova-2-768x1152.jpg 768w, https:\/\/cinemahouse.cz\/wp-content\/uploads\/2023\/12\/Tynus-Tresnickova-2.jpg 1000w\" sizes=\"(max-width: 683px) 100vw, 683px\" \/><\/figure>\n\n\n\n<figure class=\"wp-block-image size-large\"><img decoding=\"async\" loading=\"lazy\" width=\"1024\" height=\"683\" data-id=\"6263\" src=\"https:\/\/cinemahouse.cz\/wp-content\/uploads\/2023\/12\/Tynus-Tresnickova-1024x683.jpg\" alt=\"Pra\u017esk\u00e9 Cinema City IMAX uvedlo sn\u00edmek Aquaman a ztracen\u00e9 kr\u00e1lovstv\u00ed v r\u00e1mci posledn\u00ed slavnostn\u00ed premi\u00e9ry v tomto roce\" class=\"wp-image-6263\" srcset=\"https:\/\/cinemahouse.cz\/wp-content\/uploads\/2023\/12\/Tynus-Tresnickova-1024x683.jpg 1024w, https:\/\/cinemahouse.cz\/wp-content\/uploads\/2023\/12\/Tynus-Tresnickova-300x200.jpg 300w, https:\/\/cinemahouse.cz\/wp-content\/uploads\/2023\/12\/Tynus-Tresnickova-768x512.jpg 768w, https:\/\/cinemahouse.cz\/wp-content\/uploads\/2023\/12\/Tynus-Tresnickova.jpg 1066w\" sizes=\"(max-width: 1024px) 100vw, 1024px\" \/><\/figure>\n\n\n\n<figure class=\"wp-block-image size-large\"><img decoding=\"async\" loading=\"lazy\" width=\"1024\" height=\"683\" data-id=\"6267\" src=\"https:\/\/cinemahouse.cz\/wp-content\/uploads\/2023\/12\/Radek-Gabriel-1024x683.jpg\" alt=\"Pra\u017esk\u00e9 Cinema City IMAX uvedlo sn\u00edmek Aquaman a ztracen\u00e9 kr\u00e1lovstv\u00ed v r\u00e1mci posledn\u00ed slavnostn\u00ed premi\u00e9ry v tomto roce\" class=\"wp-image-6267\" srcset=\"https:\/\/cinemahouse.cz\/wp-content\/uploads\/2023\/12\/Radek-Gabriel-1024x683.jpg 1024w, https:\/\/cinemahouse.cz\/wp-content\/uploads\/2023\/12\/Radek-Gabriel-300x200.jpg 300w, https:\/\/cinemahouse.cz\/wp-content\/uploads\/2023\/12\/Radek-Gabriel-768x512.jpg 768w, https:\/\/cinemahouse.cz\/wp-content\/uploads\/2023\/12\/Radek-Gabriel.jpg 1066w\" sizes=\"(max-width: 1024px) 100vw, 1024px\" \/><\/figure>\n<\/figure>\n\n\n\n<div style=\"height:42px\" aria-hidden=\"true\" class=\"wp-block-spacer\"><\/div>\n\n\n\n<p><strong>Zdroj foto:<\/strong> Cinema City<\/p>\n\n\n\n<div style=\"height:100px\" aria-hidden=\"true\" class=\"wp-block-spacer\"><\/div>\n","protected":false},"excerpt":{"rendered":"<p>Tajemstv\u00ed nejhlub\u0161\u00edch oce\u00e1n\u016f a prastarou s\u00edlu, kter\u00e1 se v nich ukr\u00fdv\u00e1, p\u0159in\u00e1\u0161\u00ed na pl\u00e1tna kin nov\u00fd sn\u00edmek z d\u00edlny DC Comics. Aqumana v pod\u00e1n\u00ed Jasona Momoi se po p\u011bti letech op\u011bt vrac\u00ed na pl\u00e1tna&#46;&#46;&#46;<\/p>\n","protected":false},"author":3,"featured_media":6267,"comment_status":"closed","ping_status":"closed","sticky":false,"template":"","format":"standard","meta":{"_monsterinsights_skip_tracking":false,"_monsterinsights_sitenote_active":false,"_monsterinsights_sitenote_note":"","_monsterinsights_sitenote_category":0,"footnotes":""},"categories":[3,12,2],"tags":[],"yoast_head":"<!-- This site is optimized with the Yoast SEO plugin v21.4 - https:\/\/yoast.com\/wordpress\/plugins\/seo\/ -->\n<title>Pra\u017esk\u00e9 Cinema City IMAX uvedlo sn\u00edmek Aquaman a ztracen\u00e9 kr\u00e1lovstv\u00ed v r\u00e1mci posledn\u00ed slavnostn\u00ed premi\u00e9ry v tomto roce - CINEMAHOUSE.cz<\/title>\n<meta name=\"description\" content=\"Pra\u017esk\u00e9 Cinema City IMAX uvedlo sn\u00edmek Aquaman a ztracen\u00e9 kr\u00e1lovstv\u00ed v r\u00e1mci posledn\u00ed slavnostn\u00ed premi\u00e9ry v tomto roce\" \/>\n<meta name=\"robots\" content=\"index, follow, max-snippet:-1, max-image-preview:large, max-video-preview:-1\" \/>\n<link rel=\"canonical\" href=\"https:\/\/cinemahouse.cz\/index.php\/2023\/12\/22\/prazske-cinema-city-imax-uvedlo-snimek-aquaman-a-ztracene-kralovstvi-v-ramci-posledni-slavnostni-premiery-v-tomto-roce\/\" \/>\n<meta property=\"og:locale\" content=\"cs_CZ\" \/>\n<meta property=\"og:type\" content=\"article\" \/>\n<meta property=\"og:title\" content=\"Pra\u017esk\u00e9 Cinema City IMAX uvedlo sn\u00edmek Aquaman a ztracen\u00e9 kr\u00e1lovstv\u00ed v r\u00e1mci posledn\u00ed slavnostn\u00ed premi\u00e9ry v tomto roce - CINEMAHOUSE.cz\" \/>\n<meta property=\"og:description\" content=\"Pra\u017esk\u00e9 Cinema City IMAX uvedlo sn\u00edmek Aquaman a ztracen\u00e9 kr\u00e1lovstv\u00ed v r\u00e1mci posledn\u00ed slavnostn\u00ed premi\u00e9ry v tomto roce\" \/>\n<meta property=\"og:url\" content=\"https:\/\/cinemahouse.cz\/index.php\/2023\/12\/22\/prazske-cinema-city-imax-uvedlo-snimek-aquaman-a-ztracene-kralovstvi-v-ramci-posledni-slavnostni-premiery-v-tomto-roce\/\" \/>\n<meta property=\"og:site_name\" content=\"CINEMAHOUSE.cz\" \/>\n<meta property=\"article:published_time\" content=\"2023-12-21T23:01:00+00:00\" \/>\n<meta property=\"article:modified_time\" content=\"2023-12-21T18:02:47+00:00\" \/>\n<meta property=\"og:image\" content=\"https:\/\/cinemahouse.cz\/wp-content\/uploads\/2023\/12\/Radek-Gabriel.jpg\" \/>\n\t<meta property=\"og:image:width\" content=\"1066\" \/>\n\t<meta property=\"og:image:height\" content=\"711\" \/>\n\t<meta property=\"og:image:type\" content=\"image\/jpeg\" \/>\n<meta name=\"author\" content=\"Jolana Hol\u00e1\u0148ov\u00e1\" \/>\n<meta name=\"twitter:card\" content=\"summary_large_image\" \/>\n<meta name=\"twitter:label1\" content=\"Napsal(a)\" \/>\n\t<meta name=\"twitter:data1\" content=\"Jolana Hol\u00e1\u0148ov\u00e1\" \/>\n\t<meta name=\"twitter:label2\" content=\"Odhadovan\u00e1 doba \u010dten\u00ed\" \/>\n\t<meta name=\"twitter:data2\" content=\"5 minut\" \/>\n<script type=\"application\/ld+json\" class=\"yoast-schema-graph\">{\"@context\":\"https:\/\/schema.org\",\"@graph\":[{\"@type\":\"Article\",\"@id\":\"https:\/\/cinemahouse.cz\/index.php\/2023\/12\/22\/prazske-cinema-city-imax-uvedlo-snimek-aquaman-a-ztracene-kralovstvi-v-ramci-posledni-slavnostni-premiery-v-tomto-roce\/#article\",\"isPartOf\":{\"@id\":\"https:\/\/cinemahouse.cz\/index.php\/2023\/12\/22\/prazske-cinema-city-imax-uvedlo-snimek-aquaman-a-ztracene-kralovstvi-v-ramci-posledni-slavnostni-premiery-v-tomto-roce\/\"},\"author\":{\"name\":\"Jolana Hol\u00e1\u0148ov\u00e1\",\"@id\":\"https:\/\/cinemahouse.cz\/#\/schema\/person\/1ddc0bd12b9f599dd69c434ae0096313\"},\"headline\":\"Pra\u017esk\u00e9 Cinema City IMAX uvedlo sn\u00edmek Aquaman a ztracen\u00e9 kr\u00e1lovstv\u00ed v r\u00e1mci posledn\u00ed slavnostn\u00ed premi\u00e9ry v tomto roce\",\"datePublished\":\"2023-12-21T23:01:00+00:00\",\"dateModified\":\"2023-12-21T18:02:47+00:00\",\"mainEntityOfPage\":{\"@id\":\"https:\/\/cinemahouse.cz\/index.php\/2023\/12\/22\/prazske-cinema-city-imax-uvedlo-snimek-aquaman-a-ztracene-kralovstvi-v-ramci-posledni-slavnostni-premiery-v-tomto-roce\/\"},\"wordCount\":496,\"publisher\":{\"@id\":\"https:\/\/cinemahouse.cz\/#organization\"},\"articleSection\":[\"FILMOV\u00c9 NOVINKY\",\"FILMY, SERI\u00c1LY a TV\",\"NEWS\"],\"inLanguage\":\"cs\"},{\"@type\":\"WebPage\",\"@id\":\"https:\/\/cinemahouse.cz\/index.php\/2023\/12\/22\/prazske-cinema-city-imax-uvedlo-snimek-aquaman-a-ztracene-kralovstvi-v-ramci-posledni-slavnostni-premiery-v-tomto-roce\/\",\"url\":\"https:\/\/cinemahouse.cz\/index.php\/2023\/12\/22\/prazske-cinema-city-imax-uvedlo-snimek-aquaman-a-ztracene-kralovstvi-v-ramci-posledni-slavnostni-premiery-v-tomto-roce\/\",\"name\":\"Pra\u017esk\u00e9 Cinema City IMAX uvedlo sn\u00edmek Aquaman a ztracen\u00e9 kr\u00e1lovstv\u00ed v r\u00e1mci posledn\u00ed slavnostn\u00ed premi\u00e9ry v tomto roce - CINEMAHOUSE.cz\",\"isPartOf\":{\"@id\":\"https:\/\/cinemahouse.cz\/#website\"},\"datePublished\":\"2023-12-21T23:01:00+00:00\",\"dateModified\":\"2023-12-21T18:02:47+00:00\",\"description\":\"Pra\u017esk\u00e9 Cinema City IMAX uvedlo sn\u00edmek Aquaman a ztracen\u00e9 kr\u00e1lovstv\u00ed v r\u00e1mci posledn\u00ed slavnostn\u00ed premi\u00e9ry v tomto roce\",\"breadcrumb\":{\"@id\":\"https:\/\/cinemahouse.cz\/index.php\/2023\/12\/22\/prazske-cinema-city-imax-uvedlo-snimek-aquaman-a-ztracene-kralovstvi-v-ramci-posledni-slavnostni-premiery-v-tomto-roce\/#breadcrumb\"},\"inLanguage\":\"cs\",\"potentialAction\":[{\"@type\":\"ReadAction\",\"target\":[\"https:\/\/cinemahouse.cz\/index.php\/2023\/12\/22\/prazske-cinema-city-imax-uvedlo-snimek-aquaman-a-ztracene-kralovstvi-v-ramci-posledni-slavnostni-premiery-v-tomto-roce\/\"]}]},{\"@type\":\"BreadcrumbList\",\"@id\":\"https:\/\/cinemahouse.cz\/index.php\/2023\/12\/22\/prazske-cinema-city-imax-uvedlo-snimek-aquaman-a-ztracene-kralovstvi-v-ramci-posledni-slavnostni-premiery-v-tomto-roce\/#breadcrumb\",\"itemListElement\":[{\"@type\":\"ListItem\",\"position\":1,\"name\":\"Dom\u016f\",\"item\":\"https:\/\/cinemahouse.cz\/\"},{\"@type\":\"ListItem\",\"position\":2,\"name\":\"Pra\u017esk\u00e9 Cinema City IMAX uvedlo sn\u00edmek Aquaman a ztracen\u00e9 kr\u00e1lovstv\u00ed v r\u00e1mci posledn\u00ed slavnostn\u00ed premi\u00e9ry v tomto roce\"}]},{\"@type\":\"WebSite\",\"@id\":\"https:\/\/cinemahouse.cz\/#website\",\"url\":\"https:\/\/cinemahouse.cz\/\",\"name\":\"CINEMAHOUSE.cz\",\"description\":\"Port\u00e1l o filmov\u00fdch novink\u00e1ch\",\"publisher\":{\"@id\":\"https:\/\/cinemahouse.cz\/#organization\"},\"potentialAction\":[{\"@type\":\"SearchAction\",\"target\":{\"@type\":\"EntryPoint\",\"urlTemplate\":\"https:\/\/cinemahouse.cz\/?s={search_term_string}\"},\"query-input\":\"required name=search_term_string\"}],\"inLanguage\":\"cs\"},{\"@type\":\"Organization\",\"@id\":\"https:\/\/cinemahouse.cz\/#organization\",\"name\":\"CINEMAHOUSE.cz\",\"url\":\"https:\/\/cinemahouse.cz\/\",\"logo\":{\"@type\":\"ImageObject\",\"inLanguage\":\"cs\",\"@id\":\"https:\/\/cinemahouse.cz\/#\/schema\/logo\/image\/\",\"url\":\"https:\/\/cinemahouse.cz\/wp-content\/uploads\/2024\/12\/cropped-Logo_CinemaHouse.jpg\",\"contentUrl\":\"https:\/\/cinemahouse.cz\/wp-content\/uploads\/2024\/12\/cropped-Logo_CinemaHouse.jpg\",\"width\":926,\"height\":467,\"caption\":\"CINEMAHOUSE.cz\"},\"image\":{\"@id\":\"https:\/\/cinemahouse.cz\/#\/schema\/logo\/image\/\"}},{\"@type\":\"Person\",\"@id\":\"https:\/\/cinemahouse.cz\/#\/schema\/person\/1ddc0bd12b9f599dd69c434ae0096313\",\"name\":\"Jolana Hol\u00e1\u0148ov\u00e1\",\"image\":{\"@type\":\"ImageObject\",\"inLanguage\":\"cs\",\"@id\":\"https:\/\/cinemahouse.cz\/#\/schema\/person\/image\/\",\"url\":\"https:\/\/secure.gravatar.com\/avatar\/5863c504ed89cd419ff3a5e812c722ff?s=96&d=mm&r=g\",\"contentUrl\":\"https:\/\/secure.gravatar.com\/avatar\/5863c504ed89cd419ff3a5e812c722ff?s=96&d=mm&r=g\",\"caption\":\"Jolana Hol\u00e1\u0148ov\u00e1\"},\"sameAs\":[\"http:\/\/wwww.cinemahouse.cz\"],\"url\":\"https:\/\/cinemahouse.cz\/index.php\/author\/jolhol\/\"}]}<\/script>\n<!-- \/ Yoast SEO plugin. -->","yoast_head_json":{"title":"Pra\u017esk\u00e9 Cinema City IMAX uvedlo sn\u00edmek Aquaman a ztracen\u00e9 kr\u00e1lovstv\u00ed v r\u00e1mci posledn\u00ed slavnostn\u00ed premi\u00e9ry v tomto roce - CINEMAHOUSE.cz","description":"Pra\u017esk\u00e9 Cinema City IMAX uvedlo sn\u00edmek Aquaman a ztracen\u00e9 kr\u00e1lovstv\u00ed v r\u00e1mci posledn\u00ed slavnostn\u00ed premi\u00e9ry v tomto roce","robots":{"index":"index","follow":"follow","max-snippet":"max-snippet:-1","max-image-preview":"max-image-preview:large","max-video-preview":"max-video-preview:-1"},"canonical":"https:\/\/cinemahouse.cz\/index.php\/2023\/12\/22\/prazske-cinema-city-imax-uvedlo-snimek-aquaman-a-ztracene-kralovstvi-v-ramci-posledni-slavnostni-premiery-v-tomto-roce\/","og_locale":"cs_CZ","og_type":"article","og_title":"Pra\u017esk\u00e9 Cinema City IMAX uvedlo sn\u00edmek Aquaman a ztracen\u00e9 kr\u00e1lovstv\u00ed v r\u00e1mci posledn\u00ed slavnostn\u00ed premi\u00e9ry v tomto roce - CINEMAHOUSE.cz","og_description":"Pra\u017esk\u00e9 Cinema City IMAX uvedlo sn\u00edmek Aquaman a ztracen\u00e9 kr\u00e1lovstv\u00ed v r\u00e1mci posledn\u00ed slavnostn\u00ed premi\u00e9ry v tomto roce","og_url":"https:\/\/cinemahouse.cz\/index.php\/2023\/12\/22\/prazske-cinema-city-imax-uvedlo-snimek-aquaman-a-ztracene-kralovstvi-v-ramci-posledni-slavnostni-premiery-v-tomto-roce\/","og_site_name":"CINEMAHOUSE.cz","article_published_time":"2023-12-21T23:01:00+00:00","article_modified_time":"2023-12-21T18:02:47+00:00","og_image":[{"width":1066,"height":711,"url":"https:\/\/cinemahouse.cz\/wp-content\/uploads\/2023\/12\/Radek-Gabriel.jpg","type":"image\/jpeg"}],"author":"Jolana Hol\u00e1\u0148ov\u00e1","twitter_card":"summary_large_image","twitter_misc":{"Napsal(a)":"Jolana Hol\u00e1\u0148ov\u00e1","Odhadovan\u00e1 doba \u010dten\u00ed":"5 minut"},"schema":{"@context":"https:\/\/schema.org","@graph":[{"@type":"Article","@id":"https:\/\/cinemahouse.cz\/index.php\/2023\/12\/22\/prazske-cinema-city-imax-uvedlo-snimek-aquaman-a-ztracene-kralovstvi-v-ramci-posledni-slavnostni-premiery-v-tomto-roce\/#article","isPartOf":{"@id":"https:\/\/cinemahouse.cz\/index.php\/2023\/12\/22\/prazske-cinema-city-imax-uvedlo-snimek-aquaman-a-ztracene-kralovstvi-v-ramci-posledni-slavnostni-premiery-v-tomto-roce\/"},"author":{"name":"Jolana Hol\u00e1\u0148ov\u00e1","@id":"https:\/\/cinemahouse.cz\/#\/schema\/person\/1ddc0bd12b9f599dd69c434ae0096313"},"headline":"Pra\u017esk\u00e9 Cinema City IMAX uvedlo sn\u00edmek Aquaman a ztracen\u00e9 kr\u00e1lovstv\u00ed v r\u00e1mci posledn\u00ed slavnostn\u00ed premi\u00e9ry v tomto roce","datePublished":"2023-12-21T23:01:00+00:00","dateModified":"2023-12-21T18:02:47+00:00","mainEntityOfPage":{"@id":"https:\/\/cinemahouse.cz\/index.php\/2023\/12\/22\/prazske-cinema-city-imax-uvedlo-snimek-aquaman-a-ztracene-kralovstvi-v-ramci-posledni-slavnostni-premiery-v-tomto-roce\/"},"wordCount":496,"publisher":{"@id":"https:\/\/cinemahouse.cz\/#organization"},"articleSection":["FILMOV\u00c9 NOVINKY","FILMY, SERI\u00c1LY a TV","NEWS"],"inLanguage":"cs"},{"@type":"WebPage","@id":"https:\/\/cinemahouse.cz\/index.php\/2023\/12\/22\/prazske-cinema-city-imax-uvedlo-snimek-aquaman-a-ztracene-kralovstvi-v-ramci-posledni-slavnostni-premiery-v-tomto-roce\/","url":"https:\/\/cinemahouse.cz\/index.php\/2023\/12\/22\/prazske-cinema-city-imax-uvedlo-snimek-aquaman-a-ztracene-kralovstvi-v-ramci-posledni-slavnostni-premiery-v-tomto-roce\/","name":"Pra\u017esk\u00e9 Cinema City IMAX uvedlo sn\u00edmek Aquaman a ztracen\u00e9 kr\u00e1lovstv\u00ed v r\u00e1mci posledn\u00ed slavnostn\u00ed premi\u00e9ry v tomto roce - CINEMAHOUSE.cz","isPartOf":{"@id":"https:\/\/cinemahouse.cz\/#website"},"datePublished":"2023-12-21T23:01:00+00:00","dateModified":"2023-12-21T18:02:47+00:00","description":"Pra\u017esk\u00e9 Cinema City IMAX uvedlo sn\u00edmek Aquaman a ztracen\u00e9 kr\u00e1lovstv\u00ed v r\u00e1mci posledn\u00ed slavnostn\u00ed premi\u00e9ry v tomto roce","breadcrumb":{"@id":"https:\/\/cinemahouse.cz\/index.php\/2023\/12\/22\/prazske-cinema-city-imax-uvedlo-snimek-aquaman-a-ztracene-kralovstvi-v-ramci-posledni-slavnostni-premiery-v-tomto-roce\/#breadcrumb"},"inLanguage":"cs","potentialAction":[{"@type":"ReadAction","target":["https:\/\/cinemahouse.cz\/index.php\/2023\/12\/22\/prazske-cinema-city-imax-uvedlo-snimek-aquaman-a-ztracene-kralovstvi-v-ramci-posledni-slavnostni-premiery-v-tomto-roce\/"]}]},{"@type":"BreadcrumbList","@id":"https:\/\/cinemahouse.cz\/index.php\/2023\/12\/22\/prazske-cinema-city-imax-uvedlo-snimek-aquaman-a-ztracene-kralovstvi-v-ramci-posledni-slavnostni-premiery-v-tomto-roce\/#breadcrumb","itemListElement":[{"@type":"ListItem","position":1,"name":"Dom\u016f","item":"https:\/\/cinemahouse.cz\/"},{"@type":"ListItem","position":2,"name":"Pra\u017esk\u00e9 Cinema City IMAX uvedlo sn\u00edmek Aquaman a ztracen\u00e9 kr\u00e1lovstv\u00ed v r\u00e1mci posledn\u00ed slavnostn\u00ed premi\u00e9ry v tomto roce"}]},{"@type":"WebSite","@id":"https:\/\/cinemahouse.cz\/#website","url":"https:\/\/cinemahouse.cz\/","name":"CINEMAHOUSE.cz","description":"Port\u00e1l o filmov\u00fdch novink\u00e1ch","publisher":{"@id":"https:\/\/cinemahouse.cz\/#organization"},"potentialAction":[{"@type":"SearchAction","target":{"@type":"EntryPoint","urlTemplate":"https:\/\/cinemahouse.cz\/?s={search_term_string}"},"query-input":"required name=search_term_string"}],"inLanguage":"cs"},{"@type":"Organization","@id":"https:\/\/cinemahouse.cz\/#organization","name":"CINEMAHOUSE.cz","url":"https:\/\/cinemahouse.cz\/","logo":{"@type":"ImageObject","inLanguage":"cs","@id":"https:\/\/cinemahouse.cz\/#\/schema\/logo\/image\/","url":"https:\/\/cinemahouse.cz\/wp-content\/uploads\/2024\/12\/cropped-Logo_CinemaHouse.jpg","contentUrl":"https:\/\/cinemahouse.cz\/wp-content\/uploads\/2024\/12\/cropped-Logo_CinemaHouse.jpg","width":926,"height":467,"caption":"CINEMAHOUSE.cz"},"image":{"@id":"https:\/\/cinemahouse.cz\/#\/schema\/logo\/image\/"}},{"@type":"Person","@id":"https:\/\/cinemahouse.cz\/#\/schema\/person\/1ddc0bd12b9f599dd69c434ae0096313","name":"Jolana Hol\u00e1\u0148ov\u00e1","image":{"@type":"ImageObject","inLanguage":"cs","@id":"https:\/\/cinemahouse.cz\/#\/schema\/person\/image\/","url":"https:\/\/secure.gravatar.com\/avatar\/5863c504ed89cd419ff3a5e812c722ff?s=96&d=mm&r=g","contentUrl":"https:\/\/secure.gravatar.com\/avatar\/5863c504ed89cd419ff3a5e812c722ff?s=96&d=mm&r=g","caption":"Jolana Hol\u00e1\u0148ov\u00e1"},"sameAs":["http:\/\/wwww.cinemahouse.cz"],"url":"https:\/\/cinemahouse.cz\/index.php\/author\/jolhol\/"}]}},"_links":{"self":[{"href":"https:\/\/cinemahouse.cz\/index.php\/wp-json\/wp\/v2\/posts\/6262"}],"collection":[{"href":"https:\/\/cinemahouse.cz\/index.php\/wp-json\/wp\/v2\/posts"}],"about":[{"href":"https:\/\/cinemahouse.cz\/index.php\/wp-json\/wp\/v2\/types\/post"}],"author":[{"embeddable":true,"href":"https:\/\/cinemahouse.cz\/index.php\/wp-json\/wp\/v2\/users\/3"}],"replies":[{"embeddable":true,"href":"https:\/\/cinemahouse.cz\/index.php\/wp-json\/wp\/v2\/comments?post=6262"}],"version-history":[{"count":1,"href":"https:\/\/cinemahouse.cz\/index.php\/wp-json\/wp\/v2\/posts\/6262\/revisions"}],"predecessor-version":[{"id":6274,"href":"https:\/\/cinemahouse.cz\/index.php\/wp-json\/wp\/v2\/posts\/6262\/revisions\/6274"}],"wp:featuredmedia":[{"embeddable":true,"href":"https:\/\/cinemahouse.cz\/index.php\/wp-json\/wp\/v2\/media\/6267"}],"wp:attachment":[{"href":"https:\/\/cinemahouse.cz\/index.php\/wp-json\/wp\/v2\/media?parent=6262"}],"wp:term":[{"taxonomy":"category","embeddable":true,"href":"https:\/\/cinemahouse.cz\/index.php\/wp-json\/wp\/v2\/categories?post=6262"},{"taxonomy":"post_tag","embeddable":true,"href":"https:\/\/cinemahouse.cz\/index.php\/wp-json\/wp\/v2\/tags?post=6262"}],"curies":[{"name":"wp","href":"https:\/\/api.w.org\/{rel}","templated":true}]}}