{"id":6065,"date":"2023-11-17T00:01:00","date_gmt":"2023-11-16T23:01:00","guid":{"rendered":"https:\/\/cinemahouse.cz\/?p=6065"},"modified":"2023-11-16T15:16:07","modified_gmt":"2023-11-16T14:16:07","slug":"vzpominka-na-jfk-60-vyroci-umrti-prezidenta-kennedyho","status":"publish","type":"post","link":"https:\/\/cinemahouse.cz\/index.php\/2023\/11\/17\/vzpominka-na-jfk-60-vyroci-umrti-prezidenta-kennedyho\/","title":{"rendered":"Vzpom\u00ednka na JFK | 60. v\u00fdro\u010d\u00ed \u00famrt\u00ed prezidenta Kennedyho"},"content":{"rendered":"\n<div style=\"height:40px\" aria-hidden=\"true\" class=\"wp-block-spacer\"><\/div>\n\n\n\n<p><strong>V listopadu odvys\u00edl\u00e1 kan\u00e1l <a href=\"https:\/\/viasathistory.cz\/\">Viasat History<\/a> s\u00e9rii dokument\u016f k 60. v\u00fdro\u010d\u00ed jednoho z nejv\u00edce \u0161okuj\u00edc\u00edch a d\u011bjiny ur\u010duj\u00edc\u00edch moment\u016f 20. stolet\u00ed, atent\u00e1tu na prezidenta Johna F. Kennedyho. B\u011bhem dvou ned\u011bl\u00ed (19. a 26. listopadu) uvede Viasat History t\u0159i nov\u00e9 dokumenty, kter\u00e9 odhal\u00ed nov\u00e1 fakta z osudn\u00e9ho dne 22. listopadu, jen\u017e ot\u0159\u00e1sl sv\u011btem.<\/strong><\/p>\n\n\n\n<div style=\"height:44px\" aria-hidden=\"true\" class=\"wp-block-spacer\"><\/div>\n\n\n<div class=\"wp-block-image\">\n<figure class=\"aligncenter size-large\"><img decoding=\"async\" src=\"https:\/\/womenhouse.cz\/wp-content\/uploads\/2023\/11\/JFK-AND-JACKIE-2-JFK-LIBRARY-1024x577.jpg\" alt=\"Vzpom\u00ednka na JFK | 60. v\u00fdro\u010d\u00ed \u00famrt\u00ed prezidenta Kennedyho\" class=\"wp-image-11565\"\/><\/figure><\/div>\n\n\n<div style=\"height:44px\" aria-hidden=\"true\" class=\"wp-block-spacer\"><\/div>\n\n\n\n<h2 class=\"wp-block-heading\">J<strong>FK: 24 hodin, kter\u00e9 zm\u011bnily sv\u011bt<\/strong><\/h2>\n\n\n\n<p><strong>19. listopadu ve 21:00<\/strong><\/p>\n\n\n\n<p>Tento dokument odhaluje archivn\u00ed z\u00e1b\u011bry z cel\u00e9ho sv\u011bta, kter\u00e9 dosud vid\u011blo jen m\u00e1lo lid\u00ed. B\u011bhem jedn\u00e9 hodiny sledujeme posledn\u00edch 24 hodin \u00fa\u0159adov\u00e1n\u00ed prezidenta Johna F. Kennedyho. N\u00e1sleduje zat\u010den\u00ed a vra\u017eda z\u0159ejm\u011b jedin\u00e9ho st\u0159elce, Lee Harveyho Oswalda. B\u011bhem kampan\u011b v Texasu v roce 1963 byl prezident Kennedy obklopen p\u0159\u00edznivci, p\u0159\u00e1teli, zam\u011bstnanci a tiskem. Ka\u017ed\u00fd jeho pohyb byl pe\u010dliv\u011b zdokumentov\u00e1n, a p\u0159esto byly posledn\u00ed vte\u0159iny jeho \u017eivota zachyceny na jedin\u00e9m \u0161estn\u00e1ctisekundov\u00e9m videu. <\/p>\n\n\n\n<p>Nato\u010dil je mu\u017e v davu, kter\u00fd byl jedn\u00edm z div\u00e1k\u016f sleduj\u00edc\u00edch pr\u016fvod s prezidentem. Po zbytek \u017eivota mluvil o no\u010dn\u00edch m\u016fr\u00e1ch, kter\u00e9 ho prov\u00e1zely pot\u00e9, co udalosti zachytil na dom\u00e1c\u00ed kameru. Tento dokument sleduje Kennedyho od jeho p\u0159\u00edletu do Texasu 21. listopadu 1963 a\u017e po p\u0159evoz jeho t\u011bla letadlem Air Force One do Washingtonu, D. C., pouh\u00e9 dv\u011b hodiny po osudn\u00e9m v\u00fdst\u0159elu.<\/p>\n\n\n\n<div style=\"height:44px\" aria-hidden=\"true\" class=\"wp-block-spacer\"><\/div>\n\n\n<div class=\"wp-block-image\">\n<figure class=\"aligncenter size-large\"><img decoding=\"async\" src=\"https:\/\/womenhouse.cz\/wp-content\/uploads\/2023\/11\/NK22Z4GKFVLDVEPV2PW35NKUIU-copy-1024x549.jpg\" alt=\"Vzpom\u00ednka na JFK | 60. v\u00fdro\u010d\u00ed \u00famrt\u00ed prezidenta Kennedyho\" class=\"wp-image-11569\"\/><\/figure><\/div>\n\n\n<div style=\"height:44px\" aria-hidden=\"true\" class=\"wp-block-spacer\"><\/div>\n\n\n\n<h2 class=\"wp-block-heading\"><strong>JFK: Posledn\u00ed d\u016fkaz<\/strong><\/h2>\n\n\n\n<p><strong>Dva d\u00edly za sebou &#8211; 19. listopadu ve 22:00<\/strong><\/p>\n\n\n\n<p>Dvoud\u00edln\u00fd film JFK: Posledn\u00ed d\u016fkaz vezme div\u00e1ky na strhuj\u00edc\u00ed cestu po d\u016fkazech, stop\u00e1ch a v\u00fdst\u0159elech z onoho tragick\u00e9ho p\u00e1te\u010dn\u00edho r\u00e1na v Dallasu. Tento dokument se sna\u017e\u00ed odhalit pravdu o atent\u00e1tu na JFK a zkoum\u00e1 r\u016fzn\u00e9 teorie, kter\u00e9 se objevily v pr\u016fb\u011bhu desetilet\u00ed. D\u00edky odborn\u00e9 anal\u00fdze a d\u016fkladn\u00e9mu vy\u0161et\u0159ov\u00e1n\u00ed z\u00edskaj\u00ed div\u00e1ci nov\u00fd pohled na ud\u00e1losti, kter\u00e9 vedly k p\u0159ed\u010dasn\u00e9 smrti jejich obl\u00edben\u00e9ho prezidenta.<\/p>\n\n\n\n<div style=\"height:44px\" aria-hidden=\"true\" class=\"wp-block-spacer\"><\/div>\n\n\n<div class=\"wp-block-image\">\n<figure class=\"aligncenter size-large\"><img decoding=\"async\" src=\"https:\/\/womenhouse.cz\/wp-content\/uploads\/2023\/11\/JFKTheFinalEvidence_Thumbnail_1920x1080-1024x576.jpg\" alt=\"Vzpom\u00ednka na JFK | 60. v\u00fdro\u010d\u00ed \u00famrt\u00ed prezidenta Kennedyho\" class=\"wp-image-11571\"\/><\/figure><\/div>\n\n\n<div style=\"height:44px\" aria-hidden=\"true\" class=\"wp-block-spacer\"><\/div>\n\n\n\n<h2 class=\"wp-block-heading\"><strong>JFK: Dom\u00e1c\u00ed video, kter\u00e9 zm\u011bnilo sv\u011bt<\/strong><\/h2>\n\n\n\n<p><strong>26. listopadu ve 21:00<\/strong><\/p>\n\n\n\n<p>Tento dokument\u00e1rn\u00ed film se zab\u00fdv\u00e1 m\u00e1lo zn\u00e1mou histori\u00ed skute\u010dn\u00e9ho 8 mm filmu, kter\u00fd nav\u017edy zachytil hr\u016fzn\u00e9 ud\u00e1losti onoho osudn\u00e9ho dne. Odhaluje p\u0159\u00edb\u011bh amat\u00e9rsk\u00fdch z\u00e1b\u011br\u016f nato\u010den\u00fdch Abrahamem Zapruderem, kter\u00fd se necht\u011bn\u011b stal o\u010dit\u00fdm sv\u011bdkem kl\u00ed\u010dov\u00e9 historick\u00e9 ud\u00e1losti. Film zkoum\u00e1, jak se Zapruder\u016fv dom\u00e1c\u00ed film stal nejen neoceniteln\u00fdm d\u016fkazem, ale tak\u00e9 ikonick\u00fdm a stra\u0161ideln\u00fdm z\u00e1znamem trag\u00e9die, kter\u00e1 ot\u0159\u00e1sla n\u00e1rodem i sv\u011btem.<\/p>\n\n\n\n<div style=\"height:44px\" aria-hidden=\"true\" class=\"wp-block-spacer\"><\/div>\n\n\n\n<figure class=\"wp-block-embed is-type-video is-provider-youtube wp-block-embed-youtube wp-embed-aspect-16-9 wp-has-aspect-ratio\"><div class=\"wp-block-embed__wrapper\">\n<div class=\"video-container\"><iframe loading=\"lazy\" title=\"P\u00e1smo po\u0159ad\u016f: JFK: Atent\u00e1t na Viasat History\" width=\"500\" height=\"281\" src=\"https:\/\/www.youtube.com\/embed\/cpWtkw3Z7zc?feature=oembed&#038;wmode=opaque\" frameborder=\"0\" allow=\"accelerometer; autoplay; clipboard-write; encrypted-media; gyroscope; picture-in-picture; web-share\" allowfullscreen><\/iframe><\/div>\n<\/div><\/figure>\n\n\n\n<div style=\"height:44px\" aria-hidden=\"true\" class=\"wp-block-spacer\"><\/div>\n\n\n\n<p>S bl\u00ed\u017e\u00edc\u00edm se 60. v\u00fdro\u010d\u00edm atent\u00e1tu na prezidenta Johna F. Kennedyho se televizn\u00ed stanice Viasat History vrac\u00ed ke kl\u00ed\u010dov\u00e9mu historick\u00e9mu okam\u017eiku a zkoum\u00e1 osobn\u00ed a politick\u00fd odkaz JFK a zam\u00fd\u0161l\u00ed se nad trval\u00fdm dopadem jeho p\u0159ed\u010dasn\u00e9 smrti na spole\u010dnost.<\/p>\n\n\n\n<div style=\"height:44px\" aria-hidden=\"true\" class=\"wp-block-spacer\"><\/div>\n\n\n\n<p>Sledujte n\u00e1s na: <a href=\"https:\/\/www.facebook.com\/ViasatHistoryCZ\">https:\/\/www.facebook.com\/ViasatHistoryCZ<\/a><\/p>\n\n\n\n<div style=\"height:44px\" aria-hidden=\"true\" class=\"wp-block-spacer\"><\/div>\n\n\n\n<figure class=\"wp-block-gallery has-nested-images columns-2 is-cropped wp-block-gallery-1 is-layout-flex wp-block-gallery-is-layout-flex\">\n<figure class=\"wp-block-image size-large\"><img decoding=\"async\" data-id=\"11565\" src=\"https:\/\/womenhouse.cz\/wp-content\/uploads\/2023\/11\/JFK-AND-JACKIE-2-JFK-LIBRARY-1024x577.jpg\" alt=\"Vzpom\u00ednka na JFK | 60. v\u00fdro\u010d\u00ed \u00famrt\u00ed prezidenta Kennedyho\" class=\"wp-image-11565\"\/><\/figure>\n\n\n\n<figure class=\"wp-block-image size-large\"><img decoding=\"async\" data-id=\"11569\" src=\"https:\/\/womenhouse.cz\/wp-content\/uploads\/2023\/11\/NK22Z4GKFVLDVEPV2PW35NKUIU-copy-1024x549.jpg\" alt=\"Vzpom\u00ednka na JFK | 60. v\u00fdro\u010d\u00ed \u00famrt\u00ed prezidenta Kennedyho\" class=\"wp-image-11569\"\/><\/figure>\n\n\n\n<figure class=\"wp-block-image size-large\"><img decoding=\"async\" data-id=\"11571\" src=\"https:\/\/womenhouse.cz\/wp-content\/uploads\/2023\/11\/JFKTheFinalEvidence_Thumbnail_1920x1080-1024x576.jpg\" alt=\"Vzpom\u00ednka na JFK | 60. v\u00fdro\u010d\u00ed \u00famrt\u00ed prezidenta Kennedyho\" class=\"wp-image-11571\"\/><\/figure>\n\n\n\n<figure class=\"wp-block-image size-large\"><img decoding=\"async\" data-id=\"11570\" src=\"https:\/\/womenhouse.cz\/wp-content\/uploads\/2023\/11\/JFK-1024x797.jpg\" alt=\"Vzpom\u00ednka na JFK | 60. v\u00fdro\u010d\u00ed \u00famrt\u00ed prezidenta Kennedyho\" class=\"wp-image-11570\"\/><\/figure>\n\n\n\n<figure class=\"wp-block-image size-large\"><img decoding=\"async\" data-id=\"11567\" src=\"https:\/\/womenhouse.cz\/wp-content\/uploads\/2023\/11\/thumbnail_th-588305152-copy-1024x754.jpg\" alt=\"Vzpom\u00ednka na JFK | 60. v\u00fdro\u010d\u00ed \u00famrt\u00ed prezidenta Kennedyho\" class=\"wp-image-11567\"\/><\/figure>\n\n\n\n<figure class=\"wp-block-image size-large\"><img decoding=\"async\" data-id=\"11568\" src=\"https:\/\/womenhouse.cz\/wp-content\/uploads\/2023\/11\/thumbnail_th-3312878830-copy-1024x829.jpg\" alt=\"Vzpom\u00ednka na JFK | 60. v\u00fdro\u010d\u00ed \u00famrt\u00ed prezidenta Kennedyho\" class=\"wp-image-11568\"\/><\/figure>\n\n\n\n<figure class=\"wp-block-image size-large\"><img decoding=\"async\" data-id=\"11564\" src=\"https:\/\/womenhouse.cz\/wp-content\/uploads\/2023\/11\/thumbnail_th-3059292954-copy.jpg\" alt=\"Vzpom\u00ednka na JFK | 60. v\u00fdro\u010d\u00ed \u00famrt\u00ed prezidenta Kennedyho\" class=\"wp-image-11564\"\/><\/figure>\n<\/figure>\n\n\n\n<div style=\"height:44px\" aria-hidden=\"true\" class=\"wp-block-spacer\"><\/div>\n\n\n\n<p><strong>Zdroj foto a video:<\/strong> Viasat History<\/p>\n\n\n\n<div style=\"height:100px\" aria-hidden=\"true\" class=\"wp-block-spacer\"><\/div>\n","protected":false},"excerpt":{"rendered":"<p>V listopadu odvys\u00edl\u00e1 kan\u00e1l Viasat History s\u00e9rii dokument\u016f k 60. v\u00fdro\u010d\u00ed jednoho z nejv\u00edce \u0161okuj\u00edc\u00edch a d\u011bjiny ur\u010duj\u00edc\u00edch moment\u016f 20. stolet\u00ed, atent\u00e1tu na prezidenta Johna F. Kennedyho. B\u011bhem dvou ned\u011bl\u00ed (19. a 26. listopadu)&#46;&#46;&#46;<\/p>\n","protected":false},"author":6,"featured_media":6066,"comment_status":"closed","ping_status":"closed","sticky":false,"template":"","format":"standard","meta":{"_monsterinsights_skip_tracking":false,"_monsterinsights_sitenote_active":false,"_monsterinsights_sitenote_note":"","_monsterinsights_sitenote_category":0,"footnotes":""},"categories":[12,2,13,5],"tags":[],"yoast_head":"<!-- This site is optimized with the Yoast SEO plugin v21.4 - https:\/\/yoast.com\/wordpress\/plugins\/seo\/ -->\n<title>Vzpom\u00ednka na JFK | 60. v\u00fdro\u010d\u00ed \u00famrt\u00ed prezidenta Kennedyho - CINEMAHOUSE.cz<\/title>\n<meta name=\"description\" content=\"V listopadu odvys\u00edl\u00e1 kan\u00e1l Viasat History s\u00e9rii dokument\u016f k 60. v\u00fdro\u010d\u00ed jednoho z nejv\u00edce \u0161okuj\u00edc\u00edch moment\u016f, atent\u00e1tu na prezidenta JFK\" \/>\n<meta name=\"robots\" content=\"index, follow, max-snippet:-1, max-image-preview:large, max-video-preview:-1\" \/>\n<link rel=\"canonical\" href=\"https:\/\/cinemahouse.cz\/index.php\/2023\/11\/17\/vzpominka-na-jfk-60-vyroci-umrti-prezidenta-kennedyho\/\" \/>\n<meta property=\"og:locale\" content=\"cs_CZ\" \/>\n<meta property=\"og:type\" content=\"article\" \/>\n<meta property=\"og:title\" content=\"Vzpom\u00ednka na JFK | 60. v\u00fdro\u010d\u00ed \u00famrt\u00ed prezidenta Kennedyho - CINEMAHOUSE.cz\" \/>\n<meta property=\"og:description\" content=\"V listopadu odvys\u00edl\u00e1 kan\u00e1l Viasat History s\u00e9rii dokument\u016f k 60. v\u00fdro\u010d\u00ed jednoho z nejv\u00edce \u0161okuj\u00edc\u00edch moment\u016f, atent\u00e1tu na prezidenta JFK\" \/>\n<meta property=\"og:url\" content=\"https:\/\/cinemahouse.cz\/index.php\/2023\/11\/17\/vzpominka-na-jfk-60-vyroci-umrti-prezidenta-kennedyho\/\" \/>\n<meta property=\"og:site_name\" content=\"CINEMAHOUSE.cz\" \/>\n<meta property=\"article:published_time\" content=\"2023-11-16T23:01:00+00:00\" \/>\n<meta property=\"article:modified_time\" content=\"2023-11-16T14:16:07+00:00\" \/>\n<meta property=\"og:image\" content=\"https:\/\/cinemahouse.cz\/wp-content\/uploads\/2023\/11\/JFK-AND-JACKIE-2-JFK-LIBRARY.jpg\" \/>\n\t<meta property=\"og:image:width\" content=\"1356\" \/>\n\t<meta property=\"og:image:height\" content=\"764\" \/>\n\t<meta property=\"og:image:type\" content=\"image\/jpeg\" \/>\n<meta name=\"author\" content=\"Jordana Pechov\u00e1\" \/>\n<meta name=\"twitter:card\" content=\"summary_large_image\" \/>\n<meta name=\"twitter:label1\" content=\"Napsal(a)\" \/>\n\t<meta name=\"twitter:data1\" content=\"Jordana Pechov\u00e1\" \/>\n\t<meta name=\"twitter:label2\" content=\"Odhadovan\u00e1 doba \u010dten\u00ed\" \/>\n\t<meta name=\"twitter:data2\" content=\"5 minut\" \/>\n<script type=\"application\/ld+json\" class=\"yoast-schema-graph\">{\"@context\":\"https:\/\/schema.org\",\"@graph\":[{\"@type\":\"Article\",\"@id\":\"https:\/\/cinemahouse.cz\/index.php\/2023\/11\/17\/vzpominka-na-jfk-60-vyroci-umrti-prezidenta-kennedyho\/#article\",\"isPartOf\":{\"@id\":\"https:\/\/cinemahouse.cz\/index.php\/2023\/11\/17\/vzpominka-na-jfk-60-vyroci-umrti-prezidenta-kennedyho\/\"},\"author\":{\"name\":\"Jordana Pechov\u00e1\",\"@id\":\"https:\/\/cinemahouse.cz\/#\/schema\/person\/5121c8490d035567efc4dd9223d7a216\"},\"headline\":\"Vzpom\u00ednka na JFK | 60. v\u00fdro\u010d\u00ed \u00famrt\u00ed prezidenta Kennedyho\",\"datePublished\":\"2023-11-16T23:01:00+00:00\",\"dateModified\":\"2023-11-16T14:16:07+00:00\",\"mainEntityOfPage\":{\"@id\":\"https:\/\/cinemahouse.cz\/index.php\/2023\/11\/17\/vzpominka-na-jfk-60-vyroci-umrti-prezidenta-kennedyho\/\"},\"wordCount\":539,\"publisher\":{\"@id\":\"https:\/\/cinemahouse.cz\/#organization\"},\"articleSection\":[\"FILMY, SERI\u00c1LY a TV\",\"NEWS\",\"TIPY a TRENDY\",\"TRAILERY\"],\"inLanguage\":\"cs\"},{\"@type\":\"WebPage\",\"@id\":\"https:\/\/cinemahouse.cz\/index.php\/2023\/11\/17\/vzpominka-na-jfk-60-vyroci-umrti-prezidenta-kennedyho\/\",\"url\":\"https:\/\/cinemahouse.cz\/index.php\/2023\/11\/17\/vzpominka-na-jfk-60-vyroci-umrti-prezidenta-kennedyho\/\",\"name\":\"Vzpom\u00ednka na JFK | 60. v\u00fdro\u010d\u00ed \u00famrt\u00ed prezidenta Kennedyho - CINEMAHOUSE.cz\",\"isPartOf\":{\"@id\":\"https:\/\/cinemahouse.cz\/#website\"},\"datePublished\":\"2023-11-16T23:01:00+00:00\",\"dateModified\":\"2023-11-16T14:16:07+00:00\",\"description\":\"V listopadu odvys\u00edl\u00e1 kan\u00e1l Viasat History s\u00e9rii dokument\u016f k 60. v\u00fdro\u010d\u00ed jednoho z nejv\u00edce \u0161okuj\u00edc\u00edch moment\u016f, atent\u00e1tu na prezidenta JFK\",\"breadcrumb\":{\"@id\":\"https:\/\/cinemahouse.cz\/index.php\/2023\/11\/17\/vzpominka-na-jfk-60-vyroci-umrti-prezidenta-kennedyho\/#breadcrumb\"},\"inLanguage\":\"cs\",\"potentialAction\":[{\"@type\":\"ReadAction\",\"target\":[\"https:\/\/cinemahouse.cz\/index.php\/2023\/11\/17\/vzpominka-na-jfk-60-vyroci-umrti-prezidenta-kennedyho\/\"]}]},{\"@type\":\"BreadcrumbList\",\"@id\":\"https:\/\/cinemahouse.cz\/index.php\/2023\/11\/17\/vzpominka-na-jfk-60-vyroci-umrti-prezidenta-kennedyho\/#breadcrumb\",\"itemListElement\":[{\"@type\":\"ListItem\",\"position\":1,\"name\":\"Dom\u016f\",\"item\":\"https:\/\/cinemahouse.cz\/\"},{\"@type\":\"ListItem\",\"position\":2,\"name\":\"Vzpom\u00ednka na JFK | 60. v\u00fdro\u010d\u00ed \u00famrt\u00ed prezidenta Kennedyho\"}]},{\"@type\":\"WebSite\",\"@id\":\"https:\/\/cinemahouse.cz\/#website\",\"url\":\"https:\/\/cinemahouse.cz\/\",\"name\":\"CINEMAHOUSE.cz\",\"description\":\"Port\u00e1l o filmov\u00fdch novink\u00e1ch\",\"publisher\":{\"@id\":\"https:\/\/cinemahouse.cz\/#organization\"},\"potentialAction\":[{\"@type\":\"SearchAction\",\"target\":{\"@type\":\"EntryPoint\",\"urlTemplate\":\"https:\/\/cinemahouse.cz\/?s={search_term_string}\"},\"query-input\":\"required name=search_term_string\"}],\"inLanguage\":\"cs\"},{\"@type\":\"Organization\",\"@id\":\"https:\/\/cinemahouse.cz\/#organization\",\"name\":\"CINEMAHOUSE.cz\",\"url\":\"https:\/\/cinemahouse.cz\/\",\"logo\":{\"@type\":\"ImageObject\",\"inLanguage\":\"cs\",\"@id\":\"https:\/\/cinemahouse.cz\/#\/schema\/logo\/image\/\",\"url\":\"https:\/\/cinemahouse.cz\/wp-content\/uploads\/2024\/12\/cropped-Logo_CinemaHouse.jpg\",\"contentUrl\":\"https:\/\/cinemahouse.cz\/wp-content\/uploads\/2024\/12\/cropped-Logo_CinemaHouse.jpg\",\"width\":926,\"height\":467,\"caption\":\"CINEMAHOUSE.cz\"},\"image\":{\"@id\":\"https:\/\/cinemahouse.cz\/#\/schema\/logo\/image\/\"}},{\"@type\":\"Person\",\"@id\":\"https:\/\/cinemahouse.cz\/#\/schema\/person\/5121c8490d035567efc4dd9223d7a216\",\"name\":\"Jordana Pechov\u00e1\",\"image\":{\"@type\":\"ImageObject\",\"inLanguage\":\"cs\",\"@id\":\"https:\/\/cinemahouse.cz\/#\/schema\/person\/image\/\",\"url\":\"https:\/\/secure.gravatar.com\/avatar\/349e898f7fe64c4a4839cc48a802dd9a?s=96&d=mm&r=g\",\"contentUrl\":\"https:\/\/secure.gravatar.com\/avatar\/349e898f7fe64c4a4839cc48a802dd9a?s=96&d=mm&r=g\",\"caption\":\"Jordana Pechov\u00e1\"},\"sameAs\":[\"http:\/\/CINEMAHOUSE.cz\"],\"url\":\"https:\/\/cinemahouse.cz\/index.php\/author\/jorpech\/\"}]}<\/script>\n<!-- \/ Yoast SEO plugin. -->","yoast_head_json":{"title":"Vzpom\u00ednka na JFK | 60. v\u00fdro\u010d\u00ed \u00famrt\u00ed prezidenta Kennedyho - CINEMAHOUSE.cz","description":"V listopadu odvys\u00edl\u00e1 kan\u00e1l Viasat History s\u00e9rii dokument\u016f k 60. v\u00fdro\u010d\u00ed jednoho z nejv\u00edce \u0161okuj\u00edc\u00edch moment\u016f, atent\u00e1tu na prezidenta JFK","robots":{"index":"index","follow":"follow","max-snippet":"max-snippet:-1","max-image-preview":"max-image-preview:large","max-video-preview":"max-video-preview:-1"},"canonical":"https:\/\/cinemahouse.cz\/index.php\/2023\/11\/17\/vzpominka-na-jfk-60-vyroci-umrti-prezidenta-kennedyho\/","og_locale":"cs_CZ","og_type":"article","og_title":"Vzpom\u00ednka na JFK | 60. v\u00fdro\u010d\u00ed \u00famrt\u00ed prezidenta Kennedyho - CINEMAHOUSE.cz","og_description":"V listopadu odvys\u00edl\u00e1 kan\u00e1l Viasat History s\u00e9rii dokument\u016f k 60. v\u00fdro\u010d\u00ed jednoho z nejv\u00edce \u0161okuj\u00edc\u00edch moment\u016f, atent\u00e1tu na prezidenta JFK","og_url":"https:\/\/cinemahouse.cz\/index.php\/2023\/11\/17\/vzpominka-na-jfk-60-vyroci-umrti-prezidenta-kennedyho\/","og_site_name":"CINEMAHOUSE.cz","article_published_time":"2023-11-16T23:01:00+00:00","article_modified_time":"2023-11-16T14:16:07+00:00","og_image":[{"width":1356,"height":764,"url":"https:\/\/cinemahouse.cz\/wp-content\/uploads\/2023\/11\/JFK-AND-JACKIE-2-JFK-LIBRARY.jpg","type":"image\/jpeg"}],"author":"Jordana Pechov\u00e1","twitter_card":"summary_large_image","twitter_misc":{"Napsal(a)":"Jordana Pechov\u00e1","Odhadovan\u00e1 doba \u010dten\u00ed":"5 minut"},"schema":{"@context":"https:\/\/schema.org","@graph":[{"@type":"Article","@id":"https:\/\/cinemahouse.cz\/index.php\/2023\/11\/17\/vzpominka-na-jfk-60-vyroci-umrti-prezidenta-kennedyho\/#article","isPartOf":{"@id":"https:\/\/cinemahouse.cz\/index.php\/2023\/11\/17\/vzpominka-na-jfk-60-vyroci-umrti-prezidenta-kennedyho\/"},"author":{"name":"Jordana Pechov\u00e1","@id":"https:\/\/cinemahouse.cz\/#\/schema\/person\/5121c8490d035567efc4dd9223d7a216"},"headline":"Vzpom\u00ednka na JFK | 60. v\u00fdro\u010d\u00ed \u00famrt\u00ed prezidenta Kennedyho","datePublished":"2023-11-16T23:01:00+00:00","dateModified":"2023-11-16T14:16:07+00:00","mainEntityOfPage":{"@id":"https:\/\/cinemahouse.cz\/index.php\/2023\/11\/17\/vzpominka-na-jfk-60-vyroci-umrti-prezidenta-kennedyho\/"},"wordCount":539,"publisher":{"@id":"https:\/\/cinemahouse.cz\/#organization"},"articleSection":["FILMY, SERI\u00c1LY a TV","NEWS","TIPY a TRENDY","TRAILERY"],"inLanguage":"cs"},{"@type":"WebPage","@id":"https:\/\/cinemahouse.cz\/index.php\/2023\/11\/17\/vzpominka-na-jfk-60-vyroci-umrti-prezidenta-kennedyho\/","url":"https:\/\/cinemahouse.cz\/index.php\/2023\/11\/17\/vzpominka-na-jfk-60-vyroci-umrti-prezidenta-kennedyho\/","name":"Vzpom\u00ednka na JFK | 60. v\u00fdro\u010d\u00ed \u00famrt\u00ed prezidenta Kennedyho - CINEMAHOUSE.cz","isPartOf":{"@id":"https:\/\/cinemahouse.cz\/#website"},"datePublished":"2023-11-16T23:01:00+00:00","dateModified":"2023-11-16T14:16:07+00:00","description":"V listopadu odvys\u00edl\u00e1 kan\u00e1l Viasat History s\u00e9rii dokument\u016f k 60. v\u00fdro\u010d\u00ed jednoho z nejv\u00edce \u0161okuj\u00edc\u00edch moment\u016f, atent\u00e1tu na prezidenta JFK","breadcrumb":{"@id":"https:\/\/cinemahouse.cz\/index.php\/2023\/11\/17\/vzpominka-na-jfk-60-vyroci-umrti-prezidenta-kennedyho\/#breadcrumb"},"inLanguage":"cs","potentialAction":[{"@type":"ReadAction","target":["https:\/\/cinemahouse.cz\/index.php\/2023\/11\/17\/vzpominka-na-jfk-60-vyroci-umrti-prezidenta-kennedyho\/"]}]},{"@type":"BreadcrumbList","@id":"https:\/\/cinemahouse.cz\/index.php\/2023\/11\/17\/vzpominka-na-jfk-60-vyroci-umrti-prezidenta-kennedyho\/#breadcrumb","itemListElement":[{"@type":"ListItem","position":1,"name":"Dom\u016f","item":"https:\/\/cinemahouse.cz\/"},{"@type":"ListItem","position":2,"name":"Vzpom\u00ednka na JFK | 60. v\u00fdro\u010d\u00ed \u00famrt\u00ed prezidenta Kennedyho"}]},{"@type":"WebSite","@id":"https:\/\/cinemahouse.cz\/#website","url":"https:\/\/cinemahouse.cz\/","name":"CINEMAHOUSE.cz","description":"Port\u00e1l o filmov\u00fdch novink\u00e1ch","publisher":{"@id":"https:\/\/cinemahouse.cz\/#organization"},"potentialAction":[{"@type":"SearchAction","target":{"@type":"EntryPoint","urlTemplate":"https:\/\/cinemahouse.cz\/?s={search_term_string}"},"query-input":"required name=search_term_string"}],"inLanguage":"cs"},{"@type":"Organization","@id":"https:\/\/cinemahouse.cz\/#organization","name":"CINEMAHOUSE.cz","url":"https:\/\/cinemahouse.cz\/","logo":{"@type":"ImageObject","inLanguage":"cs","@id":"https:\/\/cinemahouse.cz\/#\/schema\/logo\/image\/","url":"https:\/\/cinemahouse.cz\/wp-content\/uploads\/2024\/12\/cropped-Logo_CinemaHouse.jpg","contentUrl":"https:\/\/cinemahouse.cz\/wp-content\/uploads\/2024\/12\/cropped-Logo_CinemaHouse.jpg","width":926,"height":467,"caption":"CINEMAHOUSE.cz"},"image":{"@id":"https:\/\/cinemahouse.cz\/#\/schema\/logo\/image\/"}},{"@type":"Person","@id":"https:\/\/cinemahouse.cz\/#\/schema\/person\/5121c8490d035567efc4dd9223d7a216","name":"Jordana Pechov\u00e1","image":{"@type":"ImageObject","inLanguage":"cs","@id":"https:\/\/cinemahouse.cz\/#\/schema\/person\/image\/","url":"https:\/\/secure.gravatar.com\/avatar\/349e898f7fe64c4a4839cc48a802dd9a?s=96&d=mm&r=g","contentUrl":"https:\/\/secure.gravatar.com\/avatar\/349e898f7fe64c4a4839cc48a802dd9a?s=96&d=mm&r=g","caption":"Jordana Pechov\u00e1"},"sameAs":["http:\/\/CINEMAHOUSE.cz"],"url":"https:\/\/cinemahouse.cz\/index.php\/author\/jorpech\/"}]}},"_links":{"self":[{"href":"https:\/\/cinemahouse.cz\/index.php\/wp-json\/wp\/v2\/posts\/6065"}],"collection":[{"href":"https:\/\/cinemahouse.cz\/index.php\/wp-json\/wp\/v2\/posts"}],"about":[{"href":"https:\/\/cinemahouse.cz\/index.php\/wp-json\/wp\/v2\/types\/post"}],"author":[{"embeddable":true,"href":"https:\/\/cinemahouse.cz\/index.php\/wp-json\/wp\/v2\/users\/6"}],"replies":[{"embeddable":true,"href":"https:\/\/cinemahouse.cz\/index.php\/wp-json\/wp\/v2\/comments?post=6065"}],"version-history":[{"count":2,"href":"https:\/\/cinemahouse.cz\/index.php\/wp-json\/wp\/v2\/posts\/6065\/revisions"}],"predecessor-version":[{"id":6068,"href":"https:\/\/cinemahouse.cz\/index.php\/wp-json\/wp\/v2\/posts\/6065\/revisions\/6068"}],"wp:featuredmedia":[{"embeddable":true,"href":"https:\/\/cinemahouse.cz\/index.php\/wp-json\/wp\/v2\/media\/6066"}],"wp:attachment":[{"href":"https:\/\/cinemahouse.cz\/index.php\/wp-json\/wp\/v2\/media?parent=6065"}],"wp:term":[{"taxonomy":"category","embeddable":true,"href":"https:\/\/cinemahouse.cz\/index.php\/wp-json\/wp\/v2\/categories?post=6065"},{"taxonomy":"post_tag","embeddable":true,"href":"https:\/\/cinemahouse.cz\/index.php\/wp-json\/wp\/v2\/tags?post=6065"}],"curies":[{"name":"wp","href":"https:\/\/api.w.org\/{rel}","templated":true}]}}