{"id":6018,"date":"2023-11-13T00:01:00","date_gmt":"2023-11-12T23:01:00","guid":{"rendered":"https:\/\/cinemahouse.cz\/?p=6018"},"modified":"2023-11-12T20:39:04","modified_gmt":"2023-11-12T19:39:04","slug":"velke-zmeny-nove-emoce-prvni-trailer-k-v-hlave-2-od-disney-a-pixar","status":"publish","type":"post","link":"https:\/\/cinemahouse.cz\/index.php\/2023\/11\/13\/velke-zmeny-nove-emoce-prvni-trailer-k-v-hlave-2-od-disney-a-pixar\/","title":{"rendered":"Disney a Pixar p\u0159edstavuje prvn\u00ed trailer k animovan\u00e9mu filmu V HLAV\u011a 2"},"content":{"rendered":"\n<div style=\"height:44px\" aria-hidden=\"true\" class=\"wp-block-spacer\"><\/div>\n\n\n\n<p><strong>Velk\u00e9 zm\u011bny, nov\u00e9 emoce&#8230;.<\/strong><\/p>\n\n\n\n<p><strong>Disney a Pixar p\u0159ich\u00e1zej\u00ed se zcela nov\u00fdmi emocemi v traileru k animovan\u00e9mu filmu V\u00a0hlav\u011b 2.<\/strong> <\/p>\n\n\n\n<p><strong>Budeme si na n\u011bj ale je\u0161t\u011b muset po\u010dkat a\u017e do 13. \u010dervna 2024<\/strong>,<strong> kdy se p\u0159edstav\u00ed v \u010cesk\u00fdch kinech!<\/strong><\/p>\n\n\n\n<div style=\"height:44px\" aria-hidden=\"true\" class=\"wp-block-spacer\"><\/div>\n\n\n<div class=\"wp-block-image\">\n<figure class=\"aligncenter size-large\"><img decoding=\"async\" loading=\"lazy\" width=\"994\" height=\"662\" src=\"https:\/\/cinemahouse.cz\/wp-content\/uploads\/2023\/11\/HARBOR_TEASER_POSTER_CZECH-REPUBLIC.jpg\" alt=\"Velk\u00e9 zm\u011bny, nov\u00e9 emoce. Prvn\u00ed trailer k V HLAV\u011a 2 od Disney a Pixar\" class=\"wp-image-6023\" srcset=\"https:\/\/cinemahouse.cz\/wp-content\/uploads\/2023\/11\/HARBOR_TEASER_POSTER_CZECH-REPUBLIC.jpg 994w, https:\/\/cinemahouse.cz\/wp-content\/uploads\/2023\/11\/HARBOR_TEASER_POSTER_CZECH-REPUBLIC-300x200.jpg 300w, https:\/\/cinemahouse.cz\/wp-content\/uploads\/2023\/11\/HARBOR_TEASER_POSTER_CZECH-REPUBLIC-768x511.jpg 768w\" sizes=\"(max-width: 994px) 100vw, 994px\" \/><\/figure><\/div>\n\n\n<div style=\"height:51px\" aria-hidden=\"true\" class=\"wp-block-spacer\"><\/div>\n\n\n\n<p>Nejo\u010dek\u00e1van\u011bj\u0161\u00ed animovan\u00fd film roku 2024, V hlav\u011b 2, vstoup\u00ed v p\u0159\u00ed\u0161t\u00edm roce 13. \u010dervna do kin. Pokra\u010dov\u00e1n\u00ed \u00fasp\u011b\u0161n\u00e9ho sn\u00edmku z roku 2015 se zam\u011b\u0159uje na dosp\u00edv\u00e1n\u00ed hlavn\u00ed hrdinky Riley, kter\u00e1 se s rodinou p\u0159est\u011bhuje do nov\u00e9ho m\u011bsta. To pro ni znamen\u00e1 nejen nov\u00e9 v\u00fdzvy, ale tak\u00e9 nov\u00e9 emoce.<\/p>\n\n\n\n<p>A pr\u00e1v\u011b nov\u00fd trailer, kter\u00fd nazna\u010duje, \u017ee V hlav\u011b 2 bude stejn\u011b z\u00e1bavn\u00fd a pou\u010dn\u00fd jako prvn\u00ed film. Trailer ukazuje, jak se Riley sna\u017e\u00ed vyrovnat se s nov\u00fdmi emocemi a jak se j\u00ed to da\u0159\u00ed.<\/p>\n\n\n\n<p>V hlav\u011b 2 je bezpochyby jedn\u00edm z nejo\u010dek\u00e1van\u011bj\u0161\u00edch film\u016f roku 2024.A ukazuje, \u017ee si na sv\u00e9 p\u0159ijde op\u011bt cel\u00e1 rodina&#8230;<\/p>\n\n\n\n<div style=\"height:39px\" aria-hidden=\"true\" class=\"wp-block-spacer\"><\/div>\n\n\n\n<figure class=\"wp-block-embed is-type-video is-provider-youtube wp-block-embed-youtube wp-embed-aspect-16-9 wp-has-aspect-ratio\"><div class=\"wp-block-embed__wrapper\">\n<div class=\"video-container\"><iframe loading=\"lazy\" title=\"V HLAV\u011a 2 (2024) HD trailer | CZ dabing\" width=\"500\" height=\"281\" src=\"https:\/\/www.youtube.com\/embed\/ewDLLsXHlGw?feature=oembed&#038;wmode=opaque\" frameborder=\"0\" allow=\"accelerometer; autoplay; clipboard-write; encrypted-media; gyroscope; picture-in-picture; web-share\" allowfullscreen><\/iframe><\/div>\n<\/div><\/figure>\n\n\n\n<div style=\"height:54px\" aria-hidden=\"true\" class=\"wp-block-spacer\"><\/div>\n\n\n\n<h1 class=\"wp-block-heading\">V hlav\u011b 2<\/h1>\n\n\n\n<div style=\"height:39px\" aria-hidden=\"true\" class=\"wp-block-spacer\"><\/div>\n\n\n\n<p><strong>Premi\u00e9ra:<\/strong> V&nbsp;kinech od 13. \u010dervna 2024.<\/p>\n\n\n\n<p><strong>Sc\u00e9n\u00e1\u0159:<\/strong> Meg LeFauve<\/p>\n\n\n\n<p><strong>Re\u017eie:<\/strong> Pete Docter, Kelsey Mann<\/p>\n\n\n\n<p><strong>Hraj\u00ed:<\/strong> Amy Poehler, Phyllis Smith, Lewis Black<\/p>\n\n\n\n<div style=\"height:60px\" aria-hidden=\"true\" class=\"wp-block-spacer\"><\/div>\n\n\n\n<figure class=\"wp-block-gallery has-nested-images columns-2 is-cropped wp-block-gallery-1 is-layout-flex wp-block-gallery-is-layout-flex\">\n<figure class=\"wp-block-image size-large\"><img decoding=\"async\" loading=\"lazy\" width=\"994\" height=\"662\" data-id=\"6023\" src=\"https:\/\/cinemahouse.cz\/wp-content\/uploads\/2023\/11\/HARBOR_TEASER_POSTER_CZECH-REPUBLIC.jpg\" alt=\"Velk\u00e9 zm\u011bny, nov\u00e9 emoce. Prvn\u00ed trailer k V HLAV\u011a 2 od Disney a Pixar\" class=\"wp-image-6023\" srcset=\"https:\/\/cinemahouse.cz\/wp-content\/uploads\/2023\/11\/HARBOR_TEASER_POSTER_CZECH-REPUBLIC.jpg 994w, https:\/\/cinemahouse.cz\/wp-content\/uploads\/2023\/11\/HARBOR_TEASER_POSTER_CZECH-REPUBLIC-300x200.jpg 300w, https:\/\/cinemahouse.cz\/wp-content\/uploads\/2023\/11\/HARBOR_TEASER_POSTER_CZECH-REPUBLIC-768x511.jpg 768w\" sizes=\"(max-width: 994px) 100vw, 994px\" \/><\/figure>\n\n\n\n<figure class=\"wp-block-image size-large\"><img decoding=\"async\" loading=\"lazy\" width=\"1000\" height=\"417\" data-id=\"6021\" src=\"https:\/\/cinemahouse.cz\/wp-content\/uploads\/2023\/11\/02.jpg\" alt=\"Velk\u00e9 zm\u011bny, nov\u00e9 emoce. Prvn\u00ed trailer k V HLAV\u011a 2 od Disney a Pixar\" class=\"wp-image-6021\" srcset=\"https:\/\/cinemahouse.cz\/wp-content\/uploads\/2023\/11\/02.jpg 1000w, https:\/\/cinemahouse.cz\/wp-content\/uploads\/2023\/11\/02-300x125.jpg 300w, https:\/\/cinemahouse.cz\/wp-content\/uploads\/2023\/11\/02-768x320.jpg 768w\" sizes=\"(max-width: 1000px) 100vw, 1000px\" \/><\/figure>\n\n\n\n<figure class=\"wp-block-image size-large\"><img decoding=\"async\" loading=\"lazy\" width=\"1000\" height=\"413\" data-id=\"6020\" src=\"https:\/\/cinemahouse.cz\/wp-content\/uploads\/2023\/11\/03.jpg\" alt=\"Velk\u00e9 zm\u011bny, nov\u00e9 emoce. Prvn\u00ed trailer k V HLAV\u011a 2 od Disney a Pixar\" class=\"wp-image-6020\" srcset=\"https:\/\/cinemahouse.cz\/wp-content\/uploads\/2023\/11\/03.jpg 1000w, https:\/\/cinemahouse.cz\/wp-content\/uploads\/2023\/11\/03-300x124.jpg 300w, https:\/\/cinemahouse.cz\/wp-content\/uploads\/2023\/11\/03-768x317.jpg 768w\" sizes=\"(max-width: 1000px) 100vw, 1000px\" \/><\/figure>\n\n\n\n<figure class=\"wp-block-image size-large\"><img decoding=\"async\" loading=\"lazy\" width=\"1000\" height=\"413\" data-id=\"6019\" src=\"https:\/\/cinemahouse.cz\/wp-content\/uploads\/2023\/11\/01.jpg\" alt=\"Velk\u00e9 zm\u011bny, nov\u00e9 emoce. Prvn\u00ed trailer k V HLAV\u011a 2 od Disney a Pixar\" class=\"wp-image-6019\" srcset=\"https:\/\/cinemahouse.cz\/wp-content\/uploads\/2023\/11\/01.jpg 1000w, https:\/\/cinemahouse.cz\/wp-content\/uploads\/2023\/11\/01-300x124.jpg 300w, https:\/\/cinemahouse.cz\/wp-content\/uploads\/2023\/11\/01-768x317.jpg 768w\" sizes=\"(max-width: 1000px) 100vw, 1000px\" \/><\/figure>\n\n\n\n<figure class=\"wp-block-image size-large\"><img decoding=\"async\" loading=\"lazy\" width=\"819\" height=\"1024\" data-id=\"6025\" src=\"https:\/\/cinemahouse.cz\/wp-content\/uploads\/2023\/11\/HARBOR_INSTAGRAM_TEASER_POSTER_CZECH-REPUBLIC-819x1024.jpg\" alt=\"Velk\u00e9 zm\u011bny, nov\u00e9 emoce. Prvn\u00ed trailer k V HLAV\u011a 2 od Disney a Pixar\" class=\"wp-image-6025\" srcset=\"https:\/\/cinemahouse.cz\/wp-content\/uploads\/2023\/11\/HARBOR_INSTAGRAM_TEASER_POSTER_CZECH-REPUBLIC-819x1024.jpg 819w, https:\/\/cinemahouse.cz\/wp-content\/uploads\/2023\/11\/HARBOR_INSTAGRAM_TEASER_POSTER_CZECH-REPUBLIC-240x300.jpg 240w, https:\/\/cinemahouse.cz\/wp-content\/uploads\/2023\/11\/HARBOR_INSTAGRAM_TEASER_POSTER_CZECH-REPUBLIC-768x960.jpg 768w, https:\/\/cinemahouse.cz\/wp-content\/uploads\/2023\/11\/HARBOR_INSTAGRAM_TEASER_POSTER_CZECH-REPUBLIC.jpg 1000w\" sizes=\"(max-width: 819px) 100vw, 819px\" \/><\/figure>\n<\/figure>\n\n\n\n<div style=\"height:39px\" aria-hidden=\"true\" class=\"wp-block-spacer\"><\/div>\n\n\n\n<p><strong>Zdroj foto a video: <\/strong>Falcon<\/p>\n\n\n\n<div style=\"height:100px\" aria-hidden=\"true\" class=\"wp-block-spacer\"><\/div>\n","protected":false},"excerpt":{"rendered":"<p>Velk\u00e9 zm\u011bny, nov\u00e9 emoce&#8230;. Disney a Pixar p\u0159ich\u00e1zej\u00ed se zcela nov\u00fdmi emocemi v traileru k animovan\u00e9mu filmu V\u00a0hlav\u011b 2. Budeme si na n\u011bj ale je\u0161t\u011b muset po\u010dkat a\u017e do 13. \u010dervna 2024, kdy se&#46;&#46;&#46;<\/p>\n","protected":false},"author":6,"featured_media":6023,"comment_status":"closed","ping_status":"closed","sticky":false,"template":"","format":"standard","meta":{"_monsterinsights_skip_tracking":false,"_monsterinsights_sitenote_active":false,"_monsterinsights_sitenote_note":"","_monsterinsights_sitenote_category":0,"footnotes":""},"categories":[3,12,2,13,5],"tags":[],"yoast_head":"<!-- This site is optimized with the Yoast SEO plugin v21.4 - https:\/\/yoast.com\/wordpress\/plugins\/seo\/ -->\n<title>Disney a Pixar p\u0159edstavuje prvn\u00ed trailer k animovan\u00e9mu filmu V HLAV\u011a 2 - CINEMAHOUSE.cz<\/title>\n<meta name=\"description\" content=\"Disney a Pixar p\u0159ich\u00e1zej\u00ed se zcela nov\u00fdmi emocemi v\u00a0nov\u00e9m traileru V\u00a0hlav\u011b 2. V\u00a0kinech od 13. \u010dervna 2024.\" \/>\n<meta name=\"robots\" content=\"index, follow, max-snippet:-1, max-image-preview:large, max-video-preview:-1\" \/>\n<link rel=\"canonical\" href=\"https:\/\/cinemahouse.cz\/index.php\/2023\/11\/13\/velke-zmeny-nove-emoce-prvni-trailer-k-v-hlave-2-od-disney-a-pixar\/\" \/>\n<meta property=\"og:locale\" content=\"cs_CZ\" \/>\n<meta property=\"og:type\" content=\"article\" \/>\n<meta property=\"og:title\" content=\"Disney a Pixar p\u0159edstavuje prvn\u00ed trailer k animovan\u00e9mu filmu V HLAV\u011a 2 - CINEMAHOUSE.cz\" \/>\n<meta property=\"og:description\" content=\"Disney a Pixar p\u0159ich\u00e1zej\u00ed se zcela nov\u00fdmi emocemi v\u00a0nov\u00e9m traileru V\u00a0hlav\u011b 2. V\u00a0kinech od 13. \u010dervna 2024.\" \/>\n<meta property=\"og:url\" content=\"https:\/\/cinemahouse.cz\/index.php\/2023\/11\/13\/velke-zmeny-nove-emoce-prvni-trailer-k-v-hlave-2-od-disney-a-pixar\/\" \/>\n<meta property=\"og:site_name\" content=\"CINEMAHOUSE.cz\" \/>\n<meta property=\"article:published_time\" content=\"2023-11-12T23:01:00+00:00\" \/>\n<meta property=\"article:modified_time\" content=\"2023-11-12T19:39:04+00:00\" \/>\n<meta property=\"og:image\" content=\"https:\/\/cinemahouse.cz\/wp-content\/uploads\/2023\/11\/HARBOR_TEASER_POSTER_CZECH-REPUBLIC.jpg\" \/>\n\t<meta property=\"og:image:width\" content=\"994\" \/>\n\t<meta property=\"og:image:height\" content=\"662\" \/>\n\t<meta property=\"og:image:type\" content=\"image\/jpeg\" \/>\n<meta name=\"author\" content=\"Jordana Pechov\u00e1\" \/>\n<meta name=\"twitter:card\" content=\"summary_large_image\" \/>\n<meta name=\"twitter:label1\" content=\"Napsal(a)\" \/>\n\t<meta name=\"twitter:data1\" content=\"Jordana Pechov\u00e1\" \/>\n\t<meta name=\"twitter:label2\" content=\"Odhadovan\u00e1 doba \u010dten\u00ed\" \/>\n\t<meta name=\"twitter:data2\" content=\"3 minuty\" \/>\n<script type=\"application\/ld+json\" class=\"yoast-schema-graph\">{\"@context\":\"https:\/\/schema.org\",\"@graph\":[{\"@type\":\"Article\",\"@id\":\"https:\/\/cinemahouse.cz\/index.php\/2023\/11\/13\/velke-zmeny-nove-emoce-prvni-trailer-k-v-hlave-2-od-disney-a-pixar\/#article\",\"isPartOf\":{\"@id\":\"https:\/\/cinemahouse.cz\/index.php\/2023\/11\/13\/velke-zmeny-nove-emoce-prvni-trailer-k-v-hlave-2-od-disney-a-pixar\/\"},\"author\":{\"name\":\"Jordana Pechov\u00e1\",\"@id\":\"https:\/\/cinemahouse.cz\/#\/schema\/person\/5121c8490d035567efc4dd9223d7a216\"},\"headline\":\"Disney a Pixar p\u0159edstavuje prvn\u00ed trailer k animovan\u00e9mu filmu V HLAV\u011a 2\",\"datePublished\":\"2023-11-12T23:01:00+00:00\",\"dateModified\":\"2023-11-12T19:39:04+00:00\",\"mainEntityOfPage\":{\"@id\":\"https:\/\/cinemahouse.cz\/index.php\/2023\/11\/13\/velke-zmeny-nove-emoce-prvni-trailer-k-v-hlave-2-od-disney-a-pixar\/\"},\"wordCount\":221,\"publisher\":{\"@id\":\"https:\/\/cinemahouse.cz\/#organization\"},\"articleSection\":[\"FILMOV\u00c9 NOVINKY\",\"FILMY, SERI\u00c1LY a TV\",\"NEWS\",\"TIPY a TRENDY\",\"TRAILERY\"],\"inLanguage\":\"cs\"},{\"@type\":\"WebPage\",\"@id\":\"https:\/\/cinemahouse.cz\/index.php\/2023\/11\/13\/velke-zmeny-nove-emoce-prvni-trailer-k-v-hlave-2-od-disney-a-pixar\/\",\"url\":\"https:\/\/cinemahouse.cz\/index.php\/2023\/11\/13\/velke-zmeny-nove-emoce-prvni-trailer-k-v-hlave-2-od-disney-a-pixar\/\",\"name\":\"Disney a Pixar p\u0159edstavuje prvn\u00ed trailer k animovan\u00e9mu filmu V HLAV\u011a 2 - CINEMAHOUSE.cz\",\"isPartOf\":{\"@id\":\"https:\/\/cinemahouse.cz\/#website\"},\"datePublished\":\"2023-11-12T23:01:00+00:00\",\"dateModified\":\"2023-11-12T19:39:04+00:00\",\"description\":\"Disney a Pixar p\u0159ich\u00e1zej\u00ed se zcela nov\u00fdmi emocemi v\u00a0nov\u00e9m traileru V\u00a0hlav\u011b 2. V\u00a0kinech od 13. \u010dervna 2024.\",\"breadcrumb\":{\"@id\":\"https:\/\/cinemahouse.cz\/index.php\/2023\/11\/13\/velke-zmeny-nove-emoce-prvni-trailer-k-v-hlave-2-od-disney-a-pixar\/#breadcrumb\"},\"inLanguage\":\"cs\",\"potentialAction\":[{\"@type\":\"ReadAction\",\"target\":[\"https:\/\/cinemahouse.cz\/index.php\/2023\/11\/13\/velke-zmeny-nove-emoce-prvni-trailer-k-v-hlave-2-od-disney-a-pixar\/\"]}]},{\"@type\":\"BreadcrumbList\",\"@id\":\"https:\/\/cinemahouse.cz\/index.php\/2023\/11\/13\/velke-zmeny-nove-emoce-prvni-trailer-k-v-hlave-2-od-disney-a-pixar\/#breadcrumb\",\"itemListElement\":[{\"@type\":\"ListItem\",\"position\":1,\"name\":\"Dom\u016f\",\"item\":\"https:\/\/cinemahouse.cz\/\"},{\"@type\":\"ListItem\",\"position\":2,\"name\":\"Disney a Pixar p\u0159edstavuje prvn\u00ed trailer k animovan\u00e9mu filmu V HLAV\u011a 2\"}]},{\"@type\":\"WebSite\",\"@id\":\"https:\/\/cinemahouse.cz\/#website\",\"url\":\"https:\/\/cinemahouse.cz\/\",\"name\":\"CINEMAHOUSE.cz\",\"description\":\"Port\u00e1l o filmov\u00fdch novink\u00e1ch\",\"publisher\":{\"@id\":\"https:\/\/cinemahouse.cz\/#organization\"},\"potentialAction\":[{\"@type\":\"SearchAction\",\"target\":{\"@type\":\"EntryPoint\",\"urlTemplate\":\"https:\/\/cinemahouse.cz\/?s={search_term_string}\"},\"query-input\":\"required name=search_term_string\"}],\"inLanguage\":\"cs\"},{\"@type\":\"Organization\",\"@id\":\"https:\/\/cinemahouse.cz\/#organization\",\"name\":\"CINEMAHOUSE.cz\",\"url\":\"https:\/\/cinemahouse.cz\/\",\"logo\":{\"@type\":\"ImageObject\",\"inLanguage\":\"cs\",\"@id\":\"https:\/\/cinemahouse.cz\/#\/schema\/logo\/image\/\",\"url\":\"https:\/\/cinemahouse.cz\/wp-content\/uploads\/2024\/12\/cropped-Logo_CinemaHouse.jpg\",\"contentUrl\":\"https:\/\/cinemahouse.cz\/wp-content\/uploads\/2024\/12\/cropped-Logo_CinemaHouse.jpg\",\"width\":926,\"height\":467,\"caption\":\"CINEMAHOUSE.cz\"},\"image\":{\"@id\":\"https:\/\/cinemahouse.cz\/#\/schema\/logo\/image\/\"}},{\"@type\":\"Person\",\"@id\":\"https:\/\/cinemahouse.cz\/#\/schema\/person\/5121c8490d035567efc4dd9223d7a216\",\"name\":\"Jordana Pechov\u00e1\",\"image\":{\"@type\":\"ImageObject\",\"inLanguage\":\"cs\",\"@id\":\"https:\/\/cinemahouse.cz\/#\/schema\/person\/image\/\",\"url\":\"https:\/\/secure.gravatar.com\/avatar\/349e898f7fe64c4a4839cc48a802dd9a?s=96&d=mm&r=g\",\"contentUrl\":\"https:\/\/secure.gravatar.com\/avatar\/349e898f7fe64c4a4839cc48a802dd9a?s=96&d=mm&r=g\",\"caption\":\"Jordana Pechov\u00e1\"},\"sameAs\":[\"http:\/\/CINEMAHOUSE.cz\"],\"url\":\"https:\/\/cinemahouse.cz\/index.php\/author\/jorpech\/\"}]}<\/script>\n<!-- \/ Yoast SEO plugin. -->","yoast_head_json":{"title":"Disney a Pixar p\u0159edstavuje prvn\u00ed trailer k animovan\u00e9mu filmu V HLAV\u011a 2 - CINEMAHOUSE.cz","description":"Disney a Pixar p\u0159ich\u00e1zej\u00ed se zcela nov\u00fdmi emocemi v\u00a0nov\u00e9m traileru V\u00a0hlav\u011b 2. V\u00a0kinech od 13. \u010dervna 2024.","robots":{"index":"index","follow":"follow","max-snippet":"max-snippet:-1","max-image-preview":"max-image-preview:large","max-video-preview":"max-video-preview:-1"},"canonical":"https:\/\/cinemahouse.cz\/index.php\/2023\/11\/13\/velke-zmeny-nove-emoce-prvni-trailer-k-v-hlave-2-od-disney-a-pixar\/","og_locale":"cs_CZ","og_type":"article","og_title":"Disney a Pixar p\u0159edstavuje prvn\u00ed trailer k animovan\u00e9mu filmu V HLAV\u011a 2 - CINEMAHOUSE.cz","og_description":"Disney a Pixar p\u0159ich\u00e1zej\u00ed se zcela nov\u00fdmi emocemi v\u00a0nov\u00e9m traileru V\u00a0hlav\u011b 2. V\u00a0kinech od 13. \u010dervna 2024.","og_url":"https:\/\/cinemahouse.cz\/index.php\/2023\/11\/13\/velke-zmeny-nove-emoce-prvni-trailer-k-v-hlave-2-od-disney-a-pixar\/","og_site_name":"CINEMAHOUSE.cz","article_published_time":"2023-11-12T23:01:00+00:00","article_modified_time":"2023-11-12T19:39:04+00:00","og_image":[{"width":994,"height":662,"url":"https:\/\/cinemahouse.cz\/wp-content\/uploads\/2023\/11\/HARBOR_TEASER_POSTER_CZECH-REPUBLIC.jpg","type":"image\/jpeg"}],"author":"Jordana Pechov\u00e1","twitter_card":"summary_large_image","twitter_misc":{"Napsal(a)":"Jordana Pechov\u00e1","Odhadovan\u00e1 doba \u010dten\u00ed":"3 minuty"},"schema":{"@context":"https:\/\/schema.org","@graph":[{"@type":"Article","@id":"https:\/\/cinemahouse.cz\/index.php\/2023\/11\/13\/velke-zmeny-nove-emoce-prvni-trailer-k-v-hlave-2-od-disney-a-pixar\/#article","isPartOf":{"@id":"https:\/\/cinemahouse.cz\/index.php\/2023\/11\/13\/velke-zmeny-nove-emoce-prvni-trailer-k-v-hlave-2-od-disney-a-pixar\/"},"author":{"name":"Jordana Pechov\u00e1","@id":"https:\/\/cinemahouse.cz\/#\/schema\/person\/5121c8490d035567efc4dd9223d7a216"},"headline":"Disney a Pixar p\u0159edstavuje prvn\u00ed trailer k animovan\u00e9mu filmu V HLAV\u011a 2","datePublished":"2023-11-12T23:01:00+00:00","dateModified":"2023-11-12T19:39:04+00:00","mainEntityOfPage":{"@id":"https:\/\/cinemahouse.cz\/index.php\/2023\/11\/13\/velke-zmeny-nove-emoce-prvni-trailer-k-v-hlave-2-od-disney-a-pixar\/"},"wordCount":221,"publisher":{"@id":"https:\/\/cinemahouse.cz\/#organization"},"articleSection":["FILMOV\u00c9 NOVINKY","FILMY, SERI\u00c1LY a TV","NEWS","TIPY a TRENDY","TRAILERY"],"inLanguage":"cs"},{"@type":"WebPage","@id":"https:\/\/cinemahouse.cz\/index.php\/2023\/11\/13\/velke-zmeny-nove-emoce-prvni-trailer-k-v-hlave-2-od-disney-a-pixar\/","url":"https:\/\/cinemahouse.cz\/index.php\/2023\/11\/13\/velke-zmeny-nove-emoce-prvni-trailer-k-v-hlave-2-od-disney-a-pixar\/","name":"Disney a Pixar p\u0159edstavuje prvn\u00ed trailer k animovan\u00e9mu filmu V HLAV\u011a 2 - CINEMAHOUSE.cz","isPartOf":{"@id":"https:\/\/cinemahouse.cz\/#website"},"datePublished":"2023-11-12T23:01:00+00:00","dateModified":"2023-11-12T19:39:04+00:00","description":"Disney a Pixar p\u0159ich\u00e1zej\u00ed se zcela nov\u00fdmi emocemi v\u00a0nov\u00e9m traileru V\u00a0hlav\u011b 2. V\u00a0kinech od 13. \u010dervna 2024.","breadcrumb":{"@id":"https:\/\/cinemahouse.cz\/index.php\/2023\/11\/13\/velke-zmeny-nove-emoce-prvni-trailer-k-v-hlave-2-od-disney-a-pixar\/#breadcrumb"},"inLanguage":"cs","potentialAction":[{"@type":"ReadAction","target":["https:\/\/cinemahouse.cz\/index.php\/2023\/11\/13\/velke-zmeny-nove-emoce-prvni-trailer-k-v-hlave-2-od-disney-a-pixar\/"]}]},{"@type":"BreadcrumbList","@id":"https:\/\/cinemahouse.cz\/index.php\/2023\/11\/13\/velke-zmeny-nove-emoce-prvni-trailer-k-v-hlave-2-od-disney-a-pixar\/#breadcrumb","itemListElement":[{"@type":"ListItem","position":1,"name":"Dom\u016f","item":"https:\/\/cinemahouse.cz\/"},{"@type":"ListItem","position":2,"name":"Disney a Pixar p\u0159edstavuje prvn\u00ed trailer k animovan\u00e9mu filmu V HLAV\u011a 2"}]},{"@type":"WebSite","@id":"https:\/\/cinemahouse.cz\/#website","url":"https:\/\/cinemahouse.cz\/","name":"CINEMAHOUSE.cz","description":"Port\u00e1l o filmov\u00fdch novink\u00e1ch","publisher":{"@id":"https:\/\/cinemahouse.cz\/#organization"},"potentialAction":[{"@type":"SearchAction","target":{"@type":"EntryPoint","urlTemplate":"https:\/\/cinemahouse.cz\/?s={search_term_string}"},"query-input":"required name=search_term_string"}],"inLanguage":"cs"},{"@type":"Organization","@id":"https:\/\/cinemahouse.cz\/#organization","name":"CINEMAHOUSE.cz","url":"https:\/\/cinemahouse.cz\/","logo":{"@type":"ImageObject","inLanguage":"cs","@id":"https:\/\/cinemahouse.cz\/#\/schema\/logo\/image\/","url":"https:\/\/cinemahouse.cz\/wp-content\/uploads\/2024\/12\/cropped-Logo_CinemaHouse.jpg","contentUrl":"https:\/\/cinemahouse.cz\/wp-content\/uploads\/2024\/12\/cropped-Logo_CinemaHouse.jpg","width":926,"height":467,"caption":"CINEMAHOUSE.cz"},"image":{"@id":"https:\/\/cinemahouse.cz\/#\/schema\/logo\/image\/"}},{"@type":"Person","@id":"https:\/\/cinemahouse.cz\/#\/schema\/person\/5121c8490d035567efc4dd9223d7a216","name":"Jordana Pechov\u00e1","image":{"@type":"ImageObject","inLanguage":"cs","@id":"https:\/\/cinemahouse.cz\/#\/schema\/person\/image\/","url":"https:\/\/secure.gravatar.com\/avatar\/349e898f7fe64c4a4839cc48a802dd9a?s=96&d=mm&r=g","contentUrl":"https:\/\/secure.gravatar.com\/avatar\/349e898f7fe64c4a4839cc48a802dd9a?s=96&d=mm&r=g","caption":"Jordana Pechov\u00e1"},"sameAs":["http:\/\/CINEMAHOUSE.cz"],"url":"https:\/\/cinemahouse.cz\/index.php\/author\/jorpech\/"}]}},"_links":{"self":[{"href":"https:\/\/cinemahouse.cz\/index.php\/wp-json\/wp\/v2\/posts\/6018"}],"collection":[{"href":"https:\/\/cinemahouse.cz\/index.php\/wp-json\/wp\/v2\/posts"}],"about":[{"href":"https:\/\/cinemahouse.cz\/index.php\/wp-json\/wp\/v2\/types\/post"}],"author":[{"embeddable":true,"href":"https:\/\/cinemahouse.cz\/index.php\/wp-json\/wp\/v2\/users\/6"}],"replies":[{"embeddable":true,"href":"https:\/\/cinemahouse.cz\/index.php\/wp-json\/wp\/v2\/comments?post=6018"}],"version-history":[{"count":3,"href":"https:\/\/cinemahouse.cz\/index.php\/wp-json\/wp\/v2\/posts\/6018\/revisions"}],"predecessor-version":[{"id":6029,"href":"https:\/\/cinemahouse.cz\/index.php\/wp-json\/wp\/v2\/posts\/6018\/revisions\/6029"}],"wp:featuredmedia":[{"embeddable":true,"href":"https:\/\/cinemahouse.cz\/index.php\/wp-json\/wp\/v2\/media\/6023"}],"wp:attachment":[{"href":"https:\/\/cinemahouse.cz\/index.php\/wp-json\/wp\/v2\/media?parent=6018"}],"wp:term":[{"taxonomy":"category","embeddable":true,"href":"https:\/\/cinemahouse.cz\/index.php\/wp-json\/wp\/v2\/categories?post=6018"},{"taxonomy":"post_tag","embeddable":true,"href":"https:\/\/cinemahouse.cz\/index.php\/wp-json\/wp\/v2\/tags?post=6018"}],"curies":[{"name":"wp","href":"https:\/\/api.w.org\/{rel}","templated":true}]}}