{"id":583,"date":"2019-06-10T02:17:00","date_gmt":"2019-06-10T00:17:00","guid":{"rendered":"http:\/\/cinemahouse.cz\/?p=583"},"modified":"2019-06-10T02:17:02","modified_gmt":"2019-06-10T00:17:02","slug":"v-cinema-city-sale-imax-se-minuly-tyden-konala-slavnostni-premiera-filmu-x-men-dark-phoenix","status":"publish","type":"post","link":"https:\/\/cinemahouse.cz\/index.php\/2019\/06\/10\/v-cinema-city-sale-imax-se-minuly-tyden-konala-slavnostni-premiera-filmu-x-men-dark-phoenix\/","title":{"rendered":"V CINEMA CITY \u2013 s\u00e1le IMAX se minul\u00fd t\u00fdden konala slavnostn\u00ed premi\u00e9ra filmu X-men: Dark Phoenix"},"content":{"rendered":"\n<p><strong>Venku u\u017e panuje to prav\u00e9 letn\u00ed po\u010das\u00ed, kdy \u010dlov\u011bk ud\u011bl\u00e1 dva kroky a hned z n\u011bj leje. Jen\u017ee koupali\u0161t\u011b u\u017e zase za\u010d\u00ednaj\u00ed praskat ve \u0161vech, a tak je mo\u017en\u00e1 na hledat n\u011bjakou jinou alternativu. \u0160t\u011bp\u00e1nka Duchkov\u00e1, Ornella Koktov\u00e1, Radka Pavlov\u010dinov\u00e1 nebo Petr Zv\u011b\u0159ina na to ale mo\u017en\u00e1 k\u00e1pli. Zvolili klimatizovan\u00fd s\u00e1l IMAX, kde se v\u010dera konala slavnostn\u00ed premi\u00e9ra filmu X-men: Dark Phoenix, utekli tak p\u0159ed vedrem a nav\u00edc k tomu m\u011bli i par\u00e1dn\u00ed filmov\u00fd z\u00e1\u017eitek!<\/strong><\/p>\n\n\n\n<figure class=\"wp-block-image\"><img decoding=\"async\" src=\"http:\/\/celebrityhouse.cz\/wp-content\/uploads\/2019\/06\/PetrKutheil-1024x682.jpg\" alt=\"\" class=\"wp-image-698\"\/><\/figure>\n\n\n\n<p>Duchkov\u00e1 dorazila se syny, kte\u0159\u00ed zprvu nev\u011bd\u011bli, jestli se maj\u00ed d\u0159\u00edve rozb\u011bhnout ke cosplayerce p\u0159edstavuj\u00edc\u00ed hlavn\u00ed postavu, nebo pro popcorn. Nakonec dali p\u0159ednost fotce a dokonce na n\u00ed p\u0159izvali i m\u00e1mu, tak\u017ee maj\u00ed spole\u010dnou do rodinn\u00e9ho alba. Jen novoman\u017eel Jan na n\u00ed chyb\u00ed, kde asi byl?<\/p>\n\n\n\n<figure class=\"wp-block-image\"><img decoding=\"async\" src=\"http:\/\/celebrityhouse.cz\/wp-content\/uploads\/2019\/06\/%C5%A0t%C4%9Bp%C3%A1nkaDuchkov%C3%A1sesyny-1024x682.jpg\" alt=\"\" class=\"wp-image-701\"\/><\/figure>\n\n\n\n<p>Spole\u010dnost Cinema City, kter\u00e1 premi\u00e9ru ve sv\u00e9m kin\u011b po\u0159\u00e1dala, se zhruba p\u0159ed m\u011bs\u00edcem z\u00fa\u010dastnila celosv\u011btov\u00e9 akce X-men Day, kdy se vybran\u00fdm div\u00e1k\u016fm prom\u00edtala \u010d\u00e1st z filmu, aby byli je\u0161t\u011b v\u00edce nat\u011b\u0161en\u00ed. Tento z\u00e1\u017eitek si nenechala uj\u00edt Ornella Koktov\u00e1 s kamar\u00e1dkou.<\/p>\n\n\n\n<p>\u201c<em>Pustili n\u00e1m mal\u00fd kousek, sed\u011bly jsme \u00fapln\u011b p\u0159ikovan\u00e9 a najednou konec? Nemohly jsme se do\u010dkat. Hned jsem Pepovi \u0159ekla, \u017ee bude hl\u00eddat, proto\u017ee to mus\u00edm za ka\u017edou cenu j\u00edt dokoukat. Netv\u00e1\u0159il se moc nad\u0161en\u011b, tak mu aspo\u0148 p\u0159inesu popcorn \u2013 t\u0159eba si ho t\u00edm podplat\u00edm na p\u0159\u00ed\u0161t\u011b<\/em>,\u201d vysv\u011btlovala, jak to m\u00e1 doma za\u0159\u00edzen\u00e9, se sm\u00edchem Ornella.<\/p>\n\n\n\n<figure class=\"wp-block-image\"><img decoding=\"async\" src=\"http:\/\/celebrityhouse.cz\/wp-content\/uploads\/2019\/06\/Ornella%C5%A0tikov%C3%A1-1024x682.jpg\" alt=\"\" class=\"wp-image-697\"\/><\/figure>\n\n\n\n<p>Linda Finkov\u00e1 sice na akci X-men Day nebyla, i tak se na premi\u00e9ru do chladn\u00e9ho s\u00e1lu t\u011b\u0161ila. Stejn\u011b tak i tane\u010dn\u00edk Marek D\u011bd\u00edk nebo zp\u011bv\u00e1k Petr Kutheil. Po dlouh\u00e9 dob\u011b se ve spole\u010dnosti uk\u00e1zala i Denisa Pfauserov\u00e1, odsko\u010dila si tak z divadla, kde te\u010f tr\u00e1v\u00ed v\u011bt\u0161inu \u010dasu.<\/p>\n\n\n\n<p>X-men: Dark Phoenix je dal\u0161\u00edm filmem ze slavn\u00e9 a obl\u00edben\u00e9 s\u00e1gy o mutantech s nadp\u0159irozen\u00fdmi schopnostmi, kte\u0159\u00ed zachra\u0148uj\u00ed sv\u011bt. Tentokr\u00e1t se v\u0161ak mise zvrtne a jedna z mutantek \u2013 Jean \u2013 je zasa\u017eena nezn\u00e1mou silou, kter\u00e1 z n\u00ed ud\u011bl\u00e1 nejsiln\u011bj\u0161\u00edho, ale z\u00e1rove\u0148 i nejnebezpe\u010dn\u011bj\u0161\u00edho tvora na planet\u011b. X-meni se tak mus\u00ed bojovat proti sob\u011b nejbli\u017e\u0161\u00ed (Jean), aby zachr\u00e1nili sv\u011bt.<\/p>\n\n\n\n<figure class=\"wp-block-image\"><img decoding=\"async\" src=\"http:\/\/celebrityhouse.cz\/wp-content\/uploads\/2019\/06\/NaomiAdashi-1024x682.jpg\" alt=\"\" class=\"wp-image-695\"\/><\/figure>\n\n\n\n<p>Vy m\u016f\u017eete filmovou novinku s n\u00e1zvem&nbsp;<strong>X-men: Dark Phoenix&nbsp;<\/strong>zhl\u00e9dnout v multiplexech Cinema City od 6. \u010dervna, a to ve v\u0161ech form\u00e1tech 2D, 3D, 4DX, Dolby Atmos, IMAX a VIP Chodov.<\/p>\n\n\n\n<p><strong>V\u00edce informac\u00ed o jednotliv\u00fdch projekc\u00edch a kinech naleznete na<\/strong><a href=\"http:\/\/www.cinemacity.cz\/\"><strong>\u00a0www.cinemacity.cz<\/strong><\/a><strong>.<\/strong><\/p>\n\n\n\n<ul class=\"wp-block-gallery columns-3 is-cropped wp-block-gallery-1 is-layout-flex wp-block-gallery-is-layout-flex\"><li class=\"blocks-gallery-item\"><figure><img decoding=\"async\" loading=\"lazy\" width=\"1024\" height=\"682\" src=\"http:\/\/cinemahouse.cz\/wp-content\/uploads\/2019\/06\/PetrKutheil-1024x682.jpg\" alt=\"\" data-id=\"590\" data-link=\"http:\/\/cinemahouse.cz\/?attachment_id=590\" class=\"wp-image-590\" srcset=\"https:\/\/cinemahouse.cz\/wp-content\/uploads\/2019\/06\/PetrKutheil-1024x682.jpg 1024w, https:\/\/cinemahouse.cz\/wp-content\/uploads\/2019\/06\/PetrKutheil-300x200.jpg 300w, https:\/\/cinemahouse.cz\/wp-content\/uploads\/2019\/06\/PetrKutheil-768x512.jpg 768w, https:\/\/cinemahouse.cz\/wp-content\/uploads\/2019\/06\/PetrKutheil.jpg 1732w\" sizes=\"(max-width: 1024px) 100vw, 1024px\" \/><\/figure><\/li><li class=\"blocks-gallery-item\"><figure><img decoding=\"async\" loading=\"lazy\" width=\"1024\" height=\"682\" src=\"http:\/\/cinemahouse.cz\/wp-content\/uploads\/2019\/06\/NaomiAdashi-1024x682.jpg\" alt=\"\" data-id=\"587\" data-link=\"http:\/\/cinemahouse.cz\/?attachment_id=587\" class=\"wp-image-587\" srcset=\"https:\/\/cinemahouse.cz\/wp-content\/uploads\/2019\/06\/NaomiAdashi-1024x682.jpg 1024w, https:\/\/cinemahouse.cz\/wp-content\/uploads\/2019\/06\/NaomiAdashi-300x200.jpg 300w, https:\/\/cinemahouse.cz\/wp-content\/uploads\/2019\/06\/NaomiAdashi-768x512.jpg 768w, https:\/\/cinemahouse.cz\/wp-content\/uploads\/2019\/06\/NaomiAdashi.jpg 1732w\" sizes=\"(max-width: 1024px) 100vw, 1024px\" \/><\/figure><\/li><li class=\"blocks-gallery-item\"><figure><img decoding=\"async\" loading=\"lazy\" width=\"1024\" height=\"682\" src=\"http:\/\/cinemahouse.cz\/wp-content\/uploads\/2019\/06\/\u0160t\u011bp\u00e1nkaDuchkov\u00e1sesyny-1024x682.jpg\" alt=\"\" data-id=\"593\" data-link=\"http:\/\/cinemahouse.cz\/?attachment_id=593\" class=\"wp-image-593\" srcset=\"https:\/\/cinemahouse.cz\/wp-content\/uploads\/2019\/06\/\u0160t\u011bp\u00e1nkaDuchkov\u00e1sesyny-1024x682.jpg 1024w, https:\/\/cinemahouse.cz\/wp-content\/uploads\/2019\/06\/\u0160t\u011bp\u00e1nkaDuchkov\u00e1sesyny-300x200.jpg 300w, https:\/\/cinemahouse.cz\/wp-content\/uploads\/2019\/06\/\u0160t\u011bp\u00e1nkaDuchkov\u00e1sesyny-768x512.jpg 768w, https:\/\/cinemahouse.cz\/wp-content\/uploads\/2019\/06\/\u0160t\u011bp\u00e1nkaDuchkov\u00e1sesyny.jpg 1732w\" sizes=\"(max-width: 1024px) 100vw, 1024px\" \/><\/figure><\/li><li class=\"blocks-gallery-item\"><figure><img decoding=\"async\" loading=\"lazy\" width=\"1024\" height=\"682\" src=\"http:\/\/cinemahouse.cz\/wp-content\/uploads\/2019\/06\/DenisaPfauserov\u00e1-1024x682.jpg\" alt=\"\" data-id=\"584\" data-link=\"http:\/\/cinemahouse.cz\/?attachment_id=584\" class=\"wp-image-584\" srcset=\"https:\/\/cinemahouse.cz\/wp-content\/uploads\/2019\/06\/DenisaPfauserov\u00e1-1024x682.jpg 1024w, https:\/\/cinemahouse.cz\/wp-content\/uploads\/2019\/06\/DenisaPfauserov\u00e1-300x200.jpg 300w, https:\/\/cinemahouse.cz\/wp-content\/uploads\/2019\/06\/DenisaPfauserov\u00e1-768x512.jpg 768w, https:\/\/cinemahouse.cz\/wp-content\/uploads\/2019\/06\/DenisaPfauserov\u00e1.jpg 1732w\" sizes=\"(max-width: 1024px) 100vw, 1024px\" \/><\/figure><\/li><li class=\"blocks-gallery-item\"><figure><img decoding=\"async\" loading=\"lazy\" width=\"1024\" height=\"682\" src=\"http:\/\/cinemahouse.cz\/wp-content\/uploads\/2019\/06\/MarekD\u011bd\u00edk-1024x682.jpg\" alt=\"\" data-id=\"586\" data-link=\"http:\/\/cinemahouse.cz\/?attachment_id=586\" class=\"wp-image-586\" srcset=\"https:\/\/cinemahouse.cz\/wp-content\/uploads\/2019\/06\/MarekD\u011bd\u00edk-1024x682.jpg 1024w, https:\/\/cinemahouse.cz\/wp-content\/uploads\/2019\/06\/MarekD\u011bd\u00edk-300x200.jpg 300w, https:\/\/cinemahouse.cz\/wp-content\/uploads\/2019\/06\/MarekD\u011bd\u00edk-768x512.jpg 768w, https:\/\/cinemahouse.cz\/wp-content\/uploads\/2019\/06\/MarekD\u011bd\u00edk.jpg 1732w\" sizes=\"(max-width: 1024px) 100vw, 1024px\" \/><\/figure><\/li><li class=\"blocks-gallery-item\"><figure><img decoding=\"async\" loading=\"lazy\" width=\"1024\" height=\"688\" src=\"http:\/\/cinemahouse.cz\/wp-content\/uploads\/2019\/06\/PetrZv\u011b\u0159ina-1024x688.jpg\" alt=\"\" data-id=\"591\" data-link=\"http:\/\/cinemahouse.cz\/?attachment_id=591\" class=\"wp-image-591\" srcset=\"https:\/\/cinemahouse.cz\/wp-content\/uploads\/2019\/06\/PetrZv\u011b\u0159ina-1024x688.jpg 1024w, https:\/\/cinemahouse.cz\/wp-content\/uploads\/2019\/06\/PetrZv\u011b\u0159ina-300x202.jpg 300w, https:\/\/cinemahouse.cz\/wp-content\/uploads\/2019\/06\/PetrZv\u011b\u0159ina-768x516.jpg 768w, https:\/\/cinemahouse.cz\/wp-content\/uploads\/2019\/06\/PetrZv\u011b\u0159ina.jpg 1724w\" sizes=\"(max-width: 1024px) 100vw, 1024px\" \/><\/figure><\/li><li class=\"blocks-gallery-item\"><figure><img decoding=\"async\" loading=\"lazy\" width=\"682\" height=\"1024\" src=\"http:\/\/cinemahouse.cz\/wp-content\/uploads\/2019\/06\/RadkaPavlov\u010dinov\u00e1-682x1024.jpg\" alt=\"\" data-id=\"592\" data-link=\"http:\/\/cinemahouse.cz\/?attachment_id=592\" class=\"wp-image-592\" srcset=\"https:\/\/cinemahouse.cz\/wp-content\/uploads\/2019\/06\/RadkaPavlov\u010dinov\u00e1-682x1024.jpg 682w, https:\/\/cinemahouse.cz\/wp-content\/uploads\/2019\/06\/RadkaPavlov\u010dinov\u00e1-200x300.jpg 200w, https:\/\/cinemahouse.cz\/wp-content\/uploads\/2019\/06\/RadkaPavlov\u010dinov\u00e1-768x1153.jpg 768w, https:\/\/cinemahouse.cz\/wp-content\/uploads\/2019\/06\/RadkaPavlov\u010dinov\u00e1.jpg 1154w\" sizes=\"(max-width: 682px) 100vw, 682px\" \/><\/figure><\/li><li class=\"blocks-gallery-item\"><figure><img decoding=\"async\" loading=\"lazy\" width=\"682\" height=\"1024\" src=\"http:\/\/cinemahouse.cz\/wp-content\/uploads\/2019\/06\/LindaFinkov\u00e1-682x1024.jpg\" alt=\"\" data-id=\"585\" data-link=\"http:\/\/cinemahouse.cz\/?attachment_id=585\" class=\"wp-image-585\" srcset=\"https:\/\/cinemahouse.cz\/wp-content\/uploads\/2019\/06\/LindaFinkov\u00e1-682x1024.jpg 682w, https:\/\/cinemahouse.cz\/wp-content\/uploads\/2019\/06\/LindaFinkov\u00e1-200x300.jpg 200w, https:\/\/cinemahouse.cz\/wp-content\/uploads\/2019\/06\/LindaFinkov\u00e1-768x1153.jpg 768w, https:\/\/cinemahouse.cz\/wp-content\/uploads\/2019\/06\/LindaFinkov\u00e1.jpg 1154w\" sizes=\"(max-width: 682px) 100vw, 682px\" \/><\/figure><\/li><li class=\"blocks-gallery-item\"><figure><img decoding=\"async\" loading=\"lazy\" width=\"682\" height=\"1024\" src=\"http:\/\/cinemahouse.cz\/wp-content\/uploads\/2019\/06\/ViktoriyaMichshenko-682x1024.jpg\" alt=\"\" data-id=\"594\" data-link=\"http:\/\/cinemahouse.cz\/?attachment_id=594\" class=\"wp-image-594\" srcset=\"https:\/\/cinemahouse.cz\/wp-content\/uploads\/2019\/06\/ViktoriyaMichshenko-682x1024.jpg 682w, https:\/\/cinemahouse.cz\/wp-content\/uploads\/2019\/06\/ViktoriyaMichshenko-200x300.jpg 200w, https:\/\/cinemahouse.cz\/wp-content\/uploads\/2019\/06\/ViktoriyaMichshenko-768x1153.jpg 768w, https:\/\/cinemahouse.cz\/wp-content\/uploads\/2019\/06\/ViktoriyaMichshenko.jpg 1154w\" sizes=\"(max-width: 682px) 100vw, 682px\" \/><\/figure><\/li><li class=\"blocks-gallery-item\"><figure><img decoding=\"async\" loading=\"lazy\" width=\"1024\" height=\"682\" src=\"http:\/\/cinemahouse.cz\/wp-content\/uploads\/2019\/06\/Ornellaskamar\u00e1dkou-1024x682.jpg\" alt=\"\" data-id=\"588\" data-link=\"http:\/\/cinemahouse.cz\/?attachment_id=588\" class=\"wp-image-588\" srcset=\"https:\/\/cinemahouse.cz\/wp-content\/uploads\/2019\/06\/Ornellaskamar\u00e1dkou-1024x682.jpg 1024w, https:\/\/cinemahouse.cz\/wp-content\/uploads\/2019\/06\/Ornellaskamar\u00e1dkou-300x200.jpg 300w, https:\/\/cinemahouse.cz\/wp-content\/uploads\/2019\/06\/Ornellaskamar\u00e1dkou-768x512.jpg 768w, https:\/\/cinemahouse.cz\/wp-content\/uploads\/2019\/06\/Ornellaskamar\u00e1dkou.jpg 1732w\" sizes=\"(max-width: 1024px) 100vw, 1024px\" \/><\/figure><\/li><li class=\"blocks-gallery-item\"><figure><img decoding=\"async\" loading=\"lazy\" width=\"1024\" height=\"682\" src=\"http:\/\/cinemahouse.cz\/wp-content\/uploads\/2019\/06\/Ornella\u0160tikov\u00e1-1024x682.jpg\" alt=\"\" data-id=\"589\" data-link=\"http:\/\/cinemahouse.cz\/?attachment_id=589\" class=\"wp-image-589\" srcset=\"https:\/\/cinemahouse.cz\/wp-content\/uploads\/2019\/06\/Ornella\u0160tikov\u00e1-1024x682.jpg 1024w, https:\/\/cinemahouse.cz\/wp-content\/uploads\/2019\/06\/Ornella\u0160tikov\u00e1-300x200.jpg 300w, https:\/\/cinemahouse.cz\/wp-content\/uploads\/2019\/06\/Ornella\u0160tikov\u00e1-768x512.jpg 768w, https:\/\/cinemahouse.cz\/wp-content\/uploads\/2019\/06\/Ornella\u0160tikov\u00e1.jpg 1732w\" sizes=\"(max-width: 1024px) 100vw, 1024px\" \/><\/figure><\/li><\/ul>\n","protected":false},"excerpt":{"rendered":"<p>Venku u\u017e panuje to prav\u00e9 letn\u00ed po\u010das\u00ed, kdy \u010dlov\u011bk ud\u011bl\u00e1 dva kroky a hned z n\u011bj leje. Jen\u017ee koupali\u0161t\u011b u\u017e zase za\u010d\u00ednaj\u00ed praskat ve \u0161vech, a tak je mo\u017en\u00e1 na hledat n\u011bjakou jinou alternativu.&#46;&#46;&#46;<\/p>\n","protected":false},"author":2,"featured_media":590,"comment_status":"closed","ping_status":"closed","sticky":false,"template":"","format":"standard","meta":{"_monsterinsights_skip_tracking":false,"_monsterinsights_sitenote_active":false,"_monsterinsights_sitenote_note":"","_monsterinsights_sitenote_category":0,"footnotes":""},"categories":[8,2],"tags":[],"yoast_head":"<!-- This site is optimized with the Yoast SEO plugin v21.4 - https:\/\/yoast.com\/wordpress\/plugins\/seo\/ -->\n<title>V CINEMA CITY \u2013 s\u00e1le IMAX se minul\u00fd t\u00fdden konala slavnostn\u00ed premi\u00e9ra filmu X-men: Dark Phoenix - CINEMAHOUSE.cz<\/title>\n<meta name=\"robots\" content=\"index, follow, max-snippet:-1, max-image-preview:large, max-video-preview:-1\" \/>\n<link rel=\"canonical\" href=\"https:\/\/cinemahouse.cz\/index.php\/2019\/06\/10\/v-cinema-city-sale-imax-se-minuly-tyden-konala-slavnostni-premiera-filmu-x-men-dark-phoenix\/\" \/>\n<meta property=\"og:locale\" content=\"cs_CZ\" \/>\n<meta property=\"og:type\" content=\"article\" \/>\n<meta property=\"og:title\" content=\"V CINEMA CITY \u2013 s\u00e1le IMAX se minul\u00fd t\u00fdden konala slavnostn\u00ed premi\u00e9ra filmu X-men: Dark Phoenix - CINEMAHOUSE.cz\" \/>\n<meta property=\"og:description\" content=\"Venku u\u017e panuje to prav\u00e9 letn\u00ed po\u010das\u00ed, kdy \u010dlov\u011bk ud\u011bl\u00e1 dva kroky a hned z n\u011bj leje. Jen\u017ee koupali\u0161t\u011b u\u017e zase za\u010d\u00ednaj\u00ed praskat ve \u0161vech, a tak je mo\u017en\u00e1 na hledat n\u011bjakou jinou alternativu.&#046;&#046;&#046;\" \/>\n<meta property=\"og:url\" content=\"https:\/\/cinemahouse.cz\/index.php\/2019\/06\/10\/v-cinema-city-sale-imax-se-minuly-tyden-konala-slavnostni-premiera-filmu-x-men-dark-phoenix\/\" \/>\n<meta property=\"og:site_name\" content=\"CINEMAHOUSE.cz\" \/>\n<meta property=\"article:published_time\" content=\"2019-06-10T00:17:00+00:00\" \/>\n<meta property=\"article:modified_time\" content=\"2019-06-10T00:17:02+00:00\" \/>\n<meta property=\"og:image\" content=\"https:\/\/cinemahouse.cz\/wp-content\/uploads\/2019\/06\/PetrKutheil.jpg\" \/>\n\t<meta property=\"og:image:width\" content=\"1732\" \/>\n\t<meta property=\"og:image:height\" content=\"1154\" \/>\n\t<meta property=\"og:image:type\" content=\"image\/jpeg\" \/>\n<meta name=\"author\" content=\"Miroslav Van\u011bk\" \/>\n<meta name=\"twitter:card\" content=\"summary_large_image\" \/>\n<meta name=\"twitter:label1\" content=\"Napsal(a)\" \/>\n\t<meta name=\"twitter:data1\" content=\"Miroslav Van\u011bk\" \/>\n\t<meta name=\"twitter:label2\" content=\"Odhadovan\u00e1 doba \u010dten\u00ed\" \/>\n\t<meta name=\"twitter:data2\" content=\"2 minuty\" \/>\n<script type=\"application\/ld+json\" class=\"yoast-schema-graph\">{\"@context\":\"https:\/\/schema.org\",\"@graph\":[{\"@type\":\"Article\",\"@id\":\"https:\/\/cinemahouse.cz\/index.php\/2019\/06\/10\/v-cinema-city-sale-imax-se-minuly-tyden-konala-slavnostni-premiera-filmu-x-men-dark-phoenix\/#article\",\"isPartOf\":{\"@id\":\"https:\/\/cinemahouse.cz\/index.php\/2019\/06\/10\/v-cinema-city-sale-imax-se-minuly-tyden-konala-slavnostni-premiera-filmu-x-men-dark-phoenix\/\"},\"author\":{\"name\":\"Miroslav Van\u011bk\",\"@id\":\"https:\/\/cinemahouse.cz\/#\/schema\/person\/b4b442f183df4da20f147173def615f2\"},\"headline\":\"V CINEMA CITY \u2013 s\u00e1le IMAX se minul\u00fd t\u00fdden konala slavnostn\u00ed premi\u00e9ra filmu X-men: Dark Phoenix\",\"datePublished\":\"2019-06-10T00:17:00+00:00\",\"dateModified\":\"2019-06-10T00:17:02+00:00\",\"mainEntityOfPage\":{\"@id\":\"https:\/\/cinemahouse.cz\/index.php\/2019\/06\/10\/v-cinema-city-sale-imax-se-minuly-tyden-konala-slavnostni-premiera-filmu-x-men-dark-phoenix\/\"},\"wordCount\":500,\"publisher\":{\"@id\":\"https:\/\/cinemahouse.cz\/#organization\"},\"articleSection\":[\"FOTOREPORTY\",\"NEWS\"],\"inLanguage\":\"cs\"},{\"@type\":\"WebPage\",\"@id\":\"https:\/\/cinemahouse.cz\/index.php\/2019\/06\/10\/v-cinema-city-sale-imax-se-minuly-tyden-konala-slavnostni-premiera-filmu-x-men-dark-phoenix\/\",\"url\":\"https:\/\/cinemahouse.cz\/index.php\/2019\/06\/10\/v-cinema-city-sale-imax-se-minuly-tyden-konala-slavnostni-premiera-filmu-x-men-dark-phoenix\/\",\"name\":\"V CINEMA CITY \u2013 s\u00e1le IMAX se minul\u00fd t\u00fdden konala slavnostn\u00ed premi\u00e9ra filmu X-men: Dark Phoenix - CINEMAHOUSE.cz\",\"isPartOf\":{\"@id\":\"https:\/\/cinemahouse.cz\/#website\"},\"datePublished\":\"2019-06-10T00:17:00+00:00\",\"dateModified\":\"2019-06-10T00:17:02+00:00\",\"breadcrumb\":{\"@id\":\"https:\/\/cinemahouse.cz\/index.php\/2019\/06\/10\/v-cinema-city-sale-imax-se-minuly-tyden-konala-slavnostni-premiera-filmu-x-men-dark-phoenix\/#breadcrumb\"},\"inLanguage\":\"cs\",\"potentialAction\":[{\"@type\":\"ReadAction\",\"target\":[\"https:\/\/cinemahouse.cz\/index.php\/2019\/06\/10\/v-cinema-city-sale-imax-se-minuly-tyden-konala-slavnostni-premiera-filmu-x-men-dark-phoenix\/\"]}]},{\"@type\":\"BreadcrumbList\",\"@id\":\"https:\/\/cinemahouse.cz\/index.php\/2019\/06\/10\/v-cinema-city-sale-imax-se-minuly-tyden-konala-slavnostni-premiera-filmu-x-men-dark-phoenix\/#breadcrumb\",\"itemListElement\":[{\"@type\":\"ListItem\",\"position\":1,\"name\":\"Dom\u016f\",\"item\":\"https:\/\/cinemahouse.cz\/\"},{\"@type\":\"ListItem\",\"position\":2,\"name\":\"V CINEMA CITY \u2013 s\u00e1le IMAX se minul\u00fd t\u00fdden konala slavnostn\u00ed premi\u00e9ra filmu X-men: Dark Phoenix\"}]},{\"@type\":\"WebSite\",\"@id\":\"https:\/\/cinemahouse.cz\/#website\",\"url\":\"https:\/\/cinemahouse.cz\/\",\"name\":\"CINEMAHOUSE.cz\",\"description\":\"Port\u00e1l o filmov\u00fdch novink\u00e1ch\",\"publisher\":{\"@id\":\"https:\/\/cinemahouse.cz\/#organization\"},\"potentialAction\":[{\"@type\":\"SearchAction\",\"target\":{\"@type\":\"EntryPoint\",\"urlTemplate\":\"https:\/\/cinemahouse.cz\/?s={search_term_string}\"},\"query-input\":\"required name=search_term_string\"}],\"inLanguage\":\"cs\"},{\"@type\":\"Organization\",\"@id\":\"https:\/\/cinemahouse.cz\/#organization\",\"name\":\"CINEMAHOUSE.cz\",\"url\":\"https:\/\/cinemahouse.cz\/\",\"logo\":{\"@type\":\"ImageObject\",\"inLanguage\":\"cs\",\"@id\":\"https:\/\/cinemahouse.cz\/#\/schema\/logo\/image\/\",\"url\":\"https:\/\/cinemahouse.cz\/wp-content\/uploads\/2024\/12\/cropped-Logo_CinemaHouse.jpg\",\"contentUrl\":\"https:\/\/cinemahouse.cz\/wp-content\/uploads\/2024\/12\/cropped-Logo_CinemaHouse.jpg\",\"width\":926,\"height\":467,\"caption\":\"CINEMAHOUSE.cz\"},\"image\":{\"@id\":\"https:\/\/cinemahouse.cz\/#\/schema\/logo\/image\/\"}},{\"@type\":\"Person\",\"@id\":\"https:\/\/cinemahouse.cz\/#\/schema\/person\/b4b442f183df4da20f147173def615f2\",\"name\":\"Miroslav Van\u011bk\",\"image\":{\"@type\":\"ImageObject\",\"inLanguage\":\"cs\",\"@id\":\"https:\/\/cinemahouse.cz\/#\/schema\/person\/image\/\",\"url\":\"https:\/\/secure.gravatar.com\/avatar\/cc93dbecbfc820d69a964ea4a1c72377?s=96&d=mm&r=g\",\"contentUrl\":\"https:\/\/secure.gravatar.com\/avatar\/cc93dbecbfc820d69a964ea4a1c72377?s=96&d=mm&r=g\",\"caption\":\"Miroslav Van\u011bk\"},\"sameAs\":[\"http:\/\/www.cinemahouse.cz\"],\"url\":\"https:\/\/cinemahouse.cz\/index.php\/author\/mirvan\/\"}]}<\/script>\n<!-- \/ Yoast SEO plugin. -->","yoast_head_json":{"title":"V CINEMA CITY \u2013 s\u00e1le IMAX se minul\u00fd t\u00fdden konala slavnostn\u00ed premi\u00e9ra filmu X-men: Dark Phoenix - CINEMAHOUSE.cz","robots":{"index":"index","follow":"follow","max-snippet":"max-snippet:-1","max-image-preview":"max-image-preview:large","max-video-preview":"max-video-preview:-1"},"canonical":"https:\/\/cinemahouse.cz\/index.php\/2019\/06\/10\/v-cinema-city-sale-imax-se-minuly-tyden-konala-slavnostni-premiera-filmu-x-men-dark-phoenix\/","og_locale":"cs_CZ","og_type":"article","og_title":"V CINEMA CITY \u2013 s\u00e1le IMAX se minul\u00fd t\u00fdden konala slavnostn\u00ed premi\u00e9ra filmu X-men: Dark Phoenix - CINEMAHOUSE.cz","og_description":"Venku u\u017e panuje to prav\u00e9 letn\u00ed po\u010das\u00ed, kdy \u010dlov\u011bk ud\u011bl\u00e1 dva kroky a hned z n\u011bj leje. Jen\u017ee koupali\u0161t\u011b u\u017e zase za\u010d\u00ednaj\u00ed praskat ve \u0161vech, a tak je mo\u017en\u00e1 na hledat n\u011bjakou jinou alternativu.&#46;&#46;&#46;","og_url":"https:\/\/cinemahouse.cz\/index.php\/2019\/06\/10\/v-cinema-city-sale-imax-se-minuly-tyden-konala-slavnostni-premiera-filmu-x-men-dark-phoenix\/","og_site_name":"CINEMAHOUSE.cz","article_published_time":"2019-06-10T00:17:00+00:00","article_modified_time":"2019-06-10T00:17:02+00:00","og_image":[{"width":1732,"height":1154,"url":"https:\/\/cinemahouse.cz\/wp-content\/uploads\/2019\/06\/PetrKutheil.jpg","type":"image\/jpeg"}],"author":"Miroslav Van\u011bk","twitter_card":"summary_large_image","twitter_misc":{"Napsal(a)":"Miroslav Van\u011bk","Odhadovan\u00e1 doba \u010dten\u00ed":"2 minuty"},"schema":{"@context":"https:\/\/schema.org","@graph":[{"@type":"Article","@id":"https:\/\/cinemahouse.cz\/index.php\/2019\/06\/10\/v-cinema-city-sale-imax-se-minuly-tyden-konala-slavnostni-premiera-filmu-x-men-dark-phoenix\/#article","isPartOf":{"@id":"https:\/\/cinemahouse.cz\/index.php\/2019\/06\/10\/v-cinema-city-sale-imax-se-minuly-tyden-konala-slavnostni-premiera-filmu-x-men-dark-phoenix\/"},"author":{"name":"Miroslav Van\u011bk","@id":"https:\/\/cinemahouse.cz\/#\/schema\/person\/b4b442f183df4da20f147173def615f2"},"headline":"V CINEMA CITY \u2013 s\u00e1le IMAX se minul\u00fd t\u00fdden konala slavnostn\u00ed premi\u00e9ra filmu X-men: Dark Phoenix","datePublished":"2019-06-10T00:17:00+00:00","dateModified":"2019-06-10T00:17:02+00:00","mainEntityOfPage":{"@id":"https:\/\/cinemahouse.cz\/index.php\/2019\/06\/10\/v-cinema-city-sale-imax-se-minuly-tyden-konala-slavnostni-premiera-filmu-x-men-dark-phoenix\/"},"wordCount":500,"publisher":{"@id":"https:\/\/cinemahouse.cz\/#organization"},"articleSection":["FOTOREPORTY","NEWS"],"inLanguage":"cs"},{"@type":"WebPage","@id":"https:\/\/cinemahouse.cz\/index.php\/2019\/06\/10\/v-cinema-city-sale-imax-se-minuly-tyden-konala-slavnostni-premiera-filmu-x-men-dark-phoenix\/","url":"https:\/\/cinemahouse.cz\/index.php\/2019\/06\/10\/v-cinema-city-sale-imax-se-minuly-tyden-konala-slavnostni-premiera-filmu-x-men-dark-phoenix\/","name":"V CINEMA CITY \u2013 s\u00e1le IMAX se minul\u00fd t\u00fdden konala slavnostn\u00ed premi\u00e9ra filmu X-men: Dark Phoenix - CINEMAHOUSE.cz","isPartOf":{"@id":"https:\/\/cinemahouse.cz\/#website"},"datePublished":"2019-06-10T00:17:00+00:00","dateModified":"2019-06-10T00:17:02+00:00","breadcrumb":{"@id":"https:\/\/cinemahouse.cz\/index.php\/2019\/06\/10\/v-cinema-city-sale-imax-se-minuly-tyden-konala-slavnostni-premiera-filmu-x-men-dark-phoenix\/#breadcrumb"},"inLanguage":"cs","potentialAction":[{"@type":"ReadAction","target":["https:\/\/cinemahouse.cz\/index.php\/2019\/06\/10\/v-cinema-city-sale-imax-se-minuly-tyden-konala-slavnostni-premiera-filmu-x-men-dark-phoenix\/"]}]},{"@type":"BreadcrumbList","@id":"https:\/\/cinemahouse.cz\/index.php\/2019\/06\/10\/v-cinema-city-sale-imax-se-minuly-tyden-konala-slavnostni-premiera-filmu-x-men-dark-phoenix\/#breadcrumb","itemListElement":[{"@type":"ListItem","position":1,"name":"Dom\u016f","item":"https:\/\/cinemahouse.cz\/"},{"@type":"ListItem","position":2,"name":"V CINEMA CITY \u2013 s\u00e1le IMAX se minul\u00fd t\u00fdden konala slavnostn\u00ed premi\u00e9ra filmu X-men: Dark Phoenix"}]},{"@type":"WebSite","@id":"https:\/\/cinemahouse.cz\/#website","url":"https:\/\/cinemahouse.cz\/","name":"CINEMAHOUSE.cz","description":"Port\u00e1l o filmov\u00fdch novink\u00e1ch","publisher":{"@id":"https:\/\/cinemahouse.cz\/#organization"},"potentialAction":[{"@type":"SearchAction","target":{"@type":"EntryPoint","urlTemplate":"https:\/\/cinemahouse.cz\/?s={search_term_string}"},"query-input":"required name=search_term_string"}],"inLanguage":"cs"},{"@type":"Organization","@id":"https:\/\/cinemahouse.cz\/#organization","name":"CINEMAHOUSE.cz","url":"https:\/\/cinemahouse.cz\/","logo":{"@type":"ImageObject","inLanguage":"cs","@id":"https:\/\/cinemahouse.cz\/#\/schema\/logo\/image\/","url":"https:\/\/cinemahouse.cz\/wp-content\/uploads\/2024\/12\/cropped-Logo_CinemaHouse.jpg","contentUrl":"https:\/\/cinemahouse.cz\/wp-content\/uploads\/2024\/12\/cropped-Logo_CinemaHouse.jpg","width":926,"height":467,"caption":"CINEMAHOUSE.cz"},"image":{"@id":"https:\/\/cinemahouse.cz\/#\/schema\/logo\/image\/"}},{"@type":"Person","@id":"https:\/\/cinemahouse.cz\/#\/schema\/person\/b4b442f183df4da20f147173def615f2","name":"Miroslav Van\u011bk","image":{"@type":"ImageObject","inLanguage":"cs","@id":"https:\/\/cinemahouse.cz\/#\/schema\/person\/image\/","url":"https:\/\/secure.gravatar.com\/avatar\/cc93dbecbfc820d69a964ea4a1c72377?s=96&d=mm&r=g","contentUrl":"https:\/\/secure.gravatar.com\/avatar\/cc93dbecbfc820d69a964ea4a1c72377?s=96&d=mm&r=g","caption":"Miroslav Van\u011bk"},"sameAs":["http:\/\/www.cinemahouse.cz"],"url":"https:\/\/cinemahouse.cz\/index.php\/author\/mirvan\/"}]}},"_links":{"self":[{"href":"https:\/\/cinemahouse.cz\/index.php\/wp-json\/wp\/v2\/posts\/583"}],"collection":[{"href":"https:\/\/cinemahouse.cz\/index.php\/wp-json\/wp\/v2\/posts"}],"about":[{"href":"https:\/\/cinemahouse.cz\/index.php\/wp-json\/wp\/v2\/types\/post"}],"author":[{"embeddable":true,"href":"https:\/\/cinemahouse.cz\/index.php\/wp-json\/wp\/v2\/users\/2"}],"replies":[{"embeddable":true,"href":"https:\/\/cinemahouse.cz\/index.php\/wp-json\/wp\/v2\/comments?post=583"}],"version-history":[{"count":1,"href":"https:\/\/cinemahouse.cz\/index.php\/wp-json\/wp\/v2\/posts\/583\/revisions"}],"predecessor-version":[{"id":595,"href":"https:\/\/cinemahouse.cz\/index.php\/wp-json\/wp\/v2\/posts\/583\/revisions\/595"}],"wp:featuredmedia":[{"embeddable":true,"href":"https:\/\/cinemahouse.cz\/index.php\/wp-json\/wp\/v2\/media\/590"}],"wp:attachment":[{"href":"https:\/\/cinemahouse.cz\/index.php\/wp-json\/wp\/v2\/media?parent=583"}],"wp:term":[{"taxonomy":"category","embeddable":true,"href":"https:\/\/cinemahouse.cz\/index.php\/wp-json\/wp\/v2\/categories?post=583"},{"taxonomy":"post_tag","embeddable":true,"href":"https:\/\/cinemahouse.cz\/index.php\/wp-json\/wp\/v2\/tags?post=583"}],"curies":[{"name":"wp","href":"https:\/\/api.w.org\/{rel}","templated":true}]}}