{"id":5748,"date":"2023-10-10T00:01:00","date_gmt":"2023-10-09T22:01:00","guid":{"rendered":"https:\/\/cinemahouse.cz\/?p=5748"},"modified":"2023-10-19T02:08:30","modified_gmt":"2023-10-19T00:08:30","slug":"karel-roden-a-regina-razlova-v-prvnich-zaberech-filmu-tancuj-matyldo","status":"publish","type":"post","link":"https:\/\/cinemahouse.cz\/index.php\/2023\/10\/10\/karel-roden-a-regina-razlova-v-prvnich-zaberech-filmu-tancuj-matyldo\/","title":{"rendered":"Karel Roden a Regina R\u00e1zlov\u00e1 v\u00a0prvn\u00edch z\u00e1b\u011brech filmu Tancuj, Matyldo"},"content":{"rendered":"\n<div style=\"height:40px\" aria-hidden=\"true\" class=\"wp-block-spacer\"><\/div>\n\n\n\n<p><strong>Ke Sv\u011btov\u00e9mu dni Alzheimerovy choroby filma\u0159i odhalili prvn\u00ed uk\u00e1zku z\u00a0filmu Tancuj, Matyldo inspirovan\u00e9ho skute\u010dnou ud\u00e1lost\u00ed<\/strong>.<\/p>\n\n\n\n<p><strong> A dnes ji nab\u00edz\u00edme i v\u00e1m. Pod\u00edvejte se na prvn\u00ed z\u00e1b\u011bry z filmu.<\/strong><\/p>\n\n\n\n<div style=\"height:40px\" aria-hidden=\"true\" class=\"wp-block-spacer\"><\/div>\n\n\n\n<figure class=\"wp-block-image size-large\"><img decoding=\"async\" loading=\"lazy\" width=\"1024\" height=\"683\" src=\"https:\/\/cinemahouse.cz\/wp-content\/uploads\/2023\/10\/1-5-1024x683.jpg\" alt=\"Karel Roden a Regina R\u00e1zlov\u00e1 v\u00a0prvn\u00edch z\u00e1b\u011brech filmu Tancuj, Matyldo\" class=\"wp-image-5758\" srcset=\"https:\/\/cinemahouse.cz\/wp-content\/uploads\/2023\/10\/1-5-1024x683.jpg 1024w, https:\/\/cinemahouse.cz\/wp-content\/uploads\/2023\/10\/1-5-300x200.jpg 300w, https:\/\/cinemahouse.cz\/wp-content\/uploads\/2023\/10\/1-5-768x512.jpg 768w, https:\/\/cinemahouse.cz\/wp-content\/uploads\/2023\/10\/1-5-1536x1025.jpg 1536w, https:\/\/cinemahouse.cz\/wp-content\/uploads\/2023\/10\/1-5.jpg 2000w\" sizes=\"(max-width: 1024px) 100vw, 1024px\" \/><\/figure>\n\n\n\n<div style=\"height:40px\" aria-hidden=\"true\" class=\"wp-block-spacer\"><\/div>\n\n\n\n<p>Kdy\u017e se scen\u00e1ristka Nata\u0161a Slav\u00edkov\u00e1 a re\u017eis\u00e9r Petra Slav\u00edk rozhodli nato\u010dit film o p\u0159\u00edb\u011bhu rodiny, do jej\u00edho\u017e osudu vstoupila v\u00e1\u017en\u00e1 nemoc, dot\u00fdkalo se jich to p\u0159\u00edmo osobn\u011b. Od tohoto momentu do vzniku celove\u010dern\u00edho filmu inspirovan\u00e9ho skute\u010dnou ud\u00e1lost\u00ed v&nbsp;jejich rodin\u011b ub\u011bhlo 7 let. Sn\u00edmek <strong>Tancuj, Matyldo<\/strong>&nbsp;v&nbsp;hlavn\u00edch rol\u00edch s&nbsp;<strong>Karlem Rodenem<\/strong>&nbsp;a <strong>Reginou R\u00e1zlovou<\/strong>&nbsp;p\u0159edstavuj\u00ed tv\u016frci nyn\u00ed prvn\u00ed uk\u00e1zkou u p\u0159\u00edle\u017eitosti leto\u0161n\u00edho Sv\u011btov\u00e9ho dne Alzheimerovy choroby, kter\u00fd p\u0159ipad\u00e1 na 21. z\u00e1\u0159\u00ed. P\u0159\u00edb\u011bh filmu ukazuje, co v\u0161echno m\u016f\u017ee rodina p\u0159i p\u00e9\u010di o nemocn\u00e9ho bl\u00edzk\u00e9ho \u010dlov\u011bka ztratit, ale paradoxn\u011b i z\u00edskat. <\/p>\n\n\n\n<div style=\"height:40px\" aria-hidden=\"true\" class=\"wp-block-spacer\"><\/div>\n\n\n\n<figure class=\"wp-block-embed is-type-video is-provider-youtube wp-block-embed-youtube wp-embed-aspect-16-9 wp-has-aspect-ratio\"><div class=\"wp-block-embed__wrapper\">\n<div class=\"video-container\"><iframe loading=\"lazy\" title=\"Tancuj Matyldo (2023) - TEASER TRAILER\" width=\"500\" height=\"281\" src=\"https:\/\/www.youtube.com\/embed\/wmzZSWQfKm0?feature=oembed&#038;wmode=opaque\" frameborder=\"0\" allow=\"accelerometer; autoplay; clipboard-write; encrypted-media; gyroscope; picture-in-picture; web-share\" allowfullscreen><\/iframe><\/div>\n<\/div><\/figure>\n\n\n\n<div style=\"height:39px\" aria-hidden=\"true\" class=\"wp-block-spacer\"><\/div>\n\n\n\n<p><em>\u201eN\u00e1pad na sn\u00edmek Tancuj, Matyldo vznikl p\u0159ed v\u00edce ne\u017e sedmi lety, je\u0161t\u011b za \u017eivota m\u00e9 matky trp\u00edc\u00ed Alzheimerovou chorobou. P\u00e9\u010de o ni p\u0159in\u00e1\u0161ela i \u0159adu humorn\u00fdch \u010di tragikomick\u00fdch situac\u00ed. Maminka do \u00fastavu necht\u011bla, musela jsem otci sl\u00edbit, \u017ee ji tam ned\u00e1m. Netu\u0161ila jsem, co bude slib obn\u00e1\u0161et. Za jeho spln\u011bn\u00ed vd\u011b\u010d\u00edm mimo jin\u00e9 i podm\u00ednk\u00e1m, kter\u00e9 tuto p\u00e9\u010di v&nbsp;dom\u00e1c\u00edm prost\u0159ed\u00ed umo\u017enily, a ob\u011bma syn\u016fm. P\u0159es \u0159adu slo\u017eit\u00fdch situac\u00ed to na\u0161i rodinu stmelilo,\u201c<\/em>&nbsp;<strong>\u0159\u00edk\u00e1 producentka a scen\u00e1ristka celove\u010dern\u00edho filmu Tancuj, Matyldo Nata\u0161a Slav\u00edkov\u00e1.<\/strong><\/p>\n\n\n\n<div style=\"height:40px\" aria-hidden=\"true\" class=\"wp-block-spacer\"><\/div>\n\n\n<div class=\"wp-block-image\">\n<figure class=\"aligncenter size-large\"><img decoding=\"async\" loading=\"lazy\" width=\"1024\" height=\"682\" src=\"https:\/\/cinemahouse.cz\/wp-content\/uploads\/2023\/10\/Antonio-Soposki-Tancuj-Matyldo-LR-2-1024x682.jpg\" alt=\"Karel Roden a Regina R\u00e1zlov\u00e1 v\u00a0prvn\u00edch z\u00e1b\u011brech filmu Tancuj, Matyldo\" class=\"wp-image-5762\" srcset=\"https:\/\/cinemahouse.cz\/wp-content\/uploads\/2023\/10\/Antonio-Soposki-Tancuj-Matyldo-LR-2-1024x682.jpg 1024w, https:\/\/cinemahouse.cz\/wp-content\/uploads\/2023\/10\/Antonio-Soposki-Tancuj-Matyldo-LR-2-300x200.jpg 300w, https:\/\/cinemahouse.cz\/wp-content\/uploads\/2023\/10\/Antonio-Soposki-Tancuj-Matyldo-LR-2-768x512.jpg 768w, https:\/\/cinemahouse.cz\/wp-content\/uploads\/2023\/10\/Antonio-Soposki-Tancuj-Matyldo-LR-2-1536x1024.jpg 1536w, https:\/\/cinemahouse.cz\/wp-content\/uploads\/2023\/10\/Antonio-Soposki-Tancuj-Matyldo-LR-2.jpg 2000w\" sizes=\"(max-width: 1024px) 100vw, 1024px\" \/><\/figure><\/div>\n\n\n<div style=\"height:40px\" aria-hidden=\"true\" class=\"wp-block-spacer\"><\/div>\n\n\n\n<p>Hlavn\u00ed postavu filmu Tancuj, Matyldo, exekutora Karla Jaro\u0161e, ztv\u00e1r\u0148uje Karel Roden. Jde o uzav\u0159en\u00e9ho \u010dlov\u011bka \u017eij\u00edc\u00edho ve sv\u011bt\u011b \u0159\u00e1du a striktn\u00edch pravidel, ve kter\u00e9m u\u017e nezb\u00fdv\u00e1 p\u0159\u00edli\u0161 m\u00edsta pro empatii. Svou extrovertn\u00ed a boh\u00e9mskou matku Matyldu v&nbsp;pod\u00e1n\u00ed Reginy R\u00e1zlov\u00e9, b\u00fdvalou barovou zp\u011bva\u010dku, nav\u0161t\u011bvuje v\u00edcem\u00e9n\u011b jen z&nbsp;povinnosti. Matylda p\u0159ijde o byt a Karlovi nezbyde ne\u017e ji vz\u00edt k sob\u011b. Jejich sou\u017eit\u00ed je ale pro n\u011bj katastrofou. Zvl\u00e1\u0161\u0165 kdy\u017e vyjde najevo, \u017ee u Matyldy propuk\u00e1 Alzheimerova choroba.&nbsp;Jako mo\u017en\u00e9 \u0159e\u0161en\u00ed se nab\u00edz\u00ed, \u017ee o sv\u00e9r\u00e1znou babi\u010dku bude pe\u010dovat Karl\u016fv syn Pavel. Nezodpov\u011bdn\u00e9ho floutka pohrdaj\u00edc\u00edho otcovou profes\u00ed exekutora&nbsp;ztv\u00e1rnil Antonio \u0160oposki. Spole\u010dn\u00e1 dom\u00e1cnost t\u0159\u00ed rozd\u00edln\u00fdch temperament\u016f r\u016fzn\u00fdch generac\u00ed p\u0159in\u00e1\u0161\u00ed \u0159adu humorn\u00fdch filmov\u00fdch situac\u00ed, s&nbsp;postupuj\u00edc\u00edmi p\u0159\u00edznaky nemoci sp\u00ed\u0161 tragikomick\u00fdch. Na prvn\u00ed pohled bezv\u00fdchodn\u00e1 situace sice p\u0159evr\u00e1t\u00ed rodin\u011b \u017eivot vzh\u016fru nohama, ale nakonec jim uk\u00e1\u017ee prav\u00fd smysl \u017eivota. Jin\u00fd pohled na v\u011bc zosob\u0148uje Karlova p\u0159\u00edtelkyn\u011b, kterou hraje Zuzana Kan\u00f3cz.<\/p>\n\n\n\n<div style=\"height:40px\" aria-hidden=\"true\" class=\"wp-block-spacer\"><\/div>\n\n\n\n<figure class=\"wp-block-gallery has-nested-images columns-default is-cropped wp-block-gallery-1 is-layout-flex wp-block-gallery-is-layout-flex\"><div class=\"wp-block-image\">\n<figure class=\"aligncenter size-large\"><img decoding=\"async\" loading=\"lazy\" width=\"1024\" height=\"683\" data-id=\"5765\" src=\"https:\/\/cinemahouse.cz\/wp-content\/uploads\/2023\/10\/1-2-1-1024x683.jpg\" alt=\"Karel Roden a Regina R\u00e1zlov\u00e1 v\u00a0prvn\u00edch z\u00e1b\u011brech filmu Tancuj, Matyldo\" class=\"wp-image-5765\" srcset=\"https:\/\/cinemahouse.cz\/wp-content\/uploads\/2023\/10\/1-2-1-1024x683.jpg 1024w, https:\/\/cinemahouse.cz\/wp-content\/uploads\/2023\/10\/1-2-1-300x200.jpg 300w, https:\/\/cinemahouse.cz\/wp-content\/uploads\/2023\/10\/1-2-1-768x512.jpg 768w, https:\/\/cinemahouse.cz\/wp-content\/uploads\/2023\/10\/1-2-1-1536x1025.jpg 1536w, https:\/\/cinemahouse.cz\/wp-content\/uploads\/2023\/10\/1-2-1.jpg 2000w\" sizes=\"(max-width: 1024px) 100vw, 1024px\" \/><\/figure><\/div><\/figure>\n\n\n\n<div style=\"height:40px\" aria-hidden=\"true\" class=\"wp-block-spacer\"><\/div>\n\n\n\n<p><em>\u201eFilmem Tancuj, Matyldo nechceme moralizovat a \u0159\u00edkat, \u017ee sv\u011b\u0159it nemocn\u00e9ho do \u00fastavn\u00ed p\u00e9\u010de znamen\u00e1 selh\u00e1n\u00ed. Takov\u00e1 \u017eivotn\u00ed situace je nesm\u00edrn\u011b slo\u017eit\u00e1 a neexistuje pro ni univerz\u00e1ln\u00ed n\u00e1vod ani \u0159e\u0161en\u00ed. N\u00e1\u0161 film prim\u00e1rn\u011b nen\u00ed o Alzheimerov\u011b chorob\u011b, ta tu funguje jen jako ur\u010dit\u00fd katalyz\u00e1tor, jako moment, kter\u00fd \u010dlov\u011bka nut\u00ed p\u0159ehodnocovat sv\u00e9 \u017eivotn\u00ed priority a stav\u00ed ho p\u0159ed nutnost volby. Je o vztaz\u00edch uvnit\u0159 nep\u0159\u00edli\u0161 funk\u010dn\u00ed rodiny, do jej\u00edho\u017e \u017eivota nemoc fat\u00e1ln\u011b zas\u00e1hne. T\u00edm, \u017ee se s&nbsp;n\u00ed jednotliv\u00e9 postavy mus\u00ed n\u011bjak vyrovn\u00e1vat, maj\u00ed mo\u017enost nach\u00e1zet cestu nejen k&nbsp;t\u011bm druh\u00fdm, ale i sami k&nbsp;sob\u011b,\u201c <\/em><strong>dod\u00e1v\u00e1 re\u017eis\u00e9r Petr Slav\u00edk.<\/strong><\/p>\n\n\n\n<div style=\"height:40px\" aria-hidden=\"true\" class=\"wp-block-spacer\"><\/div>\n\n\n<div class=\"wp-block-image\">\n<figure class=\"aligncenter size-large\"><img decoding=\"async\" loading=\"lazy\" width=\"1024\" height=\"682\" src=\"https:\/\/cinemahouse.cz\/wp-content\/uploads\/2023\/10\/Regina-Razlova-jako-Matylda-LR-1024x682.jpg\" alt=\"Karel Roden a Regina R\u00e1zlov\u00e1 v\u00a0prvn\u00edch z\u00e1b\u011brech filmu Tancuj, Matyldo\" class=\"wp-image-5751\" srcset=\"https:\/\/cinemahouse.cz\/wp-content\/uploads\/2023\/10\/Regina-Razlova-jako-Matylda-LR-1024x682.jpg 1024w, https:\/\/cinemahouse.cz\/wp-content\/uploads\/2023\/10\/Regina-Razlova-jako-Matylda-LR-300x200.jpg 300w, https:\/\/cinemahouse.cz\/wp-content\/uploads\/2023\/10\/Regina-Razlova-jako-Matylda-LR-768x512.jpg 768w, https:\/\/cinemahouse.cz\/wp-content\/uploads\/2023\/10\/Regina-Razlova-jako-Matylda-LR-1536x1024.jpg 1536w, https:\/\/cinemahouse.cz\/wp-content\/uploads\/2023\/10\/Regina-Razlova-jako-Matylda-LR.jpg 2000w\" sizes=\"(max-width: 1024px) 100vw, 1024px\" \/><\/figure><\/div>\n\n\n<div style=\"height:40px\" aria-hidden=\"true\" class=\"wp-block-spacer\"><\/div>\n\n\n\n<p>Auto\u0159i sn\u00edmku Tancuj, Matyldo cht\u011bj\u00ed ve ve\u0159ejn\u00e9m prost\u0159ed\u00ed otev\u0159\u00edt debatu na t\u00e9ma osobn\u00ed zku\u0161enosti s&nbsp;nemoc\u00ed bl\u00edzk\u00fdch, kter\u00e9 st\u00e1le z\u016fst\u00e1v\u00e1 jak\u00fdmsi spole\u010densk\u00fdm tabu. Mezin\u00e1rodn\u00ed federace pro Alzheimerovu chorobu (ADI) sou\u010dasn\u011b v&nbsp;leto\u0161n\u00ed z\u00e1\u0159ijov\u00e9 kampani poukazuje na fakt, \u017ee ka\u017ed\u00e9 t\u0159i vte\u0159iny se u n\u011bkoho na sv\u011bt\u011b projev\u00ed n\u011bjak\u00fd typ demence. Po\u010det takov\u00fdch lid\u00ed na planet\u011b podle ADI p\u0159es\u00e1hl u\u017e 55 mili\u00f3n\u016f lid\u00ed. <em>\u201eHlavn\u00edm rizikov\u00fdm faktorem je v\u011bk, proto je n\u00e1r\u016fst tohoto celkov\u00e9ho po\u010dtu dan\u00fd zejm\u00e9na st\u00e1rnut\u00edm populace. D\u00edky osv\u011bt\u011b se da\u0159\u00ed zachytit nemocn\u00e9 v \u010dasn\u011bj\u0161\u00edch st\u00e1di\u00edch a je tak diagnostikov\u00e1no v\u00edce mlad\u00fdch lid\u00ed, u nich\u017e lze l\u00e9pe nemoc ovlivnit l\u00e9\u010debn\u011b nebo i sekund\u00e1rn\u00ed prevenc\u00ed,\u201c<\/em><strong>&nbsp;\u0159\u00edk\u00e1 neurolog Jakub Hort, kter\u00fd s&nbsp;tv\u016frci filmu Tancuj, Matyldo dlouhodob\u011b spolupracuje. <\/strong>Moto leto\u0161n\u00ed z\u00e1\u0159ijov\u00e9 celosv\u011btov\u00e9 kampan\u011b zam\u011b\u0159en\u00e9 na prevenci zn\u00ed \u201eNikdy nen\u00ed p\u0159\u00edli\u0161 brzy, nikdy nen\u00ed p\u0159\u00edli\u0161 pozd\u011b\u201c. Partnery osv\u011btov\u00e9 kampan\u011b k&nbsp;filmu Tancuj, Matyldo jsou neziskov\u00e1 organizace A DOMA, Alzheimer nada\u010dn\u00ed fond, Nada\u010dn\u00ed fond Se\u0148orina, \u010cesk\u00e1 alzheimerovsk\u00e1 spole\u010dnost, organizace Dementia, a International Neurodegenerative Disorders Research Center.<\/p>\n\n\n\n<div style=\"height:40px\" aria-hidden=\"true\" class=\"wp-block-spacer\"><\/div>\n\n\n\n<div class=\"wp-block-group is-layout-flow wp-block-group-is-layout-flow\"><div class=\"wp-block-group__inner-container\">\n<figure class=\"wp-block-gallery aligncenter has-nested-images columns-2 is-cropped wp-block-gallery-3 is-layout-flex wp-block-gallery-is-layout-flex\">\n<figure class=\"wp-block-image size-large\"><img decoding=\"async\" loading=\"lazy\" width=\"1024\" height=\"683\" src=\"https:\/\/cinemahouse.cz\/wp-content\/uploads\/2023\/10\/1-2-1-1024x683.jpg\" alt=\"Karel Roden a Regina R\u00e1zlov\u00e1 v\u00a0prvn\u00edch z\u00e1b\u011brech filmu Tancuj, Matyldo\" class=\"wp-image-5765\" srcset=\"https:\/\/cinemahouse.cz\/wp-content\/uploads\/2023\/10\/1-2-1-1024x683.jpg 1024w, https:\/\/cinemahouse.cz\/wp-content\/uploads\/2023\/10\/1-2-1-300x200.jpg 300w, https:\/\/cinemahouse.cz\/wp-content\/uploads\/2023\/10\/1-2-1-768x512.jpg 768w, https:\/\/cinemahouse.cz\/wp-content\/uploads\/2023\/10\/1-2-1-1536x1025.jpg 1536w, https:\/\/cinemahouse.cz\/wp-content\/uploads\/2023\/10\/1-2-1.jpg 2000w\" sizes=\"(max-width: 1024px) 100vw, 1024px\" \/><\/figure>\n\n\n\n<figure class=\"wp-block-image size-large\"><img decoding=\"async\" loading=\"lazy\" width=\"1024\" height=\"682\" src=\"https:\/\/cinemahouse.cz\/wp-content\/uploads\/2023\/10\/Antonio-Soposki-Tancuj-Matyldo-LR-2-1024x682.jpg\" alt=\"Karel Roden a Regina R\u00e1zlov\u00e1 v\u00a0prvn\u00edch z\u00e1b\u011brech filmu Tancuj, Matyldo\" class=\"wp-image-5762\" srcset=\"https:\/\/cinemahouse.cz\/wp-content\/uploads\/2023\/10\/Antonio-Soposki-Tancuj-Matyldo-LR-2-1024x682.jpg 1024w, https:\/\/cinemahouse.cz\/wp-content\/uploads\/2023\/10\/Antonio-Soposki-Tancuj-Matyldo-LR-2-300x200.jpg 300w, https:\/\/cinemahouse.cz\/wp-content\/uploads\/2023\/10\/Antonio-Soposki-Tancuj-Matyldo-LR-2-768x512.jpg 768w, https:\/\/cinemahouse.cz\/wp-content\/uploads\/2023\/10\/Antonio-Soposki-Tancuj-Matyldo-LR-2-1536x1024.jpg 1536w, https:\/\/cinemahouse.cz\/wp-content\/uploads\/2023\/10\/Antonio-Soposki-Tancuj-Matyldo-LR-2.jpg 2000w\" sizes=\"(max-width: 1024px) 100vw, 1024px\" \/><\/figure>\n\n\n\n<figure class=\"wp-block-image size-large\"><img decoding=\"async\" loading=\"lazy\" width=\"1024\" height=\"683\" src=\"https:\/\/cinemahouse.cz\/wp-content\/uploads\/2023\/10\/1-3-1-1024x683.jpg\" alt=\"Karel Roden a Regina R\u00e1zlov\u00e1 v\u00a0prvn\u00edch z\u00e1b\u011brech filmu Tancuj, Matyldo\" class=\"wp-image-5763\" srcset=\"https:\/\/cinemahouse.cz\/wp-content\/uploads\/2023\/10\/1-3-1-1024x683.jpg 1024w, https:\/\/cinemahouse.cz\/wp-content\/uploads\/2023\/10\/1-3-1-300x200.jpg 300w, https:\/\/cinemahouse.cz\/wp-content\/uploads\/2023\/10\/1-3-1-768x512.jpg 768w, https:\/\/cinemahouse.cz\/wp-content\/uploads\/2023\/10\/1-3-1-1536x1024.jpg 1536w, https:\/\/cinemahouse.cz\/wp-content\/uploads\/2023\/10\/1-3-1.jpg 2048w\" sizes=\"(max-width: 1024px) 100vw, 1024px\" \/><\/figure>\n\n\n\n<figure class=\"wp-block-image size-large\"><img decoding=\"async\" loading=\"lazy\" width=\"1024\" height=\"683\" src=\"https:\/\/cinemahouse.cz\/wp-content\/uploads\/2023\/10\/1-5-1024x683.jpg\" alt=\"Karel Roden a Regina R\u00e1zlov\u00e1 v\u00a0prvn\u00edch z\u00e1b\u011brech filmu Tancuj, Matyldo\" class=\"wp-image-5758\" srcset=\"https:\/\/cinemahouse.cz\/wp-content\/uploads\/2023\/10\/1-5-1024x683.jpg 1024w, https:\/\/cinemahouse.cz\/wp-content\/uploads\/2023\/10\/1-5-300x200.jpg 300w, https:\/\/cinemahouse.cz\/wp-content\/uploads\/2023\/10\/1-5-768x512.jpg 768w, https:\/\/cinemahouse.cz\/wp-content\/uploads\/2023\/10\/1-5-1536x1025.jpg 1536w, https:\/\/cinemahouse.cz\/wp-content\/uploads\/2023\/10\/1-5.jpg 2000w\" sizes=\"(max-width: 1024px) 100vw, 1024px\" \/><\/figure>\n\n\n\n<figure class=\"wp-block-image size-large\"><img decoding=\"async\" loading=\"lazy\" width=\"1024\" height=\"683\" src=\"https:\/\/cinemahouse.cz\/wp-content\/uploads\/2023\/10\/1-1-1-1024x683.jpg\" alt=\"Karel Roden a Regina R\u00e1zlov\u00e1 v\u00a0prvn\u00edch z\u00e1b\u011brech filmu Tancuj, Matyldo\" class=\"wp-image-5760\" srcset=\"https:\/\/cinemahouse.cz\/wp-content\/uploads\/2023\/10\/1-1-1-1024x683.jpg 1024w, https:\/\/cinemahouse.cz\/wp-content\/uploads\/2023\/10\/1-1-1-300x200.jpg 300w, https:\/\/cinemahouse.cz\/wp-content\/uploads\/2023\/10\/1-1-1-768x512.jpg 768w, https:\/\/cinemahouse.cz\/wp-content\/uploads\/2023\/10\/1-1-1.jpg 1500w\" sizes=\"(max-width: 1024px) 100vw, 1024px\" \/><\/figure>\n\n\n\n<figure class=\"wp-block-image size-large\"><img decoding=\"async\" loading=\"lazy\" width=\"1024\" height=\"682\" src=\"https:\/\/cinemahouse.cz\/wp-content\/uploads\/2023\/10\/Regina-Razlova-jako-Matylda-LR-1024x682.jpg\" alt=\"Karel Roden a Regina R\u00e1zlov\u00e1 v\u00a0prvn\u00edch z\u00e1b\u011brech filmu Tancuj, Matyldo\" class=\"wp-image-5751\" srcset=\"https:\/\/cinemahouse.cz\/wp-content\/uploads\/2023\/10\/Regina-Razlova-jako-Matylda-LR-1024x682.jpg 1024w, https:\/\/cinemahouse.cz\/wp-content\/uploads\/2023\/10\/Regina-Razlova-jako-Matylda-LR-300x200.jpg 300w, https:\/\/cinemahouse.cz\/wp-content\/uploads\/2023\/10\/Regina-Razlova-jako-Matylda-LR-768x512.jpg 768w, https:\/\/cinemahouse.cz\/wp-content\/uploads\/2023\/10\/Regina-Razlova-jako-Matylda-LR-1536x1024.jpg 1536w, https:\/\/cinemahouse.cz\/wp-content\/uploads\/2023\/10\/Regina-Razlova-jako-Matylda-LR.jpg 2000w\" sizes=\"(max-width: 1024px) 100vw, 1024px\" \/><\/figure>\n<\/figure>\n<\/div><\/div>\n\n\n\n<div style=\"height:29px\" aria-hidden=\"true\" class=\"wp-block-spacer\"><\/div>\n\n\n\n<p><strong>Zdroj foto a video:&nbsp;<\/strong>Bontonfilm<\/p>\n\n\n\n<div style=\"height:29px\" aria-hidden=\"true\" class=\"wp-block-spacer\"><\/div>\n","protected":false},"excerpt":{"rendered":"<p>Ke Sv\u011btov\u00e9mu dni Alzheimerovy choroby filma\u0159i odhalili prvn\u00ed uk\u00e1zku z\u00a0filmu Tancuj, Matyldo inspirovan\u00e9ho skute\u010dnou ud\u00e1lost\u00ed. A dnes ji nab\u00edz\u00edme i v\u00e1m. Pod\u00edvejte se na prvn\u00ed z\u00e1b\u011bry z filmu. Kdy\u017e se scen\u00e1ristka Nata\u0161a Slav\u00edkov\u00e1 a&#46;&#46;&#46;<\/p>\n","protected":false},"author":7,"featured_media":5758,"comment_status":"closed","ping_status":"closed","sticky":false,"template":"","format":"standard","meta":{"_monsterinsights_skip_tracking":false,"_monsterinsights_sitenote_active":false,"_monsterinsights_sitenote_note":"","_monsterinsights_sitenote_category":0,"footnotes":""},"categories":[3,12,2,13,5],"tags":[],"yoast_head":"<!-- This site is optimized with the Yoast SEO plugin v21.4 - https:\/\/yoast.com\/wordpress\/plugins\/seo\/ -->\n<title>Karel Roden a Regina R\u00e1zlov\u00e1 v\u00a0prvn\u00edch z\u00e1b\u011brech filmu Tancuj, Matyldo - CINEMAHOUSE.cz<\/title>\n<meta name=\"description\" content=\"Karel Roden a Regina R\u00e1zlov\u00e1 v\u00a0prvn\u00edch z\u00e1b\u011brech filmu Tancuj, Matyldo. Ke Sv\u011btov\u00e9mu dni Alzheimerovy choroby filma\u0159i odhalili prvn\u00ed uk\u00e1zku.\" \/>\n<meta name=\"robots\" content=\"index, follow, max-snippet:-1, max-image-preview:large, max-video-preview:-1\" \/>\n<link rel=\"canonical\" href=\"https:\/\/cinemahouse.cz\/index.php\/2023\/10\/10\/karel-roden-a-regina-razlova-v-prvnich-zaberech-filmu-tancuj-matyldo\/\" \/>\n<meta property=\"og:locale\" content=\"cs_CZ\" \/>\n<meta property=\"og:type\" content=\"article\" \/>\n<meta property=\"og:title\" content=\"Karel Roden a Regina R\u00e1zlov\u00e1 v\u00a0prvn\u00edch z\u00e1b\u011brech filmu Tancuj, Matyldo - CINEMAHOUSE.cz\" \/>\n<meta property=\"og:description\" content=\"Karel Roden a Regina R\u00e1zlov\u00e1 v\u00a0prvn\u00edch z\u00e1b\u011brech filmu Tancuj, Matyldo. Ke Sv\u011btov\u00e9mu dni Alzheimerovy choroby filma\u0159i odhalili prvn\u00ed uk\u00e1zku.\" \/>\n<meta property=\"og:url\" content=\"https:\/\/cinemahouse.cz\/index.php\/2023\/10\/10\/karel-roden-a-regina-razlova-v-prvnich-zaberech-filmu-tancuj-matyldo\/\" \/>\n<meta property=\"og:site_name\" content=\"CINEMAHOUSE.cz\" \/>\n<meta property=\"article:published_time\" content=\"2023-10-09T22:01:00+00:00\" \/>\n<meta property=\"article:modified_time\" content=\"2023-10-19T00:08:30+00:00\" \/>\n<meta property=\"og:image\" content=\"https:\/\/cinemahouse.cz\/wp-content\/uploads\/2023\/10\/1-5.jpg\" \/>\n\t<meta property=\"og:image:width\" content=\"2000\" \/>\n\t<meta property=\"og:image:height\" content=\"1334\" \/>\n\t<meta property=\"og:image:type\" content=\"image\/jpeg\" \/>\n<meta name=\"author\" content=\"Martina Pechov\u00e1\" \/>\n<meta name=\"twitter:card\" content=\"summary_large_image\" \/>\n<meta name=\"twitter:label1\" content=\"Napsal(a)\" \/>\n\t<meta name=\"twitter:data1\" content=\"Martina Pechov\u00e1\" \/>\n\t<meta name=\"twitter:label2\" content=\"Odhadovan\u00e1 doba \u010dten\u00ed\" \/>\n\t<meta name=\"twitter:data2\" content=\"6 minut\" \/>\n<script type=\"application\/ld+json\" class=\"yoast-schema-graph\">{\"@context\":\"https:\/\/schema.org\",\"@graph\":[{\"@type\":\"Article\",\"@id\":\"https:\/\/cinemahouse.cz\/index.php\/2023\/10\/10\/karel-roden-a-regina-razlova-v-prvnich-zaberech-filmu-tancuj-matyldo\/#article\",\"isPartOf\":{\"@id\":\"https:\/\/cinemahouse.cz\/index.php\/2023\/10\/10\/karel-roden-a-regina-razlova-v-prvnich-zaberech-filmu-tancuj-matyldo\/\"},\"author\":{\"name\":\"Martina Pechov\u00e1\",\"@id\":\"https:\/\/cinemahouse.cz\/#\/schema\/person\/8e894bed58c7bf0d7b179ae61a79027e\"},\"headline\":\"Karel Roden a Regina R\u00e1zlov\u00e1 v\u00a0prvn\u00edch z\u00e1b\u011brech filmu Tancuj, Matyldo\",\"datePublished\":\"2023-10-09T22:01:00+00:00\",\"dateModified\":\"2023-10-19T00:08:30+00:00\",\"mainEntityOfPage\":{\"@id\":\"https:\/\/cinemahouse.cz\/index.php\/2023\/10\/10\/karel-roden-a-regina-razlova-v-prvnich-zaberech-filmu-tancuj-matyldo\/\"},\"wordCount\":906,\"publisher\":{\"@id\":\"https:\/\/cinemahouse.cz\/#organization\"},\"articleSection\":[\"FILMOV\u00c9 NOVINKY\",\"FILMY, SERI\u00c1LY a TV\",\"NEWS\",\"TIPY a TRENDY\",\"TRAILERY\"],\"inLanguage\":\"cs\"},{\"@type\":\"WebPage\",\"@id\":\"https:\/\/cinemahouse.cz\/index.php\/2023\/10\/10\/karel-roden-a-regina-razlova-v-prvnich-zaberech-filmu-tancuj-matyldo\/\",\"url\":\"https:\/\/cinemahouse.cz\/index.php\/2023\/10\/10\/karel-roden-a-regina-razlova-v-prvnich-zaberech-filmu-tancuj-matyldo\/\",\"name\":\"Karel Roden a Regina R\u00e1zlov\u00e1 v\u00a0prvn\u00edch z\u00e1b\u011brech filmu Tancuj, Matyldo - CINEMAHOUSE.cz\",\"isPartOf\":{\"@id\":\"https:\/\/cinemahouse.cz\/#website\"},\"datePublished\":\"2023-10-09T22:01:00+00:00\",\"dateModified\":\"2023-10-19T00:08:30+00:00\",\"description\":\"Karel Roden a Regina R\u00e1zlov\u00e1 v\u00a0prvn\u00edch z\u00e1b\u011brech filmu Tancuj, Matyldo. Ke Sv\u011btov\u00e9mu dni Alzheimerovy choroby filma\u0159i odhalili prvn\u00ed uk\u00e1zku.\",\"breadcrumb\":{\"@id\":\"https:\/\/cinemahouse.cz\/index.php\/2023\/10\/10\/karel-roden-a-regina-razlova-v-prvnich-zaberech-filmu-tancuj-matyldo\/#breadcrumb\"},\"inLanguage\":\"cs\",\"potentialAction\":[{\"@type\":\"ReadAction\",\"target\":[\"https:\/\/cinemahouse.cz\/index.php\/2023\/10\/10\/karel-roden-a-regina-razlova-v-prvnich-zaberech-filmu-tancuj-matyldo\/\"]}]},{\"@type\":\"BreadcrumbList\",\"@id\":\"https:\/\/cinemahouse.cz\/index.php\/2023\/10\/10\/karel-roden-a-regina-razlova-v-prvnich-zaberech-filmu-tancuj-matyldo\/#breadcrumb\",\"itemListElement\":[{\"@type\":\"ListItem\",\"position\":1,\"name\":\"Dom\u016f\",\"item\":\"https:\/\/cinemahouse.cz\/\"},{\"@type\":\"ListItem\",\"position\":2,\"name\":\"Karel Roden a Regina R\u00e1zlov\u00e1 v\u00a0prvn\u00edch z\u00e1b\u011brech filmu Tancuj, Matyldo\"}]},{\"@type\":\"WebSite\",\"@id\":\"https:\/\/cinemahouse.cz\/#website\",\"url\":\"https:\/\/cinemahouse.cz\/\",\"name\":\"CINEMAHOUSE.cz\",\"description\":\"Port\u00e1l o filmov\u00fdch novink\u00e1ch\",\"publisher\":{\"@id\":\"https:\/\/cinemahouse.cz\/#organization\"},\"potentialAction\":[{\"@type\":\"SearchAction\",\"target\":{\"@type\":\"EntryPoint\",\"urlTemplate\":\"https:\/\/cinemahouse.cz\/?s={search_term_string}\"},\"query-input\":\"required name=search_term_string\"}],\"inLanguage\":\"cs\"},{\"@type\":\"Organization\",\"@id\":\"https:\/\/cinemahouse.cz\/#organization\",\"name\":\"CINEMAHOUSE.cz\",\"url\":\"https:\/\/cinemahouse.cz\/\",\"logo\":{\"@type\":\"ImageObject\",\"inLanguage\":\"cs\",\"@id\":\"https:\/\/cinemahouse.cz\/#\/schema\/logo\/image\/\",\"url\":\"https:\/\/cinemahouse.cz\/wp-content\/uploads\/2024\/12\/cropped-Logo_CinemaHouse.jpg\",\"contentUrl\":\"https:\/\/cinemahouse.cz\/wp-content\/uploads\/2024\/12\/cropped-Logo_CinemaHouse.jpg\",\"width\":926,\"height\":467,\"caption\":\"CINEMAHOUSE.cz\"},\"image\":{\"@id\":\"https:\/\/cinemahouse.cz\/#\/schema\/logo\/image\/\"}},{\"@type\":\"Person\",\"@id\":\"https:\/\/cinemahouse.cz\/#\/schema\/person\/8e894bed58c7bf0d7b179ae61a79027e\",\"name\":\"Martina Pechov\u00e1\",\"image\":{\"@type\":\"ImageObject\",\"inLanguage\":\"cs\",\"@id\":\"https:\/\/cinemahouse.cz\/#\/schema\/person\/image\/\",\"url\":\"https:\/\/secure.gravatar.com\/avatar\/d3ad7f43789eed68b221d01c6d7ac4e5?s=96&d=mm&r=g\",\"contentUrl\":\"https:\/\/secure.gravatar.com\/avatar\/d3ad7f43789eed68b221d01c6d7ac4e5?s=96&d=mm&r=g\",\"caption\":\"Martina Pechov\u00e1\"},\"sameAs\":[\"http:\/\/CINEMAHOUSE.cz\"],\"url\":\"https:\/\/cinemahouse.cz\/index.php\/author\/marpech\/\"}]}<\/script>\n<!-- \/ Yoast SEO plugin. -->","yoast_head_json":{"title":"Karel Roden a Regina R\u00e1zlov\u00e1 v\u00a0prvn\u00edch z\u00e1b\u011brech filmu Tancuj, Matyldo - CINEMAHOUSE.cz","description":"Karel Roden a Regina R\u00e1zlov\u00e1 v\u00a0prvn\u00edch z\u00e1b\u011brech filmu Tancuj, Matyldo. Ke Sv\u011btov\u00e9mu dni Alzheimerovy choroby filma\u0159i odhalili prvn\u00ed uk\u00e1zku.","robots":{"index":"index","follow":"follow","max-snippet":"max-snippet:-1","max-image-preview":"max-image-preview:large","max-video-preview":"max-video-preview:-1"},"canonical":"https:\/\/cinemahouse.cz\/index.php\/2023\/10\/10\/karel-roden-a-regina-razlova-v-prvnich-zaberech-filmu-tancuj-matyldo\/","og_locale":"cs_CZ","og_type":"article","og_title":"Karel Roden a Regina R\u00e1zlov\u00e1 v\u00a0prvn\u00edch z\u00e1b\u011brech filmu Tancuj, Matyldo - CINEMAHOUSE.cz","og_description":"Karel Roden a Regina R\u00e1zlov\u00e1 v\u00a0prvn\u00edch z\u00e1b\u011brech filmu Tancuj, Matyldo. Ke Sv\u011btov\u00e9mu dni Alzheimerovy choroby filma\u0159i odhalili prvn\u00ed uk\u00e1zku.","og_url":"https:\/\/cinemahouse.cz\/index.php\/2023\/10\/10\/karel-roden-a-regina-razlova-v-prvnich-zaberech-filmu-tancuj-matyldo\/","og_site_name":"CINEMAHOUSE.cz","article_published_time":"2023-10-09T22:01:00+00:00","article_modified_time":"2023-10-19T00:08:30+00:00","og_image":[{"width":2000,"height":1334,"url":"https:\/\/cinemahouse.cz\/wp-content\/uploads\/2023\/10\/1-5.jpg","type":"image\/jpeg"}],"author":"Martina Pechov\u00e1","twitter_card":"summary_large_image","twitter_misc":{"Napsal(a)":"Martina Pechov\u00e1","Odhadovan\u00e1 doba \u010dten\u00ed":"6 minut"},"schema":{"@context":"https:\/\/schema.org","@graph":[{"@type":"Article","@id":"https:\/\/cinemahouse.cz\/index.php\/2023\/10\/10\/karel-roden-a-regina-razlova-v-prvnich-zaberech-filmu-tancuj-matyldo\/#article","isPartOf":{"@id":"https:\/\/cinemahouse.cz\/index.php\/2023\/10\/10\/karel-roden-a-regina-razlova-v-prvnich-zaberech-filmu-tancuj-matyldo\/"},"author":{"name":"Martina Pechov\u00e1","@id":"https:\/\/cinemahouse.cz\/#\/schema\/person\/8e894bed58c7bf0d7b179ae61a79027e"},"headline":"Karel Roden a Regina R\u00e1zlov\u00e1 v\u00a0prvn\u00edch z\u00e1b\u011brech filmu Tancuj, Matyldo","datePublished":"2023-10-09T22:01:00+00:00","dateModified":"2023-10-19T00:08:30+00:00","mainEntityOfPage":{"@id":"https:\/\/cinemahouse.cz\/index.php\/2023\/10\/10\/karel-roden-a-regina-razlova-v-prvnich-zaberech-filmu-tancuj-matyldo\/"},"wordCount":906,"publisher":{"@id":"https:\/\/cinemahouse.cz\/#organization"},"articleSection":["FILMOV\u00c9 NOVINKY","FILMY, SERI\u00c1LY a TV","NEWS","TIPY a TRENDY","TRAILERY"],"inLanguage":"cs"},{"@type":"WebPage","@id":"https:\/\/cinemahouse.cz\/index.php\/2023\/10\/10\/karel-roden-a-regina-razlova-v-prvnich-zaberech-filmu-tancuj-matyldo\/","url":"https:\/\/cinemahouse.cz\/index.php\/2023\/10\/10\/karel-roden-a-regina-razlova-v-prvnich-zaberech-filmu-tancuj-matyldo\/","name":"Karel Roden a Regina R\u00e1zlov\u00e1 v\u00a0prvn\u00edch z\u00e1b\u011brech filmu Tancuj, Matyldo - CINEMAHOUSE.cz","isPartOf":{"@id":"https:\/\/cinemahouse.cz\/#website"},"datePublished":"2023-10-09T22:01:00+00:00","dateModified":"2023-10-19T00:08:30+00:00","description":"Karel Roden a Regina R\u00e1zlov\u00e1 v\u00a0prvn\u00edch z\u00e1b\u011brech filmu Tancuj, Matyldo. Ke Sv\u011btov\u00e9mu dni Alzheimerovy choroby filma\u0159i odhalili prvn\u00ed uk\u00e1zku.","breadcrumb":{"@id":"https:\/\/cinemahouse.cz\/index.php\/2023\/10\/10\/karel-roden-a-regina-razlova-v-prvnich-zaberech-filmu-tancuj-matyldo\/#breadcrumb"},"inLanguage":"cs","potentialAction":[{"@type":"ReadAction","target":["https:\/\/cinemahouse.cz\/index.php\/2023\/10\/10\/karel-roden-a-regina-razlova-v-prvnich-zaberech-filmu-tancuj-matyldo\/"]}]},{"@type":"BreadcrumbList","@id":"https:\/\/cinemahouse.cz\/index.php\/2023\/10\/10\/karel-roden-a-regina-razlova-v-prvnich-zaberech-filmu-tancuj-matyldo\/#breadcrumb","itemListElement":[{"@type":"ListItem","position":1,"name":"Dom\u016f","item":"https:\/\/cinemahouse.cz\/"},{"@type":"ListItem","position":2,"name":"Karel Roden a Regina R\u00e1zlov\u00e1 v\u00a0prvn\u00edch z\u00e1b\u011brech filmu Tancuj, Matyldo"}]},{"@type":"WebSite","@id":"https:\/\/cinemahouse.cz\/#website","url":"https:\/\/cinemahouse.cz\/","name":"CINEMAHOUSE.cz","description":"Port\u00e1l o filmov\u00fdch novink\u00e1ch","publisher":{"@id":"https:\/\/cinemahouse.cz\/#organization"},"potentialAction":[{"@type":"SearchAction","target":{"@type":"EntryPoint","urlTemplate":"https:\/\/cinemahouse.cz\/?s={search_term_string}"},"query-input":"required name=search_term_string"}],"inLanguage":"cs"},{"@type":"Organization","@id":"https:\/\/cinemahouse.cz\/#organization","name":"CINEMAHOUSE.cz","url":"https:\/\/cinemahouse.cz\/","logo":{"@type":"ImageObject","inLanguage":"cs","@id":"https:\/\/cinemahouse.cz\/#\/schema\/logo\/image\/","url":"https:\/\/cinemahouse.cz\/wp-content\/uploads\/2024\/12\/cropped-Logo_CinemaHouse.jpg","contentUrl":"https:\/\/cinemahouse.cz\/wp-content\/uploads\/2024\/12\/cropped-Logo_CinemaHouse.jpg","width":926,"height":467,"caption":"CINEMAHOUSE.cz"},"image":{"@id":"https:\/\/cinemahouse.cz\/#\/schema\/logo\/image\/"}},{"@type":"Person","@id":"https:\/\/cinemahouse.cz\/#\/schema\/person\/8e894bed58c7bf0d7b179ae61a79027e","name":"Martina Pechov\u00e1","image":{"@type":"ImageObject","inLanguage":"cs","@id":"https:\/\/cinemahouse.cz\/#\/schema\/person\/image\/","url":"https:\/\/secure.gravatar.com\/avatar\/d3ad7f43789eed68b221d01c6d7ac4e5?s=96&d=mm&r=g","contentUrl":"https:\/\/secure.gravatar.com\/avatar\/d3ad7f43789eed68b221d01c6d7ac4e5?s=96&d=mm&r=g","caption":"Martina Pechov\u00e1"},"sameAs":["http:\/\/CINEMAHOUSE.cz"],"url":"https:\/\/cinemahouse.cz\/index.php\/author\/marpech\/"}]}},"_links":{"self":[{"href":"https:\/\/cinemahouse.cz\/index.php\/wp-json\/wp\/v2\/posts\/5748"}],"collection":[{"href":"https:\/\/cinemahouse.cz\/index.php\/wp-json\/wp\/v2\/posts"}],"about":[{"href":"https:\/\/cinemahouse.cz\/index.php\/wp-json\/wp\/v2\/types\/post"}],"author":[{"embeddable":true,"href":"https:\/\/cinemahouse.cz\/index.php\/wp-json\/wp\/v2\/users\/7"}],"replies":[{"embeddable":true,"href":"https:\/\/cinemahouse.cz\/index.php\/wp-json\/wp\/v2\/comments?post=5748"}],"version-history":[{"count":6,"href":"https:\/\/cinemahouse.cz\/index.php\/wp-json\/wp\/v2\/posts\/5748\/revisions"}],"predecessor-version":[{"id":5786,"href":"https:\/\/cinemahouse.cz\/index.php\/wp-json\/wp\/v2\/posts\/5748\/revisions\/5786"}],"wp:featuredmedia":[{"embeddable":true,"href":"https:\/\/cinemahouse.cz\/index.php\/wp-json\/wp\/v2\/media\/5758"}],"wp:attachment":[{"href":"https:\/\/cinemahouse.cz\/index.php\/wp-json\/wp\/v2\/media?parent=5748"}],"wp:term":[{"taxonomy":"category","embeddable":true,"href":"https:\/\/cinemahouse.cz\/index.php\/wp-json\/wp\/v2\/categories?post=5748"},{"taxonomy":"post_tag","embeddable":true,"href":"https:\/\/cinemahouse.cz\/index.php\/wp-json\/wp\/v2\/tags?post=5748"}],"curies":[{"name":"wp","href":"https:\/\/api.w.org\/{rel}","templated":true}]}}