{"id":5306,"date":"2023-09-07T00:01:00","date_gmt":"2023-09-06T22:01:00","guid":{"rendered":"https:\/\/cinemahouse.cz\/?p=5306"},"modified":"2023-09-05T15:37:43","modified_gmt":"2023-09-05T13:37:43","slug":"prvni-zabery-z-komedie-lita-v-tom-s-krystofem-hadkem-a-kristinou-svarinskou","status":"publish","type":"post","link":"https:\/\/cinemahouse.cz\/index.php\/2023\/09\/07\/prvni-zabery-z-komedie-lita-v-tom-s-krystofem-hadkem-a-kristinou-svarinskou\/","title":{"rendered":"Prvn\u00ed z\u00e1b\u011bry z komedie \u201eL\u00edt\u00e1 v tom\u201c s Kry\u0161tofem H\u00e1dkem a Kristinou Svarinskou."},"content":{"rendered":"\n<div style=\"height:44px\" aria-hidden=\"true\" class=\"wp-block-spacer\"><\/div>\n\n\n\n<p><strong>Kry\u0161tof H\u00e1dek a Kristina Svarinsk\u00e1 znovu spolu &#8211; Prvn\u00ed z\u00e1b\u011bry z\u00a0komedie \u201eL\u00edt\u00e1 v\u00a0tom\u201c. Film vstoup\u00ed do kin na V\u00e1noce 21. prosince 2023.<\/strong><\/p>\n\n\n\n<div style=\"height:46px\" aria-hidden=\"true\" class=\"wp-block-spacer\"><\/div>\n\n\n\n<div class=\"wp-block-image\"><figure class=\"aligncenter size-large\"><img decoding=\"async\" loading=\"lazy\" width=\"1024\" height=\"683\" src=\"https:\/\/cinemahouse.cz\/wp-content\/uploads\/2023\/09\/Foto-1_foto-Zuzana-Gucmanova-1024x683.jpg\" alt=\"\" class=\"wp-image-5313\" srcset=\"https:\/\/cinemahouse.cz\/wp-content\/uploads\/2023\/09\/Foto-1_foto-Zuzana-Gucmanova-1024x683.jpg 1024w, https:\/\/cinemahouse.cz\/wp-content\/uploads\/2023\/09\/Foto-1_foto-Zuzana-Gucmanova-300x200.jpg 300w, https:\/\/cinemahouse.cz\/wp-content\/uploads\/2023\/09\/Foto-1_foto-Zuzana-Gucmanova-768x512.jpg 768w, https:\/\/cinemahouse.cz\/wp-content\/uploads\/2023\/09\/Foto-1_foto-Zuzana-Gucmanova.jpg 1500w\" sizes=\"(max-width: 1024px) 100vw, 1024px\" \/><\/figure><\/div>\n\n\n\n<div style=\"height:34px\" aria-hidden=\"true\" class=\"wp-block-spacer\"><\/div>\n\n\n\n<p>Kry\u0161tof H\u00e1dek a Kristina Svarinsk\u00e1 se po spole\u010dn\u00e9m p\u016fsoben\u00ed v&nbsp;seri\u00e1lu Volha znovu sejdou. Tentokr\u00e1t na filmov\u00e9m pl\u00e1tn\u011b v&nbsp;hlavn\u00edch rol\u00edch nov\u00e9 filmov\u00e9 komedii re\u017eis\u00e9ra Tom\u00e1\u0161e Diani\u0161ky s&nbsp;n\u00e1zvem \u201eL\u00edt\u00e1 v&nbsp;tom\u201c. Jejich role budou o pozn\u00e1n\u00ed sympati\u010dt\u011bj\u0161\u00ed a prvn\u00ed z\u00e1b\u011bry z&nbsp;filmu nazna\u010duj\u00ed, \u017ee by to mezi nimi m\u011blo jisk\u0159it.<\/p>\n\n\n\n<p>Postava Kry\u0161tofa H\u00e1dka neum\u00ed moc dob\u0159e chodit v\u00a0milostn\u00fdch vztaz\u00edch, hlavou toti\u017e l\u00edt\u00e1 kdesi v\u00a0oblac\u00edch, miluje v\u011bdu, vesm\u00edr a kosmonautiku a jeho v\u00e1\u0161e\u0148 je nakonec v\u017edy na prvn\u00edm m\u00edst\u011b. Pak ale bude pot\u0159ebovat n\u011bkoho, kdo p\u0159ed jeho maminkou sehraje roli p\u0159\u00edtelkyn\u011b a snoubenky. Domluv\u00ed se proto s\u00a0prosto\u0159ekou sousedkou, t\u011bhotnou stript\u00e9rkou z\u00a0Apolla. Jedna nevinn\u00e1 le\u017e ale strhne lavinu nedorozum\u011bn\u00ed. V\u00a0dal\u0161\u00edch rol\u00edch se p\u0159edstav\u00ed Ta\u0165jana Medveck\u00e1, Anna Pol\u00edvkov\u00e1, Sandra Nov\u00e1kov\u00e1, Filip Rajmont, Pavel Soukup, Miroslav Noga nebo Gabriela Mikulkov\u00e1.<\/p>\n\n\n\n<div style=\"height:34px\" aria-hidden=\"true\" class=\"wp-block-spacer\"><\/div>\n\n\n\n<figure class=\"wp-block-embed-youtube wp-block-embed is-type-video is-provider-youtube wp-embed-aspect-16-9 wp-has-aspect-ratio\"><div class=\"wp-block-embed__wrapper\">\n<div class=\"video-container\"><iframe loading=\"lazy\" title=\"L\u00edt\u00e1 v tom (2023) - TEASER TRAILER\" width=\"500\" height=\"281\" src=\"https:\/\/www.youtube.com\/embed\/UjmfJXpitms?list=PLMjX-mAaDj_mnrFNZjRFmpjOlqS5FU9ye\" frameborder=\"0\" allow=\"accelerometer; autoplay; clipboard-write; encrypted-media; gyroscope; picture-in-picture; web-share\" allowfullscreen><\/iframe><\/div>\n<\/div><\/figure>\n\n\n\n<div style=\"height:34px\" aria-hidden=\"true\" class=\"wp-block-spacer\"><\/div>\n\n\n\n<p>\u201e<em>Moje postava je u\u017e takovej star\u0161\u00ed kocour, co <\/em><em>nem\u00e1 moc \u0161t\u011bst\u00ed na l\u00e1sku. Vlastn\u011b mu jeho vztahy nevych\u00e1zej\u00ed pr\u00e1v\u011b kv\u016fli jemu samotn\u00e9mu. Ostatn\u011b i ve filmu \u0159\u00edk\u00e1, \u017ee jedin\u00e1 \u017eena, se kterou vych\u00e1z\u00ed, je jeho maminka. Ale pak se jeho \u017eivot obr\u00e1t\u00ed naruby,\u201c<\/em> \u0159\u00edk\u00e1 ke sv\u00e9 roli Kry\u0161tof H\u00e1dek.<\/p>\n\n\n\n<p>Kristina Svarinsk\u00e1 hraje \u017eivelnou Nat\u00e1lii, b\u00fdvalou stript\u00e9rku, kter\u00e1 souhlas\u00ed, \u017ee se bude chv\u00edli tv\u00e1\u0159it jako p\u0159\u00edtelkyn\u011b hlavn\u00edho hrdiny. \u201e<em>Nat\u00e1lie je velmi z\u00e1bavn\u00e1, sv\u00fdm zp\u016fsobem bezstarostn\u00e1, spont\u00e1nn\u00ed a p\u0159\u00edmo\u010dar\u00e1. Bav\u00ed m\u011b, \u017ee si na nic nehraje a bere \u017eivot tak, jak p\u0159ijde,\u201c<\/em> vid\u00ed svoji postavu Kristina Svarinsk\u00e1.<\/p>\n\n\n\n<p>\u201e<em>U\u017e na kamerov\u00fdch testech bylo poznat, \u017ee k sob\u011b maj\u00ed bl\u00edzko,<\/em>\u201c p\u0159ibli\u017euje pot\u0159ebnou hereckou chemii hlavn\u00edch p\u0159edstavitel\u016f re\u017eis\u00e9r Tom\u00e1\u0161 Diani\u0161ka. Diani\u0161ka je popul\u00e1rn\u00ed a cen\u011bn\u00fd divadeln\u00ed tv\u016frce, jeho hry jsou z&nbsp;velk\u00e9 \u010d\u00e1sti zalo\u017eeny na humoru a filmov\u00fdch odkazech a parafr\u00e1z\u00edch. \u201eL\u00edt\u00e1 v&nbsp;tom\u201c by proto m\u011bla b\u00fdt v\u00edce komedie, ne\u017e romantika. \u201e<em>Film m\u00e1 v\u00fdbornou bl\u00e1znivou \u00fast\u0159edn\u00ed z\u00e1pletku. V\u00edc, ne\u017e o romantiku, jsme se sna\u017eili <\/em><em>o komedii s romantickou linkou. Vybudovat vtipnou komedii je podle m\u011b mnohem z\u00e1bavn\u011bj\u0161\u00ed, ale ve fin\u00e1le i slo\u017eit\u011bj\u0161\u00ed, ne\u017e romantiku,\u201c <\/em>dopl\u0148uje Diani\u0161ka k&nbsp;pojet\u00ed filmu<em>.<\/em><\/p>\n\n\n\n<p>\u201e<em>Sc\u00e9n\u00e1\u0159 m\u011b hodn\u011b bavil. M\u011bla by to b\u00fdt trochu netradi\u010dn\u00ed romantick\u00e1 komedie. Dodr\u017euje n\u011bjak\u00e1 dan\u00e1 pravidla romantick\u00fdch komedi\u00ed, ale nebude to \u00fapln\u00e1 sla\u010f\u00e1rna, mysl\u00edm, \u017ee to bude docela z\u00e1bavn\u00e1 j\u00edzda<\/em>,\u201c popisuje samotn\u00fd film H\u00e1dek.<\/p>\n\n\n\n<p>V\u00fdrazn\u00fdm t\u00e9matem filmu je astronomie, kosmonautika a l\u00e1ska k&nbsp;vesm\u00edru a hv\u011bzd\u00e1m, hlavn\u00ed postava filmu se u\u017e od d\u011btstv\u00ed se chce st\u00e1t astronautem. Posledn\u00ed klapka filmu padla v&nbsp;pra\u017esk\u00e9m planet\u00e1riu ve Stromovce, kde si Kry\u0161tof H\u00e1dek vyzkou\u0161el skafandr, trena\u017eery pro kosmonauty i kokpit raketopl\u00e1nu Apollo 11.<\/p>\n\n\n\n<div style=\"height:34px\" aria-hidden=\"true\" class=\"wp-block-spacer\"><\/div>\n\n\n\n<div class=\"wp-block-image\"><figure class=\"aligncenter size-large\"><img decoding=\"async\" loading=\"lazy\" width=\"1024\" height=\"683\" src=\"https:\/\/cinemahouse.cz\/wp-content\/uploads\/2023\/09\/Posledni-klapka-Foto-2_foto-Marco-Chiodi-1024x683.jpg\" alt=\"\" class=\"wp-image-5308\" srcset=\"https:\/\/cinemahouse.cz\/wp-content\/uploads\/2023\/09\/Posledni-klapka-Foto-2_foto-Marco-Chiodi-1024x683.jpg 1024w, https:\/\/cinemahouse.cz\/wp-content\/uploads\/2023\/09\/Posledni-klapka-Foto-2_foto-Marco-Chiodi-300x200.jpg 300w, https:\/\/cinemahouse.cz\/wp-content\/uploads\/2023\/09\/Posledni-klapka-Foto-2_foto-Marco-Chiodi-768x512.jpg 768w, https:\/\/cinemahouse.cz\/wp-content\/uploads\/2023\/09\/Posledni-klapka-Foto-2_foto-Marco-Chiodi.jpg 1500w\" sizes=\"(max-width: 1024px) 100vw, 1024px\" \/><\/figure><\/div>\n\n\n\n<div style=\"height:34px\" aria-hidden=\"true\" class=\"wp-block-spacer\"><\/div>\n\n\n\n<h3 class=\"wp-block-heading\">O filmu<\/h3>\n\n\n\n<p>Co v\u0161echno se m\u016f\u017ee st\u00e1t, kdy\u017e se zapletete do jedn\u00e9 nevinn\u00e9 l\u017ei? Hlavn\u00ed hrdina filmu chce je\u0161t\u011b naposledy pot\u011b\u0161it svou nemocnou maminku, kter\u00e1 tou\u017e\u00ed po vnou\u010datech. P\u0159esv\u011bd\u010d\u00ed proto t\u011bhotnou sousedku a b\u00fdvalou stript\u00e9rku, aby sehr\u00e1la jeho d\u00edvku a nast\u00e1vaj\u00edc\u00ed \u017eenu. Maminka se ale z\u00e1zra\u010dn\u011b uzdrav\u00ed a n\u00e1sledn\u011b se strhne lavina nedorozum\u011bn\u00ed a karambol\u016f a n\u011bkolik \u017eivot\u016f se p\u0159evr\u00e1t\u00ed vzh\u016fru nohama. Do udr\u017een\u00ed l\u017ei a mamin\u010dina \u0161t\u011bst\u00ed jsou toti\u017e postupn\u011b zata\u017eeni dal\u0161\u00ed \u010dlenov\u00e9 rodiny, p\u0159\u00e1tel\u00e9, kolegov\u00e9 z\u00a0pr\u00e1ce a v\u016fbec ka\u017ed\u00fd. Za chv\u00edli v\u00a0tom budou v\u0161ichni l\u00edtat.<\/p>\n\n\n\n<div style=\"height:34px\" aria-hidden=\"true\" class=\"wp-block-spacer\"><\/div>\n\n\n\n<div class=\"wp-block-image\"><figure class=\"aligncenter size-large\"><img decoding=\"async\" loading=\"lazy\" width=\"1024\" height=\"683\" src=\"https:\/\/cinemahouse.cz\/wp-content\/uploads\/2023\/09\/Foto-8_foto-Matej-Trasak-1024x683.jpg\" alt=\"\" class=\"wp-image-5312\" srcset=\"https:\/\/cinemahouse.cz\/wp-content\/uploads\/2023\/09\/Foto-8_foto-Matej-Trasak-1024x683.jpg 1024w, https:\/\/cinemahouse.cz\/wp-content\/uploads\/2023\/09\/Foto-8_foto-Matej-Trasak-300x200.jpg 300w, https:\/\/cinemahouse.cz\/wp-content\/uploads\/2023\/09\/Foto-8_foto-Matej-Trasak-768x512.jpg 768w, https:\/\/cinemahouse.cz\/wp-content\/uploads\/2023\/09\/Foto-8_foto-Matej-Trasak.jpg 1500w\" sizes=\"(max-width: 1024px) 100vw, 1024px\" \/><\/figure><\/div>\n\n\n\n<div style=\"height:34px\" aria-hidden=\"true\" class=\"wp-block-spacer\"><\/div>\n\n\n\n<h2 class=\"wp-block-heading\">L\u00edt\u00e1 v tom<\/h2>\n\n\n\n<div style=\"height:34px\" aria-hidden=\"true\" class=\"wp-block-spacer\"><\/div>\n\n\n\n<p><strong>Premi\u00e9ra: <\/strong>21. prosince 2023<\/p>\n\n\n\n<p><strong>Re\u017eie: <\/strong>Tom\u00e1\u0161 Diani\u0161ka<\/p>\n\n\n\n<p><strong>Sc\u00e9n\u00e1\u0159:<\/strong> Tom\u00e1\u0161 Diani\u0161ka, D\u00e9nes Orosz<\/p>\n\n\n\n<p><strong>Kamera:<\/strong> Tom\u00e1\u0161 Jur\u00ed\u010dek<\/p>\n\n\n\n<p><strong>St\u0159ih:<\/strong> Vojt\u011bch Fri\u010d<\/p>\n\n\n\n<p><strong>Hraj\u00ed:<\/strong> Kry\u0161tof H\u00e1dek, Kristina Svarinsk\u00e1, Ta\u0165jana Medveck\u00e1, Filip Rajmont, Pavel Soukup, Miroslav Noga, Gabriela Mikulkov\u00e1, Sandra Nov\u00e1kov\u00e1, Zuzana Stavn\u00e1, Marek Gei\u0161berg, Martin Finger, Tereza Do\u010dkalov\u00e1 a dal\u0161\u00ed<\/p>\n\n\n\n<div style=\"height:35px\" aria-hidden=\"true\" class=\"wp-block-spacer\"><\/div>\n\n\n\n<figure class=\"wp-block-gallery columns-2 is-cropped wp-block-gallery-1 is-layout-flex wp-block-gallery-is-layout-flex\"><ul class=\"blocks-gallery-grid\"><li class=\"blocks-gallery-item\"><figure><img decoding=\"async\" loading=\"lazy\" width=\"1024\" height=\"683\" src=\"https:\/\/cinemahouse.cz\/wp-content\/uploads\/2023\/09\/Foto-1_foto-Zuzana-Gucmanova-1024x683.jpg\" alt=\"\" data-id=\"5313\" data-full-url=\"https:\/\/cinemahouse.cz\/wp-content\/uploads\/2023\/09\/Foto-1_foto-Zuzana-Gucmanova.jpg\" data-link=\"https:\/\/cinemahouse.cz\/?attachment_id=5313\" class=\"wp-image-5313\" srcset=\"https:\/\/cinemahouse.cz\/wp-content\/uploads\/2023\/09\/Foto-1_foto-Zuzana-Gucmanova-1024x683.jpg 1024w, https:\/\/cinemahouse.cz\/wp-content\/uploads\/2023\/09\/Foto-1_foto-Zuzana-Gucmanova-300x200.jpg 300w, https:\/\/cinemahouse.cz\/wp-content\/uploads\/2023\/09\/Foto-1_foto-Zuzana-Gucmanova-768x512.jpg 768w, https:\/\/cinemahouse.cz\/wp-content\/uploads\/2023\/09\/Foto-1_foto-Zuzana-Gucmanova.jpg 1500w\" sizes=\"(max-width: 1024px) 100vw, 1024px\" \/><\/figure><\/li><li class=\"blocks-gallery-item\"><figure><img decoding=\"async\" loading=\"lazy\" width=\"1024\" height=\"683\" src=\"https:\/\/cinemahouse.cz\/wp-content\/uploads\/2023\/09\/Posledni-klapka-Foto-2_foto-Marco-Chiodi-1024x683.jpg\" alt=\"\" data-id=\"5308\" data-full-url=\"https:\/\/cinemahouse.cz\/wp-content\/uploads\/2023\/09\/Posledni-klapka-Foto-2_foto-Marco-Chiodi.jpg\" data-link=\"https:\/\/cinemahouse.cz\/?attachment_id=5308\" class=\"wp-image-5308\" srcset=\"https:\/\/cinemahouse.cz\/wp-content\/uploads\/2023\/09\/Posledni-klapka-Foto-2_foto-Marco-Chiodi-1024x683.jpg 1024w, https:\/\/cinemahouse.cz\/wp-content\/uploads\/2023\/09\/Posledni-klapka-Foto-2_foto-Marco-Chiodi-300x200.jpg 300w, https:\/\/cinemahouse.cz\/wp-content\/uploads\/2023\/09\/Posledni-klapka-Foto-2_foto-Marco-Chiodi-768x512.jpg 768w, https:\/\/cinemahouse.cz\/wp-content\/uploads\/2023\/09\/Posledni-klapka-Foto-2_foto-Marco-Chiodi.jpg 1500w\" sizes=\"(max-width: 1024px) 100vw, 1024px\" \/><\/figure><\/li><li class=\"blocks-gallery-item\"><figure><img decoding=\"async\" loading=\"lazy\" width=\"1024\" height=\"683\" src=\"https:\/\/cinemahouse.cz\/wp-content\/uploads\/2023\/09\/Foto-8_foto-Matej-Trasak-1024x683.jpg\" alt=\"\" data-id=\"5312\" data-full-url=\"https:\/\/cinemahouse.cz\/wp-content\/uploads\/2023\/09\/Foto-8_foto-Matej-Trasak.jpg\" data-link=\"https:\/\/cinemahouse.cz\/?attachment_id=5312\" class=\"wp-image-5312\" srcset=\"https:\/\/cinemahouse.cz\/wp-content\/uploads\/2023\/09\/Foto-8_foto-Matej-Trasak-1024x683.jpg 1024w, https:\/\/cinemahouse.cz\/wp-content\/uploads\/2023\/09\/Foto-8_foto-Matej-Trasak-300x200.jpg 300w, https:\/\/cinemahouse.cz\/wp-content\/uploads\/2023\/09\/Foto-8_foto-Matej-Trasak-768x512.jpg 768w, https:\/\/cinemahouse.cz\/wp-content\/uploads\/2023\/09\/Foto-8_foto-Matej-Trasak.jpg 1500w\" sizes=\"(max-width: 1024px) 100vw, 1024px\" \/><\/figure><\/li><li class=\"blocks-gallery-item\"><figure><img decoding=\"async\" loading=\"lazy\" width=\"1024\" height=\"683\" src=\"https:\/\/cinemahouse.cz\/wp-content\/uploads\/2023\/09\/Foto-4_foto-Marco-Chiodi-1024x683.jpg\" alt=\"\" data-id=\"5311\" data-full-url=\"https:\/\/cinemahouse.cz\/wp-content\/uploads\/2023\/09\/Foto-4_foto-Marco-Chiodi.jpg\" data-link=\"https:\/\/cinemahouse.cz\/?attachment_id=5311\" class=\"wp-image-5311\" srcset=\"https:\/\/cinemahouse.cz\/wp-content\/uploads\/2023\/09\/Foto-4_foto-Marco-Chiodi-1024x683.jpg 1024w, https:\/\/cinemahouse.cz\/wp-content\/uploads\/2023\/09\/Foto-4_foto-Marco-Chiodi-300x200.jpg 300w, https:\/\/cinemahouse.cz\/wp-content\/uploads\/2023\/09\/Foto-4_foto-Marco-Chiodi-768x512.jpg 768w, https:\/\/cinemahouse.cz\/wp-content\/uploads\/2023\/09\/Foto-4_foto-Marco-Chiodi.jpg 1500w\" sizes=\"(max-width: 1024px) 100vw, 1024px\" \/><\/figure><\/li><li class=\"blocks-gallery-item\"><figure><img decoding=\"async\" loading=\"lazy\" width=\"723\" height=\"1024\" src=\"https:\/\/cinemahouse.cz\/wp-content\/uploads\/2023\/09\/TEASER-PLAKAT-Lita-v-tom-723x1024.jpg\" alt=\"\" data-id=\"5307\" data-full-url=\"https:\/\/cinemahouse.cz\/wp-content\/uploads\/2023\/09\/TEASER-PLAKAT-Lita-v-tom.jpg\" data-link=\"https:\/\/cinemahouse.cz\/?attachment_id=5307\" class=\"wp-image-5307\" srcset=\"https:\/\/cinemahouse.cz\/wp-content\/uploads\/2023\/09\/TEASER-PLAKAT-Lita-v-tom-723x1024.jpg 723w, https:\/\/cinemahouse.cz\/wp-content\/uploads\/2023\/09\/TEASER-PLAKAT-Lita-v-tom-212x300.jpg 212w, https:\/\/cinemahouse.cz\/wp-content\/uploads\/2023\/09\/TEASER-PLAKAT-Lita-v-tom-768x1088.jpg 768w, https:\/\/cinemahouse.cz\/wp-content\/uploads\/2023\/09\/TEASER-PLAKAT-Lita-v-tom.jpg 847w\" sizes=\"(max-width: 723px) 100vw, 723px\" \/><\/figure><\/li><\/ul><\/figure>\n\n\n\n<p><strong>Zdroj foto a video:<\/strong> Bontonfilm<\/p>\n\n\n\n<div style=\"height:100px\" aria-hidden=\"true\" class=\"wp-block-spacer\"><\/div>\n","protected":false},"excerpt":{"rendered":"<p>Kry\u0161tof H\u00e1dek a Kristina Svarinsk\u00e1 znovu spolu &#8211; Prvn\u00ed z\u00e1b\u011bry z\u00a0komedie \u201eL\u00edt\u00e1 v\u00a0tom\u201c. Film vstoup\u00ed do kin na V\u00e1noce 21. prosince 2023. Kry\u0161tof H\u00e1dek a Kristina Svarinsk\u00e1 se po spole\u010dn\u00e9m p\u016fsoben\u00ed v&nbsp;seri\u00e1lu Volha znovu&#46;&#46;&#46;<\/p>\n","protected":false},"author":6,"featured_media":5313,"comment_status":"closed","ping_status":"closed","sticky":false,"template":"","format":"standard","meta":{"_monsterinsights_skip_tracking":false,"_monsterinsights_sitenote_active":false,"_monsterinsights_sitenote_note":"","_monsterinsights_sitenote_category":0,"footnotes":""},"categories":[3,12,2,5],"tags":[],"yoast_head":"<!-- This site is optimized with the Yoast SEO plugin v21.4 - https:\/\/yoast.com\/wordpress\/plugins\/seo\/ -->\n<title>Prvn\u00ed z\u00e1b\u011bry z komedie \u201eL\u00edt\u00e1 v tom\u201c s Kry\u0161tofem H\u00e1dkem a Kristinou Svarinskou. - CINEMAHOUSE.cz<\/title>\n<meta name=\"robots\" content=\"index, follow, max-snippet:-1, max-image-preview:large, max-video-preview:-1\" \/>\n<link rel=\"canonical\" href=\"https:\/\/cinemahouse.cz\/index.php\/2023\/09\/07\/prvni-zabery-z-komedie-lita-v-tom-s-krystofem-hadkem-a-kristinou-svarinskou\/\" \/>\n<meta property=\"og:locale\" content=\"cs_CZ\" \/>\n<meta property=\"og:type\" content=\"article\" \/>\n<meta property=\"og:title\" content=\"Prvn\u00ed z\u00e1b\u011bry z komedie \u201eL\u00edt\u00e1 v tom\u201c s Kry\u0161tofem H\u00e1dkem a Kristinou Svarinskou. - CINEMAHOUSE.cz\" \/>\n<meta property=\"og:description\" content=\"Kry\u0161tof H\u00e1dek a Kristina Svarinsk\u00e1 znovu spolu &#8211; Prvn\u00ed z\u00e1b\u011bry z\u00a0komedie \u201eL\u00edt\u00e1 v\u00a0tom\u201c. Film vstoup\u00ed do kin na V\u00e1noce 21. prosince 2023. Kry\u0161tof H\u00e1dek a Kristina Svarinsk\u00e1 se po spole\u010dn\u00e9m p\u016fsoben\u00ed v&nbsp;seri\u00e1lu Volha znovu&#046;&#046;&#046;\" \/>\n<meta property=\"og:url\" content=\"https:\/\/cinemahouse.cz\/index.php\/2023\/09\/07\/prvni-zabery-z-komedie-lita-v-tom-s-krystofem-hadkem-a-kristinou-svarinskou\/\" \/>\n<meta property=\"og:site_name\" content=\"CINEMAHOUSE.cz\" \/>\n<meta property=\"article:published_time\" content=\"2023-09-06T22:01:00+00:00\" \/>\n<meta property=\"article:modified_time\" content=\"2023-09-05T13:37:43+00:00\" \/>\n<meta property=\"og:image\" content=\"https:\/\/cinemahouse.cz\/wp-content\/uploads\/2023\/09\/Foto-1_foto-Zuzana-Gucmanova.jpg\" \/>\n\t<meta property=\"og:image:width\" content=\"1500\" \/>\n\t<meta property=\"og:image:height\" content=\"1000\" \/>\n\t<meta property=\"og:image:type\" content=\"image\/jpeg\" \/>\n<meta name=\"author\" content=\"Jordana Pechov\u00e1\" \/>\n<meta name=\"twitter:card\" content=\"summary_large_image\" \/>\n<meta name=\"twitter:label1\" content=\"Napsal(a)\" \/>\n\t<meta name=\"twitter:data1\" content=\"Jordana Pechov\u00e1\" \/>\n\t<meta name=\"twitter:label2\" content=\"Odhadovan\u00e1 doba \u010dten\u00ed\" \/>\n\t<meta name=\"twitter:data2\" content=\"4 minuty\" \/>\n<script type=\"application\/ld+json\" class=\"yoast-schema-graph\">{\"@context\":\"https:\/\/schema.org\",\"@graph\":[{\"@type\":\"Article\",\"@id\":\"https:\/\/cinemahouse.cz\/index.php\/2023\/09\/07\/prvni-zabery-z-komedie-lita-v-tom-s-krystofem-hadkem-a-kristinou-svarinskou\/#article\",\"isPartOf\":{\"@id\":\"https:\/\/cinemahouse.cz\/index.php\/2023\/09\/07\/prvni-zabery-z-komedie-lita-v-tom-s-krystofem-hadkem-a-kristinou-svarinskou\/\"},\"author\":{\"name\":\"Jordana Pechov\u00e1\",\"@id\":\"https:\/\/cinemahouse.cz\/#\/schema\/person\/5121c8490d035567efc4dd9223d7a216\"},\"headline\":\"Prvn\u00ed z\u00e1b\u011bry z komedie \u201eL\u00edt\u00e1 v tom\u201c s Kry\u0161tofem H\u00e1dkem a Kristinou Svarinskou.\",\"datePublished\":\"2023-09-06T22:01:00+00:00\",\"dateModified\":\"2023-09-05T13:37:43+00:00\",\"mainEntityOfPage\":{\"@id\":\"https:\/\/cinemahouse.cz\/index.php\/2023\/09\/07\/prvni-zabery-z-komedie-lita-v-tom-s-krystofem-hadkem-a-kristinou-svarinskou\/\"},\"wordCount\":794,\"publisher\":{\"@id\":\"https:\/\/cinemahouse.cz\/#organization\"},\"articleSection\":[\"FILMOV\u00c9 NOVINKY\",\"FILMY, SERI\u00c1LY a TV\",\"NEWS\",\"TRAILERY\"],\"inLanguage\":\"cs\"},{\"@type\":\"WebPage\",\"@id\":\"https:\/\/cinemahouse.cz\/index.php\/2023\/09\/07\/prvni-zabery-z-komedie-lita-v-tom-s-krystofem-hadkem-a-kristinou-svarinskou\/\",\"url\":\"https:\/\/cinemahouse.cz\/index.php\/2023\/09\/07\/prvni-zabery-z-komedie-lita-v-tom-s-krystofem-hadkem-a-kristinou-svarinskou\/\",\"name\":\"Prvn\u00ed z\u00e1b\u011bry z komedie \u201eL\u00edt\u00e1 v tom\u201c s Kry\u0161tofem H\u00e1dkem a Kristinou Svarinskou. - CINEMAHOUSE.cz\",\"isPartOf\":{\"@id\":\"https:\/\/cinemahouse.cz\/#website\"},\"datePublished\":\"2023-09-06T22:01:00+00:00\",\"dateModified\":\"2023-09-05T13:37:43+00:00\",\"breadcrumb\":{\"@id\":\"https:\/\/cinemahouse.cz\/index.php\/2023\/09\/07\/prvni-zabery-z-komedie-lita-v-tom-s-krystofem-hadkem-a-kristinou-svarinskou\/#breadcrumb\"},\"inLanguage\":\"cs\",\"potentialAction\":[{\"@type\":\"ReadAction\",\"target\":[\"https:\/\/cinemahouse.cz\/index.php\/2023\/09\/07\/prvni-zabery-z-komedie-lita-v-tom-s-krystofem-hadkem-a-kristinou-svarinskou\/\"]}]},{\"@type\":\"BreadcrumbList\",\"@id\":\"https:\/\/cinemahouse.cz\/index.php\/2023\/09\/07\/prvni-zabery-z-komedie-lita-v-tom-s-krystofem-hadkem-a-kristinou-svarinskou\/#breadcrumb\",\"itemListElement\":[{\"@type\":\"ListItem\",\"position\":1,\"name\":\"Dom\u016f\",\"item\":\"https:\/\/cinemahouse.cz\/\"},{\"@type\":\"ListItem\",\"position\":2,\"name\":\"Prvn\u00ed z\u00e1b\u011bry z komedie \u201eL\u00edt\u00e1 v tom\u201c s Kry\u0161tofem H\u00e1dkem a Kristinou Svarinskou.\"}]},{\"@type\":\"WebSite\",\"@id\":\"https:\/\/cinemahouse.cz\/#website\",\"url\":\"https:\/\/cinemahouse.cz\/\",\"name\":\"CINEMAHOUSE.cz\",\"description\":\"Port\u00e1l o filmov\u00fdch novink\u00e1ch\",\"publisher\":{\"@id\":\"https:\/\/cinemahouse.cz\/#organization\"},\"potentialAction\":[{\"@type\":\"SearchAction\",\"target\":{\"@type\":\"EntryPoint\",\"urlTemplate\":\"https:\/\/cinemahouse.cz\/?s={search_term_string}\"},\"query-input\":\"required name=search_term_string\"}],\"inLanguage\":\"cs\"},{\"@type\":\"Organization\",\"@id\":\"https:\/\/cinemahouse.cz\/#organization\",\"name\":\"CINEMAHOUSE.cz\",\"url\":\"https:\/\/cinemahouse.cz\/\",\"logo\":{\"@type\":\"ImageObject\",\"inLanguage\":\"cs\",\"@id\":\"https:\/\/cinemahouse.cz\/#\/schema\/logo\/image\/\",\"url\":\"https:\/\/cinemahouse.cz\/wp-content\/uploads\/2024\/12\/cropped-Logo_CinemaHouse.jpg\",\"contentUrl\":\"https:\/\/cinemahouse.cz\/wp-content\/uploads\/2024\/12\/cropped-Logo_CinemaHouse.jpg\",\"width\":926,\"height\":467,\"caption\":\"CINEMAHOUSE.cz\"},\"image\":{\"@id\":\"https:\/\/cinemahouse.cz\/#\/schema\/logo\/image\/\"}},{\"@type\":\"Person\",\"@id\":\"https:\/\/cinemahouse.cz\/#\/schema\/person\/5121c8490d035567efc4dd9223d7a216\",\"name\":\"Jordana Pechov\u00e1\",\"image\":{\"@type\":\"ImageObject\",\"inLanguage\":\"cs\",\"@id\":\"https:\/\/cinemahouse.cz\/#\/schema\/person\/image\/\",\"url\":\"https:\/\/secure.gravatar.com\/avatar\/349e898f7fe64c4a4839cc48a802dd9a?s=96&d=mm&r=g\",\"contentUrl\":\"https:\/\/secure.gravatar.com\/avatar\/349e898f7fe64c4a4839cc48a802dd9a?s=96&d=mm&r=g\",\"caption\":\"Jordana Pechov\u00e1\"},\"sameAs\":[\"http:\/\/CINEMAHOUSE.cz\"],\"url\":\"https:\/\/cinemahouse.cz\/index.php\/author\/jorpech\/\"}]}<\/script>\n<!-- \/ Yoast SEO plugin. -->","yoast_head_json":{"title":"Prvn\u00ed z\u00e1b\u011bry z komedie \u201eL\u00edt\u00e1 v tom\u201c s Kry\u0161tofem H\u00e1dkem a Kristinou Svarinskou. - CINEMAHOUSE.cz","robots":{"index":"index","follow":"follow","max-snippet":"max-snippet:-1","max-image-preview":"max-image-preview:large","max-video-preview":"max-video-preview:-1"},"canonical":"https:\/\/cinemahouse.cz\/index.php\/2023\/09\/07\/prvni-zabery-z-komedie-lita-v-tom-s-krystofem-hadkem-a-kristinou-svarinskou\/","og_locale":"cs_CZ","og_type":"article","og_title":"Prvn\u00ed z\u00e1b\u011bry z komedie \u201eL\u00edt\u00e1 v tom\u201c s Kry\u0161tofem H\u00e1dkem a Kristinou Svarinskou. - CINEMAHOUSE.cz","og_description":"Kry\u0161tof H\u00e1dek a Kristina Svarinsk\u00e1 znovu spolu &#8211; Prvn\u00ed z\u00e1b\u011bry z\u00a0komedie \u201eL\u00edt\u00e1 v\u00a0tom\u201c. Film vstoup\u00ed do kin na V\u00e1noce 21. prosince 2023. Kry\u0161tof H\u00e1dek a Kristina Svarinsk\u00e1 se po spole\u010dn\u00e9m p\u016fsoben\u00ed v&nbsp;seri\u00e1lu Volha znovu&#46;&#46;&#46;","og_url":"https:\/\/cinemahouse.cz\/index.php\/2023\/09\/07\/prvni-zabery-z-komedie-lita-v-tom-s-krystofem-hadkem-a-kristinou-svarinskou\/","og_site_name":"CINEMAHOUSE.cz","article_published_time":"2023-09-06T22:01:00+00:00","article_modified_time":"2023-09-05T13:37:43+00:00","og_image":[{"width":1500,"height":1000,"url":"https:\/\/cinemahouse.cz\/wp-content\/uploads\/2023\/09\/Foto-1_foto-Zuzana-Gucmanova.jpg","type":"image\/jpeg"}],"author":"Jordana Pechov\u00e1","twitter_card":"summary_large_image","twitter_misc":{"Napsal(a)":"Jordana Pechov\u00e1","Odhadovan\u00e1 doba \u010dten\u00ed":"4 minuty"},"schema":{"@context":"https:\/\/schema.org","@graph":[{"@type":"Article","@id":"https:\/\/cinemahouse.cz\/index.php\/2023\/09\/07\/prvni-zabery-z-komedie-lita-v-tom-s-krystofem-hadkem-a-kristinou-svarinskou\/#article","isPartOf":{"@id":"https:\/\/cinemahouse.cz\/index.php\/2023\/09\/07\/prvni-zabery-z-komedie-lita-v-tom-s-krystofem-hadkem-a-kristinou-svarinskou\/"},"author":{"name":"Jordana Pechov\u00e1","@id":"https:\/\/cinemahouse.cz\/#\/schema\/person\/5121c8490d035567efc4dd9223d7a216"},"headline":"Prvn\u00ed z\u00e1b\u011bry z komedie \u201eL\u00edt\u00e1 v tom\u201c s Kry\u0161tofem H\u00e1dkem a Kristinou Svarinskou.","datePublished":"2023-09-06T22:01:00+00:00","dateModified":"2023-09-05T13:37:43+00:00","mainEntityOfPage":{"@id":"https:\/\/cinemahouse.cz\/index.php\/2023\/09\/07\/prvni-zabery-z-komedie-lita-v-tom-s-krystofem-hadkem-a-kristinou-svarinskou\/"},"wordCount":794,"publisher":{"@id":"https:\/\/cinemahouse.cz\/#organization"},"articleSection":["FILMOV\u00c9 NOVINKY","FILMY, SERI\u00c1LY a TV","NEWS","TRAILERY"],"inLanguage":"cs"},{"@type":"WebPage","@id":"https:\/\/cinemahouse.cz\/index.php\/2023\/09\/07\/prvni-zabery-z-komedie-lita-v-tom-s-krystofem-hadkem-a-kristinou-svarinskou\/","url":"https:\/\/cinemahouse.cz\/index.php\/2023\/09\/07\/prvni-zabery-z-komedie-lita-v-tom-s-krystofem-hadkem-a-kristinou-svarinskou\/","name":"Prvn\u00ed z\u00e1b\u011bry z komedie \u201eL\u00edt\u00e1 v tom\u201c s Kry\u0161tofem H\u00e1dkem a Kristinou Svarinskou. - CINEMAHOUSE.cz","isPartOf":{"@id":"https:\/\/cinemahouse.cz\/#website"},"datePublished":"2023-09-06T22:01:00+00:00","dateModified":"2023-09-05T13:37:43+00:00","breadcrumb":{"@id":"https:\/\/cinemahouse.cz\/index.php\/2023\/09\/07\/prvni-zabery-z-komedie-lita-v-tom-s-krystofem-hadkem-a-kristinou-svarinskou\/#breadcrumb"},"inLanguage":"cs","potentialAction":[{"@type":"ReadAction","target":["https:\/\/cinemahouse.cz\/index.php\/2023\/09\/07\/prvni-zabery-z-komedie-lita-v-tom-s-krystofem-hadkem-a-kristinou-svarinskou\/"]}]},{"@type":"BreadcrumbList","@id":"https:\/\/cinemahouse.cz\/index.php\/2023\/09\/07\/prvni-zabery-z-komedie-lita-v-tom-s-krystofem-hadkem-a-kristinou-svarinskou\/#breadcrumb","itemListElement":[{"@type":"ListItem","position":1,"name":"Dom\u016f","item":"https:\/\/cinemahouse.cz\/"},{"@type":"ListItem","position":2,"name":"Prvn\u00ed z\u00e1b\u011bry z komedie \u201eL\u00edt\u00e1 v tom\u201c s Kry\u0161tofem H\u00e1dkem a Kristinou Svarinskou."}]},{"@type":"WebSite","@id":"https:\/\/cinemahouse.cz\/#website","url":"https:\/\/cinemahouse.cz\/","name":"CINEMAHOUSE.cz","description":"Port\u00e1l o filmov\u00fdch novink\u00e1ch","publisher":{"@id":"https:\/\/cinemahouse.cz\/#organization"},"potentialAction":[{"@type":"SearchAction","target":{"@type":"EntryPoint","urlTemplate":"https:\/\/cinemahouse.cz\/?s={search_term_string}"},"query-input":"required name=search_term_string"}],"inLanguage":"cs"},{"@type":"Organization","@id":"https:\/\/cinemahouse.cz\/#organization","name":"CINEMAHOUSE.cz","url":"https:\/\/cinemahouse.cz\/","logo":{"@type":"ImageObject","inLanguage":"cs","@id":"https:\/\/cinemahouse.cz\/#\/schema\/logo\/image\/","url":"https:\/\/cinemahouse.cz\/wp-content\/uploads\/2024\/12\/cropped-Logo_CinemaHouse.jpg","contentUrl":"https:\/\/cinemahouse.cz\/wp-content\/uploads\/2024\/12\/cropped-Logo_CinemaHouse.jpg","width":926,"height":467,"caption":"CINEMAHOUSE.cz"},"image":{"@id":"https:\/\/cinemahouse.cz\/#\/schema\/logo\/image\/"}},{"@type":"Person","@id":"https:\/\/cinemahouse.cz\/#\/schema\/person\/5121c8490d035567efc4dd9223d7a216","name":"Jordana Pechov\u00e1","image":{"@type":"ImageObject","inLanguage":"cs","@id":"https:\/\/cinemahouse.cz\/#\/schema\/person\/image\/","url":"https:\/\/secure.gravatar.com\/avatar\/349e898f7fe64c4a4839cc48a802dd9a?s=96&d=mm&r=g","contentUrl":"https:\/\/secure.gravatar.com\/avatar\/349e898f7fe64c4a4839cc48a802dd9a?s=96&d=mm&r=g","caption":"Jordana Pechov\u00e1"},"sameAs":["http:\/\/CINEMAHOUSE.cz"],"url":"https:\/\/cinemahouse.cz\/index.php\/author\/jorpech\/"}]}},"_links":{"self":[{"href":"https:\/\/cinemahouse.cz\/index.php\/wp-json\/wp\/v2\/posts\/5306"}],"collection":[{"href":"https:\/\/cinemahouse.cz\/index.php\/wp-json\/wp\/v2\/posts"}],"about":[{"href":"https:\/\/cinemahouse.cz\/index.php\/wp-json\/wp\/v2\/types\/post"}],"author":[{"embeddable":true,"href":"https:\/\/cinemahouse.cz\/index.php\/wp-json\/wp\/v2\/users\/6"}],"replies":[{"embeddable":true,"href":"https:\/\/cinemahouse.cz\/index.php\/wp-json\/wp\/v2\/comments?post=5306"}],"version-history":[{"count":3,"href":"https:\/\/cinemahouse.cz\/index.php\/wp-json\/wp\/v2\/posts\/5306\/revisions"}],"predecessor-version":[{"id":5316,"href":"https:\/\/cinemahouse.cz\/index.php\/wp-json\/wp\/v2\/posts\/5306\/revisions\/5316"}],"wp:featuredmedia":[{"embeddable":true,"href":"https:\/\/cinemahouse.cz\/index.php\/wp-json\/wp\/v2\/media\/5313"}],"wp:attachment":[{"href":"https:\/\/cinemahouse.cz\/index.php\/wp-json\/wp\/v2\/media?parent=5306"}],"wp:term":[{"taxonomy":"category","embeddable":true,"href":"https:\/\/cinemahouse.cz\/index.php\/wp-json\/wp\/v2\/categories?post=5306"},{"taxonomy":"post_tag","embeddable":true,"href":"https:\/\/cinemahouse.cz\/index.php\/wp-json\/wp\/v2\/tags?post=5306"}],"curies":[{"name":"wp","href":"https:\/\/api.w.org\/{rel}","templated":true}]}}