{"id":5268,"date":"2023-08-31T00:01:00","date_gmt":"2023-08-30T22:01:00","guid":{"rendered":"https:\/\/cinemahouse.cz\/?p=5268"},"modified":"2023-08-31T01:07:44","modified_gmt":"2023-08-30T23:07:44","slug":"horor-sestra-ii-jde-v-zari-do-kin-nejvetsi-zlo-ze-sveta-filmu-v-zajeti-demonu-je-zpet","status":"publish","type":"post","link":"https:\/\/cinemahouse.cz\/index.php\/2023\/08\/31\/horor-sestra-ii-jde-v-zari-do-kin-nejvetsi-zlo-ze-sveta-filmu-v-zajeti-demonu-je-zpet\/","title":{"rendered":"Horor Sestra II jde v z\u00e1\u0159\u00ed do kin. Nejv\u011bt\u0161\u00ed zlo ze sv\u011bta film\u016f V zajet\u00ed d\u00e9mon\u016f je zp\u011bt!"},"content":{"rendered":"\n<div style=\"height:45px\" aria-hidden=\"true\" class=\"wp-block-spacer\"><\/div>\n\n\n\n<p><strong>D\u00e9monick\u00e1 jepti\u0161ka &#8211; Valak, kter\u00e1 n\u00e1s stra\u0161\u00ed u\u017e ze s\u00e9rie V zajet\u00ed d\u00e9mon\u016f je zp\u011bt! <\/strong><\/p>\n\n\n\n<p><strong>Pod\u00edvejte se s n\u00e1mi na d\u011bsiv\u00fd trailer Sestra II<\/strong>.<\/p>\n\n\n\n<div style=\"height:36px\" aria-hidden=\"true\" class=\"wp-block-spacer\"><\/div>\n\n\n\n<figure class=\"wp-block-embed-youtube wp-block-embed is-type-video is-provider-youtube wp-embed-aspect-16-9 wp-has-aspect-ratio\"><div class=\"wp-block-embed__wrapper\">\n<div class=\"video-container\"><iframe loading=\"lazy\" title=\"Sestra II (2023) | ofici\u00e1ln\u00ed HD trailer | CZ titulky #TheNunII #SestraII\" width=\"500\" height=\"281\" src=\"https:\/\/www.youtube.com\/embed\/QySPOQuMyKI?feature=oembed&#038;wmode=opaque\" frameborder=\"0\" allow=\"accelerometer; autoplay; clipboard-write; encrypted-media; gyroscope; picture-in-picture; web-share\" allowfullscreen><\/iframe><\/div>\n<\/div><\/figure>\n\n\n\n<div style=\"height:36px\" aria-hidden=\"true\" class=\"wp-block-spacer\"><\/div>\n\n\n\n<p>Sestra se vrac\u00ed, aby n\u00e1m uk\u00e1zala, jakou hr\u016fzu op\u011bt v kinech od z\u00e1\u0159\u00ed za\u017eijeme&#8230;<\/p>\n\n\n\n<p>1956 &#8211; Francie. Je zavra\u017ed\u011bn kn\u011bz. \u0160\u00ed\u0159\u00ed se zlo. Pokra\u010dov\u00e1n\u00ed celosv\u011btov\u00e9ho hitu sleduje sestru Irenu, kter\u00e1 se op\u011bt st\u0159et\u00e1v\u00e1 s d\u00e9monickou jepti\u0161kou Valakem.<\/p>\n\n\n\n<div style=\"height:36px\" aria-hidden=\"true\" class=\"wp-block-spacer\"><\/div>\n\n\n\n<h2 class=\"wp-block-heading\">Sestra II<\/h2>\n\n\n\n<div style=\"height:36px\" aria-hidden=\"true\" class=\"wp-block-spacer\"><\/div>\n\n\n\n<p><strong>Re\u017eie:&nbsp;<\/strong>Michael Chaves<\/p>\n\n\n\n<p><strong>Sc\u00e9n\u00e1\u0159:&nbsp;<\/strong>Akela Cooper<\/p>\n\n\n\n<p><strong>Kamera:&nbsp;<\/strong>Tristan Nyby<\/p>\n\n\n\n<p><strong>Hudba:&nbsp;<\/strong>Marco Beltrami<\/p>\n\n\n\n<p><strong>Producent:&nbsp;<\/strong>Peter Safran, Judson Scott, James Wan<\/p>\n\n\n\n<p><strong>Hraj\u00ed:&nbsp;<\/strong>Taissa Farmiga, Storm Reid, Anna Popplewell, Bonnie Aarons, Katelyn Rose Downey<\/p>\n\n\n\n<div style=\"height:36px\" aria-hidden=\"true\" class=\"wp-block-spacer\"><\/div>\n\n\n\n<figure class=\"wp-block-gallery columns-2 is-cropped wp-block-gallery-1 is-layout-flex wp-block-gallery-is-layout-flex\"><ul class=\"blocks-gallery-grid\"><li class=\"blocks-gallery-item\"><figure><img decoding=\"async\" loading=\"lazy\" width=\"1024\" height=\"576\" src=\"https:\/\/cinemahouse.cz\/wp-content\/uploads\/2023\/08\/02-2-1024x576.jpg\" alt=\"\" data-id=\"5270\" data-full-url=\"https:\/\/cinemahouse.cz\/wp-content\/uploads\/2023\/08\/02-2.jpg\" data-link=\"https:\/\/cinemahouse.cz\/?attachment_id=5270\" class=\"wp-image-5270\" srcset=\"https:\/\/cinemahouse.cz\/wp-content\/uploads\/2023\/08\/02-2-1024x576.jpg 1024w, https:\/\/cinemahouse.cz\/wp-content\/uploads\/2023\/08\/02-2-300x169.jpg 300w, https:\/\/cinemahouse.cz\/wp-content\/uploads\/2023\/08\/02-2-768x432.jpg 768w, https:\/\/cinemahouse.cz\/wp-content\/uploads\/2023\/08\/02-2-1536x864.jpg 1536w, https:\/\/cinemahouse.cz\/wp-content\/uploads\/2023\/08\/02-2.jpg 1602w\" sizes=\"(max-width: 1024px) 100vw, 1024px\" \/><\/figure><\/li><li class=\"blocks-gallery-item\"><figure><img decoding=\"async\" loading=\"lazy\" width=\"1024\" height=\"576\" src=\"https:\/\/cinemahouse.cz\/wp-content\/uploads\/2023\/08\/03-1-1024x576.jpg\" alt=\"\" data-id=\"5271\" data-full-url=\"https:\/\/cinemahouse.cz\/wp-content\/uploads\/2023\/08\/03-1.jpg\" data-link=\"https:\/\/cinemahouse.cz\/?attachment_id=5271\" class=\"wp-image-5271\" srcset=\"https:\/\/cinemahouse.cz\/wp-content\/uploads\/2023\/08\/03-1-1024x576.jpg 1024w, https:\/\/cinemahouse.cz\/wp-content\/uploads\/2023\/08\/03-1-300x169.jpg 300w, https:\/\/cinemahouse.cz\/wp-content\/uploads\/2023\/08\/03-1-768x432.jpg 768w, https:\/\/cinemahouse.cz\/wp-content\/uploads\/2023\/08\/03-1-1536x864.jpg 1536w, https:\/\/cinemahouse.cz\/wp-content\/uploads\/2023\/08\/03-1.jpg 1602w\" sizes=\"(max-width: 1024px) 100vw, 1024px\" \/><\/figure><\/li><li class=\"blocks-gallery-item\"><figure><img decoding=\"async\" loading=\"lazy\" width=\"1024\" height=\"576\" src=\"https:\/\/cinemahouse.cz\/wp-content\/uploads\/2023\/08\/04-2-1024x576.jpg\" alt=\"\" data-id=\"5272\" data-full-url=\"https:\/\/cinemahouse.cz\/wp-content\/uploads\/2023\/08\/04-2.jpg\" data-link=\"https:\/\/cinemahouse.cz\/?attachment_id=5272\" class=\"wp-image-5272\" srcset=\"https:\/\/cinemahouse.cz\/wp-content\/uploads\/2023\/08\/04-2-1024x576.jpg 1024w, https:\/\/cinemahouse.cz\/wp-content\/uploads\/2023\/08\/04-2-300x169.jpg 300w, https:\/\/cinemahouse.cz\/wp-content\/uploads\/2023\/08\/04-2-768x432.jpg 768w, https:\/\/cinemahouse.cz\/wp-content\/uploads\/2023\/08\/04-2-1536x864.jpg 1536w, https:\/\/cinemahouse.cz\/wp-content\/uploads\/2023\/08\/04-2.jpg 1602w\" sizes=\"(max-width: 1024px) 100vw, 1024px\" \/><\/figure><\/li><li class=\"blocks-gallery-item\"><figure><img decoding=\"async\" loading=\"lazy\" width=\"1024\" height=\"576\" src=\"https:\/\/cinemahouse.cz\/wp-content\/uploads\/2023\/08\/01-2-1024x576.jpg\" alt=\"\" data-id=\"5274\" data-full-url=\"https:\/\/cinemahouse.cz\/wp-content\/uploads\/2023\/08\/01-2.jpg\" data-link=\"https:\/\/cinemahouse.cz\/?attachment_id=5274\" class=\"wp-image-5274\" srcset=\"https:\/\/cinemahouse.cz\/wp-content\/uploads\/2023\/08\/01-2-1024x576.jpg 1024w, https:\/\/cinemahouse.cz\/wp-content\/uploads\/2023\/08\/01-2-300x169.jpg 300w, https:\/\/cinemahouse.cz\/wp-content\/uploads\/2023\/08\/01-2-768x432.jpg 768w, https:\/\/cinemahouse.cz\/wp-content\/uploads\/2023\/08\/01-2-1536x864.jpg 1536w, https:\/\/cinemahouse.cz\/wp-content\/uploads\/2023\/08\/01-2.jpg 1602w\" sizes=\"(max-width: 1024px) 100vw, 1024px\" \/><\/figure><\/li><li class=\"blocks-gallery-item\"><figure><img decoding=\"async\" loading=\"lazy\" width=\"691\" height=\"1024\" src=\"https:\/\/cinemahouse.cz\/wp-content\/uploads\/2023\/08\/plakat-1-691x1024.jpg\" alt=\"\" data-id=\"5269\" data-full-url=\"https:\/\/cinemahouse.cz\/wp-content\/uploads\/2023\/08\/plakat-1.jpg\" data-link=\"https:\/\/cinemahouse.cz\/?attachment_id=5269\" class=\"wp-image-5269\" srcset=\"https:\/\/cinemahouse.cz\/wp-content\/uploads\/2023\/08\/plakat-1-691x1024.jpg 691w, https:\/\/cinemahouse.cz\/wp-content\/uploads\/2023\/08\/plakat-1-203x300.jpg 203w, https:\/\/cinemahouse.cz\/wp-content\/uploads\/2023\/08\/plakat-1-768x1138.jpg 768w, https:\/\/cinemahouse.cz\/wp-content\/uploads\/2023\/08\/plakat-1.jpg 810w\" sizes=\"(max-width: 691px) 100vw, 691px\" \/><\/figure><\/li><\/ul><\/figure>\n\n\n\n<div style=\"height:36px\" aria-hidden=\"true\" class=\"wp-block-spacer\"><\/div>\n\n\n\n<p><strong>Zdroj foto a video: <\/strong>Vertical Entertaiment<\/p>\n\n\n\n<div style=\"height:100px\" aria-hidden=\"true\" class=\"wp-block-spacer\"><\/div>\n\n\n\n<p><\/p>\n","protected":false},"excerpt":{"rendered":"<p>D\u00e9monick\u00e1 jepti\u0161ka &#8211; Valak, kter\u00e1 n\u00e1s stra\u0161\u00ed u\u017e ze s\u00e9rie V zajet\u00ed d\u00e9mon\u016f je zp\u011bt! Pod\u00edvejte se s n\u00e1mi na d\u011bsiv\u00fd trailer Sestra II. Sestra se vrac\u00ed, aby n\u00e1m uk\u00e1zala, jakou hr\u016fzu op\u011bt v&#46;&#46;&#46;<\/p>\n","protected":false},"author":6,"featured_media":5270,"comment_status":"closed","ping_status":"closed","sticky":false,"template":"","format":"standard","meta":{"_monsterinsights_skip_tracking":false,"_monsterinsights_sitenote_active":false,"_monsterinsights_sitenote_note":"","_monsterinsights_sitenote_category":0,"footnotes":""},"categories":[3,12,2,5],"tags":[],"yoast_head":"<!-- This site is optimized with the Yoast SEO plugin v21.4 - https:\/\/yoast.com\/wordpress\/plugins\/seo\/ -->\n<title>Horor Sestra II jde v z\u00e1\u0159\u00ed do kin. Nejv\u011bt\u0161\u00ed zlo ze sv\u011bta film\u016f V zajet\u00ed d\u00e9mon\u016f je zp\u011bt! - CINEMAHOUSE.cz<\/title>\n<meta name=\"robots\" content=\"index, follow, max-snippet:-1, max-image-preview:large, max-video-preview:-1\" \/>\n<link rel=\"canonical\" href=\"https:\/\/cinemahouse.cz\/index.php\/2023\/08\/31\/horor-sestra-ii-jde-v-zari-do-kin-nejvetsi-zlo-ze-sveta-filmu-v-zajeti-demonu-je-zpet\/\" \/>\n<meta property=\"og:locale\" content=\"cs_CZ\" \/>\n<meta property=\"og:type\" content=\"article\" \/>\n<meta property=\"og:title\" content=\"Horor Sestra II jde v z\u00e1\u0159\u00ed do kin. Nejv\u011bt\u0161\u00ed zlo ze sv\u011bta film\u016f V zajet\u00ed d\u00e9mon\u016f je zp\u011bt! - CINEMAHOUSE.cz\" \/>\n<meta property=\"og:description\" content=\"D\u00e9monick\u00e1 jepti\u0161ka &#8211; Valak, kter\u00e1 n\u00e1s stra\u0161\u00ed u\u017e ze s\u00e9rie V zajet\u00ed d\u00e9mon\u016f je zp\u011bt! Pod\u00edvejte se s n\u00e1mi na d\u011bsiv\u00fd trailer Sestra II. Sestra se vrac\u00ed, aby n\u00e1m uk\u00e1zala, jakou hr\u016fzu op\u011bt v&#046;&#046;&#046;\" \/>\n<meta property=\"og:url\" content=\"https:\/\/cinemahouse.cz\/index.php\/2023\/08\/31\/horor-sestra-ii-jde-v-zari-do-kin-nejvetsi-zlo-ze-sveta-filmu-v-zajeti-demonu-je-zpet\/\" \/>\n<meta property=\"og:site_name\" content=\"CINEMAHOUSE.cz\" \/>\n<meta property=\"article:published_time\" content=\"2023-08-30T22:01:00+00:00\" \/>\n<meta property=\"article:modified_time\" content=\"2023-08-30T23:07:44+00:00\" \/>\n<meta property=\"og:image\" content=\"https:\/\/cinemahouse.cz\/wp-content\/uploads\/2023\/08\/02-2.jpg\" \/>\n\t<meta property=\"og:image:width\" content=\"1602\" \/>\n\t<meta property=\"og:image:height\" content=\"901\" \/>\n\t<meta property=\"og:image:type\" content=\"image\/jpeg\" \/>\n<meta name=\"author\" content=\"Jordana Pechov\u00e1\" \/>\n<meta name=\"twitter:card\" content=\"summary_large_image\" \/>\n<meta name=\"twitter:label1\" content=\"Napsal(a)\" \/>\n\t<meta name=\"twitter:data1\" content=\"Jordana Pechov\u00e1\" \/>\n\t<meta name=\"twitter:label2\" content=\"Odhadovan\u00e1 doba \u010dten\u00ed\" \/>\n\t<meta name=\"twitter:data2\" content=\"1 minuta\" \/>\n<script type=\"application\/ld+json\" class=\"yoast-schema-graph\">{\"@context\":\"https:\/\/schema.org\",\"@graph\":[{\"@type\":\"Article\",\"@id\":\"https:\/\/cinemahouse.cz\/index.php\/2023\/08\/31\/horor-sestra-ii-jde-v-zari-do-kin-nejvetsi-zlo-ze-sveta-filmu-v-zajeti-demonu-je-zpet\/#article\",\"isPartOf\":{\"@id\":\"https:\/\/cinemahouse.cz\/index.php\/2023\/08\/31\/horor-sestra-ii-jde-v-zari-do-kin-nejvetsi-zlo-ze-sveta-filmu-v-zajeti-demonu-je-zpet\/\"},\"author\":{\"name\":\"Jordana Pechov\u00e1\",\"@id\":\"https:\/\/cinemahouse.cz\/#\/schema\/person\/5121c8490d035567efc4dd9223d7a216\"},\"headline\":\"Horor Sestra II jde v z\u00e1\u0159\u00ed do kin. Nejv\u011bt\u0161\u00ed zlo ze sv\u011bta film\u016f V zajet\u00ed d\u00e9mon\u016f je zp\u011bt!\",\"datePublished\":\"2023-08-30T22:01:00+00:00\",\"dateModified\":\"2023-08-30T23:07:44+00:00\",\"mainEntityOfPage\":{\"@id\":\"https:\/\/cinemahouse.cz\/index.php\/2023\/08\/31\/horor-sestra-ii-jde-v-zari-do-kin-nejvetsi-zlo-ze-sveta-filmu-v-zajeti-demonu-je-zpet\/\"},\"wordCount\":158,\"publisher\":{\"@id\":\"https:\/\/cinemahouse.cz\/#organization\"},\"articleSection\":[\"FILMOV\u00c9 NOVINKY\",\"FILMY, SERI\u00c1LY a TV\",\"NEWS\",\"TRAILERY\"],\"inLanguage\":\"cs\"},{\"@type\":\"WebPage\",\"@id\":\"https:\/\/cinemahouse.cz\/index.php\/2023\/08\/31\/horor-sestra-ii-jde-v-zari-do-kin-nejvetsi-zlo-ze-sveta-filmu-v-zajeti-demonu-je-zpet\/\",\"url\":\"https:\/\/cinemahouse.cz\/index.php\/2023\/08\/31\/horor-sestra-ii-jde-v-zari-do-kin-nejvetsi-zlo-ze-sveta-filmu-v-zajeti-demonu-je-zpet\/\",\"name\":\"Horor Sestra II jde v z\u00e1\u0159\u00ed do kin. Nejv\u011bt\u0161\u00ed zlo ze sv\u011bta film\u016f V zajet\u00ed d\u00e9mon\u016f je zp\u011bt! - CINEMAHOUSE.cz\",\"isPartOf\":{\"@id\":\"https:\/\/cinemahouse.cz\/#website\"},\"datePublished\":\"2023-08-30T22:01:00+00:00\",\"dateModified\":\"2023-08-30T23:07:44+00:00\",\"breadcrumb\":{\"@id\":\"https:\/\/cinemahouse.cz\/index.php\/2023\/08\/31\/horor-sestra-ii-jde-v-zari-do-kin-nejvetsi-zlo-ze-sveta-filmu-v-zajeti-demonu-je-zpet\/#breadcrumb\"},\"inLanguage\":\"cs\",\"potentialAction\":[{\"@type\":\"ReadAction\",\"target\":[\"https:\/\/cinemahouse.cz\/index.php\/2023\/08\/31\/horor-sestra-ii-jde-v-zari-do-kin-nejvetsi-zlo-ze-sveta-filmu-v-zajeti-demonu-je-zpet\/\"]}]},{\"@type\":\"BreadcrumbList\",\"@id\":\"https:\/\/cinemahouse.cz\/index.php\/2023\/08\/31\/horor-sestra-ii-jde-v-zari-do-kin-nejvetsi-zlo-ze-sveta-filmu-v-zajeti-demonu-je-zpet\/#breadcrumb\",\"itemListElement\":[{\"@type\":\"ListItem\",\"position\":1,\"name\":\"Dom\u016f\",\"item\":\"https:\/\/cinemahouse.cz\/\"},{\"@type\":\"ListItem\",\"position\":2,\"name\":\"Horor Sestra II jde v z\u00e1\u0159\u00ed do kin. Nejv\u011bt\u0161\u00ed zlo ze sv\u011bta film\u016f V zajet\u00ed d\u00e9mon\u016f je zp\u011bt!\"}]},{\"@type\":\"WebSite\",\"@id\":\"https:\/\/cinemahouse.cz\/#website\",\"url\":\"https:\/\/cinemahouse.cz\/\",\"name\":\"CINEMAHOUSE.cz\",\"description\":\"Port\u00e1l o filmov\u00fdch novink\u00e1ch\",\"publisher\":{\"@id\":\"https:\/\/cinemahouse.cz\/#organization\"},\"potentialAction\":[{\"@type\":\"SearchAction\",\"target\":{\"@type\":\"EntryPoint\",\"urlTemplate\":\"https:\/\/cinemahouse.cz\/?s={search_term_string}\"},\"query-input\":\"required name=search_term_string\"}],\"inLanguage\":\"cs\"},{\"@type\":\"Organization\",\"@id\":\"https:\/\/cinemahouse.cz\/#organization\",\"name\":\"CINEMAHOUSE.cz\",\"url\":\"https:\/\/cinemahouse.cz\/\",\"logo\":{\"@type\":\"ImageObject\",\"inLanguage\":\"cs\",\"@id\":\"https:\/\/cinemahouse.cz\/#\/schema\/logo\/image\/\",\"url\":\"https:\/\/cinemahouse.cz\/wp-content\/uploads\/2024\/12\/cropped-Logo_CinemaHouse.jpg\",\"contentUrl\":\"https:\/\/cinemahouse.cz\/wp-content\/uploads\/2024\/12\/cropped-Logo_CinemaHouse.jpg\",\"width\":926,\"height\":467,\"caption\":\"CINEMAHOUSE.cz\"},\"image\":{\"@id\":\"https:\/\/cinemahouse.cz\/#\/schema\/logo\/image\/\"}},{\"@type\":\"Person\",\"@id\":\"https:\/\/cinemahouse.cz\/#\/schema\/person\/5121c8490d035567efc4dd9223d7a216\",\"name\":\"Jordana Pechov\u00e1\",\"image\":{\"@type\":\"ImageObject\",\"inLanguage\":\"cs\",\"@id\":\"https:\/\/cinemahouse.cz\/#\/schema\/person\/image\/\",\"url\":\"https:\/\/secure.gravatar.com\/avatar\/349e898f7fe64c4a4839cc48a802dd9a?s=96&d=mm&r=g\",\"contentUrl\":\"https:\/\/secure.gravatar.com\/avatar\/349e898f7fe64c4a4839cc48a802dd9a?s=96&d=mm&r=g\",\"caption\":\"Jordana Pechov\u00e1\"},\"sameAs\":[\"http:\/\/CINEMAHOUSE.cz\"],\"url\":\"https:\/\/cinemahouse.cz\/index.php\/author\/jorpech\/\"}]}<\/script>\n<!-- \/ Yoast SEO plugin. -->","yoast_head_json":{"title":"Horor Sestra II jde v z\u00e1\u0159\u00ed do kin. Nejv\u011bt\u0161\u00ed zlo ze sv\u011bta film\u016f V zajet\u00ed d\u00e9mon\u016f je zp\u011bt! - CINEMAHOUSE.cz","robots":{"index":"index","follow":"follow","max-snippet":"max-snippet:-1","max-image-preview":"max-image-preview:large","max-video-preview":"max-video-preview:-1"},"canonical":"https:\/\/cinemahouse.cz\/index.php\/2023\/08\/31\/horor-sestra-ii-jde-v-zari-do-kin-nejvetsi-zlo-ze-sveta-filmu-v-zajeti-demonu-je-zpet\/","og_locale":"cs_CZ","og_type":"article","og_title":"Horor Sestra II jde v z\u00e1\u0159\u00ed do kin. Nejv\u011bt\u0161\u00ed zlo ze sv\u011bta film\u016f V zajet\u00ed d\u00e9mon\u016f je zp\u011bt! - CINEMAHOUSE.cz","og_description":"D\u00e9monick\u00e1 jepti\u0161ka &#8211; Valak, kter\u00e1 n\u00e1s stra\u0161\u00ed u\u017e ze s\u00e9rie V zajet\u00ed d\u00e9mon\u016f je zp\u011bt! Pod\u00edvejte se s n\u00e1mi na d\u011bsiv\u00fd trailer Sestra II. Sestra se vrac\u00ed, aby n\u00e1m uk\u00e1zala, jakou hr\u016fzu op\u011bt v&#46;&#46;&#46;","og_url":"https:\/\/cinemahouse.cz\/index.php\/2023\/08\/31\/horor-sestra-ii-jde-v-zari-do-kin-nejvetsi-zlo-ze-sveta-filmu-v-zajeti-demonu-je-zpet\/","og_site_name":"CINEMAHOUSE.cz","article_published_time":"2023-08-30T22:01:00+00:00","article_modified_time":"2023-08-30T23:07:44+00:00","og_image":[{"width":1602,"height":901,"url":"https:\/\/cinemahouse.cz\/wp-content\/uploads\/2023\/08\/02-2.jpg","type":"image\/jpeg"}],"author":"Jordana Pechov\u00e1","twitter_card":"summary_large_image","twitter_misc":{"Napsal(a)":"Jordana Pechov\u00e1","Odhadovan\u00e1 doba \u010dten\u00ed":"1 minuta"},"schema":{"@context":"https:\/\/schema.org","@graph":[{"@type":"Article","@id":"https:\/\/cinemahouse.cz\/index.php\/2023\/08\/31\/horor-sestra-ii-jde-v-zari-do-kin-nejvetsi-zlo-ze-sveta-filmu-v-zajeti-demonu-je-zpet\/#article","isPartOf":{"@id":"https:\/\/cinemahouse.cz\/index.php\/2023\/08\/31\/horor-sestra-ii-jde-v-zari-do-kin-nejvetsi-zlo-ze-sveta-filmu-v-zajeti-demonu-je-zpet\/"},"author":{"name":"Jordana Pechov\u00e1","@id":"https:\/\/cinemahouse.cz\/#\/schema\/person\/5121c8490d035567efc4dd9223d7a216"},"headline":"Horor Sestra II jde v z\u00e1\u0159\u00ed do kin. Nejv\u011bt\u0161\u00ed zlo ze sv\u011bta film\u016f V zajet\u00ed d\u00e9mon\u016f je zp\u011bt!","datePublished":"2023-08-30T22:01:00+00:00","dateModified":"2023-08-30T23:07:44+00:00","mainEntityOfPage":{"@id":"https:\/\/cinemahouse.cz\/index.php\/2023\/08\/31\/horor-sestra-ii-jde-v-zari-do-kin-nejvetsi-zlo-ze-sveta-filmu-v-zajeti-demonu-je-zpet\/"},"wordCount":158,"publisher":{"@id":"https:\/\/cinemahouse.cz\/#organization"},"articleSection":["FILMOV\u00c9 NOVINKY","FILMY, SERI\u00c1LY a TV","NEWS","TRAILERY"],"inLanguage":"cs"},{"@type":"WebPage","@id":"https:\/\/cinemahouse.cz\/index.php\/2023\/08\/31\/horor-sestra-ii-jde-v-zari-do-kin-nejvetsi-zlo-ze-sveta-filmu-v-zajeti-demonu-je-zpet\/","url":"https:\/\/cinemahouse.cz\/index.php\/2023\/08\/31\/horor-sestra-ii-jde-v-zari-do-kin-nejvetsi-zlo-ze-sveta-filmu-v-zajeti-demonu-je-zpet\/","name":"Horor Sestra II jde v z\u00e1\u0159\u00ed do kin. Nejv\u011bt\u0161\u00ed zlo ze sv\u011bta film\u016f V zajet\u00ed d\u00e9mon\u016f je zp\u011bt! - CINEMAHOUSE.cz","isPartOf":{"@id":"https:\/\/cinemahouse.cz\/#website"},"datePublished":"2023-08-30T22:01:00+00:00","dateModified":"2023-08-30T23:07:44+00:00","breadcrumb":{"@id":"https:\/\/cinemahouse.cz\/index.php\/2023\/08\/31\/horor-sestra-ii-jde-v-zari-do-kin-nejvetsi-zlo-ze-sveta-filmu-v-zajeti-demonu-je-zpet\/#breadcrumb"},"inLanguage":"cs","potentialAction":[{"@type":"ReadAction","target":["https:\/\/cinemahouse.cz\/index.php\/2023\/08\/31\/horor-sestra-ii-jde-v-zari-do-kin-nejvetsi-zlo-ze-sveta-filmu-v-zajeti-demonu-je-zpet\/"]}]},{"@type":"BreadcrumbList","@id":"https:\/\/cinemahouse.cz\/index.php\/2023\/08\/31\/horor-sestra-ii-jde-v-zari-do-kin-nejvetsi-zlo-ze-sveta-filmu-v-zajeti-demonu-je-zpet\/#breadcrumb","itemListElement":[{"@type":"ListItem","position":1,"name":"Dom\u016f","item":"https:\/\/cinemahouse.cz\/"},{"@type":"ListItem","position":2,"name":"Horor Sestra II jde v z\u00e1\u0159\u00ed do kin. Nejv\u011bt\u0161\u00ed zlo ze sv\u011bta film\u016f V zajet\u00ed d\u00e9mon\u016f je zp\u011bt!"}]},{"@type":"WebSite","@id":"https:\/\/cinemahouse.cz\/#website","url":"https:\/\/cinemahouse.cz\/","name":"CINEMAHOUSE.cz","description":"Port\u00e1l o filmov\u00fdch novink\u00e1ch","publisher":{"@id":"https:\/\/cinemahouse.cz\/#organization"},"potentialAction":[{"@type":"SearchAction","target":{"@type":"EntryPoint","urlTemplate":"https:\/\/cinemahouse.cz\/?s={search_term_string}"},"query-input":"required name=search_term_string"}],"inLanguage":"cs"},{"@type":"Organization","@id":"https:\/\/cinemahouse.cz\/#organization","name":"CINEMAHOUSE.cz","url":"https:\/\/cinemahouse.cz\/","logo":{"@type":"ImageObject","inLanguage":"cs","@id":"https:\/\/cinemahouse.cz\/#\/schema\/logo\/image\/","url":"https:\/\/cinemahouse.cz\/wp-content\/uploads\/2024\/12\/cropped-Logo_CinemaHouse.jpg","contentUrl":"https:\/\/cinemahouse.cz\/wp-content\/uploads\/2024\/12\/cropped-Logo_CinemaHouse.jpg","width":926,"height":467,"caption":"CINEMAHOUSE.cz"},"image":{"@id":"https:\/\/cinemahouse.cz\/#\/schema\/logo\/image\/"}},{"@type":"Person","@id":"https:\/\/cinemahouse.cz\/#\/schema\/person\/5121c8490d035567efc4dd9223d7a216","name":"Jordana Pechov\u00e1","image":{"@type":"ImageObject","inLanguage":"cs","@id":"https:\/\/cinemahouse.cz\/#\/schema\/person\/image\/","url":"https:\/\/secure.gravatar.com\/avatar\/349e898f7fe64c4a4839cc48a802dd9a?s=96&d=mm&r=g","contentUrl":"https:\/\/secure.gravatar.com\/avatar\/349e898f7fe64c4a4839cc48a802dd9a?s=96&d=mm&r=g","caption":"Jordana Pechov\u00e1"},"sameAs":["http:\/\/CINEMAHOUSE.cz"],"url":"https:\/\/cinemahouse.cz\/index.php\/author\/jorpech\/"}]}},"_links":{"self":[{"href":"https:\/\/cinemahouse.cz\/index.php\/wp-json\/wp\/v2\/posts\/5268"}],"collection":[{"href":"https:\/\/cinemahouse.cz\/index.php\/wp-json\/wp\/v2\/posts"}],"about":[{"href":"https:\/\/cinemahouse.cz\/index.php\/wp-json\/wp\/v2\/types\/post"}],"author":[{"embeddable":true,"href":"https:\/\/cinemahouse.cz\/index.php\/wp-json\/wp\/v2\/users\/6"}],"replies":[{"embeddable":true,"href":"https:\/\/cinemahouse.cz\/index.php\/wp-json\/wp\/v2\/comments?post=5268"}],"version-history":[{"count":3,"href":"https:\/\/cinemahouse.cz\/index.php\/wp-json\/wp\/v2\/posts\/5268\/revisions"}],"predecessor-version":[{"id":5278,"href":"https:\/\/cinemahouse.cz\/index.php\/wp-json\/wp\/v2\/posts\/5268\/revisions\/5278"}],"wp:featuredmedia":[{"embeddable":true,"href":"https:\/\/cinemahouse.cz\/index.php\/wp-json\/wp\/v2\/media\/5270"}],"wp:attachment":[{"href":"https:\/\/cinemahouse.cz\/index.php\/wp-json\/wp\/v2\/media?parent=5268"}],"wp:term":[{"taxonomy":"category","embeddable":true,"href":"https:\/\/cinemahouse.cz\/index.php\/wp-json\/wp\/v2\/categories?post=5268"},{"taxonomy":"post_tag","embeddable":true,"href":"https:\/\/cinemahouse.cz\/index.php\/wp-json\/wp\/v2\/tags?post=5268"}],"curies":[{"name":"wp","href":"https:\/\/api.w.org\/{rel}","templated":true}]}}