{"id":5245,"date":"2023-09-04T00:01:00","date_gmt":"2023-09-03T22:01:00","guid":{"rendered":"https:\/\/cinemahouse.cz\/?p=5245"},"modified":"2023-09-01T00:41:35","modified_gmt":"2023-08-31T22:41:35","slug":"zivot-v-extremu-do-kin-miri-celovecerni-dokument-karlos-o-gladiatorovi-vemolovi","status":"publish","type":"post","link":"https:\/\/cinemahouse.cz\/index.php\/2023\/09\/04\/zivot-v-extremu-do-kin-miri-celovecerni-dokument-karlos-o-gladiatorovi-vemolovi\/","title":{"rendered":"\u017divot v\u00a0extr\u00e9mu. Do kin m\u00ed\u0159\u00ed celove\u010dern\u00ed dokument Karlos o gladi\u00e1torovi V\u00e9molovi"},"content":{"rendered":"\n<div style=\"height:45px\" aria-hidden=\"true\" class=\"wp-block-spacer\"><\/div>\n\n\n\n<p><strong>Tv\u016frci p\u0159edstavuj\u00ed prvn\u00ed z\u00e1b\u011bry. Film zam\u00ed\u0159\u00ed do kin v&nbsp;lednu 2024.<\/strong><\/p>\n\n\n\n<div style=\"height:37px\" aria-hidden=\"true\" class=\"wp-block-spacer\"><\/div>\n\n\n\n<div class=\"wp-block-image\"><figure class=\"aligncenter size-large\"><img decoding=\"async\" loading=\"lazy\" width=\"1024\" height=\"480\" src=\"https:\/\/cinemahouse.cz\/wp-content\/uploads\/2023\/08\/01-1-1024x480.jpg\" alt=\"\" class=\"wp-image-5250\" srcset=\"https:\/\/cinemahouse.cz\/wp-content\/uploads\/2023\/08\/01-1-1024x480.jpg 1024w, https:\/\/cinemahouse.cz\/wp-content\/uploads\/2023\/08\/01-1-300x141.jpg 300w, https:\/\/cinemahouse.cz\/wp-content\/uploads\/2023\/08\/01-1-768x360.jpg 768w, https:\/\/cinemahouse.cz\/wp-content\/uploads\/2023\/08\/01-1-520x245.jpg 520w, https:\/\/cinemahouse.cz\/wp-content\/uploads\/2023\/08\/01-1.jpg 1400w\" sizes=\"(max-width: 1024px) 100vw, 1024px\" \/><\/figure><\/div>\n\n\n\n<div style=\"height:37px\" aria-hidden=\"true\" class=\"wp-block-spacer\"><\/div>\n\n\n\n<p>Dvojice re\u017eis\u00e9r\u016f Michal Samir a \u0160imon \u0160afr\u00e1nek pr\u00e1v\u011b dokon\u010duje celove\u010dern\u00ed dokument o jednom z&nbsp;fenom\u00e9n\u016f dne\u0161ka Karlosovi V\u00e9molovi. Film s&nbsp;v\u00fdmluvn\u00fdm n\u00e1zvem Karlos m\u00e1 ambici odhalit, jak\u00fd je Karlos V\u00e9mola mimo sv\u011btla reflektor\u016f. Podle tv\u016frc\u016f nejde o pouh\u00fd medailonek, t\u011b\u017e\u00edc\u00ed z aktu\u00e1ln\u00ed&nbsp;Karlosovy popularity, ale o filmov\u00fd obraz osobnosti, kter\u00e1 zm\u011bnila popkulturn\u00ed \u017eivot v&nbsp;\u010cesku. Michal Samir za\u010dal s&nbsp;Karlosem to\u010dit u\u017e p\u0159ed v\u00edce ne\u017e deseti lety v&nbsp;Lond\u00fdn\u011b.<\/p>\n\n\n\n<p>Atraktivn\u00ed \u010d\u00e1sti filmu by m\u011bly tvo\u0159it unik\u00e1tn\u00ed z\u00e1b\u011bry z Karlosovy minulosti star\u00e9 p\u0159es deset let, kter\u00e9 dosud nikdo nevid\u011bl. \u201e<em>Zn\u00e1me se dlouho, intuitivn\u011b jsem to\u010dil Karlose u\u017e p\u0159ed mnoha lety v&nbsp;Lond\u00fdn\u011b. M\u00e1me proto nato\u010den\u00e9ho Karlose ne jako celebritu, ale jako opravdov\u00e9ho kluka z&nbsp;Olomouce, co se protlouk\u00e1 \u017eivotem,\u201c<\/em> \u0159\u00edk\u00e1 re\u017eis\u00e9r Michal Samir.<\/p>\n\n\n\n<p>Pr\u00e1v\u011b ten se s&nbsp;Karlosem zn\u00e1 t\u00e9m\u011b\u0159 patn\u00e1ct let, jejich vztah tv\u016frc\u016fm nab\u00edz\u00ed Karlosovu otev\u0159enost, up\u0159\u00edmnost a mo\u017enost odpov\u011bd\u011bt na ot\u00e1zku: Kdo vlastn\u011b je Karlos V\u00e9mola a odkud se vzal. S\u00e1m V\u00e9mola pak poskytl pro film i archiv osobn\u00edch fotografi\u00ed.<\/p>\n\n\n\n<div style=\"height:37px\" aria-hidden=\"true\" class=\"wp-block-spacer\"><\/div>\n\n\n\n<figure class=\"wp-block-embed-youtube wp-block-embed is-type-video is-provider-youtube wp-embed-aspect-16-9 wp-has-aspect-ratio\"><div class=\"wp-block-embed__wrapper\">\n<div class=\"video-container\"><iframe loading=\"lazy\" title=\"Karlos (2023 ) - TEASER TRAILER\" width=\"500\" height=\"281\" src=\"https:\/\/www.youtube.com\/embed\/TWkRi5GT5bA?list=PLMjX-mAaDj_mnrFNZjRFmpjOlqS5FU9ye\" frameborder=\"0\" allow=\"accelerometer; autoplay; clipboard-write; encrypted-media; gyroscope; picture-in-picture; web-share\" allowfullscreen><\/iframe><\/div>\n<\/div><\/figure>\n\n\n\n<div style=\"height:37px\" aria-hidden=\"true\" class=\"wp-block-spacer\"><\/div>\n\n\n\n<p>Sm\u00ed\u0161en\u00e9 z\u00e1pasy MMA se pohybuj\u00ed na pomez\u00ed sportu, z\u00e1bavy a bulv\u00e1ru, V\u00e9mola je t\u00edm, kdo tento fenom\u00e9n pom\u00e1hal v&nbsp;\u010cesku utv\u00e1\u0159et.<\/p>\n\n\n\n<p>\u201e<em>Je to film o extr\u00e9mn\u00edm \u010dlov\u011bku v&nbsp;extr\u00e9mn\u00ed dob\u011b<\/em>,\u201c popisuje Michal Samir. \u201e<em>Karlos\u016fv \u017eivot je fascinuj\u00edc\u00ed, extr\u00e9mn\u00ed a zcela odli\u0161n\u00fd od toho, na co jsme sami zvykl\u00ed. N\u00e1\u0161 dokument reflektuje Karla nejen jako bijce a hrdinu dav\u016f, ale z\u00e1rove\u0148 jako otce, partnera, n\u011b\u017en\u00e9ho milovn\u00edka zv\u00ed\u0159at, a sou\u010dasn\u011b jako ne\u00fastupn\u00e9ho, hrani\u010dn\u00edho \u010dlov\u011bka, kter\u00fd po sv\u00e9m okol\u00ed \u010dasto \u017e\u00e1d\u00e1 nemo\u017en\u00e9 \u2013 p\u0159izp\u016fsobit se jeho \u017eivotn\u00edmu stylu a tempu.<\/em>\u201c<\/p>\n\n\n\n<p>V\u00e9mol\u016fv \u017eivot byl v\u017edy pln\u00fd propastn\u00fdch protiklad\u016f, od d\u011btstv\u00ed \u017eil za hranou, a\u0165 za hranou toho dobr\u00e9ho nebo \u0161patn\u00e9ho. Jako mal\u00fd se pral na ulic\u00edch Olomouce, po \u0161kole odjel do Lond\u00fdny, kde se \u017eivil jako vyhazova\u010d, proslavil se, \u0161el do v\u011bzen\u00ed, znovu se proslavil, vyprodal O2 ar\u00e9nu a stal se celebritou.<\/p>\n\n\n\n<p>\u201e<em>Film, stejn\u011b jako Karlos\u016fv \u017eivot, je nebezpe\u010dn\u00e1 j\u00edzda, kter\u00e1 za\u010d\u00edn\u00e1 v&nbsp;olomouck\u00fdch Hodolanech, pokra\u010duje p\u0159es kluby na lond\u00fdnsk\u00fdch periferi\u00edch a eskaluje k\u0159i\u017eovatkou, na kter\u00e9 se te\u010f Karlos jako \u010dlov\u011bk i jako z\u00e1pasn\u00edk ve sv\u00e9m v\u011bku ocit\u00e1,<\/em>\u201c uzav\u00edr\u00e1 Samir.<\/p>\n\n\n\n<p>Producenty jsou Bontonfilm Studios, Silk Films, Barletta. Hlavn\u00edm partnerem filmu je Oktagon, partnerem je Progresus Invest Holding.<\/p>\n\n\n\n<div style=\"height:37px\" aria-hidden=\"true\" class=\"wp-block-spacer\"><\/div>\n\n\n\n<h2 class=\"wp-block-heading\">Karlos<\/h2>\n\n\n\n<div style=\"height:37px\" aria-hidden=\"true\" class=\"wp-block-spacer\"><\/div>\n\n\n\n<p><strong>Sc\u00e9n\u00e1\u0159 a re\u017eie: <\/strong>Michal Samir a \u0160imon \u0160afr\u00e1nek<\/p>\n\n\n\n<p><strong>Kamera<\/strong>: Martin Douba<\/p>\n\n\n\n<p><strong>St\u0159ih: <\/strong>\u0160imon H\u00e1jek<\/p>\n\n\n\n<div style=\"height:37px\" aria-hidden=\"true\" class=\"wp-block-spacer\"><\/div>\n\n\n\n<figure class=\"wp-block-gallery columns-2 is-cropped wp-block-gallery-1 is-layout-flex wp-block-gallery-is-layout-flex\"><ul class=\"blocks-gallery-grid\"><li class=\"blocks-gallery-item\"><figure><img decoding=\"async\" loading=\"lazy\" width=\"1024\" height=\"480\" src=\"https:\/\/cinemahouse.cz\/wp-content\/uploads\/2023\/08\/01-1-1024x480.jpg\" alt=\"\" data-id=\"5250\" data-full-url=\"https:\/\/cinemahouse.cz\/wp-content\/uploads\/2023\/08\/01-1.jpg\" data-link=\"https:\/\/cinemahouse.cz\/?attachment_id=5250\" class=\"wp-image-5250\" srcset=\"https:\/\/cinemahouse.cz\/wp-content\/uploads\/2023\/08\/01-1-1024x480.jpg 1024w, https:\/\/cinemahouse.cz\/wp-content\/uploads\/2023\/08\/01-1-300x141.jpg 300w, https:\/\/cinemahouse.cz\/wp-content\/uploads\/2023\/08\/01-1-768x360.jpg 768w, https:\/\/cinemahouse.cz\/wp-content\/uploads\/2023\/08\/01-1-520x245.jpg 520w, https:\/\/cinemahouse.cz\/wp-content\/uploads\/2023\/08\/01-1.jpg 1400w\" sizes=\"(max-width: 1024px) 100vw, 1024px\" \/><\/figure><\/li><li class=\"blocks-gallery-item\"><figure><img decoding=\"async\" loading=\"lazy\" width=\"1024\" height=\"479\" src=\"https:\/\/cinemahouse.cz\/wp-content\/uploads\/2023\/08\/Beze-jmena-1-1024x479.jpg\" alt=\"\" data-id=\"5249\" data-full-url=\"https:\/\/cinemahouse.cz\/wp-content\/uploads\/2023\/08\/Beze-jmena-1.jpg\" data-link=\"https:\/\/cinemahouse.cz\/?attachment_id=5249\" class=\"wp-image-5249\" srcset=\"https:\/\/cinemahouse.cz\/wp-content\/uploads\/2023\/08\/Beze-jmena-1-1024x479.jpg 1024w, https:\/\/cinemahouse.cz\/wp-content\/uploads\/2023\/08\/Beze-jmena-1-300x140.jpg 300w, https:\/\/cinemahouse.cz\/wp-content\/uploads\/2023\/08\/Beze-jmena-1-768x359.jpg 768w, https:\/\/cinemahouse.cz\/wp-content\/uploads\/2023\/08\/Beze-jmena-1.jpg 1400w\" sizes=\"(max-width: 1024px) 100vw, 1024px\" \/><\/figure><\/li><li class=\"blocks-gallery-item\"><figure><img decoding=\"async\" loading=\"lazy\" width=\"1024\" height=\"456\" src=\"https:\/\/cinemahouse.cz\/wp-content\/uploads\/2023\/08\/04-1024x456.jpg\" alt=\"\" data-id=\"5248\" data-full-url=\"https:\/\/cinemahouse.cz\/wp-content\/uploads\/2023\/08\/04.jpg\" data-link=\"https:\/\/cinemahouse.cz\/?attachment_id=5248\" class=\"wp-image-5248\" srcset=\"https:\/\/cinemahouse.cz\/wp-content\/uploads\/2023\/08\/04-1024x456.jpg 1024w, https:\/\/cinemahouse.cz\/wp-content\/uploads\/2023\/08\/04-300x134.jpg 300w, https:\/\/cinemahouse.cz\/wp-content\/uploads\/2023\/08\/04-768x342.jpg 768w, https:\/\/cinemahouse.cz\/wp-content\/uploads\/2023\/08\/04.jpg 1400w\" sizes=\"(max-width: 1024px) 100vw, 1024px\" \/><\/figure><\/li><li class=\"blocks-gallery-item\"><figure><img decoding=\"async\" loading=\"lazy\" width=\"1024\" height=\"480\" src=\"https:\/\/cinemahouse.cz\/wp-content\/uploads\/2023\/08\/02-1024x480.jpg\" alt=\"\" data-id=\"5247\" data-full-url=\"https:\/\/cinemahouse.cz\/wp-content\/uploads\/2023\/08\/02.jpg\" data-link=\"https:\/\/cinemahouse.cz\/?attachment_id=5247\" class=\"wp-image-5247\" srcset=\"https:\/\/cinemahouse.cz\/wp-content\/uploads\/2023\/08\/02-1024x480.jpg 1024w, https:\/\/cinemahouse.cz\/wp-content\/uploads\/2023\/08\/02-300x141.jpg 300w, https:\/\/cinemahouse.cz\/wp-content\/uploads\/2023\/08\/02-768x360.jpg 768w, https:\/\/cinemahouse.cz\/wp-content\/uploads\/2023\/08\/02-520x245.jpg 520w, https:\/\/cinemahouse.cz\/wp-content\/uploads\/2023\/08\/02.jpg 1400w\" sizes=\"(max-width: 1024px) 100vw, 1024px\" \/><\/figure><\/li><li class=\"blocks-gallery-item\"><figure><img decoding=\"async\" loading=\"lazy\" width=\"724\" height=\"1024\" src=\"https:\/\/cinemahouse.cz\/wp-content\/uploads\/2023\/08\/Karlos-TEASER-PLAKAT-724x1024.jpg\" alt=\"\" data-id=\"5246\" data-full-url=\"https:\/\/cinemahouse.cz\/wp-content\/uploads\/2023\/08\/Karlos-TEASER-PLAKAT.jpg\" data-link=\"https:\/\/cinemahouse.cz\/?attachment_id=5246\" class=\"wp-image-5246\" srcset=\"https:\/\/cinemahouse.cz\/wp-content\/uploads\/2023\/08\/Karlos-TEASER-PLAKAT-724x1024.jpg 724w, https:\/\/cinemahouse.cz\/wp-content\/uploads\/2023\/08\/Karlos-TEASER-PLAKAT-212x300.jpg 212w, https:\/\/cinemahouse.cz\/wp-content\/uploads\/2023\/08\/Karlos-TEASER-PLAKAT-768x1087.jpg 768w, https:\/\/cinemahouse.cz\/wp-content\/uploads\/2023\/08\/Karlos-TEASER-PLAKAT.jpg 848w\" sizes=\"(max-width: 724px) 100vw, 724px\" \/><\/figure><\/li><\/ul><\/figure>\n\n\n\n<p><strong>Zdroj foto a video:<\/strong> Bontonfilm<\/p>\n\n\n\n<div style=\"height:100px\" aria-hidden=\"true\" class=\"wp-block-spacer\"><\/div>\n","protected":false},"excerpt":{"rendered":"<p>Tv\u016frci p\u0159edstavuj\u00ed prvn\u00ed z\u00e1b\u011bry. Film zam\u00ed\u0159\u00ed do kin v&nbsp;lednu 2024. Dvojice re\u017eis\u00e9r\u016f Michal Samir a \u0160imon \u0160afr\u00e1nek pr\u00e1v\u011b dokon\u010duje celove\u010dern\u00ed dokument o jednom z&nbsp;fenom\u00e9n\u016f dne\u0161ka Karlosovi V\u00e9molovi. Film s&nbsp;v\u00fdmluvn\u00fdm n\u00e1zvem Karlos m\u00e1 ambici odhalit,&#46;&#46;&#46;<\/p>\n","protected":false},"author":6,"featured_media":5250,"comment_status":"closed","ping_status":"closed","sticky":false,"template":"","format":"standard","meta":{"_monsterinsights_skip_tracking":false,"_monsterinsights_sitenote_active":false,"_monsterinsights_sitenote_note":"","_monsterinsights_sitenote_category":0,"footnotes":""},"categories":[3,12,2,5],"tags":[],"yoast_head":"<!-- This site is optimized with the Yoast SEO plugin v21.4 - https:\/\/yoast.com\/wordpress\/plugins\/seo\/ -->\n<title>\u017divot v\u00a0extr\u00e9mu. Do kin m\u00ed\u0159\u00ed celove\u010dern\u00ed dokument Karlos o gladi\u00e1torovi V\u00e9molovi - CINEMAHOUSE.cz<\/title>\n<meta name=\"robots\" content=\"index, follow, max-snippet:-1, max-image-preview:large, max-video-preview:-1\" \/>\n<link rel=\"canonical\" href=\"https:\/\/cinemahouse.cz\/index.php\/2023\/09\/04\/zivot-v-extremu-do-kin-miri-celovecerni-dokument-karlos-o-gladiatorovi-vemolovi\/\" \/>\n<meta property=\"og:locale\" content=\"cs_CZ\" \/>\n<meta property=\"og:type\" content=\"article\" \/>\n<meta property=\"og:title\" content=\"\u017divot v\u00a0extr\u00e9mu. Do kin m\u00ed\u0159\u00ed celove\u010dern\u00ed dokument Karlos o gladi\u00e1torovi V\u00e9molovi - CINEMAHOUSE.cz\" \/>\n<meta property=\"og:description\" content=\"Tv\u016frci p\u0159edstavuj\u00ed prvn\u00ed z\u00e1b\u011bry. Film zam\u00ed\u0159\u00ed do kin v&nbsp;lednu 2024. Dvojice re\u017eis\u00e9r\u016f Michal Samir a \u0160imon \u0160afr\u00e1nek pr\u00e1v\u011b dokon\u010duje celove\u010dern\u00ed dokument o jednom z&nbsp;fenom\u00e9n\u016f dne\u0161ka Karlosovi V\u00e9molovi. Film s&nbsp;v\u00fdmluvn\u00fdm n\u00e1zvem Karlos m\u00e1 ambici odhalit,&#046;&#046;&#046;\" \/>\n<meta property=\"og:url\" content=\"https:\/\/cinemahouse.cz\/index.php\/2023\/09\/04\/zivot-v-extremu-do-kin-miri-celovecerni-dokument-karlos-o-gladiatorovi-vemolovi\/\" \/>\n<meta property=\"og:site_name\" content=\"CINEMAHOUSE.cz\" \/>\n<meta property=\"article:published_time\" content=\"2023-09-03T22:01:00+00:00\" \/>\n<meta property=\"article:modified_time\" content=\"2023-08-31T22:41:35+00:00\" \/>\n<meta property=\"og:image\" content=\"https:\/\/cinemahouse.cz\/wp-content\/uploads\/2023\/08\/01-1.jpg\" \/>\n\t<meta property=\"og:image:width\" content=\"1400\" \/>\n\t<meta property=\"og:image:height\" content=\"656\" \/>\n\t<meta property=\"og:image:type\" content=\"image\/jpeg\" \/>\n<meta name=\"author\" content=\"Jordana Pechov\u00e1\" \/>\n<meta name=\"twitter:card\" content=\"summary_large_image\" \/>\n<meta name=\"twitter:label1\" content=\"Napsal(a)\" \/>\n\t<meta name=\"twitter:data1\" content=\"Jordana Pechov\u00e1\" \/>\n\t<meta name=\"twitter:label2\" content=\"Odhadovan\u00e1 doba \u010dten\u00ed\" \/>\n\t<meta name=\"twitter:data2\" content=\"3 minuty\" \/>\n<script type=\"application\/ld+json\" class=\"yoast-schema-graph\">{\"@context\":\"https:\/\/schema.org\",\"@graph\":[{\"@type\":\"Article\",\"@id\":\"https:\/\/cinemahouse.cz\/index.php\/2023\/09\/04\/zivot-v-extremu-do-kin-miri-celovecerni-dokument-karlos-o-gladiatorovi-vemolovi\/#article\",\"isPartOf\":{\"@id\":\"https:\/\/cinemahouse.cz\/index.php\/2023\/09\/04\/zivot-v-extremu-do-kin-miri-celovecerni-dokument-karlos-o-gladiatorovi-vemolovi\/\"},\"author\":{\"name\":\"Jordana Pechov\u00e1\",\"@id\":\"https:\/\/cinemahouse.cz\/#\/schema\/person\/5121c8490d035567efc4dd9223d7a216\"},\"headline\":\"\u017divot v\u00a0extr\u00e9mu. Do kin m\u00ed\u0159\u00ed celove\u010dern\u00ed dokument Karlos o gladi\u00e1torovi V\u00e9molovi\",\"datePublished\":\"2023-09-03T22:01:00+00:00\",\"dateModified\":\"2023-08-31T22:41:35+00:00\",\"mainEntityOfPage\":{\"@id\":\"https:\/\/cinemahouse.cz\/index.php\/2023\/09\/04\/zivot-v-extremu-do-kin-miri-celovecerni-dokument-karlos-o-gladiatorovi-vemolovi\/\"},\"wordCount\":552,\"publisher\":{\"@id\":\"https:\/\/cinemahouse.cz\/#organization\"},\"articleSection\":[\"FILMOV\u00c9 NOVINKY\",\"FILMY, SERI\u00c1LY a TV\",\"NEWS\",\"TRAILERY\"],\"inLanguage\":\"cs\"},{\"@type\":\"WebPage\",\"@id\":\"https:\/\/cinemahouse.cz\/index.php\/2023\/09\/04\/zivot-v-extremu-do-kin-miri-celovecerni-dokument-karlos-o-gladiatorovi-vemolovi\/\",\"url\":\"https:\/\/cinemahouse.cz\/index.php\/2023\/09\/04\/zivot-v-extremu-do-kin-miri-celovecerni-dokument-karlos-o-gladiatorovi-vemolovi\/\",\"name\":\"\u017divot v\u00a0extr\u00e9mu. Do kin m\u00ed\u0159\u00ed celove\u010dern\u00ed dokument Karlos o gladi\u00e1torovi V\u00e9molovi - CINEMAHOUSE.cz\",\"isPartOf\":{\"@id\":\"https:\/\/cinemahouse.cz\/#website\"},\"datePublished\":\"2023-09-03T22:01:00+00:00\",\"dateModified\":\"2023-08-31T22:41:35+00:00\",\"breadcrumb\":{\"@id\":\"https:\/\/cinemahouse.cz\/index.php\/2023\/09\/04\/zivot-v-extremu-do-kin-miri-celovecerni-dokument-karlos-o-gladiatorovi-vemolovi\/#breadcrumb\"},\"inLanguage\":\"cs\",\"potentialAction\":[{\"@type\":\"ReadAction\",\"target\":[\"https:\/\/cinemahouse.cz\/index.php\/2023\/09\/04\/zivot-v-extremu-do-kin-miri-celovecerni-dokument-karlos-o-gladiatorovi-vemolovi\/\"]}]},{\"@type\":\"BreadcrumbList\",\"@id\":\"https:\/\/cinemahouse.cz\/index.php\/2023\/09\/04\/zivot-v-extremu-do-kin-miri-celovecerni-dokument-karlos-o-gladiatorovi-vemolovi\/#breadcrumb\",\"itemListElement\":[{\"@type\":\"ListItem\",\"position\":1,\"name\":\"Dom\u016f\",\"item\":\"https:\/\/cinemahouse.cz\/\"},{\"@type\":\"ListItem\",\"position\":2,\"name\":\"\u017divot v\u00a0extr\u00e9mu. Do kin m\u00ed\u0159\u00ed celove\u010dern\u00ed dokument Karlos o gladi\u00e1torovi V\u00e9molovi\"}]},{\"@type\":\"WebSite\",\"@id\":\"https:\/\/cinemahouse.cz\/#website\",\"url\":\"https:\/\/cinemahouse.cz\/\",\"name\":\"CINEMAHOUSE.cz\",\"description\":\"Port\u00e1l o filmov\u00fdch novink\u00e1ch\",\"publisher\":{\"@id\":\"https:\/\/cinemahouse.cz\/#organization\"},\"potentialAction\":[{\"@type\":\"SearchAction\",\"target\":{\"@type\":\"EntryPoint\",\"urlTemplate\":\"https:\/\/cinemahouse.cz\/?s={search_term_string}\"},\"query-input\":\"required name=search_term_string\"}],\"inLanguage\":\"cs\"},{\"@type\":\"Organization\",\"@id\":\"https:\/\/cinemahouse.cz\/#organization\",\"name\":\"CINEMAHOUSE.cz\",\"url\":\"https:\/\/cinemahouse.cz\/\",\"logo\":{\"@type\":\"ImageObject\",\"inLanguage\":\"cs\",\"@id\":\"https:\/\/cinemahouse.cz\/#\/schema\/logo\/image\/\",\"url\":\"https:\/\/cinemahouse.cz\/wp-content\/uploads\/2024\/12\/cropped-Logo_CinemaHouse.jpg\",\"contentUrl\":\"https:\/\/cinemahouse.cz\/wp-content\/uploads\/2024\/12\/cropped-Logo_CinemaHouse.jpg\",\"width\":926,\"height\":467,\"caption\":\"CINEMAHOUSE.cz\"},\"image\":{\"@id\":\"https:\/\/cinemahouse.cz\/#\/schema\/logo\/image\/\"}},{\"@type\":\"Person\",\"@id\":\"https:\/\/cinemahouse.cz\/#\/schema\/person\/5121c8490d035567efc4dd9223d7a216\",\"name\":\"Jordana Pechov\u00e1\",\"image\":{\"@type\":\"ImageObject\",\"inLanguage\":\"cs\",\"@id\":\"https:\/\/cinemahouse.cz\/#\/schema\/person\/image\/\",\"url\":\"https:\/\/secure.gravatar.com\/avatar\/349e898f7fe64c4a4839cc48a802dd9a?s=96&d=mm&r=g\",\"contentUrl\":\"https:\/\/secure.gravatar.com\/avatar\/349e898f7fe64c4a4839cc48a802dd9a?s=96&d=mm&r=g\",\"caption\":\"Jordana Pechov\u00e1\"},\"sameAs\":[\"http:\/\/CINEMAHOUSE.cz\"],\"url\":\"https:\/\/cinemahouse.cz\/index.php\/author\/jorpech\/\"}]}<\/script>\n<!-- \/ Yoast SEO plugin. -->","yoast_head_json":{"title":"\u017divot v\u00a0extr\u00e9mu. Do kin m\u00ed\u0159\u00ed celove\u010dern\u00ed dokument Karlos o gladi\u00e1torovi V\u00e9molovi - CINEMAHOUSE.cz","robots":{"index":"index","follow":"follow","max-snippet":"max-snippet:-1","max-image-preview":"max-image-preview:large","max-video-preview":"max-video-preview:-1"},"canonical":"https:\/\/cinemahouse.cz\/index.php\/2023\/09\/04\/zivot-v-extremu-do-kin-miri-celovecerni-dokument-karlos-o-gladiatorovi-vemolovi\/","og_locale":"cs_CZ","og_type":"article","og_title":"\u017divot v\u00a0extr\u00e9mu. Do kin m\u00ed\u0159\u00ed celove\u010dern\u00ed dokument Karlos o gladi\u00e1torovi V\u00e9molovi - CINEMAHOUSE.cz","og_description":"Tv\u016frci p\u0159edstavuj\u00ed prvn\u00ed z\u00e1b\u011bry. Film zam\u00ed\u0159\u00ed do kin v&nbsp;lednu 2024. Dvojice re\u017eis\u00e9r\u016f Michal Samir a \u0160imon \u0160afr\u00e1nek pr\u00e1v\u011b dokon\u010duje celove\u010dern\u00ed dokument o jednom z&nbsp;fenom\u00e9n\u016f dne\u0161ka Karlosovi V\u00e9molovi. Film s&nbsp;v\u00fdmluvn\u00fdm n\u00e1zvem Karlos m\u00e1 ambici odhalit,&#46;&#46;&#46;","og_url":"https:\/\/cinemahouse.cz\/index.php\/2023\/09\/04\/zivot-v-extremu-do-kin-miri-celovecerni-dokument-karlos-o-gladiatorovi-vemolovi\/","og_site_name":"CINEMAHOUSE.cz","article_published_time":"2023-09-03T22:01:00+00:00","article_modified_time":"2023-08-31T22:41:35+00:00","og_image":[{"width":1400,"height":656,"url":"https:\/\/cinemahouse.cz\/wp-content\/uploads\/2023\/08\/01-1.jpg","type":"image\/jpeg"}],"author":"Jordana Pechov\u00e1","twitter_card":"summary_large_image","twitter_misc":{"Napsal(a)":"Jordana Pechov\u00e1","Odhadovan\u00e1 doba \u010dten\u00ed":"3 minuty"},"schema":{"@context":"https:\/\/schema.org","@graph":[{"@type":"Article","@id":"https:\/\/cinemahouse.cz\/index.php\/2023\/09\/04\/zivot-v-extremu-do-kin-miri-celovecerni-dokument-karlos-o-gladiatorovi-vemolovi\/#article","isPartOf":{"@id":"https:\/\/cinemahouse.cz\/index.php\/2023\/09\/04\/zivot-v-extremu-do-kin-miri-celovecerni-dokument-karlos-o-gladiatorovi-vemolovi\/"},"author":{"name":"Jordana Pechov\u00e1","@id":"https:\/\/cinemahouse.cz\/#\/schema\/person\/5121c8490d035567efc4dd9223d7a216"},"headline":"\u017divot v\u00a0extr\u00e9mu. Do kin m\u00ed\u0159\u00ed celove\u010dern\u00ed dokument Karlos o gladi\u00e1torovi V\u00e9molovi","datePublished":"2023-09-03T22:01:00+00:00","dateModified":"2023-08-31T22:41:35+00:00","mainEntityOfPage":{"@id":"https:\/\/cinemahouse.cz\/index.php\/2023\/09\/04\/zivot-v-extremu-do-kin-miri-celovecerni-dokument-karlos-o-gladiatorovi-vemolovi\/"},"wordCount":552,"publisher":{"@id":"https:\/\/cinemahouse.cz\/#organization"},"articleSection":["FILMOV\u00c9 NOVINKY","FILMY, SERI\u00c1LY a TV","NEWS","TRAILERY"],"inLanguage":"cs"},{"@type":"WebPage","@id":"https:\/\/cinemahouse.cz\/index.php\/2023\/09\/04\/zivot-v-extremu-do-kin-miri-celovecerni-dokument-karlos-o-gladiatorovi-vemolovi\/","url":"https:\/\/cinemahouse.cz\/index.php\/2023\/09\/04\/zivot-v-extremu-do-kin-miri-celovecerni-dokument-karlos-o-gladiatorovi-vemolovi\/","name":"\u017divot v\u00a0extr\u00e9mu. Do kin m\u00ed\u0159\u00ed celove\u010dern\u00ed dokument Karlos o gladi\u00e1torovi V\u00e9molovi - CINEMAHOUSE.cz","isPartOf":{"@id":"https:\/\/cinemahouse.cz\/#website"},"datePublished":"2023-09-03T22:01:00+00:00","dateModified":"2023-08-31T22:41:35+00:00","breadcrumb":{"@id":"https:\/\/cinemahouse.cz\/index.php\/2023\/09\/04\/zivot-v-extremu-do-kin-miri-celovecerni-dokument-karlos-o-gladiatorovi-vemolovi\/#breadcrumb"},"inLanguage":"cs","potentialAction":[{"@type":"ReadAction","target":["https:\/\/cinemahouse.cz\/index.php\/2023\/09\/04\/zivot-v-extremu-do-kin-miri-celovecerni-dokument-karlos-o-gladiatorovi-vemolovi\/"]}]},{"@type":"BreadcrumbList","@id":"https:\/\/cinemahouse.cz\/index.php\/2023\/09\/04\/zivot-v-extremu-do-kin-miri-celovecerni-dokument-karlos-o-gladiatorovi-vemolovi\/#breadcrumb","itemListElement":[{"@type":"ListItem","position":1,"name":"Dom\u016f","item":"https:\/\/cinemahouse.cz\/"},{"@type":"ListItem","position":2,"name":"\u017divot v\u00a0extr\u00e9mu. Do kin m\u00ed\u0159\u00ed celove\u010dern\u00ed dokument Karlos o gladi\u00e1torovi V\u00e9molovi"}]},{"@type":"WebSite","@id":"https:\/\/cinemahouse.cz\/#website","url":"https:\/\/cinemahouse.cz\/","name":"CINEMAHOUSE.cz","description":"Port\u00e1l o filmov\u00fdch novink\u00e1ch","publisher":{"@id":"https:\/\/cinemahouse.cz\/#organization"},"potentialAction":[{"@type":"SearchAction","target":{"@type":"EntryPoint","urlTemplate":"https:\/\/cinemahouse.cz\/?s={search_term_string}"},"query-input":"required name=search_term_string"}],"inLanguage":"cs"},{"@type":"Organization","@id":"https:\/\/cinemahouse.cz\/#organization","name":"CINEMAHOUSE.cz","url":"https:\/\/cinemahouse.cz\/","logo":{"@type":"ImageObject","inLanguage":"cs","@id":"https:\/\/cinemahouse.cz\/#\/schema\/logo\/image\/","url":"https:\/\/cinemahouse.cz\/wp-content\/uploads\/2024\/12\/cropped-Logo_CinemaHouse.jpg","contentUrl":"https:\/\/cinemahouse.cz\/wp-content\/uploads\/2024\/12\/cropped-Logo_CinemaHouse.jpg","width":926,"height":467,"caption":"CINEMAHOUSE.cz"},"image":{"@id":"https:\/\/cinemahouse.cz\/#\/schema\/logo\/image\/"}},{"@type":"Person","@id":"https:\/\/cinemahouse.cz\/#\/schema\/person\/5121c8490d035567efc4dd9223d7a216","name":"Jordana Pechov\u00e1","image":{"@type":"ImageObject","inLanguage":"cs","@id":"https:\/\/cinemahouse.cz\/#\/schema\/person\/image\/","url":"https:\/\/secure.gravatar.com\/avatar\/349e898f7fe64c4a4839cc48a802dd9a?s=96&d=mm&r=g","contentUrl":"https:\/\/secure.gravatar.com\/avatar\/349e898f7fe64c4a4839cc48a802dd9a?s=96&d=mm&r=g","caption":"Jordana Pechov\u00e1"},"sameAs":["http:\/\/CINEMAHOUSE.cz"],"url":"https:\/\/cinemahouse.cz\/index.php\/author\/jorpech\/"}]}},"_links":{"self":[{"href":"https:\/\/cinemahouse.cz\/index.php\/wp-json\/wp\/v2\/posts\/5245"}],"collection":[{"href":"https:\/\/cinemahouse.cz\/index.php\/wp-json\/wp\/v2\/posts"}],"about":[{"href":"https:\/\/cinemahouse.cz\/index.php\/wp-json\/wp\/v2\/types\/post"}],"author":[{"embeddable":true,"href":"https:\/\/cinemahouse.cz\/index.php\/wp-json\/wp\/v2\/users\/6"}],"replies":[{"embeddable":true,"href":"https:\/\/cinemahouse.cz\/index.php\/wp-json\/wp\/v2\/comments?post=5245"}],"version-history":[{"count":2,"href":"https:\/\/cinemahouse.cz\/index.php\/wp-json\/wp\/v2\/posts\/5245\/revisions"}],"predecessor-version":[{"id":5288,"href":"https:\/\/cinemahouse.cz\/index.php\/wp-json\/wp\/v2\/posts\/5245\/revisions\/5288"}],"wp:featuredmedia":[{"embeddable":true,"href":"https:\/\/cinemahouse.cz\/index.php\/wp-json\/wp\/v2\/media\/5250"}],"wp:attachment":[{"href":"https:\/\/cinemahouse.cz\/index.php\/wp-json\/wp\/v2\/media?parent=5245"}],"wp:term":[{"taxonomy":"category","embeddable":true,"href":"https:\/\/cinemahouse.cz\/index.php\/wp-json\/wp\/v2\/categories?post=5245"},{"taxonomy":"post_tag","embeddable":true,"href":"https:\/\/cinemahouse.cz\/index.php\/wp-json\/wp\/v2\/tags?post=5245"}],"curies":[{"name":"wp","href":"https:\/\/api.w.org\/{rel}","templated":true}]}}