{"id":524,"date":"2019-05-24T05:25:49","date_gmt":"2019-05-24T03:25:49","guid":{"rendered":"http:\/\/cinemahouse.cz\/?p=524"},"modified":"2019-05-27T05:32:33","modified_gmt":"2019-05-27T03:32:33","slug":"reziser-bohdan-slama-nataci-historicke-drama-krajina-ve-stinu","status":"publish","type":"post","link":"https:\/\/cinemahouse.cz\/index.php\/2019\/05\/24\/reziser-bohdan-slama-nataci-historicke-drama-krajina-ve-stinu\/","title":{"rendered":"Re\u017eis\u00e9r Bohdan Sl\u00e1ma nat\u00e1\u010d\u00ed historick\u00e9 drama Krajina ve st\u00ednu"},"content":{"rendered":"\n<p><strong> Re\u017eis\u00e9r Bohdan Sl\u00e1ma, dr\u017eitel n\u011bkolika \u010cesk\u00fdch lv\u016f, nat\u00e1\u010d\u00ed v\u00a0t\u011bchto dnech drama Krajina ve st\u00ednu, sv\u016fj prvn\u00ed historick\u00fd film. \u201eKrajina ve st\u00ednu\u201c je p\u0159\u00edb\u011bhem lid\u00ed v mal\u00e9 pohrani\u010dn\u00ed vesnici, kterou d\u011bjiny vl\u00e1\u010dej\u00ed ud\u00e1lostmi t\u0159ic\u00e1t\u00fdch, \u010dty\u0159ic\u00e1t\u00fdch a pades\u00e1t\u00fdch let minul\u00e9ho stolet\u00ed. Autorem sc\u00e9n\u00e1\u0159e je Ivan Arsenjev, kameramanem je Divi\u0161 Marek, s\u00a0n\u00edm\u017e Bohdan Sl\u00e1ma nato\u010dil sv\u00e9 filmy \u0160t\u011bst\u00ed, Venkovsk\u00fd u\u010ditel, \u010cty\u0159i slunce nebo B\u00e1bu z\u00a0ledu. Ve sn\u00edmku hraj\u00ed Magdal\u00e9na Borov\u00e1, B\u00e1ra Pol\u00e1kov\u00e1, Stanislav Majer, Csongor Kassai, Petra \u0160palkov\u00e1, Zuzana Kronerov\u00e1 nebo Pavel Nov\u00fd.  <\/strong><\/p>\n\n\n\n<figure class=\"wp-block-image\"><img decoding=\"async\" loading=\"lazy\" width=\"1024\" height=\"576\" src=\"http:\/\/cinemahouse.cz\/wp-content\/uploads\/2019\/05\/Krajina-ve-stinu_01-1024x576.jpeg\" alt=\"\" class=\"wp-image-526\" srcset=\"https:\/\/cinemahouse.cz\/wp-content\/uploads\/2019\/05\/Krajina-ve-stinu_01.jpeg 1024w, https:\/\/cinemahouse.cz\/wp-content\/uploads\/2019\/05\/Krajina-ve-stinu_01-300x169.jpeg 300w, https:\/\/cinemahouse.cz\/wp-content\/uploads\/2019\/05\/Krajina-ve-stinu_01-768x432.jpeg 768w\" sizes=\"(max-width: 1024px) 100vw, 1024px\" \/><\/figure>\n\n\n\n<p>Film\nvznik\u00e1 v&nbsp;jiho\u010desk\u00e9 obci Bo\u0159ice. \n<\/p>\n\n\n\n<p>\u201eKrajina ve st\u00ednu\u201c vych\u00e1z\u00ed ze skute\u010dn\u00fdch ud\u00e1lost\u00ed a venkovsk\u00e9 genocidy, kter\u00e9 se odehr\u00e1ly v\u00a0pohrani\u010dn\u00ed oblasti Vitorazska v obdob\u00ed 30\u201350. let minul\u00e9ho stolet\u00ed. Jak se vyrovnat se smrt\u00ed z rukou vlastn\u00edch soused\u016f? Jak \u010delit rostouc\u00edmu zlu, kter\u00e9mu nikdo nevzdoruje? Co dok\u00e1\u017ee lidsk\u00e1 v\u016fle \u017e\u00edt a jak\u00e1 je hodnota pokory a nad\u011bje? Pro ka\u017ed\u00e9ho ve vsi bylo v\u017edy d\u016fle\u017eit\u00e9 zasadit, sklidit, p\u0159e\u017e\u00edt zimu a vychovat d\u011bti, \u017e\u00edt s\u00a0ostatn\u00edmi. Najednou je ale nutn\u00e9 vyb\u00edrat si strany, ot\u00e1\u010det se z\u00e1dy, trestat nep\u0159\u00e1tele a d\u00e1t pr\u016fchod lidsk\u00fdm slabostem i n\u00e1sil\u00ed. A najednou je t\u0159eba si vybrat, kdo je Raku\u0161an, N\u011bmec a kdo je \u010cech.<\/p>\n\n\n\n<figure class=\"wp-block-image\"><img decoding=\"async\" loading=\"lazy\" width=\"1014\" height=\"768\" src=\"http:\/\/cinemahouse.cz\/wp-content\/uploads\/2019\/05\/Krajina-ve-stinu_04.jpeg\" alt=\"\" class=\"wp-image-529\" srcset=\"https:\/\/cinemahouse.cz\/wp-content\/uploads\/2019\/05\/Krajina-ve-stinu_04.jpeg 1014w, https:\/\/cinemahouse.cz\/wp-content\/uploads\/2019\/05\/Krajina-ve-stinu_04-300x227.jpeg 300w, https:\/\/cinemahouse.cz\/wp-content\/uploads\/2019\/05\/Krajina-ve-stinu_04-768x582.jpeg 768w\" sizes=\"(max-width: 1014px) 100vw, 1014px\" \/><\/figure>\n\n\n\n<p>\u201e<em>Zaj\u00edm\u00e1\nn\u00e1s, jak mal\u00fd \u010dlov\u011bk obstoj\u00ed uprost\u0159ed d\u011bjin, kter\u00e9 se p\u0159es\nn\u011bj val\u00ed. P\u0159\u00edb\u011bh vypr\u00e1v\u00ed o postav\u00e1ch, kter\u00e9 navzdory v\u0161emu\nnerezignuj\u00ed, dok\u00e1\u017eou neztratit sv\u00e9 lidstv\u00ed, a to z nich \u010din\u00ed\nhrdiny. N\u011bkter\u00e9 aspekty t\u011bchto situac\u00ed se op\u011bt vracej\u00ed a to n\u00e1s\nmus\u00ed neust\u00e1le v\u00e9st k pozornosti a ostra\u017eitosti. Mus\u00edme si kl\u00e1st\not\u00e1zku, jak bychom se v podobn\u00fdch situac\u00edch zachovali my sami<\/em><em>,\u201c<\/em>\n\u0159\u00edk\u00e1 re\u017eis\u00e9r Bohdan Sl\u00e1ma.<\/p>\n\n\n\n<p>Krajina ve st\u00ednu je kronikou cel\u00e9 vesnice, v\u00a0pop\u0159ed\u00ed p\u0159\u00edb\u011bhu stoj\u00ed osud rodiny Veberov\u00fdch, kter\u00e1 po v\u00e1lce p\u0159ich\u00e1z\u00ed o hlavu rodiny (Stanislav Majer). Matka tak mus\u00ed sebe i sv\u00e9 d\u011bti chr\u00e1nit sama. <em>\u201eA\u010dkoliv se moje postava p\u0159ihl\u00e1s\u00ed k\u00a0\u010desk\u00e9 n\u00e1rodnosti, je divok\u00fdm zp\u016fsobem odsunuta i s\u00a0d\u011btmi do Rakouska. Pak dostane povolen\u00ed k n\u00e1vratu, ale ve vesnici ji u\u017e nikdo nep\u0159ijme. Je toti\u017e jej\u00edm \u017eiv\u00fdm sv\u011bdom\u00edm,\u201c <\/em>\u0159\u00edk\u00e1 o sv\u00e9 roli Magdal\u00e9na Borov\u00e1.<\/p>\n\n\n\n<figure class=\"wp-block-image\"><img decoding=\"async\" loading=\"lazy\" width=\"1024\" height=\"620\" src=\"http:\/\/cinemahouse.cz\/wp-content\/uploads\/2019\/05\/Krajina-ve-stinu_09-1024x620.jpeg\" alt=\"\" class=\"wp-image-534\" srcset=\"https:\/\/cinemahouse.cz\/wp-content\/uploads\/2019\/05\/Krajina-ve-stinu_09.jpeg 1024w, https:\/\/cinemahouse.cz\/wp-content\/uploads\/2019\/05\/Krajina-ve-stinu_09-300x182.jpeg 300w, https:\/\/cinemahouse.cz\/wp-content\/uploads\/2019\/05\/Krajina-ve-stinu_09-768x465.jpeg 768w\" sizes=\"(max-width: 1024px) 100vw, 1024px\" \/><\/figure>\n\n\n\n<p>V\u00fdvoj\na p\u0159\u00edpravy filmu trvaly osm let, prvn\u00ed klapka padla 16. \u00fanora\n2019 na Koz\u00e1kov\u011b v \u010cesk\u00e9m r\u00e1ji. Byl to jedin\u00fd, kdy se \u0161t\u00e1b\npohyboval mimo obec Bo\u0159ice a jej\u00ed nejbli\u017e\u0161\u00ed okol\u00ed, kde pob\u00fdv\u00e1\nnyn\u00ed a pl\u00e1nuje zde pokra\u010dovat v&nbsp;nat\u00e1\u010den\u00ed a\u017e do za\u010d\u00e1tku\n\u010dervna. \u201e<em>Dlouho jsme hledali spr\u00e1vnou lokaci a na\u0161li jsme ji\nparadoxn\u011b v&nbsp;m\u00edst\u011b, kde bydl\u00ed s\u00e1m re\u017eis\u00e9r. N\u00e1ves jsme jen\ndobov\u011b upravili a dostav\u011bli v&nbsp;jej\u00edm st\u0159edu dva domy \u2013\nradnici a obchod,\u201c<\/em> popisuje producent Martin R\u016f\u017ei\u010dka ze\nspole\u010dnosti Luminar Film.<\/p>\n\n\n\n<p>Nesnadn\u00fdm\nkapitol\u00e1m \u010desk\u00fdch d\u011bjin a v\u011brn\u00e9mu zachycen\u00ed doby odpov\u00edd\u00e1\nzp\u016fsob filmov\u00e9ho zpracov\u00e1n\u00ed. Svou osudovou epopej Krajina ve\nst\u00ednu nat\u00e1\u010d\u00ed Bohdan Sl\u00e1ma v&nbsp;\u010dernob\u00edl\u00e9\nverzi.  \n<\/p>\n\n\n\n<p><strong>Premi\u00e9ra filmu je v\u00a0pl\u00e1nu na ja\u0159e 2020.  <\/strong><\/p>\n\n\n\n<p>Film Krajina ve st\u00ednu vznik\u00e1 v\u00a0produkci spole\u010dnosti Luminar Film a \u010cesk\u00e9 televize. Do \u010desk\u00fdch kin ho uvede Bontonfilm.  <\/p>\n\n\n\n<ul class=\"wp-block-gallery columns-3 is-cropped wp-block-gallery-1 is-layout-flex wp-block-gallery-is-layout-flex\"><li class=\"blocks-gallery-item\"><figure><img decoding=\"async\" loading=\"lazy\" width=\"1024\" height=\"576\" src=\"http:\/\/cinemahouse.cz\/wp-content\/uploads\/2019\/05\/Krajina-ve-stinu_01-1024x576.jpeg\" alt=\"\" data-id=\"526\" data-link=\"http:\/\/cinemahouse.cz\/?attachment_id=526\" class=\"wp-image-526\" srcset=\"https:\/\/cinemahouse.cz\/wp-content\/uploads\/2019\/05\/Krajina-ve-stinu_01.jpeg 1024w, https:\/\/cinemahouse.cz\/wp-content\/uploads\/2019\/05\/Krajina-ve-stinu_01-300x169.jpeg 300w, https:\/\/cinemahouse.cz\/wp-content\/uploads\/2019\/05\/Krajina-ve-stinu_01-768x432.jpeg 768w\" sizes=\"(max-width: 1024px) 100vw, 1024px\" \/><\/figure><\/li><li class=\"blocks-gallery-item\"><figure><img decoding=\"async\" loading=\"lazy\" width=\"1024\" height=\"681\" src=\"http:\/\/cinemahouse.cz\/wp-content\/uploads\/2019\/05\/Krajina-ve-stinu_02-1-1024x681.jpeg\" alt=\"\" data-id=\"527\" data-link=\"http:\/\/cinemahouse.cz\/?attachment_id=527\" class=\"wp-image-527\" srcset=\"https:\/\/cinemahouse.cz\/wp-content\/uploads\/2019\/05\/Krajina-ve-stinu_02-1.jpeg 1024w, https:\/\/cinemahouse.cz\/wp-content\/uploads\/2019\/05\/Krajina-ve-stinu_02-1-300x200.jpeg 300w, https:\/\/cinemahouse.cz\/wp-content\/uploads\/2019\/05\/Krajina-ve-stinu_02-1-768x511.jpeg 768w\" sizes=\"(max-width: 1024px) 100vw, 1024px\" \/><\/figure><\/li><li class=\"blocks-gallery-item\"><figure><img decoding=\"async\" loading=\"lazy\" width=\"1024\" height=\"593\" src=\"http:\/\/cinemahouse.cz\/wp-content\/uploads\/2019\/05\/Krajina-ve-stinu_03-1024x593.jpeg\" alt=\"\" data-id=\"528\" data-link=\"http:\/\/cinemahouse.cz\/?attachment_id=528\" class=\"wp-image-528\" srcset=\"https:\/\/cinemahouse.cz\/wp-content\/uploads\/2019\/05\/Krajina-ve-stinu_03.jpeg 1024w, https:\/\/cinemahouse.cz\/wp-content\/uploads\/2019\/05\/Krajina-ve-stinu_03-300x174.jpeg 300w, https:\/\/cinemahouse.cz\/wp-content\/uploads\/2019\/05\/Krajina-ve-stinu_03-768x445.jpeg 768w\" sizes=\"(max-width: 1024px) 100vw, 1024px\" \/><\/figure><\/li><li class=\"blocks-gallery-item\"><figure><img decoding=\"async\" loading=\"lazy\" width=\"1014\" height=\"768\" src=\"http:\/\/cinemahouse.cz\/wp-content\/uploads\/2019\/05\/Krajina-ve-stinu_04.jpeg\" alt=\"\" data-id=\"529\" data-link=\"http:\/\/cinemahouse.cz\/?attachment_id=529\" class=\"wp-image-529\" srcset=\"https:\/\/cinemahouse.cz\/wp-content\/uploads\/2019\/05\/Krajina-ve-stinu_04.jpeg 1014w, https:\/\/cinemahouse.cz\/wp-content\/uploads\/2019\/05\/Krajina-ve-stinu_04-300x227.jpeg 300w, https:\/\/cinemahouse.cz\/wp-content\/uploads\/2019\/05\/Krajina-ve-stinu_04-768x582.jpeg 768w\" sizes=\"(max-width: 1014px) 100vw, 1014px\" \/><\/figure><\/li><li class=\"blocks-gallery-item\"><figure><img decoding=\"async\" loading=\"lazy\" width=\"1024\" height=\"768\" src=\"http:\/\/cinemahouse.cz\/wp-content\/uploads\/2019\/05\/Krajina-ve-stinu_05-1024x768.jpg\" alt=\"\" data-id=\"530\" data-link=\"http:\/\/cinemahouse.cz\/?attachment_id=530\" class=\"wp-image-530\" srcset=\"https:\/\/cinemahouse.cz\/wp-content\/uploads\/2019\/05\/Krajina-ve-stinu_05.jpg 1024w, https:\/\/cinemahouse.cz\/wp-content\/uploads\/2019\/05\/Krajina-ve-stinu_05-300x225.jpg 300w, https:\/\/cinemahouse.cz\/wp-content\/uploads\/2019\/05\/Krajina-ve-stinu_05-768x576.jpg 768w\" sizes=\"(max-width: 1024px) 100vw, 1024px\" \/><\/figure><\/li><li class=\"blocks-gallery-item\"><figure><img decoding=\"async\" loading=\"lazy\" width=\"1024\" height=\"576\" src=\"http:\/\/cinemahouse.cz\/wp-content\/uploads\/2019\/05\/Krajina-ve-stinu_06-1024x576.jpeg\" alt=\"\" data-id=\"531\" data-link=\"http:\/\/cinemahouse.cz\/?attachment_id=531\" class=\"wp-image-531\" srcset=\"https:\/\/cinemahouse.cz\/wp-content\/uploads\/2019\/05\/Krajina-ve-stinu_06.jpeg 1024w, https:\/\/cinemahouse.cz\/wp-content\/uploads\/2019\/05\/Krajina-ve-stinu_06-300x169.jpeg 300w, https:\/\/cinemahouse.cz\/wp-content\/uploads\/2019\/05\/Krajina-ve-stinu_06-768x432.jpeg 768w\" sizes=\"(max-width: 1024px) 100vw, 1024px\" \/><\/figure><\/li><li class=\"blocks-gallery-item\"><figure><img decoding=\"async\" loading=\"lazy\" width=\"1024\" height=\"576\" src=\"http:\/\/cinemahouse.cz\/wp-content\/uploads\/2019\/05\/Krajina-ve-stinu_07-1024x576.jpeg\" alt=\"\" data-id=\"532\" data-link=\"http:\/\/cinemahouse.cz\/?attachment_id=532\" class=\"wp-image-532\" srcset=\"https:\/\/cinemahouse.cz\/wp-content\/uploads\/2019\/05\/Krajina-ve-stinu_07.jpeg 1024w, https:\/\/cinemahouse.cz\/wp-content\/uploads\/2019\/05\/Krajina-ve-stinu_07-300x169.jpeg 300w, https:\/\/cinemahouse.cz\/wp-content\/uploads\/2019\/05\/Krajina-ve-stinu_07-768x432.jpeg 768w\" sizes=\"(max-width: 1024px) 100vw, 1024px\" \/><\/figure><\/li><li class=\"blocks-gallery-item\"><figure><img decoding=\"async\" loading=\"lazy\" width=\"1024\" height=\"576\" src=\"http:\/\/cinemahouse.cz\/wp-content\/uploads\/2019\/05\/Krajina-ve-stinu_08-1024x576.jpeg\" alt=\"\" data-id=\"533\" data-link=\"http:\/\/cinemahouse.cz\/?attachment_id=533\" class=\"wp-image-533\" srcset=\"https:\/\/cinemahouse.cz\/wp-content\/uploads\/2019\/05\/Krajina-ve-stinu_08.jpeg 1024w, https:\/\/cinemahouse.cz\/wp-content\/uploads\/2019\/05\/Krajina-ve-stinu_08-300x169.jpeg 300w, https:\/\/cinemahouse.cz\/wp-content\/uploads\/2019\/05\/Krajina-ve-stinu_08-768x432.jpeg 768w\" sizes=\"(max-width: 1024px) 100vw, 1024px\" \/><\/figure><\/li><li class=\"blocks-gallery-item\"><figure><img decoding=\"async\" loading=\"lazy\" width=\"1024\" height=\"620\" src=\"http:\/\/cinemahouse.cz\/wp-content\/uploads\/2019\/05\/Krajina-ve-stinu_09-1024x620.jpeg\" alt=\"\" data-id=\"534\" data-link=\"http:\/\/cinemahouse.cz\/?attachment_id=534\" class=\"wp-image-534\" srcset=\"https:\/\/cinemahouse.cz\/wp-content\/uploads\/2019\/05\/Krajina-ve-stinu_09.jpeg 1024w, https:\/\/cinemahouse.cz\/wp-content\/uploads\/2019\/05\/Krajina-ve-stinu_09-300x182.jpeg 300w, https:\/\/cinemahouse.cz\/wp-content\/uploads\/2019\/05\/Krajina-ve-stinu_09-768x465.jpeg 768w\" sizes=\"(max-width: 1024px) 100vw, 1024px\" \/><\/figure><\/li><li class=\"blocks-gallery-item\"><figure><img decoding=\"async\" loading=\"lazy\" width=\"1024\" height=\"694\" src=\"http:\/\/cinemahouse.cz\/wp-content\/uploads\/2019\/05\/Krajina-ve-stinu_10-1024x694.jpeg\" alt=\"\" data-id=\"535\" data-link=\"http:\/\/cinemahouse.cz\/?attachment_id=535\" class=\"wp-image-535\" srcset=\"https:\/\/cinemahouse.cz\/wp-content\/uploads\/2019\/05\/Krajina-ve-stinu_10.jpeg 1024w, https:\/\/cinemahouse.cz\/wp-content\/uploads\/2019\/05\/Krajina-ve-stinu_10-300x203.jpeg 300w, https:\/\/cinemahouse.cz\/wp-content\/uploads\/2019\/05\/Krajina-ve-stinu_10-768x521.jpeg 768w\" sizes=\"(max-width: 1024px) 100vw, 1024px\" \/><\/figure><\/li><\/ul>\n","protected":false},"excerpt":{"rendered":"<p>Re\u017eis\u00e9r Bohdan Sl\u00e1ma, dr\u017eitel n\u011bkolika \u010cesk\u00fdch lv\u016f, nat\u00e1\u010d\u00ed v\u00a0t\u011bchto dnech drama Krajina ve st\u00ednu, sv\u016fj prvn\u00ed historick\u00fd film. \u201eKrajina ve st\u00ednu\u201c je p\u0159\u00edb\u011bhem lid\u00ed v mal\u00e9 pohrani\u010dn\u00ed vesnici, kterou d\u011bjiny vl\u00e1\u010dej\u00ed ud\u00e1lostmi t\u0159ic\u00e1t\u00fdch, \u010dty\u0159ic\u00e1t\u00fdch&#46;&#46;&#46;<\/p>\n","protected":false},"author":2,"featured_media":525,"comment_status":"closed","ping_status":"closed","sticky":false,"template":"","format":"standard","meta":{"_monsterinsights_skip_tracking":false,"_monsterinsights_sitenote_active":false,"_monsterinsights_sitenote_note":"","_monsterinsights_sitenote_category":0,"footnotes":""},"categories":[3,12,2],"tags":[],"yoast_head":"<!-- This site is optimized with the Yoast SEO plugin v21.4 - https:\/\/yoast.com\/wordpress\/plugins\/seo\/ -->\n<title>Re\u017eis\u00e9r Bohdan Sl\u00e1ma nat\u00e1\u010d\u00ed historick\u00e9 drama Krajina ve st\u00ednu - CINEMAHOUSE.cz<\/title>\n<meta name=\"robots\" content=\"index, follow, max-snippet:-1, max-image-preview:large, max-video-preview:-1\" \/>\n<link rel=\"canonical\" href=\"https:\/\/cinemahouse.cz\/index.php\/2019\/05\/24\/reziser-bohdan-slama-nataci-historicke-drama-krajina-ve-stinu\/\" \/>\n<meta property=\"og:locale\" content=\"cs_CZ\" \/>\n<meta property=\"og:type\" content=\"article\" \/>\n<meta property=\"og:title\" content=\"Re\u017eis\u00e9r Bohdan Sl\u00e1ma nat\u00e1\u010d\u00ed historick\u00e9 drama Krajina ve st\u00ednu - CINEMAHOUSE.cz\" \/>\n<meta property=\"og:description\" content=\"Re\u017eis\u00e9r Bohdan Sl\u00e1ma, dr\u017eitel n\u011bkolika \u010cesk\u00fdch lv\u016f, nat\u00e1\u010d\u00ed v\u00a0t\u011bchto dnech drama Krajina ve st\u00ednu, sv\u016fj prvn\u00ed historick\u00fd film. \u201eKrajina ve st\u00ednu\u201c je p\u0159\u00edb\u011bhem lid\u00ed v mal\u00e9 pohrani\u010dn\u00ed vesnici, kterou d\u011bjiny vl\u00e1\u010dej\u00ed ud\u00e1lostmi t\u0159ic\u00e1t\u00fdch, \u010dty\u0159ic\u00e1t\u00fdch&#046;&#046;&#046;\" \/>\n<meta property=\"og:url\" content=\"https:\/\/cinemahouse.cz\/index.php\/2019\/05\/24\/reziser-bohdan-slama-nataci-historicke-drama-krajina-ve-stinu\/\" \/>\n<meta property=\"og:site_name\" content=\"CINEMAHOUSE.cz\" \/>\n<meta property=\"article:published_time\" content=\"2019-05-24T03:25:49+00:00\" \/>\n<meta property=\"article:modified_time\" content=\"2019-05-27T03:32:33+00:00\" \/>\n<meta property=\"og:image\" content=\"https:\/\/cinemahouse.cz\/wp-content\/uploads\/2019\/05\/Krajina-ve-stinu_02.jpeg\" \/>\n\t<meta property=\"og:image:width\" content=\"1024\" \/>\n\t<meta property=\"og:image:height\" content=\"681\" \/>\n\t<meta property=\"og:image:type\" content=\"image\/jpeg\" \/>\n<meta name=\"author\" content=\"Miroslav Van\u011bk\" \/>\n<meta name=\"twitter:card\" content=\"summary_large_image\" \/>\n<meta name=\"twitter:label1\" content=\"Napsal(a)\" \/>\n\t<meta name=\"twitter:data1\" content=\"Miroslav Van\u011bk\" \/>\n\t<meta name=\"twitter:label2\" content=\"Odhadovan\u00e1 doba \u010dten\u00ed\" \/>\n\t<meta name=\"twitter:data2\" content=\"3 minuty\" \/>\n<script type=\"application\/ld+json\" class=\"yoast-schema-graph\">{\"@context\":\"https:\/\/schema.org\",\"@graph\":[{\"@type\":\"Article\",\"@id\":\"https:\/\/cinemahouse.cz\/index.php\/2019\/05\/24\/reziser-bohdan-slama-nataci-historicke-drama-krajina-ve-stinu\/#article\",\"isPartOf\":{\"@id\":\"https:\/\/cinemahouse.cz\/index.php\/2019\/05\/24\/reziser-bohdan-slama-nataci-historicke-drama-krajina-ve-stinu\/\"},\"author\":{\"name\":\"Miroslav Van\u011bk\",\"@id\":\"https:\/\/cinemahouse.cz\/#\/schema\/person\/b4b442f183df4da20f147173def615f2\"},\"headline\":\"Re\u017eis\u00e9r Bohdan Sl\u00e1ma nat\u00e1\u010d\u00ed historick\u00e9 drama Krajina ve st\u00ednu\",\"datePublished\":\"2019-05-24T03:25:49+00:00\",\"dateModified\":\"2019-05-27T03:32:33+00:00\",\"mainEntityOfPage\":{\"@id\":\"https:\/\/cinemahouse.cz\/index.php\/2019\/05\/24\/reziser-bohdan-slama-nataci-historicke-drama-krajina-ve-stinu\/\"},\"wordCount\":646,\"publisher\":{\"@id\":\"https:\/\/cinemahouse.cz\/#organization\"},\"articleSection\":[\"FILMOV\u00c9 NOVINKY\",\"FILMY, SERI\u00c1LY a TV\",\"NEWS\"],\"inLanguage\":\"cs\"},{\"@type\":\"WebPage\",\"@id\":\"https:\/\/cinemahouse.cz\/index.php\/2019\/05\/24\/reziser-bohdan-slama-nataci-historicke-drama-krajina-ve-stinu\/\",\"url\":\"https:\/\/cinemahouse.cz\/index.php\/2019\/05\/24\/reziser-bohdan-slama-nataci-historicke-drama-krajina-ve-stinu\/\",\"name\":\"Re\u017eis\u00e9r Bohdan Sl\u00e1ma nat\u00e1\u010d\u00ed historick\u00e9 drama Krajina ve st\u00ednu - CINEMAHOUSE.cz\",\"isPartOf\":{\"@id\":\"https:\/\/cinemahouse.cz\/#website\"},\"datePublished\":\"2019-05-24T03:25:49+00:00\",\"dateModified\":\"2019-05-27T03:32:33+00:00\",\"breadcrumb\":{\"@id\":\"https:\/\/cinemahouse.cz\/index.php\/2019\/05\/24\/reziser-bohdan-slama-nataci-historicke-drama-krajina-ve-stinu\/#breadcrumb\"},\"inLanguage\":\"cs\",\"potentialAction\":[{\"@type\":\"ReadAction\",\"target\":[\"https:\/\/cinemahouse.cz\/index.php\/2019\/05\/24\/reziser-bohdan-slama-nataci-historicke-drama-krajina-ve-stinu\/\"]}]},{\"@type\":\"BreadcrumbList\",\"@id\":\"https:\/\/cinemahouse.cz\/index.php\/2019\/05\/24\/reziser-bohdan-slama-nataci-historicke-drama-krajina-ve-stinu\/#breadcrumb\",\"itemListElement\":[{\"@type\":\"ListItem\",\"position\":1,\"name\":\"Dom\u016f\",\"item\":\"https:\/\/cinemahouse.cz\/\"},{\"@type\":\"ListItem\",\"position\":2,\"name\":\"Re\u017eis\u00e9r Bohdan Sl\u00e1ma nat\u00e1\u010d\u00ed historick\u00e9 drama Krajina ve st\u00ednu\"}]},{\"@type\":\"WebSite\",\"@id\":\"https:\/\/cinemahouse.cz\/#website\",\"url\":\"https:\/\/cinemahouse.cz\/\",\"name\":\"CINEMAHOUSE.cz\",\"description\":\"Port\u00e1l o filmov\u00fdch novink\u00e1ch\",\"publisher\":{\"@id\":\"https:\/\/cinemahouse.cz\/#organization\"},\"potentialAction\":[{\"@type\":\"SearchAction\",\"target\":{\"@type\":\"EntryPoint\",\"urlTemplate\":\"https:\/\/cinemahouse.cz\/?s={search_term_string}\"},\"query-input\":\"required name=search_term_string\"}],\"inLanguage\":\"cs\"},{\"@type\":\"Organization\",\"@id\":\"https:\/\/cinemahouse.cz\/#organization\",\"name\":\"CINEMAHOUSE.cz\",\"url\":\"https:\/\/cinemahouse.cz\/\",\"logo\":{\"@type\":\"ImageObject\",\"inLanguage\":\"cs\",\"@id\":\"https:\/\/cinemahouse.cz\/#\/schema\/logo\/image\/\",\"url\":\"https:\/\/cinemahouse.cz\/wp-content\/uploads\/2024\/12\/cropped-Logo_CinemaHouse.jpg\",\"contentUrl\":\"https:\/\/cinemahouse.cz\/wp-content\/uploads\/2024\/12\/cropped-Logo_CinemaHouse.jpg\",\"width\":926,\"height\":467,\"caption\":\"CINEMAHOUSE.cz\"},\"image\":{\"@id\":\"https:\/\/cinemahouse.cz\/#\/schema\/logo\/image\/\"}},{\"@type\":\"Person\",\"@id\":\"https:\/\/cinemahouse.cz\/#\/schema\/person\/b4b442f183df4da20f147173def615f2\",\"name\":\"Miroslav Van\u011bk\",\"image\":{\"@type\":\"ImageObject\",\"inLanguage\":\"cs\",\"@id\":\"https:\/\/cinemahouse.cz\/#\/schema\/person\/image\/\",\"url\":\"https:\/\/secure.gravatar.com\/avatar\/cc93dbecbfc820d69a964ea4a1c72377?s=96&d=mm&r=g\",\"contentUrl\":\"https:\/\/secure.gravatar.com\/avatar\/cc93dbecbfc820d69a964ea4a1c72377?s=96&d=mm&r=g\",\"caption\":\"Miroslav Van\u011bk\"},\"sameAs\":[\"http:\/\/www.cinemahouse.cz\"],\"url\":\"https:\/\/cinemahouse.cz\/index.php\/author\/mirvan\/\"}]}<\/script>\n<!-- \/ Yoast SEO plugin. -->","yoast_head_json":{"title":"Re\u017eis\u00e9r Bohdan Sl\u00e1ma nat\u00e1\u010d\u00ed historick\u00e9 drama Krajina ve st\u00ednu - CINEMAHOUSE.cz","robots":{"index":"index","follow":"follow","max-snippet":"max-snippet:-1","max-image-preview":"max-image-preview:large","max-video-preview":"max-video-preview:-1"},"canonical":"https:\/\/cinemahouse.cz\/index.php\/2019\/05\/24\/reziser-bohdan-slama-nataci-historicke-drama-krajina-ve-stinu\/","og_locale":"cs_CZ","og_type":"article","og_title":"Re\u017eis\u00e9r Bohdan Sl\u00e1ma nat\u00e1\u010d\u00ed historick\u00e9 drama Krajina ve st\u00ednu - CINEMAHOUSE.cz","og_description":"Re\u017eis\u00e9r Bohdan Sl\u00e1ma, dr\u017eitel n\u011bkolika \u010cesk\u00fdch lv\u016f, nat\u00e1\u010d\u00ed v\u00a0t\u011bchto dnech drama Krajina ve st\u00ednu, sv\u016fj prvn\u00ed historick\u00fd film. \u201eKrajina ve st\u00ednu\u201c je p\u0159\u00edb\u011bhem lid\u00ed v mal\u00e9 pohrani\u010dn\u00ed vesnici, kterou d\u011bjiny vl\u00e1\u010dej\u00ed ud\u00e1lostmi t\u0159ic\u00e1t\u00fdch, \u010dty\u0159ic\u00e1t\u00fdch&#46;&#46;&#46;","og_url":"https:\/\/cinemahouse.cz\/index.php\/2019\/05\/24\/reziser-bohdan-slama-nataci-historicke-drama-krajina-ve-stinu\/","og_site_name":"CINEMAHOUSE.cz","article_published_time":"2019-05-24T03:25:49+00:00","article_modified_time":"2019-05-27T03:32:33+00:00","og_image":[{"width":1024,"height":681,"url":"https:\/\/cinemahouse.cz\/wp-content\/uploads\/2019\/05\/Krajina-ve-stinu_02.jpeg","type":"image\/jpeg"}],"author":"Miroslav Van\u011bk","twitter_card":"summary_large_image","twitter_misc":{"Napsal(a)":"Miroslav Van\u011bk","Odhadovan\u00e1 doba \u010dten\u00ed":"3 minuty"},"schema":{"@context":"https:\/\/schema.org","@graph":[{"@type":"Article","@id":"https:\/\/cinemahouse.cz\/index.php\/2019\/05\/24\/reziser-bohdan-slama-nataci-historicke-drama-krajina-ve-stinu\/#article","isPartOf":{"@id":"https:\/\/cinemahouse.cz\/index.php\/2019\/05\/24\/reziser-bohdan-slama-nataci-historicke-drama-krajina-ve-stinu\/"},"author":{"name":"Miroslav Van\u011bk","@id":"https:\/\/cinemahouse.cz\/#\/schema\/person\/b4b442f183df4da20f147173def615f2"},"headline":"Re\u017eis\u00e9r Bohdan Sl\u00e1ma nat\u00e1\u010d\u00ed historick\u00e9 drama Krajina ve st\u00ednu","datePublished":"2019-05-24T03:25:49+00:00","dateModified":"2019-05-27T03:32:33+00:00","mainEntityOfPage":{"@id":"https:\/\/cinemahouse.cz\/index.php\/2019\/05\/24\/reziser-bohdan-slama-nataci-historicke-drama-krajina-ve-stinu\/"},"wordCount":646,"publisher":{"@id":"https:\/\/cinemahouse.cz\/#organization"},"articleSection":["FILMOV\u00c9 NOVINKY","FILMY, SERI\u00c1LY a TV","NEWS"],"inLanguage":"cs"},{"@type":"WebPage","@id":"https:\/\/cinemahouse.cz\/index.php\/2019\/05\/24\/reziser-bohdan-slama-nataci-historicke-drama-krajina-ve-stinu\/","url":"https:\/\/cinemahouse.cz\/index.php\/2019\/05\/24\/reziser-bohdan-slama-nataci-historicke-drama-krajina-ve-stinu\/","name":"Re\u017eis\u00e9r Bohdan Sl\u00e1ma nat\u00e1\u010d\u00ed historick\u00e9 drama Krajina ve st\u00ednu - CINEMAHOUSE.cz","isPartOf":{"@id":"https:\/\/cinemahouse.cz\/#website"},"datePublished":"2019-05-24T03:25:49+00:00","dateModified":"2019-05-27T03:32:33+00:00","breadcrumb":{"@id":"https:\/\/cinemahouse.cz\/index.php\/2019\/05\/24\/reziser-bohdan-slama-nataci-historicke-drama-krajina-ve-stinu\/#breadcrumb"},"inLanguage":"cs","potentialAction":[{"@type":"ReadAction","target":["https:\/\/cinemahouse.cz\/index.php\/2019\/05\/24\/reziser-bohdan-slama-nataci-historicke-drama-krajina-ve-stinu\/"]}]},{"@type":"BreadcrumbList","@id":"https:\/\/cinemahouse.cz\/index.php\/2019\/05\/24\/reziser-bohdan-slama-nataci-historicke-drama-krajina-ve-stinu\/#breadcrumb","itemListElement":[{"@type":"ListItem","position":1,"name":"Dom\u016f","item":"https:\/\/cinemahouse.cz\/"},{"@type":"ListItem","position":2,"name":"Re\u017eis\u00e9r Bohdan Sl\u00e1ma nat\u00e1\u010d\u00ed historick\u00e9 drama Krajina ve st\u00ednu"}]},{"@type":"WebSite","@id":"https:\/\/cinemahouse.cz\/#website","url":"https:\/\/cinemahouse.cz\/","name":"CINEMAHOUSE.cz","description":"Port\u00e1l o filmov\u00fdch novink\u00e1ch","publisher":{"@id":"https:\/\/cinemahouse.cz\/#organization"},"potentialAction":[{"@type":"SearchAction","target":{"@type":"EntryPoint","urlTemplate":"https:\/\/cinemahouse.cz\/?s={search_term_string}"},"query-input":"required name=search_term_string"}],"inLanguage":"cs"},{"@type":"Organization","@id":"https:\/\/cinemahouse.cz\/#organization","name":"CINEMAHOUSE.cz","url":"https:\/\/cinemahouse.cz\/","logo":{"@type":"ImageObject","inLanguage":"cs","@id":"https:\/\/cinemahouse.cz\/#\/schema\/logo\/image\/","url":"https:\/\/cinemahouse.cz\/wp-content\/uploads\/2024\/12\/cropped-Logo_CinemaHouse.jpg","contentUrl":"https:\/\/cinemahouse.cz\/wp-content\/uploads\/2024\/12\/cropped-Logo_CinemaHouse.jpg","width":926,"height":467,"caption":"CINEMAHOUSE.cz"},"image":{"@id":"https:\/\/cinemahouse.cz\/#\/schema\/logo\/image\/"}},{"@type":"Person","@id":"https:\/\/cinemahouse.cz\/#\/schema\/person\/b4b442f183df4da20f147173def615f2","name":"Miroslav Van\u011bk","image":{"@type":"ImageObject","inLanguage":"cs","@id":"https:\/\/cinemahouse.cz\/#\/schema\/person\/image\/","url":"https:\/\/secure.gravatar.com\/avatar\/cc93dbecbfc820d69a964ea4a1c72377?s=96&d=mm&r=g","contentUrl":"https:\/\/secure.gravatar.com\/avatar\/cc93dbecbfc820d69a964ea4a1c72377?s=96&d=mm&r=g","caption":"Miroslav Van\u011bk"},"sameAs":["http:\/\/www.cinemahouse.cz"],"url":"https:\/\/cinemahouse.cz\/index.php\/author\/mirvan\/"}]}},"_links":{"self":[{"href":"https:\/\/cinemahouse.cz\/index.php\/wp-json\/wp\/v2\/posts\/524"}],"collection":[{"href":"https:\/\/cinemahouse.cz\/index.php\/wp-json\/wp\/v2\/posts"}],"about":[{"href":"https:\/\/cinemahouse.cz\/index.php\/wp-json\/wp\/v2\/types\/post"}],"author":[{"embeddable":true,"href":"https:\/\/cinemahouse.cz\/index.php\/wp-json\/wp\/v2\/users\/2"}],"replies":[{"embeddable":true,"href":"https:\/\/cinemahouse.cz\/index.php\/wp-json\/wp\/v2\/comments?post=524"}],"version-history":[{"count":1,"href":"https:\/\/cinemahouse.cz\/index.php\/wp-json\/wp\/v2\/posts\/524\/revisions"}],"predecessor-version":[{"id":536,"href":"https:\/\/cinemahouse.cz\/index.php\/wp-json\/wp\/v2\/posts\/524\/revisions\/536"}],"wp:featuredmedia":[{"embeddable":true,"href":"https:\/\/cinemahouse.cz\/index.php\/wp-json\/wp\/v2\/media\/525"}],"wp:attachment":[{"href":"https:\/\/cinemahouse.cz\/index.php\/wp-json\/wp\/v2\/media?parent=524"}],"wp:term":[{"taxonomy":"category","embeddable":true,"href":"https:\/\/cinemahouse.cz\/index.php\/wp-json\/wp\/v2\/categories?post=524"},{"taxonomy":"post_tag","embeddable":true,"href":"https:\/\/cinemahouse.cz\/index.php\/wp-json\/wp\/v2\/tags?post=524"}],"curies":[{"name":"wp","href":"https:\/\/api.w.org\/{rel}","templated":true}]}}