{"id":5176,"date":"2023-08-17T00:01:00","date_gmt":"2023-08-16T22:01:00","guid":{"rendered":"https:\/\/cinemahouse.cz\/?p=5176"},"modified":"2023-08-14T00:25:36","modified_gmt":"2023-08-13T22:25:36","slug":"herci-oskar-hes-a-jan-nedbal-predstavuji-film-bratri","status":"publish","type":"post","link":"https:\/\/cinemahouse.cz\/index.php\/2023\/08\/17\/herci-oskar-hes-a-jan-nedbal-predstavuji-film-bratri\/","title":{"rendered":"Herci Oskar Hes a Jan Nedbal p\u0159edstavuj\u00ed film Brat\u0159i"},"content":{"rendered":"\n<div style=\"height:46px\" aria-hidden=\"true\" class=\"wp-block-spacer\"><\/div>\n\n\n\n<p><strong>Film Brat\u0159i, kter\u00fd nato\u010dil re\u017eis\u00e9r Tom\u00e1\u0161 Ma\u0161\u00edn podle sc\u00e9n\u00e1\u0159e Marka Epsteina, vypr\u00e1v\u00ed jeden z nejv\u011bt\u0161\u00edch p\u0159\u00edb\u011bh\u016f studen\u00e9 v\u00e1lky o odbojov\u00e9 skupin\u011b brat\u0159\u00ed Josefa a Ctirada Ma\u0161\u00ednov\u00fdch. Hlavn\u00ed role bratr\u016f Ma\u0161\u00edn\u016f v n\u011bm ztv\u00e1rnili Oskar Hes a Jan Nedbal, kte\u0159\u00ed poskytli rozhovor o sv\u00fdch postav\u00e1ch, p\u0159\u00edb\u011bhu filmu a jeho nat\u00e1\u010den\u00ed. Sn\u00edmek Brat\u0159i bude m\u00edt premi\u00e9ru v kinech 26.&nbsp;\u0159\u00edjna, sedmdes\u00e1t let od jejich \u00fat\u011bku do Z\u00e1padn\u00edho Berl\u00edna.<\/strong><\/p>\n\n\n\n<div style=\"height:34px\" aria-hidden=\"true\" class=\"wp-block-spacer\"><\/div>\n\n\n\n<div class=\"wp-block-image\"><figure class=\"aligncenter size-large\"><img decoding=\"async\" src=\"https:\/\/celebrityhouse.cz\/wp-content\/uploads\/2023\/08\/DSC0062_fotoZuzanaPanska-1024x682.jpg\" alt=\"\" class=\"wp-image-7405\"\/><\/figure><\/div>\n\n\n\n<div style=\"height:34px\" aria-hidden=\"true\" class=\"wp-block-spacer\"><\/div>\n\n\n\n<p>Jen m\u00e1lokter\u00e9 t\u00e9ma modern\u00ed \u010desk\u00e9 historie vzbuzuje tolik emoc\u00ed jako pr\u00e1v\u011b p\u0159\u00edb\u011bh skupiny brat\u0159\u00ed Ma\u0161\u00edn\u016f. P\u011btice mlad\u00edk\u016f s pistolemi pron\u00e1sledovan\u00e1 tis\u00edci voj\u00e1ky se v boji o \u017eivot dotkne hranic vlastn\u00edho strachu i state\u010dnosti. Rodina, jej\u00ed\u017e \u010dlenov\u00e9 se vzep\u0159eli nacistick\u00e9 i komunistick\u00e9 totalit\u011b. Film <em>Brat\u0159i<\/em> vypr\u00e1v\u00ed jeden ze z\u00e1sadn\u00edch p\u0159\u00edb\u011bh\u016f na\u0161\u00ed novodob\u00e9 historie.<\/p>\n\n\n\n<p>Film <strong>Brat\u0159i<\/strong> <strong>vznik\u00e1 pod veden\u00edm producenta Petra B\u00edlka<\/strong> <strong>\u2013 FilmBrigade<\/strong>. Sn\u00edmek podpo\u0159ila \u0159ada instituc\u00ed v\u010detn\u011b <strong>\u010cesk\u00e9 televize<\/strong> (kreativn\u00ed producent Jaroslav Sedl\u00e1\u010dek), evropsk\u00e9ho koproduk\u010dn\u00edho fondu <strong>Eurimages<\/strong> nebo <strong>St\u00e1tn\u00edho fondu kinematografie<\/strong> a z\u00e1\u0161titu nad n\u00edm p\u0159evzalo <strong>Ministerstvo obrany \u010cR<\/strong>. Distributorem a koproducentem filmu je <strong>CinemArt<\/strong>.<\/p>\n\n\n\n<div style=\"height:34px\" aria-hidden=\"true\" class=\"wp-block-spacer\"><\/div>\n\n\n\n<figure class=\"wp-block-embed-youtube wp-block-embed is-type-video is-provider-youtube wp-embed-aspect-16-9 wp-has-aspect-ratio\"><div class=\"wp-block-embed__wrapper\">\n<div class=\"video-container\"><iframe loading=\"lazy\" title=\"BRAT\u0158I (2023) p\u0159edstaven\u00ed postav\" width=\"500\" height=\"281\" src=\"https:\/\/www.youtube.com\/embed\/D1FTcCGdHVU?feature=oembed&#038;wmode=opaque\" frameborder=\"0\" allow=\"accelerometer; autoplay; clipboard-write; encrypted-media; gyroscope; picture-in-picture; web-share\" allowfullscreen><\/iframe><\/div>\n<\/div><\/figure>\n\n\n\n<div style=\"height:34px\" aria-hidden=\"true\" class=\"wp-block-spacer\"><\/div>\n\n\n\n<h2 class=\"wp-block-heading\">Brat\u0159i<\/h2>\n\n\n\n<div style=\"height:34px\" aria-hidden=\"true\" class=\"wp-block-spacer\"><\/div>\n\n\n\n<p><strong>Re\u017eie:<\/strong> Tom\u00e1\u0161 Ma\u0161\u00edn<\/p>\n\n\n\n<p><strong>Sc\u00e9n\u00e1\u0159: <\/strong>Marek Epstein<\/p>\n\n\n\n<p><strong>Kamera:<\/strong> Friede Clausz<\/p>\n\n\n\n<p><strong>Hraj\u00ed:<\/strong> Oskar Hes (Josef Ma\u0161\u00edn) a Jan Nedbal (Radek Ma\u0161\u00edn), Tatiana Dykov\u00e1 (Zdena Ma\u0161\u00ednov\u00e1), Mat\u011bj H\u00e1dek (Zbyn\u011bk Rou\u0161ar), Adam Ernest (Milan Paumer), Maty\u00e1\u0161 \u0158ezn\u00ed\u010dek (V\u00e1clav \u0160v\u00e9da), Anton\u00edn Ma\u0161ek (Zbyn\u011bk Janata)<\/p>\n\n\n\n<p><strong>Producent:<\/strong> Petr B\u00edlek &#8211; FilmBrigade<\/p>\n\n\n\n<p><strong>Koproducenti:<\/strong> PubRes (Slovensko), Rohfilm Productions (N\u011bmecko), \u010cesk\u00e1 televize \u2013 kreativn\u00ed producent Jaroslav Sedl\u00e1\u010dek, CinemArt<\/p>\n\n\n\n<div style=\"height:34px\" aria-hidden=\"true\" class=\"wp-block-spacer\"><\/div>\n\n\n\n<figure class=\"wp-block-gallery columns-2 is-cropped wp-block-gallery-1 is-layout-flex wp-block-gallery-is-layout-flex\"><ul class=\"blocks-gallery-grid\"><li class=\"blocks-gallery-item\"><figure><img decoding=\"async\" src=\"https:\/\/celebrityhouse.cz\/wp-content\/uploads\/2023\/08\/DSC9142_fotoZuzanaPanska-1024x682.jpg\" alt=\"\" data-id=\"7406\" data-full-url=\"https:\/\/celebrityhouse.cz\/wp-content\/uploads\/2023\/08\/DSC9142_fotoZuzanaPanska.jpg\" data-link=\"https:\/\/celebrityhouse.cz\/?attachment_id=7406\" class=\"wp-image-7406\"\/><\/figure><\/li><li class=\"blocks-gallery-item\"><figure><img decoding=\"async\" src=\"https:\/\/celebrityhouse.cz\/wp-content\/uploads\/2023\/08\/DSC9426_fotoZuzanaPanska-1024x682.jpg\" alt=\"\" data-id=\"7407\" data-full-url=\"https:\/\/celebrityhouse.cz\/wp-content\/uploads\/2023\/08\/DSC9426_fotoZuzanaPanska.jpg\" data-link=\"https:\/\/celebrityhouse.cz\/?attachment_id=7407\" class=\"wp-image-7407\"\/><\/figure><\/li><li class=\"blocks-gallery-item\"><figure><img decoding=\"async\" src=\"https:\/\/celebrityhouse.cz\/wp-content\/uploads\/2023\/08\/DSC9805_fotoZuzanaPanska-1024x682.jpg\" alt=\"\" data-id=\"7408\" data-full-url=\"https:\/\/celebrityhouse.cz\/wp-content\/uploads\/2023\/08\/DSC9805_fotoZuzanaPanska.jpg\" data-link=\"https:\/\/celebrityhouse.cz\/?attachment_id=7408\" class=\"wp-image-7408\"\/><\/figure><\/li><li class=\"blocks-gallery-item\"><figure><img decoding=\"async\" src=\"https:\/\/celebrityhouse.cz\/wp-content\/uploads\/2023\/08\/Bratri_15_11_22_fotoZuzanaPanska_DSC6343-1024x682.jpg\" alt=\"\" data-id=\"7409\" data-full-url=\"https:\/\/celebrityhouse.cz\/wp-content\/uploads\/2023\/08\/Bratri_15_11_22_fotoZuzanaPanska_DSC6343.jpg\" data-link=\"https:\/\/celebrityhouse.cz\/?attachment_id=7409\" class=\"wp-image-7409\"\/><\/figure><\/li><li class=\"blocks-gallery-item\"><figure><img decoding=\"async\" src=\"https:\/\/celebrityhouse.cz\/wp-content\/uploads\/2023\/08\/DSC0062_fotoZuzanaPanska-1024x682.jpg\" alt=\"\" data-id=\"7405\" data-full-url=\"https:\/\/celebrityhouse.cz\/wp-content\/uploads\/2023\/08\/DSC0062_fotoZuzanaPanska.jpg\" data-link=\"https:\/\/celebrityhouse.cz\/?attachment_id=7405\" class=\"wp-image-7405\"\/><\/figure><\/li><\/ul><\/figure>\n\n\n\n<p><strong>Zdroj foto a video:<\/strong> Cinemart<\/p>\n\n\n\n<div style=\"height:100px\" aria-hidden=\"true\" class=\"wp-block-spacer\"><\/div>\n","protected":false},"excerpt":{"rendered":"<p>Film Brat\u0159i, kter\u00fd nato\u010dil re\u017eis\u00e9r Tom\u00e1\u0161 Ma\u0161\u00edn podle sc\u00e9n\u00e1\u0159e Marka Epsteina, vypr\u00e1v\u00ed jeden z nejv\u011bt\u0161\u00edch p\u0159\u00edb\u011bh\u016f studen\u00e9 v\u00e1lky o odbojov\u00e9 skupin\u011b brat\u0159\u00ed Josefa a Ctirada Ma\u0161\u00ednov\u00fdch. Hlavn\u00ed role bratr\u016f Ma\u0161\u00edn\u016f v n\u011bm ztv\u00e1rnili Oskar&#46;&#46;&#46;<\/p>\n","protected":false},"author":6,"featured_media":5177,"comment_status":"closed","ping_status":"closed","sticky":false,"template":"","format":"standard","meta":{"_monsterinsights_skip_tracking":false,"_monsterinsights_sitenote_active":false,"_monsterinsights_sitenote_note":"","_monsterinsights_sitenote_category":0,"footnotes":""},"categories":[3,2,7],"tags":[],"yoast_head":"<!-- This site is optimized with the Yoast SEO plugin v21.4 - https:\/\/yoast.com\/wordpress\/plugins\/seo\/ -->\n<title>Herci Oskar Hes a Jan Nedbal p\u0159edstavuj\u00ed film Brat\u0159i - CINEMAHOUSE.cz<\/title>\n<meta name=\"robots\" content=\"index, follow, max-snippet:-1, max-image-preview:large, max-video-preview:-1\" \/>\n<link rel=\"canonical\" href=\"https:\/\/cinemahouse.cz\/index.php\/2023\/08\/17\/herci-oskar-hes-a-jan-nedbal-predstavuji-film-bratri\/\" \/>\n<meta property=\"og:locale\" content=\"cs_CZ\" \/>\n<meta property=\"og:type\" content=\"article\" \/>\n<meta property=\"og:title\" content=\"Herci Oskar Hes a Jan Nedbal p\u0159edstavuj\u00ed film Brat\u0159i - CINEMAHOUSE.cz\" \/>\n<meta property=\"og:description\" content=\"Film Brat\u0159i, kter\u00fd nato\u010dil re\u017eis\u00e9r Tom\u00e1\u0161 Ma\u0161\u00edn podle sc\u00e9n\u00e1\u0159e Marka Epsteina, vypr\u00e1v\u00ed jeden z nejv\u011bt\u0161\u00edch p\u0159\u00edb\u011bh\u016f studen\u00e9 v\u00e1lky o odbojov\u00e9 skupin\u011b brat\u0159\u00ed Josefa a Ctirada Ma\u0161\u00ednov\u00fdch. Hlavn\u00ed role bratr\u016f Ma\u0161\u00edn\u016f v n\u011bm ztv\u00e1rnili Oskar&#046;&#046;&#046;\" \/>\n<meta property=\"og:url\" content=\"https:\/\/cinemahouse.cz\/index.php\/2023\/08\/17\/herci-oskar-hes-a-jan-nedbal-predstavuji-film-bratri\/\" \/>\n<meta property=\"og:site_name\" content=\"CINEMAHOUSE.cz\" \/>\n<meta property=\"article:published_time\" content=\"2023-08-16T22:01:00+00:00\" \/>\n<meta property=\"article:modified_time\" content=\"2023-08-13T22:25:36+00:00\" \/>\n<meta property=\"og:image\" content=\"https:\/\/cinemahouse.cz\/wp-content\/uploads\/2023\/08\/DSC0062_fotoZuzanaPanska.jpg\" \/>\n\t<meta property=\"og:image:width\" content=\"1400\" \/>\n\t<meta property=\"og:image:height\" content=\"933\" \/>\n\t<meta property=\"og:image:type\" content=\"image\/jpeg\" \/>\n<meta name=\"author\" content=\"Jordana Pechov\u00e1\" \/>\n<meta name=\"twitter:card\" content=\"summary_large_image\" \/>\n<meta name=\"twitter:label1\" content=\"Napsal(a)\" \/>\n\t<meta name=\"twitter:data1\" content=\"Jordana Pechov\u00e1\" \/>\n\t<meta name=\"twitter:label2\" content=\"Odhadovan\u00e1 doba \u010dten\u00ed\" \/>\n\t<meta name=\"twitter:data2\" content=\"2 minuty\" \/>\n<script type=\"application\/ld+json\" class=\"yoast-schema-graph\">{\"@context\":\"https:\/\/schema.org\",\"@graph\":[{\"@type\":\"Article\",\"@id\":\"https:\/\/cinemahouse.cz\/index.php\/2023\/08\/17\/herci-oskar-hes-a-jan-nedbal-predstavuji-film-bratri\/#article\",\"isPartOf\":{\"@id\":\"https:\/\/cinemahouse.cz\/index.php\/2023\/08\/17\/herci-oskar-hes-a-jan-nedbal-predstavuji-film-bratri\/\"},\"author\":{\"name\":\"Jordana Pechov\u00e1\",\"@id\":\"https:\/\/cinemahouse.cz\/#\/schema\/person\/5121c8490d035567efc4dd9223d7a216\"},\"headline\":\"Herci Oskar Hes a Jan Nedbal p\u0159edstavuj\u00ed film Brat\u0159i\",\"datePublished\":\"2023-08-16T22:01:00+00:00\",\"dateModified\":\"2023-08-13T22:25:36+00:00\",\"mainEntityOfPage\":{\"@id\":\"https:\/\/cinemahouse.cz\/index.php\/2023\/08\/17\/herci-oskar-hes-a-jan-nedbal-predstavuji-film-bratri\/\"},\"wordCount\":326,\"publisher\":{\"@id\":\"https:\/\/cinemahouse.cz\/#organization\"},\"articleSection\":[\"FILMOV\u00c9 NOVINKY\",\"NEWS\",\"ROZHOVORY\"],\"inLanguage\":\"cs\"},{\"@type\":\"WebPage\",\"@id\":\"https:\/\/cinemahouse.cz\/index.php\/2023\/08\/17\/herci-oskar-hes-a-jan-nedbal-predstavuji-film-bratri\/\",\"url\":\"https:\/\/cinemahouse.cz\/index.php\/2023\/08\/17\/herci-oskar-hes-a-jan-nedbal-predstavuji-film-bratri\/\",\"name\":\"Herci Oskar Hes a Jan Nedbal p\u0159edstavuj\u00ed film Brat\u0159i - CINEMAHOUSE.cz\",\"isPartOf\":{\"@id\":\"https:\/\/cinemahouse.cz\/#website\"},\"datePublished\":\"2023-08-16T22:01:00+00:00\",\"dateModified\":\"2023-08-13T22:25:36+00:00\",\"breadcrumb\":{\"@id\":\"https:\/\/cinemahouse.cz\/index.php\/2023\/08\/17\/herci-oskar-hes-a-jan-nedbal-predstavuji-film-bratri\/#breadcrumb\"},\"inLanguage\":\"cs\",\"potentialAction\":[{\"@type\":\"ReadAction\",\"target\":[\"https:\/\/cinemahouse.cz\/index.php\/2023\/08\/17\/herci-oskar-hes-a-jan-nedbal-predstavuji-film-bratri\/\"]}]},{\"@type\":\"BreadcrumbList\",\"@id\":\"https:\/\/cinemahouse.cz\/index.php\/2023\/08\/17\/herci-oskar-hes-a-jan-nedbal-predstavuji-film-bratri\/#breadcrumb\",\"itemListElement\":[{\"@type\":\"ListItem\",\"position\":1,\"name\":\"Dom\u016f\",\"item\":\"https:\/\/cinemahouse.cz\/\"},{\"@type\":\"ListItem\",\"position\":2,\"name\":\"Herci Oskar Hes a Jan Nedbal p\u0159edstavuj\u00ed film Brat\u0159i\"}]},{\"@type\":\"WebSite\",\"@id\":\"https:\/\/cinemahouse.cz\/#website\",\"url\":\"https:\/\/cinemahouse.cz\/\",\"name\":\"CINEMAHOUSE.cz\",\"description\":\"Port\u00e1l o filmov\u00fdch novink\u00e1ch\",\"publisher\":{\"@id\":\"https:\/\/cinemahouse.cz\/#organization\"},\"potentialAction\":[{\"@type\":\"SearchAction\",\"target\":{\"@type\":\"EntryPoint\",\"urlTemplate\":\"https:\/\/cinemahouse.cz\/?s={search_term_string}\"},\"query-input\":\"required name=search_term_string\"}],\"inLanguage\":\"cs\"},{\"@type\":\"Organization\",\"@id\":\"https:\/\/cinemahouse.cz\/#organization\",\"name\":\"CINEMAHOUSE.cz\",\"url\":\"https:\/\/cinemahouse.cz\/\",\"logo\":{\"@type\":\"ImageObject\",\"inLanguage\":\"cs\",\"@id\":\"https:\/\/cinemahouse.cz\/#\/schema\/logo\/image\/\",\"url\":\"https:\/\/cinemahouse.cz\/wp-content\/uploads\/2024\/12\/cropped-Logo_CinemaHouse.jpg\",\"contentUrl\":\"https:\/\/cinemahouse.cz\/wp-content\/uploads\/2024\/12\/cropped-Logo_CinemaHouse.jpg\",\"width\":926,\"height\":467,\"caption\":\"CINEMAHOUSE.cz\"},\"image\":{\"@id\":\"https:\/\/cinemahouse.cz\/#\/schema\/logo\/image\/\"}},{\"@type\":\"Person\",\"@id\":\"https:\/\/cinemahouse.cz\/#\/schema\/person\/5121c8490d035567efc4dd9223d7a216\",\"name\":\"Jordana Pechov\u00e1\",\"image\":{\"@type\":\"ImageObject\",\"inLanguage\":\"cs\",\"@id\":\"https:\/\/cinemahouse.cz\/#\/schema\/person\/image\/\",\"url\":\"https:\/\/secure.gravatar.com\/avatar\/349e898f7fe64c4a4839cc48a802dd9a?s=96&d=mm&r=g\",\"contentUrl\":\"https:\/\/secure.gravatar.com\/avatar\/349e898f7fe64c4a4839cc48a802dd9a?s=96&d=mm&r=g\",\"caption\":\"Jordana Pechov\u00e1\"},\"sameAs\":[\"http:\/\/CINEMAHOUSE.cz\"],\"url\":\"https:\/\/cinemahouse.cz\/index.php\/author\/jorpech\/\"}]}<\/script>\n<!-- \/ Yoast SEO plugin. -->","yoast_head_json":{"title":"Herci Oskar Hes a Jan Nedbal p\u0159edstavuj\u00ed film Brat\u0159i - CINEMAHOUSE.cz","robots":{"index":"index","follow":"follow","max-snippet":"max-snippet:-1","max-image-preview":"max-image-preview:large","max-video-preview":"max-video-preview:-1"},"canonical":"https:\/\/cinemahouse.cz\/index.php\/2023\/08\/17\/herci-oskar-hes-a-jan-nedbal-predstavuji-film-bratri\/","og_locale":"cs_CZ","og_type":"article","og_title":"Herci Oskar Hes a Jan Nedbal p\u0159edstavuj\u00ed film Brat\u0159i - CINEMAHOUSE.cz","og_description":"Film Brat\u0159i, kter\u00fd nato\u010dil re\u017eis\u00e9r Tom\u00e1\u0161 Ma\u0161\u00edn podle sc\u00e9n\u00e1\u0159e Marka Epsteina, vypr\u00e1v\u00ed jeden z nejv\u011bt\u0161\u00edch p\u0159\u00edb\u011bh\u016f studen\u00e9 v\u00e1lky o odbojov\u00e9 skupin\u011b brat\u0159\u00ed Josefa a Ctirada Ma\u0161\u00ednov\u00fdch. Hlavn\u00ed role bratr\u016f Ma\u0161\u00edn\u016f v n\u011bm ztv\u00e1rnili Oskar&#46;&#46;&#46;","og_url":"https:\/\/cinemahouse.cz\/index.php\/2023\/08\/17\/herci-oskar-hes-a-jan-nedbal-predstavuji-film-bratri\/","og_site_name":"CINEMAHOUSE.cz","article_published_time":"2023-08-16T22:01:00+00:00","article_modified_time":"2023-08-13T22:25:36+00:00","og_image":[{"width":1400,"height":933,"url":"https:\/\/cinemahouse.cz\/wp-content\/uploads\/2023\/08\/DSC0062_fotoZuzanaPanska.jpg","type":"image\/jpeg"}],"author":"Jordana Pechov\u00e1","twitter_card":"summary_large_image","twitter_misc":{"Napsal(a)":"Jordana Pechov\u00e1","Odhadovan\u00e1 doba \u010dten\u00ed":"2 minuty"},"schema":{"@context":"https:\/\/schema.org","@graph":[{"@type":"Article","@id":"https:\/\/cinemahouse.cz\/index.php\/2023\/08\/17\/herci-oskar-hes-a-jan-nedbal-predstavuji-film-bratri\/#article","isPartOf":{"@id":"https:\/\/cinemahouse.cz\/index.php\/2023\/08\/17\/herci-oskar-hes-a-jan-nedbal-predstavuji-film-bratri\/"},"author":{"name":"Jordana Pechov\u00e1","@id":"https:\/\/cinemahouse.cz\/#\/schema\/person\/5121c8490d035567efc4dd9223d7a216"},"headline":"Herci Oskar Hes a Jan Nedbal p\u0159edstavuj\u00ed film Brat\u0159i","datePublished":"2023-08-16T22:01:00+00:00","dateModified":"2023-08-13T22:25:36+00:00","mainEntityOfPage":{"@id":"https:\/\/cinemahouse.cz\/index.php\/2023\/08\/17\/herci-oskar-hes-a-jan-nedbal-predstavuji-film-bratri\/"},"wordCount":326,"publisher":{"@id":"https:\/\/cinemahouse.cz\/#organization"},"articleSection":["FILMOV\u00c9 NOVINKY","NEWS","ROZHOVORY"],"inLanguage":"cs"},{"@type":"WebPage","@id":"https:\/\/cinemahouse.cz\/index.php\/2023\/08\/17\/herci-oskar-hes-a-jan-nedbal-predstavuji-film-bratri\/","url":"https:\/\/cinemahouse.cz\/index.php\/2023\/08\/17\/herci-oskar-hes-a-jan-nedbal-predstavuji-film-bratri\/","name":"Herci Oskar Hes a Jan Nedbal p\u0159edstavuj\u00ed film Brat\u0159i - CINEMAHOUSE.cz","isPartOf":{"@id":"https:\/\/cinemahouse.cz\/#website"},"datePublished":"2023-08-16T22:01:00+00:00","dateModified":"2023-08-13T22:25:36+00:00","breadcrumb":{"@id":"https:\/\/cinemahouse.cz\/index.php\/2023\/08\/17\/herci-oskar-hes-a-jan-nedbal-predstavuji-film-bratri\/#breadcrumb"},"inLanguage":"cs","potentialAction":[{"@type":"ReadAction","target":["https:\/\/cinemahouse.cz\/index.php\/2023\/08\/17\/herci-oskar-hes-a-jan-nedbal-predstavuji-film-bratri\/"]}]},{"@type":"BreadcrumbList","@id":"https:\/\/cinemahouse.cz\/index.php\/2023\/08\/17\/herci-oskar-hes-a-jan-nedbal-predstavuji-film-bratri\/#breadcrumb","itemListElement":[{"@type":"ListItem","position":1,"name":"Dom\u016f","item":"https:\/\/cinemahouse.cz\/"},{"@type":"ListItem","position":2,"name":"Herci Oskar Hes a Jan Nedbal p\u0159edstavuj\u00ed film Brat\u0159i"}]},{"@type":"WebSite","@id":"https:\/\/cinemahouse.cz\/#website","url":"https:\/\/cinemahouse.cz\/","name":"CINEMAHOUSE.cz","description":"Port\u00e1l o filmov\u00fdch novink\u00e1ch","publisher":{"@id":"https:\/\/cinemahouse.cz\/#organization"},"potentialAction":[{"@type":"SearchAction","target":{"@type":"EntryPoint","urlTemplate":"https:\/\/cinemahouse.cz\/?s={search_term_string}"},"query-input":"required name=search_term_string"}],"inLanguage":"cs"},{"@type":"Organization","@id":"https:\/\/cinemahouse.cz\/#organization","name":"CINEMAHOUSE.cz","url":"https:\/\/cinemahouse.cz\/","logo":{"@type":"ImageObject","inLanguage":"cs","@id":"https:\/\/cinemahouse.cz\/#\/schema\/logo\/image\/","url":"https:\/\/cinemahouse.cz\/wp-content\/uploads\/2024\/12\/cropped-Logo_CinemaHouse.jpg","contentUrl":"https:\/\/cinemahouse.cz\/wp-content\/uploads\/2024\/12\/cropped-Logo_CinemaHouse.jpg","width":926,"height":467,"caption":"CINEMAHOUSE.cz"},"image":{"@id":"https:\/\/cinemahouse.cz\/#\/schema\/logo\/image\/"}},{"@type":"Person","@id":"https:\/\/cinemahouse.cz\/#\/schema\/person\/5121c8490d035567efc4dd9223d7a216","name":"Jordana Pechov\u00e1","image":{"@type":"ImageObject","inLanguage":"cs","@id":"https:\/\/cinemahouse.cz\/#\/schema\/person\/image\/","url":"https:\/\/secure.gravatar.com\/avatar\/349e898f7fe64c4a4839cc48a802dd9a?s=96&d=mm&r=g","contentUrl":"https:\/\/secure.gravatar.com\/avatar\/349e898f7fe64c4a4839cc48a802dd9a?s=96&d=mm&r=g","caption":"Jordana Pechov\u00e1"},"sameAs":["http:\/\/CINEMAHOUSE.cz"],"url":"https:\/\/cinemahouse.cz\/index.php\/author\/jorpech\/"}]}},"_links":{"self":[{"href":"https:\/\/cinemahouse.cz\/index.php\/wp-json\/wp\/v2\/posts\/5176"}],"collection":[{"href":"https:\/\/cinemahouse.cz\/index.php\/wp-json\/wp\/v2\/posts"}],"about":[{"href":"https:\/\/cinemahouse.cz\/index.php\/wp-json\/wp\/v2\/types\/post"}],"author":[{"embeddable":true,"href":"https:\/\/cinemahouse.cz\/index.php\/wp-json\/wp\/v2\/users\/6"}],"replies":[{"embeddable":true,"href":"https:\/\/cinemahouse.cz\/index.php\/wp-json\/wp\/v2\/comments?post=5176"}],"version-history":[{"count":2,"href":"https:\/\/cinemahouse.cz\/index.php\/wp-json\/wp\/v2\/posts\/5176\/revisions"}],"predecessor-version":[{"id":5186,"href":"https:\/\/cinemahouse.cz\/index.php\/wp-json\/wp\/v2\/posts\/5176\/revisions\/5186"}],"wp:featuredmedia":[{"embeddable":true,"href":"https:\/\/cinemahouse.cz\/index.php\/wp-json\/wp\/v2\/media\/5177"}],"wp:attachment":[{"href":"https:\/\/cinemahouse.cz\/index.php\/wp-json\/wp\/v2\/media?parent=5176"}],"wp:term":[{"taxonomy":"category","embeddable":true,"href":"https:\/\/cinemahouse.cz\/index.php\/wp-json\/wp\/v2\/categories?post=5176"},{"taxonomy":"post_tag","embeddable":true,"href":"https:\/\/cinemahouse.cz\/index.php\/wp-json\/wp\/v2\/tags?post=5176"}],"curies":[{"name":"wp","href":"https:\/\/api.w.org\/{rel}","templated":true}]}}