{"id":5131,"date":"2023-08-06T00:01:00","date_gmt":"2023-08-05T22:01:00","guid":{"rendered":"https:\/\/cinemahouse.cz\/?p=5131"},"modified":"2023-08-05T01:01:26","modified_gmt":"2023-08-04T23:01:26","slug":"letni-scena-galerie-harfa-vstoupila-do-sve-druhe-poloviny","status":"publish","type":"post","link":"https:\/\/cinemahouse.cz\/index.php\/2023\/08\/06\/letni-scena-galerie-harfa-vstoupila-do-sve-druhe-poloviny\/","title":{"rendered":"Letn\u00ed sc\u00e9na Galerie Harfa vstoupila do sv\u00e9 druh\u00e9 poloviny"},"content":{"rendered":"\n<div style=\"height:41px\" aria-hidden=\"true\" class=\"wp-block-spacer\"><\/div>\n\n\n\n<p><strong>Ani v srpnu nebude Letn\u00ed sc\u00e9na Galerie Harfa zah\u00e1let. Najdete zde velmi nabit\u00fd program komedi\u00ed, kter\u00e9 v\u00e1s dob\u0159e pobav\u00ed a vylep\u0161\u00ed l\u00e9to na maximum. <\/strong><\/p>\n\n\n\n<div style=\"height:35px\" aria-hidden=\"true\" class=\"wp-block-spacer\"><\/div>\n\n\n\n<figure class=\"wp-block-image size-large\"><img decoding=\"async\" src=\"https:\/\/letniservis.cz\/wp-content\/uploads\/2023\/08\/343081482_208693081883192_1110767418286911045_n-1024x536.jpg\" alt=\"\" class=\"wp-image-2342\"\/><\/figure>\n\n\n\n<div style=\"height:20px\" aria-hidden=\"true\" class=\"wp-block-spacer\"><\/div>\n\n\n\n<p><strong>Nav\u00edc si m\u016f\u017eete program oko\u0159enit i dobr\u00fdm street foodem na Teras\u00e1ch Galerie Harfa. 12. ro\u010dn\u00edk divadeln\u00ed p\u0159ehl\u00eddky na st\u0159e\u0161e OC Galerie Harfa bude prob\u00edhat a\u017e do 31.8.2023.<\/strong><\/p>\n\n\n\n<p><strong>Co hezk\u00e9ho v\u00e1s letos \u010dek\u00e1 na Teras\u00e1ch Galerie Harfa n\u00e1m na mikrofon prozradil p\u0159\u00edmo \u0159editel obchodn\u00edho centra &#8211; Pavel Hradec.<\/strong><\/p>\n\n\n\n<div style=\"height:20px\" aria-hidden=\"true\" class=\"wp-block-spacer\"><\/div>\n\n\n\n<h3 class=\"wp-block-heading\">PODCAST: Pozv\u00e1nka na Terasy a Letn\u00ed sc\u00e9nu Galerie Harfa<\/h3>\n\n\n\n<div style=\"height:20px\" aria-hidden=\"true\" class=\"wp-block-spacer\"><\/div>\n\n\n\n<figure class=\"wp-block-audio\"><audio controls src=\"https:\/\/letniservis.cz\/wp-content\/uploads\/2023\/08\/PODCAST_TERASY-HARFA.mp3\"><\/audio><\/figure>\n\n\n\n<div style=\"height:20px\" aria-hidden=\"true\" class=\"wp-block-spacer\"><\/div>\n\n\n\n<p class=\"has-text-align-center\"><strong>Rozhovor s \u0159editelem Galerie Harfa &#8211; Pavlem Hradcem.<\/strong><\/p>\n\n\n\n<div style=\"height:54px\" aria-hidden=\"true\" class=\"wp-block-spacer\"><\/div>\n\n\n\n<div class=\"wp-block-image\"><figure class=\"aligncenter size-large\"><img decoding=\"async\" src=\"https:\/\/letniservis.cz\/wp-content\/uploads\/2023\/08\/04819-1024x768.jpg\" alt=\"\" class=\"wp-image-2340\"\/><\/figure><\/div>\n\n\n\n<div style=\"height:20px\" aria-hidden=\"true\" class=\"wp-block-spacer\"><\/div>\n\n\n\n<h3 class=\"wp-block-heading\">Pod\u00edvejte se na srpnov\u00fd program:<\/h3>\n\n\n\n<div style=\"height:20px\" aria-hidden=\"true\" class=\"wp-block-spacer\"><\/div>\n\n\n\n<p><strong>7. 8. Luk\u00e1\u0161 Pavl\u00e1sek: Planeta slepic<\/strong><\/p>\n\n\n\n<p><strong>8. 8. D\u00edv\u010d\u00ed v\u00e1lka<\/strong><\/p>\n\n\n\n<p><strong>9. 8. Ani o den d\u00fdl!<\/strong><\/p>\n\n\n\n<p><strong>14. 8. P\u0159\u00ed\u0161t\u011b ho zabiju s\u00e1m<\/strong><\/p>\n\n\n\n<p><strong>15. 8. A do py\u017eam!<\/strong><\/p>\n\n\n\n<p><strong>16. 8. Drobe\u010dky z pern\u00edku<\/strong><\/p>\n\n\n\n<p><strong>21. 8. Bos\u00e9 nohy v parku<\/strong><\/p>\n\n\n\n<p><strong>28. 8. Caveman<\/strong><\/p>\n\n\n\n<p><strong>29. 8. V\u011bze\u0148 na Druh\u00e9 Avenue<\/strong><\/p>\n\n\n\n<p><strong>30. 8. Norm\u00e1ln\u00ed debil<\/strong><\/p>\n\n\n\n<div style=\"height:20px\" aria-hidden=\"true\" class=\"wp-block-spacer\"><\/div>\n\n\n\n<p>K p\u0159\u00edjemn\u00e9mu kulturn\u00edmu z\u00e1\u017eitku m\u016f\u017eete p\u0159idat i ten gastronomick\u00fd. Terasy Harfa toti\u017e nab\u00edz\u00ed cel\u00e9 l\u00e9to po\u0159\u00e1dn\u00e9 ob\u010derstven\u00ed ve form\u011b venkovn\u00edho street foodu. <\/p>\n\n\n\n<p>Nav\u00edc p\u0159i p\u0159edlo\u017een\u00ed vstupenky na Letn\u00ed sc\u00e9nu galerie Harfa, m\u00e1te 15 % slevu na konzumaci na Teras\u00e1ch Harfa.<\/p>\n\n\n\n<p>12. ro\u010dn\u00edk divadeln\u00ed p\u0159ehl\u00eddky na st\u0159e\u0161e OC Galerie Harfa bude prob\u00edhat a\u017e do 31.8.2023.<\/p>\n\n\n\n<p><strong>Informace a vstupenky najdete na <a href=\"https:\/\/www.letniscenaharfa.cz\/vstupenky\/\">www.letniscenaharfa.cz\/vstupenky\/<\/a><\/strong><\/p>\n\n\n\n<div style=\"height:20px\" aria-hidden=\"true\" class=\"wp-block-spacer\"><\/div>\n\n\n\n<figure class=\"wp-block-image size-large\"><img decoding=\"async\" src=\"https:\/\/letniservis.cz\/wp-content\/uploads\/2023\/08\/main-photo-web-hero-1024x448.jpg\" alt=\"\" class=\"wp-image-2341\"\/><\/figure>\n\n\n\n<div style=\"height:20px\" aria-hidden=\"true\" class=\"wp-block-spacer\"><\/div>\n\n\n\n<h4 class=\"wp-block-heading\"><strong>Ochutnat ve street foodu na Teras\u00e1ch Harfa m\u016f\u017eete:<\/strong><\/h4>\n\n\n\n<div style=\"height:20px\" aria-hidden=\"true\" class=\"wp-block-spacer\"><\/div>\n\n\n\n<p>Na Teras\u00e1ch Harfa na v\u00e1s \u010dek\u00e1 \u0161irok\u00e1 nab\u00eddka tepl\u00fdch a studen\u00fdch n\u00e1poj\u016f. K pit\u00ed si vychutn\u00e1te t\u0159eba \u010depovanou plze\u0148, italsk\u00e9 v\u00edno, koktejly s v\u016fn\u00ed d\u00e1lek, \u010derstvou k\u00e1vu nebo sv\u011b\u017e\u00ed nealko drinky.<\/p>\n\n\n\n<p>T\u011b\u0161it se pod otev\u0159en\u00fdm nebem m\u016f\u017eete na r\u016fzn\u00e9 delikatesy jako nap\u0159\u00edklad: prav\u00e1 balk\u00e1nsk\u00e1 j\u00eddla, sma\u017een\u00e9 masov\u00e9 ta\u0161ti\u010dky a kobl\u00ed\u017eky, lango\u0161e, klob\u00e1sy, americk\u00fd hot dog, holandsk\u00e9 hranolky na v\u0161echny mo\u017en\u00e9 zp\u016fsoby, ale t\u0159eba i japonsk\u00e9 pala\u010dinky, zmrzlinu nebo wafle.<\/p>\n\n\n\n<div style=\"height:20px\" aria-hidden=\"true\" class=\"wp-block-spacer\"><\/div>\n\n\n\n<p><strong>V\u00edce o letn\u00edm programu na Teras\u00e1ch Galerie Harfa naleznete na: <\/strong><\/p>\n\n\n\n<p><a href=\"https:\/\/www.galerieharfa.cz\/terasy-harfa\"><strong>https:\/\/www.galerieharfa.cz\/terasy-harfa<\/strong><\/a><\/p>\n\n\n\n<div style=\"height:73px\" aria-hidden=\"true\" class=\"wp-block-spacer\"><\/div>\n\n\n\n<figure class=\"wp-block-gallery columns-2 is-cropped wp-block-gallery-1 is-layout-flex wp-block-gallery-is-layout-flex\"><ul class=\"blocks-gallery-grid\"><li class=\"blocks-gallery-item\"><figure><img decoding=\"async\" src=\"https:\/\/letniservis.cz\/wp-content\/uploads\/2023\/08\/343081482_208693081883192_1110767418286911045_n-1-1024x536.jpg\" alt=\"\" data-id=\"2351\" data-full-url=\"https:\/\/letniservis.cz\/wp-content\/uploads\/2023\/08\/343081482_208693081883192_1110767418286911045_n-1.jpg\" data-link=\"https:\/\/letniservis.cz\/?attachment_id=2351\" class=\"wp-image-2351\"\/><\/figure><\/li><li class=\"blocks-gallery-item\"><figure><img decoding=\"async\" src=\"https:\/\/letniservis.cz\/wp-content\/uploads\/2023\/08\/04819-1-1024x768.jpg\" alt=\"\" data-id=\"2349\" data-full-url=\"https:\/\/letniservis.cz\/wp-content\/uploads\/2023\/08\/04819-1.jpg\" data-link=\"https:\/\/letniservis.cz\/?attachment_id=2349\" class=\"wp-image-2349\"\/><\/figure><\/li><li class=\"blocks-gallery-item\"><figure><img decoding=\"async\" src=\"https:\/\/letniservis.cz\/wp-content\/uploads\/2023\/08\/03890-1024x576.jpg\" alt=\"\" data-id=\"2348\" data-full-url=\"https:\/\/letniservis.cz\/wp-content\/uploads\/2023\/08\/03890.jpg\" data-link=\"https:\/\/letniservis.cz\/?attachment_id=2348\" class=\"wp-image-2348\"\/><\/figure><\/li><li class=\"blocks-gallery-item\"><figure><img decoding=\"async\" src=\"https:\/\/letniservis.cz\/wp-content\/uploads\/2023\/08\/286715608_5397341976968486_1987251907254044734_n-1-1024x768.jpg\" alt=\"\" data-id=\"2350\" data-full-url=\"https:\/\/letniservis.cz\/wp-content\/uploads\/2023\/08\/286715608_5397341976968486_1987251907254044734_n-1.jpg\" data-link=\"https:\/\/letniservis.cz\/?attachment_id=2350\" class=\"wp-image-2350\"\/><\/figure><\/li><li class=\"blocks-gallery-item\"><figure><img decoding=\"async\" src=\"https:\/\/letniservis.cz\/wp-content\/uploads\/2023\/08\/mobile_lg_q92rivvolo-1-jpg.jpg\" alt=\"\" data-id=\"2354\" data-full-url=\"https:\/\/letniservis.cz\/wp-content\/uploads\/2023\/08\/mobile_lg_q92rivvolo-1-jpg.jpg\" data-link=\"https:\/\/letniservis.cz\/?attachment_id=2354\" class=\"wp-image-2354\"\/><\/figure><\/li><li class=\"blocks-gallery-item\"><figure><img decoding=\"async\" src=\"https:\/\/letniservis.cz\/wp-content\/uploads\/2023\/08\/af5b1a9a-5464-4226-a5aa-968faf38e366-1024x768.jpg\" alt=\"\" data-id=\"2352\" data-full-url=\"https:\/\/letniservis.cz\/wp-content\/uploads\/2023\/08\/af5b1a9a-5464-4226-a5aa-968faf38e366.jpg\" data-link=\"https:\/\/letniservis.cz\/?attachment_id=2352\" class=\"wp-image-2352\"\/><\/figure><\/li><li class=\"blocks-gallery-item\"><figure><img decoding=\"async\" src=\"https:\/\/letniservis.cz\/wp-content\/uploads\/2023\/08\/main-photo-web-hero-1-1024x448.jpg\" alt=\"\" data-id=\"2353\" data-full-url=\"https:\/\/letniservis.cz\/wp-content\/uploads\/2023\/08\/main-photo-web-hero-1.jpg\" data-link=\"https:\/\/letniservis.cz\/?attachment_id=2353\" class=\"wp-image-2353\"\/><\/figure><\/li><\/ul><\/figure>\n\n\n\n<div style=\"height:20px\" aria-hidden=\"true\" class=\"wp-block-spacer\"><\/div>\n\n\n\n<p><strong>Zdroj foto:<\/strong> Galerie Harfa, Letn\u00ed sc\u00e9na Harfa<\/p>\n\n\n\n<p><strong><strong>Zdroj audio:\u00a0<\/strong>Medi\u00e1ln\u00ed skupina HMG<strong>\u00a0(<a href=\"https:\/\/podcasthouse.cz\/\">PODCASTHOUSE.cz<\/a>)<\/strong><\/strong><\/p>\n\n\n\n<div style=\"height:100px\" aria-hidden=\"true\" class=\"wp-block-spacer\"><\/div>\n","protected":false},"excerpt":{"rendered":"<p>Ani v srpnu nebude Letn\u00ed sc\u00e9na Galerie Harfa zah\u00e1let. Najdete zde velmi nabit\u00fd program komedi\u00ed, kter\u00e9 v\u00e1s dob\u0159e pobav\u00ed a vylep\u0161\u00ed l\u00e9to na maximum. Nav\u00edc si m\u016f\u017eete program oko\u0159enit i dobr\u00fdm street foodem na&#46;&#46;&#46;<\/p>\n","protected":false},"author":1,"featured_media":5132,"comment_status":"closed","ping_status":"closed","sticky":false,"template":"","format":"standard","meta":{"_monsterinsights_skip_tracking":false,"_monsterinsights_sitenote_active":false,"_monsterinsights_sitenote_note":"","_monsterinsights_sitenote_category":0,"footnotes":""},"categories":[2,7,13],"tags":[],"yoast_head":"<!-- This site is optimized with the Yoast SEO plugin v21.4 - https:\/\/yoast.com\/wordpress\/plugins\/seo\/ -->\n<title>Letn\u00ed sc\u00e9na Galerie Harfa vstoupila do sv\u00e9 druh\u00e9 poloviny - CINEMAHOUSE.cz<\/title>\n<meta name=\"robots\" content=\"index, follow, max-snippet:-1, max-image-preview:large, max-video-preview:-1\" \/>\n<link rel=\"canonical\" href=\"https:\/\/cinemahouse.cz\/index.php\/2023\/08\/06\/letni-scena-galerie-harfa-vstoupila-do-sve-druhe-poloviny\/\" \/>\n<meta property=\"og:locale\" content=\"cs_CZ\" \/>\n<meta property=\"og:type\" content=\"article\" \/>\n<meta property=\"og:title\" content=\"Letn\u00ed sc\u00e9na Galerie Harfa vstoupila do sv\u00e9 druh\u00e9 poloviny - CINEMAHOUSE.cz\" \/>\n<meta property=\"og:description\" content=\"Ani v srpnu nebude Letn\u00ed sc\u00e9na Galerie Harfa zah\u00e1let. Najdete zde velmi nabit\u00fd program komedi\u00ed, kter\u00e9 v\u00e1s dob\u0159e pobav\u00ed a vylep\u0161\u00ed l\u00e9to na maximum. Nav\u00edc si m\u016f\u017eete program oko\u0159enit i dobr\u00fdm street foodem na&#046;&#046;&#046;\" \/>\n<meta property=\"og:url\" content=\"https:\/\/cinemahouse.cz\/index.php\/2023\/08\/06\/letni-scena-galerie-harfa-vstoupila-do-sve-druhe-poloviny\/\" \/>\n<meta property=\"og:site_name\" content=\"CINEMAHOUSE.cz\" \/>\n<meta property=\"article:published_time\" content=\"2023-08-05T22:01:00+00:00\" \/>\n<meta property=\"article:modified_time\" content=\"2023-08-04T23:01:26+00:00\" \/>\n<meta property=\"og:image\" content=\"https:\/\/cinemahouse.cz\/wp-content\/uploads\/2023\/08\/343081482_208693081883192_1110767418286911045_n.jpg\" \/>\n\t<meta property=\"og:image:width\" content=\"1200\" \/>\n\t<meta property=\"og:image:height\" content=\"628\" \/>\n\t<meta property=\"og:image:type\" content=\"image\/jpeg\" \/>\n<meta name=\"author\" content=\"Mikol\u00e1\u0161ek (\u0161\u00e9fredaktor HMG)\" \/>\n<meta name=\"twitter:card\" content=\"summary_large_image\" \/>\n<meta name=\"twitter:label1\" content=\"Napsal(a)\" \/>\n\t<meta name=\"twitter:data1\" content=\"Mikol\u00e1\u0161ek (\u0161\u00e9fredaktor HMG)\" \/>\n\t<meta name=\"twitter:label2\" content=\"Odhadovan\u00e1 doba \u010dten\u00ed\" \/>\n\t<meta name=\"twitter:data2\" content=\"2 minuty\" \/>\n<script type=\"application\/ld+json\" class=\"yoast-schema-graph\">{\"@context\":\"https:\/\/schema.org\",\"@graph\":[{\"@type\":\"Article\",\"@id\":\"https:\/\/cinemahouse.cz\/index.php\/2023\/08\/06\/letni-scena-galerie-harfa-vstoupila-do-sve-druhe-poloviny\/#article\",\"isPartOf\":{\"@id\":\"https:\/\/cinemahouse.cz\/index.php\/2023\/08\/06\/letni-scena-galerie-harfa-vstoupila-do-sve-druhe-poloviny\/\"},\"author\":{\"name\":\"Mikol\u00e1\u0161ek (\u0161\u00e9fredaktor HMG)\",\"@id\":\"https:\/\/cinemahouse.cz\/#\/schema\/person\/d472e7fa042ba68eef003047f550dfa0\"},\"headline\":\"Letn\u00ed sc\u00e9na Galerie Harfa vstoupila do sv\u00e9 druh\u00e9 poloviny\",\"datePublished\":\"2023-08-05T22:01:00+00:00\",\"dateModified\":\"2023-08-04T23:01:26+00:00\",\"mainEntityOfPage\":{\"@id\":\"https:\/\/cinemahouse.cz\/index.php\/2023\/08\/06\/letni-scena-galerie-harfa-vstoupila-do-sve-druhe-poloviny\/\"},\"wordCount\":397,\"publisher\":{\"@id\":\"https:\/\/cinemahouse.cz\/#organization\"},\"articleSection\":[\"NEWS\",\"ROZHOVORY\",\"TIPY a TRENDY\"],\"inLanguage\":\"cs\"},{\"@type\":\"WebPage\",\"@id\":\"https:\/\/cinemahouse.cz\/index.php\/2023\/08\/06\/letni-scena-galerie-harfa-vstoupila-do-sve-druhe-poloviny\/\",\"url\":\"https:\/\/cinemahouse.cz\/index.php\/2023\/08\/06\/letni-scena-galerie-harfa-vstoupila-do-sve-druhe-poloviny\/\",\"name\":\"Letn\u00ed sc\u00e9na Galerie Harfa vstoupila do sv\u00e9 druh\u00e9 poloviny - CINEMAHOUSE.cz\",\"isPartOf\":{\"@id\":\"https:\/\/cinemahouse.cz\/#website\"},\"datePublished\":\"2023-08-05T22:01:00+00:00\",\"dateModified\":\"2023-08-04T23:01:26+00:00\",\"breadcrumb\":{\"@id\":\"https:\/\/cinemahouse.cz\/index.php\/2023\/08\/06\/letni-scena-galerie-harfa-vstoupila-do-sve-druhe-poloviny\/#breadcrumb\"},\"inLanguage\":\"cs\",\"potentialAction\":[{\"@type\":\"ReadAction\",\"target\":[\"https:\/\/cinemahouse.cz\/index.php\/2023\/08\/06\/letni-scena-galerie-harfa-vstoupila-do-sve-druhe-poloviny\/\"]}]},{\"@type\":\"BreadcrumbList\",\"@id\":\"https:\/\/cinemahouse.cz\/index.php\/2023\/08\/06\/letni-scena-galerie-harfa-vstoupila-do-sve-druhe-poloviny\/#breadcrumb\",\"itemListElement\":[{\"@type\":\"ListItem\",\"position\":1,\"name\":\"Dom\u016f\",\"item\":\"https:\/\/cinemahouse.cz\/\"},{\"@type\":\"ListItem\",\"position\":2,\"name\":\"Letn\u00ed sc\u00e9na Galerie Harfa vstoupila do sv\u00e9 druh\u00e9 poloviny\"}]},{\"@type\":\"WebSite\",\"@id\":\"https:\/\/cinemahouse.cz\/#website\",\"url\":\"https:\/\/cinemahouse.cz\/\",\"name\":\"CINEMAHOUSE.cz\",\"description\":\"Port\u00e1l o filmov\u00fdch novink\u00e1ch\",\"publisher\":{\"@id\":\"https:\/\/cinemahouse.cz\/#organization\"},\"potentialAction\":[{\"@type\":\"SearchAction\",\"target\":{\"@type\":\"EntryPoint\",\"urlTemplate\":\"https:\/\/cinemahouse.cz\/?s={search_term_string}\"},\"query-input\":\"required name=search_term_string\"}],\"inLanguage\":\"cs\"},{\"@type\":\"Organization\",\"@id\":\"https:\/\/cinemahouse.cz\/#organization\",\"name\":\"CINEMAHOUSE.cz\",\"url\":\"https:\/\/cinemahouse.cz\/\",\"logo\":{\"@type\":\"ImageObject\",\"inLanguage\":\"cs\",\"@id\":\"https:\/\/cinemahouse.cz\/#\/schema\/logo\/image\/\",\"url\":\"https:\/\/cinemahouse.cz\/wp-content\/uploads\/2024\/12\/cropped-Logo_CinemaHouse.jpg\",\"contentUrl\":\"https:\/\/cinemahouse.cz\/wp-content\/uploads\/2024\/12\/cropped-Logo_CinemaHouse.jpg\",\"width\":926,\"height\":467,\"caption\":\"CINEMAHOUSE.cz\"},\"image\":{\"@id\":\"https:\/\/cinemahouse.cz\/#\/schema\/logo\/image\/\"}},{\"@type\":\"Person\",\"@id\":\"https:\/\/cinemahouse.cz\/#\/schema\/person\/d472e7fa042ba68eef003047f550dfa0\",\"name\":\"Mikol\u00e1\u0161ek (\u0161\u00e9fredaktor HMG)\",\"image\":{\"@type\":\"ImageObject\",\"inLanguage\":\"cs\",\"@id\":\"https:\/\/cinemahouse.cz\/#\/schema\/person\/image\/\",\"url\":\"https:\/\/secure.gravatar.com\/avatar\/1c8a35f186d8baabb0513b2bdd8e53cd?s=96&d=mm&r=g\",\"contentUrl\":\"https:\/\/secure.gravatar.com\/avatar\/1c8a35f186d8baabb0513b2bdd8e53cd?s=96&d=mm&r=g\",\"caption\":\"Mikol\u00e1\u0161ek (\u0161\u00e9fredaktor HMG)\"},\"url\":\"https:\/\/cinemahouse.cz\/index.php\/author\/ivomik\/\"}]}<\/script>\n<!-- \/ Yoast SEO plugin. -->","yoast_head_json":{"title":"Letn\u00ed sc\u00e9na Galerie Harfa vstoupila do sv\u00e9 druh\u00e9 poloviny - CINEMAHOUSE.cz","robots":{"index":"index","follow":"follow","max-snippet":"max-snippet:-1","max-image-preview":"max-image-preview:large","max-video-preview":"max-video-preview:-1"},"canonical":"https:\/\/cinemahouse.cz\/index.php\/2023\/08\/06\/letni-scena-galerie-harfa-vstoupila-do-sve-druhe-poloviny\/","og_locale":"cs_CZ","og_type":"article","og_title":"Letn\u00ed sc\u00e9na Galerie Harfa vstoupila do sv\u00e9 druh\u00e9 poloviny - CINEMAHOUSE.cz","og_description":"Ani v srpnu nebude Letn\u00ed sc\u00e9na Galerie Harfa zah\u00e1let. Najdete zde velmi nabit\u00fd program komedi\u00ed, kter\u00e9 v\u00e1s dob\u0159e pobav\u00ed a vylep\u0161\u00ed l\u00e9to na maximum. Nav\u00edc si m\u016f\u017eete program oko\u0159enit i dobr\u00fdm street foodem na&#46;&#46;&#46;","og_url":"https:\/\/cinemahouse.cz\/index.php\/2023\/08\/06\/letni-scena-galerie-harfa-vstoupila-do-sve-druhe-poloviny\/","og_site_name":"CINEMAHOUSE.cz","article_published_time":"2023-08-05T22:01:00+00:00","article_modified_time":"2023-08-04T23:01:26+00:00","og_image":[{"width":1200,"height":628,"url":"https:\/\/cinemahouse.cz\/wp-content\/uploads\/2023\/08\/343081482_208693081883192_1110767418286911045_n.jpg","type":"image\/jpeg"}],"author":"Mikol\u00e1\u0161ek (\u0161\u00e9fredaktor HMG)","twitter_card":"summary_large_image","twitter_misc":{"Napsal(a)":"Mikol\u00e1\u0161ek (\u0161\u00e9fredaktor HMG)","Odhadovan\u00e1 doba \u010dten\u00ed":"2 minuty"},"schema":{"@context":"https:\/\/schema.org","@graph":[{"@type":"Article","@id":"https:\/\/cinemahouse.cz\/index.php\/2023\/08\/06\/letni-scena-galerie-harfa-vstoupila-do-sve-druhe-poloviny\/#article","isPartOf":{"@id":"https:\/\/cinemahouse.cz\/index.php\/2023\/08\/06\/letni-scena-galerie-harfa-vstoupila-do-sve-druhe-poloviny\/"},"author":{"name":"Mikol\u00e1\u0161ek (\u0161\u00e9fredaktor HMG)","@id":"https:\/\/cinemahouse.cz\/#\/schema\/person\/d472e7fa042ba68eef003047f550dfa0"},"headline":"Letn\u00ed sc\u00e9na Galerie Harfa vstoupila do sv\u00e9 druh\u00e9 poloviny","datePublished":"2023-08-05T22:01:00+00:00","dateModified":"2023-08-04T23:01:26+00:00","mainEntityOfPage":{"@id":"https:\/\/cinemahouse.cz\/index.php\/2023\/08\/06\/letni-scena-galerie-harfa-vstoupila-do-sve-druhe-poloviny\/"},"wordCount":397,"publisher":{"@id":"https:\/\/cinemahouse.cz\/#organization"},"articleSection":["NEWS","ROZHOVORY","TIPY a TRENDY"],"inLanguage":"cs"},{"@type":"WebPage","@id":"https:\/\/cinemahouse.cz\/index.php\/2023\/08\/06\/letni-scena-galerie-harfa-vstoupila-do-sve-druhe-poloviny\/","url":"https:\/\/cinemahouse.cz\/index.php\/2023\/08\/06\/letni-scena-galerie-harfa-vstoupila-do-sve-druhe-poloviny\/","name":"Letn\u00ed sc\u00e9na Galerie Harfa vstoupila do sv\u00e9 druh\u00e9 poloviny - CINEMAHOUSE.cz","isPartOf":{"@id":"https:\/\/cinemahouse.cz\/#website"},"datePublished":"2023-08-05T22:01:00+00:00","dateModified":"2023-08-04T23:01:26+00:00","breadcrumb":{"@id":"https:\/\/cinemahouse.cz\/index.php\/2023\/08\/06\/letni-scena-galerie-harfa-vstoupila-do-sve-druhe-poloviny\/#breadcrumb"},"inLanguage":"cs","potentialAction":[{"@type":"ReadAction","target":["https:\/\/cinemahouse.cz\/index.php\/2023\/08\/06\/letni-scena-galerie-harfa-vstoupila-do-sve-druhe-poloviny\/"]}]},{"@type":"BreadcrumbList","@id":"https:\/\/cinemahouse.cz\/index.php\/2023\/08\/06\/letni-scena-galerie-harfa-vstoupila-do-sve-druhe-poloviny\/#breadcrumb","itemListElement":[{"@type":"ListItem","position":1,"name":"Dom\u016f","item":"https:\/\/cinemahouse.cz\/"},{"@type":"ListItem","position":2,"name":"Letn\u00ed sc\u00e9na Galerie Harfa vstoupila do sv\u00e9 druh\u00e9 poloviny"}]},{"@type":"WebSite","@id":"https:\/\/cinemahouse.cz\/#website","url":"https:\/\/cinemahouse.cz\/","name":"CINEMAHOUSE.cz","description":"Port\u00e1l o filmov\u00fdch novink\u00e1ch","publisher":{"@id":"https:\/\/cinemahouse.cz\/#organization"},"potentialAction":[{"@type":"SearchAction","target":{"@type":"EntryPoint","urlTemplate":"https:\/\/cinemahouse.cz\/?s={search_term_string}"},"query-input":"required name=search_term_string"}],"inLanguage":"cs"},{"@type":"Organization","@id":"https:\/\/cinemahouse.cz\/#organization","name":"CINEMAHOUSE.cz","url":"https:\/\/cinemahouse.cz\/","logo":{"@type":"ImageObject","inLanguage":"cs","@id":"https:\/\/cinemahouse.cz\/#\/schema\/logo\/image\/","url":"https:\/\/cinemahouse.cz\/wp-content\/uploads\/2024\/12\/cropped-Logo_CinemaHouse.jpg","contentUrl":"https:\/\/cinemahouse.cz\/wp-content\/uploads\/2024\/12\/cropped-Logo_CinemaHouse.jpg","width":926,"height":467,"caption":"CINEMAHOUSE.cz"},"image":{"@id":"https:\/\/cinemahouse.cz\/#\/schema\/logo\/image\/"}},{"@type":"Person","@id":"https:\/\/cinemahouse.cz\/#\/schema\/person\/d472e7fa042ba68eef003047f550dfa0","name":"Mikol\u00e1\u0161ek (\u0161\u00e9fredaktor HMG)","image":{"@type":"ImageObject","inLanguage":"cs","@id":"https:\/\/cinemahouse.cz\/#\/schema\/person\/image\/","url":"https:\/\/secure.gravatar.com\/avatar\/1c8a35f186d8baabb0513b2bdd8e53cd?s=96&d=mm&r=g","contentUrl":"https:\/\/secure.gravatar.com\/avatar\/1c8a35f186d8baabb0513b2bdd8e53cd?s=96&d=mm&r=g","caption":"Mikol\u00e1\u0161ek (\u0161\u00e9fredaktor HMG)"},"url":"https:\/\/cinemahouse.cz\/index.php\/author\/ivomik\/"}]}},"_links":{"self":[{"href":"https:\/\/cinemahouse.cz\/index.php\/wp-json\/wp\/v2\/posts\/5131"}],"collection":[{"href":"https:\/\/cinemahouse.cz\/index.php\/wp-json\/wp\/v2\/posts"}],"about":[{"href":"https:\/\/cinemahouse.cz\/index.php\/wp-json\/wp\/v2\/types\/post"}],"author":[{"embeddable":true,"href":"https:\/\/cinemahouse.cz\/index.php\/wp-json\/wp\/v2\/users\/1"}],"replies":[{"embeddable":true,"href":"https:\/\/cinemahouse.cz\/index.php\/wp-json\/wp\/v2\/comments?post=5131"}],"version-history":[{"count":1,"href":"https:\/\/cinemahouse.cz\/index.php\/wp-json\/wp\/v2\/posts\/5131\/revisions"}],"predecessor-version":[{"id":5133,"href":"https:\/\/cinemahouse.cz\/index.php\/wp-json\/wp\/v2\/posts\/5131\/revisions\/5133"}],"wp:featuredmedia":[{"embeddable":true,"href":"https:\/\/cinemahouse.cz\/index.php\/wp-json\/wp\/v2\/media\/5132"}],"wp:attachment":[{"href":"https:\/\/cinemahouse.cz\/index.php\/wp-json\/wp\/v2\/media?parent=5131"}],"wp:term":[{"taxonomy":"category","embeddable":true,"href":"https:\/\/cinemahouse.cz\/index.php\/wp-json\/wp\/v2\/categories?post=5131"},{"taxonomy":"post_tag","embeddable":true,"href":"https:\/\/cinemahouse.cz\/index.php\/wp-json\/wp\/v2\/tags?post=5131"}],"curies":[{"name":"wp","href":"https:\/\/api.w.org\/{rel}","templated":true}]}}