{"id":4721,"date":"2023-06-16T00:01:00","date_gmt":"2023-06-15T22:01:00","guid":{"rendered":"https:\/\/cinemahouse.cz\/?p=4721"},"modified":"2023-06-16T00:59:07","modified_gmt":"2023-06-15T22:59:07","slug":"film-citlivy-clovek-zverejnuje-trailer-a-bude-v-hlavni-soutezi-na-mezinarodnim-filmovem-festivalu-karlovy-vary","status":"publish","type":"post","link":"https:\/\/cinemahouse.cz\/index.php\/2023\/06\/16\/film-citlivy-clovek-zverejnuje-trailer-a-bude-v-hlavni-soutezi-na-mezinarodnim-filmovem-festivalu-karlovy-vary\/","title":{"rendered":"Film Citliv\u00fd \u010dlov\u011bk zve\u0159ej\u0148uje trailer a bude v hlavn\u00ed sout\u011b\u017ei na Mezin\u00e1rodn\u00edm filmov\u00e9m festivalu Karlovy Vary"},"content":{"rendered":"\n<div style=\"height:42px\" aria-hidden=\"true\" class=\"wp-block-spacer\"><\/div>\n\n\n\n<p><strong>Film Citliv\u00fd \u010dlov\u011bk, kter\u00fd MFF Karlovy Vary za\u0159adil do sv\u00e9 hlavn\u00ed sout\u011b\u017ee, je volnou adaptac\u00ed oce\u0148ovan\u00e9ho rom\u00e1nu spisovatele J\u00e1chyma Topola a pro re\u017eis\u00e9ra a spoluscen\u00e1ristu Tom\u00e1\u0161e Kleina je tento sn\u00edmek jeho celove\u010dern\u00edm debutem. J\u00e1chym Topol s n\u00edm filmov\u00fd sc\u00e9n\u00e1\u0159 konzultoval po celou dobu jeho v\u00fdvoje. V hlavn\u00edch rol\u00edch filmu se p\u0159edstav\u00ed David Pracha\u0159, Tatiana Dykov\u00e1 Vilhelmov\u00e1, Ji\u0159\u00ed Schmitzer, Vladim\u00edr Javorsk\u00fd, Ji\u0159\u00ed L\u00e1bus, role mal\u00e9ho chlapce se ujal talentovan\u00fd Jaroslav Cuhra. T\u00e9matem filmu je konflikt syna a otce na pozad\u00ed road movie, sou\u010dasn\u011b je to bl\u00e1zniv\u00e1 pou\u0165 a podobenstv\u00ed o zasv\u011bcen\u00ed chlapce do dosp\u011blosti<\/strong><\/p>\n\n\n\n<div style=\"height:35px\" aria-hidden=\"true\" class=\"wp-block-spacer\"><\/div>\n\n\n\n<div class=\"wp-block-image\"><figure class=\"aligncenter size-large\"><img decoding=\"async\" loading=\"lazy\" width=\"1024\" height=\"429\" src=\"https:\/\/cinemahouse.cz\/wp-content\/uploads\/2023\/06\/citlivyclovek_2405_1.13.1-1024x429.jpg\" alt=\"\" class=\"wp-image-4726\" srcset=\"https:\/\/cinemahouse.cz\/wp-content\/uploads\/2023\/06\/citlivyclovek_2405_1.13.1-1024x429.jpg 1024w, https:\/\/cinemahouse.cz\/wp-content\/uploads\/2023\/06\/citlivyclovek_2405_1.13.1-300x126.jpg 300w, https:\/\/cinemahouse.cz\/wp-content\/uploads\/2023\/06\/citlivyclovek_2405_1.13.1-768x322.jpg 768w, https:\/\/cinemahouse.cz\/wp-content\/uploads\/2023\/06\/citlivyclovek_2405_1.13.1.jpg 1450w\" sizes=\"(max-width: 1024px) 100vw, 1024px\" \/><\/figure><\/div>\n\n\n\n<div style=\"height:35px\" aria-hidden=\"true\" class=\"wp-block-spacer\"><\/div>\n\n\n\n<p>Re\u017eis\u00e9r Tom\u00e1\u0161 Klein nato\u010dil tento film jako sv\u016fj celove\u010dern\u00ed debut, ale s&nbsp;velk\u00fdmi festivaly m\u00e1 jako tv\u016frce \u0159adu zku\u0161enost\u00ed. Jeho studentsk\u00e9 filmy byly \u00fasp\u011b\u0161n\u011b uvedeny na \u0159ad\u011b mezin\u00e1rodn\u00edch festival\u016f. Bakal\u00e1\u0159sk\u00fd film <em>Retriever<\/em>, kter\u00fd nato\u010dili v re\u017eijn\u00edm duu s Tom\u00e1\u0161em Mertou, byl uveden na MFF v Cannes v sekci Cin\u00e9fondation. Jako druh\u00fd re\u017eis\u00e9r spolupracoval na filmu Jana N\u011bmce <em>Vlk z Kr\u00e1lovsk\u00fdch Vinohrad<\/em>. Sn\u00edmek na p\u0159\u00e1n\u00ed re\u017eis\u00e9ra po jeho smrti n\u00e1sledn\u011b dokon\u010dil. Film z\u00edskal zvl\u00e1\u0161tn\u00ed uzn\u00e1n\u00ed poroty na MFF Karlovy Vary a byl uveden na MFF v Rotterdamu. Na filmu <em>FREM<\/em> Viery C\u00e1kanyov\u00e9 se pod\u00edlel jako kameraman a tento film m\u011bl mezin\u00e1rodn\u00ed premi\u00e9ru ve Forum Berlinale, z\u00edskal cenu Pavla Kouteck\u00e9ho a byl uveden \u0159ad\u011b dal\u0161\u00edch festival\u016f.<\/p>\n\n\n\n<div style=\"height:35px\" aria-hidden=\"true\" class=\"wp-block-spacer\"><\/div>\n\n\n\n<figure class=\"wp-block-embed-youtube wp-block-embed is-type-video is-provider-youtube wp-embed-aspect-16-9 wp-has-aspect-ratio\"><div class=\"wp-block-embed__wrapper\">\n<div class=\"video-container\"><iframe loading=\"lazy\" title=\"CITLIV\u00dd \u010cLOV\u011aK (2023) - ofici\u00e1ln\u00ed trailer\" width=\"500\" height=\"281\" src=\"https:\/\/www.youtube.com\/embed\/trwUgvBUSpw?feature=oembed&#038;wmode=opaque\" frameborder=\"0\" allow=\"accelerometer; autoplay; clipboard-write; encrypted-media; gyroscope; picture-in-picture; web-share\" allowfullscreen><\/iframe><\/div>\n<\/div><\/figure>\n\n\n\n<div style=\"height:35px\" aria-hidden=\"true\" class=\"wp-block-spacer\"><\/div>\n\n\n\n<p>O sv\u00e9m nov\u00e9m filmu Tom\u00e1\u0161 Klein prozradil: <em>\u201eNa\u0161\u00ed ambic\u00ed je nab\u00eddnout siln\u00fd autorsk\u00fd film, kter\u00fd div\u00e1ka konfrontuje s t\u011b\u017ek\u00fdmi t\u00e9maty dne\u0161n\u00ed doby, ale z\u00e1rove\u0148 mu skrze svou stylizaci, energii a \u017eivelnost nab\u00eddne v\u00fdchodisko. Film, kter\u00fd div\u00e1ka t\u0159eba inspiruje k tomu, aby opustil komfortn\u00ed z\u00f3nu, a dobrodru\u017estv\u00ed a nejistotu vn\u00edmal jako p\u0159\u00edle\u017eitost, kter\u00e1 ho m\u016f\u017ee pos\u00edlit.\u201c<\/em>. A ke sv\u00e9mu rozhodnut\u00ed filmov\u011b zpracovat kni\u017en\u00ed p\u0159edlohu J\u00e1chyma Topola dod\u00e1v\u00e1: <em>\u201eNa kn\u00ed\u017ece m\u011b zaujal drsn\u00fd subversivn\u00ed humor, ale i citlivost a hravost, se kterou uchopuje t\u00e9ma um\u00edr\u00e1n\u00ed a smrti okolo n\u00e1s. Z\u00e1rove\u0148 jsem v tom vid\u011bl citliv\u00fd p\u0159\u00edb\u011bh dosp\u00edv\u00e1n\u00ed chlapce vedle sv\u00e9ho eskapistick\u00e9ho otce, kter\u00fd s\u00e1m je\u0161t\u011b nedosp\u011bl. A\u010dkoliv je to \u0161\u00edlen\u00e1 j\u00edzda temnotou, tak je tam nad\u011bje a o\u010distn\u00fd humor, kter\u00fd m\u011b zbavuje strachu a naopak ve mn\u011b vyvol\u00e1v\u00e1 \u017e\u00edze\u0148 po \u017eivot\u011b. Jin\u00fdmi slovy &#8211; zamiloval jsem se na prvn\u00ed pohled a rovnou jsem v tom vid\u011bl film, kter\u00fd bych cht\u011bl nato\u010dit. Taky jsem v tom vid\u011bl p\u0159\u00edle\u017eitost pracovat s jazykem filmu poeticky a svobodn\u011b. Hned jsem m\u011bl jasno v tom, \u017ee hlavn\u00ed postavou bude vedle otce jeho syn Eli\u00e1\u0161, kter\u00fd nemluv\u00ed a do jeho\u017e vnit\u0159n\u00edho sv\u011bta pronik\u00e1me skrze rovinu jeho p\u0159edstav.\u201c<\/em><\/p>\n\n\n\n<p>Film vznikl v&nbsp;\u010desko-slovensk\u00e9 koprodukci, \u010deskou stranu zastupuje Tom\u00e1\u0161 Mich\u00e1lek (MasterFilm) a slovenskou Ivan Ostrochovsk\u00fd (Punkchart Films). Koproducentem pak je \u010cesk\u00e1 televize, kterou zastupuje kreativn\u00ed producent Jaroslav Sedl\u00e1\u010dek. Film byl nato\u010den za podpory St\u00e1tn\u00edho fondu kinematografie, slovensk\u00e9ho Audiovizu\u00e1ln\u00e9ho fondu, Moravskoslezsk\u00e9ho kraje a Plze\u0148sk\u00e9ho kraje. Do kin film uvede distribu\u010dn\u00ed spole\u010dnost CinemArt.<\/p>\n\n\n\n<div style=\"height:35px\" aria-hidden=\"true\" class=\"wp-block-spacer\"><\/div>\n\n\n\n<h2 class=\"wp-block-heading\"><strong>C<\/strong>itliv\u00fd \u010dlov\u011bk<\/h2>\n\n\n\n<div style=\"height:20px\" aria-hidden=\"true\" class=\"wp-block-spacer\"><\/div>\n\n\n\n<p><strong>Premi\u00e9ra:<\/strong> 5. \u0159\u00edjna 2023<\/p>\n\n\n\n<p><strong>Re\u017eie:<\/strong> Tom\u00e1\u0161 Klein<\/p>\n\n\n\n<p><strong>Sc\u00e9n\u00e1\u0159:<\/strong> Tom\u00e1\u0161 Klein, Lucie Va\u0148kov\u00e1, Kate\u0159ina Traburov\u00e1<\/p>\n\n\n\n<p><strong>Kamera:<\/strong> Du\u0161an Hus\u00e1r<\/p>\n\n\n\n<p><strong>Hudba:<\/strong> Jonat\u00e1n Pastir\u010d\u00e1k (Pjoni)<\/p>\n\n\n\n<p><strong>Hraj\u00ed: <\/strong>David Pracha\u0159, Jaroslav Cuhra, Tatiana Dykov\u00e1 Vilhelmov\u00e1, Ji\u0159\u00ed Schmitzer, Vladim\u00edr Javorsk\u00fd, Ji\u0159\u00ed L\u00e1bus, Alexandra Borb\u00e9ly, Milan Mikul\u010d\u00edk, Halka T\u0159e\u0161\u0148\u00e1kov\u00e1, Jan Jackuliak, Jan Jankovsk\u00fd<\/p>\n\n\n\n<div style=\"height:35px\" aria-hidden=\"true\" class=\"wp-block-spacer\"><\/div>\n\n\n\n<figure class=\"wp-block-gallery columns-2 is-cropped wp-block-gallery-1 is-layout-flex wp-block-gallery-is-layout-flex\"><ul class=\"blocks-gallery-grid\"><li class=\"blocks-gallery-item\"><figure><img decoding=\"async\" loading=\"lazy\" width=\"1024\" height=\"429\" src=\"https:\/\/cinemahouse.cz\/wp-content\/uploads\/2023\/06\/citlivyclovek_2405_1.13.1-1024x429.jpg\" alt=\"\" data-id=\"4726\" data-full-url=\"https:\/\/cinemahouse.cz\/wp-content\/uploads\/2023\/06\/citlivyclovek_2405_1.13.1.jpg\" data-link=\"https:\/\/cinemahouse.cz\/?attachment_id=4726\" class=\"wp-image-4726\" srcset=\"https:\/\/cinemahouse.cz\/wp-content\/uploads\/2023\/06\/citlivyclovek_2405_1.13.1-1024x429.jpg 1024w, https:\/\/cinemahouse.cz\/wp-content\/uploads\/2023\/06\/citlivyclovek_2405_1.13.1-300x126.jpg 300w, https:\/\/cinemahouse.cz\/wp-content\/uploads\/2023\/06\/citlivyclovek_2405_1.13.1-768x322.jpg 768w, https:\/\/cinemahouse.cz\/wp-content\/uploads\/2023\/06\/citlivyclovek_2405_1.13.1.jpg 1450w\" sizes=\"(max-width: 1024px) 100vw, 1024px\" \/><\/figure><\/li><li class=\"blocks-gallery-item\"><figure><img decoding=\"async\" loading=\"lazy\" width=\"1024\" height=\"429\" src=\"https:\/\/cinemahouse.cz\/wp-content\/uploads\/2023\/06\/citlivyclovek_2405_1.390.3-1024x429.jpg\" alt=\"\" data-id=\"4727\" data-full-url=\"https:\/\/cinemahouse.cz\/wp-content\/uploads\/2023\/06\/citlivyclovek_2405_1.390.3.jpg\" data-link=\"https:\/\/cinemahouse.cz\/?attachment_id=4727\" class=\"wp-image-4727\" srcset=\"https:\/\/cinemahouse.cz\/wp-content\/uploads\/2023\/06\/citlivyclovek_2405_1.390.3-1024x429.jpg 1024w, https:\/\/cinemahouse.cz\/wp-content\/uploads\/2023\/06\/citlivyclovek_2405_1.390.3-300x126.jpg 300w, https:\/\/cinemahouse.cz\/wp-content\/uploads\/2023\/06\/citlivyclovek_2405_1.390.3-768x322.jpg 768w, https:\/\/cinemahouse.cz\/wp-content\/uploads\/2023\/06\/citlivyclovek_2405_1.390.3.jpg 1450w\" sizes=\"(max-width: 1024px) 100vw, 1024px\" \/><\/figure><\/li><li class=\"blocks-gallery-item\"><figure><img decoding=\"async\" loading=\"lazy\" width=\"1024\" height=\"429\" src=\"https:\/\/cinemahouse.cz\/wp-content\/uploads\/2023\/06\/citlivyclovek_2405_1.598.1-1024x429.jpg\" alt=\"\" data-id=\"4728\" data-full-url=\"https:\/\/cinemahouse.cz\/wp-content\/uploads\/2023\/06\/citlivyclovek_2405_1.598.1.jpg\" data-link=\"https:\/\/cinemahouse.cz\/?attachment_id=4728\" class=\"wp-image-4728\" srcset=\"https:\/\/cinemahouse.cz\/wp-content\/uploads\/2023\/06\/citlivyclovek_2405_1.598.1-1024x429.jpg 1024w, https:\/\/cinemahouse.cz\/wp-content\/uploads\/2023\/06\/citlivyclovek_2405_1.598.1-300x126.jpg 300w, https:\/\/cinemahouse.cz\/wp-content\/uploads\/2023\/06\/citlivyclovek_2405_1.598.1-768x322.jpg 768w, https:\/\/cinemahouse.cz\/wp-content\/uploads\/2023\/06\/citlivyclovek_2405_1.598.1.jpg 1450w\" sizes=\"(max-width: 1024px) 100vw, 1024px\" \/><\/figure><\/li><li class=\"blocks-gallery-item\"><figure><img decoding=\"async\" loading=\"lazy\" width=\"1024\" height=\"429\" src=\"https:\/\/cinemahouse.cz\/wp-content\/uploads\/2023\/06\/citlivyclovek_2505_1.40.1-1024x429.jpg\" alt=\"\" data-id=\"4729\" data-full-url=\"https:\/\/cinemahouse.cz\/wp-content\/uploads\/2023\/06\/citlivyclovek_2505_1.40.1.jpg\" data-link=\"https:\/\/cinemahouse.cz\/?attachment_id=4729\" class=\"wp-image-4729\" srcset=\"https:\/\/cinemahouse.cz\/wp-content\/uploads\/2023\/06\/citlivyclovek_2505_1.40.1-1024x429.jpg 1024w, https:\/\/cinemahouse.cz\/wp-content\/uploads\/2023\/06\/citlivyclovek_2505_1.40.1-300x126.jpg 300w, https:\/\/cinemahouse.cz\/wp-content\/uploads\/2023\/06\/citlivyclovek_2505_1.40.1-768x322.jpg 768w, https:\/\/cinemahouse.cz\/wp-content\/uploads\/2023\/06\/citlivyclovek_2505_1.40.1.jpg 1450w\" sizes=\"(max-width: 1024px) 100vw, 1024px\" \/><\/figure><\/li><li class=\"blocks-gallery-item\"><figure><img decoding=\"async\" loading=\"lazy\" width=\"1024\" height=\"429\" src=\"https:\/\/cinemahouse.cz\/wp-content\/uploads\/2023\/06\/citlivyclovek_2505_4.1.1-1024x429.jpg\" alt=\"\" data-id=\"4730\" data-full-url=\"https:\/\/cinemahouse.cz\/wp-content\/uploads\/2023\/06\/citlivyclovek_2505_4.1.1.jpg\" data-link=\"https:\/\/cinemahouse.cz\/?attachment_id=4730\" class=\"wp-image-4730\" srcset=\"https:\/\/cinemahouse.cz\/wp-content\/uploads\/2023\/06\/citlivyclovek_2505_4.1.1-1024x429.jpg 1024w, https:\/\/cinemahouse.cz\/wp-content\/uploads\/2023\/06\/citlivyclovek_2505_4.1.1-300x126.jpg 300w, https:\/\/cinemahouse.cz\/wp-content\/uploads\/2023\/06\/citlivyclovek_2505_4.1.1-768x322.jpg 768w, https:\/\/cinemahouse.cz\/wp-content\/uploads\/2023\/06\/citlivyclovek_2505_4.1.1.jpg 1450w\" sizes=\"(max-width: 1024px) 100vw, 1024px\" \/><\/figure><\/li><\/ul><\/figure>\n\n\n\n<p><strong>Zdroj foto a video:<\/strong> Cinemart<\/p>\n\n\n\n<div style=\"height:100px\" aria-hidden=\"true\" class=\"wp-block-spacer\"><\/div>\n","protected":false},"excerpt":{"rendered":"<p>Film Citliv\u00fd \u010dlov\u011bk, kter\u00fd MFF Karlovy Vary za\u0159adil do sv\u00e9 hlavn\u00ed sout\u011b\u017ee, je volnou adaptac\u00ed oce\u0148ovan\u00e9ho rom\u00e1nu spisovatele J\u00e1chyma Topola a pro re\u017eis\u00e9ra a spoluscen\u00e1ristu Tom\u00e1\u0161e Kleina je tento sn\u00edmek jeho celove\u010dern\u00edm debutem. J\u00e1chym&#46;&#46;&#46;<\/p>\n","protected":false},"author":6,"featured_media":4726,"comment_status":"closed","ping_status":"closed","sticky":false,"template":"","format":"standard","meta":{"_monsterinsights_skip_tracking":false,"_monsterinsights_sitenote_active":false,"_monsterinsights_sitenote_note":"","_monsterinsights_sitenote_category":0,"footnotes":""},"categories":[3,12,2,5],"tags":[],"yoast_head":"<!-- This site is optimized with the Yoast SEO plugin v21.4 - https:\/\/yoast.com\/wordpress\/plugins\/seo\/ -->\n<title>Film Citliv\u00fd \u010dlov\u011bk zve\u0159ej\u0148uje trailer a bude v hlavn\u00ed sout\u011b\u017ei na Mezin\u00e1rodn\u00edm filmov\u00e9m festivalu Karlovy Vary - CINEMAHOUSE.cz<\/title>\n<meta name=\"robots\" content=\"index, follow, max-snippet:-1, max-image-preview:large, max-video-preview:-1\" \/>\n<link rel=\"canonical\" href=\"https:\/\/cinemahouse.cz\/index.php\/2023\/06\/16\/film-citlivy-clovek-zverejnuje-trailer-a-bude-v-hlavni-soutezi-na-mezinarodnim-filmovem-festivalu-karlovy-vary\/\" \/>\n<meta property=\"og:locale\" content=\"cs_CZ\" \/>\n<meta property=\"og:type\" content=\"article\" \/>\n<meta property=\"og:title\" content=\"Film Citliv\u00fd \u010dlov\u011bk zve\u0159ej\u0148uje trailer a bude v hlavn\u00ed sout\u011b\u017ei na Mezin\u00e1rodn\u00edm filmov\u00e9m festivalu Karlovy Vary - CINEMAHOUSE.cz\" \/>\n<meta property=\"og:description\" content=\"Film Citliv\u00fd \u010dlov\u011bk, kter\u00fd MFF Karlovy Vary za\u0159adil do sv\u00e9 hlavn\u00ed sout\u011b\u017ee, je volnou adaptac\u00ed oce\u0148ovan\u00e9ho rom\u00e1nu spisovatele J\u00e1chyma Topola a pro re\u017eis\u00e9ra a spoluscen\u00e1ristu Tom\u00e1\u0161e Kleina je tento sn\u00edmek jeho celove\u010dern\u00edm debutem. J\u00e1chym&#046;&#046;&#046;\" \/>\n<meta property=\"og:url\" content=\"https:\/\/cinemahouse.cz\/index.php\/2023\/06\/16\/film-citlivy-clovek-zverejnuje-trailer-a-bude-v-hlavni-soutezi-na-mezinarodnim-filmovem-festivalu-karlovy-vary\/\" \/>\n<meta property=\"og:site_name\" content=\"CINEMAHOUSE.cz\" \/>\n<meta property=\"article:published_time\" content=\"2023-06-15T22:01:00+00:00\" \/>\n<meta property=\"article:modified_time\" content=\"2023-06-15T22:59:07+00:00\" \/>\n<meta property=\"og:image\" content=\"https:\/\/cinemahouse.cz\/wp-content\/uploads\/2023\/06\/citlivyclovek_2405_1.13.1.jpg\" \/>\n\t<meta property=\"og:image:width\" content=\"1450\" \/>\n\t<meta property=\"og:image:height\" content=\"607\" \/>\n\t<meta property=\"og:image:type\" content=\"image\/jpeg\" \/>\n<meta name=\"author\" content=\"Jordana Pechov\u00e1\" \/>\n<meta name=\"twitter:card\" content=\"summary_large_image\" \/>\n<meta name=\"twitter:label1\" content=\"Napsal(a)\" \/>\n\t<meta name=\"twitter:data1\" content=\"Jordana Pechov\u00e1\" \/>\n\t<meta name=\"twitter:label2\" content=\"Odhadovan\u00e1 doba \u010dten\u00ed\" \/>\n\t<meta name=\"twitter:data2\" content=\"3 minuty\" \/>\n<script type=\"application\/ld+json\" class=\"yoast-schema-graph\">{\"@context\":\"https:\/\/schema.org\",\"@graph\":[{\"@type\":\"Article\",\"@id\":\"https:\/\/cinemahouse.cz\/index.php\/2023\/06\/16\/film-citlivy-clovek-zverejnuje-trailer-a-bude-v-hlavni-soutezi-na-mezinarodnim-filmovem-festivalu-karlovy-vary\/#article\",\"isPartOf\":{\"@id\":\"https:\/\/cinemahouse.cz\/index.php\/2023\/06\/16\/film-citlivy-clovek-zverejnuje-trailer-a-bude-v-hlavni-soutezi-na-mezinarodnim-filmovem-festivalu-karlovy-vary\/\"},\"author\":{\"name\":\"Jordana Pechov\u00e1\",\"@id\":\"https:\/\/cinemahouse.cz\/#\/schema\/person\/5121c8490d035567efc4dd9223d7a216\"},\"headline\":\"Film Citliv\u00fd \u010dlov\u011bk zve\u0159ej\u0148uje trailer a bude v hlavn\u00ed sout\u011b\u017ei na Mezin\u00e1rodn\u00edm filmov\u00e9m festivalu Karlovy Vary\",\"datePublished\":\"2023-06-15T22:01:00+00:00\",\"dateModified\":\"2023-06-15T22:59:07+00:00\",\"mainEntityOfPage\":{\"@id\":\"https:\/\/cinemahouse.cz\/index.php\/2023\/06\/16\/film-citlivy-clovek-zverejnuje-trailer-a-bude-v-hlavni-soutezi-na-mezinarodnim-filmovem-festivalu-karlovy-vary\/\"},\"wordCount\":682,\"publisher\":{\"@id\":\"https:\/\/cinemahouse.cz\/#organization\"},\"articleSection\":[\"FILMOV\u00c9 NOVINKY\",\"FILMY, SERI\u00c1LY a TV\",\"NEWS\",\"TRAILERY\"],\"inLanguage\":\"cs\"},{\"@type\":\"WebPage\",\"@id\":\"https:\/\/cinemahouse.cz\/index.php\/2023\/06\/16\/film-citlivy-clovek-zverejnuje-trailer-a-bude-v-hlavni-soutezi-na-mezinarodnim-filmovem-festivalu-karlovy-vary\/\",\"url\":\"https:\/\/cinemahouse.cz\/index.php\/2023\/06\/16\/film-citlivy-clovek-zverejnuje-trailer-a-bude-v-hlavni-soutezi-na-mezinarodnim-filmovem-festivalu-karlovy-vary\/\",\"name\":\"Film Citliv\u00fd \u010dlov\u011bk zve\u0159ej\u0148uje trailer a bude v hlavn\u00ed sout\u011b\u017ei na Mezin\u00e1rodn\u00edm filmov\u00e9m festivalu Karlovy Vary - CINEMAHOUSE.cz\",\"isPartOf\":{\"@id\":\"https:\/\/cinemahouse.cz\/#website\"},\"datePublished\":\"2023-06-15T22:01:00+00:00\",\"dateModified\":\"2023-06-15T22:59:07+00:00\",\"breadcrumb\":{\"@id\":\"https:\/\/cinemahouse.cz\/index.php\/2023\/06\/16\/film-citlivy-clovek-zverejnuje-trailer-a-bude-v-hlavni-soutezi-na-mezinarodnim-filmovem-festivalu-karlovy-vary\/#breadcrumb\"},\"inLanguage\":\"cs\",\"potentialAction\":[{\"@type\":\"ReadAction\",\"target\":[\"https:\/\/cinemahouse.cz\/index.php\/2023\/06\/16\/film-citlivy-clovek-zverejnuje-trailer-a-bude-v-hlavni-soutezi-na-mezinarodnim-filmovem-festivalu-karlovy-vary\/\"]}]},{\"@type\":\"BreadcrumbList\",\"@id\":\"https:\/\/cinemahouse.cz\/index.php\/2023\/06\/16\/film-citlivy-clovek-zverejnuje-trailer-a-bude-v-hlavni-soutezi-na-mezinarodnim-filmovem-festivalu-karlovy-vary\/#breadcrumb\",\"itemListElement\":[{\"@type\":\"ListItem\",\"position\":1,\"name\":\"Dom\u016f\",\"item\":\"https:\/\/cinemahouse.cz\/\"},{\"@type\":\"ListItem\",\"position\":2,\"name\":\"Film Citliv\u00fd \u010dlov\u011bk zve\u0159ej\u0148uje trailer a bude v hlavn\u00ed sout\u011b\u017ei na Mezin\u00e1rodn\u00edm filmov\u00e9m festivalu Karlovy Vary\"}]},{\"@type\":\"WebSite\",\"@id\":\"https:\/\/cinemahouse.cz\/#website\",\"url\":\"https:\/\/cinemahouse.cz\/\",\"name\":\"CINEMAHOUSE.cz\",\"description\":\"Port\u00e1l o filmov\u00fdch novink\u00e1ch\",\"publisher\":{\"@id\":\"https:\/\/cinemahouse.cz\/#organization\"},\"potentialAction\":[{\"@type\":\"SearchAction\",\"target\":{\"@type\":\"EntryPoint\",\"urlTemplate\":\"https:\/\/cinemahouse.cz\/?s={search_term_string}\"},\"query-input\":\"required name=search_term_string\"}],\"inLanguage\":\"cs\"},{\"@type\":\"Organization\",\"@id\":\"https:\/\/cinemahouse.cz\/#organization\",\"name\":\"CINEMAHOUSE.cz\",\"url\":\"https:\/\/cinemahouse.cz\/\",\"logo\":{\"@type\":\"ImageObject\",\"inLanguage\":\"cs\",\"@id\":\"https:\/\/cinemahouse.cz\/#\/schema\/logo\/image\/\",\"url\":\"https:\/\/cinemahouse.cz\/wp-content\/uploads\/2024\/12\/cropped-Logo_CinemaHouse.jpg\",\"contentUrl\":\"https:\/\/cinemahouse.cz\/wp-content\/uploads\/2024\/12\/cropped-Logo_CinemaHouse.jpg\",\"width\":926,\"height\":467,\"caption\":\"CINEMAHOUSE.cz\"},\"image\":{\"@id\":\"https:\/\/cinemahouse.cz\/#\/schema\/logo\/image\/\"}},{\"@type\":\"Person\",\"@id\":\"https:\/\/cinemahouse.cz\/#\/schema\/person\/5121c8490d035567efc4dd9223d7a216\",\"name\":\"Jordana Pechov\u00e1\",\"image\":{\"@type\":\"ImageObject\",\"inLanguage\":\"cs\",\"@id\":\"https:\/\/cinemahouse.cz\/#\/schema\/person\/image\/\",\"url\":\"https:\/\/secure.gravatar.com\/avatar\/349e898f7fe64c4a4839cc48a802dd9a?s=96&d=mm&r=g\",\"contentUrl\":\"https:\/\/secure.gravatar.com\/avatar\/349e898f7fe64c4a4839cc48a802dd9a?s=96&d=mm&r=g\",\"caption\":\"Jordana Pechov\u00e1\"},\"sameAs\":[\"http:\/\/CINEMAHOUSE.cz\"],\"url\":\"https:\/\/cinemahouse.cz\/index.php\/author\/jorpech\/\"}]}<\/script>\n<!-- \/ Yoast SEO plugin. -->","yoast_head_json":{"title":"Film Citliv\u00fd \u010dlov\u011bk zve\u0159ej\u0148uje trailer a bude v hlavn\u00ed sout\u011b\u017ei na Mezin\u00e1rodn\u00edm filmov\u00e9m festivalu Karlovy Vary - CINEMAHOUSE.cz","robots":{"index":"index","follow":"follow","max-snippet":"max-snippet:-1","max-image-preview":"max-image-preview:large","max-video-preview":"max-video-preview:-1"},"canonical":"https:\/\/cinemahouse.cz\/index.php\/2023\/06\/16\/film-citlivy-clovek-zverejnuje-trailer-a-bude-v-hlavni-soutezi-na-mezinarodnim-filmovem-festivalu-karlovy-vary\/","og_locale":"cs_CZ","og_type":"article","og_title":"Film Citliv\u00fd \u010dlov\u011bk zve\u0159ej\u0148uje trailer a bude v hlavn\u00ed sout\u011b\u017ei na Mezin\u00e1rodn\u00edm filmov\u00e9m festivalu Karlovy Vary - CINEMAHOUSE.cz","og_description":"Film Citliv\u00fd \u010dlov\u011bk, kter\u00fd MFF Karlovy Vary za\u0159adil do sv\u00e9 hlavn\u00ed sout\u011b\u017ee, je volnou adaptac\u00ed oce\u0148ovan\u00e9ho rom\u00e1nu spisovatele J\u00e1chyma Topola a pro re\u017eis\u00e9ra a spoluscen\u00e1ristu Tom\u00e1\u0161e Kleina je tento sn\u00edmek jeho celove\u010dern\u00edm debutem. J\u00e1chym&#46;&#46;&#46;","og_url":"https:\/\/cinemahouse.cz\/index.php\/2023\/06\/16\/film-citlivy-clovek-zverejnuje-trailer-a-bude-v-hlavni-soutezi-na-mezinarodnim-filmovem-festivalu-karlovy-vary\/","og_site_name":"CINEMAHOUSE.cz","article_published_time":"2023-06-15T22:01:00+00:00","article_modified_time":"2023-06-15T22:59:07+00:00","og_image":[{"width":1450,"height":607,"url":"https:\/\/cinemahouse.cz\/wp-content\/uploads\/2023\/06\/citlivyclovek_2405_1.13.1.jpg","type":"image\/jpeg"}],"author":"Jordana Pechov\u00e1","twitter_card":"summary_large_image","twitter_misc":{"Napsal(a)":"Jordana Pechov\u00e1","Odhadovan\u00e1 doba \u010dten\u00ed":"3 minuty"},"schema":{"@context":"https:\/\/schema.org","@graph":[{"@type":"Article","@id":"https:\/\/cinemahouse.cz\/index.php\/2023\/06\/16\/film-citlivy-clovek-zverejnuje-trailer-a-bude-v-hlavni-soutezi-na-mezinarodnim-filmovem-festivalu-karlovy-vary\/#article","isPartOf":{"@id":"https:\/\/cinemahouse.cz\/index.php\/2023\/06\/16\/film-citlivy-clovek-zverejnuje-trailer-a-bude-v-hlavni-soutezi-na-mezinarodnim-filmovem-festivalu-karlovy-vary\/"},"author":{"name":"Jordana Pechov\u00e1","@id":"https:\/\/cinemahouse.cz\/#\/schema\/person\/5121c8490d035567efc4dd9223d7a216"},"headline":"Film Citliv\u00fd \u010dlov\u011bk zve\u0159ej\u0148uje trailer a bude v hlavn\u00ed sout\u011b\u017ei na Mezin\u00e1rodn\u00edm filmov\u00e9m festivalu Karlovy Vary","datePublished":"2023-06-15T22:01:00+00:00","dateModified":"2023-06-15T22:59:07+00:00","mainEntityOfPage":{"@id":"https:\/\/cinemahouse.cz\/index.php\/2023\/06\/16\/film-citlivy-clovek-zverejnuje-trailer-a-bude-v-hlavni-soutezi-na-mezinarodnim-filmovem-festivalu-karlovy-vary\/"},"wordCount":682,"publisher":{"@id":"https:\/\/cinemahouse.cz\/#organization"},"articleSection":["FILMOV\u00c9 NOVINKY","FILMY, SERI\u00c1LY a TV","NEWS","TRAILERY"],"inLanguage":"cs"},{"@type":"WebPage","@id":"https:\/\/cinemahouse.cz\/index.php\/2023\/06\/16\/film-citlivy-clovek-zverejnuje-trailer-a-bude-v-hlavni-soutezi-na-mezinarodnim-filmovem-festivalu-karlovy-vary\/","url":"https:\/\/cinemahouse.cz\/index.php\/2023\/06\/16\/film-citlivy-clovek-zverejnuje-trailer-a-bude-v-hlavni-soutezi-na-mezinarodnim-filmovem-festivalu-karlovy-vary\/","name":"Film Citliv\u00fd \u010dlov\u011bk zve\u0159ej\u0148uje trailer a bude v hlavn\u00ed sout\u011b\u017ei na Mezin\u00e1rodn\u00edm filmov\u00e9m festivalu Karlovy Vary - CINEMAHOUSE.cz","isPartOf":{"@id":"https:\/\/cinemahouse.cz\/#website"},"datePublished":"2023-06-15T22:01:00+00:00","dateModified":"2023-06-15T22:59:07+00:00","breadcrumb":{"@id":"https:\/\/cinemahouse.cz\/index.php\/2023\/06\/16\/film-citlivy-clovek-zverejnuje-trailer-a-bude-v-hlavni-soutezi-na-mezinarodnim-filmovem-festivalu-karlovy-vary\/#breadcrumb"},"inLanguage":"cs","potentialAction":[{"@type":"ReadAction","target":["https:\/\/cinemahouse.cz\/index.php\/2023\/06\/16\/film-citlivy-clovek-zverejnuje-trailer-a-bude-v-hlavni-soutezi-na-mezinarodnim-filmovem-festivalu-karlovy-vary\/"]}]},{"@type":"BreadcrumbList","@id":"https:\/\/cinemahouse.cz\/index.php\/2023\/06\/16\/film-citlivy-clovek-zverejnuje-trailer-a-bude-v-hlavni-soutezi-na-mezinarodnim-filmovem-festivalu-karlovy-vary\/#breadcrumb","itemListElement":[{"@type":"ListItem","position":1,"name":"Dom\u016f","item":"https:\/\/cinemahouse.cz\/"},{"@type":"ListItem","position":2,"name":"Film Citliv\u00fd \u010dlov\u011bk zve\u0159ej\u0148uje trailer a bude v hlavn\u00ed sout\u011b\u017ei na Mezin\u00e1rodn\u00edm filmov\u00e9m festivalu Karlovy Vary"}]},{"@type":"WebSite","@id":"https:\/\/cinemahouse.cz\/#website","url":"https:\/\/cinemahouse.cz\/","name":"CINEMAHOUSE.cz","description":"Port\u00e1l o filmov\u00fdch novink\u00e1ch","publisher":{"@id":"https:\/\/cinemahouse.cz\/#organization"},"potentialAction":[{"@type":"SearchAction","target":{"@type":"EntryPoint","urlTemplate":"https:\/\/cinemahouse.cz\/?s={search_term_string}"},"query-input":"required name=search_term_string"}],"inLanguage":"cs"},{"@type":"Organization","@id":"https:\/\/cinemahouse.cz\/#organization","name":"CINEMAHOUSE.cz","url":"https:\/\/cinemahouse.cz\/","logo":{"@type":"ImageObject","inLanguage":"cs","@id":"https:\/\/cinemahouse.cz\/#\/schema\/logo\/image\/","url":"https:\/\/cinemahouse.cz\/wp-content\/uploads\/2024\/12\/cropped-Logo_CinemaHouse.jpg","contentUrl":"https:\/\/cinemahouse.cz\/wp-content\/uploads\/2024\/12\/cropped-Logo_CinemaHouse.jpg","width":926,"height":467,"caption":"CINEMAHOUSE.cz"},"image":{"@id":"https:\/\/cinemahouse.cz\/#\/schema\/logo\/image\/"}},{"@type":"Person","@id":"https:\/\/cinemahouse.cz\/#\/schema\/person\/5121c8490d035567efc4dd9223d7a216","name":"Jordana Pechov\u00e1","image":{"@type":"ImageObject","inLanguage":"cs","@id":"https:\/\/cinemahouse.cz\/#\/schema\/person\/image\/","url":"https:\/\/secure.gravatar.com\/avatar\/349e898f7fe64c4a4839cc48a802dd9a?s=96&d=mm&r=g","contentUrl":"https:\/\/secure.gravatar.com\/avatar\/349e898f7fe64c4a4839cc48a802dd9a?s=96&d=mm&r=g","caption":"Jordana Pechov\u00e1"},"sameAs":["http:\/\/CINEMAHOUSE.cz"],"url":"https:\/\/cinemahouse.cz\/index.php\/author\/jorpech\/"}]}},"_links":{"self":[{"href":"https:\/\/cinemahouse.cz\/index.php\/wp-json\/wp\/v2\/posts\/4721"}],"collection":[{"href":"https:\/\/cinemahouse.cz\/index.php\/wp-json\/wp\/v2\/posts"}],"about":[{"href":"https:\/\/cinemahouse.cz\/index.php\/wp-json\/wp\/v2\/types\/post"}],"author":[{"embeddable":true,"href":"https:\/\/cinemahouse.cz\/index.php\/wp-json\/wp\/v2\/users\/6"}],"replies":[{"embeddable":true,"href":"https:\/\/cinemahouse.cz\/index.php\/wp-json\/wp\/v2\/comments?post=4721"}],"version-history":[{"count":4,"href":"https:\/\/cinemahouse.cz\/index.php\/wp-json\/wp\/v2\/posts\/4721\/revisions"}],"predecessor-version":[{"id":4770,"href":"https:\/\/cinemahouse.cz\/index.php\/wp-json\/wp\/v2\/posts\/4721\/revisions\/4770"}],"wp:featuredmedia":[{"embeddable":true,"href":"https:\/\/cinemahouse.cz\/index.php\/wp-json\/wp\/v2\/media\/4726"}],"wp:attachment":[{"href":"https:\/\/cinemahouse.cz\/index.php\/wp-json\/wp\/v2\/media?parent=4721"}],"wp:term":[{"taxonomy":"category","embeddable":true,"href":"https:\/\/cinemahouse.cz\/index.php\/wp-json\/wp\/v2\/categories?post=4721"},{"taxonomy":"post_tag","embeddable":true,"href":"https:\/\/cinemahouse.cz\/index.php\/wp-json\/wp\/v2\/tags?post=4721"}],"curies":[{"name":"wp","href":"https:\/\/api.w.org\/{rel}","templated":true}]}}