{"id":4338,"date":"2023-04-18T00:01:00","date_gmt":"2023-04-17T22:01:00","guid":{"rendered":"https:\/\/cinemahouse.cz\/?p=4338"},"modified":"2023-04-18T00:38:30","modified_gmt":"2023-04-17T22:38:30","slug":"dny-evropskeho-filmu-od-pristiho-tydne-zvou-na-ocenovane-snimky-ze-tri-desitek-zemi","status":"publish","type":"post","link":"https:\/\/cinemahouse.cz\/index.php\/2023\/04\/18\/dny-evropskeho-filmu-od-pristiho-tydne-zvou-na-ocenovane-snimky-ze-tri-desitek-zemi\/","title":{"rendered":"Dny evropsk\u00e9ho filmu od tohoto t\u00fddne zvou na oce\u0148ovan\u00e9 sn\u00edmky ze t\u0159\u00ed des\u00edtek zem\u00ed"},"content":{"rendered":"\n<div style=\"height:41px\" aria-hidden=\"true\" class=\"wp-block-spacer\"><\/div>\n\n\n\n<p><strong>Pestr\u00fd v\u00fdb\u011br aktu\u00e1ln\u00edch oce\u0148ovan\u00fdch hran\u00fdch i dokument\u00e1rn\u00edch sn\u00edmk\u016f evropsk\u00fdch filma\u0159\u016f nab\u00eddne ji\u017e od \u010dtvrtka 20. dubna v&nbsp;Praze, Brn\u011b a Ostrav\u011b festival Dny evropsk\u00e9ho filmu (DEF).<\/strong><\/p>\n\n\n\n<div style=\"height:20px\" aria-hidden=\"true\" class=\"wp-block-spacer\"><\/div>\n\n\n\n<div class=\"wp-block-image\"><figure class=\"aligncenter size-large\"><img decoding=\"async\" loading=\"lazy\" width=\"1024\" height=\"682\" src=\"https:\/\/cinemahouse.cz\/wp-content\/uploads\/2023\/04\/Nesmirnost_m-1024x682.jpg\" alt=\"\" class=\"wp-image-4339\" srcset=\"https:\/\/cinemahouse.cz\/wp-content\/uploads\/2023\/04\/Nesmirnost_m-1024x682.jpg 1024w, https:\/\/cinemahouse.cz\/wp-content\/uploads\/2023\/04\/Nesmirnost_m-300x200.jpg 300w, https:\/\/cinemahouse.cz\/wp-content\/uploads\/2023\/04\/Nesmirnost_m-768x512.jpg 768w, https:\/\/cinemahouse.cz\/wp-content\/uploads\/2023\/04\/Nesmirnost_m-1536x1024.jpg 1536w, https:\/\/cinemahouse.cz\/wp-content\/uploads\/2023\/04\/Nesmirnost_m.jpg 1538w\" sizes=\"(max-width: 1024px) 100vw, 1024px\" \/><\/figure><\/div>\n\n\n\n<div style=\"height:20px\" aria-hidden=\"true\" class=\"wp-block-spacer\"><\/div>\n\n\n\n<p>Pestr\u00fd v\u00fdb\u011br aktu\u00e1ln\u00edch oce\u0148ovan\u00fdch hran\u00fdch i dokument\u00e1rn\u00edch sn\u00edmk\u016f evropsk\u00fdch filma\u0159\u016f nab\u00eddne ji\u017e od \u010dtvrtka 20. dubna v&nbsp;Praze, Brn\u011b a Ostrav\u011b festival Dny evropsk\u00e9ho filmu (DEF). Jubilejn\u00ed t\u0159ic\u00e1t\u00fd ro\u010dn\u00edk l\u00e1k\u00e1 na v\u00fdrazn\u00e9 debuty i d\u00edla slavn\u00fdch re\u017eis\u00e9r\u016f z&nbsp;t\u00e9m\u011b\u0159 t\u0159\u00ed des\u00edtek zem\u00ed. P\u0159inese nap\u0159\u00edklad samostatnou sekci v\u011bnovanou v\u00fdznamn\u00e9mu n\u011bmeck\u00e9mu re\u017eis\u00e9rovi Fatihu Akinovi, zam\u011b\u0159\u00ed se na st\u00e1le \u00fasp\u011b\u0161n\u011bj\u0161\u00ed kinematografii zem\u00ed Beneluxu, v&nbsp;programu najdeme kolekci hudebn\u00edch film\u016f \u010di sekce v\u011bnovan\u00e9 aktu\u00e1ln\u00edm spole\u010densk\u00fdm t\u00e9mat\u016fm, jako jsou dezinformace nebo ekologie. V\u011bt\u0161ina film\u016f bude uvedena v \u010desk\u00e9 premi\u00e9\u0159e. Poprv\u00e9 na pl\u00e1tna kin u n\u00e1s tak vstoup\u00ed italsko-francouzsk\u00fd sn\u00edmek <em>Nesm\u00edrnost<\/em> s hv\u011bzdnou Pen\u00e9lope Cruz v hlavn\u00ed roli, kter\u00fd festival zah\u00e1j\u00ed. V&nbsp;\u010desk\u00e9 premi\u00e9\u0159e budou d\u00e1le uvedeny nap\u0159\u00edklad filmy <strong>Chl\u00e9b a s\u016fl \u010di Ti nejhor\u0161\u00ed<\/strong> ocen\u011bn\u00e9 na festivalech v&nbsp;Ben\u00e1tk\u00e1ch a Cannes anebo <strong>Zlato R\u00fdna,<\/strong> v\u00fdbu\u0161n\u00e1 novinka zmi\u0148ovan\u00e9ho Fatiha Akina.<\/p>\n\n\n\n<div style=\"height:20px\" aria-hidden=\"true\" class=\"wp-block-spacer\"><\/div>\n\n\n\n<div class=\"wp-block-image\"><figure class=\"aligncenter size-large\"><img decoding=\"async\" loading=\"lazy\" width=\"1024\" height=\"658\" src=\"https:\/\/cinemahouse.cz\/wp-content\/uploads\/2023\/04\/Zlato_RynaC-2022-Bombero-Int.-_-Warner-Bros.-Ent.-_-Gordon-Timpen-1024x658.jpg\" alt=\"\" class=\"wp-image-4341\" srcset=\"https:\/\/cinemahouse.cz\/wp-content\/uploads\/2023\/04\/Zlato_RynaC-2022-Bombero-Int.-_-Warner-Bros.-Ent.-_-Gordon-Timpen-1024x658.jpg 1024w, https:\/\/cinemahouse.cz\/wp-content\/uploads\/2023\/04\/Zlato_RynaC-2022-Bombero-Int.-_-Warner-Bros.-Ent.-_-Gordon-Timpen-300x193.jpg 300w, https:\/\/cinemahouse.cz\/wp-content\/uploads\/2023\/04\/Zlato_RynaC-2022-Bombero-Int.-_-Warner-Bros.-Ent.-_-Gordon-Timpen-768x494.jpg 768w, https:\/\/cinemahouse.cz\/wp-content\/uploads\/2023\/04\/Zlato_RynaC-2022-Bombero-Int.-_-Warner-Bros.-Ent.-_-Gordon-Timpen-1536x988.jpg 1536w, https:\/\/cinemahouse.cz\/wp-content\/uploads\/2023\/04\/Zlato_RynaC-2022-Bombero-Int.-_-Warner-Bros.-Ent.-_-Gordon-Timpen.jpg 1538w\" sizes=\"(max-width: 1024px) 100vw, 1024px\" \/><\/figure><\/div>\n\n\n\n<div style=\"height:20px\" aria-hidden=\"true\" class=\"wp-block-spacer\"><\/div>\n\n\n\n<p>Festivalovou atmosf\u00e9ru zpest\u0159\u00ed setk\u00e1n\u00ed s&nbsp;filmov\u00fdmi tv\u016frci. Sv\u00e9 sn\u00edmky osobn\u011b uvedou Ann Oren a Colm Bair\u00e9ad. Izraelsk\u00e1 v\u00fdtvarnice a re\u017eis\u00e9rka Ann Oren tvo\u0159\u00edc\u00ed v Berl\u00edn\u011b p\u0159iveze drama <strong>Piaffa <\/strong>o sexu\u00e1ln\u00edm probuzen\u00ed a s\u00edle zvuku. Re\u017eis\u00e9r Colm Bair\u00e9ad a producentka Cleona N\u00ed Chrualao\u00ed pak p\u0159edstav\u00ed irsk\u00fd debut <strong>Ml\u010denliv\u00e1 d\u00edvka<\/strong>, kter\u00fd z\u00edskal oscarovou nominaci. Oba tv\u016frci povedou v&nbsp;Praze tak\u00e9 masterclass. Osobn\u011b na festivalu p\u0159edstav\u00ed sv\u016fj film BANGER. i re\u017eis\u00e9r Adam Sedl\u00e1k. DEF po vybran\u00fdch projekc\u00edch nab\u00edz\u00ed tak\u00e9 debaty s&nbsp;odborn\u00edky na dan\u00e9 t\u00e9ma, nap\u0159\u00edklad s ekonomkou Danu\u0161\u00ed Nerudovou, historikem Lubo\u0161em \u0160vecem, novin\u00e1\u0159i Ond\u0159ejem Soukupem, Pavlem Turkem a V\u00edtem Schmarcem, filozofkou Annou Hogenovou nebo dokumentaristou a spisovatelem Stevem Lichtagem. V&nbsp;programu nechyb\u00ed ani projekce a workshopy pro d\u011bti \u010di seniory.<\/p>\n\n\n\n<div style=\"height:20px\" aria-hidden=\"true\" class=\"wp-block-spacer\"><\/div>\n\n\n\n<p>Od 20. do 25. dubna se festival kon\u00e1 v&nbsp;Praze v kinech Lucerna, Sv\u011btozor a P\u0159\u00edtomnost, brn\u011bnsk\u00e9 Scale a Artu a ostravsk\u00fdch kinech Et\u00e1\u017e a Minikino. <em>\u201eLetos zveme div\u00e1ky i pod ob\u0159\u00ed kopule Hv\u011bzd\u00e1rny v Brn\u011b a ostravsk\u00e9ho Planet\u00e1ria, kam jsme v&nbsp;programu za\u0159adili specifick\u00e9 filmy&nbsp;ve form\u00e1tu &#8218;full dome&#8216;,\u201c<\/em> vysv\u011btluje \u0159editelka festivalu Barbora Golatov\u00e1. Od 26. do 30. dubna v r\u00e1mci festivalov\u00fdch Ozv\u011bn zav\u00edt\u00e1 festival do des\u00edtky kin v&nbsp;dal\u0161\u00edch m\u011bstech cel\u00e9 \u010cesk\u00e9 republiky. V\u0161echny cizojazy\u010dn\u00e9 filmy jsou uv\u00e1d\u011bny s&nbsp;\u010desk\u00fdmi a ve v\u011bt\u0161in\u011b p\u0159\u00edpad\u016f i s&nbsp;anglick\u00fdmi titulky.<\/p>\n\n\n\n<p>Kompletn\u00ed program a vstupenky jsou k&nbsp;dispozici na <a href=\"http:\/\/www.eurofilmfest.cz\/\">eurofilmfest.cz<\/a>.<\/p>\n\n\n\n<div style=\"height:20px\" aria-hidden=\"true\" class=\"wp-block-spacer\"><\/div>\n\n\n\n<figure class=\"wp-block-gallery columns-2 is-cropped wp-block-gallery-1 is-layout-flex wp-block-gallery-is-layout-flex\"><ul class=\"blocks-gallery-grid\"><li class=\"blocks-gallery-item\"><figure><img decoding=\"async\" loading=\"lazy\" width=\"1024\" height=\"658\" src=\"https:\/\/cinemahouse.cz\/wp-content\/uploads\/2023\/04\/Zlato_RynaC-2022-Bombero-Int.-_-Warner-Bros.-Ent.-_-Gordon-Timpen-1024x658.jpg\" alt=\"\" data-id=\"4341\" data-full-url=\"https:\/\/cinemahouse.cz\/wp-content\/uploads\/2023\/04\/Zlato_RynaC-2022-Bombero-Int.-_-Warner-Bros.-Ent.-_-Gordon-Timpen.jpg\" data-link=\"https:\/\/cinemahouse.cz\/?attachment_id=4341\" class=\"wp-image-4341\" srcset=\"https:\/\/cinemahouse.cz\/wp-content\/uploads\/2023\/04\/Zlato_RynaC-2022-Bombero-Int.-_-Warner-Bros.-Ent.-_-Gordon-Timpen-1024x658.jpg 1024w, https:\/\/cinemahouse.cz\/wp-content\/uploads\/2023\/04\/Zlato_RynaC-2022-Bombero-Int.-_-Warner-Bros.-Ent.-_-Gordon-Timpen-300x193.jpg 300w, https:\/\/cinemahouse.cz\/wp-content\/uploads\/2023\/04\/Zlato_RynaC-2022-Bombero-Int.-_-Warner-Bros.-Ent.-_-Gordon-Timpen-768x494.jpg 768w, https:\/\/cinemahouse.cz\/wp-content\/uploads\/2023\/04\/Zlato_RynaC-2022-Bombero-Int.-_-Warner-Bros.-Ent.-_-Gordon-Timpen-1536x988.jpg 1536w, https:\/\/cinemahouse.cz\/wp-content\/uploads\/2023\/04\/Zlato_RynaC-2022-Bombero-Int.-_-Warner-Bros.-Ent.-_-Gordon-Timpen.jpg 1538w\" sizes=\"(max-width: 1024px) 100vw, 1024px\" \/><\/figure><\/li><li class=\"blocks-gallery-item\"><figure><img decoding=\"async\" loading=\"lazy\" width=\"1024\" height=\"429\" src=\"https:\/\/cinemahouse.cz\/wp-content\/uploads\/2023\/04\/Ti_nejhorsi-1024x429.jpg\" alt=\"\" data-id=\"4340\" data-full-url=\"https:\/\/cinemahouse.cz\/wp-content\/uploads\/2023\/04\/Ti_nejhorsi.jpg\" data-link=\"https:\/\/cinemahouse.cz\/?attachment_id=4340\" class=\"wp-image-4340\" srcset=\"https:\/\/cinemahouse.cz\/wp-content\/uploads\/2023\/04\/Ti_nejhorsi-1024x429.jpg 1024w, https:\/\/cinemahouse.cz\/wp-content\/uploads\/2023\/04\/Ti_nejhorsi-300x126.jpg 300w, https:\/\/cinemahouse.cz\/wp-content\/uploads\/2023\/04\/Ti_nejhorsi-768x322.jpg 768w, https:\/\/cinemahouse.cz\/wp-content\/uploads\/2023\/04\/Ti_nejhorsi-1536x644.jpg 1536w, https:\/\/cinemahouse.cz\/wp-content\/uploads\/2023\/04\/Ti_nejhorsi.jpg 1538w\" sizes=\"(max-width: 1024px) 100vw, 1024px\" \/><\/figure><\/li><li class=\"blocks-gallery-item\"><figure><img decoding=\"async\" loading=\"lazy\" width=\"1024\" height=\"682\" src=\"https:\/\/cinemahouse.cz\/wp-content\/uploads\/2023\/04\/Nesmirnost_m-1024x682.jpg\" alt=\"\" data-id=\"4339\" data-full-url=\"https:\/\/cinemahouse.cz\/wp-content\/uploads\/2023\/04\/Nesmirnost_m.jpg\" data-link=\"https:\/\/cinemahouse.cz\/?attachment_id=4339\" class=\"wp-image-4339\" srcset=\"https:\/\/cinemahouse.cz\/wp-content\/uploads\/2023\/04\/Nesmirnost_m-1024x682.jpg 1024w, https:\/\/cinemahouse.cz\/wp-content\/uploads\/2023\/04\/Nesmirnost_m-300x200.jpg 300w, https:\/\/cinemahouse.cz\/wp-content\/uploads\/2023\/04\/Nesmirnost_m-768x512.jpg 768w, https:\/\/cinemahouse.cz\/wp-content\/uploads\/2023\/04\/Nesmirnost_m-1536x1024.jpg 1536w, https:\/\/cinemahouse.cz\/wp-content\/uploads\/2023\/04\/Nesmirnost_m.jpg 1538w\" sizes=\"(max-width: 1024px) 100vw, 1024px\" \/><\/figure><\/li><\/ul><\/figure>\n\n\n\n<p><strong>Zdroj foto:<\/strong> eurofilmfest.cz<\/p>\n\n\n\n<div style=\"height:100px\" aria-hidden=\"true\" class=\"wp-block-spacer\"><\/div>\n","protected":false},"excerpt":{"rendered":"<p>Pestr\u00fd v\u00fdb\u011br aktu\u00e1ln\u00edch oce\u0148ovan\u00fdch hran\u00fdch i dokument\u00e1rn\u00edch sn\u00edmk\u016f evropsk\u00fdch filma\u0159\u016f nab\u00eddne ji\u017e od \u010dtvrtka 20. dubna v&nbsp;Praze, Brn\u011b a Ostrav\u011b festival Dny evropsk\u00e9ho filmu (DEF). Pestr\u00fd v\u00fdb\u011br aktu\u00e1ln\u00edch oce\u0148ovan\u00fdch hran\u00fdch i dokument\u00e1rn\u00edch sn\u00edmk\u016f evropsk\u00fdch&#46;&#46;&#46;<\/p>\n","protected":false},"author":6,"featured_media":4339,"comment_status":"closed","ping_status":"closed","sticky":false,"template":"","format":"standard","meta":{"_monsterinsights_skip_tracking":false,"_monsterinsights_sitenote_active":false,"_monsterinsights_sitenote_note":"","_monsterinsights_sitenote_category":0,"footnotes":""},"categories":[12,2,9],"tags":[],"yoast_head":"<!-- This site is optimized with the Yoast SEO plugin v21.4 - https:\/\/yoast.com\/wordpress\/plugins\/seo\/ -->\n<title>Dny evropsk\u00e9ho filmu od tohoto t\u00fddne zvou na oce\u0148ovan\u00e9 sn\u00edmky ze t\u0159\u00ed des\u00edtek zem\u00ed - CINEMAHOUSE.cz<\/title>\n<meta name=\"robots\" content=\"index, follow, max-snippet:-1, max-image-preview:large, max-video-preview:-1\" \/>\n<link rel=\"canonical\" href=\"https:\/\/cinemahouse.cz\/index.php\/2023\/04\/18\/dny-evropskeho-filmu-od-pristiho-tydne-zvou-na-ocenovane-snimky-ze-tri-desitek-zemi\/\" \/>\n<meta property=\"og:locale\" content=\"cs_CZ\" \/>\n<meta property=\"og:type\" content=\"article\" \/>\n<meta property=\"og:title\" content=\"Dny evropsk\u00e9ho filmu od tohoto t\u00fddne zvou na oce\u0148ovan\u00e9 sn\u00edmky ze t\u0159\u00ed des\u00edtek zem\u00ed - CINEMAHOUSE.cz\" \/>\n<meta property=\"og:description\" content=\"Pestr\u00fd v\u00fdb\u011br aktu\u00e1ln\u00edch oce\u0148ovan\u00fdch hran\u00fdch i dokument\u00e1rn\u00edch sn\u00edmk\u016f evropsk\u00fdch filma\u0159\u016f nab\u00eddne ji\u017e od \u010dtvrtka 20. dubna v&nbsp;Praze, Brn\u011b a Ostrav\u011b festival Dny evropsk\u00e9ho filmu (DEF). Pestr\u00fd v\u00fdb\u011br aktu\u00e1ln\u00edch oce\u0148ovan\u00fdch hran\u00fdch i dokument\u00e1rn\u00edch sn\u00edmk\u016f evropsk\u00fdch&#046;&#046;&#046;\" \/>\n<meta property=\"og:url\" content=\"https:\/\/cinemahouse.cz\/index.php\/2023\/04\/18\/dny-evropskeho-filmu-od-pristiho-tydne-zvou-na-ocenovane-snimky-ze-tri-desitek-zemi\/\" \/>\n<meta property=\"og:site_name\" content=\"CINEMAHOUSE.cz\" \/>\n<meta property=\"article:published_time\" content=\"2023-04-17T22:01:00+00:00\" \/>\n<meta property=\"article:modified_time\" content=\"2023-04-17T22:38:30+00:00\" \/>\n<meta property=\"og:image\" content=\"https:\/\/cinemahouse.cz\/wp-content\/uploads\/2023\/04\/Nesmirnost_m.jpg\" \/>\n\t<meta property=\"og:image:width\" content=\"1538\" \/>\n\t<meta property=\"og:image:height\" content=\"1025\" \/>\n\t<meta property=\"og:image:type\" content=\"image\/jpeg\" \/>\n<meta name=\"author\" content=\"Jordana Pechov\u00e1\" \/>\n<meta name=\"twitter:card\" content=\"summary_large_image\" \/>\n<meta name=\"twitter:label1\" content=\"Napsal(a)\" \/>\n\t<meta name=\"twitter:data1\" content=\"Jordana Pechov\u00e1\" \/>\n\t<meta name=\"twitter:label2\" content=\"Odhadovan\u00e1 doba \u010dten\u00ed\" \/>\n\t<meta name=\"twitter:data2\" content=\"3 minuty\" \/>\n<script type=\"application\/ld+json\" class=\"yoast-schema-graph\">{\"@context\":\"https:\/\/schema.org\",\"@graph\":[{\"@type\":\"Article\",\"@id\":\"https:\/\/cinemahouse.cz\/index.php\/2023\/04\/18\/dny-evropskeho-filmu-od-pristiho-tydne-zvou-na-ocenovane-snimky-ze-tri-desitek-zemi\/#article\",\"isPartOf\":{\"@id\":\"https:\/\/cinemahouse.cz\/index.php\/2023\/04\/18\/dny-evropskeho-filmu-od-pristiho-tydne-zvou-na-ocenovane-snimky-ze-tri-desitek-zemi\/\"},\"author\":{\"name\":\"Jordana Pechov\u00e1\",\"@id\":\"https:\/\/cinemahouse.cz\/#\/schema\/person\/5121c8490d035567efc4dd9223d7a216\"},\"headline\":\"Dny evropsk\u00e9ho filmu od tohoto t\u00fddne zvou na oce\u0148ovan\u00e9 sn\u00edmky ze t\u0159\u00ed des\u00edtek zem\u00ed\",\"datePublished\":\"2023-04-17T22:01:00+00:00\",\"dateModified\":\"2023-04-17T22:38:30+00:00\",\"mainEntityOfPage\":{\"@id\":\"https:\/\/cinemahouse.cz\/index.php\/2023\/04\/18\/dny-evropskeho-filmu-od-pristiho-tydne-zvou-na-ocenovane-snimky-ze-tri-desitek-zemi\/\"},\"wordCount\":560,\"publisher\":{\"@id\":\"https:\/\/cinemahouse.cz\/#organization\"},\"articleSection\":[\"FILMY, SERI\u00c1LY a TV\",\"NEWS\",\"SOUT\u011a\u017dE\"],\"inLanguage\":\"cs\"},{\"@type\":\"WebPage\",\"@id\":\"https:\/\/cinemahouse.cz\/index.php\/2023\/04\/18\/dny-evropskeho-filmu-od-pristiho-tydne-zvou-na-ocenovane-snimky-ze-tri-desitek-zemi\/\",\"url\":\"https:\/\/cinemahouse.cz\/index.php\/2023\/04\/18\/dny-evropskeho-filmu-od-pristiho-tydne-zvou-na-ocenovane-snimky-ze-tri-desitek-zemi\/\",\"name\":\"Dny evropsk\u00e9ho filmu od tohoto t\u00fddne zvou na oce\u0148ovan\u00e9 sn\u00edmky ze t\u0159\u00ed des\u00edtek zem\u00ed - CINEMAHOUSE.cz\",\"isPartOf\":{\"@id\":\"https:\/\/cinemahouse.cz\/#website\"},\"datePublished\":\"2023-04-17T22:01:00+00:00\",\"dateModified\":\"2023-04-17T22:38:30+00:00\",\"breadcrumb\":{\"@id\":\"https:\/\/cinemahouse.cz\/index.php\/2023\/04\/18\/dny-evropskeho-filmu-od-pristiho-tydne-zvou-na-ocenovane-snimky-ze-tri-desitek-zemi\/#breadcrumb\"},\"inLanguage\":\"cs\",\"potentialAction\":[{\"@type\":\"ReadAction\",\"target\":[\"https:\/\/cinemahouse.cz\/index.php\/2023\/04\/18\/dny-evropskeho-filmu-od-pristiho-tydne-zvou-na-ocenovane-snimky-ze-tri-desitek-zemi\/\"]}]},{\"@type\":\"BreadcrumbList\",\"@id\":\"https:\/\/cinemahouse.cz\/index.php\/2023\/04\/18\/dny-evropskeho-filmu-od-pristiho-tydne-zvou-na-ocenovane-snimky-ze-tri-desitek-zemi\/#breadcrumb\",\"itemListElement\":[{\"@type\":\"ListItem\",\"position\":1,\"name\":\"Dom\u016f\",\"item\":\"https:\/\/cinemahouse.cz\/\"},{\"@type\":\"ListItem\",\"position\":2,\"name\":\"Dny evropsk\u00e9ho filmu od tohoto t\u00fddne zvou na oce\u0148ovan\u00e9 sn\u00edmky ze t\u0159\u00ed des\u00edtek zem\u00ed\"}]},{\"@type\":\"WebSite\",\"@id\":\"https:\/\/cinemahouse.cz\/#website\",\"url\":\"https:\/\/cinemahouse.cz\/\",\"name\":\"CINEMAHOUSE.cz\",\"description\":\"Port\u00e1l o filmov\u00fdch novink\u00e1ch\",\"publisher\":{\"@id\":\"https:\/\/cinemahouse.cz\/#organization\"},\"potentialAction\":[{\"@type\":\"SearchAction\",\"target\":{\"@type\":\"EntryPoint\",\"urlTemplate\":\"https:\/\/cinemahouse.cz\/?s={search_term_string}\"},\"query-input\":\"required name=search_term_string\"}],\"inLanguage\":\"cs\"},{\"@type\":\"Organization\",\"@id\":\"https:\/\/cinemahouse.cz\/#organization\",\"name\":\"CINEMAHOUSE.cz\",\"url\":\"https:\/\/cinemahouse.cz\/\",\"logo\":{\"@type\":\"ImageObject\",\"inLanguage\":\"cs\",\"@id\":\"https:\/\/cinemahouse.cz\/#\/schema\/logo\/image\/\",\"url\":\"https:\/\/cinemahouse.cz\/wp-content\/uploads\/2024\/12\/cropped-Logo_CinemaHouse.jpg\",\"contentUrl\":\"https:\/\/cinemahouse.cz\/wp-content\/uploads\/2024\/12\/cropped-Logo_CinemaHouse.jpg\",\"width\":926,\"height\":467,\"caption\":\"CINEMAHOUSE.cz\"},\"image\":{\"@id\":\"https:\/\/cinemahouse.cz\/#\/schema\/logo\/image\/\"}},{\"@type\":\"Person\",\"@id\":\"https:\/\/cinemahouse.cz\/#\/schema\/person\/5121c8490d035567efc4dd9223d7a216\",\"name\":\"Jordana Pechov\u00e1\",\"image\":{\"@type\":\"ImageObject\",\"inLanguage\":\"cs\",\"@id\":\"https:\/\/cinemahouse.cz\/#\/schema\/person\/image\/\",\"url\":\"https:\/\/secure.gravatar.com\/avatar\/349e898f7fe64c4a4839cc48a802dd9a?s=96&d=mm&r=g\",\"contentUrl\":\"https:\/\/secure.gravatar.com\/avatar\/349e898f7fe64c4a4839cc48a802dd9a?s=96&d=mm&r=g\",\"caption\":\"Jordana Pechov\u00e1\"},\"sameAs\":[\"http:\/\/CINEMAHOUSE.cz\"],\"url\":\"https:\/\/cinemahouse.cz\/index.php\/author\/jorpech\/\"}]}<\/script>\n<!-- \/ Yoast SEO plugin. -->","yoast_head_json":{"title":"Dny evropsk\u00e9ho filmu od tohoto t\u00fddne zvou na oce\u0148ovan\u00e9 sn\u00edmky ze t\u0159\u00ed des\u00edtek zem\u00ed - CINEMAHOUSE.cz","robots":{"index":"index","follow":"follow","max-snippet":"max-snippet:-1","max-image-preview":"max-image-preview:large","max-video-preview":"max-video-preview:-1"},"canonical":"https:\/\/cinemahouse.cz\/index.php\/2023\/04\/18\/dny-evropskeho-filmu-od-pristiho-tydne-zvou-na-ocenovane-snimky-ze-tri-desitek-zemi\/","og_locale":"cs_CZ","og_type":"article","og_title":"Dny evropsk\u00e9ho filmu od tohoto t\u00fddne zvou na oce\u0148ovan\u00e9 sn\u00edmky ze t\u0159\u00ed des\u00edtek zem\u00ed - CINEMAHOUSE.cz","og_description":"Pestr\u00fd v\u00fdb\u011br aktu\u00e1ln\u00edch oce\u0148ovan\u00fdch hran\u00fdch i dokument\u00e1rn\u00edch sn\u00edmk\u016f evropsk\u00fdch filma\u0159\u016f nab\u00eddne ji\u017e od \u010dtvrtka 20. dubna v&nbsp;Praze, Brn\u011b a Ostrav\u011b festival Dny evropsk\u00e9ho filmu (DEF). Pestr\u00fd v\u00fdb\u011br aktu\u00e1ln\u00edch oce\u0148ovan\u00fdch hran\u00fdch i dokument\u00e1rn\u00edch sn\u00edmk\u016f evropsk\u00fdch&#46;&#46;&#46;","og_url":"https:\/\/cinemahouse.cz\/index.php\/2023\/04\/18\/dny-evropskeho-filmu-od-pristiho-tydne-zvou-na-ocenovane-snimky-ze-tri-desitek-zemi\/","og_site_name":"CINEMAHOUSE.cz","article_published_time":"2023-04-17T22:01:00+00:00","article_modified_time":"2023-04-17T22:38:30+00:00","og_image":[{"width":1538,"height":1025,"url":"https:\/\/cinemahouse.cz\/wp-content\/uploads\/2023\/04\/Nesmirnost_m.jpg","type":"image\/jpeg"}],"author":"Jordana Pechov\u00e1","twitter_card":"summary_large_image","twitter_misc":{"Napsal(a)":"Jordana Pechov\u00e1","Odhadovan\u00e1 doba \u010dten\u00ed":"3 minuty"},"schema":{"@context":"https:\/\/schema.org","@graph":[{"@type":"Article","@id":"https:\/\/cinemahouse.cz\/index.php\/2023\/04\/18\/dny-evropskeho-filmu-od-pristiho-tydne-zvou-na-ocenovane-snimky-ze-tri-desitek-zemi\/#article","isPartOf":{"@id":"https:\/\/cinemahouse.cz\/index.php\/2023\/04\/18\/dny-evropskeho-filmu-od-pristiho-tydne-zvou-na-ocenovane-snimky-ze-tri-desitek-zemi\/"},"author":{"name":"Jordana Pechov\u00e1","@id":"https:\/\/cinemahouse.cz\/#\/schema\/person\/5121c8490d035567efc4dd9223d7a216"},"headline":"Dny evropsk\u00e9ho filmu od tohoto t\u00fddne zvou na oce\u0148ovan\u00e9 sn\u00edmky ze t\u0159\u00ed des\u00edtek zem\u00ed","datePublished":"2023-04-17T22:01:00+00:00","dateModified":"2023-04-17T22:38:30+00:00","mainEntityOfPage":{"@id":"https:\/\/cinemahouse.cz\/index.php\/2023\/04\/18\/dny-evropskeho-filmu-od-pristiho-tydne-zvou-na-ocenovane-snimky-ze-tri-desitek-zemi\/"},"wordCount":560,"publisher":{"@id":"https:\/\/cinemahouse.cz\/#organization"},"articleSection":["FILMY, SERI\u00c1LY a TV","NEWS","SOUT\u011a\u017dE"],"inLanguage":"cs"},{"@type":"WebPage","@id":"https:\/\/cinemahouse.cz\/index.php\/2023\/04\/18\/dny-evropskeho-filmu-od-pristiho-tydne-zvou-na-ocenovane-snimky-ze-tri-desitek-zemi\/","url":"https:\/\/cinemahouse.cz\/index.php\/2023\/04\/18\/dny-evropskeho-filmu-od-pristiho-tydne-zvou-na-ocenovane-snimky-ze-tri-desitek-zemi\/","name":"Dny evropsk\u00e9ho filmu od tohoto t\u00fddne zvou na oce\u0148ovan\u00e9 sn\u00edmky ze t\u0159\u00ed des\u00edtek zem\u00ed - CINEMAHOUSE.cz","isPartOf":{"@id":"https:\/\/cinemahouse.cz\/#website"},"datePublished":"2023-04-17T22:01:00+00:00","dateModified":"2023-04-17T22:38:30+00:00","breadcrumb":{"@id":"https:\/\/cinemahouse.cz\/index.php\/2023\/04\/18\/dny-evropskeho-filmu-od-pristiho-tydne-zvou-na-ocenovane-snimky-ze-tri-desitek-zemi\/#breadcrumb"},"inLanguage":"cs","potentialAction":[{"@type":"ReadAction","target":["https:\/\/cinemahouse.cz\/index.php\/2023\/04\/18\/dny-evropskeho-filmu-od-pristiho-tydne-zvou-na-ocenovane-snimky-ze-tri-desitek-zemi\/"]}]},{"@type":"BreadcrumbList","@id":"https:\/\/cinemahouse.cz\/index.php\/2023\/04\/18\/dny-evropskeho-filmu-od-pristiho-tydne-zvou-na-ocenovane-snimky-ze-tri-desitek-zemi\/#breadcrumb","itemListElement":[{"@type":"ListItem","position":1,"name":"Dom\u016f","item":"https:\/\/cinemahouse.cz\/"},{"@type":"ListItem","position":2,"name":"Dny evropsk\u00e9ho filmu od tohoto t\u00fddne zvou na oce\u0148ovan\u00e9 sn\u00edmky ze t\u0159\u00ed des\u00edtek zem\u00ed"}]},{"@type":"WebSite","@id":"https:\/\/cinemahouse.cz\/#website","url":"https:\/\/cinemahouse.cz\/","name":"CINEMAHOUSE.cz","description":"Port\u00e1l o filmov\u00fdch novink\u00e1ch","publisher":{"@id":"https:\/\/cinemahouse.cz\/#organization"},"potentialAction":[{"@type":"SearchAction","target":{"@type":"EntryPoint","urlTemplate":"https:\/\/cinemahouse.cz\/?s={search_term_string}"},"query-input":"required name=search_term_string"}],"inLanguage":"cs"},{"@type":"Organization","@id":"https:\/\/cinemahouse.cz\/#organization","name":"CINEMAHOUSE.cz","url":"https:\/\/cinemahouse.cz\/","logo":{"@type":"ImageObject","inLanguage":"cs","@id":"https:\/\/cinemahouse.cz\/#\/schema\/logo\/image\/","url":"https:\/\/cinemahouse.cz\/wp-content\/uploads\/2024\/12\/cropped-Logo_CinemaHouse.jpg","contentUrl":"https:\/\/cinemahouse.cz\/wp-content\/uploads\/2024\/12\/cropped-Logo_CinemaHouse.jpg","width":926,"height":467,"caption":"CINEMAHOUSE.cz"},"image":{"@id":"https:\/\/cinemahouse.cz\/#\/schema\/logo\/image\/"}},{"@type":"Person","@id":"https:\/\/cinemahouse.cz\/#\/schema\/person\/5121c8490d035567efc4dd9223d7a216","name":"Jordana Pechov\u00e1","image":{"@type":"ImageObject","inLanguage":"cs","@id":"https:\/\/cinemahouse.cz\/#\/schema\/person\/image\/","url":"https:\/\/secure.gravatar.com\/avatar\/349e898f7fe64c4a4839cc48a802dd9a?s=96&d=mm&r=g","contentUrl":"https:\/\/secure.gravatar.com\/avatar\/349e898f7fe64c4a4839cc48a802dd9a?s=96&d=mm&r=g","caption":"Jordana Pechov\u00e1"},"sameAs":["http:\/\/CINEMAHOUSE.cz"],"url":"https:\/\/cinemahouse.cz\/index.php\/author\/jorpech\/"}]}},"_links":{"self":[{"href":"https:\/\/cinemahouse.cz\/index.php\/wp-json\/wp\/v2\/posts\/4338"}],"collection":[{"href":"https:\/\/cinemahouse.cz\/index.php\/wp-json\/wp\/v2\/posts"}],"about":[{"href":"https:\/\/cinemahouse.cz\/index.php\/wp-json\/wp\/v2\/types\/post"}],"author":[{"embeddable":true,"href":"https:\/\/cinemahouse.cz\/index.php\/wp-json\/wp\/v2\/users\/6"}],"replies":[{"embeddable":true,"href":"https:\/\/cinemahouse.cz\/index.php\/wp-json\/wp\/v2\/comments?post=4338"}],"version-history":[{"count":2,"href":"https:\/\/cinemahouse.cz\/index.php\/wp-json\/wp\/v2\/posts\/4338\/revisions"}],"predecessor-version":[{"id":4351,"href":"https:\/\/cinemahouse.cz\/index.php\/wp-json\/wp\/v2\/posts\/4338\/revisions\/4351"}],"wp:featuredmedia":[{"embeddable":true,"href":"https:\/\/cinemahouse.cz\/index.php\/wp-json\/wp\/v2\/media\/4339"}],"wp:attachment":[{"href":"https:\/\/cinemahouse.cz\/index.php\/wp-json\/wp\/v2\/media?parent=4338"}],"wp:term":[{"taxonomy":"category","embeddable":true,"href":"https:\/\/cinemahouse.cz\/index.php\/wp-json\/wp\/v2\/categories?post=4338"},{"taxonomy":"post_tag","embeddable":true,"href":"https:\/\/cinemahouse.cz\/index.php\/wp-json\/wp\/v2\/tags?post=4338"}],"curies":[{"name":"wp","href":"https:\/\/api.w.org\/{rel}","templated":true}]}}