{"id":4171,"date":"2023-04-11T00:01:00","date_gmt":"2023-04-10T22:01:00","guid":{"rendered":"https:\/\/cinemahouse.cz\/?p=4171"},"modified":"2023-04-09T00:28:45","modified_gmt":"2023-04-08T22:28:45","slug":"do-kin-prichazi-historicky-film-muz-ktery-stal-v-ceste","status":"publish","type":"post","link":"https:\/\/cinemahouse.cz\/index.php\/2023\/04\/11\/do-kin-prichazi-historicky-film-muz-ktery-stal-v-ceste\/","title":{"rendered":"Do kin p\u0159ich\u00e1z\u00ed historick\u00fd film Mu\u017e, kter\u00fd st\u00e1l v cest\u011b"},"content":{"rendered":"\n<div style=\"height:40px\" aria-hidden=\"true\" class=\"wp-block-spacer\"><\/div>\n\n\n\n<p><strong>Zlu se nesm\u00ed ustupovat. Nikdy! \u00a0 V\u00fdpravn\u00fd film re\u017eis\u00e9ra Petra Nikolaeva s p\u0159\u00edb\u011bhem hrdinstv\u00ed a vzdoru Franti\u0161ka Kriegla, mu\u017ee, kter\u00fd se vzep\u0159el moci sov\u011btsk\u00e9ho imp\u00e9ria a postavil se mu do cesty. L\u00e9ka\u0159 a vrcholn\u00fd politik Franti\u0161ek Kriegel byl jednou z tv\u00e1\u0159\u00ed pra\u017esk\u00e9ho jara. Po srpnu 1968 se jako jedin\u00fd z\u00a0\u010deskoslovensk\u00fdch politik\u016f vzep\u0159el Bre\u017en\u011bvovi a p\u0159es siln\u00fd n\u00e1tlak odm\u00edtl podepsat souhlas se vstupem okupant\u016f. Aktu\u00e1lnost filmu podtrhuje fakt, \u017ee \u010d\u00e1st filmu tv\u016frci nato\u010dili na podzim 2021 v\u00a0ukrajinsk\u00e9 Bu\u010di.<\/strong><\/p>\n\n\n\n<div style=\"height:20px\" aria-hidden=\"true\" class=\"wp-block-spacer\"><\/div>\n\n\n\n<div class=\"wp-block-image\"><figure class=\"aligncenter size-large\"><img decoding=\"async\" loading=\"lazy\" width=\"714\" height=\"476\" src=\"https:\/\/cinemahouse.cz\/wp-content\/uploads\/2023\/04\/Muz-Tomas-Topfer-IMG_1025.jpeg\" alt=\"\" class=\"wp-image-4172\" srcset=\"https:\/\/cinemahouse.cz\/wp-content\/uploads\/2023\/04\/Muz-Tomas-Topfer-IMG_1025.jpeg 714w, https:\/\/cinemahouse.cz\/wp-content\/uploads\/2023\/04\/Muz-Tomas-Topfer-IMG_1025-300x200.jpeg 300w\" sizes=\"(max-width: 714px) 100vw, 714px\" \/><\/figure><\/div>\n\n\n\n<div style=\"height:20px\" aria-hidden=\"true\" class=\"wp-block-spacer\"><\/div>\n\n\n\n<p><strong>Zlu se nesm\u00ed ustupovat. Nikdy! &nbsp;<\/strong><\/p>\n\n\n\n<p>V\u00fdpravn\u00fd film re\u017eis\u00e9ra Petra Nikolaeva s p\u0159\u00edb\u011bhem hrdinstv\u00ed a vzdoru Franti\u0161ka Kriegla, mu\u017ee, kter\u00fd se vzep\u0159el moci sov\u011btsk\u00e9ho imp\u00e9ria a postavil se mu do cesty. L\u00e9ka\u0159 a vrcholn\u00fd politik Franti\u0161ek Kriegel byl jednou z tv\u00e1\u0159\u00ed pra\u017esk\u00e9ho jara. Po srpnu 1968 se jako jedin\u00fd z&nbsp;\u010deskoslovensk\u00fdch politik\u016f vzep\u0159el Bre\u017en\u011bvovi a p\u0159es siln\u00fd n\u00e1tlak odm\u00edtl podepsat souhlas se vstupem okupant\u016f. Aktu\u00e1lnost filmu podtrhuje fakt, \u017ee \u010d\u00e1st filmu tv\u016frci nato\u010dili na podzim 2021 v&nbsp;ukrajinsk\u00e9 Bu\u010di.<\/p>\n\n\n\n<p><em>\u201eO \u010dinu Franti\u0161ka Kriegla jsem \u010dasto p\u0159em\u00fd\u0161lel a v cel\u00e9 \u010desk\u00e9 historii nach\u00e1z\u00edm pouze jednu analogii: NEODVOL\u00c1M Mistra Jana Husa v Kostnici v roce 1415.\u201c <\/em>Karel Kos\u00edk, filosof<\/p>\n\n\n\n<p>Strhuj\u00edc\u00ed a m\u00e1lo zn\u00e1m\u00fd p\u0159\u00edb\u011bh osobn\u00ed state\u010dnosti l\u00e9ka\u0159e a politika Franti\u0161ka Kriegla zachycuje dramatick\u00e9 ud\u00e1losti 21. srpna 1968 a toho, co n\u00e1sledovalo. Na konci 60. let u n\u00e1s prob\u00edh\u00e1 obecn\u00e9 uvol\u0148ov\u00e1n\u00ed od nejtvrd\u0161\u00ed komunistick\u00e9 tyranie. Jednou z\u00a0tv\u00e1\u0159\u00ed takzvan\u00e9ho pra\u017esk\u00e9ho jara je hrdina \u0161pan\u011blsk\u00e9 ob\u010dansk\u00e9 v\u00e1lky Franti\u0161ek Kriegel. P\u0159\u00edslib lep\u0161\u00edch \u010das\u016f ale b\u011bhem jedn\u00e9 noci zni\u010d\u00ed vp\u00e1d rusk\u00fdch tank\u016f do \u010ceskoslovenska. Za\u010d\u00edn\u00e1 hon na nep\u0159\u00e1tele. Kriegel je spolu s\u00a0dal\u0161\u00edmi politick\u00fdmi p\u0159edstaviteli unesen a\u017e do Moskvy. V\u00a0zajet\u00ed jsou pak vystaveni siln\u00e9mu tlaku a v\u00fdhr\u016f\u017ek\u00e1m a jsou nuceni podepsat Moskevsk\u00fd protokol, kter\u00fd znamen\u00e1 souhlas s\u00a0vojenskou okupac\u00ed zem\u011b. Podepsat mus\u00ed v\u0161ichni do jednoho. Kriegel se mus\u00ed rozhodnout mezi vlastn\u00ed bezpe\u010dnost\u00ed a osobn\u00edm prosp\u011bchem a pevn\u00fdm mor\u00e1ln\u00edm postojem. Jako jedin\u00fd nepodlehne, p\u0159es hrozbu likvidace, p\u0159es nebezpe\u010d\u00ed likvidace jeho bl\u00edzk\u00fdch se rusk\u00e9mu dikt\u00e1tu a samotn\u00e9mu Bre\u017en\u011bvovi vzep\u0159e. Ocit\u00e1 se s\u00e1m uprost\u0159ed Sov\u011btsk\u00e9ho svazu, odkud se u\u017e leckdo nikdy nevr\u00e1til . . . \u00a0<\/p>\n\n\n\n<div style=\"height:20px\" aria-hidden=\"true\" class=\"wp-block-spacer\"><\/div>\n\n\n\n<figure class=\"wp-block-embed-youtube aligncenter wp-block-embed is-type-video is-provider-youtube wp-embed-aspect-16-9 wp-has-aspect-ratio\"><div class=\"wp-block-embed__wrapper\">\n<div class=\"video-container\"><iframe loading=\"lazy\" title=\"Mu\u017e, kter\u00fd st\u00e1l v cest\u011b (2023) - HD TRAILER\" width=\"500\" height=\"281\" src=\"https:\/\/www.youtube.com\/embed\/_cl93PR36Zo?feature=oembed&#038;wmode=opaque\" frameborder=\"0\" allow=\"accelerometer; autoplay; clipboard-write; encrypted-media; gyroscope; picture-in-picture; web-share\" allowfullscreen><\/iframe><\/div>\n<\/div><\/figure>\n\n\n\n<div style=\"height:20px\" aria-hidden=\"true\" class=\"wp-block-spacer\"><\/div>\n\n\n\n<p>\u201e<em>Po\u0161lou m\u011b na Sibi\u0159 nebo zast\u0159el\u00ed. Po\u010d\u00edt\u00e1m s&nbsp;t\u00edm.<\/em>\u201c Franti\u0161ek Kriegel.<\/p>\n\n\n\n<p>Film \u201eMu\u017e, kter\u00fd st\u00e1l v&nbsp;cest\u011b\u201c nato\u010dil re\u017eis\u00e9r Petr Nikolaev, jen\u017e m\u00e1 na sv\u00e9m kont\u011b nejen komedie St\u0159\u00eddavka a B\u00e1je\u010dn\u00e1 l\u00e9ta pod psa, ale i div\u00e1cky \u00fasp\u011b\u0161n\u00e9 drama P\u0159\u00edb\u011bh kmotra, siln\u00fd historick\u00fd film Kousek nebe a p\u0159edev\u0161\u00edm v\u00fdpravn\u00fd a z\u00e1sadn\u00ed sn\u00edmek Lidice. Jedine\u010dn\u00fd a \u017eivotn\u00ed hereck\u00fd v\u00fdkon pak v&nbsp;\u00fast\u0159edn\u00ed roli p\u0159edv\u00e1d\u00ed Tom\u00e1\u0161 T\u00f6pfer.<\/p>\n\n\n\n<div style=\"height:34px\" aria-hidden=\"true\" class=\"wp-block-spacer\"><\/div>\n\n\n\n<h3 class=\"wp-block-heading\"><strong>M<\/strong>u\u017e, kter\u00fd st\u00e1l v cest\u011b<\/h3>\n\n\n\n<p>\u010cR \/ UA \/ LT &#8211; 2023<\/p>\n\n\n\n<p><strong>D\u00e9lka:<\/strong> 120 minut\u00a0\u00a0\u00a0\u00a0\u00a0\u00a0\u00a0\u00a0\u00a0\u00a0\u00a0\u00a0\u00a0\u00a0\u00a0\u00a0\u00a0\u00a0\u00a0\u00a0\u00a0\u00a0\u00a0\u00a0\u00a0\u00a0\u00a0\u00a0\u00a0\u00a0\u00a0\u00a0\u00a0\u00a0\u00a0\u00a0\u00a0\u00a0\u00a0\u00a0\u00a0\u00a0\u00a0\u00a0\u00a0\u00a0\u00a0\u00a0\u00a0\u00a0\u00a0\u00a0\u00a0\u00a0\u00a0\u00a0\u00a0\u00a0\u00a0\u00a0\u00a0\u00a0\u00a0\u00a0\u00a0\u00a0\u00a0\u00a0\u00a0\u00a0\u00a0\u00a0\u00a0\u00a0\u00a0\u00a0\u00a0\u00a0\u00a0\u00a0\u00a0\u00a0\u00a0\u00a0\u00a0\u00a0\u00a0\u00a0\u00a0\u00a0\u00a0\u00a0\u00a0\u00a0\u00a0\u00a0\u00a0\u00a0\u00a0\u00a0\u00a0\u00a0\u00a0\u00a0\u00a0\u00a0\u00a0\u00a0\u00a0\u00a0\u00a0\u00a0\u00a0\u00a0\u00a0\u00a0<\/p>\n\n\n\n<p><strong>\u017d\u00e1nr:<\/strong> drama, \u017eivotopisn\u00fd&nbsp;&nbsp;&nbsp;&nbsp;&nbsp;&nbsp;&nbsp;&nbsp;&nbsp;&nbsp;&nbsp;&nbsp;&nbsp;&nbsp;&nbsp;&nbsp;&nbsp;&nbsp;&nbsp;&nbsp;&nbsp;&nbsp;&nbsp;&nbsp;&nbsp;&nbsp;&nbsp;&nbsp; &nbsp;&nbsp;&nbsp;&nbsp; &nbsp;&nbsp;&nbsp;&nbsp;&nbsp;&nbsp;&nbsp;&nbsp;&nbsp;&nbsp;&nbsp;&nbsp;&nbsp;&nbsp;&nbsp;&nbsp;&nbsp;&nbsp;&nbsp;&nbsp;&nbsp;&nbsp;&nbsp;&nbsp;&nbsp;&nbsp;&nbsp;&nbsp;&nbsp;&nbsp;&nbsp;&nbsp;&nbsp;&nbsp;&nbsp;&nbsp;&nbsp;&nbsp;&nbsp;&nbsp;&nbsp;&nbsp;&nbsp;&nbsp;&nbsp;&nbsp;&nbsp;&nbsp;&nbsp;&nbsp;&nbsp;&nbsp;&nbsp;&nbsp;&nbsp;&nbsp;&nbsp;&nbsp;&nbsp;&nbsp;&nbsp;&nbsp;&nbsp;&nbsp;&nbsp;&nbsp;&nbsp;&nbsp; &nbsp;&nbsp;&nbsp;&nbsp;&nbsp;&nbsp;&nbsp;&nbsp;&nbsp;&nbsp;&nbsp;&nbsp;&nbsp;&nbsp;&nbsp;<\/p>\n\n\n\n<p><strong>Premi\u00e9ra<\/strong>: 25. kv\u011btna 2023<\/p>\n\n\n\n<p><strong>Re\u017eie<\/strong>: Petr Nikolaev<\/p>\n\n\n\n<p><strong>Hraj\u00ed<\/strong>: Tom\u00e1\u0161 T\u00f6pfer, Zuzana Maur\u00e9ry, Adrian Jastraban, Alois \u0160vehl\u00edk, Ji\u0159\u00ed Ployhar, Daniel Heriban, P\u0159emysl Bure\u0161, Miroslav T\u00e1borsk\u00fd, Zuzana Kajnarov\u00e1, Alexander Ignatusha, Sergiy Kucherenko, Roman Zahyrov, Ivan Shvedoff a dal\u0161\u00ed &nbsp;<\/p>\n\n\n\n<div style=\"height:20px\" aria-hidden=\"true\" class=\"wp-block-spacer\"><\/div>\n\n\n\n<figure class=\"wp-block-gallery aligncenter columns-2 is-cropped wp-block-gallery-1 is-layout-flex wp-block-gallery-is-layout-flex\"><ul class=\"blocks-gallery-grid\"><li class=\"blocks-gallery-item\"><figure><img decoding=\"async\" loading=\"lazy\" width=\"714\" height=\"476\" src=\"https:\/\/cinemahouse.cz\/wp-content\/uploads\/2023\/04\/Muz-Tomas-Topfer-IMG_1025.jpeg\" alt=\"\" data-id=\"4172\" data-full-url=\"https:\/\/cinemahouse.cz\/wp-content\/uploads\/2023\/04\/Muz-Tomas-Topfer-IMG_1025.jpeg\" data-link=\"https:\/\/cinemahouse.cz\/?attachment_id=4172\" class=\"wp-image-4172\" srcset=\"https:\/\/cinemahouse.cz\/wp-content\/uploads\/2023\/04\/Muz-Tomas-Topfer-IMG_1025.jpeg 714w, https:\/\/cinemahouse.cz\/wp-content\/uploads\/2023\/04\/Muz-Tomas-Topfer-IMG_1025-300x200.jpeg 300w\" sizes=\"(max-width: 714px) 100vw, 714px\" \/><\/figure><\/li><li class=\"blocks-gallery-item\"><figure><img decoding=\"async\" loading=\"lazy\" width=\"714\" height=\"476\" src=\"https:\/\/cinemahouse.cz\/wp-content\/uploads\/2023\/04\/Muz-Zuzana-Maurery-Tomas-Topfer-IMG_9007.jpeg\" alt=\"\" data-id=\"4173\" data-full-url=\"https:\/\/cinemahouse.cz\/wp-content\/uploads\/2023\/04\/Muz-Zuzana-Maurery-Tomas-Topfer-IMG_9007.jpeg\" data-link=\"https:\/\/cinemahouse.cz\/?attachment_id=4173\" class=\"wp-image-4173\" srcset=\"https:\/\/cinemahouse.cz\/wp-content\/uploads\/2023\/04\/Muz-Zuzana-Maurery-Tomas-Topfer-IMG_9007.jpeg 714w, https:\/\/cinemahouse.cz\/wp-content\/uploads\/2023\/04\/Muz-Zuzana-Maurery-Tomas-Topfer-IMG_9007-300x200.jpeg 300w\" sizes=\"(max-width: 714px) 100vw, 714px\" \/><\/figure><\/li><li class=\"blocks-gallery-item\"><figure><img decoding=\"async\" loading=\"lazy\" width=\"714\" height=\"1011\" src=\"https:\/\/cinemahouse.cz\/wp-content\/uploads\/2023\/04\/Muz-ktery-stal-v-ceste-PLAKAT-2.jpg\" alt=\"\" data-id=\"4174\" data-full-url=\"https:\/\/cinemahouse.cz\/wp-content\/uploads\/2023\/04\/Muz-ktery-stal-v-ceste-PLAKAT-2.jpg\" data-link=\"https:\/\/cinemahouse.cz\/?attachment_id=4174\" class=\"wp-image-4174\" srcset=\"https:\/\/cinemahouse.cz\/wp-content\/uploads\/2023\/04\/Muz-ktery-stal-v-ceste-PLAKAT-2.jpg 714w, https:\/\/cinemahouse.cz\/wp-content\/uploads\/2023\/04\/Muz-ktery-stal-v-ceste-PLAKAT-2-212x300.jpg 212w\" sizes=\"(max-width: 714px) 100vw, 714px\" \/><\/figure><\/li><\/ul><\/figure>\n\n\n\n<p><strong>Zdroj foto a video:<\/strong> Bontonfilm<\/p>\n\n\n\n<div style=\"height:100px\" aria-hidden=\"true\" class=\"wp-block-spacer\"><\/div>\n","protected":false},"excerpt":{"rendered":"<p>Zlu se nesm\u00ed ustupovat. Nikdy! \u00a0 V\u00fdpravn\u00fd film re\u017eis\u00e9ra Petra Nikolaeva s p\u0159\u00edb\u011bhem hrdinstv\u00ed a vzdoru Franti\u0161ka Kriegla, mu\u017ee, kter\u00fd se vzep\u0159el moci sov\u011btsk\u00e9ho imp\u00e9ria a postavil se mu do cesty. L\u00e9ka\u0159 a vrcholn\u00fd&#46;&#46;&#46;<\/p>\n","protected":false},"author":6,"featured_media":4172,"comment_status":"closed","ping_status":"closed","sticky":false,"template":"","format":"standard","meta":{"_monsterinsights_skip_tracking":false,"_monsterinsights_sitenote_active":false,"_monsterinsights_sitenote_note":"","_monsterinsights_sitenote_category":0,"footnotes":""},"categories":[12,2,5],"tags":[],"yoast_head":"<!-- This site is optimized with the Yoast SEO plugin v21.4 - https:\/\/yoast.com\/wordpress\/plugins\/seo\/ -->\n<title>Do kin p\u0159ich\u00e1z\u00ed historick\u00fd film Mu\u017e, kter\u00fd st\u00e1l v cest\u011b - CINEMAHOUSE.cz<\/title>\n<meta name=\"robots\" content=\"index, follow, max-snippet:-1, max-image-preview:large, max-video-preview:-1\" \/>\n<link rel=\"canonical\" href=\"https:\/\/cinemahouse.cz\/index.php\/2023\/04\/11\/do-kin-prichazi-historicky-film-muz-ktery-stal-v-ceste\/\" \/>\n<meta property=\"og:locale\" content=\"cs_CZ\" \/>\n<meta property=\"og:type\" content=\"article\" \/>\n<meta property=\"og:title\" content=\"Do kin p\u0159ich\u00e1z\u00ed historick\u00fd film Mu\u017e, kter\u00fd st\u00e1l v cest\u011b - CINEMAHOUSE.cz\" \/>\n<meta property=\"og:description\" content=\"Zlu se nesm\u00ed ustupovat. Nikdy! \u00a0 V\u00fdpravn\u00fd film re\u017eis\u00e9ra Petra Nikolaeva s p\u0159\u00edb\u011bhem hrdinstv\u00ed a vzdoru Franti\u0161ka Kriegla, mu\u017ee, kter\u00fd se vzep\u0159el moci sov\u011btsk\u00e9ho imp\u00e9ria a postavil se mu do cesty. L\u00e9ka\u0159 a vrcholn\u00fd&#046;&#046;&#046;\" \/>\n<meta property=\"og:url\" content=\"https:\/\/cinemahouse.cz\/index.php\/2023\/04\/11\/do-kin-prichazi-historicky-film-muz-ktery-stal-v-ceste\/\" \/>\n<meta property=\"og:site_name\" content=\"CINEMAHOUSE.cz\" \/>\n<meta property=\"article:published_time\" content=\"2023-04-10T22:01:00+00:00\" \/>\n<meta property=\"article:modified_time\" content=\"2023-04-08T22:28:45+00:00\" \/>\n<meta property=\"og:image\" content=\"https:\/\/cinemahouse.cz\/wp-content\/uploads\/2023\/04\/Muz-Tomas-Topfer-IMG_1025.jpeg\" \/>\n\t<meta property=\"og:image:width\" content=\"714\" \/>\n\t<meta property=\"og:image:height\" content=\"476\" \/>\n\t<meta property=\"og:image:type\" content=\"image\/jpeg\" \/>\n<meta name=\"author\" content=\"Jordana Pechov\u00e1\" \/>\n<meta name=\"twitter:card\" content=\"summary_large_image\" \/>\n<meta name=\"twitter:label1\" content=\"Napsal(a)\" \/>\n\t<meta name=\"twitter:data1\" content=\"Jordana Pechov\u00e1\" \/>\n\t<meta name=\"twitter:label2\" content=\"Odhadovan\u00e1 doba \u010dten\u00ed\" \/>\n\t<meta name=\"twitter:data2\" content=\"4 minuty\" \/>\n<script type=\"application\/ld+json\" class=\"yoast-schema-graph\">{\"@context\":\"https:\/\/schema.org\",\"@graph\":[{\"@type\":\"Article\",\"@id\":\"https:\/\/cinemahouse.cz\/index.php\/2023\/04\/11\/do-kin-prichazi-historicky-film-muz-ktery-stal-v-ceste\/#article\",\"isPartOf\":{\"@id\":\"https:\/\/cinemahouse.cz\/index.php\/2023\/04\/11\/do-kin-prichazi-historicky-film-muz-ktery-stal-v-ceste\/\"},\"author\":{\"name\":\"Jordana Pechov\u00e1\",\"@id\":\"https:\/\/cinemahouse.cz\/#\/schema\/person\/5121c8490d035567efc4dd9223d7a216\"},\"headline\":\"Do kin p\u0159ich\u00e1z\u00ed historick\u00fd film Mu\u017e, kter\u00fd st\u00e1l v cest\u011b\",\"datePublished\":\"2023-04-10T22:01:00+00:00\",\"dateModified\":\"2023-04-08T22:28:45+00:00\",\"mainEntityOfPage\":{\"@id\":\"https:\/\/cinemahouse.cz\/index.php\/2023\/04\/11\/do-kin-prichazi-historicky-film-muz-ktery-stal-v-ceste\/\"},\"wordCount\":739,\"publisher\":{\"@id\":\"https:\/\/cinemahouse.cz\/#organization\"},\"articleSection\":[\"FILMY, SERI\u00c1LY a TV\",\"NEWS\",\"TRAILERY\"],\"inLanguage\":\"cs\"},{\"@type\":\"WebPage\",\"@id\":\"https:\/\/cinemahouse.cz\/index.php\/2023\/04\/11\/do-kin-prichazi-historicky-film-muz-ktery-stal-v-ceste\/\",\"url\":\"https:\/\/cinemahouse.cz\/index.php\/2023\/04\/11\/do-kin-prichazi-historicky-film-muz-ktery-stal-v-ceste\/\",\"name\":\"Do kin p\u0159ich\u00e1z\u00ed historick\u00fd film Mu\u017e, kter\u00fd st\u00e1l v cest\u011b - CINEMAHOUSE.cz\",\"isPartOf\":{\"@id\":\"https:\/\/cinemahouse.cz\/#website\"},\"datePublished\":\"2023-04-10T22:01:00+00:00\",\"dateModified\":\"2023-04-08T22:28:45+00:00\",\"breadcrumb\":{\"@id\":\"https:\/\/cinemahouse.cz\/index.php\/2023\/04\/11\/do-kin-prichazi-historicky-film-muz-ktery-stal-v-ceste\/#breadcrumb\"},\"inLanguage\":\"cs\",\"potentialAction\":[{\"@type\":\"ReadAction\",\"target\":[\"https:\/\/cinemahouse.cz\/index.php\/2023\/04\/11\/do-kin-prichazi-historicky-film-muz-ktery-stal-v-ceste\/\"]}]},{\"@type\":\"BreadcrumbList\",\"@id\":\"https:\/\/cinemahouse.cz\/index.php\/2023\/04\/11\/do-kin-prichazi-historicky-film-muz-ktery-stal-v-ceste\/#breadcrumb\",\"itemListElement\":[{\"@type\":\"ListItem\",\"position\":1,\"name\":\"Dom\u016f\",\"item\":\"https:\/\/cinemahouse.cz\/\"},{\"@type\":\"ListItem\",\"position\":2,\"name\":\"Do kin p\u0159ich\u00e1z\u00ed historick\u00fd film Mu\u017e, kter\u00fd st\u00e1l v cest\u011b\"}]},{\"@type\":\"WebSite\",\"@id\":\"https:\/\/cinemahouse.cz\/#website\",\"url\":\"https:\/\/cinemahouse.cz\/\",\"name\":\"CINEMAHOUSE.cz\",\"description\":\"Port\u00e1l o filmov\u00fdch novink\u00e1ch\",\"publisher\":{\"@id\":\"https:\/\/cinemahouse.cz\/#organization\"},\"potentialAction\":[{\"@type\":\"SearchAction\",\"target\":{\"@type\":\"EntryPoint\",\"urlTemplate\":\"https:\/\/cinemahouse.cz\/?s={search_term_string}\"},\"query-input\":\"required name=search_term_string\"}],\"inLanguage\":\"cs\"},{\"@type\":\"Organization\",\"@id\":\"https:\/\/cinemahouse.cz\/#organization\",\"name\":\"CINEMAHOUSE.cz\",\"url\":\"https:\/\/cinemahouse.cz\/\",\"logo\":{\"@type\":\"ImageObject\",\"inLanguage\":\"cs\",\"@id\":\"https:\/\/cinemahouse.cz\/#\/schema\/logo\/image\/\",\"url\":\"https:\/\/cinemahouse.cz\/wp-content\/uploads\/2024\/12\/cropped-Logo_CinemaHouse.jpg\",\"contentUrl\":\"https:\/\/cinemahouse.cz\/wp-content\/uploads\/2024\/12\/cropped-Logo_CinemaHouse.jpg\",\"width\":926,\"height\":467,\"caption\":\"CINEMAHOUSE.cz\"},\"image\":{\"@id\":\"https:\/\/cinemahouse.cz\/#\/schema\/logo\/image\/\"}},{\"@type\":\"Person\",\"@id\":\"https:\/\/cinemahouse.cz\/#\/schema\/person\/5121c8490d035567efc4dd9223d7a216\",\"name\":\"Jordana Pechov\u00e1\",\"image\":{\"@type\":\"ImageObject\",\"inLanguage\":\"cs\",\"@id\":\"https:\/\/cinemahouse.cz\/#\/schema\/person\/image\/\",\"url\":\"https:\/\/secure.gravatar.com\/avatar\/349e898f7fe64c4a4839cc48a802dd9a?s=96&d=mm&r=g\",\"contentUrl\":\"https:\/\/secure.gravatar.com\/avatar\/349e898f7fe64c4a4839cc48a802dd9a?s=96&d=mm&r=g\",\"caption\":\"Jordana Pechov\u00e1\"},\"sameAs\":[\"http:\/\/CINEMAHOUSE.cz\"],\"url\":\"https:\/\/cinemahouse.cz\/index.php\/author\/jorpech\/\"}]}<\/script>\n<!-- \/ Yoast SEO plugin. -->","yoast_head_json":{"title":"Do kin p\u0159ich\u00e1z\u00ed historick\u00fd film Mu\u017e, kter\u00fd st\u00e1l v cest\u011b - CINEMAHOUSE.cz","robots":{"index":"index","follow":"follow","max-snippet":"max-snippet:-1","max-image-preview":"max-image-preview:large","max-video-preview":"max-video-preview:-1"},"canonical":"https:\/\/cinemahouse.cz\/index.php\/2023\/04\/11\/do-kin-prichazi-historicky-film-muz-ktery-stal-v-ceste\/","og_locale":"cs_CZ","og_type":"article","og_title":"Do kin p\u0159ich\u00e1z\u00ed historick\u00fd film Mu\u017e, kter\u00fd st\u00e1l v cest\u011b - CINEMAHOUSE.cz","og_description":"Zlu se nesm\u00ed ustupovat. Nikdy! \u00a0 V\u00fdpravn\u00fd film re\u017eis\u00e9ra Petra Nikolaeva s p\u0159\u00edb\u011bhem hrdinstv\u00ed a vzdoru Franti\u0161ka Kriegla, mu\u017ee, kter\u00fd se vzep\u0159el moci sov\u011btsk\u00e9ho imp\u00e9ria a postavil se mu do cesty. L\u00e9ka\u0159 a vrcholn\u00fd&#46;&#46;&#46;","og_url":"https:\/\/cinemahouse.cz\/index.php\/2023\/04\/11\/do-kin-prichazi-historicky-film-muz-ktery-stal-v-ceste\/","og_site_name":"CINEMAHOUSE.cz","article_published_time":"2023-04-10T22:01:00+00:00","article_modified_time":"2023-04-08T22:28:45+00:00","og_image":[{"width":714,"height":476,"url":"https:\/\/cinemahouse.cz\/wp-content\/uploads\/2023\/04\/Muz-Tomas-Topfer-IMG_1025.jpeg","type":"image\/jpeg"}],"author":"Jordana Pechov\u00e1","twitter_card":"summary_large_image","twitter_misc":{"Napsal(a)":"Jordana Pechov\u00e1","Odhadovan\u00e1 doba \u010dten\u00ed":"4 minuty"},"schema":{"@context":"https:\/\/schema.org","@graph":[{"@type":"Article","@id":"https:\/\/cinemahouse.cz\/index.php\/2023\/04\/11\/do-kin-prichazi-historicky-film-muz-ktery-stal-v-ceste\/#article","isPartOf":{"@id":"https:\/\/cinemahouse.cz\/index.php\/2023\/04\/11\/do-kin-prichazi-historicky-film-muz-ktery-stal-v-ceste\/"},"author":{"name":"Jordana Pechov\u00e1","@id":"https:\/\/cinemahouse.cz\/#\/schema\/person\/5121c8490d035567efc4dd9223d7a216"},"headline":"Do kin p\u0159ich\u00e1z\u00ed historick\u00fd film Mu\u017e, kter\u00fd st\u00e1l v cest\u011b","datePublished":"2023-04-10T22:01:00+00:00","dateModified":"2023-04-08T22:28:45+00:00","mainEntityOfPage":{"@id":"https:\/\/cinemahouse.cz\/index.php\/2023\/04\/11\/do-kin-prichazi-historicky-film-muz-ktery-stal-v-ceste\/"},"wordCount":739,"publisher":{"@id":"https:\/\/cinemahouse.cz\/#organization"},"articleSection":["FILMY, SERI\u00c1LY a TV","NEWS","TRAILERY"],"inLanguage":"cs"},{"@type":"WebPage","@id":"https:\/\/cinemahouse.cz\/index.php\/2023\/04\/11\/do-kin-prichazi-historicky-film-muz-ktery-stal-v-ceste\/","url":"https:\/\/cinemahouse.cz\/index.php\/2023\/04\/11\/do-kin-prichazi-historicky-film-muz-ktery-stal-v-ceste\/","name":"Do kin p\u0159ich\u00e1z\u00ed historick\u00fd film Mu\u017e, kter\u00fd st\u00e1l v cest\u011b - CINEMAHOUSE.cz","isPartOf":{"@id":"https:\/\/cinemahouse.cz\/#website"},"datePublished":"2023-04-10T22:01:00+00:00","dateModified":"2023-04-08T22:28:45+00:00","breadcrumb":{"@id":"https:\/\/cinemahouse.cz\/index.php\/2023\/04\/11\/do-kin-prichazi-historicky-film-muz-ktery-stal-v-ceste\/#breadcrumb"},"inLanguage":"cs","potentialAction":[{"@type":"ReadAction","target":["https:\/\/cinemahouse.cz\/index.php\/2023\/04\/11\/do-kin-prichazi-historicky-film-muz-ktery-stal-v-ceste\/"]}]},{"@type":"BreadcrumbList","@id":"https:\/\/cinemahouse.cz\/index.php\/2023\/04\/11\/do-kin-prichazi-historicky-film-muz-ktery-stal-v-ceste\/#breadcrumb","itemListElement":[{"@type":"ListItem","position":1,"name":"Dom\u016f","item":"https:\/\/cinemahouse.cz\/"},{"@type":"ListItem","position":2,"name":"Do kin p\u0159ich\u00e1z\u00ed historick\u00fd film Mu\u017e, kter\u00fd st\u00e1l v cest\u011b"}]},{"@type":"WebSite","@id":"https:\/\/cinemahouse.cz\/#website","url":"https:\/\/cinemahouse.cz\/","name":"CINEMAHOUSE.cz","description":"Port\u00e1l o filmov\u00fdch novink\u00e1ch","publisher":{"@id":"https:\/\/cinemahouse.cz\/#organization"},"potentialAction":[{"@type":"SearchAction","target":{"@type":"EntryPoint","urlTemplate":"https:\/\/cinemahouse.cz\/?s={search_term_string}"},"query-input":"required name=search_term_string"}],"inLanguage":"cs"},{"@type":"Organization","@id":"https:\/\/cinemahouse.cz\/#organization","name":"CINEMAHOUSE.cz","url":"https:\/\/cinemahouse.cz\/","logo":{"@type":"ImageObject","inLanguage":"cs","@id":"https:\/\/cinemahouse.cz\/#\/schema\/logo\/image\/","url":"https:\/\/cinemahouse.cz\/wp-content\/uploads\/2024\/12\/cropped-Logo_CinemaHouse.jpg","contentUrl":"https:\/\/cinemahouse.cz\/wp-content\/uploads\/2024\/12\/cropped-Logo_CinemaHouse.jpg","width":926,"height":467,"caption":"CINEMAHOUSE.cz"},"image":{"@id":"https:\/\/cinemahouse.cz\/#\/schema\/logo\/image\/"}},{"@type":"Person","@id":"https:\/\/cinemahouse.cz\/#\/schema\/person\/5121c8490d035567efc4dd9223d7a216","name":"Jordana Pechov\u00e1","image":{"@type":"ImageObject","inLanguage":"cs","@id":"https:\/\/cinemahouse.cz\/#\/schema\/person\/image\/","url":"https:\/\/secure.gravatar.com\/avatar\/349e898f7fe64c4a4839cc48a802dd9a?s=96&d=mm&r=g","contentUrl":"https:\/\/secure.gravatar.com\/avatar\/349e898f7fe64c4a4839cc48a802dd9a?s=96&d=mm&r=g","caption":"Jordana Pechov\u00e1"},"sameAs":["http:\/\/CINEMAHOUSE.cz"],"url":"https:\/\/cinemahouse.cz\/index.php\/author\/jorpech\/"}]}},"_links":{"self":[{"href":"https:\/\/cinemahouse.cz\/index.php\/wp-json\/wp\/v2\/posts\/4171"}],"collection":[{"href":"https:\/\/cinemahouse.cz\/index.php\/wp-json\/wp\/v2\/posts"}],"about":[{"href":"https:\/\/cinemahouse.cz\/index.php\/wp-json\/wp\/v2\/types\/post"}],"author":[{"embeddable":true,"href":"https:\/\/cinemahouse.cz\/index.php\/wp-json\/wp\/v2\/users\/6"}],"replies":[{"embeddable":true,"href":"https:\/\/cinemahouse.cz\/index.php\/wp-json\/wp\/v2\/comments?post=4171"}],"version-history":[{"count":1,"href":"https:\/\/cinemahouse.cz\/index.php\/wp-json\/wp\/v2\/posts\/4171\/revisions"}],"predecessor-version":[{"id":4176,"href":"https:\/\/cinemahouse.cz\/index.php\/wp-json\/wp\/v2\/posts\/4171\/revisions\/4176"}],"wp:featuredmedia":[{"embeddable":true,"href":"https:\/\/cinemahouse.cz\/index.php\/wp-json\/wp\/v2\/media\/4172"}],"wp:attachment":[{"href":"https:\/\/cinemahouse.cz\/index.php\/wp-json\/wp\/v2\/media?parent=4171"}],"wp:term":[{"taxonomy":"category","embeddable":true,"href":"https:\/\/cinemahouse.cz\/index.php\/wp-json\/wp\/v2\/categories?post=4171"},{"taxonomy":"post_tag","embeddable":true,"href":"https:\/\/cinemahouse.cz\/index.php\/wp-json\/wp\/v2\/tags?post=4171"}],"curies":[{"name":"wp","href":"https:\/\/api.w.org\/{rel}","templated":true}]}}