{"id":3743,"date":"2023-02-20T14:57:30","date_gmt":"2023-02-20T13:57:30","guid":{"rendered":"https:\/\/cinemahouse.cz\/?p=3743"},"modified":"2023-02-20T14:57:30","modified_gmt":"2023-02-20T13:57:30","slug":"def-slavi-30-let-zve-na-kinematografii-zemi-beneluxu-ci-snimky-fatiha-akina","status":"publish","type":"post","link":"https:\/\/cinemahouse.cz\/index.php\/2023\/02\/20\/def-slavi-30-let-zve-na-kinematografii-zemi-beneluxu-ci-snimky-fatiha-akina\/","title":{"rendered":"DEF slav\u00ed 30 let: Zve na kinematografii zem\u00ed Beneluxu \u010di sn\u00edmky Fatiha Akina"},"content":{"rendered":"\n<div style=\"height:30px\" aria-hidden=\"true\" class=\"wp-block-spacer\"><\/div>\n\n\n\n<p><strong>Kvalitn\u00ed a v\u00fdhradn\u011b evropsk\u00e9 sn\u00edmky, kter\u00e9 se zpravidla do b\u011b\u017en\u00e9 distribuce nedostanou, nab\u00eddne i letos sout\u011b\u017en\u00ed festival Dny evropsk\u00e9ho filmu (DEF). Jubilejn\u00ed t\u0159ic\u00e1t\u00fd ro\u010dn\u00edk p\u0159inese nap\u0159\u00edklad samostatnou sekci film\u016f v\u00fdznamn\u00e9ho n\u011bmeck\u00e9ho re\u017eis\u00e9ra Fatiha Akina, ov\u011bn\u010den\u00e9ho cenami z Berlinale i z Cannes, a zam\u011b\u0159\u00ed se na st\u00e1le \u00fasp\u011b\u0161n\u011bj\u0161\u00ed kinematografii zem\u00ed Beneluxu. DEF prob\u011bhne od 20. do 25. dubna v Praze, Brn\u011b a Ostrav\u011b a od 26. do 30. dubna se v r\u00e1mci festivalov\u00fdch Ozv\u011bn p\u0159esunou do des\u00edtky kin v dal\u0161\u00edch m\u011bstech cel\u00e9 \u010cesk\u00e9 republiky. <\/strong><em><strong>\u201eDiv\u00e1ky pozveme jak do kinos\u00e1l\u016f, tak nov\u011b t\u0159eba do hv\u011bzd\u00e1rny \u010di planet\u00e1ria,\u201c<\/strong><\/em><strong> \u0159\u00edk\u00e1 \u0160imon \u0160afr\u00e1nek, dramaturg festivalu, jeho\u017e kompletn\u00ed program bude zve\u0159ejn\u011bn 20. b\u0159ezna na www.dnyevropskehofilmu.cz.<\/strong><\/p>\n\n\n\n<div style=\"height:20px\" aria-hidden=\"true\" class=\"wp-block-spacer\"><\/div>\n\n\n\n<figure class=\"wp-block-image size-large\"><img decoding=\"async\" loading=\"lazy\" width=\"1024\" height=\"616\" src=\"https:\/\/cinemahouse.cz\/wp-content\/uploads\/2023\/02\/zillion_m-1024x616.jpg\" alt=\"\" class=\"wp-image-3746\" srcset=\"https:\/\/cinemahouse.cz\/wp-content\/uploads\/2023\/02\/zillion_m-1024x616.jpg 1024w, https:\/\/cinemahouse.cz\/wp-content\/uploads\/2023\/02\/zillion_m-300x180.jpg 300w, https:\/\/cinemahouse.cz\/wp-content\/uploads\/2023\/02\/zillion_m-768x462.jpg 768w, https:\/\/cinemahouse.cz\/wp-content\/uploads\/2023\/02\/zillion_m.jpg 1500w\" sizes=\"(max-width: 1024px) 100vw, 1024px\" \/><\/figure>\n\n\n\n<div style=\"height:20px\" aria-hidden=\"true\" class=\"wp-block-spacer\"><\/div>\n\n\n\n<p>P\u0159ehl\u00eddka Dny evropsk\u00e9ho filmu se loni transformovala do podoby sout\u011b\u017en\u00edho festivalu. Hlavn\u00ed sout\u011b\u017e bude op\u011bt zam\u011b\u0159ena na debuty, festival v\u0161ak nab\u00eddne i sout\u011b\u017en\u00ed sekci hudebn\u00edch film\u016f <em>\u201eSou\u010d\u00e1st\u00ed programu budou tak\u00e9 sn\u00edmky ocen\u011bn\u00e9 na presti\u017en\u00edch festivalech, animovan\u00e9 filmy pro mlad\u0161\u00ed publikum a samoz\u0159ejm\u011b i dokumenty,\u201c<\/em> dopl\u0148uje \u0160imon \u0160afr\u00e1nek. Letos p\u0159in\u00e1\u0161ej\u00ed po\u0159adatel\u00e9 dv\u011b dramaturgick\u00e9 novinky, ve kter\u00fdch budou pokra\u010dovat i v&nbsp;dal\u0161\u00edch letech. Jedn\u00e1 se o Fokus na vybran\u00fd evropsk\u00fd region a retrospektiva p\u0159edn\u00ed osobnosti evropsk\u00e9 kinematografie.<\/p>\n\n\n\n<p>Jednu novinku a n\u011bkolik star\u0161\u00edch film\u016f n\u011bmeck\u00e9ho re\u017eis\u00e9ra s tureck\u00fdmi ko\u0159eny nab\u00eddne sekce <strong>MEDIA \u2013<\/strong> <strong>Pocta Fatih Akin<\/strong>. Dev\u011bta\u010dty\u0159icetilet\u00fd dr\u017eitel Zlat\u00e9ho medv\u011bda z Berl\u00ednale, Evropsk\u00e9 filmov\u00e9 ceny i St\u0159\u00edbrn\u00e9ho lva z festivalu v Ben\u00e1tk\u00e1ch si z\u00edskal srdce div\u00e1k\u016f \u017eiveln\u00fdm vypr\u00e1v\u011bn\u00edm a portr\u00e9ty rozervan\u00fdch hrdin\u016f ve sn\u00edmc\u00edch jako Odnikud nebo Na druh\u00e9 stran\u011b. DEF uvede i Akin\u016fv nov\u00fd film Zlato R\u00fdna. Vypr\u00e1v\u00ed o pohnut\u00e9m osudu kurdsk\u00e9ho p\u0159ist\u011bhovalce, kter\u00fd se vypracuje z pouli\u010dn\u00edho dealera na gangstera ovl\u00e1daj\u00edc\u00edho vstupy do klub\u016f v cel\u00e9m Amsterdamu. Akin tu zpracoval skute\u010dn\u00fd osud rappera Xatara.<\/p>\n\n\n\n<div style=\"height:20px\" aria-hidden=\"true\" class=\"wp-block-spacer\"><\/div>\n\n\n\n<figure class=\"wp-block-image size-large\"><img decoding=\"async\" loading=\"lazy\" width=\"1024\" height=\"683\" src=\"https:\/\/cinemahouse.cz\/wp-content\/uploads\/2023\/02\/metronom0653_m-1024x683.jpg\" alt=\"\" class=\"wp-image-3745\" srcset=\"https:\/\/cinemahouse.cz\/wp-content\/uploads\/2023\/02\/metronom0653_m-1024x683.jpg 1024w, https:\/\/cinemahouse.cz\/wp-content\/uploads\/2023\/02\/metronom0653_m-300x200.jpg 300w, https:\/\/cinemahouse.cz\/wp-content\/uploads\/2023\/02\/metronom0653_m-768x512.jpg 768w, https:\/\/cinemahouse.cz\/wp-content\/uploads\/2023\/02\/metronom0653_m-1536x1024.jpg 1536w, https:\/\/cinemahouse.cz\/wp-content\/uploads\/2023\/02\/metronom0653_m.jpg 1770w\" sizes=\"(max-width: 1024px) 100vw, 1024px\" \/><\/figure>\n\n\n\n<div style=\"height:20px\" aria-hidden=\"true\" class=\"wp-block-spacer\"><\/div>\n\n\n\n<p>Zvl\u00e1\u0161tn\u00ed pozornost bude na festivalu v\u011bnov\u00e1na sn\u00edmk\u016fm z Nizozemska, Belgie a Lucemburska, na kter\u00e9 se zam\u011b\u0159\u00ed festivalov\u00fd <strong>Fokus<\/strong>. <em>\u201eNa geograficky nevelk\u00e9m \u00fazem\u00ed Beneluxu filma\u0159i \u00fasp\u011b\u0161n\u011b spolupracuj\u00ed a v koprodukc\u00edch tu vznikaj\u00ed dramata i komedie, kter\u00e9 rezonuj\u00ed po cel\u00e9m sv\u011bt\u011b,\u201c<\/em> vysv\u011btluje zam\u011b\u0159en\u00ed p\u0159eshrani\u010dn\u00edho Fokusu \u0160imon \u0160afr\u00e1nek a p\u0159id\u00e1v\u00e1 tip na energick\u00e9 drama Rebel (Film Europe) v re\u017eii belgick\u00e9ho dua Adil El Arbi a Bilall Fallah: <em>\u201eTento film uv\u00e1d\u00edme v distribu\u010dn\u00ed premi\u00e9\u0159e. Vypr\u00e1v\u00ed o mlad\u00edkovi, kter\u00fd se vyd\u00e1 pom\u00e1hat syrsk\u00fdm rebel\u016fm. Kdy\u017e ale doraz\u00ed na m\u00edsto, jeho jednotku pohlt\u00ed hrdlo\u0159ezov\u00e9 z Isl\u00e1msk\u00e9ho st\u00e1tu.\u201c<\/em><\/p>\n\n\n\n<p>Odv\u00e1\u017en\u00e1 d\u00edla nastupuj\u00edc\u00ed filma\u0159sk\u00e9 generace budou soust\u0159ed\u011bna v sekci <strong>Poprv\u00e9<\/strong>, z n\u00ed\u017e vzejde i dr\u017eitel ceny o nejlep\u0161\u00ed evropsk\u00fd debut. Prom\u00edtnuto bude nap\u0159\u00edklad rumunsk\u00e9 retro Metronom, v n\u011bm\u017e re\u017eis\u00e9r Alexandru Belc vypr\u00e1v\u00ed o l\u00e1sce dosp\u00edvaj\u00edc\u00edch hrdin\u016f ve st\u00ednu komunistick\u00e9ho re\u017eimu. Film z\u00edskal cenu za re\u017eii v sekci Un certain regard na festivalu v Cannes. Dal\u0161\u00ed sout\u011b\u017en\u00ed sekci <strong>Film &amp; hudba<\/strong> obsad\u00ed dokument\u00e1rn\u00ed i hran\u00e9 filmy, v nich\u017e hlavn\u00ed roli hraje rytmus a melodie. Na programu bude belgick\u00e1 hudebn\u00ed komedie re\u017eis\u00e9ra Robina Pronta Zillion o vzestupu i p\u00e1du nejslavn\u011bj\u0161\u00ed diskot\u00e9ky v Antverp\u00e1ch. Sekce <strong>Hv\u011bzdy<\/strong> p\u0159inese ve v\u00fdb\u011bru aktu\u00e1ln\u00edch filmov\u00fdch hit\u016f setk\u00e1n\u00ed se sv\u011btozn\u00e1m\u00fdmi tv\u016frci i hereck\u00fdmi osobnostmi. Ve sn\u00edmku V\u00edc, ne\u017e kdy jindy re\u017eis\u00e9rky Emily Atef si div\u00e1ci p\u0159ipomenou um\u011bn\u00ed tragicky zesnul\u00e9ho francouzsk\u00e9ho herce Gasparda Ulliela (Pa\u0159\u00ed\u017ei, miluji t\u011b, Je to jen konec sv\u011bta).<\/p>\n\n\n\n<div style=\"height:20px\" aria-hidden=\"true\" class=\"wp-block-spacer\"><\/div>\n\n\n\n<figure class=\"wp-block-image size-large\"><img decoding=\"async\" loading=\"lazy\" width=\"1024\" height=\"683\" src=\"https:\/\/cinemahouse.cz\/wp-content\/uploads\/2023\/02\/FathersMothers_Still4_\u00a9Soren_Kirkegaard_m-1024x683.jpg\" alt=\"\" class=\"wp-image-3744\" srcset=\"https:\/\/cinemahouse.cz\/wp-content\/uploads\/2023\/02\/FathersMothers_Still4_\u00a9Soren_Kirkegaard_m-1024x683.jpg 1024w, https:\/\/cinemahouse.cz\/wp-content\/uploads\/2023\/02\/FathersMothers_Still4_\u00a9Soren_Kirkegaard_m-300x200.jpg 300w, https:\/\/cinemahouse.cz\/wp-content\/uploads\/2023\/02\/FathersMothers_Still4_\u00a9Soren_Kirkegaard_m-768x512.jpg 768w, https:\/\/cinemahouse.cz\/wp-content\/uploads\/2023\/02\/FathersMothers_Still4_\u00a9Soren_Kirkegaard_m-1536x1024.jpg 1536w, https:\/\/cinemahouse.cz\/wp-content\/uploads\/2023\/02\/FathersMothers_Still4_\u00a9Soren_Kirkegaard_m.jpg 1720w\" sizes=\"(max-width: 1024px) 100vw, 1024px\" \/><\/figure>\n\n\n\n<div style=\"height:20px\" aria-hidden=\"true\" class=\"wp-block-spacer\"><\/div>\n\n\n\n<p>V sekci <strong>Bez rodi\u010d\u016f<\/strong> se div\u00e1ci setkaj\u00ed s filmov\u00fdmi p\u0159\u00edb\u011bhy zam\u011b\u0159en\u00fdmi na sou\u010dasn\u00fd \u017eivot d\u011bt\u00ed a mladistv\u00fdch. V&nbsp;\u010desk\u00e9 premi\u00e9\u0159e prom\u00edtneme komedii Matky a otcov\u00e9 renomovan\u00e9 d\u00e1nsk\u00e9 re\u017eis\u00e9rky a here\u010dky Papriky Steen, v&nbsp;n\u00ed\u017e se rodi\u010de a jejich ratolesti vyd\u00e1vaj\u00ed na v\u00edkendov\u00fd \u0161koln\u00ed v\u00fdlet. V\u00fdb\u011br film\u016f nominovan\u00fdch na Cenu div\u00e1k\u016f ud\u011blovanou Evropsk\u00fdm parlamentem ve spolupr\u00e1ci s Evropskou filmovou akademi\u00ed obs\u00e1hne sekce <strong>LUX cena div\u00e1k\u016f<\/strong>, kde je k&nbsp;vid\u011bn\u00ed vele\u00fasp\u011b\u0161n\u00e1 \u0161v\u00e9dsk\u00e1 satira Troj\u00faheln\u00edk smutku. Ve spolupr\u00e1ci se Zastoupen\u00edm Evropsk\u00e9 komise v \u010cesk\u00e9 republice vznikl program sekce <strong>K v\u011bci: Dezinformace<\/strong>, kter\u00e1 p\u0159edstav\u00ed sn\u00edmky v\u011bnuj\u00edc\u00ed se dezinformac\u00edm a \u0161ed\u00e9 z\u00f3n\u011b mezi pravdou a l\u017e\u00ed. Uveden bude i loty\u0161sk\u00fd film Leden re\u017eis\u00e9ra Viesturse Kairi\u0161se, kter\u00fd na lo\u0148sk\u00fdch Dnech evropsk\u00e9ho filmu osobn\u011b uvedl sv\u016fj star\u0161\u00ed sn\u00edmek M\u011bsto na \u0159ece s \u010deskou here\u010dkou Brigitou Cmuntovou v jedn\u00e9 z hlavn\u00edch rol\u00ed. D\u00edla zam\u011b\u0159en\u00e1 na ot\u00e1zky udr\u017eitelnosti a ekologie obs\u00e1hne sekce <strong>Nad\u011bje je<\/strong>. V&nbsp;p\u0159edpremi\u00e9\u0159e bude prom\u00edtnut i p\u0159\u00edrodopisn\u00fd sn\u00edmek N\u00e1rod velryb (Bohemian Montion Pictures), v n\u011bm\u017e Jean-Albert Li?vre zavede div\u00e1ky mezi vz\u00e1cn\u00e9 keporkaky.<\/p>\n\n\n\n<p>Sou\u010d\u00e1st\u00ed doprovodn\u00e9ho programu budou diskuze, projekce pro seniory a pro \u0161koly, semin\u00e1\u0159e pro filmov\u00e9 profesion\u00e1ly i d\u00edlny pro d\u011bti. Autorkou grafick\u00e9ho konceptu jubilejn\u00edho 30. ro\u010dn\u00edku festivalu je Marija Petrinjac. Autorem filmov\u00fdch cen je Zden\u011bk Vacek. Hlavn\u00ed \u010d\u00e1st DEF se 20.\u201325. dubna uskute\u010dn\u00ed v pra\u017esk\u00fdch kinech Lucerna, Sv\u011btozor a P\u0159\u00edtomnost, v brn\u011bnsk\u00fdch kinech Scala, Art a ve Hv\u011bzd\u00e1rn\u011b a d\u00e1le v&nbsp;ostravsk\u00fdch kinech Et\u00e1\u017e a Minikino a v Planet\u00e1riu Ostrava. \u201e<em>Hled\u00e1n\u00ed nov\u00fdch filmov\u00fdch forem n\u00e1s dovedlo k&nbsp;ob\u0159\u00edm kopul\u00edm hv\u011bzd\u00e1ren, kter\u00e9 sv\u00fdm zakulacen\u00edm nab\u00edzej\u00ed odli\u0161n\u00fd a v\u00edce intenzivn\u00ed filmov\u00fd z\u00e1\u017eitek.&nbsp;Chceme vyu\u017e\u00edt technick\u00fdch mo\u017enost\u00ed planet\u00e1ri\u00ed a nab\u00eddnout div\u00e1k\u016fm specifick\u00e9 filmy&nbsp;<\/em><em>navr\u017een\u00e9 ve form\u00e1tu \u201efull dome\u201c. Vedle toho ale vyu\u017eijeme pohlcuj\u00edc\u00ed efekt planet\u00e1ri\u00ed i k&nbsp;projekci b\u011b\u017en\u00fdch film\u016f,\u201c <\/em>dod\u00e1v\u00e1 Barbora Golatov\u00e1, \u0159editelka DEF.&nbsp;Ozv\u011bny v regionech prob\u011bhnou 26.\u201330. dubna v kinech v Boskovic\u00edch, Hav\u00ed\u0159ov\u011b, \u010cerven\u00e9m Kostelci, Jablonci nad Nisou, Hradci Kr\u00e1lov\u00e9, Hodon\u00edn\u011b, Vrchlab\u00ed, \u0160umperku, Vy\u0161kov\u011b a ve Znojmu.<\/p>\n\n\n\n<p><strong>Odkazy:<\/strong><\/p>\n\n\n\n<p><strong>Web: <a href=\"http:\/\/www.dnyevropskehofilmu.cz\/\">www.dnyevropskehofilmu.cz<\/a><\/strong><\/p>\n\n\n\n<p><strong>Facebook: <a href=\"http:\/\/www.facebook.com\/DnyEvropskehoFilmu\/\">www.facebook.com\/DnyEvropskehoFilmu\/<\/a><\/strong><\/p>\n\n\n\n<p><strong>Instagram: <a href=\"http:\/\/www.instagram.com\/dnyevropskehofilmu\/\">www.instagram.com\/dnyevropskehofilmu\/<\/a><\/strong><\/p>\n\n\n\n<p><strong>Youtube: <a href=\"http:\/\/www.youtube.com\/@dnyevropskehofilmudaysofeu8359\/featured\">www.youtube.com\/@dnyevropskehofilmudaysofeu8359\/featured<\/a><\/strong><\/p>\n\n\n\n<div style=\"height:67px\" aria-hidden=\"true\" class=\"wp-block-spacer\"><\/div>\n\n\n\n<figure class=\"wp-block-gallery columns-2 is-cropped wp-block-gallery-1 is-layout-flex wp-block-gallery-is-layout-flex\"><ul class=\"blocks-gallery-grid\"><li class=\"blocks-gallery-item\"><figure><img decoding=\"async\" loading=\"lazy\" width=\"1024\" height=\"683\" src=\"https:\/\/cinemahouse.cz\/wp-content\/uploads\/2023\/02\/metronom0653_m-1024x683.jpg\" alt=\"\" data-id=\"3745\" data-full-url=\"https:\/\/cinemahouse.cz\/wp-content\/uploads\/2023\/02\/metronom0653_m.jpg\" data-link=\"https:\/\/cinemahouse.cz\/?attachment_id=3745\" class=\"wp-image-3745\" srcset=\"https:\/\/cinemahouse.cz\/wp-content\/uploads\/2023\/02\/metronom0653_m-1024x683.jpg 1024w, https:\/\/cinemahouse.cz\/wp-content\/uploads\/2023\/02\/metronom0653_m-300x200.jpg 300w, https:\/\/cinemahouse.cz\/wp-content\/uploads\/2023\/02\/metronom0653_m-768x512.jpg 768w, https:\/\/cinemahouse.cz\/wp-content\/uploads\/2023\/02\/metronom0653_m-1536x1024.jpg 1536w, https:\/\/cinemahouse.cz\/wp-content\/uploads\/2023\/02\/metronom0653_m.jpg 1770w\" sizes=\"(max-width: 1024px) 100vw, 1024px\" \/><\/figure><\/li><li class=\"blocks-gallery-item\"><figure><img decoding=\"async\" loading=\"lazy\" width=\"1024\" height=\"683\" src=\"https:\/\/cinemahouse.cz\/wp-content\/uploads\/2023\/02\/FathersMothers_Still4_\u00a9Soren_Kirkegaard_m-1024x683.jpg\" alt=\"\" data-id=\"3744\" data-full-url=\"https:\/\/cinemahouse.cz\/wp-content\/uploads\/2023\/02\/FathersMothers_Still4_\u00a9Soren_Kirkegaard_m.jpg\" data-link=\"https:\/\/cinemahouse.cz\/?attachment_id=3744\" class=\"wp-image-3744\" srcset=\"https:\/\/cinemahouse.cz\/wp-content\/uploads\/2023\/02\/FathersMothers_Still4_\u00a9Soren_Kirkegaard_m-1024x683.jpg 1024w, https:\/\/cinemahouse.cz\/wp-content\/uploads\/2023\/02\/FathersMothers_Still4_\u00a9Soren_Kirkegaard_m-300x200.jpg 300w, https:\/\/cinemahouse.cz\/wp-content\/uploads\/2023\/02\/FathersMothers_Still4_\u00a9Soren_Kirkegaard_m-768x512.jpg 768w, https:\/\/cinemahouse.cz\/wp-content\/uploads\/2023\/02\/FathersMothers_Still4_\u00a9Soren_Kirkegaard_m-1536x1024.jpg 1536w, https:\/\/cinemahouse.cz\/wp-content\/uploads\/2023\/02\/FathersMothers_Still4_\u00a9Soren_Kirkegaard_m.jpg 1720w\" sizes=\"(max-width: 1024px) 100vw, 1024px\" \/><\/figure><\/li><li class=\"blocks-gallery-item\"><figure><img decoding=\"async\" loading=\"lazy\" width=\"1024\" height=\"616\" src=\"https:\/\/cinemahouse.cz\/wp-content\/uploads\/2023\/02\/zillion_m-1024x616.jpg\" alt=\"\" data-id=\"3746\" data-full-url=\"https:\/\/cinemahouse.cz\/wp-content\/uploads\/2023\/02\/zillion_m.jpg\" data-link=\"https:\/\/cinemahouse.cz\/?attachment_id=3746\" class=\"wp-image-3746\" srcset=\"https:\/\/cinemahouse.cz\/wp-content\/uploads\/2023\/02\/zillion_m-1024x616.jpg 1024w, https:\/\/cinemahouse.cz\/wp-content\/uploads\/2023\/02\/zillion_m-300x180.jpg 300w, https:\/\/cinemahouse.cz\/wp-content\/uploads\/2023\/02\/zillion_m-768x462.jpg 768w, https:\/\/cinemahouse.cz\/wp-content\/uploads\/2023\/02\/zillion_m.jpg 1500w\" sizes=\"(max-width: 1024px) 100vw, 1024px\" \/><\/figure><\/li><\/ul><\/figure>\n\n\n\n<p><strong>Zdroj foto:<\/strong> DEF<\/p>\n\n\n\n<div style=\"height:20px\" aria-hidden=\"true\" class=\"wp-block-spacer\"><\/div>\n","protected":false},"excerpt":{"rendered":"<p>Kvalitn\u00ed a v\u00fdhradn\u011b evropsk\u00e9 sn\u00edmky, kter\u00e9 se zpravidla do b\u011b\u017en\u00e9 distribuce nedostanou, nab\u00eddne i letos sout\u011b\u017en\u00ed festival Dny evropsk\u00e9ho filmu (DEF). Jubilejn\u00ed t\u0159ic\u00e1t\u00fd ro\u010dn\u00edk p\u0159inese nap\u0159\u00edklad samostatnou sekci film\u016f v\u00fdznamn\u00e9ho n\u011bmeck\u00e9ho re\u017eis\u00e9ra Fatiha Akina,&#46;&#46;&#46;<\/p>\n","protected":false},"author":3,"featured_media":3746,"comment_status":"closed","ping_status":"closed","sticky":false,"template":"","format":"standard","meta":{"_monsterinsights_skip_tracking":false,"_monsterinsights_sitenote_active":false,"_monsterinsights_sitenote_note":"","_monsterinsights_sitenote_category":0,"footnotes":""},"categories":[12,2,13],"tags":[],"yoast_head":"<!-- This site is optimized with the Yoast SEO plugin v21.4 - https:\/\/yoast.com\/wordpress\/plugins\/seo\/ -->\n<title>DEF slav\u00ed 30 let: Zve na kinematografii zem\u00ed Beneluxu \u010di sn\u00edmky Fatiha Akina - CINEMAHOUSE.cz<\/title>\n<meta name=\"robots\" content=\"index, follow, max-snippet:-1, max-image-preview:large, max-video-preview:-1\" \/>\n<link rel=\"canonical\" href=\"https:\/\/cinemahouse.cz\/index.php\/2023\/02\/20\/def-slavi-30-let-zve-na-kinematografii-zemi-beneluxu-ci-snimky-fatiha-akina\/\" \/>\n<meta property=\"og:locale\" content=\"cs_CZ\" \/>\n<meta property=\"og:type\" content=\"article\" \/>\n<meta property=\"og:title\" content=\"DEF slav\u00ed 30 let: Zve na kinematografii zem\u00ed Beneluxu \u010di sn\u00edmky Fatiha Akina - CINEMAHOUSE.cz\" \/>\n<meta property=\"og:description\" content=\"Kvalitn\u00ed a v\u00fdhradn\u011b evropsk\u00e9 sn\u00edmky, kter\u00e9 se zpravidla do b\u011b\u017en\u00e9 distribuce nedostanou, nab\u00eddne i letos sout\u011b\u017en\u00ed festival Dny evropsk\u00e9ho filmu (DEF). Jubilejn\u00ed t\u0159ic\u00e1t\u00fd ro\u010dn\u00edk p\u0159inese nap\u0159\u00edklad samostatnou sekci film\u016f v\u00fdznamn\u00e9ho n\u011bmeck\u00e9ho re\u017eis\u00e9ra Fatiha Akina,&#046;&#046;&#046;\" \/>\n<meta property=\"og:url\" content=\"https:\/\/cinemahouse.cz\/index.php\/2023\/02\/20\/def-slavi-30-let-zve-na-kinematografii-zemi-beneluxu-ci-snimky-fatiha-akina\/\" \/>\n<meta property=\"og:site_name\" content=\"CINEMAHOUSE.cz\" \/>\n<meta property=\"article:published_time\" content=\"2023-02-20T13:57:30+00:00\" \/>\n<meta property=\"og:image\" content=\"https:\/\/cinemahouse.cz\/wp-content\/uploads\/2023\/02\/zillion_m.jpg\" \/>\n\t<meta property=\"og:image:width\" content=\"1500\" \/>\n\t<meta property=\"og:image:height\" content=\"902\" \/>\n\t<meta property=\"og:image:type\" content=\"image\/jpeg\" \/>\n<meta name=\"author\" content=\"Jolana Hol\u00e1\u0148ov\u00e1\" \/>\n<meta name=\"twitter:card\" content=\"summary_large_image\" \/>\n<meta name=\"twitter:label1\" content=\"Napsal(a)\" \/>\n\t<meta name=\"twitter:data1\" content=\"Jolana Hol\u00e1\u0148ov\u00e1\" \/>\n\t<meta name=\"twitter:label2\" content=\"Odhadovan\u00e1 doba \u010dten\u00ed\" \/>\n\t<meta name=\"twitter:data2\" content=\"6 minut\" \/>\n<script type=\"application\/ld+json\" class=\"yoast-schema-graph\">{\"@context\":\"https:\/\/schema.org\",\"@graph\":[{\"@type\":\"Article\",\"@id\":\"https:\/\/cinemahouse.cz\/index.php\/2023\/02\/20\/def-slavi-30-let-zve-na-kinematografii-zemi-beneluxu-ci-snimky-fatiha-akina\/#article\",\"isPartOf\":{\"@id\":\"https:\/\/cinemahouse.cz\/index.php\/2023\/02\/20\/def-slavi-30-let-zve-na-kinematografii-zemi-beneluxu-ci-snimky-fatiha-akina\/\"},\"author\":{\"name\":\"Jolana Hol\u00e1\u0148ov\u00e1\",\"@id\":\"https:\/\/cinemahouse.cz\/#\/schema\/person\/1ddc0bd12b9f599dd69c434ae0096313\"},\"headline\":\"DEF slav\u00ed 30 let: Zve na kinematografii zem\u00ed Beneluxu \u010di sn\u00edmky Fatiha Akina\",\"datePublished\":\"2023-02-20T13:57:30+00:00\",\"dateModified\":\"2023-02-20T13:57:30+00:00\",\"mainEntityOfPage\":{\"@id\":\"https:\/\/cinemahouse.cz\/index.php\/2023\/02\/20\/def-slavi-30-let-zve-na-kinematografii-zemi-beneluxu-ci-snimky-fatiha-akina\/\"},\"wordCount\":1182,\"publisher\":{\"@id\":\"https:\/\/cinemahouse.cz\/#organization\"},\"articleSection\":[\"FILMY, SERI\u00c1LY a TV\",\"NEWS\",\"TIPY a TRENDY\"],\"inLanguage\":\"cs\"},{\"@type\":\"WebPage\",\"@id\":\"https:\/\/cinemahouse.cz\/index.php\/2023\/02\/20\/def-slavi-30-let-zve-na-kinematografii-zemi-beneluxu-ci-snimky-fatiha-akina\/\",\"url\":\"https:\/\/cinemahouse.cz\/index.php\/2023\/02\/20\/def-slavi-30-let-zve-na-kinematografii-zemi-beneluxu-ci-snimky-fatiha-akina\/\",\"name\":\"DEF slav\u00ed 30 let: Zve na kinematografii zem\u00ed Beneluxu \u010di sn\u00edmky Fatiha Akina - CINEMAHOUSE.cz\",\"isPartOf\":{\"@id\":\"https:\/\/cinemahouse.cz\/#website\"},\"datePublished\":\"2023-02-20T13:57:30+00:00\",\"dateModified\":\"2023-02-20T13:57:30+00:00\",\"breadcrumb\":{\"@id\":\"https:\/\/cinemahouse.cz\/index.php\/2023\/02\/20\/def-slavi-30-let-zve-na-kinematografii-zemi-beneluxu-ci-snimky-fatiha-akina\/#breadcrumb\"},\"inLanguage\":\"cs\",\"potentialAction\":[{\"@type\":\"ReadAction\",\"target\":[\"https:\/\/cinemahouse.cz\/index.php\/2023\/02\/20\/def-slavi-30-let-zve-na-kinematografii-zemi-beneluxu-ci-snimky-fatiha-akina\/\"]}]},{\"@type\":\"BreadcrumbList\",\"@id\":\"https:\/\/cinemahouse.cz\/index.php\/2023\/02\/20\/def-slavi-30-let-zve-na-kinematografii-zemi-beneluxu-ci-snimky-fatiha-akina\/#breadcrumb\",\"itemListElement\":[{\"@type\":\"ListItem\",\"position\":1,\"name\":\"Dom\u016f\",\"item\":\"https:\/\/cinemahouse.cz\/\"},{\"@type\":\"ListItem\",\"position\":2,\"name\":\"DEF slav\u00ed 30 let: Zve na kinematografii zem\u00ed Beneluxu \u010di sn\u00edmky Fatiha Akina\"}]},{\"@type\":\"WebSite\",\"@id\":\"https:\/\/cinemahouse.cz\/#website\",\"url\":\"https:\/\/cinemahouse.cz\/\",\"name\":\"CINEMAHOUSE.cz\",\"description\":\"Port\u00e1l o filmov\u00fdch novink\u00e1ch\",\"publisher\":{\"@id\":\"https:\/\/cinemahouse.cz\/#organization\"},\"potentialAction\":[{\"@type\":\"SearchAction\",\"target\":{\"@type\":\"EntryPoint\",\"urlTemplate\":\"https:\/\/cinemahouse.cz\/?s={search_term_string}\"},\"query-input\":\"required name=search_term_string\"}],\"inLanguage\":\"cs\"},{\"@type\":\"Organization\",\"@id\":\"https:\/\/cinemahouse.cz\/#organization\",\"name\":\"CINEMAHOUSE.cz\",\"url\":\"https:\/\/cinemahouse.cz\/\",\"logo\":{\"@type\":\"ImageObject\",\"inLanguage\":\"cs\",\"@id\":\"https:\/\/cinemahouse.cz\/#\/schema\/logo\/image\/\",\"url\":\"https:\/\/cinemahouse.cz\/wp-content\/uploads\/2024\/12\/cropped-Logo_CinemaHouse.jpg\",\"contentUrl\":\"https:\/\/cinemahouse.cz\/wp-content\/uploads\/2024\/12\/cropped-Logo_CinemaHouse.jpg\",\"width\":926,\"height\":467,\"caption\":\"CINEMAHOUSE.cz\"},\"image\":{\"@id\":\"https:\/\/cinemahouse.cz\/#\/schema\/logo\/image\/\"}},{\"@type\":\"Person\",\"@id\":\"https:\/\/cinemahouse.cz\/#\/schema\/person\/1ddc0bd12b9f599dd69c434ae0096313\",\"name\":\"Jolana Hol\u00e1\u0148ov\u00e1\",\"image\":{\"@type\":\"ImageObject\",\"inLanguage\":\"cs\",\"@id\":\"https:\/\/cinemahouse.cz\/#\/schema\/person\/image\/\",\"url\":\"https:\/\/secure.gravatar.com\/avatar\/5863c504ed89cd419ff3a5e812c722ff?s=96&d=mm&r=g\",\"contentUrl\":\"https:\/\/secure.gravatar.com\/avatar\/5863c504ed89cd419ff3a5e812c722ff?s=96&d=mm&r=g\",\"caption\":\"Jolana Hol\u00e1\u0148ov\u00e1\"},\"sameAs\":[\"http:\/\/wwww.cinemahouse.cz\"],\"url\":\"https:\/\/cinemahouse.cz\/index.php\/author\/jolhol\/\"}]}<\/script>\n<!-- \/ Yoast SEO plugin. -->","yoast_head_json":{"title":"DEF slav\u00ed 30 let: Zve na kinematografii zem\u00ed Beneluxu \u010di sn\u00edmky Fatiha Akina - CINEMAHOUSE.cz","robots":{"index":"index","follow":"follow","max-snippet":"max-snippet:-1","max-image-preview":"max-image-preview:large","max-video-preview":"max-video-preview:-1"},"canonical":"https:\/\/cinemahouse.cz\/index.php\/2023\/02\/20\/def-slavi-30-let-zve-na-kinematografii-zemi-beneluxu-ci-snimky-fatiha-akina\/","og_locale":"cs_CZ","og_type":"article","og_title":"DEF slav\u00ed 30 let: Zve na kinematografii zem\u00ed Beneluxu \u010di sn\u00edmky Fatiha Akina - CINEMAHOUSE.cz","og_description":"Kvalitn\u00ed a v\u00fdhradn\u011b evropsk\u00e9 sn\u00edmky, kter\u00e9 se zpravidla do b\u011b\u017en\u00e9 distribuce nedostanou, nab\u00eddne i letos sout\u011b\u017en\u00ed festival Dny evropsk\u00e9ho filmu (DEF). Jubilejn\u00ed t\u0159ic\u00e1t\u00fd ro\u010dn\u00edk p\u0159inese nap\u0159\u00edklad samostatnou sekci film\u016f v\u00fdznamn\u00e9ho n\u011bmeck\u00e9ho re\u017eis\u00e9ra Fatiha Akina,&#46;&#46;&#46;","og_url":"https:\/\/cinemahouse.cz\/index.php\/2023\/02\/20\/def-slavi-30-let-zve-na-kinematografii-zemi-beneluxu-ci-snimky-fatiha-akina\/","og_site_name":"CINEMAHOUSE.cz","article_published_time":"2023-02-20T13:57:30+00:00","og_image":[{"width":1500,"height":902,"url":"https:\/\/cinemahouse.cz\/wp-content\/uploads\/2023\/02\/zillion_m.jpg","type":"image\/jpeg"}],"author":"Jolana Hol\u00e1\u0148ov\u00e1","twitter_card":"summary_large_image","twitter_misc":{"Napsal(a)":"Jolana Hol\u00e1\u0148ov\u00e1","Odhadovan\u00e1 doba \u010dten\u00ed":"6 minut"},"schema":{"@context":"https:\/\/schema.org","@graph":[{"@type":"Article","@id":"https:\/\/cinemahouse.cz\/index.php\/2023\/02\/20\/def-slavi-30-let-zve-na-kinematografii-zemi-beneluxu-ci-snimky-fatiha-akina\/#article","isPartOf":{"@id":"https:\/\/cinemahouse.cz\/index.php\/2023\/02\/20\/def-slavi-30-let-zve-na-kinematografii-zemi-beneluxu-ci-snimky-fatiha-akina\/"},"author":{"name":"Jolana Hol\u00e1\u0148ov\u00e1","@id":"https:\/\/cinemahouse.cz\/#\/schema\/person\/1ddc0bd12b9f599dd69c434ae0096313"},"headline":"DEF slav\u00ed 30 let: Zve na kinematografii zem\u00ed Beneluxu \u010di sn\u00edmky Fatiha Akina","datePublished":"2023-02-20T13:57:30+00:00","dateModified":"2023-02-20T13:57:30+00:00","mainEntityOfPage":{"@id":"https:\/\/cinemahouse.cz\/index.php\/2023\/02\/20\/def-slavi-30-let-zve-na-kinematografii-zemi-beneluxu-ci-snimky-fatiha-akina\/"},"wordCount":1182,"publisher":{"@id":"https:\/\/cinemahouse.cz\/#organization"},"articleSection":["FILMY, SERI\u00c1LY a TV","NEWS","TIPY a TRENDY"],"inLanguage":"cs"},{"@type":"WebPage","@id":"https:\/\/cinemahouse.cz\/index.php\/2023\/02\/20\/def-slavi-30-let-zve-na-kinematografii-zemi-beneluxu-ci-snimky-fatiha-akina\/","url":"https:\/\/cinemahouse.cz\/index.php\/2023\/02\/20\/def-slavi-30-let-zve-na-kinematografii-zemi-beneluxu-ci-snimky-fatiha-akina\/","name":"DEF slav\u00ed 30 let: Zve na kinematografii zem\u00ed Beneluxu \u010di sn\u00edmky Fatiha Akina - CINEMAHOUSE.cz","isPartOf":{"@id":"https:\/\/cinemahouse.cz\/#website"},"datePublished":"2023-02-20T13:57:30+00:00","dateModified":"2023-02-20T13:57:30+00:00","breadcrumb":{"@id":"https:\/\/cinemahouse.cz\/index.php\/2023\/02\/20\/def-slavi-30-let-zve-na-kinematografii-zemi-beneluxu-ci-snimky-fatiha-akina\/#breadcrumb"},"inLanguage":"cs","potentialAction":[{"@type":"ReadAction","target":["https:\/\/cinemahouse.cz\/index.php\/2023\/02\/20\/def-slavi-30-let-zve-na-kinematografii-zemi-beneluxu-ci-snimky-fatiha-akina\/"]}]},{"@type":"BreadcrumbList","@id":"https:\/\/cinemahouse.cz\/index.php\/2023\/02\/20\/def-slavi-30-let-zve-na-kinematografii-zemi-beneluxu-ci-snimky-fatiha-akina\/#breadcrumb","itemListElement":[{"@type":"ListItem","position":1,"name":"Dom\u016f","item":"https:\/\/cinemahouse.cz\/"},{"@type":"ListItem","position":2,"name":"DEF slav\u00ed 30 let: Zve na kinematografii zem\u00ed Beneluxu \u010di sn\u00edmky Fatiha Akina"}]},{"@type":"WebSite","@id":"https:\/\/cinemahouse.cz\/#website","url":"https:\/\/cinemahouse.cz\/","name":"CINEMAHOUSE.cz","description":"Port\u00e1l o filmov\u00fdch novink\u00e1ch","publisher":{"@id":"https:\/\/cinemahouse.cz\/#organization"},"potentialAction":[{"@type":"SearchAction","target":{"@type":"EntryPoint","urlTemplate":"https:\/\/cinemahouse.cz\/?s={search_term_string}"},"query-input":"required name=search_term_string"}],"inLanguage":"cs"},{"@type":"Organization","@id":"https:\/\/cinemahouse.cz\/#organization","name":"CINEMAHOUSE.cz","url":"https:\/\/cinemahouse.cz\/","logo":{"@type":"ImageObject","inLanguage":"cs","@id":"https:\/\/cinemahouse.cz\/#\/schema\/logo\/image\/","url":"https:\/\/cinemahouse.cz\/wp-content\/uploads\/2024\/12\/cropped-Logo_CinemaHouse.jpg","contentUrl":"https:\/\/cinemahouse.cz\/wp-content\/uploads\/2024\/12\/cropped-Logo_CinemaHouse.jpg","width":926,"height":467,"caption":"CINEMAHOUSE.cz"},"image":{"@id":"https:\/\/cinemahouse.cz\/#\/schema\/logo\/image\/"}},{"@type":"Person","@id":"https:\/\/cinemahouse.cz\/#\/schema\/person\/1ddc0bd12b9f599dd69c434ae0096313","name":"Jolana Hol\u00e1\u0148ov\u00e1","image":{"@type":"ImageObject","inLanguage":"cs","@id":"https:\/\/cinemahouse.cz\/#\/schema\/person\/image\/","url":"https:\/\/secure.gravatar.com\/avatar\/5863c504ed89cd419ff3a5e812c722ff?s=96&d=mm&r=g","contentUrl":"https:\/\/secure.gravatar.com\/avatar\/5863c504ed89cd419ff3a5e812c722ff?s=96&d=mm&r=g","caption":"Jolana Hol\u00e1\u0148ov\u00e1"},"sameAs":["http:\/\/wwww.cinemahouse.cz"],"url":"https:\/\/cinemahouse.cz\/index.php\/author\/jolhol\/"}]}},"_links":{"self":[{"href":"https:\/\/cinemahouse.cz\/index.php\/wp-json\/wp\/v2\/posts\/3743"}],"collection":[{"href":"https:\/\/cinemahouse.cz\/index.php\/wp-json\/wp\/v2\/posts"}],"about":[{"href":"https:\/\/cinemahouse.cz\/index.php\/wp-json\/wp\/v2\/types\/post"}],"author":[{"embeddable":true,"href":"https:\/\/cinemahouse.cz\/index.php\/wp-json\/wp\/v2\/users\/3"}],"replies":[{"embeddable":true,"href":"https:\/\/cinemahouse.cz\/index.php\/wp-json\/wp\/v2\/comments?post=3743"}],"version-history":[{"count":1,"href":"https:\/\/cinemahouse.cz\/index.php\/wp-json\/wp\/v2\/posts\/3743\/revisions"}],"predecessor-version":[{"id":3747,"href":"https:\/\/cinemahouse.cz\/index.php\/wp-json\/wp\/v2\/posts\/3743\/revisions\/3747"}],"wp:featuredmedia":[{"embeddable":true,"href":"https:\/\/cinemahouse.cz\/index.php\/wp-json\/wp\/v2\/media\/3746"}],"wp:attachment":[{"href":"https:\/\/cinemahouse.cz\/index.php\/wp-json\/wp\/v2\/media?parent=3743"}],"wp:term":[{"taxonomy":"category","embeddable":true,"href":"https:\/\/cinemahouse.cz\/index.php\/wp-json\/wp\/v2\/categories?post=3743"},{"taxonomy":"post_tag","embeddable":true,"href":"https:\/\/cinemahouse.cz\/index.php\/wp-json\/wp\/v2\/tags?post=3743"}],"curies":[{"name":"wp","href":"https:\/\/api.w.org\/{rel}","templated":true}]}}