{"id":336,"date":"2019-04-11T03:15:04","date_gmt":"2019-04-11T01:15:04","guid":{"rendered":"http:\/\/cinemahouse.cz\/?p=336"},"modified":"2019-04-12T03:22:52","modified_gmt":"2019-04-12T01:22:52","slug":"lvi-kral-novy-trailer","status":"publish","type":"post","link":"https:\/\/cinemahouse.cz\/index.php\/2019\/04\/11\/lvi-kral-novy-trailer\/","title":{"rendered":"Lv\u00ed kr\u00e1l | nov\u00fd trailer"},"content":{"rendered":"\n<p><strong>Lv\u00ed kr\u00e1l m\u00e1 nov\u00fd trailer, kter\u00fd v\u00e1s zavede do africk\u00e9 savany, kde se pr\u00e1v\u011b narodil budouc\u00ed lv\u00ed kr\u00e1l.<\/strong><\/p>\n\n\n\n<p>Sn\u00edmek <em>Lv\u00ed kr\u00e1l<\/em> od studia Disney, jen\u017e re\u017e\u00edroval Jon Favreau (<em>Kniha d\u017eungl\u00ed<\/em>),\n se odehr\u00e1v\u00e1 v&nbsp;africk\u00e9 savan\u011b, kde se narodil budouc\u00ed panovn\u00edk v\u0161eho \n\u017eiv\u00e9ho. Mal\u00fd lv\u00ed princ Simba zbo\u017e\u0148uje sv\u00e9ho otce, lv\u00edho kr\u00e1le Mufasu, a \np\u0159ipravuje\n se na svou budouc\u00ed vl\u00e1du. Av\u0161ak ne v\u0161ichni se z&nbsp;mal\u00e9ho Simby raduj\u00ed. \nMufas\u016fv bratr Scar, p\u016fvodn\u00ed n\u00e1sledn\u00edk tr\u016fnu, sp\u0159\u00e1d\u00e1 sv\u00e9 vlastn\u00ed, temn\u00e9 \npl\u00e1ny. Souboj o Lv\u00ed sk\u00e1lu pln\u00fd intrik, dramat a po ne\u010dekan\u00e9 trag\u00e9dii \nskon\u010d\u00ed Simbov\u00fdm vyhnanstv\u00edm. Za pomoci dvou nov\u00fdch\n p\u0159\u00e1tel mus\u00ed Simba dosp\u011bt a st\u00e1t se t\u00edm, k\u00fdm je mu souzeno b\u00fdt. &nbsp;<\/p>\n\n\n\n<p>Re\u017eis\u00e9r Jonh Favreau vypr\u00e1v\u00ed animovanou klasiku za  pomoci nov\u00fdch filmov\u00fdch technologi\u00ed a uv\u00e1d\u00ed zn\u00e1m\u00e9 postavy na st\u0159\u00edbrn\u00e9  pl\u00e1tno zcela nov\u00fdm, realistick\u00fdch zp\u016fsobem. V\u00a0p\u016fvodn\u00edm zn\u011bn\u00ed usly\u0161\u00edte  Donalda Glovera jako Simbu, Beyonc\u00e9 Knowles-Carter  jako Nalu, Jamese Earla Jonese jako Mufasu, Chiwetela Ejiofora jako  Scara, Setha Rogena jako Pumbuu a Billyho Eichnera jako Timona.<\/p>\n\n\n\n<figure><iframe loading=\"lazy\" width=\"720\" height=\"383\" src=\"https:\/\/www.youtube.com\/embed\/zjj-Sm8pqfA\" allowfullscreen=\"\"><\/iframe><\/figure>\n\n\n\n<p><strong>V kinech 18. \u010dervence. <\/strong><\/p>\n","protected":false},"excerpt":{"rendered":"<p>Lv\u00ed kr\u00e1l m\u00e1 nov\u00fd trailer, kter\u00fd v\u00e1s zavede do africk\u00e9 savany, kde se pr\u00e1v\u011b narodil budouc\u00ed lv\u00ed kr\u00e1l. Sn\u00edmek Lv\u00ed kr\u00e1l od studia Disney, jen\u017e re\u017e\u00edroval Jon Favreau (Kniha d\u017eungl\u00ed), se odehr\u00e1v\u00e1 v&nbsp;africk\u00e9 savan\u011b,&#46;&#46;&#46;<\/p>\n","protected":false},"author":2,"featured_media":339,"comment_status":"closed","ping_status":"closed","sticky":false,"template":"","format":"standard","meta":{"_monsterinsights_skip_tracking":false,"_monsterinsights_sitenote_active":false,"_monsterinsights_sitenote_note":"","_monsterinsights_sitenote_category":0,"footnotes":""},"categories":[2,5],"tags":[],"yoast_head":"<!-- This site is optimized with the Yoast SEO plugin v21.4 - https:\/\/yoast.com\/wordpress\/plugins\/seo\/ -->\n<title>Lv\u00ed kr\u00e1l | nov\u00fd trailer - CINEMAHOUSE.cz<\/title>\n<meta name=\"robots\" content=\"index, follow, max-snippet:-1, max-image-preview:large, max-video-preview:-1\" \/>\n<link rel=\"canonical\" href=\"https:\/\/cinemahouse.cz\/index.php\/2019\/04\/11\/lvi-kral-novy-trailer\/\" \/>\n<meta property=\"og:locale\" content=\"cs_CZ\" \/>\n<meta property=\"og:type\" content=\"article\" \/>\n<meta property=\"og:title\" content=\"Lv\u00ed kr\u00e1l | nov\u00fd trailer - CINEMAHOUSE.cz\" \/>\n<meta property=\"og:description\" content=\"Lv\u00ed kr\u00e1l m\u00e1 nov\u00fd trailer, kter\u00fd v\u00e1s zavede do africk\u00e9 savany, kde se pr\u00e1v\u011b narodil budouc\u00ed lv\u00ed kr\u00e1l. Sn\u00edmek Lv\u00ed kr\u00e1l od studia Disney, jen\u017e re\u017e\u00edroval Jon Favreau (Kniha d\u017eungl\u00ed), se odehr\u00e1v\u00e1 v&nbsp;africk\u00e9 savan\u011b,&#046;&#046;&#046;\" \/>\n<meta property=\"og:url\" content=\"https:\/\/cinemahouse.cz\/index.php\/2019\/04\/11\/lvi-kral-novy-trailer\/\" \/>\n<meta property=\"og:site_name\" content=\"CINEMAHOUSE.cz\" \/>\n<meta property=\"article:published_time\" content=\"2019-04-11T01:15:04+00:00\" \/>\n<meta property=\"article:modified_time\" content=\"2019-04-12T01:22:52+00:00\" \/>\n<meta property=\"og:image\" content=\"https:\/\/cinemahouse.cz\/wp-content\/uploads\/2019\/04\/YXJ0aWNsZU1haW4vMjI5NDYx.jpg\" \/>\n\t<meta property=\"og:image:width\" content=\"1020\" \/>\n\t<meta property=\"og:image:height\" content=\"574\" \/>\n\t<meta property=\"og:image:type\" content=\"image\/jpeg\" \/>\n<meta name=\"author\" content=\"Miroslav Van\u011bk\" \/>\n<meta name=\"twitter:card\" content=\"summary_large_image\" \/>\n<meta name=\"twitter:label1\" content=\"Napsal(a)\" \/>\n\t<meta name=\"twitter:data1\" content=\"Miroslav Van\u011bk\" \/>\n\t<meta name=\"twitter:label2\" content=\"Odhadovan\u00e1 doba \u010dten\u00ed\" \/>\n\t<meta name=\"twitter:data2\" content=\"1 minuta\" \/>\n<script type=\"application\/ld+json\" class=\"yoast-schema-graph\">{\"@context\":\"https:\/\/schema.org\",\"@graph\":[{\"@type\":\"Article\",\"@id\":\"https:\/\/cinemahouse.cz\/index.php\/2019\/04\/11\/lvi-kral-novy-trailer\/#article\",\"isPartOf\":{\"@id\":\"https:\/\/cinemahouse.cz\/index.php\/2019\/04\/11\/lvi-kral-novy-trailer\/\"},\"author\":{\"name\":\"Miroslav Van\u011bk\",\"@id\":\"https:\/\/cinemahouse.cz\/#\/schema\/person\/b4b442f183df4da20f147173def615f2\"},\"headline\":\"Lv\u00ed kr\u00e1l | nov\u00fd trailer\",\"datePublished\":\"2019-04-11T01:15:04+00:00\",\"dateModified\":\"2019-04-12T01:22:52+00:00\",\"mainEntityOfPage\":{\"@id\":\"https:\/\/cinemahouse.cz\/index.php\/2019\/04\/11\/lvi-kral-novy-trailer\/\"},\"wordCount\":228,\"publisher\":{\"@id\":\"https:\/\/cinemahouse.cz\/#organization\"},\"articleSection\":[\"NEWS\",\"TRAILERY\"],\"inLanguage\":\"cs\"},{\"@type\":\"WebPage\",\"@id\":\"https:\/\/cinemahouse.cz\/index.php\/2019\/04\/11\/lvi-kral-novy-trailer\/\",\"url\":\"https:\/\/cinemahouse.cz\/index.php\/2019\/04\/11\/lvi-kral-novy-trailer\/\",\"name\":\"Lv\u00ed kr\u00e1l | nov\u00fd trailer - CINEMAHOUSE.cz\",\"isPartOf\":{\"@id\":\"https:\/\/cinemahouse.cz\/#website\"},\"datePublished\":\"2019-04-11T01:15:04+00:00\",\"dateModified\":\"2019-04-12T01:22:52+00:00\",\"breadcrumb\":{\"@id\":\"https:\/\/cinemahouse.cz\/index.php\/2019\/04\/11\/lvi-kral-novy-trailer\/#breadcrumb\"},\"inLanguage\":\"cs\",\"potentialAction\":[{\"@type\":\"ReadAction\",\"target\":[\"https:\/\/cinemahouse.cz\/index.php\/2019\/04\/11\/lvi-kral-novy-trailer\/\"]}]},{\"@type\":\"BreadcrumbList\",\"@id\":\"https:\/\/cinemahouse.cz\/index.php\/2019\/04\/11\/lvi-kral-novy-trailer\/#breadcrumb\",\"itemListElement\":[{\"@type\":\"ListItem\",\"position\":1,\"name\":\"Dom\u016f\",\"item\":\"https:\/\/cinemahouse.cz\/\"},{\"@type\":\"ListItem\",\"position\":2,\"name\":\"Lv\u00ed kr\u00e1l | nov\u00fd trailer\"}]},{\"@type\":\"WebSite\",\"@id\":\"https:\/\/cinemahouse.cz\/#website\",\"url\":\"https:\/\/cinemahouse.cz\/\",\"name\":\"CINEMAHOUSE.cz\",\"description\":\"Port\u00e1l o filmov\u00fdch novink\u00e1ch\",\"publisher\":{\"@id\":\"https:\/\/cinemahouse.cz\/#organization\"},\"potentialAction\":[{\"@type\":\"SearchAction\",\"target\":{\"@type\":\"EntryPoint\",\"urlTemplate\":\"https:\/\/cinemahouse.cz\/?s={search_term_string}\"},\"query-input\":\"required name=search_term_string\"}],\"inLanguage\":\"cs\"},{\"@type\":\"Organization\",\"@id\":\"https:\/\/cinemahouse.cz\/#organization\",\"name\":\"CINEMAHOUSE.cz\",\"url\":\"https:\/\/cinemahouse.cz\/\",\"logo\":{\"@type\":\"ImageObject\",\"inLanguage\":\"cs\",\"@id\":\"https:\/\/cinemahouse.cz\/#\/schema\/logo\/image\/\",\"url\":\"https:\/\/cinemahouse.cz\/wp-content\/uploads\/2024\/12\/cropped-Logo_CinemaHouse.jpg\",\"contentUrl\":\"https:\/\/cinemahouse.cz\/wp-content\/uploads\/2024\/12\/cropped-Logo_CinemaHouse.jpg\",\"width\":926,\"height\":467,\"caption\":\"CINEMAHOUSE.cz\"},\"image\":{\"@id\":\"https:\/\/cinemahouse.cz\/#\/schema\/logo\/image\/\"}},{\"@type\":\"Person\",\"@id\":\"https:\/\/cinemahouse.cz\/#\/schema\/person\/b4b442f183df4da20f147173def615f2\",\"name\":\"Miroslav Van\u011bk\",\"image\":{\"@type\":\"ImageObject\",\"inLanguage\":\"cs\",\"@id\":\"https:\/\/cinemahouse.cz\/#\/schema\/person\/image\/\",\"url\":\"https:\/\/secure.gravatar.com\/avatar\/cc93dbecbfc820d69a964ea4a1c72377?s=96&d=mm&r=g\",\"contentUrl\":\"https:\/\/secure.gravatar.com\/avatar\/cc93dbecbfc820d69a964ea4a1c72377?s=96&d=mm&r=g\",\"caption\":\"Miroslav Van\u011bk\"},\"sameAs\":[\"http:\/\/www.cinemahouse.cz\"],\"url\":\"https:\/\/cinemahouse.cz\/index.php\/author\/mirvan\/\"}]}<\/script>\n<!-- \/ Yoast SEO plugin. -->","yoast_head_json":{"title":"Lv\u00ed kr\u00e1l | nov\u00fd trailer - CINEMAHOUSE.cz","robots":{"index":"index","follow":"follow","max-snippet":"max-snippet:-1","max-image-preview":"max-image-preview:large","max-video-preview":"max-video-preview:-1"},"canonical":"https:\/\/cinemahouse.cz\/index.php\/2019\/04\/11\/lvi-kral-novy-trailer\/","og_locale":"cs_CZ","og_type":"article","og_title":"Lv\u00ed kr\u00e1l | nov\u00fd trailer - CINEMAHOUSE.cz","og_description":"Lv\u00ed kr\u00e1l m\u00e1 nov\u00fd trailer, kter\u00fd v\u00e1s zavede do africk\u00e9 savany, kde se pr\u00e1v\u011b narodil budouc\u00ed lv\u00ed kr\u00e1l. Sn\u00edmek Lv\u00ed kr\u00e1l od studia Disney, jen\u017e re\u017e\u00edroval Jon Favreau (Kniha d\u017eungl\u00ed), se odehr\u00e1v\u00e1 v&nbsp;africk\u00e9 savan\u011b,&#46;&#46;&#46;","og_url":"https:\/\/cinemahouse.cz\/index.php\/2019\/04\/11\/lvi-kral-novy-trailer\/","og_site_name":"CINEMAHOUSE.cz","article_published_time":"2019-04-11T01:15:04+00:00","article_modified_time":"2019-04-12T01:22:52+00:00","og_image":[{"width":1020,"height":574,"url":"https:\/\/cinemahouse.cz\/wp-content\/uploads\/2019\/04\/YXJ0aWNsZU1haW4vMjI5NDYx.jpg","type":"image\/jpeg"}],"author":"Miroslav Van\u011bk","twitter_card":"summary_large_image","twitter_misc":{"Napsal(a)":"Miroslav Van\u011bk","Odhadovan\u00e1 doba \u010dten\u00ed":"1 minuta"},"schema":{"@context":"https:\/\/schema.org","@graph":[{"@type":"Article","@id":"https:\/\/cinemahouse.cz\/index.php\/2019\/04\/11\/lvi-kral-novy-trailer\/#article","isPartOf":{"@id":"https:\/\/cinemahouse.cz\/index.php\/2019\/04\/11\/lvi-kral-novy-trailer\/"},"author":{"name":"Miroslav Van\u011bk","@id":"https:\/\/cinemahouse.cz\/#\/schema\/person\/b4b442f183df4da20f147173def615f2"},"headline":"Lv\u00ed kr\u00e1l | nov\u00fd trailer","datePublished":"2019-04-11T01:15:04+00:00","dateModified":"2019-04-12T01:22:52+00:00","mainEntityOfPage":{"@id":"https:\/\/cinemahouse.cz\/index.php\/2019\/04\/11\/lvi-kral-novy-trailer\/"},"wordCount":228,"publisher":{"@id":"https:\/\/cinemahouse.cz\/#organization"},"articleSection":["NEWS","TRAILERY"],"inLanguage":"cs"},{"@type":"WebPage","@id":"https:\/\/cinemahouse.cz\/index.php\/2019\/04\/11\/lvi-kral-novy-trailer\/","url":"https:\/\/cinemahouse.cz\/index.php\/2019\/04\/11\/lvi-kral-novy-trailer\/","name":"Lv\u00ed kr\u00e1l | nov\u00fd trailer - CINEMAHOUSE.cz","isPartOf":{"@id":"https:\/\/cinemahouse.cz\/#website"},"datePublished":"2019-04-11T01:15:04+00:00","dateModified":"2019-04-12T01:22:52+00:00","breadcrumb":{"@id":"https:\/\/cinemahouse.cz\/index.php\/2019\/04\/11\/lvi-kral-novy-trailer\/#breadcrumb"},"inLanguage":"cs","potentialAction":[{"@type":"ReadAction","target":["https:\/\/cinemahouse.cz\/index.php\/2019\/04\/11\/lvi-kral-novy-trailer\/"]}]},{"@type":"BreadcrumbList","@id":"https:\/\/cinemahouse.cz\/index.php\/2019\/04\/11\/lvi-kral-novy-trailer\/#breadcrumb","itemListElement":[{"@type":"ListItem","position":1,"name":"Dom\u016f","item":"https:\/\/cinemahouse.cz\/"},{"@type":"ListItem","position":2,"name":"Lv\u00ed kr\u00e1l | nov\u00fd trailer"}]},{"@type":"WebSite","@id":"https:\/\/cinemahouse.cz\/#website","url":"https:\/\/cinemahouse.cz\/","name":"CINEMAHOUSE.cz","description":"Port\u00e1l o filmov\u00fdch novink\u00e1ch","publisher":{"@id":"https:\/\/cinemahouse.cz\/#organization"},"potentialAction":[{"@type":"SearchAction","target":{"@type":"EntryPoint","urlTemplate":"https:\/\/cinemahouse.cz\/?s={search_term_string}"},"query-input":"required name=search_term_string"}],"inLanguage":"cs"},{"@type":"Organization","@id":"https:\/\/cinemahouse.cz\/#organization","name":"CINEMAHOUSE.cz","url":"https:\/\/cinemahouse.cz\/","logo":{"@type":"ImageObject","inLanguage":"cs","@id":"https:\/\/cinemahouse.cz\/#\/schema\/logo\/image\/","url":"https:\/\/cinemahouse.cz\/wp-content\/uploads\/2024\/12\/cropped-Logo_CinemaHouse.jpg","contentUrl":"https:\/\/cinemahouse.cz\/wp-content\/uploads\/2024\/12\/cropped-Logo_CinemaHouse.jpg","width":926,"height":467,"caption":"CINEMAHOUSE.cz"},"image":{"@id":"https:\/\/cinemahouse.cz\/#\/schema\/logo\/image\/"}},{"@type":"Person","@id":"https:\/\/cinemahouse.cz\/#\/schema\/person\/b4b442f183df4da20f147173def615f2","name":"Miroslav Van\u011bk","image":{"@type":"ImageObject","inLanguage":"cs","@id":"https:\/\/cinemahouse.cz\/#\/schema\/person\/image\/","url":"https:\/\/secure.gravatar.com\/avatar\/cc93dbecbfc820d69a964ea4a1c72377?s=96&d=mm&r=g","contentUrl":"https:\/\/secure.gravatar.com\/avatar\/cc93dbecbfc820d69a964ea4a1c72377?s=96&d=mm&r=g","caption":"Miroslav Van\u011bk"},"sameAs":["http:\/\/www.cinemahouse.cz"],"url":"https:\/\/cinemahouse.cz\/index.php\/author\/mirvan\/"}]}},"_links":{"self":[{"href":"https:\/\/cinemahouse.cz\/index.php\/wp-json\/wp\/v2\/posts\/336"}],"collection":[{"href":"https:\/\/cinemahouse.cz\/index.php\/wp-json\/wp\/v2\/posts"}],"about":[{"href":"https:\/\/cinemahouse.cz\/index.php\/wp-json\/wp\/v2\/types\/post"}],"author":[{"embeddable":true,"href":"https:\/\/cinemahouse.cz\/index.php\/wp-json\/wp\/v2\/users\/2"}],"replies":[{"embeddable":true,"href":"https:\/\/cinemahouse.cz\/index.php\/wp-json\/wp\/v2\/comments?post=336"}],"version-history":[{"count":2,"href":"https:\/\/cinemahouse.cz\/index.php\/wp-json\/wp\/v2\/posts\/336\/revisions"}],"predecessor-version":[{"id":340,"href":"https:\/\/cinemahouse.cz\/index.php\/wp-json\/wp\/v2\/posts\/336\/revisions\/340"}],"wp:featuredmedia":[{"embeddable":true,"href":"https:\/\/cinemahouse.cz\/index.php\/wp-json\/wp\/v2\/media\/339"}],"wp:attachment":[{"href":"https:\/\/cinemahouse.cz\/index.php\/wp-json\/wp\/v2\/media?parent=336"}],"wp:term":[{"taxonomy":"category","embeddable":true,"href":"https:\/\/cinemahouse.cz\/index.php\/wp-json\/wp\/v2\/categories?post=336"},{"taxonomy":"post_tag","embeddable":true,"href":"https:\/\/cinemahouse.cz\/index.php\/wp-json\/wp\/v2\/tags?post=336"}],"curies":[{"name":"wp","href":"https:\/\/api.w.org\/{rel}","templated":true}]}}