{"id":3285,"date":"2022-08-22T20:40:48","date_gmt":"2022-08-22T18:40:48","guid":{"rendered":"https:\/\/cinemahouse.cz\/?p=3285"},"modified":"2022-08-22T20:40:49","modified_gmt":"2022-08-22T18:40:49","slug":"film-arved-ma-vyjimecne-vytvarne-zpracovani-hraji-v-nem-i-predmety-z-arvedovy-pozustalosti","status":"publish","type":"post","link":"https:\/\/cinemahouse.cz\/index.php\/2022\/08\/22\/film-arved-ma-vyjimecne-vytvarne-zpracovani-hraji-v-nem-i-predmety-z-arvedovy-pozustalosti\/","title":{"rendered":"Film ARV\u00c9D m\u00e1 v\u00fdjime\u010dn\u00e9 v\u00fdtvarn\u00e9 zpracov\u00e1n\u00ed, hraj\u00ed v n\u011bm i p\u0159edm\u011bty z Arv\u00e9dovy poz\u016fstalosti"},"content":{"rendered":"\n<div style=\"height:36px\" aria-hidden=\"true\" class=\"wp-block-spacer\"><\/div>\n\n\n\n<p><strong>Tv\u016frci filmu ARV\u00c9D vyu\u017eili \u0159adu vz\u00e1cn\u00fdch p\u0159edm\u011bt\u016f z&nbsp;poz\u016fstalosti jeho hlavn\u00ed postavy Ji\u0159\u00edho Arv\u00e9da Sm\u00edchovsk\u00e9ho. Jako skute\u010dn\u00e9 rekvizity poslou\u017eily nap\u0159\u00edklad velk\u00fd n\u00e1st\u011bnn\u00fd portr\u00e9t jeho matky, p\u0159\u00edru\u010dn\u00ed olt\u00e1\u0159 a fotografie.<\/strong><\/p>\n\n\n\n<figure class=\"wp-block-image size-large\"><img decoding=\"async\" loading=\"lazy\" width=\"1024\" height=\"683\" src=\"https:\/\/cinemahouse.cz\/wp-content\/uploads\/2022\/08\/ARVED_Michal-Kern_03_foto_Kristyna-Strejcovska-1024x683.jpg\" alt=\"\" class=\"wp-image-3288\" srcset=\"https:\/\/cinemahouse.cz\/wp-content\/uploads\/2022\/08\/ARVED_Michal-Kern_03_foto_Kristyna-Strejcovska-1024x683.jpg 1024w, https:\/\/cinemahouse.cz\/wp-content\/uploads\/2022\/08\/ARVED_Michal-Kern_03_foto_Kristyna-Strejcovska-300x200.jpg 300w, https:\/\/cinemahouse.cz\/wp-content\/uploads\/2022\/08\/ARVED_Michal-Kern_03_foto_Kristyna-Strejcovska-768x512.jpg 768w, https:\/\/cinemahouse.cz\/wp-content\/uploads\/2022\/08\/ARVED_Michal-Kern_03_foto_Kristyna-Strejcovska-1536x1024.jpg 1536w, https:\/\/cinemahouse.cz\/wp-content\/uploads\/2022\/08\/ARVED_Michal-Kern_03_foto_Kristyna-Strejcovska.jpg 1920w\" sizes=\"(max-width: 1024px) 100vw, 1024px\" \/><\/figure>\n\n\n\n<div style=\"height:20px\" aria-hidden=\"true\" class=\"wp-block-spacer\"><\/div>\n\n\n\n<p>Ji\u0159\u00ed Arv\u00e9d Sm\u00edchovsk\u00fd byl sou\u010dasn\u011b studentem teologie i satanistou, mnichem i bonviv\u00e1nem, udava\u010dem i dobrodincem, homosexu\u00e1lem i man\u017eelem. Za svou v\u00fdjime\u010dnost platil obrovskou da\u0148. Pro v\u011bt\u0161inu sv\u00fdch sou\u010dasn\u00edk\u016f se stal opovrhovan\u00fdm \u201emalostransk\u00fdm \u010f\u00e1blem\u201c. Byl ale tak\u00e9 novodob\u00fdm Faustem, tou\u017eil po v\u011bd\u011bn\u00ed a po sl\u00e1v\u011b, po star\u00fdch knih\u00e1ch\u2026 p\u0159edev\u0161\u00edm po t\u011bch hermetick\u00fdch a okultn\u00edch. Osvojil si magickou praxi a postupn\u011b se p\u0159iklonil k\u00a0\u010dern\u00e9 magii. To v\u0161e se muselo ve filmu projevit i v\u00a0prost\u0159ed\u00ed, v\u00a0kter\u00e9m se film ARV\u00c9D nat\u00e1\u010del. Re\u017eis\u00e9r <strong>Vojt\u011bch Ma\u0161ek<\/strong> s kameramanem <strong>Du\u0161anem Hus\u00e1rem<\/strong> nat\u00e1\u010deli v\u00a0dekorac\u00edch z\u00a0d\u00edlny architektky <strong>Niny Feriancov\u00e9<\/strong>.<\/p>\n\n\n\n<div style=\"height:20px\" aria-hidden=\"true\" class=\"wp-block-spacer\"><\/div>\n\n\n\n<figure class=\"wp-block-embed-youtube aligncenter wp-block-embed is-type-video is-provider-youtube wp-embed-aspect-16-9 wp-has-aspect-ratio\"><div class=\"wp-block-embed__wrapper\">\n<div class=\"video-container\"><iframe loading=\"lazy\" title=\"ARV\u00c9D (2022) \u2013 O v\u00fdtvarn\u00e9m zpracov\u00e1n\u00ed filmu\" width=\"500\" height=\"281\" src=\"https:\/\/www.youtube.com\/embed\/SnPWO5W7R1o?feature=oembed&#038;wmode=opaque\" frameborder=\"0\" allow=\"accelerometer; autoplay; clipboard-write; encrypted-media; gyroscope; picture-in-picture\" allowfullscreen><\/iframe><\/div>\n<\/div><\/figure>\n\n\n\n<div style=\"height:20px\" aria-hidden=\"true\" class=\"wp-block-spacer\"><\/div>\n\n\n\n<p>Vojt\u011bch Ma\u0161ek spolupr\u00e1ci s\u00a0kolegy popisuje slovy: <em>\u201eOd za\u010d\u00e1tku jsme s kameramanem Du\u0161anem Hus\u00e1rem a architektkou Ninou Feriancovou shodli, \u017ee vytv\u00e1\u0159\u00edme realitu na pomez\u00ed snu, posunutou skute\u010dnost, proto jsme vych\u00e1zeli z dobov\u00fdch re\u0161er\u0161\u00ed, ale v\u017edycky jsme je z\u00e1m\u011brn\u011b pok\u0159ivili, jako p\u0159\u00edklad m\u011b napad\u00e1 Arv\u00e9dova knihovna, kde je jedna z polic z\u00e1m\u011brn\u011b \u0161ikmo, to evokuje zkreslen\u00e9 vn\u00edm\u00e1n\u00ed Arv\u00e9da, kter\u00fd vkl\u00e1d\u00e1 do v\u011bc\u00ed jin\u00e9 v\u00fdznamy, je takov\u00fdm nespolehliv\u00fdm vyprav\u011b\u010dem.\u201c<\/em><\/p>\n\n\n\n<div style=\"height:20px\" aria-hidden=\"true\" class=\"wp-block-spacer\"><\/div>\n\n\n\n<figure class=\"wp-block-gallery columns-2 is-cropped wp-block-gallery-1 is-layout-flex wp-block-gallery-is-layout-flex\"><ul class=\"blocks-gallery-grid\"><li class=\"blocks-gallery-item\"><figure><img decoding=\"async\" loading=\"lazy\" width=\"1024\" height=\"683\" src=\"https:\/\/cinemahouse.cz\/wp-content\/uploads\/2022\/08\/ARVED_Michal-Kern_021_foto_Maxim-Stano-1024x683.jpg\" alt=\"\" data-id=\"3290\" data-full-url=\"https:\/\/cinemahouse.cz\/wp-content\/uploads\/2022\/08\/ARVED_Michal-Kern_021_foto_Maxim-Stano.jpg\" data-link=\"https:\/\/cinemahouse.cz\/?attachment_id=3290\" class=\"wp-image-3290\" srcset=\"https:\/\/cinemahouse.cz\/wp-content\/uploads\/2022\/08\/ARVED_Michal-Kern_021_foto_Maxim-Stano-1024x683.jpg 1024w, https:\/\/cinemahouse.cz\/wp-content\/uploads\/2022\/08\/ARVED_Michal-Kern_021_foto_Maxim-Stano-300x200.jpg 300w, https:\/\/cinemahouse.cz\/wp-content\/uploads\/2022\/08\/ARVED_Michal-Kern_021_foto_Maxim-Stano-768x512.jpg 768w, https:\/\/cinemahouse.cz\/wp-content\/uploads\/2022\/08\/ARVED_Michal-Kern_021_foto_Maxim-Stano-1536x1024.jpg 1536w, https:\/\/cinemahouse.cz\/wp-content\/uploads\/2022\/08\/ARVED_Michal-Kern_021_foto_Maxim-Stano.jpg 1920w\" sizes=\"(max-width: 1024px) 100vw, 1024px\" \/><\/figure><\/li><li class=\"blocks-gallery-item\"><figure><img decoding=\"async\" loading=\"lazy\" width=\"1024\" height=\"683\" src=\"https:\/\/cinemahouse.cz\/wp-content\/uploads\/2022\/08\/ARVED_Michal-Kern_020_foto_Maxim-Stano-1024x683.jpg\" alt=\"\" data-id=\"3289\" data-full-url=\"https:\/\/cinemahouse.cz\/wp-content\/uploads\/2022\/08\/ARVED_Michal-Kern_020_foto_Maxim-Stano.jpg\" data-link=\"https:\/\/cinemahouse.cz\/?attachment_id=3289\" class=\"wp-image-3289\" srcset=\"https:\/\/cinemahouse.cz\/wp-content\/uploads\/2022\/08\/ARVED_Michal-Kern_020_foto_Maxim-Stano-1024x683.jpg 1024w, https:\/\/cinemahouse.cz\/wp-content\/uploads\/2022\/08\/ARVED_Michal-Kern_020_foto_Maxim-Stano-300x200.jpg 300w, https:\/\/cinemahouse.cz\/wp-content\/uploads\/2022\/08\/ARVED_Michal-Kern_020_foto_Maxim-Stano-768x512.jpg 768w, https:\/\/cinemahouse.cz\/wp-content\/uploads\/2022\/08\/ARVED_Michal-Kern_020_foto_Maxim-Stano-1536x1024.jpg 1536w, https:\/\/cinemahouse.cz\/wp-content\/uploads\/2022\/08\/ARVED_Michal-Kern_020_foto_Maxim-Stano.jpg 1920w\" sizes=\"(max-width: 1024px) 100vw, 1024px\" \/><\/figure><\/li><\/ul><\/figure>\n\n\n\n<div style=\"height:20px\" aria-hidden=\"true\" class=\"wp-block-spacer\"><\/div>\n\n\n\n<p>Re\u017eis\u00e9r Vojt\u011bch Ma\u0161ek je\u0161t\u011b dopl\u0148uje, jakou cestou se na nat\u00e1\u010den\u00ed dostaly p\u0159edm\u011bty z Arv\u00e9dovy poz\u016fstalosti: <em>\u201eM\u011bli jsme \u0161t\u011bst\u00ed, pan Bene\u0161, d\u011bdic majetku Sm\u00edchovsk\u00e9ho rodiny, byl na\u0161emu projektu naklon\u011bn a zap\u016fj\u010dil n\u00e1m opravdu vz\u00e1cn\u00e9 exempl\u00e1\u0159e, nap\u0159\u00edklad mal\u00fd p\u0159\u00edru\u010dn\u00ed olt\u00e1\u0159, kter\u00fd m\u011bl Arv\u00e9d v dob\u00e1ch sv\u00fdch studii v It\u00e1lii a velk\u00fd n\u00e1st\u011bnn\u00fd portr\u00e9t Arv\u00e9dovy maminky. Tyto relikvie doplnily na\u0161e za\u0159\u00edzen\u00ed hotelu Esplanade a mysl\u00edm, \u017ee pomohly vytvo\u0159it unik\u00e1tn\u00ed prostor.\u201c<\/em><\/p>\n\n\n\n<div style=\"height:20px\" aria-hidden=\"true\" class=\"wp-block-spacer\"><\/div>\n\n\n\n<figure class=\"wp-block-image size-large\"><img decoding=\"async\" loading=\"lazy\" width=\"1024\" height=\"683\" src=\"https:\/\/cinemahouse.cz\/wp-content\/uploads\/2022\/08\/ARVED_Michal-Kern_023_foto_Maxim-Stano-1024x683.jpg\" alt=\"\" class=\"wp-image-3291\" srcset=\"https:\/\/cinemahouse.cz\/wp-content\/uploads\/2022\/08\/ARVED_Michal-Kern_023_foto_Maxim-Stano-1024x683.jpg 1024w, https:\/\/cinemahouse.cz\/wp-content\/uploads\/2022\/08\/ARVED_Michal-Kern_023_foto_Maxim-Stano-300x200.jpg 300w, https:\/\/cinemahouse.cz\/wp-content\/uploads\/2022\/08\/ARVED_Michal-Kern_023_foto_Maxim-Stano-768x512.jpg 768w, https:\/\/cinemahouse.cz\/wp-content\/uploads\/2022\/08\/ARVED_Michal-Kern_023_foto_Maxim-Stano-1536x1024.jpg 1536w, https:\/\/cinemahouse.cz\/wp-content\/uploads\/2022\/08\/ARVED_Michal-Kern_023_foto_Maxim-Stano.jpg 1920w\" sizes=\"(max-width: 1024px) 100vw, 1024px\" \/><\/figure>\n\n\n\n<div style=\"height:20px\" aria-hidden=\"true\" class=\"wp-block-spacer\"><\/div>\n\n\n\n<p><strong>Film <\/strong><em><strong>ARV\u00c9D<\/strong><\/em><strong> <\/strong><strong>m\u00e1 v\u00a0\u010desk\u00fdch kinech premi\u00e9ru\u00a025. srpna 2022. Producenty filmu jsou Krist\u00fdna Mich\u00e1lek Kv\u011btov\u00e1, Tom\u00e1\u0161 Mich\u00e1lek &#8211; Cin\u00e9motif Films a Ivan Ostrochovsk\u00fd &#8211; Punkchart Films, v\u00a0koprodukci s \u010ceskou televiz\u00ed \u2013 TPS Tom\u00e1\u0161 Bald\u00fdnsk\u00fd. Film podpo\u0159il St\u00e1tn\u00ed fond kinematografie a slovensk\u00fd Audiovizu\u00e1ln\u00fd fond a do kin jej 25. srpna uvede distribu\u010dn\u00ed spole\u010dnost CinemArt.<\/strong><\/p>\n\n\n\n<div style=\"height:72px\" aria-hidden=\"true\" class=\"wp-block-spacer\"><\/div>\n\n\n\n<figure class=\"wp-block-gallery columns-2 is-cropped wp-block-gallery-3 is-layout-flex wp-block-gallery-is-layout-flex\"><ul class=\"blocks-gallery-grid\"><li class=\"blocks-gallery-item\"><figure><img decoding=\"async\" loading=\"lazy\" width=\"1024\" height=\"683\" src=\"https:\/\/cinemahouse.cz\/wp-content\/uploads\/2022\/08\/ARVED_Michal-Kern_03_foto_Kristyna-Strejcovska-1024x683.jpg\" alt=\"\" data-id=\"3288\" data-full-url=\"https:\/\/cinemahouse.cz\/wp-content\/uploads\/2022\/08\/ARVED_Michal-Kern_03_foto_Kristyna-Strejcovska.jpg\" data-link=\"https:\/\/cinemahouse.cz\/?attachment_id=3288\" class=\"wp-image-3288\" srcset=\"https:\/\/cinemahouse.cz\/wp-content\/uploads\/2022\/08\/ARVED_Michal-Kern_03_foto_Kristyna-Strejcovska-1024x683.jpg 1024w, https:\/\/cinemahouse.cz\/wp-content\/uploads\/2022\/08\/ARVED_Michal-Kern_03_foto_Kristyna-Strejcovska-300x200.jpg 300w, https:\/\/cinemahouse.cz\/wp-content\/uploads\/2022\/08\/ARVED_Michal-Kern_03_foto_Kristyna-Strejcovska-768x512.jpg 768w, https:\/\/cinemahouse.cz\/wp-content\/uploads\/2022\/08\/ARVED_Michal-Kern_03_foto_Kristyna-Strejcovska-1536x1024.jpg 1536w, https:\/\/cinemahouse.cz\/wp-content\/uploads\/2022\/08\/ARVED_Michal-Kern_03_foto_Kristyna-Strejcovska.jpg 1920w\" sizes=\"(max-width: 1024px) 100vw, 1024px\" \/><\/figure><\/li><li class=\"blocks-gallery-item\"><figure><img decoding=\"async\" loading=\"lazy\" width=\"1024\" height=\"683\" src=\"https:\/\/cinemahouse.cz\/wp-content\/uploads\/2022\/08\/ARVED_06_foto_Kristyna-Strejcovska-1024x683.jpg\" alt=\"\" data-id=\"3287\" data-full-url=\"https:\/\/cinemahouse.cz\/wp-content\/uploads\/2022\/08\/ARVED_06_foto_Kristyna-Strejcovska.jpg\" data-link=\"https:\/\/cinemahouse.cz\/?attachment_id=3287\" class=\"wp-image-3287\" srcset=\"https:\/\/cinemahouse.cz\/wp-content\/uploads\/2022\/08\/ARVED_06_foto_Kristyna-Strejcovska-1024x683.jpg 1024w, https:\/\/cinemahouse.cz\/wp-content\/uploads\/2022\/08\/ARVED_06_foto_Kristyna-Strejcovska-300x200.jpg 300w, https:\/\/cinemahouse.cz\/wp-content\/uploads\/2022\/08\/ARVED_06_foto_Kristyna-Strejcovska-768x512.jpg 768w, https:\/\/cinemahouse.cz\/wp-content\/uploads\/2022\/08\/ARVED_06_foto_Kristyna-Strejcovska-1536x1024.jpg 1536w, https:\/\/cinemahouse.cz\/wp-content\/uploads\/2022\/08\/ARVED_06_foto_Kristyna-Strejcovska.jpg 1920w\" sizes=\"(max-width: 1024px) 100vw, 1024px\" \/><\/figure><\/li><li class=\"blocks-gallery-item\"><figure><img decoding=\"async\" loading=\"lazy\" width=\"1024\" height=\"683\" src=\"https:\/\/cinemahouse.cz\/wp-content\/uploads\/2022\/08\/ARVED_Michal-Kern_021_foto_Maxim-Stano-1024x683.jpg\" alt=\"\" data-id=\"3290\" data-full-url=\"https:\/\/cinemahouse.cz\/wp-content\/uploads\/2022\/08\/ARVED_Michal-Kern_021_foto_Maxim-Stano.jpg\" data-link=\"https:\/\/cinemahouse.cz\/?attachment_id=3290\" class=\"wp-image-3290\" srcset=\"https:\/\/cinemahouse.cz\/wp-content\/uploads\/2022\/08\/ARVED_Michal-Kern_021_foto_Maxim-Stano-1024x683.jpg 1024w, https:\/\/cinemahouse.cz\/wp-content\/uploads\/2022\/08\/ARVED_Michal-Kern_021_foto_Maxim-Stano-300x200.jpg 300w, https:\/\/cinemahouse.cz\/wp-content\/uploads\/2022\/08\/ARVED_Michal-Kern_021_foto_Maxim-Stano-768x512.jpg 768w, https:\/\/cinemahouse.cz\/wp-content\/uploads\/2022\/08\/ARVED_Michal-Kern_021_foto_Maxim-Stano-1536x1024.jpg 1536w, https:\/\/cinemahouse.cz\/wp-content\/uploads\/2022\/08\/ARVED_Michal-Kern_021_foto_Maxim-Stano.jpg 1920w\" sizes=\"(max-width: 1024px) 100vw, 1024px\" \/><\/figure><\/li><li class=\"blocks-gallery-item\"><figure><img decoding=\"async\" loading=\"lazy\" width=\"1024\" height=\"683\" src=\"https:\/\/cinemahouse.cz\/wp-content\/uploads\/2022\/08\/ARVED_Michal-Kern_020_foto_Maxim-Stano-1024x683.jpg\" alt=\"\" data-id=\"3289\" data-full-url=\"https:\/\/cinemahouse.cz\/wp-content\/uploads\/2022\/08\/ARVED_Michal-Kern_020_foto_Maxim-Stano.jpg\" data-link=\"https:\/\/cinemahouse.cz\/?attachment_id=3289\" class=\"wp-image-3289\" srcset=\"https:\/\/cinemahouse.cz\/wp-content\/uploads\/2022\/08\/ARVED_Michal-Kern_020_foto_Maxim-Stano-1024x683.jpg 1024w, https:\/\/cinemahouse.cz\/wp-content\/uploads\/2022\/08\/ARVED_Michal-Kern_020_foto_Maxim-Stano-300x200.jpg 300w, https:\/\/cinemahouse.cz\/wp-content\/uploads\/2022\/08\/ARVED_Michal-Kern_020_foto_Maxim-Stano-768x512.jpg 768w, https:\/\/cinemahouse.cz\/wp-content\/uploads\/2022\/08\/ARVED_Michal-Kern_020_foto_Maxim-Stano-1536x1024.jpg 1536w, https:\/\/cinemahouse.cz\/wp-content\/uploads\/2022\/08\/ARVED_Michal-Kern_020_foto_Maxim-Stano.jpg 1920w\" sizes=\"(max-width: 1024px) 100vw, 1024px\" \/><\/figure><\/li><li class=\"blocks-gallery-item\"><figure><img decoding=\"async\" loading=\"lazy\" width=\"683\" height=\"1024\" src=\"https:\/\/cinemahouse.cz\/wp-content\/uploads\/2022\/08\/ARVED_01_foto_Kristyna-Strejcovska-683x1024.jpg\" alt=\"\" data-id=\"3286\" data-full-url=\"https:\/\/cinemahouse.cz\/wp-content\/uploads\/2022\/08\/ARVED_01_foto_Kristyna-Strejcovska.jpg\" data-link=\"https:\/\/cinemahouse.cz\/?attachment_id=3286\" class=\"wp-image-3286\" srcset=\"https:\/\/cinemahouse.cz\/wp-content\/uploads\/2022\/08\/ARVED_01_foto_Kristyna-Strejcovska-683x1024.jpg 683w, https:\/\/cinemahouse.cz\/wp-content\/uploads\/2022\/08\/ARVED_01_foto_Kristyna-Strejcovska-200x300.jpg 200w, https:\/\/cinemahouse.cz\/wp-content\/uploads\/2022\/08\/ARVED_01_foto_Kristyna-Strejcovska-768x1152.jpg 768w, https:\/\/cinemahouse.cz\/wp-content\/uploads\/2022\/08\/ARVED_01_foto_Kristyna-Strejcovska-1024x1536.jpg 1024w, https:\/\/cinemahouse.cz\/wp-content\/uploads\/2022\/08\/ARVED_01_foto_Kristyna-Strejcovska.jpg 1280w\" sizes=\"(max-width: 683px) 100vw, 683px\" \/><\/figure><\/li><li class=\"blocks-gallery-item\"><figure><img decoding=\"async\" loading=\"lazy\" width=\"1024\" height=\"683\" src=\"https:\/\/cinemahouse.cz\/wp-content\/uploads\/2022\/08\/ARVED_Michal-Kern_023_foto_Maxim-Stano-1024x683.jpg\" alt=\"\" data-id=\"3291\" data-full-url=\"https:\/\/cinemahouse.cz\/wp-content\/uploads\/2022\/08\/ARVED_Michal-Kern_023_foto_Maxim-Stano.jpg\" data-link=\"https:\/\/cinemahouse.cz\/?attachment_id=3291\" class=\"wp-image-3291\" srcset=\"https:\/\/cinemahouse.cz\/wp-content\/uploads\/2022\/08\/ARVED_Michal-Kern_023_foto_Maxim-Stano-1024x683.jpg 1024w, https:\/\/cinemahouse.cz\/wp-content\/uploads\/2022\/08\/ARVED_Michal-Kern_023_foto_Maxim-Stano-300x200.jpg 300w, https:\/\/cinemahouse.cz\/wp-content\/uploads\/2022\/08\/ARVED_Michal-Kern_023_foto_Maxim-Stano-768x512.jpg 768w, https:\/\/cinemahouse.cz\/wp-content\/uploads\/2022\/08\/ARVED_Michal-Kern_023_foto_Maxim-Stano-1536x1024.jpg 1536w, https:\/\/cinemahouse.cz\/wp-content\/uploads\/2022\/08\/ARVED_Michal-Kern_023_foto_Maxim-Stano.jpg 1920w\" sizes=\"(max-width: 1024px) 100vw, 1024px\" \/><\/figure><\/li><\/ul><\/figure>\n\n\n\n<p><strong>Zdroj foto a video: <\/strong>CinemArt<\/p>\n\n\n\n<div style=\"height:42px\" aria-hidden=\"true\" class=\"wp-block-spacer\"><\/div>\n","protected":false},"excerpt":{"rendered":"<p>Tv\u016frci filmu ARV\u00c9D vyu\u017eili \u0159adu vz\u00e1cn\u00fdch p\u0159edm\u011bt\u016f z&nbsp;poz\u016fstalosti jeho hlavn\u00ed postavy Ji\u0159\u00edho Arv\u00e9da Sm\u00edchovsk\u00e9ho. Jako skute\u010dn\u00e9 rekvizity poslou\u017eily nap\u0159\u00edklad velk\u00fd n\u00e1st\u011bnn\u00fd portr\u00e9t jeho matky, p\u0159\u00edru\u010dn\u00ed olt\u00e1\u0159 a fotografie. Ji\u0159\u00ed Arv\u00e9d Sm\u00edchovsk\u00fd byl sou\u010dasn\u011b studentem&#46;&#46;&#46;<\/p>\n","protected":false},"author":3,"featured_media":3288,"comment_status":"closed","ping_status":"closed","sticky":false,"template":"","format":"standard","meta":{"_monsterinsights_skip_tracking":false,"_monsterinsights_sitenote_active":false,"_monsterinsights_sitenote_note":"","_monsterinsights_sitenote_category":0,"footnotes":""},"categories":[3,2,5],"tags":[],"yoast_head":"<!-- This site is optimized with the Yoast SEO plugin v21.4 - https:\/\/yoast.com\/wordpress\/plugins\/seo\/ -->\n<title>Film ARV\u00c9D m\u00e1 v\u00fdjime\u010dn\u00e9 v\u00fdtvarn\u00e9 zpracov\u00e1n\u00ed, hraj\u00ed v n\u011bm i p\u0159edm\u011bty z Arv\u00e9dovy poz\u016fstalosti - CINEMAHOUSE.cz<\/title>\n<meta name=\"robots\" content=\"index, follow, max-snippet:-1, max-image-preview:large, max-video-preview:-1\" \/>\n<link rel=\"canonical\" href=\"https:\/\/cinemahouse.cz\/index.php\/2022\/08\/22\/film-arved-ma-vyjimecne-vytvarne-zpracovani-hraji-v-nem-i-predmety-z-arvedovy-pozustalosti\/\" \/>\n<meta property=\"og:locale\" content=\"cs_CZ\" \/>\n<meta property=\"og:type\" content=\"article\" \/>\n<meta property=\"og:title\" content=\"Film ARV\u00c9D m\u00e1 v\u00fdjime\u010dn\u00e9 v\u00fdtvarn\u00e9 zpracov\u00e1n\u00ed, hraj\u00ed v n\u011bm i p\u0159edm\u011bty z Arv\u00e9dovy poz\u016fstalosti - CINEMAHOUSE.cz\" \/>\n<meta property=\"og:description\" content=\"Tv\u016frci filmu ARV\u00c9D vyu\u017eili \u0159adu vz\u00e1cn\u00fdch p\u0159edm\u011bt\u016f z&nbsp;poz\u016fstalosti jeho hlavn\u00ed postavy Ji\u0159\u00edho Arv\u00e9da Sm\u00edchovsk\u00e9ho. Jako skute\u010dn\u00e9 rekvizity poslou\u017eily nap\u0159\u00edklad velk\u00fd n\u00e1st\u011bnn\u00fd portr\u00e9t jeho matky, p\u0159\u00edru\u010dn\u00ed olt\u00e1\u0159 a fotografie. Ji\u0159\u00ed Arv\u00e9d Sm\u00edchovsk\u00fd byl sou\u010dasn\u011b studentem&#046;&#046;&#046;\" \/>\n<meta property=\"og:url\" content=\"https:\/\/cinemahouse.cz\/index.php\/2022\/08\/22\/film-arved-ma-vyjimecne-vytvarne-zpracovani-hraji-v-nem-i-predmety-z-arvedovy-pozustalosti\/\" \/>\n<meta property=\"og:site_name\" content=\"CINEMAHOUSE.cz\" \/>\n<meta property=\"article:published_time\" content=\"2022-08-22T18:40:48+00:00\" \/>\n<meta property=\"article:modified_time\" content=\"2022-08-22T18:40:49+00:00\" \/>\n<meta property=\"og:image\" content=\"https:\/\/cinemahouse.cz\/wp-content\/uploads\/2022\/08\/ARVED_Michal-Kern_03_foto_Kristyna-Strejcovska.jpg\" \/>\n\t<meta property=\"og:image:width\" content=\"1920\" \/>\n\t<meta property=\"og:image:height\" content=\"1280\" \/>\n\t<meta property=\"og:image:type\" content=\"image\/jpeg\" \/>\n<meta name=\"author\" content=\"Jolana Hol\u00e1\u0148ov\u00e1\" \/>\n<meta name=\"twitter:card\" content=\"summary_large_image\" \/>\n<meta name=\"twitter:label1\" content=\"Napsal(a)\" \/>\n\t<meta name=\"twitter:data1\" content=\"Jolana Hol\u00e1\u0148ov\u00e1\" \/>\n\t<meta name=\"twitter:label2\" content=\"Odhadovan\u00e1 doba \u010dten\u00ed\" \/>\n\t<meta name=\"twitter:data2\" content=\"2 minuty\" \/>\n<script type=\"application\/ld+json\" class=\"yoast-schema-graph\">{\"@context\":\"https:\/\/schema.org\",\"@graph\":[{\"@type\":\"Article\",\"@id\":\"https:\/\/cinemahouse.cz\/index.php\/2022\/08\/22\/film-arved-ma-vyjimecne-vytvarne-zpracovani-hraji-v-nem-i-predmety-z-arvedovy-pozustalosti\/#article\",\"isPartOf\":{\"@id\":\"https:\/\/cinemahouse.cz\/index.php\/2022\/08\/22\/film-arved-ma-vyjimecne-vytvarne-zpracovani-hraji-v-nem-i-predmety-z-arvedovy-pozustalosti\/\"},\"author\":{\"name\":\"Jolana Hol\u00e1\u0148ov\u00e1\",\"@id\":\"https:\/\/cinemahouse.cz\/#\/schema\/person\/1ddc0bd12b9f599dd69c434ae0096313\"},\"headline\":\"Film ARV\u00c9D m\u00e1 v\u00fdjime\u010dn\u00e9 v\u00fdtvarn\u00e9 zpracov\u00e1n\u00ed, hraj\u00ed v n\u011bm i p\u0159edm\u011bty z Arv\u00e9dovy poz\u016fstalosti\",\"datePublished\":\"2022-08-22T18:40:48+00:00\",\"dateModified\":\"2022-08-22T18:40:49+00:00\",\"mainEntityOfPage\":{\"@id\":\"https:\/\/cinemahouse.cz\/index.php\/2022\/08\/22\/film-arved-ma-vyjimecne-vytvarne-zpracovani-hraji-v-nem-i-predmety-z-arvedovy-pozustalosti\/\"},\"wordCount\":491,\"publisher\":{\"@id\":\"https:\/\/cinemahouse.cz\/#organization\"},\"articleSection\":[\"FILMOV\u00c9 NOVINKY\",\"NEWS\",\"TRAILERY\"],\"inLanguage\":\"cs\"},{\"@type\":\"WebPage\",\"@id\":\"https:\/\/cinemahouse.cz\/index.php\/2022\/08\/22\/film-arved-ma-vyjimecne-vytvarne-zpracovani-hraji-v-nem-i-predmety-z-arvedovy-pozustalosti\/\",\"url\":\"https:\/\/cinemahouse.cz\/index.php\/2022\/08\/22\/film-arved-ma-vyjimecne-vytvarne-zpracovani-hraji-v-nem-i-predmety-z-arvedovy-pozustalosti\/\",\"name\":\"Film ARV\u00c9D m\u00e1 v\u00fdjime\u010dn\u00e9 v\u00fdtvarn\u00e9 zpracov\u00e1n\u00ed, hraj\u00ed v n\u011bm i p\u0159edm\u011bty z Arv\u00e9dovy poz\u016fstalosti - CINEMAHOUSE.cz\",\"isPartOf\":{\"@id\":\"https:\/\/cinemahouse.cz\/#website\"},\"datePublished\":\"2022-08-22T18:40:48+00:00\",\"dateModified\":\"2022-08-22T18:40:49+00:00\",\"breadcrumb\":{\"@id\":\"https:\/\/cinemahouse.cz\/index.php\/2022\/08\/22\/film-arved-ma-vyjimecne-vytvarne-zpracovani-hraji-v-nem-i-predmety-z-arvedovy-pozustalosti\/#breadcrumb\"},\"inLanguage\":\"cs\",\"potentialAction\":[{\"@type\":\"ReadAction\",\"target\":[\"https:\/\/cinemahouse.cz\/index.php\/2022\/08\/22\/film-arved-ma-vyjimecne-vytvarne-zpracovani-hraji-v-nem-i-predmety-z-arvedovy-pozustalosti\/\"]}]},{\"@type\":\"BreadcrumbList\",\"@id\":\"https:\/\/cinemahouse.cz\/index.php\/2022\/08\/22\/film-arved-ma-vyjimecne-vytvarne-zpracovani-hraji-v-nem-i-predmety-z-arvedovy-pozustalosti\/#breadcrumb\",\"itemListElement\":[{\"@type\":\"ListItem\",\"position\":1,\"name\":\"Dom\u016f\",\"item\":\"https:\/\/cinemahouse.cz\/\"},{\"@type\":\"ListItem\",\"position\":2,\"name\":\"Film ARV\u00c9D m\u00e1 v\u00fdjime\u010dn\u00e9 v\u00fdtvarn\u00e9 zpracov\u00e1n\u00ed, hraj\u00ed v n\u011bm i p\u0159edm\u011bty z Arv\u00e9dovy poz\u016fstalosti\"}]},{\"@type\":\"WebSite\",\"@id\":\"https:\/\/cinemahouse.cz\/#website\",\"url\":\"https:\/\/cinemahouse.cz\/\",\"name\":\"CINEMAHOUSE.cz\",\"description\":\"Port\u00e1l o filmov\u00fdch novink\u00e1ch\",\"publisher\":{\"@id\":\"https:\/\/cinemahouse.cz\/#organization\"},\"potentialAction\":[{\"@type\":\"SearchAction\",\"target\":{\"@type\":\"EntryPoint\",\"urlTemplate\":\"https:\/\/cinemahouse.cz\/?s={search_term_string}\"},\"query-input\":\"required name=search_term_string\"}],\"inLanguage\":\"cs\"},{\"@type\":\"Organization\",\"@id\":\"https:\/\/cinemahouse.cz\/#organization\",\"name\":\"CINEMAHOUSE.cz\",\"url\":\"https:\/\/cinemahouse.cz\/\",\"logo\":{\"@type\":\"ImageObject\",\"inLanguage\":\"cs\",\"@id\":\"https:\/\/cinemahouse.cz\/#\/schema\/logo\/image\/\",\"url\":\"https:\/\/cinemahouse.cz\/wp-content\/uploads\/2024\/12\/cropped-Logo_CinemaHouse.jpg\",\"contentUrl\":\"https:\/\/cinemahouse.cz\/wp-content\/uploads\/2024\/12\/cropped-Logo_CinemaHouse.jpg\",\"width\":926,\"height\":467,\"caption\":\"CINEMAHOUSE.cz\"},\"image\":{\"@id\":\"https:\/\/cinemahouse.cz\/#\/schema\/logo\/image\/\"}},{\"@type\":\"Person\",\"@id\":\"https:\/\/cinemahouse.cz\/#\/schema\/person\/1ddc0bd12b9f599dd69c434ae0096313\",\"name\":\"Jolana Hol\u00e1\u0148ov\u00e1\",\"image\":{\"@type\":\"ImageObject\",\"inLanguage\":\"cs\",\"@id\":\"https:\/\/cinemahouse.cz\/#\/schema\/person\/image\/\",\"url\":\"https:\/\/secure.gravatar.com\/avatar\/5863c504ed89cd419ff3a5e812c722ff?s=96&d=mm&r=g\",\"contentUrl\":\"https:\/\/secure.gravatar.com\/avatar\/5863c504ed89cd419ff3a5e812c722ff?s=96&d=mm&r=g\",\"caption\":\"Jolana Hol\u00e1\u0148ov\u00e1\"},\"sameAs\":[\"http:\/\/wwww.cinemahouse.cz\"],\"url\":\"https:\/\/cinemahouse.cz\/index.php\/author\/jolhol\/\"}]}<\/script>\n<!-- \/ Yoast SEO plugin. -->","yoast_head_json":{"title":"Film ARV\u00c9D m\u00e1 v\u00fdjime\u010dn\u00e9 v\u00fdtvarn\u00e9 zpracov\u00e1n\u00ed, hraj\u00ed v n\u011bm i p\u0159edm\u011bty z Arv\u00e9dovy poz\u016fstalosti - CINEMAHOUSE.cz","robots":{"index":"index","follow":"follow","max-snippet":"max-snippet:-1","max-image-preview":"max-image-preview:large","max-video-preview":"max-video-preview:-1"},"canonical":"https:\/\/cinemahouse.cz\/index.php\/2022\/08\/22\/film-arved-ma-vyjimecne-vytvarne-zpracovani-hraji-v-nem-i-predmety-z-arvedovy-pozustalosti\/","og_locale":"cs_CZ","og_type":"article","og_title":"Film ARV\u00c9D m\u00e1 v\u00fdjime\u010dn\u00e9 v\u00fdtvarn\u00e9 zpracov\u00e1n\u00ed, hraj\u00ed v n\u011bm i p\u0159edm\u011bty z Arv\u00e9dovy poz\u016fstalosti - CINEMAHOUSE.cz","og_description":"Tv\u016frci filmu ARV\u00c9D vyu\u017eili \u0159adu vz\u00e1cn\u00fdch p\u0159edm\u011bt\u016f z&nbsp;poz\u016fstalosti jeho hlavn\u00ed postavy Ji\u0159\u00edho Arv\u00e9da Sm\u00edchovsk\u00e9ho. Jako skute\u010dn\u00e9 rekvizity poslou\u017eily nap\u0159\u00edklad velk\u00fd n\u00e1st\u011bnn\u00fd portr\u00e9t jeho matky, p\u0159\u00edru\u010dn\u00ed olt\u00e1\u0159 a fotografie. Ji\u0159\u00ed Arv\u00e9d Sm\u00edchovsk\u00fd byl sou\u010dasn\u011b studentem&#46;&#46;&#46;","og_url":"https:\/\/cinemahouse.cz\/index.php\/2022\/08\/22\/film-arved-ma-vyjimecne-vytvarne-zpracovani-hraji-v-nem-i-predmety-z-arvedovy-pozustalosti\/","og_site_name":"CINEMAHOUSE.cz","article_published_time":"2022-08-22T18:40:48+00:00","article_modified_time":"2022-08-22T18:40:49+00:00","og_image":[{"width":1920,"height":1280,"url":"https:\/\/cinemahouse.cz\/wp-content\/uploads\/2022\/08\/ARVED_Michal-Kern_03_foto_Kristyna-Strejcovska.jpg","type":"image\/jpeg"}],"author":"Jolana Hol\u00e1\u0148ov\u00e1","twitter_card":"summary_large_image","twitter_misc":{"Napsal(a)":"Jolana Hol\u00e1\u0148ov\u00e1","Odhadovan\u00e1 doba \u010dten\u00ed":"2 minuty"},"schema":{"@context":"https:\/\/schema.org","@graph":[{"@type":"Article","@id":"https:\/\/cinemahouse.cz\/index.php\/2022\/08\/22\/film-arved-ma-vyjimecne-vytvarne-zpracovani-hraji-v-nem-i-predmety-z-arvedovy-pozustalosti\/#article","isPartOf":{"@id":"https:\/\/cinemahouse.cz\/index.php\/2022\/08\/22\/film-arved-ma-vyjimecne-vytvarne-zpracovani-hraji-v-nem-i-predmety-z-arvedovy-pozustalosti\/"},"author":{"name":"Jolana Hol\u00e1\u0148ov\u00e1","@id":"https:\/\/cinemahouse.cz\/#\/schema\/person\/1ddc0bd12b9f599dd69c434ae0096313"},"headline":"Film ARV\u00c9D m\u00e1 v\u00fdjime\u010dn\u00e9 v\u00fdtvarn\u00e9 zpracov\u00e1n\u00ed, hraj\u00ed v n\u011bm i p\u0159edm\u011bty z Arv\u00e9dovy poz\u016fstalosti","datePublished":"2022-08-22T18:40:48+00:00","dateModified":"2022-08-22T18:40:49+00:00","mainEntityOfPage":{"@id":"https:\/\/cinemahouse.cz\/index.php\/2022\/08\/22\/film-arved-ma-vyjimecne-vytvarne-zpracovani-hraji-v-nem-i-predmety-z-arvedovy-pozustalosti\/"},"wordCount":491,"publisher":{"@id":"https:\/\/cinemahouse.cz\/#organization"},"articleSection":["FILMOV\u00c9 NOVINKY","NEWS","TRAILERY"],"inLanguage":"cs"},{"@type":"WebPage","@id":"https:\/\/cinemahouse.cz\/index.php\/2022\/08\/22\/film-arved-ma-vyjimecne-vytvarne-zpracovani-hraji-v-nem-i-predmety-z-arvedovy-pozustalosti\/","url":"https:\/\/cinemahouse.cz\/index.php\/2022\/08\/22\/film-arved-ma-vyjimecne-vytvarne-zpracovani-hraji-v-nem-i-predmety-z-arvedovy-pozustalosti\/","name":"Film ARV\u00c9D m\u00e1 v\u00fdjime\u010dn\u00e9 v\u00fdtvarn\u00e9 zpracov\u00e1n\u00ed, hraj\u00ed v n\u011bm i p\u0159edm\u011bty z Arv\u00e9dovy poz\u016fstalosti - CINEMAHOUSE.cz","isPartOf":{"@id":"https:\/\/cinemahouse.cz\/#website"},"datePublished":"2022-08-22T18:40:48+00:00","dateModified":"2022-08-22T18:40:49+00:00","breadcrumb":{"@id":"https:\/\/cinemahouse.cz\/index.php\/2022\/08\/22\/film-arved-ma-vyjimecne-vytvarne-zpracovani-hraji-v-nem-i-predmety-z-arvedovy-pozustalosti\/#breadcrumb"},"inLanguage":"cs","potentialAction":[{"@type":"ReadAction","target":["https:\/\/cinemahouse.cz\/index.php\/2022\/08\/22\/film-arved-ma-vyjimecne-vytvarne-zpracovani-hraji-v-nem-i-predmety-z-arvedovy-pozustalosti\/"]}]},{"@type":"BreadcrumbList","@id":"https:\/\/cinemahouse.cz\/index.php\/2022\/08\/22\/film-arved-ma-vyjimecne-vytvarne-zpracovani-hraji-v-nem-i-predmety-z-arvedovy-pozustalosti\/#breadcrumb","itemListElement":[{"@type":"ListItem","position":1,"name":"Dom\u016f","item":"https:\/\/cinemahouse.cz\/"},{"@type":"ListItem","position":2,"name":"Film ARV\u00c9D m\u00e1 v\u00fdjime\u010dn\u00e9 v\u00fdtvarn\u00e9 zpracov\u00e1n\u00ed, hraj\u00ed v n\u011bm i p\u0159edm\u011bty z Arv\u00e9dovy poz\u016fstalosti"}]},{"@type":"WebSite","@id":"https:\/\/cinemahouse.cz\/#website","url":"https:\/\/cinemahouse.cz\/","name":"CINEMAHOUSE.cz","description":"Port\u00e1l o filmov\u00fdch novink\u00e1ch","publisher":{"@id":"https:\/\/cinemahouse.cz\/#organization"},"potentialAction":[{"@type":"SearchAction","target":{"@type":"EntryPoint","urlTemplate":"https:\/\/cinemahouse.cz\/?s={search_term_string}"},"query-input":"required name=search_term_string"}],"inLanguage":"cs"},{"@type":"Organization","@id":"https:\/\/cinemahouse.cz\/#organization","name":"CINEMAHOUSE.cz","url":"https:\/\/cinemahouse.cz\/","logo":{"@type":"ImageObject","inLanguage":"cs","@id":"https:\/\/cinemahouse.cz\/#\/schema\/logo\/image\/","url":"https:\/\/cinemahouse.cz\/wp-content\/uploads\/2024\/12\/cropped-Logo_CinemaHouse.jpg","contentUrl":"https:\/\/cinemahouse.cz\/wp-content\/uploads\/2024\/12\/cropped-Logo_CinemaHouse.jpg","width":926,"height":467,"caption":"CINEMAHOUSE.cz"},"image":{"@id":"https:\/\/cinemahouse.cz\/#\/schema\/logo\/image\/"}},{"@type":"Person","@id":"https:\/\/cinemahouse.cz\/#\/schema\/person\/1ddc0bd12b9f599dd69c434ae0096313","name":"Jolana Hol\u00e1\u0148ov\u00e1","image":{"@type":"ImageObject","inLanguage":"cs","@id":"https:\/\/cinemahouse.cz\/#\/schema\/person\/image\/","url":"https:\/\/secure.gravatar.com\/avatar\/5863c504ed89cd419ff3a5e812c722ff?s=96&d=mm&r=g","contentUrl":"https:\/\/secure.gravatar.com\/avatar\/5863c504ed89cd419ff3a5e812c722ff?s=96&d=mm&r=g","caption":"Jolana Hol\u00e1\u0148ov\u00e1"},"sameAs":["http:\/\/wwww.cinemahouse.cz"],"url":"https:\/\/cinemahouse.cz\/index.php\/author\/jolhol\/"}]}},"_links":{"self":[{"href":"https:\/\/cinemahouse.cz\/index.php\/wp-json\/wp\/v2\/posts\/3285"}],"collection":[{"href":"https:\/\/cinemahouse.cz\/index.php\/wp-json\/wp\/v2\/posts"}],"about":[{"href":"https:\/\/cinemahouse.cz\/index.php\/wp-json\/wp\/v2\/types\/post"}],"author":[{"embeddable":true,"href":"https:\/\/cinemahouse.cz\/index.php\/wp-json\/wp\/v2\/users\/3"}],"replies":[{"embeddable":true,"href":"https:\/\/cinemahouse.cz\/index.php\/wp-json\/wp\/v2\/comments?post=3285"}],"version-history":[{"count":1,"href":"https:\/\/cinemahouse.cz\/index.php\/wp-json\/wp\/v2\/posts\/3285\/revisions"}],"predecessor-version":[{"id":3292,"href":"https:\/\/cinemahouse.cz\/index.php\/wp-json\/wp\/v2\/posts\/3285\/revisions\/3292"}],"wp:featuredmedia":[{"embeddable":true,"href":"https:\/\/cinemahouse.cz\/index.php\/wp-json\/wp\/v2\/media\/3288"}],"wp:attachment":[{"href":"https:\/\/cinemahouse.cz\/index.php\/wp-json\/wp\/v2\/media?parent=3285"}],"wp:term":[{"taxonomy":"category","embeddable":true,"href":"https:\/\/cinemahouse.cz\/index.php\/wp-json\/wp\/v2\/categories?post=3285"},{"taxonomy":"post_tag","embeddable":true,"href":"https:\/\/cinemahouse.cz\/index.php\/wp-json\/wp\/v2\/tags?post=3285"}],"curies":[{"name":"wp","href":"https:\/\/api.w.org\/{rel}","templated":true}]}}