{"id":3109,"date":"2022-05-17T00:08:00","date_gmt":"2022-05-16T22:08:00","guid":{"rendered":"https:\/\/cinemahouse.cz\/?p=3109"},"modified":"2022-05-20T00:18:32","modified_gmt":"2022-05-19T22:18:32","slug":"petr-jakl-predstavuje-prvni-ukazku-jana-zizky","status":"publish","type":"post","link":"https:\/\/cinemahouse.cz\/index.php\/2022\/05\/17\/petr-jakl-predstavuje-prvni-ukazku-jana-zizky\/","title":{"rendered":"Petr J\u00e1kl p\u0159edstavuje prvn\u00ed uk\u00e1zku Jana \u017di\u017eky"},"content":{"rendered":"\n<div style=\"height:20px\" aria-hidden=\"true\" class=\"wp-block-spacer\"><\/div>\n\n\n\n<p><strong>Petr J\u00e1kl letos kone\u010dn\u011b uvede do kin sv\u016fj dosud nejv\u011bt\u0161\u00ed projekt, historick\u00e9 ak\u010dn\u00ed drama Jan \u017di\u017eka. Prvn\u00ed div\u00e1ci jej uvid\u00ed v\u00a0\u010desk\u00fdch kinech od 8. z\u00e1\u0159\u00ed a v\u00a0americk\u00fdch od 9. z\u00e1\u0159\u00ed 2022, u\u017e nyn\u00ed ale tv\u016frci p\u0159edstavuj\u00ed teaser. Ve sn\u00edmku o \u010desk\u00e9m vojev\u016fdci Janu \u017di\u017ekovi se p\u0159edstav\u00ed Ben Foster, Michael Caine, Til Schweiger \u010di Sophie Lowe.<\/strong><\/p>\n\n\n\n<figure class=\"wp-block-image size-large\"><img decoding=\"async\" loading=\"lazy\" width=\"1024\" height=\"618\" src=\"https:\/\/cinemahouse.cz\/wp-content\/uploads\/2022\/05\/SRP9339cd_aqaqa-1024x618.jpg\" alt=\"\" class=\"wp-image-3110\" srcset=\"https:\/\/cinemahouse.cz\/wp-content\/uploads\/2022\/05\/SRP9339cd_aqaqa-1024x618.jpg 1024w, https:\/\/cinemahouse.cz\/wp-content\/uploads\/2022\/05\/SRP9339cd_aqaqa-300x181.jpg 300w, https:\/\/cinemahouse.cz\/wp-content\/uploads\/2022\/05\/SRP9339cd_aqaqa-768x463.jpg 768w, https:\/\/cinemahouse.cz\/wp-content\/uploads\/2022\/05\/SRP9339cd_aqaqa-1536x927.jpg 1536w, https:\/\/cinemahouse.cz\/wp-content\/uploads\/2022\/05\/SRP9339cd_aqaqa.jpg 1551w\" sizes=\"(max-width: 1024px) 100vw, 1024px\" \/><\/figure>\n\n\n\n<p>\u201e<em>V\u017edycky jsem cht\u011bl nato\u010dit film podobn\u00fd nap\u0159\u00edklad State\u010dn\u00e9mu srdci, byl to m\u016fj sen. P\u0159ed jeden\u00e1cti lety se sen zhmotnil ve chv\u00edli, kdy p\u0159i\u0161li <strong>Marek Dobe\u0161<\/strong> a <strong>Michal Petru\u0161<\/strong> s\u00a0n\u00e1padem nato\u010dit film o mlad\u00e9m \u017di\u017ekovi. Za\u010dal jsem pracovat na p\u0159\u00edb\u011bhu z\u00a0roku 1402, kdy byl \u017di\u017eka je\u0161t\u011b psanec, \u017eold\u00e1k a teprve se v\u00a0n\u011bm rodil vojev\u016fdce. Neto\u010dil jsem nic, co zn\u00e1me z\u00a0V\u00e1vrov\u00fdch film\u016f o husitsk\u00e9 dob\u011b,\u201c<\/em> vysv\u011btlil producent a re\u017eis\u00e9r <strong>Petr J\u00e1kl<\/strong> s\u00a0t\u00edm, \u017ee na ot\u00e1zky podobnosti filmu re\u017eis\u00e9ra <strong>Otakara V\u00e1vry<\/strong> z\u00a0roku 1955 odpov\u00edd\u00e1 \u010dasto.<\/p>\n\n\n\n<p>U\u017e teaser odhal\u00ed, jak ve filmu vypadaj\u00ed velk\u00e9 filmov\u00e9 hv\u011bzdy, je\u017e p\u0159ijaly role v&nbsp;tomto sn\u00edmku. <em>\u201eKdy\u017e jsem za\u010dal pracovat s&nbsp;<\/em><em><strong>Michaelem Cainem<\/strong><\/em><em>, <\/em><em>p\u0159em\u00fd\u0161lel jsem nad t\u00edm, jak budu re\u017e\u00edrovat dr\u017eitele dvou <\/em><em>Osar\u016f a jak m\u011b bude br\u00e1t. P\u0159ekvapilo m\u011b, jak byl<\/em><em> \u00fa\u017easn\u00fd. Naslouchal mi a po ka\u017ed\u00fd klapce se m\u011b zeptal, jestli to nem\u00e1 zkusit je\u0161t\u011b jinak. Pro m\u011b je srdcem toho filmu,\u201c<\/em> popsal J\u00e1kl spolupr\u00e1ci s&nbsp;americk\u00fdm hercem, jen\u017e ztv\u00e1rnil Lorda Bore\u0161e.<\/p>\n\n\n\n<figure class=\"wp-block-embed-youtube wp-block-embed is-type-video is-provider-youtube wp-embed-aspect-16-9 wp-has-aspect-ratio\"><div class=\"wp-block-embed__wrapper\">\n<div class=\"video-container\"><iframe loading=\"lazy\" title=\"Jan \u017di\u017eka (2022) HD teaser CZ titulky\" width=\"500\" height=\"281\" src=\"https:\/\/www.youtube.com\/embed\/idnEqHv7_Cs?feature=oembed&#038;wmode=opaque\" frameborder=\"0\" allow=\"accelerometer; autoplay; clipboard-write; encrypted-media; gyroscope; picture-in-picture\" allowfullscreen><\/iframe><\/div>\n<\/div><\/figure>\n\n\n\n<p>A podobn\u011b nad\u0161en\u00fd je i z&nbsp;ostatn\u00edch herc\u016f. <em>\u201eN\u011bmeck\u00fd herec <\/em><em><strong>Til Schweiger<\/strong><\/em><em> m\u00e1 za sebou skv\u011blou kari\u00e9ru. P\u0159em\u00fd\u0161lel jsem, jak\u00fdm zp\u016fsobem k&nbsp;n\u011bmu p\u0159istupovat, proto\u017ee jsem sly\u0161el, \u017ee s&nbsp;n\u00edm nen\u00ed jednoduch\u00e9 pracovat. Nakonec to bylo absolutn\u011b \u00fa\u017easn\u00e9. Je to obrovsk\u00fd profesion\u00e1l a po nat\u00e1\u010den\u00ed jsme se dokonce stali p\u0159\u00e1teli,\u201c<\/em> osv\u011btlil re\u017eis\u00e9r.<\/p>\n\n\n\n<p>Samotn\u00e9ho Jana \u017di\u017eku ve sn\u00edmku ztv\u00e1rnil <strong>Ben Foster<\/strong>. <em>\u201eBen je jin\u00fd, ne\u017e v\u0161ichni ostatn\u00ed. Je to minimalistick\u00fd herec. \u010c\u00edm m\u00e9n\u011b toho d\u011bl\u00e1, t\u00edm v\u00edc je to zaj\u00edmav\u011bj\u0161\u00ed. N\u011bjakou dobu mi trvalo, ne\u017e jsem se nau\u010dil s&nbsp;n\u00edm pracovat, ale i vizu\u00e1ln\u011b pro m\u011b ztv\u00e1rnil \u017di\u017eku tak, \u017ee Jan \u017di\u017eka je Ben Foster,\u201c <\/em>sv\u011b\u0159il se J\u00e1kl.<\/p>\n\n\n\n<p>Nat\u00e1\u010den\u00ed trvalo celkem 54 dn\u016f a na place se objevili t\u0159eba i angli\u010dt\u00ed herci <strong>Matthew Goode<\/strong>, kter\u00fd hraje Zikmunda, nebo <strong>William Moseley<\/strong>, jen\u017e ztv\u00e1rnil bratra \u017di\u017eky. Z&nbsp;\u010desk\u00fdch herc\u016f se div\u00e1ci mohou t\u011b\u0161it nap\u0159\u00edklad na <strong>Karla Rodena<\/strong>, <strong>Ond\u0159eje Vetch\u00e9ho<\/strong> \u010di <strong>Jana Buda\u0159e<\/strong>. <em>\u201eP\u0159ekvapil m\u011b hodn\u011b i <\/em><em><strong>Ben Cristovao<\/strong><\/em><em>. Hodn\u011b lid\u00ed \u0159e\u0161ilo, jestli ve filmu ze st\u0159edov\u011bku m\u016f\u017ee hr\u00e1t, ale ud\u011blali jsme z&nbsp;n\u011bj Kum\u00e1na, co\u017e byli ko\u010dovn\u00ed n\u00e1jezdn\u00edci, bojovn\u00edci, kte\u0159\u00ed byli v&nbsp;t\u00e9 dob\u011b i v&nbsp;\u010cech\u00e1ch. Je velmi herecky talentovan\u00fd a sv\u00e9 role se zhostil skv\u011ble,\u201c <\/em>dodal producent.<\/p>\n\n\n\n<p>Proto\u017ee bude film uv\u00e1d\u011bn jak u n\u00e1s, tak v&nbsp;zahrani\u010d\u00ed, vznikly dv\u011b jazykov\u00e9 verze. To sam\u00e9 plat\u00ed o teaseru nebo traileru. Ty budou bu\u010f v&nbsp;origin\u00e1lu s&nbsp;titulky, nebo v&nbsp;\u010desk\u00e9m dabingu. Na tom se krom\u011b herc\u016f na pl\u00e1tn\u011b pod\u00edleli nap\u0159\u00edklad i <strong>Petr Ln\u011bni\u010dka<\/strong>,<strong> Nina Hor\u00e1kov\u00e1<\/strong>,<strong> Martin Str\u00e1nsk\u00fd<\/strong>,<strong> Michal Dlouh\u00fd<\/strong>,<strong> V\u00e1clav Ra\u0161ilov<\/strong>,<strong> Jarom\u00edr Meduna<\/strong>,<strong> Jan \u0160\u0165astn\u00fd<\/strong>,<strong> Ond\u0159ej Kavan<\/strong>,<strong> Jitka \u010cvan\u010darov\u00e1<\/strong>,<strong> Tom\u00e1\u0161 Ju\u0159i\u010dka<\/strong>,<strong> Petr Neskusil<\/strong>,<strong> Vasil Fridrich<\/strong>,<strong> Ernesto \u010cekan<\/strong>,<strong> Pavel Ne\u010das<\/strong>,<strong> David Mat\u00e1sek<\/strong>,<strong> Filip Antonio<\/strong>,<strong> Josef Pejchal<\/strong> a dal\u0161\u00ed.<\/p>\n\n\n\n<p>Film <em>Jan \u017di\u017eka<\/em>, kter\u00fd vypr\u00e1v\u00ed p\u0159\u00edb\u011bh zrozen\u00ed nejslavn\u011bj\u0161\u00edho vojev\u016fdce \u010desk\u00fdch zem\u00ed a jednoho ze sedmi nikdy nepora\u017een\u00fdch v\u00e1le\u010dn\u00edk\u016f historie, doraz\u00ed do \u010desk\u00fdch kin 8. z\u00e1\u0159\u00ed 2022. Uvede jej distribu\u010dn\u00ed spole\u010dnost Bioscop.<\/p>\n\n\n\n<div class=\"wp-block-image\"><figure class=\"aligncenter size-large is-resized\"><img decoding=\"async\" loading=\"lazy\" src=\"https:\/\/cinemahouse.cz\/wp-content\/uploads\/2022\/05\/Jan-Zizka_poster_1413x2000_jpg-723x1024.jpg\" alt=\"\" class=\"wp-image-3111\" width=\"811\" height=\"1149\" srcset=\"https:\/\/cinemahouse.cz\/wp-content\/uploads\/2022\/05\/Jan-Zizka_poster_1413x2000_jpg-723x1024.jpg 723w, https:\/\/cinemahouse.cz\/wp-content\/uploads\/2022\/05\/Jan-Zizka_poster_1413x2000_jpg-212x300.jpg 212w, https:\/\/cinemahouse.cz\/wp-content\/uploads\/2022\/05\/Jan-Zizka_poster_1413x2000_jpg-768x1087.jpg 768w, https:\/\/cinemahouse.cz\/wp-content\/uploads\/2022\/05\/Jan-Zizka_poster_1413x2000_jpg-1085x1536.jpg 1085w, https:\/\/cinemahouse.cz\/wp-content\/uploads\/2022\/05\/Jan-Zizka_poster_1413x2000_jpg.jpg 1413w\" sizes=\"(max-width: 811px) 100vw, 811px\" \/><\/figure><\/div>\n\n\n\n<h3 class=\"wp-block-heading\"><strong>Synopse:<\/strong><\/h3>\n\n\n\n<p>Na konci 14. stolet\u00ed jsou Zem\u011b Koruny \u010desk\u00e9 zm\u00edt\u00e1ny tyrani\u00ed a n\u00e1sil\u00edm. Jan \u017di\u017eka a skupina jeho \u017eoldn\u00e9\u0159\u016f jsou najati na ochranu kr\u00e1lova z\u00e1stupce. Jan prok\u00e1\u017ee skv\u011bl\u00e9 strategick\u00e9 a bojov\u00e9 schopnosti. N\u00e1sledn\u011b je pov\u011b\u0159en slu\u017ebou pro samotn\u00e9ho kr\u00e1le, V\u00e1clava IV.<\/p>\n\n\n\n<p>Zemi ale ve skute\u010dnosti ovl\u00e1d\u00e1 Jind\u0159ich z&nbsp;Ro\u017emberka, nejbohat\u0161\u00ed velmo\u017e kr\u00e1lovstv\u00ed. Jan dost\u00e1v\u00e1 dal\u0161\u00ed delik\u00e1tn\u00ed \u00fakol: un\u00e9st Ro\u017emberkovu snoubenku Kate\u0159inu. T\u00edm se nevyhnuteln\u011b zapl\u00e9t\u00e1 do vysok\u00e9 politiky. Od t\u00e9 chv\u00edle nem\u00e1 na vybranou. Mus\u00ed bojovat.<\/p>\n\n\n\n<p>Janovy \u017eold\u00e1ck\u00e9 hodnoty se ot\u0159\u00e1saj\u00ed v&nbsp;z\u00e1kladech. V\u00e1\u0161e\u0148, vina, cht\u00ed\u010d i pomsta se st\u00e1vaj\u00ed hnac\u00ed silou jeho boje za spravedlnost a rovnopr\u00e1vnost oby\u010dejn\u00e9ho lidu.<\/p>\n\n\n\n<p>V t\u00e9to dob\u011b se z n\u00e1jemn\u00e9ho \u017eoldn\u00e9\u0159e st\u00e1v\u00e1 legenda. Rod\u00ed se vojev\u016fdce, kter\u00fd bude bojovat za v\u0161e, v&nbsp;co v\u011b\u0159\u00ed.<\/p>\n\n\n\n<p>Historick\u00fd film <strong>Petra J\u00e1kla<\/strong> vypr\u00e1v\u00ed o po\u010d\u00e1tc\u00edch husitsk\u00e9ho vojev\u016fdce Jana \u017di\u017eky na pozad\u00ed bou\u0159liv\u00fdch ud\u00e1lost\u00ed roku 1402. V hlavn\u00edch rol\u00edch se p\u0159edstav\u00ed <strong>Ben Foster<\/strong>, <strong>Michael Caine<\/strong>, <strong>Til Schweiger<\/strong>,<strong> Sophie Lowe<\/strong>,<strong> Karel Roden<\/strong> a dal\u0161\u00ed.<\/p>\n\n\n\n<div style=\"height:100px\" aria-hidden=\"true\" class=\"wp-block-spacer\"><\/div>\n\n\n\n<p><strong>Zdroj foto a video: <\/strong>BIOSCOP<\/p>\n","protected":false},"excerpt":{"rendered":"<p>Petr J\u00e1kl letos kone\u010dn\u011b uvede do kin sv\u016fj dosud nejv\u011bt\u0161\u00ed projekt, historick\u00e9 ak\u010dn\u00ed drama Jan \u017di\u017eka. Prvn\u00ed div\u00e1ci jej uvid\u00ed v\u00a0\u010desk\u00fdch kinech od 8. z\u00e1\u0159\u00ed a v\u00a0americk\u00fdch od 9. z\u00e1\u0159\u00ed 2022, u\u017e nyn\u00ed ale&#46;&#46;&#46;<\/p>\n","protected":false},"author":2,"featured_media":3110,"comment_status":"closed","ping_status":"closed","sticky":false,"template":"","format":"standard","meta":{"_monsterinsights_skip_tracking":false,"_monsterinsights_sitenote_active":false,"_monsterinsights_sitenote_note":"","_monsterinsights_sitenote_category":0,"footnotes":""},"categories":[3,2,5],"tags":[],"yoast_head":"<!-- This site is optimized with the Yoast SEO plugin v21.4 - https:\/\/yoast.com\/wordpress\/plugins\/seo\/ -->\n<title>Petr J\u00e1kl p\u0159edstavuje prvn\u00ed uk\u00e1zku Jana \u017di\u017eky - CINEMAHOUSE.cz<\/title>\n<meta name=\"robots\" content=\"index, follow, max-snippet:-1, max-image-preview:large, max-video-preview:-1\" \/>\n<link rel=\"canonical\" href=\"https:\/\/cinemahouse.cz\/index.php\/2022\/05\/17\/petr-jakl-predstavuje-prvni-ukazku-jana-zizky\/\" \/>\n<meta property=\"og:locale\" content=\"cs_CZ\" \/>\n<meta property=\"og:type\" content=\"article\" \/>\n<meta property=\"og:title\" content=\"Petr J\u00e1kl p\u0159edstavuje prvn\u00ed uk\u00e1zku Jana \u017di\u017eky - CINEMAHOUSE.cz\" \/>\n<meta property=\"og:description\" content=\"Petr J\u00e1kl letos kone\u010dn\u011b uvede do kin sv\u016fj dosud nejv\u011bt\u0161\u00ed projekt, historick\u00e9 ak\u010dn\u00ed drama Jan \u017di\u017eka. Prvn\u00ed div\u00e1ci jej uvid\u00ed v\u00a0\u010desk\u00fdch kinech od 8. z\u00e1\u0159\u00ed a v\u00a0americk\u00fdch od 9. z\u00e1\u0159\u00ed 2022, u\u017e nyn\u00ed ale&#046;&#046;&#046;\" \/>\n<meta property=\"og:url\" content=\"https:\/\/cinemahouse.cz\/index.php\/2022\/05\/17\/petr-jakl-predstavuje-prvni-ukazku-jana-zizky\/\" \/>\n<meta property=\"og:site_name\" content=\"CINEMAHOUSE.cz\" \/>\n<meta property=\"article:published_time\" content=\"2022-05-16T22:08:00+00:00\" \/>\n<meta property=\"article:modified_time\" content=\"2022-05-19T22:18:32+00:00\" \/>\n<meta property=\"og:image\" content=\"https:\/\/cinemahouse.cz\/wp-content\/uploads\/2022\/05\/SRP9339cd_aqaqa.jpg\" \/>\n\t<meta property=\"og:image:width\" content=\"1551\" \/>\n\t<meta property=\"og:image:height\" content=\"936\" \/>\n\t<meta property=\"og:image:type\" content=\"image\/jpeg\" \/>\n<meta name=\"author\" content=\"Miroslav Van\u011bk\" \/>\n<meta name=\"twitter:card\" content=\"summary_large_image\" \/>\n<meta name=\"twitter:label1\" content=\"Napsal(a)\" \/>\n\t<meta name=\"twitter:data1\" content=\"Miroslav Van\u011bk\" \/>\n\t<meta name=\"twitter:label2\" content=\"Odhadovan\u00e1 doba \u010dten\u00ed\" \/>\n\t<meta name=\"twitter:data2\" content=\"5 minut\" \/>\n<script type=\"application\/ld+json\" class=\"yoast-schema-graph\">{\"@context\":\"https:\/\/schema.org\",\"@graph\":[{\"@type\":\"Article\",\"@id\":\"https:\/\/cinemahouse.cz\/index.php\/2022\/05\/17\/petr-jakl-predstavuje-prvni-ukazku-jana-zizky\/#article\",\"isPartOf\":{\"@id\":\"https:\/\/cinemahouse.cz\/index.php\/2022\/05\/17\/petr-jakl-predstavuje-prvni-ukazku-jana-zizky\/\"},\"author\":{\"name\":\"Miroslav Van\u011bk\",\"@id\":\"https:\/\/cinemahouse.cz\/#\/schema\/person\/b4b442f183df4da20f147173def615f2\"},\"headline\":\"Petr J\u00e1kl p\u0159edstavuje prvn\u00ed uk\u00e1zku Jana \u017di\u017eky\",\"datePublished\":\"2022-05-16T22:08:00+00:00\",\"dateModified\":\"2022-05-19T22:18:32+00:00\",\"mainEntityOfPage\":{\"@id\":\"https:\/\/cinemahouse.cz\/index.php\/2022\/05\/17\/petr-jakl-predstavuje-prvni-ukazku-jana-zizky\/\"},\"wordCount\":940,\"publisher\":{\"@id\":\"https:\/\/cinemahouse.cz\/#organization\"},\"articleSection\":[\"FILMOV\u00c9 NOVINKY\",\"NEWS\",\"TRAILERY\"],\"inLanguage\":\"cs\"},{\"@type\":\"WebPage\",\"@id\":\"https:\/\/cinemahouse.cz\/index.php\/2022\/05\/17\/petr-jakl-predstavuje-prvni-ukazku-jana-zizky\/\",\"url\":\"https:\/\/cinemahouse.cz\/index.php\/2022\/05\/17\/petr-jakl-predstavuje-prvni-ukazku-jana-zizky\/\",\"name\":\"Petr J\u00e1kl p\u0159edstavuje prvn\u00ed uk\u00e1zku Jana \u017di\u017eky - CINEMAHOUSE.cz\",\"isPartOf\":{\"@id\":\"https:\/\/cinemahouse.cz\/#website\"},\"datePublished\":\"2022-05-16T22:08:00+00:00\",\"dateModified\":\"2022-05-19T22:18:32+00:00\",\"breadcrumb\":{\"@id\":\"https:\/\/cinemahouse.cz\/index.php\/2022\/05\/17\/petr-jakl-predstavuje-prvni-ukazku-jana-zizky\/#breadcrumb\"},\"inLanguage\":\"cs\",\"potentialAction\":[{\"@type\":\"ReadAction\",\"target\":[\"https:\/\/cinemahouse.cz\/index.php\/2022\/05\/17\/petr-jakl-predstavuje-prvni-ukazku-jana-zizky\/\"]}]},{\"@type\":\"BreadcrumbList\",\"@id\":\"https:\/\/cinemahouse.cz\/index.php\/2022\/05\/17\/petr-jakl-predstavuje-prvni-ukazku-jana-zizky\/#breadcrumb\",\"itemListElement\":[{\"@type\":\"ListItem\",\"position\":1,\"name\":\"Dom\u016f\",\"item\":\"https:\/\/cinemahouse.cz\/\"},{\"@type\":\"ListItem\",\"position\":2,\"name\":\"Petr J\u00e1kl p\u0159edstavuje prvn\u00ed uk\u00e1zku Jana \u017di\u017eky\"}]},{\"@type\":\"WebSite\",\"@id\":\"https:\/\/cinemahouse.cz\/#website\",\"url\":\"https:\/\/cinemahouse.cz\/\",\"name\":\"CINEMAHOUSE.cz\",\"description\":\"Port\u00e1l o filmov\u00fdch novink\u00e1ch\",\"publisher\":{\"@id\":\"https:\/\/cinemahouse.cz\/#organization\"},\"potentialAction\":[{\"@type\":\"SearchAction\",\"target\":{\"@type\":\"EntryPoint\",\"urlTemplate\":\"https:\/\/cinemahouse.cz\/?s={search_term_string}\"},\"query-input\":\"required name=search_term_string\"}],\"inLanguage\":\"cs\"},{\"@type\":\"Organization\",\"@id\":\"https:\/\/cinemahouse.cz\/#organization\",\"name\":\"CINEMAHOUSE.cz\",\"url\":\"https:\/\/cinemahouse.cz\/\",\"logo\":{\"@type\":\"ImageObject\",\"inLanguage\":\"cs\",\"@id\":\"https:\/\/cinemahouse.cz\/#\/schema\/logo\/image\/\",\"url\":\"https:\/\/cinemahouse.cz\/wp-content\/uploads\/2024\/12\/cropped-Logo_CinemaHouse.jpg\",\"contentUrl\":\"https:\/\/cinemahouse.cz\/wp-content\/uploads\/2024\/12\/cropped-Logo_CinemaHouse.jpg\",\"width\":926,\"height\":467,\"caption\":\"CINEMAHOUSE.cz\"},\"image\":{\"@id\":\"https:\/\/cinemahouse.cz\/#\/schema\/logo\/image\/\"}},{\"@type\":\"Person\",\"@id\":\"https:\/\/cinemahouse.cz\/#\/schema\/person\/b4b442f183df4da20f147173def615f2\",\"name\":\"Miroslav Van\u011bk\",\"image\":{\"@type\":\"ImageObject\",\"inLanguage\":\"cs\",\"@id\":\"https:\/\/cinemahouse.cz\/#\/schema\/person\/image\/\",\"url\":\"https:\/\/secure.gravatar.com\/avatar\/cc93dbecbfc820d69a964ea4a1c72377?s=96&d=mm&r=g\",\"contentUrl\":\"https:\/\/secure.gravatar.com\/avatar\/cc93dbecbfc820d69a964ea4a1c72377?s=96&d=mm&r=g\",\"caption\":\"Miroslav Van\u011bk\"},\"sameAs\":[\"http:\/\/www.cinemahouse.cz\"],\"url\":\"https:\/\/cinemahouse.cz\/index.php\/author\/mirvan\/\"}]}<\/script>\n<!-- \/ Yoast SEO plugin. -->","yoast_head_json":{"title":"Petr J\u00e1kl p\u0159edstavuje prvn\u00ed uk\u00e1zku Jana \u017di\u017eky - CINEMAHOUSE.cz","robots":{"index":"index","follow":"follow","max-snippet":"max-snippet:-1","max-image-preview":"max-image-preview:large","max-video-preview":"max-video-preview:-1"},"canonical":"https:\/\/cinemahouse.cz\/index.php\/2022\/05\/17\/petr-jakl-predstavuje-prvni-ukazku-jana-zizky\/","og_locale":"cs_CZ","og_type":"article","og_title":"Petr J\u00e1kl p\u0159edstavuje prvn\u00ed uk\u00e1zku Jana \u017di\u017eky - CINEMAHOUSE.cz","og_description":"Petr J\u00e1kl letos kone\u010dn\u011b uvede do kin sv\u016fj dosud nejv\u011bt\u0161\u00ed projekt, historick\u00e9 ak\u010dn\u00ed drama Jan \u017di\u017eka. Prvn\u00ed div\u00e1ci jej uvid\u00ed v\u00a0\u010desk\u00fdch kinech od 8. z\u00e1\u0159\u00ed a v\u00a0americk\u00fdch od 9. z\u00e1\u0159\u00ed 2022, u\u017e nyn\u00ed ale&#46;&#46;&#46;","og_url":"https:\/\/cinemahouse.cz\/index.php\/2022\/05\/17\/petr-jakl-predstavuje-prvni-ukazku-jana-zizky\/","og_site_name":"CINEMAHOUSE.cz","article_published_time":"2022-05-16T22:08:00+00:00","article_modified_time":"2022-05-19T22:18:32+00:00","og_image":[{"width":1551,"height":936,"url":"https:\/\/cinemahouse.cz\/wp-content\/uploads\/2022\/05\/SRP9339cd_aqaqa.jpg","type":"image\/jpeg"}],"author":"Miroslav Van\u011bk","twitter_card":"summary_large_image","twitter_misc":{"Napsal(a)":"Miroslav Van\u011bk","Odhadovan\u00e1 doba \u010dten\u00ed":"5 minut"},"schema":{"@context":"https:\/\/schema.org","@graph":[{"@type":"Article","@id":"https:\/\/cinemahouse.cz\/index.php\/2022\/05\/17\/petr-jakl-predstavuje-prvni-ukazku-jana-zizky\/#article","isPartOf":{"@id":"https:\/\/cinemahouse.cz\/index.php\/2022\/05\/17\/petr-jakl-predstavuje-prvni-ukazku-jana-zizky\/"},"author":{"name":"Miroslav Van\u011bk","@id":"https:\/\/cinemahouse.cz\/#\/schema\/person\/b4b442f183df4da20f147173def615f2"},"headline":"Petr J\u00e1kl p\u0159edstavuje prvn\u00ed uk\u00e1zku Jana \u017di\u017eky","datePublished":"2022-05-16T22:08:00+00:00","dateModified":"2022-05-19T22:18:32+00:00","mainEntityOfPage":{"@id":"https:\/\/cinemahouse.cz\/index.php\/2022\/05\/17\/petr-jakl-predstavuje-prvni-ukazku-jana-zizky\/"},"wordCount":940,"publisher":{"@id":"https:\/\/cinemahouse.cz\/#organization"},"articleSection":["FILMOV\u00c9 NOVINKY","NEWS","TRAILERY"],"inLanguage":"cs"},{"@type":"WebPage","@id":"https:\/\/cinemahouse.cz\/index.php\/2022\/05\/17\/petr-jakl-predstavuje-prvni-ukazku-jana-zizky\/","url":"https:\/\/cinemahouse.cz\/index.php\/2022\/05\/17\/petr-jakl-predstavuje-prvni-ukazku-jana-zizky\/","name":"Petr J\u00e1kl p\u0159edstavuje prvn\u00ed uk\u00e1zku Jana \u017di\u017eky - CINEMAHOUSE.cz","isPartOf":{"@id":"https:\/\/cinemahouse.cz\/#website"},"datePublished":"2022-05-16T22:08:00+00:00","dateModified":"2022-05-19T22:18:32+00:00","breadcrumb":{"@id":"https:\/\/cinemahouse.cz\/index.php\/2022\/05\/17\/petr-jakl-predstavuje-prvni-ukazku-jana-zizky\/#breadcrumb"},"inLanguage":"cs","potentialAction":[{"@type":"ReadAction","target":["https:\/\/cinemahouse.cz\/index.php\/2022\/05\/17\/petr-jakl-predstavuje-prvni-ukazku-jana-zizky\/"]}]},{"@type":"BreadcrumbList","@id":"https:\/\/cinemahouse.cz\/index.php\/2022\/05\/17\/petr-jakl-predstavuje-prvni-ukazku-jana-zizky\/#breadcrumb","itemListElement":[{"@type":"ListItem","position":1,"name":"Dom\u016f","item":"https:\/\/cinemahouse.cz\/"},{"@type":"ListItem","position":2,"name":"Petr J\u00e1kl p\u0159edstavuje prvn\u00ed uk\u00e1zku Jana \u017di\u017eky"}]},{"@type":"WebSite","@id":"https:\/\/cinemahouse.cz\/#website","url":"https:\/\/cinemahouse.cz\/","name":"CINEMAHOUSE.cz","description":"Port\u00e1l o filmov\u00fdch novink\u00e1ch","publisher":{"@id":"https:\/\/cinemahouse.cz\/#organization"},"potentialAction":[{"@type":"SearchAction","target":{"@type":"EntryPoint","urlTemplate":"https:\/\/cinemahouse.cz\/?s={search_term_string}"},"query-input":"required name=search_term_string"}],"inLanguage":"cs"},{"@type":"Organization","@id":"https:\/\/cinemahouse.cz\/#organization","name":"CINEMAHOUSE.cz","url":"https:\/\/cinemahouse.cz\/","logo":{"@type":"ImageObject","inLanguage":"cs","@id":"https:\/\/cinemahouse.cz\/#\/schema\/logo\/image\/","url":"https:\/\/cinemahouse.cz\/wp-content\/uploads\/2024\/12\/cropped-Logo_CinemaHouse.jpg","contentUrl":"https:\/\/cinemahouse.cz\/wp-content\/uploads\/2024\/12\/cropped-Logo_CinemaHouse.jpg","width":926,"height":467,"caption":"CINEMAHOUSE.cz"},"image":{"@id":"https:\/\/cinemahouse.cz\/#\/schema\/logo\/image\/"}},{"@type":"Person","@id":"https:\/\/cinemahouse.cz\/#\/schema\/person\/b4b442f183df4da20f147173def615f2","name":"Miroslav Van\u011bk","image":{"@type":"ImageObject","inLanguage":"cs","@id":"https:\/\/cinemahouse.cz\/#\/schema\/person\/image\/","url":"https:\/\/secure.gravatar.com\/avatar\/cc93dbecbfc820d69a964ea4a1c72377?s=96&d=mm&r=g","contentUrl":"https:\/\/secure.gravatar.com\/avatar\/cc93dbecbfc820d69a964ea4a1c72377?s=96&d=mm&r=g","caption":"Miroslav Van\u011bk"},"sameAs":["http:\/\/www.cinemahouse.cz"],"url":"https:\/\/cinemahouse.cz\/index.php\/author\/mirvan\/"}]}},"_links":{"self":[{"href":"https:\/\/cinemahouse.cz\/index.php\/wp-json\/wp\/v2\/posts\/3109"}],"collection":[{"href":"https:\/\/cinemahouse.cz\/index.php\/wp-json\/wp\/v2\/posts"}],"about":[{"href":"https:\/\/cinemahouse.cz\/index.php\/wp-json\/wp\/v2\/types\/post"}],"author":[{"embeddable":true,"href":"https:\/\/cinemahouse.cz\/index.php\/wp-json\/wp\/v2\/users\/2"}],"replies":[{"embeddable":true,"href":"https:\/\/cinemahouse.cz\/index.php\/wp-json\/wp\/v2\/comments?post=3109"}],"version-history":[{"count":1,"href":"https:\/\/cinemahouse.cz\/index.php\/wp-json\/wp\/v2\/posts\/3109\/revisions"}],"predecessor-version":[{"id":3112,"href":"https:\/\/cinemahouse.cz\/index.php\/wp-json\/wp\/v2\/posts\/3109\/revisions\/3112"}],"wp:featuredmedia":[{"embeddable":true,"href":"https:\/\/cinemahouse.cz\/index.php\/wp-json\/wp\/v2\/media\/3110"}],"wp:attachment":[{"href":"https:\/\/cinemahouse.cz\/index.php\/wp-json\/wp\/v2\/media?parent=3109"}],"wp:term":[{"taxonomy":"category","embeddable":true,"href":"https:\/\/cinemahouse.cz\/index.php\/wp-json\/wp\/v2\/categories?post=3109"},{"taxonomy":"post_tag","embeddable":true,"href":"https:\/\/cinemahouse.cz\/index.php\/wp-json\/wp\/v2\/tags?post=3109"}],"curies":[{"name":"wp","href":"https:\/\/api.w.org\/{rel}","templated":true}]}}