{"id":2881,"date":"2022-03-07T03:21:46","date_gmt":"2022-03-07T02:21:46","guid":{"rendered":"https:\/\/cinemahouse.cz\/?p=2881"},"modified":"2022-03-07T03:21:47","modified_gmt":"2022-03-07T02:21:47","slug":"vojta-kotek-o-dvojroli-v-novem-filmu-jana-sveraka-betlemske-svetlo","status":"publish","type":"post","link":"https:\/\/cinemahouse.cz\/index.php\/2022\/03\/07\/vojta-kotek-o-dvojroli-v-novem-filmu-jana-sveraka-betlemske-svetlo\/","title":{"rendered":"Vojta Kotek o dvojroli v nov\u00e9m filmu Jana Sv\u011br\u00e1ka Betl\u00e9msk\u00e9 sv\u011btlo"},"content":{"rendered":"\n<p><strong>Jan Sv\u011br\u00e1k ve sv\u00e9m nov\u00e9m filmu Vojtu Kotka oholil<\/strong><\/p>\n\n\n\n<p><strong>V&nbsp;nov\u00e9m sn\u00edmku otce a syna Sv\u011br\u00e1kov\u00fdch s&nbsp;n\u00e1zvem Betl\u00e9msk\u00e9 sv\u011btlo dostal v\u00fdraznou roli i Vojt\u011bch Kotek. \u201eJ<\/strong><strong>sem stra\u0161n\u011b r\u00e1d, \u017ee se mi po\u0161t\u011bstilo b\u00fdt s&nbsp;klukama i na place! U\u017e to, \u017ee hraju u Cimrman\u016f, je sen, kter\u00fd jsem se ani neodv\u00e1\u017eil sn\u00edt. Mysl\u00edm, \u017ee t\u00e1ta by na m\u011b byl py\u0161nej,\u201c sv\u011b\u0159il se herec, kter\u00fd ztv\u00e1rnil dvojroli Mat\u011bje a M\u00e1ria, jen\u017e se pokou\u0161\u00ed z\u00edskat mladou l\u00e9k\u00e1rnici.<\/strong><\/p>\n\n\n\n<figure class=\"wp-block-image size-large\"><img decoding=\"async\" loading=\"lazy\" width=\"1024\" height=\"682\" src=\"https:\/\/cinemahouse.cz\/wp-content\/uploads\/2022\/03\/Vojta-Kotek-Betlemske-svetlo-1024x682.jpg\" alt=\"\" class=\"wp-image-2882\" srcset=\"https:\/\/cinemahouse.cz\/wp-content\/uploads\/2022\/03\/Vojta-Kotek-Betlemske-svetlo-1024x682.jpg 1024w, https:\/\/cinemahouse.cz\/wp-content\/uploads\/2022\/03\/Vojta-Kotek-Betlemske-svetlo-300x200.jpg 300w, https:\/\/cinemahouse.cz\/wp-content\/uploads\/2022\/03\/Vojta-Kotek-Betlemske-svetlo-768x512.jpg 768w, https:\/\/cinemahouse.cz\/wp-content\/uploads\/2022\/03\/Vojta-Kotek-Betlemske-svetlo.jpg 1385w\" sizes=\"(max-width: 1024px) 100vw, 1024px\" \/><\/figure>\n\n\n\n<p>Film vypr\u00e1v\u00ed p\u0159\u00edb\u011bh st\u00e1rnouc\u00edho spisovatele Karla \u0160ejnohy, kter\u00e9mu u\u017e psan\u00ed nejde jako d\u0159\u00edv. Nedokon\u010den\u00e9 pov\u00eddky se mu hromad\u00ed v\u00a0hlav\u011b a jejich postavy vyl\u00e9zaj\u00ed na denn\u00ed sv\u011btlo a do\u017eaduj\u00ed se, aby autor pokra\u010doval v\u00a0d\u011bji. <em>\u201eMoje postava, o kter\u00e9 \u0160ejnoha p\u00ed\u0161e, si v\u00a0ur\u010ditou chv\u00edli uv\u011bdom\u00ed, \u017ee by mohla b\u00fdt psan\u00e1 mo\u017en\u00e1 ost\u0159ej\u0161\u00ed tu\u017ekou, a \u017ee by m\u011bla z\u00edskat p\u00e1r ost\u0159ej\u0161\u00edch rys\u016f, jako takov\u00fd st\u0159elec,\u201c<\/em> vysv\u011btlil <strong>Vojt\u011bch Kotek<\/strong>, kter\u00fd se sna\u017e\u00ed jako fotograf zap\u016fsobit na l\u00e9k\u00e1rnic\u00ed ztv\u00e1rn\u011bnou <strong>Terezou Ramba<\/strong>.<\/p>\n\n\n\n<div class=\"wp-block-image\"><figure class=\"aligncenter size-large is-resized\"><img decoding=\"async\" loading=\"lazy\" src=\"https:\/\/cinemahouse.cz\/wp-content\/uploads\/2022\/03\/008f3e83-931a-11ec-b67c-9e966f951e90.jpg\" alt=\"\" class=\"wp-image-2870\" width=\"902\" height=\"507\" srcset=\"https:\/\/cinemahouse.cz\/wp-content\/uploads\/2022\/03\/008f3e83-931a-11ec-b67c-9e966f951e90.jpg 635w, https:\/\/cinemahouse.cz\/wp-content\/uploads\/2022\/03\/008f3e83-931a-11ec-b67c-9e966f951e90-300x169.jpg 300w\" sizes=\"(max-width: 902px) 100vw, 902px\" \/><\/figure><\/div>\n\n\n\n<p>Pro tuto dvojici herc\u016f nen\u00ed spolupr\u00e1ce jejich prvn\u00ed. <em>\u201eMy u\u017e jsme spolu p\u00e1rkr\u00e1t to\u010dili, zn\u00e1me se dlouho a m\u00e1me i n\u011bjakou partnerskou minulost, tak\u017ee to je z\u00e1bavn\u00e9, kdy\u017e se m\u016f\u017ee \u010dlov\u011bk op\u0159\u00edt o n\u011bco, co u\u017e s\u00a0t\u00edm druh\u00fdm pro\u017eil,\u201c<\/em> sv\u011b\u0159il se Kotek s\u00a0t\u00edm, \u017ee ve sc\u00e9n\u00e1\u0159i m\u011bli p\u0159edeps\u00e1ny i drobn\u00e9 spory. <em>\u201eTy dv\u011b postavy spolu maj\u00ed docela dost h\u00e1dek, a ne \u017ee my bychom se neust\u00e1le h\u00e1dali, ale n\u011bkdy se to taky stalo, tak\u017ee m\u00e1me z\u00a0\u010deho \u010derpat. D\u011bl\u00e1m si legraci, s\u00a0Terezou jsme hlavn\u011b dob\u0159\u00ed p\u0159\u00e1tel\u00e9, co\u017e je v\u017edycky fajn,\u201c<\/em> dodal herec.<\/p>\n\n\n\n<figure class=\"wp-block-embed-youtube aligncenter wp-block-embed is-type-video is-provider-youtube wp-embed-aspect-16-9 wp-has-aspect-ratio\"><div class=\"wp-block-embed__wrapper\">\n<div class=\"video-container\"><iframe loading=\"lazy\" title=\"Betl\u00e9msk\u00e9 sv\u011btlo (2022) Vojta Kotek o nat\u00e1\u010den\u00ed\" width=\"500\" height=\"281\" src=\"https:\/\/www.youtube.com\/embed\/Y0oaVA2nL0E?feature=oembed&#038;wmode=opaque\" frameborder=\"0\" allow=\"accelerometer; autoplay; clipboard-write; encrypted-media; gyroscope; picture-in-picture\" allowfullscreen><\/iframe><\/div>\n<\/div><\/figure>\n\n\n\n<p>Aby role Mat\u011bje a M\u00e1ria odli\u0161il, nechal re\u017eis\u00e9r <strong>Jan Sv\u011br\u00e1k<\/strong> Vojt\u011bcha pro jednu z&nbsp;rol\u00ed oholit. <em>\u201eBylo to hrozn\u00fd. Kdy\u017e jsem vylezl p\u0159ed make-up bus, za\u010dala mi b\u00fdt zima na bradu! V\u016fbec jsem nech\u00e1pal, \u017ee ty vousy dok\u00e1\u017e\u00ed takhle h\u0159\u00e1t. C\u00edtil jsem se nah\u00fd, obna\u017een\u00fd a o deset let mlad\u0161\u00ed. Nebylo to p\u0159\u00edjemn\u00e9. Je ale p\u0159\u00edjemn\u00e9 hr\u00e1t dvojroli, to se mi je\u0161t\u011b nikdy nepo\u0161t\u011bstilo,\u201c<\/em> vysv\u011btlil Kotek s&nbsp;t\u00edm, \u017ee n\u011bkte\u0159\u00ed kolegov\u00e9 ho bez porostu ani nepoznali. <em>\u201eKdy\u017e jsem p\u0159i\u0161el mezi ostatn\u00ed lidi na plac, tak se m\u011b lekali a \u0159\u00edkali: Je\u017e\u00ed\u0161i Kriste! Kameraman Vladim\u00edr Smutn\u00fd m\u011b odm\u00edtal d\u00e1l oslovovat Vojto a \u0159\u00edkal: Te\u010f u\u017e jsi Mat\u011bj. Tak\u017ee to snad zafungovalo. \u010cast\u011bji ale nos\u00edm vousy, tak\u017ee s&nbsp;nimi si p\u0159ipad\u00e1m l\u00edp,\u201c<\/em> dodal herec.<\/p>\n\n\n\n<p><strong>Sn\u00edmek Betl\u00e9msk\u00e9 sv\u011btlo uv\u00e1d\u00ed do kin 10. 3. spole\u010dnost Bioscop.<\/strong><\/p>\n\n\n\n<p>Sn\u00edmek vypr\u00e1v\u00ed p\u0159\u00edb\u011bh st\u00e1rnouc\u00edho spisovatele Karla \u0160ejnohy, kter\u00e9mu u\u017e psan\u00ed nejde jako d\u0159\u00edv. Nedokon\u010den\u00e9 pov\u00eddky se mu hromad\u00ed v\u00a0hlav\u011b a jejich postavy vyl\u00e9zaj\u00ed na denn\u00ed sv\u011btlo a do\u017eaduj\u00ed se, aby autor pokra\u010doval v\u00a0d\u011bji. V\u0161ichni n\u011bco cht\u011bj\u00ed. Fotograf Mat\u011bj chce z\u00edskat nedobytnou magistru z\u00a0l\u00e9k\u00e1rny, pan Bohumil pros\u00ed, aby ud\u011blal z\u00e1zrak, automechanik Bakal\u00e1\u0159 by cht\u011bl b\u00fdt l\u00e9\u010ditelem. Do toho vstupuje z\u00a0re\u00e1ln\u00e9ho sv\u011bta \u0160ejnohova man\u017eelka, kter\u00e1 si mysl\u00ed, \u017ee u\u017e by m\u011bl psan\u00ed nechat a kone\u010dn\u011b se v\u011bnovat j\u00ed.<\/p>\n\n\n\n<div class=\"wp-block-image\"><figure class=\"aligncenter size-large is-resized\"><img decoding=\"async\" loading=\"lazy\" src=\"https:\/\/cinemahouse.cz\/wp-content\/uploads\/2022\/03\/BS_plakat_Betlemske_svetlo_A1-723x1024.jpg\" alt=\"\" class=\"wp-image-2869\" width=\"804\" height=\"1139\" srcset=\"https:\/\/cinemahouse.cz\/wp-content\/uploads\/2022\/03\/BS_plakat_Betlemske_svetlo_A1-723x1024.jpg 723w, https:\/\/cinemahouse.cz\/wp-content\/uploads\/2022\/03\/BS_plakat_Betlemske_svetlo_A1-212x300.jpg 212w, https:\/\/cinemahouse.cz\/wp-content\/uploads\/2022\/03\/BS_plakat_Betlemske_svetlo_A1-768x1087.jpg 768w, https:\/\/cinemahouse.cz\/wp-content\/uploads\/2022\/03\/BS_plakat_Betlemske_svetlo_A1-1085x1536.jpg 1085w, https:\/\/cinemahouse.cz\/wp-content\/uploads\/2022\/03\/BS_plakat_Betlemske_svetlo_A1-1447x2048.jpg 1447w, https:\/\/cinemahouse.cz\/wp-content\/uploads\/2022\/03\/BS_plakat_Betlemske_svetlo_A1.jpg 1684w\" sizes=\"(max-width: 804px) 100vw, 804px\" \/><\/figure><\/div>\n\n\n\n<p>Re\u017eie, sc\u00e9n\u00e1\u0159: Jan Sv\u011br\u00e1k<\/p>\n\n\n\n<p>Spolupr\u00e1ce na sc\u00e9n\u00e1\u0159i: Zden\u011bk Sv\u011br\u00e1k<\/p>\n\n\n\n<p>Producent: Biograf Jan Sv\u011br\u00e1k<\/p>\n\n\n\n<p>Koproducent: \u010cesk\u00e1 televize, Portobello Pictures<\/p>\n\n\n\n<p>Kamera: Vladim\u00edr Smutn\u00fd<\/p>\n\n\n\n<p>St\u0159ih: Franti\u0161ek Sv\u011br\u00e1k<\/p>\n\n\n\n<p>Hudba: Ond\u0159ej Soukup<\/p>\n\n\n\n<p>N\u00e1m\u011bt: Zden\u011bk Sv\u011br\u00e1k<\/p>\n\n\n\n<p>Obsazen\u00ed: Zden\u011bk Sv\u011br\u00e1k, Daniela Kol\u00e1\u0159ov\u00e1, Vojt\u011bch Kotek, Tereza Ramba, Patricia Schumann, Jitka \u010cvan\u010darov\u00e1, Vladim\u00edr Javorsk\u00fd a dal\u0161\u00ed.<\/p>\n\n\n\n<p>Distributor: Bioscop<\/p>\n\n\n\n<p>Premi\u00e9ra: 10. b\u0159ezna 2022<\/p>\n\n\n\n<p>D\u00e9lka filmu: 99 min.<\/p>\n\n\n\n<div style=\"height:100px\" aria-hidden=\"true\" class=\"wp-block-spacer\"><\/div>\n\n\n\n<p><\/p>\n","protected":false},"excerpt":{"rendered":"<p>Jan Sv\u011br\u00e1k ve sv\u00e9m nov\u00e9m filmu Vojtu Kotka oholil V&nbsp;nov\u00e9m sn\u00edmku otce a syna Sv\u011br\u00e1kov\u00fdch s&nbsp;n\u00e1zvem Betl\u00e9msk\u00e9 sv\u011btlo dostal v\u00fdraznou roli i Vojt\u011bch Kotek. \u201eJsem stra\u0161n\u011b r\u00e1d, \u017ee se mi po\u0161t\u011bstilo b\u00fdt s&nbsp;klukama i&#46;&#46;&#46;<\/p>\n","protected":false},"author":3,"featured_media":2882,"comment_status":"closed","ping_status":"closed","sticky":false,"template":"","format":"standard","meta":{"_monsterinsights_skip_tracking":false,"_monsterinsights_sitenote_active":false,"_monsterinsights_sitenote_note":"","_monsterinsights_sitenote_category":0,"footnotes":""},"categories":[3,2,7],"tags":[],"yoast_head":"<!-- This site is optimized with the Yoast SEO plugin v21.4 - https:\/\/yoast.com\/wordpress\/plugins\/seo\/ -->\n<title>Vojta Kotek o dvojroli v nov\u00e9m filmu Jana Sv\u011br\u00e1ka Betl\u00e9msk\u00e9 sv\u011btlo - CINEMAHOUSE.cz<\/title>\n<meta name=\"robots\" content=\"index, follow, max-snippet:-1, max-image-preview:large, max-video-preview:-1\" \/>\n<link rel=\"canonical\" href=\"https:\/\/cinemahouse.cz\/index.php\/2022\/03\/07\/vojta-kotek-o-dvojroli-v-novem-filmu-jana-sveraka-betlemske-svetlo\/\" \/>\n<meta property=\"og:locale\" content=\"cs_CZ\" \/>\n<meta property=\"og:type\" content=\"article\" \/>\n<meta property=\"og:title\" content=\"Vojta Kotek o dvojroli v nov\u00e9m filmu Jana Sv\u011br\u00e1ka Betl\u00e9msk\u00e9 sv\u011btlo - CINEMAHOUSE.cz\" \/>\n<meta property=\"og:description\" content=\"Jan Sv\u011br\u00e1k ve sv\u00e9m nov\u00e9m filmu Vojtu Kotka oholil V&nbsp;nov\u00e9m sn\u00edmku otce a syna Sv\u011br\u00e1kov\u00fdch s&nbsp;n\u00e1zvem Betl\u00e9msk\u00e9 sv\u011btlo dostal v\u00fdraznou roli i Vojt\u011bch Kotek. \u201eJsem stra\u0161n\u011b r\u00e1d, \u017ee se mi po\u0161t\u011bstilo b\u00fdt s&nbsp;klukama i&#046;&#046;&#046;\" \/>\n<meta property=\"og:url\" content=\"https:\/\/cinemahouse.cz\/index.php\/2022\/03\/07\/vojta-kotek-o-dvojroli-v-novem-filmu-jana-sveraka-betlemske-svetlo\/\" \/>\n<meta property=\"og:site_name\" content=\"CINEMAHOUSE.cz\" \/>\n<meta property=\"article:published_time\" content=\"2022-03-07T02:21:46+00:00\" \/>\n<meta property=\"article:modified_time\" content=\"2022-03-07T02:21:47+00:00\" \/>\n<meta property=\"og:image\" content=\"https:\/\/cinemahouse.cz\/wp-content\/uploads\/2022\/03\/Vojta-Kotek-Betlemske-svetlo.jpg\" \/>\n\t<meta property=\"og:image:width\" content=\"1385\" \/>\n\t<meta property=\"og:image:height\" content=\"923\" \/>\n\t<meta property=\"og:image:type\" content=\"image\/jpeg\" \/>\n<meta name=\"author\" content=\"Jolana Hol\u00e1\u0148ov\u00e1\" \/>\n<meta name=\"twitter:card\" content=\"summary_large_image\" \/>\n<meta name=\"twitter:label1\" content=\"Napsal(a)\" \/>\n\t<meta name=\"twitter:data1\" content=\"Jolana Hol\u00e1\u0148ov\u00e1\" \/>\n\t<meta name=\"twitter:label2\" content=\"Odhadovan\u00e1 doba \u010dten\u00ed\" \/>\n\t<meta name=\"twitter:data2\" content=\"4 minuty\" \/>\n<script type=\"application\/ld+json\" class=\"yoast-schema-graph\">{\"@context\":\"https:\/\/schema.org\",\"@graph\":[{\"@type\":\"Article\",\"@id\":\"https:\/\/cinemahouse.cz\/index.php\/2022\/03\/07\/vojta-kotek-o-dvojroli-v-novem-filmu-jana-sveraka-betlemske-svetlo\/#article\",\"isPartOf\":{\"@id\":\"https:\/\/cinemahouse.cz\/index.php\/2022\/03\/07\/vojta-kotek-o-dvojroli-v-novem-filmu-jana-sveraka-betlemske-svetlo\/\"},\"author\":{\"name\":\"Jolana Hol\u00e1\u0148ov\u00e1\",\"@id\":\"https:\/\/cinemahouse.cz\/#\/schema\/person\/1ddc0bd12b9f599dd69c434ae0096313\"},\"headline\":\"Vojta Kotek o dvojroli v nov\u00e9m filmu Jana Sv\u011br\u00e1ka Betl\u00e9msk\u00e9 sv\u011btlo\",\"datePublished\":\"2022-03-07T02:21:46+00:00\",\"dateModified\":\"2022-03-07T02:21:47+00:00\",\"mainEntityOfPage\":{\"@id\":\"https:\/\/cinemahouse.cz\/index.php\/2022\/03\/07\/vojta-kotek-o-dvojroli-v-novem-filmu-jana-sveraka-betlemske-svetlo\/\"},\"wordCount\":754,\"publisher\":{\"@id\":\"https:\/\/cinemahouse.cz\/#organization\"},\"articleSection\":[\"FILMOV\u00c9 NOVINKY\",\"NEWS\",\"ROZHOVORY\"],\"inLanguage\":\"cs\"},{\"@type\":\"WebPage\",\"@id\":\"https:\/\/cinemahouse.cz\/index.php\/2022\/03\/07\/vojta-kotek-o-dvojroli-v-novem-filmu-jana-sveraka-betlemske-svetlo\/\",\"url\":\"https:\/\/cinemahouse.cz\/index.php\/2022\/03\/07\/vojta-kotek-o-dvojroli-v-novem-filmu-jana-sveraka-betlemske-svetlo\/\",\"name\":\"Vojta Kotek o dvojroli v nov\u00e9m filmu Jana Sv\u011br\u00e1ka Betl\u00e9msk\u00e9 sv\u011btlo - CINEMAHOUSE.cz\",\"isPartOf\":{\"@id\":\"https:\/\/cinemahouse.cz\/#website\"},\"datePublished\":\"2022-03-07T02:21:46+00:00\",\"dateModified\":\"2022-03-07T02:21:47+00:00\",\"breadcrumb\":{\"@id\":\"https:\/\/cinemahouse.cz\/index.php\/2022\/03\/07\/vojta-kotek-o-dvojroli-v-novem-filmu-jana-sveraka-betlemske-svetlo\/#breadcrumb\"},\"inLanguage\":\"cs\",\"potentialAction\":[{\"@type\":\"ReadAction\",\"target\":[\"https:\/\/cinemahouse.cz\/index.php\/2022\/03\/07\/vojta-kotek-o-dvojroli-v-novem-filmu-jana-sveraka-betlemske-svetlo\/\"]}]},{\"@type\":\"BreadcrumbList\",\"@id\":\"https:\/\/cinemahouse.cz\/index.php\/2022\/03\/07\/vojta-kotek-o-dvojroli-v-novem-filmu-jana-sveraka-betlemske-svetlo\/#breadcrumb\",\"itemListElement\":[{\"@type\":\"ListItem\",\"position\":1,\"name\":\"Dom\u016f\",\"item\":\"https:\/\/cinemahouse.cz\/\"},{\"@type\":\"ListItem\",\"position\":2,\"name\":\"Vojta Kotek o dvojroli v nov\u00e9m filmu Jana Sv\u011br\u00e1ka Betl\u00e9msk\u00e9 sv\u011btlo\"}]},{\"@type\":\"WebSite\",\"@id\":\"https:\/\/cinemahouse.cz\/#website\",\"url\":\"https:\/\/cinemahouse.cz\/\",\"name\":\"CINEMAHOUSE.cz\",\"description\":\"Port\u00e1l o filmov\u00fdch novink\u00e1ch\",\"publisher\":{\"@id\":\"https:\/\/cinemahouse.cz\/#organization\"},\"potentialAction\":[{\"@type\":\"SearchAction\",\"target\":{\"@type\":\"EntryPoint\",\"urlTemplate\":\"https:\/\/cinemahouse.cz\/?s={search_term_string}\"},\"query-input\":\"required name=search_term_string\"}],\"inLanguage\":\"cs\"},{\"@type\":\"Organization\",\"@id\":\"https:\/\/cinemahouse.cz\/#organization\",\"name\":\"CINEMAHOUSE.cz\",\"url\":\"https:\/\/cinemahouse.cz\/\",\"logo\":{\"@type\":\"ImageObject\",\"inLanguage\":\"cs\",\"@id\":\"https:\/\/cinemahouse.cz\/#\/schema\/logo\/image\/\",\"url\":\"https:\/\/cinemahouse.cz\/wp-content\/uploads\/2024\/12\/cropped-Logo_CinemaHouse.jpg\",\"contentUrl\":\"https:\/\/cinemahouse.cz\/wp-content\/uploads\/2024\/12\/cropped-Logo_CinemaHouse.jpg\",\"width\":926,\"height\":467,\"caption\":\"CINEMAHOUSE.cz\"},\"image\":{\"@id\":\"https:\/\/cinemahouse.cz\/#\/schema\/logo\/image\/\"}},{\"@type\":\"Person\",\"@id\":\"https:\/\/cinemahouse.cz\/#\/schema\/person\/1ddc0bd12b9f599dd69c434ae0096313\",\"name\":\"Jolana Hol\u00e1\u0148ov\u00e1\",\"image\":{\"@type\":\"ImageObject\",\"inLanguage\":\"cs\",\"@id\":\"https:\/\/cinemahouse.cz\/#\/schema\/person\/image\/\",\"url\":\"https:\/\/secure.gravatar.com\/avatar\/5863c504ed89cd419ff3a5e812c722ff?s=96&d=mm&r=g\",\"contentUrl\":\"https:\/\/secure.gravatar.com\/avatar\/5863c504ed89cd419ff3a5e812c722ff?s=96&d=mm&r=g\",\"caption\":\"Jolana Hol\u00e1\u0148ov\u00e1\"},\"sameAs\":[\"http:\/\/wwww.cinemahouse.cz\"],\"url\":\"https:\/\/cinemahouse.cz\/index.php\/author\/jolhol\/\"}]}<\/script>\n<!-- \/ Yoast SEO plugin. -->","yoast_head_json":{"title":"Vojta Kotek o dvojroli v nov\u00e9m filmu Jana Sv\u011br\u00e1ka Betl\u00e9msk\u00e9 sv\u011btlo - CINEMAHOUSE.cz","robots":{"index":"index","follow":"follow","max-snippet":"max-snippet:-1","max-image-preview":"max-image-preview:large","max-video-preview":"max-video-preview:-1"},"canonical":"https:\/\/cinemahouse.cz\/index.php\/2022\/03\/07\/vojta-kotek-o-dvojroli-v-novem-filmu-jana-sveraka-betlemske-svetlo\/","og_locale":"cs_CZ","og_type":"article","og_title":"Vojta Kotek o dvojroli v nov\u00e9m filmu Jana Sv\u011br\u00e1ka Betl\u00e9msk\u00e9 sv\u011btlo - CINEMAHOUSE.cz","og_description":"Jan Sv\u011br\u00e1k ve sv\u00e9m nov\u00e9m filmu Vojtu Kotka oholil V&nbsp;nov\u00e9m sn\u00edmku otce a syna Sv\u011br\u00e1kov\u00fdch s&nbsp;n\u00e1zvem Betl\u00e9msk\u00e9 sv\u011btlo dostal v\u00fdraznou roli i Vojt\u011bch Kotek. \u201eJsem stra\u0161n\u011b r\u00e1d, \u017ee se mi po\u0161t\u011bstilo b\u00fdt s&nbsp;klukama i&#46;&#46;&#46;","og_url":"https:\/\/cinemahouse.cz\/index.php\/2022\/03\/07\/vojta-kotek-o-dvojroli-v-novem-filmu-jana-sveraka-betlemske-svetlo\/","og_site_name":"CINEMAHOUSE.cz","article_published_time":"2022-03-07T02:21:46+00:00","article_modified_time":"2022-03-07T02:21:47+00:00","og_image":[{"width":1385,"height":923,"url":"https:\/\/cinemahouse.cz\/wp-content\/uploads\/2022\/03\/Vojta-Kotek-Betlemske-svetlo.jpg","type":"image\/jpeg"}],"author":"Jolana Hol\u00e1\u0148ov\u00e1","twitter_card":"summary_large_image","twitter_misc":{"Napsal(a)":"Jolana Hol\u00e1\u0148ov\u00e1","Odhadovan\u00e1 doba \u010dten\u00ed":"4 minuty"},"schema":{"@context":"https:\/\/schema.org","@graph":[{"@type":"Article","@id":"https:\/\/cinemahouse.cz\/index.php\/2022\/03\/07\/vojta-kotek-o-dvojroli-v-novem-filmu-jana-sveraka-betlemske-svetlo\/#article","isPartOf":{"@id":"https:\/\/cinemahouse.cz\/index.php\/2022\/03\/07\/vojta-kotek-o-dvojroli-v-novem-filmu-jana-sveraka-betlemske-svetlo\/"},"author":{"name":"Jolana Hol\u00e1\u0148ov\u00e1","@id":"https:\/\/cinemahouse.cz\/#\/schema\/person\/1ddc0bd12b9f599dd69c434ae0096313"},"headline":"Vojta Kotek o dvojroli v nov\u00e9m filmu Jana Sv\u011br\u00e1ka Betl\u00e9msk\u00e9 sv\u011btlo","datePublished":"2022-03-07T02:21:46+00:00","dateModified":"2022-03-07T02:21:47+00:00","mainEntityOfPage":{"@id":"https:\/\/cinemahouse.cz\/index.php\/2022\/03\/07\/vojta-kotek-o-dvojroli-v-novem-filmu-jana-sveraka-betlemske-svetlo\/"},"wordCount":754,"publisher":{"@id":"https:\/\/cinemahouse.cz\/#organization"},"articleSection":["FILMOV\u00c9 NOVINKY","NEWS","ROZHOVORY"],"inLanguage":"cs"},{"@type":"WebPage","@id":"https:\/\/cinemahouse.cz\/index.php\/2022\/03\/07\/vojta-kotek-o-dvojroli-v-novem-filmu-jana-sveraka-betlemske-svetlo\/","url":"https:\/\/cinemahouse.cz\/index.php\/2022\/03\/07\/vojta-kotek-o-dvojroli-v-novem-filmu-jana-sveraka-betlemske-svetlo\/","name":"Vojta Kotek o dvojroli v nov\u00e9m filmu Jana Sv\u011br\u00e1ka Betl\u00e9msk\u00e9 sv\u011btlo - CINEMAHOUSE.cz","isPartOf":{"@id":"https:\/\/cinemahouse.cz\/#website"},"datePublished":"2022-03-07T02:21:46+00:00","dateModified":"2022-03-07T02:21:47+00:00","breadcrumb":{"@id":"https:\/\/cinemahouse.cz\/index.php\/2022\/03\/07\/vojta-kotek-o-dvojroli-v-novem-filmu-jana-sveraka-betlemske-svetlo\/#breadcrumb"},"inLanguage":"cs","potentialAction":[{"@type":"ReadAction","target":["https:\/\/cinemahouse.cz\/index.php\/2022\/03\/07\/vojta-kotek-o-dvojroli-v-novem-filmu-jana-sveraka-betlemske-svetlo\/"]}]},{"@type":"BreadcrumbList","@id":"https:\/\/cinemahouse.cz\/index.php\/2022\/03\/07\/vojta-kotek-o-dvojroli-v-novem-filmu-jana-sveraka-betlemske-svetlo\/#breadcrumb","itemListElement":[{"@type":"ListItem","position":1,"name":"Dom\u016f","item":"https:\/\/cinemahouse.cz\/"},{"@type":"ListItem","position":2,"name":"Vojta Kotek o dvojroli v nov\u00e9m filmu Jana Sv\u011br\u00e1ka Betl\u00e9msk\u00e9 sv\u011btlo"}]},{"@type":"WebSite","@id":"https:\/\/cinemahouse.cz\/#website","url":"https:\/\/cinemahouse.cz\/","name":"CINEMAHOUSE.cz","description":"Port\u00e1l o filmov\u00fdch novink\u00e1ch","publisher":{"@id":"https:\/\/cinemahouse.cz\/#organization"},"potentialAction":[{"@type":"SearchAction","target":{"@type":"EntryPoint","urlTemplate":"https:\/\/cinemahouse.cz\/?s={search_term_string}"},"query-input":"required name=search_term_string"}],"inLanguage":"cs"},{"@type":"Organization","@id":"https:\/\/cinemahouse.cz\/#organization","name":"CINEMAHOUSE.cz","url":"https:\/\/cinemahouse.cz\/","logo":{"@type":"ImageObject","inLanguage":"cs","@id":"https:\/\/cinemahouse.cz\/#\/schema\/logo\/image\/","url":"https:\/\/cinemahouse.cz\/wp-content\/uploads\/2024\/12\/cropped-Logo_CinemaHouse.jpg","contentUrl":"https:\/\/cinemahouse.cz\/wp-content\/uploads\/2024\/12\/cropped-Logo_CinemaHouse.jpg","width":926,"height":467,"caption":"CINEMAHOUSE.cz"},"image":{"@id":"https:\/\/cinemahouse.cz\/#\/schema\/logo\/image\/"}},{"@type":"Person","@id":"https:\/\/cinemahouse.cz\/#\/schema\/person\/1ddc0bd12b9f599dd69c434ae0096313","name":"Jolana Hol\u00e1\u0148ov\u00e1","image":{"@type":"ImageObject","inLanguage":"cs","@id":"https:\/\/cinemahouse.cz\/#\/schema\/person\/image\/","url":"https:\/\/secure.gravatar.com\/avatar\/5863c504ed89cd419ff3a5e812c722ff?s=96&d=mm&r=g","contentUrl":"https:\/\/secure.gravatar.com\/avatar\/5863c504ed89cd419ff3a5e812c722ff?s=96&d=mm&r=g","caption":"Jolana Hol\u00e1\u0148ov\u00e1"},"sameAs":["http:\/\/wwww.cinemahouse.cz"],"url":"https:\/\/cinemahouse.cz\/index.php\/author\/jolhol\/"}]}},"_links":{"self":[{"href":"https:\/\/cinemahouse.cz\/index.php\/wp-json\/wp\/v2\/posts\/2881"}],"collection":[{"href":"https:\/\/cinemahouse.cz\/index.php\/wp-json\/wp\/v2\/posts"}],"about":[{"href":"https:\/\/cinemahouse.cz\/index.php\/wp-json\/wp\/v2\/types\/post"}],"author":[{"embeddable":true,"href":"https:\/\/cinemahouse.cz\/index.php\/wp-json\/wp\/v2\/users\/3"}],"replies":[{"embeddable":true,"href":"https:\/\/cinemahouse.cz\/index.php\/wp-json\/wp\/v2\/comments?post=2881"}],"version-history":[{"count":1,"href":"https:\/\/cinemahouse.cz\/index.php\/wp-json\/wp\/v2\/posts\/2881\/revisions"}],"predecessor-version":[{"id":2883,"href":"https:\/\/cinemahouse.cz\/index.php\/wp-json\/wp\/v2\/posts\/2881\/revisions\/2883"}],"wp:featuredmedia":[{"embeddable":true,"href":"https:\/\/cinemahouse.cz\/index.php\/wp-json\/wp\/v2\/media\/2882"}],"wp:attachment":[{"href":"https:\/\/cinemahouse.cz\/index.php\/wp-json\/wp\/v2\/media?parent=2881"}],"wp:term":[{"taxonomy":"category","embeddable":true,"href":"https:\/\/cinemahouse.cz\/index.php\/wp-json\/wp\/v2\/categories?post=2881"},{"taxonomy":"post_tag","embeddable":true,"href":"https:\/\/cinemahouse.cz\/index.php\/wp-json\/wp\/v2\/tags?post=2881"}],"curies":[{"name":"wp","href":"https:\/\/api.w.org\/{rel}","templated":true}]}}