{"id":2868,"date":"2022-03-01T00:52:00","date_gmt":"2022-02-28T23:52:00","guid":{"rendered":"https:\/\/cinemahouse.cz\/?p=2868"},"modified":"2022-03-04T00:13:14","modified_gmt":"2022-03-03T23:13:14","slug":"tereza-ramba-se-jako-devatenactileta-lekarnice-v-novem-sverakove-filmu-svleka","status":"publish","type":"post","link":"https:\/\/cinemahouse.cz\/index.php\/2022\/03\/01\/tereza-ramba-se-jako-devatenactileta-lekarnice-v-novem-sverakove-filmu-svleka\/","title":{"rendered":"Tereza Ramba se jako devaten\u00e1ctilet\u00e1 l\u00e9k\u00e1rnice v\u00a0nov\u00e9m Sv\u011br\u00e1kov\u011b filmu svl\u00e9k\u00e1"},"content":{"rendered":"\n<p><strong>Nov\u00fd film otce, syna a vnuka Sv\u011br\u00e1kov\u00fdch Betl\u00e9msk\u00e9 sv\u011btlo, kter\u00fd doraz\u00ed do kin u\u017e 10. b\u0159ezna, p\u0159edstav\u00ed here\u010dku Terezu Ramba v&nbsp;nezvykl\u00e9 poloze. \u201eChvilku po porodu m\u011b Jan obsadil do role devaten\u00e1ctilet\u00e9 sle\u010dny, kter\u00e1 m\u00e1 ve sc\u00e9n\u00e1\u0159i jednu nahou sc\u00e9nu za druhou. Jemu tak m\u016f\u017eu pod\u011bkovat, \u017ee jsem se b\u011bhem t\u011bch t\u0159\u00ed m\u011bs\u00edc\u016f dostala do formy,\u201c sv\u011b\u0159ila se dvojn\u00e1sobn\u00e1 maminka.<\/strong><\/p>\n\n\n\n<figure class=\"wp-block-image size-large\"><img decoding=\"async\" loading=\"lazy\" width=\"1024\" height=\"682\" src=\"https:\/\/cinemahouse.cz\/wp-content\/uploads\/2022\/03\/Tereza-Ramba-se-svleka-1024x682.jpg\" alt=\"\" class=\"wp-image-2872\" srcset=\"https:\/\/cinemahouse.cz\/wp-content\/uploads\/2022\/03\/Tereza-Ramba-se-svleka-1024x682.jpg 1024w, https:\/\/cinemahouse.cz\/wp-content\/uploads\/2022\/03\/Tereza-Ramba-se-svleka-300x200.jpg 300w, https:\/\/cinemahouse.cz\/wp-content\/uploads\/2022\/03\/Tereza-Ramba-se-svleka-768x512.jpg 768w, https:\/\/cinemahouse.cz\/wp-content\/uploads\/2022\/03\/Tereza-Ramba-se-svleka.jpg 1385w\" sizes=\"(max-width: 1024px) 100vw, 1024px\" \/><\/figure>\n\n\n\n<p>\u201e<em>Moje l\u00e9k\u00e1rnice Vendula si o sob\u011b mysl\u00ed, \u017ee je upjat\u00e1, ale d\u00edky M\u00e1riovi, kter\u00e9ho hraje Vojta Kotek, zjist\u00ed, \u017ee je vlastn\u011b v\u00e1\u0161niv\u00e1. Pro m\u011b to byla t\u011b\u017ek\u00e1 role, Jan mi v\u017edycky p\u0159iprav\u00ed n\u011bjakou v\u00fdzvu, a\u0165 u\u017e to bylo ve filmu&nbsp;Po strni\u0161ti bos, kdy jsem vlastn\u011b poprv\u00e9 hr\u00e1la maminku, nebo tady. Ale byla to hrozn\u011b hezk\u00e1 pr\u00e1ce,\u201c<\/em> popsala <strong>Tereza Ramba<\/strong> svou roli ve filmu, kde se krom\u011b <strong>Zde\u0148ka Sv\u011br\u00e1ka <\/strong>nebo <strong>Daniely Kol\u00e1\u0159ov\u00e9 <\/strong>objev\u00ed tak\u00e9<strong> Ond\u0159ej Vetch\u00fd<\/strong>, <strong>Vladim\u00edr Javorsk\u00fd <\/strong>nebo <strong>Jitka \u010cvan\u010darov\u00e1<\/strong>.<\/p>\n\n\n\n<div class=\"wp-block-image\"><figure class=\"aligncenter size-large is-resized\"><img decoding=\"async\" loading=\"lazy\" src=\"https:\/\/cinemahouse.cz\/wp-content\/uploads\/2022\/03\/008f3e83-931a-11ec-b67c-9e966f951e90.jpg\" alt=\"\" class=\"wp-image-2870\" width=\"930\" height=\"523\" srcset=\"https:\/\/cinemahouse.cz\/wp-content\/uploads\/2022\/03\/008f3e83-931a-11ec-b67c-9e966f951e90.jpg 635w, https:\/\/cinemahouse.cz\/wp-content\/uploads\/2022\/03\/008f3e83-931a-11ec-b67c-9e966f951e90-300x169.jpg 300w\" sizes=\"(max-width: 930px) 100vw, 930px\" \/><\/figure><\/div>\n\n\n\n<p><strong>Jan Sv\u011br\u00e1k<\/strong> p\u0159ipravil Tereze v&nbsp;r\u00e1mci tohoto nat\u00e1\u010den\u00ed velkou v\u00fdzvu. Nejen, \u017ee jej\u00edm hereck\u00fdm partnerem byl jej\u00ed b\u00fdval\u00fd p\u0159\u00edtel <strong>Vojta Kotek<\/strong>, sc\u00e9n\u00e1\u0159 dvojici nav\u00edc p\u0159edepisoval tak\u00e9 intimn\u00ed sc\u00e9ny. <em>\u201eM\u00e1m tam jednu nahou sc\u00e9nu za druhou. A mysl\u00edm, \u017ee s&nbsp;k\u00fdmkoliv jin\u00fdm, ne\u017e s&nbsp;Vojtou, by se mi to to\u010dilo t\u011b\u017eko. Ale my jsme v&nbsp;podstat\u011b jako rodina, a to pro m\u011b bylo z\u00e1sadn\u00ed. Honza p\u0159i\u0161el s&nbsp;tak kr\u00e1sn\u00fdm, n\u011b\u017en\u00fdm sc\u00e9n\u00e1\u0159em, \u017ee jsem si \u0159\u00edkala, \u017ee on a kameraman Vladim\u00edr Smutn\u00fd si zaslou\u017e\u00ed d\u016fv\u011bru. Nikdy jsem nic takov\u00e9ho neto\u010dila, a \u017ee kdy\u017e u\u017e to m\u00e1m n\u011bkdy ud\u011blat, tak po\u0159\u00e1dn\u011b a s&nbsp;Honzou,\u201c<\/em> dodala here\u010dka.<\/p>\n\n\n\n<figure class=\"wp-block-embed-youtube wp-block-embed is-type-video is-provider-youtube wp-embed-aspect-16-9 wp-has-aspect-ratio\"><div class=\"wp-block-embed__wrapper\">\n<div class=\"video-container\"><iframe loading=\"lazy\" title=\"Betl\u00e9msk\u00e9 sv\u011btlo (2022) Tereza Ramba o nat\u00e1\u010den\u00ed\" width=\"500\" height=\"281\" src=\"https:\/\/www.youtube.com\/embed\/XbkukIQG1_Y?feature=oembed&#038;wmode=opaque\" frameborder=\"0\" allow=\"accelerometer; autoplay; clipboard-write; encrypted-media; gyroscope; picture-in-picture\" allowfullscreen><\/iframe><\/div>\n<\/div><\/figure>\n\n\n\n<p>Podle jej\u00edch slov v\u0161ak ne\u0161lo o jednoduch\u00e9 nat\u00e1\u010den\u00ed. <em>\u201eS&nbsp;Honzou to bylo n\u00e1ro\u010dn\u011bj\u0161\u00ed, proto\u017ee jsou oba s&nbsp;Vladim\u00edrem Smutn\u00fdm opravdu hodn\u011b vizu\u00e1ln\u00ed. Vizu\u00e1ln\u00ed str\u00e1nka dost\u00e1v\u00e1 spoustu prostoru, co\u017e je ale dob\u0159e, to z film\u016f miz\u00ed, a p\u0159itom je to stra\u0161n\u011b d\u016fle\u017eit\u00e9. I kdy\u017e pro herce o to t\u011b\u017e\u0161\u00ed, proto\u017ee mus\u00edme udr\u017eet pozornost dlouho na mal\u00fdch ploch\u00e1ch,\u201c<\/em> vysv\u011btlila Ramba.<\/p>\n\n\n\n<p>Sn\u00edmek vypr\u00e1v\u00ed p\u0159\u00edb\u011bh st\u00e1rnouc\u00edho spisovatele Karla \u0160ejnohy, kter\u00e9mu u\u017e psan\u00ed nejde jako d\u0159\u00edv. Nedokon\u010den\u00e9 pov\u00eddky se mu hromad\u00ed v&nbsp;hlav\u011b a jejich postavy vyl\u00e9zaj\u00ed na denn\u00ed sv\u011btlo a do\u017eaduj\u00ed se, aby autor pokra\u010doval v&nbsp;d\u011bji. V\u0161ichni n\u011bco cht\u011bj\u00ed. Fotograf Mat\u011bj chce z\u00edskat nedobytnou magistru z&nbsp;l\u00e9k\u00e1rny, pan Bohumil pros\u00ed, aby ud\u011blal z\u00e1zrak, automechanik Bakal\u00e1\u0159 by cht\u011bl b\u00fdt l\u00e9\u010ditelem. Do toho vstupuje z&nbsp;re\u00e1ln\u00e9ho sv\u011bta \u0160ejnohova man\u017eelka, kter\u00e1 si mysl\u00ed, \u017ee u\u017e by m\u011bl psan\u00ed nechat a kone\u010dn\u011b se v\u011bnovat j\u00ed.<\/p>\n\n\n\n<div class=\"wp-block-image\"><figure class=\"aligncenter size-large is-resized\"><img decoding=\"async\" loading=\"lazy\" src=\"https:\/\/cinemahouse.cz\/wp-content\/uploads\/2022\/03\/BS_plakat_Betlemske_svetlo_A1-723x1024.jpg\" alt=\"\" class=\"wp-image-2869\" width=\"806\" height=\"1141\" srcset=\"https:\/\/cinemahouse.cz\/wp-content\/uploads\/2022\/03\/BS_plakat_Betlemske_svetlo_A1-723x1024.jpg 723w, https:\/\/cinemahouse.cz\/wp-content\/uploads\/2022\/03\/BS_plakat_Betlemske_svetlo_A1-212x300.jpg 212w, https:\/\/cinemahouse.cz\/wp-content\/uploads\/2022\/03\/BS_plakat_Betlemske_svetlo_A1-768x1087.jpg 768w, https:\/\/cinemahouse.cz\/wp-content\/uploads\/2022\/03\/BS_plakat_Betlemske_svetlo_A1-1085x1536.jpg 1085w, https:\/\/cinemahouse.cz\/wp-content\/uploads\/2022\/03\/BS_plakat_Betlemske_svetlo_A1-1447x2048.jpg 1447w, https:\/\/cinemahouse.cz\/wp-content\/uploads\/2022\/03\/BS_plakat_Betlemske_svetlo_A1.jpg 1684w\" sizes=\"(max-width: 806px) 100vw, 806px\" \/><\/figure><\/div>\n\n\n\n<p>Re\u017eie, sc\u00e9n\u00e1\u0159: Jan Sv\u011br\u00e1k<\/p>\n\n\n\n<p>Spolupr\u00e1ce na sc\u00e9n\u00e1\u0159i: Zden\u011bk Sv\u011br\u00e1k<\/p>\n\n\n\n<p>Producent: Biograf Jan Sv\u011br\u00e1k<\/p>\n\n\n\n<p>Koproducent: \u010cesk\u00e1 televize, Portobello Pictures<\/p>\n\n\n\n<p>Kamera: Vladim\u00edr Smutn\u00fd<\/p>\n\n\n\n<p>St\u0159ih: Franti\u0161ek Sv\u011br\u00e1k<\/p>\n\n\n\n<p>Hudba: Ond\u0159ej Soukup<\/p>\n\n\n\n<p>N\u00e1m\u011bt: Zden\u011bk Sv\u011br\u00e1k<\/p>\n\n\n\n<p>Obsazen\u00ed: Zden\u011bk Sv\u011br\u00e1k, Daniela Kol\u00e1\u0159ov\u00e1, Vojt\u011bch Kotek, Tereza Ramba, Patricia Schumann, Jitka \u010cvan\u010darov\u00e1, Vladim\u00edr Javorsk\u00fd a dal\u0161\u00ed.<\/p>\n\n\n\n<p>Distributor: Bioscop<\/p>\n\n\n\n<p>Premi\u00e9ra: 10. b\u0159ezna 2022<\/p>\n\n\n\n<p>D\u00e9lka filmu: 99 min.<\/p>\n\n\n\n<div style=\"height:100px\" aria-hidden=\"true\" class=\"wp-block-spacer\"><\/div>\n","protected":false},"excerpt":{"rendered":"<p>Nov\u00fd film otce, syna a vnuka Sv\u011br\u00e1kov\u00fdch Betl\u00e9msk\u00e9 sv\u011btlo, kter\u00fd doraz\u00ed do kin u\u017e 10. b\u0159ezna, p\u0159edstav\u00ed here\u010dku Terezu Ramba v&nbsp;nezvykl\u00e9 poloze. \u201eChvilku po porodu m\u011b Jan obsadil do role devaten\u00e1ctilet\u00e9 sle\u010dny, kter\u00e1 m\u00e1&#46;&#46;&#46;<\/p>\n","protected":false},"author":3,"featured_media":2872,"comment_status":"closed","ping_status":"closed","sticky":false,"template":"","format":"standard","meta":{"_monsterinsights_skip_tracking":false,"_monsterinsights_sitenote_active":false,"_monsterinsights_sitenote_note":"","_monsterinsights_sitenote_category":0,"footnotes":""},"categories":[3,2,7],"tags":[],"yoast_head":"<!-- This site is optimized with the Yoast SEO plugin v21.4 - https:\/\/yoast.com\/wordpress\/plugins\/seo\/ -->\n<title>Tereza Ramba se jako devaten\u00e1ctilet\u00e1 l\u00e9k\u00e1rnice v\u00a0nov\u00e9m Sv\u011br\u00e1kov\u011b filmu svl\u00e9k\u00e1 - CINEMAHOUSE.cz<\/title>\n<meta name=\"robots\" content=\"index, follow, max-snippet:-1, max-image-preview:large, max-video-preview:-1\" \/>\n<link rel=\"canonical\" href=\"https:\/\/cinemahouse.cz\/index.php\/2022\/03\/01\/tereza-ramba-se-jako-devatenactileta-lekarnice-v-novem-sverakove-filmu-svleka\/\" \/>\n<meta property=\"og:locale\" content=\"cs_CZ\" \/>\n<meta property=\"og:type\" content=\"article\" \/>\n<meta property=\"og:title\" content=\"Tereza Ramba se jako devaten\u00e1ctilet\u00e1 l\u00e9k\u00e1rnice v\u00a0nov\u00e9m Sv\u011br\u00e1kov\u011b filmu svl\u00e9k\u00e1 - CINEMAHOUSE.cz\" \/>\n<meta property=\"og:description\" content=\"Nov\u00fd film otce, syna a vnuka Sv\u011br\u00e1kov\u00fdch Betl\u00e9msk\u00e9 sv\u011btlo, kter\u00fd doraz\u00ed do kin u\u017e 10. b\u0159ezna, p\u0159edstav\u00ed here\u010dku Terezu Ramba v&nbsp;nezvykl\u00e9 poloze. \u201eChvilku po porodu m\u011b Jan obsadil do role devaten\u00e1ctilet\u00e9 sle\u010dny, kter\u00e1 m\u00e1&#046;&#046;&#046;\" \/>\n<meta property=\"og:url\" content=\"https:\/\/cinemahouse.cz\/index.php\/2022\/03\/01\/tereza-ramba-se-jako-devatenactileta-lekarnice-v-novem-sverakove-filmu-svleka\/\" \/>\n<meta property=\"og:site_name\" content=\"CINEMAHOUSE.cz\" \/>\n<meta property=\"article:published_time\" content=\"2022-02-28T23:52:00+00:00\" \/>\n<meta property=\"article:modified_time\" content=\"2022-03-03T23:13:14+00:00\" \/>\n<meta property=\"og:image\" content=\"https:\/\/cinemahouse.cz\/wp-content\/uploads\/2022\/03\/Tereza-Ramba-se-svleka.jpg\" \/>\n\t<meta property=\"og:image:width\" content=\"1385\" \/>\n\t<meta property=\"og:image:height\" content=\"923\" \/>\n\t<meta property=\"og:image:type\" content=\"image\/jpeg\" \/>\n<meta name=\"author\" content=\"Jolana Hol\u00e1\u0148ov\u00e1\" \/>\n<meta name=\"twitter:card\" content=\"summary_large_image\" \/>\n<meta name=\"twitter:label1\" content=\"Napsal(a)\" \/>\n\t<meta name=\"twitter:data1\" content=\"Jolana Hol\u00e1\u0148ov\u00e1\" \/>\n\t<meta name=\"twitter:label2\" content=\"Odhadovan\u00e1 doba \u010dten\u00ed\" \/>\n\t<meta name=\"twitter:data2\" content=\"3 minuty\" \/>\n<script type=\"application\/ld+json\" class=\"yoast-schema-graph\">{\"@context\":\"https:\/\/schema.org\",\"@graph\":[{\"@type\":\"Article\",\"@id\":\"https:\/\/cinemahouse.cz\/index.php\/2022\/03\/01\/tereza-ramba-se-jako-devatenactileta-lekarnice-v-novem-sverakove-filmu-svleka\/#article\",\"isPartOf\":{\"@id\":\"https:\/\/cinemahouse.cz\/index.php\/2022\/03\/01\/tereza-ramba-se-jako-devatenactileta-lekarnice-v-novem-sverakove-filmu-svleka\/\"},\"author\":{\"name\":\"Jolana Hol\u00e1\u0148ov\u00e1\",\"@id\":\"https:\/\/cinemahouse.cz\/#\/schema\/person\/1ddc0bd12b9f599dd69c434ae0096313\"},\"headline\":\"Tereza Ramba se jako devaten\u00e1ctilet\u00e1 l\u00e9k\u00e1rnice v\u00a0nov\u00e9m Sv\u011br\u00e1kov\u011b filmu svl\u00e9k\u00e1\",\"datePublished\":\"2022-02-28T23:52:00+00:00\",\"dateModified\":\"2022-03-03T23:13:14+00:00\",\"mainEntityOfPage\":{\"@id\":\"https:\/\/cinemahouse.cz\/index.php\/2022\/03\/01\/tereza-ramba-se-jako-devatenactileta-lekarnice-v-novem-sverakove-filmu-svleka\/\"},\"wordCount\":646,\"publisher\":{\"@id\":\"https:\/\/cinemahouse.cz\/#organization\"},\"articleSection\":[\"FILMOV\u00c9 NOVINKY\",\"NEWS\",\"ROZHOVORY\"],\"inLanguage\":\"cs\"},{\"@type\":\"WebPage\",\"@id\":\"https:\/\/cinemahouse.cz\/index.php\/2022\/03\/01\/tereza-ramba-se-jako-devatenactileta-lekarnice-v-novem-sverakove-filmu-svleka\/\",\"url\":\"https:\/\/cinemahouse.cz\/index.php\/2022\/03\/01\/tereza-ramba-se-jako-devatenactileta-lekarnice-v-novem-sverakove-filmu-svleka\/\",\"name\":\"Tereza Ramba se jako devaten\u00e1ctilet\u00e1 l\u00e9k\u00e1rnice v\u00a0nov\u00e9m Sv\u011br\u00e1kov\u011b filmu svl\u00e9k\u00e1 - CINEMAHOUSE.cz\",\"isPartOf\":{\"@id\":\"https:\/\/cinemahouse.cz\/#website\"},\"datePublished\":\"2022-02-28T23:52:00+00:00\",\"dateModified\":\"2022-03-03T23:13:14+00:00\",\"breadcrumb\":{\"@id\":\"https:\/\/cinemahouse.cz\/index.php\/2022\/03\/01\/tereza-ramba-se-jako-devatenactileta-lekarnice-v-novem-sverakove-filmu-svleka\/#breadcrumb\"},\"inLanguage\":\"cs\",\"potentialAction\":[{\"@type\":\"ReadAction\",\"target\":[\"https:\/\/cinemahouse.cz\/index.php\/2022\/03\/01\/tereza-ramba-se-jako-devatenactileta-lekarnice-v-novem-sverakove-filmu-svleka\/\"]}]},{\"@type\":\"BreadcrumbList\",\"@id\":\"https:\/\/cinemahouse.cz\/index.php\/2022\/03\/01\/tereza-ramba-se-jako-devatenactileta-lekarnice-v-novem-sverakove-filmu-svleka\/#breadcrumb\",\"itemListElement\":[{\"@type\":\"ListItem\",\"position\":1,\"name\":\"Dom\u016f\",\"item\":\"https:\/\/cinemahouse.cz\/\"},{\"@type\":\"ListItem\",\"position\":2,\"name\":\"Tereza Ramba se jako devaten\u00e1ctilet\u00e1 l\u00e9k\u00e1rnice v\u00a0nov\u00e9m Sv\u011br\u00e1kov\u011b filmu svl\u00e9k\u00e1\"}]},{\"@type\":\"WebSite\",\"@id\":\"https:\/\/cinemahouse.cz\/#website\",\"url\":\"https:\/\/cinemahouse.cz\/\",\"name\":\"CINEMAHOUSE.cz\",\"description\":\"Port\u00e1l o filmov\u00fdch novink\u00e1ch\",\"publisher\":{\"@id\":\"https:\/\/cinemahouse.cz\/#organization\"},\"potentialAction\":[{\"@type\":\"SearchAction\",\"target\":{\"@type\":\"EntryPoint\",\"urlTemplate\":\"https:\/\/cinemahouse.cz\/?s={search_term_string}\"},\"query-input\":\"required name=search_term_string\"}],\"inLanguage\":\"cs\"},{\"@type\":\"Organization\",\"@id\":\"https:\/\/cinemahouse.cz\/#organization\",\"name\":\"CINEMAHOUSE.cz\",\"url\":\"https:\/\/cinemahouse.cz\/\",\"logo\":{\"@type\":\"ImageObject\",\"inLanguage\":\"cs\",\"@id\":\"https:\/\/cinemahouse.cz\/#\/schema\/logo\/image\/\",\"url\":\"https:\/\/cinemahouse.cz\/wp-content\/uploads\/2024\/12\/cropped-Logo_CinemaHouse.jpg\",\"contentUrl\":\"https:\/\/cinemahouse.cz\/wp-content\/uploads\/2024\/12\/cropped-Logo_CinemaHouse.jpg\",\"width\":926,\"height\":467,\"caption\":\"CINEMAHOUSE.cz\"},\"image\":{\"@id\":\"https:\/\/cinemahouse.cz\/#\/schema\/logo\/image\/\"}},{\"@type\":\"Person\",\"@id\":\"https:\/\/cinemahouse.cz\/#\/schema\/person\/1ddc0bd12b9f599dd69c434ae0096313\",\"name\":\"Jolana Hol\u00e1\u0148ov\u00e1\",\"image\":{\"@type\":\"ImageObject\",\"inLanguage\":\"cs\",\"@id\":\"https:\/\/cinemahouse.cz\/#\/schema\/person\/image\/\",\"url\":\"https:\/\/secure.gravatar.com\/avatar\/5863c504ed89cd419ff3a5e812c722ff?s=96&d=mm&r=g\",\"contentUrl\":\"https:\/\/secure.gravatar.com\/avatar\/5863c504ed89cd419ff3a5e812c722ff?s=96&d=mm&r=g\",\"caption\":\"Jolana Hol\u00e1\u0148ov\u00e1\"},\"sameAs\":[\"http:\/\/wwww.cinemahouse.cz\"],\"url\":\"https:\/\/cinemahouse.cz\/index.php\/author\/jolhol\/\"}]}<\/script>\n<!-- \/ Yoast SEO plugin. -->","yoast_head_json":{"title":"Tereza Ramba se jako devaten\u00e1ctilet\u00e1 l\u00e9k\u00e1rnice v\u00a0nov\u00e9m Sv\u011br\u00e1kov\u011b filmu svl\u00e9k\u00e1 - CINEMAHOUSE.cz","robots":{"index":"index","follow":"follow","max-snippet":"max-snippet:-1","max-image-preview":"max-image-preview:large","max-video-preview":"max-video-preview:-1"},"canonical":"https:\/\/cinemahouse.cz\/index.php\/2022\/03\/01\/tereza-ramba-se-jako-devatenactileta-lekarnice-v-novem-sverakove-filmu-svleka\/","og_locale":"cs_CZ","og_type":"article","og_title":"Tereza Ramba se jako devaten\u00e1ctilet\u00e1 l\u00e9k\u00e1rnice v\u00a0nov\u00e9m Sv\u011br\u00e1kov\u011b filmu svl\u00e9k\u00e1 - CINEMAHOUSE.cz","og_description":"Nov\u00fd film otce, syna a vnuka Sv\u011br\u00e1kov\u00fdch Betl\u00e9msk\u00e9 sv\u011btlo, kter\u00fd doraz\u00ed do kin u\u017e 10. b\u0159ezna, p\u0159edstav\u00ed here\u010dku Terezu Ramba v&nbsp;nezvykl\u00e9 poloze. \u201eChvilku po porodu m\u011b Jan obsadil do role devaten\u00e1ctilet\u00e9 sle\u010dny, kter\u00e1 m\u00e1&#46;&#46;&#46;","og_url":"https:\/\/cinemahouse.cz\/index.php\/2022\/03\/01\/tereza-ramba-se-jako-devatenactileta-lekarnice-v-novem-sverakove-filmu-svleka\/","og_site_name":"CINEMAHOUSE.cz","article_published_time":"2022-02-28T23:52:00+00:00","article_modified_time":"2022-03-03T23:13:14+00:00","og_image":[{"width":1385,"height":923,"url":"https:\/\/cinemahouse.cz\/wp-content\/uploads\/2022\/03\/Tereza-Ramba-se-svleka.jpg","type":"image\/jpeg"}],"author":"Jolana Hol\u00e1\u0148ov\u00e1","twitter_card":"summary_large_image","twitter_misc":{"Napsal(a)":"Jolana Hol\u00e1\u0148ov\u00e1","Odhadovan\u00e1 doba \u010dten\u00ed":"3 minuty"},"schema":{"@context":"https:\/\/schema.org","@graph":[{"@type":"Article","@id":"https:\/\/cinemahouse.cz\/index.php\/2022\/03\/01\/tereza-ramba-se-jako-devatenactileta-lekarnice-v-novem-sverakove-filmu-svleka\/#article","isPartOf":{"@id":"https:\/\/cinemahouse.cz\/index.php\/2022\/03\/01\/tereza-ramba-se-jako-devatenactileta-lekarnice-v-novem-sverakove-filmu-svleka\/"},"author":{"name":"Jolana Hol\u00e1\u0148ov\u00e1","@id":"https:\/\/cinemahouse.cz\/#\/schema\/person\/1ddc0bd12b9f599dd69c434ae0096313"},"headline":"Tereza Ramba se jako devaten\u00e1ctilet\u00e1 l\u00e9k\u00e1rnice v\u00a0nov\u00e9m Sv\u011br\u00e1kov\u011b filmu svl\u00e9k\u00e1","datePublished":"2022-02-28T23:52:00+00:00","dateModified":"2022-03-03T23:13:14+00:00","mainEntityOfPage":{"@id":"https:\/\/cinemahouse.cz\/index.php\/2022\/03\/01\/tereza-ramba-se-jako-devatenactileta-lekarnice-v-novem-sverakove-filmu-svleka\/"},"wordCount":646,"publisher":{"@id":"https:\/\/cinemahouse.cz\/#organization"},"articleSection":["FILMOV\u00c9 NOVINKY","NEWS","ROZHOVORY"],"inLanguage":"cs"},{"@type":"WebPage","@id":"https:\/\/cinemahouse.cz\/index.php\/2022\/03\/01\/tereza-ramba-se-jako-devatenactileta-lekarnice-v-novem-sverakove-filmu-svleka\/","url":"https:\/\/cinemahouse.cz\/index.php\/2022\/03\/01\/tereza-ramba-se-jako-devatenactileta-lekarnice-v-novem-sverakove-filmu-svleka\/","name":"Tereza Ramba se jako devaten\u00e1ctilet\u00e1 l\u00e9k\u00e1rnice v\u00a0nov\u00e9m Sv\u011br\u00e1kov\u011b filmu svl\u00e9k\u00e1 - CINEMAHOUSE.cz","isPartOf":{"@id":"https:\/\/cinemahouse.cz\/#website"},"datePublished":"2022-02-28T23:52:00+00:00","dateModified":"2022-03-03T23:13:14+00:00","breadcrumb":{"@id":"https:\/\/cinemahouse.cz\/index.php\/2022\/03\/01\/tereza-ramba-se-jako-devatenactileta-lekarnice-v-novem-sverakove-filmu-svleka\/#breadcrumb"},"inLanguage":"cs","potentialAction":[{"@type":"ReadAction","target":["https:\/\/cinemahouse.cz\/index.php\/2022\/03\/01\/tereza-ramba-se-jako-devatenactileta-lekarnice-v-novem-sverakove-filmu-svleka\/"]}]},{"@type":"BreadcrumbList","@id":"https:\/\/cinemahouse.cz\/index.php\/2022\/03\/01\/tereza-ramba-se-jako-devatenactileta-lekarnice-v-novem-sverakove-filmu-svleka\/#breadcrumb","itemListElement":[{"@type":"ListItem","position":1,"name":"Dom\u016f","item":"https:\/\/cinemahouse.cz\/"},{"@type":"ListItem","position":2,"name":"Tereza Ramba se jako devaten\u00e1ctilet\u00e1 l\u00e9k\u00e1rnice v\u00a0nov\u00e9m Sv\u011br\u00e1kov\u011b filmu svl\u00e9k\u00e1"}]},{"@type":"WebSite","@id":"https:\/\/cinemahouse.cz\/#website","url":"https:\/\/cinemahouse.cz\/","name":"CINEMAHOUSE.cz","description":"Port\u00e1l o filmov\u00fdch novink\u00e1ch","publisher":{"@id":"https:\/\/cinemahouse.cz\/#organization"},"potentialAction":[{"@type":"SearchAction","target":{"@type":"EntryPoint","urlTemplate":"https:\/\/cinemahouse.cz\/?s={search_term_string}"},"query-input":"required name=search_term_string"}],"inLanguage":"cs"},{"@type":"Organization","@id":"https:\/\/cinemahouse.cz\/#organization","name":"CINEMAHOUSE.cz","url":"https:\/\/cinemahouse.cz\/","logo":{"@type":"ImageObject","inLanguage":"cs","@id":"https:\/\/cinemahouse.cz\/#\/schema\/logo\/image\/","url":"https:\/\/cinemahouse.cz\/wp-content\/uploads\/2024\/12\/cropped-Logo_CinemaHouse.jpg","contentUrl":"https:\/\/cinemahouse.cz\/wp-content\/uploads\/2024\/12\/cropped-Logo_CinemaHouse.jpg","width":926,"height":467,"caption":"CINEMAHOUSE.cz"},"image":{"@id":"https:\/\/cinemahouse.cz\/#\/schema\/logo\/image\/"}},{"@type":"Person","@id":"https:\/\/cinemahouse.cz\/#\/schema\/person\/1ddc0bd12b9f599dd69c434ae0096313","name":"Jolana Hol\u00e1\u0148ov\u00e1","image":{"@type":"ImageObject","inLanguage":"cs","@id":"https:\/\/cinemahouse.cz\/#\/schema\/person\/image\/","url":"https:\/\/secure.gravatar.com\/avatar\/5863c504ed89cd419ff3a5e812c722ff?s=96&d=mm&r=g","contentUrl":"https:\/\/secure.gravatar.com\/avatar\/5863c504ed89cd419ff3a5e812c722ff?s=96&d=mm&r=g","caption":"Jolana Hol\u00e1\u0148ov\u00e1"},"sameAs":["http:\/\/wwww.cinemahouse.cz"],"url":"https:\/\/cinemahouse.cz\/index.php\/author\/jolhol\/"}]}},"_links":{"self":[{"href":"https:\/\/cinemahouse.cz\/index.php\/wp-json\/wp\/v2\/posts\/2868"}],"collection":[{"href":"https:\/\/cinemahouse.cz\/index.php\/wp-json\/wp\/v2\/posts"}],"about":[{"href":"https:\/\/cinemahouse.cz\/index.php\/wp-json\/wp\/v2\/types\/post"}],"author":[{"embeddable":true,"href":"https:\/\/cinemahouse.cz\/index.php\/wp-json\/wp\/v2\/users\/3"}],"replies":[{"embeddable":true,"href":"https:\/\/cinemahouse.cz\/index.php\/wp-json\/wp\/v2\/comments?post=2868"}],"version-history":[{"count":3,"href":"https:\/\/cinemahouse.cz\/index.php\/wp-json\/wp\/v2\/posts\/2868\/revisions"}],"predecessor-version":[{"id":2874,"href":"https:\/\/cinemahouse.cz\/index.php\/wp-json\/wp\/v2\/posts\/2868\/revisions\/2874"}],"wp:featuredmedia":[{"embeddable":true,"href":"https:\/\/cinemahouse.cz\/index.php\/wp-json\/wp\/v2\/media\/2872"}],"wp:attachment":[{"href":"https:\/\/cinemahouse.cz\/index.php\/wp-json\/wp\/v2\/media?parent=2868"}],"wp:term":[{"taxonomy":"category","embeddable":true,"href":"https:\/\/cinemahouse.cz\/index.php\/wp-json\/wp\/v2\/categories?post=2868"},{"taxonomy":"post_tag","embeddable":true,"href":"https:\/\/cinemahouse.cz\/index.php\/wp-json\/wp\/v2\/tags?post=2868"}],"curies":[{"name":"wp","href":"https:\/\/api.w.org\/{rel}","templated":true}]}}