{"id":2287,"date":"2021-03-29T02:03:00","date_gmt":"2021-03-29T00:03:00","guid":{"rendered":"https:\/\/cinemahouse.cz\/?p=2287"},"modified":"2021-04-06T02:05:29","modified_gmt":"2021-04-06T00:05:29","slug":"co-uvidite-v-show-jana-krause-ve-stredu-31-3-2021","status":"publish","type":"post","link":"https:\/\/cinemahouse.cz\/index.php\/2021\/03\/29\/co-uvidite-v-show-jana-krause-ve-stredu-31-3-2021\/","title":{"rendered":"Co uvid\u00edte v Show Jana Krause: Ve st\u0159edu 31. 3. 2021"},"content":{"rendered":"\n<p><strong>Herec Michal Novotn\u00fd, here\u010dka Alena Dol\u00e1kov\u00e1 a filantropov\u00e9 Katar\u00edna a Ond\u0159ej Vl\u010dkovi se&nbsp;p\u0159edstav\u00ed v Show Jana Krause.<\/strong><\/p>\n\n\n\n<p><strong>Premi\u00e9ru dal\u0161\u00edho d\u00edlu Show Jana Krause uvid\u00edte ve st\u0159edu 31. b\u0159ezna ve&nbsp;21.35 na Prim\u011b.<\/strong><\/p>\n\n\n\n<figure class=\"wp-block-image\"><img decoding=\"async\" src=\"https:\/\/celebrityhouse.cz\/wp-content\/uploads\/2021\/03\/SJK-foto.jpg\" alt=\"\" class=\"wp-image-3443\"\/><\/figure>\n\n\n\n<p><strong>Michal Novotn\u00fd<\/strong>&nbsp;\u2013 herec, a krom\u011b jin\u00e9ho i \u010dlen obl\u00edben\u00e9 Parti\u010dky, je zn\u00e1m\u00fd t\u00edm, \u017ee sv\u00e9 soukrom\u00ed si pe\u010dliv\u011b st\u0159e\u017e\u00ed a rozhovory t\u00e9m\u011b\u0159 neposkytuje. Stejn\u011b tak opatrn\u00fd je Michal i v\u016f\u010di soci\u00e1ln\u00edm s\u00edt\u00edm. \u201eNem\u00e1m to r\u00e1d a mysl\u00edm, \u017ee po tom lidstvo blbne. P\u0159ipad\u00e1 mi, \u017ee je to n\u011bjak\u00e1 velk\u00e1 le\u017e, kterou cht\u011bj\u00ed lidi p\u016fsobit na sv\u00e9 okol\u00ed. J\u00e1 jsem prost\u011b asi h\u0148up, ale moje soukrom\u00ed je moje soukrom\u00ed. \u0158\u00edkali mi: Za\u0159i\u010f si Instagram, bude\u0161 m\u00edt v\u011bci pro d\u00edt\u011b zadarmo. Jen\u017ee pak bych je musel prezentovat a t\u0159eba by to nebylo dobr\u00fd, a s t\u00edm j\u00e1 bych m\u011bl probl\u00e9m,\u201c \u0159\u00edk\u00e1 jedena\u010dty\u0159icetilet\u00fd Michal, kter\u00fd d\u011btstv\u00ed v Kol\u00edn\u011b tr\u00e1vil bu\u010f v baz\u00e9nu, nebo v orchestru. \u201eNa\u0161i m\u011b dali na plav\u00e1n\u00ed a hudbu, abych se nefl\u00e1kal. Byl jsem veden\u00fd k \u0159\u00e1du. Nebyl jsem s\u00eddli\u0161tn\u00ed d\u00edt\u011b, co ve dv\u011b odpoledne fl\u00e1kne ta\u0161ku dom\u016f a jde b\u011bhat mezi panel\u00e1ky. Spousta m\u00fdch vrstevn\u00edk\u016f nem\u011blo tohle z\u00e1zem\u00ed a dopadli, jak dopadli,\u201c vzpom\u00edn\u00e1 s vd\u011bkem na d\u011btsk\u00e9 kon\u00ed\u010dky popul\u00e1rn\u00ed herec, kter\u00fd vystoup\u00ed v SJK v\u016fbec poprv\u00e9.<\/p>\n\n\n\n<p><strong>Alena Dol\u00e1kov\u00e1<\/strong>&nbsp;\u2013 here\u010dka, kter\u00e1 \u00fa\u010dinkovala jako Holena v \u00fasp\u011b\u0161n\u00e9 poh\u00e1dce T\u0159i brat\u0159i a jej\u00ed kari\u00e9ra se zd\u00e1la b\u00fdt slu\u0161n\u011b nastartovan\u00e1. P\u0159esto Alena nev\u00e1hala riskovat a odjela hereck\u00e9 \u0161t\u011bst\u00ed zkou\u0161et do Spojen\u00fdch st\u00e1t\u016f. \u201eKdy\u017e poch\u00e1z\u00edte z anglicky mluv\u00edc\u00ed zem\u011b, m\u00e1te to v Hollywoodu pochopiteln\u011b o dost snaz\u0161\u00ed. J\u00e1 jsem naproti tomu \u010dasto dost\u00e1vala nab\u00eddky na role man\u017eelek rusk\u00fdch mafi\u00e1n\u016f. M\u016fj u\u010ditel herectv\u00ed mi jednou \u0159\u00edkal, \u017ee dokud nebudu m\u00edt nulov\u00fd akcent, \u017e\u00e1dnou po\u0159\u00e1dnou roli nedostanu. Role V\u00fdchodoevropanek, kter\u00e9 nejsou rusk\u00e9 prostitutky, tedy v&nbsp;americk\u00fdch seri\u00e1lech jsou, jen se k nim here\u010dka mus\u00ed dostat,\u201c hodnot\u00ed n\u011bkolikaletou hollywoodskou zku\u0161enost. Tu krom\u011b \u00fa\u010dinkov\u00e1n\u00ed v s\u00e9ri\u00edch Metanol nebo Vodn\u00edk \u010di ve filmu Zlat\u00fd podraz n\u00e1sledn\u011b z\u00faro\u010dila i ve sv\u00e9m liter\u00e1rn\u00edm debutu Anna z Hollywoodu, kter\u00fd p\u0159ed \u010dasem vydala. V dob\u011b koronaviru v sob\u011b Alena objevila stand-up komi\u010dku, p\u0159ipravuje antidepresivn\u00ed podcasty a, a\u017e to situace dovol\u00ed, p\u0159edstav\u00ed se v kinech v hlavn\u00ed roli filmu Zrcadla ve tm\u011b.<\/p>\n\n\n\n<p><strong>Katar\u00edna\u00a0<\/strong>a\u00a0<strong>Ond\u0159ej Vl\u010dkovi<\/strong>\u00a0\u2013 man\u017eel\u00e9 a majitel\u00e9 antivirov\u00e9 firmy, kte\u0159\u00ed zalo\u017eili rodinnou nadaci, do kter\u00e9 vlo\u017eili aktiva v hodnot\u011b 1,5 miliardy korun. Fond pod n\u00e1zvem Nadace rodiny Vl\u010dkov\u00fdch bude pom\u00e1hat rodin\u00e1m zasa\u017een\u00fdm z\u00e1va\u017en\u00fdm onemocn\u011bn\u00edm jejich d\u00edt\u011bte. Tento po\u010din nem\u00e1 v\u00a0\u010desk\u00fdch podm\u00ednk\u00e1ch obdoby. \u201eKa\u017ed\u00fd rok se p\u0159es osm set \u010desk\u00fdch rodin dozv\u00edd\u00e1, \u017ee jejich d\u00edt\u011b se u\u017e neuzdrav\u00ed. Chceme aspo\u0148 \u010d\u00e1sti z nich pomoci t\u00e9to t\u011b\u017ek\u00e9 situaci l\u00e9pe \u010delit a spoluvytv\u00e1\u0159et budoucnost, ve kter\u00e9 je p\u00e9\u010de o kvalitu \u017eivota z\u00e1va\u017en\u011b nemocn\u00fdch d\u011bt\u00ed stejn\u011b d\u016fle\u017eit\u00e1 jako snaha o jejich l\u00e9\u010dbu,\u201c \u0159\u00edk\u00e1 Ond\u0159ej. A jak nejv\u011bt\u0161\u00ed filantropick\u00fd po\u010din v \u010desk\u00fdch d\u011bjin\u00e1ch vznikl? Vl\u010dkovi se mezi \u010desk\u00e9 miliard\u00e1\u0159e za\u0159adili p\u0159ed t\u0159emi lety, kdy jejich antivirov\u00e1 firma vstoupila na lond\u00fdnskou burzu. Se jm\u011bn\u00edm 4,2 miliardy pat\u0159\u00ed mezi stovku nejbohat\u0161\u00edch \u010cech\u016f a nad smyslupln\u00fdm vyu\u017eit\u00edm pen\u011bz pr\u00fd dlouho nev\u00e1hali: tou\u017e\u00ed pom\u00e1hat rodin\u00e1m zasa\u017een\u00fdm z\u00e1va\u017en\u00fdm onemocn\u011bn\u00edm d\u00edt\u011bte a\u00a0do p\u011bti let vybudovat d\u011btsk\u00fd hospic a navazuj\u00edc\u00ed paliativn\u00ed st\u0159edisko.<\/p>\n\n\n\n<div style=\"height:20px\" aria-hidden=\"true\" class=\"wp-block-spacer\"><\/div>\n\n\n\n<figure class=\"wp-block-gallery columns-3 is-cropped wp-block-gallery-1 is-layout-flex wp-block-gallery-is-layout-flex\"><ul class=\"blocks-gallery-grid\"><li class=\"blocks-gallery-item\"><figure><img decoding=\"async\" loading=\"lazy\" width=\"933\" height=\"521\" src=\"https:\/\/cinemahouse.cz\/wp-content\/uploads\/2021\/04\/SJK-foto.jpg\" alt=\"\" data-id=\"2284\" data-full-url=\"https:\/\/cinemahouse.cz\/wp-content\/uploads\/2021\/04\/SJK-foto.jpg\" data-link=\"https:\/\/cinemahouse.cz\/index.php\/2021\/04\/05\/co-uvidite-v-show-jana-krause-ve-stredu-7-4-2021\/sjk-foto\/\" class=\"wp-image-2284\" srcset=\"https:\/\/cinemahouse.cz\/wp-content\/uploads\/2021\/04\/SJK-foto.jpg 933w, https:\/\/cinemahouse.cz\/wp-content\/uploads\/2021\/04\/SJK-foto-300x168.jpg 300w, https:\/\/cinemahouse.cz\/wp-content\/uploads\/2021\/04\/SJK-foto-768x429.jpg 768w\" sizes=\"(max-width: 933px) 100vw, 933px\" \/><\/figure><\/li><li class=\"blocks-gallery-item\"><figure><img decoding=\"async\" loading=\"lazy\" width=\"980\" height=\"552\" src=\"https:\/\/cinemahouse.cz\/wp-content\/uploads\/2021\/04\/sjk-menu_dlazdice_back-stage_kraus-1.png\" alt=\"\" data-id=\"2285\" data-full-url=\"https:\/\/cinemahouse.cz\/wp-content\/uploads\/2021\/04\/sjk-menu_dlazdice_back-stage_kraus-1.png\" data-link=\"https:\/\/cinemahouse.cz\/index.php\/2021\/04\/05\/co-uvidite-v-show-jana-krause-ve-stredu-7-4-2021\/sjk-menu_dlazdice_back-stage_kraus-1\/\" class=\"wp-image-2285\" srcset=\"https:\/\/cinemahouse.cz\/wp-content\/uploads\/2021\/04\/sjk-menu_dlazdice_back-stage_kraus-1.png 980w, https:\/\/cinemahouse.cz\/wp-content\/uploads\/2021\/04\/sjk-menu_dlazdice_back-stage_kraus-1-300x169.png 300w, https:\/\/cinemahouse.cz\/wp-content\/uploads\/2021\/04\/sjk-menu_dlazdice_back-stage_kraus-1-768x433.png 768w\" sizes=\"(max-width: 980px) 100vw, 980px\" \/><\/figure><\/li><li class=\"blocks-gallery-item\"><figure><img decoding=\"async\" loading=\"lazy\" width=\"600\" height=\"600\" src=\"https:\/\/cinemahouse.cz\/wp-content\/uploads\/2021\/04\/orig_SHOW_JANA_KRAUSE___1_9____ARCHA.jpg\" alt=\"\" data-id=\"2282\" data-full-url=\"https:\/\/cinemahouse.cz\/wp-content\/uploads\/2021\/04\/orig_SHOW_JANA_KRAUSE___1_9____ARCHA.jpg\" data-link=\"https:\/\/cinemahouse.cz\/index.php\/2021\/04\/05\/co-uvidite-v-show-jana-krause-ve-stredu-7-4-2021\/orig_show_jana_krause___1_9____archa\/\" class=\"wp-image-2282\" srcset=\"https:\/\/cinemahouse.cz\/wp-content\/uploads\/2021\/04\/orig_SHOW_JANA_KRAUSE___1_9____ARCHA.jpg 600w, https:\/\/cinemahouse.cz\/wp-content\/uploads\/2021\/04\/orig_SHOW_JANA_KRAUSE___1_9____ARCHA-300x300.jpg 300w, https:\/\/cinemahouse.cz\/wp-content\/uploads\/2021\/04\/orig_SHOW_JANA_KRAUSE___1_9____ARCHA-150x150.jpg 150w, https:\/\/cinemahouse.cz\/wp-content\/uploads\/2021\/04\/orig_SHOW_JANA_KRAUSE___1_9____ARCHA-80x80.jpg 80w, https:\/\/cinemahouse.cz\/wp-content\/uploads\/2021\/04\/orig_SHOW_JANA_KRAUSE___1_9____ARCHA-320x320.jpg 320w\" sizes=\"(max-width: 600px) 100vw, 600px\" \/><\/figure><\/li><li class=\"blocks-gallery-item\"><figure><img decoding=\"async\" loading=\"lazy\" width=\"931\" height=\"524\" src=\"https:\/\/cinemahouse.cz\/wp-content\/uploads\/2021\/04\/SJK-foto-TTL.jpg\" alt=\"\" data-id=\"2283\" data-full-url=\"https:\/\/cinemahouse.cz\/wp-content\/uploads\/2021\/04\/SJK-foto-TTL.jpg\" data-link=\"https:\/\/cinemahouse.cz\/index.php\/2021\/04\/05\/co-uvidite-v-show-jana-krause-ve-stredu-7-4-2021\/sjk-foto-ttl\/\" class=\"wp-image-2283\" srcset=\"https:\/\/cinemahouse.cz\/wp-content\/uploads\/2021\/04\/SJK-foto-TTL.jpg 931w, https:\/\/cinemahouse.cz\/wp-content\/uploads\/2021\/04\/SJK-foto-TTL-300x169.jpg 300w, https:\/\/cinemahouse.cz\/wp-content\/uploads\/2021\/04\/SJK-foto-TTL-768x432.jpg 768w\" sizes=\"(max-width: 931px) 100vw, 931px\" \/><\/figure><\/li><\/ul><\/figure>\n\n\n\n<div style=\"height:20px\" aria-hidden=\"true\" class=\"wp-block-spacer\"><\/div>\n","protected":false},"excerpt":{"rendered":"<p>Herec Michal Novotn\u00fd, here\u010dka Alena Dol\u00e1kov\u00e1 a filantropov\u00e9 Katar\u00edna a Ond\u0159ej Vl\u010dkovi se&nbsp;p\u0159edstav\u00ed v Show Jana Krause. Premi\u00e9ru dal\u0161\u00edho d\u00edlu Show Jana Krause uvid\u00edte ve st\u0159edu 31. b\u0159ezna ve&nbsp;21.35 na Prim\u011b. Michal Novotn\u00fd&nbsp;\u2013 herec,&#46;&#46;&#46;<\/p>\n","protected":false},"author":3,"featured_media":2284,"comment_status":"closed","ping_status":"closed","sticky":false,"template":"","format":"standard","meta":{"_monsterinsights_skip_tracking":false,"_monsterinsights_sitenote_active":false,"_monsterinsights_sitenote_note":"","_monsterinsights_sitenote_category":0,"footnotes":""},"categories":[12,2],"tags":[],"yoast_head":"<!-- This site is optimized with the Yoast SEO plugin v21.4 - https:\/\/yoast.com\/wordpress\/plugins\/seo\/ -->\n<title>Co uvid\u00edte v Show Jana Krause: Ve st\u0159edu 31. 3. 2021 - CINEMAHOUSE.cz<\/title>\n<meta name=\"robots\" content=\"index, follow, max-snippet:-1, max-image-preview:large, max-video-preview:-1\" \/>\n<link rel=\"canonical\" href=\"https:\/\/cinemahouse.cz\/index.php\/2021\/03\/29\/co-uvidite-v-show-jana-krause-ve-stredu-31-3-2021\/\" \/>\n<meta property=\"og:locale\" content=\"cs_CZ\" \/>\n<meta property=\"og:type\" content=\"article\" \/>\n<meta property=\"og:title\" content=\"Co uvid\u00edte v Show Jana Krause: Ve st\u0159edu 31. 3. 2021 - CINEMAHOUSE.cz\" \/>\n<meta property=\"og:description\" content=\"Herec Michal Novotn\u00fd, here\u010dka Alena Dol\u00e1kov\u00e1 a filantropov\u00e9 Katar\u00edna a Ond\u0159ej Vl\u010dkovi se&nbsp;p\u0159edstav\u00ed v Show Jana Krause. Premi\u00e9ru dal\u0161\u00edho d\u00edlu Show Jana Krause uvid\u00edte ve st\u0159edu 31. b\u0159ezna ve&nbsp;21.35 na Prim\u011b. Michal Novotn\u00fd&nbsp;\u2013 herec,&#046;&#046;&#046;\" \/>\n<meta property=\"og:url\" content=\"https:\/\/cinemahouse.cz\/index.php\/2021\/03\/29\/co-uvidite-v-show-jana-krause-ve-stredu-31-3-2021\/\" \/>\n<meta property=\"og:site_name\" content=\"CINEMAHOUSE.cz\" \/>\n<meta property=\"article:published_time\" content=\"2021-03-29T00:03:00+00:00\" \/>\n<meta property=\"article:modified_time\" content=\"2021-04-06T00:05:29+00:00\" \/>\n<meta property=\"og:image\" content=\"https:\/\/cinemahouse.cz\/wp-content\/uploads\/2021\/04\/SJK-foto.jpg\" \/>\n\t<meta property=\"og:image:width\" content=\"933\" \/>\n\t<meta property=\"og:image:height\" content=\"521\" \/>\n\t<meta property=\"og:image:type\" content=\"image\/jpeg\" \/>\n<meta name=\"author\" content=\"Jolana Hol\u00e1\u0148ov\u00e1\" \/>\n<meta name=\"twitter:card\" content=\"summary_large_image\" \/>\n<meta name=\"twitter:label1\" content=\"Napsal(a)\" \/>\n\t<meta name=\"twitter:data1\" content=\"Jolana Hol\u00e1\u0148ov\u00e1\" \/>\n\t<meta name=\"twitter:label2\" content=\"Odhadovan\u00e1 doba \u010dten\u00ed\" \/>\n\t<meta name=\"twitter:data2\" content=\"3 minuty\" \/>\n<script type=\"application\/ld+json\" class=\"yoast-schema-graph\">{\"@context\":\"https:\/\/schema.org\",\"@graph\":[{\"@type\":\"Article\",\"@id\":\"https:\/\/cinemahouse.cz\/index.php\/2021\/03\/29\/co-uvidite-v-show-jana-krause-ve-stredu-31-3-2021\/#article\",\"isPartOf\":{\"@id\":\"https:\/\/cinemahouse.cz\/index.php\/2021\/03\/29\/co-uvidite-v-show-jana-krause-ve-stredu-31-3-2021\/\"},\"author\":{\"name\":\"Jolana Hol\u00e1\u0148ov\u00e1\",\"@id\":\"https:\/\/cinemahouse.cz\/#\/schema\/person\/1ddc0bd12b9f599dd69c434ae0096313\"},\"headline\":\"Co uvid\u00edte v Show Jana Krause: Ve st\u0159edu 31. 3. 2021\",\"datePublished\":\"2021-03-29T00:03:00+00:00\",\"dateModified\":\"2021-04-06T00:05:29+00:00\",\"mainEntityOfPage\":{\"@id\":\"https:\/\/cinemahouse.cz\/index.php\/2021\/03\/29\/co-uvidite-v-show-jana-krause-ve-stredu-31-3-2021\/\"},\"wordCount\":707,\"publisher\":{\"@id\":\"https:\/\/cinemahouse.cz\/#organization\"},\"articleSection\":[\"FILMY, SERI\u00c1LY a TV\",\"NEWS\"],\"inLanguage\":\"cs\"},{\"@type\":\"WebPage\",\"@id\":\"https:\/\/cinemahouse.cz\/index.php\/2021\/03\/29\/co-uvidite-v-show-jana-krause-ve-stredu-31-3-2021\/\",\"url\":\"https:\/\/cinemahouse.cz\/index.php\/2021\/03\/29\/co-uvidite-v-show-jana-krause-ve-stredu-31-3-2021\/\",\"name\":\"Co uvid\u00edte v Show Jana Krause: Ve st\u0159edu 31. 3. 2021 - CINEMAHOUSE.cz\",\"isPartOf\":{\"@id\":\"https:\/\/cinemahouse.cz\/#website\"},\"datePublished\":\"2021-03-29T00:03:00+00:00\",\"dateModified\":\"2021-04-06T00:05:29+00:00\",\"breadcrumb\":{\"@id\":\"https:\/\/cinemahouse.cz\/index.php\/2021\/03\/29\/co-uvidite-v-show-jana-krause-ve-stredu-31-3-2021\/#breadcrumb\"},\"inLanguage\":\"cs\",\"potentialAction\":[{\"@type\":\"ReadAction\",\"target\":[\"https:\/\/cinemahouse.cz\/index.php\/2021\/03\/29\/co-uvidite-v-show-jana-krause-ve-stredu-31-3-2021\/\"]}]},{\"@type\":\"BreadcrumbList\",\"@id\":\"https:\/\/cinemahouse.cz\/index.php\/2021\/03\/29\/co-uvidite-v-show-jana-krause-ve-stredu-31-3-2021\/#breadcrumb\",\"itemListElement\":[{\"@type\":\"ListItem\",\"position\":1,\"name\":\"Dom\u016f\",\"item\":\"https:\/\/cinemahouse.cz\/\"},{\"@type\":\"ListItem\",\"position\":2,\"name\":\"Co uvid\u00edte v Show Jana Krause: Ve st\u0159edu 31. 3. 2021\"}]},{\"@type\":\"WebSite\",\"@id\":\"https:\/\/cinemahouse.cz\/#website\",\"url\":\"https:\/\/cinemahouse.cz\/\",\"name\":\"CINEMAHOUSE.cz\",\"description\":\"Port\u00e1l o filmov\u00fdch novink\u00e1ch\",\"publisher\":{\"@id\":\"https:\/\/cinemahouse.cz\/#organization\"},\"potentialAction\":[{\"@type\":\"SearchAction\",\"target\":{\"@type\":\"EntryPoint\",\"urlTemplate\":\"https:\/\/cinemahouse.cz\/?s={search_term_string}\"},\"query-input\":\"required name=search_term_string\"}],\"inLanguage\":\"cs\"},{\"@type\":\"Organization\",\"@id\":\"https:\/\/cinemahouse.cz\/#organization\",\"name\":\"CINEMAHOUSE.cz\",\"url\":\"https:\/\/cinemahouse.cz\/\",\"logo\":{\"@type\":\"ImageObject\",\"inLanguage\":\"cs\",\"@id\":\"https:\/\/cinemahouse.cz\/#\/schema\/logo\/image\/\",\"url\":\"https:\/\/cinemahouse.cz\/wp-content\/uploads\/2024\/12\/cropped-Logo_CinemaHouse.jpg\",\"contentUrl\":\"https:\/\/cinemahouse.cz\/wp-content\/uploads\/2024\/12\/cropped-Logo_CinemaHouse.jpg\",\"width\":926,\"height\":467,\"caption\":\"CINEMAHOUSE.cz\"},\"image\":{\"@id\":\"https:\/\/cinemahouse.cz\/#\/schema\/logo\/image\/\"}},{\"@type\":\"Person\",\"@id\":\"https:\/\/cinemahouse.cz\/#\/schema\/person\/1ddc0bd12b9f599dd69c434ae0096313\",\"name\":\"Jolana Hol\u00e1\u0148ov\u00e1\",\"image\":{\"@type\":\"ImageObject\",\"inLanguage\":\"cs\",\"@id\":\"https:\/\/cinemahouse.cz\/#\/schema\/person\/image\/\",\"url\":\"https:\/\/secure.gravatar.com\/avatar\/5863c504ed89cd419ff3a5e812c722ff?s=96&d=mm&r=g\",\"contentUrl\":\"https:\/\/secure.gravatar.com\/avatar\/5863c504ed89cd419ff3a5e812c722ff?s=96&d=mm&r=g\",\"caption\":\"Jolana Hol\u00e1\u0148ov\u00e1\"},\"sameAs\":[\"http:\/\/wwww.cinemahouse.cz\"],\"url\":\"https:\/\/cinemahouse.cz\/index.php\/author\/jolhol\/\"}]}<\/script>\n<!-- \/ Yoast SEO plugin. -->","yoast_head_json":{"title":"Co uvid\u00edte v Show Jana Krause: Ve st\u0159edu 31. 3. 2021 - CINEMAHOUSE.cz","robots":{"index":"index","follow":"follow","max-snippet":"max-snippet:-1","max-image-preview":"max-image-preview:large","max-video-preview":"max-video-preview:-1"},"canonical":"https:\/\/cinemahouse.cz\/index.php\/2021\/03\/29\/co-uvidite-v-show-jana-krause-ve-stredu-31-3-2021\/","og_locale":"cs_CZ","og_type":"article","og_title":"Co uvid\u00edte v Show Jana Krause: Ve st\u0159edu 31. 3. 2021 - CINEMAHOUSE.cz","og_description":"Herec Michal Novotn\u00fd, here\u010dka Alena Dol\u00e1kov\u00e1 a filantropov\u00e9 Katar\u00edna a Ond\u0159ej Vl\u010dkovi se&nbsp;p\u0159edstav\u00ed v Show Jana Krause. Premi\u00e9ru dal\u0161\u00edho d\u00edlu Show Jana Krause uvid\u00edte ve st\u0159edu 31. b\u0159ezna ve&nbsp;21.35 na Prim\u011b. Michal Novotn\u00fd&nbsp;\u2013 herec,&#46;&#46;&#46;","og_url":"https:\/\/cinemahouse.cz\/index.php\/2021\/03\/29\/co-uvidite-v-show-jana-krause-ve-stredu-31-3-2021\/","og_site_name":"CINEMAHOUSE.cz","article_published_time":"2021-03-29T00:03:00+00:00","article_modified_time":"2021-04-06T00:05:29+00:00","og_image":[{"width":933,"height":521,"url":"https:\/\/cinemahouse.cz\/wp-content\/uploads\/2021\/04\/SJK-foto.jpg","type":"image\/jpeg"}],"author":"Jolana Hol\u00e1\u0148ov\u00e1","twitter_card":"summary_large_image","twitter_misc":{"Napsal(a)":"Jolana Hol\u00e1\u0148ov\u00e1","Odhadovan\u00e1 doba \u010dten\u00ed":"3 minuty"},"schema":{"@context":"https:\/\/schema.org","@graph":[{"@type":"Article","@id":"https:\/\/cinemahouse.cz\/index.php\/2021\/03\/29\/co-uvidite-v-show-jana-krause-ve-stredu-31-3-2021\/#article","isPartOf":{"@id":"https:\/\/cinemahouse.cz\/index.php\/2021\/03\/29\/co-uvidite-v-show-jana-krause-ve-stredu-31-3-2021\/"},"author":{"name":"Jolana Hol\u00e1\u0148ov\u00e1","@id":"https:\/\/cinemahouse.cz\/#\/schema\/person\/1ddc0bd12b9f599dd69c434ae0096313"},"headline":"Co uvid\u00edte v Show Jana Krause: Ve st\u0159edu 31. 3. 2021","datePublished":"2021-03-29T00:03:00+00:00","dateModified":"2021-04-06T00:05:29+00:00","mainEntityOfPage":{"@id":"https:\/\/cinemahouse.cz\/index.php\/2021\/03\/29\/co-uvidite-v-show-jana-krause-ve-stredu-31-3-2021\/"},"wordCount":707,"publisher":{"@id":"https:\/\/cinemahouse.cz\/#organization"},"articleSection":["FILMY, SERI\u00c1LY a TV","NEWS"],"inLanguage":"cs"},{"@type":"WebPage","@id":"https:\/\/cinemahouse.cz\/index.php\/2021\/03\/29\/co-uvidite-v-show-jana-krause-ve-stredu-31-3-2021\/","url":"https:\/\/cinemahouse.cz\/index.php\/2021\/03\/29\/co-uvidite-v-show-jana-krause-ve-stredu-31-3-2021\/","name":"Co uvid\u00edte v Show Jana Krause: Ve st\u0159edu 31. 3. 2021 - CINEMAHOUSE.cz","isPartOf":{"@id":"https:\/\/cinemahouse.cz\/#website"},"datePublished":"2021-03-29T00:03:00+00:00","dateModified":"2021-04-06T00:05:29+00:00","breadcrumb":{"@id":"https:\/\/cinemahouse.cz\/index.php\/2021\/03\/29\/co-uvidite-v-show-jana-krause-ve-stredu-31-3-2021\/#breadcrumb"},"inLanguage":"cs","potentialAction":[{"@type":"ReadAction","target":["https:\/\/cinemahouse.cz\/index.php\/2021\/03\/29\/co-uvidite-v-show-jana-krause-ve-stredu-31-3-2021\/"]}]},{"@type":"BreadcrumbList","@id":"https:\/\/cinemahouse.cz\/index.php\/2021\/03\/29\/co-uvidite-v-show-jana-krause-ve-stredu-31-3-2021\/#breadcrumb","itemListElement":[{"@type":"ListItem","position":1,"name":"Dom\u016f","item":"https:\/\/cinemahouse.cz\/"},{"@type":"ListItem","position":2,"name":"Co uvid\u00edte v Show Jana Krause: Ve st\u0159edu 31. 3. 2021"}]},{"@type":"WebSite","@id":"https:\/\/cinemahouse.cz\/#website","url":"https:\/\/cinemahouse.cz\/","name":"CINEMAHOUSE.cz","description":"Port\u00e1l o filmov\u00fdch novink\u00e1ch","publisher":{"@id":"https:\/\/cinemahouse.cz\/#organization"},"potentialAction":[{"@type":"SearchAction","target":{"@type":"EntryPoint","urlTemplate":"https:\/\/cinemahouse.cz\/?s={search_term_string}"},"query-input":"required name=search_term_string"}],"inLanguage":"cs"},{"@type":"Organization","@id":"https:\/\/cinemahouse.cz\/#organization","name":"CINEMAHOUSE.cz","url":"https:\/\/cinemahouse.cz\/","logo":{"@type":"ImageObject","inLanguage":"cs","@id":"https:\/\/cinemahouse.cz\/#\/schema\/logo\/image\/","url":"https:\/\/cinemahouse.cz\/wp-content\/uploads\/2024\/12\/cropped-Logo_CinemaHouse.jpg","contentUrl":"https:\/\/cinemahouse.cz\/wp-content\/uploads\/2024\/12\/cropped-Logo_CinemaHouse.jpg","width":926,"height":467,"caption":"CINEMAHOUSE.cz"},"image":{"@id":"https:\/\/cinemahouse.cz\/#\/schema\/logo\/image\/"}},{"@type":"Person","@id":"https:\/\/cinemahouse.cz\/#\/schema\/person\/1ddc0bd12b9f599dd69c434ae0096313","name":"Jolana Hol\u00e1\u0148ov\u00e1","image":{"@type":"ImageObject","inLanguage":"cs","@id":"https:\/\/cinemahouse.cz\/#\/schema\/person\/image\/","url":"https:\/\/secure.gravatar.com\/avatar\/5863c504ed89cd419ff3a5e812c722ff?s=96&d=mm&r=g","contentUrl":"https:\/\/secure.gravatar.com\/avatar\/5863c504ed89cd419ff3a5e812c722ff?s=96&d=mm&r=g","caption":"Jolana Hol\u00e1\u0148ov\u00e1"},"sameAs":["http:\/\/wwww.cinemahouse.cz"],"url":"https:\/\/cinemahouse.cz\/index.php\/author\/jolhol\/"}]}},"_links":{"self":[{"href":"https:\/\/cinemahouse.cz\/index.php\/wp-json\/wp\/v2\/posts\/2287"}],"collection":[{"href":"https:\/\/cinemahouse.cz\/index.php\/wp-json\/wp\/v2\/posts"}],"about":[{"href":"https:\/\/cinemahouse.cz\/index.php\/wp-json\/wp\/v2\/types\/post"}],"author":[{"embeddable":true,"href":"https:\/\/cinemahouse.cz\/index.php\/wp-json\/wp\/v2\/users\/3"}],"replies":[{"embeddable":true,"href":"https:\/\/cinemahouse.cz\/index.php\/wp-json\/wp\/v2\/comments?post=2287"}],"version-history":[{"count":1,"href":"https:\/\/cinemahouse.cz\/index.php\/wp-json\/wp\/v2\/posts\/2287\/revisions"}],"predecessor-version":[{"id":2288,"href":"https:\/\/cinemahouse.cz\/index.php\/wp-json\/wp\/v2\/posts\/2287\/revisions\/2288"}],"wp:featuredmedia":[{"embeddable":true,"href":"https:\/\/cinemahouse.cz\/index.php\/wp-json\/wp\/v2\/media\/2284"}],"wp:attachment":[{"href":"https:\/\/cinemahouse.cz\/index.php\/wp-json\/wp\/v2\/media?parent=2287"}],"wp:term":[{"taxonomy":"category","embeddable":true,"href":"https:\/\/cinemahouse.cz\/index.php\/wp-json\/wp\/v2\/categories?post=2287"},{"taxonomy":"post_tag","embeddable":true,"href":"https:\/\/cinemahouse.cz\/index.php\/wp-json\/wp\/v2\/tags?post=2287"}],"curies":[{"name":"wp","href":"https:\/\/api.w.org\/{rel}","templated":true}]}}