{"id":2195,"date":"2020-10-06T01:26:27","date_gmt":"2020-10-05T23:26:27","guid":{"rendered":"https:\/\/cinemahouse.cz\/?p=2195"},"modified":"2020-10-06T01:26:28","modified_gmt":"2020-10-05T23:26:28","slug":"ceske-a-italske-nataceni-historickeho-velkofilmu-il-boemo-v-hlavni-roli-s-vojtechem-dykem-je-v-plnem-proudu","status":"publish","type":"post","link":"https:\/\/cinemahouse.cz\/index.php\/2020\/10\/06\/ceske-a-italske-nataceni-historickeho-velkofilmu-il-boemo-v-hlavni-roli-s-vojtechem-dykem-je-v-plnem-proudu\/","title":{"rendered":"\u010cesk\u00e9 a italsk\u00e9 nat\u00e1\u010den\u00ed historick\u00e9ho velkofilmu Il Boemo v\u00a0hlavn\u00ed roli s\u00a0Vojt\u011bchem Dykem je v pln\u00e9m proudu"},"content":{"rendered":"\n<p><strong>Hlavn\u00ed \u010d\u00e1st nat\u00e1\u010den\u00ed historick\u00e9ho velkofilmu re\u017eis\u00e9ra Petra V\u00e1clava Il Boemo o Josefu Myslive\u010dkovi, jednom z\u00a0nejvyhled\u00e1van\u011bj\u0161\u00edch hudebn\u00edch skladatel\u016f druh\u00e9 poloviny 18. stolet\u00ed, pr\u00e1v\u011b prob\u00edh\u00e1 mezi \u010ceskou republikou\u00a0a It\u00e1li\u00ed. Ve skladatelov\u011b rodn\u00e9 zemi filma\u0159i str\u00e1v\u00ed od z\u00e1\u0159\u00ed do listopadu 16 dn\u00ed na r\u016fzn\u00fdch lokac\u00edch. Ve filmu tak div\u00e1ci uvid\u00ed nap\u0159\u00edklad n\u00e1dhern\u00e9 prostory Stavovsk\u00e9ho divadla, kde p\u0159ed osmat\u0159iceti lety nat\u00e1\u010del re\u017eis\u00e9r Milo\u0161 Forman sv\u00e9ho Amadea, Mahenovo divadlo v Brn\u011b, z\u00e1mek v Bu\u010dovic\u00edch nebo kl\u00e1\u0161ter v Plasech. Premi\u00e9ra sn\u00edmku Il Boemo je pl\u00e1nov\u00e1na na podzim 2021.<\/strong><\/p>\n\n\n\n<p>Prvn\u00ed klapka padla ji\u017e 29. \u010dervence lo\u0148sk\u00e9ho roku v\u00a0italsk\u00e9m m\u011bst\u011b Como. Tak\u0159ka po roce se \u0161t\u00e1b s\u00a0re\u017eis\u00e9rem Petrem V\u00e1clavem vr\u00e1til do \u010cech a na Moravu, aby zde po\u0159\u00eddili dal\u0161\u00ed sc\u00e9ny filmu, ve kter\u00e9m postavu skladatele ztv\u00e1rn\u00ed Vojt\u011bch Dyk.<\/p>\n\n\n\n<figure class=\"wp-block-image size-large\"><img decoding=\"async\" loading=\"lazy\" width=\"1024\" height=\"683\" src=\"https:\/\/cinemahouse.cz\/wp-content\/uploads\/2020\/10\/Il-Boemo-Vojtech-Dyk-a-Lana-Vladyfoto_Richard-Hodonicky-1024x683.jpg\" alt=\"\" class=\"wp-image-2196\" srcset=\"https:\/\/cinemahouse.cz\/wp-content\/uploads\/2020\/10\/Il-Boemo-Vojtech-Dyk-a-Lana-Vladyfoto_Richard-Hodonicky-1024x683.jpg 1024w, https:\/\/cinemahouse.cz\/wp-content\/uploads\/2020\/10\/Il-Boemo-Vojtech-Dyk-a-Lana-Vladyfoto_Richard-Hodonicky-300x200.jpg 300w, https:\/\/cinemahouse.cz\/wp-content\/uploads\/2020\/10\/Il-Boemo-Vojtech-Dyk-a-Lana-Vladyfoto_Richard-Hodonicky-768x512.jpg 768w, https:\/\/cinemahouse.cz\/wp-content\/uploads\/2020\/10\/Il-Boemo-Vojtech-Dyk-a-Lana-Vladyfoto_Richard-Hodonicky-1536x1024.jpg 1536w, https:\/\/cinemahouse.cz\/wp-content\/uploads\/2020\/10\/Il-Boemo-Vojtech-Dyk-a-Lana-Vladyfoto_Richard-Hodonicky-2048x1366.jpg 2048w\" sizes=\"(max-width: 1024px) 100vw, 1024px\" \/><\/figure>\n\n\n\n<p>\u201eKv\u016fli prob\u00edhaj\u00edc\u00ed pandemii jsme museli filmov\u00e1n\u00ed slo\u017eit\u011b n\u011bkolikr\u00e1t posouvat a m\u011bnit pl\u00e1ny. Je\u0161t\u011b na konci kv\u011btna jsme nem\u011bli v\u016fbec \u017e\u00e1dnou jistotu, kdy a jak bude mo\u017en\u00e9 v It\u00e1lii to\u010dit. Zdr\u017eela se i v\u00fdroba kost\u00fdm\u016f, kter\u00e1 prob\u00edhala v&nbsp;It\u00e1lii, a kv\u016fli striktn\u00edm hygienick\u00fdm opat\u0159en\u00edm se o n\u011bkolik t\u00fddn\u016f prot\u00e1hla. Hlavn\u00ed ale je, \u017ee jsme znovu \u201ev akci\u201c a dosud nato\u010den\u00fd materi\u00e1l vypad\u00e1 skv\u011ble,\u201c \u0159\u00edk\u00e1 producent Jan Macola.<\/p>\n\n\n\n<p>V\u00a0\u010cesk\u00e9 republice se za\u010dalo filmovat 4. z\u00e1\u0159\u00ed v\u00a0Kl\u00e1\u0161te\u0159e sester premonstr\u00e1tek v\u00a0Doksanech, dal\u0161\u00ed sc\u00e9ny jsou z\u00a0pra\u017esk\u00fdch pal\u00e1c\u016f Martinick\u00e9ho, Colloredo \u2013 Mansfeld a prostor z\u00e1mku v\u00a0Jarom\u011b\u0159ic\u00edch nad Rokytnou. Nejslo\u017eit\u011bj\u0161\u00ed a nejv\u00fdpravn\u011bj\u0161\u00ed \u010d\u00e1st \u010desk\u00e9ho nat\u00e1\u010den\u00ed, v\u010detn\u011b komplikovan\u00e9 kaskad\u00e9rsk\u00e9 sc\u00e9ny, pak prob\u011bhla ve Stavovsk\u00e9m divadle. Pot\u00e9 tv\u016frce \u010dek\u00e1 nat\u00e1\u010den\u00ed v\u00a0regionech, v\u00a0b\u00fdval\u00e9m cisterci\u00e1csk\u00e9m kl\u00e1\u0161te\u0159e v\u00a0Plasech, na z\u00e1mku v\u00a0Bu\u010dovic\u00edch a v\u00a0brn\u011bnsk\u00e9m Mahenov\u011b divadle. V\u00a0polovin\u011b \u0159\u00edjna bude n\u00e1sledovat op\u011btovn\u00fd p\u0159esun do slunn\u00e9 It\u00e1lie.<\/p>\n\n\n\n<figure class=\"wp-block-image size-large\"><img decoding=\"async\" loading=\"lazy\" width=\"1024\" height=\"675\" src=\"https:\/\/cinemahouse.cz\/wp-content\/uploads\/2020\/10\/Il-Boemo-Barbara-Ronchi-foto_Richard-Hodonicky-1024x675.jpg\" alt=\"\" class=\"wp-image-2197\" srcset=\"https:\/\/cinemahouse.cz\/wp-content\/uploads\/2020\/10\/Il-Boemo-Barbara-Ronchi-foto_Richard-Hodonicky-1024x675.jpg 1024w, https:\/\/cinemahouse.cz\/wp-content\/uploads\/2020\/10\/Il-Boemo-Barbara-Ronchi-foto_Richard-Hodonicky-300x198.jpg 300w, https:\/\/cinemahouse.cz\/wp-content\/uploads\/2020\/10\/Il-Boemo-Barbara-Ronchi-foto_Richard-Hodonicky-768x507.jpg 768w, https:\/\/cinemahouse.cz\/wp-content\/uploads\/2020\/10\/Il-Boemo-Barbara-Ronchi-foto_Richard-Hodonicky-1536x1013.jpg 1536w, https:\/\/cinemahouse.cz\/wp-content\/uploads\/2020\/10\/Il-Boemo-Barbara-Ronchi-foto_Richard-Hodonicky-2048x1351.jpg 2048w\" sizes=\"(max-width: 1024px) 100vw, 1024px\" \/><\/figure>\n\n\n\n<p>\u201ePravideln\u00e9 testov\u00e1n\u00ed v\u0161ech herc\u016f a cel\u00e9ho \u0161t\u00e1bu sice p\u0159edstavuje zv\u00fd\u0161en\u00e9 n\u00e1klady a spole\u010dn\u011b s no\u0161en\u00edm rou\u0161ek i ur\u010dit\u00e9 nepohodl\u00ed, v\u0161ichni to ale zat\u00edm berou tak, \u017ee je to prost\u011b da\u0148 za to, \u017ee mohou chodit do pr\u00e1ce, kter\u00e1 je bav\u00ed a \u017eiv\u00ed,&#8220; dod\u00e1v\u00e1 je\u0161t\u011b Jan Macola.<\/p>\n\n\n\n<p>Vedle Vojty Dyka se v hlavn\u00edch rol\u00edch p\u0159edstav\u00ed italsk\u00e9 here\u010dky Barbara Ronchi, Elena Radonicich a Lana Vlady. Ve vedlej\u0161\u00edch se pak div\u00e1ci mohou t\u011b\u0161it na Lenku Vlas\u00e1kovou, Karla Rodena nebo Zde\u0148ka Godlu. Ve sn\u00edmku se objev\u00ed i opern\u00ed hv\u011bzdy, jak\u00fdmi jsou Phillipe Jaroussky, Em\u00f6ke Bar\u00e1th, Raffaella Milanesi, Juan Sancho nebo Krystian Adam. Hudbu k filmu nahr\u00e1l orchestr Collegium 1704 pod taktovkou V\u00e1clava Lukse.<\/p>\n\n\n\n<p>Film Il Boemo vznik\u00e1 za laskav\u00e9 podpory St\u00e1tn\u00edho filmu kinematografie, Filmov\u00e9 nadace, Prague Film Fund, Plze\u0148sk\u00e9ho kraje, Jihomoravsk\u00e9ho filmov\u00e9ho nada\u010dn\u00edho fondu, italsk\u00e9ho ministerstva kultury a Slovensk\u00e9ho audiovizu\u00e1ln\u00edho fondu. Koproducenty filmu jsou \u010cesk\u00e1 televize &#8211; TPS Kate\u0159iny Ond\u0159ejkov\u00e9, Libor Winkler a MagicLab.<\/p>\n\n\n\n<div style=\"height:20px\" aria-hidden=\"true\" class=\"wp-block-spacer\"><\/div>\n\n\n\n<h4 class=\"wp-block-heading\">Z\u00e1kladn\u00ed informace k&nbsp;filmu Il Boemo<\/h4>\n\n\n\n<p>Film re\u017eis\u00e9ra Petra V\u00e1clava o mimo\u0159\u00e1dn\u00e9m osudu a hudb\u011b nejslavn\u011bj\u0161\u00edho \u010desk\u00e9ho um\u011blce<\/p>\n\n\n\n<p>18. stolet\u00ed a sv\u011btob\u011b\u017en\u00edka Josefa Myslive\u010dka.<\/p>\n\n\n\n<p>sc\u00e9n\u00e1\u0159 a re\u017eie: Petr V\u00e1clav<\/p>\n\n\n\n<p>producent: Jan Macola, Mimesis Film (\u010cR)<\/p>\n\n\n\n<p>\u017e\u00e1nr: historick\u00fd film<\/p>\n\n\n\n<p>verze: 2D \u010desk\u00e9 a italsk\u00e9 zn\u011bn\u00ed<\/p>\n\n\n\n<p>titulky: italsk\u00e9, anglick\u00e9, \u010desk\u00e9<\/p>\n\n\n\n<p>d\u00e9lka: 130 minut<\/p>\n\n\n\n<p>rozpo\u010det: 120 mil. K\u010d<\/p>\n\n\n\n<p>lokace: It\u00e1lie, \u010cesk\u00e1 republika<\/p>\n\n\n\n<p>term\u00edn nat\u00e1\u010den\u00ed: 07\/2019 &#8211; 12\/2020<\/p>\n\n\n\n<p>pl\u00e1novan\u00e1 premi\u00e9ra: podzim 2021<\/p>\n\n\n\n<p>koproducenti: Kate\u0159ina Ond\u0159ejkov\u00e1, \u010cesk\u00e1 televize (\u010cR)<\/p>\n\n\n\n<p>Marco Alessi, Dugong Film (IT)<\/p>\n\n\n\n<p>Marek Urban, Sentimentalfilm (SK)<\/p>\n\n\n\n<p>Libor Winkler (\u010cR)<\/p>\n\n\n\n<p>kamera: Diego Romero<\/p>\n\n\n\n<p>architekt: Irena Hradeck\u00e1<\/p>\n\n\n\n<p>Luca Servino<\/p>\n\n\n\n<p>um\u011bleck\u00e1 mask\u00e9rka: Andrea McDonald<\/p>\n\n\n\n<p>kost\u00fdmn\u00ed v\u00fdtvarn\u00edk: Andrea Cavalletto<\/p>\n\n\n\n<p>zvuk: Daniel N\u011bmec<\/p>\n\n\n\n<p>hudba, hudebn\u00ed poradce: V\u00e1clav Luks, Collegium 1704<\/p>\n\n\n\n<p>odborn\u00fd poradce: Daniel E. Freeman<\/p>\n\n\n\n<p>hlavn\u00ed role: Vojt\u011bch Dyk<\/p>\n\n\n\n<p>Barbara Ronchi, Elena Radonicich, Lana Vlady<\/p>\n\n\n\n<p>vedlej\u0161\u00ed role: Karel Roden, Lenka Vlas\u00e1kov\u00e1, Zden\u011bk Godla<\/p>\n\n\n\n<p>zp\u011bv\u00e1ci: Phillipe Jaroussky, Em\u00f6ke Bar\u00e1th, Raffaella Milanesi,<\/p>\n\n\n\n<p>Simona \u0160aturov\u00e1, Juan Sancho, Krystian Adam<\/p>\n\n\n\n<p>Medi\u00e1ln\u00ed partne\u0159i: \u010cesk\u00fd rozhlas Radio\u017eurn\u00e1l, Den\u00edk, Reflex, TV Magaz\u00edn, Harmonie, 100 + 1<\/p>\n\n\n\n<p>PR a tiskov\u00fd servis: Turner PR, <a href=\"http:\/\/www.turner.cz\/\">www.turner.cz<\/a><\/p>\n\n\n\n<div style=\"height:20px\" aria-hidden=\"true\" class=\"wp-block-spacer\"><\/div>\n","protected":false},"excerpt":{"rendered":"<p>Hlavn\u00ed \u010d\u00e1st nat\u00e1\u010den\u00ed historick\u00e9ho velkofilmu re\u017eis\u00e9ra Petra V\u00e1clava Il Boemo o Josefu Myslive\u010dkovi, jednom z\u00a0nejvyhled\u00e1van\u011bj\u0161\u00edch hudebn\u00edch skladatel\u016f druh\u00e9 poloviny 18. stolet\u00ed, pr\u00e1v\u011b prob\u00edh\u00e1 mezi \u010ceskou republikou\u00a0a It\u00e1li\u00ed. Ve skladatelov\u011b rodn\u00e9 zemi filma\u0159i str\u00e1v\u00ed od&#46;&#46;&#46;<\/p>\n","protected":false},"author":2,"featured_media":2196,"comment_status":"closed","ping_status":"closed","sticky":false,"template":"","format":"standard","meta":{"_monsterinsights_skip_tracking":false,"_monsterinsights_sitenote_active":false,"_monsterinsights_sitenote_note":"","_monsterinsights_sitenote_category":0,"footnotes":""},"categories":[3,12,2],"tags":[],"yoast_head":"<!-- This site is optimized with the Yoast SEO plugin v21.4 - https:\/\/yoast.com\/wordpress\/plugins\/seo\/ -->\n<title>\u010cesk\u00e9 a italsk\u00e9 nat\u00e1\u010den\u00ed historick\u00e9ho velkofilmu Il Boemo v\u00a0hlavn\u00ed roli s\u00a0Vojt\u011bchem Dykem je v pln\u00e9m proudu - CINEMAHOUSE.cz<\/title>\n<meta name=\"robots\" content=\"index, follow, max-snippet:-1, max-image-preview:large, max-video-preview:-1\" \/>\n<link rel=\"canonical\" href=\"https:\/\/cinemahouse.cz\/index.php\/2020\/10\/06\/ceske-a-italske-nataceni-historickeho-velkofilmu-il-boemo-v-hlavni-roli-s-vojtechem-dykem-je-v-plnem-proudu\/\" \/>\n<meta property=\"og:locale\" content=\"cs_CZ\" \/>\n<meta property=\"og:type\" content=\"article\" \/>\n<meta property=\"og:title\" content=\"\u010cesk\u00e9 a italsk\u00e9 nat\u00e1\u010den\u00ed historick\u00e9ho velkofilmu Il Boemo v\u00a0hlavn\u00ed roli s\u00a0Vojt\u011bchem Dykem je v pln\u00e9m proudu - CINEMAHOUSE.cz\" \/>\n<meta property=\"og:description\" content=\"Hlavn\u00ed \u010d\u00e1st nat\u00e1\u010den\u00ed historick\u00e9ho velkofilmu re\u017eis\u00e9ra Petra V\u00e1clava Il Boemo o Josefu Myslive\u010dkovi, jednom z\u00a0nejvyhled\u00e1van\u011bj\u0161\u00edch hudebn\u00edch skladatel\u016f druh\u00e9 poloviny 18. stolet\u00ed, pr\u00e1v\u011b prob\u00edh\u00e1 mezi \u010ceskou republikou\u00a0a It\u00e1li\u00ed. Ve skladatelov\u011b rodn\u00e9 zemi filma\u0159i str\u00e1v\u00ed od&#046;&#046;&#046;\" \/>\n<meta property=\"og:url\" content=\"https:\/\/cinemahouse.cz\/index.php\/2020\/10\/06\/ceske-a-italske-nataceni-historickeho-velkofilmu-il-boemo-v-hlavni-roli-s-vojtechem-dykem-je-v-plnem-proudu\/\" \/>\n<meta property=\"og:site_name\" content=\"CINEMAHOUSE.cz\" \/>\n<meta property=\"article:published_time\" content=\"2020-10-05T23:26:27+00:00\" \/>\n<meta property=\"article:modified_time\" content=\"2020-10-05T23:26:28+00:00\" \/>\n<meta property=\"og:image\" content=\"https:\/\/cinemahouse.cz\/wp-content\/uploads\/2020\/10\/Il-Boemo-Vojtech-Dyk-a-Lana-Vladyfoto_Richard-Hodonicky.jpg\" \/>\n\t<meta property=\"og:image:width\" content=\"2362\" \/>\n\t<meta property=\"og:image:height\" content=\"1575\" \/>\n\t<meta property=\"og:image:type\" content=\"image\/jpeg\" \/>\n<meta name=\"author\" content=\"Miroslav Van\u011bk\" \/>\n<meta name=\"twitter:card\" content=\"summary_large_image\" \/>\n<meta name=\"twitter:label1\" content=\"Napsal(a)\" \/>\n\t<meta name=\"twitter:data1\" content=\"Miroslav Van\u011bk\" \/>\n\t<meta name=\"twitter:label2\" content=\"Odhadovan\u00e1 doba \u010dten\u00ed\" \/>\n\t<meta name=\"twitter:data2\" content=\"4 minuty\" \/>\n<script type=\"application\/ld+json\" class=\"yoast-schema-graph\">{\"@context\":\"https:\/\/schema.org\",\"@graph\":[{\"@type\":\"Article\",\"@id\":\"https:\/\/cinemahouse.cz\/index.php\/2020\/10\/06\/ceske-a-italske-nataceni-historickeho-velkofilmu-il-boemo-v-hlavni-roli-s-vojtechem-dykem-je-v-plnem-proudu\/#article\",\"isPartOf\":{\"@id\":\"https:\/\/cinemahouse.cz\/index.php\/2020\/10\/06\/ceske-a-italske-nataceni-historickeho-velkofilmu-il-boemo-v-hlavni-roli-s-vojtechem-dykem-je-v-plnem-proudu\/\"},\"author\":{\"name\":\"Miroslav Van\u011bk\",\"@id\":\"https:\/\/cinemahouse.cz\/#\/schema\/person\/b4b442f183df4da20f147173def615f2\"},\"headline\":\"\u010cesk\u00e9 a italsk\u00e9 nat\u00e1\u010den\u00ed historick\u00e9ho velkofilmu Il Boemo v\u00a0hlavn\u00ed roli s\u00a0Vojt\u011bchem Dykem je v pln\u00e9m proudu\",\"datePublished\":\"2020-10-05T23:26:27+00:00\",\"dateModified\":\"2020-10-05T23:26:28+00:00\",\"mainEntityOfPage\":{\"@id\":\"https:\/\/cinemahouse.cz\/index.php\/2020\/10\/06\/ceske-a-italske-nataceni-historickeho-velkofilmu-il-boemo-v-hlavni-roli-s-vojtechem-dykem-je-v-plnem-proudu\/\"},\"wordCount\":811,\"publisher\":{\"@id\":\"https:\/\/cinemahouse.cz\/#organization\"},\"articleSection\":[\"FILMOV\u00c9 NOVINKY\",\"FILMY, SERI\u00c1LY a TV\",\"NEWS\"],\"inLanguage\":\"cs\"},{\"@type\":\"WebPage\",\"@id\":\"https:\/\/cinemahouse.cz\/index.php\/2020\/10\/06\/ceske-a-italske-nataceni-historickeho-velkofilmu-il-boemo-v-hlavni-roli-s-vojtechem-dykem-je-v-plnem-proudu\/\",\"url\":\"https:\/\/cinemahouse.cz\/index.php\/2020\/10\/06\/ceske-a-italske-nataceni-historickeho-velkofilmu-il-boemo-v-hlavni-roli-s-vojtechem-dykem-je-v-plnem-proudu\/\",\"name\":\"\u010cesk\u00e9 a italsk\u00e9 nat\u00e1\u010den\u00ed historick\u00e9ho velkofilmu Il Boemo v\u00a0hlavn\u00ed roli s\u00a0Vojt\u011bchem Dykem je v pln\u00e9m proudu - CINEMAHOUSE.cz\",\"isPartOf\":{\"@id\":\"https:\/\/cinemahouse.cz\/#website\"},\"datePublished\":\"2020-10-05T23:26:27+00:00\",\"dateModified\":\"2020-10-05T23:26:28+00:00\",\"breadcrumb\":{\"@id\":\"https:\/\/cinemahouse.cz\/index.php\/2020\/10\/06\/ceske-a-italske-nataceni-historickeho-velkofilmu-il-boemo-v-hlavni-roli-s-vojtechem-dykem-je-v-plnem-proudu\/#breadcrumb\"},\"inLanguage\":\"cs\",\"potentialAction\":[{\"@type\":\"ReadAction\",\"target\":[\"https:\/\/cinemahouse.cz\/index.php\/2020\/10\/06\/ceske-a-italske-nataceni-historickeho-velkofilmu-il-boemo-v-hlavni-roli-s-vojtechem-dykem-je-v-plnem-proudu\/\"]}]},{\"@type\":\"BreadcrumbList\",\"@id\":\"https:\/\/cinemahouse.cz\/index.php\/2020\/10\/06\/ceske-a-italske-nataceni-historickeho-velkofilmu-il-boemo-v-hlavni-roli-s-vojtechem-dykem-je-v-plnem-proudu\/#breadcrumb\",\"itemListElement\":[{\"@type\":\"ListItem\",\"position\":1,\"name\":\"Dom\u016f\",\"item\":\"https:\/\/cinemahouse.cz\/\"},{\"@type\":\"ListItem\",\"position\":2,\"name\":\"\u010cesk\u00e9 a italsk\u00e9 nat\u00e1\u010den\u00ed historick\u00e9ho velkofilmu Il Boemo v\u00a0hlavn\u00ed roli s\u00a0Vojt\u011bchem Dykem je v pln\u00e9m proudu\"}]},{\"@type\":\"WebSite\",\"@id\":\"https:\/\/cinemahouse.cz\/#website\",\"url\":\"https:\/\/cinemahouse.cz\/\",\"name\":\"CINEMAHOUSE.cz\",\"description\":\"Port\u00e1l o filmov\u00fdch novink\u00e1ch\",\"publisher\":{\"@id\":\"https:\/\/cinemahouse.cz\/#organization\"},\"potentialAction\":[{\"@type\":\"SearchAction\",\"target\":{\"@type\":\"EntryPoint\",\"urlTemplate\":\"https:\/\/cinemahouse.cz\/?s={search_term_string}\"},\"query-input\":\"required name=search_term_string\"}],\"inLanguage\":\"cs\"},{\"@type\":\"Organization\",\"@id\":\"https:\/\/cinemahouse.cz\/#organization\",\"name\":\"CINEMAHOUSE.cz\",\"url\":\"https:\/\/cinemahouse.cz\/\",\"logo\":{\"@type\":\"ImageObject\",\"inLanguage\":\"cs\",\"@id\":\"https:\/\/cinemahouse.cz\/#\/schema\/logo\/image\/\",\"url\":\"https:\/\/cinemahouse.cz\/wp-content\/uploads\/2024\/12\/cropped-Logo_CinemaHouse.jpg\",\"contentUrl\":\"https:\/\/cinemahouse.cz\/wp-content\/uploads\/2024\/12\/cropped-Logo_CinemaHouse.jpg\",\"width\":926,\"height\":467,\"caption\":\"CINEMAHOUSE.cz\"},\"image\":{\"@id\":\"https:\/\/cinemahouse.cz\/#\/schema\/logo\/image\/\"}},{\"@type\":\"Person\",\"@id\":\"https:\/\/cinemahouse.cz\/#\/schema\/person\/b4b442f183df4da20f147173def615f2\",\"name\":\"Miroslav Van\u011bk\",\"image\":{\"@type\":\"ImageObject\",\"inLanguage\":\"cs\",\"@id\":\"https:\/\/cinemahouse.cz\/#\/schema\/person\/image\/\",\"url\":\"https:\/\/secure.gravatar.com\/avatar\/cc93dbecbfc820d69a964ea4a1c72377?s=96&d=mm&r=g\",\"contentUrl\":\"https:\/\/secure.gravatar.com\/avatar\/cc93dbecbfc820d69a964ea4a1c72377?s=96&d=mm&r=g\",\"caption\":\"Miroslav Van\u011bk\"},\"sameAs\":[\"http:\/\/www.cinemahouse.cz\"],\"url\":\"https:\/\/cinemahouse.cz\/index.php\/author\/mirvan\/\"}]}<\/script>\n<!-- \/ Yoast SEO plugin. -->","yoast_head_json":{"title":"\u010cesk\u00e9 a italsk\u00e9 nat\u00e1\u010den\u00ed historick\u00e9ho velkofilmu Il Boemo v\u00a0hlavn\u00ed roli s\u00a0Vojt\u011bchem Dykem je v pln\u00e9m proudu - CINEMAHOUSE.cz","robots":{"index":"index","follow":"follow","max-snippet":"max-snippet:-1","max-image-preview":"max-image-preview:large","max-video-preview":"max-video-preview:-1"},"canonical":"https:\/\/cinemahouse.cz\/index.php\/2020\/10\/06\/ceske-a-italske-nataceni-historickeho-velkofilmu-il-boemo-v-hlavni-roli-s-vojtechem-dykem-je-v-plnem-proudu\/","og_locale":"cs_CZ","og_type":"article","og_title":"\u010cesk\u00e9 a italsk\u00e9 nat\u00e1\u010den\u00ed historick\u00e9ho velkofilmu Il Boemo v\u00a0hlavn\u00ed roli s\u00a0Vojt\u011bchem Dykem je v pln\u00e9m proudu - CINEMAHOUSE.cz","og_description":"Hlavn\u00ed \u010d\u00e1st nat\u00e1\u010den\u00ed historick\u00e9ho velkofilmu re\u017eis\u00e9ra Petra V\u00e1clava Il Boemo o Josefu Myslive\u010dkovi, jednom z\u00a0nejvyhled\u00e1van\u011bj\u0161\u00edch hudebn\u00edch skladatel\u016f druh\u00e9 poloviny 18. stolet\u00ed, pr\u00e1v\u011b prob\u00edh\u00e1 mezi \u010ceskou republikou\u00a0a It\u00e1li\u00ed. Ve skladatelov\u011b rodn\u00e9 zemi filma\u0159i str\u00e1v\u00ed od&#46;&#46;&#46;","og_url":"https:\/\/cinemahouse.cz\/index.php\/2020\/10\/06\/ceske-a-italske-nataceni-historickeho-velkofilmu-il-boemo-v-hlavni-roli-s-vojtechem-dykem-je-v-plnem-proudu\/","og_site_name":"CINEMAHOUSE.cz","article_published_time":"2020-10-05T23:26:27+00:00","article_modified_time":"2020-10-05T23:26:28+00:00","og_image":[{"width":2362,"height":1575,"url":"https:\/\/cinemahouse.cz\/wp-content\/uploads\/2020\/10\/Il-Boemo-Vojtech-Dyk-a-Lana-Vladyfoto_Richard-Hodonicky.jpg","type":"image\/jpeg"}],"author":"Miroslav Van\u011bk","twitter_card":"summary_large_image","twitter_misc":{"Napsal(a)":"Miroslav Van\u011bk","Odhadovan\u00e1 doba \u010dten\u00ed":"4 minuty"},"schema":{"@context":"https:\/\/schema.org","@graph":[{"@type":"Article","@id":"https:\/\/cinemahouse.cz\/index.php\/2020\/10\/06\/ceske-a-italske-nataceni-historickeho-velkofilmu-il-boemo-v-hlavni-roli-s-vojtechem-dykem-je-v-plnem-proudu\/#article","isPartOf":{"@id":"https:\/\/cinemahouse.cz\/index.php\/2020\/10\/06\/ceske-a-italske-nataceni-historickeho-velkofilmu-il-boemo-v-hlavni-roli-s-vojtechem-dykem-je-v-plnem-proudu\/"},"author":{"name":"Miroslav Van\u011bk","@id":"https:\/\/cinemahouse.cz\/#\/schema\/person\/b4b442f183df4da20f147173def615f2"},"headline":"\u010cesk\u00e9 a italsk\u00e9 nat\u00e1\u010den\u00ed historick\u00e9ho velkofilmu Il Boemo v\u00a0hlavn\u00ed roli s\u00a0Vojt\u011bchem Dykem je v pln\u00e9m proudu","datePublished":"2020-10-05T23:26:27+00:00","dateModified":"2020-10-05T23:26:28+00:00","mainEntityOfPage":{"@id":"https:\/\/cinemahouse.cz\/index.php\/2020\/10\/06\/ceske-a-italske-nataceni-historickeho-velkofilmu-il-boemo-v-hlavni-roli-s-vojtechem-dykem-je-v-plnem-proudu\/"},"wordCount":811,"publisher":{"@id":"https:\/\/cinemahouse.cz\/#organization"},"articleSection":["FILMOV\u00c9 NOVINKY","FILMY, SERI\u00c1LY a TV","NEWS"],"inLanguage":"cs"},{"@type":"WebPage","@id":"https:\/\/cinemahouse.cz\/index.php\/2020\/10\/06\/ceske-a-italske-nataceni-historickeho-velkofilmu-il-boemo-v-hlavni-roli-s-vojtechem-dykem-je-v-plnem-proudu\/","url":"https:\/\/cinemahouse.cz\/index.php\/2020\/10\/06\/ceske-a-italske-nataceni-historickeho-velkofilmu-il-boemo-v-hlavni-roli-s-vojtechem-dykem-je-v-plnem-proudu\/","name":"\u010cesk\u00e9 a italsk\u00e9 nat\u00e1\u010den\u00ed historick\u00e9ho velkofilmu Il Boemo v\u00a0hlavn\u00ed roli s\u00a0Vojt\u011bchem Dykem je v pln\u00e9m proudu - CINEMAHOUSE.cz","isPartOf":{"@id":"https:\/\/cinemahouse.cz\/#website"},"datePublished":"2020-10-05T23:26:27+00:00","dateModified":"2020-10-05T23:26:28+00:00","breadcrumb":{"@id":"https:\/\/cinemahouse.cz\/index.php\/2020\/10\/06\/ceske-a-italske-nataceni-historickeho-velkofilmu-il-boemo-v-hlavni-roli-s-vojtechem-dykem-je-v-plnem-proudu\/#breadcrumb"},"inLanguage":"cs","potentialAction":[{"@type":"ReadAction","target":["https:\/\/cinemahouse.cz\/index.php\/2020\/10\/06\/ceske-a-italske-nataceni-historickeho-velkofilmu-il-boemo-v-hlavni-roli-s-vojtechem-dykem-je-v-plnem-proudu\/"]}]},{"@type":"BreadcrumbList","@id":"https:\/\/cinemahouse.cz\/index.php\/2020\/10\/06\/ceske-a-italske-nataceni-historickeho-velkofilmu-il-boemo-v-hlavni-roli-s-vojtechem-dykem-je-v-plnem-proudu\/#breadcrumb","itemListElement":[{"@type":"ListItem","position":1,"name":"Dom\u016f","item":"https:\/\/cinemahouse.cz\/"},{"@type":"ListItem","position":2,"name":"\u010cesk\u00e9 a italsk\u00e9 nat\u00e1\u010den\u00ed historick\u00e9ho velkofilmu Il Boemo v\u00a0hlavn\u00ed roli s\u00a0Vojt\u011bchem Dykem je v pln\u00e9m proudu"}]},{"@type":"WebSite","@id":"https:\/\/cinemahouse.cz\/#website","url":"https:\/\/cinemahouse.cz\/","name":"CINEMAHOUSE.cz","description":"Port\u00e1l o filmov\u00fdch novink\u00e1ch","publisher":{"@id":"https:\/\/cinemahouse.cz\/#organization"},"potentialAction":[{"@type":"SearchAction","target":{"@type":"EntryPoint","urlTemplate":"https:\/\/cinemahouse.cz\/?s={search_term_string}"},"query-input":"required name=search_term_string"}],"inLanguage":"cs"},{"@type":"Organization","@id":"https:\/\/cinemahouse.cz\/#organization","name":"CINEMAHOUSE.cz","url":"https:\/\/cinemahouse.cz\/","logo":{"@type":"ImageObject","inLanguage":"cs","@id":"https:\/\/cinemahouse.cz\/#\/schema\/logo\/image\/","url":"https:\/\/cinemahouse.cz\/wp-content\/uploads\/2024\/12\/cropped-Logo_CinemaHouse.jpg","contentUrl":"https:\/\/cinemahouse.cz\/wp-content\/uploads\/2024\/12\/cropped-Logo_CinemaHouse.jpg","width":926,"height":467,"caption":"CINEMAHOUSE.cz"},"image":{"@id":"https:\/\/cinemahouse.cz\/#\/schema\/logo\/image\/"}},{"@type":"Person","@id":"https:\/\/cinemahouse.cz\/#\/schema\/person\/b4b442f183df4da20f147173def615f2","name":"Miroslav Van\u011bk","image":{"@type":"ImageObject","inLanguage":"cs","@id":"https:\/\/cinemahouse.cz\/#\/schema\/person\/image\/","url":"https:\/\/secure.gravatar.com\/avatar\/cc93dbecbfc820d69a964ea4a1c72377?s=96&d=mm&r=g","contentUrl":"https:\/\/secure.gravatar.com\/avatar\/cc93dbecbfc820d69a964ea4a1c72377?s=96&d=mm&r=g","caption":"Miroslav Van\u011bk"},"sameAs":["http:\/\/www.cinemahouse.cz"],"url":"https:\/\/cinemahouse.cz\/index.php\/author\/mirvan\/"}]}},"_links":{"self":[{"href":"https:\/\/cinemahouse.cz\/index.php\/wp-json\/wp\/v2\/posts\/2195"}],"collection":[{"href":"https:\/\/cinemahouse.cz\/index.php\/wp-json\/wp\/v2\/posts"}],"about":[{"href":"https:\/\/cinemahouse.cz\/index.php\/wp-json\/wp\/v2\/types\/post"}],"author":[{"embeddable":true,"href":"https:\/\/cinemahouse.cz\/index.php\/wp-json\/wp\/v2\/users\/2"}],"replies":[{"embeddable":true,"href":"https:\/\/cinemahouse.cz\/index.php\/wp-json\/wp\/v2\/comments?post=2195"}],"version-history":[{"count":1,"href":"https:\/\/cinemahouse.cz\/index.php\/wp-json\/wp\/v2\/posts\/2195\/revisions"}],"predecessor-version":[{"id":2198,"href":"https:\/\/cinemahouse.cz\/index.php\/wp-json\/wp\/v2\/posts\/2195\/revisions\/2198"}],"wp:featuredmedia":[{"embeddable":true,"href":"https:\/\/cinemahouse.cz\/index.php\/wp-json\/wp\/v2\/media\/2196"}],"wp:attachment":[{"href":"https:\/\/cinemahouse.cz\/index.php\/wp-json\/wp\/v2\/media?parent=2195"}],"wp:term":[{"taxonomy":"category","embeddable":true,"href":"https:\/\/cinemahouse.cz\/index.php\/wp-json\/wp\/v2\/categories?post=2195"},{"taxonomy":"post_tag","embeddable":true,"href":"https:\/\/cinemahouse.cz\/index.php\/wp-json\/wp\/v2\/tags?post=2195"}],"curies":[{"name":"wp","href":"https:\/\/api.w.org\/{rel}","templated":true}]}}