{"id":2085,"date":"2020-08-26T21:47:28","date_gmt":"2020-08-26T19:47:28","guid":{"rendered":"https:\/\/cinemahouse.cz\/?p=2085"},"modified":"2020-08-26T21:47:29","modified_gmt":"2020-08-26T19:47:29","slug":"v-kine-imax-v-cinema-city-flora-se-konala-slavnostni-premiera-dlouho-ocekavaneho-snimku-tenet-od-christophera-nolana","status":"publish","type":"post","link":"https:\/\/cinemahouse.cz\/index.php\/2020\/08\/26\/v-kine-imax-v-cinema-city-flora-se-konala-slavnostni-premiera-dlouho-ocekavaneho-snimku-tenet-od-christophera-nolana\/","title":{"rendered":"V kin\u011b IMAX v Cinema City Flora se konala slavnostn\u00ed premi\u00e9ra dlouho o\u010dek\u00e1van\u00e9ho sn\u00edmku Tenet od Christophera Nolana"},"content":{"rendered":"\n<p><strong>Po del\u0161\u00ed dob\u011b se v IMAX v Cinema City Flora konala slavnostn\u00ed premi\u00e9ra dlouho o\u010dek\u00e1van\u00e9ho sn\u00edmku Tenet od Christophera Nolana, kterou si nenechala uj\u00edt spousta zn\u00e1m\u00fdch \u010desk\u00fdch celebrit a influencer\u016f. Na premi\u00e9\u0159e se objevila Vlastina Sv\u00e1tkov\u00e1, V\u00e1clav Neu\u017eil, Jakub Koh\u00e1k, Veronika Hejl\u00edkov\u00e1 a dorazila i Emma Smetana ruku v ruce se sv\u00fdm man\u017eelem.<\/strong><\/p>\n\n\n\n<figure class=\"wp-block-image size-large\"><img decoding=\"async\" loading=\"lazy\" width=\"1024\" height=\"683\" src=\"https:\/\/cinemahouse.cz\/wp-content\/uploads\/2020\/08\/jakub-koh\u00e1k-1024x683.jpg\" alt=\"\" class=\"wp-image-2089\" srcset=\"https:\/\/cinemahouse.cz\/wp-content\/uploads\/2020\/08\/jakub-koh\u00e1k-1024x683.jpg 1024w, https:\/\/cinemahouse.cz\/wp-content\/uploads\/2020\/08\/jakub-koh\u00e1k-300x200.jpg 300w, https:\/\/cinemahouse.cz\/wp-content\/uploads\/2020\/08\/jakub-koh\u00e1k-768x512.jpg 768w, https:\/\/cinemahouse.cz\/wp-content\/uploads\/2020\/08\/jakub-koh\u00e1k-1536x1024.jpg 1536w, https:\/\/cinemahouse.cz\/wp-content\/uploads\/2020\/08\/jakub-koh\u00e1k-2048x1365.jpg 2048w\" sizes=\"(max-width: 1024px) 100vw, 1024px\" \/><\/figure>\n\n\n\n<p>Mezi hosty byl i Karel Kov\u00e1\u0159 alias Kovy, kter\u00fd se minul\u00fd rok objevil v tane\u010dn\u00ed sout\u011b\u017ei<br>a v\u011bt\u0161ina lid\u00ed jej zn\u00e1 ze sv\u011bta internetu. S \u00fasm\u011bvem na tv\u00e1\u0159i a jako v\u017edy p\u0159ekypuj\u00edc\u00ed dobrou n\u00e1ladou se v kin\u011b uk\u00e1zal i Jakub Koh\u00e1k nebo n\u00e1\u0161 nejlep\u0161\u00ed a aktu\u00e1ln\u011b nejobsazovan\u011bj\u0161\u00ed dabingov\u00fd herec Michal Hol\u00e1n. Mezi hosty nechyb\u011bl mlad\u00fd herec V\u00e1clav \u0160anda, kter\u00e9ho div\u00e1ci znaj\u00ed nap\u0159\u00edklad jako \u0160t\u011bp\u00e1na z poh\u00e1dky Zde\u0148ka Tro\u0161ky \u010certova nev\u011bsta. <\/p>\n\n\n\n<figure class=\"wp-block-image size-large\"><img decoding=\"async\" loading=\"lazy\" width=\"1024\" height=\"683\" src=\"https:\/\/cinemahouse.cz\/wp-content\/uploads\/2020\/08\/v\u00e1clav-\u0160anda-1024x683.jpg\" alt=\"\" class=\"wp-image-2093\" srcset=\"https:\/\/cinemahouse.cz\/wp-content\/uploads\/2020\/08\/v\u00e1clav-\u0160anda-1024x683.jpg 1024w, https:\/\/cinemahouse.cz\/wp-content\/uploads\/2020\/08\/v\u00e1clav-\u0160anda-300x200.jpg 300w, https:\/\/cinemahouse.cz\/wp-content\/uploads\/2020\/08\/v\u00e1clav-\u0160anda-768x512.jpg 768w, https:\/\/cinemahouse.cz\/wp-content\/uploads\/2020\/08\/v\u00e1clav-\u0160anda-1536x1024.jpg 1536w\" sizes=\"(max-width: 1024px) 100vw, 1024px\" \/><\/figure>\n\n\n\n<p>\u201e<em>Jako filmov\u00fd nad\u0161enec, jsem se uveden\u00ed filmu Tenet u\u017e p\u00e1r dn\u00ed nemohl do\u010dkat, a tak jsem byl moc r\u00e1d, kdy\u017e m\u011b Cinema City pozvalo na slavnost\u00ed premi\u00e9ru, a je\u0161t\u011b k tomu do s\u00e1lu IMAX. Tenet je dokonal\u00e1 vizu\u00e1ln\u00ed pod\u00edvan\u00e1, kter\u00e1 nen\u00ed pouze letn\u00edm blockbusterem, ale sci-fi u kter\u00e9ho mus\u00edte dost p\u0159em\u00fd\u0161let, a to m\u011b bav\u00ed,<\/em> \u201d \u0159\u00edk\u00e1 Va\u0161ek. Jako dal\u0161\u00ed na seznamu host\u016f byla Denisa Pfauserov\u00e1 se sv\u00fdm novope\u010den\u00fdm snoubencem.<\/p>\n\n\n\n<figure class=\"wp-block-image size-large\"><img decoding=\"async\" loading=\"lazy\" width=\"1024\" height=\"683\" src=\"https:\/\/cinemahouse.cz\/wp-content\/uploads\/2020\/08\/karel-kov\u00e1\u0159_kovy-1024x683.jpg\" alt=\"\" class=\"wp-image-2091\" srcset=\"https:\/\/cinemahouse.cz\/wp-content\/uploads\/2020\/08\/karel-kov\u00e1\u0159_kovy-1024x683.jpg 1024w, https:\/\/cinemahouse.cz\/wp-content\/uploads\/2020\/08\/karel-kov\u00e1\u0159_kovy-300x200.jpg 300w, https:\/\/cinemahouse.cz\/wp-content\/uploads\/2020\/08\/karel-kov\u00e1\u0159_kovy-768x512.jpg 768w, https:\/\/cinemahouse.cz\/wp-content\/uploads\/2020\/08\/karel-kov\u00e1\u0159_kovy-1536x1024.jpg 1536w\" sizes=\"(max-width: 1024px) 100vw, 1024px\" \/><\/figure>\n\n\n\n<p>Na \u010derven\u00e9m koberci se po ned\u00e1vn\u00fdch spekulac\u00edch objevila s \u00fasm\u011bvem na tv\u00e1\u0159i i Emma Smetana bok po boku se sv\u00fdm man\u017eelem Jordanem Hajem, kter\u00e9ho div\u00e1ci ji\u017e brzy spat\u0159\u00ed na televizn\u00edch obrazovk\u00e1ch v p\u011bveck\u00e9 sout\u011b\u017ei.<\/p>\n\n\n\n<figure class=\"wp-block-image size-large\"><img decoding=\"async\" loading=\"lazy\" width=\"1024\" height=\"683\" src=\"https:\/\/cinemahouse.cz\/wp-content\/uploads\/2020\/08\/vlastina-sv\u00e1tkov\u00e1-1024x683.jpg\" alt=\"\" class=\"wp-image-2095\" srcset=\"https:\/\/cinemahouse.cz\/wp-content\/uploads\/2020\/08\/vlastina-sv\u00e1tkov\u00e1-1024x683.jpg 1024w, https:\/\/cinemahouse.cz\/wp-content\/uploads\/2020\/08\/vlastina-sv\u00e1tkov\u00e1-300x200.jpg 300w, https:\/\/cinemahouse.cz\/wp-content\/uploads\/2020\/08\/vlastina-sv\u00e1tkov\u00e1-768x512.jpg 768w, https:\/\/cinemahouse.cz\/wp-content\/uploads\/2020\/08\/vlastina-sv\u00e1tkov\u00e1-1536x1024.jpg 1536w, https:\/\/cinemahouse.cz\/wp-content\/uploads\/2020\/08\/vlastina-sv\u00e1tkov\u00e1-2048x1365.jpg 2048w\" sizes=\"(max-width: 1024px) 100vw, 1024px\" \/><\/figure>\n\n\n\n<p>Tenet, v re\u017eii Christophera Nolana, je jedn\u00edm z nejo\u010dek\u00e1van\u011bj\u0161\u00edch sn\u00edmk\u016f tohoto roku. Na sv\u00e9m re\u017eijn\u00edm kont\u011b m\u00e1 Nolan sv\u011btozn\u00e1m\u00e9 filmy jako Po\u010d\u00e1tek, Interstellar nebo batmanovskou trilogii. Nov\u00fd film nese op\u011bt velmi z\u0159eteln\u011b Nolan\u016fv typick\u00fd rukopis, kter\u00fd jeho skaln\u00ed fanou\u0161ci miluj\u00ed. Pohybuje se v \u010dasov\u00fdch smy\u010dk\u00e1ch<br>a snadno div\u00e1ka zmate b\u011bhem n\u011bkolika m\u00e1lo minut.<\/p>\n\n\n\n<figure class=\"wp-block-image size-large\"><img decoding=\"async\" loading=\"lazy\" width=\"1024\" height=\"683\" src=\"https:\/\/cinemahouse.cz\/wp-content\/uploads\/2020\/08\/emma-smetana-a-jordan-haj-2-1024x683.jpg\" alt=\"\" class=\"wp-image-2088\" srcset=\"https:\/\/cinemahouse.cz\/wp-content\/uploads\/2020\/08\/emma-smetana-a-jordan-haj-2-1024x683.jpg 1024w, https:\/\/cinemahouse.cz\/wp-content\/uploads\/2020\/08\/emma-smetana-a-jordan-haj-2-300x200.jpg 300w, https:\/\/cinemahouse.cz\/wp-content\/uploads\/2020\/08\/emma-smetana-a-jordan-haj-2-768x512.jpg 768w, https:\/\/cinemahouse.cz\/wp-content\/uploads\/2020\/08\/emma-smetana-a-jordan-haj-2-1536x1024.jpg 1536w, https:\/\/cinemahouse.cz\/wp-content\/uploads\/2020\/08\/emma-smetana-a-jordan-haj-2-2048x1365.jpg 2048w\" sizes=\"(max-width: 1024px) 100vw, 1024px\" \/><\/figure>\n\n\n\n<p>Film <strong>Tenet zhl\u00e9dnete v multiplexech Cinema City od 27. srpna<\/strong>, a to i ve speci\u00e1ln\u00edch form\u00e1tech IMAX, 4DX a VIP Chodov. <\/p>\n\n\n\n<p><strong>V\u00edce informac\u00ed o jednotliv\u00fdch projekc\u00edch a kinech naleznete na <a href=\"http:\/\/www.cinemacity.cz\/\">www.cinemacity.cz<\/a><\/strong>.<\/p>\n\n\n\n<div style=\"height:20px\" aria-hidden=\"true\" class=\"wp-block-spacer\"><\/div>\n\n\n\n<figure class=\"wp-block-gallery columns-3 is-cropped wp-block-gallery-1 is-layout-flex wp-block-gallery-is-layout-flex\"><ul class=\"blocks-gallery-grid\"><li class=\"blocks-gallery-item\"><figure><img decoding=\"async\" loading=\"lazy\" width=\"683\" height=\"1024\" src=\"https:\/\/cinemahouse.cz\/wp-content\/uploads\/2020\/08\/jakub-koh\u00e1k-2_-683x1024.jpg\" alt=\"\" data-id=\"2090\" data-full-url=\"https:\/\/cinemahouse.cz\/wp-content\/uploads\/2020\/08\/jakub-koh\u00e1k-2_-scaled.jpg\" data-link=\"https:\/\/cinemahouse.cz\/?attachment_id=2090\" class=\"wp-image-2090\" srcset=\"https:\/\/cinemahouse.cz\/wp-content\/uploads\/2020\/08\/jakub-koh\u00e1k-2_-683x1024.jpg 683w, https:\/\/cinemahouse.cz\/wp-content\/uploads\/2020\/08\/jakub-koh\u00e1k-2_-200x300.jpg 200w, https:\/\/cinemahouse.cz\/wp-content\/uploads\/2020\/08\/jakub-koh\u00e1k-2_-768x1151.jpg 768w, https:\/\/cinemahouse.cz\/wp-content\/uploads\/2020\/08\/jakub-koh\u00e1k-2_-scaled.jpg 1708w\" sizes=\"(max-width: 683px) 100vw, 683px\" \/><\/figure><\/li><li class=\"blocks-gallery-item\"><figure><img decoding=\"async\" loading=\"lazy\" width=\"1024\" height=\"683\" src=\"https:\/\/cinemahouse.cz\/wp-content\/uploads\/2020\/08\/jakub-koh\u00e1k-1024x683.jpg\" alt=\"\" data-id=\"2089\" data-full-url=\"https:\/\/cinemahouse.cz\/wp-content\/uploads\/2020\/08\/jakub-koh\u00e1k-scaled.jpg\" data-link=\"https:\/\/cinemahouse.cz\/?attachment_id=2089\" class=\"wp-image-2089\" srcset=\"https:\/\/cinemahouse.cz\/wp-content\/uploads\/2020\/08\/jakub-koh\u00e1k-1024x683.jpg 1024w, https:\/\/cinemahouse.cz\/wp-content\/uploads\/2020\/08\/jakub-koh\u00e1k-300x200.jpg 300w, https:\/\/cinemahouse.cz\/wp-content\/uploads\/2020\/08\/jakub-koh\u00e1k-768x512.jpg 768w, https:\/\/cinemahouse.cz\/wp-content\/uploads\/2020\/08\/jakub-koh\u00e1k-1536x1024.jpg 1536w, https:\/\/cinemahouse.cz\/wp-content\/uploads\/2020\/08\/jakub-koh\u00e1k-2048x1365.jpg 2048w\" sizes=\"(max-width: 1024px) 100vw, 1024px\" \/><\/figure><\/li><li class=\"blocks-gallery-item\"><figure><img decoding=\"async\" loading=\"lazy\" width=\"1024\" height=\"683\" src=\"https:\/\/cinemahouse.cz\/wp-content\/uploads\/2020\/08\/v\u00e1clav-\u0160anda-1024x683.jpg\" alt=\"\" data-id=\"2093\" data-full-url=\"https:\/\/cinemahouse.cz\/wp-content\/uploads\/2020\/08\/v\u00e1clav-\u0160anda-scaled.jpg\" data-link=\"https:\/\/cinemahouse.cz\/?attachment_id=2093\" class=\"wp-image-2093\" srcset=\"https:\/\/cinemahouse.cz\/wp-content\/uploads\/2020\/08\/v\u00e1clav-\u0160anda-1024x683.jpg 1024w, https:\/\/cinemahouse.cz\/wp-content\/uploads\/2020\/08\/v\u00e1clav-\u0160anda-300x200.jpg 300w, https:\/\/cinemahouse.cz\/wp-content\/uploads\/2020\/08\/v\u00e1clav-\u0160anda-768x512.jpg 768w, https:\/\/cinemahouse.cz\/wp-content\/uploads\/2020\/08\/v\u00e1clav-\u0160anda-1536x1024.jpg 1536w\" sizes=\"(max-width: 1024px) 100vw, 1024px\" \/><\/figure><\/li><li class=\"blocks-gallery-item\"><figure><img decoding=\"async\" loading=\"lazy\" width=\"683\" height=\"1024\" src=\"https:\/\/cinemahouse.cz\/wp-content\/uploads\/2020\/08\/v\u00e1clav-\u0160anda2-683x1024.jpg\" alt=\"\" data-id=\"2094\" data-full-url=\"https:\/\/cinemahouse.cz\/wp-content\/uploads\/2020\/08\/v\u00e1clav-\u0160anda2-scaled.jpg\" data-link=\"https:\/\/cinemahouse.cz\/?attachment_id=2094\" class=\"wp-image-2094\" srcset=\"https:\/\/cinemahouse.cz\/wp-content\/uploads\/2020\/08\/v\u00e1clav-\u0160anda2-683x1024.jpg 683w, https:\/\/cinemahouse.cz\/wp-content\/uploads\/2020\/08\/v\u00e1clav-\u0160anda2-200x300.jpg 200w, https:\/\/cinemahouse.cz\/wp-content\/uploads\/2020\/08\/v\u00e1clav-\u0160anda2-768x1151.jpg 768w, https:\/\/cinemahouse.cz\/wp-content\/uploads\/2020\/08\/v\u00e1clav-\u0160anda2-scaled.jpg 1709w\" sizes=\"(max-width: 683px) 100vw, 683px\" \/><\/figure><\/li><li class=\"blocks-gallery-item\"><figure><img decoding=\"async\" loading=\"lazy\" width=\"1024\" height=\"683\" src=\"https:\/\/cinemahouse.cz\/wp-content\/uploads\/2020\/08\/vlastina-sv\u00e1tkov\u00e1-1024x683.jpg\" alt=\"\" data-id=\"2095\" data-full-url=\"https:\/\/cinemahouse.cz\/wp-content\/uploads\/2020\/08\/vlastina-sv\u00e1tkov\u00e1-scaled.jpg\" data-link=\"https:\/\/cinemahouse.cz\/?attachment_id=2095\" class=\"wp-image-2095\" srcset=\"https:\/\/cinemahouse.cz\/wp-content\/uploads\/2020\/08\/vlastina-sv\u00e1tkov\u00e1-1024x683.jpg 1024w, https:\/\/cinemahouse.cz\/wp-content\/uploads\/2020\/08\/vlastina-sv\u00e1tkov\u00e1-300x200.jpg 300w, https:\/\/cinemahouse.cz\/wp-content\/uploads\/2020\/08\/vlastina-sv\u00e1tkov\u00e1-768x512.jpg 768w, https:\/\/cinemahouse.cz\/wp-content\/uploads\/2020\/08\/vlastina-sv\u00e1tkov\u00e1-1536x1024.jpg 1536w, https:\/\/cinemahouse.cz\/wp-content\/uploads\/2020\/08\/vlastina-sv\u00e1tkov\u00e1-2048x1365.jpg 2048w\" sizes=\"(max-width: 1024px) 100vw, 1024px\" \/><\/figure><\/li><li class=\"blocks-gallery-item\"><figure><img decoding=\"async\" loading=\"lazy\" width=\"683\" height=\"1024\" src=\"https:\/\/cinemahouse.cz\/wp-content\/uploads\/2020\/08\/v\u00e1clav-neu\u017eil-683x1024.jpg\" alt=\"\" data-id=\"2092\" data-full-url=\"https:\/\/cinemahouse.cz\/wp-content\/uploads\/2020\/08\/v\u00e1clav-neu\u017eil-scaled.jpg\" data-link=\"https:\/\/cinemahouse.cz\/?attachment_id=2092\" class=\"wp-image-2092\" srcset=\"https:\/\/cinemahouse.cz\/wp-content\/uploads\/2020\/08\/v\u00e1clav-neu\u017eil-683x1024.jpg 683w, https:\/\/cinemahouse.cz\/wp-content\/uploads\/2020\/08\/v\u00e1clav-neu\u017eil-200x300.jpg 200w, https:\/\/cinemahouse.cz\/wp-content\/uploads\/2020\/08\/v\u00e1clav-neu\u017eil-768x1152.jpg 768w, https:\/\/cinemahouse.cz\/wp-content\/uploads\/2020\/08\/v\u00e1clav-neu\u017eil-scaled.jpg 1707w\" sizes=\"(max-width: 683px) 100vw, 683px\" \/><\/figure><\/li><li class=\"blocks-gallery-item\"><figure><img decoding=\"async\" loading=\"lazy\" width=\"683\" height=\"1024\" src=\"https:\/\/cinemahouse.cz\/wp-content\/uploads\/2020\/08\/denisa-pfauserov\u00e1-683x1024.jpg\" alt=\"\" data-id=\"2086\" data-full-url=\"https:\/\/cinemahouse.cz\/wp-content\/uploads\/2020\/08\/denisa-pfauserov\u00e1-scaled.jpg\" data-link=\"https:\/\/cinemahouse.cz\/?attachment_id=2086\" class=\"wp-image-2086\" srcset=\"https:\/\/cinemahouse.cz\/wp-content\/uploads\/2020\/08\/denisa-pfauserov\u00e1-683x1024.jpg 683w, https:\/\/cinemahouse.cz\/wp-content\/uploads\/2020\/08\/denisa-pfauserov\u00e1-200x300.jpg 200w, https:\/\/cinemahouse.cz\/wp-content\/uploads\/2020\/08\/denisa-pfauserov\u00e1-768x1152.jpg 768w, https:\/\/cinemahouse.cz\/wp-content\/uploads\/2020\/08\/denisa-pfauserov\u00e1-scaled.jpg 1707w\" sizes=\"(max-width: 683px) 100vw, 683px\" \/><\/figure><\/li><li class=\"blocks-gallery-item\"><figure><img decoding=\"async\" loading=\"lazy\" width=\"682\" height=\"1024\" src=\"https:\/\/cinemahouse.cz\/wp-content\/uploads\/2020\/08\/emma-smetana-a-jordan-haj-682x1024.jpg\" alt=\"\" data-id=\"2087\" data-full-url=\"https:\/\/cinemahouse.cz\/wp-content\/uploads\/2020\/08\/emma-smetana-a-jordan-haj-scaled.jpg\" data-link=\"https:\/\/cinemahouse.cz\/?attachment_id=2087\" class=\"wp-image-2087\" srcset=\"https:\/\/cinemahouse.cz\/wp-content\/uploads\/2020\/08\/emma-smetana-a-jordan-haj-682x1024.jpg 682w, https:\/\/cinemahouse.cz\/wp-content\/uploads\/2020\/08\/emma-smetana-a-jordan-haj-200x300.jpg 200w, https:\/\/cinemahouse.cz\/wp-content\/uploads\/2020\/08\/emma-smetana-a-jordan-haj-768x1153.jpg 768w, https:\/\/cinemahouse.cz\/wp-content\/uploads\/2020\/08\/emma-smetana-a-jordan-haj-1023x1536.jpg 1023w, https:\/\/cinemahouse.cz\/wp-content\/uploads\/2020\/08\/emma-smetana-a-jordan-haj-1365x2048.jpg 1365w, https:\/\/cinemahouse.cz\/wp-content\/uploads\/2020\/08\/emma-smetana-a-jordan-haj-scaled.jpg 1706w\" sizes=\"(max-width: 682px) 100vw, 682px\" \/><\/figure><\/li><li class=\"blocks-gallery-item\"><figure><img decoding=\"async\" loading=\"lazy\" width=\"1024\" height=\"683\" src=\"https:\/\/cinemahouse.cz\/wp-content\/uploads\/2020\/08\/emma-smetana-a-jordan-haj-2-1024x683.jpg\" alt=\"\" data-id=\"2088\" data-full-url=\"https:\/\/cinemahouse.cz\/wp-content\/uploads\/2020\/08\/emma-smetana-a-jordan-haj-2-scaled.jpg\" data-link=\"https:\/\/cinemahouse.cz\/?attachment_id=2088\" class=\"wp-image-2088\" srcset=\"https:\/\/cinemahouse.cz\/wp-content\/uploads\/2020\/08\/emma-smetana-a-jordan-haj-2-1024x683.jpg 1024w, https:\/\/cinemahouse.cz\/wp-content\/uploads\/2020\/08\/emma-smetana-a-jordan-haj-2-300x200.jpg 300w, https:\/\/cinemahouse.cz\/wp-content\/uploads\/2020\/08\/emma-smetana-a-jordan-haj-2-768x512.jpg 768w, https:\/\/cinemahouse.cz\/wp-content\/uploads\/2020\/08\/emma-smetana-a-jordan-haj-2-1536x1024.jpg 1536w, https:\/\/cinemahouse.cz\/wp-content\/uploads\/2020\/08\/emma-smetana-a-jordan-haj-2-2048x1365.jpg 2048w\" sizes=\"(max-width: 1024px) 100vw, 1024px\" \/><\/figure><\/li><li class=\"blocks-gallery-item\"><figure><img decoding=\"async\" loading=\"lazy\" width=\"1024\" height=\"683\" src=\"https:\/\/cinemahouse.cz\/wp-content\/uploads\/2020\/08\/karel-kov\u00e1\u0159_kovy-1024x683.jpg\" alt=\"\" data-id=\"2091\" data-full-url=\"https:\/\/cinemahouse.cz\/wp-content\/uploads\/2020\/08\/karel-kov\u00e1\u0159_kovy-scaled.jpg\" data-link=\"https:\/\/cinemahouse.cz\/?attachment_id=2091\" class=\"wp-image-2091\" srcset=\"https:\/\/cinemahouse.cz\/wp-content\/uploads\/2020\/08\/karel-kov\u00e1\u0159_kovy-1024x683.jpg 1024w, https:\/\/cinemahouse.cz\/wp-content\/uploads\/2020\/08\/karel-kov\u00e1\u0159_kovy-300x200.jpg 300w, https:\/\/cinemahouse.cz\/wp-content\/uploads\/2020\/08\/karel-kov\u00e1\u0159_kovy-768x512.jpg 768w, https:\/\/cinemahouse.cz\/wp-content\/uploads\/2020\/08\/karel-kov\u00e1\u0159_kovy-1536x1024.jpg 1536w\" sizes=\"(max-width: 1024px) 100vw, 1024px\" \/><\/figure><\/li><\/ul><\/figure>\n\n\n\n<div style=\"height:20px\" aria-hidden=\"true\" class=\"wp-block-spacer\"><\/div>\n","protected":false},"excerpt":{"rendered":"<p>Po del\u0161\u00ed dob\u011b se v IMAX v Cinema City Flora konala slavnostn\u00ed premi\u00e9ra dlouho o\u010dek\u00e1van\u00e9ho sn\u00edmku Tenet od Christophera Nolana, kterou si nenechala uj\u00edt spousta zn\u00e1m\u00fdch \u010desk\u00fdch celebrit a influencer\u016f. Na premi\u00e9\u0159e se objevila&#46;&#46;&#46;<\/p>\n","protected":false},"author":3,"featured_media":2089,"comment_status":"closed","ping_status":"closed","sticky":false,"template":"","format":"standard","meta":{"_monsterinsights_skip_tracking":false,"_monsterinsights_sitenote_active":false,"_monsterinsights_sitenote_note":"","_monsterinsights_sitenote_category":0,"footnotes":""},"categories":[3,8,2],"tags":[],"yoast_head":"<!-- This site is optimized with the Yoast SEO plugin v21.4 - https:\/\/yoast.com\/wordpress\/plugins\/seo\/ -->\n<title>V kin\u011b IMAX v Cinema City Flora se konala slavnostn\u00ed premi\u00e9ra dlouho o\u010dek\u00e1van\u00e9ho sn\u00edmku Tenet od Christophera Nolana - CINEMAHOUSE.cz<\/title>\n<meta name=\"robots\" content=\"index, follow, max-snippet:-1, max-image-preview:large, max-video-preview:-1\" \/>\n<link rel=\"canonical\" href=\"https:\/\/cinemahouse.cz\/index.php\/2020\/08\/26\/v-kine-imax-v-cinema-city-flora-se-konala-slavnostni-premiera-dlouho-ocekavaneho-snimku-tenet-od-christophera-nolana\/\" \/>\n<meta property=\"og:locale\" content=\"cs_CZ\" \/>\n<meta property=\"og:type\" content=\"article\" \/>\n<meta property=\"og:title\" content=\"V kin\u011b IMAX v Cinema City Flora se konala slavnostn\u00ed premi\u00e9ra dlouho o\u010dek\u00e1van\u00e9ho sn\u00edmku Tenet od Christophera Nolana - CINEMAHOUSE.cz\" \/>\n<meta property=\"og:description\" content=\"Po del\u0161\u00ed dob\u011b se v IMAX v Cinema City Flora konala slavnostn\u00ed premi\u00e9ra dlouho o\u010dek\u00e1van\u00e9ho sn\u00edmku Tenet od Christophera Nolana, kterou si nenechala uj\u00edt spousta zn\u00e1m\u00fdch \u010desk\u00fdch celebrit a influencer\u016f. Na premi\u00e9\u0159e se objevila&#046;&#046;&#046;\" \/>\n<meta property=\"og:url\" content=\"https:\/\/cinemahouse.cz\/index.php\/2020\/08\/26\/v-kine-imax-v-cinema-city-flora-se-konala-slavnostni-premiera-dlouho-ocekavaneho-snimku-tenet-od-christophera-nolana\/\" \/>\n<meta property=\"og:site_name\" content=\"CINEMAHOUSE.cz\" \/>\n<meta property=\"article:published_time\" content=\"2020-08-26T19:47:28+00:00\" \/>\n<meta property=\"article:modified_time\" content=\"2020-08-26T19:47:29+00:00\" \/>\n<meta property=\"og:image\" content=\"https:\/\/cinemahouse.cz\/wp-content\/uploads\/2020\/08\/jakub-koh\u00e1k-scaled.jpg\" \/>\n\t<meta property=\"og:image:width\" content=\"2560\" \/>\n\t<meta property=\"og:image:height\" content=\"1706\" \/>\n\t<meta property=\"og:image:type\" content=\"image\/jpeg\" \/>\n<meta name=\"author\" content=\"Jolana Hol\u00e1\u0148ov\u00e1\" \/>\n<meta name=\"twitter:card\" content=\"summary_large_image\" \/>\n<meta name=\"twitter:label1\" content=\"Napsal(a)\" \/>\n\t<meta name=\"twitter:data1\" content=\"Jolana Hol\u00e1\u0148ov\u00e1\" \/>\n\t<meta name=\"twitter:label2\" content=\"Odhadovan\u00e1 doba \u010dten\u00ed\" \/>\n\t<meta name=\"twitter:data2\" content=\"2 minuty\" \/>\n<script type=\"application\/ld+json\" class=\"yoast-schema-graph\">{\"@context\":\"https:\/\/schema.org\",\"@graph\":[{\"@type\":\"Article\",\"@id\":\"https:\/\/cinemahouse.cz\/index.php\/2020\/08\/26\/v-kine-imax-v-cinema-city-flora-se-konala-slavnostni-premiera-dlouho-ocekavaneho-snimku-tenet-od-christophera-nolana\/#article\",\"isPartOf\":{\"@id\":\"https:\/\/cinemahouse.cz\/index.php\/2020\/08\/26\/v-kine-imax-v-cinema-city-flora-se-konala-slavnostni-premiera-dlouho-ocekavaneho-snimku-tenet-od-christophera-nolana\/\"},\"author\":{\"name\":\"Jolana Hol\u00e1\u0148ov\u00e1\",\"@id\":\"https:\/\/cinemahouse.cz\/#\/schema\/person\/1ddc0bd12b9f599dd69c434ae0096313\"},\"headline\":\"V kin\u011b IMAX v Cinema City Flora se konala slavnostn\u00ed premi\u00e9ra dlouho o\u010dek\u00e1van\u00e9ho sn\u00edmku Tenet od Christophera Nolana\",\"datePublished\":\"2020-08-26T19:47:28+00:00\",\"dateModified\":\"2020-08-26T19:47:29+00:00\",\"mainEntityOfPage\":{\"@id\":\"https:\/\/cinemahouse.cz\/index.php\/2020\/08\/26\/v-kine-imax-v-cinema-city-flora-se-konala-slavnostni-premiera-dlouho-ocekavaneho-snimku-tenet-od-christophera-nolana\/\"},\"wordCount\":439,\"publisher\":{\"@id\":\"https:\/\/cinemahouse.cz\/#organization\"},\"articleSection\":[\"FILMOV\u00c9 NOVINKY\",\"FOTOREPORTY\",\"NEWS\"],\"inLanguage\":\"cs\"},{\"@type\":\"WebPage\",\"@id\":\"https:\/\/cinemahouse.cz\/index.php\/2020\/08\/26\/v-kine-imax-v-cinema-city-flora-se-konala-slavnostni-premiera-dlouho-ocekavaneho-snimku-tenet-od-christophera-nolana\/\",\"url\":\"https:\/\/cinemahouse.cz\/index.php\/2020\/08\/26\/v-kine-imax-v-cinema-city-flora-se-konala-slavnostni-premiera-dlouho-ocekavaneho-snimku-tenet-od-christophera-nolana\/\",\"name\":\"V kin\u011b IMAX v Cinema City Flora se konala slavnostn\u00ed premi\u00e9ra dlouho o\u010dek\u00e1van\u00e9ho sn\u00edmku Tenet od Christophera Nolana - CINEMAHOUSE.cz\",\"isPartOf\":{\"@id\":\"https:\/\/cinemahouse.cz\/#website\"},\"datePublished\":\"2020-08-26T19:47:28+00:00\",\"dateModified\":\"2020-08-26T19:47:29+00:00\",\"breadcrumb\":{\"@id\":\"https:\/\/cinemahouse.cz\/index.php\/2020\/08\/26\/v-kine-imax-v-cinema-city-flora-se-konala-slavnostni-premiera-dlouho-ocekavaneho-snimku-tenet-od-christophera-nolana\/#breadcrumb\"},\"inLanguage\":\"cs\",\"potentialAction\":[{\"@type\":\"ReadAction\",\"target\":[\"https:\/\/cinemahouse.cz\/index.php\/2020\/08\/26\/v-kine-imax-v-cinema-city-flora-se-konala-slavnostni-premiera-dlouho-ocekavaneho-snimku-tenet-od-christophera-nolana\/\"]}]},{\"@type\":\"BreadcrumbList\",\"@id\":\"https:\/\/cinemahouse.cz\/index.php\/2020\/08\/26\/v-kine-imax-v-cinema-city-flora-se-konala-slavnostni-premiera-dlouho-ocekavaneho-snimku-tenet-od-christophera-nolana\/#breadcrumb\",\"itemListElement\":[{\"@type\":\"ListItem\",\"position\":1,\"name\":\"Dom\u016f\",\"item\":\"https:\/\/cinemahouse.cz\/\"},{\"@type\":\"ListItem\",\"position\":2,\"name\":\"V kin\u011b IMAX v Cinema City Flora se konala slavnostn\u00ed premi\u00e9ra dlouho o\u010dek\u00e1van\u00e9ho sn\u00edmku Tenet od Christophera Nolana\"}]},{\"@type\":\"WebSite\",\"@id\":\"https:\/\/cinemahouse.cz\/#website\",\"url\":\"https:\/\/cinemahouse.cz\/\",\"name\":\"CINEMAHOUSE.cz\",\"description\":\"Port\u00e1l o filmov\u00fdch novink\u00e1ch\",\"publisher\":{\"@id\":\"https:\/\/cinemahouse.cz\/#organization\"},\"potentialAction\":[{\"@type\":\"SearchAction\",\"target\":{\"@type\":\"EntryPoint\",\"urlTemplate\":\"https:\/\/cinemahouse.cz\/?s={search_term_string}\"},\"query-input\":\"required name=search_term_string\"}],\"inLanguage\":\"cs\"},{\"@type\":\"Organization\",\"@id\":\"https:\/\/cinemahouse.cz\/#organization\",\"name\":\"CINEMAHOUSE.cz\",\"url\":\"https:\/\/cinemahouse.cz\/\",\"logo\":{\"@type\":\"ImageObject\",\"inLanguage\":\"cs\",\"@id\":\"https:\/\/cinemahouse.cz\/#\/schema\/logo\/image\/\",\"url\":\"https:\/\/cinemahouse.cz\/wp-content\/uploads\/2024\/12\/cropped-Logo_CinemaHouse.jpg\",\"contentUrl\":\"https:\/\/cinemahouse.cz\/wp-content\/uploads\/2024\/12\/cropped-Logo_CinemaHouse.jpg\",\"width\":926,\"height\":467,\"caption\":\"CINEMAHOUSE.cz\"},\"image\":{\"@id\":\"https:\/\/cinemahouse.cz\/#\/schema\/logo\/image\/\"}},{\"@type\":\"Person\",\"@id\":\"https:\/\/cinemahouse.cz\/#\/schema\/person\/1ddc0bd12b9f599dd69c434ae0096313\",\"name\":\"Jolana Hol\u00e1\u0148ov\u00e1\",\"image\":{\"@type\":\"ImageObject\",\"inLanguage\":\"cs\",\"@id\":\"https:\/\/cinemahouse.cz\/#\/schema\/person\/image\/\",\"url\":\"https:\/\/secure.gravatar.com\/avatar\/5863c504ed89cd419ff3a5e812c722ff?s=96&d=mm&r=g\",\"contentUrl\":\"https:\/\/secure.gravatar.com\/avatar\/5863c504ed89cd419ff3a5e812c722ff?s=96&d=mm&r=g\",\"caption\":\"Jolana Hol\u00e1\u0148ov\u00e1\"},\"sameAs\":[\"http:\/\/wwww.cinemahouse.cz\"],\"url\":\"https:\/\/cinemahouse.cz\/index.php\/author\/jolhol\/\"}]}<\/script>\n<!-- \/ Yoast SEO plugin. -->","yoast_head_json":{"title":"V kin\u011b IMAX v Cinema City Flora se konala slavnostn\u00ed premi\u00e9ra dlouho o\u010dek\u00e1van\u00e9ho sn\u00edmku Tenet od Christophera Nolana - CINEMAHOUSE.cz","robots":{"index":"index","follow":"follow","max-snippet":"max-snippet:-1","max-image-preview":"max-image-preview:large","max-video-preview":"max-video-preview:-1"},"canonical":"https:\/\/cinemahouse.cz\/index.php\/2020\/08\/26\/v-kine-imax-v-cinema-city-flora-se-konala-slavnostni-premiera-dlouho-ocekavaneho-snimku-tenet-od-christophera-nolana\/","og_locale":"cs_CZ","og_type":"article","og_title":"V kin\u011b IMAX v Cinema City Flora se konala slavnostn\u00ed premi\u00e9ra dlouho o\u010dek\u00e1van\u00e9ho sn\u00edmku Tenet od Christophera Nolana - CINEMAHOUSE.cz","og_description":"Po del\u0161\u00ed dob\u011b se v IMAX v Cinema City Flora konala slavnostn\u00ed premi\u00e9ra dlouho o\u010dek\u00e1van\u00e9ho sn\u00edmku Tenet od Christophera Nolana, kterou si nenechala uj\u00edt spousta zn\u00e1m\u00fdch \u010desk\u00fdch celebrit a influencer\u016f. Na premi\u00e9\u0159e se objevila&#46;&#46;&#46;","og_url":"https:\/\/cinemahouse.cz\/index.php\/2020\/08\/26\/v-kine-imax-v-cinema-city-flora-se-konala-slavnostni-premiera-dlouho-ocekavaneho-snimku-tenet-od-christophera-nolana\/","og_site_name":"CINEMAHOUSE.cz","article_published_time":"2020-08-26T19:47:28+00:00","article_modified_time":"2020-08-26T19:47:29+00:00","og_image":[{"width":2560,"height":1706,"url":"https:\/\/cinemahouse.cz\/wp-content\/uploads\/2020\/08\/jakub-koh\u00e1k-scaled.jpg","type":"image\/jpeg"}],"author":"Jolana Hol\u00e1\u0148ov\u00e1","twitter_card":"summary_large_image","twitter_misc":{"Napsal(a)":"Jolana Hol\u00e1\u0148ov\u00e1","Odhadovan\u00e1 doba \u010dten\u00ed":"2 minuty"},"schema":{"@context":"https:\/\/schema.org","@graph":[{"@type":"Article","@id":"https:\/\/cinemahouse.cz\/index.php\/2020\/08\/26\/v-kine-imax-v-cinema-city-flora-se-konala-slavnostni-premiera-dlouho-ocekavaneho-snimku-tenet-od-christophera-nolana\/#article","isPartOf":{"@id":"https:\/\/cinemahouse.cz\/index.php\/2020\/08\/26\/v-kine-imax-v-cinema-city-flora-se-konala-slavnostni-premiera-dlouho-ocekavaneho-snimku-tenet-od-christophera-nolana\/"},"author":{"name":"Jolana Hol\u00e1\u0148ov\u00e1","@id":"https:\/\/cinemahouse.cz\/#\/schema\/person\/1ddc0bd12b9f599dd69c434ae0096313"},"headline":"V kin\u011b IMAX v Cinema City Flora se konala slavnostn\u00ed premi\u00e9ra dlouho o\u010dek\u00e1van\u00e9ho sn\u00edmku Tenet od Christophera Nolana","datePublished":"2020-08-26T19:47:28+00:00","dateModified":"2020-08-26T19:47:29+00:00","mainEntityOfPage":{"@id":"https:\/\/cinemahouse.cz\/index.php\/2020\/08\/26\/v-kine-imax-v-cinema-city-flora-se-konala-slavnostni-premiera-dlouho-ocekavaneho-snimku-tenet-od-christophera-nolana\/"},"wordCount":439,"publisher":{"@id":"https:\/\/cinemahouse.cz\/#organization"},"articleSection":["FILMOV\u00c9 NOVINKY","FOTOREPORTY","NEWS"],"inLanguage":"cs"},{"@type":"WebPage","@id":"https:\/\/cinemahouse.cz\/index.php\/2020\/08\/26\/v-kine-imax-v-cinema-city-flora-se-konala-slavnostni-premiera-dlouho-ocekavaneho-snimku-tenet-od-christophera-nolana\/","url":"https:\/\/cinemahouse.cz\/index.php\/2020\/08\/26\/v-kine-imax-v-cinema-city-flora-se-konala-slavnostni-premiera-dlouho-ocekavaneho-snimku-tenet-od-christophera-nolana\/","name":"V kin\u011b IMAX v Cinema City Flora se konala slavnostn\u00ed premi\u00e9ra dlouho o\u010dek\u00e1van\u00e9ho sn\u00edmku Tenet od Christophera Nolana - CINEMAHOUSE.cz","isPartOf":{"@id":"https:\/\/cinemahouse.cz\/#website"},"datePublished":"2020-08-26T19:47:28+00:00","dateModified":"2020-08-26T19:47:29+00:00","breadcrumb":{"@id":"https:\/\/cinemahouse.cz\/index.php\/2020\/08\/26\/v-kine-imax-v-cinema-city-flora-se-konala-slavnostni-premiera-dlouho-ocekavaneho-snimku-tenet-od-christophera-nolana\/#breadcrumb"},"inLanguage":"cs","potentialAction":[{"@type":"ReadAction","target":["https:\/\/cinemahouse.cz\/index.php\/2020\/08\/26\/v-kine-imax-v-cinema-city-flora-se-konala-slavnostni-premiera-dlouho-ocekavaneho-snimku-tenet-od-christophera-nolana\/"]}]},{"@type":"BreadcrumbList","@id":"https:\/\/cinemahouse.cz\/index.php\/2020\/08\/26\/v-kine-imax-v-cinema-city-flora-se-konala-slavnostni-premiera-dlouho-ocekavaneho-snimku-tenet-od-christophera-nolana\/#breadcrumb","itemListElement":[{"@type":"ListItem","position":1,"name":"Dom\u016f","item":"https:\/\/cinemahouse.cz\/"},{"@type":"ListItem","position":2,"name":"V kin\u011b IMAX v Cinema City Flora se konala slavnostn\u00ed premi\u00e9ra dlouho o\u010dek\u00e1van\u00e9ho sn\u00edmku Tenet od Christophera Nolana"}]},{"@type":"WebSite","@id":"https:\/\/cinemahouse.cz\/#website","url":"https:\/\/cinemahouse.cz\/","name":"CINEMAHOUSE.cz","description":"Port\u00e1l o filmov\u00fdch novink\u00e1ch","publisher":{"@id":"https:\/\/cinemahouse.cz\/#organization"},"potentialAction":[{"@type":"SearchAction","target":{"@type":"EntryPoint","urlTemplate":"https:\/\/cinemahouse.cz\/?s={search_term_string}"},"query-input":"required name=search_term_string"}],"inLanguage":"cs"},{"@type":"Organization","@id":"https:\/\/cinemahouse.cz\/#organization","name":"CINEMAHOUSE.cz","url":"https:\/\/cinemahouse.cz\/","logo":{"@type":"ImageObject","inLanguage":"cs","@id":"https:\/\/cinemahouse.cz\/#\/schema\/logo\/image\/","url":"https:\/\/cinemahouse.cz\/wp-content\/uploads\/2024\/12\/cropped-Logo_CinemaHouse.jpg","contentUrl":"https:\/\/cinemahouse.cz\/wp-content\/uploads\/2024\/12\/cropped-Logo_CinemaHouse.jpg","width":926,"height":467,"caption":"CINEMAHOUSE.cz"},"image":{"@id":"https:\/\/cinemahouse.cz\/#\/schema\/logo\/image\/"}},{"@type":"Person","@id":"https:\/\/cinemahouse.cz\/#\/schema\/person\/1ddc0bd12b9f599dd69c434ae0096313","name":"Jolana Hol\u00e1\u0148ov\u00e1","image":{"@type":"ImageObject","inLanguage":"cs","@id":"https:\/\/cinemahouse.cz\/#\/schema\/person\/image\/","url":"https:\/\/secure.gravatar.com\/avatar\/5863c504ed89cd419ff3a5e812c722ff?s=96&d=mm&r=g","contentUrl":"https:\/\/secure.gravatar.com\/avatar\/5863c504ed89cd419ff3a5e812c722ff?s=96&d=mm&r=g","caption":"Jolana Hol\u00e1\u0148ov\u00e1"},"sameAs":["http:\/\/wwww.cinemahouse.cz"],"url":"https:\/\/cinemahouse.cz\/index.php\/author\/jolhol\/"}]}},"_links":{"self":[{"href":"https:\/\/cinemahouse.cz\/index.php\/wp-json\/wp\/v2\/posts\/2085"}],"collection":[{"href":"https:\/\/cinemahouse.cz\/index.php\/wp-json\/wp\/v2\/posts"}],"about":[{"href":"https:\/\/cinemahouse.cz\/index.php\/wp-json\/wp\/v2\/types\/post"}],"author":[{"embeddable":true,"href":"https:\/\/cinemahouse.cz\/index.php\/wp-json\/wp\/v2\/users\/3"}],"replies":[{"embeddable":true,"href":"https:\/\/cinemahouse.cz\/index.php\/wp-json\/wp\/v2\/comments?post=2085"}],"version-history":[{"count":1,"href":"https:\/\/cinemahouse.cz\/index.php\/wp-json\/wp\/v2\/posts\/2085\/revisions"}],"predecessor-version":[{"id":2096,"href":"https:\/\/cinemahouse.cz\/index.php\/wp-json\/wp\/v2\/posts\/2085\/revisions\/2096"}],"wp:featuredmedia":[{"embeddable":true,"href":"https:\/\/cinemahouse.cz\/index.php\/wp-json\/wp\/v2\/media\/2089"}],"wp:attachment":[{"href":"https:\/\/cinemahouse.cz\/index.php\/wp-json\/wp\/v2\/media?parent=2085"}],"wp:term":[{"taxonomy":"category","embeddable":true,"href":"https:\/\/cinemahouse.cz\/index.php\/wp-json\/wp\/v2\/categories?post=2085"},{"taxonomy":"post_tag","embeddable":true,"href":"https:\/\/cinemahouse.cz\/index.php\/wp-json\/wp\/v2\/tags?post=2085"}],"curies":[{"name":"wp","href":"https:\/\/api.w.org\/{rel}","templated":true}]}}