{"id":1483,"date":"2020-02-07T14:50:58","date_gmt":"2020-02-07T13:50:58","guid":{"rendered":"http:\/\/cinemahouse.cz\/?p=1483"},"modified":"2020-02-07T14:51:00","modified_gmt":"2020-02-07T13:51:00","slug":"festival-la-pelicula-od-18-unora-predstavi-sirokou-skalu-spanelske-filmove-produkce","status":"publish","type":"post","link":"https:\/\/cinemahouse.cz\/index.php\/2020\/02\/07\/festival-la-pelicula-od-18-unora-predstavi-sirokou-skalu-spanelske-filmove-produkce\/","title":{"rendered":"Festival La Pel\u00edcula od 18. \u00fanora p\u0159edstav\u00ed \u0161irokou \u0161k\u00e1lu \u0161pan\u011blsk\u00e9 filmov\u00e9 produkce"},"content":{"rendered":"\n<figure class=\"wp-block-image\"><img decoding=\"async\" loading=\"lazy\" width=\"1024\" height=\"576\" src=\"http:\/\/cinemahouse.cz\/wp-content\/uploads\/2020\/02\/maxresdefault-1024x576.jpg\" alt=\"\" class=\"wp-image-1488\" srcset=\"https:\/\/cinemahouse.cz\/wp-content\/uploads\/2020\/02\/maxresdefault-1024x576.jpg 1024w, https:\/\/cinemahouse.cz\/wp-content\/uploads\/2020\/02\/maxresdefault-300x169.jpg 300w, https:\/\/cinemahouse.cz\/wp-content\/uploads\/2020\/02\/maxresdefault-768x432.jpg 768w, https:\/\/cinemahouse.cz\/wp-content\/uploads\/2020\/02\/maxresdefault.jpg 1280w\" sizes=\"(max-width: 1024px) 100vw, 1024px\" \/><\/figure>\n\n\n\n<p><strong>Za necel\u00e9 dva t\u00fddny si d\u00edky festivalu La Pel\u00edcula mohou filmov\u00ed p\u0159\u00edznivci v Praze, Brn\u011b, Ostrav\u011b a Hradci Kr\u00e1lov\u00e9 op\u011bt p\u0159ibl\u00ed\u017eit pestrobarevn\u00fd a mnohotv\u00e1rn\u00fd sv\u011bt, kter\u00fd p\u0159edstavuje \u0161pan\u011blsk\u00e1 filmov\u00e1 tvorba i filmy autor\u016f z dal\u0161\u00edch zem\u00ed, kde je \u0161pan\u011bl\u0161tina spole\u010dn\u00fdm jazykem. Zah\u00e1jen\u00ed festivalu bude 18. \u00fanora v pra\u017esk\u00e9m Sv\u011btozoru pat\u0159it psychologick\u00e9mu dramatu Matka (Madre) re\u017eis\u00e9ra Rodriga Sorogoyena. Spole\u010dn\u011b s p\u0159edstavitelkou hlavn\u00ed role Martou Nieto budou prvn\u00edmi leto\u0161n\u00edmi festivalov\u00fdmi hosty. <\/strong><\/p>\n\n\n\n<figure class=\"wp-block-image\"><img decoding=\"async\" loading=\"lazy\" width=\"800\" height=\"335\" src=\"http:\/\/cinemahouse.cz\/wp-content\/uploads\/2020\/02\/Bunuel_inthe_labyrinth_ofthe_turtles_PROMO_03_m.jpg\" alt=\"\" class=\"wp-image-1484\" srcset=\"https:\/\/cinemahouse.cz\/wp-content\/uploads\/2020\/02\/Bunuel_inthe_labyrinth_ofthe_turtles_PROMO_03_m.jpg 800w, https:\/\/cinemahouse.cz\/wp-content\/uploads\/2020\/02\/Bunuel_inthe_labyrinth_ofthe_turtles_PROMO_03_m-300x126.jpg 300w, https:\/\/cinemahouse.cz\/wp-content\/uploads\/2020\/02\/Bunuel_inthe_labyrinth_ofthe_turtles_PROMO_03_m-768x322.jpg 768w\" sizes=\"(max-width: 800px) 100vw, 800px\" \/><\/figure>\n\n\n\n<p>Festival n\u00e1sledn\u011b bude a\u017e do 27. \u00fanora p\u0159edstavovat v pe\u010dliv\u00e9 a n\u00e1padit\u00e9 dramaturgii to nejaktu\u00e1ln\u011bj\u0161\u00ed ze sou\u010dasn\u00e9ho \u0161pan\u011blsk\u00e9ho filmu. Nab\u00eddne nap\u0159\u00edklad sedmi cenami Goya \u010derstv\u011b ov\u011bn\u010den\u00fd film Pedra Almod\u00f3vara <em>Bolest a sl\u00e1va(Dolor y gloria) <\/em>nebo celove\u010dern\u00ed debut talentovan\u00e9ho Aritze Morena <em>V\u00fdhody cestov\u00e1n\u00ed vlakem (Ventajas para viajar en <\/em>tren). V\u00fdjime\u010dn\u00fd z\u00e1\u017eitek slibuje origin\u00e1ln\u00ed \u010d\u00e1ste\u010dn\u011b animovan\u00fd dokument <em>Bu?uel v \u017eelv\u00edm labyrintu (Bu?uel en el laberinto de las tortugas)<\/em>.  Letos poprv\u00e9 se bude La Pel\u00edcula v\u011bnovat nez\u00e1visl\u00e9mu \u0161pan\u011blsk\u00e9mu filmu &#8211; re\u017eis\u00e9rka M?nica Rovira osobn\u011b uvede sv\u016fj experiment\u00e1ln\u00ed film pln\u00fd abstraktn\u00edch obraz\u016f a emoc\u00ed <em>Vid\u011bt \u017eenu (Ver a una mujer)<\/em>. Tradi\u010dn\u011b zv\u00eddav\u00fd a intenzivn\u00ed je pohled festivalu na latinskoamerickou filmovou sc\u00e9nu. Letos zve nap\u0159\u00edklad na dva filmy uzn\u00e1van\u00e9ho guatemalsk\u00e9ho re\u017eis\u00e9ra Jayra Bustamenteho. <em>Chv\u011bn\u00ed (Temblores)<\/em> i <em>Ixcanul<\/em> uvede n\u00e1sledn\u011b do na\u0161\u00ed distribuce spole\u010dnost Artcam Films. La Pel\u00edcula tak\u00e9 nab\u00eddne dva neot\u0159el\u00e9 vhledy do spletit\u00e9 historie Kuby. Do Prahy zav\u00edt\u00e1 Haliam P\u00e9rez, autor jednoho z t\u011bchto film\u016f, nazvan\u00e9ho podle tituln\u00ed hrdinky <em>Marina<\/em>. Re\u017eis\u00e9r osobn\u00ed zpov\u011bdi o rozd\u011blen\u00e9 rodin\u011b bude dal\u0161\u00edm z\u00a0festivalov\u00fdch host\u016f.<\/p>\n\n\n\n<figure class=\"wp-block-image\"><img decoding=\"async\" loading=\"lazy\" width=\"1024\" height=\"682\" src=\"http:\/\/cinemahouse.cz\/wp-content\/uploads\/2020\/02\/CHVENI_-HLAVNI_5R6A3099_m-1024x682.jpg\" alt=\"\" class=\"wp-image-1485\" srcset=\"https:\/\/cinemahouse.cz\/wp-content\/uploads\/2020\/02\/CHVENI_-HLAVNI_5R6A3099_m-1024x682.jpg 1024w, https:\/\/cinemahouse.cz\/wp-content\/uploads\/2020\/02\/CHVENI_-HLAVNI_5R6A3099_m-300x200.jpg 300w, https:\/\/cinemahouse.cz\/wp-content\/uploads\/2020\/02\/CHVENI_-HLAVNI_5R6A3099_m-768x512.jpg 768w, https:\/\/cinemahouse.cz\/wp-content\/uploads\/2020\/02\/CHVENI_-HLAVNI_5R6A3099_m.jpg 1732w\" sizes=\"(max-width: 1024px) 100vw, 1024px\" \/><\/figure>\n\n\n\n<p><strong>Pra\u017esk\u00e9 kino Sv\u011btozor bude pat\u0159it festivalu La Pel\u00edcula od 18. do 23. \u00fanora 2020, \u0161pan\u011bl\u0161tina n\u00e1sledn\u011b zazn\u00ed od 24. do 26. \u00fanora tak\u00e9 v brn\u011bnsk\u00e9m kin\u011b Scala a od 25. do 27. \u00fanora v\u00a0ostravsk\u00e9m Kin\u011b Art. 26. a 27. \u00fanora si filmy nejen z\u00a0Pyrenejsk\u00e9ho poloostrova budou moci vychutnat div\u00e1ci v Biu Central v Hradci Kr\u00e1lov\u00e9. Festival po\u0159\u00e1daj\u00ed Velvyslanectv\u00ed \u0160pan\u011blska v Praze, Instituto Cervantes a kino Sv\u011btozor. Kompletn\u00ed program je k\u00a0dispozici na <a href=\"http:\/\/www.lapelicula.cz\/\">www.lapelicula.cz<\/a>. <\/strong><\/p>\n\n\n\n<figure class=\"wp-block-embed-youtube wp-block-embed is-type-video is-provider-youtube wp-embed-aspect-16-9 wp-has-aspect-ratio\"><div class=\"wp-block-embed__wrapper\">\n<div class=\"video-container\"><iframe loading=\"lazy\" width=\"500\" height=\"281\" src=\"https:\/\/www.youtube.com\/embed\/0QZfeVh1CaU?start=9&#038;feature=oembed&#038;wmode=opaque\" frameborder=\"0\" allow=\"accelerometer; autoplay; encrypted-media; gyroscope; picture-in-picture\" allowfullscreen><\/iframe><\/div>\n<\/div><\/figure>\n\n\n\n<p><strong>Vstupenky jsou ji\u017e v\u00a0p\u0159edprodeji.<\/strong><\/p>\n\n\n\n<p>Sekce <strong>SOU\u010cASN\u00dd \u0160PAN\u011aLSK\u00dd FILM \/ CINE ESPA?OL CONTEMPOR\u00c1NEO<\/strong> p\u0159in\u00e1\u0161\u00ed psychologick\u00e1 dramata a siln\u00e9 p\u0159\u00edb\u011bhy, jako jsou ji\u017e zm\u00edn\u011bn\u00e1 <em>Matka (Madre)<\/em> re\u017eis\u00e9ra Rodriga Sorogoyena nebo <em>Bolest a sl\u00e1va (Dolor y gloria)<\/em> Pedra Almod\u00f3vara, ale tak\u00e9 bl\u00e1zniv\u00e9 komedie zvan\u00e9 espa?olada. P\u0159edstaviteli specifick\u00e9ho a nep\u0159enositeln\u00e9ho \u0161pan\u011blsk\u00e9ho humoru jsou letos filmy <em>Abrakadabra (Abracadabra)<\/em> Pabla Bergera a <em>Ne\u017e to sho\u0159\u00ed (Antes de la quema) <\/em>nestora pyrenejsk\u00e9 kinematografie Fernanda Coloma. Druh\u00fd z\u00a0film\u016f byl nato\u010den b\u011bhem masopustn\u00edho karnevalu v C\u00e1dizu. \u00dasp\u011b\u0161n\u00fd debut talentovan\u00e9ho Aritze Morena <em>V\u00fdhody cestov\u00e1n\u00ed vlakem (Ventajas para viajar en tren)<\/em> p\u0159edstavuje sou\u010dasnou tragikomickou a\u017e absurdn\u00ed linii \u0161pan\u011blsk\u00e9 filmov\u00e9 produkce.<em>Bu?uel v \u017eelv\u00edm labyrintu (Bu?uel en el laberinto de las tortugas)<\/em> re\u017eis\u00e9ra Salvadora Sim\u00f3a je origin\u00e1ln\u00ed animovan\u00fd dokument, kter\u00fd rekonstruuje nat\u00e1\u010den\u00ed Bu?uelova filmu <em>Zem\u011b bez chleba<\/em> (1933). Sn\u00edmek kombinuje animaci s re\u00e1ln\u00fdmi z\u00e1b\u011bry.  Zaujme jist\u011b i sv\u011b\u017e\u00ed filmov\u00fd experiment <em>Dopisy pro Paula Morrisseye (Letters to Paul Morrissey)<\/em> Armanda Roviry \u010di psychologick\u00e1 studie o du\u0161i dosp\u00edvaj\u00edc\u00edch ve filmu <em>Dvakr\u00e1t tolik a patn\u00e1ct navrch (El doble m\u00e1s quince)<\/em> re\u017eis\u00e9ra Mikela Ruedy. \u017d\u00e1nr krimin\u00e1ln\u00edho thrilleru reprezentuje na leto\u0161n\u00ed La Pel\u00edcule <em>70 binl\u00e1din\u016f (70 binladens)<\/em> baskick\u00e9ho re\u017eis\u00e9ra Kolda Serry. Postupy dokumentu a hran\u00e9ho filmu propojil ve sv\u00e9m posledn\u00edm d\u00edle <em>Mezi dv\u011bma vodami (Entre dos aguas)<\/em> jeden z\u00a0nejpozoruhodn\u011bj\u0161\u00edch sou\u010dasn\u00fdch \u0161pan\u011blsk\u00fdch re\u017eis\u00e9r\u016f, Isaki Lacuesta.<\/p>\n\n\n\n<figure class=\"wp-block-image\"><img decoding=\"async\" loading=\"lazy\" width=\"1024\" height=\"682\" src=\"http:\/\/cinemahouse.cz\/wp-content\/uploads\/2020\/02\/13-m-1024x682.jpg\" alt=\"\" class=\"wp-image-1487\" srcset=\"https:\/\/cinemahouse.cz\/wp-content\/uploads\/2020\/02\/13-m-1024x682.jpg 1024w, https:\/\/cinemahouse.cz\/wp-content\/uploads\/2020\/02\/13-m-300x200.jpg 300w, https:\/\/cinemahouse.cz\/wp-content\/uploads\/2020\/02\/13-m-768x512.jpg 768w, https:\/\/cinemahouse.cz\/wp-content\/uploads\/2020\/02\/13-m.jpg 1732w\" sizes=\"(max-width: 1024px) 100vw, 1024px\" \/><\/figure>\n\n\n\n<p>Sekce <strong>SOU\u010cASN\u00dd \u0160PAN\u011aLSK\u00dd FILM \/ CINE ESPA?OL CONTEMPOR\u00c1NEO<\/strong> p\u0159in\u00e1\u0161\u00ed psychologick\u00e1 dramata a siln\u00e9 p\u0159\u00edb\u011bhy, jako jsou ji\u017e zm\u00edn\u011bn\u00e1 <em>Matka (Madre)<\/em> re\u017eis\u00e9ra Rodriga Sorogoyena nebo <em>Bolest a sl\u00e1va (Dolor y gloria)<\/em> Pedra Almod\u00f3vara, ale tak\u00e9 bl\u00e1zniv\u00e9 komedie zvan\u00e9 espa?olada. P\u0159edstaviteli specifick\u00e9ho a nep\u0159enositeln\u00e9ho \u0161pan\u011blsk\u00e9ho humoru jsou letos filmy <em>Abrakadabra (Abracadabra)<\/em> Pabla Bergera a <em>Ne\u017e to sho\u0159\u00ed (Antes de la quema) <\/em>nestora pyrenejsk\u00e9 kinematografie Fernanda Coloma. Druh\u00fd z\u00a0film\u016f byl nato\u010den b\u011bhem masopustn\u00edho karnevalu v C\u00e1dizu. \u00dasp\u011b\u0161n\u00fd debut talentovan\u00e9ho Aritze Morena <em>V\u00fdhody cestov\u00e1n\u00ed vlakem (Ventajas para viajar en tren)<\/em> p\u0159edstavuje sou\u010dasnou tragikomickou a\u017e absurdn\u00ed linii \u0161pan\u011blsk\u00e9 filmov\u00e9 produkce.<em>Bu?uel v \u017eelv\u00edm labyrintu (Bu?uel en el laberinto de las tortugas)<\/em> re\u017eis\u00e9ra Salvadora Sim\u00f3a je origin\u00e1ln\u00ed animovan\u00fd dokument, kter\u00fd rekonstruuje nat\u00e1\u010den\u00ed Bu?uelova filmu <em>Zem\u011b bez chleba<\/em> (1933). Sn\u00edmek kombinuje animaci s re\u00e1ln\u00fdmi z\u00e1b\u011bry.  Zaujme jist\u011b i sv\u011b\u017e\u00ed filmov\u00fd experiment <em>Dopisy pro Paula Morrisseye (Letters to Paul Morrissey)<\/em> Armanda Roviry \u010di psychologick\u00e1 studie o du\u0161i dosp\u00edvaj\u00edc\u00edch ve filmu <em>Dvakr\u00e1t tolik a patn\u00e1ct navrch (El doble m\u00e1s quince)<\/em> re\u017eis\u00e9ra Mikela Ruedy. \u017d\u00e1nr krimin\u00e1ln\u00edho thrilleru reprezentuje na leto\u0161n\u00ed La Pel\u00edcule <em>70 binl\u00e1din\u016f (70 binladens)<\/em> baskick\u00e9ho re\u017eis\u00e9ra Kolda Serry. Postupy dokumentu a hran\u00e9ho filmu propojil ve sv\u00e9m posledn\u00edm d\u00edle <em>Mezi dv\u011bma vodami (Entre dos aguas)<\/em> jeden z\u00a0nejpozoruhodn\u011bj\u0161\u00edch sou\u010dasn\u00fdch \u0161pan\u011blsk\u00fdch re\u017eis\u00e9r\u016f, Isaki Lacuesta.<\/p>\n\n\n\n<p><strong>\u0160PAN\u011aLSK\u00dd NEZ\u00c1VISL\u00dd FILM ANEB MODERN\u00cd CINEFILIE \/ CINE ESPA?OL INDEPENDIENTE O NUEVAS CINEFILIAS <\/strong>je sekce pro filmov\u00e9 nad\u0161ence, kte\u0159\u00ed zrovna neholduj\u00ed \u017e\u00e1nru espa?olada \u010di mainstreamov\u00e9 klasice. Jist\u011b je pot\u011b\u0161\u00ed blok \u010dty\u0159 film\u016f nab\u00edzej\u00edc\u00ed na festivalu poprv\u00e9 exkurzi do sv\u011bta nez\u00e1visl\u00fdch filma\u0159\u016f s ko\u0159eny v r\u016fzn\u00fdch \u010d\u00e1stech \u0160pan\u011blska. Vedle mo\u017enosti setkat se s netypick\u00fdm d\u00edlem<em> Vid\u011bt \u017eenu (Ver a una mujer)<\/em> i jeho autorkou, katal\u00e1nskou um\u011blkyn\u00ed <strong>M?nicou Rovirou<\/strong>, m\u016f\u017ee zaujmout <em>Divok\u00e9 obdob\u00ed (A estaci\u00f3n violenta)<\/em>, film mlad\u00e9 re\u017eis\u00e9rky Anxos Faz\u00e1ns, roda\u010dky z galicijsk\u00e9ho Pontevedra, nebo <em>Velk\u00e9 d\u00edt\u011b (Ni?ato)<\/em> Adri\u00e1na Orra, vtipn\u00e1 sonda do \u017eivota rappera staraj\u00edc\u00edho se o sv\u00e9 t\u0159i d\u011bti, ale \u017eij\u00edc\u00edho st\u00e1le u rodi\u010d\u016f.   <\/p>\n\n\n\n<figure class=\"wp-block-image\"><img decoding=\"async\" loading=\"lazy\" width=\"1024\" height=\"682\" src=\"http:\/\/cinemahouse.cz\/wp-content\/uploads\/2020\/02\/Madre_Stills__Manolo_Pavon_0242_01_m-1024x682.jpg\" alt=\"\" class=\"wp-image-1486\" srcset=\"https:\/\/cinemahouse.cz\/wp-content\/uploads\/2020\/02\/Madre_Stills__Manolo_Pavon_0242_01_m-1024x682.jpg 1024w, https:\/\/cinemahouse.cz\/wp-content\/uploads\/2020\/02\/Madre_Stills__Manolo_Pavon_0242_01_m-300x200.jpg 300w, https:\/\/cinemahouse.cz\/wp-content\/uploads\/2020\/02\/Madre_Stills__Manolo_Pavon_0242_01_m-768x512.jpg 768w, https:\/\/cinemahouse.cz\/wp-content\/uploads\/2020\/02\/Madre_Stills__Manolo_Pavon_0242_01_m.jpg 1732w\" sizes=\"(max-width: 1024px) 100vw, 1024px\" \/><\/figure>\n\n\n\n<p><strong>LATINSKOAMERICK\u00c9 POHLEDY \/ MIRADAS LATINOAMERICANAS <\/strong>nab\u00eddnou kvarteto film\u016f z Chile, Argentiny a Guatemaly. Vedle dvou ji\u017e zmi\u0148ovan\u00fdch koproduk\u010dn\u00edch d\u011bl nadan\u00e9ho Guatemalce Jayra Bustamenteho <em>Chv\u011bn\u00ed (Temblores)<\/em> a na Berlinale 2015 ocen\u011bn\u00e9ho filmu <em>Ixcanul<\/em> m\u00e1 \u0161anci zaujmout i film <em>P\u0159ijde smrt a bude m\u00edt tv\u00e9 o\u010di (Vendr\u00e1 la muerte y tendr\u00e1 tus ojos),<\/em> jeho\u017e re\u017eis\u00e9rem je jeden z nejv\u011bt\u0161\u00edch talent\u016f sou\u010dasn\u00e9ho chilsk\u00e9ho filmu Jos\u00e9 Luis Torres Leiva. V\u00a0psychologick\u00e9m dramatu <em>Naprost\u00e1 l\u00e1ska (La Quietud)<\/em> argentinsk\u00e9ho re\u017eis\u00e9ra Pabla Tropera jsou t\u0159i \u017eeny nuceny postavit se tv\u00e1\u0159\u00ed v tv\u00e1\u0159 emocion\u00e1ln\u00edm traumat\u016fm a temn\u00e9 rodinn\u00e9 historii, kter\u00e1 se odehr\u00e1vala na pozad\u00ed argentinsk\u00e9 vojensk\u00e9 diktatury.<\/p>\n\n\n\n<p><strong>VZPOM\u00cdNKY NA KUBU \/ MEMORIAS DE CUBA <\/strong>p\u0159inesou dva odli\u0161n\u00e9 pohledy na emigraci, p\u016fvod i d\u011bjiny Kuby. Posledn\u00ed z v\u00e1\u017een\u00fdch host\u016f festivalu, re\u017eis\u00e9r Haliam P\u00e9rez, p\u0159edstav\u00ed film <em>Marina. <\/em>Francouzsk\u00fd dokument <em>Kuba, osvobozen\u00e9 vzpom\u00ednky (M\u00e9moire lib\u00e9r\u00e9e)<\/em> hled\u00e1 s re\u017eis\u00e9rkou Ghislaine Graillet osud jej\u00ed rodiny a mapuje tak p\u016fsoben\u00ed Francouz\u016f na ostrov\u011b i d\u011bjiny tamn\u00edho cukrovarnictv\u00ed.<\/p>\n\n\n\n<ul class=\"wp-block-gallery columns-2 is-cropped wp-block-gallery-1 is-layout-flex wp-block-gallery-is-layout-flex\"><li class=\"blocks-gallery-item\"><figure><img decoding=\"async\" loading=\"lazy\" width=\"800\" height=\"335\" src=\"http:\/\/cinemahouse.cz\/wp-content\/uploads\/2020\/02\/Bunuel_inthe_labyrinth_ofthe_turtles_PROMO_03_m.jpg\" alt=\"\" data-id=\"1484\" data-link=\"http:\/\/cinemahouse.cz\/?attachment_id=1484\" class=\"wp-image-1484\" srcset=\"https:\/\/cinemahouse.cz\/wp-content\/uploads\/2020\/02\/Bunuel_inthe_labyrinth_ofthe_turtles_PROMO_03_m.jpg 800w, https:\/\/cinemahouse.cz\/wp-content\/uploads\/2020\/02\/Bunuel_inthe_labyrinth_ofthe_turtles_PROMO_03_m-300x126.jpg 300w, https:\/\/cinemahouse.cz\/wp-content\/uploads\/2020\/02\/Bunuel_inthe_labyrinth_ofthe_turtles_PROMO_03_m-768x322.jpg 768w\" sizes=\"(max-width: 800px) 100vw, 800px\" \/><\/figure><\/li><li class=\"blocks-gallery-item\"><figure><img decoding=\"async\" loading=\"lazy\" width=\"1024\" height=\"682\" src=\"http:\/\/cinemahouse.cz\/wp-content\/uploads\/2020\/02\/CHVENI_-HLAVNI_5R6A3099_m-1024x682.jpg\" alt=\"\" data-id=\"1485\" data-link=\"http:\/\/cinemahouse.cz\/?attachment_id=1485\" class=\"wp-image-1485\" srcset=\"https:\/\/cinemahouse.cz\/wp-content\/uploads\/2020\/02\/CHVENI_-HLAVNI_5R6A3099_m-1024x682.jpg 1024w, https:\/\/cinemahouse.cz\/wp-content\/uploads\/2020\/02\/CHVENI_-HLAVNI_5R6A3099_m-300x200.jpg 300w, https:\/\/cinemahouse.cz\/wp-content\/uploads\/2020\/02\/CHVENI_-HLAVNI_5R6A3099_m-768x512.jpg 768w, https:\/\/cinemahouse.cz\/wp-content\/uploads\/2020\/02\/CHVENI_-HLAVNI_5R6A3099_m.jpg 1732w\" sizes=\"(max-width: 1024px) 100vw, 1024px\" \/><\/figure><\/li><li class=\"blocks-gallery-item\"><figure><img decoding=\"async\" loading=\"lazy\" width=\"1024\" height=\"682\" src=\"http:\/\/cinemahouse.cz\/wp-content\/uploads\/2020\/02\/Madre_Stills__Manolo_Pavon_0242_01_m-1024x682.jpg\" alt=\"\" data-id=\"1486\" data-link=\"http:\/\/cinemahouse.cz\/?attachment_id=1486\" class=\"wp-image-1486\" srcset=\"https:\/\/cinemahouse.cz\/wp-content\/uploads\/2020\/02\/Madre_Stills__Manolo_Pavon_0242_01_m-1024x682.jpg 1024w, https:\/\/cinemahouse.cz\/wp-content\/uploads\/2020\/02\/Madre_Stills__Manolo_Pavon_0242_01_m-300x200.jpg 300w, https:\/\/cinemahouse.cz\/wp-content\/uploads\/2020\/02\/Madre_Stills__Manolo_Pavon_0242_01_m-768x512.jpg 768w, https:\/\/cinemahouse.cz\/wp-content\/uploads\/2020\/02\/Madre_Stills__Manolo_Pavon_0242_01_m.jpg 1732w\" sizes=\"(max-width: 1024px) 100vw, 1024px\" \/><\/figure><\/li><li class=\"blocks-gallery-item\"><figure><img decoding=\"async\" loading=\"lazy\" width=\"1024\" height=\"682\" src=\"http:\/\/cinemahouse.cz\/wp-content\/uploads\/2020\/02\/13-m-1024x682.jpg\" alt=\"\" data-id=\"1487\" data-link=\"http:\/\/cinemahouse.cz\/?attachment_id=1487\" class=\"wp-image-1487\" srcset=\"https:\/\/cinemahouse.cz\/wp-content\/uploads\/2020\/02\/13-m-1024x682.jpg 1024w, https:\/\/cinemahouse.cz\/wp-content\/uploads\/2020\/02\/13-m-300x200.jpg 300w, https:\/\/cinemahouse.cz\/wp-content\/uploads\/2020\/02\/13-m-768x512.jpg 768w, https:\/\/cinemahouse.cz\/wp-content\/uploads\/2020\/02\/13-m.jpg 1732w\" sizes=\"(max-width: 1024px) 100vw, 1024px\" \/><\/figure><\/li><li class=\"blocks-gallery-item\"><figure><img decoding=\"async\" loading=\"lazy\" width=\"1024\" height=\"576\" src=\"http:\/\/cinemahouse.cz\/wp-content\/uploads\/2020\/02\/maxresdefault-1024x576.jpg\" alt=\"\" data-id=\"1488\" data-link=\"http:\/\/cinemahouse.cz\/?attachment_id=1488\" class=\"wp-image-1488\" srcset=\"https:\/\/cinemahouse.cz\/wp-content\/uploads\/2020\/02\/maxresdefault-1024x576.jpg 1024w, https:\/\/cinemahouse.cz\/wp-content\/uploads\/2020\/02\/maxresdefault-300x169.jpg 300w, https:\/\/cinemahouse.cz\/wp-content\/uploads\/2020\/02\/maxresdefault-768x432.jpg 768w, https:\/\/cinemahouse.cz\/wp-content\/uploads\/2020\/02\/maxresdefault.jpg 1280w\" sizes=\"(max-width: 1024px) 100vw, 1024px\" \/><\/figure><\/li><\/ul>\n","protected":false},"excerpt":{"rendered":"<p>Za necel\u00e9 dva t\u00fddny si d\u00edky festivalu La Pel\u00edcula mohou filmov\u00ed p\u0159\u00edznivci v Praze, Brn\u011b, Ostrav\u011b a Hradci Kr\u00e1lov\u00e9 op\u011bt p\u0159ibl\u00ed\u017eit pestrobarevn\u00fd a mnohotv\u00e1rn\u00fd sv\u011bt, kter\u00fd p\u0159edstavuje \u0161pan\u011blsk\u00e1 filmov\u00e1 tvorba i filmy autor\u016f z&#46;&#46;&#46;<\/p>\n","protected":false},"author":2,"featured_media":1488,"comment_status":"closed","ping_status":"closed","sticky":false,"template":"","format":"standard","meta":{"_monsterinsights_skip_tracking":false,"_monsterinsights_sitenote_active":false,"_monsterinsights_sitenote_note":"","_monsterinsights_sitenote_category":0,"footnotes":""},"categories":[12,2,13],"tags":[],"yoast_head":"<!-- This site is optimized with the Yoast SEO plugin v21.4 - https:\/\/yoast.com\/wordpress\/plugins\/seo\/ -->\n<title>Festival La Pel\u00edcula od 18. \u00fanora p\u0159edstav\u00ed \u0161irokou \u0161k\u00e1lu \u0161pan\u011blsk\u00e9 filmov\u00e9 produkce - CINEMAHOUSE.cz<\/title>\n<meta name=\"robots\" content=\"index, follow, max-snippet:-1, max-image-preview:large, max-video-preview:-1\" \/>\n<link rel=\"canonical\" href=\"https:\/\/cinemahouse.cz\/index.php\/2020\/02\/07\/festival-la-pelicula-od-18-unora-predstavi-sirokou-skalu-spanelske-filmove-produkce\/\" \/>\n<meta property=\"og:locale\" content=\"cs_CZ\" \/>\n<meta property=\"og:type\" content=\"article\" \/>\n<meta property=\"og:title\" content=\"Festival La Pel\u00edcula od 18. \u00fanora p\u0159edstav\u00ed \u0161irokou \u0161k\u00e1lu \u0161pan\u011blsk\u00e9 filmov\u00e9 produkce - CINEMAHOUSE.cz\" \/>\n<meta property=\"og:description\" content=\"Za necel\u00e9 dva t\u00fddny si d\u00edky festivalu La Pel\u00edcula mohou filmov\u00ed p\u0159\u00edznivci v Praze, Brn\u011b, Ostrav\u011b a Hradci Kr\u00e1lov\u00e9 op\u011bt p\u0159ibl\u00ed\u017eit pestrobarevn\u00fd a mnohotv\u00e1rn\u00fd sv\u011bt, kter\u00fd p\u0159edstavuje \u0161pan\u011blsk\u00e1 filmov\u00e1 tvorba i filmy autor\u016f z&#046;&#046;&#046;\" \/>\n<meta property=\"og:url\" content=\"https:\/\/cinemahouse.cz\/index.php\/2020\/02\/07\/festival-la-pelicula-od-18-unora-predstavi-sirokou-skalu-spanelske-filmove-produkce\/\" \/>\n<meta property=\"og:site_name\" content=\"CINEMAHOUSE.cz\" \/>\n<meta property=\"article:published_time\" content=\"2020-02-07T13:50:58+00:00\" \/>\n<meta property=\"article:modified_time\" content=\"2020-02-07T13:51:00+00:00\" \/>\n<meta property=\"og:image\" content=\"https:\/\/cinemahouse.cz\/wp-content\/uploads\/2020\/02\/maxresdefault.jpg\" \/>\n\t<meta property=\"og:image:width\" content=\"1280\" \/>\n\t<meta property=\"og:image:height\" content=\"720\" \/>\n\t<meta property=\"og:image:type\" content=\"image\/jpeg\" \/>\n<meta name=\"author\" content=\"Miroslav Van\u011bk\" \/>\n<meta name=\"twitter:card\" content=\"summary_large_image\" \/>\n<meta name=\"twitter:label1\" content=\"Napsal(a)\" \/>\n\t<meta name=\"twitter:data1\" content=\"Miroslav Van\u011bk\" \/>\n\t<meta name=\"twitter:label2\" content=\"Odhadovan\u00e1 doba \u010dten\u00ed\" \/>\n\t<meta name=\"twitter:data2\" content=\"7 minut\" \/>\n<script type=\"application\/ld+json\" class=\"yoast-schema-graph\">{\"@context\":\"https:\/\/schema.org\",\"@graph\":[{\"@type\":\"Article\",\"@id\":\"https:\/\/cinemahouse.cz\/index.php\/2020\/02\/07\/festival-la-pelicula-od-18-unora-predstavi-sirokou-skalu-spanelske-filmove-produkce\/#article\",\"isPartOf\":{\"@id\":\"https:\/\/cinemahouse.cz\/index.php\/2020\/02\/07\/festival-la-pelicula-od-18-unora-predstavi-sirokou-skalu-spanelske-filmove-produkce\/\"},\"author\":{\"name\":\"Miroslav Van\u011bk\",\"@id\":\"https:\/\/cinemahouse.cz\/#\/schema\/person\/b4b442f183df4da20f147173def615f2\"},\"headline\":\"Festival La Pel\u00edcula od 18. \u00fanora p\u0159edstav\u00ed \u0161irokou \u0161k\u00e1lu \u0161pan\u011blsk\u00e9 filmov\u00e9 produkce\",\"datePublished\":\"2020-02-07T13:50:58+00:00\",\"dateModified\":\"2020-02-07T13:51:00+00:00\",\"mainEntityOfPage\":{\"@id\":\"https:\/\/cinemahouse.cz\/index.php\/2020\/02\/07\/festival-la-pelicula-od-18-unora-predstavi-sirokou-skalu-spanelske-filmove-produkce\/\"},\"wordCount\":1339,\"publisher\":{\"@id\":\"https:\/\/cinemahouse.cz\/#organization\"},\"articleSection\":[\"FILMY, SERI\u00c1LY a TV\",\"NEWS\",\"TIPY a TRENDY\"],\"inLanguage\":\"cs\"},{\"@type\":\"WebPage\",\"@id\":\"https:\/\/cinemahouse.cz\/index.php\/2020\/02\/07\/festival-la-pelicula-od-18-unora-predstavi-sirokou-skalu-spanelske-filmove-produkce\/\",\"url\":\"https:\/\/cinemahouse.cz\/index.php\/2020\/02\/07\/festival-la-pelicula-od-18-unora-predstavi-sirokou-skalu-spanelske-filmove-produkce\/\",\"name\":\"Festival La Pel\u00edcula od 18. \u00fanora p\u0159edstav\u00ed \u0161irokou \u0161k\u00e1lu \u0161pan\u011blsk\u00e9 filmov\u00e9 produkce - CINEMAHOUSE.cz\",\"isPartOf\":{\"@id\":\"https:\/\/cinemahouse.cz\/#website\"},\"datePublished\":\"2020-02-07T13:50:58+00:00\",\"dateModified\":\"2020-02-07T13:51:00+00:00\",\"breadcrumb\":{\"@id\":\"https:\/\/cinemahouse.cz\/index.php\/2020\/02\/07\/festival-la-pelicula-od-18-unora-predstavi-sirokou-skalu-spanelske-filmove-produkce\/#breadcrumb\"},\"inLanguage\":\"cs\",\"potentialAction\":[{\"@type\":\"ReadAction\",\"target\":[\"https:\/\/cinemahouse.cz\/index.php\/2020\/02\/07\/festival-la-pelicula-od-18-unora-predstavi-sirokou-skalu-spanelske-filmove-produkce\/\"]}]},{\"@type\":\"BreadcrumbList\",\"@id\":\"https:\/\/cinemahouse.cz\/index.php\/2020\/02\/07\/festival-la-pelicula-od-18-unora-predstavi-sirokou-skalu-spanelske-filmove-produkce\/#breadcrumb\",\"itemListElement\":[{\"@type\":\"ListItem\",\"position\":1,\"name\":\"Dom\u016f\",\"item\":\"https:\/\/cinemahouse.cz\/\"},{\"@type\":\"ListItem\",\"position\":2,\"name\":\"Festival La Pel\u00edcula od 18. \u00fanora p\u0159edstav\u00ed \u0161irokou \u0161k\u00e1lu \u0161pan\u011blsk\u00e9 filmov\u00e9 produkce\"}]},{\"@type\":\"WebSite\",\"@id\":\"https:\/\/cinemahouse.cz\/#website\",\"url\":\"https:\/\/cinemahouse.cz\/\",\"name\":\"CINEMAHOUSE.cz\",\"description\":\"Port\u00e1l o filmov\u00fdch novink\u00e1ch\",\"publisher\":{\"@id\":\"https:\/\/cinemahouse.cz\/#organization\"},\"potentialAction\":[{\"@type\":\"SearchAction\",\"target\":{\"@type\":\"EntryPoint\",\"urlTemplate\":\"https:\/\/cinemahouse.cz\/?s={search_term_string}\"},\"query-input\":\"required name=search_term_string\"}],\"inLanguage\":\"cs\"},{\"@type\":\"Organization\",\"@id\":\"https:\/\/cinemahouse.cz\/#organization\",\"name\":\"CINEMAHOUSE.cz\",\"url\":\"https:\/\/cinemahouse.cz\/\",\"logo\":{\"@type\":\"ImageObject\",\"inLanguage\":\"cs\",\"@id\":\"https:\/\/cinemahouse.cz\/#\/schema\/logo\/image\/\",\"url\":\"https:\/\/cinemahouse.cz\/wp-content\/uploads\/2024\/12\/cropped-Logo_CinemaHouse.jpg\",\"contentUrl\":\"https:\/\/cinemahouse.cz\/wp-content\/uploads\/2024\/12\/cropped-Logo_CinemaHouse.jpg\",\"width\":926,\"height\":467,\"caption\":\"CINEMAHOUSE.cz\"},\"image\":{\"@id\":\"https:\/\/cinemahouse.cz\/#\/schema\/logo\/image\/\"}},{\"@type\":\"Person\",\"@id\":\"https:\/\/cinemahouse.cz\/#\/schema\/person\/b4b442f183df4da20f147173def615f2\",\"name\":\"Miroslav Van\u011bk\",\"image\":{\"@type\":\"ImageObject\",\"inLanguage\":\"cs\",\"@id\":\"https:\/\/cinemahouse.cz\/#\/schema\/person\/image\/\",\"url\":\"https:\/\/secure.gravatar.com\/avatar\/cc93dbecbfc820d69a964ea4a1c72377?s=96&d=mm&r=g\",\"contentUrl\":\"https:\/\/secure.gravatar.com\/avatar\/cc93dbecbfc820d69a964ea4a1c72377?s=96&d=mm&r=g\",\"caption\":\"Miroslav Van\u011bk\"},\"sameAs\":[\"http:\/\/www.cinemahouse.cz\"],\"url\":\"https:\/\/cinemahouse.cz\/index.php\/author\/mirvan\/\"}]}<\/script>\n<!-- \/ Yoast SEO plugin. -->","yoast_head_json":{"title":"Festival La Pel\u00edcula od 18. \u00fanora p\u0159edstav\u00ed \u0161irokou \u0161k\u00e1lu \u0161pan\u011blsk\u00e9 filmov\u00e9 produkce - CINEMAHOUSE.cz","robots":{"index":"index","follow":"follow","max-snippet":"max-snippet:-1","max-image-preview":"max-image-preview:large","max-video-preview":"max-video-preview:-1"},"canonical":"https:\/\/cinemahouse.cz\/index.php\/2020\/02\/07\/festival-la-pelicula-od-18-unora-predstavi-sirokou-skalu-spanelske-filmove-produkce\/","og_locale":"cs_CZ","og_type":"article","og_title":"Festival La Pel\u00edcula od 18. \u00fanora p\u0159edstav\u00ed \u0161irokou \u0161k\u00e1lu \u0161pan\u011blsk\u00e9 filmov\u00e9 produkce - CINEMAHOUSE.cz","og_description":"Za necel\u00e9 dva t\u00fddny si d\u00edky festivalu La Pel\u00edcula mohou filmov\u00ed p\u0159\u00edznivci v Praze, Brn\u011b, Ostrav\u011b a Hradci Kr\u00e1lov\u00e9 op\u011bt p\u0159ibl\u00ed\u017eit pestrobarevn\u00fd a mnohotv\u00e1rn\u00fd sv\u011bt, kter\u00fd p\u0159edstavuje \u0161pan\u011blsk\u00e1 filmov\u00e1 tvorba i filmy autor\u016f z&#46;&#46;&#46;","og_url":"https:\/\/cinemahouse.cz\/index.php\/2020\/02\/07\/festival-la-pelicula-od-18-unora-predstavi-sirokou-skalu-spanelske-filmove-produkce\/","og_site_name":"CINEMAHOUSE.cz","article_published_time":"2020-02-07T13:50:58+00:00","article_modified_time":"2020-02-07T13:51:00+00:00","og_image":[{"width":1280,"height":720,"url":"https:\/\/cinemahouse.cz\/wp-content\/uploads\/2020\/02\/maxresdefault.jpg","type":"image\/jpeg"}],"author":"Miroslav Van\u011bk","twitter_card":"summary_large_image","twitter_misc":{"Napsal(a)":"Miroslav Van\u011bk","Odhadovan\u00e1 doba \u010dten\u00ed":"7 minut"},"schema":{"@context":"https:\/\/schema.org","@graph":[{"@type":"Article","@id":"https:\/\/cinemahouse.cz\/index.php\/2020\/02\/07\/festival-la-pelicula-od-18-unora-predstavi-sirokou-skalu-spanelske-filmove-produkce\/#article","isPartOf":{"@id":"https:\/\/cinemahouse.cz\/index.php\/2020\/02\/07\/festival-la-pelicula-od-18-unora-predstavi-sirokou-skalu-spanelske-filmove-produkce\/"},"author":{"name":"Miroslav Van\u011bk","@id":"https:\/\/cinemahouse.cz\/#\/schema\/person\/b4b442f183df4da20f147173def615f2"},"headline":"Festival La Pel\u00edcula od 18. \u00fanora p\u0159edstav\u00ed \u0161irokou \u0161k\u00e1lu \u0161pan\u011blsk\u00e9 filmov\u00e9 produkce","datePublished":"2020-02-07T13:50:58+00:00","dateModified":"2020-02-07T13:51:00+00:00","mainEntityOfPage":{"@id":"https:\/\/cinemahouse.cz\/index.php\/2020\/02\/07\/festival-la-pelicula-od-18-unora-predstavi-sirokou-skalu-spanelske-filmove-produkce\/"},"wordCount":1339,"publisher":{"@id":"https:\/\/cinemahouse.cz\/#organization"},"articleSection":["FILMY, SERI\u00c1LY a TV","NEWS","TIPY a TRENDY"],"inLanguage":"cs"},{"@type":"WebPage","@id":"https:\/\/cinemahouse.cz\/index.php\/2020\/02\/07\/festival-la-pelicula-od-18-unora-predstavi-sirokou-skalu-spanelske-filmove-produkce\/","url":"https:\/\/cinemahouse.cz\/index.php\/2020\/02\/07\/festival-la-pelicula-od-18-unora-predstavi-sirokou-skalu-spanelske-filmove-produkce\/","name":"Festival La Pel\u00edcula od 18. \u00fanora p\u0159edstav\u00ed \u0161irokou \u0161k\u00e1lu \u0161pan\u011blsk\u00e9 filmov\u00e9 produkce - CINEMAHOUSE.cz","isPartOf":{"@id":"https:\/\/cinemahouse.cz\/#website"},"datePublished":"2020-02-07T13:50:58+00:00","dateModified":"2020-02-07T13:51:00+00:00","breadcrumb":{"@id":"https:\/\/cinemahouse.cz\/index.php\/2020\/02\/07\/festival-la-pelicula-od-18-unora-predstavi-sirokou-skalu-spanelske-filmove-produkce\/#breadcrumb"},"inLanguage":"cs","potentialAction":[{"@type":"ReadAction","target":["https:\/\/cinemahouse.cz\/index.php\/2020\/02\/07\/festival-la-pelicula-od-18-unora-predstavi-sirokou-skalu-spanelske-filmove-produkce\/"]}]},{"@type":"BreadcrumbList","@id":"https:\/\/cinemahouse.cz\/index.php\/2020\/02\/07\/festival-la-pelicula-od-18-unora-predstavi-sirokou-skalu-spanelske-filmove-produkce\/#breadcrumb","itemListElement":[{"@type":"ListItem","position":1,"name":"Dom\u016f","item":"https:\/\/cinemahouse.cz\/"},{"@type":"ListItem","position":2,"name":"Festival La Pel\u00edcula od 18. \u00fanora p\u0159edstav\u00ed \u0161irokou \u0161k\u00e1lu \u0161pan\u011blsk\u00e9 filmov\u00e9 produkce"}]},{"@type":"WebSite","@id":"https:\/\/cinemahouse.cz\/#website","url":"https:\/\/cinemahouse.cz\/","name":"CINEMAHOUSE.cz","description":"Port\u00e1l o filmov\u00fdch novink\u00e1ch","publisher":{"@id":"https:\/\/cinemahouse.cz\/#organization"},"potentialAction":[{"@type":"SearchAction","target":{"@type":"EntryPoint","urlTemplate":"https:\/\/cinemahouse.cz\/?s={search_term_string}"},"query-input":"required name=search_term_string"}],"inLanguage":"cs"},{"@type":"Organization","@id":"https:\/\/cinemahouse.cz\/#organization","name":"CINEMAHOUSE.cz","url":"https:\/\/cinemahouse.cz\/","logo":{"@type":"ImageObject","inLanguage":"cs","@id":"https:\/\/cinemahouse.cz\/#\/schema\/logo\/image\/","url":"https:\/\/cinemahouse.cz\/wp-content\/uploads\/2024\/12\/cropped-Logo_CinemaHouse.jpg","contentUrl":"https:\/\/cinemahouse.cz\/wp-content\/uploads\/2024\/12\/cropped-Logo_CinemaHouse.jpg","width":926,"height":467,"caption":"CINEMAHOUSE.cz"},"image":{"@id":"https:\/\/cinemahouse.cz\/#\/schema\/logo\/image\/"}},{"@type":"Person","@id":"https:\/\/cinemahouse.cz\/#\/schema\/person\/b4b442f183df4da20f147173def615f2","name":"Miroslav Van\u011bk","image":{"@type":"ImageObject","inLanguage":"cs","@id":"https:\/\/cinemahouse.cz\/#\/schema\/person\/image\/","url":"https:\/\/secure.gravatar.com\/avatar\/cc93dbecbfc820d69a964ea4a1c72377?s=96&d=mm&r=g","contentUrl":"https:\/\/secure.gravatar.com\/avatar\/cc93dbecbfc820d69a964ea4a1c72377?s=96&d=mm&r=g","caption":"Miroslav Van\u011bk"},"sameAs":["http:\/\/www.cinemahouse.cz"],"url":"https:\/\/cinemahouse.cz\/index.php\/author\/mirvan\/"}]}},"_links":{"self":[{"href":"https:\/\/cinemahouse.cz\/index.php\/wp-json\/wp\/v2\/posts\/1483"}],"collection":[{"href":"https:\/\/cinemahouse.cz\/index.php\/wp-json\/wp\/v2\/posts"}],"about":[{"href":"https:\/\/cinemahouse.cz\/index.php\/wp-json\/wp\/v2\/types\/post"}],"author":[{"embeddable":true,"href":"https:\/\/cinemahouse.cz\/index.php\/wp-json\/wp\/v2\/users\/2"}],"replies":[{"embeddable":true,"href":"https:\/\/cinemahouse.cz\/index.php\/wp-json\/wp\/v2\/comments?post=1483"}],"version-history":[{"count":1,"href":"https:\/\/cinemahouse.cz\/index.php\/wp-json\/wp\/v2\/posts\/1483\/revisions"}],"predecessor-version":[{"id":1489,"href":"https:\/\/cinemahouse.cz\/index.php\/wp-json\/wp\/v2\/posts\/1483\/revisions\/1489"}],"wp:featuredmedia":[{"embeddable":true,"href":"https:\/\/cinemahouse.cz\/index.php\/wp-json\/wp\/v2\/media\/1488"}],"wp:attachment":[{"href":"https:\/\/cinemahouse.cz\/index.php\/wp-json\/wp\/v2\/media?parent=1483"}],"wp:term":[{"taxonomy":"category","embeddable":true,"href":"https:\/\/cinemahouse.cz\/index.php\/wp-json\/wp\/v2\/categories?post=1483"},{"taxonomy":"post_tag","embeddable":true,"href":"https:\/\/cinemahouse.cz\/index.php\/wp-json\/wp\/v2\/tags?post=1483"}],"curies":[{"name":"wp","href":"https:\/\/api.w.org\/{rel}","templated":true}]}}