{"id":1454,"date":"2020-02-04T20:08:38","date_gmt":"2020-02-04T19:08:38","guid":{"rendered":"http:\/\/cinemahouse.cz\/?p=1454"},"modified":"2020-02-04T20:47:05","modified_gmt":"2020-02-04T19:47:05","slug":"cesky-mystery-thriller-s-mezinarodnim-obsazenim-uz-se-promita-v-kinech","status":"publish","type":"post","link":"https:\/\/cinemahouse.cz\/index.php\/2020\/02\/04\/cesky-mystery-thriller-s-mezinarodnim-obsazenim-uz-se-promita-v-kinech\/","title":{"rendered":"\u010cesk\u00fd mystery thriller s\u00a0mezin\u00e1rodn\u00edm obsazen\u00edm u\u017e se prom\u00edt\u00e1 v kinech"},"content":{"rendered":"\n<p><strong>U\u017e 30. ledna vstoupil do kin nov\u00fd \u010desk\u00fd film s n\u00e1zvem Daria. Sn\u00edmek si zakl\u00e1d\u00e1 na kvalitn\u00ed vizu\u00e1ln\u00ed str\u00e1nce a krom\u011b mnoha zvu\u010dn\u00fdch \u010desk\u00fdch jmen se v hlavn\u00edch rol\u00edch objev\u00ed tak\u00e9 polsk\u00fd herec Pawel Delag nebo Ameri\u010dan Paul Louis Harrell. \u00dast\u0159edn\u00ed dvojici ztv\u00e1rnili Kl\u00e1ra Miklasov\u00e1 a Mira Nosek.<\/strong><\/p>\n\n\n\n<figure class=\"wp-block-image\"><img decoding=\"async\" loading=\"lazy\" width=\"1024\" height=\"512\" src=\"http:\/\/cinemahouse.cz\/wp-content\/uploads\/2020\/02\/DARIA_kino_social-1024x512.jpg\" alt=\"\" class=\"wp-image-1455\" srcset=\"https:\/\/cinemahouse.cz\/wp-content\/uploads\/2020\/02\/DARIA_kino_social-1024x512.jpg 1024w, https:\/\/cinemahouse.cz\/wp-content\/uploads\/2020\/02\/DARIA_kino_social-300x150.jpg 300w, https:\/\/cinemahouse.cz\/wp-content\/uploads\/2020\/02\/DARIA_kino_social-768x384.jpg 768w, https:\/\/cinemahouse.cz\/wp-content\/uploads\/2020\/02\/DARIA_kino_social.jpg 1920w\" sizes=\"(max-width: 1024px) 100vw, 1024px\" \/><\/figure>\n\n\n\n<p>U\u017e \u00favodn\u00ed komiksov\u00e9 titulky nazna\u010duj\u00ed, \u017ee vizualitou sn\u00edmku se tv\u016frci hodn\u011b zab\u00fdvali. <em>\u201ePro m\u011b je vizu\u00e1ln\u00ed str\u00e1nka stejn\u011b d\u016fle\u017eit\u00e1 jako sc\u00e9n\u00e1\u0159 a dialogy, tak\u017ee jsem v\u011bnoval spoustu \u010dasu tomu, aby film vypadal tak, jak vypad\u00e1. Sna\u017eil jsem se, aby ka\u017ed\u00e1 sc\u00e9na byla jin\u00e1, byla n\u011b\u010d\u00edm zapamatovateln\u00e1, ale z\u00e1rove\u0148 aby zapadala do celku,\u201c <\/em>vysv\u011btlil re\u017eis\u00e9r filmu <strong>Mat\u011bj Pichler<\/strong>.  <\/p>\n\n\n\n<figure class=\"wp-block-image\"><img decoding=\"async\" loading=\"lazy\" width=\"1024\" height=\"664\" src=\"http:\/\/cinemahouse.cz\/wp-content\/uploads\/2020\/02\/cerna_nebo_bila_6_V-1024x664.jpg\" alt=\"\" class=\"wp-image-1459\" srcset=\"https:\/\/cinemahouse.cz\/wp-content\/uploads\/2020\/02\/cerna_nebo_bila_6_V-1024x664.jpg 1024w, https:\/\/cinemahouse.cz\/wp-content\/uploads\/2020\/02\/cerna_nebo_bila_6_V-300x194.jpg 300w, https:\/\/cinemahouse.cz\/wp-content\/uploads\/2020\/02\/cerna_nebo_bila_6_V-768x498.jpg 768w, https:\/\/cinemahouse.cz\/wp-content\/uploads\/2020\/02\/cerna_nebo_bila_6_V.jpg 1324w\" sizes=\"(max-width: 1024px) 100vw, 1024px\" \/><\/figure>\n\n\n\n<p>Pro za\u010d\u00ednaj\u00edc\u00ed here\u010dku <strong>Kl\u00e1ru Miklasovou<\/strong> byly n\u011bkter\u00e9 sc\u00e9ny opravdu n\u00e1ro\u010dn\u00e9. <em>\u201eV\u016fbec jsem se nec\u00edtila dob\u0159e t\u0159eba p\u0159i sc\u00e9n\u011b, p\u0159i kter\u00e9 jsem byla p\u0159ipoutan\u00e1 k&nbsp;posteli vysoko nad zem\u00ed. M\u00e1m strach z&nbsp;v\u00fd\u0161ek, bylo to opravdu t\u011b\u017ek\u00e9. A n\u00e1ro\u010dn\u00e1 byla i sc\u00e9na, kdy jsme ve velk\u00e9m mrazu b\u011bhali po lese. I kdy\u017e jsme byli oble\u010den\u00ed, skoro jsme v m\u00ednus 17 umrzli\u2026\u201c<\/em> sv\u011b\u0159ila se here\u010dka.    <\/p>\n\n\n\n<figure class=\"wp-block-image\"><img decoding=\"async\" loading=\"lazy\" width=\"1024\" height=\"675\" src=\"http:\/\/cinemahouse.cz\/wp-content\/uploads\/2020\/02\/cerna_nebo_bila_11_V-1024x675.jpg\" alt=\"\" class=\"wp-image-1460\" srcset=\"https:\/\/cinemahouse.cz\/wp-content\/uploads\/2020\/02\/cerna_nebo_bila_11_V-1024x675.jpg 1024w, https:\/\/cinemahouse.cz\/wp-content\/uploads\/2020\/02\/cerna_nebo_bila_11_V-300x198.jpg 300w, https:\/\/cinemahouse.cz\/wp-content\/uploads\/2020\/02\/cerna_nebo_bila_11_V-768x506.jpg 768w, https:\/\/cinemahouse.cz\/wp-content\/uploads\/2020\/02\/cerna_nebo_bila_11_V.jpg 1302w\" sizes=\"(max-width: 1024px) 100vw, 1024px\" \/><\/figure>\n\n\n\n<p>\u201e<em>Je ale skv\u011bl\u00e9, \u017ee tady n\u011bco takov\u00e9ho vzniklo, proto\u017ee v&nbsp;\u010cech\u00e1ch se to\u010d\u00ed sp\u00ed\u0161 komedie, a tohle je najednou jin\u00e9. Nejde o to, \u017ee bychom to neum\u011bli, ale sp\u00ed\u0161 na to nejsou finan\u010dn\u00ed prost\u0159edky, p\u0159ece jen thriller je n\u00e1ro\u010dn\u011bj\u0161\u00ed \u017e\u00e1nr, a\u0165 u\u017e v&nbsp;hran\u00ed, dynamice filmu, nebo co se t\u00fd\u010de t\u0159eba barevnosti\u2026\u201c<\/em> dodal Mira Nosek, p\u0159edstavitel psychiatra Marka, jen\u017e p\u00e1tr\u00e1 po tom, kdo vlastn\u011b Daria je.<\/p>\n\n\n\n<figure class=\"wp-block-image\"><img decoding=\"async\" loading=\"lazy\" width=\"1024\" height=\"689\" src=\"http:\/\/cinemahouse.cz\/wp-content\/uploads\/2020\/02\/cerna_nebo_bila_14-1024x689.jpg\" alt=\"\" class=\"wp-image-1461\" srcset=\"https:\/\/cinemahouse.cz\/wp-content\/uploads\/2020\/02\/cerna_nebo_bila_14-1024x689.jpg 1024w, https:\/\/cinemahouse.cz\/wp-content\/uploads\/2020\/02\/cerna_nebo_bila_14-300x202.jpg 300w, https:\/\/cinemahouse.cz\/wp-content\/uploads\/2020\/02\/cerna_nebo_bila_14-768x517.jpg 768w, https:\/\/cinemahouse.cz\/wp-content\/uploads\/2020\/02\/cerna_nebo_bila_14.jpg 1275w\" sizes=\"(max-width: 1024px) 100vw, 1024px\" \/><\/figure>\n\n\n\n<p>Do cesty se mu p\u0159ipletou dv\u011b d\u016fle\u017eit\u00e9 postavy \u2013 soused Taz a podivn\u00fd \u201epolicista\u201c Corragio. Do role Taze byl obsazen americk\u00fd herec <strong>Paul Louis Harrell<\/strong>, kter\u00fd ji celou odehr\u00e1l \u010desky. <em>\u201eByla to moje zat\u00edm nejt\u011b\u017e\u0161\u00ed role v&nbsp;\u017eivot\u011b, hlavn\u011b proto, \u017ee jsem se ji musel nau\u010dit v&nbsp;\u010de\u0161tin\u011b. Musel jsem si nastudovat p\u0159eklad textu, v\u00fdznam replik hereck\u00fdch partner\u016f\u2026 A zahr\u00e1t to i za t\u011bchto okolnost\u00ed v\u0161echno tak, aby to na pl\u00e1tn\u011b fungovalo, aby postava m\u011bla sv\u016fj charakter,\u201c<\/em> vysv\u011btlil herec, kter\u00fd \u017eije v&nbsp;Los Angeles.<\/p>\n\n\n\n<figure class=\"wp-block-image\"><img decoding=\"async\" loading=\"lazy\" width=\"1024\" height=\"698\" src=\"http:\/\/cinemahouse.cz\/wp-content\/uploads\/2020\/02\/cerna_nebo_bila_14_V-1024x698.jpg\" alt=\"\" class=\"wp-image-1462\" srcset=\"https:\/\/cinemahouse.cz\/wp-content\/uploads\/2020\/02\/cerna_nebo_bila_14_V-1024x698.jpg 1024w, https:\/\/cinemahouse.cz\/wp-content\/uploads\/2020\/02\/cerna_nebo_bila_14_V-300x205.jpg 300w, https:\/\/cinemahouse.cz\/wp-content\/uploads\/2020\/02\/cerna_nebo_bila_14_V-768x524.jpg 768w, https:\/\/cinemahouse.cz\/wp-content\/uploads\/2020\/02\/cerna_nebo_bila_14_V.jpg 1258w\" sizes=\"(max-width: 1024px) 100vw, 1024px\" \/><\/figure>\n\n\n\n<p>To Pol\u00e1k <strong>Pawel Delag<\/strong>, zn\u00e1m\u00fd v&nbsp;\u010cech\u00e1ch u\u017e svoj\u00ed rol\u00ed v&nbsp;\u00fasp\u011b\u0161n\u00e9 komedii <em>V\u0161echno nebo nic<\/em>, hr\u00e1l i v&nbsp;pol\u0161tin\u011b. <em>\u201ePawel hr\u00e1l n\u011bkter\u00e9 n\u00e1ro\u010dn\u011bj\u0161\u00ed sc\u00e9ny v pol\u0161tin\u011b. Div\u00e1k to ve v\u00fdsledku nepozn\u00e1, proto\u017ee jsou role Paula a Pawla nadabovan\u00e9, ale pro n\u00e1s to byl horor, dohl\u00ed\u017eet, jestli \u0159\u00edkaj\u00ed v\u0161echno, co maj\u00ed, a nesm\u00e1t se u toho,\u201c<\/em> \u0159ekl re\u017eis\u00e9r o herci, jen\u017e ztv\u00e1rnil mu\u017ee, kter\u00fd um\u00ed dos\u00e1hnout v\u0161eho, co chce. <em>\u201eNikdo nev\u00ed, kde se Corragio vzal, odkud p\u0159i\u0161el, k\u00fdm je. Zda jde o policistu, nebo \u010dlena mafie\u2026 Je to mu\u017e, kter\u00fd nepou\u017e\u00edv\u00e1 n\u00e1sil\u00ed bezprost\u0159edn\u011b, ale kdy\u017e na n\u011bj dojde, tak v&nbsp;n\u011bm um\u00ed b\u00fdt krut\u00fd,\u201c<\/em> popsal Delag.<\/p>\n\n\n\n<figure class=\"wp-block-image\"><img decoding=\"async\" loading=\"lazy\" width=\"1024\" height=\"691\" src=\"http:\/\/cinemahouse.cz\/wp-content\/uploads\/2020\/02\/cerna_nebo_bila_78_V-1024x691.jpg\" alt=\"\" class=\"wp-image-1463\" srcset=\"https:\/\/cinemahouse.cz\/wp-content\/uploads\/2020\/02\/cerna_nebo_bila_78_V-1024x691.jpg 1024w, https:\/\/cinemahouse.cz\/wp-content\/uploads\/2020\/02\/cerna_nebo_bila_78_V-300x203.jpg 300w, https:\/\/cinemahouse.cz\/wp-content\/uploads\/2020\/02\/cerna_nebo_bila_78_V-768x518.jpg 768w, https:\/\/cinemahouse.cz\/wp-content\/uploads\/2020\/02\/cerna_nebo_bila_78_V.jpg 1271w\" sizes=\"(max-width: 1024px) 100vw, 1024px\" \/><\/figure>\n\n\n\n<p>\u201e<em>Daria, to je prost\u011b nap\u011bt\u00ed od za\u010d\u00e1tku do konce. Film je mimo\u0159\u00e1dn\u00fd nejen sv\u00fdm zpracov\u00e1n\u00edm, ale i speci\u00e1ln\u00ed efekty, maskami a kresbami, a v&nbsp;neposledn\u00ed \u0159ad\u011b i hudbou, kter\u00e1 naplno pracuje s&nbsp;emocemi div\u00e1ka. Za hudebn\u00ed str\u00e1nkou stoj\u00ed Patrik Kettner, kter\u00fd m\u00e1 velkou z\u00e1sluhu i na dokon\u010den\u00ed sn\u00edmku jako takov\u00e9ho, stejn\u011b jako re\u017eis\u00e9r Mat\u011bj Pichler, bez kter\u00e9ho by sn\u00edmek nikdy nevznikl,\u201c<\/em> dodal producent filmu <strong>Michal Theer<\/strong>.<\/p>\n\n\n\n<figure class=\"wp-block-image\"><img decoding=\"async\" loading=\"lazy\" width=\"717\" height=\"1024\" src=\"http:\/\/cinemahouse.cz\/wp-content\/uploads\/2020\/02\/Daria-VIZUAL-717x1024.jpg\" alt=\"\" class=\"wp-image-1457\" srcset=\"https:\/\/cinemahouse.cz\/wp-content\/uploads\/2020\/02\/Daria-VIZUAL-717x1024.jpg 717w, https:\/\/cinemahouse.cz\/wp-content\/uploads\/2020\/02\/Daria-VIZUAL-210x300.jpg 210w, https:\/\/cinemahouse.cz\/wp-content\/uploads\/2020\/02\/Daria-VIZUAL-768x1096.jpg 768w, https:\/\/cinemahouse.cz\/wp-content\/uploads\/2020\/02\/Daria-VIZUAL.jpg 896w\" sizes=\"(max-width: 717px) 100vw, 717px\" \/><figcaption>Filmov\u00fd plak\u00e1t<\/figcaption><\/figure>\n\n\n\n<p>Mystery\nthriller s&nbsp;krimin\u00e1ln\u00edmi prvky Daria p\u0159ijde do kin 30. ledna\n2020. Producentem je spole\u010dnost Europe DMT Production\nMichala Theera,\ndistributorem spole\u010dnost Bontonfilm.<\/p>\n\n\n\n<p><strong>Synopse:<\/strong><\/p>\n\n\n\n<p><em>Mlad\u00fd psychiatr Marek (Jarom\u00edr Nosek) a farmaceutka Daria (Kl\u00e1ra Miklasov\u00e1) se seznamuj\u00ed p\u0159es soci\u00e1ln\u00ed s\u00edt\u011b, ale hned po prvn\u00ed osobn\u00ed sch\u016fzce p\u0159ita\u017eliv\u00e1 femme fatale Daria zmiz\u00ed. Marek ji objev\u00ed a\u017e po n\u011bkolika dnech v psychiatrick\u00e9 l\u00e9\u010debn\u011b, kde pracuje jeho matka (Jana \u0160ulcov\u00e1). V r\u00e1mci sv\u00e9 praxe se ujme jej\u00edho p\u0159\u00edpadu a sna\u017e\u00ed se rozkl\u00ed\u010dovat, co se stalo. Nejprve to vypad\u00e1, \u017ee je Daria opravdu bl\u00e1zen, brzy v\u0161ak zjist\u00ed, \u017ee si s n\u00edm mo\u017en\u00e1 jen trochu zahr\u00e1v\u00e1. Nebo je to jinak? Dariu s&nbsp;Markem n\u011bkdo sleduje a nov\u00fd soused Taz (Paul Louis Harrell) jim pom\u016f\u017ee \u201eztratit se\u201c na vzd\u00e1lenou biofarmu, kde \u017eij\u00ed lid\u00e9, kte\u0159\u00ed necht\u011bj\u00ed \u010di nemohou b\u00fdt sou\u010d\u00e1st\u00ed dne\u0161n\u00ed spole\u010dnosti. \u017dije tam i profesor (Ji\u0159\u00ed Schmitzer), kter\u00fd tvrd\u00ed, \u017ee se jedn\u00e1 o hru mocn\u00fdch a \u017ee se Daria, \u00fasp\u011b\u0161n\u00e1 ve farmaceutick\u00e9m v\u00fdzkumu, znel\u00edbila n\u011bkter\u00fdm lidem\u2026&nbsp;<\/em><\/p>\n\n\n\n<figure><iframe loading=\"lazy\" width=\"100%\" height=\"383\" src=\"https:\/\/www.youtube.com\/embed\/g5PAZXK9avw\" allowfullscreen=\"\"><\/iframe><\/figure>\n\n\n\n<p><strong>Producent:<\/strong>\nMichal Theer\n<\/p>\n\n\n\n<p><strong>Re\u017eie:<\/strong>\nMat\u011bj Pichler\t\t\t\t<\/p>\n\n\n\n<p><strong>Koproducent:\n<\/strong>Patrik Kettner<\/p>\n\n\n\n<p><strong>Sc\u00e9n\u00e1\u0159:<\/strong>\nDaniel Mi\u0148ovsk\u00fd\t\t\t<\/p>\n\n\n\n<p><strong>Kamera:<\/strong>\nAle\u0161 Hart<\/p>\n\n\n\n<p><strong>St\u0159ih:\n<\/strong>Jakub Vansa<\/p>\n\n\n\n<p><strong>Hudba:\n<\/strong>Patrik Kettner<\/p>\n\n\n\n<p><strong>Zvuk:<\/strong>\nTom\u00e1\u0161 B\u011blohradsk\u00fd<\/p>\n\n\n\n<p><strong>Kost\u00fdmn\u00ed\nv\u00fdtvarn\u00edk:<\/strong>\nDominika Pichler\t\t\t<\/p>\n\n\n\n<p><strong>Architekt:<\/strong>\n\u0160t\u011bp\u00e1n Kukl\u00edk\t\t\t\t\t\t\t<\/p>\n\n\n\n<p><strong>Masky:\n<\/strong>Josef Rarach, Vlad\nTaupesh<\/p>\n\n\n\n<p><strong>Hraj\u00ed:<\/strong>\nJarom\u00edr Nosek, Kl\u00e1ra\nMiklasov\u00e1, Pawel Delag, Ji\u0159\u00ed Schmitzer, Jana \u0160ulcov\u00e1, Paul Louis\nHarrell, Vasil Fridrich, Norbert Lich\u00fd, Martin Sitta, Jan Vlas\u00e1k,\nKarel Dobr\u00fd, Jitka Sedl\u00e1\u010dkov\u00e1, Josef Vr\u00e1na, Petr Semer\u00e1d, Tom\u00e1\u0161\nHavl\u00ednek, Tom\u00e1\u0161 Dastl\u00edk, Roman \u0160tabr\u0148\u00e1k a dal\u0161\u00ed<\/p>\n\n\n\n<p><strong>\u017d\u00e1nr:<\/strong>\nmysteri\u00f3zn\u00ed\/thriller<\/p>\n\n\n\n<p><strong>D\u00e9lka filmu: <\/strong>89 minut<\/p>\n\n\n\n<ul class=\"wp-block-gallery columns-3 is-cropped wp-block-gallery-1 is-layout-flex wp-block-gallery-is-layout-flex\"><li class=\"blocks-gallery-item\"><figure><img decoding=\"async\" loading=\"lazy\" width=\"1024\" height=\"664\" src=\"http:\/\/cinemahouse.cz\/wp-content\/uploads\/2020\/02\/cerna_nebo_bila_6_V-1024x664.jpg\" alt=\"\" data-id=\"1459\" data-link=\"http:\/\/cinemahouse.cz\/index.php\/2020\/02\/04\/cesky-mystery-thriller-s-mezinarodnim-obsazenim-uz-se-promita-v-kinech\/cerna_nebo_bila_6_v\/\" class=\"wp-image-1459\" srcset=\"https:\/\/cinemahouse.cz\/wp-content\/uploads\/2020\/02\/cerna_nebo_bila_6_V-1024x664.jpg 1024w, https:\/\/cinemahouse.cz\/wp-content\/uploads\/2020\/02\/cerna_nebo_bila_6_V-300x194.jpg 300w, https:\/\/cinemahouse.cz\/wp-content\/uploads\/2020\/02\/cerna_nebo_bila_6_V-768x498.jpg 768w, https:\/\/cinemahouse.cz\/wp-content\/uploads\/2020\/02\/cerna_nebo_bila_6_V.jpg 1324w\" sizes=\"(max-width: 1024px) 100vw, 1024px\" \/><\/figure><\/li><li class=\"blocks-gallery-item\"><figure><img decoding=\"async\" loading=\"lazy\" width=\"1024\" height=\"675\" src=\"http:\/\/cinemahouse.cz\/wp-content\/uploads\/2020\/02\/cerna_nebo_bila_11_V-1024x675.jpg\" alt=\"\" data-id=\"1460\" data-link=\"http:\/\/cinemahouse.cz\/index.php\/2020\/02\/04\/cesky-mystery-thriller-s-mezinarodnim-obsazenim-uz-se-promita-v-kinech\/cerna_nebo_bila_11_v\/\" class=\"wp-image-1460\" srcset=\"https:\/\/cinemahouse.cz\/wp-content\/uploads\/2020\/02\/cerna_nebo_bila_11_V-1024x675.jpg 1024w, https:\/\/cinemahouse.cz\/wp-content\/uploads\/2020\/02\/cerna_nebo_bila_11_V-300x198.jpg 300w, https:\/\/cinemahouse.cz\/wp-content\/uploads\/2020\/02\/cerna_nebo_bila_11_V-768x506.jpg 768w, https:\/\/cinemahouse.cz\/wp-content\/uploads\/2020\/02\/cerna_nebo_bila_11_V.jpg 1302w\" sizes=\"(max-width: 1024px) 100vw, 1024px\" \/><\/figure><\/li><li class=\"blocks-gallery-item\"><figure><img decoding=\"async\" loading=\"lazy\" width=\"1024\" height=\"689\" src=\"http:\/\/cinemahouse.cz\/wp-content\/uploads\/2020\/02\/cerna_nebo_bila_14-1024x689.jpg\" alt=\"\" data-id=\"1461\" data-link=\"http:\/\/cinemahouse.cz\/index.php\/2020\/02\/04\/cesky-mystery-thriller-s-mezinarodnim-obsazenim-uz-se-promita-v-kinech\/cerna_nebo_bila_14\/\" class=\"wp-image-1461\" srcset=\"https:\/\/cinemahouse.cz\/wp-content\/uploads\/2020\/02\/cerna_nebo_bila_14-1024x689.jpg 1024w, https:\/\/cinemahouse.cz\/wp-content\/uploads\/2020\/02\/cerna_nebo_bila_14-300x202.jpg 300w, https:\/\/cinemahouse.cz\/wp-content\/uploads\/2020\/02\/cerna_nebo_bila_14-768x517.jpg 768w, https:\/\/cinemahouse.cz\/wp-content\/uploads\/2020\/02\/cerna_nebo_bila_14.jpg 1275w\" sizes=\"(max-width: 1024px) 100vw, 1024px\" \/><\/figure><\/li><li class=\"blocks-gallery-item\"><figure><img decoding=\"async\" loading=\"lazy\" width=\"1024\" height=\"698\" src=\"http:\/\/cinemahouse.cz\/wp-content\/uploads\/2020\/02\/cerna_nebo_bila_14_V-1024x698.jpg\" alt=\"\" data-id=\"1462\" data-link=\"http:\/\/cinemahouse.cz\/index.php\/2020\/02\/04\/cesky-mystery-thriller-s-mezinarodnim-obsazenim-uz-se-promita-v-kinech\/cerna_nebo_bila_14_v\/\" class=\"wp-image-1462\" srcset=\"https:\/\/cinemahouse.cz\/wp-content\/uploads\/2020\/02\/cerna_nebo_bila_14_V-1024x698.jpg 1024w, https:\/\/cinemahouse.cz\/wp-content\/uploads\/2020\/02\/cerna_nebo_bila_14_V-300x205.jpg 300w, https:\/\/cinemahouse.cz\/wp-content\/uploads\/2020\/02\/cerna_nebo_bila_14_V-768x524.jpg 768w, https:\/\/cinemahouse.cz\/wp-content\/uploads\/2020\/02\/cerna_nebo_bila_14_V.jpg 1258w\" sizes=\"(max-width: 1024px) 100vw, 1024px\" \/><\/figure><\/li><li class=\"blocks-gallery-item\"><figure><img decoding=\"async\" loading=\"lazy\" width=\"1024\" height=\"691\" src=\"http:\/\/cinemahouse.cz\/wp-content\/uploads\/2020\/02\/cerna_nebo_bila_78_V-1024x691.jpg\" alt=\"\" data-id=\"1463\" data-link=\"http:\/\/cinemahouse.cz\/index.php\/2020\/02\/04\/cesky-mystery-thriller-s-mezinarodnim-obsazenim-uz-se-promita-v-kinech\/cerna_nebo_bila_78_v\/\" class=\"wp-image-1463\" srcset=\"https:\/\/cinemahouse.cz\/wp-content\/uploads\/2020\/02\/cerna_nebo_bila_78_V-1024x691.jpg 1024w, https:\/\/cinemahouse.cz\/wp-content\/uploads\/2020\/02\/cerna_nebo_bila_78_V-300x203.jpg 300w, https:\/\/cinemahouse.cz\/wp-content\/uploads\/2020\/02\/cerna_nebo_bila_78_V-768x518.jpg 768w, https:\/\/cinemahouse.cz\/wp-content\/uploads\/2020\/02\/cerna_nebo_bila_78_V.jpg 1271w\" sizes=\"(max-width: 1024px) 100vw, 1024px\" \/><\/figure><\/li><li class=\"blocks-gallery-item\"><figure><img decoding=\"async\" loading=\"lazy\" width=\"717\" height=\"1024\" src=\"http:\/\/cinemahouse.cz\/wp-content\/uploads\/2020\/02\/Daria-VIZUAL-1-717x1024.jpg\" alt=\"\" data-id=\"1464\" data-link=\"http:\/\/cinemahouse.cz\/index.php\/2020\/02\/04\/cesky-mystery-thriller-s-mezinarodnim-obsazenim-uz-se-promita-v-kinech\/daria-vizual-2\/\" class=\"wp-image-1464\" srcset=\"https:\/\/cinemahouse.cz\/wp-content\/uploads\/2020\/02\/Daria-VIZUAL-1-717x1024.jpg 717w, https:\/\/cinemahouse.cz\/wp-content\/uploads\/2020\/02\/Daria-VIZUAL-1-210x300.jpg 210w, https:\/\/cinemahouse.cz\/wp-content\/uploads\/2020\/02\/Daria-VIZUAL-1-768x1096.jpg 768w, https:\/\/cinemahouse.cz\/wp-content\/uploads\/2020\/02\/Daria-VIZUAL-1.jpg 896w\" sizes=\"(max-width: 717px) 100vw, 717px\" \/><\/figure><\/li><li class=\"blocks-gallery-item\"><figure><img decoding=\"async\" loading=\"lazy\" width=\"1024\" height=\"512\" src=\"http:\/\/cinemahouse.cz\/wp-content\/uploads\/2020\/02\/Daria-pozv\u00e1nka-16-h-1024x512.jpg\" alt=\"\" data-id=\"1465\" data-link=\"http:\/\/cinemahouse.cz\/index.php\/2020\/02\/04\/cesky-mystery-thriller-s-mezinarodnim-obsazenim-uz-se-promita-v-kinech\/daria-pozvanka-16-h\/\" class=\"wp-image-1465\" srcset=\"https:\/\/cinemahouse.cz\/wp-content\/uploads\/2020\/02\/Daria-pozv\u00e1nka-16-h-1024x512.jpg 1024w, https:\/\/cinemahouse.cz\/wp-content\/uploads\/2020\/02\/Daria-pozv\u00e1nka-16-h-300x150.jpg 300w, https:\/\/cinemahouse.cz\/wp-content\/uploads\/2020\/02\/Daria-pozv\u00e1nka-16-h-768x384.jpg 768w\" sizes=\"(max-width: 1024px) 100vw, 1024px\" \/><\/figure><\/li><\/ul>\n","protected":false},"excerpt":{"rendered":"<p>U\u017e 30. ledna vstoupil do kin nov\u00fd \u010desk\u00fd film s n\u00e1zvem Daria. Sn\u00edmek si zakl\u00e1d\u00e1 na kvalitn\u00ed vizu\u00e1ln\u00ed str\u00e1nce a krom\u011b mnoha zvu\u010dn\u00fdch \u010desk\u00fdch jmen se v hlavn\u00edch rol\u00edch objev\u00ed tak\u00e9 polsk\u00fd herec Pawel&#46;&#46;&#46;<\/p>\n","protected":false},"author":2,"featured_media":1459,"comment_status":"closed","ping_status":"closed","sticky":false,"template":"","format":"standard","meta":{"_monsterinsights_skip_tracking":false,"_monsterinsights_sitenote_active":false,"_monsterinsights_sitenote_note":"","_monsterinsights_sitenote_category":0,"footnotes":""},"categories":[3,2,5],"tags":[],"yoast_head":"<!-- This site is optimized with the Yoast SEO plugin v21.4 - https:\/\/yoast.com\/wordpress\/plugins\/seo\/ -->\n<title>\u010cesk\u00fd mystery thriller s\u00a0mezin\u00e1rodn\u00edm obsazen\u00edm u\u017e se prom\u00edt\u00e1 v kinech - CINEMAHOUSE.cz<\/title>\n<meta name=\"robots\" content=\"index, follow, max-snippet:-1, max-image-preview:large, max-video-preview:-1\" \/>\n<link rel=\"canonical\" href=\"https:\/\/cinemahouse.cz\/index.php\/2020\/02\/04\/cesky-mystery-thriller-s-mezinarodnim-obsazenim-uz-se-promita-v-kinech\/\" \/>\n<meta property=\"og:locale\" content=\"cs_CZ\" \/>\n<meta property=\"og:type\" content=\"article\" \/>\n<meta property=\"og:title\" content=\"\u010cesk\u00fd mystery thriller s\u00a0mezin\u00e1rodn\u00edm obsazen\u00edm u\u017e se prom\u00edt\u00e1 v kinech - CINEMAHOUSE.cz\" \/>\n<meta property=\"og:description\" content=\"U\u017e 30. ledna vstoupil do kin nov\u00fd \u010desk\u00fd film s n\u00e1zvem Daria. Sn\u00edmek si zakl\u00e1d\u00e1 na kvalitn\u00ed vizu\u00e1ln\u00ed str\u00e1nce a krom\u011b mnoha zvu\u010dn\u00fdch \u010desk\u00fdch jmen se v hlavn\u00edch rol\u00edch objev\u00ed tak\u00e9 polsk\u00fd herec Pawel&#046;&#046;&#046;\" \/>\n<meta property=\"og:url\" content=\"https:\/\/cinemahouse.cz\/index.php\/2020\/02\/04\/cesky-mystery-thriller-s-mezinarodnim-obsazenim-uz-se-promita-v-kinech\/\" \/>\n<meta property=\"og:site_name\" content=\"CINEMAHOUSE.cz\" \/>\n<meta property=\"article:published_time\" content=\"2020-02-04T19:08:38+00:00\" \/>\n<meta property=\"article:modified_time\" content=\"2020-02-04T19:47:05+00:00\" \/>\n<meta property=\"og:image\" content=\"https:\/\/cinemahouse.cz\/wp-content\/uploads\/2020\/02\/cerna_nebo_bila_6_V.jpg\" \/>\n\t<meta property=\"og:image:width\" content=\"1324\" \/>\n\t<meta property=\"og:image:height\" content=\"858\" \/>\n\t<meta property=\"og:image:type\" content=\"image\/jpeg\" \/>\n<meta name=\"author\" content=\"Miroslav Van\u011bk\" \/>\n<meta name=\"twitter:card\" content=\"summary_large_image\" \/>\n<meta name=\"twitter:label1\" content=\"Napsal(a)\" \/>\n\t<meta name=\"twitter:data1\" content=\"Miroslav Van\u011bk\" \/>\n\t<meta name=\"twitter:label2\" content=\"Odhadovan\u00e1 doba \u010dten\u00ed\" \/>\n\t<meta name=\"twitter:data2\" content=\"5 minut\" \/>\n<script type=\"application\/ld+json\" class=\"yoast-schema-graph\">{\"@context\":\"https:\/\/schema.org\",\"@graph\":[{\"@type\":\"Article\",\"@id\":\"https:\/\/cinemahouse.cz\/index.php\/2020\/02\/04\/cesky-mystery-thriller-s-mezinarodnim-obsazenim-uz-se-promita-v-kinech\/#article\",\"isPartOf\":{\"@id\":\"https:\/\/cinemahouse.cz\/index.php\/2020\/02\/04\/cesky-mystery-thriller-s-mezinarodnim-obsazenim-uz-se-promita-v-kinech\/\"},\"author\":{\"name\":\"Miroslav Van\u011bk\",\"@id\":\"https:\/\/cinemahouse.cz\/#\/schema\/person\/b4b442f183df4da20f147173def615f2\"},\"headline\":\"\u010cesk\u00fd mystery thriller s\u00a0mezin\u00e1rodn\u00edm obsazen\u00edm u\u017e se prom\u00edt\u00e1 v kinech\",\"datePublished\":\"2020-02-04T19:08:38+00:00\",\"dateModified\":\"2020-02-04T19:47:05+00:00\",\"mainEntityOfPage\":{\"@id\":\"https:\/\/cinemahouse.cz\/index.php\/2020\/02\/04\/cesky-mystery-thriller-s-mezinarodnim-obsazenim-uz-se-promita-v-kinech\/\"},\"wordCount\":969,\"publisher\":{\"@id\":\"https:\/\/cinemahouse.cz\/#organization\"},\"articleSection\":[\"FILMOV\u00c9 NOVINKY\",\"NEWS\",\"TRAILERY\"],\"inLanguage\":\"cs\"},{\"@type\":\"WebPage\",\"@id\":\"https:\/\/cinemahouse.cz\/index.php\/2020\/02\/04\/cesky-mystery-thriller-s-mezinarodnim-obsazenim-uz-se-promita-v-kinech\/\",\"url\":\"https:\/\/cinemahouse.cz\/index.php\/2020\/02\/04\/cesky-mystery-thriller-s-mezinarodnim-obsazenim-uz-se-promita-v-kinech\/\",\"name\":\"\u010cesk\u00fd mystery thriller s\u00a0mezin\u00e1rodn\u00edm obsazen\u00edm u\u017e se prom\u00edt\u00e1 v kinech - CINEMAHOUSE.cz\",\"isPartOf\":{\"@id\":\"https:\/\/cinemahouse.cz\/#website\"},\"datePublished\":\"2020-02-04T19:08:38+00:00\",\"dateModified\":\"2020-02-04T19:47:05+00:00\",\"breadcrumb\":{\"@id\":\"https:\/\/cinemahouse.cz\/index.php\/2020\/02\/04\/cesky-mystery-thriller-s-mezinarodnim-obsazenim-uz-se-promita-v-kinech\/#breadcrumb\"},\"inLanguage\":\"cs\",\"potentialAction\":[{\"@type\":\"ReadAction\",\"target\":[\"https:\/\/cinemahouse.cz\/index.php\/2020\/02\/04\/cesky-mystery-thriller-s-mezinarodnim-obsazenim-uz-se-promita-v-kinech\/\"]}]},{\"@type\":\"BreadcrumbList\",\"@id\":\"https:\/\/cinemahouse.cz\/index.php\/2020\/02\/04\/cesky-mystery-thriller-s-mezinarodnim-obsazenim-uz-se-promita-v-kinech\/#breadcrumb\",\"itemListElement\":[{\"@type\":\"ListItem\",\"position\":1,\"name\":\"Dom\u016f\",\"item\":\"https:\/\/cinemahouse.cz\/\"},{\"@type\":\"ListItem\",\"position\":2,\"name\":\"\u010cesk\u00fd mystery thriller s\u00a0mezin\u00e1rodn\u00edm obsazen\u00edm u\u017e se prom\u00edt\u00e1 v kinech\"}]},{\"@type\":\"WebSite\",\"@id\":\"https:\/\/cinemahouse.cz\/#website\",\"url\":\"https:\/\/cinemahouse.cz\/\",\"name\":\"CINEMAHOUSE.cz\",\"description\":\"Port\u00e1l o filmov\u00fdch novink\u00e1ch\",\"publisher\":{\"@id\":\"https:\/\/cinemahouse.cz\/#organization\"},\"potentialAction\":[{\"@type\":\"SearchAction\",\"target\":{\"@type\":\"EntryPoint\",\"urlTemplate\":\"https:\/\/cinemahouse.cz\/?s={search_term_string}\"},\"query-input\":\"required name=search_term_string\"}],\"inLanguage\":\"cs\"},{\"@type\":\"Organization\",\"@id\":\"https:\/\/cinemahouse.cz\/#organization\",\"name\":\"CINEMAHOUSE.cz\",\"url\":\"https:\/\/cinemahouse.cz\/\",\"logo\":{\"@type\":\"ImageObject\",\"inLanguage\":\"cs\",\"@id\":\"https:\/\/cinemahouse.cz\/#\/schema\/logo\/image\/\",\"url\":\"https:\/\/cinemahouse.cz\/wp-content\/uploads\/2024\/12\/cropped-Logo_CinemaHouse.jpg\",\"contentUrl\":\"https:\/\/cinemahouse.cz\/wp-content\/uploads\/2024\/12\/cropped-Logo_CinemaHouse.jpg\",\"width\":926,\"height\":467,\"caption\":\"CINEMAHOUSE.cz\"},\"image\":{\"@id\":\"https:\/\/cinemahouse.cz\/#\/schema\/logo\/image\/\"}},{\"@type\":\"Person\",\"@id\":\"https:\/\/cinemahouse.cz\/#\/schema\/person\/b4b442f183df4da20f147173def615f2\",\"name\":\"Miroslav Van\u011bk\",\"image\":{\"@type\":\"ImageObject\",\"inLanguage\":\"cs\",\"@id\":\"https:\/\/cinemahouse.cz\/#\/schema\/person\/image\/\",\"url\":\"https:\/\/secure.gravatar.com\/avatar\/cc93dbecbfc820d69a964ea4a1c72377?s=96&d=mm&r=g\",\"contentUrl\":\"https:\/\/secure.gravatar.com\/avatar\/cc93dbecbfc820d69a964ea4a1c72377?s=96&d=mm&r=g\",\"caption\":\"Miroslav Van\u011bk\"},\"sameAs\":[\"http:\/\/www.cinemahouse.cz\"],\"url\":\"https:\/\/cinemahouse.cz\/index.php\/author\/mirvan\/\"}]}<\/script>\n<!-- \/ Yoast SEO plugin. -->","yoast_head_json":{"title":"\u010cesk\u00fd mystery thriller s\u00a0mezin\u00e1rodn\u00edm obsazen\u00edm u\u017e se prom\u00edt\u00e1 v kinech - CINEMAHOUSE.cz","robots":{"index":"index","follow":"follow","max-snippet":"max-snippet:-1","max-image-preview":"max-image-preview:large","max-video-preview":"max-video-preview:-1"},"canonical":"https:\/\/cinemahouse.cz\/index.php\/2020\/02\/04\/cesky-mystery-thriller-s-mezinarodnim-obsazenim-uz-se-promita-v-kinech\/","og_locale":"cs_CZ","og_type":"article","og_title":"\u010cesk\u00fd mystery thriller s\u00a0mezin\u00e1rodn\u00edm obsazen\u00edm u\u017e se prom\u00edt\u00e1 v kinech - CINEMAHOUSE.cz","og_description":"U\u017e 30. ledna vstoupil do kin nov\u00fd \u010desk\u00fd film s n\u00e1zvem Daria. Sn\u00edmek si zakl\u00e1d\u00e1 na kvalitn\u00ed vizu\u00e1ln\u00ed str\u00e1nce a krom\u011b mnoha zvu\u010dn\u00fdch \u010desk\u00fdch jmen se v hlavn\u00edch rol\u00edch objev\u00ed tak\u00e9 polsk\u00fd herec Pawel&#46;&#46;&#46;","og_url":"https:\/\/cinemahouse.cz\/index.php\/2020\/02\/04\/cesky-mystery-thriller-s-mezinarodnim-obsazenim-uz-se-promita-v-kinech\/","og_site_name":"CINEMAHOUSE.cz","article_published_time":"2020-02-04T19:08:38+00:00","article_modified_time":"2020-02-04T19:47:05+00:00","og_image":[{"width":1324,"height":858,"url":"https:\/\/cinemahouse.cz\/wp-content\/uploads\/2020\/02\/cerna_nebo_bila_6_V.jpg","type":"image\/jpeg"}],"author":"Miroslav Van\u011bk","twitter_card":"summary_large_image","twitter_misc":{"Napsal(a)":"Miroslav Van\u011bk","Odhadovan\u00e1 doba \u010dten\u00ed":"5 minut"},"schema":{"@context":"https:\/\/schema.org","@graph":[{"@type":"Article","@id":"https:\/\/cinemahouse.cz\/index.php\/2020\/02\/04\/cesky-mystery-thriller-s-mezinarodnim-obsazenim-uz-se-promita-v-kinech\/#article","isPartOf":{"@id":"https:\/\/cinemahouse.cz\/index.php\/2020\/02\/04\/cesky-mystery-thriller-s-mezinarodnim-obsazenim-uz-se-promita-v-kinech\/"},"author":{"name":"Miroslav Van\u011bk","@id":"https:\/\/cinemahouse.cz\/#\/schema\/person\/b4b442f183df4da20f147173def615f2"},"headline":"\u010cesk\u00fd mystery thriller s\u00a0mezin\u00e1rodn\u00edm obsazen\u00edm u\u017e se prom\u00edt\u00e1 v kinech","datePublished":"2020-02-04T19:08:38+00:00","dateModified":"2020-02-04T19:47:05+00:00","mainEntityOfPage":{"@id":"https:\/\/cinemahouse.cz\/index.php\/2020\/02\/04\/cesky-mystery-thriller-s-mezinarodnim-obsazenim-uz-se-promita-v-kinech\/"},"wordCount":969,"publisher":{"@id":"https:\/\/cinemahouse.cz\/#organization"},"articleSection":["FILMOV\u00c9 NOVINKY","NEWS","TRAILERY"],"inLanguage":"cs"},{"@type":"WebPage","@id":"https:\/\/cinemahouse.cz\/index.php\/2020\/02\/04\/cesky-mystery-thriller-s-mezinarodnim-obsazenim-uz-se-promita-v-kinech\/","url":"https:\/\/cinemahouse.cz\/index.php\/2020\/02\/04\/cesky-mystery-thriller-s-mezinarodnim-obsazenim-uz-se-promita-v-kinech\/","name":"\u010cesk\u00fd mystery thriller s\u00a0mezin\u00e1rodn\u00edm obsazen\u00edm u\u017e se prom\u00edt\u00e1 v kinech - CINEMAHOUSE.cz","isPartOf":{"@id":"https:\/\/cinemahouse.cz\/#website"},"datePublished":"2020-02-04T19:08:38+00:00","dateModified":"2020-02-04T19:47:05+00:00","breadcrumb":{"@id":"https:\/\/cinemahouse.cz\/index.php\/2020\/02\/04\/cesky-mystery-thriller-s-mezinarodnim-obsazenim-uz-se-promita-v-kinech\/#breadcrumb"},"inLanguage":"cs","potentialAction":[{"@type":"ReadAction","target":["https:\/\/cinemahouse.cz\/index.php\/2020\/02\/04\/cesky-mystery-thriller-s-mezinarodnim-obsazenim-uz-se-promita-v-kinech\/"]}]},{"@type":"BreadcrumbList","@id":"https:\/\/cinemahouse.cz\/index.php\/2020\/02\/04\/cesky-mystery-thriller-s-mezinarodnim-obsazenim-uz-se-promita-v-kinech\/#breadcrumb","itemListElement":[{"@type":"ListItem","position":1,"name":"Dom\u016f","item":"https:\/\/cinemahouse.cz\/"},{"@type":"ListItem","position":2,"name":"\u010cesk\u00fd mystery thriller s\u00a0mezin\u00e1rodn\u00edm obsazen\u00edm u\u017e se prom\u00edt\u00e1 v kinech"}]},{"@type":"WebSite","@id":"https:\/\/cinemahouse.cz\/#website","url":"https:\/\/cinemahouse.cz\/","name":"CINEMAHOUSE.cz","description":"Port\u00e1l o filmov\u00fdch novink\u00e1ch","publisher":{"@id":"https:\/\/cinemahouse.cz\/#organization"},"potentialAction":[{"@type":"SearchAction","target":{"@type":"EntryPoint","urlTemplate":"https:\/\/cinemahouse.cz\/?s={search_term_string}"},"query-input":"required name=search_term_string"}],"inLanguage":"cs"},{"@type":"Organization","@id":"https:\/\/cinemahouse.cz\/#organization","name":"CINEMAHOUSE.cz","url":"https:\/\/cinemahouse.cz\/","logo":{"@type":"ImageObject","inLanguage":"cs","@id":"https:\/\/cinemahouse.cz\/#\/schema\/logo\/image\/","url":"https:\/\/cinemahouse.cz\/wp-content\/uploads\/2024\/12\/cropped-Logo_CinemaHouse.jpg","contentUrl":"https:\/\/cinemahouse.cz\/wp-content\/uploads\/2024\/12\/cropped-Logo_CinemaHouse.jpg","width":926,"height":467,"caption":"CINEMAHOUSE.cz"},"image":{"@id":"https:\/\/cinemahouse.cz\/#\/schema\/logo\/image\/"}},{"@type":"Person","@id":"https:\/\/cinemahouse.cz\/#\/schema\/person\/b4b442f183df4da20f147173def615f2","name":"Miroslav Van\u011bk","image":{"@type":"ImageObject","inLanguage":"cs","@id":"https:\/\/cinemahouse.cz\/#\/schema\/person\/image\/","url":"https:\/\/secure.gravatar.com\/avatar\/cc93dbecbfc820d69a964ea4a1c72377?s=96&d=mm&r=g","contentUrl":"https:\/\/secure.gravatar.com\/avatar\/cc93dbecbfc820d69a964ea4a1c72377?s=96&d=mm&r=g","caption":"Miroslav Van\u011bk"},"sameAs":["http:\/\/www.cinemahouse.cz"],"url":"https:\/\/cinemahouse.cz\/index.php\/author\/mirvan\/"}]}},"_links":{"self":[{"href":"https:\/\/cinemahouse.cz\/index.php\/wp-json\/wp\/v2\/posts\/1454"}],"collection":[{"href":"https:\/\/cinemahouse.cz\/index.php\/wp-json\/wp\/v2\/posts"}],"about":[{"href":"https:\/\/cinemahouse.cz\/index.php\/wp-json\/wp\/v2\/types\/post"}],"author":[{"embeddable":true,"href":"https:\/\/cinemahouse.cz\/index.php\/wp-json\/wp\/v2\/users\/2"}],"replies":[{"embeddable":true,"href":"https:\/\/cinemahouse.cz\/index.php\/wp-json\/wp\/v2\/comments?post=1454"}],"version-history":[{"count":5,"href":"https:\/\/cinemahouse.cz\/index.php\/wp-json\/wp\/v2\/posts\/1454\/revisions"}],"predecessor-version":[{"id":1469,"href":"https:\/\/cinemahouse.cz\/index.php\/wp-json\/wp\/v2\/posts\/1454\/revisions\/1469"}],"wp:featuredmedia":[{"embeddable":true,"href":"https:\/\/cinemahouse.cz\/index.php\/wp-json\/wp\/v2\/media\/1459"}],"wp:attachment":[{"href":"https:\/\/cinemahouse.cz\/index.php\/wp-json\/wp\/v2\/media?parent=1454"}],"wp:term":[{"taxonomy":"category","embeddable":true,"href":"https:\/\/cinemahouse.cz\/index.php\/wp-json\/wp\/v2\/categories?post=1454"},{"taxonomy":"post_tag","embeddable":true,"href":"https:\/\/cinemahouse.cz\/index.php\/wp-json\/wp\/v2\/tags?post=1454"}],"curies":[{"name":"wp","href":"https:\/\/api.w.org\/{rel}","templated":true}]}}