{"id":1212,"date":"2019-12-03T00:01:12","date_gmt":"2019-12-02T23:01:12","guid":{"rendered":"http:\/\/cinemahouse.cz\/?p=1212"},"modified":"2019-12-04T05:55:47","modified_gmt":"2019-12-04T04:55:47","slug":"iransky-film-v-lednu-zavita-do-ceska-i-na-slovensko","status":"publish","type":"post","link":"https:\/\/cinemahouse.cz\/index.php\/2019\/12\/03\/iransky-film-v-lednu-zavita-do-ceska-i-na-slovensko\/","title":{"rendered":"\u00cdr\u00e1nsk\u00fd film v lednu zav\u00edt\u00e1 do \u010ceska i na Slovensko"},"content":{"rendered":"\n<p> V\u00a0lednu 2020 prob\u011bhne v\u00a0pra\u017esk\u00fdch kinech <strong>dev\u00e1t\u00fd ro\u010dn\u00edk filmov\u00e9ho festivalu \u00cdR\u00c1N:CI<\/strong>. Jako ka\u017ed\u00fd rok nab\u00eddne bohat\u00fd program to nejlep\u0161\u00ed z\u00a0\u00edr\u00e1nsk\u00e9 filmov\u00e9 produkce. Festival bude slavnostn\u011b zah\u00e1jen <strong>15. ledna<\/strong> v\u00a0kin\u011b Sv\u011btozor za \u00fa\u010dasti v\u00fdznamn\u00fdch osobnost\u00ed \u00edr\u00e1nsk\u00e9ho filmu, jeho zakon\u010den\u00ed se pak uskute\u010dn\u00ed tamt\u00e9\u017e v\u00a0ned\u011bli 19. ledna. V\u00a0leto\u0161n\u00edm roce bude festival prob\u00edhat na p\u011bti m\u00edstech: v\u00a0kinech Sv\u011btozor a Bio Oko, v\u00a0kulturn\u00edm prostoru ScreenShot, na Karlov\u011b univerzit\u011b a na Prague Film School. <\/p>\n\n\n\n<figure class=\"wp-block-image\"><img decoding=\"async\" loading=\"lazy\" width=\"1024\" height=\"683\" src=\"http:\/\/cinemahouse.cz\/wp-content\/uploads\/2019\/12\/Zah\u00e1jen\u00ed-\u00cdR\u00c1NCI-2019-1024x683.jpg\" alt=\"\" class=\"wp-image-1213\" srcset=\"https:\/\/cinemahouse.cz\/wp-content\/uploads\/2019\/12\/Zah\u00e1jen\u00ed-\u00cdR\u00c1NCI-2019-1024x683.jpg 1024w, https:\/\/cinemahouse.cz\/wp-content\/uploads\/2019\/12\/Zah\u00e1jen\u00ed-\u00cdR\u00c1NCI-2019-300x200.jpg 300w, https:\/\/cinemahouse.cz\/wp-content\/uploads\/2019\/12\/Zah\u00e1jen\u00ed-\u00cdR\u00c1NCI-2019-768x512.jpg 768w, https:\/\/cinemahouse.cz\/wp-content\/uploads\/2019\/12\/Zah\u00e1jen\u00ed-\u00cdR\u00c1NCI-2019.jpg 1200w\" sizes=\"(max-width: 1024px) 100vw, 1024px\" \/><\/figure>\n\n\n\n<p>Festival \u00cdR\u00c1N:CI letos ponese podtitul \u201eUNIKNI!\u201c. Um\u011bleck\u00fd \u0159editel <strong>Kaveh Daneshmand<\/strong> k\u00a0t\u00e9matu \u0159\u00edk\u00e1: <em>Dev\u00e1t\u00fd ro\u010dn\u00edk filmov\u00e9ho festivalu \u00cdR\u00c1N:CI op\u011bt nab\u00eddne program slo\u017een\u00fd z\u00a0pe\u010dliv\u011b vybran\u00fdch titul\u016f. Tato mezin\u00e1rodn\u011b uzn\u00e1van\u00e1 um\u011bleck\u00e1 d\u00edla p\u0159in\u00e1\u0161\u00ed p\u0159\u00edb\u011bhy, kter\u00e9\u00a0spojuje jedno t\u00e9ma: v\u0161ichni jejich protagonist\u00e9 se sna\u017e\u00ed <strong>uniknout za hranice sv\u011bta z\u00e1kaz\u016f a zd\u00ed, kter\u00e9 je omezuj\u00ed<\/strong><\/em><em>. Kl\u00ed\u010dov\u00fdm slovem dev\u00e1t\u00e9ho ro\u010dn\u00edku festivalu je\u00a0nepochybn\u011b \u201e<strong>vysvobozen\u00ed<\/strong><\/em><em>\u201c.<\/em><\/p>\n\n\n\n<figure class=\"wp-block-image\"><img decoding=\"async\" loading=\"lazy\" width=\"799\" height=\"531\" src=\"http:\/\/cinemahouse.cz\/wp-content\/uploads\/2019\/12\/WARMUP-A-still-from-Bitter-Dream-re\u017eie-Mohsen-Amiryoussefi-Iran-2004.jpg\" alt=\"\" class=\"wp-image-1215\" srcset=\"https:\/\/cinemahouse.cz\/wp-content\/uploads\/2019\/12\/WARMUP-A-still-from-Bitter-Dream-re\u017eie-Mohsen-Amiryoussefi-Iran-2004.jpg 799w, https:\/\/cinemahouse.cz\/wp-content\/uploads\/2019\/12\/WARMUP-A-still-from-Bitter-Dream-re\u017eie-Mohsen-Amiryoussefi-Iran-2004-300x199.jpg 300w, https:\/\/cinemahouse.cz\/wp-content\/uploads\/2019\/12\/WARMUP-A-still-from-Bitter-Dream-re\u017eie-Mohsen-Amiryoussefi-Iran-2004-768x510.jpg 768w\" sizes=\"(max-width: 799px) 100vw, 799px\" \/><\/figure>\n\n\n\n<p>Novinkou leto\u0161n\u00edho ro\u010dn\u00edku je <strong>Warm-up<\/strong>, kter\u00fd se kon\u00e1 o v\u00edkendu <strong>6.\u00a0\u2013\u00a08.\u00a0prosince 2019<\/strong>. B\u011bhem t\u0159\u00ed dn\u016f si milovn\u00edci \u00edr\u00e1nsk\u00e9ho filmu budou moci p\u0159ipomenout nejlep\u0161\u00ed z\u00e1\u017eitky z\u00a0uplynul\u00fdch ro\u010dn\u00edk\u016f festivalu. Akce prob\u011bhne ve\u00a0<strong>ScreenShotu<\/strong> na Petrsk\u00e9m n\u00e1m\u011bst\u00ed, nov\u011b otev\u0159en\u00e9m klubov\u00e9m prostoru s\u00a0prom\u00edtac\u00edm s\u00e1lem, zam\u011b\u0159en\u00e9m na \u010deskou i\u00a0zahrani\u010dn\u00ed filmovou kulturu. Na programu se objev\u00ed jeden z\u00a0celove\u010dern\u00edch film\u016f, jeden\u00a0dokument a dva bloky kr\u00e1tk\u00fdch film\u016f. <strong>Po p\u00e1te\u010dn\u00edm prom\u00edt\u00e1n\u00ed budou m\u00edt div\u00e1ci mo\u017enost z\u016fstat v\u00a0klubov\u00e9m prostoru a u\u017e\u00edvat p\u0159\u00edjemn\u00e9 filmov\u00e9 atmosf\u00e9ry.<\/strong> <\/p>\n\n\n\n<p>Samotn\u00fd festival p\u0159edstav\u00ed okolo des\u00edtky film\u016f ve t\u0159ech kategori\u00edch. Porota festivalu se zam\u011b\u0159\u00ed zejm\u00e9na na <strong>sout\u011b\u017en\u00ed kategorii celove\u010dern\u00edch film\u016f<\/strong>. Jeden ze sn\u00edmk\u016f bude na konci festivalu odm\u011bn\u011bn <strong>hlavn\u00ed cenou za celove\u010dern\u00ed hran\u00fd film<\/strong>. Rozhodovat v\u0161ak budou moci i div\u00e1ci, jeden z\u00a0celove\u010dern\u00edch film\u016f tak obdr\u017e\u00ed i <strong>cenu publika<\/strong>. V\u00a0lo\u0148sk\u00e9m roce z\u00edskal hlavn\u00ed cenu festivalu sn\u00edmek <strong>Drezura<\/strong>. Re\u017eis\u00e9r Pooya Badkoobeh se v\u00a0n\u011bm zam\u011b\u0159il na ot\u00e1zku moci a pokrytectv\u00ed. Krom\u011b hlavn\u00edho programu v\u0161ak na div\u00e1ky \u010dek\u00e1 tak\u00e9 bohat\u00fd <strong>doprovodn\u00fd program<\/strong> \u2013 jeho c\u00edlem bude p\u0159ibl\u00ed\u017eit \u00edr\u00e1nskou kulturu nejen filmov\u00fdm nad\u0161enc\u016fm skrze semin\u00e1\u0159e, diskuze a dal\u0161\u00ed aktivity.  <\/p>\n\n\n\n<p>\nGener\u00e1ln\u00edm\npartnerem festivalu \u00cdR\u00c1N:CI 2020 je <strong>Farsi\nCinema Center<\/strong>\n\u2013 Centrum persk\u00e9ho filmu s\u00eddl\u00edc\u00ed v&nbsp;kanadsk\u00e9m Torontu. FCC\nje prvn\u00ed <strong>nez\u00e1vislou\nplatformou<\/strong>\nza\u0161ti\u0165uj\u00edc\u00ed propagaci a distribuci filmov\u00e9 tvorby\nz&nbsp;<strong>perskojazy\u010dn\u00fdch\noblast\u00ed<\/strong>,\nnap\u0159\u00edklad&nbsp;z&nbsp;\u00cdr\u00e1nu, Afgh\u00e1nist\u00e1nu \u010di T\u00e1d\u017eikist\u00e1nu. \n<\/p>\n\n\n\n<p>Festival \u00cdR\u00c1N:CI prob\u011bhne v <strong>Praze<\/strong> ve dnech 15. \u2013 19. ledna a v\u00a0<strong>Brn\u011b<\/strong> ve dnech 20.\u00a0\u2013\u00a022.\u00a0ledna 2020. Pot\u00e9 se p\u0159esune i na Slovensko, a to do <strong>Bratislavy<\/strong> a do <strong>Ko\u0161ic<\/strong>. <\/p>\n","protected":false},"excerpt":{"rendered":"<p>V\u00a0lednu 2020 prob\u011bhne v\u00a0pra\u017esk\u00fdch kinech dev\u00e1t\u00fd ro\u010dn\u00edk filmov\u00e9ho festivalu \u00cdR\u00c1N:CI. Jako ka\u017ed\u00fd rok nab\u00eddne bohat\u00fd program to nejlep\u0161\u00ed z\u00a0\u00edr\u00e1nsk\u00e9 filmov\u00e9 produkce. Festival bude slavnostn\u011b zah\u00e1jen 15. ledna v\u00a0kin\u011b Sv\u011btozor za \u00fa\u010dasti v\u00fdznamn\u00fdch osobnost\u00ed \u00edr\u00e1nsk\u00e9ho&#46;&#46;&#46;<\/p>\n","protected":false},"author":2,"featured_media":1213,"comment_status":"closed","ping_status":"closed","sticky":false,"template":"","format":"standard","meta":{"_monsterinsights_skip_tracking":false,"_monsterinsights_sitenote_active":false,"_monsterinsights_sitenote_note":"","_monsterinsights_sitenote_category":0,"footnotes":""},"categories":[2,13],"tags":[],"yoast_head":"<!-- This site is optimized with the Yoast SEO plugin v21.4 - https:\/\/yoast.com\/wordpress\/plugins\/seo\/ -->\n<title>\u00cdr\u00e1nsk\u00fd film v lednu zav\u00edt\u00e1 do \u010ceska i na Slovensko - CINEMAHOUSE.cz<\/title>\n<meta name=\"robots\" content=\"index, follow, max-snippet:-1, max-image-preview:large, max-video-preview:-1\" \/>\n<link rel=\"canonical\" href=\"https:\/\/cinemahouse.cz\/index.php\/2019\/12\/03\/iransky-film-v-lednu-zavita-do-ceska-i-na-slovensko\/\" \/>\n<meta property=\"og:locale\" content=\"cs_CZ\" \/>\n<meta property=\"og:type\" content=\"article\" \/>\n<meta property=\"og:title\" content=\"\u00cdr\u00e1nsk\u00fd film v lednu zav\u00edt\u00e1 do \u010ceska i na Slovensko - CINEMAHOUSE.cz\" \/>\n<meta property=\"og:description\" content=\"V\u00a0lednu 2020 prob\u011bhne v\u00a0pra\u017esk\u00fdch kinech dev\u00e1t\u00fd ro\u010dn\u00edk filmov\u00e9ho festivalu \u00cdR\u00c1N:CI. Jako ka\u017ed\u00fd rok nab\u00eddne bohat\u00fd program to nejlep\u0161\u00ed z\u00a0\u00edr\u00e1nsk\u00e9 filmov\u00e9 produkce. Festival bude slavnostn\u011b zah\u00e1jen 15. ledna v\u00a0kin\u011b Sv\u011btozor za \u00fa\u010dasti v\u00fdznamn\u00fdch osobnost\u00ed \u00edr\u00e1nsk\u00e9ho&#046;&#046;&#046;\" \/>\n<meta property=\"og:url\" content=\"https:\/\/cinemahouse.cz\/index.php\/2019\/12\/03\/iransky-film-v-lednu-zavita-do-ceska-i-na-slovensko\/\" \/>\n<meta property=\"og:site_name\" content=\"CINEMAHOUSE.cz\" \/>\n<meta property=\"article:published_time\" content=\"2019-12-02T23:01:12+00:00\" \/>\n<meta property=\"article:modified_time\" content=\"2019-12-04T04:55:47+00:00\" \/>\n<meta property=\"og:image\" content=\"https:\/\/cinemahouse.cz\/wp-content\/uploads\/2019\/12\/Zah\u00e1jen\u00ed-\u00cdR\u00c1NCI-2019.jpg\" \/>\n\t<meta property=\"og:image:width\" content=\"1200\" \/>\n\t<meta property=\"og:image:height\" content=\"800\" \/>\n\t<meta property=\"og:image:type\" content=\"image\/jpeg\" \/>\n<meta name=\"author\" content=\"Miroslav Van\u011bk\" \/>\n<meta name=\"twitter:card\" content=\"summary_large_image\" \/>\n<meta name=\"twitter:label1\" content=\"Napsal(a)\" \/>\n\t<meta name=\"twitter:data1\" content=\"Miroslav Van\u011bk\" \/>\n\t<meta name=\"twitter:label2\" content=\"Odhadovan\u00e1 doba \u010dten\u00ed\" \/>\n\t<meta name=\"twitter:data2\" content=\"3 minuty\" \/>\n<script type=\"application\/ld+json\" class=\"yoast-schema-graph\">{\"@context\":\"https:\/\/schema.org\",\"@graph\":[{\"@type\":\"Article\",\"@id\":\"https:\/\/cinemahouse.cz\/index.php\/2019\/12\/03\/iransky-film-v-lednu-zavita-do-ceska-i-na-slovensko\/#article\",\"isPartOf\":{\"@id\":\"https:\/\/cinemahouse.cz\/index.php\/2019\/12\/03\/iransky-film-v-lednu-zavita-do-ceska-i-na-slovensko\/\"},\"author\":{\"name\":\"Miroslav Van\u011bk\",\"@id\":\"https:\/\/cinemahouse.cz\/#\/schema\/person\/b4b442f183df4da20f147173def615f2\"},\"headline\":\"\u00cdr\u00e1nsk\u00fd film v lednu zav\u00edt\u00e1 do \u010ceska i na Slovensko\",\"datePublished\":\"2019-12-02T23:01:12+00:00\",\"dateModified\":\"2019-12-04T04:55:47+00:00\",\"mainEntityOfPage\":{\"@id\":\"https:\/\/cinemahouse.cz\/index.php\/2019\/12\/03\/iransky-film-v-lednu-zavita-do-ceska-i-na-slovensko\/\"},\"wordCount\":551,\"publisher\":{\"@id\":\"https:\/\/cinemahouse.cz\/#organization\"},\"articleSection\":[\"NEWS\",\"TIPY a TRENDY\"],\"inLanguage\":\"cs\"},{\"@type\":\"WebPage\",\"@id\":\"https:\/\/cinemahouse.cz\/index.php\/2019\/12\/03\/iransky-film-v-lednu-zavita-do-ceska-i-na-slovensko\/\",\"url\":\"https:\/\/cinemahouse.cz\/index.php\/2019\/12\/03\/iransky-film-v-lednu-zavita-do-ceska-i-na-slovensko\/\",\"name\":\"\u00cdr\u00e1nsk\u00fd film v lednu zav\u00edt\u00e1 do \u010ceska i na Slovensko - CINEMAHOUSE.cz\",\"isPartOf\":{\"@id\":\"https:\/\/cinemahouse.cz\/#website\"},\"datePublished\":\"2019-12-02T23:01:12+00:00\",\"dateModified\":\"2019-12-04T04:55:47+00:00\",\"breadcrumb\":{\"@id\":\"https:\/\/cinemahouse.cz\/index.php\/2019\/12\/03\/iransky-film-v-lednu-zavita-do-ceska-i-na-slovensko\/#breadcrumb\"},\"inLanguage\":\"cs\",\"potentialAction\":[{\"@type\":\"ReadAction\",\"target\":[\"https:\/\/cinemahouse.cz\/index.php\/2019\/12\/03\/iransky-film-v-lednu-zavita-do-ceska-i-na-slovensko\/\"]}]},{\"@type\":\"BreadcrumbList\",\"@id\":\"https:\/\/cinemahouse.cz\/index.php\/2019\/12\/03\/iransky-film-v-lednu-zavita-do-ceska-i-na-slovensko\/#breadcrumb\",\"itemListElement\":[{\"@type\":\"ListItem\",\"position\":1,\"name\":\"Dom\u016f\",\"item\":\"https:\/\/cinemahouse.cz\/\"},{\"@type\":\"ListItem\",\"position\":2,\"name\":\"\u00cdr\u00e1nsk\u00fd film v lednu zav\u00edt\u00e1 do \u010ceska i na Slovensko\"}]},{\"@type\":\"WebSite\",\"@id\":\"https:\/\/cinemahouse.cz\/#website\",\"url\":\"https:\/\/cinemahouse.cz\/\",\"name\":\"CINEMAHOUSE.cz\",\"description\":\"Port\u00e1l o filmov\u00fdch novink\u00e1ch\",\"publisher\":{\"@id\":\"https:\/\/cinemahouse.cz\/#organization\"},\"potentialAction\":[{\"@type\":\"SearchAction\",\"target\":{\"@type\":\"EntryPoint\",\"urlTemplate\":\"https:\/\/cinemahouse.cz\/?s={search_term_string}\"},\"query-input\":\"required name=search_term_string\"}],\"inLanguage\":\"cs\"},{\"@type\":\"Organization\",\"@id\":\"https:\/\/cinemahouse.cz\/#organization\",\"name\":\"CINEMAHOUSE.cz\",\"url\":\"https:\/\/cinemahouse.cz\/\",\"logo\":{\"@type\":\"ImageObject\",\"inLanguage\":\"cs\",\"@id\":\"https:\/\/cinemahouse.cz\/#\/schema\/logo\/image\/\",\"url\":\"https:\/\/cinemahouse.cz\/wp-content\/uploads\/2024\/12\/cropped-Logo_CinemaHouse.jpg\",\"contentUrl\":\"https:\/\/cinemahouse.cz\/wp-content\/uploads\/2024\/12\/cropped-Logo_CinemaHouse.jpg\",\"width\":926,\"height\":467,\"caption\":\"CINEMAHOUSE.cz\"},\"image\":{\"@id\":\"https:\/\/cinemahouse.cz\/#\/schema\/logo\/image\/\"}},{\"@type\":\"Person\",\"@id\":\"https:\/\/cinemahouse.cz\/#\/schema\/person\/b4b442f183df4da20f147173def615f2\",\"name\":\"Miroslav Van\u011bk\",\"image\":{\"@type\":\"ImageObject\",\"inLanguage\":\"cs\",\"@id\":\"https:\/\/cinemahouse.cz\/#\/schema\/person\/image\/\",\"url\":\"https:\/\/secure.gravatar.com\/avatar\/cc93dbecbfc820d69a964ea4a1c72377?s=96&d=mm&r=g\",\"contentUrl\":\"https:\/\/secure.gravatar.com\/avatar\/cc93dbecbfc820d69a964ea4a1c72377?s=96&d=mm&r=g\",\"caption\":\"Miroslav Van\u011bk\"},\"sameAs\":[\"http:\/\/www.cinemahouse.cz\"],\"url\":\"https:\/\/cinemahouse.cz\/index.php\/author\/mirvan\/\"}]}<\/script>\n<!-- \/ Yoast SEO plugin. -->","yoast_head_json":{"title":"\u00cdr\u00e1nsk\u00fd film v lednu zav\u00edt\u00e1 do \u010ceska i na Slovensko - CINEMAHOUSE.cz","robots":{"index":"index","follow":"follow","max-snippet":"max-snippet:-1","max-image-preview":"max-image-preview:large","max-video-preview":"max-video-preview:-1"},"canonical":"https:\/\/cinemahouse.cz\/index.php\/2019\/12\/03\/iransky-film-v-lednu-zavita-do-ceska-i-na-slovensko\/","og_locale":"cs_CZ","og_type":"article","og_title":"\u00cdr\u00e1nsk\u00fd film v lednu zav\u00edt\u00e1 do \u010ceska i na Slovensko - CINEMAHOUSE.cz","og_description":"V\u00a0lednu 2020 prob\u011bhne v\u00a0pra\u017esk\u00fdch kinech dev\u00e1t\u00fd ro\u010dn\u00edk filmov\u00e9ho festivalu \u00cdR\u00c1N:CI. Jako ka\u017ed\u00fd rok nab\u00eddne bohat\u00fd program to nejlep\u0161\u00ed z\u00a0\u00edr\u00e1nsk\u00e9 filmov\u00e9 produkce. Festival bude slavnostn\u011b zah\u00e1jen 15. ledna v\u00a0kin\u011b Sv\u011btozor za \u00fa\u010dasti v\u00fdznamn\u00fdch osobnost\u00ed \u00edr\u00e1nsk\u00e9ho&#46;&#46;&#46;","og_url":"https:\/\/cinemahouse.cz\/index.php\/2019\/12\/03\/iransky-film-v-lednu-zavita-do-ceska-i-na-slovensko\/","og_site_name":"CINEMAHOUSE.cz","article_published_time":"2019-12-02T23:01:12+00:00","article_modified_time":"2019-12-04T04:55:47+00:00","og_image":[{"width":1200,"height":800,"url":"https:\/\/cinemahouse.cz\/wp-content\/uploads\/2019\/12\/Zah\u00e1jen\u00ed-\u00cdR\u00c1NCI-2019.jpg","type":"image\/jpeg"}],"author":"Miroslav Van\u011bk","twitter_card":"summary_large_image","twitter_misc":{"Napsal(a)":"Miroslav Van\u011bk","Odhadovan\u00e1 doba \u010dten\u00ed":"3 minuty"},"schema":{"@context":"https:\/\/schema.org","@graph":[{"@type":"Article","@id":"https:\/\/cinemahouse.cz\/index.php\/2019\/12\/03\/iransky-film-v-lednu-zavita-do-ceska-i-na-slovensko\/#article","isPartOf":{"@id":"https:\/\/cinemahouse.cz\/index.php\/2019\/12\/03\/iransky-film-v-lednu-zavita-do-ceska-i-na-slovensko\/"},"author":{"name":"Miroslav Van\u011bk","@id":"https:\/\/cinemahouse.cz\/#\/schema\/person\/b4b442f183df4da20f147173def615f2"},"headline":"\u00cdr\u00e1nsk\u00fd film v lednu zav\u00edt\u00e1 do \u010ceska i na Slovensko","datePublished":"2019-12-02T23:01:12+00:00","dateModified":"2019-12-04T04:55:47+00:00","mainEntityOfPage":{"@id":"https:\/\/cinemahouse.cz\/index.php\/2019\/12\/03\/iransky-film-v-lednu-zavita-do-ceska-i-na-slovensko\/"},"wordCount":551,"publisher":{"@id":"https:\/\/cinemahouse.cz\/#organization"},"articleSection":["NEWS","TIPY a TRENDY"],"inLanguage":"cs"},{"@type":"WebPage","@id":"https:\/\/cinemahouse.cz\/index.php\/2019\/12\/03\/iransky-film-v-lednu-zavita-do-ceska-i-na-slovensko\/","url":"https:\/\/cinemahouse.cz\/index.php\/2019\/12\/03\/iransky-film-v-lednu-zavita-do-ceska-i-na-slovensko\/","name":"\u00cdr\u00e1nsk\u00fd film v lednu zav\u00edt\u00e1 do \u010ceska i na Slovensko - CINEMAHOUSE.cz","isPartOf":{"@id":"https:\/\/cinemahouse.cz\/#website"},"datePublished":"2019-12-02T23:01:12+00:00","dateModified":"2019-12-04T04:55:47+00:00","breadcrumb":{"@id":"https:\/\/cinemahouse.cz\/index.php\/2019\/12\/03\/iransky-film-v-lednu-zavita-do-ceska-i-na-slovensko\/#breadcrumb"},"inLanguage":"cs","potentialAction":[{"@type":"ReadAction","target":["https:\/\/cinemahouse.cz\/index.php\/2019\/12\/03\/iransky-film-v-lednu-zavita-do-ceska-i-na-slovensko\/"]}]},{"@type":"BreadcrumbList","@id":"https:\/\/cinemahouse.cz\/index.php\/2019\/12\/03\/iransky-film-v-lednu-zavita-do-ceska-i-na-slovensko\/#breadcrumb","itemListElement":[{"@type":"ListItem","position":1,"name":"Dom\u016f","item":"https:\/\/cinemahouse.cz\/"},{"@type":"ListItem","position":2,"name":"\u00cdr\u00e1nsk\u00fd film v lednu zav\u00edt\u00e1 do \u010ceska i na Slovensko"}]},{"@type":"WebSite","@id":"https:\/\/cinemahouse.cz\/#website","url":"https:\/\/cinemahouse.cz\/","name":"CINEMAHOUSE.cz","description":"Port\u00e1l o filmov\u00fdch novink\u00e1ch","publisher":{"@id":"https:\/\/cinemahouse.cz\/#organization"},"potentialAction":[{"@type":"SearchAction","target":{"@type":"EntryPoint","urlTemplate":"https:\/\/cinemahouse.cz\/?s={search_term_string}"},"query-input":"required name=search_term_string"}],"inLanguage":"cs"},{"@type":"Organization","@id":"https:\/\/cinemahouse.cz\/#organization","name":"CINEMAHOUSE.cz","url":"https:\/\/cinemahouse.cz\/","logo":{"@type":"ImageObject","inLanguage":"cs","@id":"https:\/\/cinemahouse.cz\/#\/schema\/logo\/image\/","url":"https:\/\/cinemahouse.cz\/wp-content\/uploads\/2024\/12\/cropped-Logo_CinemaHouse.jpg","contentUrl":"https:\/\/cinemahouse.cz\/wp-content\/uploads\/2024\/12\/cropped-Logo_CinemaHouse.jpg","width":926,"height":467,"caption":"CINEMAHOUSE.cz"},"image":{"@id":"https:\/\/cinemahouse.cz\/#\/schema\/logo\/image\/"}},{"@type":"Person","@id":"https:\/\/cinemahouse.cz\/#\/schema\/person\/b4b442f183df4da20f147173def615f2","name":"Miroslav Van\u011bk","image":{"@type":"ImageObject","inLanguage":"cs","@id":"https:\/\/cinemahouse.cz\/#\/schema\/person\/image\/","url":"https:\/\/secure.gravatar.com\/avatar\/cc93dbecbfc820d69a964ea4a1c72377?s=96&d=mm&r=g","contentUrl":"https:\/\/secure.gravatar.com\/avatar\/cc93dbecbfc820d69a964ea4a1c72377?s=96&d=mm&r=g","caption":"Miroslav Van\u011bk"},"sameAs":["http:\/\/www.cinemahouse.cz"],"url":"https:\/\/cinemahouse.cz\/index.php\/author\/mirvan\/"}]}},"_links":{"self":[{"href":"https:\/\/cinemahouse.cz\/index.php\/wp-json\/wp\/v2\/posts\/1212"}],"collection":[{"href":"https:\/\/cinemahouse.cz\/index.php\/wp-json\/wp\/v2\/posts"}],"about":[{"href":"https:\/\/cinemahouse.cz\/index.php\/wp-json\/wp\/v2\/types\/post"}],"author":[{"embeddable":true,"href":"https:\/\/cinemahouse.cz\/index.php\/wp-json\/wp\/v2\/users\/2"}],"replies":[{"embeddable":true,"href":"https:\/\/cinemahouse.cz\/index.php\/wp-json\/wp\/v2\/comments?post=1212"}],"version-history":[{"count":1,"href":"https:\/\/cinemahouse.cz\/index.php\/wp-json\/wp\/v2\/posts\/1212\/revisions"}],"predecessor-version":[{"id":1216,"href":"https:\/\/cinemahouse.cz\/index.php\/wp-json\/wp\/v2\/posts\/1212\/revisions\/1216"}],"wp:featuredmedia":[{"embeddable":true,"href":"https:\/\/cinemahouse.cz\/index.php\/wp-json\/wp\/v2\/media\/1213"}],"wp:attachment":[{"href":"https:\/\/cinemahouse.cz\/index.php\/wp-json\/wp\/v2\/media?parent=1212"}],"wp:term":[{"taxonomy":"category","embeddable":true,"href":"https:\/\/cinemahouse.cz\/index.php\/wp-json\/wp\/v2\/categories?post=1212"},{"taxonomy":"post_tag","embeddable":true,"href":"https:\/\/cinemahouse.cz\/index.php\/wp-json\/wp\/v2\/tags?post=1212"}],"curies":[{"name":"wp","href":"https:\/\/api.w.org\/{rel}","templated":true}]}}