{"id":1149,"date":"2019-11-20T13:29:16","date_gmt":"2019-11-20T12:29:16","guid":{"rendered":"http:\/\/cinemahouse.cz\/?p=1149"},"modified":"2019-11-20T13:32:05","modified_gmt":"2019-11-20T12:32:05","slug":"stastny-novy-rok-zacne-s-jirim-bartoskou-nebo-jakubem-pracharem-uz-26-prosince","status":"publish","type":"post","link":"https:\/\/cinemahouse.cz\/index.php\/2019\/11\/20\/stastny-novy-rok-zacne-s-jirim-bartoskou-nebo-jakubem-pracharem-uz-26-prosince\/","title":{"rendered":"\u0160\u0165astn\u00fd nov\u00fd rok za\u010dne s Ji\u0159\u00edm Barto\u0161kou nebo Jakubem Pracha\u0159em u\u017e 26. prosince"},"content":{"rendered":"\n<p><strong>L\u00e1ska m\u00e1 mnoho podob a nakonec si najde ka\u017ed\u00e9ho, vzkazuje div\u00e1k\u016fm zimn\u00ed romantick\u00e1 komedie \u0160\u0165astn\u00fd nov\u00fd rok. Do \u010desk\u00fdch kin vstoup\u00ed 26. prosince, tedy p\u0159esn\u011b v dob\u011b sv\u00e9ho d\u011bje. P\u0159\u00edb\u011bh filmu toti\u017e za\u010d\u00edn\u00e1 t\u011bsn\u011b p\u0159ed V\u00e1nocemi a kon\u010d\u00ed na Nov\u00fd rok.  <\/strong><\/p>\n\n\n\n<figure class=\"wp-block-image\"><img decoding=\"async\" loading=\"lazy\" width=\"1024\" height=\"576\" src=\"http:\/\/cinemahouse.cz\/wp-content\/uploads\/2019\/11\/Jakub-Prachar-1024x576.jpg\" alt=\"\" class=\"wp-image-1154\" srcset=\"https:\/\/cinemahouse.cz\/wp-content\/uploads\/2019\/11\/Jakub-Prachar.jpg 1024w, https:\/\/cinemahouse.cz\/wp-content\/uploads\/2019\/11\/Jakub-Prachar-300x169.jpg 300w, https:\/\/cinemahouse.cz\/wp-content\/uploads\/2019\/11\/Jakub-Prachar-768x432.jpg 768w\" sizes=\"(max-width: 1024px) 100vw, 1024px\" \/><\/figure>\n\n\n\n<p>Komedie \u0160\u0165astn\u00fd nov\u00fd rok se odehr\u00e1v\u00e1 v&nbsp;poh\u00e1dkov\u011b zasn\u011b\u017een\u00fdch Vysok\u00fdch Tatr\u00e1ch, kde se na jednom m\u00edst\u011b sejde parta kamar\u00e1dek, jejich bl\u00edzc\u00ed i \u00fapln\u00ed cizinci. Ka\u017ed\u00fd z&nbsp;nich tu m\u00e1 sv\u016fj vlastn\u00ed p\u0159\u00edb\u011bh. B\u011bhem n\u011bkolika dn\u00ed dovolen\u00e9 bude n\u011bkdo z&nbsp;nich \u010delit p\u0159edev\u0161\u00edm trapas\u016fm, jin\u00fd zas \u017eivotn\u00edm v\u00fdzv\u00e1m nebo zm\u011bn\u00e1m, n\u011bkdo b\u00fdval\u00fdm a jin\u00fd naopak budouc\u00edm l\u00e1sk\u00e1m. Na v\u0161echny bez rozd\u00edlu ale \u010dek\u00e1 \u0159ada romantick\u00fdch a komick\u00fdch situac\u00ed a jedno velk\u00e9 p\u0159ekvapen\u00ed.  <\/p>\n\n\n\n<figure class=\"wp-block-image\"><img decoding=\"async\" loading=\"lazy\" width=\"1024\" height=\"576\" src=\"http:\/\/cinemahouse.cz\/wp-content\/uploads\/2019\/11\/Jiri-Bartoska-1024x576.jpg\" alt=\"\" class=\"wp-image-1155\" srcset=\"https:\/\/cinemahouse.cz\/wp-content\/uploads\/2019\/11\/Jiri-Bartoska.jpg 1024w, https:\/\/cinemahouse.cz\/wp-content\/uploads\/2019\/11\/Jiri-Bartoska-300x169.jpg 300w, https:\/\/cinemahouse.cz\/wp-content\/uploads\/2019\/11\/Jiri-Bartoska-768x432.jpg 768w\" sizes=\"(max-width: 1024px) 100vw, 1024px\" \/><\/figure>\n\n\n\n<p>Vedle romantiky a z\u00e1bavy p\u0159inese film do kin i v\u00fdjime\u010dn\u00e9 hereck\u00e9 obsazen\u00ed. Na hor\u00e1ch se sejde T\u00e1\u0148a Pauhofov\u00e1, Zuzana Norisov\u00e1, Jakub Pracha\u0159, Ji\u0159\u00ed Barto\u0161ka, Em\u00edlia Va\u0161\u00e1ryov\u00e1, J\u00e1n Kolen\u00edk, Petr Van\u011bk, Tom\u00e1\u0161 Ma\u0161tal\u00edr, Marek Majesk\u00fd, Gabriela Marcinkov\u00e1 nebo Anna Kade\u0159\u00e1vkov\u00e1.  <\/p>\n\n\n\n<figure class=\"wp-block-image\"><img decoding=\"async\" loading=\"lazy\" width=\"1024\" height=\"576\" src=\"http:\/\/cinemahouse.cz\/wp-content\/uploads\/2019\/11\/Hlavni-damska-parta-1024x576.jpg\" alt=\"\" class=\"wp-image-1152\" srcset=\"https:\/\/cinemahouse.cz\/wp-content\/uploads\/2019\/11\/Hlavni-damska-parta.jpg 1024w, https:\/\/cinemahouse.cz\/wp-content\/uploads\/2019\/11\/Hlavni-damska-parta-300x169.jpg 300w, https:\/\/cinemahouse.cz\/wp-content\/uploads\/2019\/11\/Hlavni-damska-parta-768x432.jpg 768w\" sizes=\"(max-width: 1024px) 100vw, 1024px\" \/><\/figure>\n\n\n\n<p>Film se nat\u00e1\u010del p\u0159\u00edmo v&nbsp;Tatr\u00e1ch, kter\u00e9 se staly jedn\u00edm z&nbsp;d\u016fle\u017eit\u00fdch a tak\u00e9 disciplinovan\u00fdch herc\u016f. \u201e<em>M\u011bli jsme opravdu \u0161t\u011bst\u00ed, kdy\u017e jsme pot\u0159ebovali slunce, tak sv\u00edtilo slunce, kdy\u017e se n\u00e1m hodil sn\u00edh, tak sn\u011b\u017eilo. Cel\u00e9 nat\u00e1\u010den\u00ed prob\u00edhalo podle pl\u00e1nu a to je p\u0159i filmov\u00e1n\u00ed na hor\u00e1ch vz\u00e1cnost,\u201c<\/em> popisuje producentka Adriana Kronerov\u00e1.<\/p>\n\n\n\n<figure class=\"wp-block-image\"><img decoding=\"async\" loading=\"lazy\" width=\"1024\" height=\"576\" src=\"http:\/\/cinemahouse.cz\/wp-content\/uploads\/2019\/11\/Anna-Kaderavkova-1024x576.jpg\" alt=\"\" class=\"wp-image-1151\" srcset=\"https:\/\/cinemahouse.cz\/wp-content\/uploads\/2019\/11\/Anna-Kaderavkova.jpg 1024w, https:\/\/cinemahouse.cz\/wp-content\/uploads\/2019\/11\/Anna-Kaderavkova-300x169.jpg 300w, https:\/\/cinemahouse.cz\/wp-content\/uploads\/2019\/11\/Anna-Kaderavkova-768x432.jpg 768w\" sizes=\"(max-width: 1024px) 100vw, 1024px\" \/><\/figure>\n\n\n\n<p>Ly\u017ee, s\u00e1n\u011b a zt\u0159e\u0161t\u011bn\u00e9 situace obstar\u00e1v\u00e1 mlad\u0161\u00ed hereck\u00e9 obsazen\u00ed, svou roli m\u00e1 ve filmu i \u017eiv\u00fd medv\u011bd. Em\u00edlia Va\u0161\u00e1ryov\u00e1 a Ji\u0159\u00ed Barto\u0161ka vn\u00e1\u0161ej\u00ed do filmu nadhled a noblesu. <em>\u201eKdepak ly\u017ee! J\u00e1 a Em\u00edlia ve filmu jenom chod\u00edme,\u201c<\/em> sliboval s&nbsp;\u00fasm\u011bvem Ji\u0159\u00ed Barto\u0161ka b\u011bhem p\u0159edstaven\u00ed filmu v&nbsp;l\u00e9t\u011b v&nbsp;Karlov\u00fdch Varech.  <\/p>\n\n\n\n<h4 class=\"wp-block-heading\">\u0160\u0165astn\u00fd nov\u00fd rok &#8211; prvn\u00ed z\u00e1b\u011bry<\/h4>\n\n\n\n<figure><iframe loading=\"lazy\" width=\"100%\" height=\"383\" src=\"https:\/\/www.youtube.com\/embed\/shmoF1iIgMQ?list=PLMjX-mAaDj_nkTJy1xsayxPvPxShqKSmX\" allowfullscreen=\"\"><\/iframe><\/figure>\n\n\n\n<ul class=\"wp-block-gallery columns-3 is-cropped wp-block-gallery-1 is-layout-flex wp-block-gallery-is-layout-flex\"><li class=\"blocks-gallery-item\"><figure><img decoding=\"async\" loading=\"lazy\" width=\"1024\" height=\"576\" src=\"http:\/\/cinemahouse.cz\/wp-content\/uploads\/2019\/11\/Anna-Kaderavkov-a-Marek-Majesky-1024x576.jpg\" alt=\"\" data-id=\"1150\" data-link=\"http:\/\/cinemahouse.cz\/?attachment_id=1150\" class=\"wp-image-1150\" srcset=\"https:\/\/cinemahouse.cz\/wp-content\/uploads\/2019\/11\/Anna-Kaderavkov-a-Marek-Majesky.jpg 1024w, https:\/\/cinemahouse.cz\/wp-content\/uploads\/2019\/11\/Anna-Kaderavkov-a-Marek-Majesky-300x169.jpg 300w, https:\/\/cinemahouse.cz\/wp-content\/uploads\/2019\/11\/Anna-Kaderavkov-a-Marek-Majesky-768x432.jpg 768w\" sizes=\"(max-width: 1024px) 100vw, 1024px\" \/><\/figure><\/li><li class=\"blocks-gallery-item\"><figure><img decoding=\"async\" loading=\"lazy\" width=\"1024\" height=\"576\" src=\"http:\/\/cinemahouse.cz\/wp-content\/uploads\/2019\/11\/Anna-Kaderavkova-1024x576.jpg\" alt=\"\" data-id=\"1151\" data-link=\"http:\/\/cinemahouse.cz\/?attachment_id=1151\" class=\"wp-image-1151\" srcset=\"https:\/\/cinemahouse.cz\/wp-content\/uploads\/2019\/11\/Anna-Kaderavkova.jpg 1024w, https:\/\/cinemahouse.cz\/wp-content\/uploads\/2019\/11\/Anna-Kaderavkova-300x169.jpg 300w, https:\/\/cinemahouse.cz\/wp-content\/uploads\/2019\/11\/Anna-Kaderavkova-768x432.jpg 768w\" sizes=\"(max-width: 1024px) 100vw, 1024px\" \/><\/figure><\/li><li class=\"blocks-gallery-item\"><figure><img decoding=\"async\" loading=\"lazy\" width=\"1024\" height=\"576\" src=\"http:\/\/cinemahouse.cz\/wp-content\/uploads\/2019\/11\/Hlavni-damska-parta-1024x576.jpg\" alt=\"\" data-id=\"1152\" data-link=\"http:\/\/cinemahouse.cz\/?attachment_id=1152\" class=\"wp-image-1152\" srcset=\"https:\/\/cinemahouse.cz\/wp-content\/uploads\/2019\/11\/Hlavni-damska-parta.jpg 1024w, https:\/\/cinemahouse.cz\/wp-content\/uploads\/2019\/11\/Hlavni-damska-parta-300x169.jpg 300w, https:\/\/cinemahouse.cz\/wp-content\/uploads\/2019\/11\/Hlavni-damska-parta-768x432.jpg 768w\" sizes=\"(max-width: 1024px) 100vw, 1024px\" \/><\/figure><\/li><li class=\"blocks-gallery-item\"><figure><img decoding=\"async\" loading=\"lazy\" width=\"1024\" height=\"576\" src=\"http:\/\/cinemahouse.cz\/wp-content\/uploads\/2019\/11\/Jakub-Prachar-a-Gabriela-Marcinkova-1024x576.jpg\" alt=\"\" data-id=\"1153\" data-link=\"http:\/\/cinemahouse.cz\/?attachment_id=1153\" class=\"wp-image-1153\" srcset=\"https:\/\/cinemahouse.cz\/wp-content\/uploads\/2019\/11\/Jakub-Prachar-a-Gabriela-Marcinkova.jpg 1024w, https:\/\/cinemahouse.cz\/wp-content\/uploads\/2019\/11\/Jakub-Prachar-a-Gabriela-Marcinkova-300x169.jpg 300w, https:\/\/cinemahouse.cz\/wp-content\/uploads\/2019\/11\/Jakub-Prachar-a-Gabriela-Marcinkova-768x432.jpg 768w\" sizes=\"(max-width: 1024px) 100vw, 1024px\" \/><\/figure><\/li><li class=\"blocks-gallery-item\"><figure><img decoding=\"async\" loading=\"lazy\" width=\"1024\" height=\"576\" src=\"http:\/\/cinemahouse.cz\/wp-content\/uploads\/2019\/11\/Jakub-Prachar-1024x576.jpg\" alt=\"\" data-id=\"1154\" data-link=\"http:\/\/cinemahouse.cz\/?attachment_id=1154\" class=\"wp-image-1154\" srcset=\"https:\/\/cinemahouse.cz\/wp-content\/uploads\/2019\/11\/Jakub-Prachar.jpg 1024w, https:\/\/cinemahouse.cz\/wp-content\/uploads\/2019\/11\/Jakub-Prachar-300x169.jpg 300w, https:\/\/cinemahouse.cz\/wp-content\/uploads\/2019\/11\/Jakub-Prachar-768x432.jpg 768w\" sizes=\"(max-width: 1024px) 100vw, 1024px\" \/><\/figure><\/li><li class=\"blocks-gallery-item\"><figure><img decoding=\"async\" loading=\"lazy\" width=\"1024\" height=\"576\" src=\"http:\/\/cinemahouse.cz\/wp-content\/uploads\/2019\/11\/Jiri-Bartoska-1024x576.jpg\" alt=\"\" data-id=\"1155\" data-link=\"http:\/\/cinemahouse.cz\/?attachment_id=1155\" class=\"wp-image-1155\" srcset=\"https:\/\/cinemahouse.cz\/wp-content\/uploads\/2019\/11\/Jiri-Bartoska.jpg 1024w, https:\/\/cinemahouse.cz\/wp-content\/uploads\/2019\/11\/Jiri-Bartoska-300x169.jpg 300w, https:\/\/cinemahouse.cz\/wp-content\/uploads\/2019\/11\/Jiri-Bartoska-768x432.jpg 768w\" sizes=\"(max-width: 1024px) 100vw, 1024px\" \/><\/figure><\/li><li class=\"blocks-gallery-item\"><figure><img decoding=\"async\" loading=\"lazy\" width=\"1024\" height=\"576\" src=\"http:\/\/cinemahouse.cz\/wp-content\/uploads\/2019\/11\/Tana-Pauhofova-1024x576.jpg\" alt=\"\" data-id=\"1156\" data-link=\"http:\/\/cinemahouse.cz\/?attachment_id=1156\" class=\"wp-image-1156\" srcset=\"https:\/\/cinemahouse.cz\/wp-content\/uploads\/2019\/11\/Tana-Pauhofova.jpg 1024w, https:\/\/cinemahouse.cz\/wp-content\/uploads\/2019\/11\/Tana-Pauhofova-300x169.jpg 300w, https:\/\/cinemahouse.cz\/wp-content\/uploads\/2019\/11\/Tana-Pauhofova-768x432.jpg 768w\" sizes=\"(max-width: 1024px) 100vw, 1024px\" \/><\/figure><\/li><\/ul>\n","protected":false},"excerpt":{"rendered":"<p>L\u00e1ska m\u00e1 mnoho podob a nakonec si najde ka\u017ed\u00e9ho, vzkazuje div\u00e1k\u016fm zimn\u00ed romantick\u00e1 komedie \u0160\u0165astn\u00fd nov\u00fd rok. Do \u010desk\u00fdch kin vstoup\u00ed 26. prosince, tedy p\u0159esn\u011b v dob\u011b sv\u00e9ho d\u011bje. P\u0159\u00edb\u011bh filmu toti\u017e za\u010d\u00edn\u00e1 t\u011bsn\u011b&#46;&#46;&#46;<\/p>\n","protected":false},"author":3,"featured_media":1158,"comment_status":"closed","ping_status":"closed","sticky":false,"template":"","format":"standard","meta":{"_monsterinsights_skip_tracking":false,"_monsterinsights_sitenote_active":false,"_monsterinsights_sitenote_note":"","_monsterinsights_sitenote_category":0,"footnotes":""},"categories":[3,2],"tags":[],"yoast_head":"<!-- This site is optimized with the Yoast SEO plugin v21.4 - https:\/\/yoast.com\/wordpress\/plugins\/seo\/ -->\n<title>\u0160\u0165astn\u00fd nov\u00fd rok za\u010dne s Ji\u0159\u00edm Barto\u0161kou nebo Jakubem Pracha\u0159em u\u017e 26. prosince - CINEMAHOUSE.cz<\/title>\n<meta name=\"robots\" content=\"index, follow, max-snippet:-1, max-image-preview:large, max-video-preview:-1\" \/>\n<link rel=\"canonical\" href=\"https:\/\/cinemahouse.cz\/index.php\/2019\/11\/20\/stastny-novy-rok-zacne-s-jirim-bartoskou-nebo-jakubem-pracharem-uz-26-prosince\/\" \/>\n<meta property=\"og:locale\" content=\"cs_CZ\" \/>\n<meta property=\"og:type\" content=\"article\" \/>\n<meta property=\"og:title\" content=\"\u0160\u0165astn\u00fd nov\u00fd rok za\u010dne s Ji\u0159\u00edm Barto\u0161kou nebo Jakubem Pracha\u0159em u\u017e 26. prosince - CINEMAHOUSE.cz\" \/>\n<meta property=\"og:description\" content=\"L\u00e1ska m\u00e1 mnoho podob a nakonec si najde ka\u017ed\u00e9ho, vzkazuje div\u00e1k\u016fm zimn\u00ed romantick\u00e1 komedie \u0160\u0165astn\u00fd nov\u00fd rok. Do \u010desk\u00fdch kin vstoup\u00ed 26. prosince, tedy p\u0159esn\u011b v dob\u011b sv\u00e9ho d\u011bje. P\u0159\u00edb\u011bh filmu toti\u017e za\u010d\u00edn\u00e1 t\u011bsn\u011b&#046;&#046;&#046;\" \/>\n<meta property=\"og:url\" content=\"https:\/\/cinemahouse.cz\/index.php\/2019\/11\/20\/stastny-novy-rok-zacne-s-jirim-bartoskou-nebo-jakubem-pracharem-uz-26-prosince\/\" \/>\n<meta property=\"og:site_name\" content=\"CINEMAHOUSE.cz\" \/>\n<meta property=\"article:published_time\" content=\"2019-11-20T12:29:16+00:00\" \/>\n<meta property=\"article:modified_time\" content=\"2019-11-20T12:32:05+00:00\" \/>\n<meta property=\"og:image\" content=\"https:\/\/cinemahouse.cz\/wp-content\/uploads\/2019\/11\/Sastny-novy-rok.jpg\" \/>\n\t<meta property=\"og:image:width\" content=\"1385\" \/>\n\t<meta property=\"og:image:height\" content=\"779\" \/>\n\t<meta property=\"og:image:type\" content=\"image\/jpeg\" \/>\n<meta name=\"author\" content=\"Jolana Hol\u00e1\u0148ov\u00e1\" \/>\n<meta name=\"twitter:card\" content=\"summary_large_image\" \/>\n<meta name=\"twitter:label1\" content=\"Napsal(a)\" \/>\n\t<meta name=\"twitter:data1\" content=\"Jolana Hol\u00e1\u0148ov\u00e1\" \/>\n\t<meta name=\"twitter:label2\" content=\"Odhadovan\u00e1 doba \u010dten\u00ed\" \/>\n\t<meta name=\"twitter:data2\" content=\"2 minuty\" \/>\n<script type=\"application\/ld+json\" class=\"yoast-schema-graph\">{\"@context\":\"https:\/\/schema.org\",\"@graph\":[{\"@type\":\"Article\",\"@id\":\"https:\/\/cinemahouse.cz\/index.php\/2019\/11\/20\/stastny-novy-rok-zacne-s-jirim-bartoskou-nebo-jakubem-pracharem-uz-26-prosince\/#article\",\"isPartOf\":{\"@id\":\"https:\/\/cinemahouse.cz\/index.php\/2019\/11\/20\/stastny-novy-rok-zacne-s-jirim-bartoskou-nebo-jakubem-pracharem-uz-26-prosince\/\"},\"author\":{\"name\":\"Jolana Hol\u00e1\u0148ov\u00e1\",\"@id\":\"https:\/\/cinemahouse.cz\/#\/schema\/person\/1ddc0bd12b9f599dd69c434ae0096313\"},\"headline\":\"\u0160\u0165astn\u00fd nov\u00fd rok za\u010dne s Ji\u0159\u00edm Barto\u0161kou nebo Jakubem Pracha\u0159em u\u017e 26. prosince\",\"datePublished\":\"2019-11-20T12:29:16+00:00\",\"dateModified\":\"2019-11-20T12:32:05+00:00\",\"mainEntityOfPage\":{\"@id\":\"https:\/\/cinemahouse.cz\/index.php\/2019\/11\/20\/stastny-novy-rok-zacne-s-jirim-bartoskou-nebo-jakubem-pracharem-uz-26-prosince\/\"},\"wordCount\":390,\"publisher\":{\"@id\":\"https:\/\/cinemahouse.cz\/#organization\"},\"articleSection\":[\"FILMOV\u00c9 NOVINKY\",\"NEWS\"],\"inLanguage\":\"cs\"},{\"@type\":\"WebPage\",\"@id\":\"https:\/\/cinemahouse.cz\/index.php\/2019\/11\/20\/stastny-novy-rok-zacne-s-jirim-bartoskou-nebo-jakubem-pracharem-uz-26-prosince\/\",\"url\":\"https:\/\/cinemahouse.cz\/index.php\/2019\/11\/20\/stastny-novy-rok-zacne-s-jirim-bartoskou-nebo-jakubem-pracharem-uz-26-prosince\/\",\"name\":\"\u0160\u0165astn\u00fd nov\u00fd rok za\u010dne s Ji\u0159\u00edm Barto\u0161kou nebo Jakubem Pracha\u0159em u\u017e 26. prosince - CINEMAHOUSE.cz\",\"isPartOf\":{\"@id\":\"https:\/\/cinemahouse.cz\/#website\"},\"datePublished\":\"2019-11-20T12:29:16+00:00\",\"dateModified\":\"2019-11-20T12:32:05+00:00\",\"breadcrumb\":{\"@id\":\"https:\/\/cinemahouse.cz\/index.php\/2019\/11\/20\/stastny-novy-rok-zacne-s-jirim-bartoskou-nebo-jakubem-pracharem-uz-26-prosince\/#breadcrumb\"},\"inLanguage\":\"cs\",\"potentialAction\":[{\"@type\":\"ReadAction\",\"target\":[\"https:\/\/cinemahouse.cz\/index.php\/2019\/11\/20\/stastny-novy-rok-zacne-s-jirim-bartoskou-nebo-jakubem-pracharem-uz-26-prosince\/\"]}]},{\"@type\":\"BreadcrumbList\",\"@id\":\"https:\/\/cinemahouse.cz\/index.php\/2019\/11\/20\/stastny-novy-rok-zacne-s-jirim-bartoskou-nebo-jakubem-pracharem-uz-26-prosince\/#breadcrumb\",\"itemListElement\":[{\"@type\":\"ListItem\",\"position\":1,\"name\":\"Dom\u016f\",\"item\":\"https:\/\/cinemahouse.cz\/\"},{\"@type\":\"ListItem\",\"position\":2,\"name\":\"\u0160\u0165astn\u00fd nov\u00fd rok za\u010dne s Ji\u0159\u00edm Barto\u0161kou nebo Jakubem Pracha\u0159em u\u017e 26. prosince\"}]},{\"@type\":\"WebSite\",\"@id\":\"https:\/\/cinemahouse.cz\/#website\",\"url\":\"https:\/\/cinemahouse.cz\/\",\"name\":\"CINEMAHOUSE.cz\",\"description\":\"Port\u00e1l o filmov\u00fdch novink\u00e1ch\",\"publisher\":{\"@id\":\"https:\/\/cinemahouse.cz\/#organization\"},\"potentialAction\":[{\"@type\":\"SearchAction\",\"target\":{\"@type\":\"EntryPoint\",\"urlTemplate\":\"https:\/\/cinemahouse.cz\/?s={search_term_string}\"},\"query-input\":\"required name=search_term_string\"}],\"inLanguage\":\"cs\"},{\"@type\":\"Organization\",\"@id\":\"https:\/\/cinemahouse.cz\/#organization\",\"name\":\"CINEMAHOUSE.cz\",\"url\":\"https:\/\/cinemahouse.cz\/\",\"logo\":{\"@type\":\"ImageObject\",\"inLanguage\":\"cs\",\"@id\":\"https:\/\/cinemahouse.cz\/#\/schema\/logo\/image\/\",\"url\":\"https:\/\/cinemahouse.cz\/wp-content\/uploads\/2024\/12\/cropped-Logo_CinemaHouse.jpg\",\"contentUrl\":\"https:\/\/cinemahouse.cz\/wp-content\/uploads\/2024\/12\/cropped-Logo_CinemaHouse.jpg\",\"width\":926,\"height\":467,\"caption\":\"CINEMAHOUSE.cz\"},\"image\":{\"@id\":\"https:\/\/cinemahouse.cz\/#\/schema\/logo\/image\/\"}},{\"@type\":\"Person\",\"@id\":\"https:\/\/cinemahouse.cz\/#\/schema\/person\/1ddc0bd12b9f599dd69c434ae0096313\",\"name\":\"Jolana Hol\u00e1\u0148ov\u00e1\",\"image\":{\"@type\":\"ImageObject\",\"inLanguage\":\"cs\",\"@id\":\"https:\/\/cinemahouse.cz\/#\/schema\/person\/image\/\",\"url\":\"https:\/\/secure.gravatar.com\/avatar\/5863c504ed89cd419ff3a5e812c722ff?s=96&d=mm&r=g\",\"contentUrl\":\"https:\/\/secure.gravatar.com\/avatar\/5863c504ed89cd419ff3a5e812c722ff?s=96&d=mm&r=g\",\"caption\":\"Jolana Hol\u00e1\u0148ov\u00e1\"},\"sameAs\":[\"http:\/\/wwww.cinemahouse.cz\"],\"url\":\"https:\/\/cinemahouse.cz\/index.php\/author\/jolhol\/\"}]}<\/script>\n<!-- \/ Yoast SEO plugin. -->","yoast_head_json":{"title":"\u0160\u0165astn\u00fd nov\u00fd rok za\u010dne s Ji\u0159\u00edm Barto\u0161kou nebo Jakubem Pracha\u0159em u\u017e 26. prosince - CINEMAHOUSE.cz","robots":{"index":"index","follow":"follow","max-snippet":"max-snippet:-1","max-image-preview":"max-image-preview:large","max-video-preview":"max-video-preview:-1"},"canonical":"https:\/\/cinemahouse.cz\/index.php\/2019\/11\/20\/stastny-novy-rok-zacne-s-jirim-bartoskou-nebo-jakubem-pracharem-uz-26-prosince\/","og_locale":"cs_CZ","og_type":"article","og_title":"\u0160\u0165astn\u00fd nov\u00fd rok za\u010dne s Ji\u0159\u00edm Barto\u0161kou nebo Jakubem Pracha\u0159em u\u017e 26. prosince - CINEMAHOUSE.cz","og_description":"L\u00e1ska m\u00e1 mnoho podob a nakonec si najde ka\u017ed\u00e9ho, vzkazuje div\u00e1k\u016fm zimn\u00ed romantick\u00e1 komedie \u0160\u0165astn\u00fd nov\u00fd rok. Do \u010desk\u00fdch kin vstoup\u00ed 26. prosince, tedy p\u0159esn\u011b v dob\u011b sv\u00e9ho d\u011bje. P\u0159\u00edb\u011bh filmu toti\u017e za\u010d\u00edn\u00e1 t\u011bsn\u011b&#46;&#46;&#46;","og_url":"https:\/\/cinemahouse.cz\/index.php\/2019\/11\/20\/stastny-novy-rok-zacne-s-jirim-bartoskou-nebo-jakubem-pracharem-uz-26-prosince\/","og_site_name":"CINEMAHOUSE.cz","article_published_time":"2019-11-20T12:29:16+00:00","article_modified_time":"2019-11-20T12:32:05+00:00","og_image":[{"width":1385,"height":779,"url":"https:\/\/cinemahouse.cz\/wp-content\/uploads\/2019\/11\/Sastny-novy-rok.jpg","type":"image\/jpeg"}],"author":"Jolana Hol\u00e1\u0148ov\u00e1","twitter_card":"summary_large_image","twitter_misc":{"Napsal(a)":"Jolana Hol\u00e1\u0148ov\u00e1","Odhadovan\u00e1 doba \u010dten\u00ed":"2 minuty"},"schema":{"@context":"https:\/\/schema.org","@graph":[{"@type":"Article","@id":"https:\/\/cinemahouse.cz\/index.php\/2019\/11\/20\/stastny-novy-rok-zacne-s-jirim-bartoskou-nebo-jakubem-pracharem-uz-26-prosince\/#article","isPartOf":{"@id":"https:\/\/cinemahouse.cz\/index.php\/2019\/11\/20\/stastny-novy-rok-zacne-s-jirim-bartoskou-nebo-jakubem-pracharem-uz-26-prosince\/"},"author":{"name":"Jolana Hol\u00e1\u0148ov\u00e1","@id":"https:\/\/cinemahouse.cz\/#\/schema\/person\/1ddc0bd12b9f599dd69c434ae0096313"},"headline":"\u0160\u0165astn\u00fd nov\u00fd rok za\u010dne s Ji\u0159\u00edm Barto\u0161kou nebo Jakubem Pracha\u0159em u\u017e 26. prosince","datePublished":"2019-11-20T12:29:16+00:00","dateModified":"2019-11-20T12:32:05+00:00","mainEntityOfPage":{"@id":"https:\/\/cinemahouse.cz\/index.php\/2019\/11\/20\/stastny-novy-rok-zacne-s-jirim-bartoskou-nebo-jakubem-pracharem-uz-26-prosince\/"},"wordCount":390,"publisher":{"@id":"https:\/\/cinemahouse.cz\/#organization"},"articleSection":["FILMOV\u00c9 NOVINKY","NEWS"],"inLanguage":"cs"},{"@type":"WebPage","@id":"https:\/\/cinemahouse.cz\/index.php\/2019\/11\/20\/stastny-novy-rok-zacne-s-jirim-bartoskou-nebo-jakubem-pracharem-uz-26-prosince\/","url":"https:\/\/cinemahouse.cz\/index.php\/2019\/11\/20\/stastny-novy-rok-zacne-s-jirim-bartoskou-nebo-jakubem-pracharem-uz-26-prosince\/","name":"\u0160\u0165astn\u00fd nov\u00fd rok za\u010dne s Ji\u0159\u00edm Barto\u0161kou nebo Jakubem Pracha\u0159em u\u017e 26. prosince - CINEMAHOUSE.cz","isPartOf":{"@id":"https:\/\/cinemahouse.cz\/#website"},"datePublished":"2019-11-20T12:29:16+00:00","dateModified":"2019-11-20T12:32:05+00:00","breadcrumb":{"@id":"https:\/\/cinemahouse.cz\/index.php\/2019\/11\/20\/stastny-novy-rok-zacne-s-jirim-bartoskou-nebo-jakubem-pracharem-uz-26-prosince\/#breadcrumb"},"inLanguage":"cs","potentialAction":[{"@type":"ReadAction","target":["https:\/\/cinemahouse.cz\/index.php\/2019\/11\/20\/stastny-novy-rok-zacne-s-jirim-bartoskou-nebo-jakubem-pracharem-uz-26-prosince\/"]}]},{"@type":"BreadcrumbList","@id":"https:\/\/cinemahouse.cz\/index.php\/2019\/11\/20\/stastny-novy-rok-zacne-s-jirim-bartoskou-nebo-jakubem-pracharem-uz-26-prosince\/#breadcrumb","itemListElement":[{"@type":"ListItem","position":1,"name":"Dom\u016f","item":"https:\/\/cinemahouse.cz\/"},{"@type":"ListItem","position":2,"name":"\u0160\u0165astn\u00fd nov\u00fd rok za\u010dne s Ji\u0159\u00edm Barto\u0161kou nebo Jakubem Pracha\u0159em u\u017e 26. prosince"}]},{"@type":"WebSite","@id":"https:\/\/cinemahouse.cz\/#website","url":"https:\/\/cinemahouse.cz\/","name":"CINEMAHOUSE.cz","description":"Port\u00e1l o filmov\u00fdch novink\u00e1ch","publisher":{"@id":"https:\/\/cinemahouse.cz\/#organization"},"potentialAction":[{"@type":"SearchAction","target":{"@type":"EntryPoint","urlTemplate":"https:\/\/cinemahouse.cz\/?s={search_term_string}"},"query-input":"required name=search_term_string"}],"inLanguage":"cs"},{"@type":"Organization","@id":"https:\/\/cinemahouse.cz\/#organization","name":"CINEMAHOUSE.cz","url":"https:\/\/cinemahouse.cz\/","logo":{"@type":"ImageObject","inLanguage":"cs","@id":"https:\/\/cinemahouse.cz\/#\/schema\/logo\/image\/","url":"https:\/\/cinemahouse.cz\/wp-content\/uploads\/2024\/12\/cropped-Logo_CinemaHouse.jpg","contentUrl":"https:\/\/cinemahouse.cz\/wp-content\/uploads\/2024\/12\/cropped-Logo_CinemaHouse.jpg","width":926,"height":467,"caption":"CINEMAHOUSE.cz"},"image":{"@id":"https:\/\/cinemahouse.cz\/#\/schema\/logo\/image\/"}},{"@type":"Person","@id":"https:\/\/cinemahouse.cz\/#\/schema\/person\/1ddc0bd12b9f599dd69c434ae0096313","name":"Jolana Hol\u00e1\u0148ov\u00e1","image":{"@type":"ImageObject","inLanguage":"cs","@id":"https:\/\/cinemahouse.cz\/#\/schema\/person\/image\/","url":"https:\/\/secure.gravatar.com\/avatar\/5863c504ed89cd419ff3a5e812c722ff?s=96&d=mm&r=g","contentUrl":"https:\/\/secure.gravatar.com\/avatar\/5863c504ed89cd419ff3a5e812c722ff?s=96&d=mm&r=g","caption":"Jolana Hol\u00e1\u0148ov\u00e1"},"sameAs":["http:\/\/wwww.cinemahouse.cz"],"url":"https:\/\/cinemahouse.cz\/index.php\/author\/jolhol\/"}]}},"_links":{"self":[{"href":"https:\/\/cinemahouse.cz\/index.php\/wp-json\/wp\/v2\/posts\/1149"}],"collection":[{"href":"https:\/\/cinemahouse.cz\/index.php\/wp-json\/wp\/v2\/posts"}],"about":[{"href":"https:\/\/cinemahouse.cz\/index.php\/wp-json\/wp\/v2\/types\/post"}],"author":[{"embeddable":true,"href":"https:\/\/cinemahouse.cz\/index.php\/wp-json\/wp\/v2\/users\/3"}],"replies":[{"embeddable":true,"href":"https:\/\/cinemahouse.cz\/index.php\/wp-json\/wp\/v2\/comments?post=1149"}],"version-history":[{"count":2,"href":"https:\/\/cinemahouse.cz\/index.php\/wp-json\/wp\/v2\/posts\/1149\/revisions"}],"predecessor-version":[{"id":1159,"href":"https:\/\/cinemahouse.cz\/index.php\/wp-json\/wp\/v2\/posts\/1149\/revisions\/1159"}],"wp:featuredmedia":[{"embeddable":true,"href":"https:\/\/cinemahouse.cz\/index.php\/wp-json\/wp\/v2\/media\/1158"}],"wp:attachment":[{"href":"https:\/\/cinemahouse.cz\/index.php\/wp-json\/wp\/v2\/media?parent=1149"}],"wp:term":[{"taxonomy":"category","embeddable":true,"href":"https:\/\/cinemahouse.cz\/index.php\/wp-json\/wp\/v2\/categories?post=1149"},{"taxonomy":"post_tag","embeddable":true,"href":"https:\/\/cinemahouse.cz\/index.php\/wp-json\/wp\/v2\/tags?post=1149"}],"curies":[{"name":"wp","href":"https:\/\/api.w.org\/{rel}","templated":true}]}}