{"id":10816,"date":"2025-09-10T00:01:00","date_gmt":"2025-09-09T22:01:00","guid":{"rendered":"https:\/\/cinemahouse.cz\/?p=10816"},"modified":"2025-08-31T13:21:10","modified_gmt":"2025-08-31T11:21:10","slug":"treti-film-z-fenomenalne-uspesne-serie-avatar-jamese-camerona-bude-mit-premieru-v-ceskych-kinech-18-prosince","status":"publish","type":"post","link":"https:\/\/cinemahouse.cz\/index.php\/2025\/09\/10\/treti-film-z-fenomenalne-uspesne-serie-avatar-jamese-camerona-bude-mit-premieru-v-ceskych-kinech-18-prosince\/","title":{"rendered":"T\u0159et\u00ed film z fenomen\u00e1ln\u011b \u00fasp\u011b\u0161n\u00e9 s\u00e9rie \u201eAvatar\u201c Jamese Camerona bude m\u00edt premi\u00e9ru v \u010desk\u00fdch kinech 18. prosince"},"content":{"rendered":"\n<div style=\"height:45px\" aria-hidden=\"true\" class=\"wp-block-spacer\"><\/div>\n\n\n\n<p class=\"has-medium-font-size\"><strong>Trailer k filmu \u201eAvatar: Ohe\u0148 a prach\u201c od oscarov\u00e9ho re\u017eis\u00e9ra Jamese Camerona je tady! Trailer a filmov\u00e9 fotografie jsou nyn\u00ed k dispozici ke sta\u017een\u00ed a sd\u00edlen\u00ed. T\u0159et\u00ed film z fenomen\u00e1ln\u011b \u00fasp\u011b\u0161n\u00e9 s\u00e9rie \u201eAvatar\u201c bude m\u00edt premi\u00e9ru exkluzivn\u011b v kinech od 18. prosince 2025.<\/strong><\/p>\n\n\n\n<div style=\"height:45px\" aria-hidden=\"true\" class=\"wp-block-spacer\"><\/div>\n\n\n<div class=\"wp-block-image\">\n<figure class=\"aligncenter size-large\"><img decoding=\"async\" loading=\"lazy\" width=\"1024\" height=\"540\" src=\"https:\/\/cinemahouse.cz\/wp-content\/uploads\/2025\/08\/3033A_0060_v0765.L.1219-1024x540.jpg\" alt=\"https:\/\/youtu.be\/3it67qtTsyg\" class=\"wp-image-10828\" srcset=\"https:\/\/cinemahouse.cz\/wp-content\/uploads\/2025\/08\/3033A_0060_v0765.L.1219-1024x540.jpg 1024w, https:\/\/cinemahouse.cz\/wp-content\/uploads\/2025\/08\/3033A_0060_v0765.L.1219-300x158.jpg 300w, https:\/\/cinemahouse.cz\/wp-content\/uploads\/2025\/08\/3033A_0060_v0765.L.1219-768x405.jpg 768w, https:\/\/cinemahouse.cz\/wp-content\/uploads\/2025\/08\/3033A_0060_v0765.L.1219-1536x810.jpg 1536w, https:\/\/cinemahouse.cz\/wp-content\/uploads\/2025\/08\/3033A_0060_v0765.L.1219-2048x1080.jpg 2048w\" sizes=\"(max-width: 1024px) 100vw, 1024px\" \/><\/figure><\/div>\n\n\n<div style=\"height:45px\" aria-hidden=\"true\" class=\"wp-block-spacer\"><\/div>\n\n\n\n<p class=\"has-medium-font-size\">Minul\u00fd v\u00edkend m\u011bl trailer premi\u00e9ru na velk\u00e9m pl\u00e1tn\u011b spolu s filmem \u201eFantastick\u00e1 \u010dty\u0159ka: Prvn\u00ed kroky\u201c a div\u00e1k\u016fm nab\u00eddl prvn\u00ed pohled na \u00fachvatn\u00e9 vizu\u00e1ln\u00ed efekty, nov\u00e9 klany a ohromuj\u00edc\u00ed nov\u00e9 bytosti.<\/p>\n\n\n\n<div style=\"height:45px\" aria-hidden=\"true\" class=\"wp-block-spacer\"><\/div>\n\n\n\n<figure class=\"wp-block-embed aligncenter is-type-video is-provider-youtube wp-block-embed-youtube wp-embed-aspect-16-9 wp-has-aspect-ratio\"><div class=\"wp-block-embed__wrapper\">\n<div class=\"video-container\"><iframe loading=\"lazy\" title=\"AVATAR: OHE\u0147 A PRACH (2025) HD ofici\u00e1ln\u00ed trailer | CZ titulky\" width=\"500\" height=\"281\" src=\"https:\/\/www.youtube.com\/embed\/3it67qtTsyg?feature=oembed&#038;wmode=opaque\" frameborder=\"0\" allow=\"accelerometer; autoplay; clipboard-write; encrypted-media; gyroscope; picture-in-picture; web-share\" referrerpolicy=\"strict-origin-when-cross-origin\" allowfullscreen><\/iframe><\/div>\n<\/div><\/figure>\n\n\n\n<div style=\"height:45px\" aria-hidden=\"true\" class=\"wp-block-spacer\"><\/div>\n\n\n\n<p class=\"has-medium-font-size\">S filmem \u201eAvatar: Ohe\u0148 a prach\u201c James Cameron vrac\u00ed div\u00e1ky zp\u011bt na Pandoru v nov\u00e9m strhuj\u00edc\u00edm dobrodru\u017estv\u00ed s mari\u0148\u00e1kem Jakeem Sullym (Sam Worthington), kter\u00fd se stal v\u016fdcem Na&#8217;vi, v\u00e1le\u010dnic\u00ed Na&#8217;vi Neytiri (Zoe Saldana) a Sullyho rodinou. Ve filmu, jeho\u017e sc\u00e9n\u00e1\u0159 napsali James Cameron, Rick Jaffa a Amanda Silver a p\u0159\u00edb\u011bh James Cameron, Rick Jaffa, Amanda Silver, Josh Friedman a Shane Salerno, hraj\u00ed Sigourney Weaver, Stephen Lang, Oona Chaplin, Cliff Curtis, Britain Dalton, Trinity Bliss, Jack Champion, Bailey Bass a Kate Winslet.&nbsp;<\/p>\n\n\n\n<div style=\"height:45px\" aria-hidden=\"true\" class=\"wp-block-spacer\"><\/div>\n\n\n<div class=\"wp-block-image\">\n<figure class=\"aligncenter size-large\"><img decoding=\"async\" loading=\"lazy\" width=\"1024\" height=\"428\" src=\"https:\/\/cinemahouse.cz\/wp-content\/uploads\/2025\/08\/AvatarFireAndAsh_Still11-1024x428.jpg\" alt=\"https:\/\/youtu.be\/3it67qtTsyg\" class=\"wp-image-10819\" srcset=\"https:\/\/cinemahouse.cz\/wp-content\/uploads\/2025\/08\/AvatarFireAndAsh_Still11-1024x428.jpg 1024w, https:\/\/cinemahouse.cz\/wp-content\/uploads\/2025\/08\/AvatarFireAndAsh_Still11-300x125.jpg 300w, https:\/\/cinemahouse.cz\/wp-content\/uploads\/2025\/08\/AvatarFireAndAsh_Still11-768x321.jpg 768w, https:\/\/cinemahouse.cz\/wp-content\/uploads\/2025\/08\/AvatarFireAndAsh_Still11-1536x642.jpg 1536w, https:\/\/cinemahouse.cz\/wp-content\/uploads\/2025\/08\/AvatarFireAndAsh_Still11-2048x857.jpg 2048w\" sizes=\"(max-width: 1024px) 100vw, 1024px\" \/><\/figure><\/div>\n\n\n<div style=\"height:45px\" aria-hidden=\"true\" class=\"wp-block-spacer\"><\/div>\n\n\n\n<h2 class=\"wp-block-heading\">Ohe\u0148 a prach<\/h2>\n\n\n\n<div style=\"height:45px\" aria-hidden=\"true\" class=\"wp-block-spacer\"><\/div>\n\n\n\n<p class=\"has-medium-font-size\"><strong>Premi\u00e9ra: <\/strong>18.12.&nbsp;2025<\/p>\n\n\n\n<p class=\"has-medium-font-size\"><strong>Sc\u00e9n\u00e1\u0159<\/strong>: James Cameron, Rick Jaffa a Amanda Silver<\/p>\n\n\n\n<p class=\"has-medium-font-size\"><strong>Re\u017eie:<\/strong> James Cameron<\/p>\n\n\n\n<p class=\"has-medium-font-size\"><strong>Hudba:<\/strong> James&nbsp;Horner, Simon&nbsp;Franglen<\/p>\n\n\n\n<p class=\"has-medium-font-size\"><strong>Hraj\u00ed:<\/strong> Sigourney Weaver, Stephen Lang, Oona Chaplin, Cliff Curtis, Britain Dalton, Trinity Bliss, Jack Champion, Bailey Bass a Kate Winsl<\/p>\n\n\n\n<div style=\"height:45px\" aria-hidden=\"true\" class=\"wp-block-spacer\"><\/div>\n\n\n\n<figure class=\"wp-block-gallery has-nested-images columns-2 is-cropped wp-block-gallery-1 is-layout-flex wp-block-gallery-is-layout-flex\">\n<figure class=\"wp-block-image size-large\"><img decoding=\"async\" loading=\"lazy\" width=\"1024\" height=\"540\" data-id=\"10828\" src=\"https:\/\/cinemahouse.cz\/wp-content\/uploads\/2025\/08\/3033A_0060_v0765.L.1219-1024x540.jpg\" alt=\"OHE\u0147 A PRACH\" class=\"wp-image-10828\" srcset=\"https:\/\/cinemahouse.cz\/wp-content\/uploads\/2025\/08\/3033A_0060_v0765.L.1219-1024x540.jpg 1024w, https:\/\/cinemahouse.cz\/wp-content\/uploads\/2025\/08\/3033A_0060_v0765.L.1219-300x158.jpg 300w, https:\/\/cinemahouse.cz\/wp-content\/uploads\/2025\/08\/3033A_0060_v0765.L.1219-768x405.jpg 768w, https:\/\/cinemahouse.cz\/wp-content\/uploads\/2025\/08\/3033A_0060_v0765.L.1219-1536x810.jpg 1536w, https:\/\/cinemahouse.cz\/wp-content\/uploads\/2025\/08\/3033A_0060_v0765.L.1219-2048x1080.jpg 2048w\" sizes=\"(max-width: 1024px) 100vw, 1024px\" \/><\/figure>\n\n\n\n<figure class=\"wp-block-image size-large\"><img decoding=\"async\" loading=\"lazy\" width=\"1024\" height=\"425\" data-id=\"10829\" src=\"https:\/\/cinemahouse.cz\/wp-content\/uploads\/2025\/08\/AvatarFireAndAsh_Still03-1024x425.jpg\" alt=\"OHE\u0147 A PRACH\" class=\"wp-image-10829\" srcset=\"https:\/\/cinemahouse.cz\/wp-content\/uploads\/2025\/08\/AvatarFireAndAsh_Still03-1024x425.jpg 1024w, https:\/\/cinemahouse.cz\/wp-content\/uploads\/2025\/08\/AvatarFireAndAsh_Still03-300x124.jpg 300w, https:\/\/cinemahouse.cz\/wp-content\/uploads\/2025\/08\/AvatarFireAndAsh_Still03-768x319.jpg 768w, https:\/\/cinemahouse.cz\/wp-content\/uploads\/2025\/08\/AvatarFireAndAsh_Still03-1536x637.jpg 1536w, https:\/\/cinemahouse.cz\/wp-content\/uploads\/2025\/08\/AvatarFireAndAsh_Still03-2048x850.jpg 2048w\" sizes=\"(max-width: 1024px) 100vw, 1024px\" \/><\/figure>\n\n\n\n<figure class=\"wp-block-image size-large\"><img decoding=\"async\" loading=\"lazy\" width=\"1024\" height=\"423\" data-id=\"10825\" src=\"https:\/\/cinemahouse.cz\/wp-content\/uploads\/2025\/08\/AvatarFireAndAsh_Still05-1024x423.jpg\" alt=\"OHE\u0147 A PRACH\" class=\"wp-image-10825\" srcset=\"https:\/\/cinemahouse.cz\/wp-content\/uploads\/2025\/08\/AvatarFireAndAsh_Still05-1024x423.jpg 1024w, https:\/\/cinemahouse.cz\/wp-content\/uploads\/2025\/08\/AvatarFireAndAsh_Still05-300x124.jpg 300w, https:\/\/cinemahouse.cz\/wp-content\/uploads\/2025\/08\/AvatarFireAndAsh_Still05-768x318.jpg 768w, https:\/\/cinemahouse.cz\/wp-content\/uploads\/2025\/08\/AvatarFireAndAsh_Still05-1536x635.jpg 1536w, https:\/\/cinemahouse.cz\/wp-content\/uploads\/2025\/08\/AvatarFireAndAsh_Still05-2048x847.jpg 2048w\" sizes=\"(max-width: 1024px) 100vw, 1024px\" \/><\/figure>\n\n\n\n<figure class=\"wp-block-image size-large\"><img decoding=\"async\" loading=\"lazy\" width=\"1024\" height=\"425\" data-id=\"10820\" src=\"https:\/\/cinemahouse.cz\/wp-content\/uploads\/2025\/08\/AvatarFireAndAsh_Still06-1024x425.jpg\" alt=\"OHE\u0147 A PRACH\" class=\"wp-image-10820\" srcset=\"https:\/\/cinemahouse.cz\/wp-content\/uploads\/2025\/08\/AvatarFireAndAsh_Still06-1024x425.jpg 1024w, https:\/\/cinemahouse.cz\/wp-content\/uploads\/2025\/08\/AvatarFireAndAsh_Still06-300x124.jpg 300w, https:\/\/cinemahouse.cz\/wp-content\/uploads\/2025\/08\/AvatarFireAndAsh_Still06-768x319.jpg 768w, https:\/\/cinemahouse.cz\/wp-content\/uploads\/2025\/08\/AvatarFireAndAsh_Still06-1536x637.jpg 1536w, https:\/\/cinemahouse.cz\/wp-content\/uploads\/2025\/08\/AvatarFireAndAsh_Still06-2048x850.jpg 2048w\" sizes=\"(max-width: 1024px) 100vw, 1024px\" \/><\/figure>\n\n\n\n<figure class=\"wp-block-image size-large\"><img decoding=\"async\" loading=\"lazy\" width=\"1024\" height=\"427\" data-id=\"10817\" src=\"https:\/\/cinemahouse.cz\/wp-content\/uploads\/2025\/08\/AvatarFireAndAsh_Still07-1024x427.jpg\" alt=\"OHE\u0147 A PRACH\" class=\"wp-image-10817\" srcset=\"https:\/\/cinemahouse.cz\/wp-content\/uploads\/2025\/08\/AvatarFireAndAsh_Still07-1024x427.jpg 1024w, https:\/\/cinemahouse.cz\/wp-content\/uploads\/2025\/08\/AvatarFireAndAsh_Still07-300x125.jpg 300w, https:\/\/cinemahouse.cz\/wp-content\/uploads\/2025\/08\/AvatarFireAndAsh_Still07-768x320.jpg 768w, https:\/\/cinemahouse.cz\/wp-content\/uploads\/2025\/08\/AvatarFireAndAsh_Still07-1536x640.jpg 1536w, https:\/\/cinemahouse.cz\/wp-content\/uploads\/2025\/08\/AvatarFireAndAsh_Still07-2048x853.jpg 2048w\" sizes=\"(max-width: 1024px) 100vw, 1024px\" \/><\/figure>\n\n\n\n<figure class=\"wp-block-image size-large\"><img decoding=\"async\" loading=\"lazy\" width=\"1024\" height=\"427\" data-id=\"10818\" src=\"https:\/\/cinemahouse.cz\/wp-content\/uploads\/2025\/08\/AvatarFireAndAsh_Still12-1024x427.jpg\" alt=\"OHE\u0147 A PRACH\" class=\"wp-image-10818\" srcset=\"https:\/\/cinemahouse.cz\/wp-content\/uploads\/2025\/08\/AvatarFireAndAsh_Still12-1024x427.jpg 1024w, https:\/\/cinemahouse.cz\/wp-content\/uploads\/2025\/08\/AvatarFireAndAsh_Still12-300x125.jpg 300w, https:\/\/cinemahouse.cz\/wp-content\/uploads\/2025\/08\/AvatarFireAndAsh_Still12-768x320.jpg 768w, https:\/\/cinemahouse.cz\/wp-content\/uploads\/2025\/08\/AvatarFireAndAsh_Still12-1536x640.jpg 1536w, https:\/\/cinemahouse.cz\/wp-content\/uploads\/2025\/08\/AvatarFireAndAsh_Still12-2048x853.jpg 2048w\" sizes=\"(max-width: 1024px) 100vw, 1024px\" \/><\/figure>\n\n\n\n<figure class=\"wp-block-image size-large\"><img decoding=\"async\" loading=\"lazy\" width=\"1024\" height=\"423\" data-id=\"10822\" src=\"https:\/\/cinemahouse.cz\/wp-content\/uploads\/2025\/08\/AvatarFireAndAsh_Still08-1024x423.jpg\" alt=\"OHE\u0147 A PRACH\" class=\"wp-image-10822\" srcset=\"https:\/\/cinemahouse.cz\/wp-content\/uploads\/2025\/08\/AvatarFireAndAsh_Still08-1024x423.jpg 1024w, https:\/\/cinemahouse.cz\/wp-content\/uploads\/2025\/08\/AvatarFireAndAsh_Still08-300x124.jpg 300w, https:\/\/cinemahouse.cz\/wp-content\/uploads\/2025\/08\/AvatarFireAndAsh_Still08-768x317.jpg 768w, https:\/\/cinemahouse.cz\/wp-content\/uploads\/2025\/08\/AvatarFireAndAsh_Still08-1536x635.jpg 1536w, https:\/\/cinemahouse.cz\/wp-content\/uploads\/2025\/08\/AvatarFireAndAsh_Still08-2048x846.jpg 2048w\" sizes=\"(max-width: 1024px) 100vw, 1024px\" \/><\/figure>\n\n\n\n<figure class=\"wp-block-image size-large\"><img decoding=\"async\" data-id=\"10824\" src=\"https:\/\/cinemahouse.cz\/wp-content\/uploads\/2025\/08\/AvatarFireAndAsh_Still10-scaled.jpg\" alt=\"OHE\u0147 A PRACH\" class=\"wp-image-10824\" \/><\/figure>\n\n\n\n<figure class=\"wp-block-image size-large\"><img decoding=\"async\" loading=\"lazy\" width=\"1024\" height=\"429\" data-id=\"10827\" src=\"https:\/\/cinemahouse.cz\/wp-content\/uploads\/2025\/08\/AvatarFireAndAsh_Still13-1024x429.jpg\" alt=\"OHE\u0147 A PRACH\" class=\"wp-image-10827\" srcset=\"https:\/\/cinemahouse.cz\/wp-content\/uploads\/2025\/08\/AvatarFireAndAsh_Still13-1024x429.jpg 1024w, https:\/\/cinemahouse.cz\/wp-content\/uploads\/2025\/08\/AvatarFireAndAsh_Still13-300x126.jpg 300w, https:\/\/cinemahouse.cz\/wp-content\/uploads\/2025\/08\/AvatarFireAndAsh_Still13-768x322.jpg 768w, https:\/\/cinemahouse.cz\/wp-content\/uploads\/2025\/08\/AvatarFireAndAsh_Still13-1536x644.jpg 1536w, https:\/\/cinemahouse.cz\/wp-content\/uploads\/2025\/08\/AvatarFireAndAsh_Still13-2048x858.jpg 2048w\" sizes=\"(max-width: 1024px) 100vw, 1024px\" \/><\/figure>\n\n\n\n<figure class=\"wp-block-image size-large\"><img decoding=\"async\" loading=\"lazy\" width=\"1024\" height=\"428\" data-id=\"10819\" src=\"https:\/\/cinemahouse.cz\/wp-content\/uploads\/2025\/08\/AvatarFireAndAsh_Still11-1024x428.jpg\" alt=\"OHE\u0147 A PRACH\" class=\"wp-image-10819\" srcset=\"https:\/\/cinemahouse.cz\/wp-content\/uploads\/2025\/08\/AvatarFireAndAsh_Still11-1024x428.jpg 1024w, https:\/\/cinemahouse.cz\/wp-content\/uploads\/2025\/08\/AvatarFireAndAsh_Still11-300x125.jpg 300w, https:\/\/cinemahouse.cz\/wp-content\/uploads\/2025\/08\/AvatarFireAndAsh_Still11-768x321.jpg 768w, https:\/\/cinemahouse.cz\/wp-content\/uploads\/2025\/08\/AvatarFireAndAsh_Still11-1536x642.jpg 1536w, https:\/\/cinemahouse.cz\/wp-content\/uploads\/2025\/08\/AvatarFireAndAsh_Still11-2048x857.jpg 2048w\" sizes=\"(max-width: 1024px) 100vw, 1024px\" \/><\/figure>\n\n\n\n<figure class=\"wp-block-image size-large\"><img decoding=\"async\" loading=\"lazy\" width=\"1024\" height=\"424\" data-id=\"10826\" src=\"https:\/\/cinemahouse.cz\/wp-content\/uploads\/2025\/08\/AvatarFireAndAsh_Still14-1024x424.jpg\" alt=\"OHE\u0147 A PRACH\" class=\"wp-image-10826\" srcset=\"https:\/\/cinemahouse.cz\/wp-content\/uploads\/2025\/08\/AvatarFireAndAsh_Still14-1024x424.jpg 1024w, https:\/\/cinemahouse.cz\/wp-content\/uploads\/2025\/08\/AvatarFireAndAsh_Still14-300x124.jpg 300w, https:\/\/cinemahouse.cz\/wp-content\/uploads\/2025\/08\/AvatarFireAndAsh_Still14-768x318.jpg 768w, https:\/\/cinemahouse.cz\/wp-content\/uploads\/2025\/08\/AvatarFireAndAsh_Still14-1536x636.jpg 1536w, https:\/\/cinemahouse.cz\/wp-content\/uploads\/2025\/08\/AvatarFireAndAsh_Still14-2048x848.jpg 2048w\" sizes=\"(max-width: 1024px) 100vw, 1024px\" \/><\/figure>\n\n\n\n<figure class=\"wp-block-image size-large\"><img decoding=\"async\" loading=\"lazy\" width=\"1024\" height=\"429\" data-id=\"10823\" src=\"https:\/\/cinemahouse.cz\/wp-content\/uploads\/2025\/08\/AvatarFireAndAsh_Still15-1024x429.jpg\" alt=\"OHE\u0147 A PRACH\" class=\"wp-image-10823\" srcset=\"https:\/\/cinemahouse.cz\/wp-content\/uploads\/2025\/08\/AvatarFireAndAsh_Still15-1024x429.jpg 1024w, https:\/\/cinemahouse.cz\/wp-content\/uploads\/2025\/08\/AvatarFireAndAsh_Still15-300x126.jpg 300w, https:\/\/cinemahouse.cz\/wp-content\/uploads\/2025\/08\/AvatarFireAndAsh_Still15-768x322.jpg 768w, https:\/\/cinemahouse.cz\/wp-content\/uploads\/2025\/08\/AvatarFireAndAsh_Still15-1536x643.jpg 1536w, https:\/\/cinemahouse.cz\/wp-content\/uploads\/2025\/08\/AvatarFireAndAsh_Still15-2048x858.jpg 2048w\" sizes=\"(max-width: 1024px) 100vw, 1024px\" \/><\/figure>\n\n\n\n<figure class=\"wp-block-image size-large\"><img decoding=\"async\" loading=\"lazy\" width=\"2756\" height=\"3937\" data-id=\"10830\" src=\"https:\/\/cinemahouse.cz\/wp-content\/uploads\/2025\/08\/upload_8225288396261906468.webp\" alt=\"OHE\u0147 A PRACH\" class=\"wp-image-10830\" \/><\/figure>\n<\/figure>\n\n\n\n<div style=\"height:45px\" aria-hidden=\"true\" class=\"wp-block-spacer\"><\/div>\n\n\n\n<p class=\"has-medium-font-size\"><strong>Zdroj foto a video:<\/strong>&nbsp;FALCON<\/p>\n\n\n\n<div style=\"height:45px\" aria-hidden=\"true\" class=\"wp-block-spacer\"><\/div>\n","protected":false},"excerpt":{"rendered":"<p>Trailer k filmu \u201eAvatar: Ohe\u0148 a prach\u201c od oscarov\u00e9ho re\u017eis\u00e9ra Jamese Camerona je tady! Trailer a filmov\u00e9 fotografie jsou nyn\u00ed k dispozici ke sta\u017een\u00ed a sd\u00edlen\u00ed. T\u0159et\u00ed film z fenomen\u00e1ln\u011b \u00fasp\u011b\u0161n\u00e9 s\u00e9rie \u201eAvatar\u201c bude&#46;&#46;&#46;<\/p>\n","protected":false},"author":7,"featured_media":10828,"comment_status":"closed","ping_status":"closed","sticky":false,"template":"","format":"standard","meta":{"_monsterinsights_skip_tracking":false,"_monsterinsights_sitenote_active":false,"_monsterinsights_sitenote_note":"","_monsterinsights_sitenote_category":0,"footnotes":""},"categories":[3,12,2,5],"tags":[],"yoast_head":"<!-- This site is optimized with the Yoast SEO plugin v21.4 - https:\/\/yoast.com\/wordpress\/plugins\/seo\/ -->\n<title>T\u0159et\u00ed film z fenomen\u00e1ln\u011b \u00fasp\u011b\u0161n\u00e9 s\u00e9rie \u201eAvatar\u201c Jamese Camerona bude m\u00edt premi\u00e9ru v \u010desk\u00fdch kinech 18. prosince - CINEMAHOUSE.cz<\/title>\n<meta name=\"description\" content=\"Trailer k filmu \u201eAvatar: Ohe\u0148 a prach\u201c od oscarov\u00e9ho re\u017eis\u00e9ra Jamese Camerona je tady! Trailer a filmov\u00e9 fotografie jsou nyn\u00ed k dispozici.\" \/>\n<meta name=\"robots\" content=\"index, follow, max-snippet:-1, max-image-preview:large, max-video-preview:-1\" \/>\n<link rel=\"canonical\" href=\"https:\/\/cinemahouse.cz\/index.php\/2025\/09\/10\/treti-film-z-fenomenalne-uspesne-serie-avatar-jamese-camerona-bude-mit-premieru-v-ceskych-kinech-18-prosince\/\" \/>\n<meta property=\"og:locale\" content=\"cs_CZ\" \/>\n<meta property=\"og:type\" content=\"article\" \/>\n<meta property=\"og:title\" content=\"T\u0159et\u00ed film z fenomen\u00e1ln\u011b \u00fasp\u011b\u0161n\u00e9 s\u00e9rie \u201eAvatar\u201c Jamese Camerona bude m\u00edt premi\u00e9ru v \u010desk\u00fdch kinech 18. prosince - CINEMAHOUSE.cz\" \/>\n<meta property=\"og:description\" content=\"Trailer k filmu \u201eAvatar: Ohe\u0148 a prach\u201c od oscarov\u00e9ho re\u017eis\u00e9ra Jamese Camerona je tady! Trailer a filmov\u00e9 fotografie jsou nyn\u00ed k dispozici.\" \/>\n<meta property=\"og:url\" content=\"https:\/\/cinemahouse.cz\/index.php\/2025\/09\/10\/treti-film-z-fenomenalne-uspesne-serie-avatar-jamese-camerona-bude-mit-premieru-v-ceskych-kinech-18-prosince\/\" \/>\n<meta property=\"og:site_name\" content=\"CINEMAHOUSE.cz\" \/>\n<meta property=\"article:published_time\" content=\"2025-09-09T22:01:00+00:00\" \/>\n<meta property=\"article:modified_time\" content=\"2025-08-31T11:21:10+00:00\" \/>\n<meta property=\"og:image\" content=\"https:\/\/cinemahouse.cz\/wp-content\/uploads\/2025\/08\/3033A_0060_v0765.L.1219-scaled.jpg\" \/>\n\t<meta property=\"og:image:width\" content=\"2560\" \/>\n\t<meta property=\"og:image:height\" content=\"1350\" \/>\n\t<meta property=\"og:image:type\" content=\"image\/jpeg\" \/>\n<meta name=\"author\" content=\"Martina Pechov\u00e1\" \/>\n<meta name=\"twitter:card\" content=\"summary_large_image\" \/>\n<meta name=\"twitter:label1\" content=\"Napsal(a)\" \/>\n\t<meta name=\"twitter:data1\" content=\"Martina Pechov\u00e1\" \/>\n\t<meta name=\"twitter:label2\" content=\"Odhadovan\u00e1 doba \u010dten\u00ed\" \/>\n\t<meta name=\"twitter:data2\" content=\"5 minut\" \/>\n<script type=\"application\/ld+json\" class=\"yoast-schema-graph\">{\"@context\":\"https:\/\/schema.org\",\"@graph\":[{\"@type\":\"Article\",\"@id\":\"https:\/\/cinemahouse.cz\/index.php\/2025\/09\/10\/treti-film-z-fenomenalne-uspesne-serie-avatar-jamese-camerona-bude-mit-premieru-v-ceskych-kinech-18-prosince\/#article\",\"isPartOf\":{\"@id\":\"https:\/\/cinemahouse.cz\/index.php\/2025\/09\/10\/treti-film-z-fenomenalne-uspesne-serie-avatar-jamese-camerona-bude-mit-premieru-v-ceskych-kinech-18-prosince\/\"},\"author\":{\"name\":\"Martina Pechov\u00e1\",\"@id\":\"https:\/\/cinemahouse.cz\/#\/schema\/person\/8e894bed58c7bf0d7b179ae61a79027e\"},\"headline\":\"T\u0159et\u00ed film z fenomen\u00e1ln\u011b \u00fasp\u011b\u0161n\u00e9 s\u00e9rie \u201eAvatar\u201c Jamese Camerona bude m\u00edt premi\u00e9ru v \u010desk\u00fdch kinech 18. prosince\",\"datePublished\":\"2025-09-09T22:01:00+00:00\",\"dateModified\":\"2025-08-31T11:21:10+00:00\",\"mainEntityOfPage\":{\"@id\":\"https:\/\/cinemahouse.cz\/index.php\/2025\/09\/10\/treti-film-z-fenomenalne-uspesne-serie-avatar-jamese-camerona-bude-mit-premieru-v-ceskych-kinech-18-prosince\/\"},\"wordCount\":270,\"publisher\":{\"@id\":\"https:\/\/cinemahouse.cz\/#organization\"},\"articleSection\":[\"FILMOV\u00c9 NOVINKY\",\"FILMY, SERI\u00c1LY a TV\",\"NEWS\",\"TRAILERY\"],\"inLanguage\":\"cs\"},{\"@type\":\"WebPage\",\"@id\":\"https:\/\/cinemahouse.cz\/index.php\/2025\/09\/10\/treti-film-z-fenomenalne-uspesne-serie-avatar-jamese-camerona-bude-mit-premieru-v-ceskych-kinech-18-prosince\/\",\"url\":\"https:\/\/cinemahouse.cz\/index.php\/2025\/09\/10\/treti-film-z-fenomenalne-uspesne-serie-avatar-jamese-camerona-bude-mit-premieru-v-ceskych-kinech-18-prosince\/\",\"name\":\"T\u0159et\u00ed film z fenomen\u00e1ln\u011b \u00fasp\u011b\u0161n\u00e9 s\u00e9rie \u201eAvatar\u201c Jamese Camerona bude m\u00edt premi\u00e9ru v \u010desk\u00fdch kinech 18. prosince - CINEMAHOUSE.cz\",\"isPartOf\":{\"@id\":\"https:\/\/cinemahouse.cz\/#website\"},\"datePublished\":\"2025-09-09T22:01:00+00:00\",\"dateModified\":\"2025-08-31T11:21:10+00:00\",\"description\":\"Trailer k filmu \u201eAvatar: Ohe\u0148 a prach\u201c od oscarov\u00e9ho re\u017eis\u00e9ra Jamese Camerona je tady! Trailer a filmov\u00e9 fotografie jsou nyn\u00ed k dispozici.\",\"breadcrumb\":{\"@id\":\"https:\/\/cinemahouse.cz\/index.php\/2025\/09\/10\/treti-film-z-fenomenalne-uspesne-serie-avatar-jamese-camerona-bude-mit-premieru-v-ceskych-kinech-18-prosince\/#breadcrumb\"},\"inLanguage\":\"cs\",\"potentialAction\":[{\"@type\":\"ReadAction\",\"target\":[\"https:\/\/cinemahouse.cz\/index.php\/2025\/09\/10\/treti-film-z-fenomenalne-uspesne-serie-avatar-jamese-camerona-bude-mit-premieru-v-ceskych-kinech-18-prosince\/\"]}]},{\"@type\":\"BreadcrumbList\",\"@id\":\"https:\/\/cinemahouse.cz\/index.php\/2025\/09\/10\/treti-film-z-fenomenalne-uspesne-serie-avatar-jamese-camerona-bude-mit-premieru-v-ceskych-kinech-18-prosince\/#breadcrumb\",\"itemListElement\":[{\"@type\":\"ListItem\",\"position\":1,\"name\":\"Dom\u016f\",\"item\":\"https:\/\/cinemahouse.cz\/\"},{\"@type\":\"ListItem\",\"position\":2,\"name\":\"T\u0159et\u00ed film z fenomen\u00e1ln\u011b \u00fasp\u011b\u0161n\u00e9 s\u00e9rie \u201eAvatar\u201c Jamese Camerona bude m\u00edt premi\u00e9ru v \u010desk\u00fdch kinech 18. prosince\"}]},{\"@type\":\"WebSite\",\"@id\":\"https:\/\/cinemahouse.cz\/#website\",\"url\":\"https:\/\/cinemahouse.cz\/\",\"name\":\"CINEMAHOUSE.cz\",\"description\":\"Port\u00e1l o filmov\u00fdch novink\u00e1ch\",\"publisher\":{\"@id\":\"https:\/\/cinemahouse.cz\/#organization\"},\"potentialAction\":[{\"@type\":\"SearchAction\",\"target\":{\"@type\":\"EntryPoint\",\"urlTemplate\":\"https:\/\/cinemahouse.cz\/?s={search_term_string}\"},\"query-input\":\"required name=search_term_string\"}],\"inLanguage\":\"cs\"},{\"@type\":\"Organization\",\"@id\":\"https:\/\/cinemahouse.cz\/#organization\",\"name\":\"CINEMAHOUSE.cz\",\"url\":\"https:\/\/cinemahouse.cz\/\",\"logo\":{\"@type\":\"ImageObject\",\"inLanguage\":\"cs\",\"@id\":\"https:\/\/cinemahouse.cz\/#\/schema\/logo\/image\/\",\"url\":\"https:\/\/cinemahouse.cz\/wp-content\/uploads\/2024\/12\/cropped-Logo_CinemaHouse.jpg\",\"contentUrl\":\"https:\/\/cinemahouse.cz\/wp-content\/uploads\/2024\/12\/cropped-Logo_CinemaHouse.jpg\",\"width\":926,\"height\":467,\"caption\":\"CINEMAHOUSE.cz\"},\"image\":{\"@id\":\"https:\/\/cinemahouse.cz\/#\/schema\/logo\/image\/\"}},{\"@type\":\"Person\",\"@id\":\"https:\/\/cinemahouse.cz\/#\/schema\/person\/8e894bed58c7bf0d7b179ae61a79027e\",\"name\":\"Martina Pechov\u00e1\",\"image\":{\"@type\":\"ImageObject\",\"inLanguage\":\"cs\",\"@id\":\"https:\/\/cinemahouse.cz\/#\/schema\/person\/image\/\",\"url\":\"https:\/\/secure.gravatar.com\/avatar\/d3ad7f43789eed68b221d01c6d7ac4e5?s=96&d=mm&r=g\",\"contentUrl\":\"https:\/\/secure.gravatar.com\/avatar\/d3ad7f43789eed68b221d01c6d7ac4e5?s=96&d=mm&r=g\",\"caption\":\"Martina Pechov\u00e1\"},\"sameAs\":[\"http:\/\/CINEMAHOUSE.cz\"],\"url\":\"https:\/\/cinemahouse.cz\/index.php\/author\/marpech\/\"}]}<\/script>\n<!-- \/ Yoast SEO plugin. -->","yoast_head_json":{"title":"T\u0159et\u00ed film z fenomen\u00e1ln\u011b \u00fasp\u011b\u0161n\u00e9 s\u00e9rie \u201eAvatar\u201c Jamese Camerona bude m\u00edt premi\u00e9ru v \u010desk\u00fdch kinech 18. prosince - CINEMAHOUSE.cz","description":"Trailer k filmu \u201eAvatar: Ohe\u0148 a prach\u201c od oscarov\u00e9ho re\u017eis\u00e9ra Jamese Camerona je tady! Trailer a filmov\u00e9 fotografie jsou nyn\u00ed k dispozici.","robots":{"index":"index","follow":"follow","max-snippet":"max-snippet:-1","max-image-preview":"max-image-preview:large","max-video-preview":"max-video-preview:-1"},"canonical":"https:\/\/cinemahouse.cz\/index.php\/2025\/09\/10\/treti-film-z-fenomenalne-uspesne-serie-avatar-jamese-camerona-bude-mit-premieru-v-ceskych-kinech-18-prosince\/","og_locale":"cs_CZ","og_type":"article","og_title":"T\u0159et\u00ed film z fenomen\u00e1ln\u011b \u00fasp\u011b\u0161n\u00e9 s\u00e9rie \u201eAvatar\u201c Jamese Camerona bude m\u00edt premi\u00e9ru v \u010desk\u00fdch kinech 18. prosince - CINEMAHOUSE.cz","og_description":"Trailer k filmu \u201eAvatar: Ohe\u0148 a prach\u201c od oscarov\u00e9ho re\u017eis\u00e9ra Jamese Camerona je tady! Trailer a filmov\u00e9 fotografie jsou nyn\u00ed k dispozici.","og_url":"https:\/\/cinemahouse.cz\/index.php\/2025\/09\/10\/treti-film-z-fenomenalne-uspesne-serie-avatar-jamese-camerona-bude-mit-premieru-v-ceskych-kinech-18-prosince\/","og_site_name":"CINEMAHOUSE.cz","article_published_time":"2025-09-09T22:01:00+00:00","article_modified_time":"2025-08-31T11:21:10+00:00","og_image":[{"width":2560,"height":1350,"url":"https:\/\/cinemahouse.cz\/wp-content\/uploads\/2025\/08\/3033A_0060_v0765.L.1219-scaled.jpg","type":"image\/jpeg"}],"author":"Martina Pechov\u00e1","twitter_card":"summary_large_image","twitter_misc":{"Napsal(a)":"Martina Pechov\u00e1","Odhadovan\u00e1 doba \u010dten\u00ed":"5 minut"},"schema":{"@context":"https:\/\/schema.org","@graph":[{"@type":"Article","@id":"https:\/\/cinemahouse.cz\/index.php\/2025\/09\/10\/treti-film-z-fenomenalne-uspesne-serie-avatar-jamese-camerona-bude-mit-premieru-v-ceskych-kinech-18-prosince\/#article","isPartOf":{"@id":"https:\/\/cinemahouse.cz\/index.php\/2025\/09\/10\/treti-film-z-fenomenalne-uspesne-serie-avatar-jamese-camerona-bude-mit-premieru-v-ceskych-kinech-18-prosince\/"},"author":{"name":"Martina Pechov\u00e1","@id":"https:\/\/cinemahouse.cz\/#\/schema\/person\/8e894bed58c7bf0d7b179ae61a79027e"},"headline":"T\u0159et\u00ed film z fenomen\u00e1ln\u011b \u00fasp\u011b\u0161n\u00e9 s\u00e9rie \u201eAvatar\u201c Jamese Camerona bude m\u00edt premi\u00e9ru v \u010desk\u00fdch kinech 18. prosince","datePublished":"2025-09-09T22:01:00+00:00","dateModified":"2025-08-31T11:21:10+00:00","mainEntityOfPage":{"@id":"https:\/\/cinemahouse.cz\/index.php\/2025\/09\/10\/treti-film-z-fenomenalne-uspesne-serie-avatar-jamese-camerona-bude-mit-premieru-v-ceskych-kinech-18-prosince\/"},"wordCount":270,"publisher":{"@id":"https:\/\/cinemahouse.cz\/#organization"},"articleSection":["FILMOV\u00c9 NOVINKY","FILMY, SERI\u00c1LY a TV","NEWS","TRAILERY"],"inLanguage":"cs"},{"@type":"WebPage","@id":"https:\/\/cinemahouse.cz\/index.php\/2025\/09\/10\/treti-film-z-fenomenalne-uspesne-serie-avatar-jamese-camerona-bude-mit-premieru-v-ceskych-kinech-18-prosince\/","url":"https:\/\/cinemahouse.cz\/index.php\/2025\/09\/10\/treti-film-z-fenomenalne-uspesne-serie-avatar-jamese-camerona-bude-mit-premieru-v-ceskych-kinech-18-prosince\/","name":"T\u0159et\u00ed film z fenomen\u00e1ln\u011b \u00fasp\u011b\u0161n\u00e9 s\u00e9rie \u201eAvatar\u201c Jamese Camerona bude m\u00edt premi\u00e9ru v \u010desk\u00fdch kinech 18. prosince - CINEMAHOUSE.cz","isPartOf":{"@id":"https:\/\/cinemahouse.cz\/#website"},"datePublished":"2025-09-09T22:01:00+00:00","dateModified":"2025-08-31T11:21:10+00:00","description":"Trailer k filmu \u201eAvatar: Ohe\u0148 a prach\u201c od oscarov\u00e9ho re\u017eis\u00e9ra Jamese Camerona je tady! Trailer a filmov\u00e9 fotografie jsou nyn\u00ed k dispozici.","breadcrumb":{"@id":"https:\/\/cinemahouse.cz\/index.php\/2025\/09\/10\/treti-film-z-fenomenalne-uspesne-serie-avatar-jamese-camerona-bude-mit-premieru-v-ceskych-kinech-18-prosince\/#breadcrumb"},"inLanguage":"cs","potentialAction":[{"@type":"ReadAction","target":["https:\/\/cinemahouse.cz\/index.php\/2025\/09\/10\/treti-film-z-fenomenalne-uspesne-serie-avatar-jamese-camerona-bude-mit-premieru-v-ceskych-kinech-18-prosince\/"]}]},{"@type":"BreadcrumbList","@id":"https:\/\/cinemahouse.cz\/index.php\/2025\/09\/10\/treti-film-z-fenomenalne-uspesne-serie-avatar-jamese-camerona-bude-mit-premieru-v-ceskych-kinech-18-prosince\/#breadcrumb","itemListElement":[{"@type":"ListItem","position":1,"name":"Dom\u016f","item":"https:\/\/cinemahouse.cz\/"},{"@type":"ListItem","position":2,"name":"T\u0159et\u00ed film z fenomen\u00e1ln\u011b \u00fasp\u011b\u0161n\u00e9 s\u00e9rie \u201eAvatar\u201c Jamese Camerona bude m\u00edt premi\u00e9ru v \u010desk\u00fdch kinech 18. prosince"}]},{"@type":"WebSite","@id":"https:\/\/cinemahouse.cz\/#website","url":"https:\/\/cinemahouse.cz\/","name":"CINEMAHOUSE.cz","description":"Port\u00e1l o filmov\u00fdch novink\u00e1ch","publisher":{"@id":"https:\/\/cinemahouse.cz\/#organization"},"potentialAction":[{"@type":"SearchAction","target":{"@type":"EntryPoint","urlTemplate":"https:\/\/cinemahouse.cz\/?s={search_term_string}"},"query-input":"required name=search_term_string"}],"inLanguage":"cs"},{"@type":"Organization","@id":"https:\/\/cinemahouse.cz\/#organization","name":"CINEMAHOUSE.cz","url":"https:\/\/cinemahouse.cz\/","logo":{"@type":"ImageObject","inLanguage":"cs","@id":"https:\/\/cinemahouse.cz\/#\/schema\/logo\/image\/","url":"https:\/\/cinemahouse.cz\/wp-content\/uploads\/2024\/12\/cropped-Logo_CinemaHouse.jpg","contentUrl":"https:\/\/cinemahouse.cz\/wp-content\/uploads\/2024\/12\/cropped-Logo_CinemaHouse.jpg","width":926,"height":467,"caption":"CINEMAHOUSE.cz"},"image":{"@id":"https:\/\/cinemahouse.cz\/#\/schema\/logo\/image\/"}},{"@type":"Person","@id":"https:\/\/cinemahouse.cz\/#\/schema\/person\/8e894bed58c7bf0d7b179ae61a79027e","name":"Martina Pechov\u00e1","image":{"@type":"ImageObject","inLanguage":"cs","@id":"https:\/\/cinemahouse.cz\/#\/schema\/person\/image\/","url":"https:\/\/secure.gravatar.com\/avatar\/d3ad7f43789eed68b221d01c6d7ac4e5?s=96&d=mm&r=g","contentUrl":"https:\/\/secure.gravatar.com\/avatar\/d3ad7f43789eed68b221d01c6d7ac4e5?s=96&d=mm&r=g","caption":"Martina Pechov\u00e1"},"sameAs":["http:\/\/CINEMAHOUSE.cz"],"url":"https:\/\/cinemahouse.cz\/index.php\/author\/marpech\/"}]}},"_links":{"self":[{"href":"https:\/\/cinemahouse.cz\/index.php\/wp-json\/wp\/v2\/posts\/10816"}],"collection":[{"href":"https:\/\/cinemahouse.cz\/index.php\/wp-json\/wp\/v2\/posts"}],"about":[{"href":"https:\/\/cinemahouse.cz\/index.php\/wp-json\/wp\/v2\/types\/post"}],"author":[{"embeddable":true,"href":"https:\/\/cinemahouse.cz\/index.php\/wp-json\/wp\/v2\/users\/7"}],"replies":[{"embeddable":true,"href":"https:\/\/cinemahouse.cz\/index.php\/wp-json\/wp\/v2\/comments?post=10816"}],"version-history":[{"count":4,"href":"https:\/\/cinemahouse.cz\/index.php\/wp-json\/wp\/v2\/posts\/10816\/revisions"}],"predecessor-version":[{"id":10834,"href":"https:\/\/cinemahouse.cz\/index.php\/wp-json\/wp\/v2\/posts\/10816\/revisions\/10834"}],"wp:featuredmedia":[{"embeddable":true,"href":"https:\/\/cinemahouse.cz\/index.php\/wp-json\/wp\/v2\/media\/10828"}],"wp:attachment":[{"href":"https:\/\/cinemahouse.cz\/index.php\/wp-json\/wp\/v2\/media?parent=10816"}],"wp:term":[{"taxonomy":"category","embeddable":true,"href":"https:\/\/cinemahouse.cz\/index.php\/wp-json\/wp\/v2\/categories?post=10816"},{"taxonomy":"post_tag","embeddable":true,"href":"https:\/\/cinemahouse.cz\/index.php\/wp-json\/wp\/v2\/tags?post=10816"}],"curies":[{"name":"wp","href":"https:\/\/api.w.org\/{rel}","templated":true}]}}