{"id":1078,"date":"2019-11-04T01:57:35","date_gmt":"2019-11-04T00:57:35","guid":{"rendered":"http:\/\/cinemahouse.cz\/?p=1078"},"modified":"2019-11-05T02:12:42","modified_gmt":"2019-11-05T01:12:42","slug":"terminator-s-podtitulem-temny-osud-si-u-nas-odbyl-slavnostni-premieru-v-prazskem-kine-imax","status":"publish","type":"post","link":"https:\/\/cinemahouse.cz\/index.php\/2019\/11\/04\/terminator-s-podtitulem-temny-osud-si-u-nas-odbyl-slavnostni-premieru-v-prazskem-kine-imax\/","title":{"rendered":"Termin\u00e1tor s podtitulem Temn\u00fd osud si u n\u00e1s odbyl slavnostn\u00ed premi\u00e9ru v pra\u017esk\u00e9m kin\u011b IMAX"},"content":{"rendered":"\n<p><strong>Arnold Schwarzenegger se vrac\u00ed do kin ve sv\u00e9 ikonick\u00e9 roli Termin\u00e1tora. Pokra\u010dov\u00e1n\u00ed legend\u00e1rn\u00edho p\u0159\u00edb\u011bhu s podtitulem Temn\u00fd osud si u n\u00e1s odbylo slavnostn\u00ed premi\u00e9ru v pra\u017esk\u00e9m kin\u011b IMAX za \u00fa\u010dasti hv\u011bzdn\u00fdch host\u016f. Jestli Arniemu zbyly je\u0161t\u011b n\u011bjak\u00e9 svaly, dorazily krom Patrasov\u00e9 zkontrolovat je\u0161t\u011b d\u00e1my jako Andrea Kalivodov\u00e1, Linda Finkov\u00e1 nebo B\u00e1ra Nesvadbov\u00e1. <\/strong> <\/p>\n\n\n\n<figure class=\"wp-block-image\"><img decoding=\"async\" src=\"http:\/\/cinemahouse.cz\/wp-content\/uploads\/2019\/11\/AndreaKalivodova?-1-1024x683.jpg\" alt=\"\" class=\"wp-image-1084\"\/><\/figure>\n\n\n\n<p>P\u0159\u00edb\u011bh sn\u00edmku navazuje sv\u00fdm d\u011bjem na druh\u00fd d\u00edl Termin\u00e1tora, Den z\u00fa\u010dtov\u00e1n\u00ed. Po v\u00edce ne\u017e dvou dek\u00e1d\u00e1ch, kdy Sarah Connor zm\u011bnila budoucnost, se v \u010dase vrac\u00ed nov\u00fd Termin\u00e1tor, aby splnil sv\u016fj \u00fakol. Proti n\u011bmu se bude muset postavit nejen Sarah, ale i T-800, tedy star\u00fd dobr\u00fd Arnie, a spole\u010dn\u011b se pokus\u00ed zabr\u00e1nit jist\u00e9 smrti rukou Termin\u00e1tora.<\/p>\n\n\n\n<figure class=\"wp-block-image\"><img decoding=\"async\" src=\"http:\/\/cinemahouse.cz\/wp-content\/uploads\/2019\/11\/Ba?raNesvadbova?-1-1024x683.jpg\" alt=\"\" class=\"wp-image-1089\"\/><\/figure>\n\n\n\n<p>A\u010dkoliv by se mohlo zd\u00e1t, \u017ee krut\u00fd sci-fi p\u0159\u00edb\u011bh nen\u00ed vhodn\u00fd pro n\u011b\u017en\u00e9 pohlav\u00ed, opak je pravdou. Na rande svoji drah\u00e9 polovi\u010dky vyt\u00e1hli zp\u011bv\u00e1k Radek Banga alias Gypsy nebo mu\u017e roku Pepa K\u016frka, kter\u00fd dorazil s B\u00e1rou Mottlovou. Novou l\u00e1sku u\u017e se nestyd\u00ed ukazovat ani Petr Vojnar. S \u010dernovl\u00e1skou Lenkou rand\u00ed skoro p\u016fl roku a nedaj\u00ed bez sebe ani r\u00e1nu. Bez partnerky, za to kamar\u00e1dem a mlad\u0161\u00edm bratrem, se p\u0159i\u0161el na nov\u00fd sn\u00edmek pod\u00edvat i mlad\u00fd zp\u011bv\u00e1k Pavel Callta.  <\/p>\n\n\n\n<ul class=\"wp-block-gallery columns-1 is-cropped wp-block-gallery-1 is-layout-flex wp-block-gallery-is-layout-flex\"><li class=\"blocks-gallery-item\"><figure><img decoding=\"async\" loading=\"lazy\" width=\"1024\" height=\"683\" src=\"http:\/\/cinemahouse.cz\/wp-content\/uploads\/2019\/11\/RadekBanga-1024x683.jpg\" alt=\"\" data-id=\"1088\" data-link=\"http:\/\/cinemahouse.cz\/index.php\/2019\/11\/04\/terminator-zpet-v-kinech-pokracovani-legendarniho-pribehu-s-podtitulem-temny-osud-si-u-nas-odbylo-slavnostni-premieru-v-prazskem-kine-imax\/radekbanga-2\/\" class=\"wp-image-1088\" srcset=\"https:\/\/cinemahouse.cz\/wp-content\/uploads\/2019\/11\/RadekBanga-1024x683.jpg 1024w, https:\/\/cinemahouse.cz\/wp-content\/uploads\/2019\/11\/RadekBanga-300x200.jpg 300w, https:\/\/cinemahouse.cz\/wp-content\/uploads\/2019\/11\/RadekBanga-768x512.jpg 768w, https:\/\/cinemahouse.cz\/wp-content\/uploads\/2019\/11\/RadekBanga.jpg 1874w\" sizes=\"(max-width: 1024px) 100vw, 1024px\" \/><\/figure><\/li><\/ul>\n\n\n\n<p>Filmovou novinku Termin\u00e1tor: Temn\u00fd osud si m\u016f\u017eete od 31. \u0159\u00edjna u\u017e\u00edt ve v\u0161ech multiplexech Cinema City. Bude ji mo\u017en\u00e9 mimo IMAX zhl\u00e9dnout i ve form\u00e1tech Dolby Atmos, 2D a VIP. Pokud si budete cht\u00edt dop\u0159\u00e1t maxim\u00e1ln\u00ed filmov\u00fd z\u00e1\u017eitek, nenechte si jej uj\u00edt ve form\u00e1tu 4DX. D\u00edky speci\u00e1ln\u00edm efekt\u016fm se p\u0159enesete p\u0159\u00edmo do centra d\u011bn\u00ed a stanete tak bok po boku T-800 a Sarah Connor, a to bude teprve z\u00e1\u017eitek. Hasta la vista v kin\u011b!<\/p>\n\n\n\n<p><strong>V\u00edce informac\u00ed o jednotliv\u00fdch projekc\u00edch a kinech naleznete na<\/strong><a href=\"http:\/\/www.cinemacity.cz\/\"><strong> www.cinemacity.cz<\/strong><\/a><strong>.<\/strong><\/p>\n\n\n\n<ul class=\"wp-block-gallery columns-3 is-cropped wp-block-gallery-3 is-layout-flex wp-block-gallery-is-layout-flex\"><li class=\"blocks-gallery-item\"><figure><img decoding=\"async\" src=\"http:\/\/cinemahouse.cz\/wp-content\/uploads\/2019\/11\/Da?daPatrasova?_PetrJanc?ar?i?k-1-1024x683.jpg\" alt=\"\" data-id=\"1090\" data-link=\"http:\/\/cinemahouse.cz\/index.php\/2019\/11\/04\/terminator-zpet-v-kinech-pokracovani-legendarniho-pribehu-s-podtitulem-temny-osud-si-u-nas-odbylo-slavnostni-premieru-v-prazskem-kine-imax\/dadapatrasova_petrjancarik-2\/\" class=\"wp-image-1090\"\/><\/figure><\/li><li class=\"blocks-gallery-item\"><figure><img decoding=\"async\" src=\"http:\/\/cinemahouse.cz\/wp-content\/uploads\/2019\/11\/AndreaKalivodova?-1-1024x683.jpg\" alt=\"\" data-id=\"1084\" data-link=\"http:\/\/cinemahouse.cz\/index.php\/2019\/11\/04\/terminator-zpet-v-kinech-pokracovani-legendarniho-pribehu-s-podtitulem-temny-osud-si-u-nas-odbylo-slavnostni-premieru-v-prazskem-kine-imax\/andreakalivodova-2\/\" class=\"wp-image-1084\"\/><\/figure><\/li><li class=\"blocks-gallery-item\"><figure><img decoding=\"async\" src=\"http:\/\/cinemahouse.cz\/wp-content\/uploads\/2019\/11\/Ba?raNesvadbova?-1-1024x683.jpg\" alt=\"\" data-id=\"1089\" data-link=\"http:\/\/cinemahouse.cz\/index.php\/2019\/11\/04\/terminator-zpet-v-kinech-pokracovani-legendarniho-pribehu-s-podtitulem-temny-osud-si-u-nas-odbylo-slavnostni-premieru-v-prazskem-kine-imax\/baranesvadbova-2\/\" class=\"wp-image-1089\"\/><\/figure><\/li><li class=\"blocks-gallery-item\"><figure><img decoding=\"async\" src=\"http:\/\/cinemahouse.cz\/wp-content\/uploads\/2019\/11\/LindaFinkova?-1-1024x682.jpg\" alt=\"\" data-id=\"1091\" data-link=\"http:\/\/cinemahouse.cz\/index.php\/2019\/11\/04\/terminator-zpet-v-kinech-pokracovani-legendarniho-pribehu-s-podtitulem-temny-osud-si-u-nas-odbylo-slavnostni-premieru-v-prazskem-kine-imax\/lindafinkova-4\/\" class=\"wp-image-1091\"\/><\/figure><\/li><li class=\"blocks-gallery-item\"><figure><img decoding=\"async\" loading=\"lazy\" width=\"1024\" height=\"683\" src=\"http:\/\/cinemahouse.cz\/wp-content\/uploads\/2019\/11\/PavelCallta-1-1024x683.jpg\" alt=\"\" data-id=\"1092\" data-link=\"http:\/\/cinemahouse.cz\/index.php\/2019\/11\/04\/terminator-zpet-v-kinech-pokracovani-legendarniho-pribehu-s-podtitulem-temny-osud-si-u-nas-odbylo-slavnostni-premieru-v-prazskem-kine-imax\/pavelcallta-2\/\" class=\"wp-image-1092\" srcset=\"https:\/\/cinemahouse.cz\/wp-content\/uploads\/2019\/11\/PavelCallta-1-1024x683.jpg 1024w, https:\/\/cinemahouse.cz\/wp-content\/uploads\/2019\/11\/PavelCallta-1-300x200.jpg 300w, https:\/\/cinemahouse.cz\/wp-content\/uploads\/2019\/11\/PavelCallta-1-768x512.jpg 768w, https:\/\/cinemahouse.cz\/wp-content\/uploads\/2019\/11\/PavelCallta-1.jpg 1875w\" sizes=\"(max-width: 1024px) 100vw, 1024px\" \/><\/figure><\/li><li class=\"blocks-gallery-item\"><figure><img decoding=\"async\" loading=\"lazy\" width=\"1024\" height=\"683\" src=\"http:\/\/cinemahouse.cz\/wp-content\/uploads\/2019\/11\/RadekBanga-1-1024x683.jpg\" alt=\"\" data-id=\"1094\" data-link=\"http:\/\/cinemahouse.cz\/index.php\/2019\/11\/04\/terminator-zpet-v-kinech-pokracovani-legendarniho-pribehu-s-podtitulem-temny-osud-si-u-nas-odbylo-slavnostni-premieru-v-prazskem-kine-imax\/radekbanga-3\/\" class=\"wp-image-1094\" srcset=\"https:\/\/cinemahouse.cz\/wp-content\/uploads\/2019\/11\/RadekBanga-1-1024x683.jpg 1024w, https:\/\/cinemahouse.cz\/wp-content\/uploads\/2019\/11\/RadekBanga-1-300x200.jpg 300w, https:\/\/cinemahouse.cz\/wp-content\/uploads\/2019\/11\/RadekBanga-1-768x512.jpg 768w, https:\/\/cinemahouse.cz\/wp-content\/uploads\/2019\/11\/RadekBanga-1.jpg 1874w\" sizes=\"(max-width: 1024px) 100vw, 1024px\" \/><\/figure><\/li><li class=\"blocks-gallery-item\"><figure><img decoding=\"async\" loading=\"lazy\" width=\"1024\" height=\"683\" src=\"http:\/\/cinemahouse.cz\/wp-content\/uploads\/2019\/11\/PetrVojnar-1-1024x683.jpg\" alt=\"\" data-id=\"1093\" data-link=\"http:\/\/cinemahouse.cz\/index.php\/2019\/11\/04\/terminator-zpet-v-kinech-pokracovani-legendarniho-pribehu-s-podtitulem-temny-osud-si-u-nas-odbylo-slavnostni-premieru-v-prazskem-kine-imax\/petrvojnar-4\/\" class=\"wp-image-1093\" srcset=\"https:\/\/cinemahouse.cz\/wp-content\/uploads\/2019\/11\/PetrVojnar-1-1024x683.jpg 1024w, https:\/\/cinemahouse.cz\/wp-content\/uploads\/2019\/11\/PetrVojnar-1-300x200.jpg 300w, https:\/\/cinemahouse.cz\/wp-content\/uploads\/2019\/11\/PetrVojnar-1-768x512.jpg 768w, https:\/\/cinemahouse.cz\/wp-content\/uploads\/2019\/11\/PetrVojnar-1.jpg 1874w\" sizes=\"(max-width: 1024px) 100vw, 1024px\" \/><\/figure><\/li><li class=\"blocks-gallery-item\"><figure><img decoding=\"async\" src=\"http:\/\/cinemahouse.cz\/wp-content\/uploads\/2019\/11\/Ba?raMottlova?_PepaKu?rka-1-1024x683.jpg\" alt=\"\" data-id=\"1086\" data-link=\"http:\/\/cinemahouse.cz\/index.php\/2019\/11\/04\/terminator-zpet-v-kinech-pokracovani-legendarniho-pribehu-s-podtitulem-temny-osud-si-u-nas-odbylo-slavnostni-premieru-v-prazskem-kine-imax\/baramottlova_pepaku%cc%8arka-2\/\" class=\"wp-image-1086\"\/><\/figure><\/li><\/ul>\n","protected":false},"excerpt":{"rendered":"<p>Arnold Schwarzenegger se vrac\u00ed do kin ve sv\u00e9 ikonick\u00e9 roli Termin\u00e1tora. Pokra\u010dov\u00e1n\u00ed legend\u00e1rn\u00edho p\u0159\u00edb\u011bhu s podtitulem Temn\u00fd osud si u n\u00e1s odbylo slavnostn\u00ed premi\u00e9ru v pra\u017esk\u00e9m kin\u011b IMAX za \u00fa\u010dasti hv\u011bzdn\u00fdch host\u016f. Jestli Arniemu&#46;&#46;&#46;<\/p>\n","protected":false},"author":3,"featured_media":1090,"comment_status":"closed","ping_status":"closed","sticky":false,"template":"","format":"standard","meta":{"_monsterinsights_skip_tracking":false,"_monsterinsights_sitenote_active":false,"_monsterinsights_sitenote_note":"","_monsterinsights_sitenote_category":0,"footnotes":""},"categories":[8,2],"tags":[],"yoast_head":"<!-- This site is optimized with the Yoast SEO plugin v21.4 - https:\/\/yoast.com\/wordpress\/plugins\/seo\/ -->\n<title>Termin\u00e1tor s podtitulem Temn\u00fd osud si u n\u00e1s odbyl slavnostn\u00ed premi\u00e9ru v pra\u017esk\u00e9m kin\u011b IMAX - CINEMAHOUSE.cz<\/title>\n<meta name=\"robots\" content=\"index, follow, max-snippet:-1, max-image-preview:large, max-video-preview:-1\" \/>\n<link rel=\"canonical\" href=\"https:\/\/cinemahouse.cz\/index.php\/2019\/11\/04\/terminator-s-podtitulem-temny-osud-si-u-nas-odbyl-slavnostni-premieru-v-prazskem-kine-imax\/\" \/>\n<meta property=\"og:locale\" content=\"cs_CZ\" \/>\n<meta property=\"og:type\" content=\"article\" \/>\n<meta property=\"og:title\" content=\"Termin\u00e1tor s podtitulem Temn\u00fd osud si u n\u00e1s odbyl slavnostn\u00ed premi\u00e9ru v pra\u017esk\u00e9m kin\u011b IMAX - CINEMAHOUSE.cz\" \/>\n<meta property=\"og:description\" content=\"Arnold Schwarzenegger se vrac\u00ed do kin ve sv\u00e9 ikonick\u00e9 roli Termin\u00e1tora. Pokra\u010dov\u00e1n\u00ed legend\u00e1rn\u00edho p\u0159\u00edb\u011bhu s podtitulem Temn\u00fd osud si u n\u00e1s odbylo slavnostn\u00ed premi\u00e9ru v pra\u017esk\u00e9m kin\u011b IMAX za \u00fa\u010dasti hv\u011bzdn\u00fdch host\u016f. Jestli Arniemu&#046;&#046;&#046;\" \/>\n<meta property=\"og:url\" content=\"https:\/\/cinemahouse.cz\/index.php\/2019\/11\/04\/terminator-s-podtitulem-temny-osud-si-u-nas-odbyl-slavnostni-premieru-v-prazskem-kine-imax\/\" \/>\n<meta property=\"og:site_name\" content=\"CINEMAHOUSE.cz\" \/>\n<meta property=\"article:published_time\" content=\"2019-11-04T00:57:35+00:00\" \/>\n<meta property=\"article:modified_time\" content=\"2019-11-05T01:12:42+00:00\" \/>\n<meta property=\"og:image\" content=\"https:\/\/cinemahouse.cz\/wp-content\/uploads\/2019\/11\/Da?daPatrasova?_PetrJanc?ar?i?k-1.jpg\" \/>\n\t<meta property=\"og:image:width\" content=\"1\" \/>\n\t<meta property=\"og:image:height\" content=\"1\" \/>\n\t<meta property=\"og:image:type\" content=\"image\/jpeg\" \/>\n<meta name=\"author\" content=\"Jolana Hol\u00e1\u0148ov\u00e1\" \/>\n<meta name=\"twitter:card\" content=\"summary_large_image\" \/>\n<meta name=\"twitter:label1\" content=\"Napsal(a)\" \/>\n\t<meta name=\"twitter:data1\" content=\"Jolana Hol\u00e1\u0148ov\u00e1\" \/>\n\t<meta name=\"twitter:label2\" content=\"Odhadovan\u00e1 doba \u010dten\u00ed\" \/>\n\t<meta name=\"twitter:data2\" content=\"2 minuty\" \/>\n<script type=\"application\/ld+json\" class=\"yoast-schema-graph\">{\"@context\":\"https:\/\/schema.org\",\"@graph\":[{\"@type\":\"Article\",\"@id\":\"https:\/\/cinemahouse.cz\/index.php\/2019\/11\/04\/terminator-s-podtitulem-temny-osud-si-u-nas-odbyl-slavnostni-premieru-v-prazskem-kine-imax\/#article\",\"isPartOf\":{\"@id\":\"https:\/\/cinemahouse.cz\/index.php\/2019\/11\/04\/terminator-s-podtitulem-temny-osud-si-u-nas-odbyl-slavnostni-premieru-v-prazskem-kine-imax\/\"},\"author\":{\"name\":\"Jolana Hol\u00e1\u0148ov\u00e1\",\"@id\":\"https:\/\/cinemahouse.cz\/#\/schema\/person\/1ddc0bd12b9f599dd69c434ae0096313\"},\"headline\":\"Termin\u00e1tor s podtitulem Temn\u00fd osud si u n\u00e1s odbyl slavnostn\u00ed premi\u00e9ru v pra\u017esk\u00e9m kin\u011b IMAX\",\"datePublished\":\"2019-11-04T00:57:35+00:00\",\"dateModified\":\"2019-11-05T01:12:42+00:00\",\"mainEntityOfPage\":{\"@id\":\"https:\/\/cinemahouse.cz\/index.php\/2019\/11\/04\/terminator-s-podtitulem-temny-osud-si-u-nas-odbyl-slavnostni-premieru-v-prazskem-kine-imax\/\"},\"wordCount\":375,\"publisher\":{\"@id\":\"https:\/\/cinemahouse.cz\/#organization\"},\"articleSection\":[\"FOTOREPORTY\",\"NEWS\"],\"inLanguage\":\"cs\"},{\"@type\":\"WebPage\",\"@id\":\"https:\/\/cinemahouse.cz\/index.php\/2019\/11\/04\/terminator-s-podtitulem-temny-osud-si-u-nas-odbyl-slavnostni-premieru-v-prazskem-kine-imax\/\",\"url\":\"https:\/\/cinemahouse.cz\/index.php\/2019\/11\/04\/terminator-s-podtitulem-temny-osud-si-u-nas-odbyl-slavnostni-premieru-v-prazskem-kine-imax\/\",\"name\":\"Termin\u00e1tor s podtitulem Temn\u00fd osud si u n\u00e1s odbyl slavnostn\u00ed premi\u00e9ru v pra\u017esk\u00e9m kin\u011b IMAX - CINEMAHOUSE.cz\",\"isPartOf\":{\"@id\":\"https:\/\/cinemahouse.cz\/#website\"},\"datePublished\":\"2019-11-04T00:57:35+00:00\",\"dateModified\":\"2019-11-05T01:12:42+00:00\",\"breadcrumb\":{\"@id\":\"https:\/\/cinemahouse.cz\/index.php\/2019\/11\/04\/terminator-s-podtitulem-temny-osud-si-u-nas-odbyl-slavnostni-premieru-v-prazskem-kine-imax\/#breadcrumb\"},\"inLanguage\":\"cs\",\"potentialAction\":[{\"@type\":\"ReadAction\",\"target\":[\"https:\/\/cinemahouse.cz\/index.php\/2019\/11\/04\/terminator-s-podtitulem-temny-osud-si-u-nas-odbyl-slavnostni-premieru-v-prazskem-kine-imax\/\"]}]},{\"@type\":\"BreadcrumbList\",\"@id\":\"https:\/\/cinemahouse.cz\/index.php\/2019\/11\/04\/terminator-s-podtitulem-temny-osud-si-u-nas-odbyl-slavnostni-premieru-v-prazskem-kine-imax\/#breadcrumb\",\"itemListElement\":[{\"@type\":\"ListItem\",\"position\":1,\"name\":\"Dom\u016f\",\"item\":\"https:\/\/cinemahouse.cz\/\"},{\"@type\":\"ListItem\",\"position\":2,\"name\":\"Termin\u00e1tor s podtitulem Temn\u00fd osud si u n\u00e1s odbyl slavnostn\u00ed premi\u00e9ru v pra\u017esk\u00e9m kin\u011b IMAX\"}]},{\"@type\":\"WebSite\",\"@id\":\"https:\/\/cinemahouse.cz\/#website\",\"url\":\"https:\/\/cinemahouse.cz\/\",\"name\":\"CINEMAHOUSE.cz\",\"description\":\"Port\u00e1l o filmov\u00fdch novink\u00e1ch\",\"publisher\":{\"@id\":\"https:\/\/cinemahouse.cz\/#organization\"},\"potentialAction\":[{\"@type\":\"SearchAction\",\"target\":{\"@type\":\"EntryPoint\",\"urlTemplate\":\"https:\/\/cinemahouse.cz\/?s={search_term_string}\"},\"query-input\":\"required name=search_term_string\"}],\"inLanguage\":\"cs\"},{\"@type\":\"Organization\",\"@id\":\"https:\/\/cinemahouse.cz\/#organization\",\"name\":\"CINEMAHOUSE.cz\",\"url\":\"https:\/\/cinemahouse.cz\/\",\"logo\":{\"@type\":\"ImageObject\",\"inLanguage\":\"cs\",\"@id\":\"https:\/\/cinemahouse.cz\/#\/schema\/logo\/image\/\",\"url\":\"https:\/\/cinemahouse.cz\/wp-content\/uploads\/2024\/12\/cropped-Logo_CinemaHouse.jpg\",\"contentUrl\":\"https:\/\/cinemahouse.cz\/wp-content\/uploads\/2024\/12\/cropped-Logo_CinemaHouse.jpg\",\"width\":926,\"height\":467,\"caption\":\"CINEMAHOUSE.cz\"},\"image\":{\"@id\":\"https:\/\/cinemahouse.cz\/#\/schema\/logo\/image\/\"}},{\"@type\":\"Person\",\"@id\":\"https:\/\/cinemahouse.cz\/#\/schema\/person\/1ddc0bd12b9f599dd69c434ae0096313\",\"name\":\"Jolana Hol\u00e1\u0148ov\u00e1\",\"image\":{\"@type\":\"ImageObject\",\"inLanguage\":\"cs\",\"@id\":\"https:\/\/cinemahouse.cz\/#\/schema\/person\/image\/\",\"url\":\"https:\/\/secure.gravatar.com\/avatar\/5863c504ed89cd419ff3a5e812c722ff?s=96&d=mm&r=g\",\"contentUrl\":\"https:\/\/secure.gravatar.com\/avatar\/5863c504ed89cd419ff3a5e812c722ff?s=96&d=mm&r=g\",\"caption\":\"Jolana Hol\u00e1\u0148ov\u00e1\"},\"sameAs\":[\"http:\/\/wwww.cinemahouse.cz\"],\"url\":\"https:\/\/cinemahouse.cz\/index.php\/author\/jolhol\/\"}]}<\/script>\n<!-- \/ Yoast SEO plugin. -->","yoast_head_json":{"title":"Termin\u00e1tor s podtitulem Temn\u00fd osud si u n\u00e1s odbyl slavnostn\u00ed premi\u00e9ru v pra\u017esk\u00e9m kin\u011b IMAX - CINEMAHOUSE.cz","robots":{"index":"index","follow":"follow","max-snippet":"max-snippet:-1","max-image-preview":"max-image-preview:large","max-video-preview":"max-video-preview:-1"},"canonical":"https:\/\/cinemahouse.cz\/index.php\/2019\/11\/04\/terminator-s-podtitulem-temny-osud-si-u-nas-odbyl-slavnostni-premieru-v-prazskem-kine-imax\/","og_locale":"cs_CZ","og_type":"article","og_title":"Termin\u00e1tor s podtitulem Temn\u00fd osud si u n\u00e1s odbyl slavnostn\u00ed premi\u00e9ru v pra\u017esk\u00e9m kin\u011b IMAX - CINEMAHOUSE.cz","og_description":"Arnold Schwarzenegger se vrac\u00ed do kin ve sv\u00e9 ikonick\u00e9 roli Termin\u00e1tora. Pokra\u010dov\u00e1n\u00ed legend\u00e1rn\u00edho p\u0159\u00edb\u011bhu s podtitulem Temn\u00fd osud si u n\u00e1s odbylo slavnostn\u00ed premi\u00e9ru v pra\u017esk\u00e9m kin\u011b IMAX za \u00fa\u010dasti hv\u011bzdn\u00fdch host\u016f. Jestli Arniemu&#46;&#46;&#46;","og_url":"https:\/\/cinemahouse.cz\/index.php\/2019\/11\/04\/terminator-s-podtitulem-temny-osud-si-u-nas-odbyl-slavnostni-premieru-v-prazskem-kine-imax\/","og_site_name":"CINEMAHOUSE.cz","article_published_time":"2019-11-04T00:57:35+00:00","article_modified_time":"2019-11-05T01:12:42+00:00","og_image":[{"url":"https:\/\/cinemahouse.cz\/wp-content\/uploads\/2019\/11\/Da?daPatrasova?_PetrJanc?ar?i?k-1.jpg","width":1,"height":1,"type":"image\/jpeg"}],"author":"Jolana Hol\u00e1\u0148ov\u00e1","twitter_card":"summary_large_image","twitter_misc":{"Napsal(a)":"Jolana Hol\u00e1\u0148ov\u00e1","Odhadovan\u00e1 doba \u010dten\u00ed":"2 minuty"},"schema":{"@context":"https:\/\/schema.org","@graph":[{"@type":"Article","@id":"https:\/\/cinemahouse.cz\/index.php\/2019\/11\/04\/terminator-s-podtitulem-temny-osud-si-u-nas-odbyl-slavnostni-premieru-v-prazskem-kine-imax\/#article","isPartOf":{"@id":"https:\/\/cinemahouse.cz\/index.php\/2019\/11\/04\/terminator-s-podtitulem-temny-osud-si-u-nas-odbyl-slavnostni-premieru-v-prazskem-kine-imax\/"},"author":{"name":"Jolana Hol\u00e1\u0148ov\u00e1","@id":"https:\/\/cinemahouse.cz\/#\/schema\/person\/1ddc0bd12b9f599dd69c434ae0096313"},"headline":"Termin\u00e1tor s podtitulem Temn\u00fd osud si u n\u00e1s odbyl slavnostn\u00ed premi\u00e9ru v pra\u017esk\u00e9m kin\u011b IMAX","datePublished":"2019-11-04T00:57:35+00:00","dateModified":"2019-11-05T01:12:42+00:00","mainEntityOfPage":{"@id":"https:\/\/cinemahouse.cz\/index.php\/2019\/11\/04\/terminator-s-podtitulem-temny-osud-si-u-nas-odbyl-slavnostni-premieru-v-prazskem-kine-imax\/"},"wordCount":375,"publisher":{"@id":"https:\/\/cinemahouse.cz\/#organization"},"articleSection":["FOTOREPORTY","NEWS"],"inLanguage":"cs"},{"@type":"WebPage","@id":"https:\/\/cinemahouse.cz\/index.php\/2019\/11\/04\/terminator-s-podtitulem-temny-osud-si-u-nas-odbyl-slavnostni-premieru-v-prazskem-kine-imax\/","url":"https:\/\/cinemahouse.cz\/index.php\/2019\/11\/04\/terminator-s-podtitulem-temny-osud-si-u-nas-odbyl-slavnostni-premieru-v-prazskem-kine-imax\/","name":"Termin\u00e1tor s podtitulem Temn\u00fd osud si u n\u00e1s odbyl slavnostn\u00ed premi\u00e9ru v pra\u017esk\u00e9m kin\u011b IMAX - CINEMAHOUSE.cz","isPartOf":{"@id":"https:\/\/cinemahouse.cz\/#website"},"datePublished":"2019-11-04T00:57:35+00:00","dateModified":"2019-11-05T01:12:42+00:00","breadcrumb":{"@id":"https:\/\/cinemahouse.cz\/index.php\/2019\/11\/04\/terminator-s-podtitulem-temny-osud-si-u-nas-odbyl-slavnostni-premieru-v-prazskem-kine-imax\/#breadcrumb"},"inLanguage":"cs","potentialAction":[{"@type":"ReadAction","target":["https:\/\/cinemahouse.cz\/index.php\/2019\/11\/04\/terminator-s-podtitulem-temny-osud-si-u-nas-odbyl-slavnostni-premieru-v-prazskem-kine-imax\/"]}]},{"@type":"BreadcrumbList","@id":"https:\/\/cinemahouse.cz\/index.php\/2019\/11\/04\/terminator-s-podtitulem-temny-osud-si-u-nas-odbyl-slavnostni-premieru-v-prazskem-kine-imax\/#breadcrumb","itemListElement":[{"@type":"ListItem","position":1,"name":"Dom\u016f","item":"https:\/\/cinemahouse.cz\/"},{"@type":"ListItem","position":2,"name":"Termin\u00e1tor s podtitulem Temn\u00fd osud si u n\u00e1s odbyl slavnostn\u00ed premi\u00e9ru v pra\u017esk\u00e9m kin\u011b IMAX"}]},{"@type":"WebSite","@id":"https:\/\/cinemahouse.cz\/#website","url":"https:\/\/cinemahouse.cz\/","name":"CINEMAHOUSE.cz","description":"Port\u00e1l o filmov\u00fdch novink\u00e1ch","publisher":{"@id":"https:\/\/cinemahouse.cz\/#organization"},"potentialAction":[{"@type":"SearchAction","target":{"@type":"EntryPoint","urlTemplate":"https:\/\/cinemahouse.cz\/?s={search_term_string}"},"query-input":"required name=search_term_string"}],"inLanguage":"cs"},{"@type":"Organization","@id":"https:\/\/cinemahouse.cz\/#organization","name":"CINEMAHOUSE.cz","url":"https:\/\/cinemahouse.cz\/","logo":{"@type":"ImageObject","inLanguage":"cs","@id":"https:\/\/cinemahouse.cz\/#\/schema\/logo\/image\/","url":"https:\/\/cinemahouse.cz\/wp-content\/uploads\/2024\/12\/cropped-Logo_CinemaHouse.jpg","contentUrl":"https:\/\/cinemahouse.cz\/wp-content\/uploads\/2024\/12\/cropped-Logo_CinemaHouse.jpg","width":926,"height":467,"caption":"CINEMAHOUSE.cz"},"image":{"@id":"https:\/\/cinemahouse.cz\/#\/schema\/logo\/image\/"}},{"@type":"Person","@id":"https:\/\/cinemahouse.cz\/#\/schema\/person\/1ddc0bd12b9f599dd69c434ae0096313","name":"Jolana Hol\u00e1\u0148ov\u00e1","image":{"@type":"ImageObject","inLanguage":"cs","@id":"https:\/\/cinemahouse.cz\/#\/schema\/person\/image\/","url":"https:\/\/secure.gravatar.com\/avatar\/5863c504ed89cd419ff3a5e812c722ff?s=96&d=mm&r=g","contentUrl":"https:\/\/secure.gravatar.com\/avatar\/5863c504ed89cd419ff3a5e812c722ff?s=96&d=mm&r=g","caption":"Jolana Hol\u00e1\u0148ov\u00e1"},"sameAs":["http:\/\/wwww.cinemahouse.cz"],"url":"https:\/\/cinemahouse.cz\/index.php\/author\/jolhol\/"}]}},"_links":{"self":[{"href":"https:\/\/cinemahouse.cz\/index.php\/wp-json\/wp\/v2\/posts\/1078"}],"collection":[{"href":"https:\/\/cinemahouse.cz\/index.php\/wp-json\/wp\/v2\/posts"}],"about":[{"href":"https:\/\/cinemahouse.cz\/index.php\/wp-json\/wp\/v2\/types\/post"}],"author":[{"embeddable":true,"href":"https:\/\/cinemahouse.cz\/index.php\/wp-json\/wp\/v2\/users\/3"}],"replies":[{"embeddable":true,"href":"https:\/\/cinemahouse.cz\/index.php\/wp-json\/wp\/v2\/comments?post=1078"}],"version-history":[{"count":3,"href":"https:\/\/cinemahouse.cz\/index.php\/wp-json\/wp\/v2\/posts\/1078\/revisions"}],"predecessor-version":[{"id":1097,"href":"https:\/\/cinemahouse.cz\/index.php\/wp-json\/wp\/v2\/posts\/1078\/revisions\/1097"}],"wp:featuredmedia":[{"embeddable":true,"href":"https:\/\/cinemahouse.cz\/index.php\/wp-json\/wp\/v2\/media\/1090"}],"wp:attachment":[{"href":"https:\/\/cinemahouse.cz\/index.php\/wp-json\/wp\/v2\/media?parent=1078"}],"wp:term":[{"taxonomy":"category","embeddable":true,"href":"https:\/\/cinemahouse.cz\/index.php\/wp-json\/wp\/v2\/categories?post=1078"},{"taxonomy":"post_tag","embeddable":true,"href":"https:\/\/cinemahouse.cz\/index.php\/wp-json\/wp\/v2\/tags?post=1078"}],"curies":[{"name":"wp","href":"https:\/\/api.w.org\/{rel}","templated":true}]}}