{"id":10614,"date":"2025-07-30T00:01:00","date_gmt":"2025-07-29T22:01:00","guid":{"rendered":"https:\/\/cinemahouse.cz\/?p=10614"},"modified":"2025-07-26T14:21:12","modified_gmt":"2025-07-26T12:21:12","slug":"odpocitavani-zacalo-predprodej-na-nolanovu-odysseu-startuje-rok-pred-premierou","status":"publish","type":"post","link":"https:\/\/cinemahouse.cz\/index.php\/2025\/07\/30\/odpocitavani-zacalo-predprodej-na-nolanovu-odysseu-startuje-rok-pred-premierou\/","title":{"rendered":"Odpo\u010d\u00edt\u00e1v\u00e1n\u00ed za\u010dalo! P\u0159edprodej na Nolanovu Odysseu startuje rok p\u0159ed premi\u00e9rou"},"content":{"rendered":"\n<div style=\"height:45px\" aria-hidden=\"true\" class=\"wp-block-spacer\"><\/div>\n\n\n\n<p class=\"has-medium-font-size\"><strong>U\u017e rok p\u0159ed svou premi\u00e9rou bud\u00ed nov\u00fd film Christophera Nolana obrovsk\u00fd z\u00e1jem fanou\u0161k\u016f. Nejambici\u00f3zn\u011bj\u0161\u00ed projekt re\u017eis\u00e9ra Oppenheimera, Interstellaru \u010di Dunkerku byl kompletn\u011b nato\u010den na legend\u00e1rn\u00ed 70mm IMAX filmovou kameru a slibuje z\u00e1\u017eitek, jak\u00fd v kin\u011b dlouho nebyl. A pr\u00e1v\u011b te\u010f, p\u0159esn\u011b rok p\u0159ed uveden\u00edm, se spou\u0161t\u00ed p\u0159edprodej vstupenek<\/strong>.<\/p>\n\n\n\n<div style=\"height:45px\" aria-hidden=\"true\" class=\"wp-block-spacer\"><\/div>\n\n\n<div class=\"wp-block-image\">\n<figure class=\"aligncenter size-large\"><img decoding=\"async\" loading=\"lazy\" width=\"1024\" height=\"648\" src=\"https:\/\/cinemahouse.cz\/wp-content\/uploads\/2025\/07\/Odyssea_plakat_TTL-1024x648.jpg\" alt=\"Nolanovu Odysseu \" class=\"wp-image-10615\" srcset=\"https:\/\/cinemahouse.cz\/wp-content\/uploads\/2025\/07\/Odyssea_plakat_TTL-1024x648.jpg 1024w, https:\/\/cinemahouse.cz\/wp-content\/uploads\/2025\/07\/Odyssea_plakat_TTL-300x190.jpg 300w, https:\/\/cinemahouse.cz\/wp-content\/uploads\/2025\/07\/Odyssea_plakat_TTL-768x486.jpg 768w, https:\/\/cinemahouse.cz\/wp-content\/uploads\/2025\/07\/Odyssea_plakat_TTL.jpg 1450w\" sizes=\"(max-width: 1024px) 100vw, 1024px\" \/><\/figure><\/div>\n\n\n<div style=\"height:45px\" aria-hidden=\"true\" class=\"wp-block-spacer\"><\/div>\n\n\n\n<p class=\"has-medium-font-size\">Po mimo\u0159\u00e1dn\u00e9m \u00fasp\u011bchu Oppenheimera, kter\u00fd v l\u00e9t\u011b 2023 p\u0159il\u00e1kal do IMAX s\u00e1l\u016f statis\u00edce div\u00e1k\u016f po cel\u00e9m sv\u011bt\u011b, se Christopher Nolan vrac\u00ed s filmem, kter\u00fd m\u00e1 ambice posunout hranice velk\u00e9ho pl\u00e1tna je\u0161t\u011b d\u00e1l. Nolanova Odyssea, stejn\u011b jako jeho p\u0159edchoz\u00ed filmy, byla nat\u00e1\u010dena \u010dist\u011b analogov\u011b. Tedy na klasick\u00fd filmov\u00fd p\u00e1s, nikoliv digit\u00e1ln\u011b. I u tohoto sn\u00edmku se tedy o\u010dek\u00e1v\u00e1 \u0161pi\u010dkov\u00e9 \u0159emeslo, monument\u00e1ln\u00ed obraz i hlubok\u00fd p\u0159\u00edb\u011bh. Technicky jde o obraz, kter\u00fd je a\u017e desetkr\u00e1t ost\u0159ej\u0161\u00ed ne\u017e b\u011b\u017en\u00fd 35mm film, dynamick\u00fd rozsah a barevn\u00e1 hloubka jsou na \u00farovni, jakou b\u011b\u017en\u00e9 digit\u00e1ln\u00ed projekce st\u00e1le nedok\u00e1\u017eou napodobit.<\/p>\n\n\n\n<div style=\"height:45px\" aria-hidden=\"true\" class=\"wp-block-spacer\"><\/div>\n\n\n<div class=\"wp-block-image\">\n<figure class=\"aligncenter size-full\"><img decoding=\"async\" loading=\"lazy\" width=\"947\" height=\"583\" src=\"https:\/\/cinemahouse.cz\/wp-content\/uploads\/2025\/07\/Odyssea_plakat-1.jpg\" alt=\"Nolanova Odyssea\" class=\"wp-image-10620\" srcset=\"https:\/\/cinemahouse.cz\/wp-content\/uploads\/2025\/07\/Odyssea_plakat-1.jpg 947w, https:\/\/cinemahouse.cz\/wp-content\/uploads\/2025\/07\/Odyssea_plakat-1-300x185.jpg 300w, https:\/\/cinemahouse.cz\/wp-content\/uploads\/2025\/07\/Odyssea_plakat-1-768x473.jpg 768w\" sizes=\"(max-width: 947px) 100vw, 947px\" \/><\/figure><\/div>\n\n\n<div style=\"height:45px\" aria-hidden=\"true\" class=\"wp-block-spacer\"><\/div>\n\n\n\n<p class=\"has-medium-font-size\">Pra\u017esk\u00fd IMAX, kter\u00fd byl, a st\u00e1le je, jedin\u00fdm kinem v EU je\u017e uvedlo film Oppenheimer na origin\u00e1ln\u00ed 70mm IMAX form\u00e1t, se i tentokr\u00e1t p\u0159ipravuje na n\u00e1por fanou\u0161k\u016f. \u201e<em>Christopher Nolan posouv\u00e1 hranice kinematografie s ka\u017ed\u00fdm filmem a Nolanova Odyssea nebude v\u00fdjimkou, zvl\u00e1\u0161t\u011b na autentick\u00e9m 70mm IMAX form\u00e1tu. Jsme nad\u0161eni, \u017ee m\u016f\u017eeme div\u00e1k\u016fm nab\u00eddnout mo\u017enost zajistit si tento unik\u00e1tn\u00ed z\u00e1\u017eitek v na\u0161em pra\u017esk\u00e9m IMAX s takov\u00fdm p\u0159edstihem,<\/em>\u201c uvedla Lenka Al-Rihani, marketingov\u00e1 mana\u017eerka Cinema City.<\/p>\n\n\n\n<div style=\"height:45px\" aria-hidden=\"true\" class=\"wp-block-spacer\"><\/div>\n\n\n<div class=\"wp-block-image\">\n<figure class=\"aligncenter size-large\"><img decoding=\"async\" loading=\"lazy\" width=\"819\" height=\"1024\" src=\"https:\/\/cinemahouse.cz\/wp-content\/uploads\/2025\/07\/Odyssea_prodej-819x1024.jpg\" alt=\"Nolanovu Odysseu \" class=\"wp-image-10617\" srcset=\"https:\/\/cinemahouse.cz\/wp-content\/uploads\/2025\/07\/Odyssea_prodej-819x1024.jpg 819w, https:\/\/cinemahouse.cz\/wp-content\/uploads\/2025\/07\/Odyssea_prodej-240x300.jpg 240w, https:\/\/cinemahouse.cz\/wp-content\/uploads\/2025\/07\/Odyssea_prodej-768x960.jpg 768w, https:\/\/cinemahouse.cz\/wp-content\/uploads\/2025\/07\/Odyssea_prodej.jpg 1080w\" sizes=\"(max-width: 819px) 100vw, 819px\" \/><\/figure><\/div>\n\n\n<div style=\"height:45px\" aria-hidden=\"true\" class=\"wp-block-spacer\"><\/div>\n\n\n\n<p class=\"has-medium-font-size\">Film sleduje desetiletou pou\u0165 kr\u00e1le Odyssea zp\u011bt do rodn\u00e9 \u00cdtaky po skon\u010den\u00ed Trojsk\u00e9 v\u00e1lky. Na cest\u011b se setk\u00e1v\u00e1 s b\u00e1jn\u00fdmi bytostmi, p\u0159ekon\u00e1v\u00e1 smrt\u00edc\u00ed n\u00e1strahy a z\u00e1pas\u00ed s v\u016fl\u00ed boh\u016f, zat\u00edmco doma jeho man\u017eelka Penelope a syn Telemachos \u010del\u00ed vlastn\u00edm zkou\u0161k\u00e1m. V hlavn\u00edch rol\u00edch se p\u0159edstav\u00ed Matt Damon, Tom Holland, Anne Hathaway, Zendaya, Charlize Theron, Robert Pattinson, Barry Keoghan, Lupita Nyong\u2019o a dal\u0161\u00ed.<\/p>\n\n\n\n<p class=\"has-medium-font-size\"><strong>Sv\u011btov\u00e1 premi\u00e9ra \u010dek\u00e1 fanou\u0161ky v \u010dervenci 2026. Vstupenky na vybran\u00e1 IMAX p\u0159edstaven\u00ed jsou ale v prodeji u\u017e te\u010f na www.cinemacity.cz<\/strong><\/p>\n\n\n\n<div style=\"height:45px\" aria-hidden=\"true\" class=\"wp-block-spacer\"><\/div>\n\n\n\n<figure class=\"wp-block-gallery has-nested-images columns-2 is-cropped wp-block-gallery-1 is-layout-flex wp-block-gallery-is-layout-flex\">\n<figure class=\"wp-block-image size-large\"><img decoding=\"async\" loading=\"lazy\" width=\"1024\" height=\"648\" data-id=\"10615\" src=\"https:\/\/cinemahouse.cz\/wp-content\/uploads\/2025\/07\/Odyssea_plakat_TTL-1024x648.jpg\" alt=\"Nolanovu Odysseu \" class=\"wp-image-10615\" srcset=\"https:\/\/cinemahouse.cz\/wp-content\/uploads\/2025\/07\/Odyssea_plakat_TTL-1024x648.jpg 1024w, https:\/\/cinemahouse.cz\/wp-content\/uploads\/2025\/07\/Odyssea_plakat_TTL-300x190.jpg 300w, https:\/\/cinemahouse.cz\/wp-content\/uploads\/2025\/07\/Odyssea_plakat_TTL-768x486.jpg 768w, https:\/\/cinemahouse.cz\/wp-content\/uploads\/2025\/07\/Odyssea_plakat_TTL.jpg 1450w\" sizes=\"(max-width: 1024px) 100vw, 1024px\" \/><\/figure>\n\n\n\n<figure class=\"wp-block-image size-large\"><img decoding=\"async\" loading=\"lazy\" width=\"947\" height=\"583\" data-id=\"10620\" src=\"https:\/\/cinemahouse.cz\/wp-content\/uploads\/2025\/07\/Odyssea_plakat-1.jpg\" alt=\"Nolanova Odyssea\" class=\"wp-image-10620\" srcset=\"https:\/\/cinemahouse.cz\/wp-content\/uploads\/2025\/07\/Odyssea_plakat-1.jpg 947w, https:\/\/cinemahouse.cz\/wp-content\/uploads\/2025\/07\/Odyssea_plakat-1-300x185.jpg 300w, https:\/\/cinemahouse.cz\/wp-content\/uploads\/2025\/07\/Odyssea_plakat-1-768x473.jpg 768w\" sizes=\"(max-width: 947px) 100vw, 947px\" \/><\/figure>\n\n\n\n<figure class=\"wp-block-image size-large\"><img decoding=\"async\" loading=\"lazy\" width=\"819\" height=\"1024\" data-id=\"10617\" src=\"https:\/\/cinemahouse.cz\/wp-content\/uploads\/2025\/07\/Odyssea_prodej-819x1024.jpg\" alt=\"Nolanova Odyssea\" class=\"wp-image-10617\" srcset=\"https:\/\/cinemahouse.cz\/wp-content\/uploads\/2025\/07\/Odyssea_prodej-819x1024.jpg 819w, https:\/\/cinemahouse.cz\/wp-content\/uploads\/2025\/07\/Odyssea_prodej-240x300.jpg 240w, https:\/\/cinemahouse.cz\/wp-content\/uploads\/2025\/07\/Odyssea_prodej-768x960.jpg 768w, https:\/\/cinemahouse.cz\/wp-content\/uploads\/2025\/07\/Odyssea_prodej.jpg 1080w\" sizes=\"(max-width: 819px) 100vw, 819px\" \/><\/figure>\n\n\n\n<figure class=\"wp-block-image size-large\"><img decoding=\"async\" loading=\"lazy\" width=\"646\" height=\"1024\" data-id=\"10616\" src=\"https:\/\/cinemahouse.cz\/wp-content\/uploads\/2025\/07\/Odyssea_plakat-646x1024.jpg\" alt=\"Nolanovu Odysseu \" class=\"wp-image-10616\" srcset=\"https:\/\/cinemahouse.cz\/wp-content\/uploads\/2025\/07\/Odyssea_plakat-646x1024.jpg 646w, https:\/\/cinemahouse.cz\/wp-content\/uploads\/2025\/07\/Odyssea_plakat-189x300.jpg 189w, https:\/\/cinemahouse.cz\/wp-content\/uploads\/2025\/07\/Odyssea_plakat-768x1216.jpg 768w, https:\/\/cinemahouse.cz\/wp-content\/uploads\/2025\/07\/Odyssea_plakat.jpg 947w\" sizes=\"(max-width: 646px) 100vw, 646px\" \/><\/figure>\n<\/figure>\n\n\n\n<div style=\"height:45px\" aria-hidden=\"true\" class=\"wp-block-spacer\"><\/div>\n\n\n\n<p class=\"has-medium-font-size\"><strong>Zdroj foto:<\/strong>&nbsp;IMAX, Cinema City, UNIVERSAL PICTURES<\/p>\n\n\n\n<div style=\"height:45px\" aria-hidden=\"true\" class=\"wp-block-spacer\"><\/div>\n","protected":false},"excerpt":{"rendered":"<p>U\u017e rok p\u0159ed svou premi\u00e9rou bud\u00ed nov\u00fd film Christophera Nolana obrovsk\u00fd z\u00e1jem fanou\u0161k\u016f. Nejambici\u00f3zn\u011bj\u0161\u00ed projekt re\u017eis\u00e9ra Oppenheimera, Interstellaru \u010di Dunkerku byl kompletn\u011b nato\u010den na legend\u00e1rn\u00ed 70mm IMAX filmovou kameru a slibuje z\u00e1\u017eitek, jak\u00fd v&#46;&#46;&#46;<\/p>\n","protected":false},"author":7,"featured_media":10615,"comment_status":"closed","ping_status":"closed","sticky":false,"template":"","format":"standard","meta":{"_monsterinsights_skip_tracking":false,"_monsterinsights_sitenote_active":false,"_monsterinsights_sitenote_note":"","_monsterinsights_sitenote_category":0,"footnotes":""},"categories":[3,12,2],"tags":[],"yoast_head":"<!-- This site is optimized with the Yoast SEO plugin v21.4 - https:\/\/yoast.com\/wordpress\/plugins\/seo\/ -->\n<title>Odpo\u010d\u00edt\u00e1v\u00e1n\u00ed za\u010dalo! P\u0159edprodej na Nolanovu Odysseu startuje rok p\u0159ed premi\u00e9rou - CINEMAHOUSE.cz<\/title>\n<meta name=\"description\" content=\"U\u017e rok p\u0159ed svou premi\u00e9rou bud\u00ed nov\u00fd film Christophera Nolana obrovsk\u00fd z\u00e1jem fanou\u0161k\u016f. Nejambici\u00f3zn\u011bj\u0161\u00ed projekt re\u017eis\u00e9ra Oppenheimera.\" \/>\n<meta name=\"robots\" content=\"index, follow, max-snippet:-1, max-image-preview:large, max-video-preview:-1\" \/>\n<link rel=\"canonical\" href=\"https:\/\/cinemahouse.cz\/index.php\/2025\/07\/30\/odpocitavani-zacalo-predprodej-na-nolanovu-odysseu-startuje-rok-pred-premierou\/\" \/>\n<meta property=\"og:locale\" content=\"cs_CZ\" \/>\n<meta property=\"og:type\" content=\"article\" \/>\n<meta property=\"og:title\" content=\"Odpo\u010d\u00edt\u00e1v\u00e1n\u00ed za\u010dalo! P\u0159edprodej na Nolanovu Odysseu startuje rok p\u0159ed premi\u00e9rou - CINEMAHOUSE.cz\" \/>\n<meta property=\"og:description\" content=\"U\u017e rok p\u0159ed svou premi\u00e9rou bud\u00ed nov\u00fd film Christophera Nolana obrovsk\u00fd z\u00e1jem fanou\u0161k\u016f. Nejambici\u00f3zn\u011bj\u0161\u00ed projekt re\u017eis\u00e9ra Oppenheimera.\" \/>\n<meta property=\"og:url\" content=\"https:\/\/cinemahouse.cz\/index.php\/2025\/07\/30\/odpocitavani-zacalo-predprodej-na-nolanovu-odysseu-startuje-rok-pred-premierou\/\" \/>\n<meta property=\"og:site_name\" content=\"CINEMAHOUSE.cz\" \/>\n<meta property=\"article:published_time\" content=\"2025-07-29T22:01:00+00:00\" \/>\n<meta property=\"article:modified_time\" content=\"2025-07-26T12:21:12+00:00\" \/>\n<meta property=\"og:image\" content=\"https:\/\/cinemahouse.cz\/wp-content\/uploads\/2025\/07\/Odyssea_plakat_TTL.jpg\" \/>\n\t<meta property=\"og:image:width\" content=\"1450\" \/>\n\t<meta property=\"og:image:height\" content=\"917\" \/>\n\t<meta property=\"og:image:type\" content=\"image\/jpeg\" \/>\n<meta name=\"author\" content=\"Martina Pechov\u00e1\" \/>\n<meta name=\"twitter:card\" content=\"summary_large_image\" \/>\n<meta name=\"twitter:label1\" content=\"Napsal(a)\" \/>\n\t<meta name=\"twitter:data1\" content=\"Martina Pechov\u00e1\" \/>\n\t<meta name=\"twitter:label2\" content=\"Odhadovan\u00e1 doba \u010dten\u00ed\" \/>\n\t<meta name=\"twitter:data2\" content=\"4 minuty\" \/>\n<script type=\"application\/ld+json\" class=\"yoast-schema-graph\">{\"@context\":\"https:\/\/schema.org\",\"@graph\":[{\"@type\":\"Article\",\"@id\":\"https:\/\/cinemahouse.cz\/index.php\/2025\/07\/30\/odpocitavani-zacalo-predprodej-na-nolanovu-odysseu-startuje-rok-pred-premierou\/#article\",\"isPartOf\":{\"@id\":\"https:\/\/cinemahouse.cz\/index.php\/2025\/07\/30\/odpocitavani-zacalo-predprodej-na-nolanovu-odysseu-startuje-rok-pred-premierou\/\"},\"author\":{\"name\":\"Martina Pechov\u00e1\",\"@id\":\"https:\/\/cinemahouse.cz\/#\/schema\/person\/8e894bed58c7bf0d7b179ae61a79027e\"},\"headline\":\"Odpo\u010d\u00edt\u00e1v\u00e1n\u00ed za\u010dalo! P\u0159edprodej na Nolanovu Odysseu startuje rok p\u0159ed premi\u00e9rou\",\"datePublished\":\"2025-07-29T22:01:00+00:00\",\"dateModified\":\"2025-07-26T12:21:12+00:00\",\"mainEntityOfPage\":{\"@id\":\"https:\/\/cinemahouse.cz\/index.php\/2025\/07\/30\/odpocitavani-zacalo-predprodej-na-nolanovu-odysseu-startuje-rok-pred-premierou\/\"},\"wordCount\":424,\"publisher\":{\"@id\":\"https:\/\/cinemahouse.cz\/#organization\"},\"articleSection\":[\"FILMOV\u00c9 NOVINKY\",\"FILMY, SERI\u00c1LY a TV\",\"NEWS\"],\"inLanguage\":\"cs\"},{\"@type\":\"WebPage\",\"@id\":\"https:\/\/cinemahouse.cz\/index.php\/2025\/07\/30\/odpocitavani-zacalo-predprodej-na-nolanovu-odysseu-startuje-rok-pred-premierou\/\",\"url\":\"https:\/\/cinemahouse.cz\/index.php\/2025\/07\/30\/odpocitavani-zacalo-predprodej-na-nolanovu-odysseu-startuje-rok-pred-premierou\/\",\"name\":\"Odpo\u010d\u00edt\u00e1v\u00e1n\u00ed za\u010dalo! P\u0159edprodej na Nolanovu Odysseu startuje rok p\u0159ed premi\u00e9rou - CINEMAHOUSE.cz\",\"isPartOf\":{\"@id\":\"https:\/\/cinemahouse.cz\/#website\"},\"datePublished\":\"2025-07-29T22:01:00+00:00\",\"dateModified\":\"2025-07-26T12:21:12+00:00\",\"description\":\"U\u017e rok p\u0159ed svou premi\u00e9rou bud\u00ed nov\u00fd film Christophera Nolana obrovsk\u00fd z\u00e1jem fanou\u0161k\u016f. Nejambici\u00f3zn\u011bj\u0161\u00ed projekt re\u017eis\u00e9ra Oppenheimera.\",\"breadcrumb\":{\"@id\":\"https:\/\/cinemahouse.cz\/index.php\/2025\/07\/30\/odpocitavani-zacalo-predprodej-na-nolanovu-odysseu-startuje-rok-pred-premierou\/#breadcrumb\"},\"inLanguage\":\"cs\",\"potentialAction\":[{\"@type\":\"ReadAction\",\"target\":[\"https:\/\/cinemahouse.cz\/index.php\/2025\/07\/30\/odpocitavani-zacalo-predprodej-na-nolanovu-odysseu-startuje-rok-pred-premierou\/\"]}]},{\"@type\":\"BreadcrumbList\",\"@id\":\"https:\/\/cinemahouse.cz\/index.php\/2025\/07\/30\/odpocitavani-zacalo-predprodej-na-nolanovu-odysseu-startuje-rok-pred-premierou\/#breadcrumb\",\"itemListElement\":[{\"@type\":\"ListItem\",\"position\":1,\"name\":\"Dom\u016f\",\"item\":\"https:\/\/cinemahouse.cz\/\"},{\"@type\":\"ListItem\",\"position\":2,\"name\":\"Odpo\u010d\u00edt\u00e1v\u00e1n\u00ed za\u010dalo! P\u0159edprodej na Nolanovu Odysseu startuje rok p\u0159ed premi\u00e9rou\"}]},{\"@type\":\"WebSite\",\"@id\":\"https:\/\/cinemahouse.cz\/#website\",\"url\":\"https:\/\/cinemahouse.cz\/\",\"name\":\"CINEMAHOUSE.cz\",\"description\":\"Port\u00e1l o filmov\u00fdch novink\u00e1ch\",\"publisher\":{\"@id\":\"https:\/\/cinemahouse.cz\/#organization\"},\"potentialAction\":[{\"@type\":\"SearchAction\",\"target\":{\"@type\":\"EntryPoint\",\"urlTemplate\":\"https:\/\/cinemahouse.cz\/?s={search_term_string}\"},\"query-input\":\"required name=search_term_string\"}],\"inLanguage\":\"cs\"},{\"@type\":\"Organization\",\"@id\":\"https:\/\/cinemahouse.cz\/#organization\",\"name\":\"CINEMAHOUSE.cz\",\"url\":\"https:\/\/cinemahouse.cz\/\",\"logo\":{\"@type\":\"ImageObject\",\"inLanguage\":\"cs\",\"@id\":\"https:\/\/cinemahouse.cz\/#\/schema\/logo\/image\/\",\"url\":\"https:\/\/cinemahouse.cz\/wp-content\/uploads\/2024\/12\/cropped-Logo_CinemaHouse.jpg\",\"contentUrl\":\"https:\/\/cinemahouse.cz\/wp-content\/uploads\/2024\/12\/cropped-Logo_CinemaHouse.jpg\",\"width\":926,\"height\":467,\"caption\":\"CINEMAHOUSE.cz\"},\"image\":{\"@id\":\"https:\/\/cinemahouse.cz\/#\/schema\/logo\/image\/\"}},{\"@type\":\"Person\",\"@id\":\"https:\/\/cinemahouse.cz\/#\/schema\/person\/8e894bed58c7bf0d7b179ae61a79027e\",\"name\":\"Martina Pechov\u00e1\",\"image\":{\"@type\":\"ImageObject\",\"inLanguage\":\"cs\",\"@id\":\"https:\/\/cinemahouse.cz\/#\/schema\/person\/image\/\",\"url\":\"https:\/\/secure.gravatar.com\/avatar\/d3ad7f43789eed68b221d01c6d7ac4e5?s=96&d=mm&r=g\",\"contentUrl\":\"https:\/\/secure.gravatar.com\/avatar\/d3ad7f43789eed68b221d01c6d7ac4e5?s=96&d=mm&r=g\",\"caption\":\"Martina Pechov\u00e1\"},\"sameAs\":[\"http:\/\/CINEMAHOUSE.cz\"],\"url\":\"https:\/\/cinemahouse.cz\/index.php\/author\/marpech\/\"}]}<\/script>\n<!-- \/ Yoast SEO plugin. -->","yoast_head_json":{"title":"Odpo\u010d\u00edt\u00e1v\u00e1n\u00ed za\u010dalo! P\u0159edprodej na Nolanovu Odysseu startuje rok p\u0159ed premi\u00e9rou - CINEMAHOUSE.cz","description":"U\u017e rok p\u0159ed svou premi\u00e9rou bud\u00ed nov\u00fd film Christophera Nolana obrovsk\u00fd z\u00e1jem fanou\u0161k\u016f. Nejambici\u00f3zn\u011bj\u0161\u00ed projekt re\u017eis\u00e9ra Oppenheimera.","robots":{"index":"index","follow":"follow","max-snippet":"max-snippet:-1","max-image-preview":"max-image-preview:large","max-video-preview":"max-video-preview:-1"},"canonical":"https:\/\/cinemahouse.cz\/index.php\/2025\/07\/30\/odpocitavani-zacalo-predprodej-na-nolanovu-odysseu-startuje-rok-pred-premierou\/","og_locale":"cs_CZ","og_type":"article","og_title":"Odpo\u010d\u00edt\u00e1v\u00e1n\u00ed za\u010dalo! P\u0159edprodej na Nolanovu Odysseu startuje rok p\u0159ed premi\u00e9rou - CINEMAHOUSE.cz","og_description":"U\u017e rok p\u0159ed svou premi\u00e9rou bud\u00ed nov\u00fd film Christophera Nolana obrovsk\u00fd z\u00e1jem fanou\u0161k\u016f. Nejambici\u00f3zn\u011bj\u0161\u00ed projekt re\u017eis\u00e9ra Oppenheimera.","og_url":"https:\/\/cinemahouse.cz\/index.php\/2025\/07\/30\/odpocitavani-zacalo-predprodej-na-nolanovu-odysseu-startuje-rok-pred-premierou\/","og_site_name":"CINEMAHOUSE.cz","article_published_time":"2025-07-29T22:01:00+00:00","article_modified_time":"2025-07-26T12:21:12+00:00","og_image":[{"width":1450,"height":917,"url":"https:\/\/cinemahouse.cz\/wp-content\/uploads\/2025\/07\/Odyssea_plakat_TTL.jpg","type":"image\/jpeg"}],"author":"Martina Pechov\u00e1","twitter_card":"summary_large_image","twitter_misc":{"Napsal(a)":"Martina Pechov\u00e1","Odhadovan\u00e1 doba \u010dten\u00ed":"4 minuty"},"schema":{"@context":"https:\/\/schema.org","@graph":[{"@type":"Article","@id":"https:\/\/cinemahouse.cz\/index.php\/2025\/07\/30\/odpocitavani-zacalo-predprodej-na-nolanovu-odysseu-startuje-rok-pred-premierou\/#article","isPartOf":{"@id":"https:\/\/cinemahouse.cz\/index.php\/2025\/07\/30\/odpocitavani-zacalo-predprodej-na-nolanovu-odysseu-startuje-rok-pred-premierou\/"},"author":{"name":"Martina Pechov\u00e1","@id":"https:\/\/cinemahouse.cz\/#\/schema\/person\/8e894bed58c7bf0d7b179ae61a79027e"},"headline":"Odpo\u010d\u00edt\u00e1v\u00e1n\u00ed za\u010dalo! P\u0159edprodej na Nolanovu Odysseu startuje rok p\u0159ed premi\u00e9rou","datePublished":"2025-07-29T22:01:00+00:00","dateModified":"2025-07-26T12:21:12+00:00","mainEntityOfPage":{"@id":"https:\/\/cinemahouse.cz\/index.php\/2025\/07\/30\/odpocitavani-zacalo-predprodej-na-nolanovu-odysseu-startuje-rok-pred-premierou\/"},"wordCount":424,"publisher":{"@id":"https:\/\/cinemahouse.cz\/#organization"},"articleSection":["FILMOV\u00c9 NOVINKY","FILMY, SERI\u00c1LY a TV","NEWS"],"inLanguage":"cs"},{"@type":"WebPage","@id":"https:\/\/cinemahouse.cz\/index.php\/2025\/07\/30\/odpocitavani-zacalo-predprodej-na-nolanovu-odysseu-startuje-rok-pred-premierou\/","url":"https:\/\/cinemahouse.cz\/index.php\/2025\/07\/30\/odpocitavani-zacalo-predprodej-na-nolanovu-odysseu-startuje-rok-pred-premierou\/","name":"Odpo\u010d\u00edt\u00e1v\u00e1n\u00ed za\u010dalo! P\u0159edprodej na Nolanovu Odysseu startuje rok p\u0159ed premi\u00e9rou - CINEMAHOUSE.cz","isPartOf":{"@id":"https:\/\/cinemahouse.cz\/#website"},"datePublished":"2025-07-29T22:01:00+00:00","dateModified":"2025-07-26T12:21:12+00:00","description":"U\u017e rok p\u0159ed svou premi\u00e9rou bud\u00ed nov\u00fd film Christophera Nolana obrovsk\u00fd z\u00e1jem fanou\u0161k\u016f. Nejambici\u00f3zn\u011bj\u0161\u00ed projekt re\u017eis\u00e9ra Oppenheimera.","breadcrumb":{"@id":"https:\/\/cinemahouse.cz\/index.php\/2025\/07\/30\/odpocitavani-zacalo-predprodej-na-nolanovu-odysseu-startuje-rok-pred-premierou\/#breadcrumb"},"inLanguage":"cs","potentialAction":[{"@type":"ReadAction","target":["https:\/\/cinemahouse.cz\/index.php\/2025\/07\/30\/odpocitavani-zacalo-predprodej-na-nolanovu-odysseu-startuje-rok-pred-premierou\/"]}]},{"@type":"BreadcrumbList","@id":"https:\/\/cinemahouse.cz\/index.php\/2025\/07\/30\/odpocitavani-zacalo-predprodej-na-nolanovu-odysseu-startuje-rok-pred-premierou\/#breadcrumb","itemListElement":[{"@type":"ListItem","position":1,"name":"Dom\u016f","item":"https:\/\/cinemahouse.cz\/"},{"@type":"ListItem","position":2,"name":"Odpo\u010d\u00edt\u00e1v\u00e1n\u00ed za\u010dalo! P\u0159edprodej na Nolanovu Odysseu startuje rok p\u0159ed premi\u00e9rou"}]},{"@type":"WebSite","@id":"https:\/\/cinemahouse.cz\/#website","url":"https:\/\/cinemahouse.cz\/","name":"CINEMAHOUSE.cz","description":"Port\u00e1l o filmov\u00fdch novink\u00e1ch","publisher":{"@id":"https:\/\/cinemahouse.cz\/#organization"},"potentialAction":[{"@type":"SearchAction","target":{"@type":"EntryPoint","urlTemplate":"https:\/\/cinemahouse.cz\/?s={search_term_string}"},"query-input":"required name=search_term_string"}],"inLanguage":"cs"},{"@type":"Organization","@id":"https:\/\/cinemahouse.cz\/#organization","name":"CINEMAHOUSE.cz","url":"https:\/\/cinemahouse.cz\/","logo":{"@type":"ImageObject","inLanguage":"cs","@id":"https:\/\/cinemahouse.cz\/#\/schema\/logo\/image\/","url":"https:\/\/cinemahouse.cz\/wp-content\/uploads\/2024\/12\/cropped-Logo_CinemaHouse.jpg","contentUrl":"https:\/\/cinemahouse.cz\/wp-content\/uploads\/2024\/12\/cropped-Logo_CinemaHouse.jpg","width":926,"height":467,"caption":"CINEMAHOUSE.cz"},"image":{"@id":"https:\/\/cinemahouse.cz\/#\/schema\/logo\/image\/"}},{"@type":"Person","@id":"https:\/\/cinemahouse.cz\/#\/schema\/person\/8e894bed58c7bf0d7b179ae61a79027e","name":"Martina Pechov\u00e1","image":{"@type":"ImageObject","inLanguage":"cs","@id":"https:\/\/cinemahouse.cz\/#\/schema\/person\/image\/","url":"https:\/\/secure.gravatar.com\/avatar\/d3ad7f43789eed68b221d01c6d7ac4e5?s=96&d=mm&r=g","contentUrl":"https:\/\/secure.gravatar.com\/avatar\/d3ad7f43789eed68b221d01c6d7ac4e5?s=96&d=mm&r=g","caption":"Martina Pechov\u00e1"},"sameAs":["http:\/\/CINEMAHOUSE.cz"],"url":"https:\/\/cinemahouse.cz\/index.php\/author\/marpech\/"}]}},"_links":{"self":[{"href":"https:\/\/cinemahouse.cz\/index.php\/wp-json\/wp\/v2\/posts\/10614"}],"collection":[{"href":"https:\/\/cinemahouse.cz\/index.php\/wp-json\/wp\/v2\/posts"}],"about":[{"href":"https:\/\/cinemahouse.cz\/index.php\/wp-json\/wp\/v2\/types\/post"}],"author":[{"embeddable":true,"href":"https:\/\/cinemahouse.cz\/index.php\/wp-json\/wp\/v2\/users\/7"}],"replies":[{"embeddable":true,"href":"https:\/\/cinemahouse.cz\/index.php\/wp-json\/wp\/v2\/comments?post=10614"}],"version-history":[{"count":4,"href":"https:\/\/cinemahouse.cz\/index.php\/wp-json\/wp\/v2\/posts\/10614\/revisions"}],"predecessor-version":[{"id":10622,"href":"https:\/\/cinemahouse.cz\/index.php\/wp-json\/wp\/v2\/posts\/10614\/revisions\/10622"}],"wp:featuredmedia":[{"embeddable":true,"href":"https:\/\/cinemahouse.cz\/index.php\/wp-json\/wp\/v2\/media\/10615"}],"wp:attachment":[{"href":"https:\/\/cinemahouse.cz\/index.php\/wp-json\/wp\/v2\/media?parent=10614"}],"wp:term":[{"taxonomy":"category","embeddable":true,"href":"https:\/\/cinemahouse.cz\/index.php\/wp-json\/wp\/v2\/categories?post=10614"},{"taxonomy":"post_tag","embeddable":true,"href":"https:\/\/cinemahouse.cz\/index.php\/wp-json\/wp\/v2\/tags?post=10614"}],"curies":[{"name":"wp","href":"https:\/\/api.w.org\/{rel}","templated":true}]}}