{"id":10544,"date":"2025-07-23T00:01:00","date_gmt":"2025-07-22T22:01:00","guid":{"rendered":"https:\/\/cinemahouse.cz\/?p=10544"},"modified":"2025-07-22T17:37:33","modified_gmt":"2025-07-22T15:37:33","slug":"film-pod-parou-se-poodhaluje-v-dalsim-traileru-premieru-v-kinech-bude-mit-jiz-7-srpna","status":"publish","type":"post","link":"https:\/\/cinemahouse.cz\/index.php\/2025\/07\/23\/film-pod-parou-se-poodhaluje-v-dalsim-traileru-premieru-v-kinech-bude-mit-jiz-7-srpna\/","title":{"rendered":"Film POD PAROU se poodhaluje v\u00a0dal\u0161\u00edm traileru. Premi\u00e9ru v kinech bude m\u00edt ji\u017e 7. srpna!"},"content":{"rendered":"\n<div style=\"height:45px\" aria-hidden=\"true\" class=\"wp-block-spacer\"><\/div>\n\n\n\n<p class=\"has-medium-font-size\"><strong>Film Pod parou se bl\u00ed\u017e\u00ed do kin, premi\u00e9ru v&nbsp;nich bude m\u00edt ji\u017e 7. srpna. P\u0159edstav\u00ed se v&nbsp;n\u011bm hned \u010dty\u0159i hlavn\u00ed hrdinky, kter\u00e9 se rozhodnou v&nbsp;praxi prov\u011b\u0159it teorii podle n\u00ed\u017e je na tom lidsk\u00fd organismus nejl\u00e9pe, kdy\u017e si udr\u017euje hladinku 0,5 promile alkoholu v&nbsp;krvi. \u017de tento bl\u00e1zniv\u00fd experiment pro n\u011b bude znamenat \u0159adu \u00faskal\u00ed komplikuje i to, \u017ee jsou u\u010ditelkami na st\u0159edn\u00ed \u0161kole. Na\u0161t\u011bst\u00ed jsou velk\u00e9 kamar\u00e1dky, kter\u00e9 se um\u00ed spolu nejen nap\u00edt, ale tak\u00e9 se podpo\u0159it p\u0159i n\u00e1sledn\u00fdch pot\u00ed\u017e\u00edch. Nyn\u00ed se toto jejich prov\u011b\u0159ov\u00e1n\u00ed v\u011bdeck\u00e9ho tvrzen\u00ed p\u0159edstavuje v&nbsp;druh\u00e9m traileru.<\/strong><\/p>\n\n\n\n<div style=\"height:45px\" aria-hidden=\"true\" class=\"wp-block-spacer\"><\/div>\n\n\n<div class=\"wp-block-image\">\n<figure class=\"aligncenter size-large\"><img decoding=\"async\" loading=\"lazy\" width=\"1024\" height=\"682\" src=\"https:\/\/cinemahouse.cz\/wp-content\/uploads\/2025\/07\/02PodParou-080Stancik-1024x682.jpg\" alt=\"POD PAROU\" class=\"wp-image-10563\" srcset=\"https:\/\/cinemahouse.cz\/wp-content\/uploads\/2025\/07\/02PodParou-080Stancik-1024x682.jpg 1024w, https:\/\/cinemahouse.cz\/wp-content\/uploads\/2025\/07\/02PodParou-080Stancik-300x200.jpg 300w, https:\/\/cinemahouse.cz\/wp-content\/uploads\/2025\/07\/02PodParou-080Stancik-768x512.jpg 768w, https:\/\/cinemahouse.cz\/wp-content\/uploads\/2025\/07\/02PodParou-080Stancik-1536x1023.jpg 1536w, https:\/\/cinemahouse.cz\/wp-content\/uploads\/2025\/07\/02PodParou-080Stancik.jpg 1920w\" sizes=\"(max-width: 1024px) 100vw, 1024px\" \/><\/figure><\/div>\n\n\n<div style=\"height:45px\" aria-hidden=\"true\" class=\"wp-block-spacer\"><\/div>\n\n\n\n<p class=\"has-medium-font-size\">Film <strong>Pod parou<\/strong> je adaptac\u00ed \u00fasp\u011b\u0161n\u00e9ho d\u00e1nsk\u00e9ho oscarov\u00e9ho filmu Chlast z roku 2020. Na\u0161i tv\u016frci ale u\u010dinili n\u011bkolik z\u00e1sadn\u00edch zm\u011bn, p\u0159edev\u0161\u00edm zm\u011bnili hlavn\u00ed \u010dtve\u0159ici mu\u017esk\u00fdch hrdin\u016f na \u017eensk\u00e9 postavy a p\u0159\u00edb\u011bh adaptovali do prost\u0159ed\u00ed moravsk\u00e9ho <strong>Mikulova<\/strong>. V hlavn\u00edch rol\u00edch se d\u00edky tomu p\u0159edstav\u00ed <strong>Hana Vagnerov\u00e1<\/strong>, <strong>Judit Pech\u00e1\u010dek<\/strong>, <strong>Zuzana Byd\u017eovsk\u00e1<\/strong> a <strong>Al\u017ebeta Zea Ferencov\u00e1<\/strong>. V&nbsp;dal\u0161\u00edch rol\u00edch je podpo\u0159ili nejen zku\u0161en\u00ed herci jako jsou <strong>Ji\u0159\u00ed Havelka<\/strong>, <strong>Petr \u010ctvrtn\u00ed\u010dek<\/strong>, <strong>Alexandr B\u00e1rta<\/strong>, <strong>Martin My\u0161i\u010dka<\/strong>, ale jako jejich studenti a studentky se p\u0159edstav\u00ed nastupuj\u00edc\u00ed hereck\u00e1 generace, nap\u0159\u00edklad <strong>Franti\u0161ek Pracha\u0159<\/strong>, <strong>\u0160t\u011bp\u00e1nka Todorov\u00e1, David Petr\u017eelka<\/strong>, <strong>Tom\u00e1\u0161 Ji\u0159\u00edk<\/strong>,<strong> Am\u00e9lie Lavaud<\/strong> a <strong>Josef Abrh\u00e1m<\/strong>. <\/p>\n\n\n\n<div style=\"height:45px\" aria-hidden=\"true\" class=\"wp-block-spacer\"><\/div>\n\n\n\n<figure class=\"wp-block-embed aligncenter is-type-video is-provider-youtube wp-block-embed-youtube wp-embed-aspect-16-9 wp-has-aspect-ratio\"><div class=\"wp-block-embed__wrapper\">\n<div class=\"video-container\"><iframe loading=\"lazy\" title=\"POD PAROU (2025) druh\u00fd ofici\u00e1ln\u00ed trailer\" width=\"500\" height=\"281\" src=\"https:\/\/www.youtube.com\/embed\/Swn4KhqhwWs?feature=oembed&#038;wmode=opaque\" frameborder=\"0\" allow=\"accelerometer; autoplay; clipboard-write; encrypted-media; gyroscope; picture-in-picture; web-share\" referrerpolicy=\"strict-origin-when-cross-origin\" allowfullscreen><\/iframe><\/div>\n<\/div><\/figure>\n\n\n\n<div style=\"height:45px\" aria-hidden=\"true\" class=\"wp-block-spacer\"><\/div>\n\n\n\n<p class=\"has-medium-font-size\">Pr\u00e1v\u011b pro tyto filmov\u00e9 studenty re\u017eis\u00e9r <strong>Rudolf Biermann<\/strong> p\u0159ipravil nejn\u00e1ro\u010dn\u011bj\u0161\u00ed nat\u00e1\u010dec\u00ed den. Ten prob\u011bhl na svahu mikulovsk\u00e9m Svat\u00e9m kope\u010dku a nat\u00e1\u010dela se sc\u00e9na recesistick\u00e9ho pivn\u00edho b\u011bhu. Za\u010dalo se v 5 hodin r\u00e1no a \u0161t\u00e1b odch\u00e1zel z placu a\u017e za tmy. A byl to jeden z nejteplej\u0161\u00edch dn\u00ed roku.<\/p>\n\n\n\n<div style=\"height:45px\" aria-hidden=\"true\" class=\"wp-block-spacer\"><\/div>\n\n\n<div class=\"wp-block-image\">\n<figure class=\"aligncenter size-large\"><img decoding=\"async\" loading=\"lazy\" width=\"1024\" height=\"682\" src=\"https:\/\/cinemahouse.cz\/wp-content\/uploads\/2025\/07\/PodParou_Josef_Abrham01Stancik-1024x682.jpg\" alt=\"POD PAROU\" class=\"wp-image-10559\" srcset=\"https:\/\/cinemahouse.cz\/wp-content\/uploads\/2025\/07\/PodParou_Josef_Abrham01Stancik-1024x682.jpg 1024w, https:\/\/cinemahouse.cz\/wp-content\/uploads\/2025\/07\/PodParou_Josef_Abrham01Stancik-300x200.jpg 300w, https:\/\/cinemahouse.cz\/wp-content\/uploads\/2025\/07\/PodParou_Josef_Abrham01Stancik-768x512.jpg 768w, https:\/\/cinemahouse.cz\/wp-content\/uploads\/2025\/07\/PodParou_Josef_Abrham01Stancik-1536x1023.jpg 1536w, https:\/\/cinemahouse.cz\/wp-content\/uploads\/2025\/07\/PodParou_Josef_Abrham01Stancik.jpg 1920w\" sizes=\"(max-width: 1024px) 100vw, 1024px\" \/><\/figure><\/div>\n\n\n<div style=\"height:45px\" aria-hidden=\"true\" class=\"wp-block-spacer\"><\/div>\n\n\n\n<p class=\"has-medium-font-size\">Here\u010dka <strong>Judit Pech\u00e1\u010dek<\/strong> film div\u00e1k\u016fm p\u0159ibli\u017euje slovy: <em>\u201ePro m\u011b je to film o p\u0159\u00e1telstv\u00ed, o siln\u00e9m \u017eensk\u00e9m p\u0159\u00e1telstv\u00ed, o mezilidsk\u00fdch vztaz\u00edch, o tom, jak si um\u00edme pomoci a z\u00e1rove\u0148 je to tak\u00e9 o tom, \u017ee alkohol je probl\u00e9m, kter\u00fd dok\u00e1\u017ee ni\u010dit lidsk\u00e9 \u017eivoty, vztahy, zdrav\u00ed. A to v\u0161e je ve filmu Pod parou zachyceno pomoc\u00ed odleh\u010den\u00fdch a humorn\u00fdch situac\u00ed.\u201c<\/em> A herec <strong>Petr \u010ctvrtn\u00ed\u010dek<\/strong>, kter\u00fd si ve filmu zahr\u00e1l taxik\u00e1\u0159e, je\u0161t\u011b p\u0159ipojuje sv\u016fj pohled na \u010desk\u00fd p\u0159\u00edstup k&nbsp;alkoholu: \u201e<em>My \u201enechlast\u00e1me jako \u0161\u00edlen\u00ed\u201c, u n\u00e1s pijeme, proto\u017ee m\u00e1me tu mo\u017enost. Nic lep\u0161\u00edho \u010dlov\u011bk je\u0161t\u011b nevymyslel. Jeden filozof \u0159ekl: \u201eNen\u00ed probl\u00e9m nechlastat, probl\u00e9m je v tom, co d\u011blat m\u00edsto toho chlast\u00e1n\u00ed.\u201c V\u0161e se \u0159e\u0161\u00ed jednodu\u0161e&nbsp;chlastem, kter\u00fd stoj\u00ed p\u00e1r korun.\u201c<\/em><\/p>\n\n\n\n<div style=\"height:45px\" aria-hidden=\"true\" class=\"wp-block-spacer\"><\/div>\n\n\n<div class=\"wp-block-image\">\n<figure class=\"aligncenter size-full\"><img decoding=\"async\" loading=\"lazy\" width=\"1000\" height=\"667\" src=\"https:\/\/cinemahouse.cz\/wp-content\/uploads\/2025\/07\/PodParouDayFour-112.jpg\" alt=\"POD PAROU\" class=\"wp-image-10558\" srcset=\"https:\/\/cinemahouse.cz\/wp-content\/uploads\/2025\/07\/PodParouDayFour-112.jpg 1000w, https:\/\/cinemahouse.cz\/wp-content\/uploads\/2025\/07\/PodParouDayFour-112-300x200.jpg 300w, https:\/\/cinemahouse.cz\/wp-content\/uploads\/2025\/07\/PodParouDayFour-112-768x512.jpg 768w\" sizes=\"(max-width: 1000px) 100vw, 1000px\" \/><\/figure><\/div>\n\n\n<div style=\"height:45px\" aria-hidden=\"true\" class=\"wp-block-spacer\"><\/div>\n\n\n\n<p class=\"has-medium-font-size\">Jedna v\u011bdeck\u00e1 teorie tvrd\u00ed, \u017ee se v\u0161ichni rod\u00edme s p\u0159irozen\u00fdm nedostatkem alkoholu v krvi a n\u00e1\u0161 organismus nejl\u00e9pe funguje pr\u00e1v\u011b p\u0159i dosa\u017een\u00ed a udr\u017eov\u00e1n\u00ed jeho hladiny na \u00farovni 0,5 promile. U\u010ditelka Martina a jej\u00ed t\u0159i kamar\u00e1dky se s velkou vervou a nad\u0161en\u00edm pust\u00ed do bl\u00e1zniv\u00e9ho pokusu, kter\u00fdm cht\u011bj\u00ed tuto teorii osobn\u011b prov\u011b\u0159it. Jakmile se jim poda\u0159\u00ed hladinku alkoholu dostat na pot\u0159ebnou \u00farove\u0148, hned jim to dod\u00e1 v\u011bt\u0161\u00ed lehkost p\u0159i vyu\u010dov\u00e1n\u00ed i nadhled p\u0159i \u0159e\u0161en\u00ed osobn\u00edch situac\u00ed. Jak se jejich experiment s pravidelnou konzumac\u00ed alkoholu vyvine a co v\u0161echno zp\u016fsob\u00ed, uk\u00e1\u017ee skv\u011ble vystav\u011bn\u00fd p\u0159\u00edb\u011bh filmu Pod parou.<\/p>\n\n\n\n<div style=\"height:45px\" aria-hidden=\"true\" class=\"wp-block-spacer\"><\/div>\n\n\n<div class=\"wp-block-image\">\n<figure class=\"aligncenter size-large\"><img decoding=\"async\" loading=\"lazy\" width=\"1024\" height=\"682\" src=\"https:\/\/cinemahouse.cz\/wp-content\/uploads\/2025\/07\/PodParou_Frantisek_Prachar_01Stancik-1024x682.jpg\" alt=\"POD PAROU\" class=\"wp-image-10561\" srcset=\"https:\/\/cinemahouse.cz\/wp-content\/uploads\/2025\/07\/PodParou_Frantisek_Prachar_01Stancik-1024x682.jpg 1024w, https:\/\/cinemahouse.cz\/wp-content\/uploads\/2025\/07\/PodParou_Frantisek_Prachar_01Stancik-300x200.jpg 300w, https:\/\/cinemahouse.cz\/wp-content\/uploads\/2025\/07\/PodParou_Frantisek_Prachar_01Stancik-768x512.jpg 768w, https:\/\/cinemahouse.cz\/wp-content\/uploads\/2025\/07\/PodParou_Frantisek_Prachar_01Stancik-1536x1023.jpg 1536w, https:\/\/cinemahouse.cz\/wp-content\/uploads\/2025\/07\/PodParou_Frantisek_Prachar_01Stancik.jpg 1920w\" sizes=\"(max-width: 1024px) 100vw, 1024px\" \/><\/figure><\/div>\n\n\n<div style=\"height:45px\" aria-hidden=\"true\" class=\"wp-block-spacer\"><\/div>\n\n\n\n<h2 class=\"wp-block-heading\">Pod parou<\/h2>\n\n\n\n<div style=\"height:45px\" aria-hidden=\"true\" class=\"wp-block-spacer\"><\/div>\n\n\n\n<p class=\"has-medium-font-size\"><strong>Premi\u00e9ra: <\/strong>7.8.2025<\/p>\n\n\n\n<p class=\"has-medium-font-size\"><strong>Re\u017eie:<\/strong> Rudolf Biermann<\/p>\n\n\n\n<p class=\"has-medium-font-size\"><strong>Sc\u00e9n\u00e1\u0159: <\/strong>Roman Olek\u0161\u00e1k<\/p>\n\n\n\n<p class=\"has-medium-font-size\"><strong>Dramaturg:<\/strong> Petr Kole\u010dko<\/p>\n\n\n\n<p class=\"has-medium-font-size\"><strong>Kamera:<\/strong> Martin \u0160trba<\/p>\n\n\n\n<p class=\"has-medium-font-size\"><strong>Hudba:<\/strong> Vladim\u00edr Martinka<\/p>\n\n\n\n<p class=\"has-medium-font-size\"><strong>Hraj\u00ed:<\/strong> Hana V\u00e1gnerov\u00e1, Al\u017eb\u011bta Zea Ferencov\u00e1, Judit Pech\u00e1\u010dek, Zuzana Byd\u017eovsk\u00e1, Ji\u0159\u00ed Havelka, Petr \u010ctvrtn\u00ed\u010dek, Alexandr B\u00e1rta, Martin My\u0161i\u010dka, Leo\u0161 Noha, David Petr\u017eelka, Franti\u0161ek Pracha\u0159, \u0160t\u011bp\u00e1nka Todorov\u00e1, Tom\u00e1\u0161 Ji\u0159\u00edk, Am\u00e9lie Lavaud, Josef Abrh\u00e1m<\/p>\n\n\n\n<p class=\"has-medium-font-size\"><strong>Producenti:<\/strong> Rudolf Biermann, Marek Jen\u00ed\u010dek, Vanessa Biermannov\u00e1, Tom\u00e1\u0161 Jan\u00edsek, Denisa Biermannov\u00e1<\/p>\n\n\n\n<div style=\"height:45px\" aria-hidden=\"true\" class=\"wp-block-spacer\"><\/div>\n\n\n\n<figure class=\"wp-block-gallery has-nested-images columns-2 is-cropped wp-block-gallery-1 is-layout-flex wp-block-gallery-is-layout-flex\">\n<figure class=\"wp-block-image size-large\"><img decoding=\"async\" loading=\"lazy\" width=\"1000\" height=\"666\" data-id=\"10555\" src=\"https:\/\/cinemahouse.cz\/wp-content\/uploads\/2025\/07\/01PodParou-020-Stancik.jpg\" alt=\"POD PAROU\" class=\"wp-image-10555\" srcset=\"https:\/\/cinemahouse.cz\/wp-content\/uploads\/2025\/07\/01PodParou-020-Stancik.jpg 1000w, https:\/\/cinemahouse.cz\/wp-content\/uploads\/2025\/07\/01PodParou-020-Stancik-300x200.jpg 300w, https:\/\/cinemahouse.cz\/wp-content\/uploads\/2025\/07\/01PodParou-020-Stancik-768x511.jpg 768w\" sizes=\"(max-width: 1000px) 100vw, 1000px\" \/><\/figure>\n\n\n\n<figure class=\"wp-block-image size-large\"><img decoding=\"async\" loading=\"lazy\" width=\"1000\" height=\"666\" data-id=\"10551\" src=\"https:\/\/cinemahouse.cz\/wp-content\/uploads\/2025\/07\/01PodParou-167-Stancik.jpg\" alt=\"POD PAROU\" class=\"wp-image-10551\" srcset=\"https:\/\/cinemahouse.cz\/wp-content\/uploads\/2025\/07\/01PodParou-167-Stancik.jpg 1000w, https:\/\/cinemahouse.cz\/wp-content\/uploads\/2025\/07\/01PodParou-167-Stancik-300x200.jpg 300w, https:\/\/cinemahouse.cz\/wp-content\/uploads\/2025\/07\/01PodParou-167-Stancik-768x511.jpg 768w\" sizes=\"(max-width: 1000px) 100vw, 1000px\" \/><\/figure>\n\n\n\n<figure class=\"wp-block-image size-large\"><img decoding=\"async\" loading=\"lazy\" width=\"1024\" height=\"682\" data-id=\"10563\" src=\"https:\/\/cinemahouse.cz\/wp-content\/uploads\/2025\/07\/02PodParou-080Stancik-1024x682.jpg\" alt=\"POD PAROU\" class=\"wp-image-10563\" srcset=\"https:\/\/cinemahouse.cz\/wp-content\/uploads\/2025\/07\/02PodParou-080Stancik-1024x682.jpg 1024w, https:\/\/cinemahouse.cz\/wp-content\/uploads\/2025\/07\/02PodParou-080Stancik-300x200.jpg 300w, https:\/\/cinemahouse.cz\/wp-content\/uploads\/2025\/07\/02PodParou-080Stancik-768x512.jpg 768w, https:\/\/cinemahouse.cz\/wp-content\/uploads\/2025\/07\/02PodParou-080Stancik-1536x1023.jpg 1536w, https:\/\/cinemahouse.cz\/wp-content\/uploads\/2025\/07\/02PodParou-080Stancik.jpg 1920w\" sizes=\"(max-width: 1024px) 100vw, 1024px\" \/><\/figure>\n\n\n\n<figure class=\"wp-block-image size-large\"><img decoding=\"async\" loading=\"lazy\" width=\"1000\" height=\"666\" data-id=\"10557\" src=\"https:\/\/cinemahouse.cz\/wp-content\/uploads\/2025\/07\/03PodParou-094Stancik.jpg\" alt=\"POD PAROU\" class=\"wp-image-10557\" srcset=\"https:\/\/cinemahouse.cz\/wp-content\/uploads\/2025\/07\/03PodParou-094Stancik.jpg 1000w, https:\/\/cinemahouse.cz\/wp-content\/uploads\/2025\/07\/03PodParou-094Stancik-300x200.jpg 300w, https:\/\/cinemahouse.cz\/wp-content\/uploads\/2025\/07\/03PodParou-094Stancik-768x511.jpg 768w\" sizes=\"(max-width: 1000px) 100vw, 1000px\" \/><\/figure>\n\n\n\n<figure class=\"wp-block-image size-large\"><img decoding=\"async\" loading=\"lazy\" width=\"1000\" height=\"666\" data-id=\"10554\" src=\"https:\/\/cinemahouse.cz\/wp-content\/uploads\/2025\/07\/04PodParou-027Stancik.jpg\" alt=\"POD PAROU\" class=\"wp-image-10554\" srcset=\"https:\/\/cinemahouse.cz\/wp-content\/uploads\/2025\/07\/04PodParou-027Stancik.jpg 1000w, https:\/\/cinemahouse.cz\/wp-content\/uploads\/2025\/07\/04PodParou-027Stancik-300x200.jpg 300w, https:\/\/cinemahouse.cz\/wp-content\/uploads\/2025\/07\/04PodParou-027Stancik-768x511.jpg 768w\" sizes=\"(max-width: 1000px) 100vw, 1000px\" \/><\/figure>\n\n\n\n<figure class=\"wp-block-image size-large\"><img decoding=\"async\" loading=\"lazy\" width=\"1000\" height=\"666\" data-id=\"10553\" src=\"https:\/\/cinemahouse.cz\/wp-content\/uploads\/2025\/07\/04PodParou-204Stancik.jpg\" alt=\"POD PAROU\" class=\"wp-image-10553\" srcset=\"https:\/\/cinemahouse.cz\/wp-content\/uploads\/2025\/07\/04PodParou-204Stancik.jpg 1000w, https:\/\/cinemahouse.cz\/wp-content\/uploads\/2025\/07\/04PodParou-204Stancik-300x200.jpg 300w, https:\/\/cinemahouse.cz\/wp-content\/uploads\/2025\/07\/04PodParou-204Stancik-768x511.jpg 768w\" sizes=\"(max-width: 1000px) 100vw, 1000px\" \/><\/figure>\n\n\n\n<figure class=\"wp-block-image size-large\"><img decoding=\"async\" loading=\"lazy\" width=\"1000\" height=\"666\" data-id=\"10552\" src=\"https:\/\/cinemahouse.cz\/wp-content\/uploads\/2025\/07\/06PodParou-036-Stancik.jpg\" alt=\"POD PAROU\" class=\"wp-image-10552\" srcset=\"https:\/\/cinemahouse.cz\/wp-content\/uploads\/2025\/07\/06PodParou-036-Stancik.jpg 1000w, https:\/\/cinemahouse.cz\/wp-content\/uploads\/2025\/07\/06PodParou-036-Stancik-300x200.jpg 300w, https:\/\/cinemahouse.cz\/wp-content\/uploads\/2025\/07\/06PodParou-036-Stancik-768x511.jpg 768w\" sizes=\"(max-width: 1000px) 100vw, 1000px\" \/><\/figure>\n\n\n\n<figure class=\"wp-block-image size-large\"><img decoding=\"async\" loading=\"lazy\" width=\"1000\" height=\"667\" data-id=\"10556\" src=\"https:\/\/cinemahouse.cz\/wp-content\/uploads\/2025\/07\/DSCF1945-krystyna-.jpg\" alt=\"POD PAROU\" class=\"wp-image-10556\" srcset=\"https:\/\/cinemahouse.cz\/wp-content\/uploads\/2025\/07\/DSCF1945-krystyna-.jpg 1000w, https:\/\/cinemahouse.cz\/wp-content\/uploads\/2025\/07\/DSCF1945-krystyna--300x200.jpg 300w, https:\/\/cinemahouse.cz\/wp-content\/uploads\/2025\/07\/DSCF1945-krystyna--768x512.jpg 768w\" sizes=\"(max-width: 1000px) 100vw, 1000px\" \/><\/figure>\n\n\n\n<figure class=\"wp-block-image size-large\"><img decoding=\"async\" loading=\"lazy\" width=\"1024\" height=\"683\" data-id=\"10560\" src=\"https:\/\/cinemahouse.cz\/wp-content\/uploads\/2025\/07\/POD_PAROU_martina_mlcuchova_HQ-13-1024x683.jpg\" alt=\"POD PAROU\" class=\"wp-image-10560\" srcset=\"https:\/\/cinemahouse.cz\/wp-content\/uploads\/2025\/07\/POD_PAROU_martina_mlcuchova_HQ-13-1024x683.jpg 1024w, https:\/\/cinemahouse.cz\/wp-content\/uploads\/2025\/07\/POD_PAROU_martina_mlcuchova_HQ-13-300x200.jpg 300w, https:\/\/cinemahouse.cz\/wp-content\/uploads\/2025\/07\/POD_PAROU_martina_mlcuchova_HQ-13-768x512.jpg 768w, https:\/\/cinemahouse.cz\/wp-content\/uploads\/2025\/07\/POD_PAROU_martina_mlcuchova_HQ-13-1536x1024.jpg 1536w, https:\/\/cinemahouse.cz\/wp-content\/uploads\/2025\/07\/POD_PAROU_martina_mlcuchova_HQ-13.jpg 1920w\" sizes=\"(max-width: 1024px) 100vw, 1024px\" \/><\/figure>\n\n\n\n<figure class=\"wp-block-image size-large\"><img decoding=\"async\" loading=\"lazy\" width=\"1024\" height=\"682\" data-id=\"10561\" src=\"https:\/\/cinemahouse.cz\/wp-content\/uploads\/2025\/07\/PodParou_Frantisek_Prachar_01Stancik-1024x682.jpg\" alt=\"POD PAROU\" class=\"wp-image-10561\" srcset=\"https:\/\/cinemahouse.cz\/wp-content\/uploads\/2025\/07\/PodParou_Frantisek_Prachar_01Stancik-1024x682.jpg 1024w, https:\/\/cinemahouse.cz\/wp-content\/uploads\/2025\/07\/PodParou_Frantisek_Prachar_01Stancik-300x200.jpg 300w, https:\/\/cinemahouse.cz\/wp-content\/uploads\/2025\/07\/PodParou_Frantisek_Prachar_01Stancik-768x512.jpg 768w, https:\/\/cinemahouse.cz\/wp-content\/uploads\/2025\/07\/PodParou_Frantisek_Prachar_01Stancik-1536x1023.jpg 1536w, https:\/\/cinemahouse.cz\/wp-content\/uploads\/2025\/07\/PodParou_Frantisek_Prachar_01Stancik.jpg 1920w\" sizes=\"(max-width: 1024px) 100vw, 1024px\" \/><\/figure>\n\n\n\n<figure class=\"wp-block-image size-large\"><img decoding=\"async\" loading=\"lazy\" width=\"1024\" height=\"682\" data-id=\"10559\" src=\"https:\/\/cinemahouse.cz\/wp-content\/uploads\/2025\/07\/PodParou_Josef_Abrham01Stancik-1024x682.jpg\" alt=\"POD PAROU\" class=\"wp-image-10559\" srcset=\"https:\/\/cinemahouse.cz\/wp-content\/uploads\/2025\/07\/PodParou_Josef_Abrham01Stancik-1024x682.jpg 1024w, https:\/\/cinemahouse.cz\/wp-content\/uploads\/2025\/07\/PodParou_Josef_Abrham01Stancik-300x200.jpg 300w, https:\/\/cinemahouse.cz\/wp-content\/uploads\/2025\/07\/PodParou_Josef_Abrham01Stancik-768x512.jpg 768w, https:\/\/cinemahouse.cz\/wp-content\/uploads\/2025\/07\/PodParou_Josef_Abrham01Stancik-1536x1023.jpg 1536w, https:\/\/cinemahouse.cz\/wp-content\/uploads\/2025\/07\/PodParou_Josef_Abrham01Stancik.jpg 1920w\" sizes=\"(max-width: 1024px) 100vw, 1024px\" \/><\/figure>\n\n\n\n<figure class=\"wp-block-image size-large\"><img decoding=\"async\" loading=\"lazy\" width=\"1000\" height=\"667\" data-id=\"10558\" src=\"https:\/\/cinemahouse.cz\/wp-content\/uploads\/2025\/07\/PodParouDayFour-112.jpg\" alt=\"POD PAROU\" class=\"wp-image-10558\" srcset=\"https:\/\/cinemahouse.cz\/wp-content\/uploads\/2025\/07\/PodParouDayFour-112.jpg 1000w, https:\/\/cinemahouse.cz\/wp-content\/uploads\/2025\/07\/PodParouDayFour-112-300x200.jpg 300w, https:\/\/cinemahouse.cz\/wp-content\/uploads\/2025\/07\/PodParouDayFour-112-768x512.jpg 768w\" sizes=\"(max-width: 1000px) 100vw, 1000px\" \/><\/figure>\n\n\n\n<figure class=\"wp-block-image size-large\"><img decoding=\"async\" loading=\"lazy\" width=\"723\" height=\"1024\" data-id=\"10562\" src=\"https:\/\/cinemahouse.cz\/wp-content\/uploads\/2025\/07\/Plakat_Pod_parou_mail-723x1024.jpg\" alt=\"POD PAROU\" class=\"wp-image-10562\" srcset=\"https:\/\/cinemahouse.cz\/wp-content\/uploads\/2025\/07\/Plakat_Pod_parou_mail-723x1024.jpg 723w, https:\/\/cinemahouse.cz\/wp-content\/uploads\/2025\/07\/Plakat_Pod_parou_mail-212x300.jpg 212w, https:\/\/cinemahouse.cz\/wp-content\/uploads\/2025\/07\/Plakat_Pod_parou_mail-768x1087.jpg 768w, https:\/\/cinemahouse.cz\/wp-content\/uploads\/2025\/07\/Plakat_Pod_parou_mail-1085x1536.jpg 1085w, https:\/\/cinemahouse.cz\/wp-content\/uploads\/2025\/07\/Plakat_Pod_parou_mail.jpg 1356w\" sizes=\"(max-width: 723px) 100vw, 723px\" \/><\/figure>\n<\/figure>\n\n\n\n<div style=\"height:45px\" aria-hidden=\"true\" class=\"wp-block-spacer\"><\/div>\n\n\n\n<p class=\"has-medium-font-size\"><strong>Zdroj foto a video:<\/strong>&nbsp;CinemArt<\/p>\n\n\n\n<div style=\"height:45px\" aria-hidden=\"true\" class=\"wp-block-spacer\"><\/div>\n","protected":false},"excerpt":{"rendered":"<p>Film Pod parou se bl\u00ed\u017e\u00ed do kin, premi\u00e9ru v&nbsp;nich bude m\u00edt ji\u017e 7. srpna. P\u0159edstav\u00ed se v&nbsp;n\u011bm hned \u010dty\u0159i hlavn\u00ed hrdinky, kter\u00e9 se rozhodnou v&nbsp;praxi prov\u011b\u0159it teorii podle n\u00ed\u017e je na tom lidsk\u00fd organismus&#46;&#46;&#46;<\/p>\n","protected":false},"author":7,"featured_media":10563,"comment_status":"closed","ping_status":"closed","sticky":false,"template":"","format":"standard","meta":{"_monsterinsights_skip_tracking":false,"_monsterinsights_sitenote_active":false,"_monsterinsights_sitenote_note":"","_monsterinsights_sitenote_category":0,"footnotes":""},"categories":[3,12,2,5],"tags":[],"yoast_head":"<!-- This site is optimized with the Yoast SEO plugin v21.4 - https:\/\/yoast.com\/wordpress\/plugins\/seo\/ -->\n<title>Film POD PAROU se poodhaluje v\u00a0dal\u0161\u00edm traileru. Premi\u00e9ru v kinech bude m\u00edt ji\u017e 7. srpna! - CINEMAHOUSE.cz<\/title>\n<meta name=\"description\" content=\"Film Pod parou se bl\u00ed\u017e\u00ed do kin, premi\u00e9ru v\u00a0nich bude m\u00edt ji\u017e 7. srpna. P\u0159edstav\u00ed se v\u00a0n\u011bm hned \u010dty\u0159i hlavn\u00ed hrdinky.\" \/>\n<meta name=\"robots\" content=\"index, follow, max-snippet:-1, max-image-preview:large, max-video-preview:-1\" \/>\n<link rel=\"canonical\" href=\"https:\/\/cinemahouse.cz\/index.php\/2025\/07\/23\/film-pod-parou-se-poodhaluje-v-dalsim-traileru-premieru-v-kinech-bude-mit-jiz-7-srpna\/\" \/>\n<meta property=\"og:locale\" content=\"cs_CZ\" \/>\n<meta property=\"og:type\" content=\"article\" \/>\n<meta property=\"og:title\" content=\"Film POD PAROU se poodhaluje v\u00a0dal\u0161\u00edm traileru. Premi\u00e9ru v kinech bude m\u00edt ji\u017e 7. srpna! - CINEMAHOUSE.cz\" \/>\n<meta property=\"og:description\" content=\"Film Pod parou se bl\u00ed\u017e\u00ed do kin, premi\u00e9ru v\u00a0nich bude m\u00edt ji\u017e 7. srpna. P\u0159edstav\u00ed se v\u00a0n\u011bm hned \u010dty\u0159i hlavn\u00ed hrdinky.\" \/>\n<meta property=\"og:url\" content=\"https:\/\/cinemahouse.cz\/index.php\/2025\/07\/23\/film-pod-parou-se-poodhaluje-v-dalsim-traileru-premieru-v-kinech-bude-mit-jiz-7-srpna\/\" \/>\n<meta property=\"og:site_name\" content=\"CINEMAHOUSE.cz\" \/>\n<meta property=\"article:published_time\" content=\"2025-07-22T22:01:00+00:00\" \/>\n<meta property=\"article:modified_time\" content=\"2025-07-22T15:37:33+00:00\" \/>\n<meta property=\"og:image\" content=\"https:\/\/cinemahouse.cz\/wp-content\/uploads\/2025\/07\/02PodParou-080Stancik.jpg\" \/>\n\t<meta property=\"og:image:width\" content=\"1920\" \/>\n\t<meta property=\"og:image:height\" content=\"1279\" \/>\n\t<meta property=\"og:image:type\" content=\"image\/jpeg\" \/>\n<meta name=\"author\" content=\"Martina Pechov\u00e1\" \/>\n<meta name=\"twitter:card\" content=\"summary_large_image\" \/>\n<meta name=\"twitter:label1\" content=\"Napsal(a)\" \/>\n\t<meta name=\"twitter:data1\" content=\"Martina Pechov\u00e1\" \/>\n\t<meta name=\"twitter:label2\" content=\"Odhadovan\u00e1 doba \u010dten\u00ed\" \/>\n\t<meta name=\"twitter:data2\" content=\"7 minut\" \/>\n<script type=\"application\/ld+json\" class=\"yoast-schema-graph\">{\"@context\":\"https:\/\/schema.org\",\"@graph\":[{\"@type\":\"Article\",\"@id\":\"https:\/\/cinemahouse.cz\/index.php\/2025\/07\/23\/film-pod-parou-se-poodhaluje-v-dalsim-traileru-premieru-v-kinech-bude-mit-jiz-7-srpna\/#article\",\"isPartOf\":{\"@id\":\"https:\/\/cinemahouse.cz\/index.php\/2025\/07\/23\/film-pod-parou-se-poodhaluje-v-dalsim-traileru-premieru-v-kinech-bude-mit-jiz-7-srpna\/\"},\"author\":{\"name\":\"Martina Pechov\u00e1\",\"@id\":\"https:\/\/cinemahouse.cz\/#\/schema\/person\/8e894bed58c7bf0d7b179ae61a79027e\"},\"headline\":\"Film POD PAROU se poodhaluje v\u00a0dal\u0161\u00edm traileru. Premi\u00e9ru v kinech bude m\u00edt ji\u017e 7. srpna!\",\"datePublished\":\"2025-07-22T22:01:00+00:00\",\"dateModified\":\"2025-07-22T15:37:33+00:00\",\"mainEntityOfPage\":{\"@id\":\"https:\/\/cinemahouse.cz\/index.php\/2025\/07\/23\/film-pod-parou-se-poodhaluje-v-dalsim-traileru-premieru-v-kinech-bude-mit-jiz-7-srpna\/\"},\"wordCount\":744,\"publisher\":{\"@id\":\"https:\/\/cinemahouse.cz\/#organization\"},\"articleSection\":[\"FILMOV\u00c9 NOVINKY\",\"FILMY, SERI\u00c1LY a TV\",\"NEWS\",\"TRAILERY\"],\"inLanguage\":\"cs\"},{\"@type\":\"WebPage\",\"@id\":\"https:\/\/cinemahouse.cz\/index.php\/2025\/07\/23\/film-pod-parou-se-poodhaluje-v-dalsim-traileru-premieru-v-kinech-bude-mit-jiz-7-srpna\/\",\"url\":\"https:\/\/cinemahouse.cz\/index.php\/2025\/07\/23\/film-pod-parou-se-poodhaluje-v-dalsim-traileru-premieru-v-kinech-bude-mit-jiz-7-srpna\/\",\"name\":\"Film POD PAROU se poodhaluje v\u00a0dal\u0161\u00edm traileru. Premi\u00e9ru v kinech bude m\u00edt ji\u017e 7. srpna! - CINEMAHOUSE.cz\",\"isPartOf\":{\"@id\":\"https:\/\/cinemahouse.cz\/#website\"},\"datePublished\":\"2025-07-22T22:01:00+00:00\",\"dateModified\":\"2025-07-22T15:37:33+00:00\",\"description\":\"Film Pod parou se bl\u00ed\u017e\u00ed do kin, premi\u00e9ru v\u00a0nich bude m\u00edt ji\u017e 7. srpna. P\u0159edstav\u00ed se v\u00a0n\u011bm hned \u010dty\u0159i hlavn\u00ed hrdinky.\",\"breadcrumb\":{\"@id\":\"https:\/\/cinemahouse.cz\/index.php\/2025\/07\/23\/film-pod-parou-se-poodhaluje-v-dalsim-traileru-premieru-v-kinech-bude-mit-jiz-7-srpna\/#breadcrumb\"},\"inLanguage\":\"cs\",\"potentialAction\":[{\"@type\":\"ReadAction\",\"target\":[\"https:\/\/cinemahouse.cz\/index.php\/2025\/07\/23\/film-pod-parou-se-poodhaluje-v-dalsim-traileru-premieru-v-kinech-bude-mit-jiz-7-srpna\/\"]}]},{\"@type\":\"BreadcrumbList\",\"@id\":\"https:\/\/cinemahouse.cz\/index.php\/2025\/07\/23\/film-pod-parou-se-poodhaluje-v-dalsim-traileru-premieru-v-kinech-bude-mit-jiz-7-srpna\/#breadcrumb\",\"itemListElement\":[{\"@type\":\"ListItem\",\"position\":1,\"name\":\"Dom\u016f\",\"item\":\"https:\/\/cinemahouse.cz\/\"},{\"@type\":\"ListItem\",\"position\":2,\"name\":\"Film POD PAROU se poodhaluje v\u00a0dal\u0161\u00edm traileru. Premi\u00e9ru v kinech bude m\u00edt ji\u017e 7. srpna!\"}]},{\"@type\":\"WebSite\",\"@id\":\"https:\/\/cinemahouse.cz\/#website\",\"url\":\"https:\/\/cinemahouse.cz\/\",\"name\":\"CINEMAHOUSE.cz\",\"description\":\"Port\u00e1l o filmov\u00fdch novink\u00e1ch\",\"publisher\":{\"@id\":\"https:\/\/cinemahouse.cz\/#organization\"},\"potentialAction\":[{\"@type\":\"SearchAction\",\"target\":{\"@type\":\"EntryPoint\",\"urlTemplate\":\"https:\/\/cinemahouse.cz\/?s={search_term_string}\"},\"query-input\":\"required name=search_term_string\"}],\"inLanguage\":\"cs\"},{\"@type\":\"Organization\",\"@id\":\"https:\/\/cinemahouse.cz\/#organization\",\"name\":\"CINEMAHOUSE.cz\",\"url\":\"https:\/\/cinemahouse.cz\/\",\"logo\":{\"@type\":\"ImageObject\",\"inLanguage\":\"cs\",\"@id\":\"https:\/\/cinemahouse.cz\/#\/schema\/logo\/image\/\",\"url\":\"https:\/\/cinemahouse.cz\/wp-content\/uploads\/2024\/12\/cropped-Logo_CinemaHouse.jpg\",\"contentUrl\":\"https:\/\/cinemahouse.cz\/wp-content\/uploads\/2024\/12\/cropped-Logo_CinemaHouse.jpg\",\"width\":926,\"height\":467,\"caption\":\"CINEMAHOUSE.cz\"},\"image\":{\"@id\":\"https:\/\/cinemahouse.cz\/#\/schema\/logo\/image\/\"}},{\"@type\":\"Person\",\"@id\":\"https:\/\/cinemahouse.cz\/#\/schema\/person\/8e894bed58c7bf0d7b179ae61a79027e\",\"name\":\"Martina Pechov\u00e1\",\"image\":{\"@type\":\"ImageObject\",\"inLanguage\":\"cs\",\"@id\":\"https:\/\/cinemahouse.cz\/#\/schema\/person\/image\/\",\"url\":\"https:\/\/secure.gravatar.com\/avatar\/d3ad7f43789eed68b221d01c6d7ac4e5?s=96&d=mm&r=g\",\"contentUrl\":\"https:\/\/secure.gravatar.com\/avatar\/d3ad7f43789eed68b221d01c6d7ac4e5?s=96&d=mm&r=g\",\"caption\":\"Martina Pechov\u00e1\"},\"sameAs\":[\"http:\/\/CINEMAHOUSE.cz\"],\"url\":\"https:\/\/cinemahouse.cz\/index.php\/author\/marpech\/\"}]}<\/script>\n<!-- \/ Yoast SEO plugin. -->","yoast_head_json":{"title":"Film POD PAROU se poodhaluje v\u00a0dal\u0161\u00edm traileru. Premi\u00e9ru v kinech bude m\u00edt ji\u017e 7. srpna! - CINEMAHOUSE.cz","description":"Film Pod parou se bl\u00ed\u017e\u00ed do kin, premi\u00e9ru v\u00a0nich bude m\u00edt ji\u017e 7. srpna. P\u0159edstav\u00ed se v\u00a0n\u011bm hned \u010dty\u0159i hlavn\u00ed hrdinky.","robots":{"index":"index","follow":"follow","max-snippet":"max-snippet:-1","max-image-preview":"max-image-preview:large","max-video-preview":"max-video-preview:-1"},"canonical":"https:\/\/cinemahouse.cz\/index.php\/2025\/07\/23\/film-pod-parou-se-poodhaluje-v-dalsim-traileru-premieru-v-kinech-bude-mit-jiz-7-srpna\/","og_locale":"cs_CZ","og_type":"article","og_title":"Film POD PAROU se poodhaluje v\u00a0dal\u0161\u00edm traileru. Premi\u00e9ru v kinech bude m\u00edt ji\u017e 7. srpna! - CINEMAHOUSE.cz","og_description":"Film Pod parou se bl\u00ed\u017e\u00ed do kin, premi\u00e9ru v\u00a0nich bude m\u00edt ji\u017e 7. srpna. P\u0159edstav\u00ed se v\u00a0n\u011bm hned \u010dty\u0159i hlavn\u00ed hrdinky.","og_url":"https:\/\/cinemahouse.cz\/index.php\/2025\/07\/23\/film-pod-parou-se-poodhaluje-v-dalsim-traileru-premieru-v-kinech-bude-mit-jiz-7-srpna\/","og_site_name":"CINEMAHOUSE.cz","article_published_time":"2025-07-22T22:01:00+00:00","article_modified_time":"2025-07-22T15:37:33+00:00","og_image":[{"width":1920,"height":1279,"url":"https:\/\/cinemahouse.cz\/wp-content\/uploads\/2025\/07\/02PodParou-080Stancik.jpg","type":"image\/jpeg"}],"author":"Martina Pechov\u00e1","twitter_card":"summary_large_image","twitter_misc":{"Napsal(a)":"Martina Pechov\u00e1","Odhadovan\u00e1 doba \u010dten\u00ed":"7 minut"},"schema":{"@context":"https:\/\/schema.org","@graph":[{"@type":"Article","@id":"https:\/\/cinemahouse.cz\/index.php\/2025\/07\/23\/film-pod-parou-se-poodhaluje-v-dalsim-traileru-premieru-v-kinech-bude-mit-jiz-7-srpna\/#article","isPartOf":{"@id":"https:\/\/cinemahouse.cz\/index.php\/2025\/07\/23\/film-pod-parou-se-poodhaluje-v-dalsim-traileru-premieru-v-kinech-bude-mit-jiz-7-srpna\/"},"author":{"name":"Martina Pechov\u00e1","@id":"https:\/\/cinemahouse.cz\/#\/schema\/person\/8e894bed58c7bf0d7b179ae61a79027e"},"headline":"Film POD PAROU se poodhaluje v\u00a0dal\u0161\u00edm traileru. Premi\u00e9ru v kinech bude m\u00edt ji\u017e 7. srpna!","datePublished":"2025-07-22T22:01:00+00:00","dateModified":"2025-07-22T15:37:33+00:00","mainEntityOfPage":{"@id":"https:\/\/cinemahouse.cz\/index.php\/2025\/07\/23\/film-pod-parou-se-poodhaluje-v-dalsim-traileru-premieru-v-kinech-bude-mit-jiz-7-srpna\/"},"wordCount":744,"publisher":{"@id":"https:\/\/cinemahouse.cz\/#organization"},"articleSection":["FILMOV\u00c9 NOVINKY","FILMY, SERI\u00c1LY a TV","NEWS","TRAILERY"],"inLanguage":"cs"},{"@type":"WebPage","@id":"https:\/\/cinemahouse.cz\/index.php\/2025\/07\/23\/film-pod-parou-se-poodhaluje-v-dalsim-traileru-premieru-v-kinech-bude-mit-jiz-7-srpna\/","url":"https:\/\/cinemahouse.cz\/index.php\/2025\/07\/23\/film-pod-parou-se-poodhaluje-v-dalsim-traileru-premieru-v-kinech-bude-mit-jiz-7-srpna\/","name":"Film POD PAROU se poodhaluje v\u00a0dal\u0161\u00edm traileru. Premi\u00e9ru v kinech bude m\u00edt ji\u017e 7. srpna! - CINEMAHOUSE.cz","isPartOf":{"@id":"https:\/\/cinemahouse.cz\/#website"},"datePublished":"2025-07-22T22:01:00+00:00","dateModified":"2025-07-22T15:37:33+00:00","description":"Film Pod parou se bl\u00ed\u017e\u00ed do kin, premi\u00e9ru v\u00a0nich bude m\u00edt ji\u017e 7. srpna. P\u0159edstav\u00ed se v\u00a0n\u011bm hned \u010dty\u0159i hlavn\u00ed hrdinky.","breadcrumb":{"@id":"https:\/\/cinemahouse.cz\/index.php\/2025\/07\/23\/film-pod-parou-se-poodhaluje-v-dalsim-traileru-premieru-v-kinech-bude-mit-jiz-7-srpna\/#breadcrumb"},"inLanguage":"cs","potentialAction":[{"@type":"ReadAction","target":["https:\/\/cinemahouse.cz\/index.php\/2025\/07\/23\/film-pod-parou-se-poodhaluje-v-dalsim-traileru-premieru-v-kinech-bude-mit-jiz-7-srpna\/"]}]},{"@type":"BreadcrumbList","@id":"https:\/\/cinemahouse.cz\/index.php\/2025\/07\/23\/film-pod-parou-se-poodhaluje-v-dalsim-traileru-premieru-v-kinech-bude-mit-jiz-7-srpna\/#breadcrumb","itemListElement":[{"@type":"ListItem","position":1,"name":"Dom\u016f","item":"https:\/\/cinemahouse.cz\/"},{"@type":"ListItem","position":2,"name":"Film POD PAROU se poodhaluje v\u00a0dal\u0161\u00edm traileru. Premi\u00e9ru v kinech bude m\u00edt ji\u017e 7. srpna!"}]},{"@type":"WebSite","@id":"https:\/\/cinemahouse.cz\/#website","url":"https:\/\/cinemahouse.cz\/","name":"CINEMAHOUSE.cz","description":"Port\u00e1l o filmov\u00fdch novink\u00e1ch","publisher":{"@id":"https:\/\/cinemahouse.cz\/#organization"},"potentialAction":[{"@type":"SearchAction","target":{"@type":"EntryPoint","urlTemplate":"https:\/\/cinemahouse.cz\/?s={search_term_string}"},"query-input":"required name=search_term_string"}],"inLanguage":"cs"},{"@type":"Organization","@id":"https:\/\/cinemahouse.cz\/#organization","name":"CINEMAHOUSE.cz","url":"https:\/\/cinemahouse.cz\/","logo":{"@type":"ImageObject","inLanguage":"cs","@id":"https:\/\/cinemahouse.cz\/#\/schema\/logo\/image\/","url":"https:\/\/cinemahouse.cz\/wp-content\/uploads\/2024\/12\/cropped-Logo_CinemaHouse.jpg","contentUrl":"https:\/\/cinemahouse.cz\/wp-content\/uploads\/2024\/12\/cropped-Logo_CinemaHouse.jpg","width":926,"height":467,"caption":"CINEMAHOUSE.cz"},"image":{"@id":"https:\/\/cinemahouse.cz\/#\/schema\/logo\/image\/"}},{"@type":"Person","@id":"https:\/\/cinemahouse.cz\/#\/schema\/person\/8e894bed58c7bf0d7b179ae61a79027e","name":"Martina Pechov\u00e1","image":{"@type":"ImageObject","inLanguage":"cs","@id":"https:\/\/cinemahouse.cz\/#\/schema\/person\/image\/","url":"https:\/\/secure.gravatar.com\/avatar\/d3ad7f43789eed68b221d01c6d7ac4e5?s=96&d=mm&r=g","contentUrl":"https:\/\/secure.gravatar.com\/avatar\/d3ad7f43789eed68b221d01c6d7ac4e5?s=96&d=mm&r=g","caption":"Martina Pechov\u00e1"},"sameAs":["http:\/\/CINEMAHOUSE.cz"],"url":"https:\/\/cinemahouse.cz\/index.php\/author\/marpech\/"}]}},"_links":{"self":[{"href":"https:\/\/cinemahouse.cz\/index.php\/wp-json\/wp\/v2\/posts\/10544"}],"collection":[{"href":"https:\/\/cinemahouse.cz\/index.php\/wp-json\/wp\/v2\/posts"}],"about":[{"href":"https:\/\/cinemahouse.cz\/index.php\/wp-json\/wp\/v2\/types\/post"}],"author":[{"embeddable":true,"href":"https:\/\/cinemahouse.cz\/index.php\/wp-json\/wp\/v2\/users\/7"}],"replies":[{"embeddable":true,"href":"https:\/\/cinemahouse.cz\/index.php\/wp-json\/wp\/v2\/comments?post=10544"}],"version-history":[{"count":2,"href":"https:\/\/cinemahouse.cz\/index.php\/wp-json\/wp\/v2\/posts\/10544\/revisions"}],"predecessor-version":[{"id":10583,"href":"https:\/\/cinemahouse.cz\/index.php\/wp-json\/wp\/v2\/posts\/10544\/revisions\/10583"}],"wp:featuredmedia":[{"embeddable":true,"href":"https:\/\/cinemahouse.cz\/index.php\/wp-json\/wp\/v2\/media\/10563"}],"wp:attachment":[{"href":"https:\/\/cinemahouse.cz\/index.php\/wp-json\/wp\/v2\/media?parent=10544"}],"wp:term":[{"taxonomy":"category","embeddable":true,"href":"https:\/\/cinemahouse.cz\/index.php\/wp-json\/wp\/v2\/categories?post=10544"},{"taxonomy":"post_tag","embeddable":true,"href":"https:\/\/cinemahouse.cz\/index.php\/wp-json\/wp\/v2\/tags?post=10544"}],"curies":[{"name":"wp","href":"https:\/\/api.w.org\/{rel}","templated":true}]}}