{"id":10522,"date":"2025-07-18T00:01:00","date_gmt":"2025-07-17T22:01:00","guid":{"rendered":"https:\/\/cinemahouse.cz\/?p=10522"},"modified":"2025-07-09T19:44:40","modified_gmt":"2025-07-09T17:44:40","slug":"prijemcem-filmoveho-stipendia-allwyn-residency-v-l-a-na-mff-kv-se-stal-simon-schneckenburger-z-nemecka","status":"publish","type":"post","link":"https:\/\/cinemahouse.cz\/index.php\/2025\/07\/18\/prijemcem-filmoveho-stipendia-allwyn-residency-v-l-a-na-mff-kv-se-stal-simon-schneckenburger-z-nemecka\/","title":{"rendered":"P\u0159\u00edjemcem filmov\u00e9ho stipendia Allwyn Residency v L.A. na MFF KV se stal Simon Schneckenburger z N\u011bmecka"},"content":{"rendered":"\n<div style=\"height:45px\" aria-hidden=\"true\" class=\"wp-block-spacer\"><\/div>\n\n\n\n<p class=\"has-medium-font-size\"><strong>European Film Promotion (EFP), Mezin\u00e1rodn\u00ed filmov\u00fd festival Karlovy Vary (MFF KV) a Allwyn, mezin\u00e1rodn\u00ed provozovatel loteri\u00ed, s hrdost\u00ed oznamuj\u00ed, \u017ee dr\u017eitelem filmov\u00e9ho stipendia v Los Angeles pro rok 2025, Allwyn Residency, ud\u011blovan\u00e9ho v r\u00e1mci programu EFP FUTURE FRAMES na MFF KV, se stal Simon Schneckenburger z N\u011bmecka.<\/strong><\/p>\n\n\n\n<div style=\"height:45px\" aria-hidden=\"true\" class=\"wp-block-spacer\"><\/div>\n\n\n<div class=\"wp-block-image\">\n<figure class=\"aligncenter size-large\"><img decoding=\"async\" loading=\"lazy\" width=\"1024\" height=\"682\" src=\"https:\/\/cinemahouse.cz\/wp-content\/uploads\/2025\/07\/JK_20250708_KVIFF_ALLWYN_FF_CEREMONY_JPGs_4000px_0002-1024x682.jpg\" alt=\"Simon Schneckenburger\" class=\"wp-image-10527\" srcset=\"https:\/\/cinemahouse.cz\/wp-content\/uploads\/2025\/07\/JK_20250708_KVIFF_ALLWYN_FF_CEREMONY_JPGs_4000px_0002-1024x682.jpg 1024w, https:\/\/cinemahouse.cz\/wp-content\/uploads\/2025\/07\/JK_20250708_KVIFF_ALLWYN_FF_CEREMONY_JPGs_4000px_0002-300x200.jpg 300w, https:\/\/cinemahouse.cz\/wp-content\/uploads\/2025\/07\/JK_20250708_KVIFF_ALLWYN_FF_CEREMONY_JPGs_4000px_0002-768x512.jpg 768w, https:\/\/cinemahouse.cz\/wp-content\/uploads\/2025\/07\/JK_20250708_KVIFF_ALLWYN_FF_CEREMONY_JPGs_4000px_0002-1536x1024.jpg 1536w, https:\/\/cinemahouse.cz\/wp-content\/uploads\/2025\/07\/JK_20250708_KVIFF_ALLWYN_FF_CEREMONY_JPGs_4000px_0002-2048x1365.jpg 2048w\" sizes=\"(max-width: 1024px) 100vw, 1024px\" \/><\/figure><\/div>\n\n\n<div style=\"height:45px\" aria-hidden=\"true\" class=\"wp-block-spacer\"><\/div>\n\n\n\n<p class=\"has-medium-font-size\">Simon Schneckenburger, jeden z&nbsp;deseti z&nbsp;leto\u0161n\u00edch \u00fa\u010dastn\u00edk\u016f programu EFP FUTURE FRAMES, je re\u017eis\u00e9rem, jeho\u017e tvorba se vyzna\u010duje v\u00fdrazn\u011b osobit\u00fdm rukopisem a inovativn\u00edm p\u0159\u00edstupem k&nbsp;sou\u010dasn\u00e9 filmov\u00e9 tvorb\u011b. Porotu zaujal s kr\u00e1tkometr\u00e1\u017en\u00edm sn\u00edmkem <strong>Skin on Skin.<\/strong><\/p>\n\n\n\n<p class=\"has-medium-font-size\">Stipendium je sou\u010d\u00e1st\u00ed <strong>Allwyn Residency<\/strong>, m\u011bs\u00ed\u010dn\u00edho programu profesn\u00edho rozvoje v Los Angeles, kter\u00fd je realizov\u00e1n ve spolupr\u00e1ci s&nbsp;talentovou agenturou<strong> UTA<\/strong> a <strong>Range Media Partners<\/strong>. \u00da\u010dast v programu poskytuje vybran\u00e9mu re\u017eis\u00e9rovi \u010di re\u017eis\u00e9rce jedine\u010dn\u00fd p\u0159\u00edstup do hollywoodsk\u00e9ho filmov\u00e9ho ekosyst\u00e9mu, a to d\u00edky individu\u00e1ln\u00edmu mentoringu, st\u00ednov\u00e1n\u00ed a specializovan\u00fdm \u0161kolen\u00edm. Program tak nab\u00edz\u00ed vz\u00e1cnou p\u0159\u00edle\u017eitost k&nbsp;\u010derp\u00e1n\u00ed zku\u0161enost\u00ed pod veden\u00edm p\u0159edn\u00edch osobnost\u00ed sv\u011btov\u00e9ho filmov\u00e9ho pr\u016fmyslu.<\/p>\n\n\n\n<p class=\"has-medium-font-size\">Program<strong> EFP FUTURE FRAMES<\/strong>, zalo\u017een\u00fd v roce 2015, se stal presti\u017en\u00ed evropskou platformou pro nastupuj\u00edc\u00ed generaci evropsk\u00fdch filma\u0159\u016f a filma\u0159ek. Ka\u017ed\u00fd rok je um\u011bleck\u00fdm \u0159editelem MFF KV Karlem Ochem a jeho t\u00fdmem vybr\u00e1no deset talentovan\u00fdch tv\u016frc\u016f, \u010derstv\u00fdch absolvent\u016f filmov\u00fdch \u0161kol, kter\u00e9 nominovaly n\u00e1rodn\u00ed filmov\u00e9 organizace pro podporu filmu (\u010dleny EFP). Krom\u011b projekc\u00ed sv\u00fdch d\u011bl se vybran\u00ed \u00fa\u010dastn\u00edci zapojuj\u00ed do kur\u00e1torsky veden\u00e9ho programu zam\u011b\u0159en\u00e9ho na propagaci, networking a navazov\u00e1n\u00ed profesn\u00edch kontakt\u016f.<\/p>\n\n\n\n<div style=\"height:45px\" aria-hidden=\"true\" class=\"wp-block-spacer\"><\/div>\n\n\n<div class=\"wp-block-image\">\n<figure class=\"aligncenter size-large\"><img decoding=\"async\" loading=\"lazy\" width=\"1024\" height=\"682\" src=\"https:\/\/cinemahouse.cz\/wp-content\/uploads\/2025\/07\/JK_20250708_KVIFF_ALLWYN_FF_CEREMONY_JPGs_4000px_0004-1024x682.jpg\" alt=\"Simon Schneckenburger\" class=\"wp-image-10523\" srcset=\"https:\/\/cinemahouse.cz\/wp-content\/uploads\/2025\/07\/JK_20250708_KVIFF_ALLWYN_FF_CEREMONY_JPGs_4000px_0004-1024x682.jpg 1024w, https:\/\/cinemahouse.cz\/wp-content\/uploads\/2025\/07\/JK_20250708_KVIFF_ALLWYN_FF_CEREMONY_JPGs_4000px_0004-300x200.jpg 300w, https:\/\/cinemahouse.cz\/wp-content\/uploads\/2025\/07\/JK_20250708_KVIFF_ALLWYN_FF_CEREMONY_JPGs_4000px_0004-768x512.jpg 768w, https:\/\/cinemahouse.cz\/wp-content\/uploads\/2025\/07\/JK_20250708_KVIFF_ALLWYN_FF_CEREMONY_JPGs_4000px_0004-1536x1024.jpg 1536w, https:\/\/cinemahouse.cz\/wp-content\/uploads\/2025\/07\/JK_20250708_KVIFF_ALLWYN_FF_CEREMONY_JPGs_4000px_0004-2048x1365.jpg 2048w\" sizes=\"(max-width: 1024px) 100vw, 1024px\" \/><\/figure><\/div>\n\n\n<div style=\"height:45px\" aria-hidden=\"true\" class=\"wp-block-spacer\"><\/div>\n\n\n\n<p class=\"has-medium-font-size\">EFP FUTURE FRAMES za dobu sv\u00e9 existence podpo\u0159il u\u017e <strong>v\u00edce ne\u017e sto mlad\u00fdch re\u017eis\u00e9r\u016f a re\u017eis\u00e9rek<\/strong> na jejich cest\u011b k mezin\u00e1rodn\u00ed kari\u00e9\u0159e. Spole\u010dnost Allwyn hraje od roku 2023 kl\u00ed\u010dovou roli pr\u00e1v\u011b v&nbsp;roz\u0161i\u0159ov\u00e1n\u00ed programu a jeho dopadu, zejm\u00e9na d\u00edky partnerstv\u00ed s UTA, Range Media Partners a MFF KV.<\/p>\n\n\n\n<p class=\"has-medium-font-size\"><strong>Robert Chv\u00e1tal, gener\u00e1ln\u00ed \u0159editel spole\u010dnosti Allwyn<\/strong>, uvedl: \u201eV prvn\u00ed \u0159ad\u011b chci srde\u010dn\u011b pogratulovat v\u0161em deseti \u00fa\u010dastn\u00edk\u016fm leto\u0161n\u00edho ro\u010dn\u00edku programu. V Allwyn v\u011b\u0159\u00edme, \u017ee p\u0159\u00edle\u017eitosti jsou tu pro ty, kte\u0159\u00ed se jich neboj\u00ed chopit, a p\u0159esn\u011b to tito mlad\u00ed filma\u0159i ud\u011blali. Ka\u017ed\u00fd z nich se naplno pono\u0159il do filmov\u00e9ho \u0159emesla a vytvo\u0159il d\u00edlo v\u00fdjime\u010dn\u00e9 kvality. Jejich p\u0159\u00edb\u011bhy n\u00e1m p\u0159ipom\u00ednaj\u00ed, jak siln\u00fdm n\u00e1strojem film m\u016f\u017ee b\u00fdt \u2013 dok\u00e1\u017ee inspirovat, spojovat a podn\u00edtit zm\u011bnu. A pr\u00e1v\u011b odvaha vyj\u00e1d\u0159it se skrze vlastn\u00ed tvorbu je t\u00edm, co d\u00e1v\u00e1 mlad\u00fdm filma\u0159\u016fm p\u0159\u00edle\u017eitost ud\u011blat re\u00e1lnou spole\u010denskou zm\u011bnu. Up\u0159\u00edmn\u011b gratuluji leto\u0161n\u00edmu stipendistovi Simonu Schneckenburgerovi a t\u011b\u0161\u00edm se, a\u017e budeme moci v p\u0159\u00ed\u0161t\u00edch letech sledovat, kam se jeho kari\u00e9ra i kari\u00e9ry jeho koleg\u016f budou d\u00e1l ub\u00edrat.\u201c<\/p>\n\n\n\n<p class=\"has-medium-font-size\">\u201eProgram EFP Future Frames m\u00e1 ji\u017e \u0159adu let pevn\u00e9 m\u00edsto v programu Mezin\u00e1rodn\u00edho filmov\u00e9ho festivalu Karlovy Vary a jsme velmi r\u00e1di, \u017ee i nad\u00e1le poskytuje platformu mlad\u00fdm talentovan\u00fdm evropsk\u00fdm filma\u0159\u016fm \u2013 nejen k prezentaci jejich tvorby, ale tak\u00e9 k setk\u00e1v\u00e1n\u00ed s renomovan\u00fdmi osobnostmi sv\u011btov\u00e9 kinematografie,\u201c \u0159\u00edk\u00e1 v\u00fdkonn\u00fd \u0159editel <strong>MFF KV Kry\u0161tof Mucha.<\/strong><\/p>\n\n\n\n<div style=\"height:45px\" aria-hidden=\"true\" class=\"wp-block-spacer\"><\/div>\n\n\n<div class=\"wp-block-image\">\n<figure class=\"aligncenter size-large\"><img decoding=\"async\" loading=\"lazy\" width=\"1024\" height=\"683\" src=\"https:\/\/cinemahouse.cz\/wp-content\/uploads\/2025\/07\/JK_20250708_KVIFF_ALLWYN_FF_CEREMONY_JPGs_4000px_0003-1024x683.jpg\" alt=\"Simon Schneckenburger\" class=\"wp-image-10526\" srcset=\"https:\/\/cinemahouse.cz\/wp-content\/uploads\/2025\/07\/JK_20250708_KVIFF_ALLWYN_FF_CEREMONY_JPGs_4000px_0003-1024x683.jpg 1024w, https:\/\/cinemahouse.cz\/wp-content\/uploads\/2025\/07\/JK_20250708_KVIFF_ALLWYN_FF_CEREMONY_JPGs_4000px_0003-300x200.jpg 300w, https:\/\/cinemahouse.cz\/wp-content\/uploads\/2025\/07\/JK_20250708_KVIFF_ALLWYN_FF_CEREMONY_JPGs_4000px_0003-768x512.jpg 768w, https:\/\/cinemahouse.cz\/wp-content\/uploads\/2025\/07\/JK_20250708_KVIFF_ALLWYN_FF_CEREMONY_JPGs_4000px_0003-1536x1024.jpg 1536w, https:\/\/cinemahouse.cz\/wp-content\/uploads\/2025\/07\/JK_20250708_KVIFF_ALLWYN_FF_CEREMONY_JPGs_4000px_0003-2048x1366.jpg 2048w\" sizes=\"(max-width: 1024px) 100vw, 1024px\" \/><\/figure><\/div>\n\n\n<div style=\"height:45px\" aria-hidden=\"true\" class=\"wp-block-spacer\"><\/div>\n\n\n\n<p class=\"has-medium-font-size\">\u201eGratulujeme leto\u0161n\u00edmu stipendistovi programu EFP Future Frames, Simonu Schneckenburgerovi, a v\u011b\u0159\u00edme, \u017ee v\u00fdjime\u010dn\u00fd pobyt v Los Angeles, kter\u00fd umo\u017enila spole\u010dnost Allwyn, bude dal\u0161\u00ed cennou p\u0159\u00edle\u017eitost\u00ed k rozvoji jeho tv\u016fr\u010d\u00edho talentu a nav\u00e1z\u00e1n\u00ed cenn\u00fdch kontakt\u016f ve filmov\u00e9m pr\u016fmyslu.\u201c<\/p>\n\n\n\n<p class=\"has-medium-font-size\">Jak podtrhuje<strong> Sonja Heinen, v\u00fdkonn\u00e1 \u0159editelka European Film Promotion<\/strong>, tato iniciativa pln\u011b odr\u00e1\u017e\u00ed dlouhodob\u00e9 posl\u00e1n\u00ed organizace EFP \u2013 podporovat mlad\u00e9 evropsk\u00e9 filma\u0159e na mezin\u00e1rodn\u00ed \u00farovni. \u201eT\u011b\u0161\u00ed n\u00e1s, \u017ee toto stipendium nejen oce\u0148uje v\u00fdjime\u010dn\u00e9 evropsk\u00e9 talenty, ale z\u00e1rove\u0148 posiluje tv\u016fr\u010d\u00ed v\u00fdm\u011bnu mezi Evropou a Severn\u00ed Amerikou. Vytv\u00e1\u0159\u00ed tak prostor pro nov\u00e9 formy dialogu, spolupr\u00e1ce i dlouhodob\u00fdch profesn\u00edch vazeb,\u201c uvedla.<\/p>\n\n\n\n<div style=\"height:45px\" aria-hidden=\"true\" class=\"wp-block-spacer\"><\/div>\n\n\n<div class=\"wp-block-image\">\n<figure class=\"aligncenter size-large\"><img decoding=\"async\" loading=\"lazy\" width=\"1024\" height=\"682\" src=\"https:\/\/cinemahouse.cz\/wp-content\/uploads\/2025\/07\/JK_20250708_KVIFF_ALLWYN_FF_CEREMONY_JPGs_4000px_0001-1024x682.jpg\" alt=\"Simon Schneckenburger\" class=\"wp-image-10525\" srcset=\"https:\/\/cinemahouse.cz\/wp-content\/uploads\/2025\/07\/JK_20250708_KVIFF_ALLWYN_FF_CEREMONY_JPGs_4000px_0001-1024x682.jpg 1024w, https:\/\/cinemahouse.cz\/wp-content\/uploads\/2025\/07\/JK_20250708_KVIFF_ALLWYN_FF_CEREMONY_JPGs_4000px_0001-300x200.jpg 300w, https:\/\/cinemahouse.cz\/wp-content\/uploads\/2025\/07\/JK_20250708_KVIFF_ALLWYN_FF_CEREMONY_JPGs_4000px_0001-768x512.jpg 768w, https:\/\/cinemahouse.cz\/wp-content\/uploads\/2025\/07\/JK_20250708_KVIFF_ALLWYN_FF_CEREMONY_JPGs_4000px_0001-1536x1024.jpg 1536w, https:\/\/cinemahouse.cz\/wp-content\/uploads\/2025\/07\/JK_20250708_KVIFF_ALLWYN_FF_CEREMONY_JPGs_4000px_0001-2048x1365.jpg 2048w\" sizes=\"(max-width: 1024px) 100vw, 1024px\" \/><\/figure><\/div>\n\n\n<div style=\"height:45px\" aria-hidden=\"true\" class=\"wp-block-spacer\"><\/div>\n\n\n\n<h2 class=\"wp-block-heading\">O p\u0159\u00edjemci Allwyn Residency 2025:<\/h2>\n\n\n\n<div style=\"height:21px\" aria-hidden=\"true\" class=\"wp-block-spacer\"><\/div>\n\n\n\n<p class=\"has-medium-font-size\">N\u011bmeck\u00fd re\u017eis\u00e9r Simon Schneckenburger je dr\u017eitelem ceny&nbsp;German Newcomer Film Award&nbsp;a absolventem Filmakademie Baden-W\u00fcrttemberg v oboru re\u017eie hran\u00e9ho filmu. Jeho prvn\u00ed studentsk\u00fd film&nbsp;Borzaya&nbsp;byl prom\u00edt\u00e1n na \u0159ad\u011b festival\u016f, mimo jin\u00e9 v Dr\u00e1\u017e\u010fanech a Bruselu, a nominov\u00e1n na&nbsp;Student Academy Awards. Absolventsk\u00fd sn\u00edmek&nbsp;Skin on Skin&nbsp;z\u00edskal nominaci na cenu&nbsp;Lola&nbsp;(German Film Awards) a cenu div\u00e1k\u016f na festivalu&nbsp;Max Oph\u00fcls Prize. D\u00e1le z\u00edskal&nbsp;Grand Prix Next Generation&nbsp;&amp; International Audience Award&nbsp;Next Generation Competition na&nbsp;Brussels Short Film Festival&nbsp;a cenu div\u00e1k\u016f International Fiction &amp; Documentary Competition na&nbsp;Vienna Shorts. Aktu\u00e1ln\u011b pracuje na sv\u00e9m debutov\u00e9m celove\u010dern\u00edm filmu a minis\u00e9rii.<\/p>\n\n\n\n<div style=\"height:45px\" aria-hidden=\"true\" class=\"wp-block-spacer\"><\/div>\n\n\n<div class=\"wp-block-image\">\n<figure class=\"aligncenter size-large\"><img decoding=\"async\" loading=\"lazy\" width=\"1024\" height=\"683\" src=\"https:\/\/cinemahouse.cz\/wp-content\/uploads\/2025\/07\/JK_20250708_KVIFF_ALLWYN_FF_CEREMONY_JPGs_4000px_0005-1024x683.jpg\" alt=\"Simon Schneckenburger\" class=\"wp-image-10524\" srcset=\"https:\/\/cinemahouse.cz\/wp-content\/uploads\/2025\/07\/JK_20250708_KVIFF_ALLWYN_FF_CEREMONY_JPGs_4000px_0005-1024x683.jpg 1024w, https:\/\/cinemahouse.cz\/wp-content\/uploads\/2025\/07\/JK_20250708_KVIFF_ALLWYN_FF_CEREMONY_JPGs_4000px_0005-300x200.jpg 300w, https:\/\/cinemahouse.cz\/wp-content\/uploads\/2025\/07\/JK_20250708_KVIFF_ALLWYN_FF_CEREMONY_JPGs_4000px_0005-768x512.jpg 768w, https:\/\/cinemahouse.cz\/wp-content\/uploads\/2025\/07\/JK_20250708_KVIFF_ALLWYN_FF_CEREMONY_JPGs_4000px_0005-1536x1024.jpg 1536w, https:\/\/cinemahouse.cz\/wp-content\/uploads\/2025\/07\/JK_20250708_KVIFF_ALLWYN_FF_CEREMONY_JPGs_4000px_0005-2048x1366.jpg 2048w\" sizes=\"(max-width: 1024px) 100vw, 1024px\" \/><\/figure><\/div>\n\n\n<div style=\"height:45px\" aria-hidden=\"true\" class=\"wp-block-spacer\"><\/div>\n\n\n\n<h2 class=\"wp-block-heading\">Leto\u0161n\u00ed \u00fa\u010dastn\u00edci programu EFP FUTURE FRAMES 2025 a jejich filmy:<\/h2>\n\n\n\n<div style=\"height:21px\" aria-hidden=\"true\" class=\"wp-block-spacer\"><\/div>\n\n\n\n<ul>\n<li class=\"has-medium-font-size\">Belgie: Mila Ryngaert \u2013 Karaokiss (IAD \u2013 Institut des Arts de Diffusion)<\/li>\n\n\n\n<li class=\"has-medium-font-size\">\u010cesk\u00e1 republika: Ter\u00e9zia Halamov\u00e1 \u2013 Dog and Wolf (FAMU Prague)<\/li>\n\n\n\n<li class=\"has-medium-font-size\">Finsko: Veera Lamminp\u00e4\u00e4 \u2013 Fish River Anthology (ELO Film School Finland \/ Aalto<\/li>\n<\/ul>\n\n\n\n<div style=\"height:45px\" aria-hidden=\"true\" class=\"wp-block-spacer\"><\/div>\n\n\n\n<h2 class=\"wp-block-heading\">University \u2013 School of Arts, Design and Architecture)<\/h2>\n\n\n\n<div style=\"height:21px\" aria-hidden=\"true\" class=\"wp-block-spacer\"><\/div>\n\n\n\n<ul>\n<li class=\"has-medium-font-size\">N\u011bmecko: Simon Schneckenburger \u2013 Skin on Skin (Filmakademie Baden-W\u00fcrttemberg)<\/li>\n\n\n\n<li class=\"has-medium-font-size\">Irsko: Ruair\u00ed Bradley \u2013 We Beg To Differ (IADT \u2013 Institute of Art, Design and Technology)<\/li>\n\n\n\n<li class=\"has-medium-font-size\">Nizozemsko: Jetske Lieber \u2013 January (Netherlands Film Academy, NFA)<\/li>\n\n\n\n<li class=\"has-medium-font-size\">Polsko: Dominik Mirecki \u2013 Son of Happiness (Warsaw Film School)<\/li>\n\n\n\n<li class=\"has-medium-font-size\">Slovensko: Jan Krevatin \u2013 Greek Apricots (Academy of Dramatic Art, University of Zagreb)<\/li>\n\n\n\n<li class=\"has-medium-font-size\">\u0160pan\u011blsko: Nausica Serra \u2013 Dissection of an Incoherence in Crisis (ESCAC \u2013 Escola Superior de Cinema i Audiovisuals de Catalunya)<\/li>\n\n\n\n<li class=\"has-medium-font-size\">\u0160v\u00fdcarsko: Sinan Taner \u2013 1:10 (ZHdK \u2013 Zurich University of the Arts)<\/li>\n<\/ul>\n\n\n\n<div style=\"height:45px\" aria-hidden=\"true\" class=\"wp-block-spacer\"><\/div>\n\n\n\n<p class=\"has-medium-font-size\">Rezidence Allwyn byla letos ud\u011blena ji\u017e pot\u0159et\u00ed v \u0159ad\u011b. V minul\u00fdch letech stipendium z\u00edskali d\u00e1n\u0161t\u00ed filma\u0159i Amalie Maria Nielsen a William Sehested Hoeg.<\/p>\n\n\n\n<div style=\"height:45px\" aria-hidden=\"true\" class=\"wp-block-spacer\"><\/div>\n\n\n\n<figure class=\"wp-block-gallery has-nested-images columns-2 is-cropped wp-block-gallery-1 is-layout-flex wp-block-gallery-is-layout-flex\">\n<figure class=\"wp-block-image size-large\"><img decoding=\"async\" loading=\"lazy\" width=\"1024\" height=\"682\" data-id=\"10527\" src=\"https:\/\/cinemahouse.cz\/wp-content\/uploads\/2025\/07\/JK_20250708_KVIFF_ALLWYN_FF_CEREMONY_JPGs_4000px_0002-1024x682.jpg\" alt=\"Simon Schneckenburger\" class=\"wp-image-10527\" srcset=\"https:\/\/cinemahouse.cz\/wp-content\/uploads\/2025\/07\/JK_20250708_KVIFF_ALLWYN_FF_CEREMONY_JPGs_4000px_0002-1024x682.jpg 1024w, https:\/\/cinemahouse.cz\/wp-content\/uploads\/2025\/07\/JK_20250708_KVIFF_ALLWYN_FF_CEREMONY_JPGs_4000px_0002-300x200.jpg 300w, https:\/\/cinemahouse.cz\/wp-content\/uploads\/2025\/07\/JK_20250708_KVIFF_ALLWYN_FF_CEREMONY_JPGs_4000px_0002-768x512.jpg 768w, https:\/\/cinemahouse.cz\/wp-content\/uploads\/2025\/07\/JK_20250708_KVIFF_ALLWYN_FF_CEREMONY_JPGs_4000px_0002-1536x1024.jpg 1536w, https:\/\/cinemahouse.cz\/wp-content\/uploads\/2025\/07\/JK_20250708_KVIFF_ALLWYN_FF_CEREMONY_JPGs_4000px_0002-2048x1365.jpg 2048w\" sizes=\"(max-width: 1024px) 100vw, 1024px\" \/><\/figure>\n\n\n\n<figure class=\"wp-block-image size-large\"><img decoding=\"async\" loading=\"lazy\" width=\"1024\" height=\"682\" data-id=\"10525\" src=\"https:\/\/cinemahouse.cz\/wp-content\/uploads\/2025\/07\/JK_20250708_KVIFF_ALLWYN_FF_CEREMONY_JPGs_4000px_0001-1024x682.jpg\" alt=\"Simon Schneckenburger\" class=\"wp-image-10525\" srcset=\"https:\/\/cinemahouse.cz\/wp-content\/uploads\/2025\/07\/JK_20250708_KVIFF_ALLWYN_FF_CEREMONY_JPGs_4000px_0001-1024x682.jpg 1024w, https:\/\/cinemahouse.cz\/wp-content\/uploads\/2025\/07\/JK_20250708_KVIFF_ALLWYN_FF_CEREMONY_JPGs_4000px_0001-300x200.jpg 300w, https:\/\/cinemahouse.cz\/wp-content\/uploads\/2025\/07\/JK_20250708_KVIFF_ALLWYN_FF_CEREMONY_JPGs_4000px_0001-768x512.jpg 768w, https:\/\/cinemahouse.cz\/wp-content\/uploads\/2025\/07\/JK_20250708_KVIFF_ALLWYN_FF_CEREMONY_JPGs_4000px_0001-1536x1024.jpg 1536w, https:\/\/cinemahouse.cz\/wp-content\/uploads\/2025\/07\/JK_20250708_KVIFF_ALLWYN_FF_CEREMONY_JPGs_4000px_0001-2048x1365.jpg 2048w\" sizes=\"(max-width: 1024px) 100vw, 1024px\" \/><\/figure>\n\n\n\n<figure class=\"wp-block-image size-large\"><img decoding=\"async\" loading=\"lazy\" width=\"1024\" height=\"682\" data-id=\"10523\" src=\"https:\/\/cinemahouse.cz\/wp-content\/uploads\/2025\/07\/JK_20250708_KVIFF_ALLWYN_FF_CEREMONY_JPGs_4000px_0004-1024x682.jpg\" alt=\"Simon Schneckenburger\" class=\"wp-image-10523\" srcset=\"https:\/\/cinemahouse.cz\/wp-content\/uploads\/2025\/07\/JK_20250708_KVIFF_ALLWYN_FF_CEREMONY_JPGs_4000px_0004-1024x682.jpg 1024w, https:\/\/cinemahouse.cz\/wp-content\/uploads\/2025\/07\/JK_20250708_KVIFF_ALLWYN_FF_CEREMONY_JPGs_4000px_0004-300x200.jpg 300w, https:\/\/cinemahouse.cz\/wp-content\/uploads\/2025\/07\/JK_20250708_KVIFF_ALLWYN_FF_CEREMONY_JPGs_4000px_0004-768x512.jpg 768w, https:\/\/cinemahouse.cz\/wp-content\/uploads\/2025\/07\/JK_20250708_KVIFF_ALLWYN_FF_CEREMONY_JPGs_4000px_0004-1536x1024.jpg 1536w, https:\/\/cinemahouse.cz\/wp-content\/uploads\/2025\/07\/JK_20250708_KVIFF_ALLWYN_FF_CEREMONY_JPGs_4000px_0004-2048x1365.jpg 2048w\" sizes=\"(max-width: 1024px) 100vw, 1024px\" \/><\/figure>\n\n\n\n<figure class=\"wp-block-image size-large\"><img decoding=\"async\" loading=\"lazy\" width=\"1024\" height=\"683\" data-id=\"10526\" src=\"https:\/\/cinemahouse.cz\/wp-content\/uploads\/2025\/07\/JK_20250708_KVIFF_ALLWYN_FF_CEREMONY_JPGs_4000px_0003-1024x683.jpg\" alt=\"Simon Schneckenburger\" class=\"wp-image-10526\" srcset=\"https:\/\/cinemahouse.cz\/wp-content\/uploads\/2025\/07\/JK_20250708_KVIFF_ALLWYN_FF_CEREMONY_JPGs_4000px_0003-1024x683.jpg 1024w, https:\/\/cinemahouse.cz\/wp-content\/uploads\/2025\/07\/JK_20250708_KVIFF_ALLWYN_FF_CEREMONY_JPGs_4000px_0003-300x200.jpg 300w, https:\/\/cinemahouse.cz\/wp-content\/uploads\/2025\/07\/JK_20250708_KVIFF_ALLWYN_FF_CEREMONY_JPGs_4000px_0003-768x512.jpg 768w, https:\/\/cinemahouse.cz\/wp-content\/uploads\/2025\/07\/JK_20250708_KVIFF_ALLWYN_FF_CEREMONY_JPGs_4000px_0003-1536x1024.jpg 1536w, https:\/\/cinemahouse.cz\/wp-content\/uploads\/2025\/07\/JK_20250708_KVIFF_ALLWYN_FF_CEREMONY_JPGs_4000px_0003-2048x1366.jpg 2048w\" sizes=\"(max-width: 1024px) 100vw, 1024px\" \/><\/figure>\n\n\n\n<figure class=\"wp-block-image size-large\"><img decoding=\"async\" loading=\"lazy\" width=\"1024\" height=\"683\" data-id=\"10524\" src=\"https:\/\/cinemahouse.cz\/wp-content\/uploads\/2025\/07\/JK_20250708_KVIFF_ALLWYN_FF_CEREMONY_JPGs_4000px_0005-1024x683.jpg\" alt=\"Simon Schneckenburger\" class=\"wp-image-10524\" srcset=\"https:\/\/cinemahouse.cz\/wp-content\/uploads\/2025\/07\/JK_20250708_KVIFF_ALLWYN_FF_CEREMONY_JPGs_4000px_0005-1024x683.jpg 1024w, https:\/\/cinemahouse.cz\/wp-content\/uploads\/2025\/07\/JK_20250708_KVIFF_ALLWYN_FF_CEREMONY_JPGs_4000px_0005-300x200.jpg 300w, https:\/\/cinemahouse.cz\/wp-content\/uploads\/2025\/07\/JK_20250708_KVIFF_ALLWYN_FF_CEREMONY_JPGs_4000px_0005-768x512.jpg 768w, https:\/\/cinemahouse.cz\/wp-content\/uploads\/2025\/07\/JK_20250708_KVIFF_ALLWYN_FF_CEREMONY_JPGs_4000px_0005-1536x1024.jpg 1536w, https:\/\/cinemahouse.cz\/wp-content\/uploads\/2025\/07\/JK_20250708_KVIFF_ALLWYN_FF_CEREMONY_JPGs_4000px_0005-2048x1366.jpg 2048w\" sizes=\"(max-width: 1024px) 100vw, 1024px\" \/><\/figure>\n<\/figure>\n\n\n\n<div style=\"height:45px\" aria-hidden=\"true\" class=\"wp-block-spacer\"><\/div>\n\n\n\n<p class=\"has-medium-font-size\"><strong>Zdroj foto:<\/strong>&nbsp;Allwyn<\/p>\n\n\n\n<div style=\"height:45px\" aria-hidden=\"true\" class=\"wp-block-spacer\"><\/div>\n","protected":false},"excerpt":{"rendered":"<p>European Film Promotion (EFP), Mezin\u00e1rodn\u00ed filmov\u00fd festival Karlovy Vary (MFF KV) a Allwyn, mezin\u00e1rodn\u00ed provozovatel loteri\u00ed, s hrdost\u00ed oznamuj\u00ed, \u017ee dr\u017eitelem filmov\u00e9ho stipendia v Los Angeles pro rok 2025, Allwyn Residency, ud\u011blovan\u00e9ho v r\u00e1mci&#46;&#46;&#46;<\/p>\n","protected":false},"author":7,"featured_media":10527,"comment_status":"closed","ping_status":"closed","sticky":false,"template":"","format":"standard","meta":{"_monsterinsights_skip_tracking":false,"_monsterinsights_sitenote_active":false,"_monsterinsights_sitenote_note":"","_monsterinsights_sitenote_category":0,"footnotes":""},"categories":[3,12,2,13],"tags":[],"yoast_head":"<!-- This site is optimized with the Yoast SEO plugin v21.4 - https:\/\/yoast.com\/wordpress\/plugins\/seo\/ -->\n<title>P\u0159\u00edjemcem filmov\u00e9ho stipendia Allwyn Residency v L.A. na MFF KV se stal Simon Schneckenburger z N\u011bmecka - CINEMAHOUSE.cz<\/title>\n<meta name=\"description\" content=\"European Film Promotion (EFP), Mezin\u00e1rodn\u00ed filmov\u00fd festival Karlovy Vary (MFF KV) a Allwyn, mezin\u00e1rodn\u00ed provozovatel loteri\u00ed...\" \/>\n<meta name=\"robots\" content=\"index, follow, max-snippet:-1, max-image-preview:large, max-video-preview:-1\" \/>\n<link rel=\"canonical\" href=\"https:\/\/cinemahouse.cz\/index.php\/2025\/07\/18\/prijemcem-filmoveho-stipendia-allwyn-residency-v-l-a-na-mff-kv-se-stal-simon-schneckenburger-z-nemecka\/\" \/>\n<meta property=\"og:locale\" content=\"cs_CZ\" \/>\n<meta property=\"og:type\" content=\"article\" \/>\n<meta property=\"og:title\" content=\"P\u0159\u00edjemcem filmov\u00e9ho stipendia Allwyn Residency v L.A. na MFF KV se stal Simon Schneckenburger z N\u011bmecka - CINEMAHOUSE.cz\" \/>\n<meta property=\"og:description\" content=\"European Film Promotion (EFP), Mezin\u00e1rodn\u00ed filmov\u00fd festival Karlovy Vary (MFF KV) a Allwyn, mezin\u00e1rodn\u00ed provozovatel loteri\u00ed...\" \/>\n<meta property=\"og:url\" content=\"https:\/\/cinemahouse.cz\/index.php\/2025\/07\/18\/prijemcem-filmoveho-stipendia-allwyn-residency-v-l-a-na-mff-kv-se-stal-simon-schneckenburger-z-nemecka\/\" \/>\n<meta property=\"og:site_name\" content=\"CINEMAHOUSE.cz\" \/>\n<meta property=\"article:published_time\" content=\"2025-07-17T22:01:00+00:00\" \/>\n<meta property=\"article:modified_time\" content=\"2025-07-09T17:44:40+00:00\" \/>\n<meta property=\"og:image\" content=\"https:\/\/cinemahouse.cz\/wp-content\/uploads\/2025\/07\/JK_20250708_KVIFF_ALLWYN_FF_CEREMONY_JPGs_4000px_0002-scaled.jpg\" \/>\n\t<meta property=\"og:image:width\" content=\"2560\" \/>\n\t<meta property=\"og:image:height\" content=\"1706\" \/>\n\t<meta property=\"og:image:type\" content=\"image\/jpeg\" \/>\n<meta name=\"author\" content=\"Martina Pechov\u00e1\" \/>\n<meta name=\"twitter:card\" content=\"summary_large_image\" \/>\n<meta name=\"twitter:label1\" content=\"Napsal(a)\" \/>\n\t<meta name=\"twitter:data1\" content=\"Martina Pechov\u00e1\" \/>\n\t<meta name=\"twitter:label2\" content=\"Odhadovan\u00e1 doba \u010dten\u00ed\" \/>\n\t<meta name=\"twitter:data2\" content=\"7 minut\" \/>\n<script type=\"application\/ld+json\" class=\"yoast-schema-graph\">{\"@context\":\"https:\/\/schema.org\",\"@graph\":[{\"@type\":\"Article\",\"@id\":\"https:\/\/cinemahouse.cz\/index.php\/2025\/07\/18\/prijemcem-filmoveho-stipendia-allwyn-residency-v-l-a-na-mff-kv-se-stal-simon-schneckenburger-z-nemecka\/#article\",\"isPartOf\":{\"@id\":\"https:\/\/cinemahouse.cz\/index.php\/2025\/07\/18\/prijemcem-filmoveho-stipendia-allwyn-residency-v-l-a-na-mff-kv-se-stal-simon-schneckenburger-z-nemecka\/\"},\"author\":{\"name\":\"Martina Pechov\u00e1\",\"@id\":\"https:\/\/cinemahouse.cz\/#\/schema\/person\/8e894bed58c7bf0d7b179ae61a79027e\"},\"headline\":\"P\u0159\u00edjemcem filmov\u00e9ho stipendia Allwyn Residency v L.A. na MFF KV se stal Simon Schneckenburger z N\u011bmecka\",\"datePublished\":\"2025-07-17T22:01:00+00:00\",\"dateModified\":\"2025-07-09T17:44:40+00:00\",\"mainEntityOfPage\":{\"@id\":\"https:\/\/cinemahouse.cz\/index.php\/2025\/07\/18\/prijemcem-filmoveho-stipendia-allwyn-residency-v-l-a-na-mff-kv-se-stal-simon-schneckenburger-z-nemecka\/\"},\"wordCount\":1066,\"publisher\":{\"@id\":\"https:\/\/cinemahouse.cz\/#organization\"},\"articleSection\":[\"FILMOV\u00c9 NOVINKY\",\"FILMY, SERI\u00c1LY a TV\",\"NEWS\",\"TIPY a TRENDY\"],\"inLanguage\":\"cs\"},{\"@type\":\"WebPage\",\"@id\":\"https:\/\/cinemahouse.cz\/index.php\/2025\/07\/18\/prijemcem-filmoveho-stipendia-allwyn-residency-v-l-a-na-mff-kv-se-stal-simon-schneckenburger-z-nemecka\/\",\"url\":\"https:\/\/cinemahouse.cz\/index.php\/2025\/07\/18\/prijemcem-filmoveho-stipendia-allwyn-residency-v-l-a-na-mff-kv-se-stal-simon-schneckenburger-z-nemecka\/\",\"name\":\"P\u0159\u00edjemcem filmov\u00e9ho stipendia Allwyn Residency v L.A. na MFF KV se stal Simon Schneckenburger z N\u011bmecka - CINEMAHOUSE.cz\",\"isPartOf\":{\"@id\":\"https:\/\/cinemahouse.cz\/#website\"},\"datePublished\":\"2025-07-17T22:01:00+00:00\",\"dateModified\":\"2025-07-09T17:44:40+00:00\",\"description\":\"European Film Promotion (EFP), Mezin\u00e1rodn\u00ed filmov\u00fd festival Karlovy Vary (MFF KV) a Allwyn, mezin\u00e1rodn\u00ed provozovatel loteri\u00ed...\",\"breadcrumb\":{\"@id\":\"https:\/\/cinemahouse.cz\/index.php\/2025\/07\/18\/prijemcem-filmoveho-stipendia-allwyn-residency-v-l-a-na-mff-kv-se-stal-simon-schneckenburger-z-nemecka\/#breadcrumb\"},\"inLanguage\":\"cs\",\"potentialAction\":[{\"@type\":\"ReadAction\",\"target\":[\"https:\/\/cinemahouse.cz\/index.php\/2025\/07\/18\/prijemcem-filmoveho-stipendia-allwyn-residency-v-l-a-na-mff-kv-se-stal-simon-schneckenburger-z-nemecka\/\"]}]},{\"@type\":\"BreadcrumbList\",\"@id\":\"https:\/\/cinemahouse.cz\/index.php\/2025\/07\/18\/prijemcem-filmoveho-stipendia-allwyn-residency-v-l-a-na-mff-kv-se-stal-simon-schneckenburger-z-nemecka\/#breadcrumb\",\"itemListElement\":[{\"@type\":\"ListItem\",\"position\":1,\"name\":\"Dom\u016f\",\"item\":\"https:\/\/cinemahouse.cz\/\"},{\"@type\":\"ListItem\",\"position\":2,\"name\":\"P\u0159\u00edjemcem filmov\u00e9ho stipendia Allwyn Residency v L.A. na MFF KV se stal Simon Schneckenburger z N\u011bmecka\"}]},{\"@type\":\"WebSite\",\"@id\":\"https:\/\/cinemahouse.cz\/#website\",\"url\":\"https:\/\/cinemahouse.cz\/\",\"name\":\"CINEMAHOUSE.cz\",\"description\":\"Port\u00e1l o filmov\u00fdch novink\u00e1ch\",\"publisher\":{\"@id\":\"https:\/\/cinemahouse.cz\/#organization\"},\"potentialAction\":[{\"@type\":\"SearchAction\",\"target\":{\"@type\":\"EntryPoint\",\"urlTemplate\":\"https:\/\/cinemahouse.cz\/?s={search_term_string}\"},\"query-input\":\"required name=search_term_string\"}],\"inLanguage\":\"cs\"},{\"@type\":\"Organization\",\"@id\":\"https:\/\/cinemahouse.cz\/#organization\",\"name\":\"CINEMAHOUSE.cz\",\"url\":\"https:\/\/cinemahouse.cz\/\",\"logo\":{\"@type\":\"ImageObject\",\"inLanguage\":\"cs\",\"@id\":\"https:\/\/cinemahouse.cz\/#\/schema\/logo\/image\/\",\"url\":\"https:\/\/cinemahouse.cz\/wp-content\/uploads\/2024\/12\/cropped-Logo_CinemaHouse.jpg\",\"contentUrl\":\"https:\/\/cinemahouse.cz\/wp-content\/uploads\/2024\/12\/cropped-Logo_CinemaHouse.jpg\",\"width\":926,\"height\":467,\"caption\":\"CINEMAHOUSE.cz\"},\"image\":{\"@id\":\"https:\/\/cinemahouse.cz\/#\/schema\/logo\/image\/\"}},{\"@type\":\"Person\",\"@id\":\"https:\/\/cinemahouse.cz\/#\/schema\/person\/8e894bed58c7bf0d7b179ae61a79027e\",\"name\":\"Martina Pechov\u00e1\",\"image\":{\"@type\":\"ImageObject\",\"inLanguage\":\"cs\",\"@id\":\"https:\/\/cinemahouse.cz\/#\/schema\/person\/image\/\",\"url\":\"https:\/\/secure.gravatar.com\/avatar\/d3ad7f43789eed68b221d01c6d7ac4e5?s=96&d=mm&r=g\",\"contentUrl\":\"https:\/\/secure.gravatar.com\/avatar\/d3ad7f43789eed68b221d01c6d7ac4e5?s=96&d=mm&r=g\",\"caption\":\"Martina Pechov\u00e1\"},\"sameAs\":[\"http:\/\/CINEMAHOUSE.cz\"],\"url\":\"https:\/\/cinemahouse.cz\/index.php\/author\/marpech\/\"}]}<\/script>\n<!-- \/ Yoast SEO plugin. -->","yoast_head_json":{"title":"P\u0159\u00edjemcem filmov\u00e9ho stipendia Allwyn Residency v L.A. na MFF KV se stal Simon Schneckenburger z N\u011bmecka - CINEMAHOUSE.cz","description":"European Film Promotion (EFP), Mezin\u00e1rodn\u00ed filmov\u00fd festival Karlovy Vary (MFF KV) a Allwyn, mezin\u00e1rodn\u00ed provozovatel loteri\u00ed...","robots":{"index":"index","follow":"follow","max-snippet":"max-snippet:-1","max-image-preview":"max-image-preview:large","max-video-preview":"max-video-preview:-1"},"canonical":"https:\/\/cinemahouse.cz\/index.php\/2025\/07\/18\/prijemcem-filmoveho-stipendia-allwyn-residency-v-l-a-na-mff-kv-se-stal-simon-schneckenburger-z-nemecka\/","og_locale":"cs_CZ","og_type":"article","og_title":"P\u0159\u00edjemcem filmov\u00e9ho stipendia Allwyn Residency v L.A. na MFF KV se stal Simon Schneckenburger z N\u011bmecka - CINEMAHOUSE.cz","og_description":"European Film Promotion (EFP), Mezin\u00e1rodn\u00ed filmov\u00fd festival Karlovy Vary (MFF KV) a Allwyn, mezin\u00e1rodn\u00ed provozovatel loteri\u00ed...","og_url":"https:\/\/cinemahouse.cz\/index.php\/2025\/07\/18\/prijemcem-filmoveho-stipendia-allwyn-residency-v-l-a-na-mff-kv-se-stal-simon-schneckenburger-z-nemecka\/","og_site_name":"CINEMAHOUSE.cz","article_published_time":"2025-07-17T22:01:00+00:00","article_modified_time":"2025-07-09T17:44:40+00:00","og_image":[{"width":2560,"height":1706,"url":"https:\/\/cinemahouse.cz\/wp-content\/uploads\/2025\/07\/JK_20250708_KVIFF_ALLWYN_FF_CEREMONY_JPGs_4000px_0002-scaled.jpg","type":"image\/jpeg"}],"author":"Martina Pechov\u00e1","twitter_card":"summary_large_image","twitter_misc":{"Napsal(a)":"Martina Pechov\u00e1","Odhadovan\u00e1 doba \u010dten\u00ed":"7 minut"},"schema":{"@context":"https:\/\/schema.org","@graph":[{"@type":"Article","@id":"https:\/\/cinemahouse.cz\/index.php\/2025\/07\/18\/prijemcem-filmoveho-stipendia-allwyn-residency-v-l-a-na-mff-kv-se-stal-simon-schneckenburger-z-nemecka\/#article","isPartOf":{"@id":"https:\/\/cinemahouse.cz\/index.php\/2025\/07\/18\/prijemcem-filmoveho-stipendia-allwyn-residency-v-l-a-na-mff-kv-se-stal-simon-schneckenburger-z-nemecka\/"},"author":{"name":"Martina Pechov\u00e1","@id":"https:\/\/cinemahouse.cz\/#\/schema\/person\/8e894bed58c7bf0d7b179ae61a79027e"},"headline":"P\u0159\u00edjemcem filmov\u00e9ho stipendia Allwyn Residency v L.A. na MFF KV se stal Simon Schneckenburger z N\u011bmecka","datePublished":"2025-07-17T22:01:00+00:00","dateModified":"2025-07-09T17:44:40+00:00","mainEntityOfPage":{"@id":"https:\/\/cinemahouse.cz\/index.php\/2025\/07\/18\/prijemcem-filmoveho-stipendia-allwyn-residency-v-l-a-na-mff-kv-se-stal-simon-schneckenburger-z-nemecka\/"},"wordCount":1066,"publisher":{"@id":"https:\/\/cinemahouse.cz\/#organization"},"articleSection":["FILMOV\u00c9 NOVINKY","FILMY, SERI\u00c1LY a TV","NEWS","TIPY a TRENDY"],"inLanguage":"cs"},{"@type":"WebPage","@id":"https:\/\/cinemahouse.cz\/index.php\/2025\/07\/18\/prijemcem-filmoveho-stipendia-allwyn-residency-v-l-a-na-mff-kv-se-stal-simon-schneckenburger-z-nemecka\/","url":"https:\/\/cinemahouse.cz\/index.php\/2025\/07\/18\/prijemcem-filmoveho-stipendia-allwyn-residency-v-l-a-na-mff-kv-se-stal-simon-schneckenburger-z-nemecka\/","name":"P\u0159\u00edjemcem filmov\u00e9ho stipendia Allwyn Residency v L.A. na MFF KV se stal Simon Schneckenburger z N\u011bmecka - CINEMAHOUSE.cz","isPartOf":{"@id":"https:\/\/cinemahouse.cz\/#website"},"datePublished":"2025-07-17T22:01:00+00:00","dateModified":"2025-07-09T17:44:40+00:00","description":"European Film Promotion (EFP), Mezin\u00e1rodn\u00ed filmov\u00fd festival Karlovy Vary (MFF KV) a Allwyn, mezin\u00e1rodn\u00ed provozovatel loteri\u00ed...","breadcrumb":{"@id":"https:\/\/cinemahouse.cz\/index.php\/2025\/07\/18\/prijemcem-filmoveho-stipendia-allwyn-residency-v-l-a-na-mff-kv-se-stal-simon-schneckenburger-z-nemecka\/#breadcrumb"},"inLanguage":"cs","potentialAction":[{"@type":"ReadAction","target":["https:\/\/cinemahouse.cz\/index.php\/2025\/07\/18\/prijemcem-filmoveho-stipendia-allwyn-residency-v-l-a-na-mff-kv-se-stal-simon-schneckenburger-z-nemecka\/"]}]},{"@type":"BreadcrumbList","@id":"https:\/\/cinemahouse.cz\/index.php\/2025\/07\/18\/prijemcem-filmoveho-stipendia-allwyn-residency-v-l-a-na-mff-kv-se-stal-simon-schneckenburger-z-nemecka\/#breadcrumb","itemListElement":[{"@type":"ListItem","position":1,"name":"Dom\u016f","item":"https:\/\/cinemahouse.cz\/"},{"@type":"ListItem","position":2,"name":"P\u0159\u00edjemcem filmov\u00e9ho stipendia Allwyn Residency v L.A. na MFF KV se stal Simon Schneckenburger z N\u011bmecka"}]},{"@type":"WebSite","@id":"https:\/\/cinemahouse.cz\/#website","url":"https:\/\/cinemahouse.cz\/","name":"CINEMAHOUSE.cz","description":"Port\u00e1l o filmov\u00fdch novink\u00e1ch","publisher":{"@id":"https:\/\/cinemahouse.cz\/#organization"},"potentialAction":[{"@type":"SearchAction","target":{"@type":"EntryPoint","urlTemplate":"https:\/\/cinemahouse.cz\/?s={search_term_string}"},"query-input":"required name=search_term_string"}],"inLanguage":"cs"},{"@type":"Organization","@id":"https:\/\/cinemahouse.cz\/#organization","name":"CINEMAHOUSE.cz","url":"https:\/\/cinemahouse.cz\/","logo":{"@type":"ImageObject","inLanguage":"cs","@id":"https:\/\/cinemahouse.cz\/#\/schema\/logo\/image\/","url":"https:\/\/cinemahouse.cz\/wp-content\/uploads\/2024\/12\/cropped-Logo_CinemaHouse.jpg","contentUrl":"https:\/\/cinemahouse.cz\/wp-content\/uploads\/2024\/12\/cropped-Logo_CinemaHouse.jpg","width":926,"height":467,"caption":"CINEMAHOUSE.cz"},"image":{"@id":"https:\/\/cinemahouse.cz\/#\/schema\/logo\/image\/"}},{"@type":"Person","@id":"https:\/\/cinemahouse.cz\/#\/schema\/person\/8e894bed58c7bf0d7b179ae61a79027e","name":"Martina Pechov\u00e1","image":{"@type":"ImageObject","inLanguage":"cs","@id":"https:\/\/cinemahouse.cz\/#\/schema\/person\/image\/","url":"https:\/\/secure.gravatar.com\/avatar\/d3ad7f43789eed68b221d01c6d7ac4e5?s=96&d=mm&r=g","contentUrl":"https:\/\/secure.gravatar.com\/avatar\/d3ad7f43789eed68b221d01c6d7ac4e5?s=96&d=mm&r=g","caption":"Martina Pechov\u00e1"},"sameAs":["http:\/\/CINEMAHOUSE.cz"],"url":"https:\/\/cinemahouse.cz\/index.php\/author\/marpech\/"}]}},"_links":{"self":[{"href":"https:\/\/cinemahouse.cz\/index.php\/wp-json\/wp\/v2\/posts\/10522"}],"collection":[{"href":"https:\/\/cinemahouse.cz\/index.php\/wp-json\/wp\/v2\/posts"}],"about":[{"href":"https:\/\/cinemahouse.cz\/index.php\/wp-json\/wp\/v2\/types\/post"}],"author":[{"embeddable":true,"href":"https:\/\/cinemahouse.cz\/index.php\/wp-json\/wp\/v2\/users\/7"}],"replies":[{"embeddable":true,"href":"https:\/\/cinemahouse.cz\/index.php\/wp-json\/wp\/v2\/comments?post=10522"}],"version-history":[{"count":2,"href":"https:\/\/cinemahouse.cz\/index.php\/wp-json\/wp\/v2\/posts\/10522\/revisions"}],"predecessor-version":[{"id":10529,"href":"https:\/\/cinemahouse.cz\/index.php\/wp-json\/wp\/v2\/posts\/10522\/revisions\/10529"}],"wp:featuredmedia":[{"embeddable":true,"href":"https:\/\/cinemahouse.cz\/index.php\/wp-json\/wp\/v2\/media\/10527"}],"wp:attachment":[{"href":"https:\/\/cinemahouse.cz\/index.php\/wp-json\/wp\/v2\/media?parent=10522"}],"wp:term":[{"taxonomy":"category","embeddable":true,"href":"https:\/\/cinemahouse.cz\/index.php\/wp-json\/wp\/v2\/categories?post=10522"},{"taxonomy":"post_tag","embeddable":true,"href":"https:\/\/cinemahouse.cz\/index.php\/wp-json\/wp\/v2\/tags?post=10522"}],"curies":[{"name":"wp","href":"https:\/\/api.w.org\/{rel}","templated":true}]}}