{"id":10268,"date":"2025-06-16T00:13:22","date_gmt":"2025-06-15T22:13:22","guid":{"rendered":"https:\/\/cinemahouse.cz\/?p=10268"},"modified":"2025-06-16T00:13:23","modified_gmt":"2025-06-15T22:13:23","slug":"legenda-oziva-premiera-noveho-jak-vycvicit-draka-vzbudila-nadseni-i-nostalgii-v-prazskem-kine-imax","status":"publish","type":"post","link":"https:\/\/cinemahouse.cz\/index.php\/2025\/06\/16\/legenda-oziva-premiera-noveho-jak-vycvicit-draka-vzbudila-nadseni-i-nostalgii-v-prazskem-kine-imax\/","title":{"rendered":"Legenda o\u017e\u00edv\u00e1: Premi\u00e9ra nov\u00e9ho Jak vycvi\u010dit draka vzbudila nad\u0161en\u00ed i nostalgii v pra\u017esk\u00e9m kin\u011b IMAX"},"content":{"rendered":"\n<div style=\"height:43px\" aria-hidden=\"true\" class=\"wp-block-spacer\"><\/div>\n\n\n\n<p class=\"has-medium-font-size\"><strong>Kouzeln\u00fd ve\u010der pln\u00fd emoc\u00ed, rodinn\u00e9 atmosf\u00e9ry a drak\u016f. Slavnostn\u00ed premi\u00e9ra o\u010dek\u00e1van\u00e9 hran\u00e9 verze obl\u00edben\u00e9ho animovan\u00e9ho filmu Jak vycvi\u010dit draka p\u0159ivedla do pra\u017esk\u00e9ho kina IMAX nejen filmov\u00e9 fanou\u0161ky, ale i des\u00edtky mal\u00fdch vikingsk\u00fdch hrdin\u016f. <\/strong><strong>Velk\u00e9 pl\u00e1tno<\/strong><strong> p\u0159eneslo n\u00e1v\u0161t\u011bvn\u00edky p\u0159\u00edmo do <\/strong><strong>fantasy<\/strong><strong>sv\u011bta <\/strong><strong>\u0160ky\u0165\u00e1ka a Bezzubky a c<\/strong><strong>el\u00fd ve\u010der se tak nesl v duchu dobrodru\u017estv\u00ed a p\u0159\u00e1telstv\u00ed mezi \u010dlov\u011bkem a drakem.<\/strong><\/p>\n\n\n\n<div style=\"height:43px\" aria-hidden=\"true\" class=\"wp-block-spacer\"><\/div>\n\n\n<div class=\"wp-block-image\">\n<figure class=\"aligncenter size-large\"><img decoding=\"async\" loading=\"lazy\" width=\"1024\" height=\"682\" src=\"https:\/\/cinemahouse.cz\/wp-content\/uploads\/2025\/06\/Aneta-Folberger-1024x682.jpg\" alt=\"Legenda o\u017e\u00edv\u00e1: Premi\u00e9ra nov\u00e9ho Jak vycvi\u010dit draka vzbudila nad\u0161en\u00ed i nostalgii v pra\u017esk\u00e9m kin\u011b IMAX\" class=\"wp-image-10277\" srcset=\"https:\/\/cinemahouse.cz\/wp-content\/uploads\/2025\/06\/Aneta-Folberger-1024x682.jpg 1024w, https:\/\/cinemahouse.cz\/wp-content\/uploads\/2025\/06\/Aneta-Folberger-300x200.jpg 300w, https:\/\/cinemahouse.cz\/wp-content\/uploads\/2025\/06\/Aneta-Folberger-768x511.jpg 768w, https:\/\/cinemahouse.cz\/wp-content\/uploads\/2025\/06\/Aneta-Folberger.jpg 1250w\" sizes=\"(max-width: 1024px) 100vw, 1024px\" \/><\/figure><\/div>\n\n\n<div style=\"height:43px\" aria-hidden=\"true\" class=\"wp-block-spacer\"><\/div>\n\n\n\n<p class=\"has-medium-font-size\">Slavnostn\u00ed premi\u00e9ra p\u0159il\u00e1kala \u0159adu zn\u00e1m\u00fdch tv\u00e1\u0159\u00ed z kulturn\u00edho i spole\u010densk\u00e9ho \u017eivota a n\u011bkte\u0159\u00ed z nich na premi\u00e9ru vyvedli sv\u00e9 poveden\u00e9 ratolesti. Mezi nimi byli obl\u00edben\u00fd moder\u00e1tor a investigativn\u00ed novin\u00e1\u0159 <strong>Jan Tuna<\/strong>, here\u010dka a influencerka <strong>Anna Kade\u0159\u00e1vkov\u00e1<\/strong>, nebo uzn\u00e1van\u00fd re\u017eis\u00e9r a herec <strong>Ji\u0159\u00ed Havelka<\/strong>, kter\u00fd dorazil se sv\u00fdm synem. Nechyb\u011bla ani zp\u011bva\u010dka <strong>Radka Fi\u0161arov\u00e1,<\/strong> kter\u00e1 p\u0159i\u0161la se synem Oskarem a jeho kamar\u00e1dkou, stejn\u011b tak i zp\u011bva\u010dka <strong>Mark\u00e9ta Proch\u00e1zkov\u00e1<\/strong> se sv\u00fdm synem. <\/p>\n\n\n\n<div style=\"height:43px\" aria-hidden=\"true\" class=\"wp-block-spacer\"><\/div>\n\n\n<div class=\"wp-block-image\">\n<figure class=\"aligncenter size-large\"><img decoding=\"async\" loading=\"lazy\" width=\"1024\" height=\"682\" src=\"https:\/\/cinemahouse.cz\/wp-content\/uploads\/2025\/06\/Marketa-Muzikarova-2-1024x682.jpg\" alt=\"Legenda o\u017e\u00edv\u00e1: Premi\u00e9ra nov\u00e9ho Jak vycvi\u010dit draka vzbudila nad\u0161en\u00ed i nostalgii v pra\u017esk\u00e9m kin\u011b IMAX\" class=\"wp-image-10276\" srcset=\"https:\/\/cinemahouse.cz\/wp-content\/uploads\/2025\/06\/Marketa-Muzikarova-2-1024x682.jpg 1024w, https:\/\/cinemahouse.cz\/wp-content\/uploads\/2025\/06\/Marketa-Muzikarova-2-300x200.jpg 300w, https:\/\/cinemahouse.cz\/wp-content\/uploads\/2025\/06\/Marketa-Muzikarova-2-768x512.jpg 768w, https:\/\/cinemahouse.cz\/wp-content\/uploads\/2025\/06\/Marketa-Muzikarova-2.jpg 1250w\" sizes=\"(max-width: 1024px) 100vw, 1024px\" \/><\/figure><\/div>\n\n\n<div style=\"height:43px\" aria-hidden=\"true\" class=\"wp-block-spacer\"><\/div>\n\n\n\n<p class=\"has-medium-font-size\">Dal\u0161\u00edmi zaj\u00edmav\u00fdmi hosty byly modelka <strong>Dominika Mes\u00e1ro\u0161ov\u00e1<\/strong>, kter\u00e1 p\u0159i\u0161la s mal\u00fdm Eli\u00e1nem, a houslistka <strong>Mark\u00e9ta Muzik\u00e1\u0159ov\u00e1<\/strong>, je\u017e byla obklopena skupinkou mal\u00fdch ratolest\u00ed. Po ozn\u00e1men\u00ed rozchodu se svou man\u017eelkou se ve spole\u010dnosti, po boku syna, uk\u00e1zal tak\u00e9 <strong>Robert Rosenberg<\/strong>. Na premi\u00e9\u0159e byl i dab\u00e9r hlavn\u00edho hrdiny filmu \u0160ky\u0165\u00e1ka <strong>Mat\u011bj Havelka <\/strong>s p\u0159\u00edtelkyn\u00ed. Se sv\u00fdmi dv\u011bma kluky dorazila tak\u00e9 influencerka a \u00fa\u010dastnice Survivora <strong>Aneta Folberger.<\/strong> Mezi dal\u0161\u00edmi \u00fa\u010dastn\u00edky premi\u00e9ry se objevili moder\u00e1torka <strong>Andrea Antony<\/strong>, zp\u011bva\u010dka <strong>Genny Ciatti,<\/strong> influencer <strong>Mat\u011bj Quitt<\/strong> nebo <strong>Radek Gabriel.<\/strong> Jejich p\u0159\u00edtomnost podtrhla slavnostn\u00ed r\u00e1z ve\u010dera a p\u0159isp\u011bla tak k v\u00fdjime\u010dn\u00e9 atmosf\u00e9\u0159e.<\/p>\n\n\n\n<div style=\"height:43px\" aria-hidden=\"true\" class=\"wp-block-spacer\"><\/div>\n\n\n<div class=\"wp-block-image\">\n<figure class=\"aligncenter size-large\"><img decoding=\"async\" loading=\"lazy\" width=\"1024\" height=\"682\" src=\"https:\/\/cinemahouse.cz\/wp-content\/uploads\/2025\/06\/Radka-Fisarova-1024x682.jpg\" alt=\"Legenda o\u017e\u00edv\u00e1: Premi\u00e9ra nov\u00e9ho Jak vycvi\u010dit draka vzbudila nad\u0161en\u00ed i nostalgii v pra\u017esk\u00e9m kin\u011b IMAX\" class=\"wp-image-10275\" srcset=\"https:\/\/cinemahouse.cz\/wp-content\/uploads\/2025\/06\/Radka-Fisarova-1024x682.jpg 1024w, https:\/\/cinemahouse.cz\/wp-content\/uploads\/2025\/06\/Radka-Fisarova-300x200.jpg 300w, https:\/\/cinemahouse.cz\/wp-content\/uploads\/2025\/06\/Radka-Fisarova-768x512.jpg 768w, https:\/\/cinemahouse.cz\/wp-content\/uploads\/2025\/06\/Radka-Fisarova.jpg 1250w\" sizes=\"(max-width: 1024px) 100vw, 1024px\" \/><\/figure><\/div>\n\n\n<div style=\"height:43px\" aria-hidden=\"true\" class=\"wp-block-spacer\"><\/div>\n\n\n\n<p class=\"has-medium-font-size\">Hran\u00e1 verze legend\u00e1rn\u00edho p\u0159\u00edb\u011bhu p\u0159in\u00e1\u0161\u00ed nov\u00e9 pojet\u00ed obl\u00edben\u00fdch postav, detailn\u00ed vizu\u00e1ln\u00ed efekty a dojemn\u00e9 momenty, kter\u00e9 oslov\u00ed jak fanou\u0161ky p\u016fvodn\u00ed trilogie, tak i \u00fapln\u011b nov\u00e9 div\u00e1ky. Film z\u016fst\u00e1v\u00e1 v\u011brn\u00fd emocion\u00e1ln\u00edmu j\u00e1dru origin\u00e1lu \u2013 p\u0159\u00e1telstv\u00ed, odvaze a porozum\u011bn\u00ed \u2013 a p\u0159id\u00e1v\u00e1 k tomu realistickou vizu\u00e1ln\u00ed pod\u00edvanou, jakou velk\u00e9 pl\u00e1tno je\u0161t\u011b neza\u017eilo.<\/p>\n\n\n\n<div style=\"height:43px\" aria-hidden=\"true\" class=\"wp-block-spacer\"><\/div>\n\n\n\n<figure class=\"wp-block-gallery has-nested-images columns-default is-cropped wp-block-gallery-1 is-layout-flex wp-block-gallery-is-layout-flex\">\n<figure class=\"wp-block-image size-large\"><img decoding=\"async\" loading=\"lazy\" width=\"625\" height=\"938\" data-id=\"10269\" src=\"https:\/\/cinemahouse.cz\/wp-content\/uploads\/2025\/06\/Andrea-Antony.jpg\" alt=\"Legenda o\u017e\u00edv\u00e1: Premi\u00e9ra nov\u00e9ho Jak vycvi\u010dit draka vzbudila nad\u0161en\u00ed i nostalgii v pra\u017esk\u00e9m kin\u011b IMAX\" class=\"wp-image-10269\" srcset=\"https:\/\/cinemahouse.cz\/wp-content\/uploads\/2025\/06\/Andrea-Antony.jpg 625w, https:\/\/cinemahouse.cz\/wp-content\/uploads\/2025\/06\/Andrea-Antony-200x300.jpg 200w\" sizes=\"(max-width: 625px) 100vw, 625px\" \/><\/figure>\n\n\n\n<figure class=\"wp-block-image size-large\"><img decoding=\"async\" loading=\"lazy\" width=\"625\" height=\"938\" data-id=\"10271\" src=\"https:\/\/cinemahouse.cz\/wp-content\/uploads\/2025\/06\/Genny-Ciatti.jpg\" alt=\"Legenda o\u017e\u00edv\u00e1: Premi\u00e9ra nov\u00e9ho Jak vycvi\u010dit draka vzbudila nad\u0161en\u00ed i nostalgii v pra\u017esk\u00e9m kin\u011b IMAX\" class=\"wp-image-10271\" srcset=\"https:\/\/cinemahouse.cz\/wp-content\/uploads\/2025\/06\/Genny-Ciatti.jpg 625w, https:\/\/cinemahouse.cz\/wp-content\/uploads\/2025\/06\/Genny-Ciatti-200x300.jpg 200w\" sizes=\"(max-width: 625px) 100vw, 625px\" \/><\/figure>\n<\/figure>\n\n\n\n<div style=\"height:43px\" aria-hidden=\"true\" class=\"wp-block-spacer\"><\/div>\n\n\n\n<p class=\"has-medium-font-size\">P\u0159i p\u0159\u00edle\u017eitosti premi\u00e9ry o\u010dek\u00e1van\u00e9ho filmu si Cinema City p\u0159ipravilo pro n\u00e1v\u0161t\u011bvn\u00edky n\u011bkolik sout\u011b\u017e\u00ed o atraktivn\u00ed ceny s dra\u010d\u00ed tematikou obl\u00edben\u00fdch hrdin\u016f. Multiplexy uv\u00e1d\u00ed filmnejen v klasick\u00e9m form\u00e1tu <strong>2D <\/strong>ale i ve speci\u00e1ln\u00edch form\u00e1tech, kter\u00e9 jsou <strong>4DX, IMAX<\/strong> a <strong>VIP<\/strong> <strong>Chodov<\/strong>. <\/p>\n\n\n\n<div style=\"height:43px\" aria-hidden=\"true\" class=\"wp-block-spacer\"><\/div>\n\n\n\n<figure class=\"wp-block-embed is-type-video is-provider-youtube wp-block-embed-youtube wp-embed-aspect-16-9 wp-has-aspect-ratio\"><div class=\"wp-block-embed__wrapper\">\n<div class=\"video-container\"><iframe loading=\"lazy\" title=\"JAK VYCVI\u010cIT DRAKA (2025) druh\u00fd ofici\u00e1ln\u00ed dabovan\u00fd trailer\" width=\"500\" height=\"281\" src=\"https:\/\/www.youtube.com\/embed\/qlaMgjHHTAk?feature=oembed&#038;wmode=opaque\" frameborder=\"0\" allow=\"accelerometer; autoplay; clipboard-write; encrypted-media; gyroscope; picture-in-picture; web-share\" referrerpolicy=\"strict-origin-when-cross-origin\" allowfullscreen><\/iframe><\/div>\n<\/div><\/figure>\n\n\n\n<div style=\"height:43px\" aria-hidden=\"true\" class=\"wp-block-spacer\"><\/div>\n\n\n\n<p class=\"has-medium-font-size\">Vstupenky a v\u00edce informac\u00ed naleznete na <strong><a href=\"http:\/\/www.cinemacity.cz\/\">www.cinemacity.cz<\/a> <\/strong>nebo v aplikaci <strong>Cinema City<\/strong>, kter\u00e1 je dostupn\u00e1 v App Storu i na Google Play.<\/p>\n\n\n\n<div style=\"height:101px\" aria-hidden=\"true\" class=\"wp-block-spacer\"><\/div>\n\n\n\n<figure class=\"wp-block-gallery has-nested-images columns-2 is-cropped wp-block-gallery-3 is-layout-flex wp-block-gallery-is-layout-flex\">\n<figure class=\"wp-block-image size-large\"><img decoding=\"async\" loading=\"lazy\" width=\"1024\" height=\"682\" data-id=\"10274\" src=\"https:\/\/cinemahouse.cz\/wp-content\/uploads\/2025\/06\/Anna-Kaderavkova-1024x682.jpg\" alt=\"Legenda o\u017e\u00edv\u00e1: Premi\u00e9ra nov\u00e9ho Jak vycvi\u010dit draka vzbudila nad\u0161en\u00ed i nostalgii v pra\u017esk\u00e9m kin\u011b IMAX\" class=\"wp-image-10274\" srcset=\"https:\/\/cinemahouse.cz\/wp-content\/uploads\/2025\/06\/Anna-Kaderavkova-1024x682.jpg 1024w, https:\/\/cinemahouse.cz\/wp-content\/uploads\/2025\/06\/Anna-Kaderavkova-300x200.jpg 300w, https:\/\/cinemahouse.cz\/wp-content\/uploads\/2025\/06\/Anna-Kaderavkova-768x512.jpg 768w, https:\/\/cinemahouse.cz\/wp-content\/uploads\/2025\/06\/Anna-Kaderavkova.jpg 1250w\" sizes=\"(max-width: 1024px) 100vw, 1024px\" \/><\/figure>\n\n\n\n<figure class=\"wp-block-image size-large\"><img decoding=\"async\" loading=\"lazy\" width=\"1024\" height=\"682\" data-id=\"10277\" src=\"https:\/\/cinemahouse.cz\/wp-content\/uploads\/2025\/06\/Aneta-Folberger-1024x682.jpg\" alt=\"Legenda o\u017e\u00edv\u00e1: Premi\u00e9ra nov\u00e9ho Jak vycvi\u010dit draka vzbudila nad\u0161en\u00ed i nostalgii v pra\u017esk\u00e9m kin\u011b IMAX\" class=\"wp-image-10277\" srcset=\"https:\/\/cinemahouse.cz\/wp-content\/uploads\/2025\/06\/Aneta-Folberger-1024x682.jpg 1024w, https:\/\/cinemahouse.cz\/wp-content\/uploads\/2025\/06\/Aneta-Folberger-300x200.jpg 300w, https:\/\/cinemahouse.cz\/wp-content\/uploads\/2025\/06\/Aneta-Folberger-768x511.jpg 768w, https:\/\/cinemahouse.cz\/wp-content\/uploads\/2025\/06\/Aneta-Folberger.jpg 1250w\" sizes=\"(max-width: 1024px) 100vw, 1024px\" \/><\/figure>\n\n\n\n<figure class=\"wp-block-image size-large\"><img decoding=\"async\" loading=\"lazy\" width=\"625\" height=\"938\" data-id=\"10269\" src=\"https:\/\/cinemahouse.cz\/wp-content\/uploads\/2025\/06\/Andrea-Antony.jpg\" alt=\"Legenda o\u017e\u00edv\u00e1: Premi\u00e9ra nov\u00e9ho Jak vycvi\u010dit draka vzbudila nad\u0161en\u00ed i nostalgii v pra\u017esk\u00e9m kin\u011b IMAX\" class=\"wp-image-10269\" srcset=\"https:\/\/cinemahouse.cz\/wp-content\/uploads\/2025\/06\/Andrea-Antony.jpg 625w, https:\/\/cinemahouse.cz\/wp-content\/uploads\/2025\/06\/Andrea-Antony-200x300.jpg 200w\" sizes=\"(max-width: 625px) 100vw, 625px\" \/><\/figure>\n\n\n\n<figure class=\"wp-block-image size-large\"><img decoding=\"async\" loading=\"lazy\" width=\"625\" height=\"938\" data-id=\"10271\" src=\"https:\/\/cinemahouse.cz\/wp-content\/uploads\/2025\/06\/Genny-Ciatti.jpg\" alt=\"Legenda o\u017e\u00edv\u00e1: Premi\u00e9ra nov\u00e9ho Jak vycvi\u010dit draka vzbudila nad\u0161en\u00ed i nostalgii v pra\u017esk\u00e9m kin\u011b IMAX\" class=\"wp-image-10271\" srcset=\"https:\/\/cinemahouse.cz\/wp-content\/uploads\/2025\/06\/Genny-Ciatti.jpg 625w, https:\/\/cinemahouse.cz\/wp-content\/uploads\/2025\/06\/Genny-Ciatti-200x300.jpg 200w\" sizes=\"(max-width: 625px) 100vw, 625px\" \/><\/figure>\n\n\n\n<figure class=\"wp-block-image size-large\"><img decoding=\"async\" loading=\"lazy\" width=\"625\" height=\"938\" data-id=\"10270\" src=\"https:\/\/cinemahouse.cz\/wp-content\/uploads\/2025\/06\/Jiri-Havelka.jpg\" alt=\"Legenda o\u017e\u00edv\u00e1: Premi\u00e9ra nov\u00e9ho Jak vycvi\u010dit draka vzbudila nad\u0161en\u00ed i nostalgii v pra\u017esk\u00e9m kin\u011b IMAX\" class=\"wp-image-10270\" srcset=\"https:\/\/cinemahouse.cz\/wp-content\/uploads\/2025\/06\/Jiri-Havelka.jpg 625w, https:\/\/cinemahouse.cz\/wp-content\/uploads\/2025\/06\/Jiri-Havelka-200x300.jpg 200w\" sizes=\"(max-width: 625px) 100vw, 625px\" \/><\/figure>\n\n\n\n<figure class=\"wp-block-image size-large\"><img decoding=\"async\" loading=\"lazy\" width=\"1024\" height=\"682\" data-id=\"10276\" src=\"https:\/\/cinemahouse.cz\/wp-content\/uploads\/2025\/06\/Marketa-Muzikarova-2-1024x682.jpg\" alt=\"Legenda o\u017e\u00edv\u00e1: Premi\u00e9ra nov\u00e9ho Jak vycvi\u010dit draka vzbudila nad\u0161en\u00ed i nostalgii v pra\u017esk\u00e9m kin\u011b IMAX\" class=\"wp-image-10276\" srcset=\"https:\/\/cinemahouse.cz\/wp-content\/uploads\/2025\/06\/Marketa-Muzikarova-2-1024x682.jpg 1024w, https:\/\/cinemahouse.cz\/wp-content\/uploads\/2025\/06\/Marketa-Muzikarova-2-300x200.jpg 300w, https:\/\/cinemahouse.cz\/wp-content\/uploads\/2025\/06\/Marketa-Muzikarova-2-768x512.jpg 768w, https:\/\/cinemahouse.cz\/wp-content\/uploads\/2025\/06\/Marketa-Muzikarova-2.jpg 1250w\" sizes=\"(max-width: 1024px) 100vw, 1024px\" \/><\/figure>\n\n\n\n<figure class=\"wp-block-image size-large\"><img decoding=\"async\" loading=\"lazy\" width=\"1024\" height=\"682\" data-id=\"10275\" src=\"https:\/\/cinemahouse.cz\/wp-content\/uploads\/2025\/06\/Radka-Fisarova-1024x682.jpg\" alt=\"Legenda o\u017e\u00edv\u00e1: Premi\u00e9ra nov\u00e9ho Jak vycvi\u010dit draka vzbudila nad\u0161en\u00ed i nostalgii v pra\u017esk\u00e9m kin\u011b IMAX\" class=\"wp-image-10275\" srcset=\"https:\/\/cinemahouse.cz\/wp-content\/uploads\/2025\/06\/Radka-Fisarova-1024x682.jpg 1024w, https:\/\/cinemahouse.cz\/wp-content\/uploads\/2025\/06\/Radka-Fisarova-300x200.jpg 300w, https:\/\/cinemahouse.cz\/wp-content\/uploads\/2025\/06\/Radka-Fisarova-768x512.jpg 768w, https:\/\/cinemahouse.cz\/wp-content\/uploads\/2025\/06\/Radka-Fisarova.jpg 1250w\" sizes=\"(max-width: 1024px) 100vw, 1024px\" \/><\/figure>\n\n\n\n<figure class=\"wp-block-image size-large\"><img decoding=\"async\" loading=\"lazy\" width=\"1024\" height=\"682\" data-id=\"10279\" src=\"https:\/\/cinemahouse.cz\/wp-content\/uploads\/2025\/06\/Robert-Rosenberg-1024x682.jpg\" alt=\"Legenda o\u017e\u00edv\u00e1: Premi\u00e9ra nov\u00e9ho Jak vycvi\u010dit draka vzbudila nad\u0161en\u00ed i nostalgii v pra\u017esk\u00e9m kin\u011b IMAX\" class=\"wp-image-10279\" srcset=\"https:\/\/cinemahouse.cz\/wp-content\/uploads\/2025\/06\/Robert-Rosenberg-1024x682.jpg 1024w, https:\/\/cinemahouse.cz\/wp-content\/uploads\/2025\/06\/Robert-Rosenberg-300x200.jpg 300w, https:\/\/cinemahouse.cz\/wp-content\/uploads\/2025\/06\/Robert-Rosenberg-768x512.jpg 768w, https:\/\/cinemahouse.cz\/wp-content\/uploads\/2025\/06\/Robert-Rosenberg.jpg 1250w\" sizes=\"(max-width: 1024px) 100vw, 1024px\" \/><\/figure>\n\n\n\n<figure class=\"wp-block-image size-large\"><img decoding=\"async\" loading=\"lazy\" width=\"625\" height=\"938\" data-id=\"10272\" src=\"https:\/\/cinemahouse.cz\/wp-content\/uploads\/2025\/06\/Marketa-Muzikarova.jpg\" alt=\"Legenda o\u017e\u00edv\u00e1: Premi\u00e9ra nov\u00e9ho Jak vycvi\u010dit draka vzbudila nad\u0161en\u00ed i nostalgii v pra\u017esk\u00e9m kin\u011b IMAX\" class=\"wp-image-10272\" srcset=\"https:\/\/cinemahouse.cz\/wp-content\/uploads\/2025\/06\/Marketa-Muzikarova.jpg 625w, https:\/\/cinemahouse.cz\/wp-content\/uploads\/2025\/06\/Marketa-Muzikarova-200x300.jpg 200w\" sizes=\"(max-width: 625px) 100vw, 625px\" \/><\/figure>\n\n\n\n<figure class=\"wp-block-image size-large\"><img decoding=\"async\" loading=\"lazy\" width=\"1024\" height=\"682\" data-id=\"10273\" src=\"https:\/\/cinemahouse.cz\/wp-content\/uploads\/2025\/06\/Jan-Tuna-1024x682.jpg\" alt=\"Legenda o\u017e\u00edv\u00e1: Premi\u00e9ra nov\u00e9ho Jak vycvi\u010dit draka vzbudila nad\u0161en\u00ed i nostalgii v pra\u017esk\u00e9m kin\u011b IMAX\" class=\"wp-image-10273\" srcset=\"https:\/\/cinemahouse.cz\/wp-content\/uploads\/2025\/06\/Jan-Tuna-1024x682.jpg 1024w, https:\/\/cinemahouse.cz\/wp-content\/uploads\/2025\/06\/Jan-Tuna-300x200.jpg 300w, https:\/\/cinemahouse.cz\/wp-content\/uploads\/2025\/06\/Jan-Tuna-768x512.jpg 768w, https:\/\/cinemahouse.cz\/wp-content\/uploads\/2025\/06\/Jan-Tuna.jpg 1250w\" sizes=\"(max-width: 1024px) 100vw, 1024px\" \/><\/figure>\n\n\n\n<figure class=\"wp-block-image size-large\"><img decoding=\"async\" loading=\"lazy\" width=\"1024\" height=\"682\" data-id=\"10278\" src=\"https:\/\/cinemahouse.cz\/wp-content\/uploads\/2025\/06\/Matej-Havelka-1024x682.jpg\" alt=\"Legenda o\u017e\u00edv\u00e1: Premi\u00e9ra nov\u00e9ho Jak vycvi\u010dit draka vzbudila nad\u0161en\u00ed i nostalgii v pra\u017esk\u00e9m kin\u011b IMAX\" class=\"wp-image-10278\" srcset=\"https:\/\/cinemahouse.cz\/wp-content\/uploads\/2025\/06\/Matej-Havelka-1024x682.jpg 1024w, https:\/\/cinemahouse.cz\/wp-content\/uploads\/2025\/06\/Matej-Havelka-300x200.jpg 300w, https:\/\/cinemahouse.cz\/wp-content\/uploads\/2025\/06\/Matej-Havelka-768x512.jpg 768w, https:\/\/cinemahouse.cz\/wp-content\/uploads\/2025\/06\/Matej-Havelka.jpg 1250w\" sizes=\"(max-width: 1024px) 100vw, 1024px\" \/><\/figure>\n<\/figure>\n\n\n\n<div style=\"height:33px\" aria-hidden=\"true\" class=\"wp-block-spacer\"><\/div>\n\n\n\n<p><strong>Zdroj foto: <\/strong>CINEMA CITY<\/p>\n\n\n\n<div style=\"height:68px\" aria-hidden=\"true\" class=\"wp-block-spacer\"><\/div>\n","protected":false},"excerpt":{"rendered":"<p>Kouzeln\u00fd ve\u010der pln\u00fd emoc\u00ed, rodinn\u00e9 atmosf\u00e9ry a drak\u016f. Slavnostn\u00ed premi\u00e9ra o\u010dek\u00e1van\u00e9 hran\u00e9 verze obl\u00edben\u00e9ho animovan\u00e9ho filmu Jak vycvi\u010dit draka p\u0159ivedla do pra\u017esk\u00e9ho kina IMAX nejen filmov\u00e9 fanou\u0161ky, ale i des\u00edtky mal\u00fdch vikingsk\u00fdch hrdin\u016f. Velk\u00e9&#46;&#46;&#46;<\/p>\n","protected":false},"author":10,"featured_media":10274,"comment_status":"closed","ping_status":"closed","sticky":false,"template":"","format":"standard","meta":{"_monsterinsights_skip_tracking":false,"_monsterinsights_sitenote_active":false,"_monsterinsights_sitenote_note":"","_monsterinsights_sitenote_category":0,"footnotes":""},"categories":[3,8,2,13,5],"tags":[],"yoast_head":"<!-- This site is optimized with the Yoast SEO plugin v21.4 - https:\/\/yoast.com\/wordpress\/plugins\/seo\/ -->\n<title>Legenda o\u017e\u00edv\u00e1: Premi\u00e9ra nov\u00e9ho Jak vycvi\u010dit draka vzbudila nad\u0161en\u00ed i nostalgii v pra\u017esk\u00e9m kin\u011b IMAX - CINEMAHOUSE.cz<\/title>\n<meta name=\"description\" content=\"Slavnostn\u00ed premi\u00e9ra o\u010dek\u00e1van\u00e9 hran\u00e9 verze obl\u00edben\u00e9ho animovan\u00e9ho filmu Jak vycvi\u010dit draka p\u0159ivedla do pra\u017esk\u00e9ho kina IMAX...\" \/>\n<meta name=\"robots\" content=\"index, follow, max-snippet:-1, max-image-preview:large, max-video-preview:-1\" \/>\n<link rel=\"canonical\" href=\"https:\/\/cinemahouse.cz\/index.php\/2025\/06\/16\/legenda-oziva-premiera-noveho-jak-vycvicit-draka-vzbudila-nadseni-i-nostalgii-v-prazskem-kine-imax\/\" \/>\n<meta property=\"og:locale\" content=\"cs_CZ\" \/>\n<meta property=\"og:type\" content=\"article\" \/>\n<meta property=\"og:title\" content=\"Legenda o\u017e\u00edv\u00e1: Premi\u00e9ra nov\u00e9ho Jak vycvi\u010dit draka vzbudila nad\u0161en\u00ed i nostalgii v pra\u017esk\u00e9m kin\u011b IMAX - CINEMAHOUSE.cz\" \/>\n<meta property=\"og:description\" content=\"Slavnostn\u00ed premi\u00e9ra o\u010dek\u00e1van\u00e9 hran\u00e9 verze obl\u00edben\u00e9ho animovan\u00e9ho filmu Jak vycvi\u010dit draka p\u0159ivedla do pra\u017esk\u00e9ho kina IMAX...\" \/>\n<meta property=\"og:url\" content=\"https:\/\/cinemahouse.cz\/index.php\/2025\/06\/16\/legenda-oziva-premiera-noveho-jak-vycvicit-draka-vzbudila-nadseni-i-nostalgii-v-prazskem-kine-imax\/\" \/>\n<meta property=\"og:site_name\" content=\"CINEMAHOUSE.cz\" \/>\n<meta property=\"article:published_time\" content=\"2025-06-15T22:13:22+00:00\" \/>\n<meta property=\"article:modified_time\" content=\"2025-06-15T22:13:23+00:00\" \/>\n<meta property=\"og:image\" content=\"https:\/\/cinemahouse.cz\/wp-content\/uploads\/2025\/06\/Anna-Kaderavkova.jpg\" \/>\n\t<meta property=\"og:image:width\" content=\"1250\" \/>\n\t<meta property=\"og:image:height\" content=\"833\" \/>\n\t<meta property=\"og:image:type\" content=\"image\/jpeg\" \/>\n<meta name=\"author\" content=\"Jan \u0160m\u00edd\" \/>\n<meta name=\"twitter:card\" content=\"summary_large_image\" \/>\n<meta name=\"twitter:label1\" content=\"Napsal(a)\" \/>\n\t<meta name=\"twitter:data1\" content=\"Jan \u0160m\u00edd\" \/>\n\t<meta name=\"twitter:label2\" content=\"Odhadovan\u00e1 doba \u010dten\u00ed\" \/>\n\t<meta name=\"twitter:data2\" content=\"6 minut\" \/>\n<script type=\"application\/ld+json\" class=\"yoast-schema-graph\">{\"@context\":\"https:\/\/schema.org\",\"@graph\":[{\"@type\":\"Article\",\"@id\":\"https:\/\/cinemahouse.cz\/index.php\/2025\/06\/16\/legenda-oziva-premiera-noveho-jak-vycvicit-draka-vzbudila-nadseni-i-nostalgii-v-prazskem-kine-imax\/#article\",\"isPartOf\":{\"@id\":\"https:\/\/cinemahouse.cz\/index.php\/2025\/06\/16\/legenda-oziva-premiera-noveho-jak-vycvicit-draka-vzbudila-nadseni-i-nostalgii-v-prazskem-kine-imax\/\"},\"author\":{\"name\":\"Jan \u0160m\u00edd\",\"@id\":\"https:\/\/cinemahouse.cz\/#\/schema\/person\/05ac30059dd3ababa82156c9ee23f0eb\"},\"headline\":\"Legenda o\u017e\u00edv\u00e1: Premi\u00e9ra nov\u00e9ho Jak vycvi\u010dit draka vzbudila nad\u0161en\u00ed i nostalgii v pra\u017esk\u00e9m kin\u011b IMAX\",\"datePublished\":\"2025-06-15T22:13:22+00:00\",\"dateModified\":\"2025-06-15T22:13:23+00:00\",\"mainEntityOfPage\":{\"@id\":\"https:\/\/cinemahouse.cz\/index.php\/2025\/06\/16\/legenda-oziva-premiera-noveho-jak-vycvicit-draka-vzbudila-nadseni-i-nostalgii-v-prazskem-kine-imax\/\"},\"wordCount\":512,\"publisher\":{\"@id\":\"https:\/\/cinemahouse.cz\/#organization\"},\"articleSection\":[\"FILMOV\u00c9 NOVINKY\",\"FOTOREPORTY\",\"NEWS\",\"TIPY a TRENDY\",\"TRAILERY\"],\"inLanguage\":\"cs\"},{\"@type\":\"WebPage\",\"@id\":\"https:\/\/cinemahouse.cz\/index.php\/2025\/06\/16\/legenda-oziva-premiera-noveho-jak-vycvicit-draka-vzbudila-nadseni-i-nostalgii-v-prazskem-kine-imax\/\",\"url\":\"https:\/\/cinemahouse.cz\/index.php\/2025\/06\/16\/legenda-oziva-premiera-noveho-jak-vycvicit-draka-vzbudila-nadseni-i-nostalgii-v-prazskem-kine-imax\/\",\"name\":\"Legenda o\u017e\u00edv\u00e1: Premi\u00e9ra nov\u00e9ho Jak vycvi\u010dit draka vzbudila nad\u0161en\u00ed i nostalgii v pra\u017esk\u00e9m kin\u011b IMAX - CINEMAHOUSE.cz\",\"isPartOf\":{\"@id\":\"https:\/\/cinemahouse.cz\/#website\"},\"datePublished\":\"2025-06-15T22:13:22+00:00\",\"dateModified\":\"2025-06-15T22:13:23+00:00\",\"description\":\"Slavnostn\u00ed premi\u00e9ra o\u010dek\u00e1van\u00e9 hran\u00e9 verze obl\u00edben\u00e9ho animovan\u00e9ho filmu Jak vycvi\u010dit draka p\u0159ivedla do pra\u017esk\u00e9ho kina IMAX...\",\"breadcrumb\":{\"@id\":\"https:\/\/cinemahouse.cz\/index.php\/2025\/06\/16\/legenda-oziva-premiera-noveho-jak-vycvicit-draka-vzbudila-nadseni-i-nostalgii-v-prazskem-kine-imax\/#breadcrumb\"},\"inLanguage\":\"cs\",\"potentialAction\":[{\"@type\":\"ReadAction\",\"target\":[\"https:\/\/cinemahouse.cz\/index.php\/2025\/06\/16\/legenda-oziva-premiera-noveho-jak-vycvicit-draka-vzbudila-nadseni-i-nostalgii-v-prazskem-kine-imax\/\"]}]},{\"@type\":\"BreadcrumbList\",\"@id\":\"https:\/\/cinemahouse.cz\/index.php\/2025\/06\/16\/legenda-oziva-premiera-noveho-jak-vycvicit-draka-vzbudila-nadseni-i-nostalgii-v-prazskem-kine-imax\/#breadcrumb\",\"itemListElement\":[{\"@type\":\"ListItem\",\"position\":1,\"name\":\"Dom\u016f\",\"item\":\"https:\/\/cinemahouse.cz\/\"},{\"@type\":\"ListItem\",\"position\":2,\"name\":\"Legenda o\u017e\u00edv\u00e1: Premi\u00e9ra nov\u00e9ho Jak vycvi\u010dit draka vzbudila nad\u0161en\u00ed i nostalgii v pra\u017esk\u00e9m kin\u011b IMAX\"}]},{\"@type\":\"WebSite\",\"@id\":\"https:\/\/cinemahouse.cz\/#website\",\"url\":\"https:\/\/cinemahouse.cz\/\",\"name\":\"CINEMAHOUSE.cz\",\"description\":\"Port\u00e1l o filmov\u00fdch novink\u00e1ch\",\"publisher\":{\"@id\":\"https:\/\/cinemahouse.cz\/#organization\"},\"potentialAction\":[{\"@type\":\"SearchAction\",\"target\":{\"@type\":\"EntryPoint\",\"urlTemplate\":\"https:\/\/cinemahouse.cz\/?s={search_term_string}\"},\"query-input\":\"required name=search_term_string\"}],\"inLanguage\":\"cs\"},{\"@type\":\"Organization\",\"@id\":\"https:\/\/cinemahouse.cz\/#organization\",\"name\":\"CINEMAHOUSE.cz\",\"url\":\"https:\/\/cinemahouse.cz\/\",\"logo\":{\"@type\":\"ImageObject\",\"inLanguage\":\"cs\",\"@id\":\"https:\/\/cinemahouse.cz\/#\/schema\/logo\/image\/\",\"url\":\"https:\/\/cinemahouse.cz\/wp-content\/uploads\/2024\/12\/cropped-Logo_CinemaHouse.jpg\",\"contentUrl\":\"https:\/\/cinemahouse.cz\/wp-content\/uploads\/2024\/12\/cropped-Logo_CinemaHouse.jpg\",\"width\":926,\"height\":467,\"caption\":\"CINEMAHOUSE.cz\"},\"image\":{\"@id\":\"https:\/\/cinemahouse.cz\/#\/schema\/logo\/image\/\"}},{\"@type\":\"Person\",\"@id\":\"https:\/\/cinemahouse.cz\/#\/schema\/person\/05ac30059dd3ababa82156c9ee23f0eb\",\"name\":\"Jan \u0160m\u00edd\",\"image\":{\"@type\":\"ImageObject\",\"inLanguage\":\"cs\",\"@id\":\"https:\/\/cinemahouse.cz\/#\/schema\/person\/image\/\",\"url\":\"https:\/\/secure.gravatar.com\/avatar\/70f8b575525c369952d0b7a7cdfa779b?s=96&d=mm&r=g\",\"contentUrl\":\"https:\/\/secure.gravatar.com\/avatar\/70f8b575525c369952d0b7a7cdfa779b?s=96&d=mm&r=g\",\"caption\":\"Jan \u0160m\u00edd\"},\"sameAs\":[\"http:\/\/CINEMAHOUSE.cz\"],\"url\":\"https:\/\/cinemahouse.cz\/index.php\/author\/sjan\/\"}]}<\/script>\n<!-- \/ Yoast SEO plugin. -->","yoast_head_json":{"title":"Legenda o\u017e\u00edv\u00e1: Premi\u00e9ra nov\u00e9ho Jak vycvi\u010dit draka vzbudila nad\u0161en\u00ed i nostalgii v pra\u017esk\u00e9m kin\u011b IMAX - CINEMAHOUSE.cz","description":"Slavnostn\u00ed premi\u00e9ra o\u010dek\u00e1van\u00e9 hran\u00e9 verze obl\u00edben\u00e9ho animovan\u00e9ho filmu Jak vycvi\u010dit draka p\u0159ivedla do pra\u017esk\u00e9ho kina IMAX...","robots":{"index":"index","follow":"follow","max-snippet":"max-snippet:-1","max-image-preview":"max-image-preview:large","max-video-preview":"max-video-preview:-1"},"canonical":"https:\/\/cinemahouse.cz\/index.php\/2025\/06\/16\/legenda-oziva-premiera-noveho-jak-vycvicit-draka-vzbudila-nadseni-i-nostalgii-v-prazskem-kine-imax\/","og_locale":"cs_CZ","og_type":"article","og_title":"Legenda o\u017e\u00edv\u00e1: Premi\u00e9ra nov\u00e9ho Jak vycvi\u010dit draka vzbudila nad\u0161en\u00ed i nostalgii v pra\u017esk\u00e9m kin\u011b IMAX - CINEMAHOUSE.cz","og_description":"Slavnostn\u00ed premi\u00e9ra o\u010dek\u00e1van\u00e9 hran\u00e9 verze obl\u00edben\u00e9ho animovan\u00e9ho filmu Jak vycvi\u010dit draka p\u0159ivedla do pra\u017esk\u00e9ho kina IMAX...","og_url":"https:\/\/cinemahouse.cz\/index.php\/2025\/06\/16\/legenda-oziva-premiera-noveho-jak-vycvicit-draka-vzbudila-nadseni-i-nostalgii-v-prazskem-kine-imax\/","og_site_name":"CINEMAHOUSE.cz","article_published_time":"2025-06-15T22:13:22+00:00","article_modified_time":"2025-06-15T22:13:23+00:00","og_image":[{"width":1250,"height":833,"url":"https:\/\/cinemahouse.cz\/wp-content\/uploads\/2025\/06\/Anna-Kaderavkova.jpg","type":"image\/jpeg"}],"author":"Jan \u0160m\u00edd","twitter_card":"summary_large_image","twitter_misc":{"Napsal(a)":"Jan \u0160m\u00edd","Odhadovan\u00e1 doba \u010dten\u00ed":"6 minut"},"schema":{"@context":"https:\/\/schema.org","@graph":[{"@type":"Article","@id":"https:\/\/cinemahouse.cz\/index.php\/2025\/06\/16\/legenda-oziva-premiera-noveho-jak-vycvicit-draka-vzbudila-nadseni-i-nostalgii-v-prazskem-kine-imax\/#article","isPartOf":{"@id":"https:\/\/cinemahouse.cz\/index.php\/2025\/06\/16\/legenda-oziva-premiera-noveho-jak-vycvicit-draka-vzbudila-nadseni-i-nostalgii-v-prazskem-kine-imax\/"},"author":{"name":"Jan \u0160m\u00edd","@id":"https:\/\/cinemahouse.cz\/#\/schema\/person\/05ac30059dd3ababa82156c9ee23f0eb"},"headline":"Legenda o\u017e\u00edv\u00e1: Premi\u00e9ra nov\u00e9ho Jak vycvi\u010dit draka vzbudila nad\u0161en\u00ed i nostalgii v pra\u017esk\u00e9m kin\u011b IMAX","datePublished":"2025-06-15T22:13:22+00:00","dateModified":"2025-06-15T22:13:23+00:00","mainEntityOfPage":{"@id":"https:\/\/cinemahouse.cz\/index.php\/2025\/06\/16\/legenda-oziva-premiera-noveho-jak-vycvicit-draka-vzbudila-nadseni-i-nostalgii-v-prazskem-kine-imax\/"},"wordCount":512,"publisher":{"@id":"https:\/\/cinemahouse.cz\/#organization"},"articleSection":["FILMOV\u00c9 NOVINKY","FOTOREPORTY","NEWS","TIPY a TRENDY","TRAILERY"],"inLanguage":"cs"},{"@type":"WebPage","@id":"https:\/\/cinemahouse.cz\/index.php\/2025\/06\/16\/legenda-oziva-premiera-noveho-jak-vycvicit-draka-vzbudila-nadseni-i-nostalgii-v-prazskem-kine-imax\/","url":"https:\/\/cinemahouse.cz\/index.php\/2025\/06\/16\/legenda-oziva-premiera-noveho-jak-vycvicit-draka-vzbudila-nadseni-i-nostalgii-v-prazskem-kine-imax\/","name":"Legenda o\u017e\u00edv\u00e1: Premi\u00e9ra nov\u00e9ho Jak vycvi\u010dit draka vzbudila nad\u0161en\u00ed i nostalgii v pra\u017esk\u00e9m kin\u011b IMAX - CINEMAHOUSE.cz","isPartOf":{"@id":"https:\/\/cinemahouse.cz\/#website"},"datePublished":"2025-06-15T22:13:22+00:00","dateModified":"2025-06-15T22:13:23+00:00","description":"Slavnostn\u00ed premi\u00e9ra o\u010dek\u00e1van\u00e9 hran\u00e9 verze obl\u00edben\u00e9ho animovan\u00e9ho filmu Jak vycvi\u010dit draka p\u0159ivedla do pra\u017esk\u00e9ho kina IMAX...","breadcrumb":{"@id":"https:\/\/cinemahouse.cz\/index.php\/2025\/06\/16\/legenda-oziva-premiera-noveho-jak-vycvicit-draka-vzbudila-nadseni-i-nostalgii-v-prazskem-kine-imax\/#breadcrumb"},"inLanguage":"cs","potentialAction":[{"@type":"ReadAction","target":["https:\/\/cinemahouse.cz\/index.php\/2025\/06\/16\/legenda-oziva-premiera-noveho-jak-vycvicit-draka-vzbudila-nadseni-i-nostalgii-v-prazskem-kine-imax\/"]}]},{"@type":"BreadcrumbList","@id":"https:\/\/cinemahouse.cz\/index.php\/2025\/06\/16\/legenda-oziva-premiera-noveho-jak-vycvicit-draka-vzbudila-nadseni-i-nostalgii-v-prazskem-kine-imax\/#breadcrumb","itemListElement":[{"@type":"ListItem","position":1,"name":"Dom\u016f","item":"https:\/\/cinemahouse.cz\/"},{"@type":"ListItem","position":2,"name":"Legenda o\u017e\u00edv\u00e1: Premi\u00e9ra nov\u00e9ho Jak vycvi\u010dit draka vzbudila nad\u0161en\u00ed i nostalgii v pra\u017esk\u00e9m kin\u011b IMAX"}]},{"@type":"WebSite","@id":"https:\/\/cinemahouse.cz\/#website","url":"https:\/\/cinemahouse.cz\/","name":"CINEMAHOUSE.cz","description":"Port\u00e1l o filmov\u00fdch novink\u00e1ch","publisher":{"@id":"https:\/\/cinemahouse.cz\/#organization"},"potentialAction":[{"@type":"SearchAction","target":{"@type":"EntryPoint","urlTemplate":"https:\/\/cinemahouse.cz\/?s={search_term_string}"},"query-input":"required name=search_term_string"}],"inLanguage":"cs"},{"@type":"Organization","@id":"https:\/\/cinemahouse.cz\/#organization","name":"CINEMAHOUSE.cz","url":"https:\/\/cinemahouse.cz\/","logo":{"@type":"ImageObject","inLanguage":"cs","@id":"https:\/\/cinemahouse.cz\/#\/schema\/logo\/image\/","url":"https:\/\/cinemahouse.cz\/wp-content\/uploads\/2024\/12\/cropped-Logo_CinemaHouse.jpg","contentUrl":"https:\/\/cinemahouse.cz\/wp-content\/uploads\/2024\/12\/cropped-Logo_CinemaHouse.jpg","width":926,"height":467,"caption":"CINEMAHOUSE.cz"},"image":{"@id":"https:\/\/cinemahouse.cz\/#\/schema\/logo\/image\/"}},{"@type":"Person","@id":"https:\/\/cinemahouse.cz\/#\/schema\/person\/05ac30059dd3ababa82156c9ee23f0eb","name":"Jan \u0160m\u00edd","image":{"@type":"ImageObject","inLanguage":"cs","@id":"https:\/\/cinemahouse.cz\/#\/schema\/person\/image\/","url":"https:\/\/secure.gravatar.com\/avatar\/70f8b575525c369952d0b7a7cdfa779b?s=96&d=mm&r=g","contentUrl":"https:\/\/secure.gravatar.com\/avatar\/70f8b575525c369952d0b7a7cdfa779b?s=96&d=mm&r=g","caption":"Jan \u0160m\u00edd"},"sameAs":["http:\/\/CINEMAHOUSE.cz"],"url":"https:\/\/cinemahouse.cz\/index.php\/author\/sjan\/"}]}},"_links":{"self":[{"href":"https:\/\/cinemahouse.cz\/index.php\/wp-json\/wp\/v2\/posts\/10268"}],"collection":[{"href":"https:\/\/cinemahouse.cz\/index.php\/wp-json\/wp\/v2\/posts"}],"about":[{"href":"https:\/\/cinemahouse.cz\/index.php\/wp-json\/wp\/v2\/types\/post"}],"author":[{"embeddable":true,"href":"https:\/\/cinemahouse.cz\/index.php\/wp-json\/wp\/v2\/users\/10"}],"replies":[{"embeddable":true,"href":"https:\/\/cinemahouse.cz\/index.php\/wp-json\/wp\/v2\/comments?post=10268"}],"version-history":[{"count":1,"href":"https:\/\/cinemahouse.cz\/index.php\/wp-json\/wp\/v2\/posts\/10268\/revisions"}],"predecessor-version":[{"id":10280,"href":"https:\/\/cinemahouse.cz\/index.php\/wp-json\/wp\/v2\/posts\/10268\/revisions\/10280"}],"wp:featuredmedia":[{"embeddable":true,"href":"https:\/\/cinemahouse.cz\/index.php\/wp-json\/wp\/v2\/media\/10274"}],"wp:attachment":[{"href":"https:\/\/cinemahouse.cz\/index.php\/wp-json\/wp\/v2\/media?parent=10268"}],"wp:term":[{"taxonomy":"category","embeddable":true,"href":"https:\/\/cinemahouse.cz\/index.php\/wp-json\/wp\/v2\/categories?post=10268"},{"taxonomy":"post_tag","embeddable":true,"href":"https:\/\/cinemahouse.cz\/index.php\/wp-json\/wp\/v2\/tags?post=10268"}],"curies":[{"name":"wp","href":"https:\/\/api.w.org\/{rel}","templated":true}]}}